{"id":94583,"date":"2018-04-25T14:46:16","date_gmt":"2018-04-25T14:46:16","guid":{"rendered":"http:\/\/candas365.es\/noticias\/?p=94583"},"modified":"2018-04-25T14:46:16","modified_gmt":"2018-04-25T14:46:16","slug":"la-39-selmana-de-les-lletres-asturianes-arranca-en-carreno","status":"publish","type":"post","link":"https:\/\/candas365.es\/noticias\/la-39-selmana-de-les-lletres-asturianes-arranca-en-carreno\/","title":{"rendered":"La 39 Selmana de Les Lletres Asturianes arranca en Carre\u00f1o"},"content":{"rendered":"<p><img fetchpriority=\"high\" decoding=\"async\" class=\"alignleft size-medium wp-image-94584\" src=\"https:\/\/candas365.es\/noticias\/wp-content\/uploads\/2018\/04\/Interior-de-la-escuela-360x270.jpg\" alt=\"\" width=\"360\" height=\"270\" srcset=\"https:\/\/candas365.es\/noticias\/wp-content\/uploads\/2018\/04\/Interior-de-la-escuela-360x270.jpg 360w, https:\/\/candas365.es\/noticias\/wp-content\/uploads\/2018\/04\/Interior-de-la-escuela-768x576.jpg 768w, https:\/\/candas365.es\/noticias\/wp-content\/uploads\/2018\/04\/Interior-de-la-escuela-640x480.jpg 640w, https:\/\/candas365.es\/noticias\/wp-content\/uploads\/2018\/04\/Interior-de-la-escuela-80x60.jpg 80w, https:\/\/candas365.es\/noticias\/wp-content\/uploads\/2018\/04\/Interior-de-la-escuela-265x198.jpg 265w, https:\/\/candas365.es\/noticias\/wp-content\/uploads\/2018\/04\/Interior-de-la-escuela-696x522.jpg 696w, https:\/\/candas365.es\/noticias\/wp-content\/uploads\/2018\/04\/Interior-de-la-escuela-1068x801.jpg 1068w, https:\/\/candas365.es\/noticias\/wp-content\/uploads\/2018\/04\/Interior-de-la-escuela-560x420.jpg 560w, https:\/\/candas365.es\/noticias\/wp-content\/uploads\/2018\/04\/Interior-de-la-escuela.jpg 1600w\" sizes=\"(max-width: 360px) 100vw, 360px\" \/>La parroquia de LLorgozana acoger\u00e1, este viernes 27 de abril a las 7:00 h la I Alborada Po\u00e9tica de les LLetres Astuianes. Alba que supondr\u00e1 el acto inaugural con el que se abrir\u00e1 la 39 \u201cSelmana de Les Lletres\u201d en el Principado de Asturias.<\/p>\n<p>\u201cEste acto matinal est\u00e1 enmarcado en el programa cultural \u201cCarre\u00f1u, \u00f1eru de la pluma n\u2019asturianu\u201d. Este es un proyecto impulsado por el consistorio Carre\u00f1ense entorno a de la figura de Ant\u00f3n de Marirreguera que tiene como objetivo la puesta en valor de la poes\u00eda y lengua asturiana a trav\u00e9s del poeta carre\u00f1ense, pr\u00edncipe de los poetas en asturiano y autor de la primera obra conservada en la Llingua. Esta iniciativa cultural local se ha ido materializando, con diversas actividades culturales en diferentes puntos de Carre\u00f1o, a lo largo de este primer cuatrimestre de este a\u00f1o. En \u00e9l han estado muy implicados la Consejer\u00eda de Educaci\u00f3n y Cultura del Gobierno del Principado de Asturias y la Academia de la Llingua. Fruto de la colaboraci\u00f3n entre estos organismos institucionales en favor de la normalizaci\u00f3n ling\u00fc\u00edstica se ofert\u00f3 en todo el concejo y para p\u00fablico diverso una programaci\u00f3n de calidad. Deseamos que esta cooperaci\u00f3n se mantenga en los pr\u00f3ximos a\u00f1os\u201d \u2013detall\u00f3 Cecilia Tasc\u00f3n, edil de Cultura de Carre\u00f1o.<\/p>\n<p>\u201c Esta Alborada Po\u00e9tica supone, por un lado, el inicio en Carre\u00f1o de los actos de la 39 \u201cSelmana de Les Lletres impulsados por el Gobierno del Principado y, por otro, en el \u00e1mbito local con ella comienza un fin de semana en el que la Llingua ser\u00e1 la protagonista en Carre\u00f1o con la celebraci\u00f3n de I Feria del Llibro n\u2019Asturianu en la antigua f\u00e1brica de conservas Ortiz\u201d \u2013 a\u00f1adi\u00f3 la concejala.<\/p>\n<p>\u201cAl acto inaugural de esta 39 \u201cSelmana de Les Lletres\u201d acudir\u00e1n Fernando Padilla, Director General de Planificaci\u00f3n Ling\u00fc\u00edstica y Normalizaci\u00f3n; Amelia Fern\u00e1ndez L\u00f3pez, Alcaldesa de Carre\u00f1o; Concejales y Concejalas de la Corporaci\u00f3n Municipal; Benigno Exp\u00f3sito, Director del CEIP Poeta Ant\u00f3n de Marirreguera, as\u00ed como integrantes de la comunidad educativa\u201d \u2013 se\u00f1al\u00f3 la edil.<\/p>\n<p>\u201cSilvia Su\u00e1rez Garc\u00eda e Ismael Gonz\u00e1lez Arias ser\u00e1n los encargados de presentar el acto en el que poes\u00eda y la m\u00fasica ser\u00e1n los protagonistas. La parte musical correr\u00e1 a cargo de Silvia Su\u00e1rez con la interpretaci\u00f3n de varias piezas de m\u00fasica tradicional, entre ellas, L\u2019Andolina y La \u201cXota Carre\u00f1o\u201d a la pandereta\u201d \u2013 detall\u00f3 la edil.<\/p>\n<p>\u201cLa parte po\u00e9tica correr\u00e1 a cargo de dos personas: Candela Murias y Pablo X. Su\u00e1rez. Candela Murias Guti\u00e9rrez, tiene 11 a\u00f1os, alumna de sexto curso del CEIP Poeta Ant\u00f3n de Marirreguera y vecina de El Valle. Ella recitar\u00e1 arropada por sus maestras: Merc\u00e9s Solares Collada(LLingua Asturiana) y Pilar Barb\u00e1u (tutora de su curso sexto). Esta alumna, seleccionada por el CEIP Poeta Ant\u00f3n, recitar\u00e1 un poema propio titulado \u201cEl mar qu\u2019escribe foles\u201d. Poema con el que Candela Murias quiere rendir homenaje al escritor carre\u00f1ense. Y Pablo X. S\u00faarez, escritor asturiano es el Ganador en el 2017 del Premio de poes\u00eda Xuan Mar\u00eda Acebal con el poemario \u201cLittle Babilonia\u201d. El cu\u00e1l leer\u00e1 uno de sus poemas al alba en Llorgozana\u201d \u2013 concluy\u00f3 Tasc\u00f3n.<\/p>\n<p>El \u201cAlba de Les LLetres\u201d dar\u00e1 comienzo a las 7:00 horas del 27 de abril en las Escuelas de LLorgozona.<\/p>\n<p>Tras el Alba, entorno a las 9:30 h. est\u00e1n previstas actividades infantiles en asturiano para el alumnado de las dos escuelas rurales de Carre\u00f1o la de Llorgozana y la de Guimar\u00e1n \u2013 El Valle. Por gentileza de la Consejer\u00eda el actor Silvino Torre de Fact\u00f3tum Teatro realizar\u00e1 una serie de actividades de animaci\u00f3n a la lectura para este p\u00fablico infantil. Lo har\u00e1 caracterizado del propio Ant\u00f3n de Marirreguera proponi\u00e9ndoles juegos que acerquen a los ni\u00f1os y las ni\u00f1as al autor y su obra. 21 escolares del medio rural, acompa\u00f1ados de sus maestras, Mirta Mor\u00e1n y Lorena Piquero y del maestro, Santiago Jos\u00e9 Garc\u00eda trabajar\u00e1n en el aula para familiarizarse con el asturiano y la figura de Marirreguera.<\/p>\n","protected":false},"excerpt":{"rendered":"<p>La parroquia de LLorgozana acoger\u00e1, este viernes 27 de abril a las 7:00 h la I Alborada Po\u00e9tica de les LLetres Astuianes. Alba que supondr\u00e1 el acto inaugural con el que se abrir\u00e1 la 39 \u201cSelmana de Les Lletres\u201d en el Principado de Asturias. \u201cEste acto matinal est\u00e1 enmarcado en el programa cultural \u201cCarre\u00f1u, \u00f1eru<\/p>\n","protected":false},"author":1,"featured_media":94584,"comment_status":"closed","ping_status":"closed","sticky":false,"template":"","format":"standard","meta":{"footnotes":""},"categories":[2],"tags":[],"class_list":{"0":"post-94583","1":"post","2":"type-post","3":"status-publish","4":"format-standard","5":"has-post-thumbnail","7":"category-noticias-carreno"},"aioseo_notices":[],"aioseo_head":"\n\t\t<!-- All in One SEO Pro 4.9.6.2 - aioseo.com -->\n\t<meta name=\"description\" content=\"La parroquia de LLorgozana acoger\u00e1, este viernes 27 de abril a las 7:00 h la I Alborada Po\u00e9tica de les LLetres Astuianes. Alba que supondr\u00e1 el acto inaugural con el que se abrir\u00e1 la 39 \u201cSelmana de Les Lletres\u201d en el Principado de Asturias. \u201cEste acto matinal est\u00e1 enmarcado en el programa cultural \u201cCarre\u00f1u, \u00f1eru\" \/>\n\t<meta name=\"robots\" content=\"max-image-preview:large\" \/>\n\t<meta name=\"author\" content=\"Cand\u00e1s 365\"\/>\n\t<meta name=\"google-site-verification\" content=\"UA-32230408-1\" \/>\n\t<meta name=\"msvalidate.01\" content=\"354F3CDFB2DA171B47FBE9ABF1F88D5\" \/>\n\t<meta name=\"keywords\" content=\"noticias carre\u00f1o\" \/>\n\t<link rel=\"canonical\" href=\"https:\/\/candas365.es\/noticias\/la-39-selmana-de-les-lletres-asturianes-arranca-en-carreno\/\" \/>\n\t<meta name=\"generator\" content=\"All in One SEO Pro (AIOSEO) 4.9.6.2\" \/>\n\t\t<meta property=\"og:locale\" content=\"es_ES\" \/>\n\t\t<meta property=\"og:site_name\" content=\"Cand\u00e1s 365\" \/>\n\t\t<meta property=\"og:type\" content=\"article\" \/>\n\t\t<meta property=\"og:title\" content=\"La 39 Selmana de Les Lletres Asturianes arranca en Carre\u00f1o | Cand\u00e1s 365\" \/>\n\t\t<meta property=\"og:description\" content=\"La parroquia de LLorgozana acoger\u00e1, este viernes 27 de abril a las 7:00 h la I Alborada Po\u00e9tica de les LLetres Astuianes. Alba que supondr\u00e1 el acto inaugural con el que se abrir\u00e1 la 39 \u201cSelmana de Les Lletres\u201d en el Principado de Asturias. \u201cEste acto matinal est\u00e1 enmarcado en el programa cultural \u201cCarre\u00f1u, \u00f1eru\" \/>\n\t\t<meta property=\"og:url\" content=\"https:\/\/candas365.es\/noticias\/la-39-selmana-de-les-lletres-asturianes-arranca-en-carreno\/\" \/>\n\t\t<meta property=\"og:image\" content=\"https:\/\/candas365.es\/noticias\/wp-content\/uploads\/2018\/04\/Interior-de-la-escuela.jpg\" \/>\n\t\t<meta property=\"og:image:secure_url\" content=\"https:\/\/candas365.es\/noticias\/wp-content\/uploads\/2018\/04\/Interior-de-la-escuela.jpg\" \/>\n\t\t<meta property=\"og:image:width\" content=\"1600\" \/>\n\t\t<meta property=\"og:image:height\" content=\"1200\" \/>\n\t\t<meta property=\"article:published_time\" content=\"2018-04-25T14:46:16+00:00\" \/>\n\t\t<meta property=\"article:modified_time\" content=\"2018-04-25T14:46:16+00:00\" \/>\n\t\t<meta property=\"article:publisher\" content=\"https:\/\/www.facebook.com\/Nachofdezber\" \/>\n\t\t<meta property=\"article:author\" content=\"https:\/\/www.facebook.com\/carrenoactualidad\" \/>\n\t\t<meta name=\"twitter:card\" content=\"summary_large_image\" \/>\n\t\t<meta name=\"twitter:site\" content=\"@NabercoDigital\" \/>\n\t\t<meta name=\"twitter:title\" content=\"La 39 Selmana de Les Lletres Asturianes arranca en Carre\u00f1o | Cand\u00e1s 365\" \/>\n\t\t<meta name=\"twitter:description\" content=\"La parroquia de LLorgozana acoger\u00e1, este viernes 27 de abril a las 7:00 h la I Alborada Po\u00e9tica de les LLetres Astuianes. Alba que supondr\u00e1 el acto inaugural con el que se abrir\u00e1 la 39 \u201cSelmana de Les Lletres\u201d en el Principado de Asturias. \u201cEste acto matinal est\u00e1 enmarcado en el programa cultural \u201cCarre\u00f1u, \u00f1eru\" \/>\n\t\t<meta name=\"twitter:creator\" content=\"@nbasturias\" \/>\n\t\t<meta name=\"twitter:image\" content=\"https:\/\/candas365.es\/noticias\/wp-content\/uploads\/2018\/04\/Interior-de-la-escuela.jpg\" \/>\n\t\t<meta name=\"twitter:label1\" content=\"Escrito por\" \/>\n\t\t<meta name=\"twitter:data1\" content=\"Cand\u00e1s 365\" \/>\n\t\t<meta name=\"twitter:label2\" content=\"Tiempo de lectura estimado\" \/>\n\t\t<meta name=\"twitter:data2\" content=\"4 minutos\" \/>\n\t\t<script type=\"application\/ld+json\" class=\"aioseo-schema\">\n\t\t\t{\"@context\":\"https:\\\/\\\/schema.org\",\"@graph\":[{\"@type\":\"BreadcrumbList\",\"@id\":\"https:\\\/\\\/candas365.es\\\/noticias\\\/la-39-selmana-de-les-lletres-asturianes-arranca-en-carreno\\\/#breadcrumblist\",\"itemListElement\":[{\"@type\":\"ListItem\",\"@id\":\"https:\\\/\\\/candas365.es\\\/noticias#listItem\",\"position\":1,\"name\":\"Home\",\"item\":\"https:\\\/\\\/candas365.es\\\/noticias\",\"nextItem\":{\"@type\":\"ListItem\",\"@id\":\"https:\\\/\\\/candas365.es\\\/noticias\\\/category\\\/noticias-carreno\\\/#listItem\",\"name\":\"Noticias Carre\\u00f1o\"}},{\"@type\":\"ListItem\",\"@id\":\"https:\\\/\\\/candas365.es\\\/noticias\\\/category\\\/noticias-carreno\\\/#listItem\",\"position\":2,\"name\":\"Noticias Carre\\u00f1o\",\"item\":\"https:\\\/\\\/candas365.es\\\/noticias\\\/category\\\/noticias-carreno\\\/\",\"nextItem\":{\"@type\":\"ListItem\",\"@id\":\"https:\\\/\\\/candas365.es\\\/noticias\\\/la-39-selmana-de-les-lletres-asturianes-arranca-en-carreno\\\/#listItem\",\"name\":\"La 39 Selmana de Les Lletres Asturianes arranca en Carre\\u00f1o\"},\"previousItem\":{\"@type\":\"ListItem\",\"@id\":\"https:\\\/\\\/candas365.es\\\/noticias#listItem\",\"name\":\"Home\"}},{\"@type\":\"ListItem\",\"@id\":\"https:\\\/\\\/candas365.es\\\/noticias\\\/la-39-selmana-de-les-lletres-asturianes-arranca-en-carreno\\\/#listItem\",\"position\":3,\"name\":\"La 39 Selmana de Les Lletres Asturianes arranca en Carre\\u00f1o\",\"previousItem\":{\"@type\":\"ListItem\",\"@id\":\"https:\\\/\\\/candas365.es\\\/noticias\\\/category\\\/noticias-carreno\\\/#listItem\",\"name\":\"Noticias Carre\\u00f1o\"}}]},{\"@type\":\"NewsArticle\",\"@id\":\"https:\\\/\\\/candas365.es\\\/noticias\\\/la-39-selmana-de-les-lletres-asturianes-arranca-en-carreno\\\/#newsarticle\",\"name\":\"La 39 Selmana de Les Lletres Asturianes arranca en Carre\\u00f1o | Cand\\u00e1s 365\",\"headline\":\"La 39 Selmana de Les Lletres Asturianes arranca en Carre\\u00f1o\",\"author\":{\"@id\":\"https:\\\/\\\/candas365.es\\\/noticias\\\/author\\\/admin\\\/#author\"},\"publisher\":{\"@id\":\"https:\\\/\\\/candas365.es\\\/noticias\\\/#organization\"},\"image\":{\"@type\":\"ImageObject\",\"url\":\"https:\\\/\\\/candas365.es\\\/noticias\\\/wp-content\\\/uploads\\\/2018\\\/04\\\/Interior-de-la-escuela.jpg\",\"width\":1600,\"height\":1200},\"datePublished\":\"2018-04-25T14:46:16+02:00\",\"dateModified\":\"2018-04-25T14:46:16+02:00\",\"inLanguage\":\"es-ES\",\"mainEntityOfPage\":{\"@id\":\"https:\\\/\\\/candas365.es\\\/noticias\\\/la-39-selmana-de-les-lletres-asturianes-arranca-en-carreno\\\/#webpage\"},\"isPartOf\":{\"@id\":\"https:\\\/\\\/candas365.es\\\/noticias\\\/la-39-selmana-de-les-lletres-asturianes-arranca-en-carreno\\\/#webpage\"},\"articleSection\":\"Noticias Carre\\u00f1o\",\"dateline\":\"Publicado el abril 25, 2018.\"},{\"@type\":\"Organization\",\"@id\":\"https:\\\/\\\/candas365.es\\\/noticias\\\/#organization\",\"name\":\"Cand\\u00e1s 365\",\"description\":\"Cand\\u00e1s 365 es un diario digital independiente, fundado en 2012, con base en Asturias. Informamos con rigor sobre actualidad, sociedad, cultura y ocio, con una mirada local y global.\",\"url\":\"https:\\\/\\\/candas365.es\\\/noticias\\\/\",\"email\":\"info@candas365.es\",\"telephone\":\"+34652131393\",\"foundingDate\":\"2012-06-10\",\"logo\":{\"@type\":\"ImageObject\",\"url\":\"https:\\\/\\\/candas365.es\\\/noticias\\\/wp-content\\\/uploads\\\/2024\\\/09\\\/Candas-365-Redes.jpg\",\"@id\":\"https:\\\/\\\/candas365.es\\\/noticias\\\/la-39-selmana-de-les-lletres-asturianes-arranca-en-carreno\\\/#organizationLogo\",\"width\":1152,\"height\":864,\"caption\":\"Cand\\u00e1s 365 Redes\"},\"image\":{\"@id\":\"https:\\\/\\\/candas365.es\\\/noticias\\\/la-39-selmana-de-les-lletres-asturianes-arranca-en-carreno\\\/#organizationLogo\"},\"sameAs\":[\"https:\\\/\\\/www.facebook.com\\\/Nachofdezber\",\"https:\\\/\\\/x.com\\\/NabercoDigital\",\"https:\\\/\\\/www.instagram.com\\\/nachofdezber\\\/\",\"https:\\\/\\\/www.youtube.com\\\/channel\\\/UCZP-2wLEB9Rv6erhFmqVnvg\"],\"address\":{\"@id\":\"https:\\\/\\\/candas365.es\\\/noticias\\\/#postaladdress\",\"@type\":\"PostalAddress\",\"streetAddress\":\"san antonio 4, san antonio 4\",\"postalCode\":\"33430\",\"addressLocality\":\"Cand\\u00e1s\",\"addressRegion\":\"Asturias\",\"addressCountry\":\"ES\"}},{\"@type\":\"Person\",\"@id\":\"https:\\\/\\\/candas365.es\\\/noticias\\\/author\\\/admin\\\/#author\",\"url\":\"https:\\\/\\\/candas365.es\\\/noticias\\\/author\\\/admin\\\/\",\"name\":\"Cand\\u00e1s 365\",\"image\":{\"@type\":\"ImageObject\",\"@id\":\"https:\\\/\\\/candas365.es\\\/noticias\\\/la-39-selmana-de-les-lletres-asturianes-arranca-en-carreno\\\/#authorImage\",\"url\":\"https:\\\/\\\/secure.gravatar.com\\\/avatar\\\/496a8e03d0c493ede1718b7934145dbdf8d89be1036b0eec9544e1094c9de390?s=96&d=mm&r=g\",\"width\":96,\"height\":96,\"caption\":\"Cand\\u00e1s 365\"},\"sameAs\":[\"https:\\\/\\\/www.facebook.com\\\/carrenoactualidad\",\"https:\\\/\\\/twitter.com\\\/nbasturias\",\"https:\\\/\\\/www.instagram.com\\\/nachofdezber\\\/\",\"https:\\\/\\\/www.youtube.com\\\/channel\\\/UCZP-2wLEB9Rv6erhFmqVnvg\"]},{\"@type\":\"WebPage\",\"@id\":\"https:\\\/\\\/candas365.es\\\/noticias\\\/la-39-selmana-de-les-lletres-asturianes-arranca-en-carreno\\\/#webpage\",\"url\":\"https:\\\/\\\/candas365.es\\\/noticias\\\/la-39-selmana-de-les-lletres-asturianes-arranca-en-carreno\\\/\",\"name\":\"La 39 Selmana de Les Lletres Asturianes arranca en Carre\\u00f1o | Cand\\u00e1s 365\",\"description\":\"La parroquia de LLorgozana acoger\\u00e1, este viernes 27 de abril a las 7:00 h la I Alborada Po\\u00e9tica de les LLetres Astuianes. Alba que supondr\\u00e1 el acto inaugural con el que se abrir\\u00e1 la 39 \\u201cSelmana de Les Lletres\\u201d en el Principado de Asturias. \\u201cEste acto matinal est\\u00e1 enmarcado en el programa cultural \\u201cCarre\\u00f1u, \\u00f1eru\",\"inLanguage\":\"es-ES\",\"isPartOf\":{\"@id\":\"https:\\\/\\\/candas365.es\\\/noticias\\\/#website\"},\"breadcrumb\":{\"@id\":\"https:\\\/\\\/candas365.es\\\/noticias\\\/la-39-selmana-de-les-lletres-asturianes-arranca-en-carreno\\\/#breadcrumblist\"},\"author\":{\"@id\":\"https:\\\/\\\/candas365.es\\\/noticias\\\/author\\\/admin\\\/#author\"},\"creator\":{\"@id\":\"https:\\\/\\\/candas365.es\\\/noticias\\\/author\\\/admin\\\/#author\"},\"image\":{\"@type\":\"ImageObject\",\"url\":\"https:\\\/\\\/candas365.es\\\/noticias\\\/wp-content\\\/uploads\\\/2018\\\/04\\\/Interior-de-la-escuela.jpg\",\"@id\":\"https:\\\/\\\/candas365.es\\\/noticias\\\/la-39-selmana-de-les-lletres-asturianes-arranca-en-carreno\\\/#mainImage\",\"width\":1600,\"height\":1200},\"primaryImageOfPage\":{\"@id\":\"https:\\\/\\\/candas365.es\\\/noticias\\\/la-39-selmana-de-les-lletres-asturianes-arranca-en-carreno\\\/#mainImage\"},\"datePublished\":\"2018-04-25T14:46:16+02:00\",\"dateModified\":\"2018-04-25T14:46:16+02:00\"},{\"@type\":\"WebSite\",\"@id\":\"https:\\\/\\\/candas365.es\\\/noticias\\\/#website\",\"url\":\"https:\\\/\\\/candas365.es\\\/noticias\\\/\",\"name\":\"Cand\\u00e1s 365\",\"alternateName\":\"Cand\\u00e1s 365 Noticias\",\"description\":\"Actualidad desde Carre\\u00f1o para el mundo\",\"inLanguage\":\"es-ES\",\"publisher\":{\"@id\":\"https:\\\/\\\/candas365.es\\\/noticias\\\/#organization\"}}]}\n\t\t<\/script>\n\t\t<!-- All in One SEO Pro -->\r\n\t\t<title>La 39 Selmana de Les Lletres Asturianes arranca en Carre\u00f1o | Cand\u00e1s 365<\/title>\n\n","aioseo_head_json":{"title":"La 39 Selmana de Les Lletres Asturianes arranca en Carre\u00f1o | Cand\u00e1s 365","description":"La parroquia de LLorgozana acoger\u00e1, este viernes 27 de abril a las 7:00 h la I Alborada Po\u00e9tica de les LLetres Astuianes. Alba que supondr\u00e1 el acto inaugural con el que se abrir\u00e1 la 39 \u201cSelmana de Les Lletres\u201d en el Principado de Asturias. \u201cEste acto matinal est\u00e1 enmarcado en el programa cultural \u201cCarre\u00f1u, \u00f1eru","canonical_url":"https:\/\/candas365.es\/noticias\/la-39-selmana-de-les-lletres-asturianes-arranca-en-carreno\/","robots":"max-image-preview:large","keywords":"noticias carre\u00f1o","webmasterTools":{"google-site-verification":"UA-32230408-1","msvalidate.01":"354F3CDFB2DA171B47FBE9ABF1F88D5","miscellaneous":""},"schema":{"@context":"https:\/\/schema.org","@graph":[{"@type":"BreadcrumbList","@id":"https:\/\/candas365.es\/noticias\/la-39-selmana-de-les-lletres-asturianes-arranca-en-carreno\/#breadcrumblist","itemListElement":[{"@type":"ListItem","@id":"https:\/\/candas365.es\/noticias#listItem","position":1,"name":"Home","item":"https:\/\/candas365.es\/noticias","nextItem":{"@type":"ListItem","@id":"https:\/\/candas365.es\/noticias\/category\/noticias-carreno\/#listItem","name":"Noticias Carre\u00f1o"}},{"@type":"ListItem","@id":"https:\/\/candas365.es\/noticias\/category\/noticias-carreno\/#listItem","position":2,"name":"Noticias Carre\u00f1o","item":"https:\/\/candas365.es\/noticias\/category\/noticias-carreno\/","nextItem":{"@type":"ListItem","@id":"https:\/\/candas365.es\/noticias\/la-39-selmana-de-les-lletres-asturianes-arranca-en-carreno\/#listItem","name":"La 39 Selmana de Les Lletres Asturianes arranca en Carre\u00f1o"},"previousItem":{"@type":"ListItem","@id":"https:\/\/candas365.es\/noticias#listItem","name":"Home"}},{"@type":"ListItem","@id":"https:\/\/candas365.es\/noticias\/la-39-selmana-de-les-lletres-asturianes-arranca-en-carreno\/#listItem","position":3,"name":"La 39 Selmana de Les Lletres Asturianes arranca en Carre\u00f1o","previousItem":{"@type":"ListItem","@id":"https:\/\/candas365.es\/noticias\/category\/noticias-carreno\/#listItem","name":"Noticias Carre\u00f1o"}}]},{"@type":"NewsArticle","@id":"https:\/\/candas365.es\/noticias\/la-39-selmana-de-les-lletres-asturianes-arranca-en-carreno\/#newsarticle","name":"La 39 Selmana de Les Lletres Asturianes arranca en Carre\u00f1o | Cand\u00e1s 365","headline":"La 39 Selmana de Les Lletres Asturianes arranca en Carre\u00f1o","author":{"@id":"https:\/\/candas365.es\/noticias\/author\/admin\/#author"},"publisher":{"@id":"https:\/\/candas365.es\/noticias\/#organization"},"image":{"@type":"ImageObject","url":"https:\/\/candas365.es\/noticias\/wp-content\/uploads\/2018\/04\/Interior-de-la-escuela.jpg","width":1600,"height":1200},"datePublished":"2018-04-25T14:46:16+02:00","dateModified":"2018-04-25T14:46:16+02:00","inLanguage":"es-ES","mainEntityOfPage":{"@id":"https:\/\/candas365.es\/noticias\/la-39-selmana-de-les-lletres-asturianes-arranca-en-carreno\/#webpage"},"isPartOf":{"@id":"https:\/\/candas365.es\/noticias\/la-39-selmana-de-les-lletres-asturianes-arranca-en-carreno\/#webpage"},"articleSection":"Noticias Carre\u00f1o","dateline":"Publicado el abril 25, 2018."},{"@type":"Organization","@id":"https:\/\/candas365.es\/noticias\/#organization","name":"Cand\u00e1s 365","description":"Cand\u00e1s 365 es un diario digital independiente, fundado en 2012, con base en Asturias. Informamos con rigor sobre actualidad, sociedad, cultura y ocio, con una mirada local y global.","url":"https:\/\/candas365.es\/noticias\/","email":"info@candas365.es","telephone":"+34652131393","foundingDate":"2012-06-10","logo":{"@type":"ImageObject","url":"https:\/\/candas365.es\/noticias\/wp-content\/uploads\/2024\/09\/Candas-365-Redes.jpg","@id":"https:\/\/candas365.es\/noticias\/la-39-selmana-de-les-lletres-asturianes-arranca-en-carreno\/#organizationLogo","width":1152,"height":864,"caption":"Cand\u00e1s 365 Redes"},"image":{"@id":"https:\/\/candas365.es\/noticias\/la-39-selmana-de-les-lletres-asturianes-arranca-en-carreno\/#organizationLogo"},"sameAs":["https:\/\/www.facebook.com\/Nachofdezber","https:\/\/x.com\/NabercoDigital","https:\/\/www.instagram.com\/nachofdezber\/","https:\/\/www.youtube.com\/channel\/UCZP-2wLEB9Rv6erhFmqVnvg"],"address":{"@id":"https:\/\/candas365.es\/noticias\/#postaladdress","@type":"PostalAddress","streetAddress":"san antonio 4, san antonio 4","postalCode":"33430","addressLocality":"Cand\u00e1s","addressRegion":"Asturias","addressCountry":"ES"}},{"@type":"Person","@id":"https:\/\/candas365.es\/noticias\/author\/admin\/#author","url":"https:\/\/candas365.es\/noticias\/author\/admin\/","name":"Cand\u00e1s 365","image":{"@type":"ImageObject","@id":"https:\/\/candas365.es\/noticias\/la-39-selmana-de-les-lletres-asturianes-arranca-en-carreno\/#authorImage","url":"https:\/\/secure.gravatar.com\/avatar\/496a8e03d0c493ede1718b7934145dbdf8d89be1036b0eec9544e1094c9de390?s=96&d=mm&r=g","width":96,"height":96,"caption":"Cand\u00e1s 365"},"sameAs":["https:\/\/www.facebook.com\/carrenoactualidad","https:\/\/twitter.com\/nbasturias","https:\/\/www.instagram.com\/nachofdezber\/","https:\/\/www.youtube.com\/channel\/UCZP-2wLEB9Rv6erhFmqVnvg"]},{"@type":"WebPage","@id":"https:\/\/candas365.es\/noticias\/la-39-selmana-de-les-lletres-asturianes-arranca-en-carreno\/#webpage","url":"https:\/\/candas365.es\/noticias\/la-39-selmana-de-les-lletres-asturianes-arranca-en-carreno\/","name":"La 39 Selmana de Les Lletres Asturianes arranca en Carre\u00f1o | Cand\u00e1s 365","description":"La parroquia de LLorgozana acoger\u00e1, este viernes 27 de abril a las 7:00 h la I Alborada Po\u00e9tica de les LLetres Astuianes. Alba que supondr\u00e1 el acto inaugural con el que se abrir\u00e1 la 39 \u201cSelmana de Les Lletres\u201d en el Principado de Asturias. \u201cEste acto matinal est\u00e1 enmarcado en el programa cultural \u201cCarre\u00f1u, \u00f1eru","inLanguage":"es-ES","isPartOf":{"@id":"https:\/\/candas365.es\/noticias\/#website"},"breadcrumb":{"@id":"https:\/\/candas365.es\/noticias\/la-39-selmana-de-les-lletres-asturianes-arranca-en-carreno\/#breadcrumblist"},"author":{"@id":"https:\/\/candas365.es\/noticias\/author\/admin\/#author"},"creator":{"@id":"https:\/\/candas365.es\/noticias\/author\/admin\/#author"},"image":{"@type":"ImageObject","url":"https:\/\/candas365.es\/noticias\/wp-content\/uploads\/2018\/04\/Interior-de-la-escuela.jpg","@id":"https:\/\/candas365.es\/noticias\/la-39-selmana-de-les-lletres-asturianes-arranca-en-carreno\/#mainImage","width":1600,"height":1200},"primaryImageOfPage":{"@id":"https:\/\/candas365.es\/noticias\/la-39-selmana-de-les-lletres-asturianes-arranca-en-carreno\/#mainImage"},"datePublished":"2018-04-25T14:46:16+02:00","dateModified":"2018-04-25T14:46:16+02:00"},{"@type":"WebSite","@id":"https:\/\/candas365.es\/noticias\/#website","url":"https:\/\/candas365.es\/noticias\/","name":"Cand\u00e1s 365","alternateName":"Cand\u00e1s 365 Noticias","description":"Actualidad desde Carre\u00f1o para el mundo","inLanguage":"es-ES","publisher":{"@id":"https:\/\/candas365.es\/noticias\/#organization"}}]},"og:locale":"es_ES","og:site_name":"Cand\u00e1s 365","og:type":"article","og:title":"La 39 Selmana de Les Lletres Asturianes arranca en Carre\u00f1o | Cand\u00e1s 365","og:description":"La parroquia de LLorgozana acoger\u00e1, este viernes 27 de abril a las 7:00 h la I Alborada Po\u00e9tica de les LLetres Astuianes. Alba que supondr\u00e1 el acto inaugural con el que se abrir\u00e1 la 39 \u201cSelmana de Les Lletres\u201d en el Principado de Asturias. \u201cEste acto matinal est\u00e1 enmarcado en el programa cultural \u201cCarre\u00f1u, \u00f1eru","og:url":"https:\/\/candas365.es\/noticias\/la-39-selmana-de-les-lletres-asturianes-arranca-en-carreno\/","og:image":"https:\/\/candas365.es\/noticias\/wp-content\/uploads\/2018\/04\/Interior-de-la-escuela.jpg","og:image:secure_url":"https:\/\/candas365.es\/noticias\/wp-content\/uploads\/2018\/04\/Interior-de-la-escuela.jpg","og:image:width":1600,"og:image:height":1200,"article:published_time":"2018-04-25T14:46:16+00:00","article:modified_time":"2018-04-25T14:46:16+00:00","article:publisher":"https:\/\/www.facebook.com\/Nachofdezber","article:author":"https:\/\/www.facebook.com\/carrenoactualidad","twitter:card":"summary_large_image","twitter:site":"@NabercoDigital","twitter:title":"La 39 Selmana de Les Lletres Asturianes arranca en Carre\u00f1o | Cand\u00e1s 365","twitter:description":"La parroquia de LLorgozana acoger\u00e1, este viernes 27 de abril a las 7:00 h la I Alborada Po\u00e9tica de les LLetres Astuianes. Alba que supondr\u00e1 el acto inaugural con el que se abrir\u00e1 la 39 \u201cSelmana de Les Lletres\u201d en el Principado de Asturias. \u201cEste acto matinal est\u00e1 enmarcado en el programa cultural \u201cCarre\u00f1u, \u00f1eru","twitter:creator":"@nbasturias","twitter:image":"https:\/\/candas365.es\/noticias\/wp-content\/uploads\/2018\/04\/Interior-de-la-escuela.jpg","twitter:label1":"Escrito por","twitter:data1":"Cand\u00e1s 365","twitter:label2":"Tiempo de lectura estimado","twitter:data2":"4 minutos"},"aioseo_meta_data":{"post_id":"94583","title":null,"description":null,"keywords":null,"keyphrases":null,"primary_term":null,"canonical_url":null,"og_title":null,"og_description":null,"og_object_type":"default","og_image_type":"default","og_image_url":null,"og_image_width":null,"og_image_height":null,"og_image_custom_url":null,"og_image_custom_fields":null,"og_video":null,"og_custom_url":null,"og_article_section":null,"og_article_tags":null,"twitter_use_og":false,"twitter_card":"default","twitter_image_type":"default","twitter_image_url":null,"twitter_image_custom_url":null,"twitter_image_custom_fields":null,"twitter_title":null,"twitter_description":null,"schema":{"blockGraphs":[],"customGraphs":[],"default":{"data":{"Article":[],"Course":[],"Dataset":[],"FAQPage":[],"Movie":[],"Person":[],"Product":[],"ProductReview":[],"Car":[],"Recipe":[],"Service":[],"SoftwareApplication":[],"WebPage":[]},"graphName":"","isEnabled":true},"graphs":[],"defaultGraph":"","defaultPostTypeGraph":""},"schema_type":null,"schema_type_options":null,"pillar_content":false,"robots_default":true,"robots_noindex":false,"robots_noarchive":false,"robots_nosnippet":false,"robots_nofollow":false,"robots_noimageindex":false,"robots_noodp":false,"robots_notranslate":false,"robots_max_snippet":null,"robots_max_videopreview":null,"robots_max_imagepreview":"large","priority":null,"frequency":null,"location":null,"local_seo":null,"seo_analyzer_scan_date":"2025-08-26 19:19:13","breadcrumb_settings":null,"limit_modified_date":false,"reviewed_by":null,"open_ai":null,"ai":null,"created":"2020-12-21 11:53:00","updated":"2025-08-26 19:19:13"},"aioseo_breadcrumb":"<div class=\"aioseo-breadcrumbs\"><span class=\"aioseo-breadcrumb\">\n\t<a href=\"https:\/\/candas365.es\/noticias\" title=\"Home\">Home<\/a>\n<\/span><span class=\"aioseo-breadcrumb-separator\">&ndash;<\/span><span class=\"aioseo-breadcrumb\">\n\t<a href=\"https:\/\/candas365.es\/noticias\/category\/noticias-carreno\/\" title=\"Noticias Carre\u00f1o\">Noticias Carre\u00f1o<\/a>\n<\/span><span class=\"aioseo-breadcrumb-separator\">&ndash;<\/span><span class=\"aioseo-breadcrumb\">\n\tLa 39 Selmana de Les Lletres Asturianes arranca en Carre\u00f1o\n<\/span><\/div>","aioseo_breadcrumb_json":[{"label":"Home","link":"https:\/\/candas365.es\/noticias"},{"label":"Noticias Carre\u00f1o","link":"https:\/\/candas365.es\/noticias\/category\/noticias-carreno\/"},{"label":"La 39 Selmana de Les Lletres Asturianes arranca en Carre\u00f1o","link":"https:\/\/candas365.es\/noticias\/la-39-selmana-de-les-lletres-asturianes-arranca-en-carreno\/"}],"_links":{"self":[{"href":"https:\/\/candas365.es\/noticias\/wp-json\/wp\/v2\/posts\/94583","targetHints":{"allow":["GET"]}}],"collection":[{"href":"https:\/\/candas365.es\/noticias\/wp-json\/wp\/v2\/posts"}],"about":[{"href":"https:\/\/candas365.es\/noticias\/wp-json\/wp\/v2\/types\/post"}],"author":[{"embeddable":true,"href":"https:\/\/candas365.es\/noticias\/wp-json\/wp\/v2\/users\/1"}],"replies":[{"embeddable":true,"href":"https:\/\/candas365.es\/noticias\/wp-json\/wp\/v2\/comments?post=94583"}],"version-history":[{"count":0,"href":"https:\/\/candas365.es\/noticias\/wp-json\/wp\/v2\/posts\/94583\/revisions"}],"wp:featuredmedia":[{"embeddable":true,"href":"https:\/\/candas365.es\/noticias\/wp-json\/wp\/v2\/media\/94584"}],"wp:attachment":[{"href":"https:\/\/candas365.es\/noticias\/wp-json\/wp\/v2\/media?parent=94583"}],"wp:term":[{"taxonomy":"category","embeddable":true,"href":"https:\/\/candas365.es\/noticias\/wp-json\/wp\/v2\/categories?post=94583"},{"taxonomy":"post_tag","embeddable":true,"href":"https:\/\/candas365.es\/noticias\/wp-json\/wp\/v2\/tags?post=94583"}],"curies":[{"name":"wp","href":"https:\/\/api.w.org\/{rel}","templated":true}]}}