{"id":94559,"date":"2018-04-24T20:58:08","date_gmt":"2018-04-24T20:58:08","guid":{"rendered":"http:\/\/candas365.es\/noticias\/?p=94559"},"modified":"2018-04-24T20:58:08","modified_gmt":"2018-04-24T20:58:08","slug":"las-propuestas-de-tito-bustillo-y-el-muja-para-el-puente-de-mayo","status":"publish","type":"post","link":"https:\/\/candas365.es\/noticias\/las-propuestas-de-tito-bustillo-y-el-muja-para-el-puente-de-mayo\/","title":{"rendered":"Las propuestas de Tito Bustillo y el MUJA para el Puente de Mayo"},"content":{"rendered":"<p><img fetchpriority=\"high\" decoding=\"async\" class=\"alignleft size-medium wp-image-94560\" src=\"https:\/\/candas365.es\/noticias\/wp-content\/uploads\/2018\/04\/MUJA-360x240.jpg\" alt=\"\" width=\"360\" height=\"240\" srcset=\"https:\/\/candas365.es\/noticias\/wp-content\/uploads\/2018\/04\/MUJA-360x240.jpg 360w, https:\/\/candas365.es\/noticias\/wp-content\/uploads\/2018\/04\/MUJA-768x512.jpg 768w, https:\/\/candas365.es\/noticias\/wp-content\/uploads\/2018\/04\/MUJA-655x436.jpg 655w, https:\/\/candas365.es\/noticias\/wp-content\/uploads\/2018\/04\/MUJA-696x464.jpg 696w, https:\/\/candas365.es\/noticias\/wp-content\/uploads\/2018\/04\/MUJA-1068x712.jpg 1068w, https:\/\/candas365.es\/noticias\/wp-content\/uploads\/2018\/04\/MUJA-630x420.jpg 630w, https:\/\/candas365.es\/noticias\/wp-content\/uploads\/2018\/04\/MUJA.jpg 1280w\" sizes=\"(max-width: 360px) 100vw, 360px\" \/>Del 28 de abril al 1 de mayo, el Museo del Jur\u00e1sico de Asturias (MUJA) y el Centro de Arte Rupestre de Tito Bustillo abren todos los d\u00edas con un completo programa de actividades para todos los p\u00fablicos.<\/p>\n<p>En el MUJA, la \u201cpaleont\u00f3loga\u201d Laura Icnita ser\u00e1 la encargada de mostrar alguno de los aspectos m\u00e1s sorprendentes de los dinosaurios que vivieron en Asturias hace millones de a\u00f1os en una visita en clave de humor, a las 11:30 y 16:30 horas, recomendada para p\u00fablico familiar con ni\u00f1os a partir de 4 a\u00f1os. Tambi\u00e9n se puede optar por participar en un recorrido guiado a la exposici\u00f3n permanente del Museo a las 12:30 y 17:30 horas o por visitarlo de forma libre, con ayuda de una gu\u00eda de mano o con audiogu\u00eda, disponible en varios idiomas.<\/p>\n<p>El p\u00fablico infantil de 4 a 11 a\u00f1os podr\u00e1 adem\u00e1s experimentar la dificultad de encontrar f\u00f3siles de dinosaurios y otros reptiles a las 13:00 y 18:00 horas en el microtaller \u201cImansaurio\u201d, en el que har\u00e1n un original im\u00e1n que, una vez decorado con su reptil favorito, se llevar\u00e1n a casa de recuerdo.<\/p>\n<p>El MUJA tambi\u00e9n participa en las actividades que organiza la Mancomunidad Comarca de la Sidra en el marco de la programaci\u00f3n de la Floraci\u00f3n del Manzano. As\u00ed, los d\u00edas 28, 29, 30 de abril y 1 de mayo, las personas que consuman un men\u00fa en alguno de los restaurantes que participan en esta iniciativa podr\u00e1n beneficiarse de tarifa reducida en el acceso al Museo y tanto adultos como ni\u00f1os podr\u00e1n participar en las actividades a un precio reducido presentando el ticket correspondiente.<\/p>\n<p>El Museo permanecer\u00e1 abierto del 28 de abril al 1 de mayo, de 10:30 a 14:30 y de 16:00 a 19:00 h. y las entradas para visitar el Museo y para las actividades, con plazas limitadas, se pueden comprar a trav\u00e9s de la web museojurasicoasturias.com.<\/p>\n<p>El Centro Tito Bustillo organiza visitas guiadas a su exposici\u00f3n permanente a las 12:00 y 17:30 horas, en un recorrido que permite conocer qui\u00e9nes fueron los habitantes de la Cueva de Tito Bustillo, cu\u00e1ndo se produjo el descubrimiento de sus pinturas o c\u00f3mo son las muestras de arte rupestre que atesora en su interior. Tambi\u00e9n se puede conocer el Centro de Arte Rupestre de forma libre, con la ayuda de una gu\u00eda de mano o con una audiogu\u00eda a trav\u00e9s de aplicaci\u00f3n m\u00f3vil.<\/p>\n<p>El 29 de abril, a las 12:30 y 17:00 horas, se proyectar\u00e1 un nuevo cap\u00edtulo de la serie documental de TPA \u201cEl alba del arte\u201d, con el que los visitantes se acercar\u00e1n a la Cueva de Las Brujas, a La Covaciella y El Bosque y a Co\u00edmbre, donde se han encontrado representaciones de b\u00f3vidos, cabras, caballos, ciervos y a un gran bisonte.<\/p>\n<p>Los ni\u00f1os de 4 a 11 a\u00f1os podr\u00e1n participar a las 13:00 y 16:30 horas en \u201cUn colgante con mucha historia\u201d, un divertido taller en el que se llevar\u00e1n la mano roja en negativo de Tito Bustillo, uno de los conjuntos m\u00e1s singulares de la Cueva, puesta en un original colgante.<\/p>\n<p>El Centro Tito Bustillo permanecer\u00e1 abierto del 28 de abril al 1 de mayo, de 10:00 a 14:30 y de 16:00 a 19:00 h. El fin se semana, coincidiendo con la apertura de la Cueva, el Centro de Arte Rupestre no cerrar\u00e1 al mediod\u00eda. Las entradas para los talleres y para visitar la Cueva y el Centro se pueden adquirir a trav\u00e9s de centrotitobustillo.com.<\/p>\n","protected":false},"excerpt":{"rendered":"<p>Del 28 de abril al 1 de mayo, el Museo del Jur\u00e1sico de Asturias (MUJA) y el Centro de Arte Rupestre de Tito Bustillo abren todos los d\u00edas con un completo programa de actividades para todos los p\u00fablicos. En el MUJA, la \u201cpaleont\u00f3loga\u201d Laura Icnita ser\u00e1 la encargada de mostrar alguno de los aspectos m\u00e1s<\/p>\n","protected":false},"author":1,"featured_media":94560,"comment_status":"closed","ping_status":"closed","sticky":false,"template":"","format":"standard","meta":{"footnotes":""},"categories":[1],"tags":[],"class_list":{"0":"post-94559","1":"post","2":"type-post","3":"status-publish","4":"format-standard","5":"has-post-thumbnail","7":"category-agenda"},"aioseo_notices":[],"aioseo_head":"\n\t\t<!-- All in One SEO Pro 4.9.6.2 - aioseo.com -->\n\t<meta name=\"description\" content=\"Del 28 de abril al 1 de mayo, el Museo del Jur\u00e1sico de Asturias (MUJA) y el Centro de Arte Rupestre de Tito Bustillo abren todos los d\u00edas con un completo programa de actividades para todos los p\u00fablicos. En el MUJA, la \u201cpaleont\u00f3loga\u201d Laura Icnita ser\u00e1 la encargada de mostrar alguno de los aspectos m\u00e1s\" \/>\n\t<meta name=\"robots\" content=\"max-image-preview:large\" \/>\n\t<meta name=\"author\" content=\"Cand\u00e1s 365\"\/>\n\t<meta name=\"google-site-verification\" content=\"UA-32230408-1\" \/>\n\t<meta name=\"msvalidate.01\" content=\"354F3CDFB2DA171B47FBE9ABF1F88D5\" \/>\n\t<meta name=\"keywords\" content=\"agenda\" \/>\n\t<link rel=\"canonical\" href=\"https:\/\/candas365.es\/noticias\/las-propuestas-de-tito-bustillo-y-el-muja-para-el-puente-de-mayo\/\" \/>\n\t<meta name=\"generator\" content=\"All in One SEO Pro (AIOSEO) 4.9.6.2\" \/>\n\t\t<meta property=\"og:locale\" content=\"es_ES\" \/>\n\t\t<meta property=\"og:site_name\" content=\"Cand\u00e1s 365\" \/>\n\t\t<meta property=\"og:type\" content=\"article\" \/>\n\t\t<meta property=\"og:title\" content=\"Las propuestas de Tito Bustillo y el MUJA para el Puente de Mayo | Cand\u00e1s 365\" \/>\n\t\t<meta property=\"og:description\" content=\"Del 28 de abril al 1 de mayo, el Museo del Jur\u00e1sico de Asturias (MUJA) y el Centro de Arte Rupestre de Tito Bustillo abren todos los d\u00edas con un completo programa de actividades para todos los p\u00fablicos. En el MUJA, la \u201cpaleont\u00f3loga\u201d Laura Icnita ser\u00e1 la encargada de mostrar alguno de los aspectos m\u00e1s\" \/>\n\t\t<meta property=\"og:url\" content=\"https:\/\/candas365.es\/noticias\/las-propuestas-de-tito-bustillo-y-el-muja-para-el-puente-de-mayo\/\" \/>\n\t\t<meta property=\"og:image\" content=\"https:\/\/candas365.es\/noticias\/wp-content\/uploads\/2018\/04\/MUJA.jpg\" \/>\n\t\t<meta property=\"og:image:secure_url\" content=\"https:\/\/candas365.es\/noticias\/wp-content\/uploads\/2018\/04\/MUJA.jpg\" \/>\n\t\t<meta property=\"og:image:width\" content=\"1280\" \/>\n\t\t<meta property=\"og:image:height\" content=\"853\" \/>\n\t\t<meta property=\"article:published_time\" content=\"2018-04-24T20:58:08+00:00\" \/>\n\t\t<meta property=\"article:modified_time\" content=\"2018-04-24T20:58:08+00:00\" \/>\n\t\t<meta property=\"article:publisher\" content=\"https:\/\/www.facebook.com\/Nachofdezber\" \/>\n\t\t<meta property=\"article:author\" content=\"https:\/\/www.facebook.com\/carrenoactualidad\" \/>\n\t\t<meta name=\"twitter:card\" content=\"summary_large_image\" \/>\n\t\t<meta name=\"twitter:site\" content=\"@NabercoDigital\" \/>\n\t\t<meta name=\"twitter:title\" content=\"Las propuestas de Tito Bustillo y el MUJA para el Puente de Mayo | Cand\u00e1s 365\" \/>\n\t\t<meta name=\"twitter:description\" content=\"Del 28 de abril al 1 de mayo, el Museo del Jur\u00e1sico de Asturias (MUJA) y el Centro de Arte Rupestre de Tito Bustillo abren todos los d\u00edas con un completo programa de actividades para todos los p\u00fablicos. En el MUJA, la \u201cpaleont\u00f3loga\u201d Laura Icnita ser\u00e1 la encargada de mostrar alguno de los aspectos m\u00e1s\" \/>\n\t\t<meta name=\"twitter:creator\" content=\"@nbasturias\" \/>\n\t\t<meta name=\"twitter:image\" content=\"https:\/\/candas365.es\/noticias\/wp-content\/uploads\/2018\/04\/MUJA.jpg\" \/>\n\t\t<meta name=\"twitter:label1\" content=\"Escrito por\" \/>\n\t\t<meta name=\"twitter:data1\" content=\"Cand\u00e1s 365\" \/>\n\t\t<meta name=\"twitter:label2\" content=\"Tiempo de lectura estimado\" \/>\n\t\t<meta name=\"twitter:data2\" content=\"3 minutos\" \/>\n\t\t<script type=\"application\/ld+json\" class=\"aioseo-schema\">\n\t\t\t{\"@context\":\"https:\\\/\\\/schema.org\",\"@graph\":[{\"@type\":\"BreadcrumbList\",\"@id\":\"https:\\\/\\\/candas365.es\\\/noticias\\\/las-propuestas-de-tito-bustillo-y-el-muja-para-el-puente-de-mayo\\\/#breadcrumblist\",\"itemListElement\":[{\"@type\":\"ListItem\",\"@id\":\"https:\\\/\\\/candas365.es\\\/noticias#listItem\",\"position\":1,\"name\":\"Home\",\"item\":\"https:\\\/\\\/candas365.es\\\/noticias\",\"nextItem\":{\"@type\":\"ListItem\",\"@id\":\"https:\\\/\\\/candas365.es\\\/noticias\\\/category\\\/agenda\\\/#listItem\",\"name\":\"Agenda\"}},{\"@type\":\"ListItem\",\"@id\":\"https:\\\/\\\/candas365.es\\\/noticias\\\/category\\\/agenda\\\/#listItem\",\"position\":2,\"name\":\"Agenda\",\"item\":\"https:\\\/\\\/candas365.es\\\/noticias\\\/category\\\/agenda\\\/\",\"nextItem\":{\"@type\":\"ListItem\",\"@id\":\"https:\\\/\\\/candas365.es\\\/noticias\\\/las-propuestas-de-tito-bustillo-y-el-muja-para-el-puente-de-mayo\\\/#listItem\",\"name\":\"Las propuestas de Tito Bustillo y el MUJA para el Puente de Mayo\"},\"previousItem\":{\"@type\":\"ListItem\",\"@id\":\"https:\\\/\\\/candas365.es\\\/noticias#listItem\",\"name\":\"Home\"}},{\"@type\":\"ListItem\",\"@id\":\"https:\\\/\\\/candas365.es\\\/noticias\\\/las-propuestas-de-tito-bustillo-y-el-muja-para-el-puente-de-mayo\\\/#listItem\",\"position\":3,\"name\":\"Las propuestas de Tito Bustillo y el MUJA para el Puente de Mayo\",\"previousItem\":{\"@type\":\"ListItem\",\"@id\":\"https:\\\/\\\/candas365.es\\\/noticias\\\/category\\\/agenda\\\/#listItem\",\"name\":\"Agenda\"}}]},{\"@type\":\"NewsArticle\",\"@id\":\"https:\\\/\\\/candas365.es\\\/noticias\\\/las-propuestas-de-tito-bustillo-y-el-muja-para-el-puente-de-mayo\\\/#newsarticle\",\"name\":\"Las propuestas de Tito Bustillo y el MUJA para el Puente de Mayo | Cand\\u00e1s 365\",\"headline\":\"Las propuestas de Tito Bustillo y el MUJA para el Puente de Mayo\",\"author\":{\"@id\":\"https:\\\/\\\/candas365.es\\\/noticias\\\/author\\\/admin\\\/#author\"},\"publisher\":{\"@id\":\"https:\\\/\\\/candas365.es\\\/noticias\\\/#organization\"},\"image\":{\"@type\":\"ImageObject\",\"url\":\"https:\\\/\\\/candas365.es\\\/noticias\\\/wp-content\\\/uploads\\\/2018\\\/04\\\/MUJA.jpg\",\"width\":1280,\"height\":853},\"datePublished\":\"2018-04-24T20:58:08+02:00\",\"dateModified\":\"2018-04-24T20:58:08+02:00\",\"inLanguage\":\"es-ES\",\"mainEntityOfPage\":{\"@id\":\"https:\\\/\\\/candas365.es\\\/noticias\\\/las-propuestas-de-tito-bustillo-y-el-muja-para-el-puente-de-mayo\\\/#webpage\"},\"isPartOf\":{\"@id\":\"https:\\\/\\\/candas365.es\\\/noticias\\\/las-propuestas-de-tito-bustillo-y-el-muja-para-el-puente-de-mayo\\\/#webpage\"},\"articleSection\":\"Agenda\",\"dateline\":\"Publicado el abril 24, 2018.\"},{\"@type\":\"Organization\",\"@id\":\"https:\\\/\\\/candas365.es\\\/noticias\\\/#organization\",\"name\":\"Cand\\u00e1s 365\",\"description\":\"Cand\\u00e1s 365 es un diario digital independiente, fundado en 2012, con base en Asturias. Informamos con rigor sobre actualidad, sociedad, cultura y ocio, con una mirada local y global.\",\"url\":\"https:\\\/\\\/candas365.es\\\/noticias\\\/\",\"email\":\"info@candas365.es\",\"telephone\":\"+34652131393\",\"foundingDate\":\"2012-06-10\",\"logo\":{\"@type\":\"ImageObject\",\"url\":\"https:\\\/\\\/candas365.es\\\/noticias\\\/wp-content\\\/uploads\\\/2024\\\/09\\\/Candas-365-Redes.jpg\",\"@id\":\"https:\\\/\\\/candas365.es\\\/noticias\\\/las-propuestas-de-tito-bustillo-y-el-muja-para-el-puente-de-mayo\\\/#organizationLogo\",\"width\":1152,\"height\":864,\"caption\":\"Cand\\u00e1s 365 Redes\"},\"image\":{\"@id\":\"https:\\\/\\\/candas365.es\\\/noticias\\\/las-propuestas-de-tito-bustillo-y-el-muja-para-el-puente-de-mayo\\\/#organizationLogo\"},\"sameAs\":[\"https:\\\/\\\/www.facebook.com\\\/Nachofdezber\",\"https:\\\/\\\/x.com\\\/NabercoDigital\",\"https:\\\/\\\/www.instagram.com\\\/nachofdezber\\\/\",\"https:\\\/\\\/www.youtube.com\\\/channel\\\/UCZP-2wLEB9Rv6erhFmqVnvg\"],\"address\":{\"@id\":\"https:\\\/\\\/candas365.es\\\/noticias\\\/#postaladdress\",\"@type\":\"PostalAddress\",\"streetAddress\":\"san antonio 4, san antonio 4\",\"postalCode\":\"33430\",\"addressLocality\":\"Cand\\u00e1s\",\"addressRegion\":\"Asturias\",\"addressCountry\":\"ES\"}},{\"@type\":\"Person\",\"@id\":\"https:\\\/\\\/candas365.es\\\/noticias\\\/author\\\/admin\\\/#author\",\"url\":\"https:\\\/\\\/candas365.es\\\/noticias\\\/author\\\/admin\\\/\",\"name\":\"Cand\\u00e1s 365\",\"image\":{\"@type\":\"ImageObject\",\"@id\":\"https:\\\/\\\/candas365.es\\\/noticias\\\/las-propuestas-de-tito-bustillo-y-el-muja-para-el-puente-de-mayo\\\/#authorImage\",\"url\":\"https:\\\/\\\/secure.gravatar.com\\\/avatar\\\/496a8e03d0c493ede1718b7934145dbdf8d89be1036b0eec9544e1094c9de390?s=96&d=mm&r=g\",\"width\":96,\"height\":96,\"caption\":\"Cand\\u00e1s 365\"},\"sameAs\":[\"https:\\\/\\\/www.facebook.com\\\/carrenoactualidad\",\"https:\\\/\\\/twitter.com\\\/nbasturias\",\"https:\\\/\\\/www.instagram.com\\\/nachofdezber\\\/\",\"https:\\\/\\\/www.youtube.com\\\/channel\\\/UCZP-2wLEB9Rv6erhFmqVnvg\"]},{\"@type\":\"WebPage\",\"@id\":\"https:\\\/\\\/candas365.es\\\/noticias\\\/las-propuestas-de-tito-bustillo-y-el-muja-para-el-puente-de-mayo\\\/#webpage\",\"url\":\"https:\\\/\\\/candas365.es\\\/noticias\\\/las-propuestas-de-tito-bustillo-y-el-muja-para-el-puente-de-mayo\\\/\",\"name\":\"Las propuestas de Tito Bustillo y el MUJA para el Puente de Mayo | Cand\\u00e1s 365\",\"description\":\"Del 28 de abril al 1 de mayo, el Museo del Jur\\u00e1sico de Asturias (MUJA) y el Centro de Arte Rupestre de Tito Bustillo abren todos los d\\u00edas con un completo programa de actividades para todos los p\\u00fablicos. En el MUJA, la \\u201cpaleont\\u00f3loga\\u201d Laura Icnita ser\\u00e1 la encargada de mostrar alguno de los aspectos m\\u00e1s\",\"inLanguage\":\"es-ES\",\"isPartOf\":{\"@id\":\"https:\\\/\\\/candas365.es\\\/noticias\\\/#website\"},\"breadcrumb\":{\"@id\":\"https:\\\/\\\/candas365.es\\\/noticias\\\/las-propuestas-de-tito-bustillo-y-el-muja-para-el-puente-de-mayo\\\/#breadcrumblist\"},\"author\":{\"@id\":\"https:\\\/\\\/candas365.es\\\/noticias\\\/author\\\/admin\\\/#author\"},\"creator\":{\"@id\":\"https:\\\/\\\/candas365.es\\\/noticias\\\/author\\\/admin\\\/#author\"},\"image\":{\"@type\":\"ImageObject\",\"url\":\"https:\\\/\\\/candas365.es\\\/noticias\\\/wp-content\\\/uploads\\\/2018\\\/04\\\/MUJA.jpg\",\"@id\":\"https:\\\/\\\/candas365.es\\\/noticias\\\/las-propuestas-de-tito-bustillo-y-el-muja-para-el-puente-de-mayo\\\/#mainImage\",\"width\":1280,\"height\":853},\"primaryImageOfPage\":{\"@id\":\"https:\\\/\\\/candas365.es\\\/noticias\\\/las-propuestas-de-tito-bustillo-y-el-muja-para-el-puente-de-mayo\\\/#mainImage\"},\"datePublished\":\"2018-04-24T20:58:08+02:00\",\"dateModified\":\"2018-04-24T20:58:08+02:00\"},{\"@type\":\"WebSite\",\"@id\":\"https:\\\/\\\/candas365.es\\\/noticias\\\/#website\",\"url\":\"https:\\\/\\\/candas365.es\\\/noticias\\\/\",\"name\":\"Cand\\u00e1s 365\",\"alternateName\":\"Cand\\u00e1s 365 Noticias\",\"description\":\"Actualidad desde Carre\\u00f1o para el mundo\",\"inLanguage\":\"es-ES\",\"publisher\":{\"@id\":\"https:\\\/\\\/candas365.es\\\/noticias\\\/#organization\"}}]}\n\t\t<\/script>\n\t\t<!-- All in One SEO Pro -->\r\n\t\t<title>Las propuestas de Tito Bustillo y el MUJA para el Puente de Mayo | Cand\u00e1s 365<\/title>\n\n","aioseo_head_json":{"title":"Las propuestas de Tito Bustillo y el MUJA para el Puente de Mayo | Cand\u00e1s 365","description":"Del 28 de abril al 1 de mayo, el Museo del Jur\u00e1sico de Asturias (MUJA) y el Centro de Arte Rupestre de Tito Bustillo abren todos los d\u00edas con un completo programa de actividades para todos los p\u00fablicos. En el MUJA, la \u201cpaleont\u00f3loga\u201d Laura Icnita ser\u00e1 la encargada de mostrar alguno de los aspectos m\u00e1s","canonical_url":"https:\/\/candas365.es\/noticias\/las-propuestas-de-tito-bustillo-y-el-muja-para-el-puente-de-mayo\/","robots":"max-image-preview:large","keywords":"agenda","webmasterTools":{"google-site-verification":"UA-32230408-1","msvalidate.01":"354F3CDFB2DA171B47FBE9ABF1F88D5","miscellaneous":""},"schema":{"@context":"https:\/\/schema.org","@graph":[{"@type":"BreadcrumbList","@id":"https:\/\/candas365.es\/noticias\/las-propuestas-de-tito-bustillo-y-el-muja-para-el-puente-de-mayo\/#breadcrumblist","itemListElement":[{"@type":"ListItem","@id":"https:\/\/candas365.es\/noticias#listItem","position":1,"name":"Home","item":"https:\/\/candas365.es\/noticias","nextItem":{"@type":"ListItem","@id":"https:\/\/candas365.es\/noticias\/category\/agenda\/#listItem","name":"Agenda"}},{"@type":"ListItem","@id":"https:\/\/candas365.es\/noticias\/category\/agenda\/#listItem","position":2,"name":"Agenda","item":"https:\/\/candas365.es\/noticias\/category\/agenda\/","nextItem":{"@type":"ListItem","@id":"https:\/\/candas365.es\/noticias\/las-propuestas-de-tito-bustillo-y-el-muja-para-el-puente-de-mayo\/#listItem","name":"Las propuestas de Tito Bustillo y el MUJA para el Puente de Mayo"},"previousItem":{"@type":"ListItem","@id":"https:\/\/candas365.es\/noticias#listItem","name":"Home"}},{"@type":"ListItem","@id":"https:\/\/candas365.es\/noticias\/las-propuestas-de-tito-bustillo-y-el-muja-para-el-puente-de-mayo\/#listItem","position":3,"name":"Las propuestas de Tito Bustillo y el MUJA para el Puente de Mayo","previousItem":{"@type":"ListItem","@id":"https:\/\/candas365.es\/noticias\/category\/agenda\/#listItem","name":"Agenda"}}]},{"@type":"NewsArticle","@id":"https:\/\/candas365.es\/noticias\/las-propuestas-de-tito-bustillo-y-el-muja-para-el-puente-de-mayo\/#newsarticle","name":"Las propuestas de Tito Bustillo y el MUJA para el Puente de Mayo | Cand\u00e1s 365","headline":"Las propuestas de Tito Bustillo y el MUJA para el Puente de Mayo","author":{"@id":"https:\/\/candas365.es\/noticias\/author\/admin\/#author"},"publisher":{"@id":"https:\/\/candas365.es\/noticias\/#organization"},"image":{"@type":"ImageObject","url":"https:\/\/candas365.es\/noticias\/wp-content\/uploads\/2018\/04\/MUJA.jpg","width":1280,"height":853},"datePublished":"2018-04-24T20:58:08+02:00","dateModified":"2018-04-24T20:58:08+02:00","inLanguage":"es-ES","mainEntityOfPage":{"@id":"https:\/\/candas365.es\/noticias\/las-propuestas-de-tito-bustillo-y-el-muja-para-el-puente-de-mayo\/#webpage"},"isPartOf":{"@id":"https:\/\/candas365.es\/noticias\/las-propuestas-de-tito-bustillo-y-el-muja-para-el-puente-de-mayo\/#webpage"},"articleSection":"Agenda","dateline":"Publicado el abril 24, 2018."},{"@type":"Organization","@id":"https:\/\/candas365.es\/noticias\/#organization","name":"Cand\u00e1s 365","description":"Cand\u00e1s 365 es un diario digital independiente, fundado en 2012, con base en Asturias. Informamos con rigor sobre actualidad, sociedad, cultura y ocio, con una mirada local y global.","url":"https:\/\/candas365.es\/noticias\/","email":"info@candas365.es","telephone":"+34652131393","foundingDate":"2012-06-10","logo":{"@type":"ImageObject","url":"https:\/\/candas365.es\/noticias\/wp-content\/uploads\/2024\/09\/Candas-365-Redes.jpg","@id":"https:\/\/candas365.es\/noticias\/las-propuestas-de-tito-bustillo-y-el-muja-para-el-puente-de-mayo\/#organizationLogo","width":1152,"height":864,"caption":"Cand\u00e1s 365 Redes"},"image":{"@id":"https:\/\/candas365.es\/noticias\/las-propuestas-de-tito-bustillo-y-el-muja-para-el-puente-de-mayo\/#organizationLogo"},"sameAs":["https:\/\/www.facebook.com\/Nachofdezber","https:\/\/x.com\/NabercoDigital","https:\/\/www.instagram.com\/nachofdezber\/","https:\/\/www.youtube.com\/channel\/UCZP-2wLEB9Rv6erhFmqVnvg"],"address":{"@id":"https:\/\/candas365.es\/noticias\/#postaladdress","@type":"PostalAddress","streetAddress":"san antonio 4, san antonio 4","postalCode":"33430","addressLocality":"Cand\u00e1s","addressRegion":"Asturias","addressCountry":"ES"}},{"@type":"Person","@id":"https:\/\/candas365.es\/noticias\/author\/admin\/#author","url":"https:\/\/candas365.es\/noticias\/author\/admin\/","name":"Cand\u00e1s 365","image":{"@type":"ImageObject","@id":"https:\/\/candas365.es\/noticias\/las-propuestas-de-tito-bustillo-y-el-muja-para-el-puente-de-mayo\/#authorImage","url":"https:\/\/secure.gravatar.com\/avatar\/496a8e03d0c493ede1718b7934145dbdf8d89be1036b0eec9544e1094c9de390?s=96&d=mm&r=g","width":96,"height":96,"caption":"Cand\u00e1s 365"},"sameAs":["https:\/\/www.facebook.com\/carrenoactualidad","https:\/\/twitter.com\/nbasturias","https:\/\/www.instagram.com\/nachofdezber\/","https:\/\/www.youtube.com\/channel\/UCZP-2wLEB9Rv6erhFmqVnvg"]},{"@type":"WebPage","@id":"https:\/\/candas365.es\/noticias\/las-propuestas-de-tito-bustillo-y-el-muja-para-el-puente-de-mayo\/#webpage","url":"https:\/\/candas365.es\/noticias\/las-propuestas-de-tito-bustillo-y-el-muja-para-el-puente-de-mayo\/","name":"Las propuestas de Tito Bustillo y el MUJA para el Puente de Mayo | Cand\u00e1s 365","description":"Del 28 de abril al 1 de mayo, el Museo del Jur\u00e1sico de Asturias (MUJA) y el Centro de Arte Rupestre de Tito Bustillo abren todos los d\u00edas con un completo programa de actividades para todos los p\u00fablicos. En el MUJA, la \u201cpaleont\u00f3loga\u201d Laura Icnita ser\u00e1 la encargada de mostrar alguno de los aspectos m\u00e1s","inLanguage":"es-ES","isPartOf":{"@id":"https:\/\/candas365.es\/noticias\/#website"},"breadcrumb":{"@id":"https:\/\/candas365.es\/noticias\/las-propuestas-de-tito-bustillo-y-el-muja-para-el-puente-de-mayo\/#breadcrumblist"},"author":{"@id":"https:\/\/candas365.es\/noticias\/author\/admin\/#author"},"creator":{"@id":"https:\/\/candas365.es\/noticias\/author\/admin\/#author"},"image":{"@type":"ImageObject","url":"https:\/\/candas365.es\/noticias\/wp-content\/uploads\/2018\/04\/MUJA.jpg","@id":"https:\/\/candas365.es\/noticias\/las-propuestas-de-tito-bustillo-y-el-muja-para-el-puente-de-mayo\/#mainImage","width":1280,"height":853},"primaryImageOfPage":{"@id":"https:\/\/candas365.es\/noticias\/las-propuestas-de-tito-bustillo-y-el-muja-para-el-puente-de-mayo\/#mainImage"},"datePublished":"2018-04-24T20:58:08+02:00","dateModified":"2018-04-24T20:58:08+02:00"},{"@type":"WebSite","@id":"https:\/\/candas365.es\/noticias\/#website","url":"https:\/\/candas365.es\/noticias\/","name":"Cand\u00e1s 365","alternateName":"Cand\u00e1s 365 Noticias","description":"Actualidad desde Carre\u00f1o para el mundo","inLanguage":"es-ES","publisher":{"@id":"https:\/\/candas365.es\/noticias\/#organization"}}]},"og:locale":"es_ES","og:site_name":"Cand\u00e1s 365","og:type":"article","og:title":"Las propuestas de Tito Bustillo y el MUJA para el Puente de Mayo | Cand\u00e1s 365","og:description":"Del 28 de abril al 1 de mayo, el Museo del Jur\u00e1sico de Asturias (MUJA) y el Centro de Arte Rupestre de Tito Bustillo abren todos los d\u00edas con un completo programa de actividades para todos los p\u00fablicos. En el MUJA, la \u201cpaleont\u00f3loga\u201d Laura Icnita ser\u00e1 la encargada de mostrar alguno de los aspectos m\u00e1s","og:url":"https:\/\/candas365.es\/noticias\/las-propuestas-de-tito-bustillo-y-el-muja-para-el-puente-de-mayo\/","og:image":"https:\/\/candas365.es\/noticias\/wp-content\/uploads\/2018\/04\/MUJA.jpg","og:image:secure_url":"https:\/\/candas365.es\/noticias\/wp-content\/uploads\/2018\/04\/MUJA.jpg","og:image:width":1280,"og:image:height":853,"article:published_time":"2018-04-24T20:58:08+00:00","article:modified_time":"2018-04-24T20:58:08+00:00","article:publisher":"https:\/\/www.facebook.com\/Nachofdezber","article:author":"https:\/\/www.facebook.com\/carrenoactualidad","twitter:card":"summary_large_image","twitter:site":"@NabercoDigital","twitter:title":"Las propuestas de Tito Bustillo y el MUJA para el Puente de Mayo | Cand\u00e1s 365","twitter:description":"Del 28 de abril al 1 de mayo, el Museo del Jur\u00e1sico de Asturias (MUJA) y el Centro de Arte Rupestre de Tito Bustillo abren todos los d\u00edas con un completo programa de actividades para todos los p\u00fablicos. En el MUJA, la \u201cpaleont\u00f3loga\u201d Laura Icnita ser\u00e1 la encargada de mostrar alguno de los aspectos m\u00e1s","twitter:creator":"@nbasturias","twitter:image":"https:\/\/candas365.es\/noticias\/wp-content\/uploads\/2018\/04\/MUJA.jpg","twitter:label1":"Escrito por","twitter:data1":"Cand\u00e1s 365","twitter:label2":"Tiempo de lectura estimado","twitter:data2":"3 minutos"},"aioseo_meta_data":{"post_id":"94559","title":null,"description":null,"keywords":null,"keyphrases":null,"primary_term":null,"canonical_url":null,"og_title":null,"og_description":null,"og_object_type":"default","og_image_type":"default","og_image_url":null,"og_image_width":null,"og_image_height":null,"og_image_custom_url":null,"og_image_custom_fields":null,"og_video":null,"og_custom_url":null,"og_article_section":null,"og_article_tags":null,"twitter_use_og":false,"twitter_card":"default","twitter_image_type":"default","twitter_image_url":null,"twitter_image_custom_url":null,"twitter_image_custom_fields":null,"twitter_title":null,"twitter_description":null,"schema":{"blockGraphs":[],"customGraphs":[],"default":{"data":{"Article":[],"Course":[],"Dataset":[],"FAQPage":[],"Movie":[],"Person":[],"Product":[],"ProductReview":[],"Car":[],"Recipe":[],"Service":[],"SoftwareApplication":[],"WebPage":[]},"graphName":"","isEnabled":true},"graphs":[]},"schema_type":null,"schema_type_options":null,"pillar_content":false,"robots_default":true,"robots_noindex":false,"robots_noarchive":false,"robots_nosnippet":false,"robots_nofollow":false,"robots_noimageindex":false,"robots_noodp":false,"robots_notranslate":false,"robots_max_snippet":null,"robots_max_videopreview":null,"robots_max_imagepreview":"large","priority":null,"frequency":null,"location":null,"local_seo":null,"seo_analyzer_scan_date":"2025-08-26 19:17:16","breadcrumb_settings":null,"limit_modified_date":false,"reviewed_by":null,"open_ai":null,"ai":null,"created":"2020-12-21 11:53:01","updated":"2025-08-26 19:17:16"},"aioseo_breadcrumb":"<div class=\"aioseo-breadcrumbs\"><span class=\"aioseo-breadcrumb\">\n\t<a href=\"https:\/\/candas365.es\/noticias\" title=\"Home\">Home<\/a>\n<\/span><span class=\"aioseo-breadcrumb-separator\">&ndash;<\/span><span class=\"aioseo-breadcrumb\">\n\t<a href=\"https:\/\/candas365.es\/noticias\/category\/agenda\/\" title=\"Agenda\">Agenda<\/a>\n<\/span><span class=\"aioseo-breadcrumb-separator\">&ndash;<\/span><span class=\"aioseo-breadcrumb\">\n\tLas propuestas de Tito Bustillo y el MUJA para el Puente de Mayo\n<\/span><\/div>","aioseo_breadcrumb_json":[{"label":"Home","link":"https:\/\/candas365.es\/noticias"},{"label":"Agenda","link":"https:\/\/candas365.es\/noticias\/category\/agenda\/"},{"label":"Las propuestas de Tito Bustillo y el MUJA para el Puente de Mayo","link":"https:\/\/candas365.es\/noticias\/las-propuestas-de-tito-bustillo-y-el-muja-para-el-puente-de-mayo\/"}],"_links":{"self":[{"href":"https:\/\/candas365.es\/noticias\/wp-json\/wp\/v2\/posts\/94559","targetHints":{"allow":["GET"]}}],"collection":[{"href":"https:\/\/candas365.es\/noticias\/wp-json\/wp\/v2\/posts"}],"about":[{"href":"https:\/\/candas365.es\/noticias\/wp-json\/wp\/v2\/types\/post"}],"author":[{"embeddable":true,"href":"https:\/\/candas365.es\/noticias\/wp-json\/wp\/v2\/users\/1"}],"replies":[{"embeddable":true,"href":"https:\/\/candas365.es\/noticias\/wp-json\/wp\/v2\/comments?post=94559"}],"version-history":[{"count":0,"href":"https:\/\/candas365.es\/noticias\/wp-json\/wp\/v2\/posts\/94559\/revisions"}],"wp:featuredmedia":[{"embeddable":true,"href":"https:\/\/candas365.es\/noticias\/wp-json\/wp\/v2\/media\/94560"}],"wp:attachment":[{"href":"https:\/\/candas365.es\/noticias\/wp-json\/wp\/v2\/media?parent=94559"}],"wp:term":[{"taxonomy":"category","embeddable":true,"href":"https:\/\/candas365.es\/noticias\/wp-json\/wp\/v2\/categories?post=94559"},{"taxonomy":"post_tag","embeddable":true,"href":"https:\/\/candas365.es\/noticias\/wp-json\/wp\/v2\/tags?post=94559"}],"curies":[{"name":"wp","href":"https:\/\/api.w.org\/{rel}","templated":true}]}}