{"id":94505,"date":"2018-04-24T12:48:48","date_gmt":"2018-04-24T12:48:48","guid":{"rendered":"http:\/\/candas365.es\/noticias\/?p=94505"},"modified":"2018-04-24T12:48:48","modified_gmt":"2018-04-24T12:48:48","slug":"charla-taller-primeros-auxilios-en-inteligencia-emocional-en-candas","status":"publish","type":"post","link":"https:\/\/candas365.es\/noticias\/charla-taller-primeros-auxilios-en-inteligencia-emocional-en-candas\/","title":{"rendered":"Charla-taller \u201cPrimeros Auxilios en Inteligencia Emocional\u201d, en Cand\u00e1s"},"content":{"rendered":"<p><img fetchpriority=\"high\" decoding=\"async\" class=\"alignleft size-medium wp-image-2364\" src=\"https:\/\/candas365.es\/noticias\/wp-content\/uploads\/2014\/10\/Polivalente-360x270.jpg\" alt=\"\" width=\"360\" height=\"270\" srcset=\"https:\/\/candas365.es\/noticias\/wp-content\/uploads\/2014\/10\/Polivalente-360x270.jpg 360w, https:\/\/candas365.es\/noticias\/wp-content\/uploads\/2014\/10\/Polivalente-640x480.jpg 640w, https:\/\/candas365.es\/noticias\/wp-content\/uploads\/2014\/10\/Polivalente-768x576.jpg 768w, https:\/\/candas365.es\/noticias\/wp-content\/uploads\/2014\/10\/Polivalente-150x113.jpg 150w, https:\/\/candas365.es\/noticias\/wp-content\/uploads\/2014\/10\/Polivalente-450x338.jpg 450w, https:\/\/candas365.es\/noticias\/wp-content\/uploads\/2014\/10\/Polivalente-80x60.jpg 80w, https:\/\/candas365.es\/noticias\/wp-content\/uploads\/2014\/10\/Polivalente-265x198.jpg 265w, https:\/\/candas365.es\/noticias\/wp-content\/uploads\/2014\/10\/Polivalente-696x522.jpg 696w, https:\/\/candas365.es\/noticias\/wp-content\/uploads\/2014\/10\/Polivalente-560x420.jpg 560w, https:\/\/candas365.es\/noticias\/wp-content\/uploads\/2014\/10\/Polivalente-90x67.jpg 90w, https:\/\/candas365.es\/noticias\/wp-content\/uploads\/2014\/10\/Polivalente.jpg 1024w\" sizes=\"(max-width: 360px) 100vw, 360px\" \/>En la tarde de hoy, martes 24 de abril, en el Sal\u00f3n de Actos del Edificio Polivalente \u201cLa Baraga\u00f1a\u201d se celebra la charla-taller \u201cPrimeros Auxilios en Inteligencia Emocional\u201d.<\/p>\n<p>Esta actividad se enmarca dentro de los actos de la Semana Cultural \u201cSumando Capacidades\u201d que anualmente el Colegio de Educaci\u00f3n Infantil y Primaria (CEIP) Poeta Ant\u00f3n de Marirreguera viene celebrando. Y que este a\u00f1o se desarrolla a lo largo de esta semana, del lunes 23 de abril al viernes 27 de abril<\/p>\n<p>Desde hace 5 cursos acad\u00e9micos el centro escolar viene realizando un conjunto de actividades con el objetivo de inculcar en el alumnado un valor a\u00f1adido: ponerse en el lugar de la otra persona y conocer que hay diferentes maneras de aprender y crecer. Se han vinculado dichas actividades hacia el respeto de la otra persona, desde el conocimiento, mirando la diversidad funcional como parte de nuestra sociedad, incluyendo las diferencias. Por lo que la Semana Cultura de este curso 2017-2018 est\u00e1 girando en torno a la inclusi\u00f3n \u201cSumando Capacidades\u201d y lanzando una mirada diferente.<\/p>\n<p>La sesi\u00f3n formativa la impartir\u00e1 la Formadora Ocupacional Carmen de la Rosa. La cual es experta en Inteligencia Emocional (IE)por la Universidad Internacional de La Rioja. Adem\u00e1s de ser presidenta de la Asociaci\u00f3n de Personas con Autismo \u201cNi\u00f1os del Silencio\u201d ADANSI.<\/p>\n<p>La Inteligencia Emocional se define como la capacidad de saber manejar los sentimientos propios y ajenos, as\u00ed como la habilidad para poder controlarlos. Un buen uso de la Inteligencia Emocional provoca beneficios en el estado f\u00edsico y an\u00edmico de las personas, siendo un potente indicador del nivel de satisfacci\u00f3n tanto en el trabajo como en la vida.<\/p>\n<p>El objetivo de esta charla-coloquio es conocer qu\u00e9 es, para qu\u00e9 sirve y como entrenar la Inteligencia Emocional. La metodolog\u00eda seguir\u00e1 es combinar la exposici\u00f3n verbal y v\u00eddeos con din\u00e1micas de grupo para el an\u00e1lisis y conocimiento de la IE a trav\u00e9s de 4 bloques:<\/p>\n<p>&#8211; El secreto de las emociones.<br \/>\n&#8211; Autoconcepto.<br \/>\n&#8211; Estrategias de regulaci\u00f3n emocional.<br \/>\n&#8211; Automotivaci\u00f3n y metas.<\/p>\n<p>El acto contar\u00e1 con la participaci\u00f3n del alumnado de la Escuela Municipal de M\u00fasica \u201cMiguel Barrosa\u201d de Carre\u00f1o. El Grupo de C\u00e1mara, de la Escuela, 3 flautas, 1 clarinete y 2 cellos, bajo la direcci\u00f3n del profesor Javier Fern\u00e1ndez ser\u00e1n los encargados de abrir la sesi\u00f3n con sus acordes.<\/p>\n<p>Adem\u00e1s durante el mismo se proyectar\u00e1 el corto titulado \u201cBarcos de Papel\u201d elaborado por personas integrantes de la asociaci\u00f3n ADANSI. Este corto qued\u00f3 finalista en el pasado Festival Internacional de Cine de Gij\u00f3n.<\/p>\n<p>Esta actividad la organiza el CEIP \u201cPoeta Ant\u00f3n de Marirreguera\u201d en colaboraci\u00f3n con la Concejal\u00eda de Educaci\u00f3n del Ayuntamiento de Carre\u00f1o.<\/p>\n","protected":false},"excerpt":{"rendered":"<p>En la tarde de hoy, martes 24 de abril, en el Sal\u00f3n de Actos del Edificio Polivalente \u201cLa Baraga\u00f1a\u201d se celebra la charla-taller \u201cPrimeros Auxilios en Inteligencia Emocional\u201d. Esta actividad se enmarca dentro de los actos de la Semana Cultural \u201cSumando Capacidades\u201d que anualmente el Colegio de Educaci\u00f3n Infantil y Primaria (CEIP) Poeta Ant\u00f3n de<\/p>\n","protected":false},"author":1,"featured_media":2364,"comment_status":"closed","ping_status":"closed","sticky":false,"template":"","format":"standard","meta":{"footnotes":""},"categories":[2],"tags":[],"class_list":{"0":"post-94505","1":"post","2":"type-post","3":"status-publish","4":"format-standard","5":"has-post-thumbnail","7":"category-noticias-carreno"},"aioseo_notices":[],"aioseo_head":"\n\t\t<!-- All in One SEO Pro 4.9.6.2 - aioseo.com -->\n\t<meta name=\"description\" content=\"En la tarde de hoy, martes 24 de abril, en el Sal\u00f3n de Actos del Edificio Polivalente \u201cLa Baraga\u00f1a\u201d se celebra la charla-taller \u201cPrimeros Auxilios en Inteligencia Emocional\u201d. Esta actividad se enmarca dentro de los actos de la Semana Cultural \u201cSumando Capacidades\u201d que anualmente el Colegio de Educaci\u00f3n Infantil y Primaria (CEIP) Poeta Ant\u00f3n de\" \/>\n\t<meta name=\"robots\" content=\"max-image-preview:large\" \/>\n\t<meta name=\"author\" content=\"Cand\u00e1s 365\"\/>\n\t<meta name=\"google-site-verification\" content=\"UA-32230408-1\" \/>\n\t<meta name=\"msvalidate.01\" content=\"354F3CDFB2DA171B47FBE9ABF1F88D5\" \/>\n\t<meta name=\"keywords\" content=\"noticias carre\u00f1o\" \/>\n\t<link rel=\"canonical\" href=\"https:\/\/candas365.es\/noticias\/charla-taller-primeros-auxilios-en-inteligencia-emocional-en-candas\/\" \/>\n\t<meta name=\"generator\" content=\"All in One SEO Pro (AIOSEO) 4.9.6.2\" \/>\n\t\t<meta property=\"og:locale\" content=\"es_ES\" \/>\n\t\t<meta property=\"og:site_name\" content=\"Cand\u00e1s 365\" \/>\n\t\t<meta property=\"og:type\" content=\"article\" \/>\n\t\t<meta property=\"og:title\" content=\"Charla-taller \u201cPrimeros Auxilios en Inteligencia Emocional\u201d, en Cand\u00e1s | Cand\u00e1s 365\" \/>\n\t\t<meta property=\"og:description\" content=\"En la tarde de hoy, martes 24 de abril, en el Sal\u00f3n de Actos del Edificio Polivalente \u201cLa Baraga\u00f1a\u201d se celebra la charla-taller \u201cPrimeros Auxilios en Inteligencia Emocional\u201d. Esta actividad se enmarca dentro de los actos de la Semana Cultural \u201cSumando Capacidades\u201d que anualmente el Colegio de Educaci\u00f3n Infantil y Primaria (CEIP) Poeta Ant\u00f3n de\" \/>\n\t\t<meta property=\"og:url\" content=\"https:\/\/candas365.es\/noticias\/charla-taller-primeros-auxilios-en-inteligencia-emocional-en-candas\/\" \/>\n\t\t<meta property=\"og:image\" content=\"https:\/\/candas365.es\/noticias\/wp-content\/uploads\/2014\/10\/Polivalente.jpg\" \/>\n\t\t<meta property=\"og:image:secure_url\" content=\"https:\/\/candas365.es\/noticias\/wp-content\/uploads\/2014\/10\/Polivalente.jpg\" \/>\n\t\t<meta property=\"og:image:width\" content=\"1024\" \/>\n\t\t<meta property=\"og:image:height\" content=\"768\" \/>\n\t\t<meta property=\"article:published_time\" content=\"2018-04-24T12:48:48+00:00\" \/>\n\t\t<meta property=\"article:modified_time\" content=\"2018-04-24T12:48:48+00:00\" \/>\n\t\t<meta property=\"article:publisher\" content=\"https:\/\/www.facebook.com\/Nachofdezber\" \/>\n\t\t<meta property=\"article:author\" content=\"https:\/\/www.facebook.com\/carrenoactualidad\" \/>\n\t\t<meta name=\"twitter:card\" content=\"summary_large_image\" \/>\n\t\t<meta name=\"twitter:site\" content=\"@NabercoDigital\" \/>\n\t\t<meta name=\"twitter:title\" content=\"Charla-taller \u201cPrimeros Auxilios en Inteligencia Emocional\u201d, en Cand\u00e1s | Cand\u00e1s 365\" \/>\n\t\t<meta name=\"twitter:description\" content=\"En la tarde de hoy, martes 24 de abril, en el Sal\u00f3n de Actos del Edificio Polivalente \u201cLa Baraga\u00f1a\u201d se celebra la charla-taller \u201cPrimeros Auxilios en Inteligencia Emocional\u201d. Esta actividad se enmarca dentro de los actos de la Semana Cultural \u201cSumando Capacidades\u201d que anualmente el Colegio de Educaci\u00f3n Infantil y Primaria (CEIP) Poeta Ant\u00f3n de\" \/>\n\t\t<meta name=\"twitter:creator\" content=\"@nbasturias\" \/>\n\t\t<meta name=\"twitter:image\" content=\"https:\/\/candas365.es\/noticias\/wp-content\/uploads\/2014\/10\/Polivalente.jpg\" \/>\n\t\t<meta name=\"twitter:label1\" content=\"Escrito por\" \/>\n\t\t<meta name=\"twitter:data1\" content=\"Cand\u00e1s 365\" \/>\n\t\t<meta name=\"twitter:label2\" content=\"Tiempo de lectura estimado\" \/>\n\t\t<meta name=\"twitter:data2\" content=\"2 minutos\" \/>\n\t\t<script type=\"application\/ld+json\" class=\"aioseo-schema\">\n\t\t\t{\"@context\":\"https:\\\/\\\/schema.org\",\"@graph\":[{\"@type\":\"BreadcrumbList\",\"@id\":\"https:\\\/\\\/candas365.es\\\/noticias\\\/charla-taller-primeros-auxilios-en-inteligencia-emocional-en-candas\\\/#breadcrumblist\",\"itemListElement\":[{\"@type\":\"ListItem\",\"@id\":\"https:\\\/\\\/candas365.es\\\/noticias#listItem\",\"position\":1,\"name\":\"Home\",\"item\":\"https:\\\/\\\/candas365.es\\\/noticias\",\"nextItem\":{\"@type\":\"ListItem\",\"@id\":\"https:\\\/\\\/candas365.es\\\/noticias\\\/category\\\/noticias-carreno\\\/#listItem\",\"name\":\"Noticias Carre\\u00f1o\"}},{\"@type\":\"ListItem\",\"@id\":\"https:\\\/\\\/candas365.es\\\/noticias\\\/category\\\/noticias-carreno\\\/#listItem\",\"position\":2,\"name\":\"Noticias Carre\\u00f1o\",\"item\":\"https:\\\/\\\/candas365.es\\\/noticias\\\/category\\\/noticias-carreno\\\/\",\"nextItem\":{\"@type\":\"ListItem\",\"@id\":\"https:\\\/\\\/candas365.es\\\/noticias\\\/charla-taller-primeros-auxilios-en-inteligencia-emocional-en-candas\\\/#listItem\",\"name\":\"Charla-taller \\u201cPrimeros Auxilios en Inteligencia Emocional\\u201d, en Cand\\u00e1s\"},\"previousItem\":{\"@type\":\"ListItem\",\"@id\":\"https:\\\/\\\/candas365.es\\\/noticias#listItem\",\"name\":\"Home\"}},{\"@type\":\"ListItem\",\"@id\":\"https:\\\/\\\/candas365.es\\\/noticias\\\/charla-taller-primeros-auxilios-en-inteligencia-emocional-en-candas\\\/#listItem\",\"position\":3,\"name\":\"Charla-taller \\u201cPrimeros Auxilios en Inteligencia Emocional\\u201d, en Cand\\u00e1s\",\"previousItem\":{\"@type\":\"ListItem\",\"@id\":\"https:\\\/\\\/candas365.es\\\/noticias\\\/category\\\/noticias-carreno\\\/#listItem\",\"name\":\"Noticias Carre\\u00f1o\"}}]},{\"@type\":\"NewsArticle\",\"@id\":\"https:\\\/\\\/candas365.es\\\/noticias\\\/charla-taller-primeros-auxilios-en-inteligencia-emocional-en-candas\\\/#newsarticle\",\"name\":\"Charla-taller \\u201cPrimeros Auxilios en Inteligencia Emocional\\u201d, en Cand\\u00e1s | Cand\\u00e1s 365\",\"headline\":\"Charla-taller \\u201cPrimeros Auxilios en Inteligencia Emocional\\u201d, en Cand\\u00e1s\",\"author\":{\"@id\":\"https:\\\/\\\/candas365.es\\\/noticias\\\/author\\\/admin\\\/#author\"},\"publisher\":{\"@id\":\"https:\\\/\\\/candas365.es\\\/noticias\\\/#organization\"},\"image\":{\"@type\":\"ImageObject\",\"url\":\"https:\\\/\\\/candas365.es\\\/noticias\\\/wp-content\\\/uploads\\\/2014\\\/10\\\/Polivalente.jpg\",\"width\":1024,\"height\":768},\"datePublished\":\"2018-04-24T12:48:48+02:00\",\"dateModified\":\"2018-04-24T12:48:48+02:00\",\"inLanguage\":\"es-ES\",\"mainEntityOfPage\":{\"@id\":\"https:\\\/\\\/candas365.es\\\/noticias\\\/charla-taller-primeros-auxilios-en-inteligencia-emocional-en-candas\\\/#webpage\"},\"isPartOf\":{\"@id\":\"https:\\\/\\\/candas365.es\\\/noticias\\\/charla-taller-primeros-auxilios-en-inteligencia-emocional-en-candas\\\/#webpage\"},\"articleSection\":\"Noticias Carre\\u00f1o\",\"dateline\":\"Publicado el abril 24, 2018.\"},{\"@type\":\"Organization\",\"@id\":\"https:\\\/\\\/candas365.es\\\/noticias\\\/#organization\",\"name\":\"Cand\\u00e1s 365\",\"description\":\"Cand\\u00e1s 365 es un diario digital independiente, fundado en 2012, con base en Asturias. Informamos con rigor sobre actualidad, sociedad, cultura y ocio, con una mirada local y global.\",\"url\":\"https:\\\/\\\/candas365.es\\\/noticias\\\/\",\"email\":\"info@candas365.es\",\"telephone\":\"+34652131393\",\"foundingDate\":\"2012-06-10\",\"logo\":{\"@type\":\"ImageObject\",\"url\":\"https:\\\/\\\/candas365.es\\\/noticias\\\/wp-content\\\/uploads\\\/2024\\\/09\\\/Candas-365-Redes.jpg\",\"@id\":\"https:\\\/\\\/candas365.es\\\/noticias\\\/charla-taller-primeros-auxilios-en-inteligencia-emocional-en-candas\\\/#organizationLogo\",\"width\":1152,\"height\":864,\"caption\":\"Cand\\u00e1s 365 Redes\"},\"image\":{\"@id\":\"https:\\\/\\\/candas365.es\\\/noticias\\\/charla-taller-primeros-auxilios-en-inteligencia-emocional-en-candas\\\/#organizationLogo\"},\"sameAs\":[\"https:\\\/\\\/www.facebook.com\\\/Nachofdezber\",\"https:\\\/\\\/x.com\\\/NabercoDigital\",\"https:\\\/\\\/www.instagram.com\\\/nachofdezber\\\/\",\"https:\\\/\\\/www.youtube.com\\\/channel\\\/UCZP-2wLEB9Rv6erhFmqVnvg\"],\"address\":{\"@id\":\"https:\\\/\\\/candas365.es\\\/noticias\\\/#postaladdress\",\"@type\":\"PostalAddress\",\"streetAddress\":\"san antonio 4, san antonio 4\",\"postalCode\":\"33430\",\"addressLocality\":\"Cand\\u00e1s\",\"addressRegion\":\"Asturias\",\"addressCountry\":\"ES\"}},{\"@type\":\"Person\",\"@id\":\"https:\\\/\\\/candas365.es\\\/noticias\\\/author\\\/admin\\\/#author\",\"url\":\"https:\\\/\\\/candas365.es\\\/noticias\\\/author\\\/admin\\\/\",\"name\":\"Cand\\u00e1s 365\",\"image\":{\"@type\":\"ImageObject\",\"@id\":\"https:\\\/\\\/candas365.es\\\/noticias\\\/charla-taller-primeros-auxilios-en-inteligencia-emocional-en-candas\\\/#authorImage\",\"url\":\"https:\\\/\\\/secure.gravatar.com\\\/avatar\\\/496a8e03d0c493ede1718b7934145dbdf8d89be1036b0eec9544e1094c9de390?s=96&d=mm&r=g\",\"width\":96,\"height\":96,\"caption\":\"Cand\\u00e1s 365\"},\"sameAs\":[\"https:\\\/\\\/www.facebook.com\\\/carrenoactualidad\",\"https:\\\/\\\/twitter.com\\\/nbasturias\",\"https:\\\/\\\/www.instagram.com\\\/nachofdezber\\\/\",\"https:\\\/\\\/www.youtube.com\\\/channel\\\/UCZP-2wLEB9Rv6erhFmqVnvg\"]},{\"@type\":\"WebPage\",\"@id\":\"https:\\\/\\\/candas365.es\\\/noticias\\\/charla-taller-primeros-auxilios-en-inteligencia-emocional-en-candas\\\/#webpage\",\"url\":\"https:\\\/\\\/candas365.es\\\/noticias\\\/charla-taller-primeros-auxilios-en-inteligencia-emocional-en-candas\\\/\",\"name\":\"Charla-taller \\u201cPrimeros Auxilios en Inteligencia Emocional\\u201d, en Cand\\u00e1s | Cand\\u00e1s 365\",\"description\":\"En la tarde de hoy, martes 24 de abril, en el Sal\\u00f3n de Actos del Edificio Polivalente \\u201cLa Baraga\\u00f1a\\u201d se celebra la charla-taller \\u201cPrimeros Auxilios en Inteligencia Emocional\\u201d. Esta actividad se enmarca dentro de los actos de la Semana Cultural \\u201cSumando Capacidades\\u201d que anualmente el Colegio de Educaci\\u00f3n Infantil y Primaria (CEIP) Poeta Ant\\u00f3n de\",\"inLanguage\":\"es-ES\",\"isPartOf\":{\"@id\":\"https:\\\/\\\/candas365.es\\\/noticias\\\/#website\"},\"breadcrumb\":{\"@id\":\"https:\\\/\\\/candas365.es\\\/noticias\\\/charla-taller-primeros-auxilios-en-inteligencia-emocional-en-candas\\\/#breadcrumblist\"},\"author\":{\"@id\":\"https:\\\/\\\/candas365.es\\\/noticias\\\/author\\\/admin\\\/#author\"},\"creator\":{\"@id\":\"https:\\\/\\\/candas365.es\\\/noticias\\\/author\\\/admin\\\/#author\"},\"image\":{\"@type\":\"ImageObject\",\"url\":\"https:\\\/\\\/candas365.es\\\/noticias\\\/wp-content\\\/uploads\\\/2014\\\/10\\\/Polivalente.jpg\",\"@id\":\"https:\\\/\\\/candas365.es\\\/noticias\\\/charla-taller-primeros-auxilios-en-inteligencia-emocional-en-candas\\\/#mainImage\",\"width\":1024,\"height\":768},\"primaryImageOfPage\":{\"@id\":\"https:\\\/\\\/candas365.es\\\/noticias\\\/charla-taller-primeros-auxilios-en-inteligencia-emocional-en-candas\\\/#mainImage\"},\"datePublished\":\"2018-04-24T12:48:48+02:00\",\"dateModified\":\"2018-04-24T12:48:48+02:00\"},{\"@type\":\"WebSite\",\"@id\":\"https:\\\/\\\/candas365.es\\\/noticias\\\/#website\",\"url\":\"https:\\\/\\\/candas365.es\\\/noticias\\\/\",\"name\":\"Cand\\u00e1s 365\",\"alternateName\":\"Cand\\u00e1s 365 Noticias\",\"description\":\"Actualidad desde Carre\\u00f1o para el mundo\",\"inLanguage\":\"es-ES\",\"publisher\":{\"@id\":\"https:\\\/\\\/candas365.es\\\/noticias\\\/#organization\"}}]}\n\t\t<\/script>\n\t\t<!-- All in One SEO Pro -->\r\n\t\t<title>Charla-taller \u201cPrimeros Auxilios en Inteligencia Emocional\u201d, en Cand\u00e1s | Cand\u00e1s 365<\/title>\n\n","aioseo_head_json":{"title":"Charla-taller \u201cPrimeros Auxilios en Inteligencia Emocional\u201d, en Cand\u00e1s | Cand\u00e1s 365","description":"En la tarde de hoy, martes 24 de abril, en el Sal\u00f3n de Actos del Edificio Polivalente \u201cLa Baraga\u00f1a\u201d se celebra la charla-taller \u201cPrimeros Auxilios en Inteligencia Emocional\u201d. Esta actividad se enmarca dentro de los actos de la Semana Cultural \u201cSumando Capacidades\u201d que anualmente el Colegio de Educaci\u00f3n Infantil y Primaria (CEIP) Poeta Ant\u00f3n de","canonical_url":"https:\/\/candas365.es\/noticias\/charla-taller-primeros-auxilios-en-inteligencia-emocional-en-candas\/","robots":"max-image-preview:large","keywords":"noticias carre\u00f1o","webmasterTools":{"google-site-verification":"UA-32230408-1","msvalidate.01":"354F3CDFB2DA171B47FBE9ABF1F88D5","miscellaneous":""},"schema":{"@context":"https:\/\/schema.org","@graph":[{"@type":"BreadcrumbList","@id":"https:\/\/candas365.es\/noticias\/charla-taller-primeros-auxilios-en-inteligencia-emocional-en-candas\/#breadcrumblist","itemListElement":[{"@type":"ListItem","@id":"https:\/\/candas365.es\/noticias#listItem","position":1,"name":"Home","item":"https:\/\/candas365.es\/noticias","nextItem":{"@type":"ListItem","@id":"https:\/\/candas365.es\/noticias\/category\/noticias-carreno\/#listItem","name":"Noticias Carre\u00f1o"}},{"@type":"ListItem","@id":"https:\/\/candas365.es\/noticias\/category\/noticias-carreno\/#listItem","position":2,"name":"Noticias Carre\u00f1o","item":"https:\/\/candas365.es\/noticias\/category\/noticias-carreno\/","nextItem":{"@type":"ListItem","@id":"https:\/\/candas365.es\/noticias\/charla-taller-primeros-auxilios-en-inteligencia-emocional-en-candas\/#listItem","name":"Charla-taller \u201cPrimeros Auxilios en Inteligencia Emocional\u201d, en Cand\u00e1s"},"previousItem":{"@type":"ListItem","@id":"https:\/\/candas365.es\/noticias#listItem","name":"Home"}},{"@type":"ListItem","@id":"https:\/\/candas365.es\/noticias\/charla-taller-primeros-auxilios-en-inteligencia-emocional-en-candas\/#listItem","position":3,"name":"Charla-taller \u201cPrimeros Auxilios en Inteligencia Emocional\u201d, en Cand\u00e1s","previousItem":{"@type":"ListItem","@id":"https:\/\/candas365.es\/noticias\/category\/noticias-carreno\/#listItem","name":"Noticias Carre\u00f1o"}}]},{"@type":"NewsArticle","@id":"https:\/\/candas365.es\/noticias\/charla-taller-primeros-auxilios-en-inteligencia-emocional-en-candas\/#newsarticle","name":"Charla-taller \u201cPrimeros Auxilios en Inteligencia Emocional\u201d, en Cand\u00e1s | Cand\u00e1s 365","headline":"Charla-taller \u201cPrimeros Auxilios en Inteligencia Emocional\u201d, en Cand\u00e1s","author":{"@id":"https:\/\/candas365.es\/noticias\/author\/admin\/#author"},"publisher":{"@id":"https:\/\/candas365.es\/noticias\/#organization"},"image":{"@type":"ImageObject","url":"https:\/\/candas365.es\/noticias\/wp-content\/uploads\/2014\/10\/Polivalente.jpg","width":1024,"height":768},"datePublished":"2018-04-24T12:48:48+02:00","dateModified":"2018-04-24T12:48:48+02:00","inLanguage":"es-ES","mainEntityOfPage":{"@id":"https:\/\/candas365.es\/noticias\/charla-taller-primeros-auxilios-en-inteligencia-emocional-en-candas\/#webpage"},"isPartOf":{"@id":"https:\/\/candas365.es\/noticias\/charla-taller-primeros-auxilios-en-inteligencia-emocional-en-candas\/#webpage"},"articleSection":"Noticias Carre\u00f1o","dateline":"Publicado el abril 24, 2018."},{"@type":"Organization","@id":"https:\/\/candas365.es\/noticias\/#organization","name":"Cand\u00e1s 365","description":"Cand\u00e1s 365 es un diario digital independiente, fundado en 2012, con base en Asturias. Informamos con rigor sobre actualidad, sociedad, cultura y ocio, con una mirada local y global.","url":"https:\/\/candas365.es\/noticias\/","email":"info@candas365.es","telephone":"+34652131393","foundingDate":"2012-06-10","logo":{"@type":"ImageObject","url":"https:\/\/candas365.es\/noticias\/wp-content\/uploads\/2024\/09\/Candas-365-Redes.jpg","@id":"https:\/\/candas365.es\/noticias\/charla-taller-primeros-auxilios-en-inteligencia-emocional-en-candas\/#organizationLogo","width":1152,"height":864,"caption":"Cand\u00e1s 365 Redes"},"image":{"@id":"https:\/\/candas365.es\/noticias\/charla-taller-primeros-auxilios-en-inteligencia-emocional-en-candas\/#organizationLogo"},"sameAs":["https:\/\/www.facebook.com\/Nachofdezber","https:\/\/x.com\/NabercoDigital","https:\/\/www.instagram.com\/nachofdezber\/","https:\/\/www.youtube.com\/channel\/UCZP-2wLEB9Rv6erhFmqVnvg"],"address":{"@id":"https:\/\/candas365.es\/noticias\/#postaladdress","@type":"PostalAddress","streetAddress":"san antonio 4, san antonio 4","postalCode":"33430","addressLocality":"Cand\u00e1s","addressRegion":"Asturias","addressCountry":"ES"}},{"@type":"Person","@id":"https:\/\/candas365.es\/noticias\/author\/admin\/#author","url":"https:\/\/candas365.es\/noticias\/author\/admin\/","name":"Cand\u00e1s 365","image":{"@type":"ImageObject","@id":"https:\/\/candas365.es\/noticias\/charla-taller-primeros-auxilios-en-inteligencia-emocional-en-candas\/#authorImage","url":"https:\/\/secure.gravatar.com\/avatar\/496a8e03d0c493ede1718b7934145dbdf8d89be1036b0eec9544e1094c9de390?s=96&d=mm&r=g","width":96,"height":96,"caption":"Cand\u00e1s 365"},"sameAs":["https:\/\/www.facebook.com\/carrenoactualidad","https:\/\/twitter.com\/nbasturias","https:\/\/www.instagram.com\/nachofdezber\/","https:\/\/www.youtube.com\/channel\/UCZP-2wLEB9Rv6erhFmqVnvg"]},{"@type":"WebPage","@id":"https:\/\/candas365.es\/noticias\/charla-taller-primeros-auxilios-en-inteligencia-emocional-en-candas\/#webpage","url":"https:\/\/candas365.es\/noticias\/charla-taller-primeros-auxilios-en-inteligencia-emocional-en-candas\/","name":"Charla-taller \u201cPrimeros Auxilios en Inteligencia Emocional\u201d, en Cand\u00e1s | Cand\u00e1s 365","description":"En la tarde de hoy, martes 24 de abril, en el Sal\u00f3n de Actos del Edificio Polivalente \u201cLa Baraga\u00f1a\u201d se celebra la charla-taller \u201cPrimeros Auxilios en Inteligencia Emocional\u201d. Esta actividad se enmarca dentro de los actos de la Semana Cultural \u201cSumando Capacidades\u201d que anualmente el Colegio de Educaci\u00f3n Infantil y Primaria (CEIP) Poeta Ant\u00f3n de","inLanguage":"es-ES","isPartOf":{"@id":"https:\/\/candas365.es\/noticias\/#website"},"breadcrumb":{"@id":"https:\/\/candas365.es\/noticias\/charla-taller-primeros-auxilios-en-inteligencia-emocional-en-candas\/#breadcrumblist"},"author":{"@id":"https:\/\/candas365.es\/noticias\/author\/admin\/#author"},"creator":{"@id":"https:\/\/candas365.es\/noticias\/author\/admin\/#author"},"image":{"@type":"ImageObject","url":"https:\/\/candas365.es\/noticias\/wp-content\/uploads\/2014\/10\/Polivalente.jpg","@id":"https:\/\/candas365.es\/noticias\/charla-taller-primeros-auxilios-en-inteligencia-emocional-en-candas\/#mainImage","width":1024,"height":768},"primaryImageOfPage":{"@id":"https:\/\/candas365.es\/noticias\/charla-taller-primeros-auxilios-en-inteligencia-emocional-en-candas\/#mainImage"},"datePublished":"2018-04-24T12:48:48+02:00","dateModified":"2018-04-24T12:48:48+02:00"},{"@type":"WebSite","@id":"https:\/\/candas365.es\/noticias\/#website","url":"https:\/\/candas365.es\/noticias\/","name":"Cand\u00e1s 365","alternateName":"Cand\u00e1s 365 Noticias","description":"Actualidad desde Carre\u00f1o para el mundo","inLanguage":"es-ES","publisher":{"@id":"https:\/\/candas365.es\/noticias\/#organization"}}]},"og:locale":"es_ES","og:site_name":"Cand\u00e1s 365","og:type":"article","og:title":"Charla-taller \u201cPrimeros Auxilios en Inteligencia Emocional\u201d, en Cand\u00e1s | Cand\u00e1s 365","og:description":"En la tarde de hoy, martes 24 de abril, en el Sal\u00f3n de Actos del Edificio Polivalente \u201cLa Baraga\u00f1a\u201d se celebra la charla-taller \u201cPrimeros Auxilios en Inteligencia Emocional\u201d. Esta actividad se enmarca dentro de los actos de la Semana Cultural \u201cSumando Capacidades\u201d que anualmente el Colegio de Educaci\u00f3n Infantil y Primaria (CEIP) Poeta Ant\u00f3n de","og:url":"https:\/\/candas365.es\/noticias\/charla-taller-primeros-auxilios-en-inteligencia-emocional-en-candas\/","og:image":"https:\/\/candas365.es\/noticias\/wp-content\/uploads\/2014\/10\/Polivalente.jpg","og:image:secure_url":"https:\/\/candas365.es\/noticias\/wp-content\/uploads\/2014\/10\/Polivalente.jpg","og:image:width":1024,"og:image:height":768,"article:published_time":"2018-04-24T12:48:48+00:00","article:modified_time":"2018-04-24T12:48:48+00:00","article:publisher":"https:\/\/www.facebook.com\/Nachofdezber","article:author":"https:\/\/www.facebook.com\/carrenoactualidad","twitter:card":"summary_large_image","twitter:site":"@NabercoDigital","twitter:title":"Charla-taller \u201cPrimeros Auxilios en Inteligencia Emocional\u201d, en Cand\u00e1s | Cand\u00e1s 365","twitter:description":"En la tarde de hoy, martes 24 de abril, en el Sal\u00f3n de Actos del Edificio Polivalente \u201cLa Baraga\u00f1a\u201d se celebra la charla-taller \u201cPrimeros Auxilios en Inteligencia Emocional\u201d. Esta actividad se enmarca dentro de los actos de la Semana Cultural \u201cSumando Capacidades\u201d que anualmente el Colegio de Educaci\u00f3n Infantil y Primaria (CEIP) Poeta Ant\u00f3n de","twitter:creator":"@nbasturias","twitter:image":"https:\/\/candas365.es\/noticias\/wp-content\/uploads\/2014\/10\/Polivalente.jpg","twitter:label1":"Escrito por","twitter:data1":"Cand\u00e1s 365","twitter:label2":"Tiempo de lectura estimado","twitter:data2":"2 minutos"},"aioseo_meta_data":{"post_id":"94505","title":null,"description":null,"keywords":null,"keyphrases":null,"primary_term":null,"canonical_url":null,"og_title":null,"og_description":null,"og_object_type":"default","og_image_type":"default","og_image_url":null,"og_image_width":null,"og_image_height":null,"og_image_custom_url":null,"og_image_custom_fields":null,"og_video":null,"og_custom_url":null,"og_article_section":null,"og_article_tags":null,"twitter_use_og":false,"twitter_card":"default","twitter_image_type":"default","twitter_image_url":null,"twitter_image_custom_url":null,"twitter_image_custom_fields":null,"twitter_title":null,"twitter_description":null,"schema":{"blockGraphs":[],"customGraphs":[],"default":{"data":{"Article":[],"Course":[],"Dataset":[],"FAQPage":[],"Movie":[],"Person":[],"Product":[],"ProductReview":[],"Car":[],"Recipe":[],"Service":[],"SoftwareApplication":[],"WebPage":[]},"graphName":"","isEnabled":true},"graphs":[]},"schema_type":null,"schema_type_options":null,"pillar_content":false,"robots_default":true,"robots_noindex":false,"robots_noarchive":false,"robots_nosnippet":false,"robots_nofollow":false,"robots_noimageindex":false,"robots_noodp":false,"robots_notranslate":false,"robots_max_snippet":null,"robots_max_videopreview":null,"robots_max_imagepreview":"large","priority":null,"frequency":null,"location":null,"local_seo":null,"seo_analyzer_scan_date":"2025-08-26 19:13:09","breadcrumb_settings":null,"limit_modified_date":false,"reviewed_by":null,"open_ai":null,"ai":null,"created":"2020-12-21 11:53:01","updated":"2025-08-26 19:13:09"},"aioseo_breadcrumb":"<div class=\"aioseo-breadcrumbs\"><span class=\"aioseo-breadcrumb\">\n\t<a href=\"https:\/\/candas365.es\/noticias\" title=\"Home\">Home<\/a>\n<\/span><span class=\"aioseo-breadcrumb-separator\">&ndash;<\/span><span class=\"aioseo-breadcrumb\">\n\t<a href=\"https:\/\/candas365.es\/noticias\/category\/noticias-carreno\/\" title=\"Noticias Carre\u00f1o\">Noticias Carre\u00f1o<\/a>\n<\/span><span class=\"aioseo-breadcrumb-separator\">&ndash;<\/span><span class=\"aioseo-breadcrumb\">\n\tCharla-taller \u201cPrimeros Auxilios en Inteligencia Emocional\u201d, en Cand\u00e1s\n<\/span><\/div>","aioseo_breadcrumb_json":[{"label":"Home","link":"https:\/\/candas365.es\/noticias"},{"label":"Noticias Carre\u00f1o","link":"https:\/\/candas365.es\/noticias\/category\/noticias-carreno\/"},{"label":"Charla-taller \u201cPrimeros Auxilios en Inteligencia Emocional\u201d, en Cand\u00e1s","link":"https:\/\/candas365.es\/noticias\/charla-taller-primeros-auxilios-en-inteligencia-emocional-en-candas\/"}],"_links":{"self":[{"href":"https:\/\/candas365.es\/noticias\/wp-json\/wp\/v2\/posts\/94505","targetHints":{"allow":["GET"]}}],"collection":[{"href":"https:\/\/candas365.es\/noticias\/wp-json\/wp\/v2\/posts"}],"about":[{"href":"https:\/\/candas365.es\/noticias\/wp-json\/wp\/v2\/types\/post"}],"author":[{"embeddable":true,"href":"https:\/\/candas365.es\/noticias\/wp-json\/wp\/v2\/users\/1"}],"replies":[{"embeddable":true,"href":"https:\/\/candas365.es\/noticias\/wp-json\/wp\/v2\/comments?post=94505"}],"version-history":[{"count":0,"href":"https:\/\/candas365.es\/noticias\/wp-json\/wp\/v2\/posts\/94505\/revisions"}],"wp:featuredmedia":[{"embeddable":true,"href":"https:\/\/candas365.es\/noticias\/wp-json\/wp\/v2\/media\/2364"}],"wp:attachment":[{"href":"https:\/\/candas365.es\/noticias\/wp-json\/wp\/v2\/media?parent=94505"}],"wp:term":[{"taxonomy":"category","embeddable":true,"href":"https:\/\/candas365.es\/noticias\/wp-json\/wp\/v2\/categories?post=94505"},{"taxonomy":"post_tag","embeddable":true,"href":"https:\/\/candas365.es\/noticias\/wp-json\/wp\/v2\/tags?post=94505"}],"curies":[{"name":"wp","href":"https:\/\/api.w.org\/{rel}","templated":true}]}}