{"id":94384,"date":"2018-04-22T19:49:04","date_gmt":"2018-04-22T19:49:04","guid":{"rendered":"http:\/\/candas365.es\/noticias\/?p=94384"},"modified":"2018-04-22T19:49:04","modified_gmt":"2018-04-22T19:49:04","slug":"arranca-la-sexta-edicion-de-masterchef-celebrity","status":"publish","type":"post","link":"https:\/\/candas365.es\/noticias\/arranca-la-sexta-edicion-de-masterchef-celebrity\/","title":{"rendered":"Arranca la sexta edici\u00f3n de MasterChef Celebrity"},"content":{"rendered":"<p><img fetchpriority=\"high\" decoding=\"async\" class=\"alignleft size-medium wp-image-94385\" src=\"https:\/\/candas365.es\/noticias\/wp-content\/uploads\/2018\/04\/tele220105181-360x203.jpg\" alt=\"\" width=\"360\" height=\"203\" srcset=\"https:\/\/candas365.es\/noticias\/wp-content\/uploads\/2018\/04\/tele220105181-360x203.jpg 360w, https:\/\/candas365.es\/noticias\/wp-content\/uploads\/2018\/04\/tele220105181-768x432.jpg 768w, https:\/\/candas365.es\/noticias\/wp-content\/uploads\/2018\/04\/tele220105181-655x368.jpg 655w, https:\/\/candas365.es\/noticias\/wp-content\/uploads\/2018\/04\/tele220105181-696x392.jpg 696w, https:\/\/candas365.es\/noticias\/wp-content\/uploads\/2018\/04\/tele220105181-1068x601.jpg 1068w, https:\/\/candas365.es\/noticias\/wp-content\/uploads\/2018\/04\/tele220105181-747x420.jpg 747w, https:\/\/candas365.es\/noticias\/wp-content\/uploads\/2018\/04\/tele220105181.jpg 1600w\" sizes=\"(max-width: 360px) 100vw, 360px\" \/>Pepe Rodr\u00edguez Rey, Samantha Vallejo-N\u00e1gera y Jordi Cruz lo tienen todo preparado para recibir, este domingo a las 22.05 horas, a los nuevos aprendices an\u00f3nimos de MasterChef 6 en La 1, pero mientras, en sus cocinas empezar\u00e1 muy pronto la grabaci\u00f3n de MasterChef Celebrity 3. Esta ma\u00f1ana, Anne Igartiburu anunciaba en exclusiva en el programa de TVE &#8216;Coraz\u00f3n&#8217;, los nombres de los aspirantes de MasterChef Celebrity 3 que ya han sido confirmados para participar en la tercera edici\u00f3n con famosos del talent show de cocina m\u00e1s duro del mundo.<\/p>\n<p>Los cantantes Mario Vaquerizo y Xuso Jones; el presentador y escritor Boris Izaguirre (finalista del Premio Planeta en 2007); los actores Mar\u00eda Castro (Premio Ondas 2009), Paula Prendes, Dafne Fern\u00e1ndez e Iv\u00e1n Massagu\u00e9; el actor y director Santiago Segura (ganador de tres Premios Goya); el extorero \u00d3scar Higares, la capitana del equipo espa\u00f1ol de nataci\u00f3n sincronizada Ona Carbonell (ganadora de 42 medallas de oro), la empresaria Carmen Lomana y la exmodelo Antonia Dell&#8217;Atte ser\u00e1n los valientes que demostrar\u00e1n su talento culinario ante el jurado m\u00e1s exigente.<\/p>\n<p>En las pr\u00f3ximas semanas comenzar\u00e1n las grabaciones de la tercera temporada de MasterChef Celebrity con un nuevo elenco que se enfrentar\u00e1 a las duras pruebas que Pepe Rodr\u00edguez Rey, Samantha Vallejo-N\u00e1gera y Jordi Cruz est\u00e1n preparando. Ahora es el momento de demostrar esa pasi\u00f3n que solo comparten con sus familiares y amigos, y que el p\u00fablico desconoc\u00eda.<\/p>\n<p><strong>Estreno de MasterChef 6 este domingo a las 22.05 horas<\/strong><\/p>\n<p>Tras superar los castings regionales, treinta afortunados an\u00f3nimos se enfrentar\u00e1n en las batallas para ser uno de los quince aspirantes de la sexta edici\u00f3n de MasterChef. En 40 minutos deber\u00e1n cocinar un plato libre con los ingredientes que encontrar\u00e1n bajo una campana.<\/p>\n<p>Los quince aspirantes ya seleccionados, con el delantal que les acredita como aspirantes oficiales se encontrar\u00e1n en la primera prueba exterior de la edici\u00f3n, que tendr\u00e1 lugar en Segovia, declarada Patrimonio de la Humanidad por la Unesco en 1985 y que cuenta con aut\u00e9nticas joyas arquitect\u00f3nica como su Catedral, el Alc\u00e1zar y su impresionante Acueducto, que ser\u00e1 testigo de la prueba. Cocinar\u00e1n, con ingredientes que cuentan con el sello &#8216;Alimentos de Segovia&#8217; y &#8216;Tierra de Sabor&#8217;, un men\u00fa homenaje a la cocina de la zona que servir\u00e1n a jubilados y j\u00f3venes. Para superar con nota la prueba deber\u00e1n tomar nota del Mesonero Mayor de Castilla, C\u00e1ndido L\u00f3pez, que est\u00e1 al frente del Mes\u00f3n C\u00e1ndido que lleva casi 100 a\u00f1os con sus puertas abiertas.<\/p>\n<p>Aquellos que no den la talla ir\u00e1n directos a la prueba de eliminaci\u00f3n. Bajo una caja misteriosa encontrar\u00e1n una selecci\u00f3n de frutas y verduras con los que trabajar\u00e1n para hacer un plato ovo-lacto-vegetariano, con el dif\u00edcil reto de cocinar sin sal. Pepa Mu\u00f1oz, chef del restaurante El Q\u00fcenco de Pepa, compartir\u00e1 con ellos algunos de sus trucos. Uno de los aspirantes tendr\u00e1 que volver a casa antes de tiempo.<\/p>\n","protected":false},"excerpt":{"rendered":"<p>Pepe Rodr\u00edguez Rey, Samantha Vallejo-N\u00e1gera y Jordi Cruz lo tienen todo preparado para recibir, este domingo a las 22.05 horas, a los nuevos aprendices an\u00f3nimos de MasterChef 6 en La 1, pero mientras, en sus cocinas empezar\u00e1 muy pronto la grabaci\u00f3n de MasterChef Celebrity 3. Esta ma\u00f1ana, Anne Igartiburu anunciaba en exclusiva en el programa<\/p>\n","protected":false},"author":1,"featured_media":94385,"comment_status":"closed","ping_status":"closed","sticky":false,"template":"","format":"standard","meta":{"footnotes":""},"categories":[1],"tags":[],"class_list":{"0":"post-94384","1":"post","2":"type-post","3":"status-publish","4":"format-standard","5":"has-post-thumbnail","7":"category-agenda"},"aioseo_notices":[],"aioseo_head":"\n\t\t<!-- All in One SEO Pro 4.9.6.2 - aioseo.com -->\n\t<meta name=\"description\" content=\"Pepe Rodr\u00edguez Rey, Samantha Vallejo-N\u00e1gera y Jordi Cruz lo tienen todo preparado para recibir, este domingo a las 22.05 horas, a los nuevos aprendices an\u00f3nimos de MasterChef 6 en La 1, pero mientras, en sus cocinas empezar\u00e1 muy pronto la grabaci\u00f3n de MasterChef Celebrity 3. Esta ma\u00f1ana, Anne Igartiburu anunciaba en exclusiva en el programa\" \/>\n\t<meta name=\"robots\" content=\"max-image-preview:large\" \/>\n\t<meta name=\"author\" content=\"Cand\u00e1s 365\"\/>\n\t<meta name=\"google-site-verification\" content=\"UA-32230408-1\" \/>\n\t<meta name=\"msvalidate.01\" content=\"354F3CDFB2DA171B47FBE9ABF1F88D5\" \/>\n\t<meta name=\"keywords\" content=\"agenda\" \/>\n\t<link rel=\"canonical\" href=\"https:\/\/candas365.es\/noticias\/arranca-la-sexta-edicion-de-masterchef-celebrity\/\" \/>\n\t<meta name=\"generator\" content=\"All in One SEO Pro (AIOSEO) 4.9.6.2\" \/>\n\t\t<meta property=\"og:locale\" content=\"es_ES\" \/>\n\t\t<meta property=\"og:site_name\" content=\"Cand\u00e1s 365\" \/>\n\t\t<meta property=\"og:type\" content=\"article\" \/>\n\t\t<meta property=\"og:title\" content=\"Arranca la sexta edici\u00f3n de MasterChef Celebrity | Cand\u00e1s 365\" \/>\n\t\t<meta property=\"og:description\" content=\"Pepe Rodr\u00edguez Rey, Samantha Vallejo-N\u00e1gera y Jordi Cruz lo tienen todo preparado para recibir, este domingo a las 22.05 horas, a los nuevos aprendices an\u00f3nimos de MasterChef 6 en La 1, pero mientras, en sus cocinas empezar\u00e1 muy pronto la grabaci\u00f3n de MasterChef Celebrity 3. Esta ma\u00f1ana, Anne Igartiburu anunciaba en exclusiva en el programa\" \/>\n\t\t<meta property=\"og:url\" content=\"https:\/\/candas365.es\/noticias\/arranca-la-sexta-edicion-de-masterchef-celebrity\/\" \/>\n\t\t<meta property=\"og:image\" content=\"https:\/\/candas365.es\/noticias\/wp-content\/uploads\/2018\/04\/tele220105181.jpg\" \/>\n\t\t<meta property=\"og:image:secure_url\" content=\"https:\/\/candas365.es\/noticias\/wp-content\/uploads\/2018\/04\/tele220105181.jpg\" \/>\n\t\t<meta property=\"og:image:width\" content=\"1600\" \/>\n\t\t<meta property=\"og:image:height\" content=\"900\" \/>\n\t\t<meta property=\"article:published_time\" content=\"2018-04-22T19:49:04+00:00\" \/>\n\t\t<meta property=\"article:modified_time\" content=\"2018-04-22T19:49:04+00:00\" \/>\n\t\t<meta property=\"article:publisher\" content=\"https:\/\/www.facebook.com\/Nachofdezber\" \/>\n\t\t<meta property=\"article:author\" content=\"https:\/\/www.facebook.com\/carrenoactualidad\" \/>\n\t\t<meta name=\"twitter:card\" content=\"summary_large_image\" \/>\n\t\t<meta name=\"twitter:site\" content=\"@NabercoDigital\" \/>\n\t\t<meta name=\"twitter:title\" content=\"Arranca la sexta edici\u00f3n de MasterChef Celebrity | Cand\u00e1s 365\" \/>\n\t\t<meta name=\"twitter:description\" content=\"Pepe Rodr\u00edguez Rey, Samantha Vallejo-N\u00e1gera y Jordi Cruz lo tienen todo preparado para recibir, este domingo a las 22.05 horas, a los nuevos aprendices an\u00f3nimos de MasterChef 6 en La 1, pero mientras, en sus cocinas empezar\u00e1 muy pronto la grabaci\u00f3n de MasterChef Celebrity 3. Esta ma\u00f1ana, Anne Igartiburu anunciaba en exclusiva en el programa\" \/>\n\t\t<meta name=\"twitter:creator\" content=\"@nbasturias\" \/>\n\t\t<meta name=\"twitter:image\" content=\"https:\/\/candas365.es\/noticias\/wp-content\/uploads\/2018\/04\/tele220105181.jpg\" \/>\n\t\t<meta name=\"twitter:label1\" content=\"Escrito por\" \/>\n\t\t<meta name=\"twitter:data1\" content=\"Cand\u00e1s 365\" \/>\n\t\t<meta name=\"twitter:label2\" content=\"Tiempo de lectura estimado\" \/>\n\t\t<meta name=\"twitter:data2\" content=\"3 minutos\" \/>\n\t\t<script type=\"application\/ld+json\" class=\"aioseo-schema\">\n\t\t\t{\"@context\":\"https:\\\/\\\/schema.org\",\"@graph\":[{\"@type\":\"BreadcrumbList\",\"@id\":\"https:\\\/\\\/candas365.es\\\/noticias\\\/arranca-la-sexta-edicion-de-masterchef-celebrity\\\/#breadcrumblist\",\"itemListElement\":[{\"@type\":\"ListItem\",\"@id\":\"https:\\\/\\\/candas365.es\\\/noticias#listItem\",\"position\":1,\"name\":\"Home\",\"item\":\"https:\\\/\\\/candas365.es\\\/noticias\",\"nextItem\":{\"@type\":\"ListItem\",\"@id\":\"https:\\\/\\\/candas365.es\\\/noticias\\\/category\\\/agenda\\\/#listItem\",\"name\":\"Agenda\"}},{\"@type\":\"ListItem\",\"@id\":\"https:\\\/\\\/candas365.es\\\/noticias\\\/category\\\/agenda\\\/#listItem\",\"position\":2,\"name\":\"Agenda\",\"item\":\"https:\\\/\\\/candas365.es\\\/noticias\\\/category\\\/agenda\\\/\",\"nextItem\":{\"@type\":\"ListItem\",\"@id\":\"https:\\\/\\\/candas365.es\\\/noticias\\\/arranca-la-sexta-edicion-de-masterchef-celebrity\\\/#listItem\",\"name\":\"Arranca la sexta edici\\u00f3n de MasterChef Celebrity\"},\"previousItem\":{\"@type\":\"ListItem\",\"@id\":\"https:\\\/\\\/candas365.es\\\/noticias#listItem\",\"name\":\"Home\"}},{\"@type\":\"ListItem\",\"@id\":\"https:\\\/\\\/candas365.es\\\/noticias\\\/arranca-la-sexta-edicion-de-masterchef-celebrity\\\/#listItem\",\"position\":3,\"name\":\"Arranca la sexta edici\\u00f3n de MasterChef Celebrity\",\"previousItem\":{\"@type\":\"ListItem\",\"@id\":\"https:\\\/\\\/candas365.es\\\/noticias\\\/category\\\/agenda\\\/#listItem\",\"name\":\"Agenda\"}}]},{\"@type\":\"NewsArticle\",\"@id\":\"https:\\\/\\\/candas365.es\\\/noticias\\\/arranca-la-sexta-edicion-de-masterchef-celebrity\\\/#newsarticle\",\"name\":\"Arranca la sexta edici\\u00f3n de MasterChef Celebrity | Cand\\u00e1s 365\",\"headline\":\"Arranca la sexta edici\\u00f3n de MasterChef Celebrity\",\"author\":{\"@id\":\"https:\\\/\\\/candas365.es\\\/noticias\\\/author\\\/admin\\\/#author\"},\"publisher\":{\"@id\":\"https:\\\/\\\/candas365.es\\\/noticias\\\/#organization\"},\"image\":{\"@type\":\"ImageObject\",\"url\":\"https:\\\/\\\/candas365.es\\\/noticias\\\/wp-content\\\/uploads\\\/2018\\\/04\\\/tele220105181.jpg\",\"width\":1600,\"height\":900},\"datePublished\":\"2018-04-22T19:49:04+02:00\",\"dateModified\":\"2018-04-22T19:49:04+02:00\",\"inLanguage\":\"es-ES\",\"mainEntityOfPage\":{\"@id\":\"https:\\\/\\\/candas365.es\\\/noticias\\\/arranca-la-sexta-edicion-de-masterchef-celebrity\\\/#webpage\"},\"isPartOf\":{\"@id\":\"https:\\\/\\\/candas365.es\\\/noticias\\\/arranca-la-sexta-edicion-de-masterchef-celebrity\\\/#webpage\"},\"articleSection\":\"Agenda\",\"dateline\":\"Publicado el abril 22, 2018.\"},{\"@type\":\"Organization\",\"@id\":\"https:\\\/\\\/candas365.es\\\/noticias\\\/#organization\",\"name\":\"Cand\\u00e1s 365\",\"description\":\"Cand\\u00e1s 365 es un diario digital independiente, fundado en 2012, con base en Asturias. Informamos con rigor sobre actualidad, sociedad, cultura y ocio, con una mirada local y global.\",\"url\":\"https:\\\/\\\/candas365.es\\\/noticias\\\/\",\"email\":\"info@candas365.es\",\"telephone\":\"+34652131393\",\"foundingDate\":\"2012-06-10\",\"logo\":{\"@type\":\"ImageObject\",\"url\":\"https:\\\/\\\/candas365.es\\\/noticias\\\/wp-content\\\/uploads\\\/2024\\\/09\\\/Candas-365-Redes.jpg\",\"@id\":\"https:\\\/\\\/candas365.es\\\/noticias\\\/arranca-la-sexta-edicion-de-masterchef-celebrity\\\/#organizationLogo\",\"width\":1152,\"height\":864,\"caption\":\"Cand\\u00e1s 365 Redes\"},\"image\":{\"@id\":\"https:\\\/\\\/candas365.es\\\/noticias\\\/arranca-la-sexta-edicion-de-masterchef-celebrity\\\/#organizationLogo\"},\"sameAs\":[\"https:\\\/\\\/www.facebook.com\\\/Nachofdezber\",\"https:\\\/\\\/x.com\\\/NabercoDigital\",\"https:\\\/\\\/www.instagram.com\\\/nachofdezber\\\/\",\"https:\\\/\\\/www.youtube.com\\\/channel\\\/UCZP-2wLEB9Rv6erhFmqVnvg\"],\"address\":{\"@id\":\"https:\\\/\\\/candas365.es\\\/noticias\\\/#postaladdress\",\"@type\":\"PostalAddress\",\"streetAddress\":\"san antonio 4, san antonio 4\",\"postalCode\":\"33430\",\"addressLocality\":\"Cand\\u00e1s\",\"addressRegion\":\"Asturias\",\"addressCountry\":\"ES\"}},{\"@type\":\"Person\",\"@id\":\"https:\\\/\\\/candas365.es\\\/noticias\\\/author\\\/admin\\\/#author\",\"url\":\"https:\\\/\\\/candas365.es\\\/noticias\\\/author\\\/admin\\\/\",\"name\":\"Cand\\u00e1s 365\",\"image\":{\"@type\":\"ImageObject\",\"@id\":\"https:\\\/\\\/candas365.es\\\/noticias\\\/arranca-la-sexta-edicion-de-masterchef-celebrity\\\/#authorImage\",\"url\":\"https:\\\/\\\/secure.gravatar.com\\\/avatar\\\/496a8e03d0c493ede1718b7934145dbdf8d89be1036b0eec9544e1094c9de390?s=96&d=mm&r=g\",\"width\":96,\"height\":96,\"caption\":\"Cand\\u00e1s 365\"},\"sameAs\":[\"https:\\\/\\\/www.facebook.com\\\/carrenoactualidad\",\"https:\\\/\\\/twitter.com\\\/nbasturias\",\"https:\\\/\\\/www.instagram.com\\\/nachofdezber\\\/\",\"https:\\\/\\\/www.youtube.com\\\/channel\\\/UCZP-2wLEB9Rv6erhFmqVnvg\"]},{\"@type\":\"WebPage\",\"@id\":\"https:\\\/\\\/candas365.es\\\/noticias\\\/arranca-la-sexta-edicion-de-masterchef-celebrity\\\/#webpage\",\"url\":\"https:\\\/\\\/candas365.es\\\/noticias\\\/arranca-la-sexta-edicion-de-masterchef-celebrity\\\/\",\"name\":\"Arranca la sexta edici\\u00f3n de MasterChef Celebrity | Cand\\u00e1s 365\",\"description\":\"Pepe Rodr\\u00edguez Rey, Samantha Vallejo-N\\u00e1gera y Jordi Cruz lo tienen todo preparado para recibir, este domingo a las 22.05 horas, a los nuevos aprendices an\\u00f3nimos de MasterChef 6 en La 1, pero mientras, en sus cocinas empezar\\u00e1 muy pronto la grabaci\\u00f3n de MasterChef Celebrity 3. Esta ma\\u00f1ana, Anne Igartiburu anunciaba en exclusiva en el programa\",\"inLanguage\":\"es-ES\",\"isPartOf\":{\"@id\":\"https:\\\/\\\/candas365.es\\\/noticias\\\/#website\"},\"breadcrumb\":{\"@id\":\"https:\\\/\\\/candas365.es\\\/noticias\\\/arranca-la-sexta-edicion-de-masterchef-celebrity\\\/#breadcrumblist\"},\"author\":{\"@id\":\"https:\\\/\\\/candas365.es\\\/noticias\\\/author\\\/admin\\\/#author\"},\"creator\":{\"@id\":\"https:\\\/\\\/candas365.es\\\/noticias\\\/author\\\/admin\\\/#author\"},\"image\":{\"@type\":\"ImageObject\",\"url\":\"https:\\\/\\\/candas365.es\\\/noticias\\\/wp-content\\\/uploads\\\/2018\\\/04\\\/tele220105181.jpg\",\"@id\":\"https:\\\/\\\/candas365.es\\\/noticias\\\/arranca-la-sexta-edicion-de-masterchef-celebrity\\\/#mainImage\",\"width\":1600,\"height\":900},\"primaryImageOfPage\":{\"@id\":\"https:\\\/\\\/candas365.es\\\/noticias\\\/arranca-la-sexta-edicion-de-masterchef-celebrity\\\/#mainImage\"},\"datePublished\":\"2018-04-22T19:49:04+02:00\",\"dateModified\":\"2018-04-22T19:49:04+02:00\"},{\"@type\":\"WebSite\",\"@id\":\"https:\\\/\\\/candas365.es\\\/noticias\\\/#website\",\"url\":\"https:\\\/\\\/candas365.es\\\/noticias\\\/\",\"name\":\"Cand\\u00e1s 365\",\"alternateName\":\"Cand\\u00e1s 365 Noticias\",\"description\":\"Actualidad desde Carre\\u00f1o para el mundo\",\"inLanguage\":\"es-ES\",\"publisher\":{\"@id\":\"https:\\\/\\\/candas365.es\\\/noticias\\\/#organization\"}}]}\n\t\t<\/script>\n\t\t<!-- All in One SEO Pro -->\r\n\t\t<title>Arranca la sexta edici\u00f3n de MasterChef Celebrity | Cand\u00e1s 365<\/title>\n\n","aioseo_head_json":{"title":"Arranca la sexta edici\u00f3n de MasterChef Celebrity | Cand\u00e1s 365","description":"Pepe Rodr\u00edguez Rey, Samantha Vallejo-N\u00e1gera y Jordi Cruz lo tienen todo preparado para recibir, este domingo a las 22.05 horas, a los nuevos aprendices an\u00f3nimos de MasterChef 6 en La 1, pero mientras, en sus cocinas empezar\u00e1 muy pronto la grabaci\u00f3n de MasterChef Celebrity 3. Esta ma\u00f1ana, Anne Igartiburu anunciaba en exclusiva en el programa","canonical_url":"https:\/\/candas365.es\/noticias\/arranca-la-sexta-edicion-de-masterchef-celebrity\/","robots":"max-image-preview:large","keywords":"agenda","webmasterTools":{"google-site-verification":"UA-32230408-1","msvalidate.01":"354F3CDFB2DA171B47FBE9ABF1F88D5","miscellaneous":""},"schema":{"@context":"https:\/\/schema.org","@graph":[{"@type":"BreadcrumbList","@id":"https:\/\/candas365.es\/noticias\/arranca-la-sexta-edicion-de-masterchef-celebrity\/#breadcrumblist","itemListElement":[{"@type":"ListItem","@id":"https:\/\/candas365.es\/noticias#listItem","position":1,"name":"Home","item":"https:\/\/candas365.es\/noticias","nextItem":{"@type":"ListItem","@id":"https:\/\/candas365.es\/noticias\/category\/agenda\/#listItem","name":"Agenda"}},{"@type":"ListItem","@id":"https:\/\/candas365.es\/noticias\/category\/agenda\/#listItem","position":2,"name":"Agenda","item":"https:\/\/candas365.es\/noticias\/category\/agenda\/","nextItem":{"@type":"ListItem","@id":"https:\/\/candas365.es\/noticias\/arranca-la-sexta-edicion-de-masterchef-celebrity\/#listItem","name":"Arranca la sexta edici\u00f3n de MasterChef Celebrity"},"previousItem":{"@type":"ListItem","@id":"https:\/\/candas365.es\/noticias#listItem","name":"Home"}},{"@type":"ListItem","@id":"https:\/\/candas365.es\/noticias\/arranca-la-sexta-edicion-de-masterchef-celebrity\/#listItem","position":3,"name":"Arranca la sexta edici\u00f3n de MasterChef Celebrity","previousItem":{"@type":"ListItem","@id":"https:\/\/candas365.es\/noticias\/category\/agenda\/#listItem","name":"Agenda"}}]},{"@type":"NewsArticle","@id":"https:\/\/candas365.es\/noticias\/arranca-la-sexta-edicion-de-masterchef-celebrity\/#newsarticle","name":"Arranca la sexta edici\u00f3n de MasterChef Celebrity | Cand\u00e1s 365","headline":"Arranca la sexta edici\u00f3n de MasterChef Celebrity","author":{"@id":"https:\/\/candas365.es\/noticias\/author\/admin\/#author"},"publisher":{"@id":"https:\/\/candas365.es\/noticias\/#organization"},"image":{"@type":"ImageObject","url":"https:\/\/candas365.es\/noticias\/wp-content\/uploads\/2018\/04\/tele220105181.jpg","width":1600,"height":900},"datePublished":"2018-04-22T19:49:04+02:00","dateModified":"2018-04-22T19:49:04+02:00","inLanguage":"es-ES","mainEntityOfPage":{"@id":"https:\/\/candas365.es\/noticias\/arranca-la-sexta-edicion-de-masterchef-celebrity\/#webpage"},"isPartOf":{"@id":"https:\/\/candas365.es\/noticias\/arranca-la-sexta-edicion-de-masterchef-celebrity\/#webpage"},"articleSection":"Agenda","dateline":"Publicado el abril 22, 2018."},{"@type":"Organization","@id":"https:\/\/candas365.es\/noticias\/#organization","name":"Cand\u00e1s 365","description":"Cand\u00e1s 365 es un diario digital independiente, fundado en 2012, con base en Asturias. Informamos con rigor sobre actualidad, sociedad, cultura y ocio, con una mirada local y global.","url":"https:\/\/candas365.es\/noticias\/","email":"info@candas365.es","telephone":"+34652131393","foundingDate":"2012-06-10","logo":{"@type":"ImageObject","url":"https:\/\/candas365.es\/noticias\/wp-content\/uploads\/2024\/09\/Candas-365-Redes.jpg","@id":"https:\/\/candas365.es\/noticias\/arranca-la-sexta-edicion-de-masterchef-celebrity\/#organizationLogo","width":1152,"height":864,"caption":"Cand\u00e1s 365 Redes"},"image":{"@id":"https:\/\/candas365.es\/noticias\/arranca-la-sexta-edicion-de-masterchef-celebrity\/#organizationLogo"},"sameAs":["https:\/\/www.facebook.com\/Nachofdezber","https:\/\/x.com\/NabercoDigital","https:\/\/www.instagram.com\/nachofdezber\/","https:\/\/www.youtube.com\/channel\/UCZP-2wLEB9Rv6erhFmqVnvg"],"address":{"@id":"https:\/\/candas365.es\/noticias\/#postaladdress","@type":"PostalAddress","streetAddress":"san antonio 4, san antonio 4","postalCode":"33430","addressLocality":"Cand\u00e1s","addressRegion":"Asturias","addressCountry":"ES"}},{"@type":"Person","@id":"https:\/\/candas365.es\/noticias\/author\/admin\/#author","url":"https:\/\/candas365.es\/noticias\/author\/admin\/","name":"Cand\u00e1s 365","image":{"@type":"ImageObject","@id":"https:\/\/candas365.es\/noticias\/arranca-la-sexta-edicion-de-masterchef-celebrity\/#authorImage","url":"https:\/\/secure.gravatar.com\/avatar\/496a8e03d0c493ede1718b7934145dbdf8d89be1036b0eec9544e1094c9de390?s=96&d=mm&r=g","width":96,"height":96,"caption":"Cand\u00e1s 365"},"sameAs":["https:\/\/www.facebook.com\/carrenoactualidad","https:\/\/twitter.com\/nbasturias","https:\/\/www.instagram.com\/nachofdezber\/","https:\/\/www.youtube.com\/channel\/UCZP-2wLEB9Rv6erhFmqVnvg"]},{"@type":"WebPage","@id":"https:\/\/candas365.es\/noticias\/arranca-la-sexta-edicion-de-masterchef-celebrity\/#webpage","url":"https:\/\/candas365.es\/noticias\/arranca-la-sexta-edicion-de-masterchef-celebrity\/","name":"Arranca la sexta edici\u00f3n de MasterChef Celebrity | Cand\u00e1s 365","description":"Pepe Rodr\u00edguez Rey, Samantha Vallejo-N\u00e1gera y Jordi Cruz lo tienen todo preparado para recibir, este domingo a las 22.05 horas, a los nuevos aprendices an\u00f3nimos de MasterChef 6 en La 1, pero mientras, en sus cocinas empezar\u00e1 muy pronto la grabaci\u00f3n de MasterChef Celebrity 3. Esta ma\u00f1ana, Anne Igartiburu anunciaba en exclusiva en el programa","inLanguage":"es-ES","isPartOf":{"@id":"https:\/\/candas365.es\/noticias\/#website"},"breadcrumb":{"@id":"https:\/\/candas365.es\/noticias\/arranca-la-sexta-edicion-de-masterchef-celebrity\/#breadcrumblist"},"author":{"@id":"https:\/\/candas365.es\/noticias\/author\/admin\/#author"},"creator":{"@id":"https:\/\/candas365.es\/noticias\/author\/admin\/#author"},"image":{"@type":"ImageObject","url":"https:\/\/candas365.es\/noticias\/wp-content\/uploads\/2018\/04\/tele220105181.jpg","@id":"https:\/\/candas365.es\/noticias\/arranca-la-sexta-edicion-de-masterchef-celebrity\/#mainImage","width":1600,"height":900},"primaryImageOfPage":{"@id":"https:\/\/candas365.es\/noticias\/arranca-la-sexta-edicion-de-masterchef-celebrity\/#mainImage"},"datePublished":"2018-04-22T19:49:04+02:00","dateModified":"2018-04-22T19:49:04+02:00"},{"@type":"WebSite","@id":"https:\/\/candas365.es\/noticias\/#website","url":"https:\/\/candas365.es\/noticias\/","name":"Cand\u00e1s 365","alternateName":"Cand\u00e1s 365 Noticias","description":"Actualidad desde Carre\u00f1o para el mundo","inLanguage":"es-ES","publisher":{"@id":"https:\/\/candas365.es\/noticias\/#organization"}}]},"og:locale":"es_ES","og:site_name":"Cand\u00e1s 365","og:type":"article","og:title":"Arranca la sexta edici\u00f3n de MasterChef Celebrity | Cand\u00e1s 365","og:description":"Pepe Rodr\u00edguez Rey, Samantha Vallejo-N\u00e1gera y Jordi Cruz lo tienen todo preparado para recibir, este domingo a las 22.05 horas, a los nuevos aprendices an\u00f3nimos de MasterChef 6 en La 1, pero mientras, en sus cocinas empezar\u00e1 muy pronto la grabaci\u00f3n de MasterChef Celebrity 3. Esta ma\u00f1ana, Anne Igartiburu anunciaba en exclusiva en el programa","og:url":"https:\/\/candas365.es\/noticias\/arranca-la-sexta-edicion-de-masterchef-celebrity\/","og:image":"https:\/\/candas365.es\/noticias\/wp-content\/uploads\/2018\/04\/tele220105181.jpg","og:image:secure_url":"https:\/\/candas365.es\/noticias\/wp-content\/uploads\/2018\/04\/tele220105181.jpg","og:image:width":1600,"og:image:height":900,"article:published_time":"2018-04-22T19:49:04+00:00","article:modified_time":"2018-04-22T19:49:04+00:00","article:publisher":"https:\/\/www.facebook.com\/Nachofdezber","article:author":"https:\/\/www.facebook.com\/carrenoactualidad","twitter:card":"summary_large_image","twitter:site":"@NabercoDigital","twitter:title":"Arranca la sexta edici\u00f3n de MasterChef Celebrity | Cand\u00e1s 365","twitter:description":"Pepe Rodr\u00edguez Rey, Samantha Vallejo-N\u00e1gera y Jordi Cruz lo tienen todo preparado para recibir, este domingo a las 22.05 horas, a los nuevos aprendices an\u00f3nimos de MasterChef 6 en La 1, pero mientras, en sus cocinas empezar\u00e1 muy pronto la grabaci\u00f3n de MasterChef Celebrity 3. Esta ma\u00f1ana, Anne Igartiburu anunciaba en exclusiva en el programa","twitter:creator":"@nbasturias","twitter:image":"https:\/\/candas365.es\/noticias\/wp-content\/uploads\/2018\/04\/tele220105181.jpg","twitter:label1":"Escrito por","twitter:data1":"Cand\u00e1s 365","twitter:label2":"Tiempo de lectura estimado","twitter:data2":"3 minutos"},"aioseo_meta_data":{"post_id":"94384","title":null,"description":null,"keywords":null,"keyphrases":null,"primary_term":null,"canonical_url":null,"og_title":null,"og_description":null,"og_object_type":"default","og_image_type":"default","og_image_url":null,"og_image_width":null,"og_image_height":null,"og_image_custom_url":null,"og_image_custom_fields":null,"og_video":null,"og_custom_url":null,"og_article_section":null,"og_article_tags":null,"twitter_use_og":false,"twitter_card":"default","twitter_image_type":"default","twitter_image_url":null,"twitter_image_custom_url":null,"twitter_image_custom_fields":null,"twitter_title":null,"twitter_description":null,"schema":{"blockGraphs":[],"customGraphs":[],"default":{"data":{"Article":[],"Course":[],"Dataset":[],"FAQPage":[],"Movie":[],"Person":[],"Product":[],"ProductReview":[],"Car":[],"Recipe":[],"Service":[],"SoftwareApplication":[],"WebPage":[]},"graphName":"","isEnabled":true},"graphs":[],"defaultGraph":"","defaultPostTypeGraph":""},"schema_type":null,"schema_type_options":null,"pillar_content":false,"robots_default":true,"robots_noindex":false,"robots_noarchive":false,"robots_nosnippet":false,"robots_nofollow":false,"robots_noimageindex":false,"robots_noodp":false,"robots_notranslate":false,"robots_max_snippet":null,"robots_max_videopreview":null,"robots_max_imagepreview":"large","priority":null,"frequency":null,"location":null,"local_seo":null,"seo_analyzer_scan_date":"2025-08-26 19:03:12","breadcrumb_settings":null,"limit_modified_date":false,"reviewed_by":null,"open_ai":null,"ai":null,"created":"2020-12-21 11:53:07","updated":"2025-08-26 19:03:12"},"aioseo_breadcrumb":"<div class=\"aioseo-breadcrumbs\"><span class=\"aioseo-breadcrumb\">\n\t<a href=\"https:\/\/candas365.es\/noticias\" title=\"Home\">Home<\/a>\n<\/span><span class=\"aioseo-breadcrumb-separator\">&ndash;<\/span><span class=\"aioseo-breadcrumb\">\n\t<a href=\"https:\/\/candas365.es\/noticias\/category\/agenda\/\" title=\"Agenda\">Agenda<\/a>\n<\/span><span class=\"aioseo-breadcrumb-separator\">&ndash;<\/span><span class=\"aioseo-breadcrumb\">\n\tArranca la sexta edici\u00f3n de MasterChef Celebrity\n<\/span><\/div>","aioseo_breadcrumb_json":[{"label":"Home","link":"https:\/\/candas365.es\/noticias"},{"label":"Agenda","link":"https:\/\/candas365.es\/noticias\/category\/agenda\/"},{"label":"Arranca la sexta edici\u00f3n de MasterChef Celebrity","link":"https:\/\/candas365.es\/noticias\/arranca-la-sexta-edicion-de-masterchef-celebrity\/"}],"_links":{"self":[{"href":"https:\/\/candas365.es\/noticias\/wp-json\/wp\/v2\/posts\/94384","targetHints":{"allow":["GET"]}}],"collection":[{"href":"https:\/\/candas365.es\/noticias\/wp-json\/wp\/v2\/posts"}],"about":[{"href":"https:\/\/candas365.es\/noticias\/wp-json\/wp\/v2\/types\/post"}],"author":[{"embeddable":true,"href":"https:\/\/candas365.es\/noticias\/wp-json\/wp\/v2\/users\/1"}],"replies":[{"embeddable":true,"href":"https:\/\/candas365.es\/noticias\/wp-json\/wp\/v2\/comments?post=94384"}],"version-history":[{"count":0,"href":"https:\/\/candas365.es\/noticias\/wp-json\/wp\/v2\/posts\/94384\/revisions"}],"wp:featuredmedia":[{"embeddable":true,"href":"https:\/\/candas365.es\/noticias\/wp-json\/wp\/v2\/media\/94385"}],"wp:attachment":[{"href":"https:\/\/candas365.es\/noticias\/wp-json\/wp\/v2\/media?parent=94384"}],"wp:term":[{"taxonomy":"category","embeddable":true,"href":"https:\/\/candas365.es\/noticias\/wp-json\/wp\/v2\/categories?post=94384"},{"taxonomy":"post_tag","embeddable":true,"href":"https:\/\/candas365.es\/noticias\/wp-json\/wp\/v2\/tags?post=94384"}],"curies":[{"name":"wp","href":"https:\/\/api.w.org\/{rel}","templated":true}]}}