{"id":94337,"date":"2018-04-22T01:38:03","date_gmt":"2018-04-22T01:38:03","guid":{"rendered":"http:\/\/candas365.es\/noticias\/?p=94337"},"modified":"2018-04-22T01:38:03","modified_gmt":"2018-04-22T01:38:03","slug":"juan-jamart-el-tunel-de-abono-sigue-cerrado-por-culpa-del-pp","status":"publish","type":"post","link":"https:\/\/candas365.es\/noticias\/juan-jamart-el-tunel-de-abono-sigue-cerrado-por-culpa-del-pp\/","title":{"rendered":"Juan Jamart: \u201cEl t\u00fanel de Abo\u00f1o sigue cerrado por culpa del PP\u201d"},"content":{"rendered":"<p><img fetchpriority=\"high\" decoding=\"async\" class=\"alignleft size-medium wp-image-94196\" src=\"https:\/\/candas365.es\/noticias\/wp-content\/uploads\/2018\/04\/8152_1-360x203.jpg\" alt=\"\" width=\"360\" height=\"203\" srcset=\"https:\/\/candas365.es\/noticias\/wp-content\/uploads\/2018\/04\/8152_1-360x203.jpg 360w, https:\/\/candas365.es\/noticias\/wp-content\/uploads\/2018\/04\/8152_1-499x280.jpg 499w, https:\/\/candas365.es\/noticias\/wp-content\/uploads\/2018\/04\/8152_1.jpg 574w\" sizes=\"(max-width: 360px) 100vw, 360px\" \/>El presidente de FORO Carre\u00f1o, Juan Jamart ha lamentado el s\u00e1bado la oportunidad que ha tenido el Senado de Espa\u00f1a para pedir al gobierno central la reapertura del t\u00fanel de Abo\u00f1o, defraudado tanto por la abstenci\u00f3n del PSOE, del que espera una enmienda a los presupuestos generales actualmente en tramitaci\u00f3n, como por la negativa del PP ampar\u00e1ndose en el consenso de todos los asturianos. \u201cEl t\u00fanel de Abo\u00f1o sigue cerrado exclusivamente porque la vagancia y la inoperancia de los dirigentes del PP as\u00ed lo quieren, aunque Go\u00f1i disimule echando balones fuera\u201d, afirma Jamart, quien a\u00f1ade que \u201ctodo el mundo sabe que la reparaci\u00f3n tiene que hacerla quien tiene la titularidad, y el t\u00fanel de Abo\u00f1o es de la Autoridad Portuaria de Gij\u00f3n-El Musel, cuyos Presupuestos se integran en el Ministerio de Fomento\u201d.<\/p>\n<p>Y es que para el presidente carre\u00f1ense las palabras que el senador Go\u00f1i expuso para no aprobar la moci\u00f3n de FORO que buscaba la reapertura del t\u00fanel de Abo\u00f1o no fueron acertadas: \u201cHay que demostrar mucha hipocres\u00eda para endosar a los ayuntamientos el pago de la obra del T\u00fanel de Abo\u00f1o cuando la administraci\u00f3n titular no se quiera hacer cargo\u201d, dijo.<\/p>\n<p>Cabe recordar que el t\u00fanel de Abo\u00f1o forma parte de una carretera p\u00fablica cedida en 1987 por el Principado de Asturias a la Autoridad Portuaria de Gij\u00f3n, desde entonces es competencia del Puerto quien, a su vez, depende org\u00e1nicamente del Ministerio de Fomento, en este sentido el presidente forista ha manifestado que \u201cla reparaci\u00f3n debe hacerla quien tiene la titularidad y el T\u00fanel de Abo\u00f1o es del Puerto de Gij\u00f3n que depende del Ministerio de Fomento, o sea, del PP\u201d.<\/p>\n<p>Seg\u00fan Jamart, \u201calguien del partido que ostenta al gobierno nacional deber\u00e1 explicar el por qu\u00e9 est\u00e1n enrocados en buscar una soluci\u00f3n de consenso cuando la propiedad de la carretera claramente es del Puerto de Gij\u00f3n. Invitamos Go\u00f1i a que venga a explicar a los vecinos de Carre\u00f1o lo que ha hecho como senador por Asturias para que se reabra el T\u00fanel de Abo\u00f1o\u201d.<\/p>\n<p>Tambi\u00e9n ha querido referirse el presidente local de Carre\u00f1o al grupo socialista quien en su intervenci\u00f3n hablo de que se recogiera en los presupuestos generales esta obra a lo que ha manifestado que \u201capoyaremos la enmienda que el portavoz del PSOE anunci\u00f3 en el Senado a los PGE 2018 para incluir una partida para el T\u00fanel, y estamos a la espera de que Go\u00f1i anuncie qu\u00e9 votar\u00e1 el PP\u201d.<\/p>\n<p>&nbsp;<\/p>\n","protected":false},"excerpt":{"rendered":"<p>El presidente de FORO Carre\u00f1o, Juan Jamart ha lamentado el s\u00e1bado la oportunidad que ha tenido el Senado de Espa\u00f1a para pedir al gobierno central la reapertura del t\u00fanel de Abo\u00f1o, defraudado tanto por la abstenci\u00f3n del PSOE, del que espera una enmienda a los presupuestos generales actualmente en tramitaci\u00f3n, como por la negativa del<\/p>\n","protected":false},"author":1,"featured_media":94196,"comment_status":"closed","ping_status":"closed","sticky":false,"template":"","format":"standard","meta":{"footnotes":""},"categories":[2],"tags":[],"class_list":{"0":"post-94337","1":"post","2":"type-post","3":"status-publish","4":"format-standard","5":"has-post-thumbnail","7":"category-noticias-carreno"},"aioseo_notices":[],"aioseo_head":"\n\t\t<!-- All in One SEO Pro 4.9.6.2 - aioseo.com -->\n\t<meta name=\"description\" content=\"El presidente de FORO Carre\u00f1o, Juan Jamart ha lamentado el s\u00e1bado la oportunidad que ha tenido el Senado de Espa\u00f1a para pedir al gobierno central la reapertura del t\u00fanel de Abo\u00f1o, defraudado tanto por la abstenci\u00f3n del PSOE, del que espera una enmienda a los presupuestos generales actualmente en tramitaci\u00f3n, como por la negativa del\" \/>\n\t<meta name=\"robots\" content=\"max-image-preview:large\" \/>\n\t<meta name=\"author\" content=\"Cand\u00e1s 365\"\/>\n\t<meta name=\"google-site-verification\" content=\"UA-32230408-1\" \/>\n\t<meta name=\"msvalidate.01\" content=\"354F3CDFB2DA171B47FBE9ABF1F88D5\" \/>\n\t<meta name=\"keywords\" content=\"noticias carre\u00f1o\" \/>\n\t<link rel=\"canonical\" href=\"https:\/\/candas365.es\/noticias\/juan-jamart-el-tunel-de-abono-sigue-cerrado-por-culpa-del-pp\/\" \/>\n\t<meta name=\"generator\" content=\"All in One SEO Pro (AIOSEO) 4.9.6.2\" \/>\n\t\t<meta property=\"og:locale\" content=\"es_ES\" \/>\n\t\t<meta property=\"og:site_name\" content=\"Cand\u00e1s 365\" \/>\n\t\t<meta property=\"og:type\" content=\"article\" \/>\n\t\t<meta property=\"og:title\" content=\"Juan Jamart: \u201cEl t\u00fanel de Abo\u00f1o sigue cerrado por culpa del PP\u201d | Cand\u00e1s 365\" \/>\n\t\t<meta property=\"og:description\" content=\"El presidente de FORO Carre\u00f1o, Juan Jamart ha lamentado el s\u00e1bado la oportunidad que ha tenido el Senado de Espa\u00f1a para pedir al gobierno central la reapertura del t\u00fanel de Abo\u00f1o, defraudado tanto por la abstenci\u00f3n del PSOE, del que espera una enmienda a los presupuestos generales actualmente en tramitaci\u00f3n, como por la negativa del\" \/>\n\t\t<meta property=\"og:url\" content=\"https:\/\/candas365.es\/noticias\/juan-jamart-el-tunel-de-abono-sigue-cerrado-por-culpa-del-pp\/\" \/>\n\t\t<meta property=\"og:image\" content=\"https:\/\/candas365.es\/noticias\/wp-content\/uploads\/2018\/04\/8152_1.jpg\" \/>\n\t\t<meta property=\"og:image:secure_url\" content=\"https:\/\/candas365.es\/noticias\/wp-content\/uploads\/2018\/04\/8152_1.jpg\" \/>\n\t\t<meta property=\"og:image:width\" content=\"574\" \/>\n\t\t<meta property=\"og:image:height\" content=\"323\" \/>\n\t\t<meta property=\"article:published_time\" content=\"2018-04-22T01:38:03+00:00\" \/>\n\t\t<meta property=\"article:modified_time\" content=\"2018-04-22T01:38:03+00:00\" \/>\n\t\t<meta property=\"article:publisher\" content=\"https:\/\/www.facebook.com\/Nachofdezber\" \/>\n\t\t<meta property=\"article:author\" content=\"https:\/\/www.facebook.com\/carrenoactualidad\" \/>\n\t\t<meta name=\"twitter:card\" content=\"summary_large_image\" \/>\n\t\t<meta name=\"twitter:site\" content=\"@NabercoDigital\" \/>\n\t\t<meta name=\"twitter:title\" content=\"Juan Jamart: \u201cEl t\u00fanel de Abo\u00f1o sigue cerrado por culpa del PP\u201d | Cand\u00e1s 365\" \/>\n\t\t<meta name=\"twitter:description\" content=\"El presidente de FORO Carre\u00f1o, Juan Jamart ha lamentado el s\u00e1bado la oportunidad que ha tenido el Senado de Espa\u00f1a para pedir al gobierno central la reapertura del t\u00fanel de Abo\u00f1o, defraudado tanto por la abstenci\u00f3n del PSOE, del que espera una enmienda a los presupuestos generales actualmente en tramitaci\u00f3n, como por la negativa del\" \/>\n\t\t<meta name=\"twitter:creator\" content=\"@nbasturias\" \/>\n\t\t<meta name=\"twitter:image\" content=\"https:\/\/candas365.es\/noticias\/wp-content\/uploads\/2018\/04\/8152_1.jpg\" \/>\n\t\t<meta name=\"twitter:label1\" content=\"Escrito por\" \/>\n\t\t<meta name=\"twitter:data1\" content=\"Cand\u00e1s 365\" \/>\n\t\t<meta name=\"twitter:label2\" content=\"Tiempo de lectura estimado\" \/>\n\t\t<meta name=\"twitter:data2\" content=\"2 minutos\" \/>\n\t\t<script type=\"application\/ld+json\" class=\"aioseo-schema\">\n\t\t\t{\"@context\":\"https:\\\/\\\/schema.org\",\"@graph\":[{\"@type\":\"BreadcrumbList\",\"@id\":\"https:\\\/\\\/candas365.es\\\/noticias\\\/juan-jamart-el-tunel-de-abono-sigue-cerrado-por-culpa-del-pp\\\/#breadcrumblist\",\"itemListElement\":[{\"@type\":\"ListItem\",\"@id\":\"https:\\\/\\\/candas365.es\\\/noticias#listItem\",\"position\":1,\"name\":\"Home\",\"item\":\"https:\\\/\\\/candas365.es\\\/noticias\",\"nextItem\":{\"@type\":\"ListItem\",\"@id\":\"https:\\\/\\\/candas365.es\\\/noticias\\\/category\\\/noticias-carreno\\\/#listItem\",\"name\":\"Noticias Carre\\u00f1o\"}},{\"@type\":\"ListItem\",\"@id\":\"https:\\\/\\\/candas365.es\\\/noticias\\\/category\\\/noticias-carreno\\\/#listItem\",\"position\":2,\"name\":\"Noticias Carre\\u00f1o\",\"item\":\"https:\\\/\\\/candas365.es\\\/noticias\\\/category\\\/noticias-carreno\\\/\",\"nextItem\":{\"@type\":\"ListItem\",\"@id\":\"https:\\\/\\\/candas365.es\\\/noticias\\\/juan-jamart-el-tunel-de-abono-sigue-cerrado-por-culpa-del-pp\\\/#listItem\",\"name\":\"Juan Jamart: \\u201cEl t\\u00fanel de Abo\\u00f1o sigue cerrado por culpa del PP\\u201d\"},\"previousItem\":{\"@type\":\"ListItem\",\"@id\":\"https:\\\/\\\/candas365.es\\\/noticias#listItem\",\"name\":\"Home\"}},{\"@type\":\"ListItem\",\"@id\":\"https:\\\/\\\/candas365.es\\\/noticias\\\/juan-jamart-el-tunel-de-abono-sigue-cerrado-por-culpa-del-pp\\\/#listItem\",\"position\":3,\"name\":\"Juan Jamart: \\u201cEl t\\u00fanel de Abo\\u00f1o sigue cerrado por culpa del PP\\u201d\",\"previousItem\":{\"@type\":\"ListItem\",\"@id\":\"https:\\\/\\\/candas365.es\\\/noticias\\\/category\\\/noticias-carreno\\\/#listItem\",\"name\":\"Noticias Carre\\u00f1o\"}}]},{\"@type\":\"NewsArticle\",\"@id\":\"https:\\\/\\\/candas365.es\\\/noticias\\\/juan-jamart-el-tunel-de-abono-sigue-cerrado-por-culpa-del-pp\\\/#newsarticle\",\"name\":\"Juan Jamart: \\u201cEl t\\u00fanel de Abo\\u00f1o sigue cerrado por culpa del PP\\u201d | Cand\\u00e1s 365\",\"headline\":\"Juan Jamart: \\u201cEl t\\u00fanel de Abo\\u00f1o sigue cerrado por culpa del PP\\u201d\",\"author\":{\"@id\":\"https:\\\/\\\/candas365.es\\\/noticias\\\/author\\\/admin\\\/#author\"},\"publisher\":{\"@id\":\"https:\\\/\\\/candas365.es\\\/noticias\\\/#organization\"},\"image\":{\"@type\":\"ImageObject\",\"url\":\"https:\\\/\\\/candas365.es\\\/noticias\\\/wp-content\\\/uploads\\\/2018\\\/04\\\/8152_1.jpg\",\"width\":574,\"height\":323},\"datePublished\":\"2018-04-22T01:38:03+02:00\",\"dateModified\":\"2018-04-22T01:38:03+02:00\",\"inLanguage\":\"es-ES\",\"mainEntityOfPage\":{\"@id\":\"https:\\\/\\\/candas365.es\\\/noticias\\\/juan-jamart-el-tunel-de-abono-sigue-cerrado-por-culpa-del-pp\\\/#webpage\"},\"isPartOf\":{\"@id\":\"https:\\\/\\\/candas365.es\\\/noticias\\\/juan-jamart-el-tunel-de-abono-sigue-cerrado-por-culpa-del-pp\\\/#webpage\"},\"articleSection\":\"Noticias Carre\\u00f1o\",\"dateline\":\"Publicado el abril 22, 2018.\"},{\"@type\":\"Organization\",\"@id\":\"https:\\\/\\\/candas365.es\\\/noticias\\\/#organization\",\"name\":\"Cand\\u00e1s 365\",\"description\":\"Cand\\u00e1s 365 es un diario digital independiente, fundado en 2012, con base en Asturias. Informamos con rigor sobre actualidad, sociedad, cultura y ocio, con una mirada local y global.\",\"url\":\"https:\\\/\\\/candas365.es\\\/noticias\\\/\",\"email\":\"info@candas365.es\",\"telephone\":\"+34652131393\",\"foundingDate\":\"2012-06-10\",\"logo\":{\"@type\":\"ImageObject\",\"url\":\"https:\\\/\\\/candas365.es\\\/noticias\\\/wp-content\\\/uploads\\\/2024\\\/09\\\/Candas-365-Redes.jpg\",\"@id\":\"https:\\\/\\\/candas365.es\\\/noticias\\\/juan-jamart-el-tunel-de-abono-sigue-cerrado-por-culpa-del-pp\\\/#organizationLogo\",\"width\":1152,\"height\":864,\"caption\":\"Cand\\u00e1s 365 Redes\"},\"image\":{\"@id\":\"https:\\\/\\\/candas365.es\\\/noticias\\\/juan-jamart-el-tunel-de-abono-sigue-cerrado-por-culpa-del-pp\\\/#organizationLogo\"},\"sameAs\":[\"https:\\\/\\\/www.facebook.com\\\/Nachofdezber\",\"https:\\\/\\\/x.com\\\/NabercoDigital\",\"https:\\\/\\\/www.instagram.com\\\/nachofdezber\\\/\",\"https:\\\/\\\/www.youtube.com\\\/channel\\\/UCZP-2wLEB9Rv6erhFmqVnvg\"],\"address\":{\"@id\":\"https:\\\/\\\/candas365.es\\\/noticias\\\/#postaladdress\",\"@type\":\"PostalAddress\",\"streetAddress\":\"san antonio 4, san antonio 4\",\"postalCode\":\"33430\",\"addressLocality\":\"Cand\\u00e1s\",\"addressRegion\":\"Asturias\",\"addressCountry\":\"ES\"}},{\"@type\":\"Person\",\"@id\":\"https:\\\/\\\/candas365.es\\\/noticias\\\/author\\\/admin\\\/#author\",\"url\":\"https:\\\/\\\/candas365.es\\\/noticias\\\/author\\\/admin\\\/\",\"name\":\"Cand\\u00e1s 365\",\"image\":{\"@type\":\"ImageObject\",\"@id\":\"https:\\\/\\\/candas365.es\\\/noticias\\\/juan-jamart-el-tunel-de-abono-sigue-cerrado-por-culpa-del-pp\\\/#authorImage\",\"url\":\"https:\\\/\\\/secure.gravatar.com\\\/avatar\\\/496a8e03d0c493ede1718b7934145dbdf8d89be1036b0eec9544e1094c9de390?s=96&d=mm&r=g\",\"width\":96,\"height\":96,\"caption\":\"Cand\\u00e1s 365\"},\"sameAs\":[\"https:\\\/\\\/www.facebook.com\\\/carrenoactualidad\",\"https:\\\/\\\/twitter.com\\\/nbasturias\",\"https:\\\/\\\/www.instagram.com\\\/nachofdezber\\\/\",\"https:\\\/\\\/www.youtube.com\\\/channel\\\/UCZP-2wLEB9Rv6erhFmqVnvg\"]},{\"@type\":\"WebPage\",\"@id\":\"https:\\\/\\\/candas365.es\\\/noticias\\\/juan-jamart-el-tunel-de-abono-sigue-cerrado-por-culpa-del-pp\\\/#webpage\",\"url\":\"https:\\\/\\\/candas365.es\\\/noticias\\\/juan-jamart-el-tunel-de-abono-sigue-cerrado-por-culpa-del-pp\\\/\",\"name\":\"Juan Jamart: \\u201cEl t\\u00fanel de Abo\\u00f1o sigue cerrado por culpa del PP\\u201d | Cand\\u00e1s 365\",\"description\":\"El presidente de FORO Carre\\u00f1o, Juan Jamart ha lamentado el s\\u00e1bado la oportunidad que ha tenido el Senado de Espa\\u00f1a para pedir al gobierno central la reapertura del t\\u00fanel de Abo\\u00f1o, defraudado tanto por la abstenci\\u00f3n del PSOE, del que espera una enmienda a los presupuestos generales actualmente en tramitaci\\u00f3n, como por la negativa del\",\"inLanguage\":\"es-ES\",\"isPartOf\":{\"@id\":\"https:\\\/\\\/candas365.es\\\/noticias\\\/#website\"},\"breadcrumb\":{\"@id\":\"https:\\\/\\\/candas365.es\\\/noticias\\\/juan-jamart-el-tunel-de-abono-sigue-cerrado-por-culpa-del-pp\\\/#breadcrumblist\"},\"author\":{\"@id\":\"https:\\\/\\\/candas365.es\\\/noticias\\\/author\\\/admin\\\/#author\"},\"creator\":{\"@id\":\"https:\\\/\\\/candas365.es\\\/noticias\\\/author\\\/admin\\\/#author\"},\"image\":{\"@type\":\"ImageObject\",\"url\":\"https:\\\/\\\/candas365.es\\\/noticias\\\/wp-content\\\/uploads\\\/2018\\\/04\\\/8152_1.jpg\",\"@id\":\"https:\\\/\\\/candas365.es\\\/noticias\\\/juan-jamart-el-tunel-de-abono-sigue-cerrado-por-culpa-del-pp\\\/#mainImage\",\"width\":574,\"height\":323},\"primaryImageOfPage\":{\"@id\":\"https:\\\/\\\/candas365.es\\\/noticias\\\/juan-jamart-el-tunel-de-abono-sigue-cerrado-por-culpa-del-pp\\\/#mainImage\"},\"datePublished\":\"2018-04-22T01:38:03+02:00\",\"dateModified\":\"2018-04-22T01:38:03+02:00\"},{\"@type\":\"WebSite\",\"@id\":\"https:\\\/\\\/candas365.es\\\/noticias\\\/#website\",\"url\":\"https:\\\/\\\/candas365.es\\\/noticias\\\/\",\"name\":\"Cand\\u00e1s 365\",\"alternateName\":\"Cand\\u00e1s 365 Noticias\",\"description\":\"Actualidad desde Carre\\u00f1o para el mundo\",\"inLanguage\":\"es-ES\",\"publisher\":{\"@id\":\"https:\\\/\\\/candas365.es\\\/noticias\\\/#organization\"}}]}\n\t\t<\/script>\n\t\t<!-- All in One SEO Pro -->\r\n\t\t<title>Juan Jamart: \u201cEl t\u00fanel de Abo\u00f1o sigue cerrado por culpa del PP\u201d | Cand\u00e1s 365<\/title>\n\n","aioseo_head_json":{"title":"Juan Jamart: \u201cEl t\u00fanel de Abo\u00f1o sigue cerrado por culpa del PP\u201d | Cand\u00e1s 365","description":"El presidente de FORO Carre\u00f1o, Juan Jamart ha lamentado el s\u00e1bado la oportunidad que ha tenido el Senado de Espa\u00f1a para pedir al gobierno central la reapertura del t\u00fanel de Abo\u00f1o, defraudado tanto por la abstenci\u00f3n del PSOE, del que espera una enmienda a los presupuestos generales actualmente en tramitaci\u00f3n, como por la negativa del","canonical_url":"https:\/\/candas365.es\/noticias\/juan-jamart-el-tunel-de-abono-sigue-cerrado-por-culpa-del-pp\/","robots":"max-image-preview:large","keywords":"noticias carre\u00f1o","webmasterTools":{"google-site-verification":"UA-32230408-1","msvalidate.01":"354F3CDFB2DA171B47FBE9ABF1F88D5","miscellaneous":""},"schema":{"@context":"https:\/\/schema.org","@graph":[{"@type":"BreadcrumbList","@id":"https:\/\/candas365.es\/noticias\/juan-jamart-el-tunel-de-abono-sigue-cerrado-por-culpa-del-pp\/#breadcrumblist","itemListElement":[{"@type":"ListItem","@id":"https:\/\/candas365.es\/noticias#listItem","position":1,"name":"Home","item":"https:\/\/candas365.es\/noticias","nextItem":{"@type":"ListItem","@id":"https:\/\/candas365.es\/noticias\/category\/noticias-carreno\/#listItem","name":"Noticias Carre\u00f1o"}},{"@type":"ListItem","@id":"https:\/\/candas365.es\/noticias\/category\/noticias-carreno\/#listItem","position":2,"name":"Noticias Carre\u00f1o","item":"https:\/\/candas365.es\/noticias\/category\/noticias-carreno\/","nextItem":{"@type":"ListItem","@id":"https:\/\/candas365.es\/noticias\/juan-jamart-el-tunel-de-abono-sigue-cerrado-por-culpa-del-pp\/#listItem","name":"Juan Jamart: \u201cEl t\u00fanel de Abo\u00f1o sigue cerrado por culpa del PP\u201d"},"previousItem":{"@type":"ListItem","@id":"https:\/\/candas365.es\/noticias#listItem","name":"Home"}},{"@type":"ListItem","@id":"https:\/\/candas365.es\/noticias\/juan-jamart-el-tunel-de-abono-sigue-cerrado-por-culpa-del-pp\/#listItem","position":3,"name":"Juan Jamart: \u201cEl t\u00fanel de Abo\u00f1o sigue cerrado por culpa del PP\u201d","previousItem":{"@type":"ListItem","@id":"https:\/\/candas365.es\/noticias\/category\/noticias-carreno\/#listItem","name":"Noticias Carre\u00f1o"}}]},{"@type":"NewsArticle","@id":"https:\/\/candas365.es\/noticias\/juan-jamart-el-tunel-de-abono-sigue-cerrado-por-culpa-del-pp\/#newsarticle","name":"Juan Jamart: \u201cEl t\u00fanel de Abo\u00f1o sigue cerrado por culpa del PP\u201d | Cand\u00e1s 365","headline":"Juan Jamart: \u201cEl t\u00fanel de Abo\u00f1o sigue cerrado por culpa del PP\u201d","author":{"@id":"https:\/\/candas365.es\/noticias\/author\/admin\/#author"},"publisher":{"@id":"https:\/\/candas365.es\/noticias\/#organization"},"image":{"@type":"ImageObject","url":"https:\/\/candas365.es\/noticias\/wp-content\/uploads\/2018\/04\/8152_1.jpg","width":574,"height":323},"datePublished":"2018-04-22T01:38:03+02:00","dateModified":"2018-04-22T01:38:03+02:00","inLanguage":"es-ES","mainEntityOfPage":{"@id":"https:\/\/candas365.es\/noticias\/juan-jamart-el-tunel-de-abono-sigue-cerrado-por-culpa-del-pp\/#webpage"},"isPartOf":{"@id":"https:\/\/candas365.es\/noticias\/juan-jamart-el-tunel-de-abono-sigue-cerrado-por-culpa-del-pp\/#webpage"},"articleSection":"Noticias Carre\u00f1o","dateline":"Publicado el abril 22, 2018."},{"@type":"Organization","@id":"https:\/\/candas365.es\/noticias\/#organization","name":"Cand\u00e1s 365","description":"Cand\u00e1s 365 es un diario digital independiente, fundado en 2012, con base en Asturias. Informamos con rigor sobre actualidad, sociedad, cultura y ocio, con una mirada local y global.","url":"https:\/\/candas365.es\/noticias\/","email":"info@candas365.es","telephone":"+34652131393","foundingDate":"2012-06-10","logo":{"@type":"ImageObject","url":"https:\/\/candas365.es\/noticias\/wp-content\/uploads\/2024\/09\/Candas-365-Redes.jpg","@id":"https:\/\/candas365.es\/noticias\/juan-jamart-el-tunel-de-abono-sigue-cerrado-por-culpa-del-pp\/#organizationLogo","width":1152,"height":864,"caption":"Cand\u00e1s 365 Redes"},"image":{"@id":"https:\/\/candas365.es\/noticias\/juan-jamart-el-tunel-de-abono-sigue-cerrado-por-culpa-del-pp\/#organizationLogo"},"sameAs":["https:\/\/www.facebook.com\/Nachofdezber","https:\/\/x.com\/NabercoDigital","https:\/\/www.instagram.com\/nachofdezber\/","https:\/\/www.youtube.com\/channel\/UCZP-2wLEB9Rv6erhFmqVnvg"],"address":{"@id":"https:\/\/candas365.es\/noticias\/#postaladdress","@type":"PostalAddress","streetAddress":"san antonio 4, san antonio 4","postalCode":"33430","addressLocality":"Cand\u00e1s","addressRegion":"Asturias","addressCountry":"ES"}},{"@type":"Person","@id":"https:\/\/candas365.es\/noticias\/author\/admin\/#author","url":"https:\/\/candas365.es\/noticias\/author\/admin\/","name":"Cand\u00e1s 365","image":{"@type":"ImageObject","@id":"https:\/\/candas365.es\/noticias\/juan-jamart-el-tunel-de-abono-sigue-cerrado-por-culpa-del-pp\/#authorImage","url":"https:\/\/secure.gravatar.com\/avatar\/496a8e03d0c493ede1718b7934145dbdf8d89be1036b0eec9544e1094c9de390?s=96&d=mm&r=g","width":96,"height":96,"caption":"Cand\u00e1s 365"},"sameAs":["https:\/\/www.facebook.com\/carrenoactualidad","https:\/\/twitter.com\/nbasturias","https:\/\/www.instagram.com\/nachofdezber\/","https:\/\/www.youtube.com\/channel\/UCZP-2wLEB9Rv6erhFmqVnvg"]},{"@type":"WebPage","@id":"https:\/\/candas365.es\/noticias\/juan-jamart-el-tunel-de-abono-sigue-cerrado-por-culpa-del-pp\/#webpage","url":"https:\/\/candas365.es\/noticias\/juan-jamart-el-tunel-de-abono-sigue-cerrado-por-culpa-del-pp\/","name":"Juan Jamart: \u201cEl t\u00fanel de Abo\u00f1o sigue cerrado por culpa del PP\u201d | Cand\u00e1s 365","description":"El presidente de FORO Carre\u00f1o, Juan Jamart ha lamentado el s\u00e1bado la oportunidad que ha tenido el Senado de Espa\u00f1a para pedir al gobierno central la reapertura del t\u00fanel de Abo\u00f1o, defraudado tanto por la abstenci\u00f3n del PSOE, del que espera una enmienda a los presupuestos generales actualmente en tramitaci\u00f3n, como por la negativa del","inLanguage":"es-ES","isPartOf":{"@id":"https:\/\/candas365.es\/noticias\/#website"},"breadcrumb":{"@id":"https:\/\/candas365.es\/noticias\/juan-jamart-el-tunel-de-abono-sigue-cerrado-por-culpa-del-pp\/#breadcrumblist"},"author":{"@id":"https:\/\/candas365.es\/noticias\/author\/admin\/#author"},"creator":{"@id":"https:\/\/candas365.es\/noticias\/author\/admin\/#author"},"image":{"@type":"ImageObject","url":"https:\/\/candas365.es\/noticias\/wp-content\/uploads\/2018\/04\/8152_1.jpg","@id":"https:\/\/candas365.es\/noticias\/juan-jamart-el-tunel-de-abono-sigue-cerrado-por-culpa-del-pp\/#mainImage","width":574,"height":323},"primaryImageOfPage":{"@id":"https:\/\/candas365.es\/noticias\/juan-jamart-el-tunel-de-abono-sigue-cerrado-por-culpa-del-pp\/#mainImage"},"datePublished":"2018-04-22T01:38:03+02:00","dateModified":"2018-04-22T01:38:03+02:00"},{"@type":"WebSite","@id":"https:\/\/candas365.es\/noticias\/#website","url":"https:\/\/candas365.es\/noticias\/","name":"Cand\u00e1s 365","alternateName":"Cand\u00e1s 365 Noticias","description":"Actualidad desde Carre\u00f1o para el mundo","inLanguage":"es-ES","publisher":{"@id":"https:\/\/candas365.es\/noticias\/#organization"}}]},"og:locale":"es_ES","og:site_name":"Cand\u00e1s 365","og:type":"article","og:title":"Juan Jamart: \u201cEl t\u00fanel de Abo\u00f1o sigue cerrado por culpa del PP\u201d | Cand\u00e1s 365","og:description":"El presidente de FORO Carre\u00f1o, Juan Jamart ha lamentado el s\u00e1bado la oportunidad que ha tenido el Senado de Espa\u00f1a para pedir al gobierno central la reapertura del t\u00fanel de Abo\u00f1o, defraudado tanto por la abstenci\u00f3n del PSOE, del que espera una enmienda a los presupuestos generales actualmente en tramitaci\u00f3n, como por la negativa del","og:url":"https:\/\/candas365.es\/noticias\/juan-jamart-el-tunel-de-abono-sigue-cerrado-por-culpa-del-pp\/","og:image":"https:\/\/candas365.es\/noticias\/wp-content\/uploads\/2018\/04\/8152_1.jpg","og:image:secure_url":"https:\/\/candas365.es\/noticias\/wp-content\/uploads\/2018\/04\/8152_1.jpg","og:image:width":574,"og:image:height":323,"article:published_time":"2018-04-22T01:38:03+00:00","article:modified_time":"2018-04-22T01:38:03+00:00","article:publisher":"https:\/\/www.facebook.com\/Nachofdezber","article:author":"https:\/\/www.facebook.com\/carrenoactualidad","twitter:card":"summary_large_image","twitter:site":"@NabercoDigital","twitter:title":"Juan Jamart: \u201cEl t\u00fanel de Abo\u00f1o sigue cerrado por culpa del PP\u201d | Cand\u00e1s 365","twitter:description":"El presidente de FORO Carre\u00f1o, Juan Jamart ha lamentado el s\u00e1bado la oportunidad que ha tenido el Senado de Espa\u00f1a para pedir al gobierno central la reapertura del t\u00fanel de Abo\u00f1o, defraudado tanto por la abstenci\u00f3n del PSOE, del que espera una enmienda a los presupuestos generales actualmente en tramitaci\u00f3n, como por la negativa del","twitter:creator":"@nbasturias","twitter:image":"https:\/\/candas365.es\/noticias\/wp-content\/uploads\/2018\/04\/8152_1.jpg","twitter:label1":"Escrito por","twitter:data1":"Cand\u00e1s 365","twitter:label2":"Tiempo de lectura estimado","twitter:data2":"2 minutos"},"aioseo_meta_data":{"post_id":"94337","title":null,"description":null,"keywords":null,"keyphrases":null,"primary_term":null,"canonical_url":null,"og_title":null,"og_description":null,"og_object_type":"default","og_image_type":"default","og_image_url":null,"og_image_width":null,"og_image_height":null,"og_image_custom_url":null,"og_image_custom_fields":null,"og_video":null,"og_custom_url":null,"og_article_section":null,"og_article_tags":null,"twitter_use_og":false,"twitter_card":"default","twitter_image_type":"default","twitter_image_url":null,"twitter_image_custom_url":null,"twitter_image_custom_fields":null,"twitter_title":null,"twitter_description":null,"schema":{"blockGraphs":[],"customGraphs":[],"default":{"data":{"Article":[],"Course":[],"Dataset":[],"FAQPage":[],"Movie":[],"Person":[],"Product":[],"ProductReview":[],"Car":[],"Recipe":[],"Service":[],"SoftwareApplication":[],"WebPage":[]},"graphName":"","isEnabled":true},"graphs":[],"defaultGraph":"","defaultPostTypeGraph":""},"schema_type":null,"schema_type_options":null,"pillar_content":false,"robots_default":true,"robots_noindex":false,"robots_noarchive":false,"robots_nosnippet":false,"robots_nofollow":false,"robots_noimageindex":false,"robots_noodp":false,"robots_notranslate":false,"robots_max_snippet":null,"robots_max_videopreview":null,"robots_max_imagepreview":"large","priority":null,"frequency":null,"location":null,"local_seo":null,"seo_analyzer_scan_date":"2025-08-26 19:01:11","breadcrumb_settings":null,"limit_modified_date":false,"reviewed_by":null,"open_ai":null,"ai":null,"created":"2020-12-21 11:53:07","updated":"2025-08-26 19:01:11"},"aioseo_breadcrumb":"<div class=\"aioseo-breadcrumbs\"><span class=\"aioseo-breadcrumb\">\n\t<a href=\"https:\/\/candas365.es\/noticias\" title=\"Home\">Home<\/a>\n<\/span><span class=\"aioseo-breadcrumb-separator\">&ndash;<\/span><span class=\"aioseo-breadcrumb\">\n\t<a href=\"https:\/\/candas365.es\/noticias\/category\/noticias-carreno\/\" title=\"Noticias Carre\u00f1o\">Noticias Carre\u00f1o<\/a>\n<\/span><span class=\"aioseo-breadcrumb-separator\">&ndash;<\/span><span class=\"aioseo-breadcrumb\">\n\tJuan Jamart: \u201cEl t\u00fanel de Abo\u00f1o sigue cerrado por culpa del PP\u201d\n<\/span><\/div>","aioseo_breadcrumb_json":[{"label":"Home","link":"https:\/\/candas365.es\/noticias"},{"label":"Noticias Carre\u00f1o","link":"https:\/\/candas365.es\/noticias\/category\/noticias-carreno\/"},{"label":"Juan Jamart: \u201cEl t\u00fanel de Abo\u00f1o sigue cerrado por culpa del PP\u201d","link":"https:\/\/candas365.es\/noticias\/juan-jamart-el-tunel-de-abono-sigue-cerrado-por-culpa-del-pp\/"}],"_links":{"self":[{"href":"https:\/\/candas365.es\/noticias\/wp-json\/wp\/v2\/posts\/94337","targetHints":{"allow":["GET"]}}],"collection":[{"href":"https:\/\/candas365.es\/noticias\/wp-json\/wp\/v2\/posts"}],"about":[{"href":"https:\/\/candas365.es\/noticias\/wp-json\/wp\/v2\/types\/post"}],"author":[{"embeddable":true,"href":"https:\/\/candas365.es\/noticias\/wp-json\/wp\/v2\/users\/1"}],"replies":[{"embeddable":true,"href":"https:\/\/candas365.es\/noticias\/wp-json\/wp\/v2\/comments?post=94337"}],"version-history":[{"count":0,"href":"https:\/\/candas365.es\/noticias\/wp-json\/wp\/v2\/posts\/94337\/revisions"}],"wp:featuredmedia":[{"embeddable":true,"href":"https:\/\/candas365.es\/noticias\/wp-json\/wp\/v2\/media\/94196"}],"wp:attachment":[{"href":"https:\/\/candas365.es\/noticias\/wp-json\/wp\/v2\/media?parent=94337"}],"wp:term":[{"taxonomy":"category","embeddable":true,"href":"https:\/\/candas365.es\/noticias\/wp-json\/wp\/v2\/categories?post=94337"},{"taxonomy":"post_tag","embeddable":true,"href":"https:\/\/candas365.es\/noticias\/wp-json\/wp\/v2\/tags?post=94337"}],"curies":[{"name":"wp","href":"https:\/\/api.w.org\/{rel}","templated":true}]}}