{"id":94255,"date":"2018-04-20T15:50:59","date_gmt":"2018-04-20T15:50:59","guid":{"rendered":"http:\/\/candas365.es\/noticias\/?p=94255"},"modified":"2018-04-20T15:50:59","modified_gmt":"2018-04-20T15:50:59","slug":"iu-reclama-relanzar-perlora-como-complejo-de-turismo-social","status":"publish","type":"post","link":"https:\/\/candas365.es\/noticias\/iu-reclama-relanzar-perlora-como-complejo-de-turismo-social\/","title":{"rendered":"IU reclama relanzar Perlora como complejo de turismo social"},"content":{"rendered":"<p><img fetchpriority=\"high\" decoding=\"async\" class=\"alignleft size-medium wp-image-94256\" src=\"https:\/\/candas365.es\/noticias\/wp-content\/uploads\/2018\/04\/2272-360x241.jpg\" alt=\"\" width=\"360\" height=\"241\" srcset=\"https:\/\/candas365.es\/noticias\/wp-content\/uploads\/2018\/04\/2272-360x241.jpg 360w, https:\/\/candas365.es\/noticias\/wp-content\/uploads\/2018\/04\/2272-627x420.jpg 627w, https:\/\/candas365.es\/noticias\/wp-content\/uploads\/2018\/04\/2272.jpg 640w\" sizes=\"(max-width: 360px) 100vw, 360px\" \/>IU de Asturias reivindic\u00f3 esta semana la urgencia de relanzar Perlora como modelo de turismo social y sostenible, en un proyecto en fases que arranque por la reordenaci\u00f3n de la urbanizaci\u00f3n, continuando en sucesivas etapas hasta la reapertura del complejo.<\/p>\n<p>El coordinador general de la formaci\u00f3n, Ramon Arg\u00fcelles, reclam\u00f3 al Principado de Asturias que retome el inter\u00e9s para detener el deterioro y lograr que se convierta en un impulso econ\u00f3mico, tanto para Carre\u00f1o como para el sector en Asturias.<\/p>\n<p>La recuperaci\u00f3n de la ciudad vacacional podr\u00eda combinarse, a juicio de Arg\u00fcelles, con otras actividades, algo que en cualquier caso, a\u00f1adi\u00f3, ser\u00eda mejor que lo que hay ahora.<\/p>\n<p>El m\u00e1ximo responsable de IU visit\u00f3\u00a0 junto a miembros de la formaci\u00f3n en Carre\u00f1o el complejo residencial. El portavoz municipal, \u00c1ngel Garcia Vega, se\u00f1al\u00f3 que exist\u00edan estudios sobre el coste de la recuperaci\u00f3n de Perlora que cuantificaban en unos 40 millones de euros la inversi\u00f3n necesaria para el reflotamiento de estas instalaciones.<\/p>\n<p>Para Garcia Vega, el Principado de Asturias tiene que implicarse como administraci\u00f3n competente y responsable, manteniendo el concepto de turismo social, en su opini\u00f3n, necesario.<\/p>\n<p>La recuperaci\u00f3n de Perlora ser\u00eda tambi\u00e9n un revulsivo desde la perspectiva del empleo. El secretario de Acci\u00f3n Pol\u00edtica de Izquierda Unida, Juan Ponte record\u00f3 a este respecto que la ciudad residencial en su \u00e9poca de esplendor supon\u00eda unos 150 empleos directos, a los que hab\u00eda que a\u00f1adir los indirectos y los temporales. La situaci\u00f3n de desastre por la que atraviesa el complejo es una muestra, lament\u00f3, del efecto de procesos de privatizaci\u00f3n, como el que pretendi\u00f3 imponerse aqu\u00ed. Para Ponte, es inadmisible que en la situaci\u00f3n de precariedad laboral que viven miles de asturianos y asturianas, se desperdicie una oportunidad de generar empleo de calidad como la que ofrece Perlora.<\/p>\n<p>En la visita al complejo residencial, adem\u00e1s de otros concejales de IU en Carre\u00f1o, estuvo la secretaria de Pol\u00edtica Municipal, Gabriela Alvarez, quien resalt\u00f3 que esta recuperaci\u00f3n podr\u00eda tener consecuencias y un impacto positivo no solo para Carre\u00f1o y para la mancomunidad del Cabo de Pe\u00f1as, sino para toda Asturias. Y es que si se lograr\u00e1n las cotas de ocupaci\u00f3n que lleg\u00f3 a tener este enclave, se superar\u00edan las 1500 residentes cada 15 d\u00edas.<\/p>\n","protected":false},"excerpt":{"rendered":"<p>IU de Asturias reivindic\u00f3 esta semana la urgencia de relanzar Perlora como modelo de turismo social y sostenible, en un proyecto en fases que arranque por la reordenaci\u00f3n de la urbanizaci\u00f3n, continuando en sucesivas etapas hasta la reapertura del complejo. El coordinador general de la formaci\u00f3n, Ramon Arg\u00fcelles, reclam\u00f3 al Principado de Asturias que retome<\/p>\n","protected":false},"author":1,"featured_media":94256,"comment_status":"closed","ping_status":"closed","sticky":false,"template":"","format":"standard","meta":{"footnotes":""},"categories":[2],"tags":[],"class_list":{"0":"post-94255","1":"post","2":"type-post","3":"status-publish","4":"format-standard","5":"has-post-thumbnail","7":"category-noticias-carreno"},"aioseo_notices":[],"aioseo_head":"\n\t\t<!-- All in One SEO Pro 4.9.6.2 - aioseo.com -->\n\t<meta name=\"description\" content=\"IU de Asturias reivindic\u00f3 esta semana la urgencia de relanzar Perlora como modelo de turismo social y sostenible, en un proyecto en fases que arranque por la reordenaci\u00f3n de la urbanizaci\u00f3n, continuando en sucesivas etapas hasta la reapertura del complejo. El coordinador general de la formaci\u00f3n, Ramon Arg\u00fcelles, reclam\u00f3 al Principado de Asturias que retome\" \/>\n\t<meta name=\"robots\" content=\"max-image-preview:large\" \/>\n\t<meta name=\"author\" content=\"Cand\u00e1s 365\"\/>\n\t<meta name=\"google-site-verification\" content=\"UA-32230408-1\" \/>\n\t<meta name=\"msvalidate.01\" content=\"354F3CDFB2DA171B47FBE9ABF1F88D5\" \/>\n\t<meta name=\"keywords\" content=\"noticias carre\u00f1o\" \/>\n\t<link rel=\"canonical\" href=\"https:\/\/candas365.es\/noticias\/iu-reclama-relanzar-perlora-como-complejo-de-turismo-social\/\" \/>\n\t<meta name=\"generator\" content=\"All in One SEO Pro (AIOSEO) 4.9.6.2\" \/>\n\t\t<meta property=\"og:locale\" content=\"es_ES\" \/>\n\t\t<meta property=\"og:site_name\" content=\"Cand\u00e1s 365\" \/>\n\t\t<meta property=\"og:type\" content=\"article\" \/>\n\t\t<meta property=\"og:title\" content=\"IU reclama relanzar Perlora como complejo de turismo social | Cand\u00e1s 365\" \/>\n\t\t<meta property=\"og:description\" content=\"IU de Asturias reivindic\u00f3 esta semana la urgencia de relanzar Perlora como modelo de turismo social y sostenible, en un proyecto en fases que arranque por la reordenaci\u00f3n de la urbanizaci\u00f3n, continuando en sucesivas etapas hasta la reapertura del complejo. El coordinador general de la formaci\u00f3n, Ramon Arg\u00fcelles, reclam\u00f3 al Principado de Asturias que retome\" \/>\n\t\t<meta property=\"og:url\" content=\"https:\/\/candas365.es\/noticias\/iu-reclama-relanzar-perlora-como-complejo-de-turismo-social\/\" \/>\n\t\t<meta property=\"og:image\" content=\"https:\/\/candas365.es\/noticias\/wp-content\/uploads\/2018\/04\/2272.jpg\" \/>\n\t\t<meta property=\"og:image:secure_url\" content=\"https:\/\/candas365.es\/noticias\/wp-content\/uploads\/2018\/04\/2272.jpg\" \/>\n\t\t<meta property=\"og:image:width\" content=\"640\" \/>\n\t\t<meta property=\"og:image:height\" content=\"429\" \/>\n\t\t<meta property=\"article:published_time\" content=\"2018-04-20T15:50:59+00:00\" \/>\n\t\t<meta property=\"article:modified_time\" content=\"2018-04-20T15:50:59+00:00\" \/>\n\t\t<meta property=\"article:publisher\" content=\"https:\/\/www.facebook.com\/Nachofdezber\" \/>\n\t\t<meta property=\"article:author\" content=\"https:\/\/www.facebook.com\/carrenoactualidad\" \/>\n\t\t<meta name=\"twitter:card\" content=\"summary_large_image\" \/>\n\t\t<meta name=\"twitter:site\" content=\"@NabercoDigital\" \/>\n\t\t<meta name=\"twitter:title\" content=\"IU reclama relanzar Perlora como complejo de turismo social | Cand\u00e1s 365\" \/>\n\t\t<meta name=\"twitter:description\" content=\"IU de Asturias reivindic\u00f3 esta semana la urgencia de relanzar Perlora como modelo de turismo social y sostenible, en un proyecto en fases que arranque por la reordenaci\u00f3n de la urbanizaci\u00f3n, continuando en sucesivas etapas hasta la reapertura del complejo. El coordinador general de la formaci\u00f3n, Ramon Arg\u00fcelles, reclam\u00f3 al Principado de Asturias que retome\" \/>\n\t\t<meta name=\"twitter:creator\" content=\"@nbasturias\" \/>\n\t\t<meta name=\"twitter:image\" content=\"https:\/\/candas365.es\/noticias\/wp-content\/uploads\/2018\/04\/2272.jpg\" \/>\n\t\t<meta name=\"twitter:label1\" content=\"Escrito por\" \/>\n\t\t<meta name=\"twitter:data1\" content=\"Cand\u00e1s 365\" \/>\n\t\t<meta name=\"twitter:label2\" content=\"Tiempo de lectura estimado\" \/>\n\t\t<meta name=\"twitter:data2\" content=\"2 minutos\" \/>\n\t\t<script type=\"application\/ld+json\" class=\"aioseo-schema\">\n\t\t\t{\"@context\":\"https:\\\/\\\/schema.org\",\"@graph\":[{\"@type\":\"BreadcrumbList\",\"@id\":\"https:\\\/\\\/candas365.es\\\/noticias\\\/iu-reclama-relanzar-perlora-como-complejo-de-turismo-social\\\/#breadcrumblist\",\"itemListElement\":[{\"@type\":\"ListItem\",\"@id\":\"https:\\\/\\\/candas365.es\\\/noticias#listItem\",\"position\":1,\"name\":\"Home\",\"item\":\"https:\\\/\\\/candas365.es\\\/noticias\",\"nextItem\":{\"@type\":\"ListItem\",\"@id\":\"https:\\\/\\\/candas365.es\\\/noticias\\\/category\\\/noticias-carreno\\\/#listItem\",\"name\":\"Noticias Carre\\u00f1o\"}},{\"@type\":\"ListItem\",\"@id\":\"https:\\\/\\\/candas365.es\\\/noticias\\\/category\\\/noticias-carreno\\\/#listItem\",\"position\":2,\"name\":\"Noticias Carre\\u00f1o\",\"item\":\"https:\\\/\\\/candas365.es\\\/noticias\\\/category\\\/noticias-carreno\\\/\",\"nextItem\":{\"@type\":\"ListItem\",\"@id\":\"https:\\\/\\\/candas365.es\\\/noticias\\\/iu-reclama-relanzar-perlora-como-complejo-de-turismo-social\\\/#listItem\",\"name\":\"IU reclama relanzar Perlora como complejo de turismo social\"},\"previousItem\":{\"@type\":\"ListItem\",\"@id\":\"https:\\\/\\\/candas365.es\\\/noticias#listItem\",\"name\":\"Home\"}},{\"@type\":\"ListItem\",\"@id\":\"https:\\\/\\\/candas365.es\\\/noticias\\\/iu-reclama-relanzar-perlora-como-complejo-de-turismo-social\\\/#listItem\",\"position\":3,\"name\":\"IU reclama relanzar Perlora como complejo de turismo social\",\"previousItem\":{\"@type\":\"ListItem\",\"@id\":\"https:\\\/\\\/candas365.es\\\/noticias\\\/category\\\/noticias-carreno\\\/#listItem\",\"name\":\"Noticias Carre\\u00f1o\"}}]},{\"@type\":\"NewsArticle\",\"@id\":\"https:\\\/\\\/candas365.es\\\/noticias\\\/iu-reclama-relanzar-perlora-como-complejo-de-turismo-social\\\/#newsarticle\",\"name\":\"IU reclama relanzar Perlora como complejo de turismo social | Cand\\u00e1s 365\",\"headline\":\"IU reclama relanzar Perlora como complejo de turismo social\",\"author\":{\"@id\":\"https:\\\/\\\/candas365.es\\\/noticias\\\/author\\\/admin\\\/#author\"},\"publisher\":{\"@id\":\"https:\\\/\\\/candas365.es\\\/noticias\\\/#organization\"},\"image\":{\"@type\":\"ImageObject\",\"url\":\"https:\\\/\\\/candas365.es\\\/noticias\\\/wp-content\\\/uploads\\\/2018\\\/04\\\/2272.jpg\",\"width\":640,\"height\":429},\"datePublished\":\"2018-04-20T15:50:59+02:00\",\"dateModified\":\"2018-04-20T15:50:59+02:00\",\"inLanguage\":\"es-ES\",\"mainEntityOfPage\":{\"@id\":\"https:\\\/\\\/candas365.es\\\/noticias\\\/iu-reclama-relanzar-perlora-como-complejo-de-turismo-social\\\/#webpage\"},\"isPartOf\":{\"@id\":\"https:\\\/\\\/candas365.es\\\/noticias\\\/iu-reclama-relanzar-perlora-como-complejo-de-turismo-social\\\/#webpage\"},\"articleSection\":\"Noticias Carre\\u00f1o\",\"dateline\":\"Publicado el abril 20, 2018.\"},{\"@type\":\"Organization\",\"@id\":\"https:\\\/\\\/candas365.es\\\/noticias\\\/#organization\",\"name\":\"Cand\\u00e1s 365\",\"description\":\"Cand\\u00e1s 365 es un diario digital independiente, fundado en 2012, con base en Asturias. Informamos con rigor sobre actualidad, sociedad, cultura y ocio, con una mirada local y global.\",\"url\":\"https:\\\/\\\/candas365.es\\\/noticias\\\/\",\"email\":\"info@candas365.es\",\"telephone\":\"+34652131393\",\"foundingDate\":\"2012-06-10\",\"logo\":{\"@type\":\"ImageObject\",\"url\":\"https:\\\/\\\/candas365.es\\\/noticias\\\/wp-content\\\/uploads\\\/2024\\\/09\\\/Candas-365-Redes.jpg\",\"@id\":\"https:\\\/\\\/candas365.es\\\/noticias\\\/iu-reclama-relanzar-perlora-como-complejo-de-turismo-social\\\/#organizationLogo\",\"width\":1152,\"height\":864,\"caption\":\"Cand\\u00e1s 365 Redes\"},\"image\":{\"@id\":\"https:\\\/\\\/candas365.es\\\/noticias\\\/iu-reclama-relanzar-perlora-como-complejo-de-turismo-social\\\/#organizationLogo\"},\"sameAs\":[\"https:\\\/\\\/www.facebook.com\\\/Nachofdezber\",\"https:\\\/\\\/x.com\\\/NabercoDigital\",\"https:\\\/\\\/www.instagram.com\\\/nachofdezber\\\/\",\"https:\\\/\\\/www.youtube.com\\\/channel\\\/UCZP-2wLEB9Rv6erhFmqVnvg\"],\"address\":{\"@id\":\"https:\\\/\\\/candas365.es\\\/noticias\\\/#postaladdress\",\"@type\":\"PostalAddress\",\"streetAddress\":\"san antonio 4, san antonio 4\",\"postalCode\":\"33430\",\"addressLocality\":\"Cand\\u00e1s\",\"addressRegion\":\"Asturias\",\"addressCountry\":\"ES\"}},{\"@type\":\"Person\",\"@id\":\"https:\\\/\\\/candas365.es\\\/noticias\\\/author\\\/admin\\\/#author\",\"url\":\"https:\\\/\\\/candas365.es\\\/noticias\\\/author\\\/admin\\\/\",\"name\":\"Cand\\u00e1s 365\",\"image\":{\"@type\":\"ImageObject\",\"@id\":\"https:\\\/\\\/candas365.es\\\/noticias\\\/iu-reclama-relanzar-perlora-como-complejo-de-turismo-social\\\/#authorImage\",\"url\":\"https:\\\/\\\/secure.gravatar.com\\\/avatar\\\/496a8e03d0c493ede1718b7934145dbdf8d89be1036b0eec9544e1094c9de390?s=96&d=mm&r=g\",\"width\":96,\"height\":96,\"caption\":\"Cand\\u00e1s 365\"},\"sameAs\":[\"https:\\\/\\\/www.facebook.com\\\/carrenoactualidad\",\"https:\\\/\\\/twitter.com\\\/nbasturias\",\"https:\\\/\\\/www.instagram.com\\\/nachofdezber\\\/\",\"https:\\\/\\\/www.youtube.com\\\/channel\\\/UCZP-2wLEB9Rv6erhFmqVnvg\"]},{\"@type\":\"WebPage\",\"@id\":\"https:\\\/\\\/candas365.es\\\/noticias\\\/iu-reclama-relanzar-perlora-como-complejo-de-turismo-social\\\/#webpage\",\"url\":\"https:\\\/\\\/candas365.es\\\/noticias\\\/iu-reclama-relanzar-perlora-como-complejo-de-turismo-social\\\/\",\"name\":\"IU reclama relanzar Perlora como complejo de turismo social | Cand\\u00e1s 365\",\"description\":\"IU de Asturias reivindic\\u00f3 esta semana la urgencia de relanzar Perlora como modelo de turismo social y sostenible, en un proyecto en fases que arranque por la reordenaci\\u00f3n de la urbanizaci\\u00f3n, continuando en sucesivas etapas hasta la reapertura del complejo. El coordinador general de la formaci\\u00f3n, Ramon Arg\\u00fcelles, reclam\\u00f3 al Principado de Asturias que retome\",\"inLanguage\":\"es-ES\",\"isPartOf\":{\"@id\":\"https:\\\/\\\/candas365.es\\\/noticias\\\/#website\"},\"breadcrumb\":{\"@id\":\"https:\\\/\\\/candas365.es\\\/noticias\\\/iu-reclama-relanzar-perlora-como-complejo-de-turismo-social\\\/#breadcrumblist\"},\"author\":{\"@id\":\"https:\\\/\\\/candas365.es\\\/noticias\\\/author\\\/admin\\\/#author\"},\"creator\":{\"@id\":\"https:\\\/\\\/candas365.es\\\/noticias\\\/author\\\/admin\\\/#author\"},\"image\":{\"@type\":\"ImageObject\",\"url\":\"https:\\\/\\\/candas365.es\\\/noticias\\\/wp-content\\\/uploads\\\/2018\\\/04\\\/2272.jpg\",\"@id\":\"https:\\\/\\\/candas365.es\\\/noticias\\\/iu-reclama-relanzar-perlora-como-complejo-de-turismo-social\\\/#mainImage\",\"width\":640,\"height\":429},\"primaryImageOfPage\":{\"@id\":\"https:\\\/\\\/candas365.es\\\/noticias\\\/iu-reclama-relanzar-perlora-como-complejo-de-turismo-social\\\/#mainImage\"},\"datePublished\":\"2018-04-20T15:50:59+02:00\",\"dateModified\":\"2018-04-20T15:50:59+02:00\"},{\"@type\":\"WebSite\",\"@id\":\"https:\\\/\\\/candas365.es\\\/noticias\\\/#website\",\"url\":\"https:\\\/\\\/candas365.es\\\/noticias\\\/\",\"name\":\"Cand\\u00e1s 365\",\"alternateName\":\"Cand\\u00e1s 365 Noticias\",\"description\":\"Actualidad desde Carre\\u00f1o para el mundo\",\"inLanguage\":\"es-ES\",\"publisher\":{\"@id\":\"https:\\\/\\\/candas365.es\\\/noticias\\\/#organization\"}}]}\n\t\t<\/script>\n\t\t<!-- All in One SEO Pro -->\r\n\t\t<title>IU reclama relanzar Perlora como complejo de turismo social | Cand\u00e1s 365<\/title>\n\n","aioseo_head_json":{"title":"IU reclama relanzar Perlora como complejo de turismo social | Cand\u00e1s 365","description":"IU de Asturias reivindic\u00f3 esta semana la urgencia de relanzar Perlora como modelo de turismo social y sostenible, en un proyecto en fases que arranque por la reordenaci\u00f3n de la urbanizaci\u00f3n, continuando en sucesivas etapas hasta la reapertura del complejo. El coordinador general de la formaci\u00f3n, Ramon Arg\u00fcelles, reclam\u00f3 al Principado de Asturias que retome","canonical_url":"https:\/\/candas365.es\/noticias\/iu-reclama-relanzar-perlora-como-complejo-de-turismo-social\/","robots":"max-image-preview:large","keywords":"noticias carre\u00f1o","webmasterTools":{"google-site-verification":"UA-32230408-1","msvalidate.01":"354F3CDFB2DA171B47FBE9ABF1F88D5","miscellaneous":""},"schema":{"@context":"https:\/\/schema.org","@graph":[{"@type":"BreadcrumbList","@id":"https:\/\/candas365.es\/noticias\/iu-reclama-relanzar-perlora-como-complejo-de-turismo-social\/#breadcrumblist","itemListElement":[{"@type":"ListItem","@id":"https:\/\/candas365.es\/noticias#listItem","position":1,"name":"Home","item":"https:\/\/candas365.es\/noticias","nextItem":{"@type":"ListItem","@id":"https:\/\/candas365.es\/noticias\/category\/noticias-carreno\/#listItem","name":"Noticias Carre\u00f1o"}},{"@type":"ListItem","@id":"https:\/\/candas365.es\/noticias\/category\/noticias-carreno\/#listItem","position":2,"name":"Noticias Carre\u00f1o","item":"https:\/\/candas365.es\/noticias\/category\/noticias-carreno\/","nextItem":{"@type":"ListItem","@id":"https:\/\/candas365.es\/noticias\/iu-reclama-relanzar-perlora-como-complejo-de-turismo-social\/#listItem","name":"IU reclama relanzar Perlora como complejo de turismo social"},"previousItem":{"@type":"ListItem","@id":"https:\/\/candas365.es\/noticias#listItem","name":"Home"}},{"@type":"ListItem","@id":"https:\/\/candas365.es\/noticias\/iu-reclama-relanzar-perlora-como-complejo-de-turismo-social\/#listItem","position":3,"name":"IU reclama relanzar Perlora como complejo de turismo social","previousItem":{"@type":"ListItem","@id":"https:\/\/candas365.es\/noticias\/category\/noticias-carreno\/#listItem","name":"Noticias Carre\u00f1o"}}]},{"@type":"NewsArticle","@id":"https:\/\/candas365.es\/noticias\/iu-reclama-relanzar-perlora-como-complejo-de-turismo-social\/#newsarticle","name":"IU reclama relanzar Perlora como complejo de turismo social | Cand\u00e1s 365","headline":"IU reclama relanzar Perlora como complejo de turismo social","author":{"@id":"https:\/\/candas365.es\/noticias\/author\/admin\/#author"},"publisher":{"@id":"https:\/\/candas365.es\/noticias\/#organization"},"image":{"@type":"ImageObject","url":"https:\/\/candas365.es\/noticias\/wp-content\/uploads\/2018\/04\/2272.jpg","width":640,"height":429},"datePublished":"2018-04-20T15:50:59+02:00","dateModified":"2018-04-20T15:50:59+02:00","inLanguage":"es-ES","mainEntityOfPage":{"@id":"https:\/\/candas365.es\/noticias\/iu-reclama-relanzar-perlora-como-complejo-de-turismo-social\/#webpage"},"isPartOf":{"@id":"https:\/\/candas365.es\/noticias\/iu-reclama-relanzar-perlora-como-complejo-de-turismo-social\/#webpage"},"articleSection":"Noticias Carre\u00f1o","dateline":"Publicado el abril 20, 2018."},{"@type":"Organization","@id":"https:\/\/candas365.es\/noticias\/#organization","name":"Cand\u00e1s 365","description":"Cand\u00e1s 365 es un diario digital independiente, fundado en 2012, con base en Asturias. Informamos con rigor sobre actualidad, sociedad, cultura y ocio, con una mirada local y global.","url":"https:\/\/candas365.es\/noticias\/","email":"info@candas365.es","telephone":"+34652131393","foundingDate":"2012-06-10","logo":{"@type":"ImageObject","url":"https:\/\/candas365.es\/noticias\/wp-content\/uploads\/2024\/09\/Candas-365-Redes.jpg","@id":"https:\/\/candas365.es\/noticias\/iu-reclama-relanzar-perlora-como-complejo-de-turismo-social\/#organizationLogo","width":1152,"height":864,"caption":"Cand\u00e1s 365 Redes"},"image":{"@id":"https:\/\/candas365.es\/noticias\/iu-reclama-relanzar-perlora-como-complejo-de-turismo-social\/#organizationLogo"},"sameAs":["https:\/\/www.facebook.com\/Nachofdezber","https:\/\/x.com\/NabercoDigital","https:\/\/www.instagram.com\/nachofdezber\/","https:\/\/www.youtube.com\/channel\/UCZP-2wLEB9Rv6erhFmqVnvg"],"address":{"@id":"https:\/\/candas365.es\/noticias\/#postaladdress","@type":"PostalAddress","streetAddress":"san antonio 4, san antonio 4","postalCode":"33430","addressLocality":"Cand\u00e1s","addressRegion":"Asturias","addressCountry":"ES"}},{"@type":"Person","@id":"https:\/\/candas365.es\/noticias\/author\/admin\/#author","url":"https:\/\/candas365.es\/noticias\/author\/admin\/","name":"Cand\u00e1s 365","image":{"@type":"ImageObject","@id":"https:\/\/candas365.es\/noticias\/iu-reclama-relanzar-perlora-como-complejo-de-turismo-social\/#authorImage","url":"https:\/\/secure.gravatar.com\/avatar\/496a8e03d0c493ede1718b7934145dbdf8d89be1036b0eec9544e1094c9de390?s=96&d=mm&r=g","width":96,"height":96,"caption":"Cand\u00e1s 365"},"sameAs":["https:\/\/www.facebook.com\/carrenoactualidad","https:\/\/twitter.com\/nbasturias","https:\/\/www.instagram.com\/nachofdezber\/","https:\/\/www.youtube.com\/channel\/UCZP-2wLEB9Rv6erhFmqVnvg"]},{"@type":"WebPage","@id":"https:\/\/candas365.es\/noticias\/iu-reclama-relanzar-perlora-como-complejo-de-turismo-social\/#webpage","url":"https:\/\/candas365.es\/noticias\/iu-reclama-relanzar-perlora-como-complejo-de-turismo-social\/","name":"IU reclama relanzar Perlora como complejo de turismo social | Cand\u00e1s 365","description":"IU de Asturias reivindic\u00f3 esta semana la urgencia de relanzar Perlora como modelo de turismo social y sostenible, en un proyecto en fases que arranque por la reordenaci\u00f3n de la urbanizaci\u00f3n, continuando en sucesivas etapas hasta la reapertura del complejo. El coordinador general de la formaci\u00f3n, Ramon Arg\u00fcelles, reclam\u00f3 al Principado de Asturias que retome","inLanguage":"es-ES","isPartOf":{"@id":"https:\/\/candas365.es\/noticias\/#website"},"breadcrumb":{"@id":"https:\/\/candas365.es\/noticias\/iu-reclama-relanzar-perlora-como-complejo-de-turismo-social\/#breadcrumblist"},"author":{"@id":"https:\/\/candas365.es\/noticias\/author\/admin\/#author"},"creator":{"@id":"https:\/\/candas365.es\/noticias\/author\/admin\/#author"},"image":{"@type":"ImageObject","url":"https:\/\/candas365.es\/noticias\/wp-content\/uploads\/2018\/04\/2272.jpg","@id":"https:\/\/candas365.es\/noticias\/iu-reclama-relanzar-perlora-como-complejo-de-turismo-social\/#mainImage","width":640,"height":429},"primaryImageOfPage":{"@id":"https:\/\/candas365.es\/noticias\/iu-reclama-relanzar-perlora-como-complejo-de-turismo-social\/#mainImage"},"datePublished":"2018-04-20T15:50:59+02:00","dateModified":"2018-04-20T15:50:59+02:00"},{"@type":"WebSite","@id":"https:\/\/candas365.es\/noticias\/#website","url":"https:\/\/candas365.es\/noticias\/","name":"Cand\u00e1s 365","alternateName":"Cand\u00e1s 365 Noticias","description":"Actualidad desde Carre\u00f1o para el mundo","inLanguage":"es-ES","publisher":{"@id":"https:\/\/candas365.es\/noticias\/#organization"}}]},"og:locale":"es_ES","og:site_name":"Cand\u00e1s 365","og:type":"article","og:title":"IU reclama relanzar Perlora como complejo de turismo social | Cand\u00e1s 365","og:description":"IU de Asturias reivindic\u00f3 esta semana la urgencia de relanzar Perlora como modelo de turismo social y sostenible, en un proyecto en fases que arranque por la reordenaci\u00f3n de la urbanizaci\u00f3n, continuando en sucesivas etapas hasta la reapertura del complejo. El coordinador general de la formaci\u00f3n, Ramon Arg\u00fcelles, reclam\u00f3 al Principado de Asturias que retome","og:url":"https:\/\/candas365.es\/noticias\/iu-reclama-relanzar-perlora-como-complejo-de-turismo-social\/","og:image":"https:\/\/candas365.es\/noticias\/wp-content\/uploads\/2018\/04\/2272.jpg","og:image:secure_url":"https:\/\/candas365.es\/noticias\/wp-content\/uploads\/2018\/04\/2272.jpg","og:image:width":640,"og:image:height":429,"article:published_time":"2018-04-20T15:50:59+00:00","article:modified_time":"2018-04-20T15:50:59+00:00","article:publisher":"https:\/\/www.facebook.com\/Nachofdezber","article:author":"https:\/\/www.facebook.com\/carrenoactualidad","twitter:card":"summary_large_image","twitter:site":"@NabercoDigital","twitter:title":"IU reclama relanzar Perlora como complejo de turismo social | Cand\u00e1s 365","twitter:description":"IU de Asturias reivindic\u00f3 esta semana la urgencia de relanzar Perlora como modelo de turismo social y sostenible, en un proyecto en fases que arranque por la reordenaci\u00f3n de la urbanizaci\u00f3n, continuando en sucesivas etapas hasta la reapertura del complejo. El coordinador general de la formaci\u00f3n, Ramon Arg\u00fcelles, reclam\u00f3 al Principado de Asturias que retome","twitter:creator":"@nbasturias","twitter:image":"https:\/\/candas365.es\/noticias\/wp-content\/uploads\/2018\/04\/2272.jpg","twitter:label1":"Escrito por","twitter:data1":"Cand\u00e1s 365","twitter:label2":"Tiempo de lectura estimado","twitter:data2":"2 minutos"},"aioseo_meta_data":{"post_id":"94255","title":null,"description":null,"keywords":null,"keyphrases":null,"primary_term":null,"canonical_url":null,"og_title":null,"og_description":null,"og_object_type":"default","og_image_type":"default","og_image_url":null,"og_image_width":null,"og_image_height":null,"og_image_custom_url":null,"og_image_custom_fields":null,"og_video":null,"og_custom_url":null,"og_article_section":null,"og_article_tags":null,"twitter_use_og":false,"twitter_card":"default","twitter_image_type":"default","twitter_image_url":null,"twitter_image_custom_url":null,"twitter_image_custom_fields":null,"twitter_title":null,"twitter_description":null,"schema":{"blockGraphs":[],"customGraphs":[],"default":{"data":{"Article":[],"Course":[],"Dataset":[],"FAQPage":[],"Movie":[],"Person":[],"Product":[],"ProductReview":[],"Car":[],"Recipe":[],"Service":[],"SoftwareApplication":[],"WebPage":[]},"graphName":"","isEnabled":true},"graphs":[],"defaultGraph":"","defaultPostTypeGraph":""},"schema_type":null,"schema_type_options":null,"pillar_content":false,"robots_default":true,"robots_noindex":false,"robots_noarchive":false,"robots_nosnippet":false,"robots_nofollow":false,"robots_noimageindex":false,"robots_noodp":false,"robots_notranslate":false,"robots_max_snippet":null,"robots_max_videopreview":null,"robots_max_imagepreview":"large","priority":null,"frequency":null,"location":null,"local_seo":null,"seo_analyzer_scan_date":"2025-08-26 18:53:15","breadcrumb_settings":null,"limit_modified_date":false,"reviewed_by":null,"open_ai":null,"ai":null,"created":"2020-12-21 11:53:17","updated":"2025-08-26 18:53:15"},"aioseo_breadcrumb":"<div class=\"aioseo-breadcrumbs\"><span class=\"aioseo-breadcrumb\">\n\t<a href=\"https:\/\/candas365.es\/noticias\" title=\"Home\">Home<\/a>\n<\/span><span class=\"aioseo-breadcrumb-separator\">&ndash;<\/span><span class=\"aioseo-breadcrumb\">\n\t<a href=\"https:\/\/candas365.es\/noticias\/category\/noticias-carreno\/\" title=\"Noticias Carre\u00f1o\">Noticias Carre\u00f1o<\/a>\n<\/span><span class=\"aioseo-breadcrumb-separator\">&ndash;<\/span><span class=\"aioseo-breadcrumb\">\n\tIU reclama relanzar Perlora como complejo de turismo social\n<\/span><\/div>","aioseo_breadcrumb_json":[{"label":"Home","link":"https:\/\/candas365.es\/noticias"},{"label":"Noticias Carre\u00f1o","link":"https:\/\/candas365.es\/noticias\/category\/noticias-carreno\/"},{"label":"IU reclama relanzar Perlora como complejo de turismo social","link":"https:\/\/candas365.es\/noticias\/iu-reclama-relanzar-perlora-como-complejo-de-turismo-social\/"}],"_links":{"self":[{"href":"https:\/\/candas365.es\/noticias\/wp-json\/wp\/v2\/posts\/94255","targetHints":{"allow":["GET"]}}],"collection":[{"href":"https:\/\/candas365.es\/noticias\/wp-json\/wp\/v2\/posts"}],"about":[{"href":"https:\/\/candas365.es\/noticias\/wp-json\/wp\/v2\/types\/post"}],"author":[{"embeddable":true,"href":"https:\/\/candas365.es\/noticias\/wp-json\/wp\/v2\/users\/1"}],"replies":[{"embeddable":true,"href":"https:\/\/candas365.es\/noticias\/wp-json\/wp\/v2\/comments?post=94255"}],"version-history":[{"count":0,"href":"https:\/\/candas365.es\/noticias\/wp-json\/wp\/v2\/posts\/94255\/revisions"}],"wp:featuredmedia":[{"embeddable":true,"href":"https:\/\/candas365.es\/noticias\/wp-json\/wp\/v2\/media\/94256"}],"wp:attachment":[{"href":"https:\/\/candas365.es\/noticias\/wp-json\/wp\/v2\/media?parent=94255"}],"wp:term":[{"taxonomy":"category","embeddable":true,"href":"https:\/\/candas365.es\/noticias\/wp-json\/wp\/v2\/categories?post=94255"},{"taxonomy":"post_tag","embeddable":true,"href":"https:\/\/candas365.es\/noticias\/wp-json\/wp\/v2\/tags?post=94255"}],"curies":[{"name":"wp","href":"https:\/\/api.w.org\/{rel}","templated":true}]}}