{"id":94251,"date":"2018-04-20T15:27:47","date_gmt":"2018-04-20T15:27:47","guid":{"rendered":"http:\/\/candas365.es\/noticias\/?p=94251"},"modified":"2018-04-20T15:27:47","modified_gmt":"2018-04-20T15:27:47","slug":"goni-acusa-a-foro-de-impedir-que-el-senado-apoye-la-reapertura-del-tunel-de-abono","status":"publish","type":"post","link":"https:\/\/candas365.es\/noticias\/goni-acusa-a-foro-de-impedir-que-el-senado-apoye-la-reapertura-del-tunel-de-abono\/","title":{"rendered":"Go\u00f1i acusa a Foro de impedir que el Senado apoye la reapertura del t\u00fanel de Abo\u00f1o"},"content":{"rendered":"<p><img fetchpriority=\"high\" decoding=\"async\" class=\"alignleft size-medium wp-image-94196\" src=\"https:\/\/candas365.es\/noticias\/wp-content\/uploads\/2018\/04\/8152_1-360x203.jpg\" alt=\"\" width=\"360\" height=\"203\" srcset=\"https:\/\/candas365.es\/noticias\/wp-content\/uploads\/2018\/04\/8152_1-360x203.jpg 360w, https:\/\/candas365.es\/noticias\/wp-content\/uploads\/2018\/04\/8152_1-499x280.jpg 499w, https:\/\/candas365.es\/noticias\/wp-content\/uploads\/2018\/04\/8152_1.jpg 574w\" sizes=\"(max-width: 360px) 100vw, 360px\" \/>El senador asturiano del Partido Popular Fernando Go\u00f1i acusa a Foro de haber impedido que el Senado haya apoyado la reapertura del t\u00fanel de Abo\u00f1o, al presentar una desafortunada moci\u00f3n en la que se solicitaba que el Gobierno de Espa\u00f1a instruyese a solo tres de los 15 representantes del Consejo de Administraci\u00f3n de la Autoridad Portuaria de Gij\u00f3n para que defendieran un acuerdo para la reapertura del t\u00fanel.<\/p>\n<p>\u201cCon tres de quince votos poco o nada se podr\u00eda hacer, ya que se quer\u00eda dejar fuera de la negociaci\u00f3n a los Ayuntamientos de Gij\u00f3n y Carre\u00f1o y al Gobierno asturiano\u201d, se\u00f1ala Fernando Go\u00f1i.<\/p>\n<p>Por este motivo, en un debate celebrado el jueves en la Comisi\u00f3n de Fomento del Senado, el Partido Popular present\u00f3 una enmienda que propon\u00eda un texto en la misma l\u00ednea de los que se han ido aprobando durante los \u00faltimos a\u00f1os en la Junta General y en los Ayuntamientos de Gij\u00f3n y Carre\u00f1o, siempre a propuesta del PP.<\/p>\n<p>En la enmienda, defendida por Fernando Go\u00f1i, se ped\u00eda al Gobierno de la Naci\u00f3n que impulsase los contactos pertinentes con el Puerto de Gij\u00f3n, los dos ayuntamientos afectados y el Gobierno regional, cedente de la v\u00eda, para abrir una negociaci\u00f3n que permitiese establecer una f\u00f3rmula para que el t\u00fanel de Abo\u00f1o, principal v\u00eda de comunicaci\u00f3n de los vecinos de Carre\u00f1o con su hospital de referencia, el de Jove en Gij\u00f3n, pueda ser reabierto al tr\u00e1fico.<\/p>\n<p>Sin embargo, el partido casquista se neg\u00f3 a admitir el texto propuesto por el PP. \u201cEs una aut\u00e9ntica l\u00e1stima\u201d, afirma Fernando Go\u00f1i, quien a\u00f1ade que el texto de Foro \u201cera del todo insuficiente\u201d, y recuerda que la alcaldesa de Gij\u00f3n pertenece desde 2011 al Consejo de la Autoridad Portuaria, del que es su vicepresidenta, \u201cy parece que nadie la ha instruido en la defensa de la reapertura del t\u00fanel a Abo\u00f1o\u201d.<\/p>\n<p>El senador popular afirma que la alcaldesa de Gij\u00f3n ha apoyado a\u00f1o tras a\u00f1o las cuentas del Puerto, que no contemplaban acciones para la reapertura del t\u00fanel, y tambi\u00e9n ha votado, para luego incumplir, las iniciativas del PP en el Ayuntamiento gijon\u00e9s que le instaban a liderar la defensa de la reapertura de la v\u00eda.<\/p>\n<p>Fernando Go\u00f1i subraya que la actitud de Foro \u201cpara nada obedece al inter\u00e9s por la reapertura del t\u00fanel, sino que solo busc\u00f3 el voto en contra para impedir que el Senado se sumase a tan necesaria reivindicaci\u00f3n, una v\u00eda cerrada por una presidenta de la Autoridad Portuaria nombrada por el PSOE\u201d.<\/p>\n","protected":false},"excerpt":{"rendered":"<p>El senador asturiano del Partido Popular Fernando Go\u00f1i acusa a Foro de haber impedido que el Senado haya apoyado la reapertura del t\u00fanel de Abo\u00f1o, al presentar una desafortunada moci\u00f3n en la que se solicitaba que el Gobierno de Espa\u00f1a instruyese a solo tres de los 15 representantes del Consejo de Administraci\u00f3n de la Autoridad<\/p>\n","protected":false},"author":1,"featured_media":94196,"comment_status":"closed","ping_status":"closed","sticky":false,"template":"","format":"standard","meta":{"footnotes":""},"categories":[2],"tags":[],"class_list":{"0":"post-94251","1":"post","2":"type-post","3":"status-publish","4":"format-standard","5":"has-post-thumbnail","7":"category-noticias-carreno"},"aioseo_notices":[],"aioseo_head":"\n\t\t<!-- All in One SEO Pro 4.9.6.2 - aioseo.com -->\n\t<meta name=\"description\" content=\"El senador asturiano del Partido Popular Fernando Go\u00f1i acusa a Foro de haber impedido que el Senado haya apoyado la reapertura del t\u00fanel de Abo\u00f1o, al presentar una desafortunada moci\u00f3n en la que se solicitaba que el Gobierno de Espa\u00f1a instruyese a solo tres de los 15 representantes del Consejo de Administraci\u00f3n de la Autoridad\" \/>\n\t<meta name=\"robots\" content=\"max-image-preview:large\" \/>\n\t<meta name=\"author\" content=\"Cand\u00e1s 365\"\/>\n\t<meta name=\"google-site-verification\" content=\"UA-32230408-1\" \/>\n\t<meta name=\"msvalidate.01\" content=\"354F3CDFB2DA171B47FBE9ABF1F88D5\" \/>\n\t<meta name=\"keywords\" content=\"noticias carre\u00f1o\" \/>\n\t<link rel=\"canonical\" href=\"https:\/\/candas365.es\/noticias\/goni-acusa-a-foro-de-impedir-que-el-senado-apoye-la-reapertura-del-tunel-de-abono\/\" \/>\n\t<meta name=\"generator\" content=\"All in One SEO Pro (AIOSEO) 4.9.6.2\" \/>\n\t\t<meta property=\"og:locale\" content=\"es_ES\" \/>\n\t\t<meta property=\"og:site_name\" content=\"Cand\u00e1s 365\" \/>\n\t\t<meta property=\"og:type\" content=\"article\" \/>\n\t\t<meta property=\"og:title\" content=\"Go\u00f1i acusa a Foro de impedir que el Senado apoye la reapertura del t\u00fanel de Abo\u00f1o | Cand\u00e1s 365\" \/>\n\t\t<meta property=\"og:description\" content=\"El senador asturiano del Partido Popular Fernando Go\u00f1i acusa a Foro de haber impedido que el Senado haya apoyado la reapertura del t\u00fanel de Abo\u00f1o, al presentar una desafortunada moci\u00f3n en la que se solicitaba que el Gobierno de Espa\u00f1a instruyese a solo tres de los 15 representantes del Consejo de Administraci\u00f3n de la Autoridad\" \/>\n\t\t<meta property=\"og:url\" content=\"https:\/\/candas365.es\/noticias\/goni-acusa-a-foro-de-impedir-que-el-senado-apoye-la-reapertura-del-tunel-de-abono\/\" \/>\n\t\t<meta property=\"og:image\" content=\"https:\/\/candas365.es\/noticias\/wp-content\/uploads\/2018\/04\/8152_1.jpg\" \/>\n\t\t<meta property=\"og:image:secure_url\" content=\"https:\/\/candas365.es\/noticias\/wp-content\/uploads\/2018\/04\/8152_1.jpg\" \/>\n\t\t<meta property=\"og:image:width\" content=\"574\" \/>\n\t\t<meta property=\"og:image:height\" content=\"323\" \/>\n\t\t<meta property=\"article:published_time\" content=\"2018-04-20T15:27:47+00:00\" \/>\n\t\t<meta property=\"article:modified_time\" content=\"2018-04-20T15:27:47+00:00\" \/>\n\t\t<meta property=\"article:publisher\" content=\"https:\/\/www.facebook.com\/Nachofdezber\" \/>\n\t\t<meta property=\"article:author\" content=\"https:\/\/www.facebook.com\/carrenoactualidad\" \/>\n\t\t<meta name=\"twitter:card\" content=\"summary_large_image\" \/>\n\t\t<meta name=\"twitter:site\" content=\"@NabercoDigital\" \/>\n\t\t<meta name=\"twitter:title\" content=\"Go\u00f1i acusa a Foro de impedir que el Senado apoye la reapertura del t\u00fanel de Abo\u00f1o | Cand\u00e1s 365\" \/>\n\t\t<meta name=\"twitter:description\" content=\"El senador asturiano del Partido Popular Fernando Go\u00f1i acusa a Foro de haber impedido que el Senado haya apoyado la reapertura del t\u00fanel de Abo\u00f1o, al presentar una desafortunada moci\u00f3n en la que se solicitaba que el Gobierno de Espa\u00f1a instruyese a solo tres de los 15 representantes del Consejo de Administraci\u00f3n de la Autoridad\" \/>\n\t\t<meta name=\"twitter:creator\" content=\"@nbasturias\" \/>\n\t\t<meta name=\"twitter:image\" content=\"https:\/\/candas365.es\/noticias\/wp-content\/uploads\/2018\/04\/8152_1.jpg\" \/>\n\t\t<meta name=\"twitter:label1\" content=\"Escrito por\" \/>\n\t\t<meta name=\"twitter:data1\" content=\"Cand\u00e1s 365\" \/>\n\t\t<meta name=\"twitter:label2\" content=\"Tiempo de lectura estimado\" \/>\n\t\t<meta name=\"twitter:data2\" content=\"2 minutos\" \/>\n\t\t<script type=\"application\/ld+json\" class=\"aioseo-schema\">\n\t\t\t{\"@context\":\"https:\\\/\\\/schema.org\",\"@graph\":[{\"@type\":\"BreadcrumbList\",\"@id\":\"https:\\\/\\\/candas365.es\\\/noticias\\\/goni-acusa-a-foro-de-impedir-que-el-senado-apoye-la-reapertura-del-tunel-de-abono\\\/#breadcrumblist\",\"itemListElement\":[{\"@type\":\"ListItem\",\"@id\":\"https:\\\/\\\/candas365.es\\\/noticias#listItem\",\"position\":1,\"name\":\"Home\",\"item\":\"https:\\\/\\\/candas365.es\\\/noticias\",\"nextItem\":{\"@type\":\"ListItem\",\"@id\":\"https:\\\/\\\/candas365.es\\\/noticias\\\/category\\\/noticias-carreno\\\/#listItem\",\"name\":\"Noticias Carre\\u00f1o\"}},{\"@type\":\"ListItem\",\"@id\":\"https:\\\/\\\/candas365.es\\\/noticias\\\/category\\\/noticias-carreno\\\/#listItem\",\"position\":2,\"name\":\"Noticias Carre\\u00f1o\",\"item\":\"https:\\\/\\\/candas365.es\\\/noticias\\\/category\\\/noticias-carreno\\\/\",\"nextItem\":{\"@type\":\"ListItem\",\"@id\":\"https:\\\/\\\/candas365.es\\\/noticias\\\/goni-acusa-a-foro-de-impedir-que-el-senado-apoye-la-reapertura-del-tunel-de-abono\\\/#listItem\",\"name\":\"Go\\u00f1i acusa a Foro de impedir que el Senado apoye la reapertura del t\\u00fanel de Abo\\u00f1o\"},\"previousItem\":{\"@type\":\"ListItem\",\"@id\":\"https:\\\/\\\/candas365.es\\\/noticias#listItem\",\"name\":\"Home\"}},{\"@type\":\"ListItem\",\"@id\":\"https:\\\/\\\/candas365.es\\\/noticias\\\/goni-acusa-a-foro-de-impedir-que-el-senado-apoye-la-reapertura-del-tunel-de-abono\\\/#listItem\",\"position\":3,\"name\":\"Go\\u00f1i acusa a Foro de impedir que el Senado apoye la reapertura del t\\u00fanel de Abo\\u00f1o\",\"previousItem\":{\"@type\":\"ListItem\",\"@id\":\"https:\\\/\\\/candas365.es\\\/noticias\\\/category\\\/noticias-carreno\\\/#listItem\",\"name\":\"Noticias Carre\\u00f1o\"}}]},{\"@type\":\"NewsArticle\",\"@id\":\"https:\\\/\\\/candas365.es\\\/noticias\\\/goni-acusa-a-foro-de-impedir-que-el-senado-apoye-la-reapertura-del-tunel-de-abono\\\/#newsarticle\",\"name\":\"Go\\u00f1i acusa a Foro de impedir que el Senado apoye la reapertura del t\\u00fanel de Abo\\u00f1o | Cand\\u00e1s 365\",\"headline\":\"Go\\u00f1i acusa a Foro de impedir que el Senado apoye la reapertura del t\\u00fanel de Abo\\u00f1o\",\"author\":{\"@id\":\"https:\\\/\\\/candas365.es\\\/noticias\\\/author\\\/admin\\\/#author\"},\"publisher\":{\"@id\":\"https:\\\/\\\/candas365.es\\\/noticias\\\/#organization\"},\"image\":{\"@type\":\"ImageObject\",\"url\":\"https:\\\/\\\/candas365.es\\\/noticias\\\/wp-content\\\/uploads\\\/2018\\\/04\\\/8152_1.jpg\",\"width\":574,\"height\":323},\"datePublished\":\"2018-04-20T15:27:47+02:00\",\"dateModified\":\"2018-04-20T15:27:47+02:00\",\"inLanguage\":\"es-ES\",\"mainEntityOfPage\":{\"@id\":\"https:\\\/\\\/candas365.es\\\/noticias\\\/goni-acusa-a-foro-de-impedir-que-el-senado-apoye-la-reapertura-del-tunel-de-abono\\\/#webpage\"},\"isPartOf\":{\"@id\":\"https:\\\/\\\/candas365.es\\\/noticias\\\/goni-acusa-a-foro-de-impedir-que-el-senado-apoye-la-reapertura-del-tunel-de-abono\\\/#webpage\"},\"articleSection\":\"Noticias Carre\\u00f1o\",\"dateline\":\"Publicado el abril 20, 2018.\"},{\"@type\":\"Organization\",\"@id\":\"https:\\\/\\\/candas365.es\\\/noticias\\\/#organization\",\"name\":\"Cand\\u00e1s 365\",\"description\":\"Cand\\u00e1s 365 es un diario digital independiente, fundado en 2012, con base en Asturias. Informamos con rigor sobre actualidad, sociedad, cultura y ocio, con una mirada local y global.\",\"url\":\"https:\\\/\\\/candas365.es\\\/noticias\\\/\",\"email\":\"info@candas365.es\",\"telephone\":\"+34652131393\",\"foundingDate\":\"2012-06-10\",\"logo\":{\"@type\":\"ImageObject\",\"url\":\"https:\\\/\\\/candas365.es\\\/noticias\\\/wp-content\\\/uploads\\\/2024\\\/09\\\/Candas-365-Redes.jpg\",\"@id\":\"https:\\\/\\\/candas365.es\\\/noticias\\\/goni-acusa-a-foro-de-impedir-que-el-senado-apoye-la-reapertura-del-tunel-de-abono\\\/#organizationLogo\",\"width\":1152,\"height\":864,\"caption\":\"Cand\\u00e1s 365 Redes\"},\"image\":{\"@id\":\"https:\\\/\\\/candas365.es\\\/noticias\\\/goni-acusa-a-foro-de-impedir-que-el-senado-apoye-la-reapertura-del-tunel-de-abono\\\/#organizationLogo\"},\"sameAs\":[\"https:\\\/\\\/www.facebook.com\\\/Nachofdezber\",\"https:\\\/\\\/x.com\\\/NabercoDigital\",\"https:\\\/\\\/www.instagram.com\\\/nachofdezber\\\/\",\"https:\\\/\\\/www.youtube.com\\\/channel\\\/UCZP-2wLEB9Rv6erhFmqVnvg\"],\"address\":{\"@id\":\"https:\\\/\\\/candas365.es\\\/noticias\\\/#postaladdress\",\"@type\":\"PostalAddress\",\"streetAddress\":\"san antonio 4, san antonio 4\",\"postalCode\":\"33430\",\"addressLocality\":\"Cand\\u00e1s\",\"addressRegion\":\"Asturias\",\"addressCountry\":\"ES\"}},{\"@type\":\"Person\",\"@id\":\"https:\\\/\\\/candas365.es\\\/noticias\\\/author\\\/admin\\\/#author\",\"url\":\"https:\\\/\\\/candas365.es\\\/noticias\\\/author\\\/admin\\\/\",\"name\":\"Cand\\u00e1s 365\",\"image\":{\"@type\":\"ImageObject\",\"@id\":\"https:\\\/\\\/candas365.es\\\/noticias\\\/goni-acusa-a-foro-de-impedir-que-el-senado-apoye-la-reapertura-del-tunel-de-abono\\\/#authorImage\",\"url\":\"https:\\\/\\\/secure.gravatar.com\\\/avatar\\\/496a8e03d0c493ede1718b7934145dbdf8d89be1036b0eec9544e1094c9de390?s=96&d=mm&r=g\",\"width\":96,\"height\":96,\"caption\":\"Cand\\u00e1s 365\"},\"sameAs\":[\"https:\\\/\\\/www.facebook.com\\\/carrenoactualidad\",\"https:\\\/\\\/twitter.com\\\/nbasturias\",\"https:\\\/\\\/www.instagram.com\\\/nachofdezber\\\/\",\"https:\\\/\\\/www.youtube.com\\\/channel\\\/UCZP-2wLEB9Rv6erhFmqVnvg\"]},{\"@type\":\"WebPage\",\"@id\":\"https:\\\/\\\/candas365.es\\\/noticias\\\/goni-acusa-a-foro-de-impedir-que-el-senado-apoye-la-reapertura-del-tunel-de-abono\\\/#webpage\",\"url\":\"https:\\\/\\\/candas365.es\\\/noticias\\\/goni-acusa-a-foro-de-impedir-que-el-senado-apoye-la-reapertura-del-tunel-de-abono\\\/\",\"name\":\"Go\\u00f1i acusa a Foro de impedir que el Senado apoye la reapertura del t\\u00fanel de Abo\\u00f1o | Cand\\u00e1s 365\",\"description\":\"El senador asturiano del Partido Popular Fernando Go\\u00f1i acusa a Foro de haber impedido que el Senado haya apoyado la reapertura del t\\u00fanel de Abo\\u00f1o, al presentar una desafortunada moci\\u00f3n en la que se solicitaba que el Gobierno de Espa\\u00f1a instruyese a solo tres de los 15 representantes del Consejo de Administraci\\u00f3n de la Autoridad\",\"inLanguage\":\"es-ES\",\"isPartOf\":{\"@id\":\"https:\\\/\\\/candas365.es\\\/noticias\\\/#website\"},\"breadcrumb\":{\"@id\":\"https:\\\/\\\/candas365.es\\\/noticias\\\/goni-acusa-a-foro-de-impedir-que-el-senado-apoye-la-reapertura-del-tunel-de-abono\\\/#breadcrumblist\"},\"author\":{\"@id\":\"https:\\\/\\\/candas365.es\\\/noticias\\\/author\\\/admin\\\/#author\"},\"creator\":{\"@id\":\"https:\\\/\\\/candas365.es\\\/noticias\\\/author\\\/admin\\\/#author\"},\"image\":{\"@type\":\"ImageObject\",\"url\":\"https:\\\/\\\/candas365.es\\\/noticias\\\/wp-content\\\/uploads\\\/2018\\\/04\\\/8152_1.jpg\",\"@id\":\"https:\\\/\\\/candas365.es\\\/noticias\\\/goni-acusa-a-foro-de-impedir-que-el-senado-apoye-la-reapertura-del-tunel-de-abono\\\/#mainImage\",\"width\":574,\"height\":323},\"primaryImageOfPage\":{\"@id\":\"https:\\\/\\\/candas365.es\\\/noticias\\\/goni-acusa-a-foro-de-impedir-que-el-senado-apoye-la-reapertura-del-tunel-de-abono\\\/#mainImage\"},\"datePublished\":\"2018-04-20T15:27:47+02:00\",\"dateModified\":\"2018-04-20T15:27:47+02:00\"},{\"@type\":\"WebSite\",\"@id\":\"https:\\\/\\\/candas365.es\\\/noticias\\\/#website\",\"url\":\"https:\\\/\\\/candas365.es\\\/noticias\\\/\",\"name\":\"Cand\\u00e1s 365\",\"alternateName\":\"Cand\\u00e1s 365 Noticias\",\"description\":\"Actualidad desde Carre\\u00f1o para el mundo\",\"inLanguage\":\"es-ES\",\"publisher\":{\"@id\":\"https:\\\/\\\/candas365.es\\\/noticias\\\/#organization\"}}]}\n\t\t<\/script>\n\t\t<!-- All in One SEO Pro -->\r\n\t\t<title>Go\u00f1i acusa a Foro de impedir que el Senado apoye la reapertura del t\u00fanel de Abo\u00f1o | Cand\u00e1s 365<\/title>\n\n","aioseo_head_json":{"title":"Go\u00f1i acusa a Foro de impedir que el Senado apoye la reapertura del t\u00fanel de Abo\u00f1o | Cand\u00e1s 365","description":"El senador asturiano del Partido Popular Fernando Go\u00f1i acusa a Foro de haber impedido que el Senado haya apoyado la reapertura del t\u00fanel de Abo\u00f1o, al presentar una desafortunada moci\u00f3n en la que se solicitaba que el Gobierno de Espa\u00f1a instruyese a solo tres de los 15 representantes del Consejo de Administraci\u00f3n de la Autoridad","canonical_url":"https:\/\/candas365.es\/noticias\/goni-acusa-a-foro-de-impedir-que-el-senado-apoye-la-reapertura-del-tunel-de-abono\/","robots":"max-image-preview:large","keywords":"noticias carre\u00f1o","webmasterTools":{"google-site-verification":"UA-32230408-1","msvalidate.01":"354F3CDFB2DA171B47FBE9ABF1F88D5","miscellaneous":""},"schema":{"@context":"https:\/\/schema.org","@graph":[{"@type":"BreadcrumbList","@id":"https:\/\/candas365.es\/noticias\/goni-acusa-a-foro-de-impedir-que-el-senado-apoye-la-reapertura-del-tunel-de-abono\/#breadcrumblist","itemListElement":[{"@type":"ListItem","@id":"https:\/\/candas365.es\/noticias#listItem","position":1,"name":"Home","item":"https:\/\/candas365.es\/noticias","nextItem":{"@type":"ListItem","@id":"https:\/\/candas365.es\/noticias\/category\/noticias-carreno\/#listItem","name":"Noticias Carre\u00f1o"}},{"@type":"ListItem","@id":"https:\/\/candas365.es\/noticias\/category\/noticias-carreno\/#listItem","position":2,"name":"Noticias Carre\u00f1o","item":"https:\/\/candas365.es\/noticias\/category\/noticias-carreno\/","nextItem":{"@type":"ListItem","@id":"https:\/\/candas365.es\/noticias\/goni-acusa-a-foro-de-impedir-que-el-senado-apoye-la-reapertura-del-tunel-de-abono\/#listItem","name":"Go\u00f1i acusa a Foro de impedir que el Senado apoye la reapertura del t\u00fanel de Abo\u00f1o"},"previousItem":{"@type":"ListItem","@id":"https:\/\/candas365.es\/noticias#listItem","name":"Home"}},{"@type":"ListItem","@id":"https:\/\/candas365.es\/noticias\/goni-acusa-a-foro-de-impedir-que-el-senado-apoye-la-reapertura-del-tunel-de-abono\/#listItem","position":3,"name":"Go\u00f1i acusa a Foro de impedir que el Senado apoye la reapertura del t\u00fanel de Abo\u00f1o","previousItem":{"@type":"ListItem","@id":"https:\/\/candas365.es\/noticias\/category\/noticias-carreno\/#listItem","name":"Noticias Carre\u00f1o"}}]},{"@type":"NewsArticle","@id":"https:\/\/candas365.es\/noticias\/goni-acusa-a-foro-de-impedir-que-el-senado-apoye-la-reapertura-del-tunel-de-abono\/#newsarticle","name":"Go\u00f1i acusa a Foro de impedir que el Senado apoye la reapertura del t\u00fanel de Abo\u00f1o | Cand\u00e1s 365","headline":"Go\u00f1i acusa a Foro de impedir que el Senado apoye la reapertura del t\u00fanel de Abo\u00f1o","author":{"@id":"https:\/\/candas365.es\/noticias\/author\/admin\/#author"},"publisher":{"@id":"https:\/\/candas365.es\/noticias\/#organization"},"image":{"@type":"ImageObject","url":"https:\/\/candas365.es\/noticias\/wp-content\/uploads\/2018\/04\/8152_1.jpg","width":574,"height":323},"datePublished":"2018-04-20T15:27:47+02:00","dateModified":"2018-04-20T15:27:47+02:00","inLanguage":"es-ES","mainEntityOfPage":{"@id":"https:\/\/candas365.es\/noticias\/goni-acusa-a-foro-de-impedir-que-el-senado-apoye-la-reapertura-del-tunel-de-abono\/#webpage"},"isPartOf":{"@id":"https:\/\/candas365.es\/noticias\/goni-acusa-a-foro-de-impedir-que-el-senado-apoye-la-reapertura-del-tunel-de-abono\/#webpage"},"articleSection":"Noticias Carre\u00f1o","dateline":"Publicado el abril 20, 2018."},{"@type":"Organization","@id":"https:\/\/candas365.es\/noticias\/#organization","name":"Cand\u00e1s 365","description":"Cand\u00e1s 365 es un diario digital independiente, fundado en 2012, con base en Asturias. Informamos con rigor sobre actualidad, sociedad, cultura y ocio, con una mirada local y global.","url":"https:\/\/candas365.es\/noticias\/","email":"info@candas365.es","telephone":"+34652131393","foundingDate":"2012-06-10","logo":{"@type":"ImageObject","url":"https:\/\/candas365.es\/noticias\/wp-content\/uploads\/2024\/09\/Candas-365-Redes.jpg","@id":"https:\/\/candas365.es\/noticias\/goni-acusa-a-foro-de-impedir-que-el-senado-apoye-la-reapertura-del-tunel-de-abono\/#organizationLogo","width":1152,"height":864,"caption":"Cand\u00e1s 365 Redes"},"image":{"@id":"https:\/\/candas365.es\/noticias\/goni-acusa-a-foro-de-impedir-que-el-senado-apoye-la-reapertura-del-tunel-de-abono\/#organizationLogo"},"sameAs":["https:\/\/www.facebook.com\/Nachofdezber","https:\/\/x.com\/NabercoDigital","https:\/\/www.instagram.com\/nachofdezber\/","https:\/\/www.youtube.com\/channel\/UCZP-2wLEB9Rv6erhFmqVnvg"],"address":{"@id":"https:\/\/candas365.es\/noticias\/#postaladdress","@type":"PostalAddress","streetAddress":"san antonio 4, san antonio 4","postalCode":"33430","addressLocality":"Cand\u00e1s","addressRegion":"Asturias","addressCountry":"ES"}},{"@type":"Person","@id":"https:\/\/candas365.es\/noticias\/author\/admin\/#author","url":"https:\/\/candas365.es\/noticias\/author\/admin\/","name":"Cand\u00e1s 365","image":{"@type":"ImageObject","@id":"https:\/\/candas365.es\/noticias\/goni-acusa-a-foro-de-impedir-que-el-senado-apoye-la-reapertura-del-tunel-de-abono\/#authorImage","url":"https:\/\/secure.gravatar.com\/avatar\/496a8e03d0c493ede1718b7934145dbdf8d89be1036b0eec9544e1094c9de390?s=96&d=mm&r=g","width":96,"height":96,"caption":"Cand\u00e1s 365"},"sameAs":["https:\/\/www.facebook.com\/carrenoactualidad","https:\/\/twitter.com\/nbasturias","https:\/\/www.instagram.com\/nachofdezber\/","https:\/\/www.youtube.com\/channel\/UCZP-2wLEB9Rv6erhFmqVnvg"]},{"@type":"WebPage","@id":"https:\/\/candas365.es\/noticias\/goni-acusa-a-foro-de-impedir-que-el-senado-apoye-la-reapertura-del-tunel-de-abono\/#webpage","url":"https:\/\/candas365.es\/noticias\/goni-acusa-a-foro-de-impedir-que-el-senado-apoye-la-reapertura-del-tunel-de-abono\/","name":"Go\u00f1i acusa a Foro de impedir que el Senado apoye la reapertura del t\u00fanel de Abo\u00f1o | Cand\u00e1s 365","description":"El senador asturiano del Partido Popular Fernando Go\u00f1i acusa a Foro de haber impedido que el Senado haya apoyado la reapertura del t\u00fanel de Abo\u00f1o, al presentar una desafortunada moci\u00f3n en la que se solicitaba que el Gobierno de Espa\u00f1a instruyese a solo tres de los 15 representantes del Consejo de Administraci\u00f3n de la Autoridad","inLanguage":"es-ES","isPartOf":{"@id":"https:\/\/candas365.es\/noticias\/#website"},"breadcrumb":{"@id":"https:\/\/candas365.es\/noticias\/goni-acusa-a-foro-de-impedir-que-el-senado-apoye-la-reapertura-del-tunel-de-abono\/#breadcrumblist"},"author":{"@id":"https:\/\/candas365.es\/noticias\/author\/admin\/#author"},"creator":{"@id":"https:\/\/candas365.es\/noticias\/author\/admin\/#author"},"image":{"@type":"ImageObject","url":"https:\/\/candas365.es\/noticias\/wp-content\/uploads\/2018\/04\/8152_1.jpg","@id":"https:\/\/candas365.es\/noticias\/goni-acusa-a-foro-de-impedir-que-el-senado-apoye-la-reapertura-del-tunel-de-abono\/#mainImage","width":574,"height":323},"primaryImageOfPage":{"@id":"https:\/\/candas365.es\/noticias\/goni-acusa-a-foro-de-impedir-que-el-senado-apoye-la-reapertura-del-tunel-de-abono\/#mainImage"},"datePublished":"2018-04-20T15:27:47+02:00","dateModified":"2018-04-20T15:27:47+02:00"},{"@type":"WebSite","@id":"https:\/\/candas365.es\/noticias\/#website","url":"https:\/\/candas365.es\/noticias\/","name":"Cand\u00e1s 365","alternateName":"Cand\u00e1s 365 Noticias","description":"Actualidad desde Carre\u00f1o para el mundo","inLanguage":"es-ES","publisher":{"@id":"https:\/\/candas365.es\/noticias\/#organization"}}]},"og:locale":"es_ES","og:site_name":"Cand\u00e1s 365","og:type":"article","og:title":"Go\u00f1i acusa a Foro de impedir que el Senado apoye la reapertura del t\u00fanel de Abo\u00f1o | Cand\u00e1s 365","og:description":"El senador asturiano del Partido Popular Fernando Go\u00f1i acusa a Foro de haber impedido que el Senado haya apoyado la reapertura del t\u00fanel de Abo\u00f1o, al presentar una desafortunada moci\u00f3n en la que se solicitaba que el Gobierno de Espa\u00f1a instruyese a solo tres de los 15 representantes del Consejo de Administraci\u00f3n de la Autoridad","og:url":"https:\/\/candas365.es\/noticias\/goni-acusa-a-foro-de-impedir-que-el-senado-apoye-la-reapertura-del-tunel-de-abono\/","og:image":"https:\/\/candas365.es\/noticias\/wp-content\/uploads\/2018\/04\/8152_1.jpg","og:image:secure_url":"https:\/\/candas365.es\/noticias\/wp-content\/uploads\/2018\/04\/8152_1.jpg","og:image:width":574,"og:image:height":323,"article:published_time":"2018-04-20T15:27:47+00:00","article:modified_time":"2018-04-20T15:27:47+00:00","article:publisher":"https:\/\/www.facebook.com\/Nachofdezber","article:author":"https:\/\/www.facebook.com\/carrenoactualidad","twitter:card":"summary_large_image","twitter:site":"@NabercoDigital","twitter:title":"Go\u00f1i acusa a Foro de impedir que el Senado apoye la reapertura del t\u00fanel de Abo\u00f1o | Cand\u00e1s 365","twitter:description":"El senador asturiano del Partido Popular Fernando Go\u00f1i acusa a Foro de haber impedido que el Senado haya apoyado la reapertura del t\u00fanel de Abo\u00f1o, al presentar una desafortunada moci\u00f3n en la que se solicitaba que el Gobierno de Espa\u00f1a instruyese a solo tres de los 15 representantes del Consejo de Administraci\u00f3n de la Autoridad","twitter:creator":"@nbasturias","twitter:image":"https:\/\/candas365.es\/noticias\/wp-content\/uploads\/2018\/04\/8152_1.jpg","twitter:label1":"Escrito por","twitter:data1":"Cand\u00e1s 365","twitter:label2":"Tiempo de lectura estimado","twitter:data2":"2 minutos"},"aioseo_meta_data":{"post_id":"94251","title":null,"description":null,"keywords":null,"keyphrases":null,"primary_term":null,"canonical_url":null,"og_title":null,"og_description":null,"og_object_type":"default","og_image_type":"default","og_image_url":null,"og_image_width":null,"og_image_height":null,"og_image_custom_url":null,"og_image_custom_fields":null,"og_video":null,"og_custom_url":null,"og_article_section":null,"og_article_tags":null,"twitter_use_og":false,"twitter_card":"default","twitter_image_type":"default","twitter_image_url":null,"twitter_image_custom_url":null,"twitter_image_custom_fields":null,"twitter_title":null,"twitter_description":null,"schema":{"blockGraphs":[],"customGraphs":[],"default":{"data":{"Article":[],"Course":[],"Dataset":[],"FAQPage":[],"Movie":[],"Person":[],"Product":[],"ProductReview":[],"Car":[],"Recipe":[],"Service":[],"SoftwareApplication":[],"WebPage":[]},"graphName":"","isEnabled":true},"graphs":[],"defaultGraph":"","defaultPostTypeGraph":""},"schema_type":null,"schema_type_options":null,"pillar_content":false,"robots_default":true,"robots_noindex":false,"robots_noarchive":false,"robots_nosnippet":false,"robots_nofollow":false,"robots_noimageindex":false,"robots_noodp":false,"robots_notranslate":false,"robots_max_snippet":null,"robots_max_videopreview":null,"robots_max_imagepreview":"large","priority":null,"frequency":null,"location":null,"local_seo":null,"seo_analyzer_scan_date":"2025-08-26 18:53:12","breadcrumb_settings":null,"limit_modified_date":false,"reviewed_by":null,"open_ai":null,"ai":null,"created":"2020-12-21 11:53:17","updated":"2025-08-26 18:53:12"},"aioseo_breadcrumb":"<div class=\"aioseo-breadcrumbs\"><span class=\"aioseo-breadcrumb\">\n\t<a href=\"https:\/\/candas365.es\/noticias\" title=\"Home\">Home<\/a>\n<\/span><span class=\"aioseo-breadcrumb-separator\">&ndash;<\/span><span class=\"aioseo-breadcrumb\">\n\t<a href=\"https:\/\/candas365.es\/noticias\/category\/noticias-carreno\/\" title=\"Noticias Carre\u00f1o\">Noticias Carre\u00f1o<\/a>\n<\/span><span class=\"aioseo-breadcrumb-separator\">&ndash;<\/span><span class=\"aioseo-breadcrumb\">\n\tGo\u00f1i acusa a Foro de impedir que el Senado apoye la reapertura del t\u00fanel de Abo\u00f1o\n<\/span><\/div>","aioseo_breadcrumb_json":[{"label":"Home","link":"https:\/\/candas365.es\/noticias"},{"label":"Noticias Carre\u00f1o","link":"https:\/\/candas365.es\/noticias\/category\/noticias-carreno\/"},{"label":"Go\u00f1i acusa a Foro de impedir que el Senado apoye la reapertura del t\u00fanel de Abo\u00f1o","link":"https:\/\/candas365.es\/noticias\/goni-acusa-a-foro-de-impedir-que-el-senado-apoye-la-reapertura-del-tunel-de-abono\/"}],"_links":{"self":[{"href":"https:\/\/candas365.es\/noticias\/wp-json\/wp\/v2\/posts\/94251","targetHints":{"allow":["GET"]}}],"collection":[{"href":"https:\/\/candas365.es\/noticias\/wp-json\/wp\/v2\/posts"}],"about":[{"href":"https:\/\/candas365.es\/noticias\/wp-json\/wp\/v2\/types\/post"}],"author":[{"embeddable":true,"href":"https:\/\/candas365.es\/noticias\/wp-json\/wp\/v2\/users\/1"}],"replies":[{"embeddable":true,"href":"https:\/\/candas365.es\/noticias\/wp-json\/wp\/v2\/comments?post=94251"}],"version-history":[{"count":0,"href":"https:\/\/candas365.es\/noticias\/wp-json\/wp\/v2\/posts\/94251\/revisions"}],"wp:featuredmedia":[{"embeddable":true,"href":"https:\/\/candas365.es\/noticias\/wp-json\/wp\/v2\/media\/94196"}],"wp:attachment":[{"href":"https:\/\/candas365.es\/noticias\/wp-json\/wp\/v2\/media?parent=94251"}],"wp:term":[{"taxonomy":"category","embeddable":true,"href":"https:\/\/candas365.es\/noticias\/wp-json\/wp\/v2\/categories?post=94251"},{"taxonomy":"post_tag","embeddable":true,"href":"https:\/\/candas365.es\/noticias\/wp-json\/wp\/v2\/tags?post=94251"}],"curies":[{"name":"wp","href":"https:\/\/api.w.org\/{rel}","templated":true}]}}