{"id":94199,"date":"2018-04-19T18:55:49","date_gmt":"2018-04-19T18:55:49","guid":{"rendered":"http:\/\/candas365.es\/noticias\/?p=94199"},"modified":"2018-04-19T18:55:49","modified_gmt":"2018-04-19T18:55:49","slug":"riesgo-de-aludes-en-la-zona-de-picos-de-europa-durante-el-fin-de-semana","status":"publish","type":"post","link":"https:\/\/candas365.es\/noticias\/riesgo-de-aludes-en-la-zona-de-picos-de-europa-durante-el-fin-de-semana\/","title":{"rendered":"Riesgo de aludes en la zona de Picos de Europa durante el fin de semana"},"content":{"rendered":"<p><img fetchpriority=\"high\" decoding=\"async\" class=\"alignleft size-medium wp-image-6582\" src=\"https:\/\/candas365.es\/noticias\/wp-content\/uploads\/2015\/02\/nieve-360x240.jpg\" alt=\"\" width=\"360\" height=\"240\" srcset=\"https:\/\/candas365.es\/noticias\/wp-content\/uploads\/2015\/02\/nieve-360x240.jpg 360w, https:\/\/candas365.es\/noticias\/wp-content\/uploads\/2015\/02\/nieve-650x433.jpg 650w, https:\/\/candas365.es\/noticias\/wp-content\/uploads\/2015\/02\/nieve-768x512.jpg 768w, https:\/\/candas365.es\/noticias\/wp-content\/uploads\/2015\/02\/nieve-150x100.jpg 150w, https:\/\/candas365.es\/noticias\/wp-content\/uploads\/2015\/02\/nieve-450x300.jpg 450w, https:\/\/candas365.es\/noticias\/wp-content\/uploads\/2015\/02\/nieve-655x436.jpg 655w, https:\/\/candas365.es\/noticias\/wp-content\/uploads\/2015\/02\/nieve-696x464.jpg 696w, https:\/\/candas365.es\/noticias\/wp-content\/uploads\/2015\/02\/nieve-630x420.jpg 630w, https:\/\/candas365.es\/noticias\/wp-content\/uploads\/2015\/02\/nieve-84x55.jpg 84w, https:\/\/candas365.es\/noticias\/wp-content\/uploads\/2015\/02\/nieve.jpg 800w\" sizes=\"(max-width: 360px) 100vw, 360px\" \/>La Agencia Estatal de Meteorolog\u00eda ha emitido un aviso en el que se advierte, para ma\u00f1ana viernes, d\u00eda 20 de abril, y el s\u00e1bado y el domingo, d\u00edas 21 y 22, de riesgo LIMITADO de aludes evolucionando a NOTABLE durante la ma\u00f1ana en Picos de Europa.<\/p>\n<p>Seg\u00fan las previsiones de AEMET de ma\u00f1ana viernes, 20 de abril, en general estar\u00e1 poco nuboso o despejado, aunque por la tarde crecer\u00e1n algunas nubes de evoluci\u00f3n diurna, que podr\u00edan dejar alg\u00fan chubasco disperso. Con esta situaci\u00f3n el principal problema ser\u00e1 el de nieve h\u00fameda, si bien por encima de unos 2.000 metros, la superficie todav\u00eda se podr\u00e1 encontrar ligeramente endurecida a primeras horas. Se esperan purgas de nieve h\u00fameda en todas las orientaciones y altitudes, en general ser\u00e1n de tama\u00f1o 1 y 2 (capaz de sepultar a una persona), pero es probable que alcancen tama\u00f1o 3 (capaz de enterrar un veh\u00edculo). No se descarta que se produzcan algunos aludes de fondo, preferentemente en las laderas herbosas o de piedra lisa de fuerte inclinaci\u00f3n, sobre todo a partir del mediod\u00eda, y que dada la cantidad de nieve acumulada podr\u00edan alcanzar tama\u00f1o 4 (capaz de destruir un peque\u00f1o bosque). Todav\u00eda se observan numerosas cornisas en todas las orientaciones, en algunos casos de gran tama\u00f1o. Como consecuencia de las altas temperaturas que se van a seguir registrando, podr\u00e1n debilitarse los anclajes de estas estructuras, y por tanto desprenderse espont\u00e1neamente. Los aludes as\u00ed producidos ser\u00e1n en general de tama\u00f1o 2, pero no se descarta que alcancen tama\u00f1o 3, e incluso puntualmente 4.<\/p>\n<p>Durante el s\u00e1bado y el domingo, d\u00edas 21y 22 de abril, no habr\u00e1 cambios importantes en el nivel de peligro. El s\u00e1bado 21 no se esperan grandes cambios en la situaci\u00f3n. Se mantiene el peligro de nieve h\u00fameda, si bien se incrementa ligeramente al esperarse un ascenso de las temperaturas m\u00e1ximas.<\/p>\n<p>El domingo 22 predominar\u00e1n los cielos nubosos, primero por nubes altas, ya por la tarde se espera nubosidad de evoluci\u00f3n diurna y a \u00faltimas horas algunas nubes bajas. Ser\u00e1n probables los chubascos vespertinos, ocasionalmente acompa\u00f1ados de tormenta. De nuevo ascender\u00e1n las temperaturas, tanto m\u00e1ximas como m\u00ednimas. As\u00ed, seguir\u00e1n siendo muy probables los aludes de nieve h\u00fameda en todas las orientaciones y cotas, se podr\u00e1n producir en cualquier momento del d\u00eda, aunque ser\u00e1n m\u00e1s probables en las horas de m\u00e1s calor o en los momentos de chubascos.<\/p>\n<p>Desde AEMET recuerdan que, siempre que haya nieve, el peligro 0 (cero) de aludes -ausencia total de peligro- no existe y que, en circunstancias desfavorables, con aludes de tama\u00f1os 1 (purga) y 2 (alud peque\u00f1o), se pueden sufrir severos da\u00f1os personales.<\/p>\n<p>En estas condiciones, desde el Servicio de Emergencias del Principado de Asturias (SEPA) se advierte que es especialmente peligroso realizar recorridos a pie por la alta monta\u00f1a, as\u00ed como la pr\u00e1ctica de deportes invernales como el esqu\u00ed de traves\u00eda o la escalada en hielo<\/p>\n","protected":false},"excerpt":{"rendered":"<p>La Agencia Estatal de Meteorolog\u00eda ha emitido un aviso en el que se advierte, para ma\u00f1ana viernes, d\u00eda 20 de abril, y el s\u00e1bado y el domingo, d\u00edas 21 y 22, de riesgo LIMITADO de aludes evolucionando a NOTABLE durante la ma\u00f1ana en Picos de Europa. Seg\u00fan las previsiones de AEMET de ma\u00f1ana viernes, 20<\/p>\n","protected":false},"author":1,"featured_media":6582,"comment_status":"closed","ping_status":"closed","sticky":false,"template":"","format":"standard","meta":{"footnotes":""},"categories":[1],"tags":[],"class_list":{"0":"post-94199","1":"post","2":"type-post","3":"status-publish","4":"format-standard","5":"has-post-thumbnail","7":"category-agenda"},"aioseo_notices":[],"aioseo_head":"\n\t\t<!-- All in One SEO Pro 4.9.6.2 - aioseo.com -->\n\t<meta name=\"description\" content=\"La Agencia Estatal de Meteorolog\u00eda ha emitido un aviso en el que se advierte, para ma\u00f1ana viernes, d\u00eda 20 de abril, y el s\u00e1bado y el domingo, d\u00edas 21 y 22, de riesgo LIMITADO de aludes evolucionando a NOTABLE durante la ma\u00f1ana en Picos de Europa. Seg\u00fan las previsiones de AEMET de ma\u00f1ana viernes, 20\" \/>\n\t<meta name=\"robots\" content=\"max-image-preview:large\" \/>\n\t<meta name=\"author\" content=\"Cand\u00e1s 365\"\/>\n\t<meta name=\"google-site-verification\" content=\"UA-32230408-1\" \/>\n\t<meta name=\"msvalidate.01\" content=\"354F3CDFB2DA171B47FBE9ABF1F88D5\" \/>\n\t<meta name=\"keywords\" content=\"agenda\" \/>\n\t<link rel=\"canonical\" href=\"https:\/\/candas365.es\/noticias\/riesgo-de-aludes-en-la-zona-de-picos-de-europa-durante-el-fin-de-semana\/\" \/>\n\t<meta name=\"generator\" content=\"All in One SEO Pro (AIOSEO) 4.9.6.2\" \/>\n\t\t<meta property=\"og:locale\" content=\"es_ES\" \/>\n\t\t<meta property=\"og:site_name\" content=\"Cand\u00e1s 365\" \/>\n\t\t<meta property=\"og:type\" content=\"article\" \/>\n\t\t<meta property=\"og:title\" content=\"Riesgo de aludes en la zona de Picos de Europa durante el fin de semana | Cand\u00e1s 365\" \/>\n\t\t<meta property=\"og:description\" content=\"La Agencia Estatal de Meteorolog\u00eda ha emitido un aviso en el que se advierte, para ma\u00f1ana viernes, d\u00eda 20 de abril, y el s\u00e1bado y el domingo, d\u00edas 21 y 22, de riesgo LIMITADO de aludes evolucionando a NOTABLE durante la ma\u00f1ana en Picos de Europa. Seg\u00fan las previsiones de AEMET de ma\u00f1ana viernes, 20\" \/>\n\t\t<meta property=\"og:url\" content=\"https:\/\/candas365.es\/noticias\/riesgo-de-aludes-en-la-zona-de-picos-de-europa-durante-el-fin-de-semana\/\" \/>\n\t\t<meta property=\"og:image\" content=\"https:\/\/candas365.es\/noticias\/wp-content\/uploads\/2015\/02\/nieve.jpg\" \/>\n\t\t<meta property=\"og:image:secure_url\" content=\"https:\/\/candas365.es\/noticias\/wp-content\/uploads\/2015\/02\/nieve.jpg\" \/>\n\t\t<meta property=\"og:image:width\" content=\"800\" \/>\n\t\t<meta property=\"og:image:height\" content=\"533\" \/>\n\t\t<meta property=\"article:published_time\" content=\"2018-04-19T18:55:49+00:00\" \/>\n\t\t<meta property=\"article:modified_time\" content=\"2018-04-19T18:55:49+00:00\" \/>\n\t\t<meta property=\"article:publisher\" content=\"https:\/\/www.facebook.com\/Nachofdezber\" \/>\n\t\t<meta property=\"article:author\" content=\"https:\/\/www.facebook.com\/carrenoactualidad\" \/>\n\t\t<meta name=\"twitter:card\" content=\"summary_large_image\" \/>\n\t\t<meta name=\"twitter:site\" content=\"@NabercoDigital\" \/>\n\t\t<meta name=\"twitter:title\" content=\"Riesgo de aludes en la zona de Picos de Europa durante el fin de semana | Cand\u00e1s 365\" \/>\n\t\t<meta name=\"twitter:description\" content=\"La Agencia Estatal de Meteorolog\u00eda ha emitido un aviso en el que se advierte, para ma\u00f1ana viernes, d\u00eda 20 de abril, y el s\u00e1bado y el domingo, d\u00edas 21 y 22, de riesgo LIMITADO de aludes evolucionando a NOTABLE durante la ma\u00f1ana en Picos de Europa. Seg\u00fan las previsiones de AEMET de ma\u00f1ana viernes, 20\" \/>\n\t\t<meta name=\"twitter:creator\" content=\"@nbasturias\" \/>\n\t\t<meta name=\"twitter:image\" content=\"https:\/\/candas365.es\/noticias\/wp-content\/uploads\/2015\/02\/nieve.jpg\" \/>\n\t\t<meta name=\"twitter:label1\" content=\"Escrito por\" \/>\n\t\t<meta name=\"twitter:data1\" content=\"Cand\u00e1s 365\" \/>\n\t\t<meta name=\"twitter:label2\" content=\"Tiempo de lectura estimado\" \/>\n\t\t<meta name=\"twitter:data2\" content=\"3 minutos\" \/>\n\t\t<script type=\"application\/ld+json\" class=\"aioseo-schema\">\n\t\t\t{\"@context\":\"https:\\\/\\\/schema.org\",\"@graph\":[{\"@type\":\"BreadcrumbList\",\"@id\":\"https:\\\/\\\/candas365.es\\\/noticias\\\/riesgo-de-aludes-en-la-zona-de-picos-de-europa-durante-el-fin-de-semana\\\/#breadcrumblist\",\"itemListElement\":[{\"@type\":\"ListItem\",\"@id\":\"https:\\\/\\\/candas365.es\\\/noticias#listItem\",\"position\":1,\"name\":\"Home\",\"item\":\"https:\\\/\\\/candas365.es\\\/noticias\",\"nextItem\":{\"@type\":\"ListItem\",\"@id\":\"https:\\\/\\\/candas365.es\\\/noticias\\\/category\\\/agenda\\\/#listItem\",\"name\":\"Agenda\"}},{\"@type\":\"ListItem\",\"@id\":\"https:\\\/\\\/candas365.es\\\/noticias\\\/category\\\/agenda\\\/#listItem\",\"position\":2,\"name\":\"Agenda\",\"item\":\"https:\\\/\\\/candas365.es\\\/noticias\\\/category\\\/agenda\\\/\",\"nextItem\":{\"@type\":\"ListItem\",\"@id\":\"https:\\\/\\\/candas365.es\\\/noticias\\\/riesgo-de-aludes-en-la-zona-de-picos-de-europa-durante-el-fin-de-semana\\\/#listItem\",\"name\":\"Riesgo de aludes en la zona de Picos de Europa durante el fin de semana\"},\"previousItem\":{\"@type\":\"ListItem\",\"@id\":\"https:\\\/\\\/candas365.es\\\/noticias#listItem\",\"name\":\"Home\"}},{\"@type\":\"ListItem\",\"@id\":\"https:\\\/\\\/candas365.es\\\/noticias\\\/riesgo-de-aludes-en-la-zona-de-picos-de-europa-durante-el-fin-de-semana\\\/#listItem\",\"position\":3,\"name\":\"Riesgo de aludes en la zona de Picos de Europa durante el fin de semana\",\"previousItem\":{\"@type\":\"ListItem\",\"@id\":\"https:\\\/\\\/candas365.es\\\/noticias\\\/category\\\/agenda\\\/#listItem\",\"name\":\"Agenda\"}}]},{\"@type\":\"NewsArticle\",\"@id\":\"https:\\\/\\\/candas365.es\\\/noticias\\\/riesgo-de-aludes-en-la-zona-de-picos-de-europa-durante-el-fin-de-semana\\\/#newsarticle\",\"name\":\"Riesgo de aludes en la zona de Picos de Europa durante el fin de semana | Cand\\u00e1s 365\",\"headline\":\"Riesgo de aludes en la zona de Picos de Europa durante el fin de semana\",\"author\":{\"@id\":\"https:\\\/\\\/candas365.es\\\/noticias\\\/author\\\/admin\\\/#author\"},\"publisher\":{\"@id\":\"https:\\\/\\\/candas365.es\\\/noticias\\\/#organization\"},\"image\":{\"@type\":\"ImageObject\",\"url\":\"https:\\\/\\\/candas365.es\\\/noticias\\\/wp-content\\\/uploads\\\/2015\\\/02\\\/nieve.jpg\",\"width\":800,\"height\":533,\"caption\":\"nieve\"},\"datePublished\":\"2018-04-19T18:55:49+02:00\",\"dateModified\":\"2018-04-19T18:55:49+02:00\",\"inLanguage\":\"es-ES\",\"mainEntityOfPage\":{\"@id\":\"https:\\\/\\\/candas365.es\\\/noticias\\\/riesgo-de-aludes-en-la-zona-de-picos-de-europa-durante-el-fin-de-semana\\\/#webpage\"},\"isPartOf\":{\"@id\":\"https:\\\/\\\/candas365.es\\\/noticias\\\/riesgo-de-aludes-en-la-zona-de-picos-de-europa-durante-el-fin-de-semana\\\/#webpage\"},\"articleSection\":\"Agenda\",\"dateline\":\"Publicado el abril 19, 2018.\"},{\"@type\":\"Organization\",\"@id\":\"https:\\\/\\\/candas365.es\\\/noticias\\\/#organization\",\"name\":\"Cand\\u00e1s 365\",\"description\":\"Cand\\u00e1s 365 es un diario digital independiente, fundado en 2012, con base en Asturias. Informamos con rigor sobre actualidad, sociedad, cultura y ocio, con una mirada local y global.\",\"url\":\"https:\\\/\\\/candas365.es\\\/noticias\\\/\",\"email\":\"info@candas365.es\",\"telephone\":\"+34652131393\",\"foundingDate\":\"2012-06-10\",\"logo\":{\"@type\":\"ImageObject\",\"url\":\"https:\\\/\\\/candas365.es\\\/noticias\\\/wp-content\\\/uploads\\\/2024\\\/09\\\/Candas-365-Redes.jpg\",\"@id\":\"https:\\\/\\\/candas365.es\\\/noticias\\\/riesgo-de-aludes-en-la-zona-de-picos-de-europa-durante-el-fin-de-semana\\\/#organizationLogo\",\"width\":1152,\"height\":864,\"caption\":\"Cand\\u00e1s 365 Redes\"},\"image\":{\"@id\":\"https:\\\/\\\/candas365.es\\\/noticias\\\/riesgo-de-aludes-en-la-zona-de-picos-de-europa-durante-el-fin-de-semana\\\/#organizationLogo\"},\"sameAs\":[\"https:\\\/\\\/www.facebook.com\\\/Nachofdezber\",\"https:\\\/\\\/x.com\\\/NabercoDigital\",\"https:\\\/\\\/www.instagram.com\\\/nachofdezber\\\/\",\"https:\\\/\\\/www.youtube.com\\\/channel\\\/UCZP-2wLEB9Rv6erhFmqVnvg\"],\"address\":{\"@id\":\"https:\\\/\\\/candas365.es\\\/noticias\\\/#postaladdress\",\"@type\":\"PostalAddress\",\"streetAddress\":\"san antonio 4, san antonio 4\",\"postalCode\":\"33430\",\"addressLocality\":\"Cand\\u00e1s\",\"addressRegion\":\"Asturias\",\"addressCountry\":\"ES\"}},{\"@type\":\"Person\",\"@id\":\"https:\\\/\\\/candas365.es\\\/noticias\\\/author\\\/admin\\\/#author\",\"url\":\"https:\\\/\\\/candas365.es\\\/noticias\\\/author\\\/admin\\\/\",\"name\":\"Cand\\u00e1s 365\",\"image\":{\"@type\":\"ImageObject\",\"@id\":\"https:\\\/\\\/candas365.es\\\/noticias\\\/riesgo-de-aludes-en-la-zona-de-picos-de-europa-durante-el-fin-de-semana\\\/#authorImage\",\"url\":\"https:\\\/\\\/secure.gravatar.com\\\/avatar\\\/496a8e03d0c493ede1718b7934145dbdf8d89be1036b0eec9544e1094c9de390?s=96&d=mm&r=g\",\"width\":96,\"height\":96,\"caption\":\"Cand\\u00e1s 365\"},\"sameAs\":[\"https:\\\/\\\/www.facebook.com\\\/carrenoactualidad\",\"https:\\\/\\\/twitter.com\\\/nbasturias\",\"https:\\\/\\\/www.instagram.com\\\/nachofdezber\\\/\",\"https:\\\/\\\/www.youtube.com\\\/channel\\\/UCZP-2wLEB9Rv6erhFmqVnvg\"]},{\"@type\":\"WebPage\",\"@id\":\"https:\\\/\\\/candas365.es\\\/noticias\\\/riesgo-de-aludes-en-la-zona-de-picos-de-europa-durante-el-fin-de-semana\\\/#webpage\",\"url\":\"https:\\\/\\\/candas365.es\\\/noticias\\\/riesgo-de-aludes-en-la-zona-de-picos-de-europa-durante-el-fin-de-semana\\\/\",\"name\":\"Riesgo de aludes en la zona de Picos de Europa durante el fin de semana | Cand\\u00e1s 365\",\"description\":\"La Agencia Estatal de Meteorolog\\u00eda ha emitido un aviso en el que se advierte, para ma\\u00f1ana viernes, d\\u00eda 20 de abril, y el s\\u00e1bado y el domingo, d\\u00edas 21 y 22, de riesgo LIMITADO de aludes evolucionando a NOTABLE durante la ma\\u00f1ana en Picos de Europa. Seg\\u00fan las previsiones de AEMET de ma\\u00f1ana viernes, 20\",\"inLanguage\":\"es-ES\",\"isPartOf\":{\"@id\":\"https:\\\/\\\/candas365.es\\\/noticias\\\/#website\"},\"breadcrumb\":{\"@id\":\"https:\\\/\\\/candas365.es\\\/noticias\\\/riesgo-de-aludes-en-la-zona-de-picos-de-europa-durante-el-fin-de-semana\\\/#breadcrumblist\"},\"author\":{\"@id\":\"https:\\\/\\\/candas365.es\\\/noticias\\\/author\\\/admin\\\/#author\"},\"creator\":{\"@id\":\"https:\\\/\\\/candas365.es\\\/noticias\\\/author\\\/admin\\\/#author\"},\"image\":{\"@type\":\"ImageObject\",\"url\":\"https:\\\/\\\/candas365.es\\\/noticias\\\/wp-content\\\/uploads\\\/2015\\\/02\\\/nieve.jpg\",\"@id\":\"https:\\\/\\\/candas365.es\\\/noticias\\\/riesgo-de-aludes-en-la-zona-de-picos-de-europa-durante-el-fin-de-semana\\\/#mainImage\",\"width\":800,\"height\":533,\"caption\":\"nieve\"},\"primaryImageOfPage\":{\"@id\":\"https:\\\/\\\/candas365.es\\\/noticias\\\/riesgo-de-aludes-en-la-zona-de-picos-de-europa-durante-el-fin-de-semana\\\/#mainImage\"},\"datePublished\":\"2018-04-19T18:55:49+02:00\",\"dateModified\":\"2018-04-19T18:55:49+02:00\"},{\"@type\":\"WebSite\",\"@id\":\"https:\\\/\\\/candas365.es\\\/noticias\\\/#website\",\"url\":\"https:\\\/\\\/candas365.es\\\/noticias\\\/\",\"name\":\"Cand\\u00e1s 365\",\"alternateName\":\"Cand\\u00e1s 365 Noticias\",\"description\":\"Actualidad desde Carre\\u00f1o para el mundo\",\"inLanguage\":\"es-ES\",\"publisher\":{\"@id\":\"https:\\\/\\\/candas365.es\\\/noticias\\\/#organization\"}}]}\n\t\t<\/script>\n\t\t<!-- All in One SEO Pro -->\r\n\t\t<title>Riesgo de aludes en la zona de Picos de Europa durante el fin de semana | Cand\u00e1s 365<\/title>\n\n","aioseo_head_json":{"title":"Riesgo de aludes en la zona de Picos de Europa durante el fin de semana | Cand\u00e1s 365","description":"La Agencia Estatal de Meteorolog\u00eda ha emitido un aviso en el que se advierte, para ma\u00f1ana viernes, d\u00eda 20 de abril, y el s\u00e1bado y el domingo, d\u00edas 21 y 22, de riesgo LIMITADO de aludes evolucionando a NOTABLE durante la ma\u00f1ana en Picos de Europa. Seg\u00fan las previsiones de AEMET de ma\u00f1ana viernes, 20","canonical_url":"https:\/\/candas365.es\/noticias\/riesgo-de-aludes-en-la-zona-de-picos-de-europa-durante-el-fin-de-semana\/","robots":"max-image-preview:large","keywords":"agenda","webmasterTools":{"google-site-verification":"UA-32230408-1","msvalidate.01":"354F3CDFB2DA171B47FBE9ABF1F88D5","miscellaneous":""},"schema":{"@context":"https:\/\/schema.org","@graph":[{"@type":"BreadcrumbList","@id":"https:\/\/candas365.es\/noticias\/riesgo-de-aludes-en-la-zona-de-picos-de-europa-durante-el-fin-de-semana\/#breadcrumblist","itemListElement":[{"@type":"ListItem","@id":"https:\/\/candas365.es\/noticias#listItem","position":1,"name":"Home","item":"https:\/\/candas365.es\/noticias","nextItem":{"@type":"ListItem","@id":"https:\/\/candas365.es\/noticias\/category\/agenda\/#listItem","name":"Agenda"}},{"@type":"ListItem","@id":"https:\/\/candas365.es\/noticias\/category\/agenda\/#listItem","position":2,"name":"Agenda","item":"https:\/\/candas365.es\/noticias\/category\/agenda\/","nextItem":{"@type":"ListItem","@id":"https:\/\/candas365.es\/noticias\/riesgo-de-aludes-en-la-zona-de-picos-de-europa-durante-el-fin-de-semana\/#listItem","name":"Riesgo de aludes en la zona de Picos de Europa durante el fin de semana"},"previousItem":{"@type":"ListItem","@id":"https:\/\/candas365.es\/noticias#listItem","name":"Home"}},{"@type":"ListItem","@id":"https:\/\/candas365.es\/noticias\/riesgo-de-aludes-en-la-zona-de-picos-de-europa-durante-el-fin-de-semana\/#listItem","position":3,"name":"Riesgo de aludes en la zona de Picos de Europa durante el fin de semana","previousItem":{"@type":"ListItem","@id":"https:\/\/candas365.es\/noticias\/category\/agenda\/#listItem","name":"Agenda"}}]},{"@type":"NewsArticle","@id":"https:\/\/candas365.es\/noticias\/riesgo-de-aludes-en-la-zona-de-picos-de-europa-durante-el-fin-de-semana\/#newsarticle","name":"Riesgo de aludes en la zona de Picos de Europa durante el fin de semana | Cand\u00e1s 365","headline":"Riesgo de aludes en la zona de Picos de Europa durante el fin de semana","author":{"@id":"https:\/\/candas365.es\/noticias\/author\/admin\/#author"},"publisher":{"@id":"https:\/\/candas365.es\/noticias\/#organization"},"image":{"@type":"ImageObject","url":"https:\/\/candas365.es\/noticias\/wp-content\/uploads\/2015\/02\/nieve.jpg","width":800,"height":533,"caption":"nieve"},"datePublished":"2018-04-19T18:55:49+02:00","dateModified":"2018-04-19T18:55:49+02:00","inLanguage":"es-ES","mainEntityOfPage":{"@id":"https:\/\/candas365.es\/noticias\/riesgo-de-aludes-en-la-zona-de-picos-de-europa-durante-el-fin-de-semana\/#webpage"},"isPartOf":{"@id":"https:\/\/candas365.es\/noticias\/riesgo-de-aludes-en-la-zona-de-picos-de-europa-durante-el-fin-de-semana\/#webpage"},"articleSection":"Agenda","dateline":"Publicado el abril 19, 2018."},{"@type":"Organization","@id":"https:\/\/candas365.es\/noticias\/#organization","name":"Cand\u00e1s 365","description":"Cand\u00e1s 365 es un diario digital independiente, fundado en 2012, con base en Asturias. Informamos con rigor sobre actualidad, sociedad, cultura y ocio, con una mirada local y global.","url":"https:\/\/candas365.es\/noticias\/","email":"info@candas365.es","telephone":"+34652131393","foundingDate":"2012-06-10","logo":{"@type":"ImageObject","url":"https:\/\/candas365.es\/noticias\/wp-content\/uploads\/2024\/09\/Candas-365-Redes.jpg","@id":"https:\/\/candas365.es\/noticias\/riesgo-de-aludes-en-la-zona-de-picos-de-europa-durante-el-fin-de-semana\/#organizationLogo","width":1152,"height":864,"caption":"Cand\u00e1s 365 Redes"},"image":{"@id":"https:\/\/candas365.es\/noticias\/riesgo-de-aludes-en-la-zona-de-picos-de-europa-durante-el-fin-de-semana\/#organizationLogo"},"sameAs":["https:\/\/www.facebook.com\/Nachofdezber","https:\/\/x.com\/NabercoDigital","https:\/\/www.instagram.com\/nachofdezber\/","https:\/\/www.youtube.com\/channel\/UCZP-2wLEB9Rv6erhFmqVnvg"],"address":{"@id":"https:\/\/candas365.es\/noticias\/#postaladdress","@type":"PostalAddress","streetAddress":"san antonio 4, san antonio 4","postalCode":"33430","addressLocality":"Cand\u00e1s","addressRegion":"Asturias","addressCountry":"ES"}},{"@type":"Person","@id":"https:\/\/candas365.es\/noticias\/author\/admin\/#author","url":"https:\/\/candas365.es\/noticias\/author\/admin\/","name":"Cand\u00e1s 365","image":{"@type":"ImageObject","@id":"https:\/\/candas365.es\/noticias\/riesgo-de-aludes-en-la-zona-de-picos-de-europa-durante-el-fin-de-semana\/#authorImage","url":"https:\/\/secure.gravatar.com\/avatar\/496a8e03d0c493ede1718b7934145dbdf8d89be1036b0eec9544e1094c9de390?s=96&d=mm&r=g","width":96,"height":96,"caption":"Cand\u00e1s 365"},"sameAs":["https:\/\/www.facebook.com\/carrenoactualidad","https:\/\/twitter.com\/nbasturias","https:\/\/www.instagram.com\/nachofdezber\/","https:\/\/www.youtube.com\/channel\/UCZP-2wLEB9Rv6erhFmqVnvg"]},{"@type":"WebPage","@id":"https:\/\/candas365.es\/noticias\/riesgo-de-aludes-en-la-zona-de-picos-de-europa-durante-el-fin-de-semana\/#webpage","url":"https:\/\/candas365.es\/noticias\/riesgo-de-aludes-en-la-zona-de-picos-de-europa-durante-el-fin-de-semana\/","name":"Riesgo de aludes en la zona de Picos de Europa durante el fin de semana | Cand\u00e1s 365","description":"La Agencia Estatal de Meteorolog\u00eda ha emitido un aviso en el que se advierte, para ma\u00f1ana viernes, d\u00eda 20 de abril, y el s\u00e1bado y el domingo, d\u00edas 21 y 22, de riesgo LIMITADO de aludes evolucionando a NOTABLE durante la ma\u00f1ana en Picos de Europa. Seg\u00fan las previsiones de AEMET de ma\u00f1ana viernes, 20","inLanguage":"es-ES","isPartOf":{"@id":"https:\/\/candas365.es\/noticias\/#website"},"breadcrumb":{"@id":"https:\/\/candas365.es\/noticias\/riesgo-de-aludes-en-la-zona-de-picos-de-europa-durante-el-fin-de-semana\/#breadcrumblist"},"author":{"@id":"https:\/\/candas365.es\/noticias\/author\/admin\/#author"},"creator":{"@id":"https:\/\/candas365.es\/noticias\/author\/admin\/#author"},"image":{"@type":"ImageObject","url":"https:\/\/candas365.es\/noticias\/wp-content\/uploads\/2015\/02\/nieve.jpg","@id":"https:\/\/candas365.es\/noticias\/riesgo-de-aludes-en-la-zona-de-picos-de-europa-durante-el-fin-de-semana\/#mainImage","width":800,"height":533,"caption":"nieve"},"primaryImageOfPage":{"@id":"https:\/\/candas365.es\/noticias\/riesgo-de-aludes-en-la-zona-de-picos-de-europa-durante-el-fin-de-semana\/#mainImage"},"datePublished":"2018-04-19T18:55:49+02:00","dateModified":"2018-04-19T18:55:49+02:00"},{"@type":"WebSite","@id":"https:\/\/candas365.es\/noticias\/#website","url":"https:\/\/candas365.es\/noticias\/","name":"Cand\u00e1s 365","alternateName":"Cand\u00e1s 365 Noticias","description":"Actualidad desde Carre\u00f1o para el mundo","inLanguage":"es-ES","publisher":{"@id":"https:\/\/candas365.es\/noticias\/#organization"}}]},"og:locale":"es_ES","og:site_name":"Cand\u00e1s 365","og:type":"article","og:title":"Riesgo de aludes en la zona de Picos de Europa durante el fin de semana | Cand\u00e1s 365","og:description":"La Agencia Estatal de Meteorolog\u00eda ha emitido un aviso en el que se advierte, para ma\u00f1ana viernes, d\u00eda 20 de abril, y el s\u00e1bado y el domingo, d\u00edas 21 y 22, de riesgo LIMITADO de aludes evolucionando a NOTABLE durante la ma\u00f1ana en Picos de Europa. Seg\u00fan las previsiones de AEMET de ma\u00f1ana viernes, 20","og:url":"https:\/\/candas365.es\/noticias\/riesgo-de-aludes-en-la-zona-de-picos-de-europa-durante-el-fin-de-semana\/","og:image":"https:\/\/candas365.es\/noticias\/wp-content\/uploads\/2015\/02\/nieve.jpg","og:image:secure_url":"https:\/\/candas365.es\/noticias\/wp-content\/uploads\/2015\/02\/nieve.jpg","og:image:width":800,"og:image:height":533,"article:published_time":"2018-04-19T18:55:49+00:00","article:modified_time":"2018-04-19T18:55:49+00:00","article:publisher":"https:\/\/www.facebook.com\/Nachofdezber","article:author":"https:\/\/www.facebook.com\/carrenoactualidad","twitter:card":"summary_large_image","twitter:site":"@NabercoDigital","twitter:title":"Riesgo de aludes en la zona de Picos de Europa durante el fin de semana | Cand\u00e1s 365","twitter:description":"La Agencia Estatal de Meteorolog\u00eda ha emitido un aviso en el que se advierte, para ma\u00f1ana viernes, d\u00eda 20 de abril, y el s\u00e1bado y el domingo, d\u00edas 21 y 22, de riesgo LIMITADO de aludes evolucionando a NOTABLE durante la ma\u00f1ana en Picos de Europa. Seg\u00fan las previsiones de AEMET de ma\u00f1ana viernes, 20","twitter:creator":"@nbasturias","twitter:image":"https:\/\/candas365.es\/noticias\/wp-content\/uploads\/2015\/02\/nieve.jpg","twitter:label1":"Escrito por","twitter:data1":"Cand\u00e1s 365","twitter:label2":"Tiempo de lectura estimado","twitter:data2":"3 minutos"},"aioseo_meta_data":{"post_id":"94199","title":null,"description":null,"keywords":null,"keyphrases":null,"primary_term":null,"canonical_url":null,"og_title":null,"og_description":null,"og_object_type":"default","og_image_type":"default","og_image_url":null,"og_image_width":null,"og_image_height":null,"og_image_custom_url":null,"og_image_custom_fields":null,"og_video":null,"og_custom_url":null,"og_article_section":null,"og_article_tags":null,"twitter_use_og":false,"twitter_card":"default","twitter_image_type":"default","twitter_image_url":null,"twitter_image_custom_url":null,"twitter_image_custom_fields":null,"twitter_title":null,"twitter_description":null,"schema":{"blockGraphs":[],"customGraphs":[],"default":{"data":{"Article":[],"Course":[],"Dataset":[],"FAQPage":[],"Movie":[],"Person":[],"Product":[],"ProductReview":[],"Car":[],"Recipe":[],"Service":[],"SoftwareApplication":[],"WebPage":[]},"graphName":"","isEnabled":true},"graphs":[]},"schema_type":null,"schema_type_options":null,"pillar_content":false,"robots_default":true,"robots_noindex":false,"robots_noarchive":false,"robots_nosnippet":false,"robots_nofollow":false,"robots_noimageindex":false,"robots_noodp":false,"robots_notranslate":false,"robots_max_snippet":null,"robots_max_videopreview":null,"robots_max_imagepreview":"large","priority":null,"frequency":null,"location":null,"local_seo":null,"seo_analyzer_scan_date":"2025-08-26 18:46:13","breadcrumb_settings":null,"limit_modified_date":false,"reviewed_by":null,"open_ai":null,"ai":null,"created":"2020-12-21 11:53:17","updated":"2025-08-26 18:46:13"},"aioseo_breadcrumb":"<div class=\"aioseo-breadcrumbs\"><span class=\"aioseo-breadcrumb\">\n\t<a href=\"https:\/\/candas365.es\/noticias\" title=\"Home\">Home<\/a>\n<\/span><span class=\"aioseo-breadcrumb-separator\">&ndash;<\/span><span class=\"aioseo-breadcrumb\">\n\t<a href=\"https:\/\/candas365.es\/noticias\/category\/agenda\/\" title=\"Agenda\">Agenda<\/a>\n<\/span><span class=\"aioseo-breadcrumb-separator\">&ndash;<\/span><span class=\"aioseo-breadcrumb\">\n\tRiesgo de aludes en la zona de Picos de Europa durante el fin de semana\n<\/span><\/div>","aioseo_breadcrumb_json":[{"label":"Home","link":"https:\/\/candas365.es\/noticias"},{"label":"Agenda","link":"https:\/\/candas365.es\/noticias\/category\/agenda\/"},{"label":"Riesgo de aludes en la zona de Picos de Europa durante el fin de semana","link":"https:\/\/candas365.es\/noticias\/riesgo-de-aludes-en-la-zona-de-picos-de-europa-durante-el-fin-de-semana\/"}],"_links":{"self":[{"href":"https:\/\/candas365.es\/noticias\/wp-json\/wp\/v2\/posts\/94199","targetHints":{"allow":["GET"]}}],"collection":[{"href":"https:\/\/candas365.es\/noticias\/wp-json\/wp\/v2\/posts"}],"about":[{"href":"https:\/\/candas365.es\/noticias\/wp-json\/wp\/v2\/types\/post"}],"author":[{"embeddable":true,"href":"https:\/\/candas365.es\/noticias\/wp-json\/wp\/v2\/users\/1"}],"replies":[{"embeddable":true,"href":"https:\/\/candas365.es\/noticias\/wp-json\/wp\/v2\/comments?post=94199"}],"version-history":[{"count":0,"href":"https:\/\/candas365.es\/noticias\/wp-json\/wp\/v2\/posts\/94199\/revisions"}],"wp:featuredmedia":[{"embeddable":true,"href":"https:\/\/candas365.es\/noticias\/wp-json\/wp\/v2\/media\/6582"}],"wp:attachment":[{"href":"https:\/\/candas365.es\/noticias\/wp-json\/wp\/v2\/media?parent=94199"}],"wp:term":[{"taxonomy":"category","embeddable":true,"href":"https:\/\/candas365.es\/noticias\/wp-json\/wp\/v2\/categories?post=94199"},{"taxonomy":"post_tag","embeddable":true,"href":"https:\/\/candas365.es\/noticias\/wp-json\/wp\/v2\/tags?post=94199"}],"curies":[{"name":"wp","href":"https:\/\/api.w.org\/{rel}","templated":true}]}}