{"id":94195,"date":"2018-04-19T17:07:38","date_gmt":"2018-04-19T17:07:38","guid":{"rendered":"http:\/\/candas365.es\/noticias\/?p=94195"},"modified":"2018-04-19T17:08:01","modified_gmt":"2018-04-19T17:08:01","slug":"dominguez-de-posada-pide-la-reapertura-del-tunel-de-abono","status":"publish","type":"post","link":"https:\/\/candas365.es\/noticias\/dominguez-de-posada-pide-la-reapertura-del-tunel-de-abono\/","title":{"rendered":"Dom\u00ednguez de Posada pide la reapertura del t\u00fanel de Abo\u00f1o"},"content":{"rendered":"<p><img fetchpriority=\"high\" decoding=\"async\" class=\"alignleft size-medium wp-image-94196\" src=\"https:\/\/candas365.es\/noticias\/wp-content\/uploads\/2018\/04\/8152_1-360x203.jpg\" alt=\"\" width=\"360\" height=\"203\" srcset=\"https:\/\/candas365.es\/noticias\/wp-content\/uploads\/2018\/04\/8152_1-360x203.jpg 360w, https:\/\/candas365.es\/noticias\/wp-content\/uploads\/2018\/04\/8152_1-499x280.jpg 499w, https:\/\/candas365.es\/noticias\/wp-content\/uploads\/2018\/04\/8152_1.jpg 574w\" sizes=\"(max-width: 360px) 100vw, 360px\" \/>La senadora de FORO, Rosa Dom\u00ednguez de Posada, ha defendido hoy en la Comisi\u00f3n de Fomento del Senado una Moci\u00f3n para que \u201cel Gobierno instruya a sus representantes en el Consejo de Administraci\u00f3n de la Autoridad Portuaria de Gij\u00f3n-El Musel, para que promuevan urgentemente las obras para reabrir el paso de veh\u00edculos a trav\u00e9s del t\u00fanel de Abo\u00f1o, para facilitar la comunicaci\u00f3n de los vecinos de Carre\u00f1o con la zona oeste de la ciudad de Gij\u00f3n y, entre otros fines, acceder al Hospital de Jove y a los dem\u00e1s servicios p\u00fablicos esenciales\u201d. La Moci\u00f3n no sali\u00f3 adelante por los votos en contra de PP y la abstenci\u00f3n del PSOE.<\/p>\n<p>\u201cEn diciembre de 2012 se cerr\u00f3 al tr\u00e1fico esta importante v\u00eda de comunicaci\u00f3n para los vecinos de Carre\u00f1o y Gij\u00f3n, que a trav\u00e9s de un t\u00fanel atraviesa la Campa Torres y que comunica Abo\u00f1o con el Puerto del Musel\u201d, explic\u00f3 la senadora, que advirti\u00f3 que \u201caunque el paso naci\u00f3 con vocaci\u00f3n industrial, inmediatamente se convirti\u00f3 en una v\u00eda natural de comunicaci\u00f3n fundamentalmente para acceder al Hospital de Jove, hospital de referencia para los m\u00e1s de diez mil vecinos de Carre\u00f1o y a la zona Oeste de Gij\u00f3n\u201d.<\/p>\n<p>\u201cEl cierre era moment\u00e1neo, mientras se daba soluci\u00f3n a unos desprendimientos producidos, pero a d\u00eda de hoy la carretera sigue cortada y ello produce un grave perjuicio a los vecinos de esta zona especialmente degradada donde se da la mayor concentraci\u00f3n de actividad industrial de toda Asturias\u201d.<\/p>\n<p>Dom\u00ednguez de Posada record\u00f3 que \u201cesta carretera p\u00fablica fue cedida por el Principado de Asturias a la Autoridad Portuaria de Gij\u00f3n en 1987. Por tanto, adquiri\u00f3 unas obligaciones al recibir la titularidad del tramo que incluye el t\u00fanel de Abo\u00f1o de manos del Principado de Asturias. Lograr la reapertura del t\u00fanel dar\u00eda valor al inter\u00e9s superior de los ciudadanos siendo beneficioso para la ciudad de Gij\u00f3n y para el municipio de Carre\u00f1o y ser\u00eda aplaudido por todos los vecinos\u201d.<\/p>\n","protected":false},"excerpt":{"rendered":"<p>La senadora de FORO, Rosa Dom\u00ednguez de Posada, ha defendido hoy en la Comisi\u00f3n de Fomento del Senado una Moci\u00f3n para que \u201cel Gobierno instruya a sus representantes en el Consejo de Administraci\u00f3n de la Autoridad Portuaria de Gij\u00f3n-El Musel, para que promuevan urgentemente las obras para reabrir el paso de veh\u00edculos a trav\u00e9s del<\/p>\n","protected":false},"author":1,"featured_media":94196,"comment_status":"closed","ping_status":"closed","sticky":false,"template":"","format":"standard","meta":{"footnotes":""},"categories":[7,2],"tags":[],"class_list":{"0":"post-94195","1":"post","2":"type-post","3":"status-publish","4":"format-standard","5":"has-post-thumbnail","7":"category-asturias","8":"category-noticias-carreno"},"aioseo_notices":[],"aioseo_head":"\n\t\t<!-- All in One SEO Pro 4.9.6.2 - aioseo.com -->\n\t<meta name=\"description\" content=\"La senadora de FORO, Rosa Dom\u00ednguez de Posada, ha defendido hoy en la Comisi\u00f3n de Fomento del Senado una Moci\u00f3n para que \u201cel Gobierno instruya a sus representantes en el Consejo de Administraci\u00f3n de la Autoridad Portuaria de Gij\u00f3n-El Musel, para que promuevan urgentemente las obras para reabrir el paso de veh\u00edculos a trav\u00e9s del\" \/>\n\t<meta name=\"robots\" content=\"max-image-preview:large\" \/>\n\t<meta name=\"author\" content=\"Cand\u00e1s 365\"\/>\n\t<meta name=\"google-site-verification\" content=\"UA-32230408-1\" \/>\n\t<meta name=\"msvalidate.01\" content=\"354F3CDFB2DA171B47FBE9ABF1F88D5\" \/>\n\t<meta name=\"keywords\" content=\"asturias,noticias carre\u00f1o\" \/>\n\t<link rel=\"canonical\" href=\"https:\/\/candas365.es\/noticias\/dominguez-de-posada-pide-la-reapertura-del-tunel-de-abono\/\" \/>\n\t<meta name=\"generator\" content=\"All in One SEO Pro (AIOSEO) 4.9.6.2\" \/>\n\t\t<meta property=\"og:locale\" content=\"es_ES\" \/>\n\t\t<meta property=\"og:site_name\" content=\"Cand\u00e1s 365\" \/>\n\t\t<meta property=\"og:type\" content=\"article\" \/>\n\t\t<meta property=\"og:title\" content=\"Dom\u00ednguez de Posada pide la reapertura del t\u00fanel de Abo\u00f1o | Cand\u00e1s 365\" \/>\n\t\t<meta property=\"og:description\" content=\"La senadora de FORO, Rosa Dom\u00ednguez de Posada, ha defendido hoy en la Comisi\u00f3n de Fomento del Senado una Moci\u00f3n para que \u201cel Gobierno instruya a sus representantes en el Consejo de Administraci\u00f3n de la Autoridad Portuaria de Gij\u00f3n-El Musel, para que promuevan urgentemente las obras para reabrir el paso de veh\u00edculos a trav\u00e9s del\" \/>\n\t\t<meta property=\"og:url\" content=\"https:\/\/candas365.es\/noticias\/dominguez-de-posada-pide-la-reapertura-del-tunel-de-abono\/\" \/>\n\t\t<meta property=\"og:image\" content=\"https:\/\/candas365.es\/noticias\/wp-content\/uploads\/2018\/04\/8152_1.jpg\" \/>\n\t\t<meta property=\"og:image:secure_url\" content=\"https:\/\/candas365.es\/noticias\/wp-content\/uploads\/2018\/04\/8152_1.jpg\" \/>\n\t\t<meta property=\"og:image:width\" content=\"574\" \/>\n\t\t<meta property=\"og:image:height\" content=\"323\" \/>\n\t\t<meta property=\"article:published_time\" content=\"2018-04-19T17:07:38+00:00\" \/>\n\t\t<meta property=\"article:modified_time\" content=\"2018-04-19T17:08:01+00:00\" \/>\n\t\t<meta property=\"article:publisher\" content=\"https:\/\/www.facebook.com\/Nachofdezber\" \/>\n\t\t<meta property=\"article:author\" content=\"https:\/\/www.facebook.com\/carrenoactualidad\" \/>\n\t\t<meta name=\"twitter:card\" content=\"summary_large_image\" \/>\n\t\t<meta name=\"twitter:site\" content=\"@NabercoDigital\" \/>\n\t\t<meta name=\"twitter:title\" content=\"Dom\u00ednguez de Posada pide la reapertura del t\u00fanel de Abo\u00f1o | Cand\u00e1s 365\" \/>\n\t\t<meta name=\"twitter:description\" content=\"La senadora de FORO, Rosa Dom\u00ednguez de Posada, ha defendido hoy en la Comisi\u00f3n de Fomento del Senado una Moci\u00f3n para que \u201cel Gobierno instruya a sus representantes en el Consejo de Administraci\u00f3n de la Autoridad Portuaria de Gij\u00f3n-El Musel, para que promuevan urgentemente las obras para reabrir el paso de veh\u00edculos a trav\u00e9s del\" \/>\n\t\t<meta name=\"twitter:creator\" content=\"@nbasturias\" \/>\n\t\t<meta name=\"twitter:image\" content=\"https:\/\/candas365.es\/noticias\/wp-content\/uploads\/2018\/04\/8152_1.jpg\" \/>\n\t\t<meta name=\"twitter:label1\" content=\"Escrito por\" \/>\n\t\t<meta name=\"twitter:data1\" content=\"Cand\u00e1s 365\" \/>\n\t\t<meta name=\"twitter:label2\" content=\"Tiempo de lectura estimado\" \/>\n\t\t<meta name=\"twitter:data2\" content=\"2 minutos\" \/>\n\t\t<script type=\"application\/ld+json\" class=\"aioseo-schema\">\n\t\t\t{\"@context\":\"https:\\\/\\\/schema.org\",\"@graph\":[{\"@type\":\"BreadcrumbList\",\"@id\":\"https:\\\/\\\/candas365.es\\\/noticias\\\/dominguez-de-posada-pide-la-reapertura-del-tunel-de-abono\\\/#breadcrumblist\",\"itemListElement\":[{\"@type\":\"ListItem\",\"@id\":\"https:\\\/\\\/candas365.es\\\/noticias#listItem\",\"position\":1,\"name\":\"Home\",\"item\":\"https:\\\/\\\/candas365.es\\\/noticias\",\"nextItem\":{\"@type\":\"ListItem\",\"@id\":\"https:\\\/\\\/candas365.es\\\/noticias\\\/category\\\/noticias-carreno\\\/#listItem\",\"name\":\"Noticias Carre\\u00f1o\"}},{\"@type\":\"ListItem\",\"@id\":\"https:\\\/\\\/candas365.es\\\/noticias\\\/category\\\/noticias-carreno\\\/#listItem\",\"position\":2,\"name\":\"Noticias Carre\\u00f1o\",\"item\":\"https:\\\/\\\/candas365.es\\\/noticias\\\/category\\\/noticias-carreno\\\/\",\"nextItem\":{\"@type\":\"ListItem\",\"@id\":\"https:\\\/\\\/candas365.es\\\/noticias\\\/dominguez-de-posada-pide-la-reapertura-del-tunel-de-abono\\\/#listItem\",\"name\":\"Dom\\u00ednguez de Posada pide la reapertura del t\\u00fanel de Abo\\u00f1o\"},\"previousItem\":{\"@type\":\"ListItem\",\"@id\":\"https:\\\/\\\/candas365.es\\\/noticias#listItem\",\"name\":\"Home\"}},{\"@type\":\"ListItem\",\"@id\":\"https:\\\/\\\/candas365.es\\\/noticias\\\/dominguez-de-posada-pide-la-reapertura-del-tunel-de-abono\\\/#listItem\",\"position\":3,\"name\":\"Dom\\u00ednguez de Posada pide la reapertura del t\\u00fanel de Abo\\u00f1o\",\"previousItem\":{\"@type\":\"ListItem\",\"@id\":\"https:\\\/\\\/candas365.es\\\/noticias\\\/category\\\/noticias-carreno\\\/#listItem\",\"name\":\"Noticias Carre\\u00f1o\"}}]},{\"@type\":\"NewsArticle\",\"@id\":\"https:\\\/\\\/candas365.es\\\/noticias\\\/dominguez-de-posada-pide-la-reapertura-del-tunel-de-abono\\\/#newsarticle\",\"name\":\"Dom\\u00ednguez de Posada pide la reapertura del t\\u00fanel de Abo\\u00f1o | Cand\\u00e1s 365\",\"headline\":\"Dom\\u00ednguez de Posada pide la reapertura del t\\u00fanel de Abo\\u00f1o\",\"author\":{\"@id\":\"https:\\\/\\\/candas365.es\\\/noticias\\\/author\\\/admin\\\/#author\"},\"publisher\":{\"@id\":\"https:\\\/\\\/candas365.es\\\/noticias\\\/#organization\"},\"image\":{\"@type\":\"ImageObject\",\"url\":\"https:\\\/\\\/candas365.es\\\/noticias\\\/wp-content\\\/uploads\\\/2018\\\/04\\\/8152_1.jpg\",\"width\":574,\"height\":323},\"datePublished\":\"2018-04-19T17:07:38+02:00\",\"dateModified\":\"2018-04-19T17:08:01+02:00\",\"inLanguage\":\"es-ES\",\"mainEntityOfPage\":{\"@id\":\"https:\\\/\\\/candas365.es\\\/noticias\\\/dominguez-de-posada-pide-la-reapertura-del-tunel-de-abono\\\/#webpage\"},\"isPartOf\":{\"@id\":\"https:\\\/\\\/candas365.es\\\/noticias\\\/dominguez-de-posada-pide-la-reapertura-del-tunel-de-abono\\\/#webpage\"},\"articleSection\":\"Asturias, Noticias Carre\\u00f1o\",\"dateline\":\"Publicado el abril 19, 2018.\"},{\"@type\":\"Organization\",\"@id\":\"https:\\\/\\\/candas365.es\\\/noticias\\\/#organization\",\"name\":\"Cand\\u00e1s 365\",\"description\":\"Cand\\u00e1s 365 es un diario digital independiente, fundado en 2012, con base en Asturias. Informamos con rigor sobre actualidad, sociedad, cultura y ocio, con una mirada local y global.\",\"url\":\"https:\\\/\\\/candas365.es\\\/noticias\\\/\",\"email\":\"info@candas365.es\",\"telephone\":\"+34652131393\",\"foundingDate\":\"2012-06-10\",\"logo\":{\"@type\":\"ImageObject\",\"url\":\"https:\\\/\\\/candas365.es\\\/noticias\\\/wp-content\\\/uploads\\\/2024\\\/09\\\/Candas-365-Redes.jpg\",\"@id\":\"https:\\\/\\\/candas365.es\\\/noticias\\\/dominguez-de-posada-pide-la-reapertura-del-tunel-de-abono\\\/#organizationLogo\",\"width\":1152,\"height\":864,\"caption\":\"Cand\\u00e1s 365 Redes\"},\"image\":{\"@id\":\"https:\\\/\\\/candas365.es\\\/noticias\\\/dominguez-de-posada-pide-la-reapertura-del-tunel-de-abono\\\/#organizationLogo\"},\"sameAs\":[\"https:\\\/\\\/www.facebook.com\\\/Nachofdezber\",\"https:\\\/\\\/x.com\\\/NabercoDigital\",\"https:\\\/\\\/www.instagram.com\\\/nachofdezber\\\/\",\"https:\\\/\\\/www.youtube.com\\\/channel\\\/UCZP-2wLEB9Rv6erhFmqVnvg\"],\"address\":{\"@id\":\"https:\\\/\\\/candas365.es\\\/noticias\\\/#postaladdress\",\"@type\":\"PostalAddress\",\"streetAddress\":\"san antonio 4, san antonio 4\",\"postalCode\":\"33430\",\"addressLocality\":\"Cand\\u00e1s\",\"addressRegion\":\"Asturias\",\"addressCountry\":\"ES\"}},{\"@type\":\"Person\",\"@id\":\"https:\\\/\\\/candas365.es\\\/noticias\\\/author\\\/admin\\\/#author\",\"url\":\"https:\\\/\\\/candas365.es\\\/noticias\\\/author\\\/admin\\\/\",\"name\":\"Cand\\u00e1s 365\",\"image\":{\"@type\":\"ImageObject\",\"@id\":\"https:\\\/\\\/candas365.es\\\/noticias\\\/dominguez-de-posada-pide-la-reapertura-del-tunel-de-abono\\\/#authorImage\",\"url\":\"https:\\\/\\\/secure.gravatar.com\\\/avatar\\\/496a8e03d0c493ede1718b7934145dbdf8d89be1036b0eec9544e1094c9de390?s=96&d=mm&r=g\",\"width\":96,\"height\":96,\"caption\":\"Cand\\u00e1s 365\"},\"sameAs\":[\"https:\\\/\\\/www.facebook.com\\\/carrenoactualidad\",\"https:\\\/\\\/twitter.com\\\/nbasturias\",\"https:\\\/\\\/www.instagram.com\\\/nachofdezber\\\/\",\"https:\\\/\\\/www.youtube.com\\\/channel\\\/UCZP-2wLEB9Rv6erhFmqVnvg\"]},{\"@type\":\"WebPage\",\"@id\":\"https:\\\/\\\/candas365.es\\\/noticias\\\/dominguez-de-posada-pide-la-reapertura-del-tunel-de-abono\\\/#webpage\",\"url\":\"https:\\\/\\\/candas365.es\\\/noticias\\\/dominguez-de-posada-pide-la-reapertura-del-tunel-de-abono\\\/\",\"name\":\"Dom\\u00ednguez de Posada pide la reapertura del t\\u00fanel de Abo\\u00f1o | Cand\\u00e1s 365\",\"description\":\"La senadora de FORO, Rosa Dom\\u00ednguez de Posada, ha defendido hoy en la Comisi\\u00f3n de Fomento del Senado una Moci\\u00f3n para que \\u201cel Gobierno instruya a sus representantes en el Consejo de Administraci\\u00f3n de la Autoridad Portuaria de Gij\\u00f3n-El Musel, para que promuevan urgentemente las obras para reabrir el paso de veh\\u00edculos a trav\\u00e9s del\",\"inLanguage\":\"es-ES\",\"isPartOf\":{\"@id\":\"https:\\\/\\\/candas365.es\\\/noticias\\\/#website\"},\"breadcrumb\":{\"@id\":\"https:\\\/\\\/candas365.es\\\/noticias\\\/dominguez-de-posada-pide-la-reapertura-del-tunel-de-abono\\\/#breadcrumblist\"},\"author\":{\"@id\":\"https:\\\/\\\/candas365.es\\\/noticias\\\/author\\\/admin\\\/#author\"},\"creator\":{\"@id\":\"https:\\\/\\\/candas365.es\\\/noticias\\\/author\\\/admin\\\/#author\"},\"image\":{\"@type\":\"ImageObject\",\"url\":\"https:\\\/\\\/candas365.es\\\/noticias\\\/wp-content\\\/uploads\\\/2018\\\/04\\\/8152_1.jpg\",\"@id\":\"https:\\\/\\\/candas365.es\\\/noticias\\\/dominguez-de-posada-pide-la-reapertura-del-tunel-de-abono\\\/#mainImage\",\"width\":574,\"height\":323},\"primaryImageOfPage\":{\"@id\":\"https:\\\/\\\/candas365.es\\\/noticias\\\/dominguez-de-posada-pide-la-reapertura-del-tunel-de-abono\\\/#mainImage\"},\"datePublished\":\"2018-04-19T17:07:38+02:00\",\"dateModified\":\"2018-04-19T17:08:01+02:00\"},{\"@type\":\"WebSite\",\"@id\":\"https:\\\/\\\/candas365.es\\\/noticias\\\/#website\",\"url\":\"https:\\\/\\\/candas365.es\\\/noticias\\\/\",\"name\":\"Cand\\u00e1s 365\",\"alternateName\":\"Cand\\u00e1s 365 Noticias\",\"description\":\"Actualidad desde Carre\\u00f1o para el mundo\",\"inLanguage\":\"es-ES\",\"publisher\":{\"@id\":\"https:\\\/\\\/candas365.es\\\/noticias\\\/#organization\"}}]}\n\t\t<\/script>\n\t\t<!-- All in One SEO Pro -->\r\n\t\t<title>Dom\u00ednguez de Posada pide la reapertura del t\u00fanel de Abo\u00f1o | Cand\u00e1s 365<\/title>\n\n","aioseo_head_json":{"title":"Dom\u00ednguez de Posada pide la reapertura del t\u00fanel de Abo\u00f1o | Cand\u00e1s 365","description":"La senadora de FORO, Rosa Dom\u00ednguez de Posada, ha defendido hoy en la Comisi\u00f3n de Fomento del Senado una Moci\u00f3n para que \u201cel Gobierno instruya a sus representantes en el Consejo de Administraci\u00f3n de la Autoridad Portuaria de Gij\u00f3n-El Musel, para que promuevan urgentemente las obras para reabrir el paso de veh\u00edculos a trav\u00e9s del","canonical_url":"https:\/\/candas365.es\/noticias\/dominguez-de-posada-pide-la-reapertura-del-tunel-de-abono\/","robots":"max-image-preview:large","keywords":"asturias,noticias carre\u00f1o","webmasterTools":{"google-site-verification":"UA-32230408-1","msvalidate.01":"354F3CDFB2DA171B47FBE9ABF1F88D5","miscellaneous":""},"schema":{"@context":"https:\/\/schema.org","@graph":[{"@type":"BreadcrumbList","@id":"https:\/\/candas365.es\/noticias\/dominguez-de-posada-pide-la-reapertura-del-tunel-de-abono\/#breadcrumblist","itemListElement":[{"@type":"ListItem","@id":"https:\/\/candas365.es\/noticias#listItem","position":1,"name":"Home","item":"https:\/\/candas365.es\/noticias","nextItem":{"@type":"ListItem","@id":"https:\/\/candas365.es\/noticias\/category\/noticias-carreno\/#listItem","name":"Noticias Carre\u00f1o"}},{"@type":"ListItem","@id":"https:\/\/candas365.es\/noticias\/category\/noticias-carreno\/#listItem","position":2,"name":"Noticias Carre\u00f1o","item":"https:\/\/candas365.es\/noticias\/category\/noticias-carreno\/","nextItem":{"@type":"ListItem","@id":"https:\/\/candas365.es\/noticias\/dominguez-de-posada-pide-la-reapertura-del-tunel-de-abono\/#listItem","name":"Dom\u00ednguez de Posada pide la reapertura del t\u00fanel de Abo\u00f1o"},"previousItem":{"@type":"ListItem","@id":"https:\/\/candas365.es\/noticias#listItem","name":"Home"}},{"@type":"ListItem","@id":"https:\/\/candas365.es\/noticias\/dominguez-de-posada-pide-la-reapertura-del-tunel-de-abono\/#listItem","position":3,"name":"Dom\u00ednguez de Posada pide la reapertura del t\u00fanel de Abo\u00f1o","previousItem":{"@type":"ListItem","@id":"https:\/\/candas365.es\/noticias\/category\/noticias-carreno\/#listItem","name":"Noticias Carre\u00f1o"}}]},{"@type":"NewsArticle","@id":"https:\/\/candas365.es\/noticias\/dominguez-de-posada-pide-la-reapertura-del-tunel-de-abono\/#newsarticle","name":"Dom\u00ednguez de Posada pide la reapertura del t\u00fanel de Abo\u00f1o | Cand\u00e1s 365","headline":"Dom\u00ednguez de Posada pide la reapertura del t\u00fanel de Abo\u00f1o","author":{"@id":"https:\/\/candas365.es\/noticias\/author\/admin\/#author"},"publisher":{"@id":"https:\/\/candas365.es\/noticias\/#organization"},"image":{"@type":"ImageObject","url":"https:\/\/candas365.es\/noticias\/wp-content\/uploads\/2018\/04\/8152_1.jpg","width":574,"height":323},"datePublished":"2018-04-19T17:07:38+02:00","dateModified":"2018-04-19T17:08:01+02:00","inLanguage":"es-ES","mainEntityOfPage":{"@id":"https:\/\/candas365.es\/noticias\/dominguez-de-posada-pide-la-reapertura-del-tunel-de-abono\/#webpage"},"isPartOf":{"@id":"https:\/\/candas365.es\/noticias\/dominguez-de-posada-pide-la-reapertura-del-tunel-de-abono\/#webpage"},"articleSection":"Asturias, Noticias Carre\u00f1o","dateline":"Publicado el abril 19, 2018."},{"@type":"Organization","@id":"https:\/\/candas365.es\/noticias\/#organization","name":"Cand\u00e1s 365","description":"Cand\u00e1s 365 es un diario digital independiente, fundado en 2012, con base en Asturias. Informamos con rigor sobre actualidad, sociedad, cultura y ocio, con una mirada local y global.","url":"https:\/\/candas365.es\/noticias\/","email":"info@candas365.es","telephone":"+34652131393","foundingDate":"2012-06-10","logo":{"@type":"ImageObject","url":"https:\/\/candas365.es\/noticias\/wp-content\/uploads\/2024\/09\/Candas-365-Redes.jpg","@id":"https:\/\/candas365.es\/noticias\/dominguez-de-posada-pide-la-reapertura-del-tunel-de-abono\/#organizationLogo","width":1152,"height":864,"caption":"Cand\u00e1s 365 Redes"},"image":{"@id":"https:\/\/candas365.es\/noticias\/dominguez-de-posada-pide-la-reapertura-del-tunel-de-abono\/#organizationLogo"},"sameAs":["https:\/\/www.facebook.com\/Nachofdezber","https:\/\/x.com\/NabercoDigital","https:\/\/www.instagram.com\/nachofdezber\/","https:\/\/www.youtube.com\/channel\/UCZP-2wLEB9Rv6erhFmqVnvg"],"address":{"@id":"https:\/\/candas365.es\/noticias\/#postaladdress","@type":"PostalAddress","streetAddress":"san antonio 4, san antonio 4","postalCode":"33430","addressLocality":"Cand\u00e1s","addressRegion":"Asturias","addressCountry":"ES"}},{"@type":"Person","@id":"https:\/\/candas365.es\/noticias\/author\/admin\/#author","url":"https:\/\/candas365.es\/noticias\/author\/admin\/","name":"Cand\u00e1s 365","image":{"@type":"ImageObject","@id":"https:\/\/candas365.es\/noticias\/dominguez-de-posada-pide-la-reapertura-del-tunel-de-abono\/#authorImage","url":"https:\/\/secure.gravatar.com\/avatar\/496a8e03d0c493ede1718b7934145dbdf8d89be1036b0eec9544e1094c9de390?s=96&d=mm&r=g","width":96,"height":96,"caption":"Cand\u00e1s 365"},"sameAs":["https:\/\/www.facebook.com\/carrenoactualidad","https:\/\/twitter.com\/nbasturias","https:\/\/www.instagram.com\/nachofdezber\/","https:\/\/www.youtube.com\/channel\/UCZP-2wLEB9Rv6erhFmqVnvg"]},{"@type":"WebPage","@id":"https:\/\/candas365.es\/noticias\/dominguez-de-posada-pide-la-reapertura-del-tunel-de-abono\/#webpage","url":"https:\/\/candas365.es\/noticias\/dominguez-de-posada-pide-la-reapertura-del-tunel-de-abono\/","name":"Dom\u00ednguez de Posada pide la reapertura del t\u00fanel de Abo\u00f1o | Cand\u00e1s 365","description":"La senadora de FORO, Rosa Dom\u00ednguez de Posada, ha defendido hoy en la Comisi\u00f3n de Fomento del Senado una Moci\u00f3n para que \u201cel Gobierno instruya a sus representantes en el Consejo de Administraci\u00f3n de la Autoridad Portuaria de Gij\u00f3n-El Musel, para que promuevan urgentemente las obras para reabrir el paso de veh\u00edculos a trav\u00e9s del","inLanguage":"es-ES","isPartOf":{"@id":"https:\/\/candas365.es\/noticias\/#website"},"breadcrumb":{"@id":"https:\/\/candas365.es\/noticias\/dominguez-de-posada-pide-la-reapertura-del-tunel-de-abono\/#breadcrumblist"},"author":{"@id":"https:\/\/candas365.es\/noticias\/author\/admin\/#author"},"creator":{"@id":"https:\/\/candas365.es\/noticias\/author\/admin\/#author"},"image":{"@type":"ImageObject","url":"https:\/\/candas365.es\/noticias\/wp-content\/uploads\/2018\/04\/8152_1.jpg","@id":"https:\/\/candas365.es\/noticias\/dominguez-de-posada-pide-la-reapertura-del-tunel-de-abono\/#mainImage","width":574,"height":323},"primaryImageOfPage":{"@id":"https:\/\/candas365.es\/noticias\/dominguez-de-posada-pide-la-reapertura-del-tunel-de-abono\/#mainImage"},"datePublished":"2018-04-19T17:07:38+02:00","dateModified":"2018-04-19T17:08:01+02:00"},{"@type":"WebSite","@id":"https:\/\/candas365.es\/noticias\/#website","url":"https:\/\/candas365.es\/noticias\/","name":"Cand\u00e1s 365","alternateName":"Cand\u00e1s 365 Noticias","description":"Actualidad desde Carre\u00f1o para el mundo","inLanguage":"es-ES","publisher":{"@id":"https:\/\/candas365.es\/noticias\/#organization"}}]},"og:locale":"es_ES","og:site_name":"Cand\u00e1s 365","og:type":"article","og:title":"Dom\u00ednguez de Posada pide la reapertura del t\u00fanel de Abo\u00f1o | Cand\u00e1s 365","og:description":"La senadora de FORO, Rosa Dom\u00ednguez de Posada, ha defendido hoy en la Comisi\u00f3n de Fomento del Senado una Moci\u00f3n para que \u201cel Gobierno instruya a sus representantes en el Consejo de Administraci\u00f3n de la Autoridad Portuaria de Gij\u00f3n-El Musel, para que promuevan urgentemente las obras para reabrir el paso de veh\u00edculos a trav\u00e9s del","og:url":"https:\/\/candas365.es\/noticias\/dominguez-de-posada-pide-la-reapertura-del-tunel-de-abono\/","og:image":"https:\/\/candas365.es\/noticias\/wp-content\/uploads\/2018\/04\/8152_1.jpg","og:image:secure_url":"https:\/\/candas365.es\/noticias\/wp-content\/uploads\/2018\/04\/8152_1.jpg","og:image:width":574,"og:image:height":323,"article:published_time":"2018-04-19T17:07:38+00:00","article:modified_time":"2018-04-19T17:08:01+00:00","article:publisher":"https:\/\/www.facebook.com\/Nachofdezber","article:author":"https:\/\/www.facebook.com\/carrenoactualidad","twitter:card":"summary_large_image","twitter:site":"@NabercoDigital","twitter:title":"Dom\u00ednguez de Posada pide la reapertura del t\u00fanel de Abo\u00f1o | Cand\u00e1s 365","twitter:description":"La senadora de FORO, Rosa Dom\u00ednguez de Posada, ha defendido hoy en la Comisi\u00f3n de Fomento del Senado una Moci\u00f3n para que \u201cel Gobierno instruya a sus representantes en el Consejo de Administraci\u00f3n de la Autoridad Portuaria de Gij\u00f3n-El Musel, para que promuevan urgentemente las obras para reabrir el paso de veh\u00edculos a trav\u00e9s del","twitter:creator":"@nbasturias","twitter:image":"https:\/\/candas365.es\/noticias\/wp-content\/uploads\/2018\/04\/8152_1.jpg","twitter:label1":"Escrito por","twitter:data1":"Cand\u00e1s 365","twitter:label2":"Tiempo de lectura estimado","twitter:data2":"2 minutos"},"aioseo_meta_data":{"post_id":"94195","title":null,"description":null,"keywords":null,"keyphrases":null,"primary_term":null,"canonical_url":null,"og_title":null,"og_description":null,"og_object_type":"default","og_image_type":"default","og_image_url":null,"og_image_width":null,"og_image_height":null,"og_image_custom_url":null,"og_image_custom_fields":null,"og_video":null,"og_custom_url":null,"og_article_section":null,"og_article_tags":null,"twitter_use_og":false,"twitter_card":"default","twitter_image_type":"default","twitter_image_url":null,"twitter_image_custom_url":null,"twitter_image_custom_fields":null,"twitter_title":null,"twitter_description":null,"schema":{"blockGraphs":[],"customGraphs":[],"default":{"data":{"Article":[],"Course":[],"Dataset":[],"FAQPage":[],"Movie":[],"Person":[],"Product":[],"ProductReview":[],"Car":[],"Recipe":[],"Service":[],"SoftwareApplication":[],"WebPage":[]},"graphName":"","isEnabled":true},"graphs":[]},"schema_type":null,"schema_type_options":null,"pillar_content":false,"robots_default":true,"robots_noindex":false,"robots_noarchive":false,"robots_nosnippet":false,"robots_nofollow":false,"robots_noimageindex":false,"robots_noodp":false,"robots_notranslate":false,"robots_max_snippet":null,"robots_max_videopreview":null,"robots_max_imagepreview":"large","priority":null,"frequency":null,"location":null,"local_seo":null,"seo_analyzer_scan_date":"2025-08-26 18:46:12","breadcrumb_settings":null,"limit_modified_date":false,"reviewed_by":null,"open_ai":null,"ai":null,"created":"2020-12-21 11:53:17","updated":"2025-08-26 18:46:12"},"aioseo_breadcrumb":"<div class=\"aioseo-breadcrumbs\"><span class=\"aioseo-breadcrumb\">\n\t<a href=\"https:\/\/candas365.es\/noticias\" title=\"Home\">Home<\/a>\n<\/span><span class=\"aioseo-breadcrumb-separator\">&ndash;<\/span><span class=\"aioseo-breadcrumb\">\n\t<a href=\"https:\/\/candas365.es\/noticias\/category\/noticias-carreno\/\" title=\"Noticias Carre\u00f1o\">Noticias Carre\u00f1o<\/a>\n<\/span><span class=\"aioseo-breadcrumb-separator\">&ndash;<\/span><span class=\"aioseo-breadcrumb\">\n\tDom\u00ednguez de Posada pide la reapertura del t\u00fanel de Abo\u00f1o\n<\/span><\/div>","aioseo_breadcrumb_json":[{"label":"Home","link":"https:\/\/candas365.es\/noticias"},{"label":"Noticias Carre\u00f1o","link":"https:\/\/candas365.es\/noticias\/category\/noticias-carreno\/"},{"label":"Dom\u00ednguez de Posada pide la reapertura del t\u00fanel de Abo\u00f1o","link":"https:\/\/candas365.es\/noticias\/dominguez-de-posada-pide-la-reapertura-del-tunel-de-abono\/"}],"_links":{"self":[{"href":"https:\/\/candas365.es\/noticias\/wp-json\/wp\/v2\/posts\/94195","targetHints":{"allow":["GET"]}}],"collection":[{"href":"https:\/\/candas365.es\/noticias\/wp-json\/wp\/v2\/posts"}],"about":[{"href":"https:\/\/candas365.es\/noticias\/wp-json\/wp\/v2\/types\/post"}],"author":[{"embeddable":true,"href":"https:\/\/candas365.es\/noticias\/wp-json\/wp\/v2\/users\/1"}],"replies":[{"embeddable":true,"href":"https:\/\/candas365.es\/noticias\/wp-json\/wp\/v2\/comments?post=94195"}],"version-history":[{"count":0,"href":"https:\/\/candas365.es\/noticias\/wp-json\/wp\/v2\/posts\/94195\/revisions"}],"wp:featuredmedia":[{"embeddable":true,"href":"https:\/\/candas365.es\/noticias\/wp-json\/wp\/v2\/media\/94196"}],"wp:attachment":[{"href":"https:\/\/candas365.es\/noticias\/wp-json\/wp\/v2\/media?parent=94195"}],"wp:term":[{"taxonomy":"category","embeddable":true,"href":"https:\/\/candas365.es\/noticias\/wp-json\/wp\/v2\/categories?post=94195"},{"taxonomy":"post_tag","embeddable":true,"href":"https:\/\/candas365.es\/noticias\/wp-json\/wp\/v2\/tags?post=94195"}],"curies":[{"name":"wp","href":"https:\/\/api.w.org\/{rel}","templated":true}]}}