{"id":94177,"date":"2018-04-18T23:29:37","date_gmt":"2018-04-18T23:29:37","guid":{"rendered":"http:\/\/candas365.es\/noticias\/?p=94177"},"modified":"2018-04-18T23:29:37","modified_gmt":"2018-04-18T23:29:37","slug":"obras-de-mejora-en-la-red-de-agua-del-cotaron","status":"publish","type":"post","link":"https:\/\/candas365.es\/noticias\/obras-de-mejora-en-la-red-de-agua-del-cotaron\/","title":{"rendered":"Obras de mejora en la red de agua del Cotar\u00f3n"},"content":{"rendered":"<p><img fetchpriority=\"high\" decoding=\"async\" class=\"alignleft size-medium wp-image-94178\" src=\"https:\/\/candas365.es\/noticias\/wp-content\/uploads\/2018\/04\/9efb37f7-225x300.jpg\" alt=\"\" width=\"225\" height=\"300\" srcset=\"https:\/\/candas365.es\/noticias\/wp-content\/uploads\/2018\/04\/9efb37f7-225x300.jpg 225w, https:\/\/candas365.es\/noticias\/wp-content\/uploads\/2018\/04\/9efb37f7-696x928.jpg 696w, https:\/\/candas365.es\/noticias\/wp-content\/uploads\/2018\/04\/9efb37f7-1068x1424.jpg 1068w, https:\/\/candas365.es\/noticias\/wp-content\/uploads\/2018\/04\/9efb37f7-315x420.jpg 315w, https:\/\/candas365.es\/noticias\/wp-content\/uploads\/2018\/04\/9efb37f7-768x1024.jpg 768w, https:\/\/candas365.es\/noticias\/wp-content\/uploads\/2018\/04\/9efb37f7-360x480.jpg 360w, https:\/\/candas365.es\/noticias\/wp-content\/uploads\/2018\/04\/9efb37f7.jpg 1200w\" sizes=\"(max-width: 225px) 100vw, 225px\" \/>El objeto de la obras que se acometer\u00e1n es la renovaci\u00f3n y mejora de la red de distribuci\u00f3n de agua en la zona del Cotar\u00f3n. Mediante esta mejora se renovar\u00e1 la red para mejorar la instalaci\u00f3n de varias viviendas.<\/p>\n<p>Esta actuaci\u00f3n forma parte de un Plan de renovaci\u00f3n y mejora de los abastecimientos de agua potable, que el Ayuntamiento de Carre\u00f1o est\u00e1 llevando a cabo para mejorar la calidad del servicio p\u00fablico que presta, mejorando los suministros y sobre todo sus caracter\u00edsticas de caudal y presi\u00f3n, actualmente deficitarios en algunos barrios del concejo.<\/p>\n<p>\u201cEsta zona se ven\u00eda nutriendo a trav\u00e9s de una tuber\u00eda de PVC de poca secci\u00f3n, que ven\u00eda generando m\u00faltiples aver\u00edas dif\u00edciles de reparar debido a que la canalizaci\u00f3n pasa a trav\u00e9s de propiedades particulares. Las acometidas e instalaciones de contadores son tambi\u00e9n muy antiguas y se encuentran en estado deficiente\u201d &#8211; detall\u00f3 el concejal de la zona rural.<\/p>\n<p>\u201cCon el fin de resolver los problemas de la zona, se proyecta la realizaci\u00f3n de las nuevas canalizaciones con di\u00e1metro de 50 mm. Para ello se realizar\u00e1 una nueva zanja por la cuneta del camino para alojar la nueva tuber\u00eda\u201d &#8211; a\u00f1adi\u00f3 Manuel Noceda.<\/p>\n<p>\u201cPara la ejecuci\u00f3n de esta obra el Ayuntamiento de Carre\u00f1o ha solicitado presupuesto a 3 empresas capacitadas: Construcciones Bah\u00eda de Per\u00e1n, S.L.U.; Bienes y Obras del Principado de Asturias y Jaime Fern\u00e1ndez, S.L. Adjudic\u00e1ndose la obra a Construcciones Bah\u00eda de Per\u00e1n, S.L.U. por importe de 12.087,79 \u20ac El gasto ser\u00e1 con cargo a la partida \u201cMejoras de red de distribuci\u00f3n de agua del Concejo\u201d del vigente Presupuesto. Se establece el plazo de garant\u00eda de dos a\u00f1os, durante el cual la empresa adjudicataria ser\u00e1 responsable de la conservaci\u00f3n y reparaci\u00f3n de las obras, debiendo reemplazar por otras nuevas todas aquellas que resulten da\u00f1adas o deterioradas por cualquier causa, o no funcionen debidamente por causas que le sean imputables\u201d &#8211; concluy\u00f3 el concejal<\/p>\n<p>&nbsp;<\/p>\n","protected":false},"excerpt":{"rendered":"<p>El objeto de la obras que se acometer\u00e1n es la renovaci\u00f3n y mejora de la red de distribuci\u00f3n de agua en la zona del Cotar\u00f3n. Mediante esta mejora se renovar\u00e1 la red para mejorar la instalaci\u00f3n de varias viviendas. Esta actuaci\u00f3n forma parte de un Plan de renovaci\u00f3n y mejora de los abastecimientos de agua<\/p>\n","protected":false},"author":1,"featured_media":94178,"comment_status":"closed","ping_status":"closed","sticky":false,"template":"","format":"standard","meta":{"footnotes":""},"categories":[2],"tags":[],"class_list":{"0":"post-94177","1":"post","2":"type-post","3":"status-publish","4":"format-standard","5":"has-post-thumbnail","7":"category-noticias-carreno"},"aioseo_notices":[],"aioseo_head":"\n\t\t<!-- All in One SEO Pro 4.9.6.2 - aioseo.com -->\n\t<meta name=\"description\" content=\"El objeto de la obras que se acometer\u00e1n es la renovaci\u00f3n y mejora de la red de distribuci\u00f3n de agua en la zona del Cotar\u00f3n. Mediante esta mejora se renovar\u00e1 la red para mejorar la instalaci\u00f3n de varias viviendas. Esta actuaci\u00f3n forma parte de un Plan de renovaci\u00f3n y mejora de los abastecimientos de agua\" \/>\n\t<meta name=\"robots\" content=\"max-image-preview:large\" \/>\n\t<meta name=\"author\" content=\"Cand\u00e1s 365\"\/>\n\t<meta name=\"google-site-verification\" content=\"UA-32230408-1\" \/>\n\t<meta name=\"msvalidate.01\" content=\"354F3CDFB2DA171B47FBE9ABF1F88D5\" \/>\n\t<meta name=\"keywords\" content=\"noticias carre\u00f1o\" \/>\n\t<link rel=\"canonical\" href=\"https:\/\/candas365.es\/noticias\/obras-de-mejora-en-la-red-de-agua-del-cotaron\/\" \/>\n\t<meta name=\"generator\" content=\"All in One SEO Pro (AIOSEO) 4.9.6.2\" \/>\n\t\t<meta property=\"og:locale\" content=\"es_ES\" \/>\n\t\t<meta property=\"og:site_name\" content=\"Cand\u00e1s 365\" \/>\n\t\t<meta property=\"og:type\" content=\"article\" \/>\n\t\t<meta property=\"og:title\" content=\"Obras de mejora en la red de agua del Cotar\u00f3n | Cand\u00e1s 365\" \/>\n\t\t<meta property=\"og:description\" content=\"El objeto de la obras que se acometer\u00e1n es la renovaci\u00f3n y mejora de la red de distribuci\u00f3n de agua en la zona del Cotar\u00f3n. Mediante esta mejora se renovar\u00e1 la red para mejorar la instalaci\u00f3n de varias viviendas. Esta actuaci\u00f3n forma parte de un Plan de renovaci\u00f3n y mejora de los abastecimientos de agua\" \/>\n\t\t<meta property=\"og:url\" content=\"https:\/\/candas365.es\/noticias\/obras-de-mejora-en-la-red-de-agua-del-cotaron\/\" \/>\n\t\t<meta property=\"og:image\" content=\"https:\/\/candas365.es\/noticias\/wp-content\/uploads\/2018\/04\/9efb37f7.jpg\" \/>\n\t\t<meta property=\"og:image:secure_url\" content=\"https:\/\/candas365.es\/noticias\/wp-content\/uploads\/2018\/04\/9efb37f7.jpg\" \/>\n\t\t<meta property=\"og:image:width\" content=\"1200\" \/>\n\t\t<meta property=\"og:image:height\" content=\"1600\" \/>\n\t\t<meta property=\"article:published_time\" content=\"2018-04-18T23:29:37+00:00\" \/>\n\t\t<meta property=\"article:modified_time\" content=\"2018-04-18T23:29:37+00:00\" \/>\n\t\t<meta property=\"article:publisher\" content=\"https:\/\/www.facebook.com\/Nachofdezber\" \/>\n\t\t<meta property=\"article:author\" content=\"https:\/\/www.facebook.com\/carrenoactualidad\" \/>\n\t\t<meta name=\"twitter:card\" content=\"summary_large_image\" \/>\n\t\t<meta name=\"twitter:site\" content=\"@NabercoDigital\" \/>\n\t\t<meta name=\"twitter:title\" content=\"Obras de mejora en la red de agua del Cotar\u00f3n | Cand\u00e1s 365\" \/>\n\t\t<meta name=\"twitter:description\" content=\"El objeto de la obras que se acometer\u00e1n es la renovaci\u00f3n y mejora de la red de distribuci\u00f3n de agua en la zona del Cotar\u00f3n. Mediante esta mejora se renovar\u00e1 la red para mejorar la instalaci\u00f3n de varias viviendas. Esta actuaci\u00f3n forma parte de un Plan de renovaci\u00f3n y mejora de los abastecimientos de agua\" \/>\n\t\t<meta name=\"twitter:creator\" content=\"@nbasturias\" \/>\n\t\t<meta name=\"twitter:image\" content=\"https:\/\/candas365.es\/noticias\/wp-content\/uploads\/2018\/04\/9efb37f7.jpg\" \/>\n\t\t<meta name=\"twitter:label1\" content=\"Escrito por\" \/>\n\t\t<meta name=\"twitter:data1\" content=\"Cand\u00e1s 365\" \/>\n\t\t<meta name=\"twitter:label2\" content=\"Tiempo de lectura estimado\" \/>\n\t\t<meta name=\"twitter:data2\" content=\"2 minutos\" \/>\n\t\t<script type=\"application\/ld+json\" class=\"aioseo-schema\">\n\t\t\t{\"@context\":\"https:\\\/\\\/schema.org\",\"@graph\":[{\"@type\":\"BreadcrumbList\",\"@id\":\"https:\\\/\\\/candas365.es\\\/noticias\\\/obras-de-mejora-en-la-red-de-agua-del-cotaron\\\/#breadcrumblist\",\"itemListElement\":[{\"@type\":\"ListItem\",\"@id\":\"https:\\\/\\\/candas365.es\\\/noticias#listItem\",\"position\":1,\"name\":\"Home\",\"item\":\"https:\\\/\\\/candas365.es\\\/noticias\",\"nextItem\":{\"@type\":\"ListItem\",\"@id\":\"https:\\\/\\\/candas365.es\\\/noticias\\\/category\\\/noticias-carreno\\\/#listItem\",\"name\":\"Noticias Carre\\u00f1o\"}},{\"@type\":\"ListItem\",\"@id\":\"https:\\\/\\\/candas365.es\\\/noticias\\\/category\\\/noticias-carreno\\\/#listItem\",\"position\":2,\"name\":\"Noticias Carre\\u00f1o\",\"item\":\"https:\\\/\\\/candas365.es\\\/noticias\\\/category\\\/noticias-carreno\\\/\",\"nextItem\":{\"@type\":\"ListItem\",\"@id\":\"https:\\\/\\\/candas365.es\\\/noticias\\\/obras-de-mejora-en-la-red-de-agua-del-cotaron\\\/#listItem\",\"name\":\"Obras de mejora en la red de agua del Cotar\\u00f3n\"},\"previousItem\":{\"@type\":\"ListItem\",\"@id\":\"https:\\\/\\\/candas365.es\\\/noticias#listItem\",\"name\":\"Home\"}},{\"@type\":\"ListItem\",\"@id\":\"https:\\\/\\\/candas365.es\\\/noticias\\\/obras-de-mejora-en-la-red-de-agua-del-cotaron\\\/#listItem\",\"position\":3,\"name\":\"Obras de mejora en la red de agua del Cotar\\u00f3n\",\"previousItem\":{\"@type\":\"ListItem\",\"@id\":\"https:\\\/\\\/candas365.es\\\/noticias\\\/category\\\/noticias-carreno\\\/#listItem\",\"name\":\"Noticias Carre\\u00f1o\"}}]},{\"@type\":\"NewsArticle\",\"@id\":\"https:\\\/\\\/candas365.es\\\/noticias\\\/obras-de-mejora-en-la-red-de-agua-del-cotaron\\\/#newsarticle\",\"name\":\"Obras de mejora en la red de agua del Cotar\\u00f3n | Cand\\u00e1s 365\",\"headline\":\"Obras de mejora en la red de agua del Cotar\\u00f3n\",\"author\":{\"@id\":\"https:\\\/\\\/candas365.es\\\/noticias\\\/author\\\/admin\\\/#author\"},\"publisher\":{\"@id\":\"https:\\\/\\\/candas365.es\\\/noticias\\\/#organization\"},\"image\":{\"@type\":\"ImageObject\",\"url\":\"https:\\\/\\\/candas365.es\\\/noticias\\\/wp-content\\\/uploads\\\/2018\\\/04\\\/9efb37f7.jpg\",\"width\":1200,\"height\":1600},\"datePublished\":\"2018-04-18T23:29:37+02:00\",\"dateModified\":\"2018-04-18T23:29:37+02:00\",\"inLanguage\":\"es-ES\",\"mainEntityOfPage\":{\"@id\":\"https:\\\/\\\/candas365.es\\\/noticias\\\/obras-de-mejora-en-la-red-de-agua-del-cotaron\\\/#webpage\"},\"isPartOf\":{\"@id\":\"https:\\\/\\\/candas365.es\\\/noticias\\\/obras-de-mejora-en-la-red-de-agua-del-cotaron\\\/#webpage\"},\"articleSection\":\"Noticias Carre\\u00f1o\",\"dateline\":\"Publicado el abril 18, 2018.\"},{\"@type\":\"Organization\",\"@id\":\"https:\\\/\\\/candas365.es\\\/noticias\\\/#organization\",\"name\":\"Cand\\u00e1s 365\",\"description\":\"Cand\\u00e1s 365 es un diario digital independiente, fundado en 2012, con base en Asturias. Informamos con rigor sobre actualidad, sociedad, cultura y ocio, con una mirada local y global.\",\"url\":\"https:\\\/\\\/candas365.es\\\/noticias\\\/\",\"email\":\"info@candas365.es\",\"telephone\":\"+34652131393\",\"foundingDate\":\"2012-06-10\",\"logo\":{\"@type\":\"ImageObject\",\"url\":\"https:\\\/\\\/candas365.es\\\/noticias\\\/wp-content\\\/uploads\\\/2024\\\/09\\\/Candas-365-Redes.jpg\",\"@id\":\"https:\\\/\\\/candas365.es\\\/noticias\\\/obras-de-mejora-en-la-red-de-agua-del-cotaron\\\/#organizationLogo\",\"width\":1152,\"height\":864,\"caption\":\"Cand\\u00e1s 365 Redes\"},\"image\":{\"@id\":\"https:\\\/\\\/candas365.es\\\/noticias\\\/obras-de-mejora-en-la-red-de-agua-del-cotaron\\\/#organizationLogo\"},\"sameAs\":[\"https:\\\/\\\/www.facebook.com\\\/Nachofdezber\",\"https:\\\/\\\/x.com\\\/NabercoDigital\",\"https:\\\/\\\/www.instagram.com\\\/nachofdezber\\\/\",\"https:\\\/\\\/www.youtube.com\\\/channel\\\/UCZP-2wLEB9Rv6erhFmqVnvg\"],\"address\":{\"@id\":\"https:\\\/\\\/candas365.es\\\/noticias\\\/#postaladdress\",\"@type\":\"PostalAddress\",\"streetAddress\":\"san antonio 4, san antonio 4\",\"postalCode\":\"33430\",\"addressLocality\":\"Cand\\u00e1s\",\"addressRegion\":\"Asturias\",\"addressCountry\":\"ES\"}},{\"@type\":\"Person\",\"@id\":\"https:\\\/\\\/candas365.es\\\/noticias\\\/author\\\/admin\\\/#author\",\"url\":\"https:\\\/\\\/candas365.es\\\/noticias\\\/author\\\/admin\\\/\",\"name\":\"Cand\\u00e1s 365\",\"image\":{\"@type\":\"ImageObject\",\"@id\":\"https:\\\/\\\/candas365.es\\\/noticias\\\/obras-de-mejora-en-la-red-de-agua-del-cotaron\\\/#authorImage\",\"url\":\"https:\\\/\\\/secure.gravatar.com\\\/avatar\\\/496a8e03d0c493ede1718b7934145dbdf8d89be1036b0eec9544e1094c9de390?s=96&d=mm&r=g\",\"width\":96,\"height\":96,\"caption\":\"Cand\\u00e1s 365\"},\"sameAs\":[\"https:\\\/\\\/www.facebook.com\\\/carrenoactualidad\",\"https:\\\/\\\/twitter.com\\\/nbasturias\",\"https:\\\/\\\/www.instagram.com\\\/nachofdezber\\\/\",\"https:\\\/\\\/www.youtube.com\\\/channel\\\/UCZP-2wLEB9Rv6erhFmqVnvg\"]},{\"@type\":\"WebPage\",\"@id\":\"https:\\\/\\\/candas365.es\\\/noticias\\\/obras-de-mejora-en-la-red-de-agua-del-cotaron\\\/#webpage\",\"url\":\"https:\\\/\\\/candas365.es\\\/noticias\\\/obras-de-mejora-en-la-red-de-agua-del-cotaron\\\/\",\"name\":\"Obras de mejora en la red de agua del Cotar\\u00f3n | Cand\\u00e1s 365\",\"description\":\"El objeto de la obras que se acometer\\u00e1n es la renovaci\\u00f3n y mejora de la red de distribuci\\u00f3n de agua en la zona del Cotar\\u00f3n. Mediante esta mejora se renovar\\u00e1 la red para mejorar la instalaci\\u00f3n de varias viviendas. Esta actuaci\\u00f3n forma parte de un Plan de renovaci\\u00f3n y mejora de los abastecimientos de agua\",\"inLanguage\":\"es-ES\",\"isPartOf\":{\"@id\":\"https:\\\/\\\/candas365.es\\\/noticias\\\/#website\"},\"breadcrumb\":{\"@id\":\"https:\\\/\\\/candas365.es\\\/noticias\\\/obras-de-mejora-en-la-red-de-agua-del-cotaron\\\/#breadcrumblist\"},\"author\":{\"@id\":\"https:\\\/\\\/candas365.es\\\/noticias\\\/author\\\/admin\\\/#author\"},\"creator\":{\"@id\":\"https:\\\/\\\/candas365.es\\\/noticias\\\/author\\\/admin\\\/#author\"},\"image\":{\"@type\":\"ImageObject\",\"url\":\"https:\\\/\\\/candas365.es\\\/noticias\\\/wp-content\\\/uploads\\\/2018\\\/04\\\/9efb37f7.jpg\",\"@id\":\"https:\\\/\\\/candas365.es\\\/noticias\\\/obras-de-mejora-en-la-red-de-agua-del-cotaron\\\/#mainImage\",\"width\":1200,\"height\":1600},\"primaryImageOfPage\":{\"@id\":\"https:\\\/\\\/candas365.es\\\/noticias\\\/obras-de-mejora-en-la-red-de-agua-del-cotaron\\\/#mainImage\"},\"datePublished\":\"2018-04-18T23:29:37+02:00\",\"dateModified\":\"2018-04-18T23:29:37+02:00\"},{\"@type\":\"WebSite\",\"@id\":\"https:\\\/\\\/candas365.es\\\/noticias\\\/#website\",\"url\":\"https:\\\/\\\/candas365.es\\\/noticias\\\/\",\"name\":\"Cand\\u00e1s 365\",\"alternateName\":\"Cand\\u00e1s 365 Noticias\",\"description\":\"Actualidad desde Carre\\u00f1o para el mundo\",\"inLanguage\":\"es-ES\",\"publisher\":{\"@id\":\"https:\\\/\\\/candas365.es\\\/noticias\\\/#organization\"}}]}\n\t\t<\/script>\n\t\t<!-- All in One SEO Pro -->\r\n\t\t<title>Obras de mejora en la red de agua del Cotar\u00f3n | Cand\u00e1s 365<\/title>\n\n","aioseo_head_json":{"title":"Obras de mejora en la red de agua del Cotar\u00f3n | Cand\u00e1s 365","description":"El objeto de la obras que se acometer\u00e1n es la renovaci\u00f3n y mejora de la red de distribuci\u00f3n de agua en la zona del Cotar\u00f3n. Mediante esta mejora se renovar\u00e1 la red para mejorar la instalaci\u00f3n de varias viviendas. Esta actuaci\u00f3n forma parte de un Plan de renovaci\u00f3n y mejora de los abastecimientos de agua","canonical_url":"https:\/\/candas365.es\/noticias\/obras-de-mejora-en-la-red-de-agua-del-cotaron\/","robots":"max-image-preview:large","keywords":"noticias carre\u00f1o","webmasterTools":{"google-site-verification":"UA-32230408-1","msvalidate.01":"354F3CDFB2DA171B47FBE9ABF1F88D5","miscellaneous":""},"schema":{"@context":"https:\/\/schema.org","@graph":[{"@type":"BreadcrumbList","@id":"https:\/\/candas365.es\/noticias\/obras-de-mejora-en-la-red-de-agua-del-cotaron\/#breadcrumblist","itemListElement":[{"@type":"ListItem","@id":"https:\/\/candas365.es\/noticias#listItem","position":1,"name":"Home","item":"https:\/\/candas365.es\/noticias","nextItem":{"@type":"ListItem","@id":"https:\/\/candas365.es\/noticias\/category\/noticias-carreno\/#listItem","name":"Noticias Carre\u00f1o"}},{"@type":"ListItem","@id":"https:\/\/candas365.es\/noticias\/category\/noticias-carreno\/#listItem","position":2,"name":"Noticias Carre\u00f1o","item":"https:\/\/candas365.es\/noticias\/category\/noticias-carreno\/","nextItem":{"@type":"ListItem","@id":"https:\/\/candas365.es\/noticias\/obras-de-mejora-en-la-red-de-agua-del-cotaron\/#listItem","name":"Obras de mejora en la red de agua del Cotar\u00f3n"},"previousItem":{"@type":"ListItem","@id":"https:\/\/candas365.es\/noticias#listItem","name":"Home"}},{"@type":"ListItem","@id":"https:\/\/candas365.es\/noticias\/obras-de-mejora-en-la-red-de-agua-del-cotaron\/#listItem","position":3,"name":"Obras de mejora en la red de agua del Cotar\u00f3n","previousItem":{"@type":"ListItem","@id":"https:\/\/candas365.es\/noticias\/category\/noticias-carreno\/#listItem","name":"Noticias Carre\u00f1o"}}]},{"@type":"NewsArticle","@id":"https:\/\/candas365.es\/noticias\/obras-de-mejora-en-la-red-de-agua-del-cotaron\/#newsarticle","name":"Obras de mejora en la red de agua del Cotar\u00f3n | Cand\u00e1s 365","headline":"Obras de mejora en la red de agua del Cotar\u00f3n","author":{"@id":"https:\/\/candas365.es\/noticias\/author\/admin\/#author"},"publisher":{"@id":"https:\/\/candas365.es\/noticias\/#organization"},"image":{"@type":"ImageObject","url":"https:\/\/candas365.es\/noticias\/wp-content\/uploads\/2018\/04\/9efb37f7.jpg","width":1200,"height":1600},"datePublished":"2018-04-18T23:29:37+02:00","dateModified":"2018-04-18T23:29:37+02:00","inLanguage":"es-ES","mainEntityOfPage":{"@id":"https:\/\/candas365.es\/noticias\/obras-de-mejora-en-la-red-de-agua-del-cotaron\/#webpage"},"isPartOf":{"@id":"https:\/\/candas365.es\/noticias\/obras-de-mejora-en-la-red-de-agua-del-cotaron\/#webpage"},"articleSection":"Noticias Carre\u00f1o","dateline":"Publicado el abril 18, 2018."},{"@type":"Organization","@id":"https:\/\/candas365.es\/noticias\/#organization","name":"Cand\u00e1s 365","description":"Cand\u00e1s 365 es un diario digital independiente, fundado en 2012, con base en Asturias. Informamos con rigor sobre actualidad, sociedad, cultura y ocio, con una mirada local y global.","url":"https:\/\/candas365.es\/noticias\/","email":"info@candas365.es","telephone":"+34652131393","foundingDate":"2012-06-10","logo":{"@type":"ImageObject","url":"https:\/\/candas365.es\/noticias\/wp-content\/uploads\/2024\/09\/Candas-365-Redes.jpg","@id":"https:\/\/candas365.es\/noticias\/obras-de-mejora-en-la-red-de-agua-del-cotaron\/#organizationLogo","width":1152,"height":864,"caption":"Cand\u00e1s 365 Redes"},"image":{"@id":"https:\/\/candas365.es\/noticias\/obras-de-mejora-en-la-red-de-agua-del-cotaron\/#organizationLogo"},"sameAs":["https:\/\/www.facebook.com\/Nachofdezber","https:\/\/x.com\/NabercoDigital","https:\/\/www.instagram.com\/nachofdezber\/","https:\/\/www.youtube.com\/channel\/UCZP-2wLEB9Rv6erhFmqVnvg"],"address":{"@id":"https:\/\/candas365.es\/noticias\/#postaladdress","@type":"PostalAddress","streetAddress":"san antonio 4, san antonio 4","postalCode":"33430","addressLocality":"Cand\u00e1s","addressRegion":"Asturias","addressCountry":"ES"}},{"@type":"Person","@id":"https:\/\/candas365.es\/noticias\/author\/admin\/#author","url":"https:\/\/candas365.es\/noticias\/author\/admin\/","name":"Cand\u00e1s 365","image":{"@type":"ImageObject","@id":"https:\/\/candas365.es\/noticias\/obras-de-mejora-en-la-red-de-agua-del-cotaron\/#authorImage","url":"https:\/\/secure.gravatar.com\/avatar\/496a8e03d0c493ede1718b7934145dbdf8d89be1036b0eec9544e1094c9de390?s=96&d=mm&r=g","width":96,"height":96,"caption":"Cand\u00e1s 365"},"sameAs":["https:\/\/www.facebook.com\/carrenoactualidad","https:\/\/twitter.com\/nbasturias","https:\/\/www.instagram.com\/nachofdezber\/","https:\/\/www.youtube.com\/channel\/UCZP-2wLEB9Rv6erhFmqVnvg"]},{"@type":"WebPage","@id":"https:\/\/candas365.es\/noticias\/obras-de-mejora-en-la-red-de-agua-del-cotaron\/#webpage","url":"https:\/\/candas365.es\/noticias\/obras-de-mejora-en-la-red-de-agua-del-cotaron\/","name":"Obras de mejora en la red de agua del Cotar\u00f3n | Cand\u00e1s 365","description":"El objeto de la obras que se acometer\u00e1n es la renovaci\u00f3n y mejora de la red de distribuci\u00f3n de agua en la zona del Cotar\u00f3n. Mediante esta mejora se renovar\u00e1 la red para mejorar la instalaci\u00f3n de varias viviendas. Esta actuaci\u00f3n forma parte de un Plan de renovaci\u00f3n y mejora de los abastecimientos de agua","inLanguage":"es-ES","isPartOf":{"@id":"https:\/\/candas365.es\/noticias\/#website"},"breadcrumb":{"@id":"https:\/\/candas365.es\/noticias\/obras-de-mejora-en-la-red-de-agua-del-cotaron\/#breadcrumblist"},"author":{"@id":"https:\/\/candas365.es\/noticias\/author\/admin\/#author"},"creator":{"@id":"https:\/\/candas365.es\/noticias\/author\/admin\/#author"},"image":{"@type":"ImageObject","url":"https:\/\/candas365.es\/noticias\/wp-content\/uploads\/2018\/04\/9efb37f7.jpg","@id":"https:\/\/candas365.es\/noticias\/obras-de-mejora-en-la-red-de-agua-del-cotaron\/#mainImage","width":1200,"height":1600},"primaryImageOfPage":{"@id":"https:\/\/candas365.es\/noticias\/obras-de-mejora-en-la-red-de-agua-del-cotaron\/#mainImage"},"datePublished":"2018-04-18T23:29:37+02:00","dateModified":"2018-04-18T23:29:37+02:00"},{"@type":"WebSite","@id":"https:\/\/candas365.es\/noticias\/#website","url":"https:\/\/candas365.es\/noticias\/","name":"Cand\u00e1s 365","alternateName":"Cand\u00e1s 365 Noticias","description":"Actualidad desde Carre\u00f1o para el mundo","inLanguage":"es-ES","publisher":{"@id":"https:\/\/candas365.es\/noticias\/#organization"}}]},"og:locale":"es_ES","og:site_name":"Cand\u00e1s 365","og:type":"article","og:title":"Obras de mejora en la red de agua del Cotar\u00f3n | Cand\u00e1s 365","og:description":"El objeto de la obras que se acometer\u00e1n es la renovaci\u00f3n y mejora de la red de distribuci\u00f3n de agua en la zona del Cotar\u00f3n. Mediante esta mejora se renovar\u00e1 la red para mejorar la instalaci\u00f3n de varias viviendas. Esta actuaci\u00f3n forma parte de un Plan de renovaci\u00f3n y mejora de los abastecimientos de agua","og:url":"https:\/\/candas365.es\/noticias\/obras-de-mejora-en-la-red-de-agua-del-cotaron\/","og:image":"https:\/\/candas365.es\/noticias\/wp-content\/uploads\/2018\/04\/9efb37f7.jpg","og:image:secure_url":"https:\/\/candas365.es\/noticias\/wp-content\/uploads\/2018\/04\/9efb37f7.jpg","og:image:width":1200,"og:image:height":1600,"article:published_time":"2018-04-18T23:29:37+00:00","article:modified_time":"2018-04-18T23:29:37+00:00","article:publisher":"https:\/\/www.facebook.com\/Nachofdezber","article:author":"https:\/\/www.facebook.com\/carrenoactualidad","twitter:card":"summary_large_image","twitter:site":"@NabercoDigital","twitter:title":"Obras de mejora en la red de agua del Cotar\u00f3n | Cand\u00e1s 365","twitter:description":"El objeto de la obras que se acometer\u00e1n es la renovaci\u00f3n y mejora de la red de distribuci\u00f3n de agua en la zona del Cotar\u00f3n. Mediante esta mejora se renovar\u00e1 la red para mejorar la instalaci\u00f3n de varias viviendas. Esta actuaci\u00f3n forma parte de un Plan de renovaci\u00f3n y mejora de los abastecimientos de agua","twitter:creator":"@nbasturias","twitter:image":"https:\/\/candas365.es\/noticias\/wp-content\/uploads\/2018\/04\/9efb37f7.jpg","twitter:label1":"Escrito por","twitter:data1":"Cand\u00e1s 365","twitter:label2":"Tiempo de lectura estimado","twitter:data2":"2 minutos"},"aioseo_meta_data":{"post_id":"94177","title":null,"description":null,"keywords":null,"keyphrases":null,"primary_term":null,"canonical_url":null,"og_title":null,"og_description":null,"og_object_type":"default","og_image_type":"default","og_image_url":null,"og_image_width":null,"og_image_height":null,"og_image_custom_url":null,"og_image_custom_fields":null,"og_video":null,"og_custom_url":null,"og_article_section":null,"og_article_tags":null,"twitter_use_og":false,"twitter_card":"default","twitter_image_type":"default","twitter_image_url":null,"twitter_image_custom_url":null,"twitter_image_custom_fields":null,"twitter_title":null,"twitter_description":null,"schema":{"blockGraphs":[],"customGraphs":[],"default":{"data":{"Article":[],"Course":[],"Dataset":[],"FAQPage":[],"Movie":[],"Person":[],"Product":[],"ProductReview":[],"Car":[],"Recipe":[],"Service":[],"SoftwareApplication":[],"WebPage":[]},"graphName":"","isEnabled":true},"graphs":[],"defaultGraph":"","defaultPostTypeGraph":""},"schema_type":null,"schema_type_options":null,"pillar_content":false,"robots_default":true,"robots_noindex":false,"robots_noarchive":false,"robots_nosnippet":false,"robots_nofollow":false,"robots_noimageindex":false,"robots_noodp":false,"robots_notranslate":false,"robots_max_snippet":null,"robots_max_videopreview":null,"robots_max_imagepreview":"large","priority":null,"frequency":null,"location":null,"local_seo":null,"seo_analyzer_scan_date":"2025-08-26 18:45:12","breadcrumb_settings":null,"limit_modified_date":false,"reviewed_by":null,"open_ai":null,"ai":null,"created":"2020-12-21 11:53:17","updated":"2025-08-26 18:45:12"},"aioseo_breadcrumb":"<div class=\"aioseo-breadcrumbs\"><span class=\"aioseo-breadcrumb\">\n\t<a href=\"https:\/\/candas365.es\/noticias\" title=\"Home\">Home<\/a>\n<\/span><span class=\"aioseo-breadcrumb-separator\">&ndash;<\/span><span class=\"aioseo-breadcrumb\">\n\t<a href=\"https:\/\/candas365.es\/noticias\/category\/noticias-carreno\/\" title=\"Noticias Carre\u00f1o\">Noticias Carre\u00f1o<\/a>\n<\/span><span class=\"aioseo-breadcrumb-separator\">&ndash;<\/span><span class=\"aioseo-breadcrumb\">\n\tObras de mejora en la red de agua del Cotar\u00f3n\n<\/span><\/div>","aioseo_breadcrumb_json":[{"label":"Home","link":"https:\/\/candas365.es\/noticias"},{"label":"Noticias Carre\u00f1o","link":"https:\/\/candas365.es\/noticias\/category\/noticias-carreno\/"},{"label":"Obras de mejora en la red de agua del Cotar\u00f3n","link":"https:\/\/candas365.es\/noticias\/obras-de-mejora-en-la-red-de-agua-del-cotaron\/"}],"_links":{"self":[{"href":"https:\/\/candas365.es\/noticias\/wp-json\/wp\/v2\/posts\/94177","targetHints":{"allow":["GET"]}}],"collection":[{"href":"https:\/\/candas365.es\/noticias\/wp-json\/wp\/v2\/posts"}],"about":[{"href":"https:\/\/candas365.es\/noticias\/wp-json\/wp\/v2\/types\/post"}],"author":[{"embeddable":true,"href":"https:\/\/candas365.es\/noticias\/wp-json\/wp\/v2\/users\/1"}],"replies":[{"embeddable":true,"href":"https:\/\/candas365.es\/noticias\/wp-json\/wp\/v2\/comments?post=94177"}],"version-history":[{"count":0,"href":"https:\/\/candas365.es\/noticias\/wp-json\/wp\/v2\/posts\/94177\/revisions"}],"wp:featuredmedia":[{"embeddable":true,"href":"https:\/\/candas365.es\/noticias\/wp-json\/wp\/v2\/media\/94178"}],"wp:attachment":[{"href":"https:\/\/candas365.es\/noticias\/wp-json\/wp\/v2\/media?parent=94177"}],"wp:term":[{"taxonomy":"category","embeddable":true,"href":"https:\/\/candas365.es\/noticias\/wp-json\/wp\/v2\/categories?post=94177"},{"taxonomy":"post_tag","embeddable":true,"href":"https:\/\/candas365.es\/noticias\/wp-json\/wp\/v2\/tags?post=94177"}],"curies":[{"name":"wp","href":"https:\/\/api.w.org\/{rel}","templated":true}]}}