{"id":94096,"date":"2018-04-18T14:26:00","date_gmt":"2018-04-18T14:26:00","guid":{"rendered":"http:\/\/candas365.es\/noticias\/?p=94096"},"modified":"2018-04-18T14:26:00","modified_gmt":"2018-04-18T14:26:00","slug":"fin-de-semana-variado-y-musical-en-la-laboral-de-gijon","status":"publish","type":"post","link":"https:\/\/candas365.es\/noticias\/fin-de-semana-variado-y-musical-en-la-laboral-de-gijon\/","title":{"rendered":"Fin de semana variado y musical en La Laboral de Gij\u00f3n"},"content":{"rendered":"<p><img fetchpriority=\"high\" decoding=\"async\" class=\"alignleft size-medium wp-image-94097\" src=\"https:\/\/candas365.es\/noticias\/wp-content\/uploads\/2018\/04\/SergioDalma-360x239.jpg\" alt=\"\" width=\"360\" height=\"239\" srcset=\"https:\/\/candas365.es\/noticias\/wp-content\/uploads\/2018\/04\/SergioDalma-360x239.jpg 360w, https:\/\/candas365.es\/noticias\/wp-content\/uploads\/2018\/04\/SergioDalma-696x463.jpg 696w, https:\/\/candas365.es\/noticias\/wp-content\/uploads\/2018\/04\/SergioDalma-632x420.jpg 632w, https:\/\/candas365.es\/noticias\/wp-content\/uploads\/2018\/04\/SergioDalma-768x511.jpg 768w, https:\/\/candas365.es\/noticias\/wp-content\/uploads\/2018\/04\/SergioDalma-655x435.jpg 655w, https:\/\/candas365.es\/noticias\/wp-content\/uploads\/2018\/04\/SergioDalma.jpg 916w\" sizes=\"(max-width: 360px) 100vw, 360px\" \/>El Teatro de la Laboral acoge esta fin de semana el concierto del tr\u00edo de jazz formado por Danilo P\u00e9rez, John Patitucci y Brian Blade y la actuaci\u00f3n de Sergio Dalma.<\/p>\n<p>El pianista Danilo P\u00e9rez, el contrabajista John Patitucci y el baterista Brian Blade llegan a Gij\u00f3n este viernes 20 de abril, a las 20:30 horas, dentro de su gira europea Children of the light. Los tres han sido piezas capitales del legendario cuarteto de Wayne Shorter durante m\u00e1s de una d\u00e9cada. Desde entonces tambi\u00e9n han continuado sus carreras individuales como l\u00edderes de sus propios proyectos y grupos.<\/p>\n<p>Estos gigantes del jazz contempor\u00e1neo publican su primer disco juntos, Children of the light, con composiciones originales de los tres miembros del tr\u00edo (siete de P\u00e9rez, tres de Patitucci y una de Blade) y una nueva versi\u00f3n de Dolores, un viejo cl\u00e1sico de Shorter. En este trabajo hay dos temas recurrentes en las composiciones del \u00e1lbum: los ni\u00f1os, en temas como Milky Way, Sunburn and Mosquito; y, sobre todo, la luz, en Moonlight on Congo Square, Lumen o Looking for light, que provocan texturas y colores muy distintos en cada pieza.<\/p>\n<p>El s\u00e1bado 21 de abril, a las 21:00 horas, Sergio Dalma vuelve al Teatro de la Laboral para presentar V\u00eda Dalma III, tercera parte de su exitosa colecci\u00f3n de cl\u00e1sicos italianos con canciones de artistas tan dispares como Lucio Dalla, Domenico Modugno, Drupi, Toto Cutugno, Matia Bazar, Antonello Venditti, Ricchi e Poveri o Pino Donaggio.<\/p>\n<p>Esta nueva colecci\u00f3n de canciones reivindica autores de toda la vida junto con t\u00edtulos contempor\u00e1neos, a los que Sergio Dalma aporta nuevos matices con una de las voces m\u00e1s personales y reconocibles del panorama musical latino de los \u00faltimos 25 a\u00f1os. En el concierto recorrer\u00e1 los tres \u00e1lbumes publicados con los grandes \u00e9xitos italianos de todas las \u00e9pocas y tampoco faltar\u00e1 una selecci\u00f3n de lo mejor de su repertorio de sus casi treinta a\u00f1os de carrera.<\/p>\n<p>Las localidades para Danilo P\u00e9rez, John Patitucci y Brian Blade est\u00e1n disponibles a un precio de 24 euros en compra anticipada y de 28 euros el mismo d\u00eda en taquilla. Sergio Dalma est\u00e1 a punto de agotar las entradas, a un precio de 60 euros para foso, de 50 euros para patio de butacas y palcos de 35 euros para anfiteatro.<\/p>\n<p>Las localidades se pueden adquirir en la Recepci\u00f3n de la Laboral, en el Centro Niemeyer en Avil\u00e9s, en la Oficina de Informaci\u00f3n Tur\u00edstica de Asturias en Oviedo, en la web <span style=\"color: #ff6600;\"><strong>entradas.liberbank.es<\/strong><\/span>, en el tel\u00e9fono 902 106 601 y en la red de cajeros Liberbank.<\/p>\n","protected":false},"excerpt":{"rendered":"<p>El Teatro de la Laboral acoge esta fin de semana el concierto del tr\u00edo de jazz formado por Danilo P\u00e9rez, John Patitucci y Brian Blade y la actuaci\u00f3n de Sergio Dalma. El pianista Danilo P\u00e9rez, el contrabajista John Patitucci y el baterista Brian Blade llegan a Gij\u00f3n este viernes 20 de abril, a las 20:30<\/p>\n","protected":false},"author":1,"featured_media":94097,"comment_status":"closed","ping_status":"closed","sticky":false,"template":"","format":"standard","meta":{"footnotes":""},"categories":[1],"tags":[],"class_list":{"0":"post-94096","1":"post","2":"type-post","3":"status-publish","4":"format-standard","5":"has-post-thumbnail","7":"category-agenda"},"aioseo_notices":[],"aioseo_head":"\n\t\t<!-- All in One SEO Pro 4.9.6.2 - aioseo.com -->\n\t<meta name=\"description\" content=\"El Teatro de la Laboral acoge esta fin de semana el concierto del tr\u00edo de jazz formado por Danilo P\u00e9rez, John Patitucci y Brian Blade y la actuaci\u00f3n de Sergio Dalma. El pianista Danilo P\u00e9rez, el contrabajista John Patitucci y el baterista Brian Blade llegan a Gij\u00f3n este viernes 20 de abril, a las 20:30\" \/>\n\t<meta name=\"robots\" content=\"max-image-preview:large\" \/>\n\t<meta name=\"author\" content=\"Cand\u00e1s 365\"\/>\n\t<meta name=\"google-site-verification\" content=\"UA-32230408-1\" \/>\n\t<meta name=\"msvalidate.01\" content=\"354F3CDFB2DA171B47FBE9ABF1F88D5\" \/>\n\t<meta name=\"keywords\" content=\"agenda\" \/>\n\t<link rel=\"canonical\" href=\"https:\/\/candas365.es\/noticias\/fin-de-semana-variado-y-musical-en-la-laboral-de-gijon\/\" \/>\n\t<meta name=\"generator\" content=\"All in One SEO Pro (AIOSEO) 4.9.6.2\" \/>\n\t\t<meta property=\"og:locale\" content=\"es_ES\" \/>\n\t\t<meta property=\"og:site_name\" content=\"Cand\u00e1s 365\" \/>\n\t\t<meta property=\"og:type\" content=\"article\" \/>\n\t\t<meta property=\"og:title\" content=\"Fin de semana variado y musical en La Laboral de Gij\u00f3n | Cand\u00e1s 365\" \/>\n\t\t<meta property=\"og:description\" content=\"El Teatro de la Laboral acoge esta fin de semana el concierto del tr\u00edo de jazz formado por Danilo P\u00e9rez, John Patitucci y Brian Blade y la actuaci\u00f3n de Sergio Dalma. El pianista Danilo P\u00e9rez, el contrabajista John Patitucci y el baterista Brian Blade llegan a Gij\u00f3n este viernes 20 de abril, a las 20:30\" \/>\n\t\t<meta property=\"og:url\" content=\"https:\/\/candas365.es\/noticias\/fin-de-semana-variado-y-musical-en-la-laboral-de-gijon\/\" \/>\n\t\t<meta property=\"og:image\" content=\"https:\/\/candas365.es\/noticias\/wp-content\/uploads\/2018\/04\/SergioDalma.jpg\" \/>\n\t\t<meta property=\"og:image:secure_url\" content=\"https:\/\/candas365.es\/noticias\/wp-content\/uploads\/2018\/04\/SergioDalma.jpg\" \/>\n\t\t<meta property=\"og:image:width\" content=\"916\" \/>\n\t\t<meta property=\"og:image:height\" content=\"609\" \/>\n\t\t<meta property=\"article:published_time\" content=\"2018-04-18T14:26:00+00:00\" \/>\n\t\t<meta property=\"article:modified_time\" content=\"2018-04-18T14:26:00+00:00\" \/>\n\t\t<meta property=\"article:publisher\" content=\"https:\/\/www.facebook.com\/Nachofdezber\" \/>\n\t\t<meta property=\"article:author\" content=\"https:\/\/www.facebook.com\/carrenoactualidad\" \/>\n\t\t<meta name=\"twitter:card\" content=\"summary_large_image\" \/>\n\t\t<meta name=\"twitter:site\" content=\"@NabercoDigital\" \/>\n\t\t<meta name=\"twitter:title\" content=\"Fin de semana variado y musical en La Laboral de Gij\u00f3n | Cand\u00e1s 365\" \/>\n\t\t<meta name=\"twitter:description\" content=\"El Teatro de la Laboral acoge esta fin de semana el concierto del tr\u00edo de jazz formado por Danilo P\u00e9rez, John Patitucci y Brian Blade y la actuaci\u00f3n de Sergio Dalma. El pianista Danilo P\u00e9rez, el contrabajista John Patitucci y el baterista Brian Blade llegan a Gij\u00f3n este viernes 20 de abril, a las 20:30\" \/>\n\t\t<meta name=\"twitter:creator\" content=\"@nbasturias\" \/>\n\t\t<meta name=\"twitter:image\" content=\"https:\/\/candas365.es\/noticias\/wp-content\/uploads\/2018\/04\/SergioDalma.jpg\" \/>\n\t\t<meta name=\"twitter:label1\" content=\"Escrito por\" \/>\n\t\t<meta name=\"twitter:data1\" content=\"Cand\u00e1s 365\" \/>\n\t\t<meta name=\"twitter:label2\" content=\"Tiempo de lectura estimado\" \/>\n\t\t<meta name=\"twitter:data2\" content=\"2 minutos\" \/>\n\t\t<script type=\"application\/ld+json\" class=\"aioseo-schema\">\n\t\t\t{\"@context\":\"https:\\\/\\\/schema.org\",\"@graph\":[{\"@type\":\"BreadcrumbList\",\"@id\":\"https:\\\/\\\/candas365.es\\\/noticias\\\/fin-de-semana-variado-y-musical-en-la-laboral-de-gijon\\\/#breadcrumblist\",\"itemListElement\":[{\"@type\":\"ListItem\",\"@id\":\"https:\\\/\\\/candas365.es\\\/noticias#listItem\",\"position\":1,\"name\":\"Home\",\"item\":\"https:\\\/\\\/candas365.es\\\/noticias\",\"nextItem\":{\"@type\":\"ListItem\",\"@id\":\"https:\\\/\\\/candas365.es\\\/noticias\\\/category\\\/agenda\\\/#listItem\",\"name\":\"Agenda\"}},{\"@type\":\"ListItem\",\"@id\":\"https:\\\/\\\/candas365.es\\\/noticias\\\/category\\\/agenda\\\/#listItem\",\"position\":2,\"name\":\"Agenda\",\"item\":\"https:\\\/\\\/candas365.es\\\/noticias\\\/category\\\/agenda\\\/\",\"nextItem\":{\"@type\":\"ListItem\",\"@id\":\"https:\\\/\\\/candas365.es\\\/noticias\\\/fin-de-semana-variado-y-musical-en-la-laboral-de-gijon\\\/#listItem\",\"name\":\"Fin de semana variado y musical en La Laboral de Gij\\u00f3n\"},\"previousItem\":{\"@type\":\"ListItem\",\"@id\":\"https:\\\/\\\/candas365.es\\\/noticias#listItem\",\"name\":\"Home\"}},{\"@type\":\"ListItem\",\"@id\":\"https:\\\/\\\/candas365.es\\\/noticias\\\/fin-de-semana-variado-y-musical-en-la-laboral-de-gijon\\\/#listItem\",\"position\":3,\"name\":\"Fin de semana variado y musical en La Laboral de Gij\\u00f3n\",\"previousItem\":{\"@type\":\"ListItem\",\"@id\":\"https:\\\/\\\/candas365.es\\\/noticias\\\/category\\\/agenda\\\/#listItem\",\"name\":\"Agenda\"}}]},{\"@type\":\"NewsArticle\",\"@id\":\"https:\\\/\\\/candas365.es\\\/noticias\\\/fin-de-semana-variado-y-musical-en-la-laboral-de-gijon\\\/#newsarticle\",\"name\":\"Fin de semana variado y musical en La Laboral de Gij\\u00f3n | Cand\\u00e1s 365\",\"headline\":\"Fin de semana variado y musical en La Laboral de Gij\\u00f3n\",\"author\":{\"@id\":\"https:\\\/\\\/candas365.es\\\/noticias\\\/author\\\/admin\\\/#author\"},\"publisher\":{\"@id\":\"https:\\\/\\\/candas365.es\\\/noticias\\\/#organization\"},\"image\":{\"@type\":\"ImageObject\",\"url\":\"https:\\\/\\\/candas365.es\\\/noticias\\\/wp-content\\\/uploads\\\/2018\\\/04\\\/SergioDalma.jpg\",\"width\":916,\"height\":609},\"datePublished\":\"2018-04-18T14:26:00+02:00\",\"dateModified\":\"2018-04-18T14:26:00+02:00\",\"inLanguage\":\"es-ES\",\"mainEntityOfPage\":{\"@id\":\"https:\\\/\\\/candas365.es\\\/noticias\\\/fin-de-semana-variado-y-musical-en-la-laboral-de-gijon\\\/#webpage\"},\"isPartOf\":{\"@id\":\"https:\\\/\\\/candas365.es\\\/noticias\\\/fin-de-semana-variado-y-musical-en-la-laboral-de-gijon\\\/#webpage\"},\"articleSection\":\"Agenda\",\"dateline\":\"Publicado el abril 18, 2018.\"},{\"@type\":\"Organization\",\"@id\":\"https:\\\/\\\/candas365.es\\\/noticias\\\/#organization\",\"name\":\"Cand\\u00e1s 365\",\"description\":\"Cand\\u00e1s 365 es un diario digital independiente, fundado en 2012, con base en Asturias. Informamos con rigor sobre actualidad, sociedad, cultura y ocio, con una mirada local y global.\",\"url\":\"https:\\\/\\\/candas365.es\\\/noticias\\\/\",\"email\":\"info@candas365.es\",\"telephone\":\"+34652131393\",\"foundingDate\":\"2012-06-10\",\"logo\":{\"@type\":\"ImageObject\",\"url\":\"https:\\\/\\\/candas365.es\\\/noticias\\\/wp-content\\\/uploads\\\/2024\\\/09\\\/Candas-365-Redes.jpg\",\"@id\":\"https:\\\/\\\/candas365.es\\\/noticias\\\/fin-de-semana-variado-y-musical-en-la-laboral-de-gijon\\\/#organizationLogo\",\"width\":1152,\"height\":864,\"caption\":\"Cand\\u00e1s 365 Redes\"},\"image\":{\"@id\":\"https:\\\/\\\/candas365.es\\\/noticias\\\/fin-de-semana-variado-y-musical-en-la-laboral-de-gijon\\\/#organizationLogo\"},\"sameAs\":[\"https:\\\/\\\/www.facebook.com\\\/Nachofdezber\",\"https:\\\/\\\/x.com\\\/NabercoDigital\",\"https:\\\/\\\/www.instagram.com\\\/nachofdezber\\\/\",\"https:\\\/\\\/www.youtube.com\\\/channel\\\/UCZP-2wLEB9Rv6erhFmqVnvg\"],\"address\":{\"@id\":\"https:\\\/\\\/candas365.es\\\/noticias\\\/#postaladdress\",\"@type\":\"PostalAddress\",\"streetAddress\":\"san antonio 4, san antonio 4\",\"postalCode\":\"33430\",\"addressLocality\":\"Cand\\u00e1s\",\"addressRegion\":\"Asturias\",\"addressCountry\":\"ES\"}},{\"@type\":\"Person\",\"@id\":\"https:\\\/\\\/candas365.es\\\/noticias\\\/author\\\/admin\\\/#author\",\"url\":\"https:\\\/\\\/candas365.es\\\/noticias\\\/author\\\/admin\\\/\",\"name\":\"Cand\\u00e1s 365\",\"image\":{\"@type\":\"ImageObject\",\"@id\":\"https:\\\/\\\/candas365.es\\\/noticias\\\/fin-de-semana-variado-y-musical-en-la-laboral-de-gijon\\\/#authorImage\",\"url\":\"https:\\\/\\\/secure.gravatar.com\\\/avatar\\\/496a8e03d0c493ede1718b7934145dbdf8d89be1036b0eec9544e1094c9de390?s=96&d=mm&r=g\",\"width\":96,\"height\":96,\"caption\":\"Cand\\u00e1s 365\"},\"sameAs\":[\"https:\\\/\\\/www.facebook.com\\\/carrenoactualidad\",\"https:\\\/\\\/twitter.com\\\/nbasturias\",\"https:\\\/\\\/www.instagram.com\\\/nachofdezber\\\/\",\"https:\\\/\\\/www.youtube.com\\\/channel\\\/UCZP-2wLEB9Rv6erhFmqVnvg\"]},{\"@type\":\"WebPage\",\"@id\":\"https:\\\/\\\/candas365.es\\\/noticias\\\/fin-de-semana-variado-y-musical-en-la-laboral-de-gijon\\\/#webpage\",\"url\":\"https:\\\/\\\/candas365.es\\\/noticias\\\/fin-de-semana-variado-y-musical-en-la-laboral-de-gijon\\\/\",\"name\":\"Fin de semana variado y musical en La Laboral de Gij\\u00f3n | Cand\\u00e1s 365\",\"description\":\"El Teatro de la Laboral acoge esta fin de semana el concierto del tr\\u00edo de jazz formado por Danilo P\\u00e9rez, John Patitucci y Brian Blade y la actuaci\\u00f3n de Sergio Dalma. El pianista Danilo P\\u00e9rez, el contrabajista John Patitucci y el baterista Brian Blade llegan a Gij\\u00f3n este viernes 20 de abril, a las 20:30\",\"inLanguage\":\"es-ES\",\"isPartOf\":{\"@id\":\"https:\\\/\\\/candas365.es\\\/noticias\\\/#website\"},\"breadcrumb\":{\"@id\":\"https:\\\/\\\/candas365.es\\\/noticias\\\/fin-de-semana-variado-y-musical-en-la-laboral-de-gijon\\\/#breadcrumblist\"},\"author\":{\"@id\":\"https:\\\/\\\/candas365.es\\\/noticias\\\/author\\\/admin\\\/#author\"},\"creator\":{\"@id\":\"https:\\\/\\\/candas365.es\\\/noticias\\\/author\\\/admin\\\/#author\"},\"image\":{\"@type\":\"ImageObject\",\"url\":\"https:\\\/\\\/candas365.es\\\/noticias\\\/wp-content\\\/uploads\\\/2018\\\/04\\\/SergioDalma.jpg\",\"@id\":\"https:\\\/\\\/candas365.es\\\/noticias\\\/fin-de-semana-variado-y-musical-en-la-laboral-de-gijon\\\/#mainImage\",\"width\":916,\"height\":609},\"primaryImageOfPage\":{\"@id\":\"https:\\\/\\\/candas365.es\\\/noticias\\\/fin-de-semana-variado-y-musical-en-la-laboral-de-gijon\\\/#mainImage\"},\"datePublished\":\"2018-04-18T14:26:00+02:00\",\"dateModified\":\"2018-04-18T14:26:00+02:00\"},{\"@type\":\"WebSite\",\"@id\":\"https:\\\/\\\/candas365.es\\\/noticias\\\/#website\",\"url\":\"https:\\\/\\\/candas365.es\\\/noticias\\\/\",\"name\":\"Cand\\u00e1s 365\",\"alternateName\":\"Cand\\u00e1s 365 Noticias\",\"description\":\"Actualidad desde Carre\\u00f1o para el mundo\",\"inLanguage\":\"es-ES\",\"publisher\":{\"@id\":\"https:\\\/\\\/candas365.es\\\/noticias\\\/#organization\"}}]}\n\t\t<\/script>\n\t\t<!-- All in One SEO Pro -->\r\n\t\t<title>Fin de semana variado y musical en La Laboral de Gij\u00f3n | Cand\u00e1s 365<\/title>\n\n","aioseo_head_json":{"title":"Fin de semana variado y musical en La Laboral de Gij\u00f3n | Cand\u00e1s 365","description":"El Teatro de la Laboral acoge esta fin de semana el concierto del tr\u00edo de jazz formado por Danilo P\u00e9rez, John Patitucci y Brian Blade y la actuaci\u00f3n de Sergio Dalma. El pianista Danilo P\u00e9rez, el contrabajista John Patitucci y el baterista Brian Blade llegan a Gij\u00f3n este viernes 20 de abril, a las 20:30","canonical_url":"https:\/\/candas365.es\/noticias\/fin-de-semana-variado-y-musical-en-la-laboral-de-gijon\/","robots":"max-image-preview:large","keywords":"agenda","webmasterTools":{"google-site-verification":"UA-32230408-1","msvalidate.01":"354F3CDFB2DA171B47FBE9ABF1F88D5","miscellaneous":""},"schema":{"@context":"https:\/\/schema.org","@graph":[{"@type":"BreadcrumbList","@id":"https:\/\/candas365.es\/noticias\/fin-de-semana-variado-y-musical-en-la-laboral-de-gijon\/#breadcrumblist","itemListElement":[{"@type":"ListItem","@id":"https:\/\/candas365.es\/noticias#listItem","position":1,"name":"Home","item":"https:\/\/candas365.es\/noticias","nextItem":{"@type":"ListItem","@id":"https:\/\/candas365.es\/noticias\/category\/agenda\/#listItem","name":"Agenda"}},{"@type":"ListItem","@id":"https:\/\/candas365.es\/noticias\/category\/agenda\/#listItem","position":2,"name":"Agenda","item":"https:\/\/candas365.es\/noticias\/category\/agenda\/","nextItem":{"@type":"ListItem","@id":"https:\/\/candas365.es\/noticias\/fin-de-semana-variado-y-musical-en-la-laboral-de-gijon\/#listItem","name":"Fin de semana variado y musical en La Laboral de Gij\u00f3n"},"previousItem":{"@type":"ListItem","@id":"https:\/\/candas365.es\/noticias#listItem","name":"Home"}},{"@type":"ListItem","@id":"https:\/\/candas365.es\/noticias\/fin-de-semana-variado-y-musical-en-la-laboral-de-gijon\/#listItem","position":3,"name":"Fin de semana variado y musical en La Laboral de Gij\u00f3n","previousItem":{"@type":"ListItem","@id":"https:\/\/candas365.es\/noticias\/category\/agenda\/#listItem","name":"Agenda"}}]},{"@type":"NewsArticle","@id":"https:\/\/candas365.es\/noticias\/fin-de-semana-variado-y-musical-en-la-laboral-de-gijon\/#newsarticle","name":"Fin de semana variado y musical en La Laboral de Gij\u00f3n | Cand\u00e1s 365","headline":"Fin de semana variado y musical en La Laboral de Gij\u00f3n","author":{"@id":"https:\/\/candas365.es\/noticias\/author\/admin\/#author"},"publisher":{"@id":"https:\/\/candas365.es\/noticias\/#organization"},"image":{"@type":"ImageObject","url":"https:\/\/candas365.es\/noticias\/wp-content\/uploads\/2018\/04\/SergioDalma.jpg","width":916,"height":609},"datePublished":"2018-04-18T14:26:00+02:00","dateModified":"2018-04-18T14:26:00+02:00","inLanguage":"es-ES","mainEntityOfPage":{"@id":"https:\/\/candas365.es\/noticias\/fin-de-semana-variado-y-musical-en-la-laboral-de-gijon\/#webpage"},"isPartOf":{"@id":"https:\/\/candas365.es\/noticias\/fin-de-semana-variado-y-musical-en-la-laboral-de-gijon\/#webpage"},"articleSection":"Agenda","dateline":"Publicado el abril 18, 2018."},{"@type":"Organization","@id":"https:\/\/candas365.es\/noticias\/#organization","name":"Cand\u00e1s 365","description":"Cand\u00e1s 365 es un diario digital independiente, fundado en 2012, con base en Asturias. Informamos con rigor sobre actualidad, sociedad, cultura y ocio, con una mirada local y global.","url":"https:\/\/candas365.es\/noticias\/","email":"info@candas365.es","telephone":"+34652131393","foundingDate":"2012-06-10","logo":{"@type":"ImageObject","url":"https:\/\/candas365.es\/noticias\/wp-content\/uploads\/2024\/09\/Candas-365-Redes.jpg","@id":"https:\/\/candas365.es\/noticias\/fin-de-semana-variado-y-musical-en-la-laboral-de-gijon\/#organizationLogo","width":1152,"height":864,"caption":"Cand\u00e1s 365 Redes"},"image":{"@id":"https:\/\/candas365.es\/noticias\/fin-de-semana-variado-y-musical-en-la-laboral-de-gijon\/#organizationLogo"},"sameAs":["https:\/\/www.facebook.com\/Nachofdezber","https:\/\/x.com\/NabercoDigital","https:\/\/www.instagram.com\/nachofdezber\/","https:\/\/www.youtube.com\/channel\/UCZP-2wLEB9Rv6erhFmqVnvg"],"address":{"@id":"https:\/\/candas365.es\/noticias\/#postaladdress","@type":"PostalAddress","streetAddress":"san antonio 4, san antonio 4","postalCode":"33430","addressLocality":"Cand\u00e1s","addressRegion":"Asturias","addressCountry":"ES"}},{"@type":"Person","@id":"https:\/\/candas365.es\/noticias\/author\/admin\/#author","url":"https:\/\/candas365.es\/noticias\/author\/admin\/","name":"Cand\u00e1s 365","image":{"@type":"ImageObject","@id":"https:\/\/candas365.es\/noticias\/fin-de-semana-variado-y-musical-en-la-laboral-de-gijon\/#authorImage","url":"https:\/\/secure.gravatar.com\/avatar\/496a8e03d0c493ede1718b7934145dbdf8d89be1036b0eec9544e1094c9de390?s=96&d=mm&r=g","width":96,"height":96,"caption":"Cand\u00e1s 365"},"sameAs":["https:\/\/www.facebook.com\/carrenoactualidad","https:\/\/twitter.com\/nbasturias","https:\/\/www.instagram.com\/nachofdezber\/","https:\/\/www.youtube.com\/channel\/UCZP-2wLEB9Rv6erhFmqVnvg"]},{"@type":"WebPage","@id":"https:\/\/candas365.es\/noticias\/fin-de-semana-variado-y-musical-en-la-laboral-de-gijon\/#webpage","url":"https:\/\/candas365.es\/noticias\/fin-de-semana-variado-y-musical-en-la-laboral-de-gijon\/","name":"Fin de semana variado y musical en La Laboral de Gij\u00f3n | Cand\u00e1s 365","description":"El Teatro de la Laboral acoge esta fin de semana el concierto del tr\u00edo de jazz formado por Danilo P\u00e9rez, John Patitucci y Brian Blade y la actuaci\u00f3n de Sergio Dalma. El pianista Danilo P\u00e9rez, el contrabajista John Patitucci y el baterista Brian Blade llegan a Gij\u00f3n este viernes 20 de abril, a las 20:30","inLanguage":"es-ES","isPartOf":{"@id":"https:\/\/candas365.es\/noticias\/#website"},"breadcrumb":{"@id":"https:\/\/candas365.es\/noticias\/fin-de-semana-variado-y-musical-en-la-laboral-de-gijon\/#breadcrumblist"},"author":{"@id":"https:\/\/candas365.es\/noticias\/author\/admin\/#author"},"creator":{"@id":"https:\/\/candas365.es\/noticias\/author\/admin\/#author"},"image":{"@type":"ImageObject","url":"https:\/\/candas365.es\/noticias\/wp-content\/uploads\/2018\/04\/SergioDalma.jpg","@id":"https:\/\/candas365.es\/noticias\/fin-de-semana-variado-y-musical-en-la-laboral-de-gijon\/#mainImage","width":916,"height":609},"primaryImageOfPage":{"@id":"https:\/\/candas365.es\/noticias\/fin-de-semana-variado-y-musical-en-la-laboral-de-gijon\/#mainImage"},"datePublished":"2018-04-18T14:26:00+02:00","dateModified":"2018-04-18T14:26:00+02:00"},{"@type":"WebSite","@id":"https:\/\/candas365.es\/noticias\/#website","url":"https:\/\/candas365.es\/noticias\/","name":"Cand\u00e1s 365","alternateName":"Cand\u00e1s 365 Noticias","description":"Actualidad desde Carre\u00f1o para el mundo","inLanguage":"es-ES","publisher":{"@id":"https:\/\/candas365.es\/noticias\/#organization"}}]},"og:locale":"es_ES","og:site_name":"Cand\u00e1s 365","og:type":"article","og:title":"Fin de semana variado y musical en La Laboral de Gij\u00f3n | Cand\u00e1s 365","og:description":"El Teatro de la Laboral acoge esta fin de semana el concierto del tr\u00edo de jazz formado por Danilo P\u00e9rez, John Patitucci y Brian Blade y la actuaci\u00f3n de Sergio Dalma. El pianista Danilo P\u00e9rez, el contrabajista John Patitucci y el baterista Brian Blade llegan a Gij\u00f3n este viernes 20 de abril, a las 20:30","og:url":"https:\/\/candas365.es\/noticias\/fin-de-semana-variado-y-musical-en-la-laboral-de-gijon\/","og:image":"https:\/\/candas365.es\/noticias\/wp-content\/uploads\/2018\/04\/SergioDalma.jpg","og:image:secure_url":"https:\/\/candas365.es\/noticias\/wp-content\/uploads\/2018\/04\/SergioDalma.jpg","og:image:width":916,"og:image:height":609,"article:published_time":"2018-04-18T14:26:00+00:00","article:modified_time":"2018-04-18T14:26:00+00:00","article:publisher":"https:\/\/www.facebook.com\/Nachofdezber","article:author":"https:\/\/www.facebook.com\/carrenoactualidad","twitter:card":"summary_large_image","twitter:site":"@NabercoDigital","twitter:title":"Fin de semana variado y musical en La Laboral de Gij\u00f3n | Cand\u00e1s 365","twitter:description":"El Teatro de la Laboral acoge esta fin de semana el concierto del tr\u00edo de jazz formado por Danilo P\u00e9rez, John Patitucci y Brian Blade y la actuaci\u00f3n de Sergio Dalma. El pianista Danilo P\u00e9rez, el contrabajista John Patitucci y el baterista Brian Blade llegan a Gij\u00f3n este viernes 20 de abril, a las 20:30","twitter:creator":"@nbasturias","twitter:image":"https:\/\/candas365.es\/noticias\/wp-content\/uploads\/2018\/04\/SergioDalma.jpg","twitter:label1":"Escrito por","twitter:data1":"Cand\u00e1s 365","twitter:label2":"Tiempo de lectura estimado","twitter:data2":"2 minutos"},"aioseo_meta_data":{"post_id":"94096","title":null,"description":null,"keywords":null,"keyphrases":null,"primary_term":null,"canonical_url":null,"og_title":null,"og_description":null,"og_object_type":"default","og_image_type":"default","og_image_url":null,"og_image_width":null,"og_image_height":null,"og_image_custom_url":null,"og_image_custom_fields":null,"og_video":null,"og_custom_url":null,"og_article_section":null,"og_article_tags":null,"twitter_use_og":false,"twitter_card":"default","twitter_image_type":"default","twitter_image_url":null,"twitter_image_custom_url":null,"twitter_image_custom_fields":null,"twitter_title":null,"twitter_description":null,"schema":{"blockGraphs":[],"customGraphs":[],"default":{"data":{"Article":[],"Course":[],"Dataset":[],"FAQPage":[],"Movie":[],"Person":[],"Product":[],"ProductReview":[],"Car":[],"Recipe":[],"Service":[],"SoftwareApplication":[],"WebPage":[]},"graphName":"","isEnabled":true},"graphs":[]},"schema_type":null,"schema_type_options":null,"pillar_content":false,"robots_default":true,"robots_noindex":false,"robots_noarchive":false,"robots_nosnippet":false,"robots_nofollow":false,"robots_noimageindex":false,"robots_noodp":false,"robots_notranslate":false,"robots_max_snippet":null,"robots_max_videopreview":null,"robots_max_imagepreview":"large","priority":null,"frequency":null,"location":null,"local_seo":null,"seo_analyzer_scan_date":"2025-08-26 18:36:13","breadcrumb_settings":null,"limit_modified_date":false,"reviewed_by":null,"open_ai":null,"ai":null,"created":"2020-12-21 11:53:17","updated":"2025-08-26 18:36:13"},"aioseo_breadcrumb":"<div class=\"aioseo-breadcrumbs\"><span class=\"aioseo-breadcrumb\">\n\t<a href=\"https:\/\/candas365.es\/noticias\" title=\"Home\">Home<\/a>\n<\/span><span class=\"aioseo-breadcrumb-separator\">&ndash;<\/span><span class=\"aioseo-breadcrumb\">\n\t<a href=\"https:\/\/candas365.es\/noticias\/category\/agenda\/\" title=\"Agenda\">Agenda<\/a>\n<\/span><span class=\"aioseo-breadcrumb-separator\">&ndash;<\/span><span class=\"aioseo-breadcrumb\">\n\tFin de semana variado y musical en La Laboral de Gij\u00f3n\n<\/span><\/div>","aioseo_breadcrumb_json":[{"label":"Home","link":"https:\/\/candas365.es\/noticias"},{"label":"Agenda","link":"https:\/\/candas365.es\/noticias\/category\/agenda\/"},{"label":"Fin de semana variado y musical en La Laboral de Gij\u00f3n","link":"https:\/\/candas365.es\/noticias\/fin-de-semana-variado-y-musical-en-la-laboral-de-gijon\/"}],"_links":{"self":[{"href":"https:\/\/candas365.es\/noticias\/wp-json\/wp\/v2\/posts\/94096","targetHints":{"allow":["GET"]}}],"collection":[{"href":"https:\/\/candas365.es\/noticias\/wp-json\/wp\/v2\/posts"}],"about":[{"href":"https:\/\/candas365.es\/noticias\/wp-json\/wp\/v2\/types\/post"}],"author":[{"embeddable":true,"href":"https:\/\/candas365.es\/noticias\/wp-json\/wp\/v2\/users\/1"}],"replies":[{"embeddable":true,"href":"https:\/\/candas365.es\/noticias\/wp-json\/wp\/v2\/comments?post=94096"}],"version-history":[{"count":0,"href":"https:\/\/candas365.es\/noticias\/wp-json\/wp\/v2\/posts\/94096\/revisions"}],"wp:featuredmedia":[{"embeddable":true,"href":"https:\/\/candas365.es\/noticias\/wp-json\/wp\/v2\/media\/94097"}],"wp:attachment":[{"href":"https:\/\/candas365.es\/noticias\/wp-json\/wp\/v2\/media?parent=94096"}],"wp:term":[{"taxonomy":"category","embeddable":true,"href":"https:\/\/candas365.es\/noticias\/wp-json\/wp\/v2\/categories?post=94096"},{"taxonomy":"post_tag","embeddable":true,"href":"https:\/\/candas365.es\/noticias\/wp-json\/wp\/v2\/tags?post=94096"}],"curies":[{"name":"wp","href":"https:\/\/api.w.org\/{rel}","templated":true}]}}