{"id":94092,"date":"2018-04-18T13:27:53","date_gmt":"2018-04-18T13:27:53","guid":{"rendered":"http:\/\/candas365.es\/noticias\/?p=94092"},"modified":"2018-04-18T13:27:53","modified_gmt":"2018-04-18T13:27:53","slug":"estreno-en-asturias-de-9-dedos-en-la-laboral","status":"publish","type":"post","link":"https:\/\/candas365.es\/noticias\/estreno-en-asturias-de-9-dedos-en-la-laboral\/","title":{"rendered":"Estreno en Asturias de \u00ab9 dedos\u00bb, en La Laboral"},"content":{"rendered":"<p><img fetchpriority=\"high\" decoding=\"async\" class=\"alignleft size-medium wp-image-80268\" src=\"https:\/\/candas365.es\/noticias\/wp-content\/uploads\/2017\/09\/Laboral-360x239.jpg\" alt=\"\" width=\"360\" height=\"239\" srcset=\"https:\/\/candas365.es\/noticias\/wp-content\/uploads\/2017\/09\/Laboral-360x239.jpg 360w, https:\/\/candas365.es\/noticias\/wp-content\/uploads\/2017\/09\/Laboral-768x511.jpg 768w, https:\/\/candas365.es\/noticias\/wp-content\/uploads\/2017\/09\/Laboral-655x435.jpg 655w, https:\/\/candas365.es\/noticias\/wp-content\/uploads\/2017\/09\/Laboral-696x463.jpg 696w, https:\/\/candas365.es\/noticias\/wp-content\/uploads\/2017\/09\/Laboral-1068x710.jpg 1068w, https:\/\/candas365.es\/noticias\/wp-content\/uploads\/2017\/09\/Laboral-632x420.jpg 632w, https:\/\/candas365.es\/noticias\/wp-content\/uploads\/2017\/09\/Laboral-84x55.jpg 84w, https:\/\/candas365.es\/noticias\/wp-content\/uploads\/2017\/09\/Laboral.jpg 1280w\" sizes=\"(max-width: 360px) 100vw, 360px\" \/>El Paraninfo de la Laboral acoge este domingo, a las 19:00 horas, el estreno en Asturias de 9 dedos, la \u00faltima pel\u00edcula del cineasta franc\u00e9s F.J. Ossang, cineasta de culto de referencia, que visita Laboral Cinemateca para presentar el film y mantener un encuentro con los asistentes a la proyecci\u00f3n. En el evento, que estar\u00e1 conducido por Jos\u00e9 Antonio Vega, participar\u00e1, adem\u00e1s, Elvire, coguionista y actriz de la pel\u00edcula.<\/p>\n<p>9 dedos es un thriller existencialista en el que su protagonista Magloire, huyendo de una redada, termina en las manos de la exc\u00e9ntrica banda de criminales de Kurtz que lo captura y lo convierte en su c\u00f3mplice. Tras un robo desastroso, Magloire y la banda se ver\u00e1n inmersos en una conspiraci\u00f3n tramada por el misterioso \u201c9 Dedos\u201d. Este film noir, expresionista y post-apocal\u00edptico le vali\u00f3 a Ossang el Leopardo de Oro al Mejor Director en la pasada edici\u00f3n del Festival de Cine de Locarno.<\/p>\n<p>Cineasta, m\u00fasico y escritor, el polifac\u00e9tico director se decanta en sus pel\u00edculas por el cine en blanco y negro y trabaja siempre con celuloide. Capaz de fusionar con coherencia conceptos aparentemente contradictorios, el cineasta franc\u00e9s aporta su visi\u00f3n m\u00e1s personal a las influencias que recibe del expresionismo, surrealismo, el cine negro o la literatura pulp. Entre sus referentes se encuentran el escritor de la Beat Generation William Burroughs, la organizaci\u00f3n de artistas e intelectuales Internacional Situacionista o el inspirador del Teatro de la Crueldad, el poeta y dramaturgo, Antonin Artaud.<\/p>\n<p>Completa la cartelera de la semana la proyecci\u00f3n, el viernes 20 a las 20:00 horas, de The party, una \u00e1gil comedia negra de Sally Potter. Para celebrar su reciente nombramiento como Ministra de Sanidad del Gobierno brit\u00e1nico, Janet organiza una fiesta en la que se re\u00fanen varios amigos. Pero las bromas e iron\u00edas sobre la transformaci\u00f3n y la crisis de la izquierda, la omnipresente militancia feminista o la necesidad de una sanidad p\u00fablica para (casi) todos, provocan que la fiesta se convierta en un volc\u00e1n a punto de estallar y lo que comienza como una celebraci\u00f3n terminar\u00e1 convirti\u00e9ndose en una verdadera y muy divertida tragedia.<\/p>\n<p>El s\u00e1bado 21 de abril, a las 20:00 horas, el Paraninfo de la Laboral acoger\u00e1 la proyecci\u00f3n de Gook, pel\u00edcula dirigida, escrita y protagonizada por Justin Chon, que se emite en colaboraci\u00f3n con el Festival de Cine Independiente Norteamericano de Barcelona, Americana. Tras ganar la secci\u00f3n Next en el pasado festival de Sundance, Gook muestra una ciudad de Los \u00c1ngeles convertida en un hervidero tras el caso Rodney King, en el que un taxista afroamericano fue brutalmente apaleado por la polic\u00eda y cuyos autores salieron sin cargos de los juzgados.<\/p>\n<p>Las entradas para el estreno de 9 dedos y el encuentro con su director, as\u00ed como para el resto de pel\u00edculas, pueden adquirirse, a un precio general de 4\u20ac y reducido de 3\u20ac, en la Recepci\u00f3n de Laboral Ciudad de la Cultura en Gij\u00f3n, en la Recepci\u00f3n del Centro Niemeyer en Avil\u00e9s, en el Centro de Informaci\u00f3n Tur\u00edstica del Principado en Oviedo, en <strong>entradas.liberbank.es<\/strong>, en el tel\u00e9fono 902 106 601 y en la red de cajeros Liberbank.<\/p>\n<p>&nbsp;<\/p>\n","protected":false},"excerpt":{"rendered":"<p>El Paraninfo de la Laboral acoge este domingo, a las 19:00 horas, el estreno en Asturias de 9 dedos, la \u00faltima pel\u00edcula del cineasta franc\u00e9s F.J. Ossang, cineasta de culto de referencia, que visita Laboral Cinemateca para presentar el film y mantener un encuentro con los asistentes a la proyecci\u00f3n. En el evento, que estar\u00e1<\/p>\n","protected":false},"author":1,"featured_media":80268,"comment_status":"closed","ping_status":"closed","sticky":false,"template":"","format":"standard","meta":{"footnotes":""},"categories":[1],"tags":[],"class_list":{"0":"post-94092","1":"post","2":"type-post","3":"status-publish","4":"format-standard","5":"has-post-thumbnail","7":"category-agenda"},"aioseo_notices":[],"aioseo_head":"\n\t\t<!-- All in One SEO Pro 4.9.6.2 - aioseo.com -->\n\t<meta name=\"description\" content=\"El Paraninfo de la Laboral acoge este domingo, a las 19:00 horas, el estreno en Asturias de 9 dedos, la \u00faltima pel\u00edcula del cineasta franc\u00e9s F.J. Ossang, cineasta de culto de referencia, que visita Laboral Cinemateca para presentar el film y mantener un encuentro con los asistentes a la proyecci\u00f3n. En el evento, que estar\u00e1\" \/>\n\t<meta name=\"robots\" content=\"max-image-preview:large\" \/>\n\t<meta name=\"author\" content=\"Cand\u00e1s 365\"\/>\n\t<meta name=\"google-site-verification\" content=\"UA-32230408-1\" \/>\n\t<meta name=\"msvalidate.01\" content=\"354F3CDFB2DA171B47FBE9ABF1F88D5\" \/>\n\t<meta name=\"keywords\" content=\"agenda\" \/>\n\t<link rel=\"canonical\" href=\"https:\/\/candas365.es\/noticias\/estreno-en-asturias-de-9-dedos-en-la-laboral\/\" \/>\n\t<meta name=\"generator\" content=\"All in One SEO Pro (AIOSEO) 4.9.6.2\" \/>\n\t\t<meta property=\"og:locale\" content=\"es_ES\" \/>\n\t\t<meta property=\"og:site_name\" content=\"Cand\u00e1s 365\" \/>\n\t\t<meta property=\"og:type\" content=\"article\" \/>\n\t\t<meta property=\"og:title\" content=\"Estreno en Asturias de \u00ab9 dedos\u00bb, en La Laboral | Cand\u00e1s 365\" \/>\n\t\t<meta property=\"og:description\" content=\"El Paraninfo de la Laboral acoge este domingo, a las 19:00 horas, el estreno en Asturias de 9 dedos, la \u00faltima pel\u00edcula del cineasta franc\u00e9s F.J. Ossang, cineasta de culto de referencia, que visita Laboral Cinemateca para presentar el film y mantener un encuentro con los asistentes a la proyecci\u00f3n. En el evento, que estar\u00e1\" \/>\n\t\t<meta property=\"og:url\" content=\"https:\/\/candas365.es\/noticias\/estreno-en-asturias-de-9-dedos-en-la-laboral\/\" \/>\n\t\t<meta property=\"og:image\" content=\"https:\/\/candas365.es\/noticias\/wp-content\/uploads\/2017\/09\/Laboral.jpg\" \/>\n\t\t<meta property=\"og:image:secure_url\" content=\"https:\/\/candas365.es\/noticias\/wp-content\/uploads\/2017\/09\/Laboral.jpg\" \/>\n\t\t<meta property=\"og:image:width\" content=\"1280\" \/>\n\t\t<meta property=\"og:image:height\" content=\"851\" \/>\n\t\t<meta property=\"article:published_time\" content=\"2018-04-18T13:27:53+00:00\" \/>\n\t\t<meta property=\"article:modified_time\" content=\"2018-04-18T13:27:53+00:00\" \/>\n\t\t<meta property=\"article:publisher\" content=\"https:\/\/www.facebook.com\/Nachofdezber\" \/>\n\t\t<meta property=\"article:author\" content=\"https:\/\/www.facebook.com\/carrenoactualidad\" \/>\n\t\t<meta name=\"twitter:card\" content=\"summary_large_image\" \/>\n\t\t<meta name=\"twitter:site\" content=\"@NabercoDigital\" \/>\n\t\t<meta name=\"twitter:title\" content=\"Estreno en Asturias de \u00ab9 dedos\u00bb, en La Laboral | Cand\u00e1s 365\" \/>\n\t\t<meta name=\"twitter:description\" content=\"El Paraninfo de la Laboral acoge este domingo, a las 19:00 horas, el estreno en Asturias de 9 dedos, la \u00faltima pel\u00edcula del cineasta franc\u00e9s F.J. Ossang, cineasta de culto de referencia, que visita Laboral Cinemateca para presentar el film y mantener un encuentro con los asistentes a la proyecci\u00f3n. En el evento, que estar\u00e1\" \/>\n\t\t<meta name=\"twitter:creator\" content=\"@nbasturias\" \/>\n\t\t<meta name=\"twitter:image\" content=\"https:\/\/candas365.es\/noticias\/wp-content\/uploads\/2017\/09\/Laboral.jpg\" \/>\n\t\t<meta name=\"twitter:label1\" content=\"Escrito por\" \/>\n\t\t<meta name=\"twitter:data1\" content=\"Cand\u00e1s 365\" \/>\n\t\t<meta name=\"twitter:label2\" content=\"Tiempo de lectura estimado\" \/>\n\t\t<meta name=\"twitter:data2\" content=\"3 minutos\" \/>\n\t\t<script type=\"application\/ld+json\" class=\"aioseo-schema\">\n\t\t\t{\"@context\":\"https:\\\/\\\/schema.org\",\"@graph\":[{\"@type\":\"BreadcrumbList\",\"@id\":\"https:\\\/\\\/candas365.es\\\/noticias\\\/estreno-en-asturias-de-9-dedos-en-la-laboral\\\/#breadcrumblist\",\"itemListElement\":[{\"@type\":\"ListItem\",\"@id\":\"https:\\\/\\\/candas365.es\\\/noticias#listItem\",\"position\":1,\"name\":\"Home\",\"item\":\"https:\\\/\\\/candas365.es\\\/noticias\",\"nextItem\":{\"@type\":\"ListItem\",\"@id\":\"https:\\\/\\\/candas365.es\\\/noticias\\\/category\\\/agenda\\\/#listItem\",\"name\":\"Agenda\"}},{\"@type\":\"ListItem\",\"@id\":\"https:\\\/\\\/candas365.es\\\/noticias\\\/category\\\/agenda\\\/#listItem\",\"position\":2,\"name\":\"Agenda\",\"item\":\"https:\\\/\\\/candas365.es\\\/noticias\\\/category\\\/agenda\\\/\",\"nextItem\":{\"@type\":\"ListItem\",\"@id\":\"https:\\\/\\\/candas365.es\\\/noticias\\\/estreno-en-asturias-de-9-dedos-en-la-laboral\\\/#listItem\",\"name\":\"Estreno en Asturias de \\u00ab9 dedos\\u00bb, en La Laboral\"},\"previousItem\":{\"@type\":\"ListItem\",\"@id\":\"https:\\\/\\\/candas365.es\\\/noticias#listItem\",\"name\":\"Home\"}},{\"@type\":\"ListItem\",\"@id\":\"https:\\\/\\\/candas365.es\\\/noticias\\\/estreno-en-asturias-de-9-dedos-en-la-laboral\\\/#listItem\",\"position\":3,\"name\":\"Estreno en Asturias de \\u00ab9 dedos\\u00bb, en La Laboral\",\"previousItem\":{\"@type\":\"ListItem\",\"@id\":\"https:\\\/\\\/candas365.es\\\/noticias\\\/category\\\/agenda\\\/#listItem\",\"name\":\"Agenda\"}}]},{\"@type\":\"NewsArticle\",\"@id\":\"https:\\\/\\\/candas365.es\\\/noticias\\\/estreno-en-asturias-de-9-dedos-en-la-laboral\\\/#newsarticle\",\"name\":\"Estreno en Asturias de \\u00ab9 dedos\\u00bb, en La Laboral | Cand\\u00e1s 365\",\"headline\":\"Estreno en Asturias de \\u00ab9 dedos\\u00bb, en La Laboral\",\"author\":{\"@id\":\"https:\\\/\\\/candas365.es\\\/noticias\\\/author\\\/admin\\\/#author\"},\"publisher\":{\"@id\":\"https:\\\/\\\/candas365.es\\\/noticias\\\/#organization\"},\"image\":{\"@type\":\"ImageObject\",\"url\":\"https:\\\/\\\/candas365.es\\\/noticias\\\/wp-content\\\/uploads\\\/2017\\\/09\\\/Laboral.jpg\",\"width\":1280,\"height\":851},\"datePublished\":\"2018-04-18T13:27:53+02:00\",\"dateModified\":\"2018-04-18T13:27:53+02:00\",\"inLanguage\":\"es-ES\",\"mainEntityOfPage\":{\"@id\":\"https:\\\/\\\/candas365.es\\\/noticias\\\/estreno-en-asturias-de-9-dedos-en-la-laboral\\\/#webpage\"},\"isPartOf\":{\"@id\":\"https:\\\/\\\/candas365.es\\\/noticias\\\/estreno-en-asturias-de-9-dedos-en-la-laboral\\\/#webpage\"},\"articleSection\":\"Agenda\",\"dateline\":\"Publicado el abril 18, 2018.\"},{\"@type\":\"Organization\",\"@id\":\"https:\\\/\\\/candas365.es\\\/noticias\\\/#organization\",\"name\":\"Cand\\u00e1s 365\",\"description\":\"Cand\\u00e1s 365 es un diario digital independiente, fundado en 2012, con base en Asturias. Informamos con rigor sobre actualidad, sociedad, cultura y ocio, con una mirada local y global.\",\"url\":\"https:\\\/\\\/candas365.es\\\/noticias\\\/\",\"email\":\"info@candas365.es\",\"telephone\":\"+34652131393\",\"foundingDate\":\"2012-06-10\",\"logo\":{\"@type\":\"ImageObject\",\"url\":\"https:\\\/\\\/candas365.es\\\/noticias\\\/wp-content\\\/uploads\\\/2024\\\/09\\\/Candas-365-Redes.jpg\",\"@id\":\"https:\\\/\\\/candas365.es\\\/noticias\\\/estreno-en-asturias-de-9-dedos-en-la-laboral\\\/#organizationLogo\",\"width\":1152,\"height\":864,\"caption\":\"Cand\\u00e1s 365 Redes\"},\"image\":{\"@id\":\"https:\\\/\\\/candas365.es\\\/noticias\\\/estreno-en-asturias-de-9-dedos-en-la-laboral\\\/#organizationLogo\"},\"sameAs\":[\"https:\\\/\\\/www.facebook.com\\\/Nachofdezber\",\"https:\\\/\\\/x.com\\\/NabercoDigital\",\"https:\\\/\\\/www.instagram.com\\\/nachofdezber\\\/\",\"https:\\\/\\\/www.youtube.com\\\/channel\\\/UCZP-2wLEB9Rv6erhFmqVnvg\"],\"address\":{\"@id\":\"https:\\\/\\\/candas365.es\\\/noticias\\\/#postaladdress\",\"@type\":\"PostalAddress\",\"streetAddress\":\"san antonio 4, san antonio 4\",\"postalCode\":\"33430\",\"addressLocality\":\"Cand\\u00e1s\",\"addressRegion\":\"Asturias\",\"addressCountry\":\"ES\"}},{\"@type\":\"Person\",\"@id\":\"https:\\\/\\\/candas365.es\\\/noticias\\\/author\\\/admin\\\/#author\",\"url\":\"https:\\\/\\\/candas365.es\\\/noticias\\\/author\\\/admin\\\/\",\"name\":\"Cand\\u00e1s 365\",\"image\":{\"@type\":\"ImageObject\",\"@id\":\"https:\\\/\\\/candas365.es\\\/noticias\\\/estreno-en-asturias-de-9-dedos-en-la-laboral\\\/#authorImage\",\"url\":\"https:\\\/\\\/secure.gravatar.com\\\/avatar\\\/496a8e03d0c493ede1718b7934145dbdf8d89be1036b0eec9544e1094c9de390?s=96&d=mm&r=g\",\"width\":96,\"height\":96,\"caption\":\"Cand\\u00e1s 365\"},\"sameAs\":[\"https:\\\/\\\/www.facebook.com\\\/carrenoactualidad\",\"https:\\\/\\\/twitter.com\\\/nbasturias\",\"https:\\\/\\\/www.instagram.com\\\/nachofdezber\\\/\",\"https:\\\/\\\/www.youtube.com\\\/channel\\\/UCZP-2wLEB9Rv6erhFmqVnvg\"]},{\"@type\":\"WebPage\",\"@id\":\"https:\\\/\\\/candas365.es\\\/noticias\\\/estreno-en-asturias-de-9-dedos-en-la-laboral\\\/#webpage\",\"url\":\"https:\\\/\\\/candas365.es\\\/noticias\\\/estreno-en-asturias-de-9-dedos-en-la-laboral\\\/\",\"name\":\"Estreno en Asturias de \\u00ab9 dedos\\u00bb, en La Laboral | Cand\\u00e1s 365\",\"description\":\"El Paraninfo de la Laboral acoge este domingo, a las 19:00 horas, el estreno en Asturias de 9 dedos, la \\u00faltima pel\\u00edcula del cineasta franc\\u00e9s F.J. Ossang, cineasta de culto de referencia, que visita Laboral Cinemateca para presentar el film y mantener un encuentro con los asistentes a la proyecci\\u00f3n. En el evento, que estar\\u00e1\",\"inLanguage\":\"es-ES\",\"isPartOf\":{\"@id\":\"https:\\\/\\\/candas365.es\\\/noticias\\\/#website\"},\"breadcrumb\":{\"@id\":\"https:\\\/\\\/candas365.es\\\/noticias\\\/estreno-en-asturias-de-9-dedos-en-la-laboral\\\/#breadcrumblist\"},\"author\":{\"@id\":\"https:\\\/\\\/candas365.es\\\/noticias\\\/author\\\/admin\\\/#author\"},\"creator\":{\"@id\":\"https:\\\/\\\/candas365.es\\\/noticias\\\/author\\\/admin\\\/#author\"},\"image\":{\"@type\":\"ImageObject\",\"url\":\"https:\\\/\\\/candas365.es\\\/noticias\\\/wp-content\\\/uploads\\\/2017\\\/09\\\/Laboral.jpg\",\"@id\":\"https:\\\/\\\/candas365.es\\\/noticias\\\/estreno-en-asturias-de-9-dedos-en-la-laboral\\\/#mainImage\",\"width\":1280,\"height\":851},\"primaryImageOfPage\":{\"@id\":\"https:\\\/\\\/candas365.es\\\/noticias\\\/estreno-en-asturias-de-9-dedos-en-la-laboral\\\/#mainImage\"},\"datePublished\":\"2018-04-18T13:27:53+02:00\",\"dateModified\":\"2018-04-18T13:27:53+02:00\"},{\"@type\":\"WebSite\",\"@id\":\"https:\\\/\\\/candas365.es\\\/noticias\\\/#website\",\"url\":\"https:\\\/\\\/candas365.es\\\/noticias\\\/\",\"name\":\"Cand\\u00e1s 365\",\"alternateName\":\"Cand\\u00e1s 365 Noticias\",\"description\":\"Actualidad desde Carre\\u00f1o para el mundo\",\"inLanguage\":\"es-ES\",\"publisher\":{\"@id\":\"https:\\\/\\\/candas365.es\\\/noticias\\\/#organization\"}}]}\n\t\t<\/script>\n\t\t<!-- All in One SEO Pro -->\r\n\t\t<title>Estreno en Asturias de \u00ab9 dedos\u00bb, en La Laboral | Cand\u00e1s 365<\/title>\n\n","aioseo_head_json":{"title":"Estreno en Asturias de \u00ab9 dedos\u00bb, en La Laboral | Cand\u00e1s 365","description":"El Paraninfo de la Laboral acoge este domingo, a las 19:00 horas, el estreno en Asturias de 9 dedos, la \u00faltima pel\u00edcula del cineasta franc\u00e9s F.J. Ossang, cineasta de culto de referencia, que visita Laboral Cinemateca para presentar el film y mantener un encuentro con los asistentes a la proyecci\u00f3n. En el evento, que estar\u00e1","canonical_url":"https:\/\/candas365.es\/noticias\/estreno-en-asturias-de-9-dedos-en-la-laboral\/","robots":"max-image-preview:large","keywords":"agenda","webmasterTools":{"google-site-verification":"UA-32230408-1","msvalidate.01":"354F3CDFB2DA171B47FBE9ABF1F88D5","miscellaneous":""},"schema":{"@context":"https:\/\/schema.org","@graph":[{"@type":"BreadcrumbList","@id":"https:\/\/candas365.es\/noticias\/estreno-en-asturias-de-9-dedos-en-la-laboral\/#breadcrumblist","itemListElement":[{"@type":"ListItem","@id":"https:\/\/candas365.es\/noticias#listItem","position":1,"name":"Home","item":"https:\/\/candas365.es\/noticias","nextItem":{"@type":"ListItem","@id":"https:\/\/candas365.es\/noticias\/category\/agenda\/#listItem","name":"Agenda"}},{"@type":"ListItem","@id":"https:\/\/candas365.es\/noticias\/category\/agenda\/#listItem","position":2,"name":"Agenda","item":"https:\/\/candas365.es\/noticias\/category\/agenda\/","nextItem":{"@type":"ListItem","@id":"https:\/\/candas365.es\/noticias\/estreno-en-asturias-de-9-dedos-en-la-laboral\/#listItem","name":"Estreno en Asturias de \u00ab9 dedos\u00bb, en La Laboral"},"previousItem":{"@type":"ListItem","@id":"https:\/\/candas365.es\/noticias#listItem","name":"Home"}},{"@type":"ListItem","@id":"https:\/\/candas365.es\/noticias\/estreno-en-asturias-de-9-dedos-en-la-laboral\/#listItem","position":3,"name":"Estreno en Asturias de \u00ab9 dedos\u00bb, en La Laboral","previousItem":{"@type":"ListItem","@id":"https:\/\/candas365.es\/noticias\/category\/agenda\/#listItem","name":"Agenda"}}]},{"@type":"NewsArticle","@id":"https:\/\/candas365.es\/noticias\/estreno-en-asturias-de-9-dedos-en-la-laboral\/#newsarticle","name":"Estreno en Asturias de \u00ab9 dedos\u00bb, en La Laboral | Cand\u00e1s 365","headline":"Estreno en Asturias de \u00ab9 dedos\u00bb, en La Laboral","author":{"@id":"https:\/\/candas365.es\/noticias\/author\/admin\/#author"},"publisher":{"@id":"https:\/\/candas365.es\/noticias\/#organization"},"image":{"@type":"ImageObject","url":"https:\/\/candas365.es\/noticias\/wp-content\/uploads\/2017\/09\/Laboral.jpg","width":1280,"height":851},"datePublished":"2018-04-18T13:27:53+02:00","dateModified":"2018-04-18T13:27:53+02:00","inLanguage":"es-ES","mainEntityOfPage":{"@id":"https:\/\/candas365.es\/noticias\/estreno-en-asturias-de-9-dedos-en-la-laboral\/#webpage"},"isPartOf":{"@id":"https:\/\/candas365.es\/noticias\/estreno-en-asturias-de-9-dedos-en-la-laboral\/#webpage"},"articleSection":"Agenda","dateline":"Publicado el abril 18, 2018."},{"@type":"Organization","@id":"https:\/\/candas365.es\/noticias\/#organization","name":"Cand\u00e1s 365","description":"Cand\u00e1s 365 es un diario digital independiente, fundado en 2012, con base en Asturias. Informamos con rigor sobre actualidad, sociedad, cultura y ocio, con una mirada local y global.","url":"https:\/\/candas365.es\/noticias\/","email":"info@candas365.es","telephone":"+34652131393","foundingDate":"2012-06-10","logo":{"@type":"ImageObject","url":"https:\/\/candas365.es\/noticias\/wp-content\/uploads\/2024\/09\/Candas-365-Redes.jpg","@id":"https:\/\/candas365.es\/noticias\/estreno-en-asturias-de-9-dedos-en-la-laboral\/#organizationLogo","width":1152,"height":864,"caption":"Cand\u00e1s 365 Redes"},"image":{"@id":"https:\/\/candas365.es\/noticias\/estreno-en-asturias-de-9-dedos-en-la-laboral\/#organizationLogo"},"sameAs":["https:\/\/www.facebook.com\/Nachofdezber","https:\/\/x.com\/NabercoDigital","https:\/\/www.instagram.com\/nachofdezber\/","https:\/\/www.youtube.com\/channel\/UCZP-2wLEB9Rv6erhFmqVnvg"],"address":{"@id":"https:\/\/candas365.es\/noticias\/#postaladdress","@type":"PostalAddress","streetAddress":"san antonio 4, san antonio 4","postalCode":"33430","addressLocality":"Cand\u00e1s","addressRegion":"Asturias","addressCountry":"ES"}},{"@type":"Person","@id":"https:\/\/candas365.es\/noticias\/author\/admin\/#author","url":"https:\/\/candas365.es\/noticias\/author\/admin\/","name":"Cand\u00e1s 365","image":{"@type":"ImageObject","@id":"https:\/\/candas365.es\/noticias\/estreno-en-asturias-de-9-dedos-en-la-laboral\/#authorImage","url":"https:\/\/secure.gravatar.com\/avatar\/496a8e03d0c493ede1718b7934145dbdf8d89be1036b0eec9544e1094c9de390?s=96&d=mm&r=g","width":96,"height":96,"caption":"Cand\u00e1s 365"},"sameAs":["https:\/\/www.facebook.com\/carrenoactualidad","https:\/\/twitter.com\/nbasturias","https:\/\/www.instagram.com\/nachofdezber\/","https:\/\/www.youtube.com\/channel\/UCZP-2wLEB9Rv6erhFmqVnvg"]},{"@type":"WebPage","@id":"https:\/\/candas365.es\/noticias\/estreno-en-asturias-de-9-dedos-en-la-laboral\/#webpage","url":"https:\/\/candas365.es\/noticias\/estreno-en-asturias-de-9-dedos-en-la-laboral\/","name":"Estreno en Asturias de \u00ab9 dedos\u00bb, en La Laboral | Cand\u00e1s 365","description":"El Paraninfo de la Laboral acoge este domingo, a las 19:00 horas, el estreno en Asturias de 9 dedos, la \u00faltima pel\u00edcula del cineasta franc\u00e9s F.J. Ossang, cineasta de culto de referencia, que visita Laboral Cinemateca para presentar el film y mantener un encuentro con los asistentes a la proyecci\u00f3n. En el evento, que estar\u00e1","inLanguage":"es-ES","isPartOf":{"@id":"https:\/\/candas365.es\/noticias\/#website"},"breadcrumb":{"@id":"https:\/\/candas365.es\/noticias\/estreno-en-asturias-de-9-dedos-en-la-laboral\/#breadcrumblist"},"author":{"@id":"https:\/\/candas365.es\/noticias\/author\/admin\/#author"},"creator":{"@id":"https:\/\/candas365.es\/noticias\/author\/admin\/#author"},"image":{"@type":"ImageObject","url":"https:\/\/candas365.es\/noticias\/wp-content\/uploads\/2017\/09\/Laboral.jpg","@id":"https:\/\/candas365.es\/noticias\/estreno-en-asturias-de-9-dedos-en-la-laboral\/#mainImage","width":1280,"height":851},"primaryImageOfPage":{"@id":"https:\/\/candas365.es\/noticias\/estreno-en-asturias-de-9-dedos-en-la-laboral\/#mainImage"},"datePublished":"2018-04-18T13:27:53+02:00","dateModified":"2018-04-18T13:27:53+02:00"},{"@type":"WebSite","@id":"https:\/\/candas365.es\/noticias\/#website","url":"https:\/\/candas365.es\/noticias\/","name":"Cand\u00e1s 365","alternateName":"Cand\u00e1s 365 Noticias","description":"Actualidad desde Carre\u00f1o para el mundo","inLanguage":"es-ES","publisher":{"@id":"https:\/\/candas365.es\/noticias\/#organization"}}]},"og:locale":"es_ES","og:site_name":"Cand\u00e1s 365","og:type":"article","og:title":"Estreno en Asturias de \u00ab9 dedos\u00bb, en La Laboral | Cand\u00e1s 365","og:description":"El Paraninfo de la Laboral acoge este domingo, a las 19:00 horas, el estreno en Asturias de 9 dedos, la \u00faltima pel\u00edcula del cineasta franc\u00e9s F.J. Ossang, cineasta de culto de referencia, que visita Laboral Cinemateca para presentar el film y mantener un encuentro con los asistentes a la proyecci\u00f3n. En el evento, que estar\u00e1","og:url":"https:\/\/candas365.es\/noticias\/estreno-en-asturias-de-9-dedos-en-la-laboral\/","og:image":"https:\/\/candas365.es\/noticias\/wp-content\/uploads\/2017\/09\/Laboral.jpg","og:image:secure_url":"https:\/\/candas365.es\/noticias\/wp-content\/uploads\/2017\/09\/Laboral.jpg","og:image:width":1280,"og:image:height":851,"article:published_time":"2018-04-18T13:27:53+00:00","article:modified_time":"2018-04-18T13:27:53+00:00","article:publisher":"https:\/\/www.facebook.com\/Nachofdezber","article:author":"https:\/\/www.facebook.com\/carrenoactualidad","twitter:card":"summary_large_image","twitter:site":"@NabercoDigital","twitter:title":"Estreno en Asturias de \u00ab9 dedos\u00bb, en La Laboral | Cand\u00e1s 365","twitter:description":"El Paraninfo de la Laboral acoge este domingo, a las 19:00 horas, el estreno en Asturias de 9 dedos, la \u00faltima pel\u00edcula del cineasta franc\u00e9s F.J. Ossang, cineasta de culto de referencia, que visita Laboral Cinemateca para presentar el film y mantener un encuentro con los asistentes a la proyecci\u00f3n. En el evento, que estar\u00e1","twitter:creator":"@nbasturias","twitter:image":"https:\/\/candas365.es\/noticias\/wp-content\/uploads\/2017\/09\/Laboral.jpg","twitter:label1":"Escrito por","twitter:data1":"Cand\u00e1s 365","twitter:label2":"Tiempo de lectura estimado","twitter:data2":"3 minutos"},"aioseo_meta_data":{"post_id":"94092","title":null,"description":null,"keywords":null,"keyphrases":null,"primary_term":null,"canonical_url":null,"og_title":null,"og_description":null,"og_object_type":"default","og_image_type":"default","og_image_url":null,"og_image_width":null,"og_image_height":null,"og_image_custom_url":null,"og_image_custom_fields":null,"og_video":null,"og_custom_url":null,"og_article_section":null,"og_article_tags":null,"twitter_use_og":false,"twitter_card":"default","twitter_image_type":"default","twitter_image_url":null,"twitter_image_custom_url":null,"twitter_image_custom_fields":null,"twitter_title":null,"twitter_description":null,"schema":{"blockGraphs":[],"customGraphs":[],"default":{"data":{"Article":[],"Course":[],"Dataset":[],"FAQPage":[],"Movie":[],"Person":[],"Product":[],"ProductReview":[],"Car":[],"Recipe":[],"Service":[],"SoftwareApplication":[],"WebPage":[]},"graphName":"","isEnabled":true},"graphs":[]},"schema_type":null,"schema_type_options":null,"pillar_content":false,"robots_default":true,"robots_noindex":false,"robots_noarchive":false,"robots_nosnippet":false,"robots_nofollow":false,"robots_noimageindex":false,"robots_noodp":false,"robots_notranslate":false,"robots_max_snippet":null,"robots_max_videopreview":null,"robots_max_imagepreview":"large","priority":null,"frequency":null,"location":null,"local_seo":null,"seo_analyzer_scan_date":"2025-08-26 18:36:11","breadcrumb_settings":null,"limit_modified_date":false,"reviewed_by":null,"open_ai":null,"ai":null,"created":"2020-12-21 11:53:17","updated":"2025-08-26 18:36:11"},"aioseo_breadcrumb":"<div class=\"aioseo-breadcrumbs\"><span class=\"aioseo-breadcrumb\">\n\t<a href=\"https:\/\/candas365.es\/noticias\" title=\"Home\">Home<\/a>\n<\/span><span class=\"aioseo-breadcrumb-separator\">&ndash;<\/span><span class=\"aioseo-breadcrumb\">\n\t<a href=\"https:\/\/candas365.es\/noticias\/category\/agenda\/\" title=\"Agenda\">Agenda<\/a>\n<\/span><span class=\"aioseo-breadcrumb-separator\">&ndash;<\/span><span class=\"aioseo-breadcrumb\">\n\tEstreno en Asturias de \u00ab9 dedos\u00bb, en La Laboral\n<\/span><\/div>","aioseo_breadcrumb_json":[{"label":"Home","link":"https:\/\/candas365.es\/noticias"},{"label":"Agenda","link":"https:\/\/candas365.es\/noticias\/category\/agenda\/"},{"label":"Estreno en Asturias de \u00ab9 dedos\u00bb, en La Laboral","link":"https:\/\/candas365.es\/noticias\/estreno-en-asturias-de-9-dedos-en-la-laboral\/"}],"_links":{"self":[{"href":"https:\/\/candas365.es\/noticias\/wp-json\/wp\/v2\/posts\/94092","targetHints":{"allow":["GET"]}}],"collection":[{"href":"https:\/\/candas365.es\/noticias\/wp-json\/wp\/v2\/posts"}],"about":[{"href":"https:\/\/candas365.es\/noticias\/wp-json\/wp\/v2\/types\/post"}],"author":[{"embeddable":true,"href":"https:\/\/candas365.es\/noticias\/wp-json\/wp\/v2\/users\/1"}],"replies":[{"embeddable":true,"href":"https:\/\/candas365.es\/noticias\/wp-json\/wp\/v2\/comments?post=94092"}],"version-history":[{"count":0,"href":"https:\/\/candas365.es\/noticias\/wp-json\/wp\/v2\/posts\/94092\/revisions"}],"wp:featuredmedia":[{"embeddable":true,"href":"https:\/\/candas365.es\/noticias\/wp-json\/wp\/v2\/media\/80268"}],"wp:attachment":[{"href":"https:\/\/candas365.es\/noticias\/wp-json\/wp\/v2\/media?parent=94092"}],"wp:term":[{"taxonomy":"category","embeddable":true,"href":"https:\/\/candas365.es\/noticias\/wp-json\/wp\/v2\/categories?post=94092"},{"taxonomy":"post_tag","embeddable":true,"href":"https:\/\/candas365.es\/noticias\/wp-json\/wp\/v2\/tags?post=94092"}],"curies":[{"name":"wp","href":"https:\/\/api.w.org\/{rel}","templated":true}]}}