{"id":93982,"date":"2018-04-17T14:54:12","date_gmt":"2018-04-17T14:54:12","guid":{"rendered":"http:\/\/candas365.es\/noticias\/?p=93982"},"modified":"2018-04-17T14:54:12","modified_gmt":"2018-04-17T14:54:12","slug":"tercera-sesion-del-ciclo-de-cine-el-ciclo-ciclante","status":"publish","type":"post","link":"https:\/\/candas365.es\/noticias\/tercera-sesion-del-ciclo-de-cine-el-ciclo-ciclante\/","title":{"rendered":"Tercera sesi\u00f3n del ciclo de cine \u00abEl Ciclo Ciclante\u00bb"},"content":{"rendered":"<p><img fetchpriority=\"high\" decoding=\"async\" class=\"alignleft size-medium wp-image-93983\" src=\"https:\/\/candas365.es\/noticias\/wp-content\/uploads\/2018\/04\/jour-de-fete-360x203.jpg\" alt=\"\" width=\"360\" height=\"203\" srcset=\"https:\/\/candas365.es\/noticias\/wp-content\/uploads\/2018\/04\/jour-de-fete-360x203.jpg 360w, https:\/\/candas365.es\/noticias\/wp-content\/uploads\/2018\/04\/jour-de-fete.jpg 448w\" sizes=\"(max-width: 360px) 100vw, 360px\" \/>30 D\u00edas en Bici organiza ma\u00f1ana, mi\u00e9rcoles, la tercera sesi\u00f3n del ciclo de cine El Ciclo Ciclante, en la que se proyectar\u00e1 un cl\u00e1sico de Jacques Tati: la pel\u00edcula \u2018Jour de f\u00eate\u2019, que fue estrenada en 1949 y que cuenta la historia de un cartero que era feliz entregando la correspondencia en bicicleta en un peque\u00f1o pueblo franc\u00e9s hasta que se ve obligado a \u2018americanizar\u2019 su trabajo. Imprescindible acudir en bicicleta puesto que quedaremos a las 19.30 horas en la plazuela de San Miguel con rumbo desconocido para desplegar nuestro \u2018cine a pedales\u2019 en una localizaci\u00f3n al aire libre.<\/p>\n<p>La programaci\u00f3n del Ciclo Ciclante, que se desarrolla gracias al apoyo prestado por el Toma 3, se la debemos principalmente al Rueda, Festival Internacional de Cinema Ciclista de Barcelona, adem\u00e1s de que hemos contado con la colaboraci\u00f3n del Festival Internacional de Cine de Gij\u00f3n y, en el caso de \u2018Jour de f\u00eate\u2019, con la del Institut Fran\u00e7ais d\u2019Espagne.<\/p>\n<p>&nbsp;<\/p>\n","protected":false},"excerpt":{"rendered":"<p>30 D\u00edas en Bici organiza ma\u00f1ana, mi\u00e9rcoles, la tercera sesi\u00f3n del ciclo de cine El Ciclo Ciclante, en la que se proyectar\u00e1 un cl\u00e1sico de Jacques Tati: la pel\u00edcula \u2018Jour de f\u00eate\u2019, que fue estrenada en 1949 y que cuenta la historia de un cartero que era feliz entregando la correspondencia en bicicleta en un<\/p>\n","protected":false},"author":1,"featured_media":93983,"comment_status":"closed","ping_status":"closed","sticky":false,"template":"","format":"standard","meta":{"footnotes":""},"categories":[1],"tags":[],"class_list":{"0":"post-93982","1":"post","2":"type-post","3":"status-publish","4":"format-standard","5":"has-post-thumbnail","7":"category-agenda"},"aioseo_notices":[],"aioseo_head":"\n\t\t<!-- All in One SEO Pro 4.9.6.2 - aioseo.com -->\n\t<meta name=\"description\" content=\"30 D\u00edas en Bici organiza ma\u00f1ana, mi\u00e9rcoles, la tercera sesi\u00f3n del ciclo de cine El Ciclo Ciclante, en la que se proyectar\u00e1 un cl\u00e1sico de Jacques Tati: la pel\u00edcula \u2018Jour de f\u00eate\u2019, que fue estrenada en 1949 y que cuenta la historia de un cartero que era feliz entregando la correspondencia en bicicleta en un\" \/>\n\t<meta name=\"robots\" content=\"max-image-preview:large\" \/>\n\t<meta name=\"author\" content=\"Cand\u00e1s 365\"\/>\n\t<meta name=\"google-site-verification\" content=\"UA-32230408-1\" \/>\n\t<meta name=\"msvalidate.01\" content=\"354F3CDFB2DA171B47FBE9ABF1F88D5\" \/>\n\t<meta name=\"keywords\" content=\"agenda\" \/>\n\t<link rel=\"canonical\" href=\"https:\/\/candas365.es\/noticias\/tercera-sesion-del-ciclo-de-cine-el-ciclo-ciclante\/\" \/>\n\t<meta name=\"generator\" content=\"All in One SEO Pro (AIOSEO) 4.9.6.2\" \/>\n\t\t<meta property=\"og:locale\" content=\"es_ES\" \/>\n\t\t<meta property=\"og:site_name\" content=\"Cand\u00e1s 365\" \/>\n\t\t<meta property=\"og:type\" content=\"article\" \/>\n\t\t<meta property=\"og:title\" content=\"Tercera sesi\u00f3n del ciclo de cine \u00abEl Ciclo Ciclante\u00bb | Cand\u00e1s 365\" \/>\n\t\t<meta property=\"og:description\" content=\"30 D\u00edas en Bici organiza ma\u00f1ana, mi\u00e9rcoles, la tercera sesi\u00f3n del ciclo de cine El Ciclo Ciclante, en la que se proyectar\u00e1 un cl\u00e1sico de Jacques Tati: la pel\u00edcula \u2018Jour de f\u00eate\u2019, que fue estrenada en 1949 y que cuenta la historia de un cartero que era feliz entregando la correspondencia en bicicleta en un\" \/>\n\t\t<meta property=\"og:url\" content=\"https:\/\/candas365.es\/noticias\/tercera-sesion-del-ciclo-de-cine-el-ciclo-ciclante\/\" \/>\n\t\t<meta property=\"og:image\" content=\"https:\/\/candas365.es\/noticias\/wp-content\/uploads\/2018\/04\/jour-de-fete.jpg\" \/>\n\t\t<meta property=\"og:image:secure_url\" content=\"https:\/\/candas365.es\/noticias\/wp-content\/uploads\/2018\/04\/jour-de-fete.jpg\" \/>\n\t\t<meta property=\"og:image:width\" content=\"448\" \/>\n\t\t<meta property=\"og:image:height\" content=\"252\" \/>\n\t\t<meta property=\"article:published_time\" content=\"2018-04-17T14:54:12+00:00\" \/>\n\t\t<meta property=\"article:modified_time\" content=\"2018-04-17T14:54:12+00:00\" \/>\n\t\t<meta property=\"article:publisher\" content=\"https:\/\/www.facebook.com\/Nachofdezber\" \/>\n\t\t<meta property=\"article:author\" content=\"https:\/\/www.facebook.com\/carrenoactualidad\" \/>\n\t\t<meta name=\"twitter:card\" content=\"summary_large_image\" \/>\n\t\t<meta name=\"twitter:site\" content=\"@NabercoDigital\" \/>\n\t\t<meta name=\"twitter:title\" content=\"Tercera sesi\u00f3n del ciclo de cine \u00abEl Ciclo Ciclante\u00bb | Cand\u00e1s 365\" \/>\n\t\t<meta name=\"twitter:description\" content=\"30 D\u00edas en Bici organiza ma\u00f1ana, mi\u00e9rcoles, la tercera sesi\u00f3n del ciclo de cine El Ciclo Ciclante, en la que se proyectar\u00e1 un cl\u00e1sico de Jacques Tati: la pel\u00edcula \u2018Jour de f\u00eate\u2019, que fue estrenada en 1949 y que cuenta la historia de un cartero que era feliz entregando la correspondencia en bicicleta en un\" \/>\n\t\t<meta name=\"twitter:creator\" content=\"@nbasturias\" \/>\n\t\t<meta name=\"twitter:image\" content=\"https:\/\/candas365.es\/noticias\/wp-content\/uploads\/2018\/04\/jour-de-fete.jpg\" \/>\n\t\t<meta name=\"twitter:label1\" content=\"Escrito por\" \/>\n\t\t<meta name=\"twitter:data1\" content=\"Cand\u00e1s 365\" \/>\n\t\t<meta name=\"twitter:label2\" content=\"Tiempo de lectura estimado\" \/>\n\t\t<meta name=\"twitter:data2\" content=\"1 minuto\" \/>\n\t\t<script type=\"application\/ld+json\" class=\"aioseo-schema\">\n\t\t\t{\"@context\":\"https:\\\/\\\/schema.org\",\"@graph\":[{\"@type\":\"BreadcrumbList\",\"@id\":\"https:\\\/\\\/candas365.es\\\/noticias\\\/tercera-sesion-del-ciclo-de-cine-el-ciclo-ciclante\\\/#breadcrumblist\",\"itemListElement\":[{\"@type\":\"ListItem\",\"@id\":\"https:\\\/\\\/candas365.es\\\/noticias#listItem\",\"position\":1,\"name\":\"Home\",\"item\":\"https:\\\/\\\/candas365.es\\\/noticias\",\"nextItem\":{\"@type\":\"ListItem\",\"@id\":\"https:\\\/\\\/candas365.es\\\/noticias\\\/category\\\/agenda\\\/#listItem\",\"name\":\"Agenda\"}},{\"@type\":\"ListItem\",\"@id\":\"https:\\\/\\\/candas365.es\\\/noticias\\\/category\\\/agenda\\\/#listItem\",\"position\":2,\"name\":\"Agenda\",\"item\":\"https:\\\/\\\/candas365.es\\\/noticias\\\/category\\\/agenda\\\/\",\"nextItem\":{\"@type\":\"ListItem\",\"@id\":\"https:\\\/\\\/candas365.es\\\/noticias\\\/tercera-sesion-del-ciclo-de-cine-el-ciclo-ciclante\\\/#listItem\",\"name\":\"Tercera sesi\\u00f3n del ciclo de cine \\u00abEl Ciclo Ciclante\\u00bb\"},\"previousItem\":{\"@type\":\"ListItem\",\"@id\":\"https:\\\/\\\/candas365.es\\\/noticias#listItem\",\"name\":\"Home\"}},{\"@type\":\"ListItem\",\"@id\":\"https:\\\/\\\/candas365.es\\\/noticias\\\/tercera-sesion-del-ciclo-de-cine-el-ciclo-ciclante\\\/#listItem\",\"position\":3,\"name\":\"Tercera sesi\\u00f3n del ciclo de cine \\u00abEl Ciclo Ciclante\\u00bb\",\"previousItem\":{\"@type\":\"ListItem\",\"@id\":\"https:\\\/\\\/candas365.es\\\/noticias\\\/category\\\/agenda\\\/#listItem\",\"name\":\"Agenda\"}}]},{\"@type\":\"NewsArticle\",\"@id\":\"https:\\\/\\\/candas365.es\\\/noticias\\\/tercera-sesion-del-ciclo-de-cine-el-ciclo-ciclante\\\/#newsarticle\",\"name\":\"Tercera sesi\\u00f3n del ciclo de cine \\u00abEl Ciclo Ciclante\\u00bb | Cand\\u00e1s 365\",\"headline\":\"Tercera sesi\\u00f3n del ciclo de cine \\u00abEl Ciclo Ciclante\\u00bb\",\"author\":{\"@id\":\"https:\\\/\\\/candas365.es\\\/noticias\\\/author\\\/admin\\\/#author\"},\"publisher\":{\"@id\":\"https:\\\/\\\/candas365.es\\\/noticias\\\/#organization\"},\"image\":{\"@type\":\"ImageObject\",\"url\":\"https:\\\/\\\/candas365.es\\\/noticias\\\/wp-content\\\/uploads\\\/2018\\\/04\\\/jour-de-fete.jpg\",\"width\":448,\"height\":252},\"datePublished\":\"2018-04-17T14:54:12+02:00\",\"dateModified\":\"2018-04-17T14:54:12+02:00\",\"inLanguage\":\"es-ES\",\"mainEntityOfPage\":{\"@id\":\"https:\\\/\\\/candas365.es\\\/noticias\\\/tercera-sesion-del-ciclo-de-cine-el-ciclo-ciclante\\\/#webpage\"},\"isPartOf\":{\"@id\":\"https:\\\/\\\/candas365.es\\\/noticias\\\/tercera-sesion-del-ciclo-de-cine-el-ciclo-ciclante\\\/#webpage\"},\"articleSection\":\"Agenda\",\"dateline\":\"Publicado el abril 17, 2018.\"},{\"@type\":\"Organization\",\"@id\":\"https:\\\/\\\/candas365.es\\\/noticias\\\/#organization\",\"name\":\"Cand\\u00e1s 365\",\"description\":\"Cand\\u00e1s 365 es un diario digital independiente, fundado en 2012, con base en Asturias. Informamos con rigor sobre actualidad, sociedad, cultura y ocio, con una mirada local y global.\",\"url\":\"https:\\\/\\\/candas365.es\\\/noticias\\\/\",\"email\":\"info@candas365.es\",\"telephone\":\"+34652131393\",\"foundingDate\":\"2012-06-10\",\"logo\":{\"@type\":\"ImageObject\",\"url\":\"https:\\\/\\\/candas365.es\\\/noticias\\\/wp-content\\\/uploads\\\/2024\\\/09\\\/Candas-365-Redes.jpg\",\"@id\":\"https:\\\/\\\/candas365.es\\\/noticias\\\/tercera-sesion-del-ciclo-de-cine-el-ciclo-ciclante\\\/#organizationLogo\",\"width\":1152,\"height\":864,\"caption\":\"Cand\\u00e1s 365 Redes\"},\"image\":{\"@id\":\"https:\\\/\\\/candas365.es\\\/noticias\\\/tercera-sesion-del-ciclo-de-cine-el-ciclo-ciclante\\\/#organizationLogo\"},\"sameAs\":[\"https:\\\/\\\/www.facebook.com\\\/Nachofdezber\",\"https:\\\/\\\/x.com\\\/NabercoDigital\",\"https:\\\/\\\/www.instagram.com\\\/nachofdezber\\\/\",\"https:\\\/\\\/www.youtube.com\\\/channel\\\/UCZP-2wLEB9Rv6erhFmqVnvg\"],\"address\":{\"@id\":\"https:\\\/\\\/candas365.es\\\/noticias\\\/#postaladdress\",\"@type\":\"PostalAddress\",\"streetAddress\":\"san antonio 4, san antonio 4\",\"postalCode\":\"33430\",\"addressLocality\":\"Cand\\u00e1s\",\"addressRegion\":\"Asturias\",\"addressCountry\":\"ES\"}},{\"@type\":\"Person\",\"@id\":\"https:\\\/\\\/candas365.es\\\/noticias\\\/author\\\/admin\\\/#author\",\"url\":\"https:\\\/\\\/candas365.es\\\/noticias\\\/author\\\/admin\\\/\",\"name\":\"Cand\\u00e1s 365\",\"image\":{\"@type\":\"ImageObject\",\"@id\":\"https:\\\/\\\/candas365.es\\\/noticias\\\/tercera-sesion-del-ciclo-de-cine-el-ciclo-ciclante\\\/#authorImage\",\"url\":\"https:\\\/\\\/secure.gravatar.com\\\/avatar\\\/496a8e03d0c493ede1718b7934145dbdf8d89be1036b0eec9544e1094c9de390?s=96&d=mm&r=g\",\"width\":96,\"height\":96,\"caption\":\"Cand\\u00e1s 365\"},\"sameAs\":[\"https:\\\/\\\/www.facebook.com\\\/carrenoactualidad\",\"https:\\\/\\\/twitter.com\\\/nbasturias\",\"https:\\\/\\\/www.instagram.com\\\/nachofdezber\\\/\",\"https:\\\/\\\/www.youtube.com\\\/channel\\\/UCZP-2wLEB9Rv6erhFmqVnvg\"]},{\"@type\":\"WebPage\",\"@id\":\"https:\\\/\\\/candas365.es\\\/noticias\\\/tercera-sesion-del-ciclo-de-cine-el-ciclo-ciclante\\\/#webpage\",\"url\":\"https:\\\/\\\/candas365.es\\\/noticias\\\/tercera-sesion-del-ciclo-de-cine-el-ciclo-ciclante\\\/\",\"name\":\"Tercera sesi\\u00f3n del ciclo de cine \\u00abEl Ciclo Ciclante\\u00bb | Cand\\u00e1s 365\",\"description\":\"30 D\\u00edas en Bici organiza ma\\u00f1ana, mi\\u00e9rcoles, la tercera sesi\\u00f3n del ciclo de cine El Ciclo Ciclante, en la que se proyectar\\u00e1 un cl\\u00e1sico de Jacques Tati: la pel\\u00edcula \\u2018Jour de f\\u00eate\\u2019, que fue estrenada en 1949 y que cuenta la historia de un cartero que era feliz entregando la correspondencia en bicicleta en un\",\"inLanguage\":\"es-ES\",\"isPartOf\":{\"@id\":\"https:\\\/\\\/candas365.es\\\/noticias\\\/#website\"},\"breadcrumb\":{\"@id\":\"https:\\\/\\\/candas365.es\\\/noticias\\\/tercera-sesion-del-ciclo-de-cine-el-ciclo-ciclante\\\/#breadcrumblist\"},\"author\":{\"@id\":\"https:\\\/\\\/candas365.es\\\/noticias\\\/author\\\/admin\\\/#author\"},\"creator\":{\"@id\":\"https:\\\/\\\/candas365.es\\\/noticias\\\/author\\\/admin\\\/#author\"},\"image\":{\"@type\":\"ImageObject\",\"url\":\"https:\\\/\\\/candas365.es\\\/noticias\\\/wp-content\\\/uploads\\\/2018\\\/04\\\/jour-de-fete.jpg\",\"@id\":\"https:\\\/\\\/candas365.es\\\/noticias\\\/tercera-sesion-del-ciclo-de-cine-el-ciclo-ciclante\\\/#mainImage\",\"width\":448,\"height\":252},\"primaryImageOfPage\":{\"@id\":\"https:\\\/\\\/candas365.es\\\/noticias\\\/tercera-sesion-del-ciclo-de-cine-el-ciclo-ciclante\\\/#mainImage\"},\"datePublished\":\"2018-04-17T14:54:12+02:00\",\"dateModified\":\"2018-04-17T14:54:12+02:00\"},{\"@type\":\"WebSite\",\"@id\":\"https:\\\/\\\/candas365.es\\\/noticias\\\/#website\",\"url\":\"https:\\\/\\\/candas365.es\\\/noticias\\\/\",\"name\":\"Cand\\u00e1s 365\",\"alternateName\":\"Cand\\u00e1s 365 Noticias\",\"description\":\"Actualidad desde Carre\\u00f1o para el mundo\",\"inLanguage\":\"es-ES\",\"publisher\":{\"@id\":\"https:\\\/\\\/candas365.es\\\/noticias\\\/#organization\"}}]}\n\t\t<\/script>\n\t\t<!-- All in One SEO Pro -->\r\n\t\t<title>Tercera sesi\u00f3n del ciclo de cine \u00abEl Ciclo Ciclante\u00bb | Cand\u00e1s 365<\/title>\n\n","aioseo_head_json":{"title":"Tercera sesi\u00f3n del ciclo de cine \u00abEl Ciclo Ciclante\u00bb | Cand\u00e1s 365","description":"30 D\u00edas en Bici organiza ma\u00f1ana, mi\u00e9rcoles, la tercera sesi\u00f3n del ciclo de cine El Ciclo Ciclante, en la que se proyectar\u00e1 un cl\u00e1sico de Jacques Tati: la pel\u00edcula \u2018Jour de f\u00eate\u2019, que fue estrenada en 1949 y que cuenta la historia de un cartero que era feliz entregando la correspondencia en bicicleta en un","canonical_url":"https:\/\/candas365.es\/noticias\/tercera-sesion-del-ciclo-de-cine-el-ciclo-ciclante\/","robots":"max-image-preview:large","keywords":"agenda","webmasterTools":{"google-site-verification":"UA-32230408-1","msvalidate.01":"354F3CDFB2DA171B47FBE9ABF1F88D5","miscellaneous":""},"schema":{"@context":"https:\/\/schema.org","@graph":[{"@type":"BreadcrumbList","@id":"https:\/\/candas365.es\/noticias\/tercera-sesion-del-ciclo-de-cine-el-ciclo-ciclante\/#breadcrumblist","itemListElement":[{"@type":"ListItem","@id":"https:\/\/candas365.es\/noticias#listItem","position":1,"name":"Home","item":"https:\/\/candas365.es\/noticias","nextItem":{"@type":"ListItem","@id":"https:\/\/candas365.es\/noticias\/category\/agenda\/#listItem","name":"Agenda"}},{"@type":"ListItem","@id":"https:\/\/candas365.es\/noticias\/category\/agenda\/#listItem","position":2,"name":"Agenda","item":"https:\/\/candas365.es\/noticias\/category\/agenda\/","nextItem":{"@type":"ListItem","@id":"https:\/\/candas365.es\/noticias\/tercera-sesion-del-ciclo-de-cine-el-ciclo-ciclante\/#listItem","name":"Tercera sesi\u00f3n del ciclo de cine \u00abEl Ciclo Ciclante\u00bb"},"previousItem":{"@type":"ListItem","@id":"https:\/\/candas365.es\/noticias#listItem","name":"Home"}},{"@type":"ListItem","@id":"https:\/\/candas365.es\/noticias\/tercera-sesion-del-ciclo-de-cine-el-ciclo-ciclante\/#listItem","position":3,"name":"Tercera sesi\u00f3n del ciclo de cine \u00abEl Ciclo Ciclante\u00bb","previousItem":{"@type":"ListItem","@id":"https:\/\/candas365.es\/noticias\/category\/agenda\/#listItem","name":"Agenda"}}]},{"@type":"NewsArticle","@id":"https:\/\/candas365.es\/noticias\/tercera-sesion-del-ciclo-de-cine-el-ciclo-ciclante\/#newsarticle","name":"Tercera sesi\u00f3n del ciclo de cine \u00abEl Ciclo Ciclante\u00bb | Cand\u00e1s 365","headline":"Tercera sesi\u00f3n del ciclo de cine \u00abEl Ciclo Ciclante\u00bb","author":{"@id":"https:\/\/candas365.es\/noticias\/author\/admin\/#author"},"publisher":{"@id":"https:\/\/candas365.es\/noticias\/#organization"},"image":{"@type":"ImageObject","url":"https:\/\/candas365.es\/noticias\/wp-content\/uploads\/2018\/04\/jour-de-fete.jpg","width":448,"height":252},"datePublished":"2018-04-17T14:54:12+02:00","dateModified":"2018-04-17T14:54:12+02:00","inLanguage":"es-ES","mainEntityOfPage":{"@id":"https:\/\/candas365.es\/noticias\/tercera-sesion-del-ciclo-de-cine-el-ciclo-ciclante\/#webpage"},"isPartOf":{"@id":"https:\/\/candas365.es\/noticias\/tercera-sesion-del-ciclo-de-cine-el-ciclo-ciclante\/#webpage"},"articleSection":"Agenda","dateline":"Publicado el abril 17, 2018."},{"@type":"Organization","@id":"https:\/\/candas365.es\/noticias\/#organization","name":"Cand\u00e1s 365","description":"Cand\u00e1s 365 es un diario digital independiente, fundado en 2012, con base en Asturias. Informamos con rigor sobre actualidad, sociedad, cultura y ocio, con una mirada local y global.","url":"https:\/\/candas365.es\/noticias\/","email":"info@candas365.es","telephone":"+34652131393","foundingDate":"2012-06-10","logo":{"@type":"ImageObject","url":"https:\/\/candas365.es\/noticias\/wp-content\/uploads\/2024\/09\/Candas-365-Redes.jpg","@id":"https:\/\/candas365.es\/noticias\/tercera-sesion-del-ciclo-de-cine-el-ciclo-ciclante\/#organizationLogo","width":1152,"height":864,"caption":"Cand\u00e1s 365 Redes"},"image":{"@id":"https:\/\/candas365.es\/noticias\/tercera-sesion-del-ciclo-de-cine-el-ciclo-ciclante\/#organizationLogo"},"sameAs":["https:\/\/www.facebook.com\/Nachofdezber","https:\/\/x.com\/NabercoDigital","https:\/\/www.instagram.com\/nachofdezber\/","https:\/\/www.youtube.com\/channel\/UCZP-2wLEB9Rv6erhFmqVnvg"],"address":{"@id":"https:\/\/candas365.es\/noticias\/#postaladdress","@type":"PostalAddress","streetAddress":"san antonio 4, san antonio 4","postalCode":"33430","addressLocality":"Cand\u00e1s","addressRegion":"Asturias","addressCountry":"ES"}},{"@type":"Person","@id":"https:\/\/candas365.es\/noticias\/author\/admin\/#author","url":"https:\/\/candas365.es\/noticias\/author\/admin\/","name":"Cand\u00e1s 365","image":{"@type":"ImageObject","@id":"https:\/\/candas365.es\/noticias\/tercera-sesion-del-ciclo-de-cine-el-ciclo-ciclante\/#authorImage","url":"https:\/\/secure.gravatar.com\/avatar\/496a8e03d0c493ede1718b7934145dbdf8d89be1036b0eec9544e1094c9de390?s=96&d=mm&r=g","width":96,"height":96,"caption":"Cand\u00e1s 365"},"sameAs":["https:\/\/www.facebook.com\/carrenoactualidad","https:\/\/twitter.com\/nbasturias","https:\/\/www.instagram.com\/nachofdezber\/","https:\/\/www.youtube.com\/channel\/UCZP-2wLEB9Rv6erhFmqVnvg"]},{"@type":"WebPage","@id":"https:\/\/candas365.es\/noticias\/tercera-sesion-del-ciclo-de-cine-el-ciclo-ciclante\/#webpage","url":"https:\/\/candas365.es\/noticias\/tercera-sesion-del-ciclo-de-cine-el-ciclo-ciclante\/","name":"Tercera sesi\u00f3n del ciclo de cine \u00abEl Ciclo Ciclante\u00bb | Cand\u00e1s 365","description":"30 D\u00edas en Bici organiza ma\u00f1ana, mi\u00e9rcoles, la tercera sesi\u00f3n del ciclo de cine El Ciclo Ciclante, en la que se proyectar\u00e1 un cl\u00e1sico de Jacques Tati: la pel\u00edcula \u2018Jour de f\u00eate\u2019, que fue estrenada en 1949 y que cuenta la historia de un cartero que era feliz entregando la correspondencia en bicicleta en un","inLanguage":"es-ES","isPartOf":{"@id":"https:\/\/candas365.es\/noticias\/#website"},"breadcrumb":{"@id":"https:\/\/candas365.es\/noticias\/tercera-sesion-del-ciclo-de-cine-el-ciclo-ciclante\/#breadcrumblist"},"author":{"@id":"https:\/\/candas365.es\/noticias\/author\/admin\/#author"},"creator":{"@id":"https:\/\/candas365.es\/noticias\/author\/admin\/#author"},"image":{"@type":"ImageObject","url":"https:\/\/candas365.es\/noticias\/wp-content\/uploads\/2018\/04\/jour-de-fete.jpg","@id":"https:\/\/candas365.es\/noticias\/tercera-sesion-del-ciclo-de-cine-el-ciclo-ciclante\/#mainImage","width":448,"height":252},"primaryImageOfPage":{"@id":"https:\/\/candas365.es\/noticias\/tercera-sesion-del-ciclo-de-cine-el-ciclo-ciclante\/#mainImage"},"datePublished":"2018-04-17T14:54:12+02:00","dateModified":"2018-04-17T14:54:12+02:00"},{"@type":"WebSite","@id":"https:\/\/candas365.es\/noticias\/#website","url":"https:\/\/candas365.es\/noticias\/","name":"Cand\u00e1s 365","alternateName":"Cand\u00e1s 365 Noticias","description":"Actualidad desde Carre\u00f1o para el mundo","inLanguage":"es-ES","publisher":{"@id":"https:\/\/candas365.es\/noticias\/#organization"}}]},"og:locale":"es_ES","og:site_name":"Cand\u00e1s 365","og:type":"article","og:title":"Tercera sesi\u00f3n del ciclo de cine \u00abEl Ciclo Ciclante\u00bb | Cand\u00e1s 365","og:description":"30 D\u00edas en Bici organiza ma\u00f1ana, mi\u00e9rcoles, la tercera sesi\u00f3n del ciclo de cine El Ciclo Ciclante, en la que se proyectar\u00e1 un cl\u00e1sico de Jacques Tati: la pel\u00edcula \u2018Jour de f\u00eate\u2019, que fue estrenada en 1949 y que cuenta la historia de un cartero que era feliz entregando la correspondencia en bicicleta en un","og:url":"https:\/\/candas365.es\/noticias\/tercera-sesion-del-ciclo-de-cine-el-ciclo-ciclante\/","og:image":"https:\/\/candas365.es\/noticias\/wp-content\/uploads\/2018\/04\/jour-de-fete.jpg","og:image:secure_url":"https:\/\/candas365.es\/noticias\/wp-content\/uploads\/2018\/04\/jour-de-fete.jpg","og:image:width":448,"og:image:height":252,"article:published_time":"2018-04-17T14:54:12+00:00","article:modified_time":"2018-04-17T14:54:12+00:00","article:publisher":"https:\/\/www.facebook.com\/Nachofdezber","article:author":"https:\/\/www.facebook.com\/carrenoactualidad","twitter:card":"summary_large_image","twitter:site":"@NabercoDigital","twitter:title":"Tercera sesi\u00f3n del ciclo de cine \u00abEl Ciclo Ciclante\u00bb | Cand\u00e1s 365","twitter:description":"30 D\u00edas en Bici organiza ma\u00f1ana, mi\u00e9rcoles, la tercera sesi\u00f3n del ciclo de cine El Ciclo Ciclante, en la que se proyectar\u00e1 un cl\u00e1sico de Jacques Tati: la pel\u00edcula \u2018Jour de f\u00eate\u2019, que fue estrenada en 1949 y que cuenta la historia de un cartero que era feliz entregando la correspondencia en bicicleta en un","twitter:creator":"@nbasturias","twitter:image":"https:\/\/candas365.es\/noticias\/wp-content\/uploads\/2018\/04\/jour-de-fete.jpg","twitter:label1":"Escrito por","twitter:data1":"Cand\u00e1s 365","twitter:label2":"Tiempo de lectura estimado","twitter:data2":"1 minuto"},"aioseo_meta_data":{"post_id":"93982","title":null,"description":null,"keywords":null,"keyphrases":null,"primary_term":null,"canonical_url":null,"og_title":null,"og_description":null,"og_object_type":"default","og_image_type":"default","og_image_url":null,"og_image_width":null,"og_image_height":null,"og_image_custom_url":null,"og_image_custom_fields":null,"og_video":null,"og_custom_url":null,"og_article_section":null,"og_article_tags":null,"twitter_use_og":false,"twitter_card":"default","twitter_image_type":"default","twitter_image_url":null,"twitter_image_custom_url":null,"twitter_image_custom_fields":null,"twitter_title":null,"twitter_description":null,"schema":{"blockGraphs":[],"customGraphs":[],"default":{"data":{"Article":[],"Course":[],"Dataset":[],"FAQPage":[],"Movie":[],"Person":[],"Product":[],"ProductReview":[],"Car":[],"Recipe":[],"Service":[],"SoftwareApplication":[],"WebPage":[]},"graphName":"","isEnabled":true},"graphs":[],"defaultGraph":"","defaultPostTypeGraph":""},"schema_type":null,"schema_type_options":null,"pillar_content":false,"robots_default":true,"robots_noindex":false,"robots_noarchive":false,"robots_nosnippet":false,"robots_nofollow":false,"robots_noimageindex":false,"robots_noodp":false,"robots_notranslate":false,"robots_max_snippet":null,"robots_max_videopreview":null,"robots_max_imagepreview":"large","priority":null,"frequency":null,"location":null,"local_seo":null,"seo_analyzer_scan_date":"2025-08-26 18:28:10","breadcrumb_settings":null,"limit_modified_date":false,"reviewed_by":null,"open_ai":null,"ai":null,"created":"2020-12-21 11:53:24","updated":"2025-08-26 18:28:10"},"aioseo_breadcrumb":"<div class=\"aioseo-breadcrumbs\"><span class=\"aioseo-breadcrumb\">\n\t<a href=\"https:\/\/candas365.es\/noticias\" title=\"Home\">Home<\/a>\n<\/span><span class=\"aioseo-breadcrumb-separator\">&ndash;<\/span><span class=\"aioseo-breadcrumb\">\n\t<a href=\"https:\/\/candas365.es\/noticias\/category\/agenda\/\" title=\"Agenda\">Agenda<\/a>\n<\/span><span class=\"aioseo-breadcrumb-separator\">&ndash;<\/span><span class=\"aioseo-breadcrumb\">\n\tTercera sesi\u00f3n del ciclo de cine \u00abEl Ciclo Ciclante\u00bb\n<\/span><\/div>","aioseo_breadcrumb_json":[{"label":"Home","link":"https:\/\/candas365.es\/noticias"},{"label":"Agenda","link":"https:\/\/candas365.es\/noticias\/category\/agenda\/"},{"label":"Tercera sesi\u00f3n del ciclo de cine \u00abEl Ciclo Ciclante\u00bb","link":"https:\/\/candas365.es\/noticias\/tercera-sesion-del-ciclo-de-cine-el-ciclo-ciclante\/"}],"_links":{"self":[{"href":"https:\/\/candas365.es\/noticias\/wp-json\/wp\/v2\/posts\/93982","targetHints":{"allow":["GET"]}}],"collection":[{"href":"https:\/\/candas365.es\/noticias\/wp-json\/wp\/v2\/posts"}],"about":[{"href":"https:\/\/candas365.es\/noticias\/wp-json\/wp\/v2\/types\/post"}],"author":[{"embeddable":true,"href":"https:\/\/candas365.es\/noticias\/wp-json\/wp\/v2\/users\/1"}],"replies":[{"embeddable":true,"href":"https:\/\/candas365.es\/noticias\/wp-json\/wp\/v2\/comments?post=93982"}],"version-history":[{"count":0,"href":"https:\/\/candas365.es\/noticias\/wp-json\/wp\/v2\/posts\/93982\/revisions"}],"wp:featuredmedia":[{"embeddable":true,"href":"https:\/\/candas365.es\/noticias\/wp-json\/wp\/v2\/media\/93983"}],"wp:attachment":[{"href":"https:\/\/candas365.es\/noticias\/wp-json\/wp\/v2\/media?parent=93982"}],"wp:term":[{"taxonomy":"category","embeddable":true,"href":"https:\/\/candas365.es\/noticias\/wp-json\/wp\/v2\/categories?post=93982"},{"taxonomy":"post_tag","embeddable":true,"href":"https:\/\/candas365.es\/noticias\/wp-json\/wp\/v2\/tags?post=93982"}],"curies":[{"name":"wp","href":"https:\/\/api.w.org\/{rel}","templated":true}]}}