{"id":93801,"date":"2018-04-14T21:14:24","date_gmt":"2018-04-14T21:14:24","guid":{"rendered":"http:\/\/candas365.es\/noticias\/?p=93801"},"modified":"2018-04-14T21:14:24","modified_gmt":"2018-04-14T21:14:24","slug":"nueva-jornada-de-la-xiii-ronda-de-teatro-por-carreno","status":"publish","type":"post","link":"https:\/\/candas365.es\/noticias\/nueva-jornada-de-la-xiii-ronda-de-teatro-por-carreno\/","title":{"rendered":"Nueva jornada de la XIII Ronda de Teatro por Carre\u00f1o"},"content":{"rendered":"<p><img fetchpriority=\"high\" decoding=\"async\" class=\"alignleft size-medium wp-image-93802\" src=\"https:\/\/candas365.es\/noticias\/wp-content\/uploads\/2018\/04\/IMG_6490-360x270.jpg\" alt=\"\" width=\"360\" height=\"270\" srcset=\"https:\/\/candas365.es\/noticias\/wp-content\/uploads\/2018\/04\/IMG_6490-360x270.jpg 360w, https:\/\/candas365.es\/noticias\/wp-content\/uploads\/2018\/04\/IMG_6490-80x60.jpg 80w, https:\/\/candas365.es\/noticias\/wp-content\/uploads\/2018\/04\/IMG_6490-265x198.jpg 265w, https:\/\/candas365.es\/noticias\/wp-content\/uploads\/2018\/04\/IMG_6490-560x420.jpg 560w, https:\/\/candas365.es\/noticias\/wp-content\/uploads\/2018\/04\/IMG_6490.jpg 640w, https:\/\/candas365.es\/noticias\/wp-content\/uploads\/2018\/04\/IMG_6490-90x67.jpg 90w\" sizes=\"(max-width: 360px) 100vw, 360px\" \/>Esta tarde, en la parroquia de Prevera, se levant\u00f3 el tel\u00f3n para recibir una nueva jornada de la XIII Ronda de Teatro por Carre\u00f1o. En esta ocasi\u00f3n la funci\u00f3n se celebr\u00f3 en el Centro de Iniciativa Rural a las 19:00 horas.<\/p>\n<p>Las actuaciones programadas fueron la de el Grupo de Teatro \u201cLa Farola de Xix\u00f3n\u201d que represent\u00f3 la obra \u201cLa Maxa de la Primera Vez\u201d, mientras Luc\u00eda Rodr\u00edguez y Sergio M\u00e9ndez hicieron vibrar al p\u00fablico con sus voces y con la tonada.<\/p>\n<p>El Grupo de Teatro \u201cLa Farola de Xix\u00f3n\u201d, bajo la direcci\u00f3n de Christian Arg\u00fcelles, representaron una obra del dramaturgo asturiano Jos\u00e9 Ram\u00f3n Oliva, \u201c La Maxa de la Primera Vez\u201d. La primera vez siempre tiene su magia, pero con una buena dosis de humor, un poco de intriga y de picard\u00eda y mucha complicidad con el p\u00fablico, el \u201cGrupo\u201d tiene la receta m\u00e1gica para hacer disfrutar al auditorio.<\/p>\n<p>En la primavera del 2016, Chema Puerto, Christian Arg\u00fcelles y Jos\u00e9 F. Mayo plantean crear un grupo de teatro costumbrista asturiano. Los tres son actores consagrados en el panorama art\u00edstico asturiano, llevando muchos a\u00f1os por los escenarios de Asturias con otros grupos. Su objetivo era, a parte del disfrute personal, es colaborar con el mantenimiento y la difusi\u00f3n de algo tan tradicional y tan de nuestra tierra. Con esta motivaci\u00f3n surge en la escena asturiana el Grupo de Teatro \u201cLa Farola de Xix\u00f3n\u201d.<\/p>\n<p>Adem\u00e1s de teatro no falt\u00f3 la tonada. Luc\u00eda Rodr\u00edguez y Sergio M\u00e9ndez, son dos adolescentes de Cangas de Narcea, que bajo la direcci\u00f3n de su profesor Jos\u00e9 Antonio Gonz\u00e1lez \u201cEl Cantu la Vara\u201d son j\u00f3venes promesas de la Canci\u00f3n Asturiana. Han participado en los cert\u00e1menes y festivales que se celebran por toda Asturias en la categor\u00eda de menores de 18 o 16 a\u00f1os. Cosechando grandes ovaciones y aplausos. As\u00ed Luc\u00eda se alz\u00f3 con el primer puesto en la categor\u00eda de menores de 16 a\u00f1os en el XXXVII Concurso de la Canci\u00f3n Asturiana celebrado el verano pasado en Gij\u00f3n.<\/p>\n<p>Tanto Luc\u00eda como Sergio pertenecen a la Asociaci\u00f3n Cultural Narcea. Y estar\u00e1n acompa\u00f1ados a la gaita por el gaitero Ant\u00f3n Medina.<\/p>\n","protected":false},"excerpt":{"rendered":"<p>Esta tarde, en la parroquia de Prevera, se levant\u00f3 el tel\u00f3n para recibir una nueva jornada de la XIII Ronda de Teatro por Carre\u00f1o. En esta ocasi\u00f3n la funci\u00f3n se celebr\u00f3 en el Centro de Iniciativa Rural a las 19:00 horas. Las actuaciones programadas fueron la de el Grupo de Teatro \u201cLa Farola de Xix\u00f3n\u201d<\/p>\n","protected":false},"author":1,"featured_media":93802,"comment_status":"closed","ping_status":"closed","sticky":false,"template":"","format":"standard","meta":{"footnotes":""},"categories":[2],"tags":[],"class_list":{"0":"post-93801","1":"post","2":"type-post","3":"status-publish","4":"format-standard","5":"has-post-thumbnail","7":"category-noticias-carreno"},"aioseo_notices":[],"aioseo_head":"\n\t\t<!-- All in One SEO Pro 4.9.6.2 - aioseo.com -->\n\t<meta name=\"description\" content=\"Esta tarde, en la parroquia de Prevera, se levant\u00f3 el tel\u00f3n para recibir una nueva jornada de la XIII Ronda de Teatro por Carre\u00f1o. En esta ocasi\u00f3n la funci\u00f3n se celebr\u00f3 en el Centro de Iniciativa Rural a las 19:00 horas. Las actuaciones programadas fueron la de el Grupo de Teatro \u201cLa Farola de Xix\u00f3n\u201d\" \/>\n\t<meta name=\"robots\" content=\"max-image-preview:large\" \/>\n\t<meta name=\"author\" content=\"Cand\u00e1s 365\"\/>\n\t<meta name=\"google-site-verification\" content=\"UA-32230408-1\" \/>\n\t<meta name=\"msvalidate.01\" content=\"354F3CDFB2DA171B47FBE9ABF1F88D5\" \/>\n\t<meta name=\"keywords\" content=\"noticias carre\u00f1o\" \/>\n\t<link rel=\"canonical\" href=\"https:\/\/candas365.es\/noticias\/nueva-jornada-de-la-xiii-ronda-de-teatro-por-carreno\/\" \/>\n\t<meta name=\"generator\" content=\"All in One SEO Pro (AIOSEO) 4.9.6.2\" \/>\n\t\t<meta property=\"og:locale\" content=\"es_ES\" \/>\n\t\t<meta property=\"og:site_name\" content=\"Cand\u00e1s 365\" \/>\n\t\t<meta property=\"og:type\" content=\"article\" \/>\n\t\t<meta property=\"og:title\" content=\"Nueva jornada de la XIII Ronda de Teatro por Carre\u00f1o | Cand\u00e1s 365\" \/>\n\t\t<meta property=\"og:description\" content=\"Esta tarde, en la parroquia de Prevera, se levant\u00f3 el tel\u00f3n para recibir una nueva jornada de la XIII Ronda de Teatro por Carre\u00f1o. En esta ocasi\u00f3n la funci\u00f3n se celebr\u00f3 en el Centro de Iniciativa Rural a las 19:00 horas. Las actuaciones programadas fueron la de el Grupo de Teatro \u201cLa Farola de Xix\u00f3n\u201d\" \/>\n\t\t<meta property=\"og:url\" content=\"https:\/\/candas365.es\/noticias\/nueva-jornada-de-la-xiii-ronda-de-teatro-por-carreno\/\" \/>\n\t\t<meta property=\"og:image\" content=\"https:\/\/candas365.es\/noticias\/wp-content\/uploads\/2018\/04\/IMG_6490.jpg\" \/>\n\t\t<meta property=\"og:image:secure_url\" content=\"https:\/\/candas365.es\/noticias\/wp-content\/uploads\/2018\/04\/IMG_6490.jpg\" \/>\n\t\t<meta property=\"og:image:width\" content=\"640\" \/>\n\t\t<meta property=\"og:image:height\" content=\"480\" \/>\n\t\t<meta property=\"article:published_time\" content=\"2018-04-14T21:14:24+00:00\" \/>\n\t\t<meta property=\"article:modified_time\" content=\"2018-04-14T21:14:24+00:00\" \/>\n\t\t<meta property=\"article:publisher\" content=\"https:\/\/www.facebook.com\/Nachofdezber\" \/>\n\t\t<meta property=\"article:author\" content=\"https:\/\/www.facebook.com\/carrenoactualidad\" \/>\n\t\t<meta name=\"twitter:card\" content=\"summary_large_image\" \/>\n\t\t<meta name=\"twitter:site\" content=\"@NabercoDigital\" \/>\n\t\t<meta name=\"twitter:title\" content=\"Nueva jornada de la XIII Ronda de Teatro por Carre\u00f1o | Cand\u00e1s 365\" \/>\n\t\t<meta name=\"twitter:description\" content=\"Esta tarde, en la parroquia de Prevera, se levant\u00f3 el tel\u00f3n para recibir una nueva jornada de la XIII Ronda de Teatro por Carre\u00f1o. En esta ocasi\u00f3n la funci\u00f3n se celebr\u00f3 en el Centro de Iniciativa Rural a las 19:00 horas. Las actuaciones programadas fueron la de el Grupo de Teatro \u201cLa Farola de Xix\u00f3n\u201d\" \/>\n\t\t<meta name=\"twitter:creator\" content=\"@nbasturias\" \/>\n\t\t<meta name=\"twitter:image\" content=\"https:\/\/candas365.es\/noticias\/wp-content\/uploads\/2018\/04\/IMG_6490.jpg\" \/>\n\t\t<meta name=\"twitter:label1\" content=\"Escrito por\" \/>\n\t\t<meta name=\"twitter:data1\" content=\"Cand\u00e1s 365\" \/>\n\t\t<meta name=\"twitter:label2\" content=\"Tiempo de lectura estimado\" \/>\n\t\t<meta name=\"twitter:data2\" content=\"2 minutos\" \/>\n\t\t<script type=\"application\/ld+json\" class=\"aioseo-schema\">\n\t\t\t{\"@context\":\"https:\\\/\\\/schema.org\",\"@graph\":[{\"@type\":\"BreadcrumbList\",\"@id\":\"https:\\\/\\\/candas365.es\\\/noticias\\\/nueva-jornada-de-la-xiii-ronda-de-teatro-por-carreno\\\/#breadcrumblist\",\"itemListElement\":[{\"@type\":\"ListItem\",\"@id\":\"https:\\\/\\\/candas365.es\\\/noticias#listItem\",\"position\":1,\"name\":\"Home\",\"item\":\"https:\\\/\\\/candas365.es\\\/noticias\",\"nextItem\":{\"@type\":\"ListItem\",\"@id\":\"https:\\\/\\\/candas365.es\\\/noticias\\\/category\\\/noticias-carreno\\\/#listItem\",\"name\":\"Noticias Carre\\u00f1o\"}},{\"@type\":\"ListItem\",\"@id\":\"https:\\\/\\\/candas365.es\\\/noticias\\\/category\\\/noticias-carreno\\\/#listItem\",\"position\":2,\"name\":\"Noticias Carre\\u00f1o\",\"item\":\"https:\\\/\\\/candas365.es\\\/noticias\\\/category\\\/noticias-carreno\\\/\",\"nextItem\":{\"@type\":\"ListItem\",\"@id\":\"https:\\\/\\\/candas365.es\\\/noticias\\\/nueva-jornada-de-la-xiii-ronda-de-teatro-por-carreno\\\/#listItem\",\"name\":\"Nueva jornada de la XIII Ronda de Teatro por Carre\\u00f1o\"},\"previousItem\":{\"@type\":\"ListItem\",\"@id\":\"https:\\\/\\\/candas365.es\\\/noticias#listItem\",\"name\":\"Home\"}},{\"@type\":\"ListItem\",\"@id\":\"https:\\\/\\\/candas365.es\\\/noticias\\\/nueva-jornada-de-la-xiii-ronda-de-teatro-por-carreno\\\/#listItem\",\"position\":3,\"name\":\"Nueva jornada de la XIII Ronda de Teatro por Carre\\u00f1o\",\"previousItem\":{\"@type\":\"ListItem\",\"@id\":\"https:\\\/\\\/candas365.es\\\/noticias\\\/category\\\/noticias-carreno\\\/#listItem\",\"name\":\"Noticias Carre\\u00f1o\"}}]},{\"@type\":\"NewsArticle\",\"@id\":\"https:\\\/\\\/candas365.es\\\/noticias\\\/nueva-jornada-de-la-xiii-ronda-de-teatro-por-carreno\\\/#newsarticle\",\"name\":\"Nueva jornada de la XIII Ronda de Teatro por Carre\\u00f1o | Cand\\u00e1s 365\",\"headline\":\"Nueva jornada de la XIII Ronda de Teatro por Carre\\u00f1o\",\"author\":{\"@id\":\"https:\\\/\\\/candas365.es\\\/noticias\\\/author\\\/admin\\\/#author\"},\"publisher\":{\"@id\":\"https:\\\/\\\/candas365.es\\\/noticias\\\/#organization\"},\"image\":{\"@type\":\"ImageObject\",\"url\":\"https:\\\/\\\/candas365.es\\\/noticias\\\/wp-content\\\/uploads\\\/2018\\\/04\\\/IMG_6490.jpg\",\"width\":640,\"height\":480},\"datePublished\":\"2018-04-14T21:14:24+02:00\",\"dateModified\":\"2018-04-14T21:14:24+02:00\",\"inLanguage\":\"es-ES\",\"mainEntityOfPage\":{\"@id\":\"https:\\\/\\\/candas365.es\\\/noticias\\\/nueva-jornada-de-la-xiii-ronda-de-teatro-por-carreno\\\/#webpage\"},\"isPartOf\":{\"@id\":\"https:\\\/\\\/candas365.es\\\/noticias\\\/nueva-jornada-de-la-xiii-ronda-de-teatro-por-carreno\\\/#webpage\"},\"articleSection\":\"Noticias Carre\\u00f1o\",\"dateline\":\"Publicado el abril 14, 2018.\"},{\"@type\":\"Organization\",\"@id\":\"https:\\\/\\\/candas365.es\\\/noticias\\\/#organization\",\"name\":\"Cand\\u00e1s 365\",\"description\":\"Cand\\u00e1s 365 es un diario digital independiente, fundado en 2012, con base en Asturias. Informamos con rigor sobre actualidad, sociedad, cultura y ocio, con una mirada local y global.\",\"url\":\"https:\\\/\\\/candas365.es\\\/noticias\\\/\",\"email\":\"info@candas365.es\",\"telephone\":\"+34652131393\",\"foundingDate\":\"2012-06-10\",\"logo\":{\"@type\":\"ImageObject\",\"url\":\"https:\\\/\\\/candas365.es\\\/noticias\\\/wp-content\\\/uploads\\\/2024\\\/09\\\/Candas-365-Redes.jpg\",\"@id\":\"https:\\\/\\\/candas365.es\\\/noticias\\\/nueva-jornada-de-la-xiii-ronda-de-teatro-por-carreno\\\/#organizationLogo\",\"width\":1152,\"height\":864,\"caption\":\"Cand\\u00e1s 365 Redes\"},\"image\":{\"@id\":\"https:\\\/\\\/candas365.es\\\/noticias\\\/nueva-jornada-de-la-xiii-ronda-de-teatro-por-carreno\\\/#organizationLogo\"},\"sameAs\":[\"https:\\\/\\\/www.facebook.com\\\/Nachofdezber\",\"https:\\\/\\\/x.com\\\/NabercoDigital\",\"https:\\\/\\\/www.instagram.com\\\/nachofdezber\\\/\",\"https:\\\/\\\/www.youtube.com\\\/channel\\\/UCZP-2wLEB9Rv6erhFmqVnvg\"],\"address\":{\"@id\":\"https:\\\/\\\/candas365.es\\\/noticias\\\/#postaladdress\",\"@type\":\"PostalAddress\",\"streetAddress\":\"san antonio 4, san antonio 4\",\"postalCode\":\"33430\",\"addressLocality\":\"Cand\\u00e1s\",\"addressRegion\":\"Asturias\",\"addressCountry\":\"ES\"}},{\"@type\":\"Person\",\"@id\":\"https:\\\/\\\/candas365.es\\\/noticias\\\/author\\\/admin\\\/#author\",\"url\":\"https:\\\/\\\/candas365.es\\\/noticias\\\/author\\\/admin\\\/\",\"name\":\"Cand\\u00e1s 365\",\"image\":{\"@type\":\"ImageObject\",\"@id\":\"https:\\\/\\\/candas365.es\\\/noticias\\\/nueva-jornada-de-la-xiii-ronda-de-teatro-por-carreno\\\/#authorImage\",\"url\":\"https:\\\/\\\/secure.gravatar.com\\\/avatar\\\/496a8e03d0c493ede1718b7934145dbdf8d89be1036b0eec9544e1094c9de390?s=96&d=mm&r=g\",\"width\":96,\"height\":96,\"caption\":\"Cand\\u00e1s 365\"},\"sameAs\":[\"https:\\\/\\\/www.facebook.com\\\/carrenoactualidad\",\"https:\\\/\\\/twitter.com\\\/nbasturias\",\"https:\\\/\\\/www.instagram.com\\\/nachofdezber\\\/\",\"https:\\\/\\\/www.youtube.com\\\/channel\\\/UCZP-2wLEB9Rv6erhFmqVnvg\"]},{\"@type\":\"WebPage\",\"@id\":\"https:\\\/\\\/candas365.es\\\/noticias\\\/nueva-jornada-de-la-xiii-ronda-de-teatro-por-carreno\\\/#webpage\",\"url\":\"https:\\\/\\\/candas365.es\\\/noticias\\\/nueva-jornada-de-la-xiii-ronda-de-teatro-por-carreno\\\/\",\"name\":\"Nueva jornada de la XIII Ronda de Teatro por Carre\\u00f1o | Cand\\u00e1s 365\",\"description\":\"Esta tarde, en la parroquia de Prevera, se levant\\u00f3 el tel\\u00f3n para recibir una nueva jornada de la XIII Ronda de Teatro por Carre\\u00f1o. En esta ocasi\\u00f3n la funci\\u00f3n se celebr\\u00f3 en el Centro de Iniciativa Rural a las 19:00 horas. Las actuaciones programadas fueron la de el Grupo de Teatro \\u201cLa Farola de Xix\\u00f3n\\u201d\",\"inLanguage\":\"es-ES\",\"isPartOf\":{\"@id\":\"https:\\\/\\\/candas365.es\\\/noticias\\\/#website\"},\"breadcrumb\":{\"@id\":\"https:\\\/\\\/candas365.es\\\/noticias\\\/nueva-jornada-de-la-xiii-ronda-de-teatro-por-carreno\\\/#breadcrumblist\"},\"author\":{\"@id\":\"https:\\\/\\\/candas365.es\\\/noticias\\\/author\\\/admin\\\/#author\"},\"creator\":{\"@id\":\"https:\\\/\\\/candas365.es\\\/noticias\\\/author\\\/admin\\\/#author\"},\"image\":{\"@type\":\"ImageObject\",\"url\":\"https:\\\/\\\/candas365.es\\\/noticias\\\/wp-content\\\/uploads\\\/2018\\\/04\\\/IMG_6490.jpg\",\"@id\":\"https:\\\/\\\/candas365.es\\\/noticias\\\/nueva-jornada-de-la-xiii-ronda-de-teatro-por-carreno\\\/#mainImage\",\"width\":640,\"height\":480},\"primaryImageOfPage\":{\"@id\":\"https:\\\/\\\/candas365.es\\\/noticias\\\/nueva-jornada-de-la-xiii-ronda-de-teatro-por-carreno\\\/#mainImage\"},\"datePublished\":\"2018-04-14T21:14:24+02:00\",\"dateModified\":\"2018-04-14T21:14:24+02:00\"},{\"@type\":\"WebSite\",\"@id\":\"https:\\\/\\\/candas365.es\\\/noticias\\\/#website\",\"url\":\"https:\\\/\\\/candas365.es\\\/noticias\\\/\",\"name\":\"Cand\\u00e1s 365\",\"alternateName\":\"Cand\\u00e1s 365 Noticias\",\"description\":\"Actualidad desde Carre\\u00f1o para el mundo\",\"inLanguage\":\"es-ES\",\"publisher\":{\"@id\":\"https:\\\/\\\/candas365.es\\\/noticias\\\/#organization\"}}]}\n\t\t<\/script>\n\t\t<!-- All in One SEO Pro -->\r\n\t\t<title>Nueva jornada de la XIII Ronda de Teatro por Carre\u00f1o | Cand\u00e1s 365<\/title>\n\n","aioseo_head_json":{"title":"Nueva jornada de la XIII Ronda de Teatro por Carre\u00f1o | Cand\u00e1s 365","description":"Esta tarde, en la parroquia de Prevera, se levant\u00f3 el tel\u00f3n para recibir una nueva jornada de la XIII Ronda de Teatro por Carre\u00f1o. En esta ocasi\u00f3n la funci\u00f3n se celebr\u00f3 en el Centro de Iniciativa Rural a las 19:00 horas. Las actuaciones programadas fueron la de el Grupo de Teatro \u201cLa Farola de Xix\u00f3n\u201d","canonical_url":"https:\/\/candas365.es\/noticias\/nueva-jornada-de-la-xiii-ronda-de-teatro-por-carreno\/","robots":"max-image-preview:large","keywords":"noticias carre\u00f1o","webmasterTools":{"google-site-verification":"UA-32230408-1","msvalidate.01":"354F3CDFB2DA171B47FBE9ABF1F88D5","miscellaneous":""},"schema":{"@context":"https:\/\/schema.org","@graph":[{"@type":"BreadcrumbList","@id":"https:\/\/candas365.es\/noticias\/nueva-jornada-de-la-xiii-ronda-de-teatro-por-carreno\/#breadcrumblist","itemListElement":[{"@type":"ListItem","@id":"https:\/\/candas365.es\/noticias#listItem","position":1,"name":"Home","item":"https:\/\/candas365.es\/noticias","nextItem":{"@type":"ListItem","@id":"https:\/\/candas365.es\/noticias\/category\/noticias-carreno\/#listItem","name":"Noticias Carre\u00f1o"}},{"@type":"ListItem","@id":"https:\/\/candas365.es\/noticias\/category\/noticias-carreno\/#listItem","position":2,"name":"Noticias Carre\u00f1o","item":"https:\/\/candas365.es\/noticias\/category\/noticias-carreno\/","nextItem":{"@type":"ListItem","@id":"https:\/\/candas365.es\/noticias\/nueva-jornada-de-la-xiii-ronda-de-teatro-por-carreno\/#listItem","name":"Nueva jornada de la XIII Ronda de Teatro por Carre\u00f1o"},"previousItem":{"@type":"ListItem","@id":"https:\/\/candas365.es\/noticias#listItem","name":"Home"}},{"@type":"ListItem","@id":"https:\/\/candas365.es\/noticias\/nueva-jornada-de-la-xiii-ronda-de-teatro-por-carreno\/#listItem","position":3,"name":"Nueva jornada de la XIII Ronda de Teatro por Carre\u00f1o","previousItem":{"@type":"ListItem","@id":"https:\/\/candas365.es\/noticias\/category\/noticias-carreno\/#listItem","name":"Noticias Carre\u00f1o"}}]},{"@type":"NewsArticle","@id":"https:\/\/candas365.es\/noticias\/nueva-jornada-de-la-xiii-ronda-de-teatro-por-carreno\/#newsarticle","name":"Nueva jornada de la XIII Ronda de Teatro por Carre\u00f1o | Cand\u00e1s 365","headline":"Nueva jornada de la XIII Ronda de Teatro por Carre\u00f1o","author":{"@id":"https:\/\/candas365.es\/noticias\/author\/admin\/#author"},"publisher":{"@id":"https:\/\/candas365.es\/noticias\/#organization"},"image":{"@type":"ImageObject","url":"https:\/\/candas365.es\/noticias\/wp-content\/uploads\/2018\/04\/IMG_6490.jpg","width":640,"height":480},"datePublished":"2018-04-14T21:14:24+02:00","dateModified":"2018-04-14T21:14:24+02:00","inLanguage":"es-ES","mainEntityOfPage":{"@id":"https:\/\/candas365.es\/noticias\/nueva-jornada-de-la-xiii-ronda-de-teatro-por-carreno\/#webpage"},"isPartOf":{"@id":"https:\/\/candas365.es\/noticias\/nueva-jornada-de-la-xiii-ronda-de-teatro-por-carreno\/#webpage"},"articleSection":"Noticias Carre\u00f1o","dateline":"Publicado el abril 14, 2018."},{"@type":"Organization","@id":"https:\/\/candas365.es\/noticias\/#organization","name":"Cand\u00e1s 365","description":"Cand\u00e1s 365 es un diario digital independiente, fundado en 2012, con base en Asturias. Informamos con rigor sobre actualidad, sociedad, cultura y ocio, con una mirada local y global.","url":"https:\/\/candas365.es\/noticias\/","email":"info@candas365.es","telephone":"+34652131393","foundingDate":"2012-06-10","logo":{"@type":"ImageObject","url":"https:\/\/candas365.es\/noticias\/wp-content\/uploads\/2024\/09\/Candas-365-Redes.jpg","@id":"https:\/\/candas365.es\/noticias\/nueva-jornada-de-la-xiii-ronda-de-teatro-por-carreno\/#organizationLogo","width":1152,"height":864,"caption":"Cand\u00e1s 365 Redes"},"image":{"@id":"https:\/\/candas365.es\/noticias\/nueva-jornada-de-la-xiii-ronda-de-teatro-por-carreno\/#organizationLogo"},"sameAs":["https:\/\/www.facebook.com\/Nachofdezber","https:\/\/x.com\/NabercoDigital","https:\/\/www.instagram.com\/nachofdezber\/","https:\/\/www.youtube.com\/channel\/UCZP-2wLEB9Rv6erhFmqVnvg"],"address":{"@id":"https:\/\/candas365.es\/noticias\/#postaladdress","@type":"PostalAddress","streetAddress":"san antonio 4, san antonio 4","postalCode":"33430","addressLocality":"Cand\u00e1s","addressRegion":"Asturias","addressCountry":"ES"}},{"@type":"Person","@id":"https:\/\/candas365.es\/noticias\/author\/admin\/#author","url":"https:\/\/candas365.es\/noticias\/author\/admin\/","name":"Cand\u00e1s 365","image":{"@type":"ImageObject","@id":"https:\/\/candas365.es\/noticias\/nueva-jornada-de-la-xiii-ronda-de-teatro-por-carreno\/#authorImage","url":"https:\/\/secure.gravatar.com\/avatar\/496a8e03d0c493ede1718b7934145dbdf8d89be1036b0eec9544e1094c9de390?s=96&d=mm&r=g","width":96,"height":96,"caption":"Cand\u00e1s 365"},"sameAs":["https:\/\/www.facebook.com\/carrenoactualidad","https:\/\/twitter.com\/nbasturias","https:\/\/www.instagram.com\/nachofdezber\/","https:\/\/www.youtube.com\/channel\/UCZP-2wLEB9Rv6erhFmqVnvg"]},{"@type":"WebPage","@id":"https:\/\/candas365.es\/noticias\/nueva-jornada-de-la-xiii-ronda-de-teatro-por-carreno\/#webpage","url":"https:\/\/candas365.es\/noticias\/nueva-jornada-de-la-xiii-ronda-de-teatro-por-carreno\/","name":"Nueva jornada de la XIII Ronda de Teatro por Carre\u00f1o | Cand\u00e1s 365","description":"Esta tarde, en la parroquia de Prevera, se levant\u00f3 el tel\u00f3n para recibir una nueva jornada de la XIII Ronda de Teatro por Carre\u00f1o. En esta ocasi\u00f3n la funci\u00f3n se celebr\u00f3 en el Centro de Iniciativa Rural a las 19:00 horas. Las actuaciones programadas fueron la de el Grupo de Teatro \u201cLa Farola de Xix\u00f3n\u201d","inLanguage":"es-ES","isPartOf":{"@id":"https:\/\/candas365.es\/noticias\/#website"},"breadcrumb":{"@id":"https:\/\/candas365.es\/noticias\/nueva-jornada-de-la-xiii-ronda-de-teatro-por-carreno\/#breadcrumblist"},"author":{"@id":"https:\/\/candas365.es\/noticias\/author\/admin\/#author"},"creator":{"@id":"https:\/\/candas365.es\/noticias\/author\/admin\/#author"},"image":{"@type":"ImageObject","url":"https:\/\/candas365.es\/noticias\/wp-content\/uploads\/2018\/04\/IMG_6490.jpg","@id":"https:\/\/candas365.es\/noticias\/nueva-jornada-de-la-xiii-ronda-de-teatro-por-carreno\/#mainImage","width":640,"height":480},"primaryImageOfPage":{"@id":"https:\/\/candas365.es\/noticias\/nueva-jornada-de-la-xiii-ronda-de-teatro-por-carreno\/#mainImage"},"datePublished":"2018-04-14T21:14:24+02:00","dateModified":"2018-04-14T21:14:24+02:00"},{"@type":"WebSite","@id":"https:\/\/candas365.es\/noticias\/#website","url":"https:\/\/candas365.es\/noticias\/","name":"Cand\u00e1s 365","alternateName":"Cand\u00e1s 365 Noticias","description":"Actualidad desde Carre\u00f1o para el mundo","inLanguage":"es-ES","publisher":{"@id":"https:\/\/candas365.es\/noticias\/#organization"}}]},"og:locale":"es_ES","og:site_name":"Cand\u00e1s 365","og:type":"article","og:title":"Nueva jornada de la XIII Ronda de Teatro por Carre\u00f1o | Cand\u00e1s 365","og:description":"Esta tarde, en la parroquia de Prevera, se levant\u00f3 el tel\u00f3n para recibir una nueva jornada de la XIII Ronda de Teatro por Carre\u00f1o. En esta ocasi\u00f3n la funci\u00f3n se celebr\u00f3 en el Centro de Iniciativa Rural a las 19:00 horas. Las actuaciones programadas fueron la de el Grupo de Teatro \u201cLa Farola de Xix\u00f3n\u201d","og:url":"https:\/\/candas365.es\/noticias\/nueva-jornada-de-la-xiii-ronda-de-teatro-por-carreno\/","og:image":"https:\/\/candas365.es\/noticias\/wp-content\/uploads\/2018\/04\/IMG_6490.jpg","og:image:secure_url":"https:\/\/candas365.es\/noticias\/wp-content\/uploads\/2018\/04\/IMG_6490.jpg","og:image:width":640,"og:image:height":480,"article:published_time":"2018-04-14T21:14:24+00:00","article:modified_time":"2018-04-14T21:14:24+00:00","article:publisher":"https:\/\/www.facebook.com\/Nachofdezber","article:author":"https:\/\/www.facebook.com\/carrenoactualidad","twitter:card":"summary_large_image","twitter:site":"@NabercoDigital","twitter:title":"Nueva jornada de la XIII Ronda de Teatro por Carre\u00f1o | Cand\u00e1s 365","twitter:description":"Esta tarde, en la parroquia de Prevera, se levant\u00f3 el tel\u00f3n para recibir una nueva jornada de la XIII Ronda de Teatro por Carre\u00f1o. En esta ocasi\u00f3n la funci\u00f3n se celebr\u00f3 en el Centro de Iniciativa Rural a las 19:00 horas. Las actuaciones programadas fueron la de el Grupo de Teatro \u201cLa Farola de Xix\u00f3n\u201d","twitter:creator":"@nbasturias","twitter:image":"https:\/\/candas365.es\/noticias\/wp-content\/uploads\/2018\/04\/IMG_6490.jpg","twitter:label1":"Escrito por","twitter:data1":"Cand\u00e1s 365","twitter:label2":"Tiempo de lectura estimado","twitter:data2":"2 minutos"},"aioseo_meta_data":{"post_id":"93801","title":null,"description":null,"keywords":null,"keyphrases":null,"primary_term":null,"canonical_url":null,"og_title":null,"og_description":null,"og_object_type":"default","og_image_type":"default","og_image_url":null,"og_image_width":null,"og_image_height":null,"og_image_custom_url":null,"og_image_custom_fields":null,"og_video":null,"og_custom_url":null,"og_article_section":null,"og_article_tags":null,"twitter_use_og":false,"twitter_card":"default","twitter_image_type":"default","twitter_image_url":null,"twitter_image_custom_url":null,"twitter_image_custom_fields":null,"twitter_title":null,"twitter_description":null,"schema":{"blockGraphs":[],"customGraphs":[],"default":{"data":{"Article":[],"Course":[],"Dataset":[],"FAQPage":[],"Movie":[],"Person":[],"Product":[],"ProductReview":[],"Car":[],"Recipe":[],"Service":[],"SoftwareApplication":[],"WebPage":[]},"graphName":"","isEnabled":true},"graphs":[],"defaultGraph":"","defaultPostTypeGraph":""},"schema_type":null,"schema_type_options":null,"pillar_content":false,"robots_default":true,"robots_noindex":false,"robots_noarchive":false,"robots_nosnippet":false,"robots_nofollow":false,"robots_noimageindex":false,"robots_noodp":false,"robots_notranslate":false,"robots_max_snippet":null,"robots_max_videopreview":null,"robots_max_imagepreview":"large","priority":null,"frequency":null,"location":null,"local_seo":null,"seo_analyzer_scan_date":"2025-08-26 18:13:12","breadcrumb_settings":null,"limit_modified_date":false,"reviewed_by":null,"open_ai":null,"ai":null,"created":"2020-12-21 11:53:32","updated":"2025-08-26 18:13:12"},"aioseo_breadcrumb":"<div class=\"aioseo-breadcrumbs\"><span class=\"aioseo-breadcrumb\">\n\t<a href=\"https:\/\/candas365.es\/noticias\" title=\"Home\">Home<\/a>\n<\/span><span class=\"aioseo-breadcrumb-separator\">&ndash;<\/span><span class=\"aioseo-breadcrumb\">\n\t<a href=\"https:\/\/candas365.es\/noticias\/category\/noticias-carreno\/\" title=\"Noticias Carre\u00f1o\">Noticias Carre\u00f1o<\/a>\n<\/span><span class=\"aioseo-breadcrumb-separator\">&ndash;<\/span><span class=\"aioseo-breadcrumb\">\n\tNueva jornada de la XIII Ronda de Teatro por Carre\u00f1o\n<\/span><\/div>","aioseo_breadcrumb_json":[{"label":"Home","link":"https:\/\/candas365.es\/noticias"},{"label":"Noticias Carre\u00f1o","link":"https:\/\/candas365.es\/noticias\/category\/noticias-carreno\/"},{"label":"Nueva jornada de la XIII Ronda de Teatro por Carre\u00f1o","link":"https:\/\/candas365.es\/noticias\/nueva-jornada-de-la-xiii-ronda-de-teatro-por-carreno\/"}],"_links":{"self":[{"href":"https:\/\/candas365.es\/noticias\/wp-json\/wp\/v2\/posts\/93801","targetHints":{"allow":["GET"]}}],"collection":[{"href":"https:\/\/candas365.es\/noticias\/wp-json\/wp\/v2\/posts"}],"about":[{"href":"https:\/\/candas365.es\/noticias\/wp-json\/wp\/v2\/types\/post"}],"author":[{"embeddable":true,"href":"https:\/\/candas365.es\/noticias\/wp-json\/wp\/v2\/users\/1"}],"replies":[{"embeddable":true,"href":"https:\/\/candas365.es\/noticias\/wp-json\/wp\/v2\/comments?post=93801"}],"version-history":[{"count":0,"href":"https:\/\/candas365.es\/noticias\/wp-json\/wp\/v2\/posts\/93801\/revisions"}],"wp:featuredmedia":[{"embeddable":true,"href":"https:\/\/candas365.es\/noticias\/wp-json\/wp\/v2\/media\/93802"}],"wp:attachment":[{"href":"https:\/\/candas365.es\/noticias\/wp-json\/wp\/v2\/media?parent=93801"}],"wp:term":[{"taxonomy":"category","embeddable":true,"href":"https:\/\/candas365.es\/noticias\/wp-json\/wp\/v2\/categories?post=93801"},{"taxonomy":"post_tag","embeddable":true,"href":"https:\/\/candas365.es\/noticias\/wp-json\/wp\/v2\/tags?post=93801"}],"curies":[{"name":"wp","href":"https:\/\/api.w.org\/{rel}","templated":true}]}}