{"id":93798,"date":"2018-04-14T21:10:06","date_gmt":"2018-04-14T21:10:06","guid":{"rendered":"http:\/\/candas365.es\/noticias\/?p=93798"},"modified":"2018-04-14T21:10:06","modified_gmt":"2018-04-14T21:10:06","slug":"nueva-edicion-de-las-excursiones-de-montana-del-pdm-de-carreno","status":"publish","type":"post","link":"https:\/\/candas365.es\/noticias\/nueva-edicion-de-las-excursiones-de-montana-del-pdm-de-carreno\/","title":{"rendered":"Nueva edici\u00f3n de las excursiones de monta\u00f1a del PDM de Carre\u00f1o"},"content":{"rendered":"<p><img fetchpriority=\"high\" decoding=\"async\" class=\"alignleft size-medium wp-image-93799\" src=\"https:\/\/candas365.es\/noticias\/wp-content\/uploads\/2018\/04\/hiker-846094_1280-360x240.jpg\" alt=\"\" width=\"360\" height=\"240\" srcset=\"https:\/\/candas365.es\/noticias\/wp-content\/uploads\/2018\/04\/hiker-846094_1280-360x240.jpg 360w, https:\/\/candas365.es\/noticias\/wp-content\/uploads\/2018\/04\/hiker-846094_1280-696x464.jpg 696w, https:\/\/candas365.es\/noticias\/wp-content\/uploads\/2018\/04\/hiker-846094_1280-1068x712.jpg 1068w, https:\/\/candas365.es\/noticias\/wp-content\/uploads\/2018\/04\/hiker-846094_1280-630x420.jpg 630w, https:\/\/candas365.es\/noticias\/wp-content\/uploads\/2018\/04\/hiker-846094_1280-768x512.jpg 768w, https:\/\/candas365.es\/noticias\/wp-content\/uploads\/2018\/04\/hiker-846094_1280-655x436.jpg 655w, https:\/\/candas365.es\/noticias\/wp-content\/uploads\/2018\/04\/hiker-846094_1280.jpg 1280w\" sizes=\"(max-width: 360px) 100vw, 360px\" \/>El pr\u00f3ximo d\u00eda 22 domingo, d\u00eda 22 de abril, comienza la trig\u00e9sima edici\u00f3n de las excursiones de monta\u00f1a que organiza el Patronato Deportivo Municipal de Carre\u00f1o.<\/p>\n<p>Esta edici\u00f3n consta, como viene siendo habitual, de dos temporadas de cinco rutas cada una, la primera en primavera y otra en oto\u00f1o.<\/p>\n<p>La primera actividad ser\u00e1 por la monta\u00f1a de Covadonga, haciendo con ella un gui\u00f1o a la conmemoraci\u00f3n de las tres efem\u00e9rides que se celebrar\u00e1n durante este a\u00f1o en el Real Sitio.<\/p>\n<p>Dicha salida de monta\u00f1a con la traves\u00eda Buferrera &#8211; Comeya &#8211; Fana &#8211; Orandi \u2013 Covadonga, tiene una duraci\u00f3n prevista de 4-4.30 horas con una dificultad baja.<\/p>\n<p>La segunda, fechada para el 6 de mayo, transitar\u00e1 por el Parque Natural de Somiedo partiendo de La Peral para llegar a Vil.lar de Bildas pasando por L.lagunes de P\u00e1ramo y El Mocosu con una dificultad media-alta y con aproximadamente 6 horas de duraci\u00f3n.<\/p>\n<p>El 13 de mayo ser\u00e1 la tercera salida, esta vez por el Parque Nacional de los Picos de Europa con el recorrido Sotres &#8211; Cabeza de la Mesa &#8211; Bulnes \u2013 Poncebos, con dos tipos de recorrido, uno de duraci\u00f3n cercana a las 6 horas y de dificultad media-alta y otro m\u00e1s liviano de 4 horas de dificultad media-baja.<\/p>\n<p>La siguiente se introducir\u00e1 en la Reserva de la Biosfera de Babia con una traves\u00eda entre La Cueta y Torre de Babia con paso por Las Fuentes del Sil y La Cue\u00f1a Cotalbo, con una dificultad media-baja y duraci\u00f3n de 5 horas. Dicha salida est\u00e1 programada para el 20 de mayo.<\/p>\n<p>La quinta y \u00faltima, est\u00e1 prevista para el 3 de junio, volver\u00e1 a los Picos de Europa con salida y llegada en el Lago Enol atravesando Vega de Ario y Jultayu. Esta salida tiene dos grados de dificultad, uno alto, con una duraci\u00f3n estimada de 7.30 horas y otra media con 5.30 horas.<\/p>\n<p>\u201cEl que se cumpla la 30 edici\u00f3n del programa de excursiones de monta\u00f1a nos da una idea de lo arraigada que est\u00e1 esta actividad en el municipio. Cada edici\u00f3n intentamos variar los recorridos, un poco para cambiar la propuesta cada a\u00f1o y otro, para intentar explotar al m\u00e1ximo los recursos naturales que se encuentran en nuestra regi\u00f3n\u201d se\u00f1al\u00f3 el concejal Gabriel Rodr\u00edguez, presidente del mismo.<\/p>\n<p>\u201c Todas estas actividades tiene un precio p\u00fablico de 12,45 \u20ac\/ persona y salida. Todas ellas arrancan de Cand\u00e1s. Las plazas son limitadas hasta completar las del autocar de 55 plazas y se adjudican por riguroso orden de inscripci\u00f3n. Tanto la informaci\u00f3n como las inscripciones se llevar\u00e1n a cabo en el Polideportivo Municipal Vicente L\u00f3pez Carril\u201d \u2013 concluy\u00f3 el edil.<\/p>\n","protected":false},"excerpt":{"rendered":"<p>El pr\u00f3ximo d\u00eda 22 domingo, d\u00eda 22 de abril, comienza la trig\u00e9sima edici\u00f3n de las excursiones de monta\u00f1a que organiza el Patronato Deportivo Municipal de Carre\u00f1o. Esta edici\u00f3n consta, como viene siendo habitual, de dos temporadas de cinco rutas cada una, la primera en primavera y otra en oto\u00f1o. La primera actividad ser\u00e1 por la<\/p>\n","protected":false},"author":1,"featured_media":93799,"comment_status":"closed","ping_status":"closed","sticky":false,"template":"","format":"standard","meta":{"footnotes":""},"categories":[2],"tags":[],"class_list":{"0":"post-93798","1":"post","2":"type-post","3":"status-publish","4":"format-standard","5":"has-post-thumbnail","7":"category-noticias-carreno"},"aioseo_notices":[],"aioseo_head":"\n\t\t<!-- All in One SEO Pro 4.9.6.2 - aioseo.com -->\n\t<meta name=\"description\" content=\"El pr\u00f3ximo d\u00eda 22 domingo, d\u00eda 22 de abril, comienza la trig\u00e9sima edici\u00f3n de las excursiones de monta\u00f1a que organiza el Patronato Deportivo Municipal de Carre\u00f1o. Esta edici\u00f3n consta, como viene siendo habitual, de dos temporadas de cinco rutas cada una, la primera en primavera y otra en oto\u00f1o. La primera actividad ser\u00e1 por la\" \/>\n\t<meta name=\"robots\" content=\"max-image-preview:large\" \/>\n\t<meta name=\"author\" content=\"Cand\u00e1s 365\"\/>\n\t<meta name=\"google-site-verification\" content=\"UA-32230408-1\" \/>\n\t<meta name=\"msvalidate.01\" content=\"354F3CDFB2DA171B47FBE9ABF1F88D5\" \/>\n\t<meta name=\"keywords\" content=\"noticias carre\u00f1o\" \/>\n\t<link rel=\"canonical\" href=\"https:\/\/candas365.es\/noticias\/nueva-edicion-de-las-excursiones-de-montana-del-pdm-de-carreno\/\" \/>\n\t<meta name=\"generator\" content=\"All in One SEO Pro (AIOSEO) 4.9.6.2\" \/>\n\t\t<meta property=\"og:locale\" content=\"es_ES\" \/>\n\t\t<meta property=\"og:site_name\" content=\"Cand\u00e1s 365\" \/>\n\t\t<meta property=\"og:type\" content=\"article\" \/>\n\t\t<meta property=\"og:title\" content=\"Nueva edici\u00f3n de las excursiones de monta\u00f1a del PDM de Carre\u00f1o | Cand\u00e1s 365\" \/>\n\t\t<meta property=\"og:description\" content=\"El pr\u00f3ximo d\u00eda 22 domingo, d\u00eda 22 de abril, comienza la trig\u00e9sima edici\u00f3n de las excursiones de monta\u00f1a que organiza el Patronato Deportivo Municipal de Carre\u00f1o. Esta edici\u00f3n consta, como viene siendo habitual, de dos temporadas de cinco rutas cada una, la primera en primavera y otra en oto\u00f1o. La primera actividad ser\u00e1 por la\" \/>\n\t\t<meta property=\"og:url\" content=\"https:\/\/candas365.es\/noticias\/nueva-edicion-de-las-excursiones-de-montana-del-pdm-de-carreno\/\" \/>\n\t\t<meta property=\"og:image\" content=\"https:\/\/candas365.es\/noticias\/wp-content\/uploads\/2018\/04\/hiker-846094_1280.jpg\" \/>\n\t\t<meta property=\"og:image:secure_url\" content=\"https:\/\/candas365.es\/noticias\/wp-content\/uploads\/2018\/04\/hiker-846094_1280.jpg\" \/>\n\t\t<meta property=\"og:image:width\" content=\"1280\" \/>\n\t\t<meta property=\"og:image:height\" content=\"853\" \/>\n\t\t<meta property=\"article:published_time\" content=\"2018-04-14T21:10:06+00:00\" \/>\n\t\t<meta property=\"article:modified_time\" content=\"2018-04-14T21:10:06+00:00\" \/>\n\t\t<meta property=\"article:publisher\" content=\"https:\/\/www.facebook.com\/Nachofdezber\" \/>\n\t\t<meta property=\"article:author\" content=\"https:\/\/www.facebook.com\/carrenoactualidad\" \/>\n\t\t<meta name=\"twitter:card\" content=\"summary_large_image\" \/>\n\t\t<meta name=\"twitter:site\" content=\"@NabercoDigital\" \/>\n\t\t<meta name=\"twitter:title\" content=\"Nueva edici\u00f3n de las excursiones de monta\u00f1a del PDM de Carre\u00f1o | Cand\u00e1s 365\" \/>\n\t\t<meta name=\"twitter:description\" content=\"El pr\u00f3ximo d\u00eda 22 domingo, d\u00eda 22 de abril, comienza la trig\u00e9sima edici\u00f3n de las excursiones de monta\u00f1a que organiza el Patronato Deportivo Municipal de Carre\u00f1o. Esta edici\u00f3n consta, como viene siendo habitual, de dos temporadas de cinco rutas cada una, la primera en primavera y otra en oto\u00f1o. La primera actividad ser\u00e1 por la\" \/>\n\t\t<meta name=\"twitter:creator\" content=\"@nbasturias\" \/>\n\t\t<meta name=\"twitter:image\" content=\"https:\/\/candas365.es\/noticias\/wp-content\/uploads\/2018\/04\/hiker-846094_1280.jpg\" \/>\n\t\t<meta name=\"twitter:label1\" content=\"Escrito por\" \/>\n\t\t<meta name=\"twitter:data1\" content=\"Cand\u00e1s 365\" \/>\n\t\t<meta name=\"twitter:label2\" content=\"Tiempo de lectura estimado\" \/>\n\t\t<meta name=\"twitter:data2\" content=\"2 minutos\" \/>\n\t\t<script type=\"application\/ld+json\" class=\"aioseo-schema\">\n\t\t\t{\"@context\":\"https:\\\/\\\/schema.org\",\"@graph\":[{\"@type\":\"BreadcrumbList\",\"@id\":\"https:\\\/\\\/candas365.es\\\/noticias\\\/nueva-edicion-de-las-excursiones-de-montana-del-pdm-de-carreno\\\/#breadcrumblist\",\"itemListElement\":[{\"@type\":\"ListItem\",\"@id\":\"https:\\\/\\\/candas365.es\\\/noticias#listItem\",\"position\":1,\"name\":\"Home\",\"item\":\"https:\\\/\\\/candas365.es\\\/noticias\",\"nextItem\":{\"@type\":\"ListItem\",\"@id\":\"https:\\\/\\\/candas365.es\\\/noticias\\\/category\\\/noticias-carreno\\\/#listItem\",\"name\":\"Noticias Carre\\u00f1o\"}},{\"@type\":\"ListItem\",\"@id\":\"https:\\\/\\\/candas365.es\\\/noticias\\\/category\\\/noticias-carreno\\\/#listItem\",\"position\":2,\"name\":\"Noticias Carre\\u00f1o\",\"item\":\"https:\\\/\\\/candas365.es\\\/noticias\\\/category\\\/noticias-carreno\\\/\",\"nextItem\":{\"@type\":\"ListItem\",\"@id\":\"https:\\\/\\\/candas365.es\\\/noticias\\\/nueva-edicion-de-las-excursiones-de-montana-del-pdm-de-carreno\\\/#listItem\",\"name\":\"Nueva edici\\u00f3n de las excursiones de monta\\u00f1a del PDM de Carre\\u00f1o\"},\"previousItem\":{\"@type\":\"ListItem\",\"@id\":\"https:\\\/\\\/candas365.es\\\/noticias#listItem\",\"name\":\"Home\"}},{\"@type\":\"ListItem\",\"@id\":\"https:\\\/\\\/candas365.es\\\/noticias\\\/nueva-edicion-de-las-excursiones-de-montana-del-pdm-de-carreno\\\/#listItem\",\"position\":3,\"name\":\"Nueva edici\\u00f3n de las excursiones de monta\\u00f1a del PDM de Carre\\u00f1o\",\"previousItem\":{\"@type\":\"ListItem\",\"@id\":\"https:\\\/\\\/candas365.es\\\/noticias\\\/category\\\/noticias-carreno\\\/#listItem\",\"name\":\"Noticias Carre\\u00f1o\"}}]},{\"@type\":\"NewsArticle\",\"@id\":\"https:\\\/\\\/candas365.es\\\/noticias\\\/nueva-edicion-de-las-excursiones-de-montana-del-pdm-de-carreno\\\/#newsarticle\",\"name\":\"Nueva edici\\u00f3n de las excursiones de monta\\u00f1a del PDM de Carre\\u00f1o | Cand\\u00e1s 365\",\"headline\":\"Nueva edici\\u00f3n de las excursiones de monta\\u00f1a del PDM de Carre\\u00f1o\",\"author\":{\"@id\":\"https:\\\/\\\/candas365.es\\\/noticias\\\/author\\\/admin\\\/#author\"},\"publisher\":{\"@id\":\"https:\\\/\\\/candas365.es\\\/noticias\\\/#organization\"},\"image\":{\"@type\":\"ImageObject\",\"url\":\"https:\\\/\\\/candas365.es\\\/noticias\\\/wp-content\\\/uploads\\\/2018\\\/04\\\/hiker-846094_1280.jpg\",\"width\":1280,\"height\":853},\"datePublished\":\"2018-04-14T21:10:06+02:00\",\"dateModified\":\"2018-04-14T21:10:06+02:00\",\"inLanguage\":\"es-ES\",\"mainEntityOfPage\":{\"@id\":\"https:\\\/\\\/candas365.es\\\/noticias\\\/nueva-edicion-de-las-excursiones-de-montana-del-pdm-de-carreno\\\/#webpage\"},\"isPartOf\":{\"@id\":\"https:\\\/\\\/candas365.es\\\/noticias\\\/nueva-edicion-de-las-excursiones-de-montana-del-pdm-de-carreno\\\/#webpage\"},\"articleSection\":\"Noticias Carre\\u00f1o\",\"dateline\":\"Publicado el abril 14, 2018.\"},{\"@type\":\"Organization\",\"@id\":\"https:\\\/\\\/candas365.es\\\/noticias\\\/#organization\",\"name\":\"Cand\\u00e1s 365\",\"description\":\"Cand\\u00e1s 365 es un diario digital independiente, fundado en 2012, con base en Asturias. Informamos con rigor sobre actualidad, sociedad, cultura y ocio, con una mirada local y global.\",\"url\":\"https:\\\/\\\/candas365.es\\\/noticias\\\/\",\"email\":\"info@candas365.es\",\"telephone\":\"+34652131393\",\"foundingDate\":\"2012-06-10\",\"logo\":{\"@type\":\"ImageObject\",\"url\":\"https:\\\/\\\/candas365.es\\\/noticias\\\/wp-content\\\/uploads\\\/2024\\\/09\\\/Candas-365-Redes.jpg\",\"@id\":\"https:\\\/\\\/candas365.es\\\/noticias\\\/nueva-edicion-de-las-excursiones-de-montana-del-pdm-de-carreno\\\/#organizationLogo\",\"width\":1152,\"height\":864,\"caption\":\"Cand\\u00e1s 365 Redes\"},\"image\":{\"@id\":\"https:\\\/\\\/candas365.es\\\/noticias\\\/nueva-edicion-de-las-excursiones-de-montana-del-pdm-de-carreno\\\/#organizationLogo\"},\"sameAs\":[\"https:\\\/\\\/www.facebook.com\\\/Nachofdezber\",\"https:\\\/\\\/x.com\\\/NabercoDigital\",\"https:\\\/\\\/www.instagram.com\\\/nachofdezber\\\/\",\"https:\\\/\\\/www.youtube.com\\\/channel\\\/UCZP-2wLEB9Rv6erhFmqVnvg\"],\"address\":{\"@id\":\"https:\\\/\\\/candas365.es\\\/noticias\\\/#postaladdress\",\"@type\":\"PostalAddress\",\"streetAddress\":\"san antonio 4, san antonio 4\",\"postalCode\":\"33430\",\"addressLocality\":\"Cand\\u00e1s\",\"addressRegion\":\"Asturias\",\"addressCountry\":\"ES\"}},{\"@type\":\"Person\",\"@id\":\"https:\\\/\\\/candas365.es\\\/noticias\\\/author\\\/admin\\\/#author\",\"url\":\"https:\\\/\\\/candas365.es\\\/noticias\\\/author\\\/admin\\\/\",\"name\":\"Cand\\u00e1s 365\",\"image\":{\"@type\":\"ImageObject\",\"@id\":\"https:\\\/\\\/candas365.es\\\/noticias\\\/nueva-edicion-de-las-excursiones-de-montana-del-pdm-de-carreno\\\/#authorImage\",\"url\":\"https:\\\/\\\/secure.gravatar.com\\\/avatar\\\/496a8e03d0c493ede1718b7934145dbdf8d89be1036b0eec9544e1094c9de390?s=96&d=mm&r=g\",\"width\":96,\"height\":96,\"caption\":\"Cand\\u00e1s 365\"},\"sameAs\":[\"https:\\\/\\\/www.facebook.com\\\/carrenoactualidad\",\"https:\\\/\\\/twitter.com\\\/nbasturias\",\"https:\\\/\\\/www.instagram.com\\\/nachofdezber\\\/\",\"https:\\\/\\\/www.youtube.com\\\/channel\\\/UCZP-2wLEB9Rv6erhFmqVnvg\"]},{\"@type\":\"WebPage\",\"@id\":\"https:\\\/\\\/candas365.es\\\/noticias\\\/nueva-edicion-de-las-excursiones-de-montana-del-pdm-de-carreno\\\/#webpage\",\"url\":\"https:\\\/\\\/candas365.es\\\/noticias\\\/nueva-edicion-de-las-excursiones-de-montana-del-pdm-de-carreno\\\/\",\"name\":\"Nueva edici\\u00f3n de las excursiones de monta\\u00f1a del PDM de Carre\\u00f1o | Cand\\u00e1s 365\",\"description\":\"El pr\\u00f3ximo d\\u00eda 22 domingo, d\\u00eda 22 de abril, comienza la trig\\u00e9sima edici\\u00f3n de las excursiones de monta\\u00f1a que organiza el Patronato Deportivo Municipal de Carre\\u00f1o. Esta edici\\u00f3n consta, como viene siendo habitual, de dos temporadas de cinco rutas cada una, la primera en primavera y otra en oto\\u00f1o. La primera actividad ser\\u00e1 por la\",\"inLanguage\":\"es-ES\",\"isPartOf\":{\"@id\":\"https:\\\/\\\/candas365.es\\\/noticias\\\/#website\"},\"breadcrumb\":{\"@id\":\"https:\\\/\\\/candas365.es\\\/noticias\\\/nueva-edicion-de-las-excursiones-de-montana-del-pdm-de-carreno\\\/#breadcrumblist\"},\"author\":{\"@id\":\"https:\\\/\\\/candas365.es\\\/noticias\\\/author\\\/admin\\\/#author\"},\"creator\":{\"@id\":\"https:\\\/\\\/candas365.es\\\/noticias\\\/author\\\/admin\\\/#author\"},\"image\":{\"@type\":\"ImageObject\",\"url\":\"https:\\\/\\\/candas365.es\\\/noticias\\\/wp-content\\\/uploads\\\/2018\\\/04\\\/hiker-846094_1280.jpg\",\"@id\":\"https:\\\/\\\/candas365.es\\\/noticias\\\/nueva-edicion-de-las-excursiones-de-montana-del-pdm-de-carreno\\\/#mainImage\",\"width\":1280,\"height\":853},\"primaryImageOfPage\":{\"@id\":\"https:\\\/\\\/candas365.es\\\/noticias\\\/nueva-edicion-de-las-excursiones-de-montana-del-pdm-de-carreno\\\/#mainImage\"},\"datePublished\":\"2018-04-14T21:10:06+02:00\",\"dateModified\":\"2018-04-14T21:10:06+02:00\"},{\"@type\":\"WebSite\",\"@id\":\"https:\\\/\\\/candas365.es\\\/noticias\\\/#website\",\"url\":\"https:\\\/\\\/candas365.es\\\/noticias\\\/\",\"name\":\"Cand\\u00e1s 365\",\"alternateName\":\"Cand\\u00e1s 365 Noticias\",\"description\":\"Actualidad desde Carre\\u00f1o para el mundo\",\"inLanguage\":\"es-ES\",\"publisher\":{\"@id\":\"https:\\\/\\\/candas365.es\\\/noticias\\\/#organization\"}}]}\n\t\t<\/script>\n\t\t<!-- All in One SEO Pro -->\r\n\t\t<title>Nueva edici\u00f3n de las excursiones de monta\u00f1a del PDM de Carre\u00f1o | Cand\u00e1s 365<\/title>\n\n","aioseo_head_json":{"title":"Nueva edici\u00f3n de las excursiones de monta\u00f1a del PDM de Carre\u00f1o | Cand\u00e1s 365","description":"El pr\u00f3ximo d\u00eda 22 domingo, d\u00eda 22 de abril, comienza la trig\u00e9sima edici\u00f3n de las excursiones de monta\u00f1a que organiza el Patronato Deportivo Municipal de Carre\u00f1o. Esta edici\u00f3n consta, como viene siendo habitual, de dos temporadas de cinco rutas cada una, la primera en primavera y otra en oto\u00f1o. La primera actividad ser\u00e1 por la","canonical_url":"https:\/\/candas365.es\/noticias\/nueva-edicion-de-las-excursiones-de-montana-del-pdm-de-carreno\/","robots":"max-image-preview:large","keywords":"noticias carre\u00f1o","webmasterTools":{"google-site-verification":"UA-32230408-1","msvalidate.01":"354F3CDFB2DA171B47FBE9ABF1F88D5","miscellaneous":""},"schema":{"@context":"https:\/\/schema.org","@graph":[{"@type":"BreadcrumbList","@id":"https:\/\/candas365.es\/noticias\/nueva-edicion-de-las-excursiones-de-montana-del-pdm-de-carreno\/#breadcrumblist","itemListElement":[{"@type":"ListItem","@id":"https:\/\/candas365.es\/noticias#listItem","position":1,"name":"Home","item":"https:\/\/candas365.es\/noticias","nextItem":{"@type":"ListItem","@id":"https:\/\/candas365.es\/noticias\/category\/noticias-carreno\/#listItem","name":"Noticias Carre\u00f1o"}},{"@type":"ListItem","@id":"https:\/\/candas365.es\/noticias\/category\/noticias-carreno\/#listItem","position":2,"name":"Noticias Carre\u00f1o","item":"https:\/\/candas365.es\/noticias\/category\/noticias-carreno\/","nextItem":{"@type":"ListItem","@id":"https:\/\/candas365.es\/noticias\/nueva-edicion-de-las-excursiones-de-montana-del-pdm-de-carreno\/#listItem","name":"Nueva edici\u00f3n de las excursiones de monta\u00f1a del PDM de Carre\u00f1o"},"previousItem":{"@type":"ListItem","@id":"https:\/\/candas365.es\/noticias#listItem","name":"Home"}},{"@type":"ListItem","@id":"https:\/\/candas365.es\/noticias\/nueva-edicion-de-las-excursiones-de-montana-del-pdm-de-carreno\/#listItem","position":3,"name":"Nueva edici\u00f3n de las excursiones de monta\u00f1a del PDM de Carre\u00f1o","previousItem":{"@type":"ListItem","@id":"https:\/\/candas365.es\/noticias\/category\/noticias-carreno\/#listItem","name":"Noticias Carre\u00f1o"}}]},{"@type":"NewsArticle","@id":"https:\/\/candas365.es\/noticias\/nueva-edicion-de-las-excursiones-de-montana-del-pdm-de-carreno\/#newsarticle","name":"Nueva edici\u00f3n de las excursiones de monta\u00f1a del PDM de Carre\u00f1o | Cand\u00e1s 365","headline":"Nueva edici\u00f3n de las excursiones de monta\u00f1a del PDM de Carre\u00f1o","author":{"@id":"https:\/\/candas365.es\/noticias\/author\/admin\/#author"},"publisher":{"@id":"https:\/\/candas365.es\/noticias\/#organization"},"image":{"@type":"ImageObject","url":"https:\/\/candas365.es\/noticias\/wp-content\/uploads\/2018\/04\/hiker-846094_1280.jpg","width":1280,"height":853},"datePublished":"2018-04-14T21:10:06+02:00","dateModified":"2018-04-14T21:10:06+02:00","inLanguage":"es-ES","mainEntityOfPage":{"@id":"https:\/\/candas365.es\/noticias\/nueva-edicion-de-las-excursiones-de-montana-del-pdm-de-carreno\/#webpage"},"isPartOf":{"@id":"https:\/\/candas365.es\/noticias\/nueva-edicion-de-las-excursiones-de-montana-del-pdm-de-carreno\/#webpage"},"articleSection":"Noticias Carre\u00f1o","dateline":"Publicado el abril 14, 2018."},{"@type":"Organization","@id":"https:\/\/candas365.es\/noticias\/#organization","name":"Cand\u00e1s 365","description":"Cand\u00e1s 365 es un diario digital independiente, fundado en 2012, con base en Asturias. Informamos con rigor sobre actualidad, sociedad, cultura y ocio, con una mirada local y global.","url":"https:\/\/candas365.es\/noticias\/","email":"info@candas365.es","telephone":"+34652131393","foundingDate":"2012-06-10","logo":{"@type":"ImageObject","url":"https:\/\/candas365.es\/noticias\/wp-content\/uploads\/2024\/09\/Candas-365-Redes.jpg","@id":"https:\/\/candas365.es\/noticias\/nueva-edicion-de-las-excursiones-de-montana-del-pdm-de-carreno\/#organizationLogo","width":1152,"height":864,"caption":"Cand\u00e1s 365 Redes"},"image":{"@id":"https:\/\/candas365.es\/noticias\/nueva-edicion-de-las-excursiones-de-montana-del-pdm-de-carreno\/#organizationLogo"},"sameAs":["https:\/\/www.facebook.com\/Nachofdezber","https:\/\/x.com\/NabercoDigital","https:\/\/www.instagram.com\/nachofdezber\/","https:\/\/www.youtube.com\/channel\/UCZP-2wLEB9Rv6erhFmqVnvg"],"address":{"@id":"https:\/\/candas365.es\/noticias\/#postaladdress","@type":"PostalAddress","streetAddress":"san antonio 4, san antonio 4","postalCode":"33430","addressLocality":"Cand\u00e1s","addressRegion":"Asturias","addressCountry":"ES"}},{"@type":"Person","@id":"https:\/\/candas365.es\/noticias\/author\/admin\/#author","url":"https:\/\/candas365.es\/noticias\/author\/admin\/","name":"Cand\u00e1s 365","image":{"@type":"ImageObject","@id":"https:\/\/candas365.es\/noticias\/nueva-edicion-de-las-excursiones-de-montana-del-pdm-de-carreno\/#authorImage","url":"https:\/\/secure.gravatar.com\/avatar\/496a8e03d0c493ede1718b7934145dbdf8d89be1036b0eec9544e1094c9de390?s=96&d=mm&r=g","width":96,"height":96,"caption":"Cand\u00e1s 365"},"sameAs":["https:\/\/www.facebook.com\/carrenoactualidad","https:\/\/twitter.com\/nbasturias","https:\/\/www.instagram.com\/nachofdezber\/","https:\/\/www.youtube.com\/channel\/UCZP-2wLEB9Rv6erhFmqVnvg"]},{"@type":"WebPage","@id":"https:\/\/candas365.es\/noticias\/nueva-edicion-de-las-excursiones-de-montana-del-pdm-de-carreno\/#webpage","url":"https:\/\/candas365.es\/noticias\/nueva-edicion-de-las-excursiones-de-montana-del-pdm-de-carreno\/","name":"Nueva edici\u00f3n de las excursiones de monta\u00f1a del PDM de Carre\u00f1o | Cand\u00e1s 365","description":"El pr\u00f3ximo d\u00eda 22 domingo, d\u00eda 22 de abril, comienza la trig\u00e9sima edici\u00f3n de las excursiones de monta\u00f1a que organiza el Patronato Deportivo Municipal de Carre\u00f1o. Esta edici\u00f3n consta, como viene siendo habitual, de dos temporadas de cinco rutas cada una, la primera en primavera y otra en oto\u00f1o. La primera actividad ser\u00e1 por la","inLanguage":"es-ES","isPartOf":{"@id":"https:\/\/candas365.es\/noticias\/#website"},"breadcrumb":{"@id":"https:\/\/candas365.es\/noticias\/nueva-edicion-de-las-excursiones-de-montana-del-pdm-de-carreno\/#breadcrumblist"},"author":{"@id":"https:\/\/candas365.es\/noticias\/author\/admin\/#author"},"creator":{"@id":"https:\/\/candas365.es\/noticias\/author\/admin\/#author"},"image":{"@type":"ImageObject","url":"https:\/\/candas365.es\/noticias\/wp-content\/uploads\/2018\/04\/hiker-846094_1280.jpg","@id":"https:\/\/candas365.es\/noticias\/nueva-edicion-de-las-excursiones-de-montana-del-pdm-de-carreno\/#mainImage","width":1280,"height":853},"primaryImageOfPage":{"@id":"https:\/\/candas365.es\/noticias\/nueva-edicion-de-las-excursiones-de-montana-del-pdm-de-carreno\/#mainImage"},"datePublished":"2018-04-14T21:10:06+02:00","dateModified":"2018-04-14T21:10:06+02:00"},{"@type":"WebSite","@id":"https:\/\/candas365.es\/noticias\/#website","url":"https:\/\/candas365.es\/noticias\/","name":"Cand\u00e1s 365","alternateName":"Cand\u00e1s 365 Noticias","description":"Actualidad desde Carre\u00f1o para el mundo","inLanguage":"es-ES","publisher":{"@id":"https:\/\/candas365.es\/noticias\/#organization"}}]},"og:locale":"es_ES","og:site_name":"Cand\u00e1s 365","og:type":"article","og:title":"Nueva edici\u00f3n de las excursiones de monta\u00f1a del PDM de Carre\u00f1o | Cand\u00e1s 365","og:description":"El pr\u00f3ximo d\u00eda 22 domingo, d\u00eda 22 de abril, comienza la trig\u00e9sima edici\u00f3n de las excursiones de monta\u00f1a que organiza el Patronato Deportivo Municipal de Carre\u00f1o. Esta edici\u00f3n consta, como viene siendo habitual, de dos temporadas de cinco rutas cada una, la primera en primavera y otra en oto\u00f1o. La primera actividad ser\u00e1 por la","og:url":"https:\/\/candas365.es\/noticias\/nueva-edicion-de-las-excursiones-de-montana-del-pdm-de-carreno\/","og:image":"https:\/\/candas365.es\/noticias\/wp-content\/uploads\/2018\/04\/hiker-846094_1280.jpg","og:image:secure_url":"https:\/\/candas365.es\/noticias\/wp-content\/uploads\/2018\/04\/hiker-846094_1280.jpg","og:image:width":1280,"og:image:height":853,"article:published_time":"2018-04-14T21:10:06+00:00","article:modified_time":"2018-04-14T21:10:06+00:00","article:publisher":"https:\/\/www.facebook.com\/Nachofdezber","article:author":"https:\/\/www.facebook.com\/carrenoactualidad","twitter:card":"summary_large_image","twitter:site":"@NabercoDigital","twitter:title":"Nueva edici\u00f3n de las excursiones de monta\u00f1a del PDM de Carre\u00f1o | Cand\u00e1s 365","twitter:description":"El pr\u00f3ximo d\u00eda 22 domingo, d\u00eda 22 de abril, comienza la trig\u00e9sima edici\u00f3n de las excursiones de monta\u00f1a que organiza el Patronato Deportivo Municipal de Carre\u00f1o. Esta edici\u00f3n consta, como viene siendo habitual, de dos temporadas de cinco rutas cada una, la primera en primavera y otra en oto\u00f1o. La primera actividad ser\u00e1 por la","twitter:creator":"@nbasturias","twitter:image":"https:\/\/candas365.es\/noticias\/wp-content\/uploads\/2018\/04\/hiker-846094_1280.jpg","twitter:label1":"Escrito por","twitter:data1":"Cand\u00e1s 365","twitter:label2":"Tiempo de lectura estimado","twitter:data2":"2 minutos"},"aioseo_meta_data":{"post_id":"93798","title":null,"description":null,"keywords":null,"keyphrases":null,"primary_term":null,"canonical_url":null,"og_title":null,"og_description":null,"og_object_type":"default","og_image_type":"default","og_image_url":null,"og_image_width":null,"og_image_height":null,"og_image_custom_url":null,"og_image_custom_fields":null,"og_video":null,"og_custom_url":null,"og_article_section":null,"og_article_tags":null,"twitter_use_og":false,"twitter_card":"default","twitter_image_type":"default","twitter_image_url":null,"twitter_image_custom_url":null,"twitter_image_custom_fields":null,"twitter_title":null,"twitter_description":null,"schema":{"blockGraphs":[],"customGraphs":[],"default":{"data":{"Article":[],"Course":[],"Dataset":[],"FAQPage":[],"Movie":[],"Person":[],"Product":[],"ProductReview":[],"Car":[],"Recipe":[],"Service":[],"SoftwareApplication":[],"WebPage":[]},"graphName":"","isEnabled":true},"graphs":[],"defaultGraph":"","defaultPostTypeGraph":""},"schema_type":null,"schema_type_options":null,"pillar_content":false,"robots_default":true,"robots_noindex":false,"robots_noarchive":false,"robots_nosnippet":false,"robots_nofollow":false,"robots_noimageindex":false,"robots_noodp":false,"robots_notranslate":false,"robots_max_snippet":null,"robots_max_videopreview":null,"robots_max_imagepreview":"large","priority":null,"frequency":null,"location":null,"local_seo":null,"seo_analyzer_scan_date":"2025-08-26 18:13:11","breadcrumb_settings":null,"limit_modified_date":false,"reviewed_by":null,"open_ai":null,"ai":null,"created":"2020-12-21 11:53:32","updated":"2025-08-26 18:13:11"},"aioseo_breadcrumb":"<div class=\"aioseo-breadcrumbs\"><span class=\"aioseo-breadcrumb\">\n\t<a href=\"https:\/\/candas365.es\/noticias\" title=\"Home\">Home<\/a>\n<\/span><span class=\"aioseo-breadcrumb-separator\">&ndash;<\/span><span class=\"aioseo-breadcrumb\">\n\t<a href=\"https:\/\/candas365.es\/noticias\/category\/noticias-carreno\/\" title=\"Noticias Carre\u00f1o\">Noticias Carre\u00f1o<\/a>\n<\/span><span class=\"aioseo-breadcrumb-separator\">&ndash;<\/span><span class=\"aioseo-breadcrumb\">\n\tNueva edici\u00f3n de las excursiones de monta\u00f1a del PDM de Carre\u00f1o\n<\/span><\/div>","aioseo_breadcrumb_json":[{"label":"Home","link":"https:\/\/candas365.es\/noticias"},{"label":"Noticias Carre\u00f1o","link":"https:\/\/candas365.es\/noticias\/category\/noticias-carreno\/"},{"label":"Nueva edici\u00f3n de las excursiones de monta\u00f1a del PDM de Carre\u00f1o","link":"https:\/\/candas365.es\/noticias\/nueva-edicion-de-las-excursiones-de-montana-del-pdm-de-carreno\/"}],"_links":{"self":[{"href":"https:\/\/candas365.es\/noticias\/wp-json\/wp\/v2\/posts\/93798","targetHints":{"allow":["GET"]}}],"collection":[{"href":"https:\/\/candas365.es\/noticias\/wp-json\/wp\/v2\/posts"}],"about":[{"href":"https:\/\/candas365.es\/noticias\/wp-json\/wp\/v2\/types\/post"}],"author":[{"embeddable":true,"href":"https:\/\/candas365.es\/noticias\/wp-json\/wp\/v2\/users\/1"}],"replies":[{"embeddable":true,"href":"https:\/\/candas365.es\/noticias\/wp-json\/wp\/v2\/comments?post=93798"}],"version-history":[{"count":0,"href":"https:\/\/candas365.es\/noticias\/wp-json\/wp\/v2\/posts\/93798\/revisions"}],"wp:featuredmedia":[{"embeddable":true,"href":"https:\/\/candas365.es\/noticias\/wp-json\/wp\/v2\/media\/93799"}],"wp:attachment":[{"href":"https:\/\/candas365.es\/noticias\/wp-json\/wp\/v2\/media?parent=93798"}],"wp:term":[{"taxonomy":"category","embeddable":true,"href":"https:\/\/candas365.es\/noticias\/wp-json\/wp\/v2\/categories?post=93798"},{"taxonomy":"post_tag","embeddable":true,"href":"https:\/\/candas365.es\/noticias\/wp-json\/wp\/v2\/tags?post=93798"}],"curies":[{"name":"wp","href":"https:\/\/api.w.org\/{rel}","templated":true}]}}