{"id":93755,"date":"2018-04-14T10:52:54","date_gmt":"2018-04-14T10:52:54","guid":{"rendered":"http:\/\/candas365.es\/noticias\/?p=93755"},"modified":"2018-04-14T10:52:54","modified_gmt":"2018-04-14T10:52:54","slug":"carreno-implantara-el-cuarto-contenedor-para-residuos-organicos-en-otono","status":"publish","type":"post","link":"https:\/\/candas365.es\/noticias\/carreno-implantara-el-cuarto-contenedor-para-residuos-organicos-en-otono\/","title":{"rendered":"Carre\u00f1o implantar\u00e1 el cuarto contenedor para residuos org\u00e1nicos en oto\u00f1o"},"content":{"rendered":"<p><img fetchpriority=\"high\" decoding=\"async\" class=\"alignleft size-medium wp-image-6453\" src=\"https:\/\/candas365.es\/noticias\/wp-content\/uploads\/2015\/01\/ayuntamiento-360x270.jpg\" alt=\"\" width=\"360\" height=\"270\" srcset=\"https:\/\/candas365.es\/noticias\/wp-content\/uploads\/2015\/01\/ayuntamiento-360x270.jpg 360w, https:\/\/candas365.es\/noticias\/wp-content\/uploads\/2015\/01\/ayuntamiento-640x480.jpg 640w, https:\/\/candas365.es\/noticias\/wp-content\/uploads\/2015\/01\/ayuntamiento-768x576.jpg 768w, https:\/\/candas365.es\/noticias\/wp-content\/uploads\/2015\/01\/ayuntamiento-150x113.jpg 150w, https:\/\/candas365.es\/noticias\/wp-content\/uploads\/2015\/01\/ayuntamiento-450x338.jpg 450w, https:\/\/candas365.es\/noticias\/wp-content\/uploads\/2015\/01\/ayuntamiento-80x60.jpg 80w, https:\/\/candas365.es\/noticias\/wp-content\/uploads\/2015\/01\/ayuntamiento-265x198.jpg 265w, https:\/\/candas365.es\/noticias\/wp-content\/uploads\/2015\/01\/ayuntamiento-696x522.jpg 696w, https:\/\/candas365.es\/noticias\/wp-content\/uploads\/2015\/01\/ayuntamiento-560x420.jpg 560w, https:\/\/candas365.es\/noticias\/wp-content\/uploads\/2015\/01\/ayuntamiento-90x67.jpg 90w, https:\/\/candas365.es\/noticias\/wp-content\/uploads\/2015\/01\/ayuntamiento.jpg 800w\" sizes=\"(max-width: 360px) 100vw, 360px\" \/>\u00abEl gobierno local ha asumido como compromiso la mejora sustancial de estos datos y tomando como referencia los trabajos realizados en la Comisi\u00f3n de Medio Ambiente a partir del estudio de viabilidad para la mejora de la recogida separada de residuos municipales en Cand\u00e1s, realizado en 2015, se implantar\u00e1 la recogida separada de residuos org\u00e1nicos dom\u00e9sticos (contenedor marr\u00f3n) en la villa\u00bb, anunci\u00f3 Gabriel Rodr\u00edguez, concejal de medio ambiente.<\/p>\n<p>\u201cAunque la campa\u00f1a de sensibilizaci\u00f3n se iniciar\u00e1 previamente, no ser\u00e1 hasta despu\u00e9s del verano cuando se ponga en marcha el nuevo sistema de recogida. Entendemos que la \u00e9poca estival podr\u00eda suponer m\u00e1s inconvenientes que ventajas a la hora de implantar este nuevo sistema, que incidir\u00e1 en la frecuencia de la recogida habitual del sistema de cubos\u00bb, explic\u00f3 el concejal de medio ambiente.<\/p>\n<p>\u00abEsta evoluci\u00f3n de la gesti\u00f3n de residuos en Carre\u00f1o compatibilizar\u00e1 en el sistema de quita y pon de cubos la recogida de la fracci\u00f3n resto con la recogida exclusiva de residuos org\u00e1nicos y al mismo tiempo se instalar\u00e1 el cuarto contenedor (marr\u00f3n) de forma permanente en las 21 bater\u00edas de recogida selectiva del casco urbano de Cand\u00e1s, a los que el vecindario podr\u00e1 acceder de forma voluntaria (cada persona interesada en utilizarlo dispondr\u00e1 de una llave para poder depositar los residuos org\u00e1nicos en el contenedor marr\u00f3n), se\u00f1al\u00f3 Gabriel Rodr\u00edguez.<\/p>\n<p>\u00abEstamos convencidos de que esta medida incidir\u00e1 de forma positiva en los datos de porcentaje de reciclaje de Carre\u00f1o y que nos situar\u00e1 m\u00e1s cerca de cumplir los objetivos en materia de gesti\u00f3n de residuos vinculados a la econom\u00eda circular\u00bb, concluy\u00f3 el concejal de medio ambiente.<\/p>\n<p>&nbsp;<\/p>\n","protected":false},"excerpt":{"rendered":"<p>\u00abEl gobierno local ha asumido como compromiso la mejora sustancial de estos datos y tomando como referencia los trabajos realizados en la Comisi\u00f3n de Medio Ambiente a partir del estudio de viabilidad para la mejora de la recogida separada de residuos municipales en Cand\u00e1s, realizado en 2015, se implantar\u00e1 la recogida separada de residuos org\u00e1nicos<\/p>\n","protected":false},"author":1,"featured_media":6453,"comment_status":"closed","ping_status":"closed","sticky":false,"template":"","format":"standard","meta":{"footnotes":""},"categories":[2],"tags":[],"class_list":{"0":"post-93755","1":"post","2":"type-post","3":"status-publish","4":"format-standard","5":"has-post-thumbnail","7":"category-noticias-carreno"},"aioseo_notices":[],"aioseo_head":"\n\t\t<!-- All in One SEO Pro 4.9.6.2 - aioseo.com -->\n\t<meta name=\"description\" content=\"&quot;El gobierno local ha asumido como compromiso la mejora sustancial de estos datos y tomando como referencia los trabajos realizados en la Comisi\u00f3n de Medio Ambiente a partir del estudio de viabilidad para la mejora de la recogida separada de residuos municipales en Cand\u00e1s, realizado en 2015, se implantar\u00e1 la recogida separada de residuos org\u00e1nicos\" \/>\n\t<meta name=\"robots\" content=\"max-image-preview:large\" \/>\n\t<meta name=\"author\" content=\"Cand\u00e1s 365\"\/>\n\t<meta name=\"google-site-verification\" content=\"UA-32230408-1\" \/>\n\t<meta name=\"msvalidate.01\" content=\"354F3CDFB2DA171B47FBE9ABF1F88D5\" \/>\n\t<meta name=\"keywords\" content=\"noticias carre\u00f1o\" \/>\n\t<link rel=\"canonical\" href=\"https:\/\/candas365.es\/noticias\/carreno-implantara-el-cuarto-contenedor-para-residuos-organicos-en-otono\/\" \/>\n\t<meta name=\"generator\" content=\"All in One SEO Pro (AIOSEO) 4.9.6.2\" \/>\n\t\t<meta property=\"og:locale\" content=\"es_ES\" \/>\n\t\t<meta property=\"og:site_name\" content=\"Cand\u00e1s 365\" \/>\n\t\t<meta property=\"og:type\" content=\"article\" \/>\n\t\t<meta property=\"og:title\" content=\"Carre\u00f1o implantar\u00e1 el cuarto contenedor para residuos org\u00e1nicos en oto\u00f1o | Cand\u00e1s 365\" \/>\n\t\t<meta property=\"og:description\" content=\"&quot;El gobierno local ha asumido como compromiso la mejora sustancial de estos datos y tomando como referencia los trabajos realizados en la Comisi\u00f3n de Medio Ambiente a partir del estudio de viabilidad para la mejora de la recogida separada de residuos municipales en Cand\u00e1s, realizado en 2015, se implantar\u00e1 la recogida separada de residuos org\u00e1nicos\" \/>\n\t\t<meta property=\"og:url\" content=\"https:\/\/candas365.es\/noticias\/carreno-implantara-el-cuarto-contenedor-para-residuos-organicos-en-otono\/\" \/>\n\t\t<meta property=\"og:image\" content=\"https:\/\/candas365.es\/noticias\/wp-content\/uploads\/2015\/01\/ayuntamiento.jpg\" \/>\n\t\t<meta property=\"og:image:secure_url\" content=\"https:\/\/candas365.es\/noticias\/wp-content\/uploads\/2015\/01\/ayuntamiento.jpg\" \/>\n\t\t<meta property=\"og:image:width\" content=\"800\" \/>\n\t\t<meta property=\"og:image:height\" content=\"600\" \/>\n\t\t<meta property=\"article:published_time\" content=\"2018-04-14T10:52:54+00:00\" \/>\n\t\t<meta property=\"article:modified_time\" content=\"2018-04-14T10:52:54+00:00\" \/>\n\t\t<meta property=\"article:publisher\" content=\"https:\/\/www.facebook.com\/Nachofdezber\" \/>\n\t\t<meta property=\"article:author\" content=\"https:\/\/www.facebook.com\/carrenoactualidad\" \/>\n\t\t<meta name=\"twitter:card\" content=\"summary_large_image\" \/>\n\t\t<meta name=\"twitter:site\" content=\"@NabercoDigital\" \/>\n\t\t<meta name=\"twitter:title\" content=\"Carre\u00f1o implantar\u00e1 el cuarto contenedor para residuos org\u00e1nicos en oto\u00f1o | Cand\u00e1s 365\" \/>\n\t\t<meta name=\"twitter:description\" content=\"&quot;El gobierno local ha asumido como compromiso la mejora sustancial de estos datos y tomando como referencia los trabajos realizados en la Comisi\u00f3n de Medio Ambiente a partir del estudio de viabilidad para la mejora de la recogida separada de residuos municipales en Cand\u00e1s, realizado en 2015, se implantar\u00e1 la recogida separada de residuos org\u00e1nicos\" \/>\n\t\t<meta name=\"twitter:creator\" content=\"@nbasturias\" \/>\n\t\t<meta name=\"twitter:image\" content=\"https:\/\/candas365.es\/noticias\/wp-content\/uploads\/2015\/01\/ayuntamiento.jpg\" \/>\n\t\t<meta name=\"twitter:label1\" content=\"Escrito por\" \/>\n\t\t<meta name=\"twitter:data1\" content=\"Cand\u00e1s 365\" \/>\n\t\t<meta name=\"twitter:label2\" content=\"Tiempo de lectura estimado\" \/>\n\t\t<meta name=\"twitter:data2\" content=\"1 minuto\" \/>\n\t\t<script type=\"application\/ld+json\" class=\"aioseo-schema\">\n\t\t\t{\"@context\":\"https:\\\/\\\/schema.org\",\"@graph\":[{\"@type\":\"BreadcrumbList\",\"@id\":\"https:\\\/\\\/candas365.es\\\/noticias\\\/carreno-implantara-el-cuarto-contenedor-para-residuos-organicos-en-otono\\\/#breadcrumblist\",\"itemListElement\":[{\"@type\":\"ListItem\",\"@id\":\"https:\\\/\\\/candas365.es\\\/noticias#listItem\",\"position\":1,\"name\":\"Home\",\"item\":\"https:\\\/\\\/candas365.es\\\/noticias\",\"nextItem\":{\"@type\":\"ListItem\",\"@id\":\"https:\\\/\\\/candas365.es\\\/noticias\\\/category\\\/noticias-carreno\\\/#listItem\",\"name\":\"Noticias Carre\\u00f1o\"}},{\"@type\":\"ListItem\",\"@id\":\"https:\\\/\\\/candas365.es\\\/noticias\\\/category\\\/noticias-carreno\\\/#listItem\",\"position\":2,\"name\":\"Noticias Carre\\u00f1o\",\"item\":\"https:\\\/\\\/candas365.es\\\/noticias\\\/category\\\/noticias-carreno\\\/\",\"nextItem\":{\"@type\":\"ListItem\",\"@id\":\"https:\\\/\\\/candas365.es\\\/noticias\\\/carreno-implantara-el-cuarto-contenedor-para-residuos-organicos-en-otono\\\/#listItem\",\"name\":\"Carre\\u00f1o implantar\\u00e1 el cuarto contenedor para residuos org\\u00e1nicos en oto\\u00f1o\"},\"previousItem\":{\"@type\":\"ListItem\",\"@id\":\"https:\\\/\\\/candas365.es\\\/noticias#listItem\",\"name\":\"Home\"}},{\"@type\":\"ListItem\",\"@id\":\"https:\\\/\\\/candas365.es\\\/noticias\\\/carreno-implantara-el-cuarto-contenedor-para-residuos-organicos-en-otono\\\/#listItem\",\"position\":3,\"name\":\"Carre\\u00f1o implantar\\u00e1 el cuarto contenedor para residuos org\\u00e1nicos en oto\\u00f1o\",\"previousItem\":{\"@type\":\"ListItem\",\"@id\":\"https:\\\/\\\/candas365.es\\\/noticias\\\/category\\\/noticias-carreno\\\/#listItem\",\"name\":\"Noticias Carre\\u00f1o\"}}]},{\"@type\":\"NewsArticle\",\"@id\":\"https:\\\/\\\/candas365.es\\\/noticias\\\/carreno-implantara-el-cuarto-contenedor-para-residuos-organicos-en-otono\\\/#newsarticle\",\"name\":\"Carre\\u00f1o implantar\\u00e1 el cuarto contenedor para residuos org\\u00e1nicos en oto\\u00f1o | Cand\\u00e1s 365\",\"headline\":\"Carre\\u00f1o implantar\\u00e1 el cuarto contenedor para residuos org\\u00e1nicos en oto\\u00f1o\",\"author\":{\"@id\":\"https:\\\/\\\/candas365.es\\\/noticias\\\/author\\\/admin\\\/#author\"},\"publisher\":{\"@id\":\"https:\\\/\\\/candas365.es\\\/noticias\\\/#organization\"},\"image\":{\"@type\":\"ImageObject\",\"url\":\"https:\\\/\\\/candas365.es\\\/noticias\\\/wp-content\\\/uploads\\\/2015\\\/01\\\/ayuntamiento.jpg\",\"width\":800,\"height\":600,\"caption\":\"Carre\\u00f1o\"},\"datePublished\":\"2018-04-14T10:52:54+02:00\",\"dateModified\":\"2018-04-14T10:52:54+02:00\",\"inLanguage\":\"es-ES\",\"mainEntityOfPage\":{\"@id\":\"https:\\\/\\\/candas365.es\\\/noticias\\\/carreno-implantara-el-cuarto-contenedor-para-residuos-organicos-en-otono\\\/#webpage\"},\"isPartOf\":{\"@id\":\"https:\\\/\\\/candas365.es\\\/noticias\\\/carreno-implantara-el-cuarto-contenedor-para-residuos-organicos-en-otono\\\/#webpage\"},\"articleSection\":\"Noticias Carre\\u00f1o\",\"dateline\":\"Publicado el abril 14, 2018.\"},{\"@type\":\"Organization\",\"@id\":\"https:\\\/\\\/candas365.es\\\/noticias\\\/#organization\",\"name\":\"Cand\\u00e1s 365\",\"description\":\"Cand\\u00e1s 365 es un diario digital independiente, fundado en 2012, con base en Asturias. Informamos con rigor sobre actualidad, sociedad, cultura y ocio, con una mirada local y global.\",\"url\":\"https:\\\/\\\/candas365.es\\\/noticias\\\/\",\"email\":\"info@candas365.es\",\"telephone\":\"+34652131393\",\"foundingDate\":\"2012-06-10\",\"logo\":{\"@type\":\"ImageObject\",\"url\":\"https:\\\/\\\/candas365.es\\\/noticias\\\/wp-content\\\/uploads\\\/2024\\\/09\\\/Candas-365-Redes.jpg\",\"@id\":\"https:\\\/\\\/candas365.es\\\/noticias\\\/carreno-implantara-el-cuarto-contenedor-para-residuos-organicos-en-otono\\\/#organizationLogo\",\"width\":1152,\"height\":864,\"caption\":\"Cand\\u00e1s 365 Redes\"},\"image\":{\"@id\":\"https:\\\/\\\/candas365.es\\\/noticias\\\/carreno-implantara-el-cuarto-contenedor-para-residuos-organicos-en-otono\\\/#organizationLogo\"},\"sameAs\":[\"https:\\\/\\\/www.facebook.com\\\/Nachofdezber\",\"https:\\\/\\\/x.com\\\/NabercoDigital\",\"https:\\\/\\\/www.instagram.com\\\/nachofdezber\\\/\",\"https:\\\/\\\/www.youtube.com\\\/channel\\\/UCZP-2wLEB9Rv6erhFmqVnvg\"],\"address\":{\"@id\":\"https:\\\/\\\/candas365.es\\\/noticias\\\/#postaladdress\",\"@type\":\"PostalAddress\",\"streetAddress\":\"san antonio 4, san antonio 4\",\"postalCode\":\"33430\",\"addressLocality\":\"Cand\\u00e1s\",\"addressRegion\":\"Asturias\",\"addressCountry\":\"ES\"}},{\"@type\":\"Person\",\"@id\":\"https:\\\/\\\/candas365.es\\\/noticias\\\/author\\\/admin\\\/#author\",\"url\":\"https:\\\/\\\/candas365.es\\\/noticias\\\/author\\\/admin\\\/\",\"name\":\"Cand\\u00e1s 365\",\"image\":{\"@type\":\"ImageObject\",\"@id\":\"https:\\\/\\\/candas365.es\\\/noticias\\\/carreno-implantara-el-cuarto-contenedor-para-residuos-organicos-en-otono\\\/#authorImage\",\"url\":\"https:\\\/\\\/secure.gravatar.com\\\/avatar\\\/496a8e03d0c493ede1718b7934145dbdf8d89be1036b0eec9544e1094c9de390?s=96&d=mm&r=g\",\"width\":96,\"height\":96,\"caption\":\"Cand\\u00e1s 365\"},\"sameAs\":[\"https:\\\/\\\/www.facebook.com\\\/carrenoactualidad\",\"https:\\\/\\\/twitter.com\\\/nbasturias\",\"https:\\\/\\\/www.instagram.com\\\/nachofdezber\\\/\",\"https:\\\/\\\/www.youtube.com\\\/channel\\\/UCZP-2wLEB9Rv6erhFmqVnvg\"]},{\"@type\":\"WebPage\",\"@id\":\"https:\\\/\\\/candas365.es\\\/noticias\\\/carreno-implantara-el-cuarto-contenedor-para-residuos-organicos-en-otono\\\/#webpage\",\"url\":\"https:\\\/\\\/candas365.es\\\/noticias\\\/carreno-implantara-el-cuarto-contenedor-para-residuos-organicos-en-otono\\\/\",\"name\":\"Carre\\u00f1o implantar\\u00e1 el cuarto contenedor para residuos org\\u00e1nicos en oto\\u00f1o | Cand\\u00e1s 365\",\"description\":\"\\\"El gobierno local ha asumido como compromiso la mejora sustancial de estos datos y tomando como referencia los trabajos realizados en la Comisi\\u00f3n de Medio Ambiente a partir del estudio de viabilidad para la mejora de la recogida separada de residuos municipales en Cand\\u00e1s, realizado en 2015, se implantar\\u00e1 la recogida separada de residuos org\\u00e1nicos\",\"inLanguage\":\"es-ES\",\"isPartOf\":{\"@id\":\"https:\\\/\\\/candas365.es\\\/noticias\\\/#website\"},\"breadcrumb\":{\"@id\":\"https:\\\/\\\/candas365.es\\\/noticias\\\/carreno-implantara-el-cuarto-contenedor-para-residuos-organicos-en-otono\\\/#breadcrumblist\"},\"author\":{\"@id\":\"https:\\\/\\\/candas365.es\\\/noticias\\\/author\\\/admin\\\/#author\"},\"creator\":{\"@id\":\"https:\\\/\\\/candas365.es\\\/noticias\\\/author\\\/admin\\\/#author\"},\"image\":{\"@type\":\"ImageObject\",\"url\":\"https:\\\/\\\/candas365.es\\\/noticias\\\/wp-content\\\/uploads\\\/2015\\\/01\\\/ayuntamiento.jpg\",\"@id\":\"https:\\\/\\\/candas365.es\\\/noticias\\\/carreno-implantara-el-cuarto-contenedor-para-residuos-organicos-en-otono\\\/#mainImage\",\"width\":800,\"height\":600,\"caption\":\"Carre\\u00f1o\"},\"primaryImageOfPage\":{\"@id\":\"https:\\\/\\\/candas365.es\\\/noticias\\\/carreno-implantara-el-cuarto-contenedor-para-residuos-organicos-en-otono\\\/#mainImage\"},\"datePublished\":\"2018-04-14T10:52:54+02:00\",\"dateModified\":\"2018-04-14T10:52:54+02:00\"},{\"@type\":\"WebSite\",\"@id\":\"https:\\\/\\\/candas365.es\\\/noticias\\\/#website\",\"url\":\"https:\\\/\\\/candas365.es\\\/noticias\\\/\",\"name\":\"Cand\\u00e1s 365\",\"alternateName\":\"Cand\\u00e1s 365 Noticias\",\"description\":\"Actualidad desde Carre\\u00f1o para el mundo\",\"inLanguage\":\"es-ES\",\"publisher\":{\"@id\":\"https:\\\/\\\/candas365.es\\\/noticias\\\/#organization\"}}]}\n\t\t<\/script>\n\t\t<!-- All in One SEO Pro -->\r\n\t\t<title>Carre\u00f1o implantar\u00e1 el cuarto contenedor para residuos org\u00e1nicos en oto\u00f1o | Cand\u00e1s 365<\/title>\n\n","aioseo_head_json":{"title":"Carre\u00f1o implantar\u00e1 el cuarto contenedor para residuos org\u00e1nicos en oto\u00f1o | Cand\u00e1s 365","description":"\"El gobierno local ha asumido como compromiso la mejora sustancial de estos datos y tomando como referencia los trabajos realizados en la Comisi\u00f3n de Medio Ambiente a partir del estudio de viabilidad para la mejora de la recogida separada de residuos municipales en Cand\u00e1s, realizado en 2015, se implantar\u00e1 la recogida separada de residuos org\u00e1nicos","canonical_url":"https:\/\/candas365.es\/noticias\/carreno-implantara-el-cuarto-contenedor-para-residuos-organicos-en-otono\/","robots":"max-image-preview:large","keywords":"noticias carre\u00f1o","webmasterTools":{"google-site-verification":"UA-32230408-1","msvalidate.01":"354F3CDFB2DA171B47FBE9ABF1F88D5","miscellaneous":""},"schema":{"@context":"https:\/\/schema.org","@graph":[{"@type":"BreadcrumbList","@id":"https:\/\/candas365.es\/noticias\/carreno-implantara-el-cuarto-contenedor-para-residuos-organicos-en-otono\/#breadcrumblist","itemListElement":[{"@type":"ListItem","@id":"https:\/\/candas365.es\/noticias#listItem","position":1,"name":"Home","item":"https:\/\/candas365.es\/noticias","nextItem":{"@type":"ListItem","@id":"https:\/\/candas365.es\/noticias\/category\/noticias-carreno\/#listItem","name":"Noticias Carre\u00f1o"}},{"@type":"ListItem","@id":"https:\/\/candas365.es\/noticias\/category\/noticias-carreno\/#listItem","position":2,"name":"Noticias Carre\u00f1o","item":"https:\/\/candas365.es\/noticias\/category\/noticias-carreno\/","nextItem":{"@type":"ListItem","@id":"https:\/\/candas365.es\/noticias\/carreno-implantara-el-cuarto-contenedor-para-residuos-organicos-en-otono\/#listItem","name":"Carre\u00f1o implantar\u00e1 el cuarto contenedor para residuos org\u00e1nicos en oto\u00f1o"},"previousItem":{"@type":"ListItem","@id":"https:\/\/candas365.es\/noticias#listItem","name":"Home"}},{"@type":"ListItem","@id":"https:\/\/candas365.es\/noticias\/carreno-implantara-el-cuarto-contenedor-para-residuos-organicos-en-otono\/#listItem","position":3,"name":"Carre\u00f1o implantar\u00e1 el cuarto contenedor para residuos org\u00e1nicos en oto\u00f1o","previousItem":{"@type":"ListItem","@id":"https:\/\/candas365.es\/noticias\/category\/noticias-carreno\/#listItem","name":"Noticias Carre\u00f1o"}}]},{"@type":"NewsArticle","@id":"https:\/\/candas365.es\/noticias\/carreno-implantara-el-cuarto-contenedor-para-residuos-organicos-en-otono\/#newsarticle","name":"Carre\u00f1o implantar\u00e1 el cuarto contenedor para residuos org\u00e1nicos en oto\u00f1o | Cand\u00e1s 365","headline":"Carre\u00f1o implantar\u00e1 el cuarto contenedor para residuos org\u00e1nicos en oto\u00f1o","author":{"@id":"https:\/\/candas365.es\/noticias\/author\/admin\/#author"},"publisher":{"@id":"https:\/\/candas365.es\/noticias\/#organization"},"image":{"@type":"ImageObject","url":"https:\/\/candas365.es\/noticias\/wp-content\/uploads\/2015\/01\/ayuntamiento.jpg","width":800,"height":600,"caption":"Carre\u00f1o"},"datePublished":"2018-04-14T10:52:54+02:00","dateModified":"2018-04-14T10:52:54+02:00","inLanguage":"es-ES","mainEntityOfPage":{"@id":"https:\/\/candas365.es\/noticias\/carreno-implantara-el-cuarto-contenedor-para-residuos-organicos-en-otono\/#webpage"},"isPartOf":{"@id":"https:\/\/candas365.es\/noticias\/carreno-implantara-el-cuarto-contenedor-para-residuos-organicos-en-otono\/#webpage"},"articleSection":"Noticias Carre\u00f1o","dateline":"Publicado el abril 14, 2018."},{"@type":"Organization","@id":"https:\/\/candas365.es\/noticias\/#organization","name":"Cand\u00e1s 365","description":"Cand\u00e1s 365 es un diario digital independiente, fundado en 2012, con base en Asturias. Informamos con rigor sobre actualidad, sociedad, cultura y ocio, con una mirada local y global.","url":"https:\/\/candas365.es\/noticias\/","email":"info@candas365.es","telephone":"+34652131393","foundingDate":"2012-06-10","logo":{"@type":"ImageObject","url":"https:\/\/candas365.es\/noticias\/wp-content\/uploads\/2024\/09\/Candas-365-Redes.jpg","@id":"https:\/\/candas365.es\/noticias\/carreno-implantara-el-cuarto-contenedor-para-residuos-organicos-en-otono\/#organizationLogo","width":1152,"height":864,"caption":"Cand\u00e1s 365 Redes"},"image":{"@id":"https:\/\/candas365.es\/noticias\/carreno-implantara-el-cuarto-contenedor-para-residuos-organicos-en-otono\/#organizationLogo"},"sameAs":["https:\/\/www.facebook.com\/Nachofdezber","https:\/\/x.com\/NabercoDigital","https:\/\/www.instagram.com\/nachofdezber\/","https:\/\/www.youtube.com\/channel\/UCZP-2wLEB9Rv6erhFmqVnvg"],"address":{"@id":"https:\/\/candas365.es\/noticias\/#postaladdress","@type":"PostalAddress","streetAddress":"san antonio 4, san antonio 4","postalCode":"33430","addressLocality":"Cand\u00e1s","addressRegion":"Asturias","addressCountry":"ES"}},{"@type":"Person","@id":"https:\/\/candas365.es\/noticias\/author\/admin\/#author","url":"https:\/\/candas365.es\/noticias\/author\/admin\/","name":"Cand\u00e1s 365","image":{"@type":"ImageObject","@id":"https:\/\/candas365.es\/noticias\/carreno-implantara-el-cuarto-contenedor-para-residuos-organicos-en-otono\/#authorImage","url":"https:\/\/secure.gravatar.com\/avatar\/496a8e03d0c493ede1718b7934145dbdf8d89be1036b0eec9544e1094c9de390?s=96&d=mm&r=g","width":96,"height":96,"caption":"Cand\u00e1s 365"},"sameAs":["https:\/\/www.facebook.com\/carrenoactualidad","https:\/\/twitter.com\/nbasturias","https:\/\/www.instagram.com\/nachofdezber\/","https:\/\/www.youtube.com\/channel\/UCZP-2wLEB9Rv6erhFmqVnvg"]},{"@type":"WebPage","@id":"https:\/\/candas365.es\/noticias\/carreno-implantara-el-cuarto-contenedor-para-residuos-organicos-en-otono\/#webpage","url":"https:\/\/candas365.es\/noticias\/carreno-implantara-el-cuarto-contenedor-para-residuos-organicos-en-otono\/","name":"Carre\u00f1o implantar\u00e1 el cuarto contenedor para residuos org\u00e1nicos en oto\u00f1o | Cand\u00e1s 365","description":"\"El gobierno local ha asumido como compromiso la mejora sustancial de estos datos y tomando como referencia los trabajos realizados en la Comisi\u00f3n de Medio Ambiente a partir del estudio de viabilidad para la mejora de la recogida separada de residuos municipales en Cand\u00e1s, realizado en 2015, se implantar\u00e1 la recogida separada de residuos org\u00e1nicos","inLanguage":"es-ES","isPartOf":{"@id":"https:\/\/candas365.es\/noticias\/#website"},"breadcrumb":{"@id":"https:\/\/candas365.es\/noticias\/carreno-implantara-el-cuarto-contenedor-para-residuos-organicos-en-otono\/#breadcrumblist"},"author":{"@id":"https:\/\/candas365.es\/noticias\/author\/admin\/#author"},"creator":{"@id":"https:\/\/candas365.es\/noticias\/author\/admin\/#author"},"image":{"@type":"ImageObject","url":"https:\/\/candas365.es\/noticias\/wp-content\/uploads\/2015\/01\/ayuntamiento.jpg","@id":"https:\/\/candas365.es\/noticias\/carreno-implantara-el-cuarto-contenedor-para-residuos-organicos-en-otono\/#mainImage","width":800,"height":600,"caption":"Carre\u00f1o"},"primaryImageOfPage":{"@id":"https:\/\/candas365.es\/noticias\/carreno-implantara-el-cuarto-contenedor-para-residuos-organicos-en-otono\/#mainImage"},"datePublished":"2018-04-14T10:52:54+02:00","dateModified":"2018-04-14T10:52:54+02:00"},{"@type":"WebSite","@id":"https:\/\/candas365.es\/noticias\/#website","url":"https:\/\/candas365.es\/noticias\/","name":"Cand\u00e1s 365","alternateName":"Cand\u00e1s 365 Noticias","description":"Actualidad desde Carre\u00f1o para el mundo","inLanguage":"es-ES","publisher":{"@id":"https:\/\/candas365.es\/noticias\/#organization"}}]},"og:locale":"es_ES","og:site_name":"Cand\u00e1s 365","og:type":"article","og:title":"Carre\u00f1o implantar\u00e1 el cuarto contenedor para residuos org\u00e1nicos en oto\u00f1o | Cand\u00e1s 365","og:description":"&quot;El gobierno local ha asumido como compromiso la mejora sustancial de estos datos y tomando como referencia los trabajos realizados en la Comisi\u00f3n de Medio Ambiente a partir del estudio de viabilidad para la mejora de la recogida separada de residuos municipales en Cand\u00e1s, realizado en 2015, se implantar\u00e1 la recogida separada de residuos org\u00e1nicos","og:url":"https:\/\/candas365.es\/noticias\/carreno-implantara-el-cuarto-contenedor-para-residuos-organicos-en-otono\/","og:image":"https:\/\/candas365.es\/noticias\/wp-content\/uploads\/2015\/01\/ayuntamiento.jpg","og:image:secure_url":"https:\/\/candas365.es\/noticias\/wp-content\/uploads\/2015\/01\/ayuntamiento.jpg","og:image:width":800,"og:image:height":600,"article:published_time":"2018-04-14T10:52:54+00:00","article:modified_time":"2018-04-14T10:52:54+00:00","article:publisher":"https:\/\/www.facebook.com\/Nachofdezber","article:author":"https:\/\/www.facebook.com\/carrenoactualidad","twitter:card":"summary_large_image","twitter:site":"@NabercoDigital","twitter:title":"Carre\u00f1o implantar\u00e1 el cuarto contenedor para residuos org\u00e1nicos en oto\u00f1o | Cand\u00e1s 365","twitter:description":"&quot;El gobierno local ha asumido como compromiso la mejora sustancial de estos datos y tomando como referencia los trabajos realizados en la Comisi\u00f3n de Medio Ambiente a partir del estudio de viabilidad para la mejora de la recogida separada de residuos municipales en Cand\u00e1s, realizado en 2015, se implantar\u00e1 la recogida separada de residuos org\u00e1nicos","twitter:creator":"@nbasturias","twitter:image":"https:\/\/candas365.es\/noticias\/wp-content\/uploads\/2015\/01\/ayuntamiento.jpg","twitter:label1":"Escrito por","twitter:data1":"Cand\u00e1s 365","twitter:label2":"Tiempo de lectura estimado","twitter:data2":"1 minuto"},"aioseo_meta_data":{"post_id":"93755","title":null,"description":null,"keywords":null,"keyphrases":null,"primary_term":null,"canonical_url":null,"og_title":null,"og_description":null,"og_object_type":"default","og_image_type":"default","og_image_url":null,"og_image_width":null,"og_image_height":null,"og_image_custom_url":null,"og_image_custom_fields":null,"og_video":null,"og_custom_url":null,"og_article_section":null,"og_article_tags":null,"twitter_use_og":false,"twitter_card":"default","twitter_image_type":"default","twitter_image_url":null,"twitter_image_custom_url":null,"twitter_image_custom_fields":null,"twitter_title":null,"twitter_description":null,"schema":{"blockGraphs":[],"customGraphs":[],"default":{"data":{"Article":[],"Course":[],"Dataset":[],"FAQPage":[],"Movie":[],"Person":[],"Product":[],"ProductReview":[],"Car":[],"Recipe":[],"Service":[],"SoftwareApplication":[],"WebPage":[]},"graphName":"","isEnabled":true},"graphs":[]},"schema_type":null,"schema_type_options":null,"pillar_content":false,"robots_default":true,"robots_noindex":false,"robots_noarchive":false,"robots_nosnippet":false,"robots_nofollow":false,"robots_noimageindex":false,"robots_noodp":false,"robots_notranslate":false,"robots_max_snippet":null,"robots_max_videopreview":null,"robots_max_imagepreview":"large","priority":null,"frequency":null,"location":null,"local_seo":null,"seo_analyzer_scan_date":"2025-08-26 18:09:12","breadcrumb_settings":null,"limit_modified_date":false,"reviewed_by":null,"open_ai":null,"ai":null,"created":"2020-12-21 11:53:32","updated":"2025-08-26 18:09:12"},"aioseo_breadcrumb":"<div class=\"aioseo-breadcrumbs\"><span class=\"aioseo-breadcrumb\">\n\t<a href=\"https:\/\/candas365.es\/noticias\" title=\"Home\">Home<\/a>\n<\/span><span class=\"aioseo-breadcrumb-separator\">&ndash;<\/span><span class=\"aioseo-breadcrumb\">\n\t<a href=\"https:\/\/candas365.es\/noticias\/category\/noticias-carreno\/\" title=\"Noticias Carre\u00f1o\">Noticias Carre\u00f1o<\/a>\n<\/span><span class=\"aioseo-breadcrumb-separator\">&ndash;<\/span><span class=\"aioseo-breadcrumb\">\n\tCarre\u00f1o implantar\u00e1 el cuarto contenedor para residuos org\u00e1nicos en oto\u00f1o\n<\/span><\/div>","aioseo_breadcrumb_json":[{"label":"Home","link":"https:\/\/candas365.es\/noticias"},{"label":"Noticias Carre\u00f1o","link":"https:\/\/candas365.es\/noticias\/category\/noticias-carreno\/"},{"label":"Carre\u00f1o implantar\u00e1 el cuarto contenedor para residuos org\u00e1nicos en oto\u00f1o","link":"https:\/\/candas365.es\/noticias\/carreno-implantara-el-cuarto-contenedor-para-residuos-organicos-en-otono\/"}],"_links":{"self":[{"href":"https:\/\/candas365.es\/noticias\/wp-json\/wp\/v2\/posts\/93755","targetHints":{"allow":["GET"]}}],"collection":[{"href":"https:\/\/candas365.es\/noticias\/wp-json\/wp\/v2\/posts"}],"about":[{"href":"https:\/\/candas365.es\/noticias\/wp-json\/wp\/v2\/types\/post"}],"author":[{"embeddable":true,"href":"https:\/\/candas365.es\/noticias\/wp-json\/wp\/v2\/users\/1"}],"replies":[{"embeddable":true,"href":"https:\/\/candas365.es\/noticias\/wp-json\/wp\/v2\/comments?post=93755"}],"version-history":[{"count":0,"href":"https:\/\/candas365.es\/noticias\/wp-json\/wp\/v2\/posts\/93755\/revisions"}],"wp:featuredmedia":[{"embeddable":true,"href":"https:\/\/candas365.es\/noticias\/wp-json\/wp\/v2\/media\/6453"}],"wp:attachment":[{"href":"https:\/\/candas365.es\/noticias\/wp-json\/wp\/v2\/media?parent=93755"}],"wp:term":[{"taxonomy":"category","embeddable":true,"href":"https:\/\/candas365.es\/noticias\/wp-json\/wp\/v2\/categories?post=93755"},{"taxonomy":"post_tag","embeddable":true,"href":"https:\/\/candas365.es\/noticias\/wp-json\/wp\/v2\/tags?post=93755"}],"curies":[{"name":"wp","href":"https:\/\/api.w.org\/{rel}","templated":true}]}}