{"id":93691,"date":"2018-04-13T14:19:19","date_gmt":"2018-04-13T14:19:19","guid":{"rendered":"http:\/\/candas365.es\/noticias\/?p=93691"},"modified":"2018-04-13T14:19:19","modified_gmt":"2018-04-13T14:19:19","slug":"los-ganadores-del-concurso-de-marca-paginas-de-candas","status":"publish","type":"post","link":"https:\/\/candas365.es\/noticias\/los-ganadores-del-concurso-de-marca-paginas-de-candas\/","title":{"rendered":"Los ganadores del \u201cConcurso de Marca-p\u00e1ginas\u201d de Cand\u00e1s"},"content":{"rendered":"<p><img fetchpriority=\"high\" decoding=\"async\" class=\"alignleft size-medium wp-image-93692\" src=\"https:\/\/candas365.es\/noticias\/wp-content\/uploads\/2018\/04\/6434-360x270.jpg\" alt=\"\" width=\"360\" height=\"270\" srcset=\"https:\/\/candas365.es\/noticias\/wp-content\/uploads\/2018\/04\/6434-360x270.jpg 360w, https:\/\/candas365.es\/noticias\/wp-content\/uploads\/2018\/04\/6434-80x60.jpg 80w, https:\/\/candas365.es\/noticias\/wp-content\/uploads\/2018\/04\/6434-265x198.jpg 265w, https:\/\/candas365.es\/noticias\/wp-content\/uploads\/2018\/04\/6434-560x420.jpg 560w, https:\/\/candas365.es\/noticias\/wp-content\/uploads\/2018\/04\/6434.jpg 640w, https:\/\/candas365.es\/noticias\/wp-content\/uploads\/2018\/04\/6434-90x67.jpg 90w\" sizes=\"(max-width: 360px) 100vw, 360px\" \/>Desde hace quince a\u00f1os el Ayuntamiento de Carre\u00f1o, a trav\u00e9s de la Biblioteca P\u00fablica Municipal \u201cCarlos Gonz\u00e1lez Posada\u201d de Cand\u00e1s, organiza el \u201cConcurso de Marca-p\u00e1ginas\u201d.<\/p>\n<p>El jurado, reunido en la ma\u00f1ana de hoy ha tenido una tarea ardua. Dado que hasta el 10 de abril , fecha l\u00edmite para presentar los trabajos, es decir, los marca-p\u00e1ginas originales se han presentado un total de 778 marca-p\u00e1ginas., superando en casi un centenar los presentados en la pasada edici\u00f3n.<\/p>\n<p>Este a\u00f1o el tema elegido para este a\u00f1o 2018, que ha servido de fuente de inspiraci\u00f3n, ha sido \u201cMonstruos de Cuento\u201d, coincidiendo con el bicentenario de la publicaci\u00f3n de \u201cFrankeinstein\u201d de Mary W. Shelley.<\/p>\n<p>Como inspiraci\u00f3n se han podido utilizar cualquiera de las m\u00faltiples obras en las que los monstruos son los protagonistas, o bien las personas participantes han podido dejar volar la imaginaci\u00f3n y crear sus propios monstruos.Para ello en unos de los espacios de la biblioteca los m\u00e1s peque\u00f1os y peque\u00f1as de la casa han podido disfrutar de una selecci\u00f3n de libros y cuentos sobre la tem\u00e1tica de esta edici\u00f3n.<\/p>\n<p>En esta edici\u00f3n del \u201cXV Concurso de Marc\u00e1p\u00e1ginas 2018\u201d se han establecido dos categor\u00edas:<\/p>\n<p>&#8211; ni\u00f1os y ni\u00f1as de 0 a 7 a\u00f1os<br \/>\n&#8211; ni\u00f1os y ni\u00f1as de 8 a 12 a\u00f1os.<\/p>\n<p>En la bases se establec\u00eda un primer premio y dos acc\u00e9sit para cada una de las categor\u00edas. Consistiendo los premios en un diploma y un lote de libros. Adem\u00e1s los marca-p\u00e1ginas ganadores ser\u00e1n la imagen de la Biblioteca Municipal para el a\u00f1o 2018.<\/p>\n<p>El Jurado formado por personas vinculadas al mundo de la cultura y el arte ha estado compuesto por Ala\u00edn Fernandez, Gerente del Centro Cultural Teatro Prendes; Dolores Villameriel, Directora del Patronato Museo Ant\u00f3n; Cecilia Tasc\u00f3n, Concejala de Cultura y actuando como Presidenta Amelia Fern\u00e1ndez, Alcaldesa de Carre\u00f1o; haciendo las funciones de secretaria Carmen Dint\u00e9n, Bibliotecaria Municipal, ha decido premiar los siguientes trabajos:<\/p>\n<p><strong>1. Categor\u00eda de 0 a 7 a\u00f1os:<\/strong><\/p>\n<p>\u2022 Primer Premio: Aurora Castroagud\u00edn Mu\u00f1\u00edz, de 7 a\u00f1os<br \/>\n\u2022 Acc\u00e9sit:<\/p>\n<p>&#8211; Carlota Garc\u00eda Fern\u00e1ndez, de 7 a\u00f1os<\/p>\n<p>&#8211; Lorena Serrano Sanz, de 7 a\u00f1os<\/p>\n<p><strong>2. Categor\u00eda de 8 a 12 a\u00f1os:<\/strong><\/p>\n<p>\u2022 Primer Premio: Sergio Men\u00e9ndez Mart\u00ednez, de 12 a\u00f1os.<br \/>\n\u2022 Acc\u00e9sit:<\/p>\n<p>&#8211; Blanca Garrido Rodr\u00edguez, de 8 a\u00f1os.<\/p>\n<p>&#8211; Mart\u00edn Pe\u00f1a Alba, de 10 a\u00f1os.<\/p>\n<p>\u201cAs\u00ed mismo el Jurado ha decido conceder a un tercer acc\u00e9sit en la categor\u00eda de 0 a 7 a\u00f1os a la obra conjunta presentada por el aula \u201cLos Delfines\u201d de la Escuela Infantil \u201cLa Marinera\u201d de Cand\u00e1s \u201d concluy\u00f3 Tasc\u00f3n.<\/p>\n<p>Tras la deliberaci\u00f3n del Jurado los 778 Marca-p\u00e1ginas ser\u00e1n expuestos en una exposici\u00f3n conjunta en la Biblioteca Municipal. La exposici\u00f3n se podr\u00e1 visitar en el horario habitual del Centro Municipal. Adem\u00e1s en la Sala Polivalente de la Biblioteca estar\u00e1n expuestos los marca-p\u00e1ginas ganadores y finalistas de a\u00f1os anteriores \u201cConcurso de Marca-p\u00e1ginas\u201d,<\/p>\n<p>Encuadrada dentro de los actos de celebraci\u00f3n del D\u00eda del Libro, la entrega de los premios tendr\u00e1 lugar en la Sala Infantil de la Biblioteca Municipal \u201cCarlos Gonz\u00e1lez Posada\u201d el lunes 23 de abril a las 17:30 horas. En el transcurso del acto \u201cCuentacuentos Puppy\u00b4s\u201d deleitar\u00e1 a los m\u00e1s peque\u00f1os y peque\u00f1as con el Cuentacuentos \u201cMonstruos de Colores\u201d.<\/p>\n<p>Como actividad complementaria a este XV edici\u00f3n del Concurso de Marca-p\u00e1ginas, la Biblioteca Municipal ha organizado la actividad \u201cSoy Tragaldabas\u201d. En las que junto a los libros y cuentos de monstruos se ha instalado un Photocall del peque\u00f1o Frankeinstein y el monstruo Tragaldabas. Donde \u201cTragaldabas\u201d, el monstruo que se zampa los miedos. Ped\u00eda a los ni\u00f1os y ni\u00f1as que tuviesen un miedo que lo dibujasen y se lo diesen, para com\u00e9rselo hasta que se desapareciese. Entre todos los miedos presentados se han sorteado unos libros que ser\u00e1n entregados en el acto del 23 de abril<\/p>\n","protected":false},"excerpt":{"rendered":"<p>Desde hace quince a\u00f1os el Ayuntamiento de Carre\u00f1o, a trav\u00e9s de la Biblioteca P\u00fablica Municipal \u201cCarlos Gonz\u00e1lez Posada\u201d de Cand\u00e1s, organiza el \u201cConcurso de Marca-p\u00e1ginas\u201d. El jurado, reunido en la ma\u00f1ana de hoy ha tenido una tarea ardua. Dado que hasta el 10 de abril , fecha l\u00edmite para presentar los trabajos, es decir, los<\/p>\n","protected":false},"author":1,"featured_media":93692,"comment_status":"closed","ping_status":"closed","sticky":false,"template":"","format":"standard","meta":{"footnotes":""},"categories":[2],"tags":[],"class_list":{"0":"post-93691","1":"post","2":"type-post","3":"status-publish","4":"format-standard","5":"has-post-thumbnail","7":"category-noticias-carreno"},"aioseo_notices":[],"aioseo_head":"\n\t\t<!-- All in One SEO Pro 4.9.6.2 - aioseo.com -->\n\t<meta name=\"description\" content=\"Desde hace quince a\u00f1os el Ayuntamiento de Carre\u00f1o, a trav\u00e9s de la Biblioteca P\u00fablica Municipal \u201cCarlos Gonz\u00e1lez Posada\u201d de Cand\u00e1s, organiza el \u201cConcurso de Marca-p\u00e1ginas\u201d. El jurado, reunido en la ma\u00f1ana de hoy ha tenido una tarea ardua. Dado que hasta el 10 de abril , fecha l\u00edmite para presentar los trabajos, es decir, los\" \/>\n\t<meta name=\"robots\" content=\"max-image-preview:large\" \/>\n\t<meta name=\"author\" content=\"Cand\u00e1s 365\"\/>\n\t<meta name=\"google-site-verification\" content=\"UA-32230408-1\" \/>\n\t<meta name=\"msvalidate.01\" content=\"354F3CDFB2DA171B47FBE9ABF1F88D5\" \/>\n\t<meta name=\"keywords\" content=\"noticias carre\u00f1o\" \/>\n\t<link rel=\"canonical\" href=\"https:\/\/candas365.es\/noticias\/los-ganadores-del-concurso-de-marca-paginas-de-candas\/\" \/>\n\t<meta name=\"generator\" content=\"All in One SEO Pro (AIOSEO) 4.9.6.2\" \/>\n\t\t<meta property=\"og:locale\" content=\"es_ES\" \/>\n\t\t<meta property=\"og:site_name\" content=\"Cand\u00e1s 365\" \/>\n\t\t<meta property=\"og:type\" content=\"article\" \/>\n\t\t<meta property=\"og:title\" content=\"Los ganadores del \u201cConcurso de Marca-p\u00e1ginas\u201d de Cand\u00e1s | Cand\u00e1s 365\" \/>\n\t\t<meta property=\"og:description\" content=\"Desde hace quince a\u00f1os el Ayuntamiento de Carre\u00f1o, a trav\u00e9s de la Biblioteca P\u00fablica Municipal \u201cCarlos Gonz\u00e1lez Posada\u201d de Cand\u00e1s, organiza el \u201cConcurso de Marca-p\u00e1ginas\u201d. El jurado, reunido en la ma\u00f1ana de hoy ha tenido una tarea ardua. Dado que hasta el 10 de abril , fecha l\u00edmite para presentar los trabajos, es decir, los\" \/>\n\t\t<meta property=\"og:url\" content=\"https:\/\/candas365.es\/noticias\/los-ganadores-del-concurso-de-marca-paginas-de-candas\/\" \/>\n\t\t<meta property=\"og:image\" content=\"https:\/\/candas365.es\/noticias\/wp-content\/uploads\/2018\/04\/6434.jpg\" \/>\n\t\t<meta property=\"og:image:secure_url\" content=\"https:\/\/candas365.es\/noticias\/wp-content\/uploads\/2018\/04\/6434.jpg\" \/>\n\t\t<meta property=\"og:image:width\" content=\"640\" \/>\n\t\t<meta property=\"og:image:height\" content=\"480\" \/>\n\t\t<meta property=\"article:published_time\" content=\"2018-04-13T14:19:19+00:00\" \/>\n\t\t<meta property=\"article:modified_time\" content=\"2018-04-13T14:19:19+00:00\" \/>\n\t\t<meta property=\"article:publisher\" content=\"https:\/\/www.facebook.com\/Nachofdezber\" \/>\n\t\t<meta property=\"article:author\" content=\"https:\/\/www.facebook.com\/carrenoactualidad\" \/>\n\t\t<meta name=\"twitter:card\" content=\"summary_large_image\" \/>\n\t\t<meta name=\"twitter:site\" content=\"@NabercoDigital\" \/>\n\t\t<meta name=\"twitter:title\" content=\"Los ganadores del \u201cConcurso de Marca-p\u00e1ginas\u201d de Cand\u00e1s | Cand\u00e1s 365\" \/>\n\t\t<meta name=\"twitter:description\" content=\"Desde hace quince a\u00f1os el Ayuntamiento de Carre\u00f1o, a trav\u00e9s de la Biblioteca P\u00fablica Municipal \u201cCarlos Gonz\u00e1lez Posada\u201d de Cand\u00e1s, organiza el \u201cConcurso de Marca-p\u00e1ginas\u201d. El jurado, reunido en la ma\u00f1ana de hoy ha tenido una tarea ardua. Dado que hasta el 10 de abril , fecha l\u00edmite para presentar los trabajos, es decir, los\" \/>\n\t\t<meta name=\"twitter:creator\" content=\"@nbasturias\" \/>\n\t\t<meta name=\"twitter:image\" content=\"https:\/\/candas365.es\/noticias\/wp-content\/uploads\/2018\/04\/6434.jpg\" \/>\n\t\t<meta name=\"twitter:label1\" content=\"Escrito por\" \/>\n\t\t<meta name=\"twitter:data1\" content=\"Cand\u00e1s 365\" \/>\n\t\t<meta name=\"twitter:label2\" content=\"Tiempo de lectura estimado\" \/>\n\t\t<meta name=\"twitter:data2\" content=\"3 minutos\" \/>\n\t\t<script type=\"application\/ld+json\" class=\"aioseo-schema\">\n\t\t\t{\"@context\":\"https:\\\/\\\/schema.org\",\"@graph\":[{\"@type\":\"BreadcrumbList\",\"@id\":\"https:\\\/\\\/candas365.es\\\/noticias\\\/los-ganadores-del-concurso-de-marca-paginas-de-candas\\\/#breadcrumblist\",\"itemListElement\":[{\"@type\":\"ListItem\",\"@id\":\"https:\\\/\\\/candas365.es\\\/noticias#listItem\",\"position\":1,\"name\":\"Home\",\"item\":\"https:\\\/\\\/candas365.es\\\/noticias\",\"nextItem\":{\"@type\":\"ListItem\",\"@id\":\"https:\\\/\\\/candas365.es\\\/noticias\\\/category\\\/noticias-carreno\\\/#listItem\",\"name\":\"Noticias Carre\\u00f1o\"}},{\"@type\":\"ListItem\",\"@id\":\"https:\\\/\\\/candas365.es\\\/noticias\\\/category\\\/noticias-carreno\\\/#listItem\",\"position\":2,\"name\":\"Noticias Carre\\u00f1o\",\"item\":\"https:\\\/\\\/candas365.es\\\/noticias\\\/category\\\/noticias-carreno\\\/\",\"nextItem\":{\"@type\":\"ListItem\",\"@id\":\"https:\\\/\\\/candas365.es\\\/noticias\\\/los-ganadores-del-concurso-de-marca-paginas-de-candas\\\/#listItem\",\"name\":\"Los ganadores del \\u201cConcurso de Marca-p\\u00e1ginas\\u201d de Cand\\u00e1s\"},\"previousItem\":{\"@type\":\"ListItem\",\"@id\":\"https:\\\/\\\/candas365.es\\\/noticias#listItem\",\"name\":\"Home\"}},{\"@type\":\"ListItem\",\"@id\":\"https:\\\/\\\/candas365.es\\\/noticias\\\/los-ganadores-del-concurso-de-marca-paginas-de-candas\\\/#listItem\",\"position\":3,\"name\":\"Los ganadores del \\u201cConcurso de Marca-p\\u00e1ginas\\u201d de Cand\\u00e1s\",\"previousItem\":{\"@type\":\"ListItem\",\"@id\":\"https:\\\/\\\/candas365.es\\\/noticias\\\/category\\\/noticias-carreno\\\/#listItem\",\"name\":\"Noticias Carre\\u00f1o\"}}]},{\"@type\":\"NewsArticle\",\"@id\":\"https:\\\/\\\/candas365.es\\\/noticias\\\/los-ganadores-del-concurso-de-marca-paginas-de-candas\\\/#newsarticle\",\"name\":\"Los ganadores del \\u201cConcurso de Marca-p\\u00e1ginas\\u201d de Cand\\u00e1s | Cand\\u00e1s 365\",\"headline\":\"Los ganadores del \\u201cConcurso de Marca-p\\u00e1ginas\\u201d de Cand\\u00e1s\",\"author\":{\"@id\":\"https:\\\/\\\/candas365.es\\\/noticias\\\/author\\\/admin\\\/#author\"},\"publisher\":{\"@id\":\"https:\\\/\\\/candas365.es\\\/noticias\\\/#organization\"},\"image\":{\"@type\":\"ImageObject\",\"url\":\"https:\\\/\\\/candas365.es\\\/noticias\\\/wp-content\\\/uploads\\\/2018\\\/04\\\/6434.jpg\",\"width\":640,\"height\":480},\"datePublished\":\"2018-04-13T14:19:19+02:00\",\"dateModified\":\"2018-04-13T14:19:19+02:00\",\"inLanguage\":\"es-ES\",\"mainEntityOfPage\":{\"@id\":\"https:\\\/\\\/candas365.es\\\/noticias\\\/los-ganadores-del-concurso-de-marca-paginas-de-candas\\\/#webpage\"},\"isPartOf\":{\"@id\":\"https:\\\/\\\/candas365.es\\\/noticias\\\/los-ganadores-del-concurso-de-marca-paginas-de-candas\\\/#webpage\"},\"articleSection\":\"Noticias Carre\\u00f1o\",\"dateline\":\"Publicado el abril 13, 2018.\"},{\"@type\":\"Organization\",\"@id\":\"https:\\\/\\\/candas365.es\\\/noticias\\\/#organization\",\"name\":\"Cand\\u00e1s 365\",\"description\":\"Cand\\u00e1s 365 es un diario digital independiente, fundado en 2012, con base en Asturias. Informamos con rigor sobre actualidad, sociedad, cultura y ocio, con una mirada local y global.\",\"url\":\"https:\\\/\\\/candas365.es\\\/noticias\\\/\",\"email\":\"info@candas365.es\",\"telephone\":\"+34652131393\",\"foundingDate\":\"2012-06-10\",\"logo\":{\"@type\":\"ImageObject\",\"url\":\"https:\\\/\\\/candas365.es\\\/noticias\\\/wp-content\\\/uploads\\\/2024\\\/09\\\/Candas-365-Redes.jpg\",\"@id\":\"https:\\\/\\\/candas365.es\\\/noticias\\\/los-ganadores-del-concurso-de-marca-paginas-de-candas\\\/#organizationLogo\",\"width\":1152,\"height\":864,\"caption\":\"Cand\\u00e1s 365 Redes\"},\"image\":{\"@id\":\"https:\\\/\\\/candas365.es\\\/noticias\\\/los-ganadores-del-concurso-de-marca-paginas-de-candas\\\/#organizationLogo\"},\"sameAs\":[\"https:\\\/\\\/www.facebook.com\\\/Nachofdezber\",\"https:\\\/\\\/x.com\\\/NabercoDigital\",\"https:\\\/\\\/www.instagram.com\\\/nachofdezber\\\/\",\"https:\\\/\\\/www.youtube.com\\\/channel\\\/UCZP-2wLEB9Rv6erhFmqVnvg\"],\"address\":{\"@id\":\"https:\\\/\\\/candas365.es\\\/noticias\\\/#postaladdress\",\"@type\":\"PostalAddress\",\"streetAddress\":\"san antonio 4, san antonio 4\",\"postalCode\":\"33430\",\"addressLocality\":\"Cand\\u00e1s\",\"addressRegion\":\"Asturias\",\"addressCountry\":\"ES\"}},{\"@type\":\"Person\",\"@id\":\"https:\\\/\\\/candas365.es\\\/noticias\\\/author\\\/admin\\\/#author\",\"url\":\"https:\\\/\\\/candas365.es\\\/noticias\\\/author\\\/admin\\\/\",\"name\":\"Cand\\u00e1s 365\",\"image\":{\"@type\":\"ImageObject\",\"@id\":\"https:\\\/\\\/candas365.es\\\/noticias\\\/los-ganadores-del-concurso-de-marca-paginas-de-candas\\\/#authorImage\",\"url\":\"https:\\\/\\\/secure.gravatar.com\\\/avatar\\\/496a8e03d0c493ede1718b7934145dbdf8d89be1036b0eec9544e1094c9de390?s=96&d=mm&r=g\",\"width\":96,\"height\":96,\"caption\":\"Cand\\u00e1s 365\"},\"sameAs\":[\"https:\\\/\\\/www.facebook.com\\\/carrenoactualidad\",\"https:\\\/\\\/twitter.com\\\/nbasturias\",\"https:\\\/\\\/www.instagram.com\\\/nachofdezber\\\/\",\"https:\\\/\\\/www.youtube.com\\\/channel\\\/UCZP-2wLEB9Rv6erhFmqVnvg\"]},{\"@type\":\"WebPage\",\"@id\":\"https:\\\/\\\/candas365.es\\\/noticias\\\/los-ganadores-del-concurso-de-marca-paginas-de-candas\\\/#webpage\",\"url\":\"https:\\\/\\\/candas365.es\\\/noticias\\\/los-ganadores-del-concurso-de-marca-paginas-de-candas\\\/\",\"name\":\"Los ganadores del \\u201cConcurso de Marca-p\\u00e1ginas\\u201d de Cand\\u00e1s | Cand\\u00e1s 365\",\"description\":\"Desde hace quince a\\u00f1os el Ayuntamiento de Carre\\u00f1o, a trav\\u00e9s de la Biblioteca P\\u00fablica Municipal \\u201cCarlos Gonz\\u00e1lez Posada\\u201d de Cand\\u00e1s, organiza el \\u201cConcurso de Marca-p\\u00e1ginas\\u201d. El jurado, reunido en la ma\\u00f1ana de hoy ha tenido una tarea ardua. Dado que hasta el 10 de abril , fecha l\\u00edmite para presentar los trabajos, es decir, los\",\"inLanguage\":\"es-ES\",\"isPartOf\":{\"@id\":\"https:\\\/\\\/candas365.es\\\/noticias\\\/#website\"},\"breadcrumb\":{\"@id\":\"https:\\\/\\\/candas365.es\\\/noticias\\\/los-ganadores-del-concurso-de-marca-paginas-de-candas\\\/#breadcrumblist\"},\"author\":{\"@id\":\"https:\\\/\\\/candas365.es\\\/noticias\\\/author\\\/admin\\\/#author\"},\"creator\":{\"@id\":\"https:\\\/\\\/candas365.es\\\/noticias\\\/author\\\/admin\\\/#author\"},\"image\":{\"@type\":\"ImageObject\",\"url\":\"https:\\\/\\\/candas365.es\\\/noticias\\\/wp-content\\\/uploads\\\/2018\\\/04\\\/6434.jpg\",\"@id\":\"https:\\\/\\\/candas365.es\\\/noticias\\\/los-ganadores-del-concurso-de-marca-paginas-de-candas\\\/#mainImage\",\"width\":640,\"height\":480},\"primaryImageOfPage\":{\"@id\":\"https:\\\/\\\/candas365.es\\\/noticias\\\/los-ganadores-del-concurso-de-marca-paginas-de-candas\\\/#mainImage\"},\"datePublished\":\"2018-04-13T14:19:19+02:00\",\"dateModified\":\"2018-04-13T14:19:19+02:00\"},{\"@type\":\"WebSite\",\"@id\":\"https:\\\/\\\/candas365.es\\\/noticias\\\/#website\",\"url\":\"https:\\\/\\\/candas365.es\\\/noticias\\\/\",\"name\":\"Cand\\u00e1s 365\",\"alternateName\":\"Cand\\u00e1s 365 Noticias\",\"description\":\"Actualidad desde Carre\\u00f1o para el mundo\",\"inLanguage\":\"es-ES\",\"publisher\":{\"@id\":\"https:\\\/\\\/candas365.es\\\/noticias\\\/#organization\"}}]}\n\t\t<\/script>\n\t\t<!-- All in One SEO Pro -->\r\n\t\t<title>Los ganadores del \u201cConcurso de Marca-p\u00e1ginas\u201d de Cand\u00e1s | Cand\u00e1s 365<\/title>\n\n","aioseo_head_json":{"title":"Los ganadores del \u201cConcurso de Marca-p\u00e1ginas\u201d de Cand\u00e1s | Cand\u00e1s 365","description":"Desde hace quince a\u00f1os el Ayuntamiento de Carre\u00f1o, a trav\u00e9s de la Biblioteca P\u00fablica Municipal \u201cCarlos Gonz\u00e1lez Posada\u201d de Cand\u00e1s, organiza el \u201cConcurso de Marca-p\u00e1ginas\u201d. El jurado, reunido en la ma\u00f1ana de hoy ha tenido una tarea ardua. Dado que hasta el 10 de abril , fecha l\u00edmite para presentar los trabajos, es decir, los","canonical_url":"https:\/\/candas365.es\/noticias\/los-ganadores-del-concurso-de-marca-paginas-de-candas\/","robots":"max-image-preview:large","keywords":"noticias carre\u00f1o","webmasterTools":{"google-site-verification":"UA-32230408-1","msvalidate.01":"354F3CDFB2DA171B47FBE9ABF1F88D5","miscellaneous":""},"schema":{"@context":"https:\/\/schema.org","@graph":[{"@type":"BreadcrumbList","@id":"https:\/\/candas365.es\/noticias\/los-ganadores-del-concurso-de-marca-paginas-de-candas\/#breadcrumblist","itemListElement":[{"@type":"ListItem","@id":"https:\/\/candas365.es\/noticias#listItem","position":1,"name":"Home","item":"https:\/\/candas365.es\/noticias","nextItem":{"@type":"ListItem","@id":"https:\/\/candas365.es\/noticias\/category\/noticias-carreno\/#listItem","name":"Noticias Carre\u00f1o"}},{"@type":"ListItem","@id":"https:\/\/candas365.es\/noticias\/category\/noticias-carreno\/#listItem","position":2,"name":"Noticias Carre\u00f1o","item":"https:\/\/candas365.es\/noticias\/category\/noticias-carreno\/","nextItem":{"@type":"ListItem","@id":"https:\/\/candas365.es\/noticias\/los-ganadores-del-concurso-de-marca-paginas-de-candas\/#listItem","name":"Los ganadores del \u201cConcurso de Marca-p\u00e1ginas\u201d de Cand\u00e1s"},"previousItem":{"@type":"ListItem","@id":"https:\/\/candas365.es\/noticias#listItem","name":"Home"}},{"@type":"ListItem","@id":"https:\/\/candas365.es\/noticias\/los-ganadores-del-concurso-de-marca-paginas-de-candas\/#listItem","position":3,"name":"Los ganadores del \u201cConcurso de Marca-p\u00e1ginas\u201d de Cand\u00e1s","previousItem":{"@type":"ListItem","@id":"https:\/\/candas365.es\/noticias\/category\/noticias-carreno\/#listItem","name":"Noticias Carre\u00f1o"}}]},{"@type":"NewsArticle","@id":"https:\/\/candas365.es\/noticias\/los-ganadores-del-concurso-de-marca-paginas-de-candas\/#newsarticle","name":"Los ganadores del \u201cConcurso de Marca-p\u00e1ginas\u201d de Cand\u00e1s | Cand\u00e1s 365","headline":"Los ganadores del \u201cConcurso de Marca-p\u00e1ginas\u201d de Cand\u00e1s","author":{"@id":"https:\/\/candas365.es\/noticias\/author\/admin\/#author"},"publisher":{"@id":"https:\/\/candas365.es\/noticias\/#organization"},"image":{"@type":"ImageObject","url":"https:\/\/candas365.es\/noticias\/wp-content\/uploads\/2018\/04\/6434.jpg","width":640,"height":480},"datePublished":"2018-04-13T14:19:19+02:00","dateModified":"2018-04-13T14:19:19+02:00","inLanguage":"es-ES","mainEntityOfPage":{"@id":"https:\/\/candas365.es\/noticias\/los-ganadores-del-concurso-de-marca-paginas-de-candas\/#webpage"},"isPartOf":{"@id":"https:\/\/candas365.es\/noticias\/los-ganadores-del-concurso-de-marca-paginas-de-candas\/#webpage"},"articleSection":"Noticias Carre\u00f1o","dateline":"Publicado el abril 13, 2018."},{"@type":"Organization","@id":"https:\/\/candas365.es\/noticias\/#organization","name":"Cand\u00e1s 365","description":"Cand\u00e1s 365 es un diario digital independiente, fundado en 2012, con base en Asturias. Informamos con rigor sobre actualidad, sociedad, cultura y ocio, con una mirada local y global.","url":"https:\/\/candas365.es\/noticias\/","email":"info@candas365.es","telephone":"+34652131393","foundingDate":"2012-06-10","logo":{"@type":"ImageObject","url":"https:\/\/candas365.es\/noticias\/wp-content\/uploads\/2024\/09\/Candas-365-Redes.jpg","@id":"https:\/\/candas365.es\/noticias\/los-ganadores-del-concurso-de-marca-paginas-de-candas\/#organizationLogo","width":1152,"height":864,"caption":"Cand\u00e1s 365 Redes"},"image":{"@id":"https:\/\/candas365.es\/noticias\/los-ganadores-del-concurso-de-marca-paginas-de-candas\/#organizationLogo"},"sameAs":["https:\/\/www.facebook.com\/Nachofdezber","https:\/\/x.com\/NabercoDigital","https:\/\/www.instagram.com\/nachofdezber\/","https:\/\/www.youtube.com\/channel\/UCZP-2wLEB9Rv6erhFmqVnvg"],"address":{"@id":"https:\/\/candas365.es\/noticias\/#postaladdress","@type":"PostalAddress","streetAddress":"san antonio 4, san antonio 4","postalCode":"33430","addressLocality":"Cand\u00e1s","addressRegion":"Asturias","addressCountry":"ES"}},{"@type":"Person","@id":"https:\/\/candas365.es\/noticias\/author\/admin\/#author","url":"https:\/\/candas365.es\/noticias\/author\/admin\/","name":"Cand\u00e1s 365","image":{"@type":"ImageObject","@id":"https:\/\/candas365.es\/noticias\/los-ganadores-del-concurso-de-marca-paginas-de-candas\/#authorImage","url":"https:\/\/secure.gravatar.com\/avatar\/496a8e03d0c493ede1718b7934145dbdf8d89be1036b0eec9544e1094c9de390?s=96&d=mm&r=g","width":96,"height":96,"caption":"Cand\u00e1s 365"},"sameAs":["https:\/\/www.facebook.com\/carrenoactualidad","https:\/\/twitter.com\/nbasturias","https:\/\/www.instagram.com\/nachofdezber\/","https:\/\/www.youtube.com\/channel\/UCZP-2wLEB9Rv6erhFmqVnvg"]},{"@type":"WebPage","@id":"https:\/\/candas365.es\/noticias\/los-ganadores-del-concurso-de-marca-paginas-de-candas\/#webpage","url":"https:\/\/candas365.es\/noticias\/los-ganadores-del-concurso-de-marca-paginas-de-candas\/","name":"Los ganadores del \u201cConcurso de Marca-p\u00e1ginas\u201d de Cand\u00e1s | Cand\u00e1s 365","description":"Desde hace quince a\u00f1os el Ayuntamiento de Carre\u00f1o, a trav\u00e9s de la Biblioteca P\u00fablica Municipal \u201cCarlos Gonz\u00e1lez Posada\u201d de Cand\u00e1s, organiza el \u201cConcurso de Marca-p\u00e1ginas\u201d. El jurado, reunido en la ma\u00f1ana de hoy ha tenido una tarea ardua. Dado que hasta el 10 de abril , fecha l\u00edmite para presentar los trabajos, es decir, los","inLanguage":"es-ES","isPartOf":{"@id":"https:\/\/candas365.es\/noticias\/#website"},"breadcrumb":{"@id":"https:\/\/candas365.es\/noticias\/los-ganadores-del-concurso-de-marca-paginas-de-candas\/#breadcrumblist"},"author":{"@id":"https:\/\/candas365.es\/noticias\/author\/admin\/#author"},"creator":{"@id":"https:\/\/candas365.es\/noticias\/author\/admin\/#author"},"image":{"@type":"ImageObject","url":"https:\/\/candas365.es\/noticias\/wp-content\/uploads\/2018\/04\/6434.jpg","@id":"https:\/\/candas365.es\/noticias\/los-ganadores-del-concurso-de-marca-paginas-de-candas\/#mainImage","width":640,"height":480},"primaryImageOfPage":{"@id":"https:\/\/candas365.es\/noticias\/los-ganadores-del-concurso-de-marca-paginas-de-candas\/#mainImage"},"datePublished":"2018-04-13T14:19:19+02:00","dateModified":"2018-04-13T14:19:19+02:00"},{"@type":"WebSite","@id":"https:\/\/candas365.es\/noticias\/#website","url":"https:\/\/candas365.es\/noticias\/","name":"Cand\u00e1s 365","alternateName":"Cand\u00e1s 365 Noticias","description":"Actualidad desde Carre\u00f1o para el mundo","inLanguage":"es-ES","publisher":{"@id":"https:\/\/candas365.es\/noticias\/#organization"}}]},"og:locale":"es_ES","og:site_name":"Cand\u00e1s 365","og:type":"article","og:title":"Los ganadores del \u201cConcurso de Marca-p\u00e1ginas\u201d de Cand\u00e1s | Cand\u00e1s 365","og:description":"Desde hace quince a\u00f1os el Ayuntamiento de Carre\u00f1o, a trav\u00e9s de la Biblioteca P\u00fablica Municipal \u201cCarlos Gonz\u00e1lez Posada\u201d de Cand\u00e1s, organiza el \u201cConcurso de Marca-p\u00e1ginas\u201d. El jurado, reunido en la ma\u00f1ana de hoy ha tenido una tarea ardua. Dado que hasta el 10 de abril , fecha l\u00edmite para presentar los trabajos, es decir, los","og:url":"https:\/\/candas365.es\/noticias\/los-ganadores-del-concurso-de-marca-paginas-de-candas\/","og:image":"https:\/\/candas365.es\/noticias\/wp-content\/uploads\/2018\/04\/6434.jpg","og:image:secure_url":"https:\/\/candas365.es\/noticias\/wp-content\/uploads\/2018\/04\/6434.jpg","og:image:width":640,"og:image:height":480,"article:published_time":"2018-04-13T14:19:19+00:00","article:modified_time":"2018-04-13T14:19:19+00:00","article:publisher":"https:\/\/www.facebook.com\/Nachofdezber","article:author":"https:\/\/www.facebook.com\/carrenoactualidad","twitter:card":"summary_large_image","twitter:site":"@NabercoDigital","twitter:title":"Los ganadores del \u201cConcurso de Marca-p\u00e1ginas\u201d de Cand\u00e1s | Cand\u00e1s 365","twitter:description":"Desde hace quince a\u00f1os el Ayuntamiento de Carre\u00f1o, a trav\u00e9s de la Biblioteca P\u00fablica Municipal \u201cCarlos Gonz\u00e1lez Posada\u201d de Cand\u00e1s, organiza el \u201cConcurso de Marca-p\u00e1ginas\u201d. El jurado, reunido en la ma\u00f1ana de hoy ha tenido una tarea ardua. Dado que hasta el 10 de abril , fecha l\u00edmite para presentar los trabajos, es decir, los","twitter:creator":"@nbasturias","twitter:image":"https:\/\/candas365.es\/noticias\/wp-content\/uploads\/2018\/04\/6434.jpg","twitter:label1":"Escrito por","twitter:data1":"Cand\u00e1s 365","twitter:label2":"Tiempo de lectura estimado","twitter:data2":"3 minutos"},"aioseo_meta_data":{"post_id":"93691","title":null,"description":null,"keywords":null,"keyphrases":null,"primary_term":null,"canonical_url":null,"og_title":null,"og_description":null,"og_object_type":"default","og_image_type":"default","og_image_url":null,"og_image_width":null,"og_image_height":null,"og_image_custom_url":null,"og_image_custom_fields":null,"og_video":null,"og_custom_url":null,"og_article_section":null,"og_article_tags":null,"twitter_use_og":false,"twitter_card":"default","twitter_image_type":"default","twitter_image_url":null,"twitter_image_custom_url":null,"twitter_image_custom_fields":null,"twitter_title":null,"twitter_description":null,"schema":{"blockGraphs":[],"customGraphs":[],"default":{"data":{"Article":[],"Course":[],"Dataset":[],"FAQPage":[],"Movie":[],"Person":[],"Product":[],"ProductReview":[],"Car":[],"Recipe":[],"Service":[],"SoftwareApplication":[],"WebPage":[]},"graphName":"","isEnabled":true},"graphs":[],"defaultGraph":"","defaultPostTypeGraph":""},"schema_type":null,"schema_type_options":null,"pillar_content":false,"robots_default":true,"robots_noindex":false,"robots_noarchive":false,"robots_nosnippet":false,"robots_nofollow":false,"robots_noimageindex":false,"robots_noodp":false,"robots_notranslate":false,"robots_max_snippet":null,"robots_max_videopreview":null,"robots_max_imagepreview":"large","priority":null,"frequency":null,"location":null,"local_seo":null,"seo_analyzer_scan_date":"2025-08-26 18:03:12","breadcrumb_settings":null,"limit_modified_date":false,"reviewed_by":null,"open_ai":null,"ai":null,"created":"2020-12-21 11:53:38","updated":"2025-08-26 18:03:12"},"aioseo_breadcrumb":"<div class=\"aioseo-breadcrumbs\"><span class=\"aioseo-breadcrumb\">\n\t<a href=\"https:\/\/candas365.es\/noticias\" title=\"Home\">Home<\/a>\n<\/span><span class=\"aioseo-breadcrumb-separator\">&ndash;<\/span><span class=\"aioseo-breadcrumb\">\n\t<a href=\"https:\/\/candas365.es\/noticias\/category\/noticias-carreno\/\" title=\"Noticias Carre\u00f1o\">Noticias Carre\u00f1o<\/a>\n<\/span><span class=\"aioseo-breadcrumb-separator\">&ndash;<\/span><span class=\"aioseo-breadcrumb\">\n\tLos ganadores del \u201cConcurso de Marca-p\u00e1ginas\u201d de Cand\u00e1s\n<\/span><\/div>","aioseo_breadcrumb_json":[{"label":"Home","link":"https:\/\/candas365.es\/noticias"},{"label":"Noticias Carre\u00f1o","link":"https:\/\/candas365.es\/noticias\/category\/noticias-carreno\/"},{"label":"Los ganadores del \u201cConcurso de Marca-p\u00e1ginas\u201d de Cand\u00e1s","link":"https:\/\/candas365.es\/noticias\/los-ganadores-del-concurso-de-marca-paginas-de-candas\/"}],"_links":{"self":[{"href":"https:\/\/candas365.es\/noticias\/wp-json\/wp\/v2\/posts\/93691","targetHints":{"allow":["GET"]}}],"collection":[{"href":"https:\/\/candas365.es\/noticias\/wp-json\/wp\/v2\/posts"}],"about":[{"href":"https:\/\/candas365.es\/noticias\/wp-json\/wp\/v2\/types\/post"}],"author":[{"embeddable":true,"href":"https:\/\/candas365.es\/noticias\/wp-json\/wp\/v2\/users\/1"}],"replies":[{"embeddable":true,"href":"https:\/\/candas365.es\/noticias\/wp-json\/wp\/v2\/comments?post=93691"}],"version-history":[{"count":0,"href":"https:\/\/candas365.es\/noticias\/wp-json\/wp\/v2\/posts\/93691\/revisions"}],"wp:featuredmedia":[{"embeddable":true,"href":"https:\/\/candas365.es\/noticias\/wp-json\/wp\/v2\/media\/93692"}],"wp:attachment":[{"href":"https:\/\/candas365.es\/noticias\/wp-json\/wp\/v2\/media?parent=93691"}],"wp:term":[{"taxonomy":"category","embeddable":true,"href":"https:\/\/candas365.es\/noticias\/wp-json\/wp\/v2\/categories?post=93691"},{"taxonomy":"post_tag","embeddable":true,"href":"https:\/\/candas365.es\/noticias\/wp-json\/wp\/v2\/tags?post=93691"}],"curies":[{"name":"wp","href":"https:\/\/api.w.org\/{rel}","templated":true}]}}