{"id":93597,"date":"2018-04-11T20:35:52","date_gmt":"2018-04-11T20:35:52","guid":{"rendered":"http:\/\/candas365.es\/noticias\/?p=93597"},"modified":"2018-04-11T20:35:52","modified_gmt":"2018-04-11T20:35:52","slug":"nueva-edicion-de-los-talleres-tiempo-propio-en-carreno","status":"publish","type":"post","link":"https:\/\/candas365.es\/noticias\/nueva-edicion-de-los-talleres-tiempo-propio-en-carreno\/","title":{"rendered":"Nueva edici\u00f3n de los talleres \u201cTiempo Propio\u201d, en Carre\u00f1o"},"content":{"rendered":"<p><img fetchpriority=\"high\" decoding=\"async\" class=\"alignleft size-medium wp-image-93598\" src=\"https:\/\/candas365.es\/noticias\/wp-content\/uploads\/2018\/04\/soap-2726400_1280-360x240.jpg\" alt=\"\" width=\"360\" height=\"240\" srcset=\"https:\/\/candas365.es\/noticias\/wp-content\/uploads\/2018\/04\/soap-2726400_1280-360x240.jpg 360w, https:\/\/candas365.es\/noticias\/wp-content\/uploads\/2018\/04\/soap-2726400_1280-696x464.jpg 696w, https:\/\/candas365.es\/noticias\/wp-content\/uploads\/2018\/04\/soap-2726400_1280-1068x712.jpg 1068w, https:\/\/candas365.es\/noticias\/wp-content\/uploads\/2018\/04\/soap-2726400_1280-630x420.jpg 630w, https:\/\/candas365.es\/noticias\/wp-content\/uploads\/2018\/04\/soap-2726400_1280-768x512.jpg 768w, https:\/\/candas365.es\/noticias\/wp-content\/uploads\/2018\/04\/soap-2726400_1280-655x436.jpg 655w, https:\/\/candas365.es\/noticias\/wp-content\/uploads\/2018\/04\/soap-2726400_1280.jpg 1280w\" sizes=\"(max-width: 360px) 100vw, 360px\" \/>Durante los meses de Abril y Mayo, en la Casa de Encuentros de las Mujeres de Carre\u00f1o, se desarrollar\u00e1n dos talleres del Programa Tiempo Propio.<\/p>\n<p>Las tem\u00e1ticas de los mismos son los que siguen \u201cEscudos y Her\u00e1ldica, con Ojos de Mujer\u201d y \u201cSalud y Bienestar; Ahora en Movimiento\u201d. Ambos son financiados por el Gobierno del Principado de Asturias a trav\u00e9s del Instituto Asturiano de la Mujer.<\/p>\n<p>El programa \u201cTiempo Propio\u201d, es un programa que se viene realizando desde el a\u00f1o 2003 en Asturias y est\u00e1 orientado a mujeres mayores de 50 a\u00f1os, con el objetivo de ofrecer a estar mujeres una alternativa de ocio, as\u00ed como ampliar y consolidar sus relaciones sociales ofreci\u00e9ndoles un espacio de encuentro para ello. Tratando de lograr esto mostrando la importancia de una vida sana, sin abuso de medicamentos, estimulando la pr\u00e1ctica de ejercicio y fomentando una alimentaci\u00f3n y una dieta sana. Junto a esto se promueve el conocimiento del patrimonio cultural asturiano, tomando como protagonistas de la historia a las mujeres, mediante el estudio de escudos y edificios y rescatando la historia de aquellas mujeres que viajaron por el mundo y que lucharon y trabajaron para abrirse camino en \u00e9l.<\/p>\n<p>Estos talleres constar\u00e1n de 3 sesiones cada uno, de una duraci\u00f3n de dos horas y media y se impartir\u00e1n en horario de 16:00 h. a 18:30 h.<\/p>\n<p>El primero de los talleres Escudos y Her\u00e1ldica, con Ojos de Mujer\u201d que se impartir\u00e1 los d\u00edas 18 y 25 de Abril y el 2 de Mayo, profundizar\u00e1 en la historia del concejo a trav\u00e9s de la her\u00e1ldica y el an\u00e1lisis de los linajes m\u00e1s destacados del concejo, as\u00ed como el origen del blas\u00f3n que lo representa y los escudos de armas femeninos.<\/p>\n<p>El segundo taller \u201cSalud y Bienestar; Ahora en Movimiento\u201d que se llevar\u00e1 a cabo los d\u00edas 9, 16 y 23 de Mayo se marca como objetivo favorecer un cambio de imagen social del envejecimiento de las mujeres. Para lograr as\u00ed, que las mujeres pasen de un envejecimiento pasivo como proceso de vida a un envejecimiento activo d\u00f3nde ellas sean las protagonistas del programa y aprender a recuperar un tiempo propio para la mejora de su bienestar y calidad de vida. Este taller constar\u00e1 de cuatro bloques: La salud y el bienestar de las mujeres, Equilibrio y Salud, Claves para el bienestar y T\u00e9cnicas de relajaci\u00f3n.<\/p>\n<p><strong>Abierto el plazo de inscripciones:<\/strong><\/p>\n<p>La inscripci\u00f3n para ambos talleres se realizar\u00e1 en la Casa de Encuentros de las Mujeres de Carre\u00f1o a partir del 11 de Abril, la adjudicaci\u00f3n de plazas se realizar\u00e1 en riguroso orden de inscripci\u00f3n hasta llegar a completar las 20 plazas que se ofertan por taller. Los dos talleres son gratuitos.<\/p>\n","protected":false},"excerpt":{"rendered":"<p>Durante los meses de Abril y Mayo, en la Casa de Encuentros de las Mujeres de Carre\u00f1o, se desarrollar\u00e1n dos talleres del Programa Tiempo Propio. Las tem\u00e1ticas de los mismos son los que siguen \u201cEscudos y Her\u00e1ldica, con Ojos de Mujer\u201d y \u201cSalud y Bienestar; Ahora en Movimiento\u201d. Ambos son financiados por el Gobierno del<\/p>\n","protected":false},"author":1,"featured_media":93598,"comment_status":"closed","ping_status":"closed","sticky":false,"template":"","format":"standard","meta":{"footnotes":""},"categories":[2],"tags":[],"class_list":{"0":"post-93597","1":"post","2":"type-post","3":"status-publish","4":"format-standard","5":"has-post-thumbnail","7":"category-noticias-carreno"},"aioseo_notices":[],"aioseo_head":"\n\t\t<!-- All in One SEO Pro 4.9.6.2 - aioseo.com -->\n\t<meta name=\"description\" content=\"Durante los meses de Abril y Mayo, en la Casa de Encuentros de las Mujeres de Carre\u00f1o, se desarrollar\u00e1n dos talleres del Programa Tiempo Propio. Las tem\u00e1ticas de los mismos son los que siguen \u201cEscudos y Her\u00e1ldica, con Ojos de Mujer\u201d y \u201cSalud y Bienestar; Ahora en Movimiento\u201d. Ambos son financiados por el Gobierno del\" \/>\n\t<meta name=\"robots\" content=\"max-image-preview:large\" \/>\n\t<meta name=\"author\" content=\"Cand\u00e1s 365\"\/>\n\t<meta name=\"google-site-verification\" content=\"UA-32230408-1\" \/>\n\t<meta name=\"msvalidate.01\" content=\"354F3CDFB2DA171B47FBE9ABF1F88D5\" \/>\n\t<meta name=\"keywords\" content=\"noticias carre\u00f1o\" \/>\n\t<link rel=\"canonical\" href=\"https:\/\/candas365.es\/noticias\/nueva-edicion-de-los-talleres-tiempo-propio-en-carreno\/\" \/>\n\t<meta name=\"generator\" content=\"All in One SEO Pro (AIOSEO) 4.9.6.2\" \/>\n\t\t<meta property=\"og:locale\" content=\"es_ES\" \/>\n\t\t<meta property=\"og:site_name\" content=\"Cand\u00e1s 365\" \/>\n\t\t<meta property=\"og:type\" content=\"article\" \/>\n\t\t<meta property=\"og:title\" content=\"Nueva edici\u00f3n de los talleres \u201cTiempo Propio\u201d, en Carre\u00f1o | Cand\u00e1s 365\" \/>\n\t\t<meta property=\"og:description\" content=\"Durante los meses de Abril y Mayo, en la Casa de Encuentros de las Mujeres de Carre\u00f1o, se desarrollar\u00e1n dos talleres del Programa Tiempo Propio. Las tem\u00e1ticas de los mismos son los que siguen \u201cEscudos y Her\u00e1ldica, con Ojos de Mujer\u201d y \u201cSalud y Bienestar; Ahora en Movimiento\u201d. Ambos son financiados por el Gobierno del\" \/>\n\t\t<meta property=\"og:url\" content=\"https:\/\/candas365.es\/noticias\/nueva-edicion-de-los-talleres-tiempo-propio-en-carreno\/\" \/>\n\t\t<meta property=\"og:image\" content=\"https:\/\/candas365.es\/noticias\/wp-content\/uploads\/2018\/04\/soap-2726400_1280.jpg\" \/>\n\t\t<meta property=\"og:image:secure_url\" content=\"https:\/\/candas365.es\/noticias\/wp-content\/uploads\/2018\/04\/soap-2726400_1280.jpg\" \/>\n\t\t<meta property=\"og:image:width\" content=\"1280\" \/>\n\t\t<meta property=\"og:image:height\" content=\"853\" \/>\n\t\t<meta property=\"article:published_time\" content=\"2018-04-11T20:35:52+00:00\" \/>\n\t\t<meta property=\"article:modified_time\" content=\"2018-04-11T20:35:52+00:00\" \/>\n\t\t<meta property=\"article:publisher\" content=\"https:\/\/www.facebook.com\/Nachofdezber\" \/>\n\t\t<meta property=\"article:author\" content=\"https:\/\/www.facebook.com\/carrenoactualidad\" \/>\n\t\t<meta name=\"twitter:card\" content=\"summary_large_image\" \/>\n\t\t<meta name=\"twitter:site\" content=\"@NabercoDigital\" \/>\n\t\t<meta name=\"twitter:title\" content=\"Nueva edici\u00f3n de los talleres \u201cTiempo Propio\u201d, en Carre\u00f1o | Cand\u00e1s 365\" \/>\n\t\t<meta name=\"twitter:description\" content=\"Durante los meses de Abril y Mayo, en la Casa de Encuentros de las Mujeres de Carre\u00f1o, se desarrollar\u00e1n dos talleres del Programa Tiempo Propio. Las tem\u00e1ticas de los mismos son los que siguen \u201cEscudos y Her\u00e1ldica, con Ojos de Mujer\u201d y \u201cSalud y Bienestar; Ahora en Movimiento\u201d. Ambos son financiados por el Gobierno del\" \/>\n\t\t<meta name=\"twitter:creator\" content=\"@nbasturias\" \/>\n\t\t<meta name=\"twitter:image\" content=\"https:\/\/candas365.es\/noticias\/wp-content\/uploads\/2018\/04\/soap-2726400_1280.jpg\" \/>\n\t\t<meta name=\"twitter:label1\" content=\"Escrito por\" \/>\n\t\t<meta name=\"twitter:data1\" content=\"Cand\u00e1s 365\" \/>\n\t\t<meta name=\"twitter:label2\" content=\"Tiempo de lectura estimado\" \/>\n\t\t<meta name=\"twitter:data2\" content=\"2 minutos\" \/>\n\t\t<script type=\"application\/ld+json\" class=\"aioseo-schema\">\n\t\t\t{\"@context\":\"https:\\\/\\\/schema.org\",\"@graph\":[{\"@type\":\"BreadcrumbList\",\"@id\":\"https:\\\/\\\/candas365.es\\\/noticias\\\/nueva-edicion-de-los-talleres-tiempo-propio-en-carreno\\\/#breadcrumblist\",\"itemListElement\":[{\"@type\":\"ListItem\",\"@id\":\"https:\\\/\\\/candas365.es\\\/noticias#listItem\",\"position\":1,\"name\":\"Home\",\"item\":\"https:\\\/\\\/candas365.es\\\/noticias\",\"nextItem\":{\"@type\":\"ListItem\",\"@id\":\"https:\\\/\\\/candas365.es\\\/noticias\\\/category\\\/noticias-carreno\\\/#listItem\",\"name\":\"Noticias Carre\\u00f1o\"}},{\"@type\":\"ListItem\",\"@id\":\"https:\\\/\\\/candas365.es\\\/noticias\\\/category\\\/noticias-carreno\\\/#listItem\",\"position\":2,\"name\":\"Noticias Carre\\u00f1o\",\"item\":\"https:\\\/\\\/candas365.es\\\/noticias\\\/category\\\/noticias-carreno\\\/\",\"nextItem\":{\"@type\":\"ListItem\",\"@id\":\"https:\\\/\\\/candas365.es\\\/noticias\\\/nueva-edicion-de-los-talleres-tiempo-propio-en-carreno\\\/#listItem\",\"name\":\"Nueva edici\\u00f3n de los talleres \\u201cTiempo Propio\\u201d, en Carre\\u00f1o\"},\"previousItem\":{\"@type\":\"ListItem\",\"@id\":\"https:\\\/\\\/candas365.es\\\/noticias#listItem\",\"name\":\"Home\"}},{\"@type\":\"ListItem\",\"@id\":\"https:\\\/\\\/candas365.es\\\/noticias\\\/nueva-edicion-de-los-talleres-tiempo-propio-en-carreno\\\/#listItem\",\"position\":3,\"name\":\"Nueva edici\\u00f3n de los talleres \\u201cTiempo Propio\\u201d, en Carre\\u00f1o\",\"previousItem\":{\"@type\":\"ListItem\",\"@id\":\"https:\\\/\\\/candas365.es\\\/noticias\\\/category\\\/noticias-carreno\\\/#listItem\",\"name\":\"Noticias Carre\\u00f1o\"}}]},{\"@type\":\"NewsArticle\",\"@id\":\"https:\\\/\\\/candas365.es\\\/noticias\\\/nueva-edicion-de-los-talleres-tiempo-propio-en-carreno\\\/#newsarticle\",\"name\":\"Nueva edici\\u00f3n de los talleres \\u201cTiempo Propio\\u201d, en Carre\\u00f1o | Cand\\u00e1s 365\",\"headline\":\"Nueva edici\\u00f3n de los talleres \\u201cTiempo Propio\\u201d, en Carre\\u00f1o\",\"author\":{\"@id\":\"https:\\\/\\\/candas365.es\\\/noticias\\\/author\\\/admin\\\/#author\"},\"publisher\":{\"@id\":\"https:\\\/\\\/candas365.es\\\/noticias\\\/#organization\"},\"image\":{\"@type\":\"ImageObject\",\"url\":\"https:\\\/\\\/candas365.es\\\/noticias\\\/wp-content\\\/uploads\\\/2018\\\/04\\\/soap-2726400_1280.jpg\",\"width\":1280,\"height\":853},\"datePublished\":\"2018-04-11T20:35:52+02:00\",\"dateModified\":\"2018-04-11T20:35:52+02:00\",\"inLanguage\":\"es-ES\",\"mainEntityOfPage\":{\"@id\":\"https:\\\/\\\/candas365.es\\\/noticias\\\/nueva-edicion-de-los-talleres-tiempo-propio-en-carreno\\\/#webpage\"},\"isPartOf\":{\"@id\":\"https:\\\/\\\/candas365.es\\\/noticias\\\/nueva-edicion-de-los-talleres-tiempo-propio-en-carreno\\\/#webpage\"},\"articleSection\":\"Noticias Carre\\u00f1o\",\"dateline\":\"Publicado el abril 11, 2018.\"},{\"@type\":\"Organization\",\"@id\":\"https:\\\/\\\/candas365.es\\\/noticias\\\/#organization\",\"name\":\"Cand\\u00e1s 365\",\"description\":\"Cand\\u00e1s 365 es un diario digital independiente, fundado en 2012, con base en Asturias. Informamos con rigor sobre actualidad, sociedad, cultura y ocio, con una mirada local y global.\",\"url\":\"https:\\\/\\\/candas365.es\\\/noticias\\\/\",\"email\":\"info@candas365.es\",\"telephone\":\"+34652131393\",\"foundingDate\":\"2012-06-10\",\"logo\":{\"@type\":\"ImageObject\",\"url\":\"https:\\\/\\\/candas365.es\\\/noticias\\\/wp-content\\\/uploads\\\/2024\\\/09\\\/Candas-365-Redes.jpg\",\"@id\":\"https:\\\/\\\/candas365.es\\\/noticias\\\/nueva-edicion-de-los-talleres-tiempo-propio-en-carreno\\\/#organizationLogo\",\"width\":1152,\"height\":864,\"caption\":\"Cand\\u00e1s 365 Redes\"},\"image\":{\"@id\":\"https:\\\/\\\/candas365.es\\\/noticias\\\/nueva-edicion-de-los-talleres-tiempo-propio-en-carreno\\\/#organizationLogo\"},\"sameAs\":[\"https:\\\/\\\/www.facebook.com\\\/Nachofdezber\",\"https:\\\/\\\/x.com\\\/NabercoDigital\",\"https:\\\/\\\/www.instagram.com\\\/nachofdezber\\\/\",\"https:\\\/\\\/www.youtube.com\\\/channel\\\/UCZP-2wLEB9Rv6erhFmqVnvg\"],\"address\":{\"@id\":\"https:\\\/\\\/candas365.es\\\/noticias\\\/#postaladdress\",\"@type\":\"PostalAddress\",\"streetAddress\":\"san antonio 4, san antonio 4\",\"postalCode\":\"33430\",\"addressLocality\":\"Cand\\u00e1s\",\"addressRegion\":\"Asturias\",\"addressCountry\":\"ES\"}},{\"@type\":\"Person\",\"@id\":\"https:\\\/\\\/candas365.es\\\/noticias\\\/author\\\/admin\\\/#author\",\"url\":\"https:\\\/\\\/candas365.es\\\/noticias\\\/author\\\/admin\\\/\",\"name\":\"Cand\\u00e1s 365\",\"image\":{\"@type\":\"ImageObject\",\"@id\":\"https:\\\/\\\/candas365.es\\\/noticias\\\/nueva-edicion-de-los-talleres-tiempo-propio-en-carreno\\\/#authorImage\",\"url\":\"https:\\\/\\\/secure.gravatar.com\\\/avatar\\\/496a8e03d0c493ede1718b7934145dbdf8d89be1036b0eec9544e1094c9de390?s=96&d=mm&r=g\",\"width\":96,\"height\":96,\"caption\":\"Cand\\u00e1s 365\"},\"sameAs\":[\"https:\\\/\\\/www.facebook.com\\\/carrenoactualidad\",\"https:\\\/\\\/twitter.com\\\/nbasturias\",\"https:\\\/\\\/www.instagram.com\\\/nachofdezber\\\/\",\"https:\\\/\\\/www.youtube.com\\\/channel\\\/UCZP-2wLEB9Rv6erhFmqVnvg\"]},{\"@type\":\"WebPage\",\"@id\":\"https:\\\/\\\/candas365.es\\\/noticias\\\/nueva-edicion-de-los-talleres-tiempo-propio-en-carreno\\\/#webpage\",\"url\":\"https:\\\/\\\/candas365.es\\\/noticias\\\/nueva-edicion-de-los-talleres-tiempo-propio-en-carreno\\\/\",\"name\":\"Nueva edici\\u00f3n de los talleres \\u201cTiempo Propio\\u201d, en Carre\\u00f1o | Cand\\u00e1s 365\",\"description\":\"Durante los meses de Abril y Mayo, en la Casa de Encuentros de las Mujeres de Carre\\u00f1o, se desarrollar\\u00e1n dos talleres del Programa Tiempo Propio. Las tem\\u00e1ticas de los mismos son los que siguen \\u201cEscudos y Her\\u00e1ldica, con Ojos de Mujer\\u201d y \\u201cSalud y Bienestar; Ahora en Movimiento\\u201d. Ambos son financiados por el Gobierno del\",\"inLanguage\":\"es-ES\",\"isPartOf\":{\"@id\":\"https:\\\/\\\/candas365.es\\\/noticias\\\/#website\"},\"breadcrumb\":{\"@id\":\"https:\\\/\\\/candas365.es\\\/noticias\\\/nueva-edicion-de-los-talleres-tiempo-propio-en-carreno\\\/#breadcrumblist\"},\"author\":{\"@id\":\"https:\\\/\\\/candas365.es\\\/noticias\\\/author\\\/admin\\\/#author\"},\"creator\":{\"@id\":\"https:\\\/\\\/candas365.es\\\/noticias\\\/author\\\/admin\\\/#author\"},\"image\":{\"@type\":\"ImageObject\",\"url\":\"https:\\\/\\\/candas365.es\\\/noticias\\\/wp-content\\\/uploads\\\/2018\\\/04\\\/soap-2726400_1280.jpg\",\"@id\":\"https:\\\/\\\/candas365.es\\\/noticias\\\/nueva-edicion-de-los-talleres-tiempo-propio-en-carreno\\\/#mainImage\",\"width\":1280,\"height\":853},\"primaryImageOfPage\":{\"@id\":\"https:\\\/\\\/candas365.es\\\/noticias\\\/nueva-edicion-de-los-talleres-tiempo-propio-en-carreno\\\/#mainImage\"},\"datePublished\":\"2018-04-11T20:35:52+02:00\",\"dateModified\":\"2018-04-11T20:35:52+02:00\"},{\"@type\":\"WebSite\",\"@id\":\"https:\\\/\\\/candas365.es\\\/noticias\\\/#website\",\"url\":\"https:\\\/\\\/candas365.es\\\/noticias\\\/\",\"name\":\"Cand\\u00e1s 365\",\"alternateName\":\"Cand\\u00e1s 365 Noticias\",\"description\":\"Actualidad desde Carre\\u00f1o para el mundo\",\"inLanguage\":\"es-ES\",\"publisher\":{\"@id\":\"https:\\\/\\\/candas365.es\\\/noticias\\\/#organization\"}}]}\n\t\t<\/script>\n\t\t<!-- All in One SEO Pro -->\r\n\t\t<title>Nueva edici\u00f3n de los talleres \u201cTiempo Propio\u201d, en Carre\u00f1o | Cand\u00e1s 365<\/title>\n\n","aioseo_head_json":{"title":"Nueva edici\u00f3n de los talleres \u201cTiempo Propio\u201d, en Carre\u00f1o | Cand\u00e1s 365","description":"Durante los meses de Abril y Mayo, en la Casa de Encuentros de las Mujeres de Carre\u00f1o, se desarrollar\u00e1n dos talleres del Programa Tiempo Propio. Las tem\u00e1ticas de los mismos son los que siguen \u201cEscudos y Her\u00e1ldica, con Ojos de Mujer\u201d y \u201cSalud y Bienestar; Ahora en Movimiento\u201d. Ambos son financiados por el Gobierno del","canonical_url":"https:\/\/candas365.es\/noticias\/nueva-edicion-de-los-talleres-tiempo-propio-en-carreno\/","robots":"max-image-preview:large","keywords":"noticias carre\u00f1o","webmasterTools":{"google-site-verification":"UA-32230408-1","msvalidate.01":"354F3CDFB2DA171B47FBE9ABF1F88D5","miscellaneous":""},"schema":{"@context":"https:\/\/schema.org","@graph":[{"@type":"BreadcrumbList","@id":"https:\/\/candas365.es\/noticias\/nueva-edicion-de-los-talleres-tiempo-propio-en-carreno\/#breadcrumblist","itemListElement":[{"@type":"ListItem","@id":"https:\/\/candas365.es\/noticias#listItem","position":1,"name":"Home","item":"https:\/\/candas365.es\/noticias","nextItem":{"@type":"ListItem","@id":"https:\/\/candas365.es\/noticias\/category\/noticias-carreno\/#listItem","name":"Noticias Carre\u00f1o"}},{"@type":"ListItem","@id":"https:\/\/candas365.es\/noticias\/category\/noticias-carreno\/#listItem","position":2,"name":"Noticias Carre\u00f1o","item":"https:\/\/candas365.es\/noticias\/category\/noticias-carreno\/","nextItem":{"@type":"ListItem","@id":"https:\/\/candas365.es\/noticias\/nueva-edicion-de-los-talleres-tiempo-propio-en-carreno\/#listItem","name":"Nueva edici\u00f3n de los talleres \u201cTiempo Propio\u201d, en Carre\u00f1o"},"previousItem":{"@type":"ListItem","@id":"https:\/\/candas365.es\/noticias#listItem","name":"Home"}},{"@type":"ListItem","@id":"https:\/\/candas365.es\/noticias\/nueva-edicion-de-los-talleres-tiempo-propio-en-carreno\/#listItem","position":3,"name":"Nueva edici\u00f3n de los talleres \u201cTiempo Propio\u201d, en Carre\u00f1o","previousItem":{"@type":"ListItem","@id":"https:\/\/candas365.es\/noticias\/category\/noticias-carreno\/#listItem","name":"Noticias Carre\u00f1o"}}]},{"@type":"NewsArticle","@id":"https:\/\/candas365.es\/noticias\/nueva-edicion-de-los-talleres-tiempo-propio-en-carreno\/#newsarticle","name":"Nueva edici\u00f3n de los talleres \u201cTiempo Propio\u201d, en Carre\u00f1o | Cand\u00e1s 365","headline":"Nueva edici\u00f3n de los talleres \u201cTiempo Propio\u201d, en Carre\u00f1o","author":{"@id":"https:\/\/candas365.es\/noticias\/author\/admin\/#author"},"publisher":{"@id":"https:\/\/candas365.es\/noticias\/#organization"},"image":{"@type":"ImageObject","url":"https:\/\/candas365.es\/noticias\/wp-content\/uploads\/2018\/04\/soap-2726400_1280.jpg","width":1280,"height":853},"datePublished":"2018-04-11T20:35:52+02:00","dateModified":"2018-04-11T20:35:52+02:00","inLanguage":"es-ES","mainEntityOfPage":{"@id":"https:\/\/candas365.es\/noticias\/nueva-edicion-de-los-talleres-tiempo-propio-en-carreno\/#webpage"},"isPartOf":{"@id":"https:\/\/candas365.es\/noticias\/nueva-edicion-de-los-talleres-tiempo-propio-en-carreno\/#webpage"},"articleSection":"Noticias Carre\u00f1o","dateline":"Publicado el abril 11, 2018."},{"@type":"Organization","@id":"https:\/\/candas365.es\/noticias\/#organization","name":"Cand\u00e1s 365","description":"Cand\u00e1s 365 es un diario digital independiente, fundado en 2012, con base en Asturias. Informamos con rigor sobre actualidad, sociedad, cultura y ocio, con una mirada local y global.","url":"https:\/\/candas365.es\/noticias\/","email":"info@candas365.es","telephone":"+34652131393","foundingDate":"2012-06-10","logo":{"@type":"ImageObject","url":"https:\/\/candas365.es\/noticias\/wp-content\/uploads\/2024\/09\/Candas-365-Redes.jpg","@id":"https:\/\/candas365.es\/noticias\/nueva-edicion-de-los-talleres-tiempo-propio-en-carreno\/#organizationLogo","width":1152,"height":864,"caption":"Cand\u00e1s 365 Redes"},"image":{"@id":"https:\/\/candas365.es\/noticias\/nueva-edicion-de-los-talleres-tiempo-propio-en-carreno\/#organizationLogo"},"sameAs":["https:\/\/www.facebook.com\/Nachofdezber","https:\/\/x.com\/NabercoDigital","https:\/\/www.instagram.com\/nachofdezber\/","https:\/\/www.youtube.com\/channel\/UCZP-2wLEB9Rv6erhFmqVnvg"],"address":{"@id":"https:\/\/candas365.es\/noticias\/#postaladdress","@type":"PostalAddress","streetAddress":"san antonio 4, san antonio 4","postalCode":"33430","addressLocality":"Cand\u00e1s","addressRegion":"Asturias","addressCountry":"ES"}},{"@type":"Person","@id":"https:\/\/candas365.es\/noticias\/author\/admin\/#author","url":"https:\/\/candas365.es\/noticias\/author\/admin\/","name":"Cand\u00e1s 365","image":{"@type":"ImageObject","@id":"https:\/\/candas365.es\/noticias\/nueva-edicion-de-los-talleres-tiempo-propio-en-carreno\/#authorImage","url":"https:\/\/secure.gravatar.com\/avatar\/496a8e03d0c493ede1718b7934145dbdf8d89be1036b0eec9544e1094c9de390?s=96&d=mm&r=g","width":96,"height":96,"caption":"Cand\u00e1s 365"},"sameAs":["https:\/\/www.facebook.com\/carrenoactualidad","https:\/\/twitter.com\/nbasturias","https:\/\/www.instagram.com\/nachofdezber\/","https:\/\/www.youtube.com\/channel\/UCZP-2wLEB9Rv6erhFmqVnvg"]},{"@type":"WebPage","@id":"https:\/\/candas365.es\/noticias\/nueva-edicion-de-los-talleres-tiempo-propio-en-carreno\/#webpage","url":"https:\/\/candas365.es\/noticias\/nueva-edicion-de-los-talleres-tiempo-propio-en-carreno\/","name":"Nueva edici\u00f3n de los talleres \u201cTiempo Propio\u201d, en Carre\u00f1o | Cand\u00e1s 365","description":"Durante los meses de Abril y Mayo, en la Casa de Encuentros de las Mujeres de Carre\u00f1o, se desarrollar\u00e1n dos talleres del Programa Tiempo Propio. Las tem\u00e1ticas de los mismos son los que siguen \u201cEscudos y Her\u00e1ldica, con Ojos de Mujer\u201d y \u201cSalud y Bienestar; Ahora en Movimiento\u201d. Ambos son financiados por el Gobierno del","inLanguage":"es-ES","isPartOf":{"@id":"https:\/\/candas365.es\/noticias\/#website"},"breadcrumb":{"@id":"https:\/\/candas365.es\/noticias\/nueva-edicion-de-los-talleres-tiempo-propio-en-carreno\/#breadcrumblist"},"author":{"@id":"https:\/\/candas365.es\/noticias\/author\/admin\/#author"},"creator":{"@id":"https:\/\/candas365.es\/noticias\/author\/admin\/#author"},"image":{"@type":"ImageObject","url":"https:\/\/candas365.es\/noticias\/wp-content\/uploads\/2018\/04\/soap-2726400_1280.jpg","@id":"https:\/\/candas365.es\/noticias\/nueva-edicion-de-los-talleres-tiempo-propio-en-carreno\/#mainImage","width":1280,"height":853},"primaryImageOfPage":{"@id":"https:\/\/candas365.es\/noticias\/nueva-edicion-de-los-talleres-tiempo-propio-en-carreno\/#mainImage"},"datePublished":"2018-04-11T20:35:52+02:00","dateModified":"2018-04-11T20:35:52+02:00"},{"@type":"WebSite","@id":"https:\/\/candas365.es\/noticias\/#website","url":"https:\/\/candas365.es\/noticias\/","name":"Cand\u00e1s 365","alternateName":"Cand\u00e1s 365 Noticias","description":"Actualidad desde Carre\u00f1o para el mundo","inLanguage":"es-ES","publisher":{"@id":"https:\/\/candas365.es\/noticias\/#organization"}}]},"og:locale":"es_ES","og:site_name":"Cand\u00e1s 365","og:type":"article","og:title":"Nueva edici\u00f3n de los talleres \u201cTiempo Propio\u201d, en Carre\u00f1o | Cand\u00e1s 365","og:description":"Durante los meses de Abril y Mayo, en la Casa de Encuentros de las Mujeres de Carre\u00f1o, se desarrollar\u00e1n dos talleres del Programa Tiempo Propio. Las tem\u00e1ticas de los mismos son los que siguen \u201cEscudos y Her\u00e1ldica, con Ojos de Mujer\u201d y \u201cSalud y Bienestar; Ahora en Movimiento\u201d. Ambos son financiados por el Gobierno del","og:url":"https:\/\/candas365.es\/noticias\/nueva-edicion-de-los-talleres-tiempo-propio-en-carreno\/","og:image":"https:\/\/candas365.es\/noticias\/wp-content\/uploads\/2018\/04\/soap-2726400_1280.jpg","og:image:secure_url":"https:\/\/candas365.es\/noticias\/wp-content\/uploads\/2018\/04\/soap-2726400_1280.jpg","og:image:width":1280,"og:image:height":853,"article:published_time":"2018-04-11T20:35:52+00:00","article:modified_time":"2018-04-11T20:35:52+00:00","article:publisher":"https:\/\/www.facebook.com\/Nachofdezber","article:author":"https:\/\/www.facebook.com\/carrenoactualidad","twitter:card":"summary_large_image","twitter:site":"@NabercoDigital","twitter:title":"Nueva edici\u00f3n de los talleres \u201cTiempo Propio\u201d, en Carre\u00f1o | Cand\u00e1s 365","twitter:description":"Durante los meses de Abril y Mayo, en la Casa de Encuentros de las Mujeres de Carre\u00f1o, se desarrollar\u00e1n dos talleres del Programa Tiempo Propio. Las tem\u00e1ticas de los mismos son los que siguen \u201cEscudos y Her\u00e1ldica, con Ojos de Mujer\u201d y \u201cSalud y Bienestar; Ahora en Movimiento\u201d. Ambos son financiados por el Gobierno del","twitter:creator":"@nbasturias","twitter:image":"https:\/\/candas365.es\/noticias\/wp-content\/uploads\/2018\/04\/soap-2726400_1280.jpg","twitter:label1":"Escrito por","twitter:data1":"Cand\u00e1s 365","twitter:label2":"Tiempo de lectura estimado","twitter:data2":"2 minutos"},"aioseo_meta_data":{"post_id":"93597","title":null,"description":null,"keywords":null,"keyphrases":null,"primary_term":null,"canonical_url":null,"og_title":null,"og_description":null,"og_object_type":"default","og_image_type":"default","og_image_url":null,"og_image_width":null,"og_image_height":null,"og_image_custom_url":null,"og_image_custom_fields":null,"og_video":null,"og_custom_url":null,"og_article_section":null,"og_article_tags":null,"twitter_use_og":false,"twitter_card":"default","twitter_image_type":"default","twitter_image_url":null,"twitter_image_custom_url":null,"twitter_image_custom_fields":null,"twitter_title":null,"twitter_description":null,"schema":{"blockGraphs":[],"customGraphs":[],"default":{"data":{"Article":[],"Course":[],"Dataset":[],"FAQPage":[],"Movie":[],"Person":[],"Product":[],"ProductReview":[],"Car":[],"Recipe":[],"Service":[],"SoftwareApplication":[],"WebPage":[]},"graphName":"","isEnabled":true},"graphs":[]},"schema_type":null,"schema_type_options":null,"pillar_content":false,"robots_default":true,"robots_noindex":false,"robots_noarchive":false,"robots_nosnippet":false,"robots_nofollow":false,"robots_noimageindex":false,"robots_noodp":false,"robots_notranslate":false,"robots_max_snippet":null,"robots_max_videopreview":null,"robots_max_imagepreview":"large","priority":null,"frequency":null,"location":null,"local_seo":null,"seo_analyzer_scan_date":"2025-08-26 17:56:09","breadcrumb_settings":null,"limit_modified_date":false,"reviewed_by":null,"open_ai":null,"ai":null,"created":"2020-12-21 11:53:39","updated":"2025-08-26 17:56:09"},"aioseo_breadcrumb":"<div class=\"aioseo-breadcrumbs\"><span class=\"aioseo-breadcrumb\">\n\t<a href=\"https:\/\/candas365.es\/noticias\" title=\"Home\">Home<\/a>\n<\/span><span class=\"aioseo-breadcrumb-separator\">&ndash;<\/span><span class=\"aioseo-breadcrumb\">\n\t<a href=\"https:\/\/candas365.es\/noticias\/category\/noticias-carreno\/\" title=\"Noticias Carre\u00f1o\">Noticias Carre\u00f1o<\/a>\n<\/span><span class=\"aioseo-breadcrumb-separator\">&ndash;<\/span><span class=\"aioseo-breadcrumb\">\n\tNueva edici\u00f3n de los talleres \u201cTiempo Propio\u201d, en Carre\u00f1o\n<\/span><\/div>","aioseo_breadcrumb_json":[{"label":"Home","link":"https:\/\/candas365.es\/noticias"},{"label":"Noticias Carre\u00f1o","link":"https:\/\/candas365.es\/noticias\/category\/noticias-carreno\/"},{"label":"Nueva edici\u00f3n de los talleres \u201cTiempo Propio\u201d, en Carre\u00f1o","link":"https:\/\/candas365.es\/noticias\/nueva-edicion-de-los-talleres-tiempo-propio-en-carreno\/"}],"_links":{"self":[{"href":"https:\/\/candas365.es\/noticias\/wp-json\/wp\/v2\/posts\/93597","targetHints":{"allow":["GET"]}}],"collection":[{"href":"https:\/\/candas365.es\/noticias\/wp-json\/wp\/v2\/posts"}],"about":[{"href":"https:\/\/candas365.es\/noticias\/wp-json\/wp\/v2\/types\/post"}],"author":[{"embeddable":true,"href":"https:\/\/candas365.es\/noticias\/wp-json\/wp\/v2\/users\/1"}],"replies":[{"embeddable":true,"href":"https:\/\/candas365.es\/noticias\/wp-json\/wp\/v2\/comments?post=93597"}],"version-history":[{"count":0,"href":"https:\/\/candas365.es\/noticias\/wp-json\/wp\/v2\/posts\/93597\/revisions"}],"wp:featuredmedia":[{"embeddable":true,"href":"https:\/\/candas365.es\/noticias\/wp-json\/wp\/v2\/media\/93598"}],"wp:attachment":[{"href":"https:\/\/candas365.es\/noticias\/wp-json\/wp\/v2\/media?parent=93597"}],"wp:term":[{"taxonomy":"category","embeddable":true,"href":"https:\/\/candas365.es\/noticias\/wp-json\/wp\/v2\/categories?post=93597"},{"taxonomy":"post_tag","embeddable":true,"href":"https:\/\/candas365.es\/noticias\/wp-json\/wp\/v2\/tags?post=93597"}],"curies":[{"name":"wp","href":"https:\/\/api.w.org\/{rel}","templated":true}]}}