{"id":93526,"date":"2018-04-11T01:09:28","date_gmt":"2018-04-11T01:09:28","guid":{"rendered":"http:\/\/candas365.es\/noticias\/?p=93526"},"modified":"2018-04-11T01:09:28","modified_gmt":"2018-04-11T01:09:28","slug":"gabriel-rodriguez-no-hubo-irregularidades-en-la-gestion-de-subvenciones-en-la-mancomunidad","status":"publish","type":"post","link":"https:\/\/candas365.es\/noticias\/gabriel-rodriguez-no-hubo-irregularidades-en-la-gestion-de-subvenciones-en-la-mancomunidad\/","title":{"rendered":"Gabriel Rodr\u00edguez: \u201cNo hubo irregularidades en la gesti\u00f3n de subvenciones en la Mancomunidad\u201d"},"content":{"rendered":"<p><img fetchpriority=\"high\" decoding=\"async\" class=\"alignleft size-medium wp-image-6453\" src=\"https:\/\/candas365.es\/noticias\/wp-content\/uploads\/2015\/01\/ayuntamiento-360x270.jpg\" alt=\"\" width=\"360\" height=\"270\" srcset=\"https:\/\/candas365.es\/noticias\/wp-content\/uploads\/2015\/01\/ayuntamiento-360x270.jpg 360w, https:\/\/candas365.es\/noticias\/wp-content\/uploads\/2015\/01\/ayuntamiento-640x480.jpg 640w, https:\/\/candas365.es\/noticias\/wp-content\/uploads\/2015\/01\/ayuntamiento-768x576.jpg 768w, https:\/\/candas365.es\/noticias\/wp-content\/uploads\/2015\/01\/ayuntamiento-150x113.jpg 150w, https:\/\/candas365.es\/noticias\/wp-content\/uploads\/2015\/01\/ayuntamiento-450x338.jpg 450w, https:\/\/candas365.es\/noticias\/wp-content\/uploads\/2015\/01\/ayuntamiento-80x60.jpg 80w, https:\/\/candas365.es\/noticias\/wp-content\/uploads\/2015\/01\/ayuntamiento-265x198.jpg 265w, https:\/\/candas365.es\/noticias\/wp-content\/uploads\/2015\/01\/ayuntamiento-696x522.jpg 696w, https:\/\/candas365.es\/noticias\/wp-content\/uploads\/2015\/01\/ayuntamiento-560x420.jpg 560w, https:\/\/candas365.es\/noticias\/wp-content\/uploads\/2015\/01\/ayuntamiento-90x67.jpg 90w, https:\/\/candas365.es\/noticias\/wp-content\/uploads\/2015\/01\/ayuntamiento.jpg 800w\" sizes=\"(max-width: 360px) 100vw, 360px\" \/>Tras la Junta de Portavoces celebrada en el Ayuntamiento de Carre\u00f1o , el portavoz del gobierno local, Gabriel Rodr\u00edguez afirm\u00f3 que \u201cno ha habido irregularidades en la gesti\u00f3n de las subvenciones en la Mancomunidad\u201d. Ante las sospechas vertidas a los medios de comunicaci\u00f3n el portavoz socialista ha defendido con firmeza \u201cla labor y las explicaciones de los t\u00e9cnicos municipales\u201d.<\/p>\n<p>\u201cHasta la fecha ning\u00fan t\u00e9cnico advirti\u00f3 de la existencia de irregularidad alguna y no dudamos que de haberla habido se habr\u00eda advertido. Como siempre ha ocurrido, en la gesti\u00f3n de la mancomunidad ha primado el entendimiento entre los dos municipios y en el entendimiento de que esta gesti\u00f3n era jur\u00eddica y econ\u00f3micamente legal\u201d, a\u00f1adi\u00f3.<\/p>\n<p>\u201cSeguimos en la defensa de la Mancomunidad y en la lealtad institucional, no nos va a mover nadie de este modo porque \u00fanicamente nos mueve la defensa de lo mejor para nuestro vecindario. Con el fin de aclarar la situaci\u00f3n, desde que planean las sospechas y salen a la luz p\u00fablica unas insinuaciones falsas desde la Alcald\u00eda de Carre\u00f1o se solicit\u00f3 a la Mancomunidad, al Presidente en funciones, que se emitan los informes por parte de la Intervenci\u00f3n y Secretar\u00eda al respecto\u201d, explic\u00f3 el portavoz del gobierno local.<\/p>\n<p>\u201cNi la Alcaldesa de Carre\u00f1o, ni el anterior alcalde em\u00e9rito han tenido en los \u00faltimos a\u00f1os responsabilidades org\u00e1nicas en la Mancomunidad. Tanto la Presidencia como la figura de Vocal Delegado han reca\u00eddo en Goz\u00f3n\u201d, concluy\u00f3 Gabriel Rodr\u00edguez.<\/p>\n","protected":false},"excerpt":{"rendered":"<p>Tras la Junta de Portavoces celebrada en el Ayuntamiento de Carre\u00f1o , el portavoz del gobierno local, Gabriel Rodr\u00edguez afirm\u00f3 que \u201cno ha habido irregularidades en la gesti\u00f3n de las subvenciones en la Mancomunidad\u201d. Ante las sospechas vertidas a los medios de comunicaci\u00f3n el portavoz socialista ha defendido con firmeza \u201cla labor y las explicaciones<\/p>\n","protected":false},"author":1,"featured_media":6453,"comment_status":"closed","ping_status":"closed","sticky":false,"template":"","format":"standard","meta":{"footnotes":""},"categories":[2],"tags":[],"class_list":{"0":"post-93526","1":"post","2":"type-post","3":"status-publish","4":"format-standard","5":"has-post-thumbnail","7":"category-noticias-carreno"},"aioseo_notices":[],"aioseo_head":"\n\t\t<!-- All in One SEO Pro 4.9.6.2 - aioseo.com -->\n\t<meta name=\"description\" content=\"Tras la Junta de Portavoces celebrada en el Ayuntamiento de Carre\u00f1o , el portavoz del gobierno local, Gabriel Rodr\u00edguez afirm\u00f3 que \u201cno ha habido irregularidades en la gesti\u00f3n de las subvenciones en la Mancomunidad\u201d. Ante las sospechas vertidas a los medios de comunicaci\u00f3n el portavoz socialista ha defendido con firmeza \u201cla labor y las explicaciones\" \/>\n\t<meta name=\"robots\" content=\"max-image-preview:large\" \/>\n\t<meta name=\"author\" content=\"Cand\u00e1s 365\"\/>\n\t<meta name=\"google-site-verification\" content=\"UA-32230408-1\" \/>\n\t<meta name=\"msvalidate.01\" content=\"354F3CDFB2DA171B47FBE9ABF1F88D5\" \/>\n\t<meta name=\"keywords\" content=\"noticias carre\u00f1o\" \/>\n\t<link rel=\"canonical\" href=\"https:\/\/candas365.es\/noticias\/gabriel-rodriguez-no-hubo-irregularidades-en-la-gestion-de-subvenciones-en-la-mancomunidad\/\" \/>\n\t<meta name=\"generator\" content=\"All in One SEO Pro (AIOSEO) 4.9.6.2\" \/>\n\t\t<meta property=\"og:locale\" content=\"es_ES\" \/>\n\t\t<meta property=\"og:site_name\" content=\"Cand\u00e1s 365\" \/>\n\t\t<meta property=\"og:type\" content=\"article\" \/>\n\t\t<meta property=\"og:title\" content=\"Gabriel Rodr\u00edguez: \u201cNo hubo irregularidades en la gesti\u00f3n de subvenciones en la Mancomunidad\u201d | Cand\u00e1s 365\" \/>\n\t\t<meta property=\"og:description\" content=\"Tras la Junta de Portavoces celebrada en el Ayuntamiento de Carre\u00f1o , el portavoz del gobierno local, Gabriel Rodr\u00edguez afirm\u00f3 que \u201cno ha habido irregularidades en la gesti\u00f3n de las subvenciones en la Mancomunidad\u201d. Ante las sospechas vertidas a los medios de comunicaci\u00f3n el portavoz socialista ha defendido con firmeza \u201cla labor y las explicaciones\" \/>\n\t\t<meta property=\"og:url\" content=\"https:\/\/candas365.es\/noticias\/gabriel-rodriguez-no-hubo-irregularidades-en-la-gestion-de-subvenciones-en-la-mancomunidad\/\" \/>\n\t\t<meta property=\"og:image\" content=\"https:\/\/candas365.es\/noticias\/wp-content\/uploads\/2015\/01\/ayuntamiento.jpg\" \/>\n\t\t<meta property=\"og:image:secure_url\" content=\"https:\/\/candas365.es\/noticias\/wp-content\/uploads\/2015\/01\/ayuntamiento.jpg\" \/>\n\t\t<meta property=\"og:image:width\" content=\"800\" \/>\n\t\t<meta property=\"og:image:height\" content=\"600\" \/>\n\t\t<meta property=\"article:published_time\" content=\"2018-04-11T01:09:28+00:00\" \/>\n\t\t<meta property=\"article:modified_time\" content=\"2018-04-11T01:09:28+00:00\" \/>\n\t\t<meta property=\"article:publisher\" content=\"https:\/\/www.facebook.com\/Nachofdezber\" \/>\n\t\t<meta property=\"article:author\" content=\"https:\/\/www.facebook.com\/carrenoactualidad\" \/>\n\t\t<meta name=\"twitter:card\" content=\"summary_large_image\" \/>\n\t\t<meta name=\"twitter:site\" content=\"@NabercoDigital\" \/>\n\t\t<meta name=\"twitter:title\" content=\"Gabriel Rodr\u00edguez: \u201cNo hubo irregularidades en la gesti\u00f3n de subvenciones en la Mancomunidad\u201d | Cand\u00e1s 365\" \/>\n\t\t<meta name=\"twitter:description\" content=\"Tras la Junta de Portavoces celebrada en el Ayuntamiento de Carre\u00f1o , el portavoz del gobierno local, Gabriel Rodr\u00edguez afirm\u00f3 que \u201cno ha habido irregularidades en la gesti\u00f3n de las subvenciones en la Mancomunidad\u201d. Ante las sospechas vertidas a los medios de comunicaci\u00f3n el portavoz socialista ha defendido con firmeza \u201cla labor y las explicaciones\" \/>\n\t\t<meta name=\"twitter:creator\" content=\"@nbasturias\" \/>\n\t\t<meta name=\"twitter:image\" content=\"https:\/\/candas365.es\/noticias\/wp-content\/uploads\/2015\/01\/ayuntamiento.jpg\" \/>\n\t\t<meta name=\"twitter:label1\" content=\"Escrito por\" \/>\n\t\t<meta name=\"twitter:data1\" content=\"Cand\u00e1s 365\" \/>\n\t\t<meta name=\"twitter:label2\" content=\"Tiempo de lectura estimado\" \/>\n\t\t<meta name=\"twitter:data2\" content=\"1 minuto\" \/>\n\t\t<script type=\"application\/ld+json\" class=\"aioseo-schema\">\n\t\t\t{\"@context\":\"https:\\\/\\\/schema.org\",\"@graph\":[{\"@type\":\"BreadcrumbList\",\"@id\":\"https:\\\/\\\/candas365.es\\\/noticias\\\/gabriel-rodriguez-no-hubo-irregularidades-en-la-gestion-de-subvenciones-en-la-mancomunidad\\\/#breadcrumblist\",\"itemListElement\":[{\"@type\":\"ListItem\",\"@id\":\"https:\\\/\\\/candas365.es\\\/noticias#listItem\",\"position\":1,\"name\":\"Home\",\"item\":\"https:\\\/\\\/candas365.es\\\/noticias\",\"nextItem\":{\"@type\":\"ListItem\",\"@id\":\"https:\\\/\\\/candas365.es\\\/noticias\\\/category\\\/noticias-carreno\\\/#listItem\",\"name\":\"Noticias Carre\\u00f1o\"}},{\"@type\":\"ListItem\",\"@id\":\"https:\\\/\\\/candas365.es\\\/noticias\\\/category\\\/noticias-carreno\\\/#listItem\",\"position\":2,\"name\":\"Noticias Carre\\u00f1o\",\"item\":\"https:\\\/\\\/candas365.es\\\/noticias\\\/category\\\/noticias-carreno\\\/\",\"nextItem\":{\"@type\":\"ListItem\",\"@id\":\"https:\\\/\\\/candas365.es\\\/noticias\\\/gabriel-rodriguez-no-hubo-irregularidades-en-la-gestion-de-subvenciones-en-la-mancomunidad\\\/#listItem\",\"name\":\"Gabriel Rodr\\u00edguez: \\u201cNo hubo irregularidades en la gesti\\u00f3n de subvenciones en la Mancomunidad\\u201d\"},\"previousItem\":{\"@type\":\"ListItem\",\"@id\":\"https:\\\/\\\/candas365.es\\\/noticias#listItem\",\"name\":\"Home\"}},{\"@type\":\"ListItem\",\"@id\":\"https:\\\/\\\/candas365.es\\\/noticias\\\/gabriel-rodriguez-no-hubo-irregularidades-en-la-gestion-de-subvenciones-en-la-mancomunidad\\\/#listItem\",\"position\":3,\"name\":\"Gabriel Rodr\\u00edguez: \\u201cNo hubo irregularidades en la gesti\\u00f3n de subvenciones en la Mancomunidad\\u201d\",\"previousItem\":{\"@type\":\"ListItem\",\"@id\":\"https:\\\/\\\/candas365.es\\\/noticias\\\/category\\\/noticias-carreno\\\/#listItem\",\"name\":\"Noticias Carre\\u00f1o\"}}]},{\"@type\":\"NewsArticle\",\"@id\":\"https:\\\/\\\/candas365.es\\\/noticias\\\/gabriel-rodriguez-no-hubo-irregularidades-en-la-gestion-de-subvenciones-en-la-mancomunidad\\\/#newsarticle\",\"name\":\"Gabriel Rodr\\u00edguez: \\u201cNo hubo irregularidades en la gesti\\u00f3n de subvenciones en la Mancomunidad\\u201d | Cand\\u00e1s 365\",\"headline\":\"Gabriel Rodr\\u00edguez: \\u201cNo hubo irregularidades en la gesti\\u00f3n de subvenciones en la Mancomunidad\\u201d\",\"author\":{\"@id\":\"https:\\\/\\\/candas365.es\\\/noticias\\\/author\\\/admin\\\/#author\"},\"publisher\":{\"@id\":\"https:\\\/\\\/candas365.es\\\/noticias\\\/#organization\"},\"image\":{\"@type\":\"ImageObject\",\"url\":\"https:\\\/\\\/candas365.es\\\/noticias\\\/wp-content\\\/uploads\\\/2015\\\/01\\\/ayuntamiento.jpg\",\"width\":800,\"height\":600,\"caption\":\"Carre\\u00f1o\"},\"datePublished\":\"2018-04-11T01:09:28+02:00\",\"dateModified\":\"2018-04-11T01:09:28+02:00\",\"inLanguage\":\"es-ES\",\"mainEntityOfPage\":{\"@id\":\"https:\\\/\\\/candas365.es\\\/noticias\\\/gabriel-rodriguez-no-hubo-irregularidades-en-la-gestion-de-subvenciones-en-la-mancomunidad\\\/#webpage\"},\"isPartOf\":{\"@id\":\"https:\\\/\\\/candas365.es\\\/noticias\\\/gabriel-rodriguez-no-hubo-irregularidades-en-la-gestion-de-subvenciones-en-la-mancomunidad\\\/#webpage\"},\"articleSection\":\"Noticias Carre\\u00f1o\",\"dateline\":\"Publicado el abril 11, 2018.\"},{\"@type\":\"Organization\",\"@id\":\"https:\\\/\\\/candas365.es\\\/noticias\\\/#organization\",\"name\":\"Cand\\u00e1s 365\",\"description\":\"Cand\\u00e1s 365 es un diario digital independiente, fundado en 2012, con base en Asturias. Informamos con rigor sobre actualidad, sociedad, cultura y ocio, con una mirada local y global.\",\"url\":\"https:\\\/\\\/candas365.es\\\/noticias\\\/\",\"email\":\"info@candas365.es\",\"telephone\":\"+34652131393\",\"foundingDate\":\"2012-06-10\",\"logo\":{\"@type\":\"ImageObject\",\"url\":\"https:\\\/\\\/candas365.es\\\/noticias\\\/wp-content\\\/uploads\\\/2024\\\/09\\\/Candas-365-Redes.jpg\",\"@id\":\"https:\\\/\\\/candas365.es\\\/noticias\\\/gabriel-rodriguez-no-hubo-irregularidades-en-la-gestion-de-subvenciones-en-la-mancomunidad\\\/#organizationLogo\",\"width\":1152,\"height\":864,\"caption\":\"Cand\\u00e1s 365 Redes\"},\"image\":{\"@id\":\"https:\\\/\\\/candas365.es\\\/noticias\\\/gabriel-rodriguez-no-hubo-irregularidades-en-la-gestion-de-subvenciones-en-la-mancomunidad\\\/#organizationLogo\"},\"sameAs\":[\"https:\\\/\\\/www.facebook.com\\\/Nachofdezber\",\"https:\\\/\\\/x.com\\\/NabercoDigital\",\"https:\\\/\\\/www.instagram.com\\\/nachofdezber\\\/\",\"https:\\\/\\\/www.youtube.com\\\/channel\\\/UCZP-2wLEB9Rv6erhFmqVnvg\"],\"address\":{\"@id\":\"https:\\\/\\\/candas365.es\\\/noticias\\\/#postaladdress\",\"@type\":\"PostalAddress\",\"streetAddress\":\"san antonio 4, san antonio 4\",\"postalCode\":\"33430\",\"addressLocality\":\"Cand\\u00e1s\",\"addressRegion\":\"Asturias\",\"addressCountry\":\"ES\"}},{\"@type\":\"Person\",\"@id\":\"https:\\\/\\\/candas365.es\\\/noticias\\\/author\\\/admin\\\/#author\",\"url\":\"https:\\\/\\\/candas365.es\\\/noticias\\\/author\\\/admin\\\/\",\"name\":\"Cand\\u00e1s 365\",\"image\":{\"@type\":\"ImageObject\",\"@id\":\"https:\\\/\\\/candas365.es\\\/noticias\\\/gabriel-rodriguez-no-hubo-irregularidades-en-la-gestion-de-subvenciones-en-la-mancomunidad\\\/#authorImage\",\"url\":\"https:\\\/\\\/secure.gravatar.com\\\/avatar\\\/496a8e03d0c493ede1718b7934145dbdf8d89be1036b0eec9544e1094c9de390?s=96&d=mm&r=g\",\"width\":96,\"height\":96,\"caption\":\"Cand\\u00e1s 365\"},\"sameAs\":[\"https:\\\/\\\/www.facebook.com\\\/carrenoactualidad\",\"https:\\\/\\\/twitter.com\\\/nbasturias\",\"https:\\\/\\\/www.instagram.com\\\/nachofdezber\\\/\",\"https:\\\/\\\/www.youtube.com\\\/channel\\\/UCZP-2wLEB9Rv6erhFmqVnvg\"]},{\"@type\":\"WebPage\",\"@id\":\"https:\\\/\\\/candas365.es\\\/noticias\\\/gabriel-rodriguez-no-hubo-irregularidades-en-la-gestion-de-subvenciones-en-la-mancomunidad\\\/#webpage\",\"url\":\"https:\\\/\\\/candas365.es\\\/noticias\\\/gabriel-rodriguez-no-hubo-irregularidades-en-la-gestion-de-subvenciones-en-la-mancomunidad\\\/\",\"name\":\"Gabriel Rodr\\u00edguez: \\u201cNo hubo irregularidades en la gesti\\u00f3n de subvenciones en la Mancomunidad\\u201d | Cand\\u00e1s 365\",\"description\":\"Tras la Junta de Portavoces celebrada en el Ayuntamiento de Carre\\u00f1o , el portavoz del gobierno local, Gabriel Rodr\\u00edguez afirm\\u00f3 que \\u201cno ha habido irregularidades en la gesti\\u00f3n de las subvenciones en la Mancomunidad\\u201d. Ante las sospechas vertidas a los medios de comunicaci\\u00f3n el portavoz socialista ha defendido con firmeza \\u201cla labor y las explicaciones\",\"inLanguage\":\"es-ES\",\"isPartOf\":{\"@id\":\"https:\\\/\\\/candas365.es\\\/noticias\\\/#website\"},\"breadcrumb\":{\"@id\":\"https:\\\/\\\/candas365.es\\\/noticias\\\/gabriel-rodriguez-no-hubo-irregularidades-en-la-gestion-de-subvenciones-en-la-mancomunidad\\\/#breadcrumblist\"},\"author\":{\"@id\":\"https:\\\/\\\/candas365.es\\\/noticias\\\/author\\\/admin\\\/#author\"},\"creator\":{\"@id\":\"https:\\\/\\\/candas365.es\\\/noticias\\\/author\\\/admin\\\/#author\"},\"image\":{\"@type\":\"ImageObject\",\"url\":\"https:\\\/\\\/candas365.es\\\/noticias\\\/wp-content\\\/uploads\\\/2015\\\/01\\\/ayuntamiento.jpg\",\"@id\":\"https:\\\/\\\/candas365.es\\\/noticias\\\/gabriel-rodriguez-no-hubo-irregularidades-en-la-gestion-de-subvenciones-en-la-mancomunidad\\\/#mainImage\",\"width\":800,\"height\":600,\"caption\":\"Carre\\u00f1o\"},\"primaryImageOfPage\":{\"@id\":\"https:\\\/\\\/candas365.es\\\/noticias\\\/gabriel-rodriguez-no-hubo-irregularidades-en-la-gestion-de-subvenciones-en-la-mancomunidad\\\/#mainImage\"},\"datePublished\":\"2018-04-11T01:09:28+02:00\",\"dateModified\":\"2018-04-11T01:09:28+02:00\"},{\"@type\":\"WebSite\",\"@id\":\"https:\\\/\\\/candas365.es\\\/noticias\\\/#website\",\"url\":\"https:\\\/\\\/candas365.es\\\/noticias\\\/\",\"name\":\"Cand\\u00e1s 365\",\"alternateName\":\"Cand\\u00e1s 365 Noticias\",\"description\":\"Actualidad desde Carre\\u00f1o para el mundo\",\"inLanguage\":\"es-ES\",\"publisher\":{\"@id\":\"https:\\\/\\\/candas365.es\\\/noticias\\\/#organization\"}}]}\n\t\t<\/script>\n\t\t<!-- All in One SEO Pro -->\r\n\t\t<title>Gabriel Rodr\u00edguez: \u201cNo hubo irregularidades en la gesti\u00f3n de subvenciones en la Mancomunidad\u201d | Cand\u00e1s 365<\/title>\n\n","aioseo_head_json":{"title":"Gabriel Rodr\u00edguez: \u201cNo hubo irregularidades en la gesti\u00f3n de subvenciones en la Mancomunidad\u201d | Cand\u00e1s 365","description":"Tras la Junta de Portavoces celebrada en el Ayuntamiento de Carre\u00f1o , el portavoz del gobierno local, Gabriel Rodr\u00edguez afirm\u00f3 que \u201cno ha habido irregularidades en la gesti\u00f3n de las subvenciones en la Mancomunidad\u201d. Ante las sospechas vertidas a los medios de comunicaci\u00f3n el portavoz socialista ha defendido con firmeza \u201cla labor y las explicaciones","canonical_url":"https:\/\/candas365.es\/noticias\/gabriel-rodriguez-no-hubo-irregularidades-en-la-gestion-de-subvenciones-en-la-mancomunidad\/","robots":"max-image-preview:large","keywords":"noticias carre\u00f1o","webmasterTools":{"google-site-verification":"UA-32230408-1","msvalidate.01":"354F3CDFB2DA171B47FBE9ABF1F88D5","miscellaneous":""},"schema":{"@context":"https:\/\/schema.org","@graph":[{"@type":"BreadcrumbList","@id":"https:\/\/candas365.es\/noticias\/gabriel-rodriguez-no-hubo-irregularidades-en-la-gestion-de-subvenciones-en-la-mancomunidad\/#breadcrumblist","itemListElement":[{"@type":"ListItem","@id":"https:\/\/candas365.es\/noticias#listItem","position":1,"name":"Home","item":"https:\/\/candas365.es\/noticias","nextItem":{"@type":"ListItem","@id":"https:\/\/candas365.es\/noticias\/category\/noticias-carreno\/#listItem","name":"Noticias Carre\u00f1o"}},{"@type":"ListItem","@id":"https:\/\/candas365.es\/noticias\/category\/noticias-carreno\/#listItem","position":2,"name":"Noticias Carre\u00f1o","item":"https:\/\/candas365.es\/noticias\/category\/noticias-carreno\/","nextItem":{"@type":"ListItem","@id":"https:\/\/candas365.es\/noticias\/gabriel-rodriguez-no-hubo-irregularidades-en-la-gestion-de-subvenciones-en-la-mancomunidad\/#listItem","name":"Gabriel Rodr\u00edguez: \u201cNo hubo irregularidades en la gesti\u00f3n de subvenciones en la Mancomunidad\u201d"},"previousItem":{"@type":"ListItem","@id":"https:\/\/candas365.es\/noticias#listItem","name":"Home"}},{"@type":"ListItem","@id":"https:\/\/candas365.es\/noticias\/gabriel-rodriguez-no-hubo-irregularidades-en-la-gestion-de-subvenciones-en-la-mancomunidad\/#listItem","position":3,"name":"Gabriel Rodr\u00edguez: \u201cNo hubo irregularidades en la gesti\u00f3n de subvenciones en la Mancomunidad\u201d","previousItem":{"@type":"ListItem","@id":"https:\/\/candas365.es\/noticias\/category\/noticias-carreno\/#listItem","name":"Noticias Carre\u00f1o"}}]},{"@type":"NewsArticle","@id":"https:\/\/candas365.es\/noticias\/gabriel-rodriguez-no-hubo-irregularidades-en-la-gestion-de-subvenciones-en-la-mancomunidad\/#newsarticle","name":"Gabriel Rodr\u00edguez: \u201cNo hubo irregularidades en la gesti\u00f3n de subvenciones en la Mancomunidad\u201d | Cand\u00e1s 365","headline":"Gabriel Rodr\u00edguez: \u201cNo hubo irregularidades en la gesti\u00f3n de subvenciones en la Mancomunidad\u201d","author":{"@id":"https:\/\/candas365.es\/noticias\/author\/admin\/#author"},"publisher":{"@id":"https:\/\/candas365.es\/noticias\/#organization"},"image":{"@type":"ImageObject","url":"https:\/\/candas365.es\/noticias\/wp-content\/uploads\/2015\/01\/ayuntamiento.jpg","width":800,"height":600,"caption":"Carre\u00f1o"},"datePublished":"2018-04-11T01:09:28+02:00","dateModified":"2018-04-11T01:09:28+02:00","inLanguage":"es-ES","mainEntityOfPage":{"@id":"https:\/\/candas365.es\/noticias\/gabriel-rodriguez-no-hubo-irregularidades-en-la-gestion-de-subvenciones-en-la-mancomunidad\/#webpage"},"isPartOf":{"@id":"https:\/\/candas365.es\/noticias\/gabriel-rodriguez-no-hubo-irregularidades-en-la-gestion-de-subvenciones-en-la-mancomunidad\/#webpage"},"articleSection":"Noticias Carre\u00f1o","dateline":"Publicado el abril 11, 2018."},{"@type":"Organization","@id":"https:\/\/candas365.es\/noticias\/#organization","name":"Cand\u00e1s 365","description":"Cand\u00e1s 365 es un diario digital independiente, fundado en 2012, con base en Asturias. Informamos con rigor sobre actualidad, sociedad, cultura y ocio, con una mirada local y global.","url":"https:\/\/candas365.es\/noticias\/","email":"info@candas365.es","telephone":"+34652131393","foundingDate":"2012-06-10","logo":{"@type":"ImageObject","url":"https:\/\/candas365.es\/noticias\/wp-content\/uploads\/2024\/09\/Candas-365-Redes.jpg","@id":"https:\/\/candas365.es\/noticias\/gabriel-rodriguez-no-hubo-irregularidades-en-la-gestion-de-subvenciones-en-la-mancomunidad\/#organizationLogo","width":1152,"height":864,"caption":"Cand\u00e1s 365 Redes"},"image":{"@id":"https:\/\/candas365.es\/noticias\/gabriel-rodriguez-no-hubo-irregularidades-en-la-gestion-de-subvenciones-en-la-mancomunidad\/#organizationLogo"},"sameAs":["https:\/\/www.facebook.com\/Nachofdezber","https:\/\/x.com\/NabercoDigital","https:\/\/www.instagram.com\/nachofdezber\/","https:\/\/www.youtube.com\/channel\/UCZP-2wLEB9Rv6erhFmqVnvg"],"address":{"@id":"https:\/\/candas365.es\/noticias\/#postaladdress","@type":"PostalAddress","streetAddress":"san antonio 4, san antonio 4","postalCode":"33430","addressLocality":"Cand\u00e1s","addressRegion":"Asturias","addressCountry":"ES"}},{"@type":"Person","@id":"https:\/\/candas365.es\/noticias\/author\/admin\/#author","url":"https:\/\/candas365.es\/noticias\/author\/admin\/","name":"Cand\u00e1s 365","image":{"@type":"ImageObject","@id":"https:\/\/candas365.es\/noticias\/gabriel-rodriguez-no-hubo-irregularidades-en-la-gestion-de-subvenciones-en-la-mancomunidad\/#authorImage","url":"https:\/\/secure.gravatar.com\/avatar\/496a8e03d0c493ede1718b7934145dbdf8d89be1036b0eec9544e1094c9de390?s=96&d=mm&r=g","width":96,"height":96,"caption":"Cand\u00e1s 365"},"sameAs":["https:\/\/www.facebook.com\/carrenoactualidad","https:\/\/twitter.com\/nbasturias","https:\/\/www.instagram.com\/nachofdezber\/","https:\/\/www.youtube.com\/channel\/UCZP-2wLEB9Rv6erhFmqVnvg"]},{"@type":"WebPage","@id":"https:\/\/candas365.es\/noticias\/gabriel-rodriguez-no-hubo-irregularidades-en-la-gestion-de-subvenciones-en-la-mancomunidad\/#webpage","url":"https:\/\/candas365.es\/noticias\/gabriel-rodriguez-no-hubo-irregularidades-en-la-gestion-de-subvenciones-en-la-mancomunidad\/","name":"Gabriel Rodr\u00edguez: \u201cNo hubo irregularidades en la gesti\u00f3n de subvenciones en la Mancomunidad\u201d | Cand\u00e1s 365","description":"Tras la Junta de Portavoces celebrada en el Ayuntamiento de Carre\u00f1o , el portavoz del gobierno local, Gabriel Rodr\u00edguez afirm\u00f3 que \u201cno ha habido irregularidades en la gesti\u00f3n de las subvenciones en la Mancomunidad\u201d. Ante las sospechas vertidas a los medios de comunicaci\u00f3n el portavoz socialista ha defendido con firmeza \u201cla labor y las explicaciones","inLanguage":"es-ES","isPartOf":{"@id":"https:\/\/candas365.es\/noticias\/#website"},"breadcrumb":{"@id":"https:\/\/candas365.es\/noticias\/gabriel-rodriguez-no-hubo-irregularidades-en-la-gestion-de-subvenciones-en-la-mancomunidad\/#breadcrumblist"},"author":{"@id":"https:\/\/candas365.es\/noticias\/author\/admin\/#author"},"creator":{"@id":"https:\/\/candas365.es\/noticias\/author\/admin\/#author"},"image":{"@type":"ImageObject","url":"https:\/\/candas365.es\/noticias\/wp-content\/uploads\/2015\/01\/ayuntamiento.jpg","@id":"https:\/\/candas365.es\/noticias\/gabriel-rodriguez-no-hubo-irregularidades-en-la-gestion-de-subvenciones-en-la-mancomunidad\/#mainImage","width":800,"height":600,"caption":"Carre\u00f1o"},"primaryImageOfPage":{"@id":"https:\/\/candas365.es\/noticias\/gabriel-rodriguez-no-hubo-irregularidades-en-la-gestion-de-subvenciones-en-la-mancomunidad\/#mainImage"},"datePublished":"2018-04-11T01:09:28+02:00","dateModified":"2018-04-11T01:09:28+02:00"},{"@type":"WebSite","@id":"https:\/\/candas365.es\/noticias\/#website","url":"https:\/\/candas365.es\/noticias\/","name":"Cand\u00e1s 365","alternateName":"Cand\u00e1s 365 Noticias","description":"Actualidad desde Carre\u00f1o para el mundo","inLanguage":"es-ES","publisher":{"@id":"https:\/\/candas365.es\/noticias\/#organization"}}]},"og:locale":"es_ES","og:site_name":"Cand\u00e1s 365","og:type":"article","og:title":"Gabriel Rodr\u00edguez: \u201cNo hubo irregularidades en la gesti\u00f3n de subvenciones en la Mancomunidad\u201d | Cand\u00e1s 365","og:description":"Tras la Junta de Portavoces celebrada en el Ayuntamiento de Carre\u00f1o , el portavoz del gobierno local, Gabriel Rodr\u00edguez afirm\u00f3 que \u201cno ha habido irregularidades en la gesti\u00f3n de las subvenciones en la Mancomunidad\u201d. Ante las sospechas vertidas a los medios de comunicaci\u00f3n el portavoz socialista ha defendido con firmeza \u201cla labor y las explicaciones","og:url":"https:\/\/candas365.es\/noticias\/gabriel-rodriguez-no-hubo-irregularidades-en-la-gestion-de-subvenciones-en-la-mancomunidad\/","og:image":"https:\/\/candas365.es\/noticias\/wp-content\/uploads\/2015\/01\/ayuntamiento.jpg","og:image:secure_url":"https:\/\/candas365.es\/noticias\/wp-content\/uploads\/2015\/01\/ayuntamiento.jpg","og:image:width":800,"og:image:height":600,"article:published_time":"2018-04-11T01:09:28+00:00","article:modified_time":"2018-04-11T01:09:28+00:00","article:publisher":"https:\/\/www.facebook.com\/Nachofdezber","article:author":"https:\/\/www.facebook.com\/carrenoactualidad","twitter:card":"summary_large_image","twitter:site":"@NabercoDigital","twitter:title":"Gabriel Rodr\u00edguez: \u201cNo hubo irregularidades en la gesti\u00f3n de subvenciones en la Mancomunidad\u201d | Cand\u00e1s 365","twitter:description":"Tras la Junta de Portavoces celebrada en el Ayuntamiento de Carre\u00f1o , el portavoz del gobierno local, Gabriel Rodr\u00edguez afirm\u00f3 que \u201cno ha habido irregularidades en la gesti\u00f3n de las subvenciones en la Mancomunidad\u201d. Ante las sospechas vertidas a los medios de comunicaci\u00f3n el portavoz socialista ha defendido con firmeza \u201cla labor y las explicaciones","twitter:creator":"@nbasturias","twitter:image":"https:\/\/candas365.es\/noticias\/wp-content\/uploads\/2015\/01\/ayuntamiento.jpg","twitter:label1":"Escrito por","twitter:data1":"Cand\u00e1s 365","twitter:label2":"Tiempo de lectura estimado","twitter:data2":"1 minuto"},"aioseo_meta_data":{"post_id":"93526","title":null,"description":null,"keywords":null,"keyphrases":null,"primary_term":null,"canonical_url":null,"og_title":null,"og_description":null,"og_object_type":"default","og_image_type":"default","og_image_url":null,"og_image_width":null,"og_image_height":null,"og_image_custom_url":null,"og_image_custom_fields":null,"og_video":null,"og_custom_url":null,"og_article_section":null,"og_article_tags":null,"twitter_use_og":false,"twitter_card":"default","twitter_image_type":"default","twitter_image_url":null,"twitter_image_custom_url":null,"twitter_image_custom_fields":null,"twitter_title":null,"twitter_description":null,"schema":{"blockGraphs":[],"customGraphs":[],"default":{"data":{"Article":[],"Course":[],"Dataset":[],"FAQPage":[],"Movie":[],"Person":[],"Product":[],"ProductReview":[],"Car":[],"Recipe":[],"Service":[],"SoftwareApplication":[],"WebPage":[]},"graphName":"","isEnabled":true},"graphs":[]},"schema_type":null,"schema_type_options":null,"pillar_content":false,"robots_default":true,"robots_noindex":false,"robots_noarchive":false,"robots_nosnippet":false,"robots_nofollow":false,"robots_noimageindex":false,"robots_noodp":false,"robots_notranslate":false,"robots_max_snippet":null,"robots_max_videopreview":null,"robots_max_imagepreview":"large","priority":null,"frequency":null,"location":null,"local_seo":null,"seo_analyzer_scan_date":"2025-08-26 17:50:08","breadcrumb_settings":null,"limit_modified_date":false,"reviewed_by":null,"open_ai":null,"ai":null,"created":"2020-12-21 11:53:45","updated":"2025-08-26 17:50:08"},"aioseo_breadcrumb":"<div class=\"aioseo-breadcrumbs\"><span class=\"aioseo-breadcrumb\">\n\t<a href=\"https:\/\/candas365.es\/noticias\" title=\"Home\">Home<\/a>\n<\/span><span class=\"aioseo-breadcrumb-separator\">&ndash;<\/span><span class=\"aioseo-breadcrumb\">\n\t<a href=\"https:\/\/candas365.es\/noticias\/category\/noticias-carreno\/\" title=\"Noticias Carre\u00f1o\">Noticias Carre\u00f1o<\/a>\n<\/span><span class=\"aioseo-breadcrumb-separator\">&ndash;<\/span><span class=\"aioseo-breadcrumb\">\n\tGabriel Rodr\u00edguez: \u201cNo hubo irregularidades en la gesti\u00f3n de subvenciones en la Mancomunidad\u201d\n<\/span><\/div>","aioseo_breadcrumb_json":[{"label":"Home","link":"https:\/\/candas365.es\/noticias"},{"label":"Noticias Carre\u00f1o","link":"https:\/\/candas365.es\/noticias\/category\/noticias-carreno\/"},{"label":"Gabriel Rodr\u00edguez: \u201cNo hubo irregularidades en la gesti\u00f3n de subvenciones en la Mancomunidad\u201d","link":"https:\/\/candas365.es\/noticias\/gabriel-rodriguez-no-hubo-irregularidades-en-la-gestion-de-subvenciones-en-la-mancomunidad\/"}],"_links":{"self":[{"href":"https:\/\/candas365.es\/noticias\/wp-json\/wp\/v2\/posts\/93526","targetHints":{"allow":["GET"]}}],"collection":[{"href":"https:\/\/candas365.es\/noticias\/wp-json\/wp\/v2\/posts"}],"about":[{"href":"https:\/\/candas365.es\/noticias\/wp-json\/wp\/v2\/types\/post"}],"author":[{"embeddable":true,"href":"https:\/\/candas365.es\/noticias\/wp-json\/wp\/v2\/users\/1"}],"replies":[{"embeddable":true,"href":"https:\/\/candas365.es\/noticias\/wp-json\/wp\/v2\/comments?post=93526"}],"version-history":[{"count":0,"href":"https:\/\/candas365.es\/noticias\/wp-json\/wp\/v2\/posts\/93526\/revisions"}],"wp:featuredmedia":[{"embeddable":true,"href":"https:\/\/candas365.es\/noticias\/wp-json\/wp\/v2\/media\/6453"}],"wp:attachment":[{"href":"https:\/\/candas365.es\/noticias\/wp-json\/wp\/v2\/media?parent=93526"}],"wp:term":[{"taxonomy":"category","embeddable":true,"href":"https:\/\/candas365.es\/noticias\/wp-json\/wp\/v2\/categories?post=93526"},{"taxonomy":"post_tag","embeddable":true,"href":"https:\/\/candas365.es\/noticias\/wp-json\/wp\/v2\/tags?post=93526"}],"curies":[{"name":"wp","href":"https:\/\/api.w.org\/{rel}","templated":true}]}}