{"id":93365,"date":"2018-04-08T14:39:12","date_gmt":"2018-04-08T14:39:12","guid":{"rendered":"http:\/\/candas365.es\/noticias\/?p=93365"},"modified":"2018-04-08T14:39:12","modified_gmt":"2018-04-08T14:39:12","slug":"charla-sobre-compostaje-en-candas","status":"publish","type":"post","link":"https:\/\/candas365.es\/noticias\/charla-sobre-compostaje-en-candas\/","title":{"rendered":"Charla sobre compostaje en Cand\u00e1s"},"content":{"rendered":"<p><img fetchpriority=\"high\" decoding=\"async\" class=\"alignleft size-medium wp-image-93366\" src=\"https:\/\/candas365.es\/noticias\/wp-content\/uploads\/2018\/04\/IMG-20180404-360x270.jpg\" alt=\"\" width=\"360\" height=\"270\" srcset=\"https:\/\/candas365.es\/noticias\/wp-content\/uploads\/2018\/04\/IMG-20180404-360x270.jpg 360w, https:\/\/candas365.es\/noticias\/wp-content\/uploads\/2018\/04\/IMG-20180404-80x60.jpg 80w, https:\/\/candas365.es\/noticias\/wp-content\/uploads\/2018\/04\/IMG-20180404-265x198.jpg 265w, https:\/\/candas365.es\/noticias\/wp-content\/uploads\/2018\/04\/IMG-20180404-696x522.jpg 696w, https:\/\/candas365.es\/noticias\/wp-content\/uploads\/2018\/04\/IMG-20180404-560x420.jpg 560w, https:\/\/candas365.es\/noticias\/wp-content\/uploads\/2018\/04\/IMG-20180404-768x576.jpg 768w, https:\/\/candas365.es\/noticias\/wp-content\/uploads\/2018\/04\/IMG-20180404-640x480.jpg 640w, https:\/\/candas365.es\/noticias\/wp-content\/uploads\/2018\/04\/IMG-20180404-90x67.jpg 90w, https:\/\/candas365.es\/noticias\/wp-content\/uploads\/2018\/04\/IMG-20180404.jpg 1024w\" sizes=\"(max-width: 360px) 100vw, 360px\" \/>Con la primera charla de la campa\u00f1a del compostaje dom\u00e9stico 2018, celebrada en la Casa de Cultura de Cand\u00e1s, arranca otra edici\u00f3n de la campa\u00f1a desarrollada por el <strong>Ayuntamiento de Carre\u00f1o y COGERSA<\/strong> cumpliendo el d\u00e9cimo a\u00f1o consecutivo.<\/p>\n<p>Esta iniciativa consiste en la elaboraci\u00f3n de abono natural en los domicilios particulares a partir de residuos org\u00e1nicos generados en el hogar y en la cual tambi\u00e9n pueden participar peque\u00f1os hoteles, casas rurales, etc. que desarrollen su actividad en el concejo, as\u00ed como comunidades vecinales, centros escolares y otros colectivos que quieran hacer compostaje comunitario.<\/p>\n<p>\u201dEste a\u00f1o son 23 las familias que se acogieron a la iniciativa, provenientes de las parroquias de Cand\u00e1s, Albandi, Amb\u00e1s, Perlora, Piedeloro, El Valle y Tam\u00f3n.\u201d, afirm\u00f3 Gabriel Rodr\u00edguez, concejal de medioambiente.<\/p>\n<p>\u201dDesde el 2009, y como concejo pionero en el compostaje, han sido 224 las familias que han apostado por esta iniciativa lo que da muestras de la importancia que esta campa\u00f1a tiene para el vecindario y su compromiso con el reciclaje\u201d, apostill\u00f3 el edil.<\/p>\n","protected":false},"excerpt":{"rendered":"<p>Con la primera charla de la campa\u00f1a del compostaje dom\u00e9stico 2018, celebrada en la Casa de Cultura de Cand\u00e1s, arranca otra edici\u00f3n de la campa\u00f1a desarrollada por el Ayuntamiento de Carre\u00f1o y COGERSA cumpliendo el d\u00e9cimo a\u00f1o consecutivo. Esta iniciativa consiste en la elaboraci\u00f3n de abono natural en los domicilios particulares a partir de residuos<\/p>\n","protected":false},"author":1,"featured_media":93366,"comment_status":"closed","ping_status":"closed","sticky":false,"template":"","format":"standard","meta":{"footnotes":""},"categories":[2],"tags":[],"class_list":{"0":"post-93365","1":"post","2":"type-post","3":"status-publish","4":"format-standard","5":"has-post-thumbnail","7":"category-noticias-carreno"},"aioseo_notices":[],"aioseo_head":"\n\t\t<!-- All in One SEO Pro 4.9.6.2 - aioseo.com -->\n\t<meta name=\"description\" content=\"Con la primera charla de la campa\u00f1a del compostaje dom\u00e9stico 2018, celebrada en la Casa de Cultura de Cand\u00e1s, arranca otra edici\u00f3n de la campa\u00f1a desarrollada por el Ayuntamiento de Carre\u00f1o y COGERSA cumpliendo el d\u00e9cimo a\u00f1o consecutivo. Esta iniciativa consiste en la elaboraci\u00f3n de abono natural en los domicilios particulares a partir de residuos\" \/>\n\t<meta name=\"robots\" content=\"max-image-preview:large\" \/>\n\t<meta name=\"author\" content=\"Cand\u00e1s 365\"\/>\n\t<meta name=\"google-site-verification\" content=\"UA-32230408-1\" \/>\n\t<meta name=\"msvalidate.01\" content=\"354F3CDFB2DA171B47FBE9ABF1F88D5\" \/>\n\t<meta name=\"keywords\" content=\"noticias carre\u00f1o\" \/>\n\t<link rel=\"canonical\" href=\"https:\/\/candas365.es\/noticias\/charla-sobre-compostaje-en-candas\/\" \/>\n\t<meta name=\"generator\" content=\"All in One SEO Pro (AIOSEO) 4.9.6.2\" \/>\n\t\t<meta property=\"og:locale\" content=\"es_ES\" \/>\n\t\t<meta property=\"og:site_name\" content=\"Cand\u00e1s 365\" \/>\n\t\t<meta property=\"og:type\" content=\"article\" \/>\n\t\t<meta property=\"og:title\" content=\"Charla sobre compostaje en Cand\u00e1s | Cand\u00e1s 365\" \/>\n\t\t<meta property=\"og:description\" content=\"Con la primera charla de la campa\u00f1a del compostaje dom\u00e9stico 2018, celebrada en la Casa de Cultura de Cand\u00e1s, arranca otra edici\u00f3n de la campa\u00f1a desarrollada por el Ayuntamiento de Carre\u00f1o y COGERSA cumpliendo el d\u00e9cimo a\u00f1o consecutivo. Esta iniciativa consiste en la elaboraci\u00f3n de abono natural en los domicilios particulares a partir de residuos\" \/>\n\t\t<meta property=\"og:url\" content=\"https:\/\/candas365.es\/noticias\/charla-sobre-compostaje-en-candas\/\" \/>\n\t\t<meta property=\"og:image\" content=\"https:\/\/candas365.es\/noticias\/wp-content\/uploads\/2018\/04\/IMG-20180404.jpg\" \/>\n\t\t<meta property=\"og:image:secure_url\" content=\"https:\/\/candas365.es\/noticias\/wp-content\/uploads\/2018\/04\/IMG-20180404.jpg\" \/>\n\t\t<meta property=\"og:image:width\" content=\"1024\" \/>\n\t\t<meta property=\"og:image:height\" content=\"768\" \/>\n\t\t<meta property=\"article:published_time\" content=\"2018-04-08T14:39:12+00:00\" \/>\n\t\t<meta property=\"article:modified_time\" content=\"2018-04-08T14:39:12+00:00\" \/>\n\t\t<meta property=\"article:publisher\" content=\"https:\/\/www.facebook.com\/Nachofdezber\" \/>\n\t\t<meta property=\"article:author\" content=\"https:\/\/www.facebook.com\/carrenoactualidad\" \/>\n\t\t<meta name=\"twitter:card\" content=\"summary_large_image\" \/>\n\t\t<meta name=\"twitter:site\" content=\"@NabercoDigital\" \/>\n\t\t<meta name=\"twitter:title\" content=\"Charla sobre compostaje en Cand\u00e1s | Cand\u00e1s 365\" \/>\n\t\t<meta name=\"twitter:description\" content=\"Con la primera charla de la campa\u00f1a del compostaje dom\u00e9stico 2018, celebrada en la Casa de Cultura de Cand\u00e1s, arranca otra edici\u00f3n de la campa\u00f1a desarrollada por el Ayuntamiento de Carre\u00f1o y COGERSA cumpliendo el d\u00e9cimo a\u00f1o consecutivo. Esta iniciativa consiste en la elaboraci\u00f3n de abono natural en los domicilios particulares a partir de residuos\" \/>\n\t\t<meta name=\"twitter:creator\" content=\"@nbasturias\" \/>\n\t\t<meta name=\"twitter:image\" content=\"https:\/\/candas365.es\/noticias\/wp-content\/uploads\/2018\/04\/IMG-20180404.jpg\" \/>\n\t\t<meta name=\"twitter:label1\" content=\"Escrito por\" \/>\n\t\t<meta name=\"twitter:data1\" content=\"Cand\u00e1s 365\" \/>\n\t\t<meta name=\"twitter:label2\" content=\"Tiempo de lectura estimado\" \/>\n\t\t<meta name=\"twitter:data2\" content=\"1 minuto\" \/>\n\t\t<script type=\"application\/ld+json\" class=\"aioseo-schema\">\n\t\t\t{\"@context\":\"https:\\\/\\\/schema.org\",\"@graph\":[{\"@type\":\"BreadcrumbList\",\"@id\":\"https:\\\/\\\/candas365.es\\\/noticias\\\/charla-sobre-compostaje-en-candas\\\/#breadcrumblist\",\"itemListElement\":[{\"@type\":\"ListItem\",\"@id\":\"https:\\\/\\\/candas365.es\\\/noticias#listItem\",\"position\":1,\"name\":\"Home\",\"item\":\"https:\\\/\\\/candas365.es\\\/noticias\",\"nextItem\":{\"@type\":\"ListItem\",\"@id\":\"https:\\\/\\\/candas365.es\\\/noticias\\\/category\\\/noticias-carreno\\\/#listItem\",\"name\":\"Noticias Carre\\u00f1o\"}},{\"@type\":\"ListItem\",\"@id\":\"https:\\\/\\\/candas365.es\\\/noticias\\\/category\\\/noticias-carreno\\\/#listItem\",\"position\":2,\"name\":\"Noticias Carre\\u00f1o\",\"item\":\"https:\\\/\\\/candas365.es\\\/noticias\\\/category\\\/noticias-carreno\\\/\",\"nextItem\":{\"@type\":\"ListItem\",\"@id\":\"https:\\\/\\\/candas365.es\\\/noticias\\\/charla-sobre-compostaje-en-candas\\\/#listItem\",\"name\":\"Charla sobre compostaje en Cand\\u00e1s\"},\"previousItem\":{\"@type\":\"ListItem\",\"@id\":\"https:\\\/\\\/candas365.es\\\/noticias#listItem\",\"name\":\"Home\"}},{\"@type\":\"ListItem\",\"@id\":\"https:\\\/\\\/candas365.es\\\/noticias\\\/charla-sobre-compostaje-en-candas\\\/#listItem\",\"position\":3,\"name\":\"Charla sobre compostaje en Cand\\u00e1s\",\"previousItem\":{\"@type\":\"ListItem\",\"@id\":\"https:\\\/\\\/candas365.es\\\/noticias\\\/category\\\/noticias-carreno\\\/#listItem\",\"name\":\"Noticias Carre\\u00f1o\"}}]},{\"@type\":\"NewsArticle\",\"@id\":\"https:\\\/\\\/candas365.es\\\/noticias\\\/charla-sobre-compostaje-en-candas\\\/#newsarticle\",\"name\":\"Charla sobre compostaje en Cand\\u00e1s | Cand\\u00e1s 365\",\"headline\":\"Charla sobre compostaje en Cand\\u00e1s\",\"author\":{\"@id\":\"https:\\\/\\\/candas365.es\\\/noticias\\\/author\\\/admin\\\/#author\"},\"publisher\":{\"@id\":\"https:\\\/\\\/candas365.es\\\/noticias\\\/#organization\"},\"image\":{\"@type\":\"ImageObject\",\"url\":\"https:\\\/\\\/candas365.es\\\/noticias\\\/wp-content\\\/uploads\\\/2018\\\/04\\\/IMG-20180404.jpg\",\"width\":1024,\"height\":768},\"datePublished\":\"2018-04-08T14:39:12+02:00\",\"dateModified\":\"2018-04-08T14:39:12+02:00\",\"inLanguage\":\"es-ES\",\"mainEntityOfPage\":{\"@id\":\"https:\\\/\\\/candas365.es\\\/noticias\\\/charla-sobre-compostaje-en-candas\\\/#webpage\"},\"isPartOf\":{\"@id\":\"https:\\\/\\\/candas365.es\\\/noticias\\\/charla-sobre-compostaje-en-candas\\\/#webpage\"},\"articleSection\":\"Noticias Carre\\u00f1o\",\"dateline\":\"Publicado el abril 8, 2018.\"},{\"@type\":\"Organization\",\"@id\":\"https:\\\/\\\/candas365.es\\\/noticias\\\/#organization\",\"name\":\"Cand\\u00e1s 365\",\"description\":\"Cand\\u00e1s 365 es un diario digital independiente, fundado en 2012, con base en Asturias. Informamos con rigor sobre actualidad, sociedad, cultura y ocio, con una mirada local y global.\",\"url\":\"https:\\\/\\\/candas365.es\\\/noticias\\\/\",\"email\":\"info@candas365.es\",\"telephone\":\"+34652131393\",\"foundingDate\":\"2012-06-10\",\"logo\":{\"@type\":\"ImageObject\",\"url\":\"https:\\\/\\\/candas365.es\\\/noticias\\\/wp-content\\\/uploads\\\/2024\\\/09\\\/Candas-365-Redes.jpg\",\"@id\":\"https:\\\/\\\/candas365.es\\\/noticias\\\/charla-sobre-compostaje-en-candas\\\/#organizationLogo\",\"width\":1152,\"height\":864,\"caption\":\"Cand\\u00e1s 365 Redes\"},\"image\":{\"@id\":\"https:\\\/\\\/candas365.es\\\/noticias\\\/charla-sobre-compostaje-en-candas\\\/#organizationLogo\"},\"sameAs\":[\"https:\\\/\\\/www.facebook.com\\\/Nachofdezber\",\"https:\\\/\\\/x.com\\\/NabercoDigital\",\"https:\\\/\\\/www.instagram.com\\\/nachofdezber\\\/\",\"https:\\\/\\\/www.youtube.com\\\/channel\\\/UCZP-2wLEB9Rv6erhFmqVnvg\"],\"address\":{\"@id\":\"https:\\\/\\\/candas365.es\\\/noticias\\\/#postaladdress\",\"@type\":\"PostalAddress\",\"streetAddress\":\"san antonio 4, san antonio 4\",\"postalCode\":\"33430\",\"addressLocality\":\"Cand\\u00e1s\",\"addressRegion\":\"Asturias\",\"addressCountry\":\"ES\"}},{\"@type\":\"Person\",\"@id\":\"https:\\\/\\\/candas365.es\\\/noticias\\\/author\\\/admin\\\/#author\",\"url\":\"https:\\\/\\\/candas365.es\\\/noticias\\\/author\\\/admin\\\/\",\"name\":\"Cand\\u00e1s 365\",\"image\":{\"@type\":\"ImageObject\",\"@id\":\"https:\\\/\\\/candas365.es\\\/noticias\\\/charla-sobre-compostaje-en-candas\\\/#authorImage\",\"url\":\"https:\\\/\\\/secure.gravatar.com\\\/avatar\\\/496a8e03d0c493ede1718b7934145dbdf8d89be1036b0eec9544e1094c9de390?s=96&d=mm&r=g\",\"width\":96,\"height\":96,\"caption\":\"Cand\\u00e1s 365\"},\"sameAs\":[\"https:\\\/\\\/www.facebook.com\\\/carrenoactualidad\",\"https:\\\/\\\/twitter.com\\\/nbasturias\",\"https:\\\/\\\/www.instagram.com\\\/nachofdezber\\\/\",\"https:\\\/\\\/www.youtube.com\\\/channel\\\/UCZP-2wLEB9Rv6erhFmqVnvg\"]},{\"@type\":\"WebPage\",\"@id\":\"https:\\\/\\\/candas365.es\\\/noticias\\\/charla-sobre-compostaje-en-candas\\\/#webpage\",\"url\":\"https:\\\/\\\/candas365.es\\\/noticias\\\/charla-sobre-compostaje-en-candas\\\/\",\"name\":\"Charla sobre compostaje en Cand\\u00e1s | Cand\\u00e1s 365\",\"description\":\"Con la primera charla de la campa\\u00f1a del compostaje dom\\u00e9stico 2018, celebrada en la Casa de Cultura de Cand\\u00e1s, arranca otra edici\\u00f3n de la campa\\u00f1a desarrollada por el Ayuntamiento de Carre\\u00f1o y COGERSA cumpliendo el d\\u00e9cimo a\\u00f1o consecutivo. Esta iniciativa consiste en la elaboraci\\u00f3n de abono natural en los domicilios particulares a partir de residuos\",\"inLanguage\":\"es-ES\",\"isPartOf\":{\"@id\":\"https:\\\/\\\/candas365.es\\\/noticias\\\/#website\"},\"breadcrumb\":{\"@id\":\"https:\\\/\\\/candas365.es\\\/noticias\\\/charla-sobre-compostaje-en-candas\\\/#breadcrumblist\"},\"author\":{\"@id\":\"https:\\\/\\\/candas365.es\\\/noticias\\\/author\\\/admin\\\/#author\"},\"creator\":{\"@id\":\"https:\\\/\\\/candas365.es\\\/noticias\\\/author\\\/admin\\\/#author\"},\"image\":{\"@type\":\"ImageObject\",\"url\":\"https:\\\/\\\/candas365.es\\\/noticias\\\/wp-content\\\/uploads\\\/2018\\\/04\\\/IMG-20180404.jpg\",\"@id\":\"https:\\\/\\\/candas365.es\\\/noticias\\\/charla-sobre-compostaje-en-candas\\\/#mainImage\",\"width\":1024,\"height\":768},\"primaryImageOfPage\":{\"@id\":\"https:\\\/\\\/candas365.es\\\/noticias\\\/charla-sobre-compostaje-en-candas\\\/#mainImage\"},\"datePublished\":\"2018-04-08T14:39:12+02:00\",\"dateModified\":\"2018-04-08T14:39:12+02:00\"},{\"@type\":\"WebSite\",\"@id\":\"https:\\\/\\\/candas365.es\\\/noticias\\\/#website\",\"url\":\"https:\\\/\\\/candas365.es\\\/noticias\\\/\",\"name\":\"Cand\\u00e1s 365\",\"alternateName\":\"Cand\\u00e1s 365 Noticias\",\"description\":\"Actualidad desde Carre\\u00f1o para el mundo\",\"inLanguage\":\"es-ES\",\"publisher\":{\"@id\":\"https:\\\/\\\/candas365.es\\\/noticias\\\/#organization\"}}]}\n\t\t<\/script>\n\t\t<!-- All in One SEO Pro -->\r\n\t\t<title>Charla sobre compostaje en Cand\u00e1s | Cand\u00e1s 365<\/title>\n\n","aioseo_head_json":{"title":"Charla sobre compostaje en Cand\u00e1s | Cand\u00e1s 365","description":"Con la primera charla de la campa\u00f1a del compostaje dom\u00e9stico 2018, celebrada en la Casa de Cultura de Cand\u00e1s, arranca otra edici\u00f3n de la campa\u00f1a desarrollada por el Ayuntamiento de Carre\u00f1o y COGERSA cumpliendo el d\u00e9cimo a\u00f1o consecutivo. Esta iniciativa consiste en la elaboraci\u00f3n de abono natural en los domicilios particulares a partir de residuos","canonical_url":"https:\/\/candas365.es\/noticias\/charla-sobre-compostaje-en-candas\/","robots":"max-image-preview:large","keywords":"noticias carre\u00f1o","webmasterTools":{"google-site-verification":"UA-32230408-1","msvalidate.01":"354F3CDFB2DA171B47FBE9ABF1F88D5","miscellaneous":""},"schema":{"@context":"https:\/\/schema.org","@graph":[{"@type":"BreadcrumbList","@id":"https:\/\/candas365.es\/noticias\/charla-sobre-compostaje-en-candas\/#breadcrumblist","itemListElement":[{"@type":"ListItem","@id":"https:\/\/candas365.es\/noticias#listItem","position":1,"name":"Home","item":"https:\/\/candas365.es\/noticias","nextItem":{"@type":"ListItem","@id":"https:\/\/candas365.es\/noticias\/category\/noticias-carreno\/#listItem","name":"Noticias Carre\u00f1o"}},{"@type":"ListItem","@id":"https:\/\/candas365.es\/noticias\/category\/noticias-carreno\/#listItem","position":2,"name":"Noticias Carre\u00f1o","item":"https:\/\/candas365.es\/noticias\/category\/noticias-carreno\/","nextItem":{"@type":"ListItem","@id":"https:\/\/candas365.es\/noticias\/charla-sobre-compostaje-en-candas\/#listItem","name":"Charla sobre compostaje en Cand\u00e1s"},"previousItem":{"@type":"ListItem","@id":"https:\/\/candas365.es\/noticias#listItem","name":"Home"}},{"@type":"ListItem","@id":"https:\/\/candas365.es\/noticias\/charla-sobre-compostaje-en-candas\/#listItem","position":3,"name":"Charla sobre compostaje en Cand\u00e1s","previousItem":{"@type":"ListItem","@id":"https:\/\/candas365.es\/noticias\/category\/noticias-carreno\/#listItem","name":"Noticias Carre\u00f1o"}}]},{"@type":"NewsArticle","@id":"https:\/\/candas365.es\/noticias\/charla-sobre-compostaje-en-candas\/#newsarticle","name":"Charla sobre compostaje en Cand\u00e1s | Cand\u00e1s 365","headline":"Charla sobre compostaje en Cand\u00e1s","author":{"@id":"https:\/\/candas365.es\/noticias\/author\/admin\/#author"},"publisher":{"@id":"https:\/\/candas365.es\/noticias\/#organization"},"image":{"@type":"ImageObject","url":"https:\/\/candas365.es\/noticias\/wp-content\/uploads\/2018\/04\/IMG-20180404.jpg","width":1024,"height":768},"datePublished":"2018-04-08T14:39:12+02:00","dateModified":"2018-04-08T14:39:12+02:00","inLanguage":"es-ES","mainEntityOfPage":{"@id":"https:\/\/candas365.es\/noticias\/charla-sobre-compostaje-en-candas\/#webpage"},"isPartOf":{"@id":"https:\/\/candas365.es\/noticias\/charla-sobre-compostaje-en-candas\/#webpage"},"articleSection":"Noticias Carre\u00f1o","dateline":"Publicado el abril 8, 2018."},{"@type":"Organization","@id":"https:\/\/candas365.es\/noticias\/#organization","name":"Cand\u00e1s 365","description":"Cand\u00e1s 365 es un diario digital independiente, fundado en 2012, con base en Asturias. Informamos con rigor sobre actualidad, sociedad, cultura y ocio, con una mirada local y global.","url":"https:\/\/candas365.es\/noticias\/","email":"info@candas365.es","telephone":"+34652131393","foundingDate":"2012-06-10","logo":{"@type":"ImageObject","url":"https:\/\/candas365.es\/noticias\/wp-content\/uploads\/2024\/09\/Candas-365-Redes.jpg","@id":"https:\/\/candas365.es\/noticias\/charla-sobre-compostaje-en-candas\/#organizationLogo","width":1152,"height":864,"caption":"Cand\u00e1s 365 Redes"},"image":{"@id":"https:\/\/candas365.es\/noticias\/charla-sobre-compostaje-en-candas\/#organizationLogo"},"sameAs":["https:\/\/www.facebook.com\/Nachofdezber","https:\/\/x.com\/NabercoDigital","https:\/\/www.instagram.com\/nachofdezber\/","https:\/\/www.youtube.com\/channel\/UCZP-2wLEB9Rv6erhFmqVnvg"],"address":{"@id":"https:\/\/candas365.es\/noticias\/#postaladdress","@type":"PostalAddress","streetAddress":"san antonio 4, san antonio 4","postalCode":"33430","addressLocality":"Cand\u00e1s","addressRegion":"Asturias","addressCountry":"ES"}},{"@type":"Person","@id":"https:\/\/candas365.es\/noticias\/author\/admin\/#author","url":"https:\/\/candas365.es\/noticias\/author\/admin\/","name":"Cand\u00e1s 365","image":{"@type":"ImageObject","@id":"https:\/\/candas365.es\/noticias\/charla-sobre-compostaje-en-candas\/#authorImage","url":"https:\/\/secure.gravatar.com\/avatar\/496a8e03d0c493ede1718b7934145dbdf8d89be1036b0eec9544e1094c9de390?s=96&d=mm&r=g","width":96,"height":96,"caption":"Cand\u00e1s 365"},"sameAs":["https:\/\/www.facebook.com\/carrenoactualidad","https:\/\/twitter.com\/nbasturias","https:\/\/www.instagram.com\/nachofdezber\/","https:\/\/www.youtube.com\/channel\/UCZP-2wLEB9Rv6erhFmqVnvg"]},{"@type":"WebPage","@id":"https:\/\/candas365.es\/noticias\/charla-sobre-compostaje-en-candas\/#webpage","url":"https:\/\/candas365.es\/noticias\/charla-sobre-compostaje-en-candas\/","name":"Charla sobre compostaje en Cand\u00e1s | Cand\u00e1s 365","description":"Con la primera charla de la campa\u00f1a del compostaje dom\u00e9stico 2018, celebrada en la Casa de Cultura de Cand\u00e1s, arranca otra edici\u00f3n de la campa\u00f1a desarrollada por el Ayuntamiento de Carre\u00f1o y COGERSA cumpliendo el d\u00e9cimo a\u00f1o consecutivo. Esta iniciativa consiste en la elaboraci\u00f3n de abono natural en los domicilios particulares a partir de residuos","inLanguage":"es-ES","isPartOf":{"@id":"https:\/\/candas365.es\/noticias\/#website"},"breadcrumb":{"@id":"https:\/\/candas365.es\/noticias\/charla-sobre-compostaje-en-candas\/#breadcrumblist"},"author":{"@id":"https:\/\/candas365.es\/noticias\/author\/admin\/#author"},"creator":{"@id":"https:\/\/candas365.es\/noticias\/author\/admin\/#author"},"image":{"@type":"ImageObject","url":"https:\/\/candas365.es\/noticias\/wp-content\/uploads\/2018\/04\/IMG-20180404.jpg","@id":"https:\/\/candas365.es\/noticias\/charla-sobre-compostaje-en-candas\/#mainImage","width":1024,"height":768},"primaryImageOfPage":{"@id":"https:\/\/candas365.es\/noticias\/charla-sobre-compostaje-en-candas\/#mainImage"},"datePublished":"2018-04-08T14:39:12+02:00","dateModified":"2018-04-08T14:39:12+02:00"},{"@type":"WebSite","@id":"https:\/\/candas365.es\/noticias\/#website","url":"https:\/\/candas365.es\/noticias\/","name":"Cand\u00e1s 365","alternateName":"Cand\u00e1s 365 Noticias","description":"Actualidad desde Carre\u00f1o para el mundo","inLanguage":"es-ES","publisher":{"@id":"https:\/\/candas365.es\/noticias\/#organization"}}]},"og:locale":"es_ES","og:site_name":"Cand\u00e1s 365","og:type":"article","og:title":"Charla sobre compostaje en Cand\u00e1s | Cand\u00e1s 365","og:description":"Con la primera charla de la campa\u00f1a del compostaje dom\u00e9stico 2018, celebrada en la Casa de Cultura de Cand\u00e1s, arranca otra edici\u00f3n de la campa\u00f1a desarrollada por el Ayuntamiento de Carre\u00f1o y COGERSA cumpliendo el d\u00e9cimo a\u00f1o consecutivo. Esta iniciativa consiste en la elaboraci\u00f3n de abono natural en los domicilios particulares a partir de residuos","og:url":"https:\/\/candas365.es\/noticias\/charla-sobre-compostaje-en-candas\/","og:image":"https:\/\/candas365.es\/noticias\/wp-content\/uploads\/2018\/04\/IMG-20180404.jpg","og:image:secure_url":"https:\/\/candas365.es\/noticias\/wp-content\/uploads\/2018\/04\/IMG-20180404.jpg","og:image:width":1024,"og:image:height":768,"article:published_time":"2018-04-08T14:39:12+00:00","article:modified_time":"2018-04-08T14:39:12+00:00","article:publisher":"https:\/\/www.facebook.com\/Nachofdezber","article:author":"https:\/\/www.facebook.com\/carrenoactualidad","twitter:card":"summary_large_image","twitter:site":"@NabercoDigital","twitter:title":"Charla sobre compostaje en Cand\u00e1s | Cand\u00e1s 365","twitter:description":"Con la primera charla de la campa\u00f1a del compostaje dom\u00e9stico 2018, celebrada en la Casa de Cultura de Cand\u00e1s, arranca otra edici\u00f3n de la campa\u00f1a desarrollada por el Ayuntamiento de Carre\u00f1o y COGERSA cumpliendo el d\u00e9cimo a\u00f1o consecutivo. Esta iniciativa consiste en la elaboraci\u00f3n de abono natural en los domicilios particulares a partir de residuos","twitter:creator":"@nbasturias","twitter:image":"https:\/\/candas365.es\/noticias\/wp-content\/uploads\/2018\/04\/IMG-20180404.jpg","twitter:label1":"Escrito por","twitter:data1":"Cand\u00e1s 365","twitter:label2":"Tiempo de lectura estimado","twitter:data2":"1 minuto"},"aioseo_meta_data":{"post_id":"93365","title":null,"description":null,"keywords":null,"keyphrases":null,"primary_term":null,"canonical_url":null,"og_title":null,"og_description":null,"og_object_type":"default","og_image_type":"default","og_image_url":null,"og_image_width":null,"og_image_height":null,"og_image_custom_url":null,"og_image_custom_fields":null,"og_video":null,"og_custom_url":null,"og_article_section":null,"og_article_tags":null,"twitter_use_og":false,"twitter_card":"default","twitter_image_type":"default","twitter_image_url":null,"twitter_image_custom_url":null,"twitter_image_custom_fields":null,"twitter_title":null,"twitter_description":null,"schema":{"blockGraphs":[],"customGraphs":[],"default":{"data":{"Article":[],"Course":[],"Dataset":[],"FAQPage":[],"Movie":[],"Person":[],"Product":[],"ProductReview":[],"Car":[],"Recipe":[],"Service":[],"SoftwareApplication":[],"WebPage":[]},"graphName":"","isEnabled":true},"graphs":[]},"schema_type":null,"schema_type_options":null,"pillar_content":false,"robots_default":true,"robots_noindex":false,"robots_noarchive":false,"robots_nosnippet":false,"robots_nofollow":false,"robots_noimageindex":false,"robots_noodp":false,"robots_notranslate":false,"robots_max_snippet":null,"robots_max_videopreview":null,"robots_max_imagepreview":"large","priority":null,"frequency":null,"location":null,"local_seo":null,"seo_analyzer_scan_date":"2025-08-26 17:35:14","breadcrumb_settings":null,"limit_modified_date":false,"reviewed_by":null,"open_ai":null,"ai":null,"created":"2020-12-21 11:53:46","updated":"2025-08-26 17:35:14"},"aioseo_breadcrumb":"<div class=\"aioseo-breadcrumbs\"><span class=\"aioseo-breadcrumb\">\n\t<a href=\"https:\/\/candas365.es\/noticias\" title=\"Home\">Home<\/a>\n<\/span><span class=\"aioseo-breadcrumb-separator\">&ndash;<\/span><span class=\"aioseo-breadcrumb\">\n\t<a href=\"https:\/\/candas365.es\/noticias\/category\/noticias-carreno\/\" title=\"Noticias Carre\u00f1o\">Noticias Carre\u00f1o<\/a>\n<\/span><span class=\"aioseo-breadcrumb-separator\">&ndash;<\/span><span class=\"aioseo-breadcrumb\">\n\tCharla sobre compostaje en Cand\u00e1s\n<\/span><\/div>","aioseo_breadcrumb_json":[{"label":"Home","link":"https:\/\/candas365.es\/noticias"},{"label":"Noticias Carre\u00f1o","link":"https:\/\/candas365.es\/noticias\/category\/noticias-carreno\/"},{"label":"Charla sobre compostaje en Cand\u00e1s","link":"https:\/\/candas365.es\/noticias\/charla-sobre-compostaje-en-candas\/"}],"_links":{"self":[{"href":"https:\/\/candas365.es\/noticias\/wp-json\/wp\/v2\/posts\/93365","targetHints":{"allow":["GET"]}}],"collection":[{"href":"https:\/\/candas365.es\/noticias\/wp-json\/wp\/v2\/posts"}],"about":[{"href":"https:\/\/candas365.es\/noticias\/wp-json\/wp\/v2\/types\/post"}],"author":[{"embeddable":true,"href":"https:\/\/candas365.es\/noticias\/wp-json\/wp\/v2\/users\/1"}],"replies":[{"embeddable":true,"href":"https:\/\/candas365.es\/noticias\/wp-json\/wp\/v2\/comments?post=93365"}],"version-history":[{"count":0,"href":"https:\/\/candas365.es\/noticias\/wp-json\/wp\/v2\/posts\/93365\/revisions"}],"wp:featuredmedia":[{"embeddable":true,"href":"https:\/\/candas365.es\/noticias\/wp-json\/wp\/v2\/media\/93366"}],"wp:attachment":[{"href":"https:\/\/candas365.es\/noticias\/wp-json\/wp\/v2\/media?parent=93365"}],"wp:term":[{"taxonomy":"category","embeddable":true,"href":"https:\/\/candas365.es\/noticias\/wp-json\/wp\/v2\/categories?post=93365"},{"taxonomy":"post_tag","embeddable":true,"href":"https:\/\/candas365.es\/noticias\/wp-json\/wp\/v2\/tags?post=93365"}],"curies":[{"name":"wp","href":"https:\/\/api.w.org\/{rel}","templated":true}]}}