{"id":93344,"date":"2018-04-07T19:48:59","date_gmt":"2018-04-07T19:48:59","guid":{"rendered":"http:\/\/candas365.es\/noticias\/?p=93344"},"modified":"2018-04-07T19:48:59","modified_gmt":"2018-04-07T19:48:59","slug":"cronicas-estrena-el-reportaje-de-ninos-y-monstruos","status":"publish","type":"post","link":"https:\/\/candas365.es\/noticias\/cronicas-estrena-el-reportaje-de-ninos-y-monstruos\/","title":{"rendered":"Cr\u00f3nicas estrena el reportaje &#8216;De ni\u00f1os y monstruos&#8217;"},"content":{"rendered":"<p><img fetchpriority=\"high\" decoding=\"async\" class=\"alignleft size-medium wp-image-76605\" src=\"https:\/\/candas365.es\/noticias\/wp-content\/uploads\/2017\/07\/controls-1527175_960_720-360x270.jpg\" alt=\"\" width=\"360\" height=\"270\" srcset=\"https:\/\/candas365.es\/noticias\/wp-content\/uploads\/2017\/07\/controls-1527175_960_720-360x270.jpg 360w, https:\/\/candas365.es\/noticias\/wp-content\/uploads\/2017\/07\/controls-1527175_960_720-768x576.jpg 768w, https:\/\/candas365.es\/noticias\/wp-content\/uploads\/2017\/07\/controls-1527175_960_720-640x480.jpg 640w, https:\/\/candas365.es\/noticias\/wp-content\/uploads\/2017\/07\/controls-1527175_960_720-80x60.jpg 80w, https:\/\/candas365.es\/noticias\/wp-content\/uploads\/2017\/07\/controls-1527175_960_720-265x198.jpg 265w, https:\/\/candas365.es\/noticias\/wp-content\/uploads\/2017\/07\/controls-1527175_960_720-696x522.jpg 696w, https:\/\/candas365.es\/noticias\/wp-content\/uploads\/2017\/07\/controls-1527175_960_720-560x420.jpg 560w, https:\/\/candas365.es\/noticias\/wp-content\/uploads\/2017\/07\/controls-1527175_960_720-90x67.jpg 90w, https:\/\/candas365.es\/noticias\/wp-content\/uploads\/2017\/07\/controls-1527175_960_720.jpg 960w\" sizes=\"(max-width: 360px) 100vw, 360px\" \/>Cr\u00f3nicas&#8217; estrena el reportaje &#8216;De ni\u00f1os y monstruos&#8217;, en el que aborda la violencia de g\u00e9nero. En Espa\u00f1a, ocho menores fueron asesinados por sus padres o por las parejas de sus madres en 2017. Es el dato m\u00e1s tr\u00e1gico desde que hay estad\u00edsticas y ninguno de esos ni\u00f1os hab\u00eda cumplido los 12 a\u00f1os. Seg\u00fan los expertos, asesinar a los hijos es el peor castigo y maltrato que se le puede dar a una madre. Sobre este tema y sobre las medidas legislativas que van a llevar a cabo, habla Ruth Ortiz, la madre de Ruth y Jos\u00e9, asesinados por su padre, Jos\u00e9 Bret\u00f3n, hace siete a\u00f1os en C\u00f3rdoba.<\/p>\n<p>El programa tambi\u00e9n muestra la desprotecci\u00f3n que sufren los hu\u00e9rfanos por violencia machista. En los \u00faltimos cinco a\u00f1os,187 menores se han quedado hu\u00e9rfanos porque su padre o la pareja de su madre la han matado.<\/p>\n<p>V\u00edctimas y expertos denuncian que su desprotecci\u00f3n es a nivel econ\u00f3mico porque todav\u00eda algunos ni cobran la pensi\u00f3n de orfandad, y a nivel psicol\u00f3gico, porque hasta ahora para acceder a ayuda psicol\u00f3gica el padre, asesino de la madre, ten\u00eda que permitirlo. Ambos problemas se intentar\u00e1n solucionar en el nuevo pacto de Estado.<\/p>\n<p>&#8216;Cr\u00f3nicas&#8217; se fija tambi\u00e9n en los ni\u00f1os que viven, como v\u00edctimas invisibles, la violencia de g\u00e9nero en su casa. Seg\u00fan los \u00faltimos datos son m\u00e1s de 840.000 los menores maltratados en el \u00e1mbito familiar.<\/p>\n<p>&#8216;De ni\u00f1os y monstruos&#8217; es un reportaje con guion de Teresa Mart\u00edn; realizaci\u00f3n de Arturo Villacorta; imagen y sonido de Fernando Montenegro y Paco Rueda; montaje de Montse Franco; postproducci\u00f3n de David Bard\u00f3n; sonorizaci\u00f3n de Curro Escribano; ambientaci\u00f3n musical de Noelia Romero; grafismo de Antonio Valent\u00edn; documentaci\u00f3n de los Servicios Informativos de TVE; y producci\u00f3n de Lourdes Calvo y Ana Pastor.<\/p>\n","protected":false},"excerpt":{"rendered":"<p>Cr\u00f3nicas&#8217; estrena el reportaje &#8216;De ni\u00f1os y monstruos&#8217;, en el que aborda la violencia de g\u00e9nero. En Espa\u00f1a, ocho menores fueron asesinados por sus padres o por las parejas de sus madres en 2017. Es el dato m\u00e1s tr\u00e1gico desde que hay estad\u00edsticas y ninguno de esos ni\u00f1os hab\u00eda cumplido los 12 a\u00f1os. Seg\u00fan los<\/p>\n","protected":false},"author":1,"featured_media":76605,"comment_status":"closed","ping_status":"closed","sticky":false,"template":"","format":"standard","meta":{"footnotes":""},"categories":[1],"tags":[],"class_list":{"0":"post-93344","1":"post","2":"type-post","3":"status-publish","4":"format-standard","5":"has-post-thumbnail","7":"category-agenda"},"aioseo_notices":[],"aioseo_head":"\n\t\t<!-- All in One SEO Pro 4.9.6.2 - aioseo.com -->\n\t<meta name=\"description\" content=\"Cr\u00f3nicas&#039; estrena el reportaje &#039;De ni\u00f1os y monstruos&#039;, en el que aborda la violencia de g\u00e9nero. En Espa\u00f1a, ocho menores fueron asesinados por sus padres o por las parejas de sus madres en 2017. Es el dato m\u00e1s tr\u00e1gico desde que hay estad\u00edsticas y ninguno de esos ni\u00f1os hab\u00eda cumplido los 12 a\u00f1os. Seg\u00fan los\" \/>\n\t<meta name=\"robots\" content=\"max-image-preview:large\" \/>\n\t<meta name=\"author\" content=\"Cand\u00e1s 365\"\/>\n\t<meta name=\"google-site-verification\" content=\"UA-32230408-1\" \/>\n\t<meta name=\"msvalidate.01\" content=\"354F3CDFB2DA171B47FBE9ABF1F88D5\" \/>\n\t<meta name=\"keywords\" content=\"agenda\" \/>\n\t<link rel=\"canonical\" href=\"https:\/\/candas365.es\/noticias\/cronicas-estrena-el-reportaje-de-ninos-y-monstruos\/\" \/>\n\t<meta name=\"generator\" content=\"All in One SEO Pro (AIOSEO) 4.9.6.2\" \/>\n\t\t<meta property=\"og:locale\" content=\"es_ES\" \/>\n\t\t<meta property=\"og:site_name\" content=\"Cand\u00e1s 365\" \/>\n\t\t<meta property=\"og:type\" content=\"article\" \/>\n\t\t<meta property=\"og:title\" content=\"Cr\u00f3nicas estrena el reportaje \u2018De ni\u00f1os y monstruos\u2019 | Cand\u00e1s 365\" \/>\n\t\t<meta property=\"og:description\" content=\"Cr\u00f3nicas&#039; estrena el reportaje &#039;De ni\u00f1os y monstruos&#039;, en el que aborda la violencia de g\u00e9nero. En Espa\u00f1a, ocho menores fueron asesinados por sus padres o por las parejas de sus madres en 2017. Es el dato m\u00e1s tr\u00e1gico desde que hay estad\u00edsticas y ninguno de esos ni\u00f1os hab\u00eda cumplido los 12 a\u00f1os. Seg\u00fan los\" \/>\n\t\t<meta property=\"og:url\" content=\"https:\/\/candas365.es\/noticias\/cronicas-estrena-el-reportaje-de-ninos-y-monstruos\/\" \/>\n\t\t<meta property=\"og:image\" content=\"https:\/\/candas365.es\/noticias\/wp-content\/uploads\/2017\/07\/controls-1527175_960_720.jpg\" \/>\n\t\t<meta property=\"og:image:secure_url\" content=\"https:\/\/candas365.es\/noticias\/wp-content\/uploads\/2017\/07\/controls-1527175_960_720.jpg\" \/>\n\t\t<meta property=\"og:image:width\" content=\"960\" \/>\n\t\t<meta property=\"og:image:height\" content=\"720\" \/>\n\t\t<meta property=\"article:published_time\" content=\"2018-04-07T19:48:59+00:00\" \/>\n\t\t<meta property=\"article:modified_time\" content=\"2018-04-07T19:48:59+00:00\" \/>\n\t\t<meta property=\"article:publisher\" content=\"https:\/\/www.facebook.com\/Nachofdezber\" \/>\n\t\t<meta property=\"article:author\" content=\"https:\/\/www.facebook.com\/carrenoactualidad\" \/>\n\t\t<meta name=\"twitter:card\" content=\"summary_large_image\" \/>\n\t\t<meta name=\"twitter:site\" content=\"@NabercoDigital\" \/>\n\t\t<meta name=\"twitter:title\" content=\"Cr\u00f3nicas estrena el reportaje \u2018De ni\u00f1os y monstruos\u2019 | Cand\u00e1s 365\" \/>\n\t\t<meta name=\"twitter:description\" content=\"Cr\u00f3nicas&#039; estrena el reportaje &#039;De ni\u00f1os y monstruos&#039;, en el que aborda la violencia de g\u00e9nero. En Espa\u00f1a, ocho menores fueron asesinados por sus padres o por las parejas de sus madres en 2017. Es el dato m\u00e1s tr\u00e1gico desde que hay estad\u00edsticas y ninguno de esos ni\u00f1os hab\u00eda cumplido los 12 a\u00f1os. Seg\u00fan los\" \/>\n\t\t<meta name=\"twitter:creator\" content=\"@nbasturias\" \/>\n\t\t<meta name=\"twitter:image\" content=\"https:\/\/candas365.es\/noticias\/wp-content\/uploads\/2017\/07\/controls-1527175_960_720.jpg\" \/>\n\t\t<meta name=\"twitter:label1\" content=\"Escrito por\" \/>\n\t\t<meta name=\"twitter:data1\" content=\"Cand\u00e1s 365\" \/>\n\t\t<meta name=\"twitter:label2\" content=\"Tiempo de lectura estimado\" \/>\n\t\t<meta name=\"twitter:data2\" content=\"2 minutos\" \/>\n\t\t<script type=\"application\/ld+json\" class=\"aioseo-schema\">\n\t\t\t{\"@context\":\"https:\\\/\\\/schema.org\",\"@graph\":[{\"@type\":\"BreadcrumbList\",\"@id\":\"https:\\\/\\\/candas365.es\\\/noticias\\\/cronicas-estrena-el-reportaje-de-ninos-y-monstruos\\\/#breadcrumblist\",\"itemListElement\":[{\"@type\":\"ListItem\",\"@id\":\"https:\\\/\\\/candas365.es\\\/noticias#listItem\",\"position\":1,\"name\":\"Home\",\"item\":\"https:\\\/\\\/candas365.es\\\/noticias\",\"nextItem\":{\"@type\":\"ListItem\",\"@id\":\"https:\\\/\\\/candas365.es\\\/noticias\\\/category\\\/agenda\\\/#listItem\",\"name\":\"Agenda\"}},{\"@type\":\"ListItem\",\"@id\":\"https:\\\/\\\/candas365.es\\\/noticias\\\/category\\\/agenda\\\/#listItem\",\"position\":2,\"name\":\"Agenda\",\"item\":\"https:\\\/\\\/candas365.es\\\/noticias\\\/category\\\/agenda\\\/\",\"nextItem\":{\"@type\":\"ListItem\",\"@id\":\"https:\\\/\\\/candas365.es\\\/noticias\\\/cronicas-estrena-el-reportaje-de-ninos-y-monstruos\\\/#listItem\",\"name\":\"Cr\\u00f3nicas estrena el reportaje &#8216;De ni\\u00f1os y monstruos&#8217;\"},\"previousItem\":{\"@type\":\"ListItem\",\"@id\":\"https:\\\/\\\/candas365.es\\\/noticias#listItem\",\"name\":\"Home\"}},{\"@type\":\"ListItem\",\"@id\":\"https:\\\/\\\/candas365.es\\\/noticias\\\/cronicas-estrena-el-reportaje-de-ninos-y-monstruos\\\/#listItem\",\"position\":3,\"name\":\"Cr\\u00f3nicas estrena el reportaje &#8216;De ni\\u00f1os y monstruos&#8217;\",\"previousItem\":{\"@type\":\"ListItem\",\"@id\":\"https:\\\/\\\/candas365.es\\\/noticias\\\/category\\\/agenda\\\/#listItem\",\"name\":\"Agenda\"}}]},{\"@type\":\"NewsArticle\",\"@id\":\"https:\\\/\\\/candas365.es\\\/noticias\\\/cronicas-estrena-el-reportaje-de-ninos-y-monstruos\\\/#newsarticle\",\"name\":\"Cr\\u00f3nicas estrena el reportaje \\u2018De ni\\u00f1os y monstruos\\u2019 | Cand\\u00e1s 365\",\"headline\":\"Cr\\u00f3nicas estrena el reportaje &#8216;De ni\\u00f1os y monstruos&#8217;\",\"author\":{\"@id\":\"https:\\\/\\\/candas365.es\\\/noticias\\\/author\\\/admin\\\/#author\"},\"publisher\":{\"@id\":\"https:\\\/\\\/candas365.es\\\/noticias\\\/#organization\"},\"image\":{\"@type\":\"ImageObject\",\"url\":\"https:\\\/\\\/candas365.es\\\/noticias\\\/wp-content\\\/uploads\\\/2017\\\/07\\\/controls-1527175_960_720.jpg\",\"width\":960,\"height\":720},\"datePublished\":\"2018-04-07T19:48:59+02:00\",\"dateModified\":\"2018-04-07T19:48:59+02:00\",\"inLanguage\":\"es-ES\",\"mainEntityOfPage\":{\"@id\":\"https:\\\/\\\/candas365.es\\\/noticias\\\/cronicas-estrena-el-reportaje-de-ninos-y-monstruos\\\/#webpage\"},\"isPartOf\":{\"@id\":\"https:\\\/\\\/candas365.es\\\/noticias\\\/cronicas-estrena-el-reportaje-de-ninos-y-monstruos\\\/#webpage\"},\"articleSection\":\"Agenda\",\"dateline\":\"Publicado el abril 7, 2018.\"},{\"@type\":\"Organization\",\"@id\":\"https:\\\/\\\/candas365.es\\\/noticias\\\/#organization\",\"name\":\"Cand\\u00e1s 365\",\"description\":\"Cand\\u00e1s 365 es un diario digital independiente, fundado en 2012, con base en Asturias. Informamos con rigor sobre actualidad, sociedad, cultura y ocio, con una mirada local y global.\",\"url\":\"https:\\\/\\\/candas365.es\\\/noticias\\\/\",\"email\":\"info@candas365.es\",\"telephone\":\"+34652131393\",\"foundingDate\":\"2012-06-10\",\"logo\":{\"@type\":\"ImageObject\",\"url\":\"https:\\\/\\\/candas365.es\\\/noticias\\\/wp-content\\\/uploads\\\/2024\\\/09\\\/Candas-365-Redes.jpg\",\"@id\":\"https:\\\/\\\/candas365.es\\\/noticias\\\/cronicas-estrena-el-reportaje-de-ninos-y-monstruos\\\/#organizationLogo\",\"width\":1152,\"height\":864,\"caption\":\"Cand\\u00e1s 365 Redes\"},\"image\":{\"@id\":\"https:\\\/\\\/candas365.es\\\/noticias\\\/cronicas-estrena-el-reportaje-de-ninos-y-monstruos\\\/#organizationLogo\"},\"sameAs\":[\"https:\\\/\\\/www.facebook.com\\\/Nachofdezber\",\"https:\\\/\\\/x.com\\\/NabercoDigital\",\"https:\\\/\\\/www.instagram.com\\\/nachofdezber\\\/\",\"https:\\\/\\\/www.youtube.com\\\/channel\\\/UCZP-2wLEB9Rv6erhFmqVnvg\"],\"address\":{\"@id\":\"https:\\\/\\\/candas365.es\\\/noticias\\\/#postaladdress\",\"@type\":\"PostalAddress\",\"streetAddress\":\"san antonio 4, san antonio 4\",\"postalCode\":\"33430\",\"addressLocality\":\"Cand\\u00e1s\",\"addressRegion\":\"Asturias\",\"addressCountry\":\"ES\"}},{\"@type\":\"Person\",\"@id\":\"https:\\\/\\\/candas365.es\\\/noticias\\\/author\\\/admin\\\/#author\",\"url\":\"https:\\\/\\\/candas365.es\\\/noticias\\\/author\\\/admin\\\/\",\"name\":\"Cand\\u00e1s 365\",\"image\":{\"@type\":\"ImageObject\",\"@id\":\"https:\\\/\\\/candas365.es\\\/noticias\\\/cronicas-estrena-el-reportaje-de-ninos-y-monstruos\\\/#authorImage\",\"url\":\"https:\\\/\\\/secure.gravatar.com\\\/avatar\\\/496a8e03d0c493ede1718b7934145dbdf8d89be1036b0eec9544e1094c9de390?s=96&d=mm&r=g\",\"width\":96,\"height\":96,\"caption\":\"Cand\\u00e1s 365\"},\"sameAs\":[\"https:\\\/\\\/www.facebook.com\\\/carrenoactualidad\",\"https:\\\/\\\/twitter.com\\\/nbasturias\",\"https:\\\/\\\/www.instagram.com\\\/nachofdezber\\\/\",\"https:\\\/\\\/www.youtube.com\\\/channel\\\/UCZP-2wLEB9Rv6erhFmqVnvg\"]},{\"@type\":\"WebPage\",\"@id\":\"https:\\\/\\\/candas365.es\\\/noticias\\\/cronicas-estrena-el-reportaje-de-ninos-y-monstruos\\\/#webpage\",\"url\":\"https:\\\/\\\/candas365.es\\\/noticias\\\/cronicas-estrena-el-reportaje-de-ninos-y-monstruos\\\/\",\"name\":\"Cr\\u00f3nicas estrena el reportaje \\u2018De ni\\u00f1os y monstruos\\u2019 | Cand\\u00e1s 365\",\"description\":\"Cr\\u00f3nicas' estrena el reportaje 'De ni\\u00f1os y monstruos', en el que aborda la violencia de g\\u00e9nero. En Espa\\u00f1a, ocho menores fueron asesinados por sus padres o por las parejas de sus madres en 2017. Es el dato m\\u00e1s tr\\u00e1gico desde que hay estad\\u00edsticas y ninguno de esos ni\\u00f1os hab\\u00eda cumplido los 12 a\\u00f1os. Seg\\u00fan los\",\"inLanguage\":\"es-ES\",\"isPartOf\":{\"@id\":\"https:\\\/\\\/candas365.es\\\/noticias\\\/#website\"},\"breadcrumb\":{\"@id\":\"https:\\\/\\\/candas365.es\\\/noticias\\\/cronicas-estrena-el-reportaje-de-ninos-y-monstruos\\\/#breadcrumblist\"},\"author\":{\"@id\":\"https:\\\/\\\/candas365.es\\\/noticias\\\/author\\\/admin\\\/#author\"},\"creator\":{\"@id\":\"https:\\\/\\\/candas365.es\\\/noticias\\\/author\\\/admin\\\/#author\"},\"image\":{\"@type\":\"ImageObject\",\"url\":\"https:\\\/\\\/candas365.es\\\/noticias\\\/wp-content\\\/uploads\\\/2017\\\/07\\\/controls-1527175_960_720.jpg\",\"@id\":\"https:\\\/\\\/candas365.es\\\/noticias\\\/cronicas-estrena-el-reportaje-de-ninos-y-monstruos\\\/#mainImage\",\"width\":960,\"height\":720},\"primaryImageOfPage\":{\"@id\":\"https:\\\/\\\/candas365.es\\\/noticias\\\/cronicas-estrena-el-reportaje-de-ninos-y-monstruos\\\/#mainImage\"},\"datePublished\":\"2018-04-07T19:48:59+02:00\",\"dateModified\":\"2018-04-07T19:48:59+02:00\"},{\"@type\":\"WebSite\",\"@id\":\"https:\\\/\\\/candas365.es\\\/noticias\\\/#website\",\"url\":\"https:\\\/\\\/candas365.es\\\/noticias\\\/\",\"name\":\"Cand\\u00e1s 365\",\"alternateName\":\"Cand\\u00e1s 365 Noticias\",\"description\":\"Actualidad desde Carre\\u00f1o para el mundo\",\"inLanguage\":\"es-ES\",\"publisher\":{\"@id\":\"https:\\\/\\\/candas365.es\\\/noticias\\\/#organization\"}}]}\n\t\t<\/script>\n\t\t<!-- All in One SEO Pro -->\r\n\t\t<title>Cr\u00f3nicas estrena el reportaje \u2018De ni\u00f1os y monstruos\u2019 | Cand\u00e1s 365<\/title>\n\n","aioseo_head_json":{"title":"Cr\u00f3nicas estrena el reportaje \u2018De ni\u00f1os y monstruos\u2019 | Cand\u00e1s 365","description":"Cr\u00f3nicas' estrena el reportaje 'De ni\u00f1os y monstruos', en el que aborda la violencia de g\u00e9nero. En Espa\u00f1a, ocho menores fueron asesinados por sus padres o por las parejas de sus madres en 2017. Es el dato m\u00e1s tr\u00e1gico desde que hay estad\u00edsticas y ninguno de esos ni\u00f1os hab\u00eda cumplido los 12 a\u00f1os. Seg\u00fan los","canonical_url":"https:\/\/candas365.es\/noticias\/cronicas-estrena-el-reportaje-de-ninos-y-monstruos\/","robots":"max-image-preview:large","keywords":"agenda","webmasterTools":{"google-site-verification":"UA-32230408-1","msvalidate.01":"354F3CDFB2DA171B47FBE9ABF1F88D5","miscellaneous":""},"schema":{"@context":"https:\/\/schema.org","@graph":[{"@type":"BreadcrumbList","@id":"https:\/\/candas365.es\/noticias\/cronicas-estrena-el-reportaje-de-ninos-y-monstruos\/#breadcrumblist","itemListElement":[{"@type":"ListItem","@id":"https:\/\/candas365.es\/noticias#listItem","position":1,"name":"Home","item":"https:\/\/candas365.es\/noticias","nextItem":{"@type":"ListItem","@id":"https:\/\/candas365.es\/noticias\/category\/agenda\/#listItem","name":"Agenda"}},{"@type":"ListItem","@id":"https:\/\/candas365.es\/noticias\/category\/agenda\/#listItem","position":2,"name":"Agenda","item":"https:\/\/candas365.es\/noticias\/category\/agenda\/","nextItem":{"@type":"ListItem","@id":"https:\/\/candas365.es\/noticias\/cronicas-estrena-el-reportaje-de-ninos-y-monstruos\/#listItem","name":"Cr\u00f3nicas estrena el reportaje &#8216;De ni\u00f1os y monstruos&#8217;"},"previousItem":{"@type":"ListItem","@id":"https:\/\/candas365.es\/noticias#listItem","name":"Home"}},{"@type":"ListItem","@id":"https:\/\/candas365.es\/noticias\/cronicas-estrena-el-reportaje-de-ninos-y-monstruos\/#listItem","position":3,"name":"Cr\u00f3nicas estrena el reportaje &#8216;De ni\u00f1os y monstruos&#8217;","previousItem":{"@type":"ListItem","@id":"https:\/\/candas365.es\/noticias\/category\/agenda\/#listItem","name":"Agenda"}}]},{"@type":"NewsArticle","@id":"https:\/\/candas365.es\/noticias\/cronicas-estrena-el-reportaje-de-ninos-y-monstruos\/#newsarticle","name":"Cr\u00f3nicas estrena el reportaje \u2018De ni\u00f1os y monstruos\u2019 | Cand\u00e1s 365","headline":"Cr\u00f3nicas estrena el reportaje &#8216;De ni\u00f1os y monstruos&#8217;","author":{"@id":"https:\/\/candas365.es\/noticias\/author\/admin\/#author"},"publisher":{"@id":"https:\/\/candas365.es\/noticias\/#organization"},"image":{"@type":"ImageObject","url":"https:\/\/candas365.es\/noticias\/wp-content\/uploads\/2017\/07\/controls-1527175_960_720.jpg","width":960,"height":720},"datePublished":"2018-04-07T19:48:59+02:00","dateModified":"2018-04-07T19:48:59+02:00","inLanguage":"es-ES","mainEntityOfPage":{"@id":"https:\/\/candas365.es\/noticias\/cronicas-estrena-el-reportaje-de-ninos-y-monstruos\/#webpage"},"isPartOf":{"@id":"https:\/\/candas365.es\/noticias\/cronicas-estrena-el-reportaje-de-ninos-y-monstruos\/#webpage"},"articleSection":"Agenda","dateline":"Publicado el abril 7, 2018."},{"@type":"Organization","@id":"https:\/\/candas365.es\/noticias\/#organization","name":"Cand\u00e1s 365","description":"Cand\u00e1s 365 es un diario digital independiente, fundado en 2012, con base en Asturias. Informamos con rigor sobre actualidad, sociedad, cultura y ocio, con una mirada local y global.","url":"https:\/\/candas365.es\/noticias\/","email":"info@candas365.es","telephone":"+34652131393","foundingDate":"2012-06-10","logo":{"@type":"ImageObject","url":"https:\/\/candas365.es\/noticias\/wp-content\/uploads\/2024\/09\/Candas-365-Redes.jpg","@id":"https:\/\/candas365.es\/noticias\/cronicas-estrena-el-reportaje-de-ninos-y-monstruos\/#organizationLogo","width":1152,"height":864,"caption":"Cand\u00e1s 365 Redes"},"image":{"@id":"https:\/\/candas365.es\/noticias\/cronicas-estrena-el-reportaje-de-ninos-y-monstruos\/#organizationLogo"},"sameAs":["https:\/\/www.facebook.com\/Nachofdezber","https:\/\/x.com\/NabercoDigital","https:\/\/www.instagram.com\/nachofdezber\/","https:\/\/www.youtube.com\/channel\/UCZP-2wLEB9Rv6erhFmqVnvg"],"address":{"@id":"https:\/\/candas365.es\/noticias\/#postaladdress","@type":"PostalAddress","streetAddress":"san antonio 4, san antonio 4","postalCode":"33430","addressLocality":"Cand\u00e1s","addressRegion":"Asturias","addressCountry":"ES"}},{"@type":"Person","@id":"https:\/\/candas365.es\/noticias\/author\/admin\/#author","url":"https:\/\/candas365.es\/noticias\/author\/admin\/","name":"Cand\u00e1s 365","image":{"@type":"ImageObject","@id":"https:\/\/candas365.es\/noticias\/cronicas-estrena-el-reportaje-de-ninos-y-monstruos\/#authorImage","url":"https:\/\/secure.gravatar.com\/avatar\/496a8e03d0c493ede1718b7934145dbdf8d89be1036b0eec9544e1094c9de390?s=96&d=mm&r=g","width":96,"height":96,"caption":"Cand\u00e1s 365"},"sameAs":["https:\/\/www.facebook.com\/carrenoactualidad","https:\/\/twitter.com\/nbasturias","https:\/\/www.instagram.com\/nachofdezber\/","https:\/\/www.youtube.com\/channel\/UCZP-2wLEB9Rv6erhFmqVnvg"]},{"@type":"WebPage","@id":"https:\/\/candas365.es\/noticias\/cronicas-estrena-el-reportaje-de-ninos-y-monstruos\/#webpage","url":"https:\/\/candas365.es\/noticias\/cronicas-estrena-el-reportaje-de-ninos-y-monstruos\/","name":"Cr\u00f3nicas estrena el reportaje \u2018De ni\u00f1os y monstruos\u2019 | Cand\u00e1s 365","description":"Cr\u00f3nicas' estrena el reportaje 'De ni\u00f1os y monstruos', en el que aborda la violencia de g\u00e9nero. En Espa\u00f1a, ocho menores fueron asesinados por sus padres o por las parejas de sus madres en 2017. Es el dato m\u00e1s tr\u00e1gico desde que hay estad\u00edsticas y ninguno de esos ni\u00f1os hab\u00eda cumplido los 12 a\u00f1os. Seg\u00fan los","inLanguage":"es-ES","isPartOf":{"@id":"https:\/\/candas365.es\/noticias\/#website"},"breadcrumb":{"@id":"https:\/\/candas365.es\/noticias\/cronicas-estrena-el-reportaje-de-ninos-y-monstruos\/#breadcrumblist"},"author":{"@id":"https:\/\/candas365.es\/noticias\/author\/admin\/#author"},"creator":{"@id":"https:\/\/candas365.es\/noticias\/author\/admin\/#author"},"image":{"@type":"ImageObject","url":"https:\/\/candas365.es\/noticias\/wp-content\/uploads\/2017\/07\/controls-1527175_960_720.jpg","@id":"https:\/\/candas365.es\/noticias\/cronicas-estrena-el-reportaje-de-ninos-y-monstruos\/#mainImage","width":960,"height":720},"primaryImageOfPage":{"@id":"https:\/\/candas365.es\/noticias\/cronicas-estrena-el-reportaje-de-ninos-y-monstruos\/#mainImage"},"datePublished":"2018-04-07T19:48:59+02:00","dateModified":"2018-04-07T19:48:59+02:00"},{"@type":"WebSite","@id":"https:\/\/candas365.es\/noticias\/#website","url":"https:\/\/candas365.es\/noticias\/","name":"Cand\u00e1s 365","alternateName":"Cand\u00e1s 365 Noticias","description":"Actualidad desde Carre\u00f1o para el mundo","inLanguage":"es-ES","publisher":{"@id":"https:\/\/candas365.es\/noticias\/#organization"}}]},"og:locale":"es_ES","og:site_name":"Cand\u00e1s 365","og:type":"article","og:title":"Cr\u00f3nicas estrena el reportaje \u2018De ni\u00f1os y monstruos\u2019 | Cand\u00e1s 365","og:description":"Cr\u00f3nicas' estrena el reportaje 'De ni\u00f1os y monstruos', en el que aborda la violencia de g\u00e9nero. En Espa\u00f1a, ocho menores fueron asesinados por sus padres o por las parejas de sus madres en 2017. Es el dato m\u00e1s tr\u00e1gico desde que hay estad\u00edsticas y ninguno de esos ni\u00f1os hab\u00eda cumplido los 12 a\u00f1os. Seg\u00fan los","og:url":"https:\/\/candas365.es\/noticias\/cronicas-estrena-el-reportaje-de-ninos-y-monstruos\/","og:image":"https:\/\/candas365.es\/noticias\/wp-content\/uploads\/2017\/07\/controls-1527175_960_720.jpg","og:image:secure_url":"https:\/\/candas365.es\/noticias\/wp-content\/uploads\/2017\/07\/controls-1527175_960_720.jpg","og:image:width":960,"og:image:height":720,"article:published_time":"2018-04-07T19:48:59+00:00","article:modified_time":"2018-04-07T19:48:59+00:00","article:publisher":"https:\/\/www.facebook.com\/Nachofdezber","article:author":"https:\/\/www.facebook.com\/carrenoactualidad","twitter:card":"summary_large_image","twitter:site":"@NabercoDigital","twitter:title":"Cr\u00f3nicas estrena el reportaje \u2018De ni\u00f1os y monstruos\u2019 | Cand\u00e1s 365","twitter:description":"Cr\u00f3nicas' estrena el reportaje 'De ni\u00f1os y monstruos', en el que aborda la violencia de g\u00e9nero. En Espa\u00f1a, ocho menores fueron asesinados por sus padres o por las parejas de sus madres en 2017. Es el dato m\u00e1s tr\u00e1gico desde que hay estad\u00edsticas y ninguno de esos ni\u00f1os hab\u00eda cumplido los 12 a\u00f1os. Seg\u00fan los","twitter:creator":"@nbasturias","twitter:image":"https:\/\/candas365.es\/noticias\/wp-content\/uploads\/2017\/07\/controls-1527175_960_720.jpg","twitter:label1":"Escrito por","twitter:data1":"Cand\u00e1s 365","twitter:label2":"Tiempo de lectura estimado","twitter:data2":"2 minutos"},"aioseo_meta_data":{"post_id":"93344","title":null,"description":null,"keywords":null,"keyphrases":null,"primary_term":null,"canonical_url":null,"og_title":null,"og_description":null,"og_object_type":"default","og_image_type":"default","og_image_url":null,"og_image_width":null,"og_image_height":null,"og_image_custom_url":null,"og_image_custom_fields":null,"og_video":null,"og_custom_url":null,"og_article_section":null,"og_article_tags":null,"twitter_use_og":false,"twitter_card":"default","twitter_image_type":"default","twitter_image_url":null,"twitter_image_custom_url":null,"twitter_image_custom_fields":null,"twitter_title":null,"twitter_description":null,"schema":{"blockGraphs":[],"customGraphs":[],"default":{"data":{"Article":[],"Course":[],"Dataset":[],"FAQPage":[],"Movie":[],"Person":[],"Product":[],"ProductReview":[],"Car":[],"Recipe":[],"Service":[],"SoftwareApplication":[],"WebPage":[]},"graphName":"","isEnabled":true},"graphs":[],"defaultGraph":"","defaultPostTypeGraph":""},"schema_type":null,"schema_type_options":null,"pillar_content":false,"robots_default":true,"robots_noindex":false,"robots_noarchive":false,"robots_nosnippet":false,"robots_nofollow":false,"robots_noimageindex":false,"robots_noodp":false,"robots_notranslate":false,"robots_max_snippet":null,"robots_max_videopreview":null,"robots_max_imagepreview":"large","priority":null,"frequency":null,"location":null,"local_seo":null,"seo_analyzer_scan_date":"2025-08-26 17:33:28","breadcrumb_settings":null,"limit_modified_date":false,"reviewed_by":null,"open_ai":null,"ai":null,"created":"2020-12-21 11:53:46","updated":"2025-08-26 17:33:28"},"aioseo_breadcrumb":"<div class=\"aioseo-breadcrumbs\"><span class=\"aioseo-breadcrumb\">\n\t<a href=\"https:\/\/candas365.es\/noticias\" title=\"Home\">Home<\/a>\n<\/span><span class=\"aioseo-breadcrumb-separator\">&ndash;<\/span><span class=\"aioseo-breadcrumb\">\n\t<a href=\"https:\/\/candas365.es\/noticias\/category\/agenda\/\" title=\"Agenda\">Agenda<\/a>\n<\/span><span class=\"aioseo-breadcrumb-separator\">&ndash;<\/span><span class=\"aioseo-breadcrumb\">\n\tCr\u00f3nicas estrena el reportaje \u2018De ni\u00f1os y monstruos\u2019\n<\/span><\/div>","aioseo_breadcrumb_json":[{"label":"Home","link":"https:\/\/candas365.es\/noticias"},{"label":"Agenda","link":"https:\/\/candas365.es\/noticias\/category\/agenda\/"},{"label":"Cr\u00f3nicas estrena el reportaje &#8216;De ni\u00f1os y monstruos&#8217;","link":"https:\/\/candas365.es\/noticias\/cronicas-estrena-el-reportaje-de-ninos-y-monstruos\/"}],"_links":{"self":[{"href":"https:\/\/candas365.es\/noticias\/wp-json\/wp\/v2\/posts\/93344","targetHints":{"allow":["GET"]}}],"collection":[{"href":"https:\/\/candas365.es\/noticias\/wp-json\/wp\/v2\/posts"}],"about":[{"href":"https:\/\/candas365.es\/noticias\/wp-json\/wp\/v2\/types\/post"}],"author":[{"embeddable":true,"href":"https:\/\/candas365.es\/noticias\/wp-json\/wp\/v2\/users\/1"}],"replies":[{"embeddable":true,"href":"https:\/\/candas365.es\/noticias\/wp-json\/wp\/v2\/comments?post=93344"}],"version-history":[{"count":0,"href":"https:\/\/candas365.es\/noticias\/wp-json\/wp\/v2\/posts\/93344\/revisions"}],"wp:featuredmedia":[{"embeddable":true,"href":"https:\/\/candas365.es\/noticias\/wp-json\/wp\/v2\/media\/76605"}],"wp:attachment":[{"href":"https:\/\/candas365.es\/noticias\/wp-json\/wp\/v2\/media?parent=93344"}],"wp:term":[{"taxonomy":"category","embeddable":true,"href":"https:\/\/candas365.es\/noticias\/wp-json\/wp\/v2\/categories?post=93344"},{"taxonomy":"post_tag","embeddable":true,"href":"https:\/\/candas365.es\/noticias\/wp-json\/wp\/v2\/tags?post=93344"}],"curies":[{"name":"wp","href":"https:\/\/api.w.org\/{rel}","templated":true}]}}