{"id":93341,"date":"2018-04-07T19:23:42","date_gmt":"2018-04-07T19:23:42","guid":{"rendered":"http:\/\/candas365.es\/noticias\/?p=93341"},"modified":"2018-04-07T19:23:42","modified_gmt":"2018-04-07T19:23:42","slug":"tardes-de-teatro-en-carreno","status":"publish","type":"post","link":"https:\/\/candas365.es\/noticias\/tardes-de-teatro-en-carreno\/","title":{"rendered":"Tardes de teatro en Carre\u00f1o"},"content":{"rendered":"<p><img fetchpriority=\"high\" decoding=\"async\" class=\"alignleft size-medium wp-image-93342\" src=\"https:\/\/candas365.es\/noticias\/wp-content\/uploads\/2018\/04\/IMG_2179-360x270.jpg\" alt=\"\" width=\"360\" height=\"270\" srcset=\"https:\/\/candas365.es\/noticias\/wp-content\/uploads\/2018\/04\/IMG_2179-360x270.jpg 360w, https:\/\/candas365.es\/noticias\/wp-content\/uploads\/2018\/04\/IMG_2179-80x60.jpg 80w, https:\/\/candas365.es\/noticias\/wp-content\/uploads\/2018\/04\/IMG_2179-265x198.jpg 265w, https:\/\/candas365.es\/noticias\/wp-content\/uploads\/2018\/04\/IMG_2179-696x522.jpg 696w, https:\/\/candas365.es\/noticias\/wp-content\/uploads\/2018\/04\/IMG_2179-1068x801.jpg 1068w, https:\/\/candas365.es\/noticias\/wp-content\/uploads\/2018\/04\/IMG_2179-560x420.jpg 560w, https:\/\/candas365.es\/noticias\/wp-content\/uploads\/2018\/04\/IMG_2179-1920x1440.jpg 1920w, https:\/\/candas365.es\/noticias\/wp-content\/uploads\/2018\/04\/IMG_2179-768x576.jpg 768w, https:\/\/candas365.es\/noticias\/wp-content\/uploads\/2018\/04\/IMG_2179-640x480.jpg 640w, https:\/\/candas365.es\/noticias\/wp-content\/uploads\/2018\/04\/IMG_2179-90x67.jpg 90w, https:\/\/candas365.es\/noticias\/wp-content\/uploads\/2018\/04\/IMG_2179.jpg 2016w\" sizes=\"(max-width: 360px) 100vw, 360px\" \/>Las tardes de teatro vuelven a las parroquias de Guimar\u00e1n-El Valle, de la mano de la XIII Ronda de Teatro. En esta ocasi\u00f3n la representaci\u00f3n teatral tuvo lugar en el CIR del Monte Areo en la parroquia del El Valle.<\/p>\n<p>Para esta tarde son dos las actuaciones programadas. La Asociaci\u00f3n Cultural \u201cEl H\u00f3rreo\u201d de Barcia-Vald\u00e9s representar\u00e1 la obra \u201cFabes S.A.\u201d, pero primero \u201cLes Ayalgues\u201d de Carre\u00f1o nos har\u00e1n disfrutar con sus mon\u00f3logos. Ante la ausencia de una de las actrices del grupo local contaron con el refuerzo de Remedios Gallegos, natural de Albandi e integrante del grupo de teatro Arbellano.<\/p>\n<p>\u201cEl programa cultural XIII Ronda de Teatro es una actividad organizada a trav\u00e9s de la Concejal\u00eda de Cultura del Ayuntamiento de Carre\u00f1o con el fin de llevar la cultura, la cultura asturiana a todos los rincones del Concejo. La cultura la hacemos todos y todas, y es por ello que el gobierno local se esfuerza por impulsarla en todo el territorio. Nuestra misi\u00f3n es llevar arte y cultura, teatro, poes\u00eda, m\u00fasica, exposiciones,\u2026 tambi\u00e9n a la zona rural\u201d explic\u00f3 Cecilia Tasc\u00f3n-Concejala de Cultura-.<\/p>\n<p>La Asociaci\u00f3n Cultural \u201cEl H\u00f3rreo\u201d de Barcia-Vald\u00e9s, bajo la direcci\u00f3n de Josefina Lomb\u00e1m representar\u00e1 la obra \u201cFabes S.A.\u201d del dramaturgo asturiano Jos\u00e9 Ram\u00f3n Oliva. En la que una extra\u00f1a enfermedad acaba con toda la producci\u00f3n de faba asturiana. Pero no se ha perdido toda la cosecha, en la aldea de Barcia, gracias a los experimentos de la vecindad la cosecha ha resistido a la plaga y estos y estas intentar\u00e1n aprovecharse de la situaci\u00f3n. Por lo que empezar\u00e1n a surgir los problemas\u2026<\/p>\n<p>\u201cEl H\u00f3rreo\u201d nace en 1980, siendo uno de los referentes del mejor teatro popular asturiano. Fue la primera compa\u00f1\u00eda, junto con el GT \u201cXana\u201d de Perlora, la Compa\u00f1\u00eda Asturiana de Comedias y GT de Tapia de Casariego que participaron en el I Sal\u00f3n de Teatro Costumbrista Asturiano de Cand\u00e1s en el mes de abril de 1991.<\/p>\n<p>A d\u00eda de hoy, siguen manteniendo vivo el esp\u00edritu con el que fue fundada, convirti\u00e9ndose por m\u00e9ritos propios, en referente cultural de primer orden en el occidente asturiano. Dando fe de ello los numerosos premios y reconocimientos, que a lo largo de estos a\u00f1os, ha cosechado por toda Asturias, Espa\u00f1a e Hispanoam\u00e9rica.<\/p>\n<p>Por su parte, \u201cLes Ayalgues\u201d de Carre\u00f1o son un grupo de mujeres del Concejo de Carre\u00f1o que tras participar en un taller de iniciaci\u00f3n al teatro dentro del programa regional \u201cTiempo Propio\u201d, descubrieron su inter\u00e9s por las artes esc\u00e9nicas. Solicitando a la Concejal\u00eda de Igualdad el impulsar una actividad teatral para ellas en el Concejo. As\u00ed comenzaron un taller de teatro con la profesional asturiana Gema de Luis. De ah\u00ed surgi\u00f3 la creaci\u00f3n de su grupo de teatro.<\/p>\n<p>En la actualidad siguen ensayando en la Casas de Encuentros de Cand\u00e1s y est\u00e1n inmersas en la preparaci\u00f3n de una nueva obra teatral \u201cEl secreto de las Mara\u00f1uelas\u201d de Jos\u00e9 Ram\u00f3n Oliva que estrenar\u00e1n el pr\u00f3ximo verano en el Sal\u00f3n de Teatro Costumbrista de Cand\u00e1s. En la tarde del s\u00e1bado representar\u00e1n el sketch \u201cAyuda a Domicilio\u201d.<\/p>\n","protected":false},"excerpt":{"rendered":"<p>Las tardes de teatro vuelven a las parroquias de Guimar\u00e1n-El Valle, de la mano de la XIII Ronda de Teatro. En esta ocasi\u00f3n la representaci\u00f3n teatral tuvo lugar en el CIR del Monte Areo en la parroquia del El Valle. Para esta tarde son dos las actuaciones programadas. La Asociaci\u00f3n Cultural \u201cEl H\u00f3rreo\u201d de Barcia-Vald\u00e9s<\/p>\n","protected":false},"author":1,"featured_media":93342,"comment_status":"closed","ping_status":"closed","sticky":false,"template":"","format":"standard","meta":{"footnotes":""},"categories":[2],"tags":[],"class_list":{"0":"post-93341","1":"post","2":"type-post","3":"status-publish","4":"format-standard","5":"has-post-thumbnail","7":"category-noticias-carreno"},"aioseo_notices":[],"aioseo_head":"\n\t\t<!-- All in One SEO Pro 4.9.6.2 - aioseo.com -->\n\t<meta name=\"description\" content=\"Las tardes de teatro vuelven a las parroquias de Guimar\u00e1n-El Valle, de la mano de la XIII Ronda de Teatro. En esta ocasi\u00f3n la representaci\u00f3n teatral tuvo lugar en el CIR del Monte Areo en la parroquia del El Valle. Para esta tarde son dos las actuaciones programadas. La Asociaci\u00f3n Cultural \u201cEl H\u00f3rreo\u201d de Barcia-Vald\u00e9s\" \/>\n\t<meta name=\"robots\" content=\"max-image-preview:large\" \/>\n\t<meta name=\"author\" content=\"Cand\u00e1s 365\"\/>\n\t<meta name=\"google-site-verification\" content=\"UA-32230408-1\" \/>\n\t<meta name=\"msvalidate.01\" content=\"354F3CDFB2DA171B47FBE9ABF1F88D5\" \/>\n\t<meta name=\"keywords\" content=\"noticias carre\u00f1o\" \/>\n\t<link rel=\"canonical\" href=\"https:\/\/candas365.es\/noticias\/tardes-de-teatro-en-carreno\/\" \/>\n\t<meta name=\"generator\" content=\"All in One SEO Pro (AIOSEO) 4.9.6.2\" \/>\n\t\t<meta property=\"og:locale\" content=\"es_ES\" \/>\n\t\t<meta property=\"og:site_name\" content=\"Cand\u00e1s 365\" \/>\n\t\t<meta property=\"og:type\" content=\"article\" \/>\n\t\t<meta property=\"og:title\" content=\"Tardes de teatro en Carre\u00f1o | Cand\u00e1s 365\" \/>\n\t\t<meta property=\"og:description\" content=\"Las tardes de teatro vuelven a las parroquias de Guimar\u00e1n-El Valle, de la mano de la XIII Ronda de Teatro. En esta ocasi\u00f3n la representaci\u00f3n teatral tuvo lugar en el CIR del Monte Areo en la parroquia del El Valle. Para esta tarde son dos las actuaciones programadas. La Asociaci\u00f3n Cultural \u201cEl H\u00f3rreo\u201d de Barcia-Vald\u00e9s\" \/>\n\t\t<meta property=\"og:url\" content=\"https:\/\/candas365.es\/noticias\/tardes-de-teatro-en-carreno\/\" \/>\n\t\t<meta property=\"og:image\" content=\"https:\/\/candas365.es\/noticias\/wp-content\/uploads\/2018\/04\/IMG_2179.jpg\" \/>\n\t\t<meta property=\"og:image:secure_url\" content=\"https:\/\/candas365.es\/noticias\/wp-content\/uploads\/2018\/04\/IMG_2179.jpg\" \/>\n\t\t<meta property=\"og:image:width\" content=\"2016\" \/>\n\t\t<meta property=\"og:image:height\" content=\"1512\" \/>\n\t\t<meta property=\"article:published_time\" content=\"2018-04-07T19:23:42+00:00\" \/>\n\t\t<meta property=\"article:modified_time\" content=\"2018-04-07T19:23:42+00:00\" \/>\n\t\t<meta property=\"article:publisher\" content=\"https:\/\/www.facebook.com\/Nachofdezber\" \/>\n\t\t<meta property=\"article:author\" content=\"https:\/\/www.facebook.com\/carrenoactualidad\" \/>\n\t\t<meta name=\"twitter:card\" content=\"summary_large_image\" \/>\n\t\t<meta name=\"twitter:site\" content=\"@NabercoDigital\" \/>\n\t\t<meta name=\"twitter:title\" content=\"Tardes de teatro en Carre\u00f1o | Cand\u00e1s 365\" \/>\n\t\t<meta name=\"twitter:description\" content=\"Las tardes de teatro vuelven a las parroquias de Guimar\u00e1n-El Valle, de la mano de la XIII Ronda de Teatro. En esta ocasi\u00f3n la representaci\u00f3n teatral tuvo lugar en el CIR del Monte Areo en la parroquia del El Valle. Para esta tarde son dos las actuaciones programadas. La Asociaci\u00f3n Cultural \u201cEl H\u00f3rreo\u201d de Barcia-Vald\u00e9s\" \/>\n\t\t<meta name=\"twitter:creator\" content=\"@nbasturias\" \/>\n\t\t<meta name=\"twitter:image\" content=\"https:\/\/candas365.es\/noticias\/wp-content\/uploads\/2018\/04\/IMG_2179.jpg\" \/>\n\t\t<meta name=\"twitter:label1\" content=\"Escrito por\" \/>\n\t\t<meta name=\"twitter:data1\" content=\"Cand\u00e1s 365\" \/>\n\t\t<meta name=\"twitter:label2\" content=\"Tiempo de lectura estimado\" \/>\n\t\t<meta name=\"twitter:data2\" content=\"3 minutos\" \/>\n\t\t<script type=\"application\/ld+json\" class=\"aioseo-schema\">\n\t\t\t{\"@context\":\"https:\\\/\\\/schema.org\",\"@graph\":[{\"@type\":\"BreadcrumbList\",\"@id\":\"https:\\\/\\\/candas365.es\\\/noticias\\\/tardes-de-teatro-en-carreno\\\/#breadcrumblist\",\"itemListElement\":[{\"@type\":\"ListItem\",\"@id\":\"https:\\\/\\\/candas365.es\\\/noticias#listItem\",\"position\":1,\"name\":\"Home\",\"item\":\"https:\\\/\\\/candas365.es\\\/noticias\",\"nextItem\":{\"@type\":\"ListItem\",\"@id\":\"https:\\\/\\\/candas365.es\\\/noticias\\\/category\\\/noticias-carreno\\\/#listItem\",\"name\":\"Noticias Carre\\u00f1o\"}},{\"@type\":\"ListItem\",\"@id\":\"https:\\\/\\\/candas365.es\\\/noticias\\\/category\\\/noticias-carreno\\\/#listItem\",\"position\":2,\"name\":\"Noticias Carre\\u00f1o\",\"item\":\"https:\\\/\\\/candas365.es\\\/noticias\\\/category\\\/noticias-carreno\\\/\",\"nextItem\":{\"@type\":\"ListItem\",\"@id\":\"https:\\\/\\\/candas365.es\\\/noticias\\\/tardes-de-teatro-en-carreno\\\/#listItem\",\"name\":\"Tardes de teatro en Carre\\u00f1o\"},\"previousItem\":{\"@type\":\"ListItem\",\"@id\":\"https:\\\/\\\/candas365.es\\\/noticias#listItem\",\"name\":\"Home\"}},{\"@type\":\"ListItem\",\"@id\":\"https:\\\/\\\/candas365.es\\\/noticias\\\/tardes-de-teatro-en-carreno\\\/#listItem\",\"position\":3,\"name\":\"Tardes de teatro en Carre\\u00f1o\",\"previousItem\":{\"@type\":\"ListItem\",\"@id\":\"https:\\\/\\\/candas365.es\\\/noticias\\\/category\\\/noticias-carreno\\\/#listItem\",\"name\":\"Noticias Carre\\u00f1o\"}}]},{\"@type\":\"NewsArticle\",\"@id\":\"https:\\\/\\\/candas365.es\\\/noticias\\\/tardes-de-teatro-en-carreno\\\/#newsarticle\",\"name\":\"Tardes de teatro en Carre\\u00f1o | Cand\\u00e1s 365\",\"headline\":\"Tardes de teatro en Carre\\u00f1o\",\"author\":{\"@id\":\"https:\\\/\\\/candas365.es\\\/noticias\\\/author\\\/admin\\\/#author\"},\"publisher\":{\"@id\":\"https:\\\/\\\/candas365.es\\\/noticias\\\/#organization\"},\"image\":{\"@type\":\"ImageObject\",\"url\":\"https:\\\/\\\/candas365.es\\\/noticias\\\/wp-content\\\/uploads\\\/2018\\\/04\\\/IMG_2179.jpg\",\"width\":2016,\"height\":1512},\"datePublished\":\"2018-04-07T19:23:42+02:00\",\"dateModified\":\"2018-04-07T19:23:42+02:00\",\"inLanguage\":\"es-ES\",\"mainEntityOfPage\":{\"@id\":\"https:\\\/\\\/candas365.es\\\/noticias\\\/tardes-de-teatro-en-carreno\\\/#webpage\"},\"isPartOf\":{\"@id\":\"https:\\\/\\\/candas365.es\\\/noticias\\\/tardes-de-teatro-en-carreno\\\/#webpage\"},\"articleSection\":\"Noticias Carre\\u00f1o\",\"dateline\":\"Publicado el abril 7, 2018.\"},{\"@type\":\"Organization\",\"@id\":\"https:\\\/\\\/candas365.es\\\/noticias\\\/#organization\",\"name\":\"Cand\\u00e1s 365\",\"description\":\"Cand\\u00e1s 365 es un diario digital independiente, fundado en 2012, con base en Asturias. Informamos con rigor sobre actualidad, sociedad, cultura y ocio, con una mirada local y global.\",\"url\":\"https:\\\/\\\/candas365.es\\\/noticias\\\/\",\"email\":\"info@candas365.es\",\"telephone\":\"+34652131393\",\"foundingDate\":\"2012-06-10\",\"logo\":{\"@type\":\"ImageObject\",\"url\":\"https:\\\/\\\/candas365.es\\\/noticias\\\/wp-content\\\/uploads\\\/2024\\\/09\\\/Candas-365-Redes.jpg\",\"@id\":\"https:\\\/\\\/candas365.es\\\/noticias\\\/tardes-de-teatro-en-carreno\\\/#organizationLogo\",\"width\":1152,\"height\":864,\"caption\":\"Cand\\u00e1s 365 Redes\"},\"image\":{\"@id\":\"https:\\\/\\\/candas365.es\\\/noticias\\\/tardes-de-teatro-en-carreno\\\/#organizationLogo\"},\"sameAs\":[\"https:\\\/\\\/www.facebook.com\\\/Nachofdezber\",\"https:\\\/\\\/x.com\\\/NabercoDigital\",\"https:\\\/\\\/www.instagram.com\\\/nachofdezber\\\/\",\"https:\\\/\\\/www.youtube.com\\\/channel\\\/UCZP-2wLEB9Rv6erhFmqVnvg\"],\"address\":{\"@id\":\"https:\\\/\\\/candas365.es\\\/noticias\\\/#postaladdress\",\"@type\":\"PostalAddress\",\"streetAddress\":\"san antonio 4, san antonio 4\",\"postalCode\":\"33430\",\"addressLocality\":\"Cand\\u00e1s\",\"addressRegion\":\"Asturias\",\"addressCountry\":\"ES\"}},{\"@type\":\"Person\",\"@id\":\"https:\\\/\\\/candas365.es\\\/noticias\\\/author\\\/admin\\\/#author\",\"url\":\"https:\\\/\\\/candas365.es\\\/noticias\\\/author\\\/admin\\\/\",\"name\":\"Cand\\u00e1s 365\",\"image\":{\"@type\":\"ImageObject\",\"@id\":\"https:\\\/\\\/candas365.es\\\/noticias\\\/tardes-de-teatro-en-carreno\\\/#authorImage\",\"url\":\"https:\\\/\\\/secure.gravatar.com\\\/avatar\\\/496a8e03d0c493ede1718b7934145dbdf8d89be1036b0eec9544e1094c9de390?s=96&d=mm&r=g\",\"width\":96,\"height\":96,\"caption\":\"Cand\\u00e1s 365\"},\"sameAs\":[\"https:\\\/\\\/www.facebook.com\\\/carrenoactualidad\",\"https:\\\/\\\/twitter.com\\\/nbasturias\",\"https:\\\/\\\/www.instagram.com\\\/nachofdezber\\\/\",\"https:\\\/\\\/www.youtube.com\\\/channel\\\/UCZP-2wLEB9Rv6erhFmqVnvg\"]},{\"@type\":\"WebPage\",\"@id\":\"https:\\\/\\\/candas365.es\\\/noticias\\\/tardes-de-teatro-en-carreno\\\/#webpage\",\"url\":\"https:\\\/\\\/candas365.es\\\/noticias\\\/tardes-de-teatro-en-carreno\\\/\",\"name\":\"Tardes de teatro en Carre\\u00f1o | Cand\\u00e1s 365\",\"description\":\"Las tardes de teatro vuelven a las parroquias de Guimar\\u00e1n-El Valle, de la mano de la XIII Ronda de Teatro. En esta ocasi\\u00f3n la representaci\\u00f3n teatral tuvo lugar en el CIR del Monte Areo en la parroquia del El Valle. Para esta tarde son dos las actuaciones programadas. La Asociaci\\u00f3n Cultural \\u201cEl H\\u00f3rreo\\u201d de Barcia-Vald\\u00e9s\",\"inLanguage\":\"es-ES\",\"isPartOf\":{\"@id\":\"https:\\\/\\\/candas365.es\\\/noticias\\\/#website\"},\"breadcrumb\":{\"@id\":\"https:\\\/\\\/candas365.es\\\/noticias\\\/tardes-de-teatro-en-carreno\\\/#breadcrumblist\"},\"author\":{\"@id\":\"https:\\\/\\\/candas365.es\\\/noticias\\\/author\\\/admin\\\/#author\"},\"creator\":{\"@id\":\"https:\\\/\\\/candas365.es\\\/noticias\\\/author\\\/admin\\\/#author\"},\"image\":{\"@type\":\"ImageObject\",\"url\":\"https:\\\/\\\/candas365.es\\\/noticias\\\/wp-content\\\/uploads\\\/2018\\\/04\\\/IMG_2179.jpg\",\"@id\":\"https:\\\/\\\/candas365.es\\\/noticias\\\/tardes-de-teatro-en-carreno\\\/#mainImage\",\"width\":2016,\"height\":1512},\"primaryImageOfPage\":{\"@id\":\"https:\\\/\\\/candas365.es\\\/noticias\\\/tardes-de-teatro-en-carreno\\\/#mainImage\"},\"datePublished\":\"2018-04-07T19:23:42+02:00\",\"dateModified\":\"2018-04-07T19:23:42+02:00\"},{\"@type\":\"WebSite\",\"@id\":\"https:\\\/\\\/candas365.es\\\/noticias\\\/#website\",\"url\":\"https:\\\/\\\/candas365.es\\\/noticias\\\/\",\"name\":\"Cand\\u00e1s 365\",\"alternateName\":\"Cand\\u00e1s 365 Noticias\",\"description\":\"Actualidad desde Carre\\u00f1o para el mundo\",\"inLanguage\":\"es-ES\",\"publisher\":{\"@id\":\"https:\\\/\\\/candas365.es\\\/noticias\\\/#organization\"}}]}\n\t\t<\/script>\n\t\t<!-- All in One SEO Pro -->\r\n\t\t<title>Tardes de teatro en Carre\u00f1o | Cand\u00e1s 365<\/title>\n\n","aioseo_head_json":{"title":"Tardes de teatro en Carre\u00f1o | Cand\u00e1s 365","description":"Las tardes de teatro vuelven a las parroquias de Guimar\u00e1n-El Valle, de la mano de la XIII Ronda de Teatro. En esta ocasi\u00f3n la representaci\u00f3n teatral tuvo lugar en el CIR del Monte Areo en la parroquia del El Valle. Para esta tarde son dos las actuaciones programadas. La Asociaci\u00f3n Cultural \u201cEl H\u00f3rreo\u201d de Barcia-Vald\u00e9s","canonical_url":"https:\/\/candas365.es\/noticias\/tardes-de-teatro-en-carreno\/","robots":"max-image-preview:large","keywords":"noticias carre\u00f1o","webmasterTools":{"google-site-verification":"UA-32230408-1","msvalidate.01":"354F3CDFB2DA171B47FBE9ABF1F88D5","miscellaneous":""},"schema":{"@context":"https:\/\/schema.org","@graph":[{"@type":"BreadcrumbList","@id":"https:\/\/candas365.es\/noticias\/tardes-de-teatro-en-carreno\/#breadcrumblist","itemListElement":[{"@type":"ListItem","@id":"https:\/\/candas365.es\/noticias#listItem","position":1,"name":"Home","item":"https:\/\/candas365.es\/noticias","nextItem":{"@type":"ListItem","@id":"https:\/\/candas365.es\/noticias\/category\/noticias-carreno\/#listItem","name":"Noticias Carre\u00f1o"}},{"@type":"ListItem","@id":"https:\/\/candas365.es\/noticias\/category\/noticias-carreno\/#listItem","position":2,"name":"Noticias Carre\u00f1o","item":"https:\/\/candas365.es\/noticias\/category\/noticias-carreno\/","nextItem":{"@type":"ListItem","@id":"https:\/\/candas365.es\/noticias\/tardes-de-teatro-en-carreno\/#listItem","name":"Tardes de teatro en Carre\u00f1o"},"previousItem":{"@type":"ListItem","@id":"https:\/\/candas365.es\/noticias#listItem","name":"Home"}},{"@type":"ListItem","@id":"https:\/\/candas365.es\/noticias\/tardes-de-teatro-en-carreno\/#listItem","position":3,"name":"Tardes de teatro en Carre\u00f1o","previousItem":{"@type":"ListItem","@id":"https:\/\/candas365.es\/noticias\/category\/noticias-carreno\/#listItem","name":"Noticias Carre\u00f1o"}}]},{"@type":"NewsArticle","@id":"https:\/\/candas365.es\/noticias\/tardes-de-teatro-en-carreno\/#newsarticle","name":"Tardes de teatro en Carre\u00f1o | Cand\u00e1s 365","headline":"Tardes de teatro en Carre\u00f1o","author":{"@id":"https:\/\/candas365.es\/noticias\/author\/admin\/#author"},"publisher":{"@id":"https:\/\/candas365.es\/noticias\/#organization"},"image":{"@type":"ImageObject","url":"https:\/\/candas365.es\/noticias\/wp-content\/uploads\/2018\/04\/IMG_2179.jpg","width":2016,"height":1512},"datePublished":"2018-04-07T19:23:42+02:00","dateModified":"2018-04-07T19:23:42+02:00","inLanguage":"es-ES","mainEntityOfPage":{"@id":"https:\/\/candas365.es\/noticias\/tardes-de-teatro-en-carreno\/#webpage"},"isPartOf":{"@id":"https:\/\/candas365.es\/noticias\/tardes-de-teatro-en-carreno\/#webpage"},"articleSection":"Noticias Carre\u00f1o","dateline":"Publicado el abril 7, 2018."},{"@type":"Organization","@id":"https:\/\/candas365.es\/noticias\/#organization","name":"Cand\u00e1s 365","description":"Cand\u00e1s 365 es un diario digital independiente, fundado en 2012, con base en Asturias. Informamos con rigor sobre actualidad, sociedad, cultura y ocio, con una mirada local y global.","url":"https:\/\/candas365.es\/noticias\/","email":"info@candas365.es","telephone":"+34652131393","foundingDate":"2012-06-10","logo":{"@type":"ImageObject","url":"https:\/\/candas365.es\/noticias\/wp-content\/uploads\/2024\/09\/Candas-365-Redes.jpg","@id":"https:\/\/candas365.es\/noticias\/tardes-de-teatro-en-carreno\/#organizationLogo","width":1152,"height":864,"caption":"Cand\u00e1s 365 Redes"},"image":{"@id":"https:\/\/candas365.es\/noticias\/tardes-de-teatro-en-carreno\/#organizationLogo"},"sameAs":["https:\/\/www.facebook.com\/Nachofdezber","https:\/\/x.com\/NabercoDigital","https:\/\/www.instagram.com\/nachofdezber\/","https:\/\/www.youtube.com\/channel\/UCZP-2wLEB9Rv6erhFmqVnvg"],"address":{"@id":"https:\/\/candas365.es\/noticias\/#postaladdress","@type":"PostalAddress","streetAddress":"san antonio 4, san antonio 4","postalCode":"33430","addressLocality":"Cand\u00e1s","addressRegion":"Asturias","addressCountry":"ES"}},{"@type":"Person","@id":"https:\/\/candas365.es\/noticias\/author\/admin\/#author","url":"https:\/\/candas365.es\/noticias\/author\/admin\/","name":"Cand\u00e1s 365","image":{"@type":"ImageObject","@id":"https:\/\/candas365.es\/noticias\/tardes-de-teatro-en-carreno\/#authorImage","url":"https:\/\/secure.gravatar.com\/avatar\/496a8e03d0c493ede1718b7934145dbdf8d89be1036b0eec9544e1094c9de390?s=96&d=mm&r=g","width":96,"height":96,"caption":"Cand\u00e1s 365"},"sameAs":["https:\/\/www.facebook.com\/carrenoactualidad","https:\/\/twitter.com\/nbasturias","https:\/\/www.instagram.com\/nachofdezber\/","https:\/\/www.youtube.com\/channel\/UCZP-2wLEB9Rv6erhFmqVnvg"]},{"@type":"WebPage","@id":"https:\/\/candas365.es\/noticias\/tardes-de-teatro-en-carreno\/#webpage","url":"https:\/\/candas365.es\/noticias\/tardes-de-teatro-en-carreno\/","name":"Tardes de teatro en Carre\u00f1o | Cand\u00e1s 365","description":"Las tardes de teatro vuelven a las parroquias de Guimar\u00e1n-El Valle, de la mano de la XIII Ronda de Teatro. En esta ocasi\u00f3n la representaci\u00f3n teatral tuvo lugar en el CIR del Monte Areo en la parroquia del El Valle. Para esta tarde son dos las actuaciones programadas. La Asociaci\u00f3n Cultural \u201cEl H\u00f3rreo\u201d de Barcia-Vald\u00e9s","inLanguage":"es-ES","isPartOf":{"@id":"https:\/\/candas365.es\/noticias\/#website"},"breadcrumb":{"@id":"https:\/\/candas365.es\/noticias\/tardes-de-teatro-en-carreno\/#breadcrumblist"},"author":{"@id":"https:\/\/candas365.es\/noticias\/author\/admin\/#author"},"creator":{"@id":"https:\/\/candas365.es\/noticias\/author\/admin\/#author"},"image":{"@type":"ImageObject","url":"https:\/\/candas365.es\/noticias\/wp-content\/uploads\/2018\/04\/IMG_2179.jpg","@id":"https:\/\/candas365.es\/noticias\/tardes-de-teatro-en-carreno\/#mainImage","width":2016,"height":1512},"primaryImageOfPage":{"@id":"https:\/\/candas365.es\/noticias\/tardes-de-teatro-en-carreno\/#mainImage"},"datePublished":"2018-04-07T19:23:42+02:00","dateModified":"2018-04-07T19:23:42+02:00"},{"@type":"WebSite","@id":"https:\/\/candas365.es\/noticias\/#website","url":"https:\/\/candas365.es\/noticias\/","name":"Cand\u00e1s 365","alternateName":"Cand\u00e1s 365 Noticias","description":"Actualidad desde Carre\u00f1o para el mundo","inLanguage":"es-ES","publisher":{"@id":"https:\/\/candas365.es\/noticias\/#organization"}}]},"og:locale":"es_ES","og:site_name":"Cand\u00e1s 365","og:type":"article","og:title":"Tardes de teatro en Carre\u00f1o | Cand\u00e1s 365","og:description":"Las tardes de teatro vuelven a las parroquias de Guimar\u00e1n-El Valle, de la mano de la XIII Ronda de Teatro. En esta ocasi\u00f3n la representaci\u00f3n teatral tuvo lugar en el CIR del Monte Areo en la parroquia del El Valle. Para esta tarde son dos las actuaciones programadas. La Asociaci\u00f3n Cultural \u201cEl H\u00f3rreo\u201d de Barcia-Vald\u00e9s","og:url":"https:\/\/candas365.es\/noticias\/tardes-de-teatro-en-carreno\/","og:image":"https:\/\/candas365.es\/noticias\/wp-content\/uploads\/2018\/04\/IMG_2179.jpg","og:image:secure_url":"https:\/\/candas365.es\/noticias\/wp-content\/uploads\/2018\/04\/IMG_2179.jpg","og:image:width":2016,"og:image:height":1512,"article:published_time":"2018-04-07T19:23:42+00:00","article:modified_time":"2018-04-07T19:23:42+00:00","article:publisher":"https:\/\/www.facebook.com\/Nachofdezber","article:author":"https:\/\/www.facebook.com\/carrenoactualidad","twitter:card":"summary_large_image","twitter:site":"@NabercoDigital","twitter:title":"Tardes de teatro en Carre\u00f1o | Cand\u00e1s 365","twitter:description":"Las tardes de teatro vuelven a las parroquias de Guimar\u00e1n-El Valle, de la mano de la XIII Ronda de Teatro. En esta ocasi\u00f3n la representaci\u00f3n teatral tuvo lugar en el CIR del Monte Areo en la parroquia del El Valle. Para esta tarde son dos las actuaciones programadas. La Asociaci\u00f3n Cultural \u201cEl H\u00f3rreo\u201d de Barcia-Vald\u00e9s","twitter:creator":"@nbasturias","twitter:image":"https:\/\/candas365.es\/noticias\/wp-content\/uploads\/2018\/04\/IMG_2179.jpg","twitter:label1":"Escrito por","twitter:data1":"Cand\u00e1s 365","twitter:label2":"Tiempo de lectura estimado","twitter:data2":"3 minutos"},"aioseo_meta_data":{"post_id":"93341","title":null,"description":null,"keywords":null,"keyphrases":null,"primary_term":null,"canonical_url":null,"og_title":null,"og_description":null,"og_object_type":"default","og_image_type":"default","og_image_url":null,"og_image_width":null,"og_image_height":null,"og_image_custom_url":null,"og_image_custom_fields":null,"og_video":null,"og_custom_url":null,"og_article_section":null,"og_article_tags":null,"twitter_use_og":false,"twitter_card":"default","twitter_image_type":"default","twitter_image_url":null,"twitter_image_custom_url":null,"twitter_image_custom_fields":null,"twitter_title":null,"twitter_description":null,"schema":{"blockGraphs":[],"customGraphs":[],"default":{"data":{"Article":[],"Course":[],"Dataset":[],"FAQPage":[],"Movie":[],"Person":[],"Product":[],"ProductReview":[],"Car":[],"Recipe":[],"Service":[],"SoftwareApplication":[],"WebPage":[]},"graphName":"","isEnabled":true},"graphs":[]},"schema_type":null,"schema_type_options":null,"pillar_content":false,"robots_default":true,"robots_noindex":false,"robots_noarchive":false,"robots_nosnippet":false,"robots_nofollow":false,"robots_noimageindex":false,"robots_noodp":false,"robots_notranslate":false,"robots_max_snippet":null,"robots_max_videopreview":null,"robots_max_imagepreview":"large","priority":null,"frequency":null,"location":null,"local_seo":null,"seo_analyzer_scan_date":"2025-08-26 17:33:27","breadcrumb_settings":null,"limit_modified_date":false,"reviewed_by":null,"open_ai":null,"ai":null,"created":"2020-12-21 11:53:46","updated":"2025-08-26 17:33:27"},"aioseo_breadcrumb":"<div class=\"aioseo-breadcrumbs\"><span class=\"aioseo-breadcrumb\">\n\t<a href=\"https:\/\/candas365.es\/noticias\" title=\"Home\">Home<\/a>\n<\/span><span class=\"aioseo-breadcrumb-separator\">&ndash;<\/span><span class=\"aioseo-breadcrumb\">\n\t<a href=\"https:\/\/candas365.es\/noticias\/category\/noticias-carreno\/\" title=\"Noticias Carre\u00f1o\">Noticias Carre\u00f1o<\/a>\n<\/span><span class=\"aioseo-breadcrumb-separator\">&ndash;<\/span><span class=\"aioseo-breadcrumb\">\n\tTardes de teatro en Carre\u00f1o\n<\/span><\/div>","aioseo_breadcrumb_json":[{"label":"Home","link":"https:\/\/candas365.es\/noticias"},{"label":"Noticias Carre\u00f1o","link":"https:\/\/candas365.es\/noticias\/category\/noticias-carreno\/"},{"label":"Tardes de teatro en Carre\u00f1o","link":"https:\/\/candas365.es\/noticias\/tardes-de-teatro-en-carreno\/"}],"_links":{"self":[{"href":"https:\/\/candas365.es\/noticias\/wp-json\/wp\/v2\/posts\/93341","targetHints":{"allow":["GET"]}}],"collection":[{"href":"https:\/\/candas365.es\/noticias\/wp-json\/wp\/v2\/posts"}],"about":[{"href":"https:\/\/candas365.es\/noticias\/wp-json\/wp\/v2\/types\/post"}],"author":[{"embeddable":true,"href":"https:\/\/candas365.es\/noticias\/wp-json\/wp\/v2\/users\/1"}],"replies":[{"embeddable":true,"href":"https:\/\/candas365.es\/noticias\/wp-json\/wp\/v2\/comments?post=93341"}],"version-history":[{"count":0,"href":"https:\/\/candas365.es\/noticias\/wp-json\/wp\/v2\/posts\/93341\/revisions"}],"wp:featuredmedia":[{"embeddable":true,"href":"https:\/\/candas365.es\/noticias\/wp-json\/wp\/v2\/media\/93342"}],"wp:attachment":[{"href":"https:\/\/candas365.es\/noticias\/wp-json\/wp\/v2\/media?parent=93341"}],"wp:term":[{"taxonomy":"category","embeddable":true,"href":"https:\/\/candas365.es\/noticias\/wp-json\/wp\/v2\/categories?post=93341"},{"taxonomy":"post_tag","embeddable":true,"href":"https:\/\/candas365.es\/noticias\/wp-json\/wp\/v2\/tags?post=93341"}],"curies":[{"name":"wp","href":"https:\/\/api.w.org\/{rel}","templated":true}]}}