{"id":93336,"date":"2018-04-07T18:39:29","date_gmt":"2018-04-07T18:39:29","guid":{"rendered":"http:\/\/candas365.es\/noticias\/?p=93336"},"modified":"2018-04-07T18:39:29","modified_gmt":"2018-04-07T18:39:29","slug":"llega-la-semifinal-de-maestros-de-la-costura","status":"publish","type":"post","link":"https:\/\/candas365.es\/noticias\/llega-la-semifinal-de-maestros-de-la-costura\/","title":{"rendered":"Llega la semifinal de &#8216;Maestros de la Costura&#8217;"},"content":{"rendered":"<p><img fetchpriority=\"high\" decoding=\"async\" class=\"alignleft size-medium wp-image-93337\" src=\"https:\/\/candas365.es\/noticias\/wp-content\/uploads\/2018\/04\/1523009058332-360x240.jpg\" alt=\"\" width=\"360\" height=\"240\" srcset=\"https:\/\/candas365.es\/noticias\/wp-content\/uploads\/2018\/04\/1523009058332-360x240.jpg 360w, https:\/\/candas365.es\/noticias\/wp-content\/uploads\/2018\/04\/1523009058332-696x465.jpg 696w, https:\/\/candas365.es\/noticias\/wp-content\/uploads\/2018\/04\/1523009058332-629x420.jpg 629w, https:\/\/candas365.es\/noticias\/wp-content\/uploads\/2018\/04\/1523009058332-768x513.jpg 768w, https:\/\/candas365.es\/noticias\/wp-content\/uploads\/2018\/04\/1523009058332-655x437.jpg 655w, https:\/\/candas365.es\/noticias\/wp-content\/uploads\/2018\/04\/1523009058332.jpg 800w\" sizes=\"(max-width: 360px) 100vw, 360px\" \/>Llega la semifinal de &#8216;Maestros de la Costura&#8217; y los aprendices deber\u00e1n mostrar todo su potencial para ser el primer Maestro de la Costura en Espa\u00f1a. Caprile les mostrar\u00e1 c\u00f3mo es el trabajo de figurinista: tendr\u00e1n que hacer un vestido de dama y de caballero para una obra de teatro. La prueba de exteriores ser\u00e1 en el taller de El Ganso: tendr\u00e1n que hacer polos a media a los jugadores de la selecci\u00f3n masculina y femenina de Hockey sobre hierba. Y en la eliminaci\u00f3n, la dise\u00f1adora Maya Hansen les retar\u00e1 a hacer en 90 minutos un cors\u00e9 y personalizarlo con elementos de todo tipo que encontrar\u00e1n en una ruleta.<\/p>\n<p>En la primera prueba de la noche, Lorenzo Caprile les ense\u00f1ar\u00e1 una de sus pasiones: el trabajo del figurinista. Los aprendices confeccionar\u00e1n un vestido de dama o una camisa con pantal\u00f3n de caballero, con capas forradas y con piel cosida alrededor, para una obra de teatro. Adem\u00e1s, trabajar\u00e1n a contrarreloj y con m\u00e1quinas de coser antiguas. La directora de Mercedes Benz Fashion Week Madrid, Charo Izquierdo, se acercar\u00e1 al taller de &#8216;Maestros de la Costura&#8217; para ver de cerca c\u00f3mo trabajan estos futuros modistas.<\/p>\n<p>En la prueba por equipos trabajar\u00e1n en el taller El Ganso, marca espa\u00f1ola fundada en 2004 y que hoy en d\u00eda cuenta con m\u00e1s de 200 puntos de ventas en 10 pa\u00edses. Adem\u00e1s, esta firma se encarga de vestir a la selecci\u00f3n nacional de hockey en sus desplazamientos y actos oficiales. Sus fundadores, \u00c1lvaro y Clemente Cebri\u00e1n, explicar\u00e1n a los aprendices su visi\u00f3n de la moda. En esta prueba realizar\u00e1n un polo a medida para Alicia Magaz, Alejandra Torres-Quevedo, Bel\u00e9n Iglesias, Andr\u00e9s Mir, Ricardo S\u00e1nchez y Bosco P\u00e9rez-Pla, representaci\u00f3n de la selecci\u00f3n nacional masculina y femenina de hockey sobre hierba.<\/p>\n<p>De vuelta al taller, conocer\u00e1n a la dise\u00f1adora de moda Maya Hansen y sus sugerentes creaciones de alta corseter\u00eda, que han conquistado a estrellas como Lady Gaga y Kylie Jenner. El reto ser\u00e1 hacer un cors\u00e9 en 90 minutos y personalizarlo con tachuelas, lazos, cadenas, papel de aluminio, palomitas y otros elementos que encontrar\u00e1n en una ruleta.<\/p>\n<p>&nbsp;<\/p>\n","protected":false},"excerpt":{"rendered":"<p>Llega la semifinal de &#8216;Maestros de la Costura&#8217; y los aprendices deber\u00e1n mostrar todo su potencial para ser el primer Maestro de la Costura en Espa\u00f1a. Caprile les mostrar\u00e1 c\u00f3mo es el trabajo de figurinista: tendr\u00e1n que hacer un vestido de dama y de caballero para una obra de teatro. La prueba de exteriores ser\u00e1<\/p>\n","protected":false},"author":1,"featured_media":93337,"comment_status":"closed","ping_status":"closed","sticky":false,"template":"","format":"standard","meta":{"footnotes":""},"categories":[1],"tags":[],"class_list":{"0":"post-93336","1":"post","2":"type-post","3":"status-publish","4":"format-standard","5":"has-post-thumbnail","7":"category-agenda"},"aioseo_notices":[],"aioseo_head":"\n\t\t<!-- All in One SEO Pro 4.9.6.2 - aioseo.com -->\n\t<meta name=\"description\" content=\"Llega la semifinal de &#039;Maestros de la Costura&#039; y los aprendices deber\u00e1n mostrar todo su potencial para ser el primer Maestro de la Costura en Espa\u00f1a. Caprile les mostrar\u00e1 c\u00f3mo es el trabajo de figurinista: tendr\u00e1n que hacer un vestido de dama y de caballero para una obra de teatro. La prueba de exteriores ser\u00e1\" \/>\n\t<meta name=\"robots\" content=\"max-image-preview:large\" \/>\n\t<meta name=\"author\" content=\"Cand\u00e1s 365\"\/>\n\t<meta name=\"google-site-verification\" content=\"UA-32230408-1\" \/>\n\t<meta name=\"msvalidate.01\" content=\"354F3CDFB2DA171B47FBE9ABF1F88D5\" \/>\n\t<meta name=\"keywords\" content=\"agenda\" \/>\n\t<link rel=\"canonical\" href=\"https:\/\/candas365.es\/noticias\/llega-la-semifinal-de-maestros-de-la-costura\/\" \/>\n\t<meta name=\"generator\" content=\"All in One SEO Pro (AIOSEO) 4.9.6.2\" \/>\n\t\t<meta property=\"og:locale\" content=\"es_ES\" \/>\n\t\t<meta property=\"og:site_name\" content=\"Cand\u00e1s 365\" \/>\n\t\t<meta property=\"og:type\" content=\"article\" \/>\n\t\t<meta property=\"og:title\" content=\"Llega la semifinal de \u2018Maestros de la Costura\u2019 | Cand\u00e1s 365\" \/>\n\t\t<meta property=\"og:description\" content=\"Llega la semifinal de &#039;Maestros de la Costura&#039; y los aprendices deber\u00e1n mostrar todo su potencial para ser el primer Maestro de la Costura en Espa\u00f1a. Caprile les mostrar\u00e1 c\u00f3mo es el trabajo de figurinista: tendr\u00e1n que hacer un vestido de dama y de caballero para una obra de teatro. La prueba de exteriores ser\u00e1\" \/>\n\t\t<meta property=\"og:url\" content=\"https:\/\/candas365.es\/noticias\/llega-la-semifinal-de-maestros-de-la-costura\/\" \/>\n\t\t<meta property=\"og:image\" content=\"https:\/\/candas365.es\/noticias\/wp-content\/uploads\/2018\/04\/1523009058332.jpg\" \/>\n\t\t<meta property=\"og:image:secure_url\" content=\"https:\/\/candas365.es\/noticias\/wp-content\/uploads\/2018\/04\/1523009058332.jpg\" \/>\n\t\t<meta property=\"og:image:width\" content=\"800\" \/>\n\t\t<meta property=\"og:image:height\" content=\"534\" \/>\n\t\t<meta property=\"article:published_time\" content=\"2018-04-07T18:39:29+00:00\" \/>\n\t\t<meta property=\"article:modified_time\" content=\"2018-04-07T18:39:29+00:00\" \/>\n\t\t<meta property=\"article:publisher\" content=\"https:\/\/www.facebook.com\/Nachofdezber\" \/>\n\t\t<meta property=\"article:author\" content=\"https:\/\/www.facebook.com\/carrenoactualidad\" \/>\n\t\t<meta name=\"twitter:card\" content=\"summary_large_image\" \/>\n\t\t<meta name=\"twitter:site\" content=\"@NabercoDigital\" \/>\n\t\t<meta name=\"twitter:title\" content=\"Llega la semifinal de \u2018Maestros de la Costura\u2019 | Cand\u00e1s 365\" \/>\n\t\t<meta name=\"twitter:description\" content=\"Llega la semifinal de &#039;Maestros de la Costura&#039; y los aprendices deber\u00e1n mostrar todo su potencial para ser el primer Maestro de la Costura en Espa\u00f1a. Caprile les mostrar\u00e1 c\u00f3mo es el trabajo de figurinista: tendr\u00e1n que hacer un vestido de dama y de caballero para una obra de teatro. La prueba de exteriores ser\u00e1\" \/>\n\t\t<meta name=\"twitter:creator\" content=\"@nbasturias\" \/>\n\t\t<meta name=\"twitter:image\" content=\"https:\/\/candas365.es\/noticias\/wp-content\/uploads\/2018\/04\/1523009058332.jpg\" \/>\n\t\t<meta name=\"twitter:label1\" content=\"Escrito por\" \/>\n\t\t<meta name=\"twitter:data1\" content=\"Cand\u00e1s 365\" \/>\n\t\t<meta name=\"twitter:label2\" content=\"Tiempo de lectura estimado\" \/>\n\t\t<meta name=\"twitter:data2\" content=\"2 minutos\" \/>\n\t\t<script type=\"application\/ld+json\" class=\"aioseo-schema\">\n\t\t\t{\"@context\":\"https:\\\/\\\/schema.org\",\"@graph\":[{\"@type\":\"BreadcrumbList\",\"@id\":\"https:\\\/\\\/candas365.es\\\/noticias\\\/llega-la-semifinal-de-maestros-de-la-costura\\\/#breadcrumblist\",\"itemListElement\":[{\"@type\":\"ListItem\",\"@id\":\"https:\\\/\\\/candas365.es\\\/noticias#listItem\",\"position\":1,\"name\":\"Home\",\"item\":\"https:\\\/\\\/candas365.es\\\/noticias\",\"nextItem\":{\"@type\":\"ListItem\",\"@id\":\"https:\\\/\\\/candas365.es\\\/noticias\\\/category\\\/agenda\\\/#listItem\",\"name\":\"Agenda\"}},{\"@type\":\"ListItem\",\"@id\":\"https:\\\/\\\/candas365.es\\\/noticias\\\/category\\\/agenda\\\/#listItem\",\"position\":2,\"name\":\"Agenda\",\"item\":\"https:\\\/\\\/candas365.es\\\/noticias\\\/category\\\/agenda\\\/\",\"nextItem\":{\"@type\":\"ListItem\",\"@id\":\"https:\\\/\\\/candas365.es\\\/noticias\\\/llega-la-semifinal-de-maestros-de-la-costura\\\/#listItem\",\"name\":\"Llega la semifinal de &#8216;Maestros de la Costura&#8217;\"},\"previousItem\":{\"@type\":\"ListItem\",\"@id\":\"https:\\\/\\\/candas365.es\\\/noticias#listItem\",\"name\":\"Home\"}},{\"@type\":\"ListItem\",\"@id\":\"https:\\\/\\\/candas365.es\\\/noticias\\\/llega-la-semifinal-de-maestros-de-la-costura\\\/#listItem\",\"position\":3,\"name\":\"Llega la semifinal de &#8216;Maestros de la Costura&#8217;\",\"previousItem\":{\"@type\":\"ListItem\",\"@id\":\"https:\\\/\\\/candas365.es\\\/noticias\\\/category\\\/agenda\\\/#listItem\",\"name\":\"Agenda\"}}]},{\"@type\":\"NewsArticle\",\"@id\":\"https:\\\/\\\/candas365.es\\\/noticias\\\/llega-la-semifinal-de-maestros-de-la-costura\\\/#newsarticle\",\"name\":\"Llega la semifinal de \\u2018Maestros de la Costura\\u2019 | Cand\\u00e1s 365\",\"headline\":\"Llega la semifinal de &#8216;Maestros de la Costura&#8217;\",\"author\":{\"@id\":\"https:\\\/\\\/candas365.es\\\/noticias\\\/author\\\/admin\\\/#author\"},\"publisher\":{\"@id\":\"https:\\\/\\\/candas365.es\\\/noticias\\\/#organization\"},\"image\":{\"@type\":\"ImageObject\",\"url\":\"https:\\\/\\\/candas365.es\\\/noticias\\\/wp-content\\\/uploads\\\/2018\\\/04\\\/1523009058332.jpg\",\"width\":800,\"height\":534},\"datePublished\":\"2018-04-07T18:39:29+02:00\",\"dateModified\":\"2018-04-07T18:39:29+02:00\",\"inLanguage\":\"es-ES\",\"mainEntityOfPage\":{\"@id\":\"https:\\\/\\\/candas365.es\\\/noticias\\\/llega-la-semifinal-de-maestros-de-la-costura\\\/#webpage\"},\"isPartOf\":{\"@id\":\"https:\\\/\\\/candas365.es\\\/noticias\\\/llega-la-semifinal-de-maestros-de-la-costura\\\/#webpage\"},\"articleSection\":\"Agenda\",\"dateline\":\"Publicado el abril 7, 2018.\"},{\"@type\":\"Organization\",\"@id\":\"https:\\\/\\\/candas365.es\\\/noticias\\\/#organization\",\"name\":\"Cand\\u00e1s 365\",\"description\":\"Cand\\u00e1s 365 es un diario digital independiente, fundado en 2012, con base en Asturias. Informamos con rigor sobre actualidad, sociedad, cultura y ocio, con una mirada local y global.\",\"url\":\"https:\\\/\\\/candas365.es\\\/noticias\\\/\",\"email\":\"info@candas365.es\",\"telephone\":\"+34652131393\",\"foundingDate\":\"2012-06-10\",\"logo\":{\"@type\":\"ImageObject\",\"url\":\"https:\\\/\\\/candas365.es\\\/noticias\\\/wp-content\\\/uploads\\\/2024\\\/09\\\/Candas-365-Redes.jpg\",\"@id\":\"https:\\\/\\\/candas365.es\\\/noticias\\\/llega-la-semifinal-de-maestros-de-la-costura\\\/#organizationLogo\",\"width\":1152,\"height\":864,\"caption\":\"Cand\\u00e1s 365 Redes\"},\"image\":{\"@id\":\"https:\\\/\\\/candas365.es\\\/noticias\\\/llega-la-semifinal-de-maestros-de-la-costura\\\/#organizationLogo\"},\"sameAs\":[\"https:\\\/\\\/www.facebook.com\\\/Nachofdezber\",\"https:\\\/\\\/x.com\\\/NabercoDigital\",\"https:\\\/\\\/www.instagram.com\\\/nachofdezber\\\/\",\"https:\\\/\\\/www.youtube.com\\\/channel\\\/UCZP-2wLEB9Rv6erhFmqVnvg\"],\"address\":{\"@id\":\"https:\\\/\\\/candas365.es\\\/noticias\\\/#postaladdress\",\"@type\":\"PostalAddress\",\"streetAddress\":\"san antonio 4, san antonio 4\",\"postalCode\":\"33430\",\"addressLocality\":\"Cand\\u00e1s\",\"addressRegion\":\"Asturias\",\"addressCountry\":\"ES\"}},{\"@type\":\"Person\",\"@id\":\"https:\\\/\\\/candas365.es\\\/noticias\\\/author\\\/admin\\\/#author\",\"url\":\"https:\\\/\\\/candas365.es\\\/noticias\\\/author\\\/admin\\\/\",\"name\":\"Cand\\u00e1s 365\",\"image\":{\"@type\":\"ImageObject\",\"@id\":\"https:\\\/\\\/candas365.es\\\/noticias\\\/llega-la-semifinal-de-maestros-de-la-costura\\\/#authorImage\",\"url\":\"https:\\\/\\\/secure.gravatar.com\\\/avatar\\\/496a8e03d0c493ede1718b7934145dbdf8d89be1036b0eec9544e1094c9de390?s=96&d=mm&r=g\",\"width\":96,\"height\":96,\"caption\":\"Cand\\u00e1s 365\"},\"sameAs\":[\"https:\\\/\\\/www.facebook.com\\\/carrenoactualidad\",\"https:\\\/\\\/twitter.com\\\/nbasturias\",\"https:\\\/\\\/www.instagram.com\\\/nachofdezber\\\/\",\"https:\\\/\\\/www.youtube.com\\\/channel\\\/UCZP-2wLEB9Rv6erhFmqVnvg\"]},{\"@type\":\"WebPage\",\"@id\":\"https:\\\/\\\/candas365.es\\\/noticias\\\/llega-la-semifinal-de-maestros-de-la-costura\\\/#webpage\",\"url\":\"https:\\\/\\\/candas365.es\\\/noticias\\\/llega-la-semifinal-de-maestros-de-la-costura\\\/\",\"name\":\"Llega la semifinal de \\u2018Maestros de la Costura\\u2019 | Cand\\u00e1s 365\",\"description\":\"Llega la semifinal de 'Maestros de la Costura' y los aprendices deber\\u00e1n mostrar todo su potencial para ser el primer Maestro de la Costura en Espa\\u00f1a. Caprile les mostrar\\u00e1 c\\u00f3mo es el trabajo de figurinista: tendr\\u00e1n que hacer un vestido de dama y de caballero para una obra de teatro. La prueba de exteriores ser\\u00e1\",\"inLanguage\":\"es-ES\",\"isPartOf\":{\"@id\":\"https:\\\/\\\/candas365.es\\\/noticias\\\/#website\"},\"breadcrumb\":{\"@id\":\"https:\\\/\\\/candas365.es\\\/noticias\\\/llega-la-semifinal-de-maestros-de-la-costura\\\/#breadcrumblist\"},\"author\":{\"@id\":\"https:\\\/\\\/candas365.es\\\/noticias\\\/author\\\/admin\\\/#author\"},\"creator\":{\"@id\":\"https:\\\/\\\/candas365.es\\\/noticias\\\/author\\\/admin\\\/#author\"},\"image\":{\"@type\":\"ImageObject\",\"url\":\"https:\\\/\\\/candas365.es\\\/noticias\\\/wp-content\\\/uploads\\\/2018\\\/04\\\/1523009058332.jpg\",\"@id\":\"https:\\\/\\\/candas365.es\\\/noticias\\\/llega-la-semifinal-de-maestros-de-la-costura\\\/#mainImage\",\"width\":800,\"height\":534},\"primaryImageOfPage\":{\"@id\":\"https:\\\/\\\/candas365.es\\\/noticias\\\/llega-la-semifinal-de-maestros-de-la-costura\\\/#mainImage\"},\"datePublished\":\"2018-04-07T18:39:29+02:00\",\"dateModified\":\"2018-04-07T18:39:29+02:00\"},{\"@type\":\"WebSite\",\"@id\":\"https:\\\/\\\/candas365.es\\\/noticias\\\/#website\",\"url\":\"https:\\\/\\\/candas365.es\\\/noticias\\\/\",\"name\":\"Cand\\u00e1s 365\",\"alternateName\":\"Cand\\u00e1s 365 Noticias\",\"description\":\"Actualidad desde Carre\\u00f1o para el mundo\",\"inLanguage\":\"es-ES\",\"publisher\":{\"@id\":\"https:\\\/\\\/candas365.es\\\/noticias\\\/#organization\"}}]}\n\t\t<\/script>\n\t\t<!-- All in One SEO Pro -->\r\n\t\t<title>Llega la semifinal de \u2018Maestros de la Costura\u2019 | Cand\u00e1s 365<\/title>\n\n","aioseo_head_json":{"title":"Llega la semifinal de \u2018Maestros de la Costura\u2019 | Cand\u00e1s 365","description":"Llega la semifinal de 'Maestros de la Costura' y los aprendices deber\u00e1n mostrar todo su potencial para ser el primer Maestro de la Costura en Espa\u00f1a. Caprile les mostrar\u00e1 c\u00f3mo es el trabajo de figurinista: tendr\u00e1n que hacer un vestido de dama y de caballero para una obra de teatro. La prueba de exteriores ser\u00e1","canonical_url":"https:\/\/candas365.es\/noticias\/llega-la-semifinal-de-maestros-de-la-costura\/","robots":"max-image-preview:large","keywords":"agenda","webmasterTools":{"google-site-verification":"UA-32230408-1","msvalidate.01":"354F3CDFB2DA171B47FBE9ABF1F88D5","miscellaneous":""},"schema":{"@context":"https:\/\/schema.org","@graph":[{"@type":"BreadcrumbList","@id":"https:\/\/candas365.es\/noticias\/llega-la-semifinal-de-maestros-de-la-costura\/#breadcrumblist","itemListElement":[{"@type":"ListItem","@id":"https:\/\/candas365.es\/noticias#listItem","position":1,"name":"Home","item":"https:\/\/candas365.es\/noticias","nextItem":{"@type":"ListItem","@id":"https:\/\/candas365.es\/noticias\/category\/agenda\/#listItem","name":"Agenda"}},{"@type":"ListItem","@id":"https:\/\/candas365.es\/noticias\/category\/agenda\/#listItem","position":2,"name":"Agenda","item":"https:\/\/candas365.es\/noticias\/category\/agenda\/","nextItem":{"@type":"ListItem","@id":"https:\/\/candas365.es\/noticias\/llega-la-semifinal-de-maestros-de-la-costura\/#listItem","name":"Llega la semifinal de &#8216;Maestros de la Costura&#8217;"},"previousItem":{"@type":"ListItem","@id":"https:\/\/candas365.es\/noticias#listItem","name":"Home"}},{"@type":"ListItem","@id":"https:\/\/candas365.es\/noticias\/llega-la-semifinal-de-maestros-de-la-costura\/#listItem","position":3,"name":"Llega la semifinal de &#8216;Maestros de la Costura&#8217;","previousItem":{"@type":"ListItem","@id":"https:\/\/candas365.es\/noticias\/category\/agenda\/#listItem","name":"Agenda"}}]},{"@type":"NewsArticle","@id":"https:\/\/candas365.es\/noticias\/llega-la-semifinal-de-maestros-de-la-costura\/#newsarticle","name":"Llega la semifinal de \u2018Maestros de la Costura\u2019 | Cand\u00e1s 365","headline":"Llega la semifinal de &#8216;Maestros de la Costura&#8217;","author":{"@id":"https:\/\/candas365.es\/noticias\/author\/admin\/#author"},"publisher":{"@id":"https:\/\/candas365.es\/noticias\/#organization"},"image":{"@type":"ImageObject","url":"https:\/\/candas365.es\/noticias\/wp-content\/uploads\/2018\/04\/1523009058332.jpg","width":800,"height":534},"datePublished":"2018-04-07T18:39:29+02:00","dateModified":"2018-04-07T18:39:29+02:00","inLanguage":"es-ES","mainEntityOfPage":{"@id":"https:\/\/candas365.es\/noticias\/llega-la-semifinal-de-maestros-de-la-costura\/#webpage"},"isPartOf":{"@id":"https:\/\/candas365.es\/noticias\/llega-la-semifinal-de-maestros-de-la-costura\/#webpage"},"articleSection":"Agenda","dateline":"Publicado el abril 7, 2018."},{"@type":"Organization","@id":"https:\/\/candas365.es\/noticias\/#organization","name":"Cand\u00e1s 365","description":"Cand\u00e1s 365 es un diario digital independiente, fundado en 2012, con base en Asturias. Informamos con rigor sobre actualidad, sociedad, cultura y ocio, con una mirada local y global.","url":"https:\/\/candas365.es\/noticias\/","email":"info@candas365.es","telephone":"+34652131393","foundingDate":"2012-06-10","logo":{"@type":"ImageObject","url":"https:\/\/candas365.es\/noticias\/wp-content\/uploads\/2024\/09\/Candas-365-Redes.jpg","@id":"https:\/\/candas365.es\/noticias\/llega-la-semifinal-de-maestros-de-la-costura\/#organizationLogo","width":1152,"height":864,"caption":"Cand\u00e1s 365 Redes"},"image":{"@id":"https:\/\/candas365.es\/noticias\/llega-la-semifinal-de-maestros-de-la-costura\/#organizationLogo"},"sameAs":["https:\/\/www.facebook.com\/Nachofdezber","https:\/\/x.com\/NabercoDigital","https:\/\/www.instagram.com\/nachofdezber\/","https:\/\/www.youtube.com\/channel\/UCZP-2wLEB9Rv6erhFmqVnvg"],"address":{"@id":"https:\/\/candas365.es\/noticias\/#postaladdress","@type":"PostalAddress","streetAddress":"san antonio 4, san antonio 4","postalCode":"33430","addressLocality":"Cand\u00e1s","addressRegion":"Asturias","addressCountry":"ES"}},{"@type":"Person","@id":"https:\/\/candas365.es\/noticias\/author\/admin\/#author","url":"https:\/\/candas365.es\/noticias\/author\/admin\/","name":"Cand\u00e1s 365","image":{"@type":"ImageObject","@id":"https:\/\/candas365.es\/noticias\/llega-la-semifinal-de-maestros-de-la-costura\/#authorImage","url":"https:\/\/secure.gravatar.com\/avatar\/496a8e03d0c493ede1718b7934145dbdf8d89be1036b0eec9544e1094c9de390?s=96&d=mm&r=g","width":96,"height":96,"caption":"Cand\u00e1s 365"},"sameAs":["https:\/\/www.facebook.com\/carrenoactualidad","https:\/\/twitter.com\/nbasturias","https:\/\/www.instagram.com\/nachofdezber\/","https:\/\/www.youtube.com\/channel\/UCZP-2wLEB9Rv6erhFmqVnvg"]},{"@type":"WebPage","@id":"https:\/\/candas365.es\/noticias\/llega-la-semifinal-de-maestros-de-la-costura\/#webpage","url":"https:\/\/candas365.es\/noticias\/llega-la-semifinal-de-maestros-de-la-costura\/","name":"Llega la semifinal de \u2018Maestros de la Costura\u2019 | Cand\u00e1s 365","description":"Llega la semifinal de 'Maestros de la Costura' y los aprendices deber\u00e1n mostrar todo su potencial para ser el primer Maestro de la Costura en Espa\u00f1a. Caprile les mostrar\u00e1 c\u00f3mo es el trabajo de figurinista: tendr\u00e1n que hacer un vestido de dama y de caballero para una obra de teatro. La prueba de exteriores ser\u00e1","inLanguage":"es-ES","isPartOf":{"@id":"https:\/\/candas365.es\/noticias\/#website"},"breadcrumb":{"@id":"https:\/\/candas365.es\/noticias\/llega-la-semifinal-de-maestros-de-la-costura\/#breadcrumblist"},"author":{"@id":"https:\/\/candas365.es\/noticias\/author\/admin\/#author"},"creator":{"@id":"https:\/\/candas365.es\/noticias\/author\/admin\/#author"},"image":{"@type":"ImageObject","url":"https:\/\/candas365.es\/noticias\/wp-content\/uploads\/2018\/04\/1523009058332.jpg","@id":"https:\/\/candas365.es\/noticias\/llega-la-semifinal-de-maestros-de-la-costura\/#mainImage","width":800,"height":534},"primaryImageOfPage":{"@id":"https:\/\/candas365.es\/noticias\/llega-la-semifinal-de-maestros-de-la-costura\/#mainImage"},"datePublished":"2018-04-07T18:39:29+02:00","dateModified":"2018-04-07T18:39:29+02:00"},{"@type":"WebSite","@id":"https:\/\/candas365.es\/noticias\/#website","url":"https:\/\/candas365.es\/noticias\/","name":"Cand\u00e1s 365","alternateName":"Cand\u00e1s 365 Noticias","description":"Actualidad desde Carre\u00f1o para el mundo","inLanguage":"es-ES","publisher":{"@id":"https:\/\/candas365.es\/noticias\/#organization"}}]},"og:locale":"es_ES","og:site_name":"Cand\u00e1s 365","og:type":"article","og:title":"Llega la semifinal de \u2018Maestros de la Costura\u2019 | Cand\u00e1s 365","og:description":"Llega la semifinal de 'Maestros de la Costura' y los aprendices deber\u00e1n mostrar todo su potencial para ser el primer Maestro de la Costura en Espa\u00f1a. Caprile les mostrar\u00e1 c\u00f3mo es el trabajo de figurinista: tendr\u00e1n que hacer un vestido de dama y de caballero para una obra de teatro. La prueba de exteriores ser\u00e1","og:url":"https:\/\/candas365.es\/noticias\/llega-la-semifinal-de-maestros-de-la-costura\/","og:image":"https:\/\/candas365.es\/noticias\/wp-content\/uploads\/2018\/04\/1523009058332.jpg","og:image:secure_url":"https:\/\/candas365.es\/noticias\/wp-content\/uploads\/2018\/04\/1523009058332.jpg","og:image:width":800,"og:image:height":534,"article:published_time":"2018-04-07T18:39:29+00:00","article:modified_time":"2018-04-07T18:39:29+00:00","article:publisher":"https:\/\/www.facebook.com\/Nachofdezber","article:author":"https:\/\/www.facebook.com\/carrenoactualidad","twitter:card":"summary_large_image","twitter:site":"@NabercoDigital","twitter:title":"Llega la semifinal de \u2018Maestros de la Costura\u2019 | Cand\u00e1s 365","twitter:description":"Llega la semifinal de 'Maestros de la Costura' y los aprendices deber\u00e1n mostrar todo su potencial para ser el primer Maestro de la Costura en Espa\u00f1a. Caprile les mostrar\u00e1 c\u00f3mo es el trabajo de figurinista: tendr\u00e1n que hacer un vestido de dama y de caballero para una obra de teatro. La prueba de exteriores ser\u00e1","twitter:creator":"@nbasturias","twitter:image":"https:\/\/candas365.es\/noticias\/wp-content\/uploads\/2018\/04\/1523009058332.jpg","twitter:label1":"Escrito por","twitter:data1":"Cand\u00e1s 365","twitter:label2":"Tiempo de lectura estimado","twitter:data2":"2 minutos"},"aioseo_meta_data":{"post_id":"93336","title":null,"description":null,"keywords":null,"keyphrases":null,"primary_term":null,"canonical_url":null,"og_title":null,"og_description":null,"og_object_type":"default","og_image_type":"default","og_image_url":null,"og_image_width":null,"og_image_height":null,"og_image_custom_url":null,"og_image_custom_fields":null,"og_video":null,"og_custom_url":null,"og_article_section":null,"og_article_tags":null,"twitter_use_og":false,"twitter_card":"default","twitter_image_type":"default","twitter_image_url":null,"twitter_image_custom_url":null,"twitter_image_custom_fields":null,"twitter_title":null,"twitter_description":null,"schema":{"blockGraphs":[],"customGraphs":[],"default":{"data":{"Article":[],"Course":[],"Dataset":[],"FAQPage":[],"Movie":[],"Person":[],"Product":[],"ProductReview":[],"Car":[],"Recipe":[],"Service":[],"SoftwareApplication":[],"WebPage":[]},"graphName":"","isEnabled":true},"graphs":[]},"schema_type":null,"schema_type_options":null,"pillar_content":false,"robots_default":true,"robots_noindex":false,"robots_noarchive":false,"robots_nosnippet":false,"robots_nofollow":false,"robots_noimageindex":false,"robots_noodp":false,"robots_notranslate":false,"robots_max_snippet":null,"robots_max_videopreview":null,"robots_max_imagepreview":"large","priority":null,"frequency":null,"location":null,"local_seo":null,"seo_analyzer_scan_date":"2025-08-26 17:33:23","breadcrumb_settings":null,"limit_modified_date":false,"reviewed_by":null,"open_ai":null,"ai":null,"created":"2020-12-21 11:53:54","updated":"2025-08-26 17:33:23"},"aioseo_breadcrumb":"<div class=\"aioseo-breadcrumbs\"><span class=\"aioseo-breadcrumb\">\n\t<a href=\"https:\/\/candas365.es\/noticias\" title=\"Home\">Home<\/a>\n<\/span><span class=\"aioseo-breadcrumb-separator\">&ndash;<\/span><span class=\"aioseo-breadcrumb\">\n\t<a href=\"https:\/\/candas365.es\/noticias\/category\/agenda\/\" title=\"Agenda\">Agenda<\/a>\n<\/span><span class=\"aioseo-breadcrumb-separator\">&ndash;<\/span><span class=\"aioseo-breadcrumb\">\n\tLlega la semifinal de \u2018Maestros de la Costura\u2019\n<\/span><\/div>","aioseo_breadcrumb_json":[{"label":"Home","link":"https:\/\/candas365.es\/noticias"},{"label":"Agenda","link":"https:\/\/candas365.es\/noticias\/category\/agenda\/"},{"label":"Llega la semifinal de &#8216;Maestros de la Costura&#8217;","link":"https:\/\/candas365.es\/noticias\/llega-la-semifinal-de-maestros-de-la-costura\/"}],"_links":{"self":[{"href":"https:\/\/candas365.es\/noticias\/wp-json\/wp\/v2\/posts\/93336","targetHints":{"allow":["GET"]}}],"collection":[{"href":"https:\/\/candas365.es\/noticias\/wp-json\/wp\/v2\/posts"}],"about":[{"href":"https:\/\/candas365.es\/noticias\/wp-json\/wp\/v2\/types\/post"}],"author":[{"embeddable":true,"href":"https:\/\/candas365.es\/noticias\/wp-json\/wp\/v2\/users\/1"}],"replies":[{"embeddable":true,"href":"https:\/\/candas365.es\/noticias\/wp-json\/wp\/v2\/comments?post=93336"}],"version-history":[{"count":0,"href":"https:\/\/candas365.es\/noticias\/wp-json\/wp\/v2\/posts\/93336\/revisions"}],"wp:featuredmedia":[{"embeddable":true,"href":"https:\/\/candas365.es\/noticias\/wp-json\/wp\/v2\/media\/93337"}],"wp:attachment":[{"href":"https:\/\/candas365.es\/noticias\/wp-json\/wp\/v2\/media?parent=93336"}],"wp:term":[{"taxonomy":"category","embeddable":true,"href":"https:\/\/candas365.es\/noticias\/wp-json\/wp\/v2\/categories?post=93336"},{"taxonomy":"post_tag","embeddable":true,"href":"https:\/\/candas365.es\/noticias\/wp-json\/wp\/v2\/tags?post=93336"}],"curies":[{"name":"wp","href":"https:\/\/api.w.org\/{rel}","templated":true}]}}