{"id":93284,"date":"2018-04-07T01:14:06","date_gmt":"2018-04-07T01:14:06","guid":{"rendered":"http:\/\/candas365.es\/noticias\/?p=93284"},"modified":"2018-04-07T01:14:06","modified_gmt":"2018-04-07T01:14:06","slug":"concierto-de-la-coral-aires-de-candas-en-torrevieja","status":"publish","type":"post","link":"https:\/\/candas365.es\/noticias\/concierto-de-la-coral-aires-de-candas-en-torrevieja\/","title":{"rendered":"Concierto de la Coral \u201cAires de Cand\u00e1s\u201d en Torrevieja"},"content":{"rendered":"<p><img fetchpriority=\"high\" decoding=\"async\" class=\"alignleft size-medium wp-image-93285\" src=\"https:\/\/candas365.es\/noticias\/wp-content\/uploads\/2018\/04\/37245a11-360x270.jpg\" alt=\"\" width=\"360\" height=\"270\" srcset=\"https:\/\/candas365.es\/noticias\/wp-content\/uploads\/2018\/04\/37245a11-360x270.jpg 360w, https:\/\/candas365.es\/noticias\/wp-content\/uploads\/2018\/04\/37245a11-80x60.jpg 80w, https:\/\/candas365.es\/noticias\/wp-content\/uploads\/2018\/04\/37245a11-265x198.jpg 265w, https:\/\/candas365.es\/noticias\/wp-content\/uploads\/2018\/04\/37245a11-696x522.jpg 696w, https:\/\/candas365.es\/noticias\/wp-content\/uploads\/2018\/04\/37245a11-1068x801.jpg 1068w, https:\/\/candas365.es\/noticias\/wp-content\/uploads\/2018\/04\/37245a11-560x420.jpg 560w, https:\/\/candas365.es\/noticias\/wp-content\/uploads\/2018\/04\/37245a11-768x576.jpg 768w, https:\/\/candas365.es\/noticias\/wp-content\/uploads\/2018\/04\/37245a11-640x480.jpg 640w, https:\/\/candas365.es\/noticias\/wp-content\/uploads\/2018\/04\/37245a11-90x67.jpg 90w, https:\/\/candas365.es\/noticias\/wp-content\/uploads\/2018\/04\/37245a11.jpg 1600w\" sizes=\"(max-width: 360px) 100vw, 360px\" \/>La Coral \u201cAires de Cand\u00e1s\u201d fue invitada a participar en el oratorio con otras tres corales en la Iglesia Arciprestal Inmaculada Concepci\u00f3n de Torrevieja.<\/p>\n<p>El Oratorio Yohanan es una obra en dos actos, que con libreto de Antonio Quesada Hurtado y m\u00fasica del compositor Aurelio Mart\u00ednez L\u00f3pez relata aquellos pasajes fundamentales contenidos en el Evangelio de San Juan sobre la Pasi\u00f3n, Muerte, y Resurrecci\u00f3n de Jesucristo.<\/p>\n<p>Dicha obra fue estrenada en el 2011 en el marco de la celebraci\u00f3n de la Semana Santa de Torrevieja. Y a lo largo de estos a\u00f1os, ha sido representada, coincidiendo en esas fechas tan se\u00f1aladas para los cat\u00f3licos, en Orihuela, Vera (Almer\u00eda), y San Miguel de Salinas (Alicante).<\/p>\n<p>En Cand\u00e1s tuvimos la oportunidad de disfrutar del mismo en la Iglesia Parroquial de San F\u00e9lix, dentro de los actos musicales programados en la Semana Santa Candasina en el 2017. Y m\u00e1s recientemente lo representaron el pasado 25 de marzo en la Iglesia Parroquial de Santa Eulalia de Luarca, en la cual, adem\u00e1s de estar presente la Coral Candasina, participaron, representando tambi\u00e9n a Carre\u00f1o, la Orquesta Sinf\u00f3nica y el Grupo de T\u00e9cnica Vocal de la Escuela de Municipal de M\u00fasica \u201cMiguel Barrosa\u201d de Carre\u00f1o.<\/p>\n<p>En el 2012 fue presentada la edici\u00f3n discogr\u00e1fica para Espa\u00f1a y Latinoam\u00e9rica.<\/p>\n<p>Para este concierto en Torrevieja se cont\u00f3 con la uni\u00f3n de cuatro corales que sumar\u00e1n m\u00e1s de cien voces, adem\u00e1s de la participaci\u00f3n de cinco solistas. Haciendo de anfitri\u00f3n el Coro Maestro \u201cRicardo Lafuente\u201d. Actuaron la Coral \u201cVilla Blanca\u201d de Luarca; la Coral \u201cAlcores\u201d de San Miguel de Salinas, Alicante; y la Coral Polif\u00f3nica \u201cAires de Cand\u00e1s\u201d.<\/p>\n<p>El acompa\u00f1amiento musical, bajo la direcci\u00f3n de David Colado Coronas, Director de la Escuela Municipal de M\u00fasica \u201cMiguel Barrosa\u201d de Carre\u00f1o estuvo a cargo de la Banda Sinf\u00f3nica Juvenil del Principado de Asturias, cuya sede se encuentra en Carre\u00f1o. Adem\u00e1s el propio compositor de la obra, Aurelio Mart\u00ednez, fue la persona encargada del \u00f3rgano.<\/p>\n<p>El concierto se celebr\u00f3 en el Iglesia Arciprestal de la Inmaculada Concepci\u00f3n de Torrevieja a las 21:00 horas.<\/p>\n<p>En representaci\u00f3n del Ayuntamiento acompa\u00f1aron a la Coral \u201cAires de Cand\u00e1s\u201d los concejales Manuel Noceda, y On\u00e9simo Velasco.<\/p>\n<p>&nbsp;<\/p>\n","protected":false},"excerpt":{"rendered":"<p>La Coral \u201cAires de Cand\u00e1s\u201d fue invitada a participar en el oratorio con otras tres corales en la Iglesia Arciprestal Inmaculada Concepci\u00f3n de Torrevieja. El Oratorio Yohanan es una obra en dos actos, que con libreto de Antonio Quesada Hurtado y m\u00fasica del compositor Aurelio Mart\u00ednez L\u00f3pez relata aquellos pasajes fundamentales contenidos en el Evangelio<\/p>\n","protected":false},"author":1,"featured_media":93285,"comment_status":"closed","ping_status":"closed","sticky":false,"template":"","format":"standard","meta":{"footnotes":""},"categories":[2],"tags":[],"class_list":{"0":"post-93284","1":"post","2":"type-post","3":"status-publish","4":"format-standard","5":"has-post-thumbnail","7":"category-noticias-carreno"},"aioseo_notices":[],"aioseo_head":"\n\t\t<!-- All in One SEO Pro 4.9.6.2 - aioseo.com -->\n\t<meta name=\"description\" content=\"La Coral \u201cAires de Cand\u00e1s\u201d fue invitada a participar en el oratorio con otras tres corales en la Iglesia Arciprestal Inmaculada Concepci\u00f3n de Torrevieja. El Oratorio Yohanan es una obra en dos actos, que con libreto de Antonio Quesada Hurtado y m\u00fasica del compositor Aurelio Mart\u00ednez L\u00f3pez relata aquellos pasajes fundamentales contenidos en el Evangelio\" \/>\n\t<meta name=\"robots\" content=\"max-image-preview:large\" \/>\n\t<meta name=\"author\" content=\"Cand\u00e1s 365\"\/>\n\t<meta name=\"google-site-verification\" content=\"UA-32230408-1\" \/>\n\t<meta name=\"msvalidate.01\" content=\"354F3CDFB2DA171B47FBE9ABF1F88D5\" \/>\n\t<meta name=\"keywords\" content=\"noticias carre\u00f1o\" \/>\n\t<link rel=\"canonical\" href=\"https:\/\/candas365.es\/noticias\/concierto-de-la-coral-aires-de-candas-en-torrevieja\/\" \/>\n\t<meta name=\"generator\" content=\"All in One SEO Pro (AIOSEO) 4.9.6.2\" \/>\n\t\t<meta property=\"og:locale\" content=\"es_ES\" \/>\n\t\t<meta property=\"og:site_name\" content=\"Cand\u00e1s 365\" \/>\n\t\t<meta property=\"og:type\" content=\"article\" \/>\n\t\t<meta property=\"og:title\" content=\"Concierto de la Coral \u201cAires de Cand\u00e1s\u201d en Torrevieja | Cand\u00e1s 365\" \/>\n\t\t<meta property=\"og:description\" content=\"La Coral \u201cAires de Cand\u00e1s\u201d fue invitada a participar en el oratorio con otras tres corales en la Iglesia Arciprestal Inmaculada Concepci\u00f3n de Torrevieja. El Oratorio Yohanan es una obra en dos actos, que con libreto de Antonio Quesada Hurtado y m\u00fasica del compositor Aurelio Mart\u00ednez L\u00f3pez relata aquellos pasajes fundamentales contenidos en el Evangelio\" \/>\n\t\t<meta property=\"og:url\" content=\"https:\/\/candas365.es\/noticias\/concierto-de-la-coral-aires-de-candas-en-torrevieja\/\" \/>\n\t\t<meta property=\"og:image\" content=\"https:\/\/candas365.es\/noticias\/wp-content\/uploads\/2018\/04\/37245a11.jpg\" \/>\n\t\t<meta property=\"og:image:secure_url\" content=\"https:\/\/candas365.es\/noticias\/wp-content\/uploads\/2018\/04\/37245a11.jpg\" \/>\n\t\t<meta property=\"og:image:width\" content=\"1600\" \/>\n\t\t<meta property=\"og:image:height\" content=\"1200\" \/>\n\t\t<meta property=\"article:published_time\" content=\"2018-04-07T01:14:06+00:00\" \/>\n\t\t<meta property=\"article:modified_time\" content=\"2018-04-07T01:14:06+00:00\" \/>\n\t\t<meta property=\"article:publisher\" content=\"https:\/\/www.facebook.com\/Nachofdezber\" \/>\n\t\t<meta property=\"article:author\" content=\"https:\/\/www.facebook.com\/carrenoactualidad\" \/>\n\t\t<meta name=\"twitter:card\" content=\"summary_large_image\" \/>\n\t\t<meta name=\"twitter:site\" content=\"@NabercoDigital\" \/>\n\t\t<meta name=\"twitter:title\" content=\"Concierto de la Coral \u201cAires de Cand\u00e1s\u201d en Torrevieja | Cand\u00e1s 365\" \/>\n\t\t<meta name=\"twitter:description\" content=\"La Coral \u201cAires de Cand\u00e1s\u201d fue invitada a participar en el oratorio con otras tres corales en la Iglesia Arciprestal Inmaculada Concepci\u00f3n de Torrevieja. El Oratorio Yohanan es una obra en dos actos, que con libreto de Antonio Quesada Hurtado y m\u00fasica del compositor Aurelio Mart\u00ednez L\u00f3pez relata aquellos pasajes fundamentales contenidos en el Evangelio\" \/>\n\t\t<meta name=\"twitter:creator\" content=\"@nbasturias\" \/>\n\t\t<meta name=\"twitter:image\" content=\"https:\/\/candas365.es\/noticias\/wp-content\/uploads\/2018\/04\/37245a11.jpg\" \/>\n\t\t<meta name=\"twitter:label1\" content=\"Escrito por\" \/>\n\t\t<meta name=\"twitter:data1\" content=\"Cand\u00e1s 365\" \/>\n\t\t<meta name=\"twitter:label2\" content=\"Tiempo de lectura estimado\" \/>\n\t\t<meta name=\"twitter:data2\" content=\"2 minutos\" \/>\n\t\t<script type=\"application\/ld+json\" class=\"aioseo-schema\">\n\t\t\t{\"@context\":\"https:\\\/\\\/schema.org\",\"@graph\":[{\"@type\":\"BreadcrumbList\",\"@id\":\"https:\\\/\\\/candas365.es\\\/noticias\\\/concierto-de-la-coral-aires-de-candas-en-torrevieja\\\/#breadcrumblist\",\"itemListElement\":[{\"@type\":\"ListItem\",\"@id\":\"https:\\\/\\\/candas365.es\\\/noticias#listItem\",\"position\":1,\"name\":\"Home\",\"item\":\"https:\\\/\\\/candas365.es\\\/noticias\",\"nextItem\":{\"@type\":\"ListItem\",\"@id\":\"https:\\\/\\\/candas365.es\\\/noticias\\\/category\\\/noticias-carreno\\\/#listItem\",\"name\":\"Noticias Carre\\u00f1o\"}},{\"@type\":\"ListItem\",\"@id\":\"https:\\\/\\\/candas365.es\\\/noticias\\\/category\\\/noticias-carreno\\\/#listItem\",\"position\":2,\"name\":\"Noticias Carre\\u00f1o\",\"item\":\"https:\\\/\\\/candas365.es\\\/noticias\\\/category\\\/noticias-carreno\\\/\",\"nextItem\":{\"@type\":\"ListItem\",\"@id\":\"https:\\\/\\\/candas365.es\\\/noticias\\\/concierto-de-la-coral-aires-de-candas-en-torrevieja\\\/#listItem\",\"name\":\"Concierto de la Coral \\u201cAires de Cand\\u00e1s\\u201d en Torrevieja\"},\"previousItem\":{\"@type\":\"ListItem\",\"@id\":\"https:\\\/\\\/candas365.es\\\/noticias#listItem\",\"name\":\"Home\"}},{\"@type\":\"ListItem\",\"@id\":\"https:\\\/\\\/candas365.es\\\/noticias\\\/concierto-de-la-coral-aires-de-candas-en-torrevieja\\\/#listItem\",\"position\":3,\"name\":\"Concierto de la Coral \\u201cAires de Cand\\u00e1s\\u201d en Torrevieja\",\"previousItem\":{\"@type\":\"ListItem\",\"@id\":\"https:\\\/\\\/candas365.es\\\/noticias\\\/category\\\/noticias-carreno\\\/#listItem\",\"name\":\"Noticias Carre\\u00f1o\"}}]},{\"@type\":\"NewsArticle\",\"@id\":\"https:\\\/\\\/candas365.es\\\/noticias\\\/concierto-de-la-coral-aires-de-candas-en-torrevieja\\\/#newsarticle\",\"name\":\"Concierto de la Coral \\u201cAires de Cand\\u00e1s\\u201d en Torrevieja | Cand\\u00e1s 365\",\"headline\":\"Concierto de la Coral \\u201cAires de Cand\\u00e1s\\u201d en Torrevieja\",\"author\":{\"@id\":\"https:\\\/\\\/candas365.es\\\/noticias\\\/author\\\/admin\\\/#author\"},\"publisher\":{\"@id\":\"https:\\\/\\\/candas365.es\\\/noticias\\\/#organization\"},\"image\":{\"@type\":\"ImageObject\",\"url\":\"https:\\\/\\\/candas365.es\\\/noticias\\\/wp-content\\\/uploads\\\/2018\\\/04\\\/37245a11.jpg\",\"width\":1600,\"height\":1200},\"datePublished\":\"2018-04-07T01:14:06+02:00\",\"dateModified\":\"2018-04-07T01:14:06+02:00\",\"inLanguage\":\"es-ES\",\"mainEntityOfPage\":{\"@id\":\"https:\\\/\\\/candas365.es\\\/noticias\\\/concierto-de-la-coral-aires-de-candas-en-torrevieja\\\/#webpage\"},\"isPartOf\":{\"@id\":\"https:\\\/\\\/candas365.es\\\/noticias\\\/concierto-de-la-coral-aires-de-candas-en-torrevieja\\\/#webpage\"},\"articleSection\":\"Noticias Carre\\u00f1o\",\"dateline\":\"Publicado el abril 7, 2018.\"},{\"@type\":\"Organization\",\"@id\":\"https:\\\/\\\/candas365.es\\\/noticias\\\/#organization\",\"name\":\"Cand\\u00e1s 365\",\"description\":\"Cand\\u00e1s 365 es un diario digital independiente, fundado en 2012, con base en Asturias. Informamos con rigor sobre actualidad, sociedad, cultura y ocio, con una mirada local y global.\",\"url\":\"https:\\\/\\\/candas365.es\\\/noticias\\\/\",\"email\":\"info@candas365.es\",\"telephone\":\"+34652131393\",\"foundingDate\":\"2012-06-10\",\"logo\":{\"@type\":\"ImageObject\",\"url\":\"https:\\\/\\\/candas365.es\\\/noticias\\\/wp-content\\\/uploads\\\/2024\\\/09\\\/Candas-365-Redes.jpg\",\"@id\":\"https:\\\/\\\/candas365.es\\\/noticias\\\/concierto-de-la-coral-aires-de-candas-en-torrevieja\\\/#organizationLogo\",\"width\":1152,\"height\":864,\"caption\":\"Cand\\u00e1s 365 Redes\"},\"image\":{\"@id\":\"https:\\\/\\\/candas365.es\\\/noticias\\\/concierto-de-la-coral-aires-de-candas-en-torrevieja\\\/#organizationLogo\"},\"sameAs\":[\"https:\\\/\\\/www.facebook.com\\\/Nachofdezber\",\"https:\\\/\\\/x.com\\\/NabercoDigital\",\"https:\\\/\\\/www.instagram.com\\\/nachofdezber\\\/\",\"https:\\\/\\\/www.youtube.com\\\/channel\\\/UCZP-2wLEB9Rv6erhFmqVnvg\"],\"address\":{\"@id\":\"https:\\\/\\\/candas365.es\\\/noticias\\\/#postaladdress\",\"@type\":\"PostalAddress\",\"streetAddress\":\"san antonio 4, san antonio 4\",\"postalCode\":\"33430\",\"addressLocality\":\"Cand\\u00e1s\",\"addressRegion\":\"Asturias\",\"addressCountry\":\"ES\"}},{\"@type\":\"Person\",\"@id\":\"https:\\\/\\\/candas365.es\\\/noticias\\\/author\\\/admin\\\/#author\",\"url\":\"https:\\\/\\\/candas365.es\\\/noticias\\\/author\\\/admin\\\/\",\"name\":\"Cand\\u00e1s 365\",\"image\":{\"@type\":\"ImageObject\",\"@id\":\"https:\\\/\\\/candas365.es\\\/noticias\\\/concierto-de-la-coral-aires-de-candas-en-torrevieja\\\/#authorImage\",\"url\":\"https:\\\/\\\/secure.gravatar.com\\\/avatar\\\/496a8e03d0c493ede1718b7934145dbdf8d89be1036b0eec9544e1094c9de390?s=96&d=mm&r=g\",\"width\":96,\"height\":96,\"caption\":\"Cand\\u00e1s 365\"},\"sameAs\":[\"https:\\\/\\\/www.facebook.com\\\/carrenoactualidad\",\"https:\\\/\\\/twitter.com\\\/nbasturias\",\"https:\\\/\\\/www.instagram.com\\\/nachofdezber\\\/\",\"https:\\\/\\\/www.youtube.com\\\/channel\\\/UCZP-2wLEB9Rv6erhFmqVnvg\"]},{\"@type\":\"WebPage\",\"@id\":\"https:\\\/\\\/candas365.es\\\/noticias\\\/concierto-de-la-coral-aires-de-candas-en-torrevieja\\\/#webpage\",\"url\":\"https:\\\/\\\/candas365.es\\\/noticias\\\/concierto-de-la-coral-aires-de-candas-en-torrevieja\\\/\",\"name\":\"Concierto de la Coral \\u201cAires de Cand\\u00e1s\\u201d en Torrevieja | Cand\\u00e1s 365\",\"description\":\"La Coral \\u201cAires de Cand\\u00e1s\\u201d fue invitada a participar en el oratorio con otras tres corales en la Iglesia Arciprestal Inmaculada Concepci\\u00f3n de Torrevieja. El Oratorio Yohanan es una obra en dos actos, que con libreto de Antonio Quesada Hurtado y m\\u00fasica del compositor Aurelio Mart\\u00ednez L\\u00f3pez relata aquellos pasajes fundamentales contenidos en el Evangelio\",\"inLanguage\":\"es-ES\",\"isPartOf\":{\"@id\":\"https:\\\/\\\/candas365.es\\\/noticias\\\/#website\"},\"breadcrumb\":{\"@id\":\"https:\\\/\\\/candas365.es\\\/noticias\\\/concierto-de-la-coral-aires-de-candas-en-torrevieja\\\/#breadcrumblist\"},\"author\":{\"@id\":\"https:\\\/\\\/candas365.es\\\/noticias\\\/author\\\/admin\\\/#author\"},\"creator\":{\"@id\":\"https:\\\/\\\/candas365.es\\\/noticias\\\/author\\\/admin\\\/#author\"},\"image\":{\"@type\":\"ImageObject\",\"url\":\"https:\\\/\\\/candas365.es\\\/noticias\\\/wp-content\\\/uploads\\\/2018\\\/04\\\/37245a11.jpg\",\"@id\":\"https:\\\/\\\/candas365.es\\\/noticias\\\/concierto-de-la-coral-aires-de-candas-en-torrevieja\\\/#mainImage\",\"width\":1600,\"height\":1200},\"primaryImageOfPage\":{\"@id\":\"https:\\\/\\\/candas365.es\\\/noticias\\\/concierto-de-la-coral-aires-de-candas-en-torrevieja\\\/#mainImage\"},\"datePublished\":\"2018-04-07T01:14:06+02:00\",\"dateModified\":\"2018-04-07T01:14:06+02:00\"},{\"@type\":\"WebSite\",\"@id\":\"https:\\\/\\\/candas365.es\\\/noticias\\\/#website\",\"url\":\"https:\\\/\\\/candas365.es\\\/noticias\\\/\",\"name\":\"Cand\\u00e1s 365\",\"alternateName\":\"Cand\\u00e1s 365 Noticias\",\"description\":\"Actualidad desde Carre\\u00f1o para el mundo\",\"inLanguage\":\"es-ES\",\"publisher\":{\"@id\":\"https:\\\/\\\/candas365.es\\\/noticias\\\/#organization\"}}]}\n\t\t<\/script>\n\t\t<!-- All in One SEO Pro -->\r\n\t\t<title>Concierto de la Coral \u201cAires de Cand\u00e1s\u201d en Torrevieja | Cand\u00e1s 365<\/title>\n\n","aioseo_head_json":{"title":"Concierto de la Coral \u201cAires de Cand\u00e1s\u201d en Torrevieja | Cand\u00e1s 365","description":"La Coral \u201cAires de Cand\u00e1s\u201d fue invitada a participar en el oratorio con otras tres corales en la Iglesia Arciprestal Inmaculada Concepci\u00f3n de Torrevieja. El Oratorio Yohanan es una obra en dos actos, que con libreto de Antonio Quesada Hurtado y m\u00fasica del compositor Aurelio Mart\u00ednez L\u00f3pez relata aquellos pasajes fundamentales contenidos en el Evangelio","canonical_url":"https:\/\/candas365.es\/noticias\/concierto-de-la-coral-aires-de-candas-en-torrevieja\/","robots":"max-image-preview:large","keywords":"noticias carre\u00f1o","webmasterTools":{"google-site-verification":"UA-32230408-1","msvalidate.01":"354F3CDFB2DA171B47FBE9ABF1F88D5","miscellaneous":""},"schema":{"@context":"https:\/\/schema.org","@graph":[{"@type":"BreadcrumbList","@id":"https:\/\/candas365.es\/noticias\/concierto-de-la-coral-aires-de-candas-en-torrevieja\/#breadcrumblist","itemListElement":[{"@type":"ListItem","@id":"https:\/\/candas365.es\/noticias#listItem","position":1,"name":"Home","item":"https:\/\/candas365.es\/noticias","nextItem":{"@type":"ListItem","@id":"https:\/\/candas365.es\/noticias\/category\/noticias-carreno\/#listItem","name":"Noticias Carre\u00f1o"}},{"@type":"ListItem","@id":"https:\/\/candas365.es\/noticias\/category\/noticias-carreno\/#listItem","position":2,"name":"Noticias Carre\u00f1o","item":"https:\/\/candas365.es\/noticias\/category\/noticias-carreno\/","nextItem":{"@type":"ListItem","@id":"https:\/\/candas365.es\/noticias\/concierto-de-la-coral-aires-de-candas-en-torrevieja\/#listItem","name":"Concierto de la Coral \u201cAires de Cand\u00e1s\u201d en Torrevieja"},"previousItem":{"@type":"ListItem","@id":"https:\/\/candas365.es\/noticias#listItem","name":"Home"}},{"@type":"ListItem","@id":"https:\/\/candas365.es\/noticias\/concierto-de-la-coral-aires-de-candas-en-torrevieja\/#listItem","position":3,"name":"Concierto de la Coral \u201cAires de Cand\u00e1s\u201d en Torrevieja","previousItem":{"@type":"ListItem","@id":"https:\/\/candas365.es\/noticias\/category\/noticias-carreno\/#listItem","name":"Noticias Carre\u00f1o"}}]},{"@type":"NewsArticle","@id":"https:\/\/candas365.es\/noticias\/concierto-de-la-coral-aires-de-candas-en-torrevieja\/#newsarticle","name":"Concierto de la Coral \u201cAires de Cand\u00e1s\u201d en Torrevieja | Cand\u00e1s 365","headline":"Concierto de la Coral \u201cAires de Cand\u00e1s\u201d en Torrevieja","author":{"@id":"https:\/\/candas365.es\/noticias\/author\/admin\/#author"},"publisher":{"@id":"https:\/\/candas365.es\/noticias\/#organization"},"image":{"@type":"ImageObject","url":"https:\/\/candas365.es\/noticias\/wp-content\/uploads\/2018\/04\/37245a11.jpg","width":1600,"height":1200},"datePublished":"2018-04-07T01:14:06+02:00","dateModified":"2018-04-07T01:14:06+02:00","inLanguage":"es-ES","mainEntityOfPage":{"@id":"https:\/\/candas365.es\/noticias\/concierto-de-la-coral-aires-de-candas-en-torrevieja\/#webpage"},"isPartOf":{"@id":"https:\/\/candas365.es\/noticias\/concierto-de-la-coral-aires-de-candas-en-torrevieja\/#webpage"},"articleSection":"Noticias Carre\u00f1o","dateline":"Publicado el abril 7, 2018."},{"@type":"Organization","@id":"https:\/\/candas365.es\/noticias\/#organization","name":"Cand\u00e1s 365","description":"Cand\u00e1s 365 es un diario digital independiente, fundado en 2012, con base en Asturias. Informamos con rigor sobre actualidad, sociedad, cultura y ocio, con una mirada local y global.","url":"https:\/\/candas365.es\/noticias\/","email":"info@candas365.es","telephone":"+34652131393","foundingDate":"2012-06-10","logo":{"@type":"ImageObject","url":"https:\/\/candas365.es\/noticias\/wp-content\/uploads\/2024\/09\/Candas-365-Redes.jpg","@id":"https:\/\/candas365.es\/noticias\/concierto-de-la-coral-aires-de-candas-en-torrevieja\/#organizationLogo","width":1152,"height":864,"caption":"Cand\u00e1s 365 Redes"},"image":{"@id":"https:\/\/candas365.es\/noticias\/concierto-de-la-coral-aires-de-candas-en-torrevieja\/#organizationLogo"},"sameAs":["https:\/\/www.facebook.com\/Nachofdezber","https:\/\/x.com\/NabercoDigital","https:\/\/www.instagram.com\/nachofdezber\/","https:\/\/www.youtube.com\/channel\/UCZP-2wLEB9Rv6erhFmqVnvg"],"address":{"@id":"https:\/\/candas365.es\/noticias\/#postaladdress","@type":"PostalAddress","streetAddress":"san antonio 4, san antonio 4","postalCode":"33430","addressLocality":"Cand\u00e1s","addressRegion":"Asturias","addressCountry":"ES"}},{"@type":"Person","@id":"https:\/\/candas365.es\/noticias\/author\/admin\/#author","url":"https:\/\/candas365.es\/noticias\/author\/admin\/","name":"Cand\u00e1s 365","image":{"@type":"ImageObject","@id":"https:\/\/candas365.es\/noticias\/concierto-de-la-coral-aires-de-candas-en-torrevieja\/#authorImage","url":"https:\/\/secure.gravatar.com\/avatar\/496a8e03d0c493ede1718b7934145dbdf8d89be1036b0eec9544e1094c9de390?s=96&d=mm&r=g","width":96,"height":96,"caption":"Cand\u00e1s 365"},"sameAs":["https:\/\/www.facebook.com\/carrenoactualidad","https:\/\/twitter.com\/nbasturias","https:\/\/www.instagram.com\/nachofdezber\/","https:\/\/www.youtube.com\/channel\/UCZP-2wLEB9Rv6erhFmqVnvg"]},{"@type":"WebPage","@id":"https:\/\/candas365.es\/noticias\/concierto-de-la-coral-aires-de-candas-en-torrevieja\/#webpage","url":"https:\/\/candas365.es\/noticias\/concierto-de-la-coral-aires-de-candas-en-torrevieja\/","name":"Concierto de la Coral \u201cAires de Cand\u00e1s\u201d en Torrevieja | Cand\u00e1s 365","description":"La Coral \u201cAires de Cand\u00e1s\u201d fue invitada a participar en el oratorio con otras tres corales en la Iglesia Arciprestal Inmaculada Concepci\u00f3n de Torrevieja. El Oratorio Yohanan es una obra en dos actos, que con libreto de Antonio Quesada Hurtado y m\u00fasica del compositor Aurelio Mart\u00ednez L\u00f3pez relata aquellos pasajes fundamentales contenidos en el Evangelio","inLanguage":"es-ES","isPartOf":{"@id":"https:\/\/candas365.es\/noticias\/#website"},"breadcrumb":{"@id":"https:\/\/candas365.es\/noticias\/concierto-de-la-coral-aires-de-candas-en-torrevieja\/#breadcrumblist"},"author":{"@id":"https:\/\/candas365.es\/noticias\/author\/admin\/#author"},"creator":{"@id":"https:\/\/candas365.es\/noticias\/author\/admin\/#author"},"image":{"@type":"ImageObject","url":"https:\/\/candas365.es\/noticias\/wp-content\/uploads\/2018\/04\/37245a11.jpg","@id":"https:\/\/candas365.es\/noticias\/concierto-de-la-coral-aires-de-candas-en-torrevieja\/#mainImage","width":1600,"height":1200},"primaryImageOfPage":{"@id":"https:\/\/candas365.es\/noticias\/concierto-de-la-coral-aires-de-candas-en-torrevieja\/#mainImage"},"datePublished":"2018-04-07T01:14:06+02:00","dateModified":"2018-04-07T01:14:06+02:00"},{"@type":"WebSite","@id":"https:\/\/candas365.es\/noticias\/#website","url":"https:\/\/candas365.es\/noticias\/","name":"Cand\u00e1s 365","alternateName":"Cand\u00e1s 365 Noticias","description":"Actualidad desde Carre\u00f1o para el mundo","inLanguage":"es-ES","publisher":{"@id":"https:\/\/candas365.es\/noticias\/#organization"}}]},"og:locale":"es_ES","og:site_name":"Cand\u00e1s 365","og:type":"article","og:title":"Concierto de la Coral \u201cAires de Cand\u00e1s\u201d en Torrevieja | Cand\u00e1s 365","og:description":"La Coral \u201cAires de Cand\u00e1s\u201d fue invitada a participar en el oratorio con otras tres corales en la Iglesia Arciprestal Inmaculada Concepci\u00f3n de Torrevieja. El Oratorio Yohanan es una obra en dos actos, que con libreto de Antonio Quesada Hurtado y m\u00fasica del compositor Aurelio Mart\u00ednez L\u00f3pez relata aquellos pasajes fundamentales contenidos en el Evangelio","og:url":"https:\/\/candas365.es\/noticias\/concierto-de-la-coral-aires-de-candas-en-torrevieja\/","og:image":"https:\/\/candas365.es\/noticias\/wp-content\/uploads\/2018\/04\/37245a11.jpg","og:image:secure_url":"https:\/\/candas365.es\/noticias\/wp-content\/uploads\/2018\/04\/37245a11.jpg","og:image:width":1600,"og:image:height":1200,"article:published_time":"2018-04-07T01:14:06+00:00","article:modified_time":"2018-04-07T01:14:06+00:00","article:publisher":"https:\/\/www.facebook.com\/Nachofdezber","article:author":"https:\/\/www.facebook.com\/carrenoactualidad","twitter:card":"summary_large_image","twitter:site":"@NabercoDigital","twitter:title":"Concierto de la Coral \u201cAires de Cand\u00e1s\u201d en Torrevieja | Cand\u00e1s 365","twitter:description":"La Coral \u201cAires de Cand\u00e1s\u201d fue invitada a participar en el oratorio con otras tres corales en la Iglesia Arciprestal Inmaculada Concepci\u00f3n de Torrevieja. El Oratorio Yohanan es una obra en dos actos, que con libreto de Antonio Quesada Hurtado y m\u00fasica del compositor Aurelio Mart\u00ednez L\u00f3pez relata aquellos pasajes fundamentales contenidos en el Evangelio","twitter:creator":"@nbasturias","twitter:image":"https:\/\/candas365.es\/noticias\/wp-content\/uploads\/2018\/04\/37245a11.jpg","twitter:label1":"Escrito por","twitter:data1":"Cand\u00e1s 365","twitter:label2":"Tiempo de lectura estimado","twitter:data2":"2 minutos"},"aioseo_meta_data":{"post_id":"93284","title":null,"description":null,"keywords":null,"keyphrases":null,"primary_term":null,"canonical_url":null,"og_title":null,"og_description":null,"og_object_type":"default","og_image_type":"default","og_image_url":null,"og_image_width":null,"og_image_height":null,"og_image_custom_url":null,"og_image_custom_fields":null,"og_video":null,"og_custom_url":null,"og_article_section":null,"og_article_tags":null,"twitter_use_og":false,"twitter_card":"default","twitter_image_type":"default","twitter_image_url":null,"twitter_image_custom_url":null,"twitter_image_custom_fields":null,"twitter_title":null,"twitter_description":null,"schema":{"blockGraphs":[],"customGraphs":[],"default":{"data":{"Article":[],"Course":[],"Dataset":[],"FAQPage":[],"Movie":[],"Person":[],"Product":[],"ProductReview":[],"Car":[],"Recipe":[],"Service":[],"SoftwareApplication":[],"WebPage":[]},"graphName":"","isEnabled":true},"graphs":[],"defaultGraph":"","defaultPostTypeGraph":""},"schema_type":null,"schema_type_options":null,"pillar_content":false,"robots_default":true,"robots_noindex":false,"robots_noarchive":false,"robots_nosnippet":false,"robots_nofollow":false,"robots_noimageindex":false,"robots_noodp":false,"robots_notranslate":false,"robots_max_snippet":null,"robots_max_videopreview":null,"robots_max_imagepreview":"large","priority":null,"frequency":null,"location":null,"local_seo":null,"seo_analyzer_scan_date":"2025-08-26 17:28:19","breadcrumb_settings":null,"limit_modified_date":false,"reviewed_by":null,"open_ai":null,"ai":null,"created":"2020-12-21 11:53:54","updated":"2025-08-26 17:28:19"},"aioseo_breadcrumb":"<div class=\"aioseo-breadcrumbs\"><span class=\"aioseo-breadcrumb\">\n\t<a href=\"https:\/\/candas365.es\/noticias\" title=\"Home\">Home<\/a>\n<\/span><span class=\"aioseo-breadcrumb-separator\">&ndash;<\/span><span class=\"aioseo-breadcrumb\">\n\t<a href=\"https:\/\/candas365.es\/noticias\/category\/noticias-carreno\/\" title=\"Noticias Carre\u00f1o\">Noticias Carre\u00f1o<\/a>\n<\/span><span class=\"aioseo-breadcrumb-separator\">&ndash;<\/span><span class=\"aioseo-breadcrumb\">\n\tConcierto de la Coral \u201cAires de Cand\u00e1s\u201d en Torrevieja\n<\/span><\/div>","aioseo_breadcrumb_json":[{"label":"Home","link":"https:\/\/candas365.es\/noticias"},{"label":"Noticias Carre\u00f1o","link":"https:\/\/candas365.es\/noticias\/category\/noticias-carreno\/"},{"label":"Concierto de la Coral \u201cAires de Cand\u00e1s\u201d en Torrevieja","link":"https:\/\/candas365.es\/noticias\/concierto-de-la-coral-aires-de-candas-en-torrevieja\/"}],"_links":{"self":[{"href":"https:\/\/candas365.es\/noticias\/wp-json\/wp\/v2\/posts\/93284","targetHints":{"allow":["GET"]}}],"collection":[{"href":"https:\/\/candas365.es\/noticias\/wp-json\/wp\/v2\/posts"}],"about":[{"href":"https:\/\/candas365.es\/noticias\/wp-json\/wp\/v2\/types\/post"}],"author":[{"embeddable":true,"href":"https:\/\/candas365.es\/noticias\/wp-json\/wp\/v2\/users\/1"}],"replies":[{"embeddable":true,"href":"https:\/\/candas365.es\/noticias\/wp-json\/wp\/v2\/comments?post=93284"}],"version-history":[{"count":0,"href":"https:\/\/candas365.es\/noticias\/wp-json\/wp\/v2\/posts\/93284\/revisions"}],"wp:featuredmedia":[{"embeddable":true,"href":"https:\/\/candas365.es\/noticias\/wp-json\/wp\/v2\/media\/93285"}],"wp:attachment":[{"href":"https:\/\/candas365.es\/noticias\/wp-json\/wp\/v2\/media?parent=93284"}],"wp:term":[{"taxonomy":"category","embeddable":true,"href":"https:\/\/candas365.es\/noticias\/wp-json\/wp\/v2\/categories?post=93284"},{"taxonomy":"post_tag","embeddable":true,"href":"https:\/\/candas365.es\/noticias\/wp-json\/wp\/v2\/tags?post=93284"}],"curies":[{"name":"wp","href":"https:\/\/api.w.org\/{rel}","templated":true}]}}