{"id":93151,"date":"2018-04-05T12:56:12","date_gmt":"2018-04-05T12:56:12","guid":{"rendered":"http:\/\/candas365.es\/noticias\/?p=93151"},"modified":"2018-04-05T12:56:12","modified_gmt":"2018-04-05T12:56:12","slug":"obras-de-accesibilidad-en-el-entorno-del-ambulatorio-de-el-empalme","status":"publish","type":"post","link":"https:\/\/candas365.es\/noticias\/obras-de-accesibilidad-en-el-entorno-del-ambulatorio-de-el-empalme\/","title":{"rendered":"Obras de accesibilidad en el entorno del ambulatorio de El Empalme"},"content":{"rendered":"<p><img fetchpriority=\"high\" decoding=\"async\" class=\"alignleft size-medium wp-image-93152\" src=\"https:\/\/candas365.es\/noticias\/wp-content\/uploads\/2018\/04\/IMG-20180403-225x300.jpg\" alt=\"\" width=\"225\" height=\"300\" srcset=\"https:\/\/candas365.es\/noticias\/wp-content\/uploads\/2018\/04\/IMG-20180403-225x300.jpg 225w, https:\/\/candas365.es\/noticias\/wp-content\/uploads\/2018\/04\/IMG-20180403-696x928.jpg 696w, https:\/\/candas365.es\/noticias\/wp-content\/uploads\/2018\/04\/IMG-20180403-1068x1424.jpg 1068w, https:\/\/candas365.es\/noticias\/wp-content\/uploads\/2018\/04\/IMG-20180403-315x420.jpg 315w, https:\/\/candas365.es\/noticias\/wp-content\/uploads\/2018\/04\/IMG-20180403-768x1024.jpg 768w, https:\/\/candas365.es\/noticias\/wp-content\/uploads\/2018\/04\/IMG-20180403-360x480.jpg 360w, https:\/\/candas365.es\/noticias\/wp-content\/uploads\/2018\/04\/IMG-20180403.jpg 1200w\" sizes=\"(max-width: 225px) 100vw, 225px\" \/>Durante est\u00e1 semana comenzaron las obras de urbanizaci\u00f3n de la acera accesible en el entorno del ambulatorio de El Empalme que presta servicio a la mayor parte de la <strong>zona rural de Carre\u00f1o<\/strong>.<\/p>\n<p>Dicha actuaci\u00f3n, fue licitada y adjudicada tras el pertinente proceso de contrataci\u00f3n, a la empresa Elecnor por un montante econ\u00f3mico de 18.134,47\u20ac IVA incluido.<\/p>\n<p>\u201cLas actuaciones contempladas en el presente proyecto consisten en la reurbanizaci\u00f3n de la acera actual para hacerla accesible permitiendo conectar adecuadamente la farmacia con el ambulatorio. Se ejecutar\u00e1 una acera de 1,80 metros de ancho, que en algunos puntos ver\u00e1 reducido su ancho hasta 1,50 metros, contar\u00e1 con los vados necesarios para acceder a los garajes\u201d, se\u00f1al\u00f3 <strong>Manuel Noceda<\/strong>, concejal de medio rural.<\/p>\n<p>\u201cCon estas obras mejoraremos la accesibilidad a la farmacia, Centro de Salud y viviendas de la zona. Quedar\u00e1n 6 plazas de aparcamiento paralelas a la nueva acera, a sumar a las 28 existentes en las inmediaciones\u201d \u2013 afirm\u00f3 el edil.<\/p>\n<p>\u201cSe replantear\u00e1n las plazas de aparcamiento incluyendo una plaza para ambulancia y dos plazas reservadas para personas con movilidad reducida, as\u00ed como itinerarios accesibles desde cada plaza hasta la acera de nueva construcci\u00f3n. En la zona del puente sobre el arroyo se eliminar\u00e1 la bionda para aprovechar al m\u00e1ximo el espacio y se colocar\u00e1 una barandilla anclada al canto de la losa del mismo para no reducir el ancho de la nueva acera proyectada\u201d a\u00f1ade Noceda. \u201cCon esta obra daremos cumplimiento a una de las propuestas m\u00e1s votadas en el \u00faltimo proceso aprobado de Presupuestos Participativos\u201d \u2013 concluy\u00f3 el concejal.<\/p>\n<p>&nbsp;<\/p>\n","protected":false},"excerpt":{"rendered":"<p>Durante est\u00e1 semana comenzaron las obras de urbanizaci\u00f3n de la acera accesible en el entorno del ambulatorio de El Empalme que presta servicio a la mayor parte de la zona rural de Carre\u00f1o. Dicha actuaci\u00f3n, fue licitada y adjudicada tras el pertinente proceso de contrataci\u00f3n, a la empresa Elecnor por un montante econ\u00f3mico de 18.134,47\u20ac<\/p>\n","protected":false},"author":1,"featured_media":93152,"comment_status":"closed","ping_status":"closed","sticky":false,"template":"","format":"standard","meta":{"footnotes":""},"categories":[2],"tags":[],"class_list":{"0":"post-93151","1":"post","2":"type-post","3":"status-publish","4":"format-standard","5":"has-post-thumbnail","7":"category-noticias-carreno"},"aioseo_notices":[],"aioseo_head":"\n\t\t<!-- All in One SEO Pro 4.9.6.2 - aioseo.com -->\n\t<meta name=\"description\" content=\"Durante est\u00e1 semana comenzaron las obras de urbanizaci\u00f3n de la acera accesible en el entorno del ambulatorio de El Empalme que presta servicio a la mayor parte de la zona rural de Carre\u00f1o. Dicha actuaci\u00f3n, fue licitada y adjudicada tras el pertinente proceso de contrataci\u00f3n, a la empresa Elecnor por un montante econ\u00f3mico de 18.134,47\u20ac\" \/>\n\t<meta name=\"robots\" content=\"max-image-preview:large\" \/>\n\t<meta name=\"author\" content=\"Cand\u00e1s 365\"\/>\n\t<meta name=\"google-site-verification\" content=\"UA-32230408-1\" \/>\n\t<meta name=\"msvalidate.01\" content=\"354F3CDFB2DA171B47FBE9ABF1F88D5\" \/>\n\t<meta name=\"keywords\" content=\"noticias carre\u00f1o\" \/>\n\t<link rel=\"canonical\" href=\"https:\/\/candas365.es\/noticias\/obras-de-accesibilidad-en-el-entorno-del-ambulatorio-de-el-empalme\/\" \/>\n\t<meta name=\"generator\" content=\"All in One SEO Pro (AIOSEO) 4.9.6.2\" \/>\n\t\t<meta property=\"og:locale\" content=\"es_ES\" \/>\n\t\t<meta property=\"og:site_name\" content=\"Cand\u00e1s 365\" \/>\n\t\t<meta property=\"og:type\" content=\"article\" \/>\n\t\t<meta property=\"og:title\" content=\"Obras de accesibilidad en el entorno del ambulatorio de El Empalme | Cand\u00e1s 365\" \/>\n\t\t<meta property=\"og:description\" content=\"Durante est\u00e1 semana comenzaron las obras de urbanizaci\u00f3n de la acera accesible en el entorno del ambulatorio de El Empalme que presta servicio a la mayor parte de la zona rural de Carre\u00f1o. Dicha actuaci\u00f3n, fue licitada y adjudicada tras el pertinente proceso de contrataci\u00f3n, a la empresa Elecnor por un montante econ\u00f3mico de 18.134,47\u20ac\" \/>\n\t\t<meta property=\"og:url\" content=\"https:\/\/candas365.es\/noticias\/obras-de-accesibilidad-en-el-entorno-del-ambulatorio-de-el-empalme\/\" \/>\n\t\t<meta property=\"og:image\" content=\"https:\/\/candas365.es\/noticias\/wp-content\/uploads\/2018\/04\/IMG-20180403.jpg\" \/>\n\t\t<meta property=\"og:image:secure_url\" content=\"https:\/\/candas365.es\/noticias\/wp-content\/uploads\/2018\/04\/IMG-20180403.jpg\" \/>\n\t\t<meta property=\"og:image:width\" content=\"1200\" \/>\n\t\t<meta property=\"og:image:height\" content=\"1600\" \/>\n\t\t<meta property=\"article:published_time\" content=\"2018-04-05T12:56:12+00:00\" \/>\n\t\t<meta property=\"article:modified_time\" content=\"2018-04-05T12:56:12+00:00\" \/>\n\t\t<meta property=\"article:publisher\" content=\"https:\/\/www.facebook.com\/Nachofdezber\" \/>\n\t\t<meta property=\"article:author\" content=\"https:\/\/www.facebook.com\/carrenoactualidad\" \/>\n\t\t<meta name=\"twitter:card\" content=\"summary_large_image\" \/>\n\t\t<meta name=\"twitter:site\" content=\"@NabercoDigital\" \/>\n\t\t<meta name=\"twitter:title\" content=\"Obras de accesibilidad en el entorno del ambulatorio de El Empalme | Cand\u00e1s 365\" \/>\n\t\t<meta name=\"twitter:description\" content=\"Durante est\u00e1 semana comenzaron las obras de urbanizaci\u00f3n de la acera accesible en el entorno del ambulatorio de El Empalme que presta servicio a la mayor parte de la zona rural de Carre\u00f1o. Dicha actuaci\u00f3n, fue licitada y adjudicada tras el pertinente proceso de contrataci\u00f3n, a la empresa Elecnor por un montante econ\u00f3mico de 18.134,47\u20ac\" \/>\n\t\t<meta name=\"twitter:creator\" content=\"@nbasturias\" \/>\n\t\t<meta name=\"twitter:image\" content=\"https:\/\/candas365.es\/noticias\/wp-content\/uploads\/2018\/04\/IMG-20180403.jpg\" \/>\n\t\t<meta name=\"twitter:label1\" content=\"Escrito por\" \/>\n\t\t<meta name=\"twitter:data1\" content=\"Cand\u00e1s 365\" \/>\n\t\t<meta name=\"twitter:label2\" content=\"Tiempo de lectura estimado\" \/>\n\t\t<meta name=\"twitter:data2\" content=\"1 minuto\" \/>\n\t\t<script type=\"application\/ld+json\" class=\"aioseo-schema\">\n\t\t\t{\"@context\":\"https:\\\/\\\/schema.org\",\"@graph\":[{\"@type\":\"BreadcrumbList\",\"@id\":\"https:\\\/\\\/candas365.es\\\/noticias\\\/obras-de-accesibilidad-en-el-entorno-del-ambulatorio-de-el-empalme\\\/#breadcrumblist\",\"itemListElement\":[{\"@type\":\"ListItem\",\"@id\":\"https:\\\/\\\/candas365.es\\\/noticias#listItem\",\"position\":1,\"name\":\"Home\",\"item\":\"https:\\\/\\\/candas365.es\\\/noticias\",\"nextItem\":{\"@type\":\"ListItem\",\"@id\":\"https:\\\/\\\/candas365.es\\\/noticias\\\/category\\\/noticias-carreno\\\/#listItem\",\"name\":\"Noticias Carre\\u00f1o\"}},{\"@type\":\"ListItem\",\"@id\":\"https:\\\/\\\/candas365.es\\\/noticias\\\/category\\\/noticias-carreno\\\/#listItem\",\"position\":2,\"name\":\"Noticias Carre\\u00f1o\",\"item\":\"https:\\\/\\\/candas365.es\\\/noticias\\\/category\\\/noticias-carreno\\\/\",\"nextItem\":{\"@type\":\"ListItem\",\"@id\":\"https:\\\/\\\/candas365.es\\\/noticias\\\/obras-de-accesibilidad-en-el-entorno-del-ambulatorio-de-el-empalme\\\/#listItem\",\"name\":\"Obras de accesibilidad en el entorno del ambulatorio de El Empalme\"},\"previousItem\":{\"@type\":\"ListItem\",\"@id\":\"https:\\\/\\\/candas365.es\\\/noticias#listItem\",\"name\":\"Home\"}},{\"@type\":\"ListItem\",\"@id\":\"https:\\\/\\\/candas365.es\\\/noticias\\\/obras-de-accesibilidad-en-el-entorno-del-ambulatorio-de-el-empalme\\\/#listItem\",\"position\":3,\"name\":\"Obras de accesibilidad en el entorno del ambulatorio de El Empalme\",\"previousItem\":{\"@type\":\"ListItem\",\"@id\":\"https:\\\/\\\/candas365.es\\\/noticias\\\/category\\\/noticias-carreno\\\/#listItem\",\"name\":\"Noticias Carre\\u00f1o\"}}]},{\"@type\":\"NewsArticle\",\"@id\":\"https:\\\/\\\/candas365.es\\\/noticias\\\/obras-de-accesibilidad-en-el-entorno-del-ambulatorio-de-el-empalme\\\/#newsarticle\",\"name\":\"Obras de accesibilidad en el entorno del ambulatorio de El Empalme | Cand\\u00e1s 365\",\"headline\":\"Obras de accesibilidad en el entorno del ambulatorio de El Empalme\",\"author\":{\"@id\":\"https:\\\/\\\/candas365.es\\\/noticias\\\/author\\\/admin\\\/#author\"},\"publisher\":{\"@id\":\"https:\\\/\\\/candas365.es\\\/noticias\\\/#organization\"},\"image\":{\"@type\":\"ImageObject\",\"url\":\"https:\\\/\\\/candas365.es\\\/noticias\\\/wp-content\\\/uploads\\\/2018\\\/04\\\/IMG-20180403.jpg\",\"width\":1200,\"height\":1600},\"datePublished\":\"2018-04-05T12:56:12+02:00\",\"dateModified\":\"2018-04-05T12:56:12+02:00\",\"inLanguage\":\"es-ES\",\"mainEntityOfPage\":{\"@id\":\"https:\\\/\\\/candas365.es\\\/noticias\\\/obras-de-accesibilidad-en-el-entorno-del-ambulatorio-de-el-empalme\\\/#webpage\"},\"isPartOf\":{\"@id\":\"https:\\\/\\\/candas365.es\\\/noticias\\\/obras-de-accesibilidad-en-el-entorno-del-ambulatorio-de-el-empalme\\\/#webpage\"},\"articleSection\":\"Noticias Carre\\u00f1o\",\"dateline\":\"Publicado el abril 5, 2018.\"},{\"@type\":\"Organization\",\"@id\":\"https:\\\/\\\/candas365.es\\\/noticias\\\/#organization\",\"name\":\"Cand\\u00e1s 365\",\"description\":\"Cand\\u00e1s 365 es un diario digital independiente, fundado en 2012, con base en Asturias. Informamos con rigor sobre actualidad, sociedad, cultura y ocio, con una mirada local y global.\",\"url\":\"https:\\\/\\\/candas365.es\\\/noticias\\\/\",\"email\":\"info@candas365.es\",\"telephone\":\"+34652131393\",\"foundingDate\":\"2012-06-10\",\"logo\":{\"@type\":\"ImageObject\",\"url\":\"https:\\\/\\\/candas365.es\\\/noticias\\\/wp-content\\\/uploads\\\/2024\\\/09\\\/Candas-365-Redes.jpg\",\"@id\":\"https:\\\/\\\/candas365.es\\\/noticias\\\/obras-de-accesibilidad-en-el-entorno-del-ambulatorio-de-el-empalme\\\/#organizationLogo\",\"width\":1152,\"height\":864,\"caption\":\"Cand\\u00e1s 365 Redes\"},\"image\":{\"@id\":\"https:\\\/\\\/candas365.es\\\/noticias\\\/obras-de-accesibilidad-en-el-entorno-del-ambulatorio-de-el-empalme\\\/#organizationLogo\"},\"sameAs\":[\"https:\\\/\\\/www.facebook.com\\\/Nachofdezber\",\"https:\\\/\\\/x.com\\\/NabercoDigital\",\"https:\\\/\\\/www.instagram.com\\\/nachofdezber\\\/\",\"https:\\\/\\\/www.youtube.com\\\/channel\\\/UCZP-2wLEB9Rv6erhFmqVnvg\"],\"address\":{\"@id\":\"https:\\\/\\\/candas365.es\\\/noticias\\\/#postaladdress\",\"@type\":\"PostalAddress\",\"streetAddress\":\"san antonio 4, san antonio 4\",\"postalCode\":\"33430\",\"addressLocality\":\"Cand\\u00e1s\",\"addressRegion\":\"Asturias\",\"addressCountry\":\"ES\"}},{\"@type\":\"Person\",\"@id\":\"https:\\\/\\\/candas365.es\\\/noticias\\\/author\\\/admin\\\/#author\",\"url\":\"https:\\\/\\\/candas365.es\\\/noticias\\\/author\\\/admin\\\/\",\"name\":\"Cand\\u00e1s 365\",\"image\":{\"@type\":\"ImageObject\",\"@id\":\"https:\\\/\\\/candas365.es\\\/noticias\\\/obras-de-accesibilidad-en-el-entorno-del-ambulatorio-de-el-empalme\\\/#authorImage\",\"url\":\"https:\\\/\\\/secure.gravatar.com\\\/avatar\\\/496a8e03d0c493ede1718b7934145dbdf8d89be1036b0eec9544e1094c9de390?s=96&d=mm&r=g\",\"width\":96,\"height\":96,\"caption\":\"Cand\\u00e1s 365\"},\"sameAs\":[\"https:\\\/\\\/www.facebook.com\\\/carrenoactualidad\",\"https:\\\/\\\/twitter.com\\\/nbasturias\",\"https:\\\/\\\/www.instagram.com\\\/nachofdezber\\\/\",\"https:\\\/\\\/www.youtube.com\\\/channel\\\/UCZP-2wLEB9Rv6erhFmqVnvg\"]},{\"@type\":\"WebPage\",\"@id\":\"https:\\\/\\\/candas365.es\\\/noticias\\\/obras-de-accesibilidad-en-el-entorno-del-ambulatorio-de-el-empalme\\\/#webpage\",\"url\":\"https:\\\/\\\/candas365.es\\\/noticias\\\/obras-de-accesibilidad-en-el-entorno-del-ambulatorio-de-el-empalme\\\/\",\"name\":\"Obras de accesibilidad en el entorno del ambulatorio de El Empalme | Cand\\u00e1s 365\",\"description\":\"Durante est\\u00e1 semana comenzaron las obras de urbanizaci\\u00f3n de la acera accesible en el entorno del ambulatorio de El Empalme que presta servicio a la mayor parte de la zona rural de Carre\\u00f1o. Dicha actuaci\\u00f3n, fue licitada y adjudicada tras el pertinente proceso de contrataci\\u00f3n, a la empresa Elecnor por un montante econ\\u00f3mico de 18.134,47\\u20ac\",\"inLanguage\":\"es-ES\",\"isPartOf\":{\"@id\":\"https:\\\/\\\/candas365.es\\\/noticias\\\/#website\"},\"breadcrumb\":{\"@id\":\"https:\\\/\\\/candas365.es\\\/noticias\\\/obras-de-accesibilidad-en-el-entorno-del-ambulatorio-de-el-empalme\\\/#breadcrumblist\"},\"author\":{\"@id\":\"https:\\\/\\\/candas365.es\\\/noticias\\\/author\\\/admin\\\/#author\"},\"creator\":{\"@id\":\"https:\\\/\\\/candas365.es\\\/noticias\\\/author\\\/admin\\\/#author\"},\"image\":{\"@type\":\"ImageObject\",\"url\":\"https:\\\/\\\/candas365.es\\\/noticias\\\/wp-content\\\/uploads\\\/2018\\\/04\\\/IMG-20180403.jpg\",\"@id\":\"https:\\\/\\\/candas365.es\\\/noticias\\\/obras-de-accesibilidad-en-el-entorno-del-ambulatorio-de-el-empalme\\\/#mainImage\",\"width\":1200,\"height\":1600},\"primaryImageOfPage\":{\"@id\":\"https:\\\/\\\/candas365.es\\\/noticias\\\/obras-de-accesibilidad-en-el-entorno-del-ambulatorio-de-el-empalme\\\/#mainImage\"},\"datePublished\":\"2018-04-05T12:56:12+02:00\",\"dateModified\":\"2018-04-05T12:56:12+02:00\"},{\"@type\":\"WebSite\",\"@id\":\"https:\\\/\\\/candas365.es\\\/noticias\\\/#website\",\"url\":\"https:\\\/\\\/candas365.es\\\/noticias\\\/\",\"name\":\"Cand\\u00e1s 365\",\"alternateName\":\"Cand\\u00e1s 365 Noticias\",\"description\":\"Actualidad desde Carre\\u00f1o para el mundo\",\"inLanguage\":\"es-ES\",\"publisher\":{\"@id\":\"https:\\\/\\\/candas365.es\\\/noticias\\\/#organization\"}}]}\n\t\t<\/script>\n\t\t<!-- All in One SEO Pro -->\r\n\t\t<title>Obras de accesibilidad en el entorno del ambulatorio de El Empalme | Cand\u00e1s 365<\/title>\n\n","aioseo_head_json":{"title":"Obras de accesibilidad en el entorno del ambulatorio de El Empalme | Cand\u00e1s 365","description":"Durante est\u00e1 semana comenzaron las obras de urbanizaci\u00f3n de la acera accesible en el entorno del ambulatorio de El Empalme que presta servicio a la mayor parte de la zona rural de Carre\u00f1o. Dicha actuaci\u00f3n, fue licitada y adjudicada tras el pertinente proceso de contrataci\u00f3n, a la empresa Elecnor por un montante econ\u00f3mico de 18.134,47\u20ac","canonical_url":"https:\/\/candas365.es\/noticias\/obras-de-accesibilidad-en-el-entorno-del-ambulatorio-de-el-empalme\/","robots":"max-image-preview:large","keywords":"noticias carre\u00f1o","webmasterTools":{"google-site-verification":"UA-32230408-1","msvalidate.01":"354F3CDFB2DA171B47FBE9ABF1F88D5","miscellaneous":""},"schema":{"@context":"https:\/\/schema.org","@graph":[{"@type":"BreadcrumbList","@id":"https:\/\/candas365.es\/noticias\/obras-de-accesibilidad-en-el-entorno-del-ambulatorio-de-el-empalme\/#breadcrumblist","itemListElement":[{"@type":"ListItem","@id":"https:\/\/candas365.es\/noticias#listItem","position":1,"name":"Home","item":"https:\/\/candas365.es\/noticias","nextItem":{"@type":"ListItem","@id":"https:\/\/candas365.es\/noticias\/category\/noticias-carreno\/#listItem","name":"Noticias Carre\u00f1o"}},{"@type":"ListItem","@id":"https:\/\/candas365.es\/noticias\/category\/noticias-carreno\/#listItem","position":2,"name":"Noticias Carre\u00f1o","item":"https:\/\/candas365.es\/noticias\/category\/noticias-carreno\/","nextItem":{"@type":"ListItem","@id":"https:\/\/candas365.es\/noticias\/obras-de-accesibilidad-en-el-entorno-del-ambulatorio-de-el-empalme\/#listItem","name":"Obras de accesibilidad en el entorno del ambulatorio de El Empalme"},"previousItem":{"@type":"ListItem","@id":"https:\/\/candas365.es\/noticias#listItem","name":"Home"}},{"@type":"ListItem","@id":"https:\/\/candas365.es\/noticias\/obras-de-accesibilidad-en-el-entorno-del-ambulatorio-de-el-empalme\/#listItem","position":3,"name":"Obras de accesibilidad en el entorno del ambulatorio de El Empalme","previousItem":{"@type":"ListItem","@id":"https:\/\/candas365.es\/noticias\/category\/noticias-carreno\/#listItem","name":"Noticias Carre\u00f1o"}}]},{"@type":"NewsArticle","@id":"https:\/\/candas365.es\/noticias\/obras-de-accesibilidad-en-el-entorno-del-ambulatorio-de-el-empalme\/#newsarticle","name":"Obras de accesibilidad en el entorno del ambulatorio de El Empalme | Cand\u00e1s 365","headline":"Obras de accesibilidad en el entorno del ambulatorio de El Empalme","author":{"@id":"https:\/\/candas365.es\/noticias\/author\/admin\/#author"},"publisher":{"@id":"https:\/\/candas365.es\/noticias\/#organization"},"image":{"@type":"ImageObject","url":"https:\/\/candas365.es\/noticias\/wp-content\/uploads\/2018\/04\/IMG-20180403.jpg","width":1200,"height":1600},"datePublished":"2018-04-05T12:56:12+02:00","dateModified":"2018-04-05T12:56:12+02:00","inLanguage":"es-ES","mainEntityOfPage":{"@id":"https:\/\/candas365.es\/noticias\/obras-de-accesibilidad-en-el-entorno-del-ambulatorio-de-el-empalme\/#webpage"},"isPartOf":{"@id":"https:\/\/candas365.es\/noticias\/obras-de-accesibilidad-en-el-entorno-del-ambulatorio-de-el-empalme\/#webpage"},"articleSection":"Noticias Carre\u00f1o","dateline":"Publicado el abril 5, 2018."},{"@type":"Organization","@id":"https:\/\/candas365.es\/noticias\/#organization","name":"Cand\u00e1s 365","description":"Cand\u00e1s 365 es un diario digital independiente, fundado en 2012, con base en Asturias. Informamos con rigor sobre actualidad, sociedad, cultura y ocio, con una mirada local y global.","url":"https:\/\/candas365.es\/noticias\/","email":"info@candas365.es","telephone":"+34652131393","foundingDate":"2012-06-10","logo":{"@type":"ImageObject","url":"https:\/\/candas365.es\/noticias\/wp-content\/uploads\/2024\/09\/Candas-365-Redes.jpg","@id":"https:\/\/candas365.es\/noticias\/obras-de-accesibilidad-en-el-entorno-del-ambulatorio-de-el-empalme\/#organizationLogo","width":1152,"height":864,"caption":"Cand\u00e1s 365 Redes"},"image":{"@id":"https:\/\/candas365.es\/noticias\/obras-de-accesibilidad-en-el-entorno-del-ambulatorio-de-el-empalme\/#organizationLogo"},"sameAs":["https:\/\/www.facebook.com\/Nachofdezber","https:\/\/x.com\/NabercoDigital","https:\/\/www.instagram.com\/nachofdezber\/","https:\/\/www.youtube.com\/channel\/UCZP-2wLEB9Rv6erhFmqVnvg"],"address":{"@id":"https:\/\/candas365.es\/noticias\/#postaladdress","@type":"PostalAddress","streetAddress":"san antonio 4, san antonio 4","postalCode":"33430","addressLocality":"Cand\u00e1s","addressRegion":"Asturias","addressCountry":"ES"}},{"@type":"Person","@id":"https:\/\/candas365.es\/noticias\/author\/admin\/#author","url":"https:\/\/candas365.es\/noticias\/author\/admin\/","name":"Cand\u00e1s 365","image":{"@type":"ImageObject","@id":"https:\/\/candas365.es\/noticias\/obras-de-accesibilidad-en-el-entorno-del-ambulatorio-de-el-empalme\/#authorImage","url":"https:\/\/secure.gravatar.com\/avatar\/496a8e03d0c493ede1718b7934145dbdf8d89be1036b0eec9544e1094c9de390?s=96&d=mm&r=g","width":96,"height":96,"caption":"Cand\u00e1s 365"},"sameAs":["https:\/\/www.facebook.com\/carrenoactualidad","https:\/\/twitter.com\/nbasturias","https:\/\/www.instagram.com\/nachofdezber\/","https:\/\/www.youtube.com\/channel\/UCZP-2wLEB9Rv6erhFmqVnvg"]},{"@type":"WebPage","@id":"https:\/\/candas365.es\/noticias\/obras-de-accesibilidad-en-el-entorno-del-ambulatorio-de-el-empalme\/#webpage","url":"https:\/\/candas365.es\/noticias\/obras-de-accesibilidad-en-el-entorno-del-ambulatorio-de-el-empalme\/","name":"Obras de accesibilidad en el entorno del ambulatorio de El Empalme | Cand\u00e1s 365","description":"Durante est\u00e1 semana comenzaron las obras de urbanizaci\u00f3n de la acera accesible en el entorno del ambulatorio de El Empalme que presta servicio a la mayor parte de la zona rural de Carre\u00f1o. Dicha actuaci\u00f3n, fue licitada y adjudicada tras el pertinente proceso de contrataci\u00f3n, a la empresa Elecnor por un montante econ\u00f3mico de 18.134,47\u20ac","inLanguage":"es-ES","isPartOf":{"@id":"https:\/\/candas365.es\/noticias\/#website"},"breadcrumb":{"@id":"https:\/\/candas365.es\/noticias\/obras-de-accesibilidad-en-el-entorno-del-ambulatorio-de-el-empalme\/#breadcrumblist"},"author":{"@id":"https:\/\/candas365.es\/noticias\/author\/admin\/#author"},"creator":{"@id":"https:\/\/candas365.es\/noticias\/author\/admin\/#author"},"image":{"@type":"ImageObject","url":"https:\/\/candas365.es\/noticias\/wp-content\/uploads\/2018\/04\/IMG-20180403.jpg","@id":"https:\/\/candas365.es\/noticias\/obras-de-accesibilidad-en-el-entorno-del-ambulatorio-de-el-empalme\/#mainImage","width":1200,"height":1600},"primaryImageOfPage":{"@id":"https:\/\/candas365.es\/noticias\/obras-de-accesibilidad-en-el-entorno-del-ambulatorio-de-el-empalme\/#mainImage"},"datePublished":"2018-04-05T12:56:12+02:00","dateModified":"2018-04-05T12:56:12+02:00"},{"@type":"WebSite","@id":"https:\/\/candas365.es\/noticias\/#website","url":"https:\/\/candas365.es\/noticias\/","name":"Cand\u00e1s 365","alternateName":"Cand\u00e1s 365 Noticias","description":"Actualidad desde Carre\u00f1o para el mundo","inLanguage":"es-ES","publisher":{"@id":"https:\/\/candas365.es\/noticias\/#organization"}}]},"og:locale":"es_ES","og:site_name":"Cand\u00e1s 365","og:type":"article","og:title":"Obras de accesibilidad en el entorno del ambulatorio de El Empalme | Cand\u00e1s 365","og:description":"Durante est\u00e1 semana comenzaron las obras de urbanizaci\u00f3n de la acera accesible en el entorno del ambulatorio de El Empalme que presta servicio a la mayor parte de la zona rural de Carre\u00f1o. Dicha actuaci\u00f3n, fue licitada y adjudicada tras el pertinente proceso de contrataci\u00f3n, a la empresa Elecnor por un montante econ\u00f3mico de 18.134,47\u20ac","og:url":"https:\/\/candas365.es\/noticias\/obras-de-accesibilidad-en-el-entorno-del-ambulatorio-de-el-empalme\/","og:image":"https:\/\/candas365.es\/noticias\/wp-content\/uploads\/2018\/04\/IMG-20180403.jpg","og:image:secure_url":"https:\/\/candas365.es\/noticias\/wp-content\/uploads\/2018\/04\/IMG-20180403.jpg","og:image:width":1200,"og:image:height":1600,"article:published_time":"2018-04-05T12:56:12+00:00","article:modified_time":"2018-04-05T12:56:12+00:00","article:publisher":"https:\/\/www.facebook.com\/Nachofdezber","article:author":"https:\/\/www.facebook.com\/carrenoactualidad","twitter:card":"summary_large_image","twitter:site":"@NabercoDigital","twitter:title":"Obras de accesibilidad en el entorno del ambulatorio de El Empalme | Cand\u00e1s 365","twitter:description":"Durante est\u00e1 semana comenzaron las obras de urbanizaci\u00f3n de la acera accesible en el entorno del ambulatorio de El Empalme que presta servicio a la mayor parte de la zona rural de Carre\u00f1o. Dicha actuaci\u00f3n, fue licitada y adjudicada tras el pertinente proceso de contrataci\u00f3n, a la empresa Elecnor por un montante econ\u00f3mico de 18.134,47\u20ac","twitter:creator":"@nbasturias","twitter:image":"https:\/\/candas365.es\/noticias\/wp-content\/uploads\/2018\/04\/IMG-20180403.jpg","twitter:label1":"Escrito por","twitter:data1":"Cand\u00e1s 365","twitter:label2":"Tiempo de lectura estimado","twitter:data2":"1 minuto"},"aioseo_meta_data":{"post_id":"93151","title":null,"description":null,"keywords":null,"keyphrases":null,"primary_term":null,"canonical_url":null,"og_title":null,"og_description":null,"og_object_type":"default","og_image_type":"default","og_image_url":null,"og_image_width":null,"og_image_height":null,"og_image_custom_url":null,"og_image_custom_fields":null,"og_video":null,"og_custom_url":null,"og_article_section":null,"og_article_tags":null,"twitter_use_og":false,"twitter_card":"default","twitter_image_type":"default","twitter_image_url":null,"twitter_image_custom_url":null,"twitter_image_custom_fields":null,"twitter_title":null,"twitter_description":null,"schema":{"blockGraphs":[],"customGraphs":[],"default":{"data":{"Article":[],"Course":[],"Dataset":[],"FAQPage":[],"Movie":[],"Person":[],"Product":[],"ProductReview":[],"Car":[],"Recipe":[],"Service":[],"SoftwareApplication":[],"WebPage":[]},"graphName":"","isEnabled":true},"graphs":[],"defaultGraph":"","defaultPostTypeGraph":""},"schema_type":null,"schema_type_options":null,"pillar_content":false,"robots_default":true,"robots_noindex":false,"robots_noarchive":false,"robots_nosnippet":false,"robots_nofollow":false,"robots_noimageindex":false,"robots_noodp":false,"robots_notranslate":false,"robots_max_snippet":null,"robots_max_videopreview":null,"robots_max_imagepreview":"large","priority":null,"frequency":null,"location":null,"local_seo":null,"seo_analyzer_scan_date":"2025-08-26 17:16:15","breadcrumb_settings":null,"limit_modified_date":false,"reviewed_by":null,"open_ai":null,"ai":null,"created":"2020-12-21 11:53:54","updated":"2025-08-26 17:16:15"},"aioseo_breadcrumb":"<div class=\"aioseo-breadcrumbs\"><span class=\"aioseo-breadcrumb\">\n\t<a href=\"https:\/\/candas365.es\/noticias\" title=\"Home\">Home<\/a>\n<\/span><span class=\"aioseo-breadcrumb-separator\">&ndash;<\/span><span class=\"aioseo-breadcrumb\">\n\t<a href=\"https:\/\/candas365.es\/noticias\/category\/noticias-carreno\/\" title=\"Noticias Carre\u00f1o\">Noticias Carre\u00f1o<\/a>\n<\/span><span class=\"aioseo-breadcrumb-separator\">&ndash;<\/span><span class=\"aioseo-breadcrumb\">\n\tObras de accesibilidad en el entorno del ambulatorio de El Empalme\n<\/span><\/div>","aioseo_breadcrumb_json":[{"label":"Home","link":"https:\/\/candas365.es\/noticias"},{"label":"Noticias Carre\u00f1o","link":"https:\/\/candas365.es\/noticias\/category\/noticias-carreno\/"},{"label":"Obras de accesibilidad en el entorno del ambulatorio de El Empalme","link":"https:\/\/candas365.es\/noticias\/obras-de-accesibilidad-en-el-entorno-del-ambulatorio-de-el-empalme\/"}],"_links":{"self":[{"href":"https:\/\/candas365.es\/noticias\/wp-json\/wp\/v2\/posts\/93151","targetHints":{"allow":["GET"]}}],"collection":[{"href":"https:\/\/candas365.es\/noticias\/wp-json\/wp\/v2\/posts"}],"about":[{"href":"https:\/\/candas365.es\/noticias\/wp-json\/wp\/v2\/types\/post"}],"author":[{"embeddable":true,"href":"https:\/\/candas365.es\/noticias\/wp-json\/wp\/v2\/users\/1"}],"replies":[{"embeddable":true,"href":"https:\/\/candas365.es\/noticias\/wp-json\/wp\/v2\/comments?post=93151"}],"version-history":[{"count":0,"href":"https:\/\/candas365.es\/noticias\/wp-json\/wp\/v2\/posts\/93151\/revisions"}],"wp:featuredmedia":[{"embeddable":true,"href":"https:\/\/candas365.es\/noticias\/wp-json\/wp\/v2\/media\/93152"}],"wp:attachment":[{"href":"https:\/\/candas365.es\/noticias\/wp-json\/wp\/v2\/media?parent=93151"}],"wp:term":[{"taxonomy":"category","embeddable":true,"href":"https:\/\/candas365.es\/noticias\/wp-json\/wp\/v2\/categories?post=93151"},{"taxonomy":"post_tag","embeddable":true,"href":"https:\/\/candas365.es\/noticias\/wp-json\/wp\/v2\/tags?post=93151"}],"curies":[{"name":"wp","href":"https:\/\/api.w.org\/{rel}","templated":true}]}}