{"id":93061,"date":"2018-04-04T17:11:50","date_gmt":"2018-04-04T17:11:50","guid":{"rendered":"http:\/\/candas365.es\/noticias\/?p=93061"},"modified":"2018-04-04T17:12:09","modified_gmt":"2018-04-04T17:12:09","slug":"carreno-actuo-de-manera-responsable-con-sus-compromisos-en-la-mancomunidad","status":"publish","type":"post","link":"https:\/\/candas365.es\/noticias\/carreno-actuo-de-manera-responsable-con-sus-compromisos-en-la-mancomunidad\/","title":{"rendered":"Carre\u00f1o act\u00fao de manera responsable con sus compromisos en la Mancomunidad"},"content":{"rendered":"<p><img fetchpriority=\"high\" decoding=\"async\" class=\"alignleft size-medium wp-image-6453\" src=\"https:\/\/candas365.es\/noticias\/wp-content\/uploads\/2015\/01\/ayuntamiento-360x270.jpg\" alt=\"\" width=\"360\" height=\"270\" srcset=\"https:\/\/candas365.es\/noticias\/wp-content\/uploads\/2015\/01\/ayuntamiento-360x270.jpg 360w, https:\/\/candas365.es\/noticias\/wp-content\/uploads\/2015\/01\/ayuntamiento-640x480.jpg 640w, https:\/\/candas365.es\/noticias\/wp-content\/uploads\/2015\/01\/ayuntamiento-768x576.jpg 768w, https:\/\/candas365.es\/noticias\/wp-content\/uploads\/2015\/01\/ayuntamiento-150x113.jpg 150w, https:\/\/candas365.es\/noticias\/wp-content\/uploads\/2015\/01\/ayuntamiento-450x338.jpg 450w, https:\/\/candas365.es\/noticias\/wp-content\/uploads\/2015\/01\/ayuntamiento-80x60.jpg 80w, https:\/\/candas365.es\/noticias\/wp-content\/uploads\/2015\/01\/ayuntamiento-265x198.jpg 265w, https:\/\/candas365.es\/noticias\/wp-content\/uploads\/2015\/01\/ayuntamiento-696x522.jpg 696w, https:\/\/candas365.es\/noticias\/wp-content\/uploads\/2015\/01\/ayuntamiento-560x420.jpg 560w, https:\/\/candas365.es\/noticias\/wp-content\/uploads\/2015\/01\/ayuntamiento-90x67.jpg 90w, https:\/\/candas365.es\/noticias\/wp-content\/uploads\/2015\/01\/ayuntamiento.jpg 800w\" sizes=\"(max-width: 360px) 100vw, 360px\" \/>Ante la situaci\u00f3n de bloqueo institucional en la que se encontrar\u00eda la Mancomunidad Cabo Pe\u00f1as una vez adoptado el acuerdo del Pleno de Goz\u00f3n de 2013 de separarse del ente mancomunado en un plan de ajuste, fue el Alcalde de Goz\u00f3n qui\u00e9n remiti\u00f3 el pasado mes de enero una solicitud a la direcci\u00f3n general de Administraci\u00f3n Local del Principado de Asturias para que \u00e9sta emitiera un informe de car\u00e1cter econ\u00f3mico-contable relativo a la gesti\u00f3n de la entidad.<\/p>\n<p>Carre\u00f1o no tuvo conocimiento del contenido de este informe hasta antes de ayer. Fue este lunes, previa a reclamaci\u00f3n del mismo al Principado, cuando se nos hizo llegar y se traslad\u00f3 al resto de grupos pol\u00edticos con representaci\u00f3n en Carre\u00f1o.<\/p>\n<p>En este sentido, la Direcci\u00f3n General de Administraci\u00f3n Local del Principado de Asturias concluy\u00f3, en esencia, que:<\/p>\n<p>-A 31 de Diciembre de 2017, Carre\u00f1o ten\u00eda una deuda de 14.030,89 \u20ac, que ha sido salda a 30 de Enero de 2018. Por lo tanto, a la fecha actual el Ayuntamiento de Carre\u00f1o no tiene deudas l\u00edquidas, vencidas y exigibles con la Mancomunidad a la que pertenece.<\/p>\n<p>-Seg\u00fan datos obrantes en la Intervenci\u00f3n del ente mancomunado, Goz\u00f3n mantiene una deuda de 157.141,57 \u20ac con la Mancomunidad del Cabo Pe\u00f1as.<\/p>\n<p>-Los gastos correspondientes a la prestaci\u00f3n del servicio de la Piscina, quedan concretados por la Interventora en 101.939 \u20ac.<\/p>\n<p>El Ayuntamiento de Carre\u00f1o solicita 109.052 \u20ac por el mantenimiento de las instalaciones de sede de la Mancomunidad que ha venido sufragando en solitario desde su fundaci\u00f3n.<\/p>\n<p>Adem\u00e1s, respecto a la informaci\u00f3n publicada en el d\u00eda de hoy en los diarios de la prensa regional relativa a que el Ayuntamiento de Carre\u00f1o \u201c ingres\u00f3\u201d para su concejo dinero de la Mancomunidad, en concreto, 70 mil euros en sus cuentas y que gast\u00f3 40 mil euros para la adquisici\u00f3n de una retropala es necesario aclarar estas cuestiones y que el Ayuntamiento de Carre\u00f1o siempre ha actuado de forma ajustada a la ley y de acuerdo el Ayuntamiento de Goz\u00f3n.<\/p>\n<p>No es intenci\u00f3n del Consistorio de Carre\u00f1o entrar en una cascada de acusaciones sin fundamento que lo \u00fanico que hacen es perjudicar al ente mancomunado, pero si se ve la necesidad de entrar a responder de forma inmediata para aclarar los hechos. Es sorprendente que el socio de la Mancomunidad m\u00e1s deudor realice afirmaciones de este calado. Declaraciones como las vertidas por el regidor de Goz\u00f3n hoy en la prensa, no contribuyen para nada al buen funcionamiento de la Mancomunidad. Todos los esfuerzos deber\u00edan de centrarse en hacerla funcionar debidamente. Desde la Alcald\u00eda de Carre\u00f1o se intent\u00f3 nuevamente, sin \u00e9xito, en fechas recientes que se celebrara una reuni\u00f3n conjunta con el Alcalde de Goz\u00f3n y t\u00e9cnicos al objeto de avanzar en la reflotaci\u00f3n de la Mancomunidad.<\/p>\n<p>Por lo que se refiere la compra de la retropala, se adquiri\u00f3 la misma en el 2010 por la Mancomunidad financi\u00e1ndola con una subvenci\u00f3n del Principado de Asturias y una aportaci\u00f3n extraordinaria del Ayuntamiento de Carre\u00f1o de m\u00e1s de 50 mil euros. Sin aportar ni un solo euro para tal fin el municipio de Goz\u00f3n. A dicha convocatoria, no pod\u00edan concurrir los Ayuntamientos, por eso, desde nuestro concejo, se solicit\u00f3 tramitarlo desde la Mancomunidad financiando Carre\u00f1o l\u00f3gicamente la parte no subvencionada de la misma. Y por ello, como es evidente la retropala es utilizada desde entonces por este Ayuntamiento. Fue Carre\u00f1o qui\u00e9n pidi\u00f3 a la Mancomunidad solicitar la subvenci\u00f3n para adquirir la maquinara y qui\u00e9n sufrag\u00f3 \u00edntegramente la parte no financiada dentro de la subvenci\u00f3n regional. La subvenci\u00f3n se justific\u00f3 debidamente ante el organismo que la concedi\u00f3.<\/p>\n<p>Respecto al ingreso de 70 mil euros en las cuentas de Carre\u00f1o, es necesario saber que el Ayuntamiento de Carre\u00f1o es el Ayuntamiento de cabecera de la agrupaci\u00f3n constituida por estos dos municipios de mutuo acuerdo para poder mantener los servicios que presta la agencia de desarrollo. Recibimos la subvenci\u00f3n regional para el servicio y la misma se transfiere a la mancomunidad, aplicando en esta gesti\u00f3n siempre, por indicaci\u00f3n de la intervenci\u00f3n municipal, el principio de prudencia financiara. Que se gestione as\u00ed la ADL responde a lo que estaba pactado por los dos Ayuntamientos.<\/p>\n<p>No obstante en el d\u00eda de hoy, desde la Alcald\u00eda de Carre\u00f1o se ha solicitado al Alcalde de Goz\u00f3n como Presidente en funciones de la Mancomunidad que se soliciten a la Secretar\u00eda y a la Intervenci\u00f3n de la Mancomunidad informes t\u00e9cnicos sobre estos dos asuntos al objeto de quede clarificada definitivamente la situaci\u00f3n para el correcto conocimiento del vecindario de ambos municipios.<\/p>\n<p>Finalmente, cabe recordar que Carre\u00f1o no ha tenido en los \u00faltimos siete a\u00f1os responsabilidad ejecutiva alguna en la Mancomunidad del Cabo Pe\u00f1as.<\/p>\n<p>Respecto a la Tesorer\u00eda se ha actuado siempre seg\u00fan las indicaciones t\u00e9cnicas sin ninguna capacidad decisoria y ahora se tiene conocimiento, por primera vez, que a la vista de que el nuevo reglamento de funcionarios de la Administraci\u00f3n Local no se contempla que la Tesorer\u00eda se pueda ejercer por un\/a pol\u00edtico\/a. Por ello, la regidora carre\u00f1ense renunciar\u00e1 isofacto a desempe\u00f1ar tal funci\u00f3n y solicitar\u00e1 al Presidente en funciones que realice los tr\u00e1mites oportunos para cubrir el desempe\u00f1o de la Tesorer\u00eda.<\/p>\n","protected":false},"excerpt":{"rendered":"<p>Ante la situaci\u00f3n de bloqueo institucional en la que se encontrar\u00eda la Mancomunidad Cabo Pe\u00f1as una vez adoptado el acuerdo del Pleno de Goz\u00f3n de 2013 de separarse del ente mancomunado en un plan de ajuste, fue el Alcalde de Goz\u00f3n qui\u00e9n remiti\u00f3 el pasado mes de enero una solicitud a la direcci\u00f3n general de<\/p>\n","protected":false},"author":1,"featured_media":6453,"comment_status":"closed","ping_status":"closed","sticky":false,"template":"","format":"standard","meta":{"footnotes":""},"categories":[2],"tags":[],"class_list":{"0":"post-93061","1":"post","2":"type-post","3":"status-publish","4":"format-standard","5":"has-post-thumbnail","7":"category-noticias-carreno"},"aioseo_notices":[],"aioseo_head":"\n\t\t<!-- All in One SEO Pro 4.9.6.2 - aioseo.com -->\n\t<meta name=\"description\" content=\"Ante la situaci\u00f3n de bloqueo institucional en la que se encontrar\u00eda la Mancomunidad Cabo Pe\u00f1as una vez adoptado el acuerdo del Pleno de Goz\u00f3n de 2013 de separarse del ente mancomunado en un plan de ajuste, fue el Alcalde de Goz\u00f3n qui\u00e9n remiti\u00f3 el pasado mes de enero una solicitud a la direcci\u00f3n general de\" \/>\n\t<meta name=\"robots\" content=\"max-image-preview:large\" \/>\n\t<meta name=\"author\" content=\"Cand\u00e1s 365\"\/>\n\t<meta name=\"google-site-verification\" content=\"UA-32230408-1\" \/>\n\t<meta name=\"msvalidate.01\" content=\"354F3CDFB2DA171B47FBE9ABF1F88D5\" \/>\n\t<meta name=\"keywords\" content=\"noticias carre\u00f1o\" \/>\n\t<link rel=\"canonical\" href=\"https:\/\/candas365.es\/noticias\/carreno-actuo-de-manera-responsable-con-sus-compromisos-en-la-mancomunidad\/\" \/>\n\t<meta name=\"generator\" content=\"All in One SEO Pro (AIOSEO) 4.9.6.2\" \/>\n\t\t<meta property=\"og:locale\" content=\"es_ES\" \/>\n\t\t<meta property=\"og:site_name\" content=\"Cand\u00e1s 365\" \/>\n\t\t<meta property=\"og:type\" content=\"article\" \/>\n\t\t<meta property=\"og:title\" content=\"Carre\u00f1o act\u00fao de manera responsable con sus compromisos en la Mancomunidad | Cand\u00e1s 365\" \/>\n\t\t<meta property=\"og:description\" content=\"Ante la situaci\u00f3n de bloqueo institucional en la que se encontrar\u00eda la Mancomunidad Cabo Pe\u00f1as una vez adoptado el acuerdo del Pleno de Goz\u00f3n de 2013 de separarse del ente mancomunado en un plan de ajuste, fue el Alcalde de Goz\u00f3n qui\u00e9n remiti\u00f3 el pasado mes de enero una solicitud a la direcci\u00f3n general de\" \/>\n\t\t<meta property=\"og:url\" content=\"https:\/\/candas365.es\/noticias\/carreno-actuo-de-manera-responsable-con-sus-compromisos-en-la-mancomunidad\/\" \/>\n\t\t<meta property=\"og:image\" content=\"https:\/\/candas365.es\/noticias\/wp-content\/uploads\/2015\/01\/ayuntamiento.jpg\" \/>\n\t\t<meta property=\"og:image:secure_url\" content=\"https:\/\/candas365.es\/noticias\/wp-content\/uploads\/2015\/01\/ayuntamiento.jpg\" \/>\n\t\t<meta property=\"og:image:width\" content=\"800\" \/>\n\t\t<meta property=\"og:image:height\" content=\"600\" \/>\n\t\t<meta property=\"article:published_time\" content=\"2018-04-04T17:11:50+00:00\" \/>\n\t\t<meta property=\"article:modified_time\" content=\"2018-04-04T17:12:09+00:00\" \/>\n\t\t<meta property=\"article:publisher\" content=\"https:\/\/www.facebook.com\/Nachofdezber\" \/>\n\t\t<meta property=\"article:author\" content=\"https:\/\/www.facebook.com\/carrenoactualidad\" \/>\n\t\t<meta name=\"twitter:card\" content=\"summary_large_image\" \/>\n\t\t<meta name=\"twitter:site\" content=\"@NabercoDigital\" \/>\n\t\t<meta name=\"twitter:title\" content=\"Carre\u00f1o act\u00fao de manera responsable con sus compromisos en la Mancomunidad | Cand\u00e1s 365\" \/>\n\t\t<meta name=\"twitter:description\" content=\"Ante la situaci\u00f3n de bloqueo institucional en la que se encontrar\u00eda la Mancomunidad Cabo Pe\u00f1as una vez adoptado el acuerdo del Pleno de Goz\u00f3n de 2013 de separarse del ente mancomunado en un plan de ajuste, fue el Alcalde de Goz\u00f3n qui\u00e9n remiti\u00f3 el pasado mes de enero una solicitud a la direcci\u00f3n general de\" \/>\n\t\t<meta name=\"twitter:creator\" content=\"@nbasturias\" \/>\n\t\t<meta name=\"twitter:image\" content=\"https:\/\/candas365.es\/noticias\/wp-content\/uploads\/2015\/01\/ayuntamiento.jpg\" \/>\n\t\t<meta name=\"twitter:label1\" content=\"Escrito por\" \/>\n\t\t<meta name=\"twitter:data1\" content=\"Cand\u00e1s 365\" \/>\n\t\t<meta name=\"twitter:label2\" content=\"Tiempo de lectura estimado\" \/>\n\t\t<meta name=\"twitter:data2\" content=\"5 minutos\" \/>\n\t\t<script type=\"application\/ld+json\" class=\"aioseo-schema\">\n\t\t\t{\"@context\":\"https:\\\/\\\/schema.org\",\"@graph\":[{\"@type\":\"BreadcrumbList\",\"@id\":\"https:\\\/\\\/candas365.es\\\/noticias\\\/carreno-actuo-de-manera-responsable-con-sus-compromisos-en-la-mancomunidad\\\/#breadcrumblist\",\"itemListElement\":[{\"@type\":\"ListItem\",\"@id\":\"https:\\\/\\\/candas365.es\\\/noticias#listItem\",\"position\":1,\"name\":\"Home\",\"item\":\"https:\\\/\\\/candas365.es\\\/noticias\",\"nextItem\":{\"@type\":\"ListItem\",\"@id\":\"https:\\\/\\\/candas365.es\\\/noticias\\\/category\\\/noticias-carreno\\\/#listItem\",\"name\":\"Noticias Carre\\u00f1o\"}},{\"@type\":\"ListItem\",\"@id\":\"https:\\\/\\\/candas365.es\\\/noticias\\\/category\\\/noticias-carreno\\\/#listItem\",\"position\":2,\"name\":\"Noticias Carre\\u00f1o\",\"item\":\"https:\\\/\\\/candas365.es\\\/noticias\\\/category\\\/noticias-carreno\\\/\",\"nextItem\":{\"@type\":\"ListItem\",\"@id\":\"https:\\\/\\\/candas365.es\\\/noticias\\\/carreno-actuo-de-manera-responsable-con-sus-compromisos-en-la-mancomunidad\\\/#listItem\",\"name\":\"Carre\\u00f1o act\\u00fao de manera responsable con sus compromisos en la Mancomunidad\"},\"previousItem\":{\"@type\":\"ListItem\",\"@id\":\"https:\\\/\\\/candas365.es\\\/noticias#listItem\",\"name\":\"Home\"}},{\"@type\":\"ListItem\",\"@id\":\"https:\\\/\\\/candas365.es\\\/noticias\\\/carreno-actuo-de-manera-responsable-con-sus-compromisos-en-la-mancomunidad\\\/#listItem\",\"position\":3,\"name\":\"Carre\\u00f1o act\\u00fao de manera responsable con sus compromisos en la Mancomunidad\",\"previousItem\":{\"@type\":\"ListItem\",\"@id\":\"https:\\\/\\\/candas365.es\\\/noticias\\\/category\\\/noticias-carreno\\\/#listItem\",\"name\":\"Noticias Carre\\u00f1o\"}}]},{\"@type\":\"NewsArticle\",\"@id\":\"https:\\\/\\\/candas365.es\\\/noticias\\\/carreno-actuo-de-manera-responsable-con-sus-compromisos-en-la-mancomunidad\\\/#newsarticle\",\"name\":\"Carre\\u00f1o act\\u00fao de manera responsable con sus compromisos en la Mancomunidad | Cand\\u00e1s 365\",\"headline\":\"Carre\\u00f1o act\\u00fao de manera responsable con sus compromisos en la Mancomunidad\",\"author\":{\"@id\":\"https:\\\/\\\/candas365.es\\\/noticias\\\/author\\\/admin\\\/#author\"},\"publisher\":{\"@id\":\"https:\\\/\\\/candas365.es\\\/noticias\\\/#organization\"},\"image\":{\"@type\":\"ImageObject\",\"url\":\"https:\\\/\\\/candas365.es\\\/noticias\\\/wp-content\\\/uploads\\\/2015\\\/01\\\/ayuntamiento.jpg\",\"width\":800,\"height\":600,\"caption\":\"Carre\\u00f1o\"},\"datePublished\":\"2018-04-04T17:11:50+02:00\",\"dateModified\":\"2018-04-04T17:12:09+02:00\",\"inLanguage\":\"es-ES\",\"mainEntityOfPage\":{\"@id\":\"https:\\\/\\\/candas365.es\\\/noticias\\\/carreno-actuo-de-manera-responsable-con-sus-compromisos-en-la-mancomunidad\\\/#webpage\"},\"isPartOf\":{\"@id\":\"https:\\\/\\\/candas365.es\\\/noticias\\\/carreno-actuo-de-manera-responsable-con-sus-compromisos-en-la-mancomunidad\\\/#webpage\"},\"articleSection\":\"Noticias Carre\\u00f1o\",\"dateline\":\"Publicado el abril 4, 2018.\"},{\"@type\":\"Organization\",\"@id\":\"https:\\\/\\\/candas365.es\\\/noticias\\\/#organization\",\"name\":\"Cand\\u00e1s 365\",\"description\":\"Cand\\u00e1s 365 es un diario digital independiente, fundado en 2012, con base en Asturias. Informamos con rigor sobre actualidad, sociedad, cultura y ocio, con una mirada local y global.\",\"url\":\"https:\\\/\\\/candas365.es\\\/noticias\\\/\",\"email\":\"info@candas365.es\",\"telephone\":\"+34652131393\",\"foundingDate\":\"2012-06-10\",\"logo\":{\"@type\":\"ImageObject\",\"url\":\"https:\\\/\\\/candas365.es\\\/noticias\\\/wp-content\\\/uploads\\\/2024\\\/09\\\/Candas-365-Redes.jpg\",\"@id\":\"https:\\\/\\\/candas365.es\\\/noticias\\\/carreno-actuo-de-manera-responsable-con-sus-compromisos-en-la-mancomunidad\\\/#organizationLogo\",\"width\":1152,\"height\":864,\"caption\":\"Cand\\u00e1s 365 Redes\"},\"image\":{\"@id\":\"https:\\\/\\\/candas365.es\\\/noticias\\\/carreno-actuo-de-manera-responsable-con-sus-compromisos-en-la-mancomunidad\\\/#organizationLogo\"},\"sameAs\":[\"https:\\\/\\\/www.facebook.com\\\/Nachofdezber\",\"https:\\\/\\\/x.com\\\/NabercoDigital\",\"https:\\\/\\\/www.instagram.com\\\/nachofdezber\\\/\",\"https:\\\/\\\/www.youtube.com\\\/channel\\\/UCZP-2wLEB9Rv6erhFmqVnvg\"],\"address\":{\"@id\":\"https:\\\/\\\/candas365.es\\\/noticias\\\/#postaladdress\",\"@type\":\"PostalAddress\",\"streetAddress\":\"san antonio 4, san antonio 4\",\"postalCode\":\"33430\",\"addressLocality\":\"Cand\\u00e1s\",\"addressRegion\":\"Asturias\",\"addressCountry\":\"ES\"}},{\"@type\":\"Person\",\"@id\":\"https:\\\/\\\/candas365.es\\\/noticias\\\/author\\\/admin\\\/#author\",\"url\":\"https:\\\/\\\/candas365.es\\\/noticias\\\/author\\\/admin\\\/\",\"name\":\"Cand\\u00e1s 365\",\"image\":{\"@type\":\"ImageObject\",\"@id\":\"https:\\\/\\\/candas365.es\\\/noticias\\\/carreno-actuo-de-manera-responsable-con-sus-compromisos-en-la-mancomunidad\\\/#authorImage\",\"url\":\"https:\\\/\\\/secure.gravatar.com\\\/avatar\\\/496a8e03d0c493ede1718b7934145dbdf8d89be1036b0eec9544e1094c9de390?s=96&d=mm&r=g\",\"width\":96,\"height\":96,\"caption\":\"Cand\\u00e1s 365\"},\"sameAs\":[\"https:\\\/\\\/www.facebook.com\\\/carrenoactualidad\",\"https:\\\/\\\/twitter.com\\\/nbasturias\",\"https:\\\/\\\/www.instagram.com\\\/nachofdezber\\\/\",\"https:\\\/\\\/www.youtube.com\\\/channel\\\/UCZP-2wLEB9Rv6erhFmqVnvg\"]},{\"@type\":\"WebPage\",\"@id\":\"https:\\\/\\\/candas365.es\\\/noticias\\\/carreno-actuo-de-manera-responsable-con-sus-compromisos-en-la-mancomunidad\\\/#webpage\",\"url\":\"https:\\\/\\\/candas365.es\\\/noticias\\\/carreno-actuo-de-manera-responsable-con-sus-compromisos-en-la-mancomunidad\\\/\",\"name\":\"Carre\\u00f1o act\\u00fao de manera responsable con sus compromisos en la Mancomunidad | Cand\\u00e1s 365\",\"description\":\"Ante la situaci\\u00f3n de bloqueo institucional en la que se encontrar\\u00eda la Mancomunidad Cabo Pe\\u00f1as una vez adoptado el acuerdo del Pleno de Goz\\u00f3n de 2013 de separarse del ente mancomunado en un plan de ajuste, fue el Alcalde de Goz\\u00f3n qui\\u00e9n remiti\\u00f3 el pasado mes de enero una solicitud a la direcci\\u00f3n general de\",\"inLanguage\":\"es-ES\",\"isPartOf\":{\"@id\":\"https:\\\/\\\/candas365.es\\\/noticias\\\/#website\"},\"breadcrumb\":{\"@id\":\"https:\\\/\\\/candas365.es\\\/noticias\\\/carreno-actuo-de-manera-responsable-con-sus-compromisos-en-la-mancomunidad\\\/#breadcrumblist\"},\"author\":{\"@id\":\"https:\\\/\\\/candas365.es\\\/noticias\\\/author\\\/admin\\\/#author\"},\"creator\":{\"@id\":\"https:\\\/\\\/candas365.es\\\/noticias\\\/author\\\/admin\\\/#author\"},\"image\":{\"@type\":\"ImageObject\",\"url\":\"https:\\\/\\\/candas365.es\\\/noticias\\\/wp-content\\\/uploads\\\/2015\\\/01\\\/ayuntamiento.jpg\",\"@id\":\"https:\\\/\\\/candas365.es\\\/noticias\\\/carreno-actuo-de-manera-responsable-con-sus-compromisos-en-la-mancomunidad\\\/#mainImage\",\"width\":800,\"height\":600,\"caption\":\"Carre\\u00f1o\"},\"primaryImageOfPage\":{\"@id\":\"https:\\\/\\\/candas365.es\\\/noticias\\\/carreno-actuo-de-manera-responsable-con-sus-compromisos-en-la-mancomunidad\\\/#mainImage\"},\"datePublished\":\"2018-04-04T17:11:50+02:00\",\"dateModified\":\"2018-04-04T17:12:09+02:00\"},{\"@type\":\"WebSite\",\"@id\":\"https:\\\/\\\/candas365.es\\\/noticias\\\/#website\",\"url\":\"https:\\\/\\\/candas365.es\\\/noticias\\\/\",\"name\":\"Cand\\u00e1s 365\",\"alternateName\":\"Cand\\u00e1s 365 Noticias\",\"description\":\"Actualidad desde Carre\\u00f1o para el mundo\",\"inLanguage\":\"es-ES\",\"publisher\":{\"@id\":\"https:\\\/\\\/candas365.es\\\/noticias\\\/#organization\"}}]}\n\t\t<\/script>\n\t\t<!-- All in One SEO Pro -->\r\n\t\t<title>Carre\u00f1o act\u00fao de manera responsable con sus compromisos en la Mancomunidad | Cand\u00e1s 365<\/title>\n\n","aioseo_head_json":{"title":"Carre\u00f1o act\u00fao de manera responsable con sus compromisos en la Mancomunidad | Cand\u00e1s 365","description":"Ante la situaci\u00f3n de bloqueo institucional en la que se encontrar\u00eda la Mancomunidad Cabo Pe\u00f1as una vez adoptado el acuerdo del Pleno de Goz\u00f3n de 2013 de separarse del ente mancomunado en un plan de ajuste, fue el Alcalde de Goz\u00f3n qui\u00e9n remiti\u00f3 el pasado mes de enero una solicitud a la direcci\u00f3n general de","canonical_url":"https:\/\/candas365.es\/noticias\/carreno-actuo-de-manera-responsable-con-sus-compromisos-en-la-mancomunidad\/","robots":"max-image-preview:large","keywords":"noticias carre\u00f1o","webmasterTools":{"google-site-verification":"UA-32230408-1","msvalidate.01":"354F3CDFB2DA171B47FBE9ABF1F88D5","miscellaneous":""},"schema":{"@context":"https:\/\/schema.org","@graph":[{"@type":"BreadcrumbList","@id":"https:\/\/candas365.es\/noticias\/carreno-actuo-de-manera-responsable-con-sus-compromisos-en-la-mancomunidad\/#breadcrumblist","itemListElement":[{"@type":"ListItem","@id":"https:\/\/candas365.es\/noticias#listItem","position":1,"name":"Home","item":"https:\/\/candas365.es\/noticias","nextItem":{"@type":"ListItem","@id":"https:\/\/candas365.es\/noticias\/category\/noticias-carreno\/#listItem","name":"Noticias Carre\u00f1o"}},{"@type":"ListItem","@id":"https:\/\/candas365.es\/noticias\/category\/noticias-carreno\/#listItem","position":2,"name":"Noticias Carre\u00f1o","item":"https:\/\/candas365.es\/noticias\/category\/noticias-carreno\/","nextItem":{"@type":"ListItem","@id":"https:\/\/candas365.es\/noticias\/carreno-actuo-de-manera-responsable-con-sus-compromisos-en-la-mancomunidad\/#listItem","name":"Carre\u00f1o act\u00fao de manera responsable con sus compromisos en la Mancomunidad"},"previousItem":{"@type":"ListItem","@id":"https:\/\/candas365.es\/noticias#listItem","name":"Home"}},{"@type":"ListItem","@id":"https:\/\/candas365.es\/noticias\/carreno-actuo-de-manera-responsable-con-sus-compromisos-en-la-mancomunidad\/#listItem","position":3,"name":"Carre\u00f1o act\u00fao de manera responsable con sus compromisos en la Mancomunidad","previousItem":{"@type":"ListItem","@id":"https:\/\/candas365.es\/noticias\/category\/noticias-carreno\/#listItem","name":"Noticias Carre\u00f1o"}}]},{"@type":"NewsArticle","@id":"https:\/\/candas365.es\/noticias\/carreno-actuo-de-manera-responsable-con-sus-compromisos-en-la-mancomunidad\/#newsarticle","name":"Carre\u00f1o act\u00fao de manera responsable con sus compromisos en la Mancomunidad | Cand\u00e1s 365","headline":"Carre\u00f1o act\u00fao de manera responsable con sus compromisos en la Mancomunidad","author":{"@id":"https:\/\/candas365.es\/noticias\/author\/admin\/#author"},"publisher":{"@id":"https:\/\/candas365.es\/noticias\/#organization"},"image":{"@type":"ImageObject","url":"https:\/\/candas365.es\/noticias\/wp-content\/uploads\/2015\/01\/ayuntamiento.jpg","width":800,"height":600,"caption":"Carre\u00f1o"},"datePublished":"2018-04-04T17:11:50+02:00","dateModified":"2018-04-04T17:12:09+02:00","inLanguage":"es-ES","mainEntityOfPage":{"@id":"https:\/\/candas365.es\/noticias\/carreno-actuo-de-manera-responsable-con-sus-compromisos-en-la-mancomunidad\/#webpage"},"isPartOf":{"@id":"https:\/\/candas365.es\/noticias\/carreno-actuo-de-manera-responsable-con-sus-compromisos-en-la-mancomunidad\/#webpage"},"articleSection":"Noticias Carre\u00f1o","dateline":"Publicado el abril 4, 2018."},{"@type":"Organization","@id":"https:\/\/candas365.es\/noticias\/#organization","name":"Cand\u00e1s 365","description":"Cand\u00e1s 365 es un diario digital independiente, fundado en 2012, con base en Asturias. Informamos con rigor sobre actualidad, sociedad, cultura y ocio, con una mirada local y global.","url":"https:\/\/candas365.es\/noticias\/","email":"info@candas365.es","telephone":"+34652131393","foundingDate":"2012-06-10","logo":{"@type":"ImageObject","url":"https:\/\/candas365.es\/noticias\/wp-content\/uploads\/2024\/09\/Candas-365-Redes.jpg","@id":"https:\/\/candas365.es\/noticias\/carreno-actuo-de-manera-responsable-con-sus-compromisos-en-la-mancomunidad\/#organizationLogo","width":1152,"height":864,"caption":"Cand\u00e1s 365 Redes"},"image":{"@id":"https:\/\/candas365.es\/noticias\/carreno-actuo-de-manera-responsable-con-sus-compromisos-en-la-mancomunidad\/#organizationLogo"},"sameAs":["https:\/\/www.facebook.com\/Nachofdezber","https:\/\/x.com\/NabercoDigital","https:\/\/www.instagram.com\/nachofdezber\/","https:\/\/www.youtube.com\/channel\/UCZP-2wLEB9Rv6erhFmqVnvg"],"address":{"@id":"https:\/\/candas365.es\/noticias\/#postaladdress","@type":"PostalAddress","streetAddress":"san antonio 4, san antonio 4","postalCode":"33430","addressLocality":"Cand\u00e1s","addressRegion":"Asturias","addressCountry":"ES"}},{"@type":"Person","@id":"https:\/\/candas365.es\/noticias\/author\/admin\/#author","url":"https:\/\/candas365.es\/noticias\/author\/admin\/","name":"Cand\u00e1s 365","image":{"@type":"ImageObject","@id":"https:\/\/candas365.es\/noticias\/carreno-actuo-de-manera-responsable-con-sus-compromisos-en-la-mancomunidad\/#authorImage","url":"https:\/\/secure.gravatar.com\/avatar\/496a8e03d0c493ede1718b7934145dbdf8d89be1036b0eec9544e1094c9de390?s=96&d=mm&r=g","width":96,"height":96,"caption":"Cand\u00e1s 365"},"sameAs":["https:\/\/www.facebook.com\/carrenoactualidad","https:\/\/twitter.com\/nbasturias","https:\/\/www.instagram.com\/nachofdezber\/","https:\/\/www.youtube.com\/channel\/UCZP-2wLEB9Rv6erhFmqVnvg"]},{"@type":"WebPage","@id":"https:\/\/candas365.es\/noticias\/carreno-actuo-de-manera-responsable-con-sus-compromisos-en-la-mancomunidad\/#webpage","url":"https:\/\/candas365.es\/noticias\/carreno-actuo-de-manera-responsable-con-sus-compromisos-en-la-mancomunidad\/","name":"Carre\u00f1o act\u00fao de manera responsable con sus compromisos en la Mancomunidad | Cand\u00e1s 365","description":"Ante la situaci\u00f3n de bloqueo institucional en la que se encontrar\u00eda la Mancomunidad Cabo Pe\u00f1as una vez adoptado el acuerdo del Pleno de Goz\u00f3n de 2013 de separarse del ente mancomunado en un plan de ajuste, fue el Alcalde de Goz\u00f3n qui\u00e9n remiti\u00f3 el pasado mes de enero una solicitud a la direcci\u00f3n general de","inLanguage":"es-ES","isPartOf":{"@id":"https:\/\/candas365.es\/noticias\/#website"},"breadcrumb":{"@id":"https:\/\/candas365.es\/noticias\/carreno-actuo-de-manera-responsable-con-sus-compromisos-en-la-mancomunidad\/#breadcrumblist"},"author":{"@id":"https:\/\/candas365.es\/noticias\/author\/admin\/#author"},"creator":{"@id":"https:\/\/candas365.es\/noticias\/author\/admin\/#author"},"image":{"@type":"ImageObject","url":"https:\/\/candas365.es\/noticias\/wp-content\/uploads\/2015\/01\/ayuntamiento.jpg","@id":"https:\/\/candas365.es\/noticias\/carreno-actuo-de-manera-responsable-con-sus-compromisos-en-la-mancomunidad\/#mainImage","width":800,"height":600,"caption":"Carre\u00f1o"},"primaryImageOfPage":{"@id":"https:\/\/candas365.es\/noticias\/carreno-actuo-de-manera-responsable-con-sus-compromisos-en-la-mancomunidad\/#mainImage"},"datePublished":"2018-04-04T17:11:50+02:00","dateModified":"2018-04-04T17:12:09+02:00"},{"@type":"WebSite","@id":"https:\/\/candas365.es\/noticias\/#website","url":"https:\/\/candas365.es\/noticias\/","name":"Cand\u00e1s 365","alternateName":"Cand\u00e1s 365 Noticias","description":"Actualidad desde Carre\u00f1o para el mundo","inLanguage":"es-ES","publisher":{"@id":"https:\/\/candas365.es\/noticias\/#organization"}}]},"og:locale":"es_ES","og:site_name":"Cand\u00e1s 365","og:type":"article","og:title":"Carre\u00f1o act\u00fao de manera responsable con sus compromisos en la Mancomunidad | Cand\u00e1s 365","og:description":"Ante la situaci\u00f3n de bloqueo institucional en la que se encontrar\u00eda la Mancomunidad Cabo Pe\u00f1as una vez adoptado el acuerdo del Pleno de Goz\u00f3n de 2013 de separarse del ente mancomunado en un plan de ajuste, fue el Alcalde de Goz\u00f3n qui\u00e9n remiti\u00f3 el pasado mes de enero una solicitud a la direcci\u00f3n general de","og:url":"https:\/\/candas365.es\/noticias\/carreno-actuo-de-manera-responsable-con-sus-compromisos-en-la-mancomunidad\/","og:image":"https:\/\/candas365.es\/noticias\/wp-content\/uploads\/2015\/01\/ayuntamiento.jpg","og:image:secure_url":"https:\/\/candas365.es\/noticias\/wp-content\/uploads\/2015\/01\/ayuntamiento.jpg","og:image:width":800,"og:image:height":600,"article:published_time":"2018-04-04T17:11:50+00:00","article:modified_time":"2018-04-04T17:12:09+00:00","article:publisher":"https:\/\/www.facebook.com\/Nachofdezber","article:author":"https:\/\/www.facebook.com\/carrenoactualidad","twitter:card":"summary_large_image","twitter:site":"@NabercoDigital","twitter:title":"Carre\u00f1o act\u00fao de manera responsable con sus compromisos en la Mancomunidad | Cand\u00e1s 365","twitter:description":"Ante la situaci\u00f3n de bloqueo institucional en la que se encontrar\u00eda la Mancomunidad Cabo Pe\u00f1as una vez adoptado el acuerdo del Pleno de Goz\u00f3n de 2013 de separarse del ente mancomunado en un plan de ajuste, fue el Alcalde de Goz\u00f3n qui\u00e9n remiti\u00f3 el pasado mes de enero una solicitud a la direcci\u00f3n general de","twitter:creator":"@nbasturias","twitter:image":"https:\/\/candas365.es\/noticias\/wp-content\/uploads\/2015\/01\/ayuntamiento.jpg","twitter:label1":"Escrito por","twitter:data1":"Cand\u00e1s 365","twitter:label2":"Tiempo de lectura estimado","twitter:data2":"5 minutos"},"aioseo_meta_data":{"post_id":"93061","title":null,"description":null,"keywords":null,"keyphrases":null,"primary_term":null,"canonical_url":null,"og_title":null,"og_description":null,"og_object_type":"default","og_image_type":"default","og_image_url":null,"og_image_width":null,"og_image_height":null,"og_image_custom_url":null,"og_image_custom_fields":null,"og_video":null,"og_custom_url":null,"og_article_section":null,"og_article_tags":null,"twitter_use_og":false,"twitter_card":"default","twitter_image_type":"default","twitter_image_url":null,"twitter_image_custom_url":null,"twitter_image_custom_fields":null,"twitter_title":null,"twitter_description":null,"schema":{"blockGraphs":[],"customGraphs":[],"default":{"data":{"Article":[],"Course":[],"Dataset":[],"FAQPage":[],"Movie":[],"Person":[],"Product":[],"ProductReview":[],"Car":[],"Recipe":[],"Service":[],"SoftwareApplication":[],"WebPage":[]},"graphName":"","isEnabled":true},"graphs":[]},"schema_type":null,"schema_type_options":null,"pillar_content":false,"robots_default":true,"robots_noindex":false,"robots_noarchive":false,"robots_nosnippet":false,"robots_nofollow":false,"robots_noimageindex":false,"robots_noodp":false,"robots_notranslate":false,"robots_max_snippet":null,"robots_max_videopreview":null,"robots_max_imagepreview":"large","priority":null,"frequency":null,"location":null,"local_seo":null,"seo_analyzer_scan_date":"2025-08-26 17:08:08","breadcrumb_settings":null,"limit_modified_date":false,"reviewed_by":null,"open_ai":null,"ai":null,"created":"2020-12-21 11:54:00","updated":"2025-08-26 17:08:08"},"aioseo_breadcrumb":"<div class=\"aioseo-breadcrumbs\"><span class=\"aioseo-breadcrumb\">\n\t<a href=\"https:\/\/candas365.es\/noticias\" title=\"Home\">Home<\/a>\n<\/span><span class=\"aioseo-breadcrumb-separator\">&ndash;<\/span><span class=\"aioseo-breadcrumb\">\n\t<a href=\"https:\/\/candas365.es\/noticias\/category\/noticias-carreno\/\" title=\"Noticias Carre\u00f1o\">Noticias Carre\u00f1o<\/a>\n<\/span><span class=\"aioseo-breadcrumb-separator\">&ndash;<\/span><span class=\"aioseo-breadcrumb\">\n\tCarre\u00f1o act\u00fao de manera responsable con sus compromisos en la Mancomunidad\n<\/span><\/div>","aioseo_breadcrumb_json":[{"label":"Home","link":"https:\/\/candas365.es\/noticias"},{"label":"Noticias Carre\u00f1o","link":"https:\/\/candas365.es\/noticias\/category\/noticias-carreno\/"},{"label":"Carre\u00f1o act\u00fao de manera responsable con sus compromisos en la Mancomunidad","link":"https:\/\/candas365.es\/noticias\/carreno-actuo-de-manera-responsable-con-sus-compromisos-en-la-mancomunidad\/"}],"_links":{"self":[{"href":"https:\/\/candas365.es\/noticias\/wp-json\/wp\/v2\/posts\/93061","targetHints":{"allow":["GET"]}}],"collection":[{"href":"https:\/\/candas365.es\/noticias\/wp-json\/wp\/v2\/posts"}],"about":[{"href":"https:\/\/candas365.es\/noticias\/wp-json\/wp\/v2\/types\/post"}],"author":[{"embeddable":true,"href":"https:\/\/candas365.es\/noticias\/wp-json\/wp\/v2\/users\/1"}],"replies":[{"embeddable":true,"href":"https:\/\/candas365.es\/noticias\/wp-json\/wp\/v2\/comments?post=93061"}],"version-history":[{"count":0,"href":"https:\/\/candas365.es\/noticias\/wp-json\/wp\/v2\/posts\/93061\/revisions"}],"wp:featuredmedia":[{"embeddable":true,"href":"https:\/\/candas365.es\/noticias\/wp-json\/wp\/v2\/media\/6453"}],"wp:attachment":[{"href":"https:\/\/candas365.es\/noticias\/wp-json\/wp\/v2\/media?parent=93061"}],"wp:term":[{"taxonomy":"category","embeddable":true,"href":"https:\/\/candas365.es\/noticias\/wp-json\/wp\/v2\/categories?post=93061"},{"taxonomy":"post_tag","embeddable":true,"href":"https:\/\/candas365.es\/noticias\/wp-json\/wp\/v2\/tags?post=93061"}],"curies":[{"name":"wp","href":"https:\/\/api.w.org\/{rel}","templated":true}]}}