{"id":93059,"date":"2018-04-04T17:09:33","date_gmt":"2018-04-04T17:09:33","guid":{"rendered":"http:\/\/candas365.es\/noticias\/?p=93059"},"modified":"2018-04-04T17:09:33","modified_gmt":"2018-04-04T17:09:33","slug":"alumnado-en-practicas-en-la-escuela-de-educacion-infantil-la-marinera-de-candas","status":"publish","type":"post","link":"https:\/\/candas365.es\/noticias\/alumnado-en-practicas-en-la-escuela-de-educacion-infantil-la-marinera-de-candas\/","title":{"rendered":"Alumnado en Pr\u00e1cticas en la Escuela de Educaci\u00f3n Infantil \u201cLa Marinera\u201d, de Cand\u00e1s"},"content":{"rendered":"<p><img fetchpriority=\"high\" decoding=\"async\" class=\"alignleft size-medium wp-image-15610\" src=\"https:\/\/candas365.es\/noticias\/wp-content\/uploads\/2015\/09\/aula-360x198.jpg\" alt=\"\" width=\"360\" height=\"198\" srcset=\"https:\/\/candas365.es\/noticias\/wp-content\/uploads\/2015\/09\/aula-360x198.jpg 360w, https:\/\/candas365.es\/noticias\/wp-content\/uploads\/2015\/09\/aula-650x357.jpg 650w, https:\/\/candas365.es\/noticias\/wp-content\/uploads\/2015\/09\/aula-150x82.jpg 150w, https:\/\/candas365.es\/noticias\/wp-content\/uploads\/2015\/09\/aula-450x247.jpg 450w, https:\/\/candas365.es\/noticias\/wp-content\/uploads\/2015\/09\/aula.jpg 655w\" sizes=\"(max-width: 360px) 100vw, 360px\" \/>Fruto del acuerdo que el Ayuntamiento de Carre\u00f1o tiene firmado con el fin de contribuir a la formaci\u00f3n integral del alumnado del IES Carre\u00f1o Mirando de Avil\u00e9s, el alumnado del centro puede hacer las pr\u00e1cticas correspondientes en uno de sus Centro de Trabajo.<\/p>\n<p>A partir del pr\u00f3ximo lunes 9 de abril La Escuela de Educaci\u00f3n Infantil \u201cLa Marinera\u201d de Cand\u00e1s acoger\u00e1 una alumna en pr\u00e1cticas.<\/p>\n<p>El objeto del Convenio es establecer un programa de Cooperaci\u00f3n Educativa a trav\u00e9s del cual los y las estudiantes del Carre\u00f1o Miranda puedan complementar la formaci\u00f3n te\u00f3rica con la formaci\u00f3n pr\u00e1ctica que requiere el desarrollo de las actividades profesionales para el Ciclo formativo de Educaci\u00f3n Infantil, Grado Superior.<\/p>\n<p>El IES Carre\u00f1o Miranda viene impartiendo este Ciclo Formativo desde su implantaci\u00f3n en el sistema educativo espa\u00f1ol, en el a\u00f1o 1996. Siendo uno de los tres Centros de la Comunidad donde se imparte esta modalidad.<\/p>\n<p>La realizaci\u00f3n de las pr\u00e1cticas de formaci\u00f3n por parte de los y las estudiantes no constituye v\u00ednculo laboral ni contractual de ning\u00fan tipo con el Ayuntamiento de Carre\u00f1o, ni contraprestaci\u00f3n econ\u00f3mica alguna durante su desarrollo.<\/p>\n<p>El Ayuntamiento de Carre\u00f1o para cada una de las personas que acudan a las pr\u00e1cticas designar\u00e1 un\/una Tutor\/Tutora de pr\u00e1cticas. Esta persona tendr\u00e1 que ser un profesional del Centro de Trabajo al que sea asignado. En este caso en la Escuela de Educaci\u00f3n Infantil \u201cLa Marinera\u201d. Entre las funciones que tendr\u00e1 que desarrollar destaca el seguimiento y control de la formaci\u00f3n de la persona en pr\u00e1cticas durante su per\u00edodo formativo, como la emisi\u00f3n de un informe sobre las actividades realizadas, con el fin de incorporarlo al proceso de evaluaci\u00f3n.<\/p>\n<p>La duraci\u00f3n del ciclo formativo es de 2.000 horas repartidas en dos cursos, constando el segundo curso de dos trimestre acad\u00e9micos y un trimestre de formaci\u00f3n en centros de trabajo. Por lo que la duraci\u00f3n de las pr\u00e1cticas viene ya determinada por en el Plan Formativo. Estas tendr\u00e1n una duraci\u00f3n de 380 horas. El per\u00edodo comprendido en el que alumnado asistir\u00e1 al Centro de Trabajo ser\u00e1 desde el pr\u00f3ximo 9 de abril hasta el 22 de junio.<\/p>\n<p>\u201cEsta nuevo compromiso con el IES Carre\u00f1o Miranda se suma al acuerdo firmado con la Universidad Juan Carlos de Madrid o con la Universidad de Oviedo, la UNED, ampliando nuestro compromiso con la empleabilidad y la formaci\u00f3n del alumnado que cursa sus estudios en estos Centros. La m\u00e1xima empleabilidad de los titulados\/as no puede ser posible sin el compromiso, la colaboraci\u00f3n y el trabajo de instituciones como el Ayuntamiento de Carre\u00f1o\u201d, se\u00f1al\u00f3 Cecilia Tasc\u00f3n -Concejala de Educaci\u00f3n-.<\/p>\n","protected":false},"excerpt":{"rendered":"<p>Fruto del acuerdo que el Ayuntamiento de Carre\u00f1o tiene firmado con el fin de contribuir a la formaci\u00f3n integral del alumnado del IES Carre\u00f1o Mirando de Avil\u00e9s, el alumnado del centro puede hacer las pr\u00e1cticas correspondientes en uno de sus Centro de Trabajo. A partir del pr\u00f3ximo lunes 9 de abril La Escuela de Educaci\u00f3n<\/p>\n","protected":false},"author":1,"featured_media":15610,"comment_status":"closed","ping_status":"closed","sticky":false,"template":"","format":"standard","meta":{"footnotes":""},"categories":[2],"tags":[],"class_list":{"0":"post-93059","1":"post","2":"type-post","3":"status-publish","4":"format-standard","5":"has-post-thumbnail","7":"category-noticias-carreno"},"aioseo_notices":[],"aioseo_head":"\n\t\t<!-- All in One SEO Pro 4.9.6.2 - aioseo.com -->\n\t<meta name=\"description\" content=\"Fruto del acuerdo que el Ayuntamiento de Carre\u00f1o tiene firmado con el fin de contribuir a la formaci\u00f3n integral del alumnado del IES Carre\u00f1o Mirando de Avil\u00e9s, el alumnado del centro puede hacer las pr\u00e1cticas correspondientes en uno de sus Centro de Trabajo. A partir del pr\u00f3ximo lunes 9 de abril La Escuela de Educaci\u00f3n\" \/>\n\t<meta name=\"robots\" content=\"max-image-preview:large\" \/>\n\t<meta name=\"author\" content=\"Cand\u00e1s 365\"\/>\n\t<meta name=\"google-site-verification\" content=\"UA-32230408-1\" \/>\n\t<meta name=\"msvalidate.01\" content=\"354F3CDFB2DA171B47FBE9ABF1F88D5\" \/>\n\t<meta name=\"keywords\" content=\"noticias carre\u00f1o\" \/>\n\t<link rel=\"canonical\" href=\"https:\/\/candas365.es\/noticias\/alumnado-en-practicas-en-la-escuela-de-educacion-infantil-la-marinera-de-candas\/\" \/>\n\t<meta name=\"generator\" content=\"All in One SEO Pro (AIOSEO) 4.9.6.2\" \/>\n\t\t<meta property=\"og:locale\" content=\"es_ES\" \/>\n\t\t<meta property=\"og:site_name\" content=\"Cand\u00e1s 365\" \/>\n\t\t<meta property=\"og:type\" content=\"article\" \/>\n\t\t<meta property=\"og:title\" content=\"Alumnado en Pr\u00e1cticas en la Escuela de Educaci\u00f3n Infantil \u201cLa Marinera\u201d, de Cand\u00e1s | Cand\u00e1s 365\" \/>\n\t\t<meta property=\"og:description\" content=\"Fruto del acuerdo que el Ayuntamiento de Carre\u00f1o tiene firmado con el fin de contribuir a la formaci\u00f3n integral del alumnado del IES Carre\u00f1o Mirando de Avil\u00e9s, el alumnado del centro puede hacer las pr\u00e1cticas correspondientes en uno de sus Centro de Trabajo. A partir del pr\u00f3ximo lunes 9 de abril La Escuela de Educaci\u00f3n\" \/>\n\t\t<meta property=\"og:url\" content=\"https:\/\/candas365.es\/noticias\/alumnado-en-practicas-en-la-escuela-de-educacion-infantil-la-marinera-de-candas\/\" \/>\n\t\t<meta property=\"og:image\" content=\"https:\/\/candas365.es\/noticias\/wp-content\/uploads\/2015\/09\/aula.jpg\" \/>\n\t\t<meta property=\"og:image:secure_url\" content=\"https:\/\/candas365.es\/noticias\/wp-content\/uploads\/2015\/09\/aula.jpg\" \/>\n\t\t<meta property=\"og:image:width\" content=\"655\" \/>\n\t\t<meta property=\"og:image:height\" content=\"360\" \/>\n\t\t<meta property=\"article:published_time\" content=\"2018-04-04T17:09:33+00:00\" \/>\n\t\t<meta property=\"article:modified_time\" content=\"2018-04-04T17:09:33+00:00\" \/>\n\t\t<meta property=\"article:publisher\" content=\"https:\/\/www.facebook.com\/Nachofdezber\" \/>\n\t\t<meta property=\"article:author\" content=\"https:\/\/www.facebook.com\/carrenoactualidad\" \/>\n\t\t<meta name=\"twitter:card\" content=\"summary_large_image\" \/>\n\t\t<meta name=\"twitter:site\" content=\"@NabercoDigital\" \/>\n\t\t<meta name=\"twitter:title\" content=\"Alumnado en Pr\u00e1cticas en la Escuela de Educaci\u00f3n Infantil \u201cLa Marinera\u201d, de Cand\u00e1s | Cand\u00e1s 365\" \/>\n\t\t<meta name=\"twitter:description\" content=\"Fruto del acuerdo que el Ayuntamiento de Carre\u00f1o tiene firmado con el fin de contribuir a la formaci\u00f3n integral del alumnado del IES Carre\u00f1o Mirando de Avil\u00e9s, el alumnado del centro puede hacer las pr\u00e1cticas correspondientes en uno de sus Centro de Trabajo. A partir del pr\u00f3ximo lunes 9 de abril La Escuela de Educaci\u00f3n\" \/>\n\t\t<meta name=\"twitter:creator\" content=\"@nbasturias\" \/>\n\t\t<meta name=\"twitter:image\" content=\"https:\/\/candas365.es\/noticias\/wp-content\/uploads\/2015\/09\/aula.jpg\" \/>\n\t\t<meta name=\"twitter:label1\" content=\"Escrito por\" \/>\n\t\t<meta name=\"twitter:data1\" content=\"Cand\u00e1s 365\" \/>\n\t\t<meta name=\"twitter:label2\" content=\"Tiempo de lectura estimado\" \/>\n\t\t<meta name=\"twitter:data2\" content=\"2 minutos\" \/>\n\t\t<script type=\"application\/ld+json\" class=\"aioseo-schema\">\n\t\t\t{\"@context\":\"https:\\\/\\\/schema.org\",\"@graph\":[{\"@type\":\"BreadcrumbList\",\"@id\":\"https:\\\/\\\/candas365.es\\\/noticias\\\/alumnado-en-practicas-en-la-escuela-de-educacion-infantil-la-marinera-de-candas\\\/#breadcrumblist\",\"itemListElement\":[{\"@type\":\"ListItem\",\"@id\":\"https:\\\/\\\/candas365.es\\\/noticias#listItem\",\"position\":1,\"name\":\"Home\",\"item\":\"https:\\\/\\\/candas365.es\\\/noticias\",\"nextItem\":{\"@type\":\"ListItem\",\"@id\":\"https:\\\/\\\/candas365.es\\\/noticias\\\/category\\\/noticias-carreno\\\/#listItem\",\"name\":\"Noticias Carre\\u00f1o\"}},{\"@type\":\"ListItem\",\"@id\":\"https:\\\/\\\/candas365.es\\\/noticias\\\/category\\\/noticias-carreno\\\/#listItem\",\"position\":2,\"name\":\"Noticias Carre\\u00f1o\",\"item\":\"https:\\\/\\\/candas365.es\\\/noticias\\\/category\\\/noticias-carreno\\\/\",\"nextItem\":{\"@type\":\"ListItem\",\"@id\":\"https:\\\/\\\/candas365.es\\\/noticias\\\/alumnado-en-practicas-en-la-escuela-de-educacion-infantil-la-marinera-de-candas\\\/#listItem\",\"name\":\"Alumnado en Pr\\u00e1cticas en la Escuela de Educaci\\u00f3n Infantil \\u201cLa Marinera\\u201d, de Cand\\u00e1s\"},\"previousItem\":{\"@type\":\"ListItem\",\"@id\":\"https:\\\/\\\/candas365.es\\\/noticias#listItem\",\"name\":\"Home\"}},{\"@type\":\"ListItem\",\"@id\":\"https:\\\/\\\/candas365.es\\\/noticias\\\/alumnado-en-practicas-en-la-escuela-de-educacion-infantil-la-marinera-de-candas\\\/#listItem\",\"position\":3,\"name\":\"Alumnado en Pr\\u00e1cticas en la Escuela de Educaci\\u00f3n Infantil \\u201cLa Marinera\\u201d, de Cand\\u00e1s\",\"previousItem\":{\"@type\":\"ListItem\",\"@id\":\"https:\\\/\\\/candas365.es\\\/noticias\\\/category\\\/noticias-carreno\\\/#listItem\",\"name\":\"Noticias Carre\\u00f1o\"}}]},{\"@type\":\"NewsArticle\",\"@id\":\"https:\\\/\\\/candas365.es\\\/noticias\\\/alumnado-en-practicas-en-la-escuela-de-educacion-infantil-la-marinera-de-candas\\\/#newsarticle\",\"name\":\"Alumnado en Pr\\u00e1cticas en la Escuela de Educaci\\u00f3n Infantil \\u201cLa Marinera\\u201d, de Cand\\u00e1s | Cand\\u00e1s 365\",\"headline\":\"Alumnado en Pr\\u00e1cticas en la Escuela de Educaci\\u00f3n Infantil \\u201cLa Marinera\\u201d, de Cand\\u00e1s\",\"author\":{\"@id\":\"https:\\\/\\\/candas365.es\\\/noticias\\\/author\\\/admin\\\/#author\"},\"publisher\":{\"@id\":\"https:\\\/\\\/candas365.es\\\/noticias\\\/#organization\"},\"image\":{\"@type\":\"ImageObject\",\"url\":\"https:\\\/\\\/candas365.es\\\/noticias\\\/wp-content\\\/uploads\\\/2015\\\/09\\\/aula.jpg\",\"width\":655,\"height\":360,\"caption\":\"aula\"},\"datePublished\":\"2018-04-04T17:09:33+02:00\",\"dateModified\":\"2018-04-04T17:09:33+02:00\",\"inLanguage\":\"es-ES\",\"mainEntityOfPage\":{\"@id\":\"https:\\\/\\\/candas365.es\\\/noticias\\\/alumnado-en-practicas-en-la-escuela-de-educacion-infantil-la-marinera-de-candas\\\/#webpage\"},\"isPartOf\":{\"@id\":\"https:\\\/\\\/candas365.es\\\/noticias\\\/alumnado-en-practicas-en-la-escuela-de-educacion-infantil-la-marinera-de-candas\\\/#webpage\"},\"articleSection\":\"Noticias Carre\\u00f1o\",\"dateline\":\"Publicado el abril 4, 2018.\"},{\"@type\":\"Organization\",\"@id\":\"https:\\\/\\\/candas365.es\\\/noticias\\\/#organization\",\"name\":\"Cand\\u00e1s 365\",\"description\":\"Cand\\u00e1s 365 es un diario digital independiente, fundado en 2012, con base en Asturias. Informamos con rigor sobre actualidad, sociedad, cultura y ocio, con una mirada local y global.\",\"url\":\"https:\\\/\\\/candas365.es\\\/noticias\\\/\",\"email\":\"info@candas365.es\",\"telephone\":\"+34652131393\",\"foundingDate\":\"2012-06-10\",\"logo\":{\"@type\":\"ImageObject\",\"url\":\"https:\\\/\\\/candas365.es\\\/noticias\\\/wp-content\\\/uploads\\\/2024\\\/09\\\/Candas-365-Redes.jpg\",\"@id\":\"https:\\\/\\\/candas365.es\\\/noticias\\\/alumnado-en-practicas-en-la-escuela-de-educacion-infantil-la-marinera-de-candas\\\/#organizationLogo\",\"width\":1152,\"height\":864,\"caption\":\"Cand\\u00e1s 365 Redes\"},\"image\":{\"@id\":\"https:\\\/\\\/candas365.es\\\/noticias\\\/alumnado-en-practicas-en-la-escuela-de-educacion-infantil-la-marinera-de-candas\\\/#organizationLogo\"},\"sameAs\":[\"https:\\\/\\\/www.facebook.com\\\/Nachofdezber\",\"https:\\\/\\\/x.com\\\/NabercoDigital\",\"https:\\\/\\\/www.instagram.com\\\/nachofdezber\\\/\",\"https:\\\/\\\/www.youtube.com\\\/channel\\\/UCZP-2wLEB9Rv6erhFmqVnvg\"],\"address\":{\"@id\":\"https:\\\/\\\/candas365.es\\\/noticias\\\/#postaladdress\",\"@type\":\"PostalAddress\",\"streetAddress\":\"san antonio 4, san antonio 4\",\"postalCode\":\"33430\",\"addressLocality\":\"Cand\\u00e1s\",\"addressRegion\":\"Asturias\",\"addressCountry\":\"ES\"}},{\"@type\":\"Person\",\"@id\":\"https:\\\/\\\/candas365.es\\\/noticias\\\/author\\\/admin\\\/#author\",\"url\":\"https:\\\/\\\/candas365.es\\\/noticias\\\/author\\\/admin\\\/\",\"name\":\"Cand\\u00e1s 365\",\"image\":{\"@type\":\"ImageObject\",\"@id\":\"https:\\\/\\\/candas365.es\\\/noticias\\\/alumnado-en-practicas-en-la-escuela-de-educacion-infantil-la-marinera-de-candas\\\/#authorImage\",\"url\":\"https:\\\/\\\/secure.gravatar.com\\\/avatar\\\/496a8e03d0c493ede1718b7934145dbdf8d89be1036b0eec9544e1094c9de390?s=96&d=mm&r=g\",\"width\":96,\"height\":96,\"caption\":\"Cand\\u00e1s 365\"},\"sameAs\":[\"https:\\\/\\\/www.facebook.com\\\/carrenoactualidad\",\"https:\\\/\\\/twitter.com\\\/nbasturias\",\"https:\\\/\\\/www.instagram.com\\\/nachofdezber\\\/\",\"https:\\\/\\\/www.youtube.com\\\/channel\\\/UCZP-2wLEB9Rv6erhFmqVnvg\"]},{\"@type\":\"WebPage\",\"@id\":\"https:\\\/\\\/candas365.es\\\/noticias\\\/alumnado-en-practicas-en-la-escuela-de-educacion-infantil-la-marinera-de-candas\\\/#webpage\",\"url\":\"https:\\\/\\\/candas365.es\\\/noticias\\\/alumnado-en-practicas-en-la-escuela-de-educacion-infantil-la-marinera-de-candas\\\/\",\"name\":\"Alumnado en Pr\\u00e1cticas en la Escuela de Educaci\\u00f3n Infantil \\u201cLa Marinera\\u201d, de Cand\\u00e1s | Cand\\u00e1s 365\",\"description\":\"Fruto del acuerdo que el Ayuntamiento de Carre\\u00f1o tiene firmado con el fin de contribuir a la formaci\\u00f3n integral del alumnado del IES Carre\\u00f1o Mirando de Avil\\u00e9s, el alumnado del centro puede hacer las pr\\u00e1cticas correspondientes en uno de sus Centro de Trabajo. A partir del pr\\u00f3ximo lunes 9 de abril La Escuela de Educaci\\u00f3n\",\"inLanguage\":\"es-ES\",\"isPartOf\":{\"@id\":\"https:\\\/\\\/candas365.es\\\/noticias\\\/#website\"},\"breadcrumb\":{\"@id\":\"https:\\\/\\\/candas365.es\\\/noticias\\\/alumnado-en-practicas-en-la-escuela-de-educacion-infantil-la-marinera-de-candas\\\/#breadcrumblist\"},\"author\":{\"@id\":\"https:\\\/\\\/candas365.es\\\/noticias\\\/author\\\/admin\\\/#author\"},\"creator\":{\"@id\":\"https:\\\/\\\/candas365.es\\\/noticias\\\/author\\\/admin\\\/#author\"},\"image\":{\"@type\":\"ImageObject\",\"url\":\"https:\\\/\\\/candas365.es\\\/noticias\\\/wp-content\\\/uploads\\\/2015\\\/09\\\/aula.jpg\",\"@id\":\"https:\\\/\\\/candas365.es\\\/noticias\\\/alumnado-en-practicas-en-la-escuela-de-educacion-infantil-la-marinera-de-candas\\\/#mainImage\",\"width\":655,\"height\":360,\"caption\":\"aula\"},\"primaryImageOfPage\":{\"@id\":\"https:\\\/\\\/candas365.es\\\/noticias\\\/alumnado-en-practicas-en-la-escuela-de-educacion-infantil-la-marinera-de-candas\\\/#mainImage\"},\"datePublished\":\"2018-04-04T17:09:33+02:00\",\"dateModified\":\"2018-04-04T17:09:33+02:00\"},{\"@type\":\"WebSite\",\"@id\":\"https:\\\/\\\/candas365.es\\\/noticias\\\/#website\",\"url\":\"https:\\\/\\\/candas365.es\\\/noticias\\\/\",\"name\":\"Cand\\u00e1s 365\",\"alternateName\":\"Cand\\u00e1s 365 Noticias\",\"description\":\"Actualidad desde Carre\\u00f1o para el mundo\",\"inLanguage\":\"es-ES\",\"publisher\":{\"@id\":\"https:\\\/\\\/candas365.es\\\/noticias\\\/#organization\"}}]}\n\t\t<\/script>\n\t\t<!-- All in One SEO Pro -->\r\n\t\t<title>Alumnado en Pr\u00e1cticas en la Escuela de Educaci\u00f3n Infantil \u201cLa Marinera\u201d, de Cand\u00e1s | Cand\u00e1s 365<\/title>\n\n","aioseo_head_json":{"title":"Alumnado en Pr\u00e1cticas en la Escuela de Educaci\u00f3n Infantil \u201cLa Marinera\u201d, de Cand\u00e1s | Cand\u00e1s 365","description":"Fruto del acuerdo que el Ayuntamiento de Carre\u00f1o tiene firmado con el fin de contribuir a la formaci\u00f3n integral del alumnado del IES Carre\u00f1o Mirando de Avil\u00e9s, el alumnado del centro puede hacer las pr\u00e1cticas correspondientes en uno de sus Centro de Trabajo. A partir del pr\u00f3ximo lunes 9 de abril La Escuela de Educaci\u00f3n","canonical_url":"https:\/\/candas365.es\/noticias\/alumnado-en-practicas-en-la-escuela-de-educacion-infantil-la-marinera-de-candas\/","robots":"max-image-preview:large","keywords":"noticias carre\u00f1o","webmasterTools":{"google-site-verification":"UA-32230408-1","msvalidate.01":"354F3CDFB2DA171B47FBE9ABF1F88D5","miscellaneous":""},"schema":{"@context":"https:\/\/schema.org","@graph":[{"@type":"BreadcrumbList","@id":"https:\/\/candas365.es\/noticias\/alumnado-en-practicas-en-la-escuela-de-educacion-infantil-la-marinera-de-candas\/#breadcrumblist","itemListElement":[{"@type":"ListItem","@id":"https:\/\/candas365.es\/noticias#listItem","position":1,"name":"Home","item":"https:\/\/candas365.es\/noticias","nextItem":{"@type":"ListItem","@id":"https:\/\/candas365.es\/noticias\/category\/noticias-carreno\/#listItem","name":"Noticias Carre\u00f1o"}},{"@type":"ListItem","@id":"https:\/\/candas365.es\/noticias\/category\/noticias-carreno\/#listItem","position":2,"name":"Noticias Carre\u00f1o","item":"https:\/\/candas365.es\/noticias\/category\/noticias-carreno\/","nextItem":{"@type":"ListItem","@id":"https:\/\/candas365.es\/noticias\/alumnado-en-practicas-en-la-escuela-de-educacion-infantil-la-marinera-de-candas\/#listItem","name":"Alumnado en Pr\u00e1cticas en la Escuela de Educaci\u00f3n Infantil \u201cLa Marinera\u201d, de Cand\u00e1s"},"previousItem":{"@type":"ListItem","@id":"https:\/\/candas365.es\/noticias#listItem","name":"Home"}},{"@type":"ListItem","@id":"https:\/\/candas365.es\/noticias\/alumnado-en-practicas-en-la-escuela-de-educacion-infantil-la-marinera-de-candas\/#listItem","position":3,"name":"Alumnado en Pr\u00e1cticas en la Escuela de Educaci\u00f3n Infantil \u201cLa Marinera\u201d, de Cand\u00e1s","previousItem":{"@type":"ListItem","@id":"https:\/\/candas365.es\/noticias\/category\/noticias-carreno\/#listItem","name":"Noticias Carre\u00f1o"}}]},{"@type":"NewsArticle","@id":"https:\/\/candas365.es\/noticias\/alumnado-en-practicas-en-la-escuela-de-educacion-infantil-la-marinera-de-candas\/#newsarticle","name":"Alumnado en Pr\u00e1cticas en la Escuela de Educaci\u00f3n Infantil \u201cLa Marinera\u201d, de Cand\u00e1s | Cand\u00e1s 365","headline":"Alumnado en Pr\u00e1cticas en la Escuela de Educaci\u00f3n Infantil \u201cLa Marinera\u201d, de Cand\u00e1s","author":{"@id":"https:\/\/candas365.es\/noticias\/author\/admin\/#author"},"publisher":{"@id":"https:\/\/candas365.es\/noticias\/#organization"},"image":{"@type":"ImageObject","url":"https:\/\/candas365.es\/noticias\/wp-content\/uploads\/2015\/09\/aula.jpg","width":655,"height":360,"caption":"aula"},"datePublished":"2018-04-04T17:09:33+02:00","dateModified":"2018-04-04T17:09:33+02:00","inLanguage":"es-ES","mainEntityOfPage":{"@id":"https:\/\/candas365.es\/noticias\/alumnado-en-practicas-en-la-escuela-de-educacion-infantil-la-marinera-de-candas\/#webpage"},"isPartOf":{"@id":"https:\/\/candas365.es\/noticias\/alumnado-en-practicas-en-la-escuela-de-educacion-infantil-la-marinera-de-candas\/#webpage"},"articleSection":"Noticias Carre\u00f1o","dateline":"Publicado el abril 4, 2018."},{"@type":"Organization","@id":"https:\/\/candas365.es\/noticias\/#organization","name":"Cand\u00e1s 365","description":"Cand\u00e1s 365 es un diario digital independiente, fundado en 2012, con base en Asturias. Informamos con rigor sobre actualidad, sociedad, cultura y ocio, con una mirada local y global.","url":"https:\/\/candas365.es\/noticias\/","email":"info@candas365.es","telephone":"+34652131393","foundingDate":"2012-06-10","logo":{"@type":"ImageObject","url":"https:\/\/candas365.es\/noticias\/wp-content\/uploads\/2024\/09\/Candas-365-Redes.jpg","@id":"https:\/\/candas365.es\/noticias\/alumnado-en-practicas-en-la-escuela-de-educacion-infantil-la-marinera-de-candas\/#organizationLogo","width":1152,"height":864,"caption":"Cand\u00e1s 365 Redes"},"image":{"@id":"https:\/\/candas365.es\/noticias\/alumnado-en-practicas-en-la-escuela-de-educacion-infantil-la-marinera-de-candas\/#organizationLogo"},"sameAs":["https:\/\/www.facebook.com\/Nachofdezber","https:\/\/x.com\/NabercoDigital","https:\/\/www.instagram.com\/nachofdezber\/","https:\/\/www.youtube.com\/channel\/UCZP-2wLEB9Rv6erhFmqVnvg"],"address":{"@id":"https:\/\/candas365.es\/noticias\/#postaladdress","@type":"PostalAddress","streetAddress":"san antonio 4, san antonio 4","postalCode":"33430","addressLocality":"Cand\u00e1s","addressRegion":"Asturias","addressCountry":"ES"}},{"@type":"Person","@id":"https:\/\/candas365.es\/noticias\/author\/admin\/#author","url":"https:\/\/candas365.es\/noticias\/author\/admin\/","name":"Cand\u00e1s 365","image":{"@type":"ImageObject","@id":"https:\/\/candas365.es\/noticias\/alumnado-en-practicas-en-la-escuela-de-educacion-infantil-la-marinera-de-candas\/#authorImage","url":"https:\/\/secure.gravatar.com\/avatar\/496a8e03d0c493ede1718b7934145dbdf8d89be1036b0eec9544e1094c9de390?s=96&d=mm&r=g","width":96,"height":96,"caption":"Cand\u00e1s 365"},"sameAs":["https:\/\/www.facebook.com\/carrenoactualidad","https:\/\/twitter.com\/nbasturias","https:\/\/www.instagram.com\/nachofdezber\/","https:\/\/www.youtube.com\/channel\/UCZP-2wLEB9Rv6erhFmqVnvg"]},{"@type":"WebPage","@id":"https:\/\/candas365.es\/noticias\/alumnado-en-practicas-en-la-escuela-de-educacion-infantil-la-marinera-de-candas\/#webpage","url":"https:\/\/candas365.es\/noticias\/alumnado-en-practicas-en-la-escuela-de-educacion-infantil-la-marinera-de-candas\/","name":"Alumnado en Pr\u00e1cticas en la Escuela de Educaci\u00f3n Infantil \u201cLa Marinera\u201d, de Cand\u00e1s | Cand\u00e1s 365","description":"Fruto del acuerdo que el Ayuntamiento de Carre\u00f1o tiene firmado con el fin de contribuir a la formaci\u00f3n integral del alumnado del IES Carre\u00f1o Mirando de Avil\u00e9s, el alumnado del centro puede hacer las pr\u00e1cticas correspondientes en uno de sus Centro de Trabajo. A partir del pr\u00f3ximo lunes 9 de abril La Escuela de Educaci\u00f3n","inLanguage":"es-ES","isPartOf":{"@id":"https:\/\/candas365.es\/noticias\/#website"},"breadcrumb":{"@id":"https:\/\/candas365.es\/noticias\/alumnado-en-practicas-en-la-escuela-de-educacion-infantil-la-marinera-de-candas\/#breadcrumblist"},"author":{"@id":"https:\/\/candas365.es\/noticias\/author\/admin\/#author"},"creator":{"@id":"https:\/\/candas365.es\/noticias\/author\/admin\/#author"},"image":{"@type":"ImageObject","url":"https:\/\/candas365.es\/noticias\/wp-content\/uploads\/2015\/09\/aula.jpg","@id":"https:\/\/candas365.es\/noticias\/alumnado-en-practicas-en-la-escuela-de-educacion-infantil-la-marinera-de-candas\/#mainImage","width":655,"height":360,"caption":"aula"},"primaryImageOfPage":{"@id":"https:\/\/candas365.es\/noticias\/alumnado-en-practicas-en-la-escuela-de-educacion-infantil-la-marinera-de-candas\/#mainImage"},"datePublished":"2018-04-04T17:09:33+02:00","dateModified":"2018-04-04T17:09:33+02:00"},{"@type":"WebSite","@id":"https:\/\/candas365.es\/noticias\/#website","url":"https:\/\/candas365.es\/noticias\/","name":"Cand\u00e1s 365","alternateName":"Cand\u00e1s 365 Noticias","description":"Actualidad desde Carre\u00f1o para el mundo","inLanguage":"es-ES","publisher":{"@id":"https:\/\/candas365.es\/noticias\/#organization"}}]},"og:locale":"es_ES","og:site_name":"Cand\u00e1s 365","og:type":"article","og:title":"Alumnado en Pr\u00e1cticas en la Escuela de Educaci\u00f3n Infantil \u201cLa Marinera\u201d, de Cand\u00e1s | Cand\u00e1s 365","og:description":"Fruto del acuerdo que el Ayuntamiento de Carre\u00f1o tiene firmado con el fin de contribuir a la formaci\u00f3n integral del alumnado del IES Carre\u00f1o Mirando de Avil\u00e9s, el alumnado del centro puede hacer las pr\u00e1cticas correspondientes en uno de sus Centro de Trabajo. A partir del pr\u00f3ximo lunes 9 de abril La Escuela de Educaci\u00f3n","og:url":"https:\/\/candas365.es\/noticias\/alumnado-en-practicas-en-la-escuela-de-educacion-infantil-la-marinera-de-candas\/","og:image":"https:\/\/candas365.es\/noticias\/wp-content\/uploads\/2015\/09\/aula.jpg","og:image:secure_url":"https:\/\/candas365.es\/noticias\/wp-content\/uploads\/2015\/09\/aula.jpg","og:image:width":655,"og:image:height":360,"article:published_time":"2018-04-04T17:09:33+00:00","article:modified_time":"2018-04-04T17:09:33+00:00","article:publisher":"https:\/\/www.facebook.com\/Nachofdezber","article:author":"https:\/\/www.facebook.com\/carrenoactualidad","twitter:card":"summary_large_image","twitter:site":"@NabercoDigital","twitter:title":"Alumnado en Pr\u00e1cticas en la Escuela de Educaci\u00f3n Infantil \u201cLa Marinera\u201d, de Cand\u00e1s | Cand\u00e1s 365","twitter:description":"Fruto del acuerdo que el Ayuntamiento de Carre\u00f1o tiene firmado con el fin de contribuir a la formaci\u00f3n integral del alumnado del IES Carre\u00f1o Mirando de Avil\u00e9s, el alumnado del centro puede hacer las pr\u00e1cticas correspondientes en uno de sus Centro de Trabajo. A partir del pr\u00f3ximo lunes 9 de abril La Escuela de Educaci\u00f3n","twitter:creator":"@nbasturias","twitter:image":"https:\/\/candas365.es\/noticias\/wp-content\/uploads\/2015\/09\/aula.jpg","twitter:label1":"Escrito por","twitter:data1":"Cand\u00e1s 365","twitter:label2":"Tiempo de lectura estimado","twitter:data2":"2 minutos"},"aioseo_meta_data":{"post_id":"93059","title":null,"description":null,"keywords":null,"keyphrases":null,"primary_term":null,"canonical_url":null,"og_title":null,"og_description":null,"og_object_type":"default","og_image_type":"default","og_image_url":null,"og_image_width":null,"og_image_height":null,"og_image_custom_url":null,"og_image_custom_fields":null,"og_video":null,"og_custom_url":null,"og_article_section":null,"og_article_tags":null,"twitter_use_og":false,"twitter_card":"default","twitter_image_type":"default","twitter_image_url":null,"twitter_image_custom_url":null,"twitter_image_custom_fields":null,"twitter_title":null,"twitter_description":null,"schema":{"blockGraphs":[],"customGraphs":[],"default":{"data":{"Article":[],"Course":[],"Dataset":[],"FAQPage":[],"Movie":[],"Person":[],"Product":[],"ProductReview":[],"Car":[],"Recipe":[],"Service":[],"SoftwareApplication":[],"WebPage":[]},"graphName":"","isEnabled":true},"graphs":[]},"schema_type":null,"schema_type_options":null,"pillar_content":false,"robots_default":true,"robots_noindex":false,"robots_noarchive":false,"robots_nosnippet":false,"robots_nofollow":false,"robots_noimageindex":false,"robots_noodp":false,"robots_notranslate":false,"robots_max_snippet":null,"robots_max_videopreview":null,"robots_max_imagepreview":"large","priority":null,"frequency":null,"location":null,"local_seo":null,"seo_analyzer_scan_date":"2025-08-26 17:07:16","breadcrumb_settings":null,"limit_modified_date":false,"reviewed_by":null,"open_ai":null,"ai":null,"created":"2020-12-21 11:54:00","updated":"2025-08-26 17:07:16"},"aioseo_breadcrumb":"<div class=\"aioseo-breadcrumbs\"><span class=\"aioseo-breadcrumb\">\n\t<a href=\"https:\/\/candas365.es\/noticias\" title=\"Home\">Home<\/a>\n<\/span><span class=\"aioseo-breadcrumb-separator\">&ndash;<\/span><span class=\"aioseo-breadcrumb\">\n\t<a href=\"https:\/\/candas365.es\/noticias\/category\/noticias-carreno\/\" title=\"Noticias Carre\u00f1o\">Noticias Carre\u00f1o<\/a>\n<\/span><span class=\"aioseo-breadcrumb-separator\">&ndash;<\/span><span class=\"aioseo-breadcrumb\">\n\tAlumnado en Pr\u00e1cticas en la Escuela de Educaci\u00f3n Infantil \u201cLa Marinera\u201d, de Cand\u00e1s\n<\/span><\/div>","aioseo_breadcrumb_json":[{"label":"Home","link":"https:\/\/candas365.es\/noticias"},{"label":"Noticias Carre\u00f1o","link":"https:\/\/candas365.es\/noticias\/category\/noticias-carreno\/"},{"label":"Alumnado en Pr\u00e1cticas en la Escuela de Educaci\u00f3n Infantil \u201cLa Marinera\u201d, de Cand\u00e1s","link":"https:\/\/candas365.es\/noticias\/alumnado-en-practicas-en-la-escuela-de-educacion-infantil-la-marinera-de-candas\/"}],"_links":{"self":[{"href":"https:\/\/candas365.es\/noticias\/wp-json\/wp\/v2\/posts\/93059","targetHints":{"allow":["GET"]}}],"collection":[{"href":"https:\/\/candas365.es\/noticias\/wp-json\/wp\/v2\/posts"}],"about":[{"href":"https:\/\/candas365.es\/noticias\/wp-json\/wp\/v2\/types\/post"}],"author":[{"embeddable":true,"href":"https:\/\/candas365.es\/noticias\/wp-json\/wp\/v2\/users\/1"}],"replies":[{"embeddable":true,"href":"https:\/\/candas365.es\/noticias\/wp-json\/wp\/v2\/comments?post=93059"}],"version-history":[{"count":0,"href":"https:\/\/candas365.es\/noticias\/wp-json\/wp\/v2\/posts\/93059\/revisions"}],"wp:featuredmedia":[{"embeddable":true,"href":"https:\/\/candas365.es\/noticias\/wp-json\/wp\/v2\/media\/15610"}],"wp:attachment":[{"href":"https:\/\/candas365.es\/noticias\/wp-json\/wp\/v2\/media?parent=93059"}],"wp:term":[{"taxonomy":"category","embeddable":true,"href":"https:\/\/candas365.es\/noticias\/wp-json\/wp\/v2\/categories?post=93059"},{"taxonomy":"post_tag","embeddable":true,"href":"https:\/\/candas365.es\/noticias\/wp-json\/wp\/v2\/tags?post=93059"}],"curies":[{"name":"wp","href":"https:\/\/api.w.org\/{rel}","templated":true}]}}