{"id":93057,"date":"2018-04-04T16:58:24","date_gmt":"2018-04-04T16:58:24","guid":{"rendered":"http:\/\/candas365.es\/noticias\/?p=93057"},"modified":"2018-04-04T16:58:24","modified_gmt":"2018-04-04T16:58:24","slug":"conferencia-sobre-anton-de-marirreguera-en-candas","status":"publish","type":"post","link":"https:\/\/candas365.es\/noticias\/conferencia-sobre-anton-de-marirreguera-en-candas\/","title":{"rendered":"Conferencia sobre \u201cAnt\u00f3n de Marirreguera\u201d, en Cand\u00e1s"},"content":{"rendered":"<p><img fetchpriority=\"high\" decoding=\"async\" class=\"alignleft size-medium wp-image-11794\" src=\"https:\/\/candas365.es\/noticias\/wp-content\/uploads\/2015\/06\/museo-322x300.jpg\" alt=\"\" width=\"322\" height=\"300\" srcset=\"https:\/\/candas365.es\/noticias\/wp-content\/uploads\/2015\/06\/museo-322x300.jpg 322w, https:\/\/candas365.es\/noticias\/wp-content\/uploads\/2015\/06\/museo-516x480.jpg 516w, https:\/\/candas365.es\/noticias\/wp-content\/uploads\/2015\/06\/museo-768x715.jpg 768w, https:\/\/candas365.es\/noticias\/wp-content\/uploads\/2015\/06\/museo-1536x1430.jpg 1536w, https:\/\/candas365.es\/noticias\/wp-content\/uploads\/2015\/06\/museo-150x140.jpg 150w, https:\/\/candas365.es\/noticias\/wp-content\/uploads\/2015\/06\/museo-450x419.jpg 450w, https:\/\/candas365.es\/noticias\/wp-content\/uploads\/2015\/06\/museo-1200x1117.jpg 1200w, https:\/\/candas365.es\/noticias\/wp-content\/uploads\/2015\/06\/museo-696x648.jpg 696w, https:\/\/candas365.es\/noticias\/wp-content\/uploads\/2015\/06\/museo-1068x994.jpg 1068w, https:\/\/candas365.es\/noticias\/wp-content\/uploads\/2015\/06\/museo-451x420.jpg 451w, https:\/\/candas365.es\/noticias\/wp-content\/uploads\/2015\/06\/museo.jpg 1904w\" sizes=\"(max-width: 322px) 100vw, 322px\" \/>Ma\u00f1ana, jueves 5 de abril, a las 19:30 horas, tendr\u00e1 lugar en el Museo Ant\u00f3n de Cand\u00e1s una conferencia sobre \u201cAnt\u00f3n de Marirreguera\u201d impartida por el escritor <strong>Xandru Martino Ruiz.<\/strong><\/p>\n<p>Al finalizar la charla, la escritora Marta Mori, ofrecer\u00e1 un recital l\u00edrico-musical, en el que declamar\u00e1 algunas de sus poes\u00edas acompa\u00f1ada por <strong>Javier Fern\u00e1ndez Mor\u00e1n<\/strong> al violonchelo.<\/p>\n<p>El acto ser\u00e1 presentado por M\u00aa Esther Garc\u00eda L\u00f3pez, escritora y presidenta de la Asociaci\u00f3n de Escritores de Asturias.<\/p>\n<p>Ambas actividades se enmarcan dentro del \u201cPrograma Cultural Ant\u00f3n de Marirreguera, Carre\u00f1o \u00f1eru de la pluma n&#8217;asturianu\u201d, organizado por el Ayuntamiento de Carre\u00f1o, en colaboraci\u00f3n con la Consejer\u00eda de Educaci\u00f3n y Cultura del Principado de Asturias, la Academia de la Llingua y Reciella.<\/p>\n<p>La entrada es libre y gratuita hasta completar el aforo.<\/p>\n","protected":false},"excerpt":{"rendered":"<p>Ma\u00f1ana, jueves 5 de abril, a las 19:30 horas, tendr\u00e1 lugar en el Museo Ant\u00f3n de Cand\u00e1s una conferencia sobre \u201cAnt\u00f3n de Marirreguera\u201d impartida por el escritor Xandru Martino Ruiz. Al finalizar la charla, la escritora Marta Mori, ofrecer\u00e1 un recital l\u00edrico-musical, en el que declamar\u00e1 algunas de sus poes\u00edas acompa\u00f1ada por Javier Fern\u00e1ndez Mor\u00e1n<\/p>\n","protected":false},"author":1,"featured_media":11794,"comment_status":"closed","ping_status":"closed","sticky":false,"template":"","format":"standard","meta":{"footnotes":""},"categories":[1,2],"tags":[],"class_list":{"0":"post-93057","1":"post","2":"type-post","3":"status-publish","4":"format-standard","5":"has-post-thumbnail","7":"category-agenda","8":"category-noticias-carreno"},"aioseo_notices":[],"aioseo_head":"\n\t\t<!-- All in One SEO Pro 4.9.6.2 - aioseo.com -->\n\t<meta name=\"description\" content=\"Ma\u00f1ana, jueves 5 de abril, a las 19:30 horas, tendr\u00e1 lugar en el Museo Ant\u00f3n de Cand\u00e1s una conferencia sobre \u201cAnt\u00f3n de Marirreguera\u201d impartida por el escritor Xandru Martino Ruiz. Al finalizar la charla, la escritora Marta Mori, ofrecer\u00e1 un recital l\u00edrico-musical, en el que declamar\u00e1 algunas de sus poes\u00edas acompa\u00f1ada por Javier Fern\u00e1ndez Mor\u00e1n\" \/>\n\t<meta name=\"robots\" content=\"max-image-preview:large\" \/>\n\t<meta name=\"author\" content=\"Cand\u00e1s 365\"\/>\n\t<meta name=\"google-site-verification\" content=\"UA-32230408-1\" \/>\n\t<meta name=\"msvalidate.01\" content=\"354F3CDFB2DA171B47FBE9ABF1F88D5\" \/>\n\t<meta name=\"keywords\" content=\"agenda,noticias carre\u00f1o\" \/>\n\t<link rel=\"canonical\" href=\"https:\/\/candas365.es\/noticias\/conferencia-sobre-anton-de-marirreguera-en-candas\/\" \/>\n\t<meta name=\"generator\" content=\"All in One SEO Pro (AIOSEO) 4.9.6.2\" \/>\n\t\t<meta property=\"og:locale\" content=\"es_ES\" \/>\n\t\t<meta property=\"og:site_name\" content=\"Cand\u00e1s 365\" \/>\n\t\t<meta property=\"og:type\" content=\"article\" \/>\n\t\t<meta property=\"og:title\" content=\"Conferencia sobre \u201cAnt\u00f3n de Marirreguera\u201d, en Cand\u00e1s | Cand\u00e1s 365\" \/>\n\t\t<meta property=\"og:description\" content=\"Ma\u00f1ana, jueves 5 de abril, a las 19:30 horas, tendr\u00e1 lugar en el Museo Ant\u00f3n de Cand\u00e1s una conferencia sobre \u201cAnt\u00f3n de Marirreguera\u201d impartida por el escritor Xandru Martino Ruiz. Al finalizar la charla, la escritora Marta Mori, ofrecer\u00e1 un recital l\u00edrico-musical, en el que declamar\u00e1 algunas de sus poes\u00edas acompa\u00f1ada por Javier Fern\u00e1ndez Mor\u00e1n\" \/>\n\t\t<meta property=\"og:url\" content=\"https:\/\/candas365.es\/noticias\/conferencia-sobre-anton-de-marirreguera-en-candas\/\" \/>\n\t\t<meta property=\"og:image\" content=\"https:\/\/candas365.es\/noticias\/wp-content\/uploads\/2015\/06\/museo.jpg\" \/>\n\t\t<meta property=\"og:image:secure_url\" content=\"https:\/\/candas365.es\/noticias\/wp-content\/uploads\/2015\/06\/museo.jpg\" \/>\n\t\t<meta property=\"og:image:width\" content=\"1904\" \/>\n\t\t<meta property=\"og:image:height\" content=\"1772\" \/>\n\t\t<meta property=\"article:published_time\" content=\"2018-04-04T16:58:24+00:00\" \/>\n\t\t<meta property=\"article:modified_time\" content=\"2018-04-04T16:58:24+00:00\" \/>\n\t\t<meta property=\"article:publisher\" content=\"https:\/\/www.facebook.com\/Nachofdezber\" \/>\n\t\t<meta property=\"article:author\" content=\"https:\/\/www.facebook.com\/carrenoactualidad\" \/>\n\t\t<meta name=\"twitter:card\" content=\"summary_large_image\" \/>\n\t\t<meta name=\"twitter:site\" content=\"@NabercoDigital\" \/>\n\t\t<meta name=\"twitter:title\" content=\"Conferencia sobre \u201cAnt\u00f3n de Marirreguera\u201d, en Cand\u00e1s | Cand\u00e1s 365\" \/>\n\t\t<meta name=\"twitter:description\" content=\"Ma\u00f1ana, jueves 5 de abril, a las 19:30 horas, tendr\u00e1 lugar en el Museo Ant\u00f3n de Cand\u00e1s una conferencia sobre \u201cAnt\u00f3n de Marirreguera\u201d impartida por el escritor Xandru Martino Ruiz. Al finalizar la charla, la escritora Marta Mori, ofrecer\u00e1 un recital l\u00edrico-musical, en el que declamar\u00e1 algunas de sus poes\u00edas acompa\u00f1ada por Javier Fern\u00e1ndez Mor\u00e1n\" \/>\n\t\t<meta name=\"twitter:creator\" content=\"@nbasturias\" \/>\n\t\t<meta name=\"twitter:image\" content=\"https:\/\/candas365.es\/noticias\/wp-content\/uploads\/2015\/06\/museo.jpg\" \/>\n\t\t<meta name=\"twitter:label1\" content=\"Escrito por\" \/>\n\t\t<meta name=\"twitter:data1\" content=\"Cand\u00e1s 365\" \/>\n\t\t<meta name=\"twitter:label2\" content=\"Tiempo de lectura estimado\" \/>\n\t\t<meta name=\"twitter:data2\" content=\"1 minuto\" \/>\n\t\t<script type=\"application\/ld+json\" class=\"aioseo-schema\">\n\t\t\t{\"@context\":\"https:\\\/\\\/schema.org\",\"@graph\":[{\"@type\":\"BreadcrumbList\",\"@id\":\"https:\\\/\\\/candas365.es\\\/noticias\\\/conferencia-sobre-anton-de-marirreguera-en-candas\\\/#breadcrumblist\",\"itemListElement\":[{\"@type\":\"ListItem\",\"@id\":\"https:\\\/\\\/candas365.es\\\/noticias#listItem\",\"position\":1,\"name\":\"Home\",\"item\":\"https:\\\/\\\/candas365.es\\\/noticias\",\"nextItem\":{\"@type\":\"ListItem\",\"@id\":\"https:\\\/\\\/candas365.es\\\/noticias\\\/category\\\/agenda\\\/#listItem\",\"name\":\"Agenda\"}},{\"@type\":\"ListItem\",\"@id\":\"https:\\\/\\\/candas365.es\\\/noticias\\\/category\\\/agenda\\\/#listItem\",\"position\":2,\"name\":\"Agenda\",\"item\":\"https:\\\/\\\/candas365.es\\\/noticias\\\/category\\\/agenda\\\/\",\"nextItem\":{\"@type\":\"ListItem\",\"@id\":\"https:\\\/\\\/candas365.es\\\/noticias\\\/conferencia-sobre-anton-de-marirreguera-en-candas\\\/#listItem\",\"name\":\"Conferencia sobre \\u201cAnt\\u00f3n de Marirreguera\\u201d, en Cand\\u00e1s\"},\"previousItem\":{\"@type\":\"ListItem\",\"@id\":\"https:\\\/\\\/candas365.es\\\/noticias#listItem\",\"name\":\"Home\"}},{\"@type\":\"ListItem\",\"@id\":\"https:\\\/\\\/candas365.es\\\/noticias\\\/conferencia-sobre-anton-de-marirreguera-en-candas\\\/#listItem\",\"position\":3,\"name\":\"Conferencia sobre \\u201cAnt\\u00f3n de Marirreguera\\u201d, en Cand\\u00e1s\",\"previousItem\":{\"@type\":\"ListItem\",\"@id\":\"https:\\\/\\\/candas365.es\\\/noticias\\\/category\\\/agenda\\\/#listItem\",\"name\":\"Agenda\"}}]},{\"@type\":\"NewsArticle\",\"@id\":\"https:\\\/\\\/candas365.es\\\/noticias\\\/conferencia-sobre-anton-de-marirreguera-en-candas\\\/#newsarticle\",\"name\":\"Conferencia sobre \\u201cAnt\\u00f3n de Marirreguera\\u201d, en Cand\\u00e1s | Cand\\u00e1s 365\",\"headline\":\"Conferencia sobre \\u201cAnt\\u00f3n de Marirreguera\\u201d, en Cand\\u00e1s\",\"author\":{\"@id\":\"https:\\\/\\\/candas365.es\\\/noticias\\\/author\\\/admin\\\/#author\"},\"publisher\":{\"@id\":\"https:\\\/\\\/candas365.es\\\/noticias\\\/#organization\"},\"image\":{\"@type\":\"ImageObject\",\"url\":\"https:\\\/\\\/candas365.es\\\/noticias\\\/wp-content\\\/uploads\\\/2015\\\/06\\\/museo.jpg\",\"width\":1904,\"height\":1772},\"datePublished\":\"2018-04-04T16:58:24+02:00\",\"dateModified\":\"2018-04-04T16:58:24+02:00\",\"inLanguage\":\"es-ES\",\"mainEntityOfPage\":{\"@id\":\"https:\\\/\\\/candas365.es\\\/noticias\\\/conferencia-sobre-anton-de-marirreguera-en-candas\\\/#webpage\"},\"isPartOf\":{\"@id\":\"https:\\\/\\\/candas365.es\\\/noticias\\\/conferencia-sobre-anton-de-marirreguera-en-candas\\\/#webpage\"},\"articleSection\":\"Agenda, Noticias Carre\\u00f1o\",\"dateline\":\"Publicado el abril 4, 2018.\"},{\"@type\":\"Organization\",\"@id\":\"https:\\\/\\\/candas365.es\\\/noticias\\\/#organization\",\"name\":\"Cand\\u00e1s 365\",\"description\":\"Cand\\u00e1s 365 es un diario digital independiente, fundado en 2012, con base en Asturias. Informamos con rigor sobre actualidad, sociedad, cultura y ocio, con una mirada local y global.\",\"url\":\"https:\\\/\\\/candas365.es\\\/noticias\\\/\",\"email\":\"info@candas365.es\",\"telephone\":\"+34652131393\",\"foundingDate\":\"2012-06-10\",\"logo\":{\"@type\":\"ImageObject\",\"url\":\"https:\\\/\\\/candas365.es\\\/noticias\\\/wp-content\\\/uploads\\\/2024\\\/09\\\/Candas-365-Redes.jpg\",\"@id\":\"https:\\\/\\\/candas365.es\\\/noticias\\\/conferencia-sobre-anton-de-marirreguera-en-candas\\\/#organizationLogo\",\"width\":1152,\"height\":864,\"caption\":\"Cand\\u00e1s 365 Redes\"},\"image\":{\"@id\":\"https:\\\/\\\/candas365.es\\\/noticias\\\/conferencia-sobre-anton-de-marirreguera-en-candas\\\/#organizationLogo\"},\"sameAs\":[\"https:\\\/\\\/www.facebook.com\\\/Nachofdezber\",\"https:\\\/\\\/x.com\\\/NabercoDigital\",\"https:\\\/\\\/www.instagram.com\\\/nachofdezber\\\/\",\"https:\\\/\\\/www.youtube.com\\\/channel\\\/UCZP-2wLEB9Rv6erhFmqVnvg\"],\"address\":{\"@id\":\"https:\\\/\\\/candas365.es\\\/noticias\\\/#postaladdress\",\"@type\":\"PostalAddress\",\"streetAddress\":\"san antonio 4, san antonio 4\",\"postalCode\":\"33430\",\"addressLocality\":\"Cand\\u00e1s\",\"addressRegion\":\"Asturias\",\"addressCountry\":\"ES\"}},{\"@type\":\"Person\",\"@id\":\"https:\\\/\\\/candas365.es\\\/noticias\\\/author\\\/admin\\\/#author\",\"url\":\"https:\\\/\\\/candas365.es\\\/noticias\\\/author\\\/admin\\\/\",\"name\":\"Cand\\u00e1s 365\",\"image\":{\"@type\":\"ImageObject\",\"@id\":\"https:\\\/\\\/candas365.es\\\/noticias\\\/conferencia-sobre-anton-de-marirreguera-en-candas\\\/#authorImage\",\"url\":\"https:\\\/\\\/secure.gravatar.com\\\/avatar\\\/496a8e03d0c493ede1718b7934145dbdf8d89be1036b0eec9544e1094c9de390?s=96&d=mm&r=g\",\"width\":96,\"height\":96,\"caption\":\"Cand\\u00e1s 365\"},\"sameAs\":[\"https:\\\/\\\/www.facebook.com\\\/carrenoactualidad\",\"https:\\\/\\\/twitter.com\\\/nbasturias\",\"https:\\\/\\\/www.instagram.com\\\/nachofdezber\\\/\",\"https:\\\/\\\/www.youtube.com\\\/channel\\\/UCZP-2wLEB9Rv6erhFmqVnvg\"]},{\"@type\":\"WebPage\",\"@id\":\"https:\\\/\\\/candas365.es\\\/noticias\\\/conferencia-sobre-anton-de-marirreguera-en-candas\\\/#webpage\",\"url\":\"https:\\\/\\\/candas365.es\\\/noticias\\\/conferencia-sobre-anton-de-marirreguera-en-candas\\\/\",\"name\":\"Conferencia sobre \\u201cAnt\\u00f3n de Marirreguera\\u201d, en Cand\\u00e1s | Cand\\u00e1s 365\",\"description\":\"Ma\\u00f1ana, jueves 5 de abril, a las 19:30 horas, tendr\\u00e1 lugar en el Museo Ant\\u00f3n de Cand\\u00e1s una conferencia sobre \\u201cAnt\\u00f3n de Marirreguera\\u201d impartida por el escritor Xandru Martino Ruiz. Al finalizar la charla, la escritora Marta Mori, ofrecer\\u00e1 un recital l\\u00edrico-musical, en el que declamar\\u00e1 algunas de sus poes\\u00edas acompa\\u00f1ada por Javier Fern\\u00e1ndez Mor\\u00e1n\",\"inLanguage\":\"es-ES\",\"isPartOf\":{\"@id\":\"https:\\\/\\\/candas365.es\\\/noticias\\\/#website\"},\"breadcrumb\":{\"@id\":\"https:\\\/\\\/candas365.es\\\/noticias\\\/conferencia-sobre-anton-de-marirreguera-en-candas\\\/#breadcrumblist\"},\"author\":{\"@id\":\"https:\\\/\\\/candas365.es\\\/noticias\\\/author\\\/admin\\\/#author\"},\"creator\":{\"@id\":\"https:\\\/\\\/candas365.es\\\/noticias\\\/author\\\/admin\\\/#author\"},\"image\":{\"@type\":\"ImageObject\",\"url\":\"https:\\\/\\\/candas365.es\\\/noticias\\\/wp-content\\\/uploads\\\/2015\\\/06\\\/museo.jpg\",\"@id\":\"https:\\\/\\\/candas365.es\\\/noticias\\\/conferencia-sobre-anton-de-marirreguera-en-candas\\\/#mainImage\",\"width\":1904,\"height\":1772},\"primaryImageOfPage\":{\"@id\":\"https:\\\/\\\/candas365.es\\\/noticias\\\/conferencia-sobre-anton-de-marirreguera-en-candas\\\/#mainImage\"},\"datePublished\":\"2018-04-04T16:58:24+02:00\",\"dateModified\":\"2018-04-04T16:58:24+02:00\"},{\"@type\":\"WebSite\",\"@id\":\"https:\\\/\\\/candas365.es\\\/noticias\\\/#website\",\"url\":\"https:\\\/\\\/candas365.es\\\/noticias\\\/\",\"name\":\"Cand\\u00e1s 365\",\"alternateName\":\"Cand\\u00e1s 365 Noticias\",\"description\":\"Actualidad desde Carre\\u00f1o para el mundo\",\"inLanguage\":\"es-ES\",\"publisher\":{\"@id\":\"https:\\\/\\\/candas365.es\\\/noticias\\\/#organization\"}}]}\n\t\t<\/script>\n\t\t<!-- All in One SEO Pro -->\r\n\t\t<title>Conferencia sobre \u201cAnt\u00f3n de Marirreguera\u201d, en Cand\u00e1s | Cand\u00e1s 365<\/title>\n\n","aioseo_head_json":{"title":"Conferencia sobre \u201cAnt\u00f3n de Marirreguera\u201d, en Cand\u00e1s | Cand\u00e1s 365","description":"Ma\u00f1ana, jueves 5 de abril, a las 19:30 horas, tendr\u00e1 lugar en el Museo Ant\u00f3n de Cand\u00e1s una conferencia sobre \u201cAnt\u00f3n de Marirreguera\u201d impartida por el escritor Xandru Martino Ruiz. Al finalizar la charla, la escritora Marta Mori, ofrecer\u00e1 un recital l\u00edrico-musical, en el que declamar\u00e1 algunas de sus poes\u00edas acompa\u00f1ada por Javier Fern\u00e1ndez Mor\u00e1n","canonical_url":"https:\/\/candas365.es\/noticias\/conferencia-sobre-anton-de-marirreguera-en-candas\/","robots":"max-image-preview:large","keywords":"agenda,noticias carre\u00f1o","webmasterTools":{"google-site-verification":"UA-32230408-1","msvalidate.01":"354F3CDFB2DA171B47FBE9ABF1F88D5","miscellaneous":""},"schema":{"@context":"https:\/\/schema.org","@graph":[{"@type":"BreadcrumbList","@id":"https:\/\/candas365.es\/noticias\/conferencia-sobre-anton-de-marirreguera-en-candas\/#breadcrumblist","itemListElement":[{"@type":"ListItem","@id":"https:\/\/candas365.es\/noticias#listItem","position":1,"name":"Home","item":"https:\/\/candas365.es\/noticias","nextItem":{"@type":"ListItem","@id":"https:\/\/candas365.es\/noticias\/category\/agenda\/#listItem","name":"Agenda"}},{"@type":"ListItem","@id":"https:\/\/candas365.es\/noticias\/category\/agenda\/#listItem","position":2,"name":"Agenda","item":"https:\/\/candas365.es\/noticias\/category\/agenda\/","nextItem":{"@type":"ListItem","@id":"https:\/\/candas365.es\/noticias\/conferencia-sobre-anton-de-marirreguera-en-candas\/#listItem","name":"Conferencia sobre \u201cAnt\u00f3n de Marirreguera\u201d, en Cand\u00e1s"},"previousItem":{"@type":"ListItem","@id":"https:\/\/candas365.es\/noticias#listItem","name":"Home"}},{"@type":"ListItem","@id":"https:\/\/candas365.es\/noticias\/conferencia-sobre-anton-de-marirreguera-en-candas\/#listItem","position":3,"name":"Conferencia sobre \u201cAnt\u00f3n de Marirreguera\u201d, en Cand\u00e1s","previousItem":{"@type":"ListItem","@id":"https:\/\/candas365.es\/noticias\/category\/agenda\/#listItem","name":"Agenda"}}]},{"@type":"NewsArticle","@id":"https:\/\/candas365.es\/noticias\/conferencia-sobre-anton-de-marirreguera-en-candas\/#newsarticle","name":"Conferencia sobre \u201cAnt\u00f3n de Marirreguera\u201d, en Cand\u00e1s | Cand\u00e1s 365","headline":"Conferencia sobre \u201cAnt\u00f3n de Marirreguera\u201d, en Cand\u00e1s","author":{"@id":"https:\/\/candas365.es\/noticias\/author\/admin\/#author"},"publisher":{"@id":"https:\/\/candas365.es\/noticias\/#organization"},"image":{"@type":"ImageObject","url":"https:\/\/candas365.es\/noticias\/wp-content\/uploads\/2015\/06\/museo.jpg","width":1904,"height":1772},"datePublished":"2018-04-04T16:58:24+02:00","dateModified":"2018-04-04T16:58:24+02:00","inLanguage":"es-ES","mainEntityOfPage":{"@id":"https:\/\/candas365.es\/noticias\/conferencia-sobre-anton-de-marirreguera-en-candas\/#webpage"},"isPartOf":{"@id":"https:\/\/candas365.es\/noticias\/conferencia-sobre-anton-de-marirreguera-en-candas\/#webpage"},"articleSection":"Agenda, Noticias Carre\u00f1o","dateline":"Publicado el abril 4, 2018."},{"@type":"Organization","@id":"https:\/\/candas365.es\/noticias\/#organization","name":"Cand\u00e1s 365","description":"Cand\u00e1s 365 es un diario digital independiente, fundado en 2012, con base en Asturias. Informamos con rigor sobre actualidad, sociedad, cultura y ocio, con una mirada local y global.","url":"https:\/\/candas365.es\/noticias\/","email":"info@candas365.es","telephone":"+34652131393","foundingDate":"2012-06-10","logo":{"@type":"ImageObject","url":"https:\/\/candas365.es\/noticias\/wp-content\/uploads\/2024\/09\/Candas-365-Redes.jpg","@id":"https:\/\/candas365.es\/noticias\/conferencia-sobre-anton-de-marirreguera-en-candas\/#organizationLogo","width":1152,"height":864,"caption":"Cand\u00e1s 365 Redes"},"image":{"@id":"https:\/\/candas365.es\/noticias\/conferencia-sobre-anton-de-marirreguera-en-candas\/#organizationLogo"},"sameAs":["https:\/\/www.facebook.com\/Nachofdezber","https:\/\/x.com\/NabercoDigital","https:\/\/www.instagram.com\/nachofdezber\/","https:\/\/www.youtube.com\/channel\/UCZP-2wLEB9Rv6erhFmqVnvg"],"address":{"@id":"https:\/\/candas365.es\/noticias\/#postaladdress","@type":"PostalAddress","streetAddress":"san antonio 4, san antonio 4","postalCode":"33430","addressLocality":"Cand\u00e1s","addressRegion":"Asturias","addressCountry":"ES"}},{"@type":"Person","@id":"https:\/\/candas365.es\/noticias\/author\/admin\/#author","url":"https:\/\/candas365.es\/noticias\/author\/admin\/","name":"Cand\u00e1s 365","image":{"@type":"ImageObject","@id":"https:\/\/candas365.es\/noticias\/conferencia-sobre-anton-de-marirreguera-en-candas\/#authorImage","url":"https:\/\/secure.gravatar.com\/avatar\/496a8e03d0c493ede1718b7934145dbdf8d89be1036b0eec9544e1094c9de390?s=96&d=mm&r=g","width":96,"height":96,"caption":"Cand\u00e1s 365"},"sameAs":["https:\/\/www.facebook.com\/carrenoactualidad","https:\/\/twitter.com\/nbasturias","https:\/\/www.instagram.com\/nachofdezber\/","https:\/\/www.youtube.com\/channel\/UCZP-2wLEB9Rv6erhFmqVnvg"]},{"@type":"WebPage","@id":"https:\/\/candas365.es\/noticias\/conferencia-sobre-anton-de-marirreguera-en-candas\/#webpage","url":"https:\/\/candas365.es\/noticias\/conferencia-sobre-anton-de-marirreguera-en-candas\/","name":"Conferencia sobre \u201cAnt\u00f3n de Marirreguera\u201d, en Cand\u00e1s | Cand\u00e1s 365","description":"Ma\u00f1ana, jueves 5 de abril, a las 19:30 horas, tendr\u00e1 lugar en el Museo Ant\u00f3n de Cand\u00e1s una conferencia sobre \u201cAnt\u00f3n de Marirreguera\u201d impartida por el escritor Xandru Martino Ruiz. Al finalizar la charla, la escritora Marta Mori, ofrecer\u00e1 un recital l\u00edrico-musical, en el que declamar\u00e1 algunas de sus poes\u00edas acompa\u00f1ada por Javier Fern\u00e1ndez Mor\u00e1n","inLanguage":"es-ES","isPartOf":{"@id":"https:\/\/candas365.es\/noticias\/#website"},"breadcrumb":{"@id":"https:\/\/candas365.es\/noticias\/conferencia-sobre-anton-de-marirreguera-en-candas\/#breadcrumblist"},"author":{"@id":"https:\/\/candas365.es\/noticias\/author\/admin\/#author"},"creator":{"@id":"https:\/\/candas365.es\/noticias\/author\/admin\/#author"},"image":{"@type":"ImageObject","url":"https:\/\/candas365.es\/noticias\/wp-content\/uploads\/2015\/06\/museo.jpg","@id":"https:\/\/candas365.es\/noticias\/conferencia-sobre-anton-de-marirreguera-en-candas\/#mainImage","width":1904,"height":1772},"primaryImageOfPage":{"@id":"https:\/\/candas365.es\/noticias\/conferencia-sobre-anton-de-marirreguera-en-candas\/#mainImage"},"datePublished":"2018-04-04T16:58:24+02:00","dateModified":"2018-04-04T16:58:24+02:00"},{"@type":"WebSite","@id":"https:\/\/candas365.es\/noticias\/#website","url":"https:\/\/candas365.es\/noticias\/","name":"Cand\u00e1s 365","alternateName":"Cand\u00e1s 365 Noticias","description":"Actualidad desde Carre\u00f1o para el mundo","inLanguage":"es-ES","publisher":{"@id":"https:\/\/candas365.es\/noticias\/#organization"}}]},"og:locale":"es_ES","og:site_name":"Cand\u00e1s 365","og:type":"article","og:title":"Conferencia sobre \u201cAnt\u00f3n de Marirreguera\u201d, en Cand\u00e1s | Cand\u00e1s 365","og:description":"Ma\u00f1ana, jueves 5 de abril, a las 19:30 horas, tendr\u00e1 lugar en el Museo Ant\u00f3n de Cand\u00e1s una conferencia sobre \u201cAnt\u00f3n de Marirreguera\u201d impartida por el escritor Xandru Martino Ruiz. Al finalizar la charla, la escritora Marta Mori, ofrecer\u00e1 un recital l\u00edrico-musical, en el que declamar\u00e1 algunas de sus poes\u00edas acompa\u00f1ada por Javier Fern\u00e1ndez Mor\u00e1n","og:url":"https:\/\/candas365.es\/noticias\/conferencia-sobre-anton-de-marirreguera-en-candas\/","og:image":"https:\/\/candas365.es\/noticias\/wp-content\/uploads\/2015\/06\/museo.jpg","og:image:secure_url":"https:\/\/candas365.es\/noticias\/wp-content\/uploads\/2015\/06\/museo.jpg","og:image:width":1904,"og:image:height":1772,"article:published_time":"2018-04-04T16:58:24+00:00","article:modified_time":"2018-04-04T16:58:24+00:00","article:publisher":"https:\/\/www.facebook.com\/Nachofdezber","article:author":"https:\/\/www.facebook.com\/carrenoactualidad","twitter:card":"summary_large_image","twitter:site":"@NabercoDigital","twitter:title":"Conferencia sobre \u201cAnt\u00f3n de Marirreguera\u201d, en Cand\u00e1s | Cand\u00e1s 365","twitter:description":"Ma\u00f1ana, jueves 5 de abril, a las 19:30 horas, tendr\u00e1 lugar en el Museo Ant\u00f3n de Cand\u00e1s una conferencia sobre \u201cAnt\u00f3n de Marirreguera\u201d impartida por el escritor Xandru Martino Ruiz. Al finalizar la charla, la escritora Marta Mori, ofrecer\u00e1 un recital l\u00edrico-musical, en el que declamar\u00e1 algunas de sus poes\u00edas acompa\u00f1ada por Javier Fern\u00e1ndez Mor\u00e1n","twitter:creator":"@nbasturias","twitter:image":"https:\/\/candas365.es\/noticias\/wp-content\/uploads\/2015\/06\/museo.jpg","twitter:label1":"Escrito por","twitter:data1":"Cand\u00e1s 365","twitter:label2":"Tiempo de lectura estimado","twitter:data2":"1 minuto"},"aioseo_meta_data":{"post_id":"93057","title":null,"description":null,"keywords":null,"keyphrases":null,"primary_term":null,"canonical_url":null,"og_title":null,"og_description":null,"og_object_type":"default","og_image_type":"default","og_image_url":null,"og_image_width":null,"og_image_height":null,"og_image_custom_url":null,"og_image_custom_fields":null,"og_video":null,"og_custom_url":null,"og_article_section":null,"og_article_tags":null,"twitter_use_og":false,"twitter_card":"default","twitter_image_type":"default","twitter_image_url":null,"twitter_image_custom_url":null,"twitter_image_custom_fields":null,"twitter_title":null,"twitter_description":null,"schema":{"blockGraphs":[],"customGraphs":[],"default":{"data":{"Article":[],"Course":[],"Dataset":[],"FAQPage":[],"Movie":[],"Person":[],"Product":[],"ProductReview":[],"Car":[],"Recipe":[],"Service":[],"SoftwareApplication":[],"WebPage":[]},"graphName":"","isEnabled":true},"graphs":[]},"schema_type":null,"schema_type_options":null,"pillar_content":false,"robots_default":true,"robots_noindex":false,"robots_noarchive":false,"robots_nosnippet":false,"robots_nofollow":false,"robots_noimageindex":false,"robots_noodp":false,"robots_notranslate":false,"robots_max_snippet":null,"robots_max_videopreview":null,"robots_max_imagepreview":"large","priority":null,"frequency":null,"location":null,"local_seo":null,"seo_analyzer_scan_date":"2025-08-26 17:07:15","breadcrumb_settings":null,"limit_modified_date":false,"reviewed_by":null,"open_ai":null,"ai":null,"created":"2020-12-21 11:54:00","updated":"2025-08-26 17:07:15"},"aioseo_breadcrumb":"<div class=\"aioseo-breadcrumbs\"><span class=\"aioseo-breadcrumb\">\n\t<a href=\"https:\/\/candas365.es\/noticias\" title=\"Home\">Home<\/a>\n<\/span><span class=\"aioseo-breadcrumb-separator\">&ndash;<\/span><span class=\"aioseo-breadcrumb\">\n\t<a href=\"https:\/\/candas365.es\/noticias\/category\/agenda\/\" title=\"Agenda\">Agenda<\/a>\n<\/span><span class=\"aioseo-breadcrumb-separator\">&ndash;<\/span><span class=\"aioseo-breadcrumb\">\n\tConferencia sobre \u201cAnt\u00f3n de Marirreguera\u201d, en Cand\u00e1s\n<\/span><\/div>","aioseo_breadcrumb_json":[{"label":"Home","link":"https:\/\/candas365.es\/noticias"},{"label":"Agenda","link":"https:\/\/candas365.es\/noticias\/category\/agenda\/"},{"label":"Conferencia sobre \u201cAnt\u00f3n de Marirreguera\u201d, en Cand\u00e1s","link":"https:\/\/candas365.es\/noticias\/conferencia-sobre-anton-de-marirreguera-en-candas\/"}],"_links":{"self":[{"href":"https:\/\/candas365.es\/noticias\/wp-json\/wp\/v2\/posts\/93057","targetHints":{"allow":["GET"]}}],"collection":[{"href":"https:\/\/candas365.es\/noticias\/wp-json\/wp\/v2\/posts"}],"about":[{"href":"https:\/\/candas365.es\/noticias\/wp-json\/wp\/v2\/types\/post"}],"author":[{"embeddable":true,"href":"https:\/\/candas365.es\/noticias\/wp-json\/wp\/v2\/users\/1"}],"replies":[{"embeddable":true,"href":"https:\/\/candas365.es\/noticias\/wp-json\/wp\/v2\/comments?post=93057"}],"version-history":[{"count":0,"href":"https:\/\/candas365.es\/noticias\/wp-json\/wp\/v2\/posts\/93057\/revisions"}],"wp:featuredmedia":[{"embeddable":true,"href":"https:\/\/candas365.es\/noticias\/wp-json\/wp\/v2\/media\/11794"}],"wp:attachment":[{"href":"https:\/\/candas365.es\/noticias\/wp-json\/wp\/v2\/media?parent=93057"}],"wp:term":[{"taxonomy":"category","embeddable":true,"href":"https:\/\/candas365.es\/noticias\/wp-json\/wp\/v2\/categories?post=93057"},{"taxonomy":"post_tag","embeddable":true,"href":"https:\/\/candas365.es\/noticias\/wp-json\/wp\/v2\/tags?post=93057"}],"curies":[{"name":"wp","href":"https:\/\/api.w.org\/{rel}","templated":true}]}}