{"id":92986,"date":"2018-04-03T14:29:59","date_gmt":"2018-04-03T14:29:59","guid":{"rendered":"http:\/\/candas365.es\/noticias\/?p=92986"},"modified":"2018-04-03T14:29:59","modified_gmt":"2018-04-03T14:29:59","slug":"cafe-quijano-el-viernes-6-de-abril-en-el-teatro-de-la-laboral","status":"publish","type":"post","link":"https:\/\/candas365.es\/noticias\/cafe-quijano-el-viernes-6-de-abril-en-el-teatro-de-la-laboral\/","title":{"rendered":"Caf\u00e9 Quijano el viernes 6 de abril en el Teatro de la Laboral"},"content":{"rendered":"<p><img fetchpriority=\"high\" decoding=\"async\" class=\"alignleft size-medium wp-image-92987\" src=\"https:\/\/candas365.es\/noticias\/wp-content\/uploads\/2018\/04\/Caf\u00e9-Quijano-360x240.jpg\" alt=\"\" width=\"360\" height=\"240\" srcset=\"https:\/\/candas365.es\/noticias\/wp-content\/uploads\/2018\/04\/Caf\u00e9-Quijano-360x240.jpg 360w, https:\/\/candas365.es\/noticias\/wp-content\/uploads\/2018\/04\/Caf\u00e9-Quijano-630x420.jpg 630w, https:\/\/candas365.es\/noticias\/wp-content\/uploads\/2018\/04\/Caf\u00e9-Quijano-655x437.jpg 655w, https:\/\/candas365.es\/noticias\/wp-content\/uploads\/2018\/04\/Caf\u00e9-Quijano.jpg 682w\" sizes=\"(max-width: 360px) 100vw, 360px\" \/>El grupo leon\u00e9s Caf\u00e9 Quijano llega a Gij\u00f3n el viernes 6 de abril, a las 21:00 horas. Los hermanos Manuel, \u00d3scar y Ra\u00fal vuelven a la Laboral con un nuevo show con el que celebran los 20 a\u00f1os de su debut discogr\u00e1fico.<\/p>\n<p>El p\u00fablico disfrutar\u00e1 de cerca de dos horas de pop latino, con todo el potencial el\u00e9ctrico y ac\u00fastico del grupo, en el que repasar\u00e1n los grandes momentos, pasados y presentes, de su carrera con canciones como La Lola, Nada de nada o los boleros de su trilog\u00eda de \u00e1lbumes dedicada al g\u00e9nero. Caf\u00e9 Quijano publicar\u00e1 pr\u00f3ximamente su nuevo trabajo discogr\u00e1fico, La vida no es la la la, su octavo disco de estudio, del que ya se puede escuchar su single Mina.<\/p>\n<p>Las localidades para Caf\u00e9 Quijano est\u00e1n disponibles a un precio de 35 euros para foso, 30 euros para patio de butacas, 28 para palcos y 25 \u20ac anfiteatro.<\/p>\n<p>Las entradas se pueden adquirir en la Recepci\u00f3n de la Laboral, en el Centro Niemeyer en Avil\u00e9s, en la Oficina de Informaci\u00f3n Tur\u00edstica de Asturias en Oviedo, en la web entradas.liberbank.es, en el tel\u00e9fono 902 106 601 y en la red de cajeros Liberbank.<\/p>\n","protected":false},"excerpt":{"rendered":"<p>El grupo leon\u00e9s Caf\u00e9 Quijano llega a Gij\u00f3n el viernes 6 de abril, a las 21:00 horas. Los hermanos Manuel, \u00d3scar y Ra\u00fal vuelven a la Laboral con un nuevo show con el que celebran los 20 a\u00f1os de su debut discogr\u00e1fico. El p\u00fablico disfrutar\u00e1 de cerca de dos horas de pop latino, con todo<\/p>\n","protected":false},"author":1,"featured_media":92987,"comment_status":"closed","ping_status":"closed","sticky":false,"template":"","format":"standard","meta":{"footnotes":""},"categories":[1],"tags":[],"class_list":{"0":"post-92986","1":"post","2":"type-post","3":"status-publish","4":"format-standard","5":"has-post-thumbnail","7":"category-agenda"},"aioseo_notices":[],"aioseo_head":"\n\t\t<!-- All in One SEO Pro 4.9.6.2 - aioseo.com -->\n\t<meta name=\"description\" content=\"El grupo leon\u00e9s Caf\u00e9 Quijano llega a Gij\u00f3n el viernes 6 de abril, a las 21:00 horas. Los hermanos Manuel, \u00d3scar y Ra\u00fal vuelven a la Laboral con un nuevo show con el que celebran los 20 a\u00f1os de su debut discogr\u00e1fico. El p\u00fablico disfrutar\u00e1 de cerca de dos horas de pop latino, con todo\" \/>\n\t<meta name=\"robots\" content=\"max-image-preview:large\" \/>\n\t<meta name=\"author\" content=\"Cand\u00e1s 365\"\/>\n\t<meta name=\"google-site-verification\" content=\"UA-32230408-1\" \/>\n\t<meta name=\"msvalidate.01\" content=\"354F3CDFB2DA171B47FBE9ABF1F88D5\" \/>\n\t<meta name=\"keywords\" content=\"agenda\" \/>\n\t<link rel=\"canonical\" href=\"https:\/\/candas365.es\/noticias\/cafe-quijano-el-viernes-6-de-abril-en-el-teatro-de-la-laboral\/\" \/>\n\t<meta name=\"generator\" content=\"All in One SEO Pro (AIOSEO) 4.9.6.2\" \/>\n\t\t<meta property=\"og:locale\" content=\"es_ES\" \/>\n\t\t<meta property=\"og:site_name\" content=\"Cand\u00e1s 365\" \/>\n\t\t<meta property=\"og:type\" content=\"article\" \/>\n\t\t<meta property=\"og:title\" content=\"Caf\u00e9 Quijano el viernes 6 de abril en el Teatro de la Laboral | Cand\u00e1s 365\" \/>\n\t\t<meta property=\"og:description\" content=\"El grupo leon\u00e9s Caf\u00e9 Quijano llega a Gij\u00f3n el viernes 6 de abril, a las 21:00 horas. Los hermanos Manuel, \u00d3scar y Ra\u00fal vuelven a la Laboral con un nuevo show con el que celebran los 20 a\u00f1os de su debut discogr\u00e1fico. El p\u00fablico disfrutar\u00e1 de cerca de dos horas de pop latino, con todo\" \/>\n\t\t<meta property=\"og:url\" content=\"https:\/\/candas365.es\/noticias\/cafe-quijano-el-viernes-6-de-abril-en-el-teatro-de-la-laboral\/\" \/>\n\t\t<meta property=\"og:image\" content=\"https:\/\/candas365.es\/noticias\/wp-content\/uploads\/2018\/04\/Caf\u00e9-Quijano.jpg\" \/>\n\t\t<meta property=\"og:image:secure_url\" content=\"https:\/\/candas365.es\/noticias\/wp-content\/uploads\/2018\/04\/Caf\u00e9-Quijano.jpg\" \/>\n\t\t<meta property=\"og:image:width\" content=\"682\" \/>\n\t\t<meta property=\"og:image:height\" content=\"455\" \/>\n\t\t<meta property=\"article:published_time\" content=\"2018-04-03T14:29:59+00:00\" \/>\n\t\t<meta property=\"article:modified_time\" content=\"2018-04-03T14:29:59+00:00\" \/>\n\t\t<meta property=\"article:publisher\" content=\"https:\/\/www.facebook.com\/Nachofdezber\" \/>\n\t\t<meta property=\"article:author\" content=\"https:\/\/www.facebook.com\/carrenoactualidad\" \/>\n\t\t<meta name=\"twitter:card\" content=\"summary_large_image\" \/>\n\t\t<meta name=\"twitter:site\" content=\"@NabercoDigital\" \/>\n\t\t<meta name=\"twitter:title\" content=\"Caf\u00e9 Quijano el viernes 6 de abril en el Teatro de la Laboral | Cand\u00e1s 365\" \/>\n\t\t<meta name=\"twitter:description\" content=\"El grupo leon\u00e9s Caf\u00e9 Quijano llega a Gij\u00f3n el viernes 6 de abril, a las 21:00 horas. Los hermanos Manuel, \u00d3scar y Ra\u00fal vuelven a la Laboral con un nuevo show con el que celebran los 20 a\u00f1os de su debut discogr\u00e1fico. El p\u00fablico disfrutar\u00e1 de cerca de dos horas de pop latino, con todo\" \/>\n\t\t<meta name=\"twitter:creator\" content=\"@nbasturias\" \/>\n\t\t<meta name=\"twitter:image\" content=\"https:\/\/candas365.es\/noticias\/wp-content\/uploads\/2018\/04\/Caf\u00e9-Quijano.jpg\" \/>\n\t\t<meta name=\"twitter:label1\" content=\"Escrito por\" \/>\n\t\t<meta name=\"twitter:data1\" content=\"Cand\u00e1s 365\" \/>\n\t\t<meta name=\"twitter:label2\" content=\"Tiempo de lectura estimado\" \/>\n\t\t<meta name=\"twitter:data2\" content=\"1 minuto\" \/>\n\t\t<script type=\"application\/ld+json\" class=\"aioseo-schema\">\n\t\t\t{\"@context\":\"https:\\\/\\\/schema.org\",\"@graph\":[{\"@type\":\"BreadcrumbList\",\"@id\":\"https:\\\/\\\/candas365.es\\\/noticias\\\/cafe-quijano-el-viernes-6-de-abril-en-el-teatro-de-la-laboral\\\/#breadcrumblist\",\"itemListElement\":[{\"@type\":\"ListItem\",\"@id\":\"https:\\\/\\\/candas365.es\\\/noticias#listItem\",\"position\":1,\"name\":\"Home\",\"item\":\"https:\\\/\\\/candas365.es\\\/noticias\",\"nextItem\":{\"@type\":\"ListItem\",\"@id\":\"https:\\\/\\\/candas365.es\\\/noticias\\\/category\\\/agenda\\\/#listItem\",\"name\":\"Agenda\"}},{\"@type\":\"ListItem\",\"@id\":\"https:\\\/\\\/candas365.es\\\/noticias\\\/category\\\/agenda\\\/#listItem\",\"position\":2,\"name\":\"Agenda\",\"item\":\"https:\\\/\\\/candas365.es\\\/noticias\\\/category\\\/agenda\\\/\",\"nextItem\":{\"@type\":\"ListItem\",\"@id\":\"https:\\\/\\\/candas365.es\\\/noticias\\\/cafe-quijano-el-viernes-6-de-abril-en-el-teatro-de-la-laboral\\\/#listItem\",\"name\":\"Caf\\u00e9 Quijano el viernes 6 de abril en el Teatro de la Laboral\"},\"previousItem\":{\"@type\":\"ListItem\",\"@id\":\"https:\\\/\\\/candas365.es\\\/noticias#listItem\",\"name\":\"Home\"}},{\"@type\":\"ListItem\",\"@id\":\"https:\\\/\\\/candas365.es\\\/noticias\\\/cafe-quijano-el-viernes-6-de-abril-en-el-teatro-de-la-laboral\\\/#listItem\",\"position\":3,\"name\":\"Caf\\u00e9 Quijano el viernes 6 de abril en el Teatro de la Laboral\",\"previousItem\":{\"@type\":\"ListItem\",\"@id\":\"https:\\\/\\\/candas365.es\\\/noticias\\\/category\\\/agenda\\\/#listItem\",\"name\":\"Agenda\"}}]},{\"@type\":\"NewsArticle\",\"@id\":\"https:\\\/\\\/candas365.es\\\/noticias\\\/cafe-quijano-el-viernes-6-de-abril-en-el-teatro-de-la-laboral\\\/#newsarticle\",\"name\":\"Caf\\u00e9 Quijano el viernes 6 de abril en el Teatro de la Laboral | Cand\\u00e1s 365\",\"headline\":\"Caf\\u00e9 Quijano el viernes 6 de abril en el Teatro de la Laboral\",\"author\":{\"@id\":\"https:\\\/\\\/candas365.es\\\/noticias\\\/author\\\/admin\\\/#author\"},\"publisher\":{\"@id\":\"https:\\\/\\\/candas365.es\\\/noticias\\\/#organization\"},\"image\":{\"@type\":\"ImageObject\",\"url\":\"https:\\\/\\\/candas365.es\\\/noticias\\\/wp-content\\\/uploads\\\/2018\\\/04\\\/Caf\\u00e9-Quijano.jpg\",\"width\":682,\"height\":455},\"datePublished\":\"2018-04-03T14:29:59+02:00\",\"dateModified\":\"2018-04-03T14:29:59+02:00\",\"inLanguage\":\"es-ES\",\"mainEntityOfPage\":{\"@id\":\"https:\\\/\\\/candas365.es\\\/noticias\\\/cafe-quijano-el-viernes-6-de-abril-en-el-teatro-de-la-laboral\\\/#webpage\"},\"isPartOf\":{\"@id\":\"https:\\\/\\\/candas365.es\\\/noticias\\\/cafe-quijano-el-viernes-6-de-abril-en-el-teatro-de-la-laboral\\\/#webpage\"},\"articleSection\":\"Agenda\",\"dateline\":\"Publicado el abril 3, 2018.\"},{\"@type\":\"Organization\",\"@id\":\"https:\\\/\\\/candas365.es\\\/noticias\\\/#organization\",\"name\":\"Cand\\u00e1s 365\",\"description\":\"Cand\\u00e1s 365 es un diario digital independiente, fundado en 2012, con base en Asturias. Informamos con rigor sobre actualidad, sociedad, cultura y ocio, con una mirada local y global.\",\"url\":\"https:\\\/\\\/candas365.es\\\/noticias\\\/\",\"email\":\"info@candas365.es\",\"telephone\":\"+34652131393\",\"foundingDate\":\"2012-06-10\",\"logo\":{\"@type\":\"ImageObject\",\"url\":\"https:\\\/\\\/candas365.es\\\/noticias\\\/wp-content\\\/uploads\\\/2024\\\/09\\\/Candas-365-Redes.jpg\",\"@id\":\"https:\\\/\\\/candas365.es\\\/noticias\\\/cafe-quijano-el-viernes-6-de-abril-en-el-teatro-de-la-laboral\\\/#organizationLogo\",\"width\":1152,\"height\":864,\"caption\":\"Cand\\u00e1s 365 Redes\"},\"image\":{\"@id\":\"https:\\\/\\\/candas365.es\\\/noticias\\\/cafe-quijano-el-viernes-6-de-abril-en-el-teatro-de-la-laboral\\\/#organizationLogo\"},\"sameAs\":[\"https:\\\/\\\/www.facebook.com\\\/Nachofdezber\",\"https:\\\/\\\/x.com\\\/NabercoDigital\",\"https:\\\/\\\/www.instagram.com\\\/nachofdezber\\\/\",\"https:\\\/\\\/www.youtube.com\\\/channel\\\/UCZP-2wLEB9Rv6erhFmqVnvg\"],\"address\":{\"@id\":\"https:\\\/\\\/candas365.es\\\/noticias\\\/#postaladdress\",\"@type\":\"PostalAddress\",\"streetAddress\":\"san antonio 4, san antonio 4\",\"postalCode\":\"33430\",\"addressLocality\":\"Cand\\u00e1s\",\"addressRegion\":\"Asturias\",\"addressCountry\":\"ES\"}},{\"@type\":\"Person\",\"@id\":\"https:\\\/\\\/candas365.es\\\/noticias\\\/author\\\/admin\\\/#author\",\"url\":\"https:\\\/\\\/candas365.es\\\/noticias\\\/author\\\/admin\\\/\",\"name\":\"Cand\\u00e1s 365\",\"image\":{\"@type\":\"ImageObject\",\"@id\":\"https:\\\/\\\/candas365.es\\\/noticias\\\/cafe-quijano-el-viernes-6-de-abril-en-el-teatro-de-la-laboral\\\/#authorImage\",\"url\":\"https:\\\/\\\/secure.gravatar.com\\\/avatar\\\/496a8e03d0c493ede1718b7934145dbdf8d89be1036b0eec9544e1094c9de390?s=96&d=mm&r=g\",\"width\":96,\"height\":96,\"caption\":\"Cand\\u00e1s 365\"},\"sameAs\":[\"https:\\\/\\\/www.facebook.com\\\/carrenoactualidad\",\"https:\\\/\\\/twitter.com\\\/nbasturias\",\"https:\\\/\\\/www.instagram.com\\\/nachofdezber\\\/\",\"https:\\\/\\\/www.youtube.com\\\/channel\\\/UCZP-2wLEB9Rv6erhFmqVnvg\"]},{\"@type\":\"WebPage\",\"@id\":\"https:\\\/\\\/candas365.es\\\/noticias\\\/cafe-quijano-el-viernes-6-de-abril-en-el-teatro-de-la-laboral\\\/#webpage\",\"url\":\"https:\\\/\\\/candas365.es\\\/noticias\\\/cafe-quijano-el-viernes-6-de-abril-en-el-teatro-de-la-laboral\\\/\",\"name\":\"Caf\\u00e9 Quijano el viernes 6 de abril en el Teatro de la Laboral | Cand\\u00e1s 365\",\"description\":\"El grupo leon\\u00e9s Caf\\u00e9 Quijano llega a Gij\\u00f3n el viernes 6 de abril, a las 21:00 horas. Los hermanos Manuel, \\u00d3scar y Ra\\u00fal vuelven a la Laboral con un nuevo show con el que celebran los 20 a\\u00f1os de su debut discogr\\u00e1fico. El p\\u00fablico disfrutar\\u00e1 de cerca de dos horas de pop latino, con todo\",\"inLanguage\":\"es-ES\",\"isPartOf\":{\"@id\":\"https:\\\/\\\/candas365.es\\\/noticias\\\/#website\"},\"breadcrumb\":{\"@id\":\"https:\\\/\\\/candas365.es\\\/noticias\\\/cafe-quijano-el-viernes-6-de-abril-en-el-teatro-de-la-laboral\\\/#breadcrumblist\"},\"author\":{\"@id\":\"https:\\\/\\\/candas365.es\\\/noticias\\\/author\\\/admin\\\/#author\"},\"creator\":{\"@id\":\"https:\\\/\\\/candas365.es\\\/noticias\\\/author\\\/admin\\\/#author\"},\"image\":{\"@type\":\"ImageObject\",\"url\":\"https:\\\/\\\/candas365.es\\\/noticias\\\/wp-content\\\/uploads\\\/2018\\\/04\\\/Caf\\u00e9-Quijano.jpg\",\"@id\":\"https:\\\/\\\/candas365.es\\\/noticias\\\/cafe-quijano-el-viernes-6-de-abril-en-el-teatro-de-la-laboral\\\/#mainImage\",\"width\":682,\"height\":455},\"primaryImageOfPage\":{\"@id\":\"https:\\\/\\\/candas365.es\\\/noticias\\\/cafe-quijano-el-viernes-6-de-abril-en-el-teatro-de-la-laboral\\\/#mainImage\"},\"datePublished\":\"2018-04-03T14:29:59+02:00\",\"dateModified\":\"2018-04-03T14:29:59+02:00\"},{\"@type\":\"WebSite\",\"@id\":\"https:\\\/\\\/candas365.es\\\/noticias\\\/#website\",\"url\":\"https:\\\/\\\/candas365.es\\\/noticias\\\/\",\"name\":\"Cand\\u00e1s 365\",\"alternateName\":\"Cand\\u00e1s 365 Noticias\",\"description\":\"Actualidad desde Carre\\u00f1o para el mundo\",\"inLanguage\":\"es-ES\",\"publisher\":{\"@id\":\"https:\\\/\\\/candas365.es\\\/noticias\\\/#organization\"}}]}\n\t\t<\/script>\n\t\t<!-- All in One SEO Pro -->\r\n\t\t<title>Caf\u00e9 Quijano el viernes 6 de abril en el Teatro de la Laboral | Cand\u00e1s 365<\/title>\n\n","aioseo_head_json":{"title":"Caf\u00e9 Quijano el viernes 6 de abril en el Teatro de la Laboral | Cand\u00e1s 365","description":"El grupo leon\u00e9s Caf\u00e9 Quijano llega a Gij\u00f3n el viernes 6 de abril, a las 21:00 horas. Los hermanos Manuel, \u00d3scar y Ra\u00fal vuelven a la Laboral con un nuevo show con el que celebran los 20 a\u00f1os de su debut discogr\u00e1fico. El p\u00fablico disfrutar\u00e1 de cerca de dos horas de pop latino, con todo","canonical_url":"https:\/\/candas365.es\/noticias\/cafe-quijano-el-viernes-6-de-abril-en-el-teatro-de-la-laboral\/","robots":"max-image-preview:large","keywords":"agenda","webmasterTools":{"google-site-verification":"UA-32230408-1","msvalidate.01":"354F3CDFB2DA171B47FBE9ABF1F88D5","miscellaneous":""},"schema":{"@context":"https:\/\/schema.org","@graph":[{"@type":"BreadcrumbList","@id":"https:\/\/candas365.es\/noticias\/cafe-quijano-el-viernes-6-de-abril-en-el-teatro-de-la-laboral\/#breadcrumblist","itemListElement":[{"@type":"ListItem","@id":"https:\/\/candas365.es\/noticias#listItem","position":1,"name":"Home","item":"https:\/\/candas365.es\/noticias","nextItem":{"@type":"ListItem","@id":"https:\/\/candas365.es\/noticias\/category\/agenda\/#listItem","name":"Agenda"}},{"@type":"ListItem","@id":"https:\/\/candas365.es\/noticias\/category\/agenda\/#listItem","position":2,"name":"Agenda","item":"https:\/\/candas365.es\/noticias\/category\/agenda\/","nextItem":{"@type":"ListItem","@id":"https:\/\/candas365.es\/noticias\/cafe-quijano-el-viernes-6-de-abril-en-el-teatro-de-la-laboral\/#listItem","name":"Caf\u00e9 Quijano el viernes 6 de abril en el Teatro de la Laboral"},"previousItem":{"@type":"ListItem","@id":"https:\/\/candas365.es\/noticias#listItem","name":"Home"}},{"@type":"ListItem","@id":"https:\/\/candas365.es\/noticias\/cafe-quijano-el-viernes-6-de-abril-en-el-teatro-de-la-laboral\/#listItem","position":3,"name":"Caf\u00e9 Quijano el viernes 6 de abril en el Teatro de la Laboral","previousItem":{"@type":"ListItem","@id":"https:\/\/candas365.es\/noticias\/category\/agenda\/#listItem","name":"Agenda"}}]},{"@type":"NewsArticle","@id":"https:\/\/candas365.es\/noticias\/cafe-quijano-el-viernes-6-de-abril-en-el-teatro-de-la-laboral\/#newsarticle","name":"Caf\u00e9 Quijano el viernes 6 de abril en el Teatro de la Laboral | Cand\u00e1s 365","headline":"Caf\u00e9 Quijano el viernes 6 de abril en el Teatro de la Laboral","author":{"@id":"https:\/\/candas365.es\/noticias\/author\/admin\/#author"},"publisher":{"@id":"https:\/\/candas365.es\/noticias\/#organization"},"image":{"@type":"ImageObject","url":"https:\/\/candas365.es\/noticias\/wp-content\/uploads\/2018\/04\/Caf\u00e9-Quijano.jpg","width":682,"height":455},"datePublished":"2018-04-03T14:29:59+02:00","dateModified":"2018-04-03T14:29:59+02:00","inLanguage":"es-ES","mainEntityOfPage":{"@id":"https:\/\/candas365.es\/noticias\/cafe-quijano-el-viernes-6-de-abril-en-el-teatro-de-la-laboral\/#webpage"},"isPartOf":{"@id":"https:\/\/candas365.es\/noticias\/cafe-quijano-el-viernes-6-de-abril-en-el-teatro-de-la-laboral\/#webpage"},"articleSection":"Agenda","dateline":"Publicado el abril 3, 2018."},{"@type":"Organization","@id":"https:\/\/candas365.es\/noticias\/#organization","name":"Cand\u00e1s 365","description":"Cand\u00e1s 365 es un diario digital independiente, fundado en 2012, con base en Asturias. Informamos con rigor sobre actualidad, sociedad, cultura y ocio, con una mirada local y global.","url":"https:\/\/candas365.es\/noticias\/","email":"info@candas365.es","telephone":"+34652131393","foundingDate":"2012-06-10","logo":{"@type":"ImageObject","url":"https:\/\/candas365.es\/noticias\/wp-content\/uploads\/2024\/09\/Candas-365-Redes.jpg","@id":"https:\/\/candas365.es\/noticias\/cafe-quijano-el-viernes-6-de-abril-en-el-teatro-de-la-laboral\/#organizationLogo","width":1152,"height":864,"caption":"Cand\u00e1s 365 Redes"},"image":{"@id":"https:\/\/candas365.es\/noticias\/cafe-quijano-el-viernes-6-de-abril-en-el-teatro-de-la-laboral\/#organizationLogo"},"sameAs":["https:\/\/www.facebook.com\/Nachofdezber","https:\/\/x.com\/NabercoDigital","https:\/\/www.instagram.com\/nachofdezber\/","https:\/\/www.youtube.com\/channel\/UCZP-2wLEB9Rv6erhFmqVnvg"],"address":{"@id":"https:\/\/candas365.es\/noticias\/#postaladdress","@type":"PostalAddress","streetAddress":"san antonio 4, san antonio 4","postalCode":"33430","addressLocality":"Cand\u00e1s","addressRegion":"Asturias","addressCountry":"ES"}},{"@type":"Person","@id":"https:\/\/candas365.es\/noticias\/author\/admin\/#author","url":"https:\/\/candas365.es\/noticias\/author\/admin\/","name":"Cand\u00e1s 365","image":{"@type":"ImageObject","@id":"https:\/\/candas365.es\/noticias\/cafe-quijano-el-viernes-6-de-abril-en-el-teatro-de-la-laboral\/#authorImage","url":"https:\/\/secure.gravatar.com\/avatar\/496a8e03d0c493ede1718b7934145dbdf8d89be1036b0eec9544e1094c9de390?s=96&d=mm&r=g","width":96,"height":96,"caption":"Cand\u00e1s 365"},"sameAs":["https:\/\/www.facebook.com\/carrenoactualidad","https:\/\/twitter.com\/nbasturias","https:\/\/www.instagram.com\/nachofdezber\/","https:\/\/www.youtube.com\/channel\/UCZP-2wLEB9Rv6erhFmqVnvg"]},{"@type":"WebPage","@id":"https:\/\/candas365.es\/noticias\/cafe-quijano-el-viernes-6-de-abril-en-el-teatro-de-la-laboral\/#webpage","url":"https:\/\/candas365.es\/noticias\/cafe-quijano-el-viernes-6-de-abril-en-el-teatro-de-la-laboral\/","name":"Caf\u00e9 Quijano el viernes 6 de abril en el Teatro de la Laboral | Cand\u00e1s 365","description":"El grupo leon\u00e9s Caf\u00e9 Quijano llega a Gij\u00f3n el viernes 6 de abril, a las 21:00 horas. Los hermanos Manuel, \u00d3scar y Ra\u00fal vuelven a la Laboral con un nuevo show con el que celebran los 20 a\u00f1os de su debut discogr\u00e1fico. El p\u00fablico disfrutar\u00e1 de cerca de dos horas de pop latino, con todo","inLanguage":"es-ES","isPartOf":{"@id":"https:\/\/candas365.es\/noticias\/#website"},"breadcrumb":{"@id":"https:\/\/candas365.es\/noticias\/cafe-quijano-el-viernes-6-de-abril-en-el-teatro-de-la-laboral\/#breadcrumblist"},"author":{"@id":"https:\/\/candas365.es\/noticias\/author\/admin\/#author"},"creator":{"@id":"https:\/\/candas365.es\/noticias\/author\/admin\/#author"},"image":{"@type":"ImageObject","url":"https:\/\/candas365.es\/noticias\/wp-content\/uploads\/2018\/04\/Caf\u00e9-Quijano.jpg","@id":"https:\/\/candas365.es\/noticias\/cafe-quijano-el-viernes-6-de-abril-en-el-teatro-de-la-laboral\/#mainImage","width":682,"height":455},"primaryImageOfPage":{"@id":"https:\/\/candas365.es\/noticias\/cafe-quijano-el-viernes-6-de-abril-en-el-teatro-de-la-laboral\/#mainImage"},"datePublished":"2018-04-03T14:29:59+02:00","dateModified":"2018-04-03T14:29:59+02:00"},{"@type":"WebSite","@id":"https:\/\/candas365.es\/noticias\/#website","url":"https:\/\/candas365.es\/noticias\/","name":"Cand\u00e1s 365","alternateName":"Cand\u00e1s 365 Noticias","description":"Actualidad desde Carre\u00f1o para el mundo","inLanguage":"es-ES","publisher":{"@id":"https:\/\/candas365.es\/noticias\/#organization"}}]},"og:locale":"es_ES","og:site_name":"Cand\u00e1s 365","og:type":"article","og:title":"Caf\u00e9 Quijano el viernes 6 de abril en el Teatro de la Laboral | Cand\u00e1s 365","og:description":"El grupo leon\u00e9s Caf\u00e9 Quijano llega a Gij\u00f3n el viernes 6 de abril, a las 21:00 horas. Los hermanos Manuel, \u00d3scar y Ra\u00fal vuelven a la Laboral con un nuevo show con el que celebran los 20 a\u00f1os de su debut discogr\u00e1fico. El p\u00fablico disfrutar\u00e1 de cerca de dos horas de pop latino, con todo","og:url":"https:\/\/candas365.es\/noticias\/cafe-quijano-el-viernes-6-de-abril-en-el-teatro-de-la-laboral\/","og:image":"https:\/\/candas365.es\/noticias\/wp-content\/uploads\/2018\/04\/Caf\u00e9-Quijano.jpg","og:image:secure_url":"https:\/\/candas365.es\/noticias\/wp-content\/uploads\/2018\/04\/Caf\u00e9-Quijano.jpg","og:image:width":682,"og:image:height":455,"article:published_time":"2018-04-03T14:29:59+00:00","article:modified_time":"2018-04-03T14:29:59+00:00","article:publisher":"https:\/\/www.facebook.com\/Nachofdezber","article:author":"https:\/\/www.facebook.com\/carrenoactualidad","twitter:card":"summary_large_image","twitter:site":"@NabercoDigital","twitter:title":"Caf\u00e9 Quijano el viernes 6 de abril en el Teatro de la Laboral | Cand\u00e1s 365","twitter:description":"El grupo leon\u00e9s Caf\u00e9 Quijano llega a Gij\u00f3n el viernes 6 de abril, a las 21:00 horas. Los hermanos Manuel, \u00d3scar y Ra\u00fal vuelven a la Laboral con un nuevo show con el que celebran los 20 a\u00f1os de su debut discogr\u00e1fico. El p\u00fablico disfrutar\u00e1 de cerca de dos horas de pop latino, con todo","twitter:creator":"@nbasturias","twitter:image":"https:\/\/candas365.es\/noticias\/wp-content\/uploads\/2018\/04\/Caf\u00e9-Quijano.jpg","twitter:label1":"Escrito por","twitter:data1":"Cand\u00e1s 365","twitter:label2":"Tiempo de lectura estimado","twitter:data2":"1 minuto"},"aioseo_meta_data":{"post_id":"92986","title":null,"description":null,"keywords":null,"keyphrases":null,"primary_term":null,"canonical_url":null,"og_title":null,"og_description":null,"og_object_type":"default","og_image_type":"default","og_image_url":null,"og_image_width":null,"og_image_height":null,"og_image_custom_url":null,"og_image_custom_fields":null,"og_video":null,"og_custom_url":null,"og_article_section":null,"og_article_tags":null,"twitter_use_og":false,"twitter_card":"default","twitter_image_type":"default","twitter_image_url":null,"twitter_image_custom_url":null,"twitter_image_custom_fields":null,"twitter_title":null,"twitter_description":null,"schema":{"blockGraphs":[],"customGraphs":[],"default":{"data":{"Article":[],"Course":[],"Dataset":[],"FAQPage":[],"Movie":[],"Person":[],"Product":[],"ProductReview":[],"Car":[],"Recipe":[],"Service":[],"SoftwareApplication":[],"WebPage":[]},"graphName":"","isEnabled":true},"graphs":[],"defaultGraph":"","defaultPostTypeGraph":""},"schema_type":null,"schema_type_options":null,"pillar_content":false,"robots_default":true,"robots_noindex":false,"robots_noarchive":false,"robots_nosnippet":false,"robots_nofollow":false,"robots_noimageindex":false,"robots_noodp":false,"robots_notranslate":false,"robots_max_snippet":null,"robots_max_videopreview":null,"robots_max_imagepreview":"large","priority":null,"frequency":null,"location":null,"local_seo":null,"seo_analyzer_scan_date":"2025-08-26 17:01:00","breadcrumb_settings":null,"limit_modified_date":false,"reviewed_by":null,"open_ai":null,"ai":null,"created":"2020-12-21 11:54:01","updated":"2025-08-26 17:01:00"},"aioseo_breadcrumb":"<div class=\"aioseo-breadcrumbs\"><span class=\"aioseo-breadcrumb\">\n\t<a href=\"https:\/\/candas365.es\/noticias\" title=\"Home\">Home<\/a>\n<\/span><span class=\"aioseo-breadcrumb-separator\">&ndash;<\/span><span class=\"aioseo-breadcrumb\">\n\t<a href=\"https:\/\/candas365.es\/noticias\/category\/agenda\/\" title=\"Agenda\">Agenda<\/a>\n<\/span><span class=\"aioseo-breadcrumb-separator\">&ndash;<\/span><span class=\"aioseo-breadcrumb\">\n\tCaf\u00e9 Quijano el viernes 6 de abril en el Teatro de la Laboral\n<\/span><\/div>","aioseo_breadcrumb_json":[{"label":"Home","link":"https:\/\/candas365.es\/noticias"},{"label":"Agenda","link":"https:\/\/candas365.es\/noticias\/category\/agenda\/"},{"label":"Caf\u00e9 Quijano el viernes 6 de abril en el Teatro de la Laboral","link":"https:\/\/candas365.es\/noticias\/cafe-quijano-el-viernes-6-de-abril-en-el-teatro-de-la-laboral\/"}],"_links":{"self":[{"href":"https:\/\/candas365.es\/noticias\/wp-json\/wp\/v2\/posts\/92986","targetHints":{"allow":["GET"]}}],"collection":[{"href":"https:\/\/candas365.es\/noticias\/wp-json\/wp\/v2\/posts"}],"about":[{"href":"https:\/\/candas365.es\/noticias\/wp-json\/wp\/v2\/types\/post"}],"author":[{"embeddable":true,"href":"https:\/\/candas365.es\/noticias\/wp-json\/wp\/v2\/users\/1"}],"replies":[{"embeddable":true,"href":"https:\/\/candas365.es\/noticias\/wp-json\/wp\/v2\/comments?post=92986"}],"version-history":[{"count":0,"href":"https:\/\/candas365.es\/noticias\/wp-json\/wp\/v2\/posts\/92986\/revisions"}],"wp:featuredmedia":[{"embeddable":true,"href":"https:\/\/candas365.es\/noticias\/wp-json\/wp\/v2\/media\/92987"}],"wp:attachment":[{"href":"https:\/\/candas365.es\/noticias\/wp-json\/wp\/v2\/media?parent=92986"}],"wp:term":[{"taxonomy":"category","embeddable":true,"href":"https:\/\/candas365.es\/noticias\/wp-json\/wp\/v2\/categories?post=92986"},{"taxonomy":"post_tag","embeddable":true,"href":"https:\/\/candas365.es\/noticias\/wp-json\/wp\/v2\/tags?post=92986"}],"curies":[{"name":"wp","href":"https:\/\/api.w.org\/{rel}","templated":true}]}}