{"id":92983,"date":"2018-04-03T13:45:46","date_gmt":"2018-04-03T13:45:46","guid":{"rendered":"http:\/\/candas365.es\/noticias\/?p=92983"},"modified":"2018-04-03T13:45:46","modified_gmt":"2018-04-03T13:45:46","slug":"maria-esther-vega-menendez-mujer-del-ano-2018","status":"publish","type":"post","link":"https:\/\/candas365.es\/noticias\/maria-esther-vega-menendez-mujer-del-ano-2018\/","title":{"rendered":"Mar\u00eda Esther Vega Men\u00e9ndez: \u00abMujer del a\u00f1o 2018\u00bb"},"content":{"rendered":"<p><img fetchpriority=\"high\" decoding=\"async\" class=\"alignleft size-medium wp-image-92984\" src=\"https:\/\/candas365.es\/noticias\/wp-content\/uploads\/2018\/04\/Mar\u00eda-Esther-Vega-Men\u00e9ndez-360x240.jpg\" alt=\"\" width=\"360\" height=\"240\" srcset=\"https:\/\/candas365.es\/noticias\/wp-content\/uploads\/2018\/04\/Mar\u00eda-Esther-Vega-Men\u00e9ndez-360x240.jpg 360w, https:\/\/candas365.es\/noticias\/wp-content\/uploads\/2018\/04\/Mar\u00eda-Esther-Vega-Men\u00e9ndez-696x464.jpg 696w, https:\/\/candas365.es\/noticias\/wp-content\/uploads\/2018\/04\/Mar\u00eda-Esther-Vega-Men\u00e9ndez-1068x712.jpg 1068w, https:\/\/candas365.es\/noticias\/wp-content\/uploads\/2018\/04\/Mar\u00eda-Esther-Vega-Men\u00e9ndez-630x420.jpg 630w, https:\/\/candas365.es\/noticias\/wp-content\/uploads\/2018\/04\/Mar\u00eda-Esther-Vega-Men\u00e9ndez-768x512.jpg 768w, https:\/\/candas365.es\/noticias\/wp-content\/uploads\/2018\/04\/Mar\u00eda-Esther-Vega-Men\u00e9ndez-655x436.jpg 655w, https:\/\/candas365.es\/noticias\/wp-content\/uploads\/2018\/04\/Mar\u00eda-Esther-Vega-Men\u00e9ndez.jpg 1280w\" sizes=\"(max-width: 360px) 100vw, 360px\" \/>La candasina, <strong>Mar\u00eda Esther Vega Men\u00e9ndez,<\/strong> de 79 a\u00f1os de edad, distinguida a propuesta de las asociaciones de mujeres del concejo, con este galard\u00f3n local que cada a\u00f1o se ortorga el Ayuntamiento de Carre\u00f1o, en el marco de los actos programados entorno al 8 de Marzo.<\/p>\n<p>En Carre\u00f1o se cuenta, desde el a\u00f1o 2.002, con una Comisi\u00f3n de Seguimiento del Plan de Igualdad de Oportunidades entre Mujeres y Hombres, que en su labor de visibilizaci\u00f3n de la historia de las mujeres carre\u00f1enses, concede cada a\u00f1o la distinci\u00f3n de \u201c<strong>Mujer del a\u00f1o<\/strong>\u201d. Esta iniciativa surgi\u00f3 en el marco del I Plan de Igualdad, con la finalidad de reivindicar el papel y la trayectoria de las mujeres del concejo. El reconocimiento es alterno: un a\u00f1o se rinde homenaje a mujeres de Cand\u00e1s y otro a mujeres de las zonas rurales. En dicha Comisi\u00f3n se encuentran representadas las Asociaciones de Mujeres del concejo de Carre\u00f1o, que son quienes proponen cada a\u00f1o las candidaturas y trasladan a la Corporaci\u00f3n sus candidaturas para recibir este popular homenaje.<\/p>\n<p>En esta XVII edici\u00f3n del galard\u00f3n, en una reuni\u00f3n celebrada el pasado 6 de Marzo en la Sala de Comisiones del Ayuntamiento bajo la presidencia de de la Alcaldesa y responsable del \u00e1rea de igualdad municipal se formul\u00f3 la candidatura de Mar\u00eda Esther para este galard\u00f3n. Y en la \u00faltima comisi\u00f3n informativa de Igualdad, la celebrada el pasado Mi\u00e9rcoles, 28 de Marzo, se acord\u00f3 el por unanimidad de todos los grupos pol\u00edticos refrendar esta propuesta y premiarla.<\/p>\n<p>\u201c Las asociaciones de mujeres propusieron al Ayuntamiento dedicar el galard\u00f3n este a\u00f1o a Mar\u00eda Esther Vega. Entendi\u00f3 dicha comisi\u00f3n que era preceptivo reconocer su trayectoria destacando que desde hace m\u00e1s de 50 a\u00f1os ella ha llevado a cabo una tarea de inter\u00e9s colectivo, preservando el repertorio de canciones de nuestra villa, las que recibi\u00f3 de sus mayores, aquellas que anta\u00f1o coreaban las mujeres en sus largas jornadas de trabajo en las f\u00e1bricas. Ella fue trabajadora de varias f\u00e1bricas de conserva. Hija de Manuel y Esther, casada con Joaqu\u00edn Rodr\u00edguez Granda, madre de dos hijos ( Mar\u00eda Antonia y Manuel \u00c1ngel), que enviud\u00f3 joven y tras ello, volvi\u00f3 a trabajar en las f\u00e1bricas para sacar adelante su familia. Por su desempe\u00f1o profesional fue depositaria de un aut\u00e9ntico tesoro de tradici\u00f3n popular, adquirido a lo largo de toda una vida. Y ella contribuy\u00f3 a mantener vivo dicho legado, transmiti\u00e9ndolo a las generaciones m\u00e1s j\u00f3venes. Desde el a\u00f1o 2011 imparte desinteresadamente en el Centro polivalente, un d\u00eda a la semana, un curso que versa sobre el cancionero popular candas\u00edn y la danza prima. Ense\u00f1\u00f3 la jota de Carre\u00f1o y su melod\u00eda al Grupo San F\u00e9lix, d\u00f3nde baila una de sus nietas. Ella es la solista que comienza e inicia la canci\u00f3n en cu\u00e1ntas danzas primas se impulsan en Cand\u00e1s con motivo de las fiestas\u201d \u2013 explic\u00f3 <strong>Amelia Fern\u00e1ndez, Alcaldesa de Carre\u00f1o.<\/strong><\/p>\n<p>\u201cSi las danzas y las canciones populares esconden fragmentos del esp\u00edritu de un pueblo, entonces, la candasina Mar\u00eda Esther Vega Men\u00e9ndez, es depositaria del alma de Cand\u00e1s y guardiana de sus tradiciones. El entusiasmo que Mar\u00eda Esther derrocha en todos los proyectos en los que participa y su disposici\u00f3n siempre desinteresada para colaborar en eventos y celebraciones populares, le han valido el afecto, el respeto y la admiraci\u00f3n de su pueblo. Por eso las asociaciones de mujeres trasladaron su candidatura para concederle esta distinci\u00f3n. A nadie se le escapa la importancia de poder conocer a fondo nuestra historia, el pasado presente del Cand\u00e1s marinero, y recuperar los principios colectivos para que sean transmitidos a las otras generaciones. En esto, Mar\u00eda Esther ha destacado. Ella ha sido todo un ejemplo de generosidad compartiendo y conservando de saberes tradicionales relacionados con la danza y canci\u00f3n marinera \u201d \u2013 afirm\u00f3 la Alcaldesa.<\/p>\n<p>\u201cEl homenaje consistir\u00e1, como en a\u00f1os anteriores, en un entra\u00f1able acto en el Teatro en el transcurso del cual se proyectar\u00e1 un audiovisual, que se grab\u00f3 previamente estos d\u00edas en Cand\u00e1s. Con la colaboraci\u00f3n y complicidad de su hija To\u00f1a Rodr\u00edguez, hemos querido configurar la historia de vida de la homenajeada y recopilar testimonios de gentes de Cand\u00e1s. Adem\u00e1s, contaremos para la ocasi\u00f3n con la colaboraci\u00f3n desinteresada de un coro local El Nordeste, que dirige Alfredo P\u00e9rez Pantiga. Es un coro que tiene en su repertorio buena parte de las canciones de bodega que la galardonada trasmiti\u00f3. Sabemos que a ella le gusta mucho El Nordeste y qu\u00e9 mejor que act\u00faen y la arropen en el acto de entrega de la distinci\u00f3n \u201c \u2013 a\u00f1adi\u00f3 la regidora.<\/p>\n<blockquote><p><strong><em>El acto homenaje tendr\u00e1 lugar el JUEVES, 3 DE ABRIL DE 2018, A LAS 19.00 HORAS, EN EL TEATRO PRENDES DE CAND\u00c1S.<\/em><\/strong><\/p><\/blockquote>\n<p>\u201c Cada a\u00f1o, renovamos el compromiso de visibilizar las historias de vida de las mujeres carre\u00f1enses. Un compromiso por la igualdad que no es flor de un d\u00eda en este concejo; no en vano se destinan recursos econ\u00f3micos y personal cualificado para tratar por todos los medios de que se haga efectivo en todos los \u00e1mbitos.\u201d \u2013 afirm\u00f3 la regidora.<\/p>\n","protected":false},"excerpt":{"rendered":"<p>La candasina, Mar\u00eda Esther Vega Men\u00e9ndez, de 79 a\u00f1os de edad, distinguida a propuesta de las asociaciones de mujeres del concejo, con este galard\u00f3n local que cada a\u00f1o se ortorga el Ayuntamiento de Carre\u00f1o, en el marco de los actos programados entorno al 8 de Marzo. En Carre\u00f1o se cuenta, desde el a\u00f1o 2.002, con<\/p>\n","protected":false},"author":1,"featured_media":92984,"comment_status":"closed","ping_status":"closed","sticky":false,"template":"","format":"standard","meta":{"footnotes":""},"categories":[316,2],"tags":[],"class_list":{"0":"post-92983","1":"post","2":"type-post","3":"status-publish","4":"format-standard","5":"has-post-thumbnail","7":"category-destacadas","8":"category-noticias-carreno"},"aioseo_notices":[],"aioseo_head":"\n\t\t<!-- All in One SEO Pro 4.9.6.2 - aioseo.com -->\n\t<meta name=\"description\" content=\"La candasina, Mar\u00eda Esther Vega Men\u00e9ndez, de 79 a\u00f1os de edad, distinguida a propuesta de las asociaciones de mujeres del concejo, con este galard\u00f3n local que cada a\u00f1o se ortorga el Ayuntamiento de Carre\u00f1o, en el marco de los actos programados entorno al 8 de Marzo. En Carre\u00f1o se cuenta, desde el a\u00f1o 2.002, con\" \/>\n\t<meta name=\"robots\" content=\"max-image-preview:large\" \/>\n\t<meta name=\"author\" content=\"Cand\u00e1s 365\"\/>\n\t<meta name=\"google-site-verification\" content=\"UA-32230408-1\" \/>\n\t<meta name=\"msvalidate.01\" content=\"354F3CDFB2DA171B47FBE9ABF1F88D5\" \/>\n\t<meta name=\"keywords\" content=\"destacadas,noticias carre\u00f1o\" \/>\n\t<link rel=\"canonical\" href=\"https:\/\/candas365.es\/noticias\/maria-esther-vega-menendez-mujer-del-ano-2018\/\" \/>\n\t<meta name=\"generator\" content=\"All in One SEO Pro (AIOSEO) 4.9.6.2\" \/>\n\t\t<meta property=\"og:locale\" content=\"es_ES\" \/>\n\t\t<meta property=\"og:site_name\" content=\"Cand\u00e1s 365\" \/>\n\t\t<meta property=\"og:type\" content=\"article\" \/>\n\t\t<meta property=\"og:title\" content=\"Mar\u00eda Esther Vega Men\u00e9ndez: \u00abMujer del a\u00f1o 2018\u00bb | Cand\u00e1s 365\" \/>\n\t\t<meta property=\"og:description\" content=\"La candasina, Mar\u00eda Esther Vega Men\u00e9ndez, de 79 a\u00f1os de edad, distinguida a propuesta de las asociaciones de mujeres del concejo, con este galard\u00f3n local que cada a\u00f1o se ortorga el Ayuntamiento de Carre\u00f1o, en el marco de los actos programados entorno al 8 de Marzo. En Carre\u00f1o se cuenta, desde el a\u00f1o 2.002, con\" \/>\n\t\t<meta property=\"og:url\" content=\"https:\/\/candas365.es\/noticias\/maria-esther-vega-menendez-mujer-del-ano-2018\/\" \/>\n\t\t<meta property=\"og:image\" content=\"https:\/\/candas365.es\/noticias\/wp-content\/uploads\/2018\/04\/Mar\u00eda-Esther-Vega-Men\u00e9ndez.jpg\" \/>\n\t\t<meta property=\"og:image:secure_url\" content=\"https:\/\/candas365.es\/noticias\/wp-content\/uploads\/2018\/04\/Mar\u00eda-Esther-Vega-Men\u00e9ndez.jpg\" \/>\n\t\t<meta property=\"og:image:width\" content=\"1280\" \/>\n\t\t<meta property=\"og:image:height\" content=\"853\" \/>\n\t\t<meta property=\"article:published_time\" content=\"2018-04-03T13:45:46+00:00\" \/>\n\t\t<meta property=\"article:modified_time\" content=\"2018-04-03T13:45:46+00:00\" \/>\n\t\t<meta property=\"article:publisher\" content=\"https:\/\/www.facebook.com\/Nachofdezber\" \/>\n\t\t<meta property=\"article:author\" content=\"https:\/\/www.facebook.com\/carrenoactualidad\" \/>\n\t\t<meta name=\"twitter:card\" content=\"summary_large_image\" \/>\n\t\t<meta name=\"twitter:site\" content=\"@NabercoDigital\" \/>\n\t\t<meta name=\"twitter:title\" content=\"Mar\u00eda Esther Vega Men\u00e9ndez: \u00abMujer del a\u00f1o 2018\u00bb | Cand\u00e1s 365\" \/>\n\t\t<meta name=\"twitter:description\" content=\"La candasina, Mar\u00eda Esther Vega Men\u00e9ndez, de 79 a\u00f1os de edad, distinguida a propuesta de las asociaciones de mujeres del concejo, con este galard\u00f3n local que cada a\u00f1o se ortorga el Ayuntamiento de Carre\u00f1o, en el marco de los actos programados entorno al 8 de Marzo. En Carre\u00f1o se cuenta, desde el a\u00f1o 2.002, con\" \/>\n\t\t<meta name=\"twitter:creator\" content=\"@nbasturias\" \/>\n\t\t<meta name=\"twitter:image\" content=\"https:\/\/candas365.es\/noticias\/wp-content\/uploads\/2018\/04\/Mar\u00eda-Esther-Vega-Men\u00e9ndez.jpg\" \/>\n\t\t<meta name=\"twitter:label1\" content=\"Escrito por\" \/>\n\t\t<meta name=\"twitter:data1\" content=\"Cand\u00e1s 365\" \/>\n\t\t<meta name=\"twitter:label2\" content=\"Tiempo de lectura estimado\" \/>\n\t\t<meta name=\"twitter:data2\" content=\"5 minutos\" \/>\n\t\t<script type=\"application\/ld+json\" class=\"aioseo-schema\">\n\t\t\t{\"@context\":\"https:\\\/\\\/schema.org\",\"@graph\":[{\"@type\":\"BreadcrumbList\",\"@id\":\"https:\\\/\\\/candas365.es\\\/noticias\\\/maria-esther-vega-menendez-mujer-del-ano-2018\\\/#breadcrumblist\",\"itemListElement\":[{\"@type\":\"ListItem\",\"@id\":\"https:\\\/\\\/candas365.es\\\/noticias#listItem\",\"position\":1,\"name\":\"Home\",\"item\":\"https:\\\/\\\/candas365.es\\\/noticias\",\"nextItem\":{\"@type\":\"ListItem\",\"@id\":\"https:\\\/\\\/candas365.es\\\/noticias\\\/category\\\/noticias-carreno\\\/#listItem\",\"name\":\"Noticias Carre\\u00f1o\"}},{\"@type\":\"ListItem\",\"@id\":\"https:\\\/\\\/candas365.es\\\/noticias\\\/category\\\/noticias-carreno\\\/#listItem\",\"position\":2,\"name\":\"Noticias Carre\\u00f1o\",\"item\":\"https:\\\/\\\/candas365.es\\\/noticias\\\/category\\\/noticias-carreno\\\/\",\"nextItem\":{\"@type\":\"ListItem\",\"@id\":\"https:\\\/\\\/candas365.es\\\/noticias\\\/maria-esther-vega-menendez-mujer-del-ano-2018\\\/#listItem\",\"name\":\"Mar\\u00eda Esther Vega Men\\u00e9ndez: \\u00abMujer del a\\u00f1o 2018\\u00bb\"},\"previousItem\":{\"@type\":\"ListItem\",\"@id\":\"https:\\\/\\\/candas365.es\\\/noticias#listItem\",\"name\":\"Home\"}},{\"@type\":\"ListItem\",\"@id\":\"https:\\\/\\\/candas365.es\\\/noticias\\\/maria-esther-vega-menendez-mujer-del-ano-2018\\\/#listItem\",\"position\":3,\"name\":\"Mar\\u00eda Esther Vega Men\\u00e9ndez: \\u00abMujer del a\\u00f1o 2018\\u00bb\",\"previousItem\":{\"@type\":\"ListItem\",\"@id\":\"https:\\\/\\\/candas365.es\\\/noticias\\\/category\\\/noticias-carreno\\\/#listItem\",\"name\":\"Noticias Carre\\u00f1o\"}}]},{\"@type\":\"NewsArticle\",\"@id\":\"https:\\\/\\\/candas365.es\\\/noticias\\\/maria-esther-vega-menendez-mujer-del-ano-2018\\\/#newsarticle\",\"name\":\"Mar\\u00eda Esther Vega Men\\u00e9ndez: \\u00abMujer del a\\u00f1o 2018\\u00bb | Cand\\u00e1s 365\",\"headline\":\"Mar\\u00eda Esther Vega Men\\u00e9ndez: \\u00abMujer del a\\u00f1o 2018\\u00bb\",\"author\":{\"@id\":\"https:\\\/\\\/candas365.es\\\/noticias\\\/author\\\/admin\\\/#author\"},\"publisher\":{\"@id\":\"https:\\\/\\\/candas365.es\\\/noticias\\\/#organization\"},\"image\":{\"@type\":\"ImageObject\",\"url\":\"https:\\\/\\\/candas365.es\\\/noticias\\\/wp-content\\\/uploads\\\/2018\\\/04\\\/Mar\\u00eda-Esther-Vega-Men\\u00e9ndez.jpg\",\"width\":1280,\"height\":853},\"datePublished\":\"2018-04-03T13:45:46+02:00\",\"dateModified\":\"2018-04-03T13:45:46+02:00\",\"inLanguage\":\"es-ES\",\"mainEntityOfPage\":{\"@id\":\"https:\\\/\\\/candas365.es\\\/noticias\\\/maria-esther-vega-menendez-mujer-del-ano-2018\\\/#webpage\"},\"isPartOf\":{\"@id\":\"https:\\\/\\\/candas365.es\\\/noticias\\\/maria-esther-vega-menendez-mujer-del-ano-2018\\\/#webpage\"},\"articleSection\":\"Destacadas, Noticias Carre\\u00f1o\",\"dateline\":\"Publicado el abril 3, 2018.\"},{\"@type\":\"Organization\",\"@id\":\"https:\\\/\\\/candas365.es\\\/noticias\\\/#organization\",\"name\":\"Cand\\u00e1s 365\",\"description\":\"Cand\\u00e1s 365 es un diario digital independiente, fundado en 2012, con base en Asturias. Informamos con rigor sobre actualidad, sociedad, cultura y ocio, con una mirada local y global.\",\"url\":\"https:\\\/\\\/candas365.es\\\/noticias\\\/\",\"email\":\"info@candas365.es\",\"telephone\":\"+34652131393\",\"foundingDate\":\"2012-06-10\",\"logo\":{\"@type\":\"ImageObject\",\"url\":\"https:\\\/\\\/candas365.es\\\/noticias\\\/wp-content\\\/uploads\\\/2024\\\/09\\\/Candas-365-Redes.jpg\",\"@id\":\"https:\\\/\\\/candas365.es\\\/noticias\\\/maria-esther-vega-menendez-mujer-del-ano-2018\\\/#organizationLogo\",\"width\":1152,\"height\":864,\"caption\":\"Cand\\u00e1s 365 Redes\"},\"image\":{\"@id\":\"https:\\\/\\\/candas365.es\\\/noticias\\\/maria-esther-vega-menendez-mujer-del-ano-2018\\\/#organizationLogo\"},\"sameAs\":[\"https:\\\/\\\/www.facebook.com\\\/Nachofdezber\",\"https:\\\/\\\/x.com\\\/NabercoDigital\",\"https:\\\/\\\/www.instagram.com\\\/nachofdezber\\\/\",\"https:\\\/\\\/www.youtube.com\\\/channel\\\/UCZP-2wLEB9Rv6erhFmqVnvg\"],\"address\":{\"@id\":\"https:\\\/\\\/candas365.es\\\/noticias\\\/#postaladdress\",\"@type\":\"PostalAddress\",\"streetAddress\":\"san antonio 4, san antonio 4\",\"postalCode\":\"33430\",\"addressLocality\":\"Cand\\u00e1s\",\"addressRegion\":\"Asturias\",\"addressCountry\":\"ES\"}},{\"@type\":\"Person\",\"@id\":\"https:\\\/\\\/candas365.es\\\/noticias\\\/author\\\/admin\\\/#author\",\"url\":\"https:\\\/\\\/candas365.es\\\/noticias\\\/author\\\/admin\\\/\",\"name\":\"Cand\\u00e1s 365\",\"image\":{\"@type\":\"ImageObject\",\"@id\":\"https:\\\/\\\/candas365.es\\\/noticias\\\/maria-esther-vega-menendez-mujer-del-ano-2018\\\/#authorImage\",\"url\":\"https:\\\/\\\/secure.gravatar.com\\\/avatar\\\/496a8e03d0c493ede1718b7934145dbdf8d89be1036b0eec9544e1094c9de390?s=96&d=mm&r=g\",\"width\":96,\"height\":96,\"caption\":\"Cand\\u00e1s 365\"},\"sameAs\":[\"https:\\\/\\\/www.facebook.com\\\/carrenoactualidad\",\"https:\\\/\\\/twitter.com\\\/nbasturias\",\"https:\\\/\\\/www.instagram.com\\\/nachofdezber\\\/\",\"https:\\\/\\\/www.youtube.com\\\/channel\\\/UCZP-2wLEB9Rv6erhFmqVnvg\"]},{\"@type\":\"WebPage\",\"@id\":\"https:\\\/\\\/candas365.es\\\/noticias\\\/maria-esther-vega-menendez-mujer-del-ano-2018\\\/#webpage\",\"url\":\"https:\\\/\\\/candas365.es\\\/noticias\\\/maria-esther-vega-menendez-mujer-del-ano-2018\\\/\",\"name\":\"Mar\\u00eda Esther Vega Men\\u00e9ndez: \\u00abMujer del a\\u00f1o 2018\\u00bb | Cand\\u00e1s 365\",\"description\":\"La candasina, Mar\\u00eda Esther Vega Men\\u00e9ndez, de 79 a\\u00f1os de edad, distinguida a propuesta de las asociaciones de mujeres del concejo, con este galard\\u00f3n local que cada a\\u00f1o se ortorga el Ayuntamiento de Carre\\u00f1o, en el marco de los actos programados entorno al 8 de Marzo. En Carre\\u00f1o se cuenta, desde el a\\u00f1o 2.002, con\",\"inLanguage\":\"es-ES\",\"isPartOf\":{\"@id\":\"https:\\\/\\\/candas365.es\\\/noticias\\\/#website\"},\"breadcrumb\":{\"@id\":\"https:\\\/\\\/candas365.es\\\/noticias\\\/maria-esther-vega-menendez-mujer-del-ano-2018\\\/#breadcrumblist\"},\"author\":{\"@id\":\"https:\\\/\\\/candas365.es\\\/noticias\\\/author\\\/admin\\\/#author\"},\"creator\":{\"@id\":\"https:\\\/\\\/candas365.es\\\/noticias\\\/author\\\/admin\\\/#author\"},\"image\":{\"@type\":\"ImageObject\",\"url\":\"https:\\\/\\\/candas365.es\\\/noticias\\\/wp-content\\\/uploads\\\/2018\\\/04\\\/Mar\\u00eda-Esther-Vega-Men\\u00e9ndez.jpg\",\"@id\":\"https:\\\/\\\/candas365.es\\\/noticias\\\/maria-esther-vega-menendez-mujer-del-ano-2018\\\/#mainImage\",\"width\":1280,\"height\":853},\"primaryImageOfPage\":{\"@id\":\"https:\\\/\\\/candas365.es\\\/noticias\\\/maria-esther-vega-menendez-mujer-del-ano-2018\\\/#mainImage\"},\"datePublished\":\"2018-04-03T13:45:46+02:00\",\"dateModified\":\"2018-04-03T13:45:46+02:00\"},{\"@type\":\"WebSite\",\"@id\":\"https:\\\/\\\/candas365.es\\\/noticias\\\/#website\",\"url\":\"https:\\\/\\\/candas365.es\\\/noticias\\\/\",\"name\":\"Cand\\u00e1s 365\",\"alternateName\":\"Cand\\u00e1s 365 Noticias\",\"description\":\"Actualidad desde Carre\\u00f1o para el mundo\",\"inLanguage\":\"es-ES\",\"publisher\":{\"@id\":\"https:\\\/\\\/candas365.es\\\/noticias\\\/#organization\"}}]}\n\t\t<\/script>\n\t\t<!-- All in One SEO Pro -->\r\n\t\t<title>Mar\u00eda Esther Vega Men\u00e9ndez: \u00abMujer del a\u00f1o 2018\u00bb | Cand\u00e1s 365<\/title>\n\n","aioseo_head_json":{"title":"Mar\u00eda Esther Vega Men\u00e9ndez: \u00abMujer del a\u00f1o 2018\u00bb | Cand\u00e1s 365","description":"La candasina, Mar\u00eda Esther Vega Men\u00e9ndez, de 79 a\u00f1os de edad, distinguida a propuesta de las asociaciones de mujeres del concejo, con este galard\u00f3n local que cada a\u00f1o se ortorga el Ayuntamiento de Carre\u00f1o, en el marco de los actos programados entorno al 8 de Marzo. En Carre\u00f1o se cuenta, desde el a\u00f1o 2.002, con","canonical_url":"https:\/\/candas365.es\/noticias\/maria-esther-vega-menendez-mujer-del-ano-2018\/","robots":"max-image-preview:large","keywords":"destacadas,noticias carre\u00f1o","webmasterTools":{"google-site-verification":"UA-32230408-1","msvalidate.01":"354F3CDFB2DA171B47FBE9ABF1F88D5","miscellaneous":""},"schema":{"@context":"https:\/\/schema.org","@graph":[{"@type":"BreadcrumbList","@id":"https:\/\/candas365.es\/noticias\/maria-esther-vega-menendez-mujer-del-ano-2018\/#breadcrumblist","itemListElement":[{"@type":"ListItem","@id":"https:\/\/candas365.es\/noticias#listItem","position":1,"name":"Home","item":"https:\/\/candas365.es\/noticias","nextItem":{"@type":"ListItem","@id":"https:\/\/candas365.es\/noticias\/category\/noticias-carreno\/#listItem","name":"Noticias Carre\u00f1o"}},{"@type":"ListItem","@id":"https:\/\/candas365.es\/noticias\/category\/noticias-carreno\/#listItem","position":2,"name":"Noticias Carre\u00f1o","item":"https:\/\/candas365.es\/noticias\/category\/noticias-carreno\/","nextItem":{"@type":"ListItem","@id":"https:\/\/candas365.es\/noticias\/maria-esther-vega-menendez-mujer-del-ano-2018\/#listItem","name":"Mar\u00eda Esther Vega Men\u00e9ndez: \u00abMujer del a\u00f1o 2018\u00bb"},"previousItem":{"@type":"ListItem","@id":"https:\/\/candas365.es\/noticias#listItem","name":"Home"}},{"@type":"ListItem","@id":"https:\/\/candas365.es\/noticias\/maria-esther-vega-menendez-mujer-del-ano-2018\/#listItem","position":3,"name":"Mar\u00eda Esther Vega Men\u00e9ndez: \u00abMujer del a\u00f1o 2018\u00bb","previousItem":{"@type":"ListItem","@id":"https:\/\/candas365.es\/noticias\/category\/noticias-carreno\/#listItem","name":"Noticias Carre\u00f1o"}}]},{"@type":"NewsArticle","@id":"https:\/\/candas365.es\/noticias\/maria-esther-vega-menendez-mujer-del-ano-2018\/#newsarticle","name":"Mar\u00eda Esther Vega Men\u00e9ndez: \u00abMujer del a\u00f1o 2018\u00bb | Cand\u00e1s 365","headline":"Mar\u00eda Esther Vega Men\u00e9ndez: \u00abMujer del a\u00f1o 2018\u00bb","author":{"@id":"https:\/\/candas365.es\/noticias\/author\/admin\/#author"},"publisher":{"@id":"https:\/\/candas365.es\/noticias\/#organization"},"image":{"@type":"ImageObject","url":"https:\/\/candas365.es\/noticias\/wp-content\/uploads\/2018\/04\/Mar\u00eda-Esther-Vega-Men\u00e9ndez.jpg","width":1280,"height":853},"datePublished":"2018-04-03T13:45:46+02:00","dateModified":"2018-04-03T13:45:46+02:00","inLanguage":"es-ES","mainEntityOfPage":{"@id":"https:\/\/candas365.es\/noticias\/maria-esther-vega-menendez-mujer-del-ano-2018\/#webpage"},"isPartOf":{"@id":"https:\/\/candas365.es\/noticias\/maria-esther-vega-menendez-mujer-del-ano-2018\/#webpage"},"articleSection":"Destacadas, Noticias Carre\u00f1o","dateline":"Publicado el abril 3, 2018."},{"@type":"Organization","@id":"https:\/\/candas365.es\/noticias\/#organization","name":"Cand\u00e1s 365","description":"Cand\u00e1s 365 es un diario digital independiente, fundado en 2012, con base en Asturias. Informamos con rigor sobre actualidad, sociedad, cultura y ocio, con una mirada local y global.","url":"https:\/\/candas365.es\/noticias\/","email":"info@candas365.es","telephone":"+34652131393","foundingDate":"2012-06-10","logo":{"@type":"ImageObject","url":"https:\/\/candas365.es\/noticias\/wp-content\/uploads\/2024\/09\/Candas-365-Redes.jpg","@id":"https:\/\/candas365.es\/noticias\/maria-esther-vega-menendez-mujer-del-ano-2018\/#organizationLogo","width":1152,"height":864,"caption":"Cand\u00e1s 365 Redes"},"image":{"@id":"https:\/\/candas365.es\/noticias\/maria-esther-vega-menendez-mujer-del-ano-2018\/#organizationLogo"},"sameAs":["https:\/\/www.facebook.com\/Nachofdezber","https:\/\/x.com\/NabercoDigital","https:\/\/www.instagram.com\/nachofdezber\/","https:\/\/www.youtube.com\/channel\/UCZP-2wLEB9Rv6erhFmqVnvg"],"address":{"@id":"https:\/\/candas365.es\/noticias\/#postaladdress","@type":"PostalAddress","streetAddress":"san antonio 4, san antonio 4","postalCode":"33430","addressLocality":"Cand\u00e1s","addressRegion":"Asturias","addressCountry":"ES"}},{"@type":"Person","@id":"https:\/\/candas365.es\/noticias\/author\/admin\/#author","url":"https:\/\/candas365.es\/noticias\/author\/admin\/","name":"Cand\u00e1s 365","image":{"@type":"ImageObject","@id":"https:\/\/candas365.es\/noticias\/maria-esther-vega-menendez-mujer-del-ano-2018\/#authorImage","url":"https:\/\/secure.gravatar.com\/avatar\/496a8e03d0c493ede1718b7934145dbdf8d89be1036b0eec9544e1094c9de390?s=96&d=mm&r=g","width":96,"height":96,"caption":"Cand\u00e1s 365"},"sameAs":["https:\/\/www.facebook.com\/carrenoactualidad","https:\/\/twitter.com\/nbasturias","https:\/\/www.instagram.com\/nachofdezber\/","https:\/\/www.youtube.com\/channel\/UCZP-2wLEB9Rv6erhFmqVnvg"]},{"@type":"WebPage","@id":"https:\/\/candas365.es\/noticias\/maria-esther-vega-menendez-mujer-del-ano-2018\/#webpage","url":"https:\/\/candas365.es\/noticias\/maria-esther-vega-menendez-mujer-del-ano-2018\/","name":"Mar\u00eda Esther Vega Men\u00e9ndez: \u00abMujer del a\u00f1o 2018\u00bb | Cand\u00e1s 365","description":"La candasina, Mar\u00eda Esther Vega Men\u00e9ndez, de 79 a\u00f1os de edad, distinguida a propuesta de las asociaciones de mujeres del concejo, con este galard\u00f3n local que cada a\u00f1o se ortorga el Ayuntamiento de Carre\u00f1o, en el marco de los actos programados entorno al 8 de Marzo. En Carre\u00f1o se cuenta, desde el a\u00f1o 2.002, con","inLanguage":"es-ES","isPartOf":{"@id":"https:\/\/candas365.es\/noticias\/#website"},"breadcrumb":{"@id":"https:\/\/candas365.es\/noticias\/maria-esther-vega-menendez-mujer-del-ano-2018\/#breadcrumblist"},"author":{"@id":"https:\/\/candas365.es\/noticias\/author\/admin\/#author"},"creator":{"@id":"https:\/\/candas365.es\/noticias\/author\/admin\/#author"},"image":{"@type":"ImageObject","url":"https:\/\/candas365.es\/noticias\/wp-content\/uploads\/2018\/04\/Mar\u00eda-Esther-Vega-Men\u00e9ndez.jpg","@id":"https:\/\/candas365.es\/noticias\/maria-esther-vega-menendez-mujer-del-ano-2018\/#mainImage","width":1280,"height":853},"primaryImageOfPage":{"@id":"https:\/\/candas365.es\/noticias\/maria-esther-vega-menendez-mujer-del-ano-2018\/#mainImage"},"datePublished":"2018-04-03T13:45:46+02:00","dateModified":"2018-04-03T13:45:46+02:00"},{"@type":"WebSite","@id":"https:\/\/candas365.es\/noticias\/#website","url":"https:\/\/candas365.es\/noticias\/","name":"Cand\u00e1s 365","alternateName":"Cand\u00e1s 365 Noticias","description":"Actualidad desde Carre\u00f1o para el mundo","inLanguage":"es-ES","publisher":{"@id":"https:\/\/candas365.es\/noticias\/#organization"}}]},"og:locale":"es_ES","og:site_name":"Cand\u00e1s 365","og:type":"article","og:title":"Mar\u00eda Esther Vega Men\u00e9ndez: \u00abMujer del a\u00f1o 2018\u00bb | Cand\u00e1s 365","og:description":"La candasina, Mar\u00eda Esther Vega Men\u00e9ndez, de 79 a\u00f1os de edad, distinguida a propuesta de las asociaciones de mujeres del concejo, con este galard\u00f3n local que cada a\u00f1o se ortorga el Ayuntamiento de Carre\u00f1o, en el marco de los actos programados entorno al 8 de Marzo. En Carre\u00f1o se cuenta, desde el a\u00f1o 2.002, con","og:url":"https:\/\/candas365.es\/noticias\/maria-esther-vega-menendez-mujer-del-ano-2018\/","og:image":"https:\/\/candas365.es\/noticias\/wp-content\/uploads\/2018\/04\/Mar\u00eda-Esther-Vega-Men\u00e9ndez.jpg","og:image:secure_url":"https:\/\/candas365.es\/noticias\/wp-content\/uploads\/2018\/04\/Mar\u00eda-Esther-Vega-Men\u00e9ndez.jpg","og:image:width":1280,"og:image:height":853,"article:published_time":"2018-04-03T13:45:46+00:00","article:modified_time":"2018-04-03T13:45:46+00:00","article:publisher":"https:\/\/www.facebook.com\/Nachofdezber","article:author":"https:\/\/www.facebook.com\/carrenoactualidad","twitter:card":"summary_large_image","twitter:site":"@NabercoDigital","twitter:title":"Mar\u00eda Esther Vega Men\u00e9ndez: \u00abMujer del a\u00f1o 2018\u00bb | Cand\u00e1s 365","twitter:description":"La candasina, Mar\u00eda Esther Vega Men\u00e9ndez, de 79 a\u00f1os de edad, distinguida a propuesta de las asociaciones de mujeres del concejo, con este galard\u00f3n local que cada a\u00f1o se ortorga el Ayuntamiento de Carre\u00f1o, en el marco de los actos programados entorno al 8 de Marzo. En Carre\u00f1o se cuenta, desde el a\u00f1o 2.002, con","twitter:creator":"@nbasturias","twitter:image":"https:\/\/candas365.es\/noticias\/wp-content\/uploads\/2018\/04\/Mar\u00eda-Esther-Vega-Men\u00e9ndez.jpg","twitter:label1":"Escrito por","twitter:data1":"Cand\u00e1s 365","twitter:label2":"Tiempo de lectura estimado","twitter:data2":"5 minutos"},"aioseo_meta_data":{"post_id":"92983","title":null,"description":null,"keywords":null,"keyphrases":null,"primary_term":null,"canonical_url":null,"og_title":null,"og_description":null,"og_object_type":"default","og_image_type":"default","og_image_url":null,"og_image_width":null,"og_image_height":null,"og_image_custom_url":null,"og_image_custom_fields":null,"og_video":null,"og_custom_url":null,"og_article_section":null,"og_article_tags":null,"twitter_use_og":false,"twitter_card":"default","twitter_image_type":"default","twitter_image_url":null,"twitter_image_custom_url":null,"twitter_image_custom_fields":null,"twitter_title":null,"twitter_description":null,"schema":{"blockGraphs":[],"customGraphs":[],"default":{"data":{"Article":[],"Course":[],"Dataset":[],"FAQPage":[],"Movie":[],"Person":[],"Product":[],"ProductReview":[],"Car":[],"Recipe":[],"Service":[],"SoftwareApplication":[],"WebPage":[]},"graphName":"","isEnabled":true},"graphs":[]},"schema_type":null,"schema_type_options":null,"pillar_content":false,"robots_default":true,"robots_noindex":false,"robots_noarchive":false,"robots_nosnippet":false,"robots_nofollow":false,"robots_noimageindex":false,"robots_noodp":false,"robots_notranslate":false,"robots_max_snippet":null,"robots_max_videopreview":null,"robots_max_imagepreview":"large","priority":null,"frequency":null,"location":null,"local_seo":null,"seo_analyzer_scan_date":"2025-08-26 17:00:59","breadcrumb_settings":null,"limit_modified_date":false,"reviewed_by":null,"open_ai":null,"ai":null,"created":"2020-12-21 11:54:01","updated":"2025-08-26 17:00:59"},"aioseo_breadcrumb":"<div class=\"aioseo-breadcrumbs\"><span class=\"aioseo-breadcrumb\">\n\t<a href=\"https:\/\/candas365.es\/noticias\" title=\"Home\">Home<\/a>\n<\/span><span class=\"aioseo-breadcrumb-separator\">&ndash;<\/span><span class=\"aioseo-breadcrumb\">\n\t<a href=\"https:\/\/candas365.es\/noticias\/category\/noticias-carreno\/\" title=\"Noticias Carre\u00f1o\">Noticias Carre\u00f1o<\/a>\n<\/span><span class=\"aioseo-breadcrumb-separator\">&ndash;<\/span><span class=\"aioseo-breadcrumb\">\n\tMar\u00eda Esther Vega Men\u00e9ndez: \u00abMujer del a\u00f1o 2018\u00bb\n<\/span><\/div>","aioseo_breadcrumb_json":[{"label":"Home","link":"https:\/\/candas365.es\/noticias"},{"label":"Noticias Carre\u00f1o","link":"https:\/\/candas365.es\/noticias\/category\/noticias-carreno\/"},{"label":"Mar\u00eda Esther Vega Men\u00e9ndez: \u00abMujer del a\u00f1o 2018\u00bb","link":"https:\/\/candas365.es\/noticias\/maria-esther-vega-menendez-mujer-del-ano-2018\/"}],"_links":{"self":[{"href":"https:\/\/candas365.es\/noticias\/wp-json\/wp\/v2\/posts\/92983","targetHints":{"allow":["GET"]}}],"collection":[{"href":"https:\/\/candas365.es\/noticias\/wp-json\/wp\/v2\/posts"}],"about":[{"href":"https:\/\/candas365.es\/noticias\/wp-json\/wp\/v2\/types\/post"}],"author":[{"embeddable":true,"href":"https:\/\/candas365.es\/noticias\/wp-json\/wp\/v2\/users\/1"}],"replies":[{"embeddable":true,"href":"https:\/\/candas365.es\/noticias\/wp-json\/wp\/v2\/comments?post=92983"}],"version-history":[{"count":0,"href":"https:\/\/candas365.es\/noticias\/wp-json\/wp\/v2\/posts\/92983\/revisions"}],"wp:featuredmedia":[{"embeddable":true,"href":"https:\/\/candas365.es\/noticias\/wp-json\/wp\/v2\/media\/92984"}],"wp:attachment":[{"href":"https:\/\/candas365.es\/noticias\/wp-json\/wp\/v2\/media?parent=92983"}],"wp:term":[{"taxonomy":"category","embeddable":true,"href":"https:\/\/candas365.es\/noticias\/wp-json\/wp\/v2\/categories?post=92983"},{"taxonomy":"post_tag","embeddable":true,"href":"https:\/\/candas365.es\/noticias\/wp-json\/wp\/v2\/tags?post=92983"}],"curies":[{"name":"wp","href":"https:\/\/api.w.org\/{rel}","templated":true}]}}