{"id":92805,"date":"2018-03-30T17:18:02","date_gmt":"2018-03-30T17:18:02","guid":{"rendered":"http:\/\/candas365.es\/noticias\/?p=92805"},"modified":"2018-03-30T17:18:02","modified_gmt":"2018-03-30T17:18:02","slug":"el-tiempo-en-candas-31-de-marzo-de-2018","status":"publish","type":"post","link":"https:\/\/candas365.es\/noticias\/el-tiempo-en-candas-31-de-marzo-de-2018\/","title":{"rendered":"El tiempo en Cand\u00e1s, 31 de marzo de 2018"},"content":{"rendered":"<p><img fetchpriority=\"high\" decoding=\"async\" class=\"alignleft size-medium wp-image-40734\" src=\"https:\/\/candas365.es\/noticias\/wp-content\/uploads\/2017\/01\/candas-puerto-360x210.jpg\" alt=\"\" width=\"360\" height=\"210\" srcset=\"https:\/\/candas365.es\/noticias\/wp-content\/uploads\/2017\/01\/candas-puerto-360x210.jpg 360w, https:\/\/candas365.es\/noticias\/wp-content\/uploads\/2017\/01\/candas-puerto-650x379.jpg 650w, https:\/\/candas365.es\/noticias\/wp-content\/uploads\/2017\/01\/candas-puerto-768x447.jpg 768w, https:\/\/candas365.es\/noticias\/wp-content\/uploads\/2017\/01\/candas-puerto-150x87.jpg 150w, https:\/\/candas365.es\/noticias\/wp-content\/uploads\/2017\/01\/candas-puerto-450x262.jpg 450w, https:\/\/candas365.es\/noticias\/wp-content\/uploads\/2017\/01\/candas-puerto-655x382.jpg 655w, https:\/\/candas365.es\/noticias\/wp-content\/uploads\/2017\/01\/candas-puerto-696x405.jpg 696w, https:\/\/candas365.es\/noticias\/wp-content\/uploads\/2017\/01\/candas-puerto-721x420.jpg 721w, https:\/\/candas365.es\/noticias\/wp-content\/uploads\/2017\/01\/candas-puerto-172x100.jpg 172w, https:\/\/candas365.es\/noticias\/wp-content\/uploads\/2017\/01\/candas-puerto.jpg 920w\" sizes=\"(max-width: 360px) 100vw, 360px\" \/>Durante el s\u00e1bado 31 de marzo en Cand\u00e1s, Principado de Asturias, tendremos una jornada en la que los term\u00f3metros marcar\u00e1n m\u00ednimas medias de unos 7 grados y m\u00e1ximas que pueden alcanzar los 13 grados.<\/p>\n<p>Desde AEMET nos informan que durante la primera mitad del d\u00eda tendremos cielos nubosos, con alg\u00fan claro, pero con lluvia, que ser\u00e1 m\u00e1s intensa previsiblemente durante la ma\u00f1ana, aunque tambi\u00e9n podr\u00e1 llover en la tarde y en la tarde noche.<\/p>\n<p>El viento ser\u00e1 de componente Oeste durante la madrugada y primera mitad del d\u00eda y soplar\u00e1 de componente noroeste en las primeras horas de la tarde para dar paso al final del d\u00eda a vientos flojos del sudeste.<\/p>\n","protected":false},"excerpt":{"rendered":"<p>Durante el s\u00e1bado 31 de marzo en Cand\u00e1s, Principado de Asturias, tendremos una jornada en la que los term\u00f3metros marcar\u00e1n m\u00ednimas medias de unos 7 grados y m\u00e1ximas que pueden alcanzar los 13 grados. Desde AEMET nos informan que durante la primera mitad del d\u00eda tendremos cielos nubosos, con alg\u00fan claro, pero con lluvia, que<\/p>\n","protected":false},"author":1,"featured_media":33967,"comment_status":"closed","ping_status":"closed","sticky":false,"template":"","format":"standard","meta":{"footnotes":""},"categories":[1],"tags":[],"class_list":{"0":"post-92805","1":"post","2":"type-post","3":"status-publish","4":"format-standard","5":"has-post-thumbnail","7":"category-agenda"},"aioseo_notices":[],"aioseo_head":"\n\t\t<!-- All in One SEO Pro 4.9.6.2 - aioseo.com -->\n\t<meta name=\"description\" content=\"Durante el s\u00e1bado 31 de marzo en Cand\u00e1s, Principado de Asturias, tendremos una jornada en la que los term\u00f3metros marcar\u00e1n m\u00ednimas medias de unos 7 grados y m\u00e1ximas que pueden alcanzar los 13 grados. Desde AEMET nos informan que durante la primera mitad del d\u00eda tendremos cielos nubosos, con alg\u00fan claro, pero con lluvia, que\" \/>\n\t<meta name=\"robots\" content=\"max-image-preview:large\" \/>\n\t<meta name=\"author\" content=\"Cand\u00e1s 365\"\/>\n\t<meta name=\"google-site-verification\" content=\"UA-32230408-1\" \/>\n\t<meta name=\"msvalidate.01\" content=\"354F3CDFB2DA171B47FBE9ABF1F88D5\" \/>\n\t<meta name=\"keywords\" content=\"agenda\" \/>\n\t<link rel=\"canonical\" href=\"https:\/\/candas365.es\/noticias\/el-tiempo-en-candas-31-de-marzo-de-2018\/\" \/>\n\t<meta name=\"generator\" content=\"All in One SEO Pro (AIOSEO) 4.9.6.2\" \/>\n\t\t<meta property=\"og:locale\" content=\"es_ES\" \/>\n\t\t<meta property=\"og:site_name\" content=\"Cand\u00e1s 365\" \/>\n\t\t<meta property=\"og:type\" content=\"article\" \/>\n\t\t<meta property=\"og:title\" content=\"El tiempo en Cand\u00e1s, 31 de marzo de 2018 | Cand\u00e1s 365\" \/>\n\t\t<meta property=\"og:description\" content=\"Durante el s\u00e1bado 31 de marzo en Cand\u00e1s, Principado de Asturias, tendremos una jornada en la que los term\u00f3metros marcar\u00e1n m\u00ednimas medias de unos 7 grados y m\u00e1ximas que pueden alcanzar los 13 grados. Desde AEMET nos informan que durante la primera mitad del d\u00eda tendremos cielos nubosos, con alg\u00fan claro, pero con lluvia, que\" \/>\n\t\t<meta property=\"og:url\" content=\"https:\/\/candas365.es\/noticias\/el-tiempo-en-candas-31-de-marzo-de-2018\/\" \/>\n\t\t<meta property=\"og:image\" content=\"https:\/\/candas365.es\/noticias\/wp-content\/uploads\/2016\/10\/lluvia-noticias.jpg\" \/>\n\t\t<meta property=\"og:image:secure_url\" content=\"https:\/\/candas365.es\/noticias\/wp-content\/uploads\/2016\/10\/lluvia-noticias.jpg\" \/>\n\t\t<meta property=\"og:image:width\" content=\"655\" \/>\n\t\t<meta property=\"og:image:height\" content=\"360\" \/>\n\t\t<meta property=\"article:published_time\" content=\"2018-03-30T17:18:02+00:00\" \/>\n\t\t<meta property=\"article:modified_time\" content=\"2018-03-30T17:18:02+00:00\" \/>\n\t\t<meta property=\"article:publisher\" content=\"https:\/\/www.facebook.com\/Nachofdezber\" \/>\n\t\t<meta property=\"article:author\" content=\"https:\/\/www.facebook.com\/carrenoactualidad\" \/>\n\t\t<meta name=\"twitter:card\" content=\"summary_large_image\" \/>\n\t\t<meta name=\"twitter:site\" content=\"@NabercoDigital\" \/>\n\t\t<meta name=\"twitter:title\" content=\"El tiempo en Cand\u00e1s, 31 de marzo de 2018 | Cand\u00e1s 365\" \/>\n\t\t<meta name=\"twitter:description\" content=\"Durante el s\u00e1bado 31 de marzo en Cand\u00e1s, Principado de Asturias, tendremos una jornada en la que los term\u00f3metros marcar\u00e1n m\u00ednimas medias de unos 7 grados y m\u00e1ximas que pueden alcanzar los 13 grados. Desde AEMET nos informan que durante la primera mitad del d\u00eda tendremos cielos nubosos, con alg\u00fan claro, pero con lluvia, que\" \/>\n\t\t<meta name=\"twitter:creator\" content=\"@nbasturias\" \/>\n\t\t<meta name=\"twitter:image\" content=\"https:\/\/candas365.es\/noticias\/wp-content\/uploads\/2016\/10\/lluvia-noticias.jpg\" \/>\n\t\t<meta name=\"twitter:label1\" content=\"Escrito por\" \/>\n\t\t<meta name=\"twitter:data1\" content=\"Cand\u00e1s 365\" \/>\n\t\t<meta name=\"twitter:label2\" content=\"Tiempo de lectura estimado\" \/>\n\t\t<meta name=\"twitter:data2\" content=\"1 minuto\" \/>\n\t\t<script type=\"application\/ld+json\" class=\"aioseo-schema\">\n\t\t\t{\"@context\":\"https:\\\/\\\/schema.org\",\"@graph\":[{\"@type\":\"BreadcrumbList\",\"@id\":\"https:\\\/\\\/candas365.es\\\/noticias\\\/el-tiempo-en-candas-31-de-marzo-de-2018\\\/#breadcrumblist\",\"itemListElement\":[{\"@type\":\"ListItem\",\"@id\":\"https:\\\/\\\/candas365.es\\\/noticias#listItem\",\"position\":1,\"name\":\"Home\",\"item\":\"https:\\\/\\\/candas365.es\\\/noticias\",\"nextItem\":{\"@type\":\"ListItem\",\"@id\":\"https:\\\/\\\/candas365.es\\\/noticias\\\/category\\\/agenda\\\/#listItem\",\"name\":\"Agenda\"}},{\"@type\":\"ListItem\",\"@id\":\"https:\\\/\\\/candas365.es\\\/noticias\\\/category\\\/agenda\\\/#listItem\",\"position\":2,\"name\":\"Agenda\",\"item\":\"https:\\\/\\\/candas365.es\\\/noticias\\\/category\\\/agenda\\\/\",\"nextItem\":{\"@type\":\"ListItem\",\"@id\":\"https:\\\/\\\/candas365.es\\\/noticias\\\/el-tiempo-en-candas-31-de-marzo-de-2018\\\/#listItem\",\"name\":\"El tiempo en Cand\\u00e1s, 31 de marzo de 2018\"},\"previousItem\":{\"@type\":\"ListItem\",\"@id\":\"https:\\\/\\\/candas365.es\\\/noticias#listItem\",\"name\":\"Home\"}},{\"@type\":\"ListItem\",\"@id\":\"https:\\\/\\\/candas365.es\\\/noticias\\\/el-tiempo-en-candas-31-de-marzo-de-2018\\\/#listItem\",\"position\":3,\"name\":\"El tiempo en Cand\\u00e1s, 31 de marzo de 2018\",\"previousItem\":{\"@type\":\"ListItem\",\"@id\":\"https:\\\/\\\/candas365.es\\\/noticias\\\/category\\\/agenda\\\/#listItem\",\"name\":\"Agenda\"}}]},{\"@type\":\"NewsArticle\",\"@id\":\"https:\\\/\\\/candas365.es\\\/noticias\\\/el-tiempo-en-candas-31-de-marzo-de-2018\\\/#newsarticle\",\"name\":\"El tiempo en Cand\\u00e1s, 31 de marzo de 2018 | Cand\\u00e1s 365\",\"headline\":\"El tiempo en Cand\\u00e1s, 31 de marzo de 2018\",\"author\":{\"@id\":\"https:\\\/\\\/candas365.es\\\/noticias\\\/author\\\/admin\\\/#author\"},\"publisher\":{\"@id\":\"https:\\\/\\\/candas365.es\\\/noticias\\\/#organization\"},\"image\":{\"@type\":\"ImageObject\",\"url\":\"https:\\\/\\\/candas365.es\\\/noticias\\\/wp-content\\\/uploads\\\/2016\\\/10\\\/lluvia-noticias.jpg\",\"width\":655,\"height\":360},\"datePublished\":\"2018-03-30T17:18:02+02:00\",\"dateModified\":\"2018-03-30T17:18:02+02:00\",\"inLanguage\":\"es-ES\",\"mainEntityOfPage\":{\"@id\":\"https:\\\/\\\/candas365.es\\\/noticias\\\/el-tiempo-en-candas-31-de-marzo-de-2018\\\/#webpage\"},\"isPartOf\":{\"@id\":\"https:\\\/\\\/candas365.es\\\/noticias\\\/el-tiempo-en-candas-31-de-marzo-de-2018\\\/#webpage\"},\"articleSection\":\"Agenda\",\"dateline\":\"Publicado el marzo 30, 2018.\"},{\"@type\":\"Organization\",\"@id\":\"https:\\\/\\\/candas365.es\\\/noticias\\\/#organization\",\"name\":\"Cand\\u00e1s 365\",\"description\":\"Cand\\u00e1s 365 es un diario digital independiente, fundado en 2012, con base en Asturias. Informamos con rigor sobre actualidad, sociedad, cultura y ocio, con una mirada local y global.\",\"url\":\"https:\\\/\\\/candas365.es\\\/noticias\\\/\",\"email\":\"info@candas365.es\",\"telephone\":\"+34652131393\",\"foundingDate\":\"2012-06-10\",\"logo\":{\"@type\":\"ImageObject\",\"url\":\"https:\\\/\\\/candas365.es\\\/noticias\\\/wp-content\\\/uploads\\\/2024\\\/09\\\/Candas-365-Redes.jpg\",\"@id\":\"https:\\\/\\\/candas365.es\\\/noticias\\\/el-tiempo-en-candas-31-de-marzo-de-2018\\\/#organizationLogo\",\"width\":1152,\"height\":864,\"caption\":\"Cand\\u00e1s 365 Redes\"},\"image\":{\"@id\":\"https:\\\/\\\/candas365.es\\\/noticias\\\/el-tiempo-en-candas-31-de-marzo-de-2018\\\/#organizationLogo\"},\"sameAs\":[\"https:\\\/\\\/www.facebook.com\\\/Nachofdezber\",\"https:\\\/\\\/x.com\\\/NabercoDigital\",\"https:\\\/\\\/www.instagram.com\\\/nachofdezber\\\/\",\"https:\\\/\\\/www.youtube.com\\\/channel\\\/UCZP-2wLEB9Rv6erhFmqVnvg\"],\"address\":{\"@id\":\"https:\\\/\\\/candas365.es\\\/noticias\\\/#postaladdress\",\"@type\":\"PostalAddress\",\"streetAddress\":\"san antonio 4, san antonio 4\",\"postalCode\":\"33430\",\"addressLocality\":\"Cand\\u00e1s\",\"addressRegion\":\"Asturias\",\"addressCountry\":\"ES\"}},{\"@type\":\"Person\",\"@id\":\"https:\\\/\\\/candas365.es\\\/noticias\\\/author\\\/admin\\\/#author\",\"url\":\"https:\\\/\\\/candas365.es\\\/noticias\\\/author\\\/admin\\\/\",\"name\":\"Cand\\u00e1s 365\",\"image\":{\"@type\":\"ImageObject\",\"@id\":\"https:\\\/\\\/candas365.es\\\/noticias\\\/el-tiempo-en-candas-31-de-marzo-de-2018\\\/#authorImage\",\"url\":\"https:\\\/\\\/secure.gravatar.com\\\/avatar\\\/496a8e03d0c493ede1718b7934145dbdf8d89be1036b0eec9544e1094c9de390?s=96&d=mm&r=g\",\"width\":96,\"height\":96,\"caption\":\"Cand\\u00e1s 365\"},\"sameAs\":[\"https:\\\/\\\/www.facebook.com\\\/carrenoactualidad\",\"https:\\\/\\\/twitter.com\\\/nbasturias\",\"https:\\\/\\\/www.instagram.com\\\/nachofdezber\\\/\",\"https:\\\/\\\/www.youtube.com\\\/channel\\\/UCZP-2wLEB9Rv6erhFmqVnvg\"]},{\"@type\":\"WebPage\",\"@id\":\"https:\\\/\\\/candas365.es\\\/noticias\\\/el-tiempo-en-candas-31-de-marzo-de-2018\\\/#webpage\",\"url\":\"https:\\\/\\\/candas365.es\\\/noticias\\\/el-tiempo-en-candas-31-de-marzo-de-2018\\\/\",\"name\":\"El tiempo en Cand\\u00e1s, 31 de marzo de 2018 | Cand\\u00e1s 365\",\"description\":\"Durante el s\\u00e1bado 31 de marzo en Cand\\u00e1s, Principado de Asturias, tendremos una jornada en la que los term\\u00f3metros marcar\\u00e1n m\\u00ednimas medias de unos 7 grados y m\\u00e1ximas que pueden alcanzar los 13 grados. Desde AEMET nos informan que durante la primera mitad del d\\u00eda tendremos cielos nubosos, con alg\\u00fan claro, pero con lluvia, que\",\"inLanguage\":\"es-ES\",\"isPartOf\":{\"@id\":\"https:\\\/\\\/candas365.es\\\/noticias\\\/#website\"},\"breadcrumb\":{\"@id\":\"https:\\\/\\\/candas365.es\\\/noticias\\\/el-tiempo-en-candas-31-de-marzo-de-2018\\\/#breadcrumblist\"},\"author\":{\"@id\":\"https:\\\/\\\/candas365.es\\\/noticias\\\/author\\\/admin\\\/#author\"},\"creator\":{\"@id\":\"https:\\\/\\\/candas365.es\\\/noticias\\\/author\\\/admin\\\/#author\"},\"image\":{\"@type\":\"ImageObject\",\"url\":\"https:\\\/\\\/candas365.es\\\/noticias\\\/wp-content\\\/uploads\\\/2016\\\/10\\\/lluvia-noticias.jpg\",\"@id\":\"https:\\\/\\\/candas365.es\\\/noticias\\\/el-tiempo-en-candas-31-de-marzo-de-2018\\\/#mainImage\",\"width\":655,\"height\":360},\"primaryImageOfPage\":{\"@id\":\"https:\\\/\\\/candas365.es\\\/noticias\\\/el-tiempo-en-candas-31-de-marzo-de-2018\\\/#mainImage\"},\"datePublished\":\"2018-03-30T17:18:02+02:00\",\"dateModified\":\"2018-03-30T17:18:02+02:00\"},{\"@type\":\"WebSite\",\"@id\":\"https:\\\/\\\/candas365.es\\\/noticias\\\/#website\",\"url\":\"https:\\\/\\\/candas365.es\\\/noticias\\\/\",\"name\":\"Cand\\u00e1s 365\",\"alternateName\":\"Cand\\u00e1s 365 Noticias\",\"description\":\"Actualidad desde Carre\\u00f1o para el mundo\",\"inLanguage\":\"es-ES\",\"publisher\":{\"@id\":\"https:\\\/\\\/candas365.es\\\/noticias\\\/#organization\"}}]}\n\t\t<\/script>\n\t\t<!-- All in One SEO Pro -->\r\n\t\t<title>El tiempo en Cand\u00e1s, 31 de marzo de 2018 | Cand\u00e1s 365<\/title>\n\n","aioseo_head_json":{"title":"El tiempo en Cand\u00e1s, 31 de marzo de 2018 | Cand\u00e1s 365","description":"Durante el s\u00e1bado 31 de marzo en Cand\u00e1s, Principado de Asturias, tendremos una jornada en la que los term\u00f3metros marcar\u00e1n m\u00ednimas medias de unos 7 grados y m\u00e1ximas que pueden alcanzar los 13 grados. Desde AEMET nos informan que durante la primera mitad del d\u00eda tendremos cielos nubosos, con alg\u00fan claro, pero con lluvia, que","canonical_url":"https:\/\/candas365.es\/noticias\/el-tiempo-en-candas-31-de-marzo-de-2018\/","robots":"max-image-preview:large","keywords":"agenda","webmasterTools":{"google-site-verification":"UA-32230408-1","msvalidate.01":"354F3CDFB2DA171B47FBE9ABF1F88D5","miscellaneous":""},"schema":{"@context":"https:\/\/schema.org","@graph":[{"@type":"BreadcrumbList","@id":"https:\/\/candas365.es\/noticias\/el-tiempo-en-candas-31-de-marzo-de-2018\/#breadcrumblist","itemListElement":[{"@type":"ListItem","@id":"https:\/\/candas365.es\/noticias#listItem","position":1,"name":"Home","item":"https:\/\/candas365.es\/noticias","nextItem":{"@type":"ListItem","@id":"https:\/\/candas365.es\/noticias\/category\/agenda\/#listItem","name":"Agenda"}},{"@type":"ListItem","@id":"https:\/\/candas365.es\/noticias\/category\/agenda\/#listItem","position":2,"name":"Agenda","item":"https:\/\/candas365.es\/noticias\/category\/agenda\/","nextItem":{"@type":"ListItem","@id":"https:\/\/candas365.es\/noticias\/el-tiempo-en-candas-31-de-marzo-de-2018\/#listItem","name":"El tiempo en Cand\u00e1s, 31 de marzo de 2018"},"previousItem":{"@type":"ListItem","@id":"https:\/\/candas365.es\/noticias#listItem","name":"Home"}},{"@type":"ListItem","@id":"https:\/\/candas365.es\/noticias\/el-tiempo-en-candas-31-de-marzo-de-2018\/#listItem","position":3,"name":"El tiempo en Cand\u00e1s, 31 de marzo de 2018","previousItem":{"@type":"ListItem","@id":"https:\/\/candas365.es\/noticias\/category\/agenda\/#listItem","name":"Agenda"}}]},{"@type":"NewsArticle","@id":"https:\/\/candas365.es\/noticias\/el-tiempo-en-candas-31-de-marzo-de-2018\/#newsarticle","name":"El tiempo en Cand\u00e1s, 31 de marzo de 2018 | Cand\u00e1s 365","headline":"El tiempo en Cand\u00e1s, 31 de marzo de 2018","author":{"@id":"https:\/\/candas365.es\/noticias\/author\/admin\/#author"},"publisher":{"@id":"https:\/\/candas365.es\/noticias\/#organization"},"image":{"@type":"ImageObject","url":"https:\/\/candas365.es\/noticias\/wp-content\/uploads\/2016\/10\/lluvia-noticias.jpg","width":655,"height":360},"datePublished":"2018-03-30T17:18:02+02:00","dateModified":"2018-03-30T17:18:02+02:00","inLanguage":"es-ES","mainEntityOfPage":{"@id":"https:\/\/candas365.es\/noticias\/el-tiempo-en-candas-31-de-marzo-de-2018\/#webpage"},"isPartOf":{"@id":"https:\/\/candas365.es\/noticias\/el-tiempo-en-candas-31-de-marzo-de-2018\/#webpage"},"articleSection":"Agenda","dateline":"Publicado el marzo 30, 2018."},{"@type":"Organization","@id":"https:\/\/candas365.es\/noticias\/#organization","name":"Cand\u00e1s 365","description":"Cand\u00e1s 365 es un diario digital independiente, fundado en 2012, con base en Asturias. Informamos con rigor sobre actualidad, sociedad, cultura y ocio, con una mirada local y global.","url":"https:\/\/candas365.es\/noticias\/","email":"info@candas365.es","telephone":"+34652131393","foundingDate":"2012-06-10","logo":{"@type":"ImageObject","url":"https:\/\/candas365.es\/noticias\/wp-content\/uploads\/2024\/09\/Candas-365-Redes.jpg","@id":"https:\/\/candas365.es\/noticias\/el-tiempo-en-candas-31-de-marzo-de-2018\/#organizationLogo","width":1152,"height":864,"caption":"Cand\u00e1s 365 Redes"},"image":{"@id":"https:\/\/candas365.es\/noticias\/el-tiempo-en-candas-31-de-marzo-de-2018\/#organizationLogo"},"sameAs":["https:\/\/www.facebook.com\/Nachofdezber","https:\/\/x.com\/NabercoDigital","https:\/\/www.instagram.com\/nachofdezber\/","https:\/\/www.youtube.com\/channel\/UCZP-2wLEB9Rv6erhFmqVnvg"],"address":{"@id":"https:\/\/candas365.es\/noticias\/#postaladdress","@type":"PostalAddress","streetAddress":"san antonio 4, san antonio 4","postalCode":"33430","addressLocality":"Cand\u00e1s","addressRegion":"Asturias","addressCountry":"ES"}},{"@type":"Person","@id":"https:\/\/candas365.es\/noticias\/author\/admin\/#author","url":"https:\/\/candas365.es\/noticias\/author\/admin\/","name":"Cand\u00e1s 365","image":{"@type":"ImageObject","@id":"https:\/\/candas365.es\/noticias\/el-tiempo-en-candas-31-de-marzo-de-2018\/#authorImage","url":"https:\/\/secure.gravatar.com\/avatar\/496a8e03d0c493ede1718b7934145dbdf8d89be1036b0eec9544e1094c9de390?s=96&d=mm&r=g","width":96,"height":96,"caption":"Cand\u00e1s 365"},"sameAs":["https:\/\/www.facebook.com\/carrenoactualidad","https:\/\/twitter.com\/nbasturias","https:\/\/www.instagram.com\/nachofdezber\/","https:\/\/www.youtube.com\/channel\/UCZP-2wLEB9Rv6erhFmqVnvg"]},{"@type":"WebPage","@id":"https:\/\/candas365.es\/noticias\/el-tiempo-en-candas-31-de-marzo-de-2018\/#webpage","url":"https:\/\/candas365.es\/noticias\/el-tiempo-en-candas-31-de-marzo-de-2018\/","name":"El tiempo en Cand\u00e1s, 31 de marzo de 2018 | Cand\u00e1s 365","description":"Durante el s\u00e1bado 31 de marzo en Cand\u00e1s, Principado de Asturias, tendremos una jornada en la que los term\u00f3metros marcar\u00e1n m\u00ednimas medias de unos 7 grados y m\u00e1ximas que pueden alcanzar los 13 grados. Desde AEMET nos informan que durante la primera mitad del d\u00eda tendremos cielos nubosos, con alg\u00fan claro, pero con lluvia, que","inLanguage":"es-ES","isPartOf":{"@id":"https:\/\/candas365.es\/noticias\/#website"},"breadcrumb":{"@id":"https:\/\/candas365.es\/noticias\/el-tiempo-en-candas-31-de-marzo-de-2018\/#breadcrumblist"},"author":{"@id":"https:\/\/candas365.es\/noticias\/author\/admin\/#author"},"creator":{"@id":"https:\/\/candas365.es\/noticias\/author\/admin\/#author"},"image":{"@type":"ImageObject","url":"https:\/\/candas365.es\/noticias\/wp-content\/uploads\/2016\/10\/lluvia-noticias.jpg","@id":"https:\/\/candas365.es\/noticias\/el-tiempo-en-candas-31-de-marzo-de-2018\/#mainImage","width":655,"height":360},"primaryImageOfPage":{"@id":"https:\/\/candas365.es\/noticias\/el-tiempo-en-candas-31-de-marzo-de-2018\/#mainImage"},"datePublished":"2018-03-30T17:18:02+02:00","dateModified":"2018-03-30T17:18:02+02:00"},{"@type":"WebSite","@id":"https:\/\/candas365.es\/noticias\/#website","url":"https:\/\/candas365.es\/noticias\/","name":"Cand\u00e1s 365","alternateName":"Cand\u00e1s 365 Noticias","description":"Actualidad desde Carre\u00f1o para el mundo","inLanguage":"es-ES","publisher":{"@id":"https:\/\/candas365.es\/noticias\/#organization"}}]},"og:locale":"es_ES","og:site_name":"Cand\u00e1s 365","og:type":"article","og:title":"El tiempo en Cand\u00e1s, 31 de marzo de 2018 | Cand\u00e1s 365","og:description":"Durante el s\u00e1bado 31 de marzo en Cand\u00e1s, Principado de Asturias, tendremos una jornada en la que los term\u00f3metros marcar\u00e1n m\u00ednimas medias de unos 7 grados y m\u00e1ximas que pueden alcanzar los 13 grados. Desde AEMET nos informan que durante la primera mitad del d\u00eda tendremos cielos nubosos, con alg\u00fan claro, pero con lluvia, que","og:url":"https:\/\/candas365.es\/noticias\/el-tiempo-en-candas-31-de-marzo-de-2018\/","og:image":"https:\/\/candas365.es\/noticias\/wp-content\/uploads\/2016\/10\/lluvia-noticias.jpg","og:image:secure_url":"https:\/\/candas365.es\/noticias\/wp-content\/uploads\/2016\/10\/lluvia-noticias.jpg","og:image:width":655,"og:image:height":360,"article:published_time":"2018-03-30T17:18:02+00:00","article:modified_time":"2018-03-30T17:18:02+00:00","article:publisher":"https:\/\/www.facebook.com\/Nachofdezber","article:author":"https:\/\/www.facebook.com\/carrenoactualidad","twitter:card":"summary_large_image","twitter:site":"@NabercoDigital","twitter:title":"El tiempo en Cand\u00e1s, 31 de marzo de 2018 | Cand\u00e1s 365","twitter:description":"Durante el s\u00e1bado 31 de marzo en Cand\u00e1s, Principado de Asturias, tendremos una jornada en la que los term\u00f3metros marcar\u00e1n m\u00ednimas medias de unos 7 grados y m\u00e1ximas que pueden alcanzar los 13 grados. Desde AEMET nos informan que durante la primera mitad del d\u00eda tendremos cielos nubosos, con alg\u00fan claro, pero con lluvia, que","twitter:creator":"@nbasturias","twitter:image":"https:\/\/candas365.es\/noticias\/wp-content\/uploads\/2016\/10\/lluvia-noticias.jpg","twitter:label1":"Escrito por","twitter:data1":"Cand\u00e1s 365","twitter:label2":"Tiempo de lectura estimado","twitter:data2":"1 minuto"},"aioseo_meta_data":{"post_id":"92805","title":null,"description":null,"keywords":null,"keyphrases":null,"primary_term":null,"canonical_url":null,"og_title":null,"og_description":null,"og_object_type":"default","og_image_type":"default","og_image_url":null,"og_image_width":null,"og_image_height":null,"og_image_custom_url":null,"og_image_custom_fields":null,"og_video":null,"og_custom_url":null,"og_article_section":null,"og_article_tags":null,"twitter_use_og":false,"twitter_card":"default","twitter_image_type":"default","twitter_image_url":null,"twitter_image_custom_url":null,"twitter_image_custom_fields":null,"twitter_title":null,"twitter_description":null,"schema":{"blockGraphs":[],"customGraphs":[],"default":{"data":{"Article":[],"Course":[],"Dataset":[],"FAQPage":[],"Movie":[],"Person":[],"Product":[],"ProductReview":[],"Car":[],"Recipe":[],"Service":[],"SoftwareApplication":[],"WebPage":[]},"graphName":"","isEnabled":true},"graphs":[],"defaultGraph":"","defaultPostTypeGraph":""},"schema_type":null,"schema_type_options":null,"pillar_content":false,"robots_default":true,"robots_noindex":false,"robots_noarchive":false,"robots_nosnippet":false,"robots_nofollow":false,"robots_noimageindex":false,"robots_noodp":false,"robots_notranslate":false,"robots_max_snippet":null,"robots_max_videopreview":null,"robots_max_imagepreview":"large","priority":null,"frequency":null,"location":null,"local_seo":null,"seo_analyzer_scan_date":"2025-08-26 16:45:14","breadcrumb_settings":null,"limit_modified_date":false,"reviewed_by":null,"open_ai":null,"ai":null,"created":"2020-12-21 11:54:10","updated":"2025-08-26 16:45:15"},"aioseo_breadcrumb":"<div class=\"aioseo-breadcrumbs\"><span class=\"aioseo-breadcrumb\">\n\t<a href=\"https:\/\/candas365.es\/noticias\" title=\"Home\">Home<\/a>\n<\/span><span class=\"aioseo-breadcrumb-separator\">&ndash;<\/span><span class=\"aioseo-breadcrumb\">\n\t<a href=\"https:\/\/candas365.es\/noticias\/category\/agenda\/\" title=\"Agenda\">Agenda<\/a>\n<\/span><span class=\"aioseo-breadcrumb-separator\">&ndash;<\/span><span class=\"aioseo-breadcrumb\">\n\tEl tiempo en Cand\u00e1s, 31 de marzo de 2018\n<\/span><\/div>","aioseo_breadcrumb_json":[{"label":"Home","link":"https:\/\/candas365.es\/noticias"},{"label":"Agenda","link":"https:\/\/candas365.es\/noticias\/category\/agenda\/"},{"label":"El tiempo en Cand\u00e1s, 31 de marzo de 2018","link":"https:\/\/candas365.es\/noticias\/el-tiempo-en-candas-31-de-marzo-de-2018\/"}],"_links":{"self":[{"href":"https:\/\/candas365.es\/noticias\/wp-json\/wp\/v2\/posts\/92805","targetHints":{"allow":["GET"]}}],"collection":[{"href":"https:\/\/candas365.es\/noticias\/wp-json\/wp\/v2\/posts"}],"about":[{"href":"https:\/\/candas365.es\/noticias\/wp-json\/wp\/v2\/types\/post"}],"author":[{"embeddable":true,"href":"https:\/\/candas365.es\/noticias\/wp-json\/wp\/v2\/users\/1"}],"replies":[{"embeddable":true,"href":"https:\/\/candas365.es\/noticias\/wp-json\/wp\/v2\/comments?post=92805"}],"version-history":[{"count":0,"href":"https:\/\/candas365.es\/noticias\/wp-json\/wp\/v2\/posts\/92805\/revisions"}],"wp:featuredmedia":[{"embeddable":true,"href":"https:\/\/candas365.es\/noticias\/wp-json\/wp\/v2\/media\/33967"}],"wp:attachment":[{"href":"https:\/\/candas365.es\/noticias\/wp-json\/wp\/v2\/media?parent=92805"}],"wp:term":[{"taxonomy":"category","embeddable":true,"href":"https:\/\/candas365.es\/noticias\/wp-json\/wp\/v2\/categories?post=92805"},{"taxonomy":"post_tag","embeddable":true,"href":"https:\/\/candas365.es\/noticias\/wp-json\/wp\/v2\/tags?post=92805"}],"curies":[{"name":"wp","href":"https:\/\/api.w.org\/{rel}","templated":true}]}}