{"id":92722,"date":"2018-03-29T20:33:02","date_gmt":"2018-03-29T20:33:02","guid":{"rendered":"http:\/\/candas365.es\/noticias\/?p=92722"},"modified":"2018-03-29T20:33:15","modified_gmt":"2018-03-29T20:33:15","slug":"carreno-recibira-118-12710-euros-del-fondo-de-cooperacion-municipal","status":"publish","type":"post","link":"https:\/\/candas365.es\/noticias\/carreno-recibira-118-12710-euros-del-fondo-de-cooperacion-municipal\/","title":{"rendered":"Carre\u00f1o recibir\u00e1 118.127,10 euros del fondo de Cooperaci\u00f3n Municipal"},"content":{"rendered":"<p><img fetchpriority=\"high\" decoding=\"async\" class=\"alignleft size-medium wp-image-92723\" src=\"https:\/\/candas365.es\/noticias\/wp-content\/uploads\/2018\/03\/2018_03_28-RP-Consejo-Gobierno-Asturias-360x237.jpg\" alt=\"\" width=\"360\" height=\"237\" srcset=\"https:\/\/candas365.es\/noticias\/wp-content\/uploads\/2018\/03\/2018_03_28-RP-Consejo-Gobierno-Asturias-360x237.jpg 360w, https:\/\/candas365.es\/noticias\/wp-content\/uploads\/2018\/03\/2018_03_28-RP-Consejo-Gobierno-Asturias-696x459.jpg 696w, https:\/\/candas365.es\/noticias\/wp-content\/uploads\/2018\/03\/2018_03_28-RP-Consejo-Gobierno-Asturias-741x486.jpg 741w, https:\/\/candas365.es\/noticias\/wp-content\/uploads\/2018\/03\/2018_03_28-RP-Consejo-Gobierno-Asturias-1068x704.jpg 1068w, https:\/\/candas365.es\/noticias\/wp-content\/uploads\/2018\/03\/2018_03_28-RP-Consejo-Gobierno-Asturias-637x420.jpg 637w, https:\/\/candas365.es\/noticias\/wp-content\/uploads\/2018\/03\/2018_03_28-RP-Consejo-Gobierno-Asturias-768x506.jpg 768w, https:\/\/candas365.es\/noticias\/wp-content\/uploads\/2018\/03\/2018_03_28-RP-Consejo-Gobierno-Asturias-655x432.jpg 655w, https:\/\/candas365.es\/noticias\/wp-content\/uploads\/2018\/03\/2018_03_28-RP-Consejo-Gobierno-Asturias.jpg 1280w\" sizes=\"(max-width: 360px) 100vw, 360px\" \/>El Gobierno de Asturias ha aprobado el reparto del Fondo de Cooperaci\u00f3n Municipal (FCM) para este a\u00f1o, que volver\u00e1 a contar con un importe de 6.180.000 euros como consecuencia de la pr\u00f3rroga presupuestaria, frente a los 6,8 millones previstos en el proyecto de presupuestos de 2018. El FCM se distribuye entre los 73 concejos asturianos con menos de 40.000 habitantes.<\/p>\n<p>Este es el tercer a\u00f1o, desde que en 2016 entr\u00f3 en vigor la nueva ley que regula el fondo, que los concejos pueden destinar la partida que reciben al fin que deseen, ya sea inversi\u00f3n o gasto corriente. El FCM se ha convertido en una herramienta muy \u00fatil, especialmente para los concejos m\u00e1s peque\u00f1os, con menor capacidad financiera e inversora.<\/p>\n<p>El fondo se distribuye a partir de una cantidad fija, que supone el 40% del total &#8211; 2.472.000 euros &#8211; y que se entrega a partes iguales a los 73 municipios. Cada uno de ellos recibe 33.863 euros. El resto se reparte atendiendo una serie de variables socioecon\u00f3micas y geogr\u00e1ficas:<\/p>\n<p>Poblaci\u00f3n: bajo esta premisa se reparte el 30% del fondo, lo que supone 1.854.000 euros. Aqu\u00ed se tiene especial atenci\u00f3n con los concejos menores de 2.500 habitantes. La asignaci\u00f3n no puede sobrepasar el 25% de la partida fija.<\/p>\n<p>Envejecimiento: en este caso y sobre la base de esta variable se asigna un 5% del fondo (309.000 euros), y se utiliza el \u00edndice de envejecimiento que elabora Sadei.<\/p>\n<p>Superficie: con esta premisa se reparte un 3% (185.400 euros), y se hace de manera proporcional a la superficie de cada concejo beneficiario.<\/p>\n<p>Orograf\u00eda: de esta variable depende otro 3%. Se calcula utilizando, tambi\u00e9n de forma proporcional, los kil\u00f3metros cuadrados de cada municipio cuya pendiente sea superior al 20%.<\/p>\n<p>Dispersi\u00f3n territorial: en lo que se refiere al 19% restante (1.174.200 euros), se utiliza un reparto proporcional teniendo en cuenta la dispersi\u00f3n de la poblaci\u00f3n, para lo que se toma como referencia el n\u00famero de n\u00facleos que tengan, al menos, cinco habitantes.<\/p>\n","protected":false},"excerpt":{"rendered":"<p>El Gobierno de Asturias ha aprobado el reparto del Fondo de Cooperaci\u00f3n Municipal (FCM) para este a\u00f1o, que volver\u00e1 a contar con un importe de 6.180.000 euros como consecuencia de la pr\u00f3rroga presupuestaria, frente a los 6,8 millones previstos en el proyecto de presupuestos de 2018. El FCM se distribuye entre los 73 concejos asturianos<\/p>\n","protected":false},"author":1,"featured_media":92723,"comment_status":"closed","ping_status":"closed","sticky":false,"template":"","format":"standard","meta":{"footnotes":""},"categories":[2],"tags":[],"class_list":{"0":"post-92722","1":"post","2":"type-post","3":"status-publish","4":"format-standard","5":"has-post-thumbnail","7":"category-noticias-carreno"},"aioseo_notices":[],"aioseo_head":"\n\t\t<!-- All in One SEO Pro 4.9.6.2 - aioseo.com -->\n\t<meta name=\"description\" content=\"El Gobierno de Asturias ha aprobado el reparto del Fondo de Cooperaci\u00f3n Municipal (FCM) para este a\u00f1o, que volver\u00e1 a contar con un importe de 6.180.000 euros como consecuencia de la pr\u00f3rroga presupuestaria, frente a los 6,8 millones previstos en el proyecto de presupuestos de 2018. El FCM se distribuye entre los 73 concejos asturianos\" \/>\n\t<meta name=\"robots\" content=\"max-image-preview:large\" \/>\n\t<meta name=\"author\" content=\"Cand\u00e1s 365\"\/>\n\t<meta name=\"google-site-verification\" content=\"UA-32230408-1\" \/>\n\t<meta name=\"msvalidate.01\" content=\"354F3CDFB2DA171B47FBE9ABF1F88D5\" \/>\n\t<meta name=\"keywords\" content=\"noticias carre\u00f1o\" \/>\n\t<link rel=\"canonical\" href=\"https:\/\/candas365.es\/noticias\/carreno-recibira-118-12710-euros-del-fondo-de-cooperacion-municipal\/\" \/>\n\t<meta name=\"generator\" content=\"All in One SEO Pro (AIOSEO) 4.9.6.2\" \/>\n\t\t<meta property=\"og:locale\" content=\"es_ES\" \/>\n\t\t<meta property=\"og:site_name\" content=\"Cand\u00e1s 365\" \/>\n\t\t<meta property=\"og:type\" content=\"article\" \/>\n\t\t<meta property=\"og:title\" content=\"Carre\u00f1o recibir\u00e1 118.127,10 euros del fondo de Cooperaci\u00f3n Municipal | Cand\u00e1s 365\" \/>\n\t\t<meta property=\"og:description\" content=\"El Gobierno de Asturias ha aprobado el reparto del Fondo de Cooperaci\u00f3n Municipal (FCM) para este a\u00f1o, que volver\u00e1 a contar con un importe de 6.180.000 euros como consecuencia de la pr\u00f3rroga presupuestaria, frente a los 6,8 millones previstos en el proyecto de presupuestos de 2018. El FCM se distribuye entre los 73 concejos asturianos\" \/>\n\t\t<meta property=\"og:url\" content=\"https:\/\/candas365.es\/noticias\/carreno-recibira-118-12710-euros-del-fondo-de-cooperacion-municipal\/\" \/>\n\t\t<meta property=\"og:image\" content=\"https:\/\/candas365.es\/noticias\/wp-content\/uploads\/2018\/03\/2018_03_28-RP-Consejo-Gobierno-Asturias.jpg\" \/>\n\t\t<meta property=\"og:image:secure_url\" content=\"https:\/\/candas365.es\/noticias\/wp-content\/uploads\/2018\/03\/2018_03_28-RP-Consejo-Gobierno-Asturias.jpg\" \/>\n\t\t<meta property=\"og:image:width\" content=\"1280\" \/>\n\t\t<meta property=\"og:image:height\" content=\"844\" \/>\n\t\t<meta property=\"article:published_time\" content=\"2018-03-29T20:33:02+00:00\" \/>\n\t\t<meta property=\"article:modified_time\" content=\"2018-03-29T20:33:15+00:00\" \/>\n\t\t<meta property=\"article:publisher\" content=\"https:\/\/www.facebook.com\/Nachofdezber\" \/>\n\t\t<meta property=\"article:author\" content=\"https:\/\/www.facebook.com\/carrenoactualidad\" \/>\n\t\t<meta name=\"twitter:card\" content=\"summary_large_image\" \/>\n\t\t<meta name=\"twitter:site\" content=\"@NabercoDigital\" \/>\n\t\t<meta name=\"twitter:title\" content=\"Carre\u00f1o recibir\u00e1 118.127,10 euros del fondo de Cooperaci\u00f3n Municipal | Cand\u00e1s 365\" \/>\n\t\t<meta name=\"twitter:description\" content=\"El Gobierno de Asturias ha aprobado el reparto del Fondo de Cooperaci\u00f3n Municipal (FCM) para este a\u00f1o, que volver\u00e1 a contar con un importe de 6.180.000 euros como consecuencia de la pr\u00f3rroga presupuestaria, frente a los 6,8 millones previstos en el proyecto de presupuestos de 2018. El FCM se distribuye entre los 73 concejos asturianos\" \/>\n\t\t<meta name=\"twitter:creator\" content=\"@nbasturias\" \/>\n\t\t<meta name=\"twitter:image\" content=\"https:\/\/candas365.es\/noticias\/wp-content\/uploads\/2018\/03\/2018_03_28-RP-Consejo-Gobierno-Asturias.jpg\" \/>\n\t\t<meta name=\"twitter:label1\" content=\"Escrito por\" \/>\n\t\t<meta name=\"twitter:data1\" content=\"Cand\u00e1s 365\" \/>\n\t\t<meta name=\"twitter:label2\" content=\"Tiempo de lectura estimado\" \/>\n\t\t<meta name=\"twitter:data2\" content=\"2 minutos\" \/>\n\t\t<script type=\"application\/ld+json\" class=\"aioseo-schema\">\n\t\t\t{\"@context\":\"https:\\\/\\\/schema.org\",\"@graph\":[{\"@type\":\"BreadcrumbList\",\"@id\":\"https:\\\/\\\/candas365.es\\\/noticias\\\/carreno-recibira-118-12710-euros-del-fondo-de-cooperacion-municipal\\\/#breadcrumblist\",\"itemListElement\":[{\"@type\":\"ListItem\",\"@id\":\"https:\\\/\\\/candas365.es\\\/noticias#listItem\",\"position\":1,\"name\":\"Home\",\"item\":\"https:\\\/\\\/candas365.es\\\/noticias\",\"nextItem\":{\"@type\":\"ListItem\",\"@id\":\"https:\\\/\\\/candas365.es\\\/noticias\\\/category\\\/noticias-carreno\\\/#listItem\",\"name\":\"Noticias Carre\\u00f1o\"}},{\"@type\":\"ListItem\",\"@id\":\"https:\\\/\\\/candas365.es\\\/noticias\\\/category\\\/noticias-carreno\\\/#listItem\",\"position\":2,\"name\":\"Noticias Carre\\u00f1o\",\"item\":\"https:\\\/\\\/candas365.es\\\/noticias\\\/category\\\/noticias-carreno\\\/\",\"nextItem\":{\"@type\":\"ListItem\",\"@id\":\"https:\\\/\\\/candas365.es\\\/noticias\\\/carreno-recibira-118-12710-euros-del-fondo-de-cooperacion-municipal\\\/#listItem\",\"name\":\"Carre\\u00f1o recibir\\u00e1 118.127,10 euros del fondo de Cooperaci\\u00f3n Municipal\"},\"previousItem\":{\"@type\":\"ListItem\",\"@id\":\"https:\\\/\\\/candas365.es\\\/noticias#listItem\",\"name\":\"Home\"}},{\"@type\":\"ListItem\",\"@id\":\"https:\\\/\\\/candas365.es\\\/noticias\\\/carreno-recibira-118-12710-euros-del-fondo-de-cooperacion-municipal\\\/#listItem\",\"position\":3,\"name\":\"Carre\\u00f1o recibir\\u00e1 118.127,10 euros del fondo de Cooperaci\\u00f3n Municipal\",\"previousItem\":{\"@type\":\"ListItem\",\"@id\":\"https:\\\/\\\/candas365.es\\\/noticias\\\/category\\\/noticias-carreno\\\/#listItem\",\"name\":\"Noticias Carre\\u00f1o\"}}]},{\"@type\":\"NewsArticle\",\"@id\":\"https:\\\/\\\/candas365.es\\\/noticias\\\/carreno-recibira-118-12710-euros-del-fondo-de-cooperacion-municipal\\\/#newsarticle\",\"name\":\"Carre\\u00f1o recibir\\u00e1 118.127,10 euros del fondo de Cooperaci\\u00f3n Municipal | Cand\\u00e1s 365\",\"headline\":\"Carre\\u00f1o recibir\\u00e1 118.127,10 euros del fondo de Cooperaci\\u00f3n Municipal\",\"author\":{\"@id\":\"https:\\\/\\\/candas365.es\\\/noticias\\\/author\\\/admin\\\/#author\"},\"publisher\":{\"@id\":\"https:\\\/\\\/candas365.es\\\/noticias\\\/#organization\"},\"image\":{\"@type\":\"ImageObject\",\"url\":\"https:\\\/\\\/candas365.es\\\/noticias\\\/wp-content\\\/uploads\\\/2018\\\/03\\\/2018_03_28-RP-Consejo-Gobierno-Asturias.jpg\",\"width\":1280,\"height\":844},\"datePublished\":\"2018-03-29T20:33:02+02:00\",\"dateModified\":\"2018-03-29T20:33:15+02:00\",\"inLanguage\":\"es-ES\",\"mainEntityOfPage\":{\"@id\":\"https:\\\/\\\/candas365.es\\\/noticias\\\/carreno-recibira-118-12710-euros-del-fondo-de-cooperacion-municipal\\\/#webpage\"},\"isPartOf\":{\"@id\":\"https:\\\/\\\/candas365.es\\\/noticias\\\/carreno-recibira-118-12710-euros-del-fondo-de-cooperacion-municipal\\\/#webpage\"},\"articleSection\":\"Noticias Carre\\u00f1o\",\"dateline\":\"Publicado el marzo 29, 2018.\"},{\"@type\":\"Organization\",\"@id\":\"https:\\\/\\\/candas365.es\\\/noticias\\\/#organization\",\"name\":\"Cand\\u00e1s 365\",\"description\":\"Cand\\u00e1s 365 es un diario digital independiente, fundado en 2012, con base en Asturias. Informamos con rigor sobre actualidad, sociedad, cultura y ocio, con una mirada local y global.\",\"url\":\"https:\\\/\\\/candas365.es\\\/noticias\\\/\",\"email\":\"info@candas365.es\",\"telephone\":\"+34652131393\",\"foundingDate\":\"2012-06-10\",\"logo\":{\"@type\":\"ImageObject\",\"url\":\"https:\\\/\\\/candas365.es\\\/noticias\\\/wp-content\\\/uploads\\\/2024\\\/09\\\/Candas-365-Redes.jpg\",\"@id\":\"https:\\\/\\\/candas365.es\\\/noticias\\\/carreno-recibira-118-12710-euros-del-fondo-de-cooperacion-municipal\\\/#organizationLogo\",\"width\":1152,\"height\":864,\"caption\":\"Cand\\u00e1s 365 Redes\"},\"image\":{\"@id\":\"https:\\\/\\\/candas365.es\\\/noticias\\\/carreno-recibira-118-12710-euros-del-fondo-de-cooperacion-municipal\\\/#organizationLogo\"},\"sameAs\":[\"https:\\\/\\\/www.facebook.com\\\/Nachofdezber\",\"https:\\\/\\\/x.com\\\/NabercoDigital\",\"https:\\\/\\\/www.instagram.com\\\/nachofdezber\\\/\",\"https:\\\/\\\/www.youtube.com\\\/channel\\\/UCZP-2wLEB9Rv6erhFmqVnvg\"],\"address\":{\"@id\":\"https:\\\/\\\/candas365.es\\\/noticias\\\/#postaladdress\",\"@type\":\"PostalAddress\",\"streetAddress\":\"san antonio 4, san antonio 4\",\"postalCode\":\"33430\",\"addressLocality\":\"Cand\\u00e1s\",\"addressRegion\":\"Asturias\",\"addressCountry\":\"ES\"}},{\"@type\":\"Person\",\"@id\":\"https:\\\/\\\/candas365.es\\\/noticias\\\/author\\\/admin\\\/#author\",\"url\":\"https:\\\/\\\/candas365.es\\\/noticias\\\/author\\\/admin\\\/\",\"name\":\"Cand\\u00e1s 365\",\"image\":{\"@type\":\"ImageObject\",\"@id\":\"https:\\\/\\\/candas365.es\\\/noticias\\\/carreno-recibira-118-12710-euros-del-fondo-de-cooperacion-municipal\\\/#authorImage\",\"url\":\"https:\\\/\\\/secure.gravatar.com\\\/avatar\\\/496a8e03d0c493ede1718b7934145dbdf8d89be1036b0eec9544e1094c9de390?s=96&d=mm&r=g\",\"width\":96,\"height\":96,\"caption\":\"Cand\\u00e1s 365\"},\"sameAs\":[\"https:\\\/\\\/www.facebook.com\\\/carrenoactualidad\",\"https:\\\/\\\/twitter.com\\\/nbasturias\",\"https:\\\/\\\/www.instagram.com\\\/nachofdezber\\\/\",\"https:\\\/\\\/www.youtube.com\\\/channel\\\/UCZP-2wLEB9Rv6erhFmqVnvg\"]},{\"@type\":\"WebPage\",\"@id\":\"https:\\\/\\\/candas365.es\\\/noticias\\\/carreno-recibira-118-12710-euros-del-fondo-de-cooperacion-municipal\\\/#webpage\",\"url\":\"https:\\\/\\\/candas365.es\\\/noticias\\\/carreno-recibira-118-12710-euros-del-fondo-de-cooperacion-municipal\\\/\",\"name\":\"Carre\\u00f1o recibir\\u00e1 118.127,10 euros del fondo de Cooperaci\\u00f3n Municipal | Cand\\u00e1s 365\",\"description\":\"El Gobierno de Asturias ha aprobado el reparto del Fondo de Cooperaci\\u00f3n Municipal (FCM) para este a\\u00f1o, que volver\\u00e1 a contar con un importe de 6.180.000 euros como consecuencia de la pr\\u00f3rroga presupuestaria, frente a los 6,8 millones previstos en el proyecto de presupuestos de 2018. El FCM se distribuye entre los 73 concejos asturianos\",\"inLanguage\":\"es-ES\",\"isPartOf\":{\"@id\":\"https:\\\/\\\/candas365.es\\\/noticias\\\/#website\"},\"breadcrumb\":{\"@id\":\"https:\\\/\\\/candas365.es\\\/noticias\\\/carreno-recibira-118-12710-euros-del-fondo-de-cooperacion-municipal\\\/#breadcrumblist\"},\"author\":{\"@id\":\"https:\\\/\\\/candas365.es\\\/noticias\\\/author\\\/admin\\\/#author\"},\"creator\":{\"@id\":\"https:\\\/\\\/candas365.es\\\/noticias\\\/author\\\/admin\\\/#author\"},\"image\":{\"@type\":\"ImageObject\",\"url\":\"https:\\\/\\\/candas365.es\\\/noticias\\\/wp-content\\\/uploads\\\/2018\\\/03\\\/2018_03_28-RP-Consejo-Gobierno-Asturias.jpg\",\"@id\":\"https:\\\/\\\/candas365.es\\\/noticias\\\/carreno-recibira-118-12710-euros-del-fondo-de-cooperacion-municipal\\\/#mainImage\",\"width\":1280,\"height\":844},\"primaryImageOfPage\":{\"@id\":\"https:\\\/\\\/candas365.es\\\/noticias\\\/carreno-recibira-118-12710-euros-del-fondo-de-cooperacion-municipal\\\/#mainImage\"},\"datePublished\":\"2018-03-29T20:33:02+02:00\",\"dateModified\":\"2018-03-29T20:33:15+02:00\"},{\"@type\":\"WebSite\",\"@id\":\"https:\\\/\\\/candas365.es\\\/noticias\\\/#website\",\"url\":\"https:\\\/\\\/candas365.es\\\/noticias\\\/\",\"name\":\"Cand\\u00e1s 365\",\"alternateName\":\"Cand\\u00e1s 365 Noticias\",\"description\":\"Actualidad desde Carre\\u00f1o para el mundo\",\"inLanguage\":\"es-ES\",\"publisher\":{\"@id\":\"https:\\\/\\\/candas365.es\\\/noticias\\\/#organization\"}}]}\n\t\t<\/script>\n\t\t<!-- All in One SEO Pro -->\r\n\t\t<title>Carre\u00f1o recibir\u00e1 118.127,10 euros del fondo de Cooperaci\u00f3n Municipal | Cand\u00e1s 365<\/title>\n\n","aioseo_head_json":{"title":"Carre\u00f1o recibir\u00e1 118.127,10 euros del fondo de Cooperaci\u00f3n Municipal | Cand\u00e1s 365","description":"El Gobierno de Asturias ha aprobado el reparto del Fondo de Cooperaci\u00f3n Municipal (FCM) para este a\u00f1o, que volver\u00e1 a contar con un importe de 6.180.000 euros como consecuencia de la pr\u00f3rroga presupuestaria, frente a los 6,8 millones previstos en el proyecto de presupuestos de 2018. El FCM se distribuye entre los 73 concejos asturianos","canonical_url":"https:\/\/candas365.es\/noticias\/carreno-recibira-118-12710-euros-del-fondo-de-cooperacion-municipal\/","robots":"max-image-preview:large","keywords":"noticias carre\u00f1o","webmasterTools":{"google-site-verification":"UA-32230408-1","msvalidate.01":"354F3CDFB2DA171B47FBE9ABF1F88D5","miscellaneous":""},"schema":{"@context":"https:\/\/schema.org","@graph":[{"@type":"BreadcrumbList","@id":"https:\/\/candas365.es\/noticias\/carreno-recibira-118-12710-euros-del-fondo-de-cooperacion-municipal\/#breadcrumblist","itemListElement":[{"@type":"ListItem","@id":"https:\/\/candas365.es\/noticias#listItem","position":1,"name":"Home","item":"https:\/\/candas365.es\/noticias","nextItem":{"@type":"ListItem","@id":"https:\/\/candas365.es\/noticias\/category\/noticias-carreno\/#listItem","name":"Noticias Carre\u00f1o"}},{"@type":"ListItem","@id":"https:\/\/candas365.es\/noticias\/category\/noticias-carreno\/#listItem","position":2,"name":"Noticias Carre\u00f1o","item":"https:\/\/candas365.es\/noticias\/category\/noticias-carreno\/","nextItem":{"@type":"ListItem","@id":"https:\/\/candas365.es\/noticias\/carreno-recibira-118-12710-euros-del-fondo-de-cooperacion-municipal\/#listItem","name":"Carre\u00f1o recibir\u00e1 118.127,10 euros del fondo de Cooperaci\u00f3n Municipal"},"previousItem":{"@type":"ListItem","@id":"https:\/\/candas365.es\/noticias#listItem","name":"Home"}},{"@type":"ListItem","@id":"https:\/\/candas365.es\/noticias\/carreno-recibira-118-12710-euros-del-fondo-de-cooperacion-municipal\/#listItem","position":3,"name":"Carre\u00f1o recibir\u00e1 118.127,10 euros del fondo de Cooperaci\u00f3n Municipal","previousItem":{"@type":"ListItem","@id":"https:\/\/candas365.es\/noticias\/category\/noticias-carreno\/#listItem","name":"Noticias Carre\u00f1o"}}]},{"@type":"NewsArticle","@id":"https:\/\/candas365.es\/noticias\/carreno-recibira-118-12710-euros-del-fondo-de-cooperacion-municipal\/#newsarticle","name":"Carre\u00f1o recibir\u00e1 118.127,10 euros del fondo de Cooperaci\u00f3n Municipal | Cand\u00e1s 365","headline":"Carre\u00f1o recibir\u00e1 118.127,10 euros del fondo de Cooperaci\u00f3n Municipal","author":{"@id":"https:\/\/candas365.es\/noticias\/author\/admin\/#author"},"publisher":{"@id":"https:\/\/candas365.es\/noticias\/#organization"},"image":{"@type":"ImageObject","url":"https:\/\/candas365.es\/noticias\/wp-content\/uploads\/2018\/03\/2018_03_28-RP-Consejo-Gobierno-Asturias.jpg","width":1280,"height":844},"datePublished":"2018-03-29T20:33:02+02:00","dateModified":"2018-03-29T20:33:15+02:00","inLanguage":"es-ES","mainEntityOfPage":{"@id":"https:\/\/candas365.es\/noticias\/carreno-recibira-118-12710-euros-del-fondo-de-cooperacion-municipal\/#webpage"},"isPartOf":{"@id":"https:\/\/candas365.es\/noticias\/carreno-recibira-118-12710-euros-del-fondo-de-cooperacion-municipal\/#webpage"},"articleSection":"Noticias Carre\u00f1o","dateline":"Publicado el marzo 29, 2018."},{"@type":"Organization","@id":"https:\/\/candas365.es\/noticias\/#organization","name":"Cand\u00e1s 365","description":"Cand\u00e1s 365 es un diario digital independiente, fundado en 2012, con base en Asturias. Informamos con rigor sobre actualidad, sociedad, cultura y ocio, con una mirada local y global.","url":"https:\/\/candas365.es\/noticias\/","email":"info@candas365.es","telephone":"+34652131393","foundingDate":"2012-06-10","logo":{"@type":"ImageObject","url":"https:\/\/candas365.es\/noticias\/wp-content\/uploads\/2024\/09\/Candas-365-Redes.jpg","@id":"https:\/\/candas365.es\/noticias\/carreno-recibira-118-12710-euros-del-fondo-de-cooperacion-municipal\/#organizationLogo","width":1152,"height":864,"caption":"Cand\u00e1s 365 Redes"},"image":{"@id":"https:\/\/candas365.es\/noticias\/carreno-recibira-118-12710-euros-del-fondo-de-cooperacion-municipal\/#organizationLogo"},"sameAs":["https:\/\/www.facebook.com\/Nachofdezber","https:\/\/x.com\/NabercoDigital","https:\/\/www.instagram.com\/nachofdezber\/","https:\/\/www.youtube.com\/channel\/UCZP-2wLEB9Rv6erhFmqVnvg"],"address":{"@id":"https:\/\/candas365.es\/noticias\/#postaladdress","@type":"PostalAddress","streetAddress":"san antonio 4, san antonio 4","postalCode":"33430","addressLocality":"Cand\u00e1s","addressRegion":"Asturias","addressCountry":"ES"}},{"@type":"Person","@id":"https:\/\/candas365.es\/noticias\/author\/admin\/#author","url":"https:\/\/candas365.es\/noticias\/author\/admin\/","name":"Cand\u00e1s 365","image":{"@type":"ImageObject","@id":"https:\/\/candas365.es\/noticias\/carreno-recibira-118-12710-euros-del-fondo-de-cooperacion-municipal\/#authorImage","url":"https:\/\/secure.gravatar.com\/avatar\/496a8e03d0c493ede1718b7934145dbdf8d89be1036b0eec9544e1094c9de390?s=96&d=mm&r=g","width":96,"height":96,"caption":"Cand\u00e1s 365"},"sameAs":["https:\/\/www.facebook.com\/carrenoactualidad","https:\/\/twitter.com\/nbasturias","https:\/\/www.instagram.com\/nachofdezber\/","https:\/\/www.youtube.com\/channel\/UCZP-2wLEB9Rv6erhFmqVnvg"]},{"@type":"WebPage","@id":"https:\/\/candas365.es\/noticias\/carreno-recibira-118-12710-euros-del-fondo-de-cooperacion-municipal\/#webpage","url":"https:\/\/candas365.es\/noticias\/carreno-recibira-118-12710-euros-del-fondo-de-cooperacion-municipal\/","name":"Carre\u00f1o recibir\u00e1 118.127,10 euros del fondo de Cooperaci\u00f3n Municipal | Cand\u00e1s 365","description":"El Gobierno de Asturias ha aprobado el reparto del Fondo de Cooperaci\u00f3n Municipal (FCM) para este a\u00f1o, que volver\u00e1 a contar con un importe de 6.180.000 euros como consecuencia de la pr\u00f3rroga presupuestaria, frente a los 6,8 millones previstos en el proyecto de presupuestos de 2018. El FCM se distribuye entre los 73 concejos asturianos","inLanguage":"es-ES","isPartOf":{"@id":"https:\/\/candas365.es\/noticias\/#website"},"breadcrumb":{"@id":"https:\/\/candas365.es\/noticias\/carreno-recibira-118-12710-euros-del-fondo-de-cooperacion-municipal\/#breadcrumblist"},"author":{"@id":"https:\/\/candas365.es\/noticias\/author\/admin\/#author"},"creator":{"@id":"https:\/\/candas365.es\/noticias\/author\/admin\/#author"},"image":{"@type":"ImageObject","url":"https:\/\/candas365.es\/noticias\/wp-content\/uploads\/2018\/03\/2018_03_28-RP-Consejo-Gobierno-Asturias.jpg","@id":"https:\/\/candas365.es\/noticias\/carreno-recibira-118-12710-euros-del-fondo-de-cooperacion-municipal\/#mainImage","width":1280,"height":844},"primaryImageOfPage":{"@id":"https:\/\/candas365.es\/noticias\/carreno-recibira-118-12710-euros-del-fondo-de-cooperacion-municipal\/#mainImage"},"datePublished":"2018-03-29T20:33:02+02:00","dateModified":"2018-03-29T20:33:15+02:00"},{"@type":"WebSite","@id":"https:\/\/candas365.es\/noticias\/#website","url":"https:\/\/candas365.es\/noticias\/","name":"Cand\u00e1s 365","alternateName":"Cand\u00e1s 365 Noticias","description":"Actualidad desde Carre\u00f1o para el mundo","inLanguage":"es-ES","publisher":{"@id":"https:\/\/candas365.es\/noticias\/#organization"}}]},"og:locale":"es_ES","og:site_name":"Cand\u00e1s 365","og:type":"article","og:title":"Carre\u00f1o recibir\u00e1 118.127,10 euros del fondo de Cooperaci\u00f3n Municipal | Cand\u00e1s 365","og:description":"El Gobierno de Asturias ha aprobado el reparto del Fondo de Cooperaci\u00f3n Municipal (FCM) para este a\u00f1o, que volver\u00e1 a contar con un importe de 6.180.000 euros como consecuencia de la pr\u00f3rroga presupuestaria, frente a los 6,8 millones previstos en el proyecto de presupuestos de 2018. El FCM se distribuye entre los 73 concejos asturianos","og:url":"https:\/\/candas365.es\/noticias\/carreno-recibira-118-12710-euros-del-fondo-de-cooperacion-municipal\/","og:image":"https:\/\/candas365.es\/noticias\/wp-content\/uploads\/2018\/03\/2018_03_28-RP-Consejo-Gobierno-Asturias.jpg","og:image:secure_url":"https:\/\/candas365.es\/noticias\/wp-content\/uploads\/2018\/03\/2018_03_28-RP-Consejo-Gobierno-Asturias.jpg","og:image:width":1280,"og:image:height":844,"article:published_time":"2018-03-29T20:33:02+00:00","article:modified_time":"2018-03-29T20:33:15+00:00","article:publisher":"https:\/\/www.facebook.com\/Nachofdezber","article:author":"https:\/\/www.facebook.com\/carrenoactualidad","twitter:card":"summary_large_image","twitter:site":"@NabercoDigital","twitter:title":"Carre\u00f1o recibir\u00e1 118.127,10 euros del fondo de Cooperaci\u00f3n Municipal | Cand\u00e1s 365","twitter:description":"El Gobierno de Asturias ha aprobado el reparto del Fondo de Cooperaci\u00f3n Municipal (FCM) para este a\u00f1o, que volver\u00e1 a contar con un importe de 6.180.000 euros como consecuencia de la pr\u00f3rroga presupuestaria, frente a los 6,8 millones previstos en el proyecto de presupuestos de 2018. El FCM se distribuye entre los 73 concejos asturianos","twitter:creator":"@nbasturias","twitter:image":"https:\/\/candas365.es\/noticias\/wp-content\/uploads\/2018\/03\/2018_03_28-RP-Consejo-Gobierno-Asturias.jpg","twitter:label1":"Escrito por","twitter:data1":"Cand\u00e1s 365","twitter:label2":"Tiempo de lectura estimado","twitter:data2":"2 minutos"},"aioseo_meta_data":{"post_id":"92722","title":null,"description":null,"keywords":null,"keyphrases":null,"primary_term":null,"canonical_url":null,"og_title":null,"og_description":null,"og_object_type":"default","og_image_type":"default","og_image_url":null,"og_image_width":null,"og_image_height":null,"og_image_custom_url":null,"og_image_custom_fields":null,"og_video":null,"og_custom_url":null,"og_article_section":null,"og_article_tags":null,"twitter_use_og":false,"twitter_card":"default","twitter_image_type":"default","twitter_image_url":null,"twitter_image_custom_url":null,"twitter_image_custom_fields":null,"twitter_title":null,"twitter_description":null,"schema":{"blockGraphs":[],"customGraphs":[],"default":{"data":{"Article":[],"Course":[],"Dataset":[],"FAQPage":[],"Movie":[],"Person":[],"Product":[],"ProductReview":[],"Car":[],"Recipe":[],"Service":[],"SoftwareApplication":[],"WebPage":[]},"graphName":"","isEnabled":true},"graphs":[]},"schema_type":null,"schema_type_options":null,"pillar_content":false,"robots_default":true,"robots_noindex":false,"robots_noarchive":false,"robots_nosnippet":false,"robots_nofollow":false,"robots_noimageindex":false,"robots_noodp":false,"robots_notranslate":false,"robots_max_snippet":null,"robots_max_videopreview":null,"robots_max_imagepreview":"large","priority":null,"frequency":null,"location":null,"local_seo":null,"seo_analyzer_scan_date":"2025-08-26 16:38:07","breadcrumb_settings":null,"limit_modified_date":false,"reviewed_by":null,"open_ai":null,"ai":null,"created":"2020-12-21 11:54:15","updated":"2025-08-26 16:38:07"},"aioseo_breadcrumb":"<div class=\"aioseo-breadcrumbs\"><span class=\"aioseo-breadcrumb\">\n\t<a href=\"https:\/\/candas365.es\/noticias\" title=\"Home\">Home<\/a>\n<\/span><span class=\"aioseo-breadcrumb-separator\">&ndash;<\/span><span class=\"aioseo-breadcrumb\">\n\t<a href=\"https:\/\/candas365.es\/noticias\/category\/noticias-carreno\/\" title=\"Noticias Carre\u00f1o\">Noticias Carre\u00f1o<\/a>\n<\/span><span class=\"aioseo-breadcrumb-separator\">&ndash;<\/span><span class=\"aioseo-breadcrumb\">\n\tCarre\u00f1o recibir\u00e1 118.127,10 euros del fondo de Cooperaci\u00f3n Municipal\n<\/span><\/div>","aioseo_breadcrumb_json":[{"label":"Home","link":"https:\/\/candas365.es\/noticias"},{"label":"Noticias Carre\u00f1o","link":"https:\/\/candas365.es\/noticias\/category\/noticias-carreno\/"},{"label":"Carre\u00f1o recibir\u00e1 118.127,10 euros del fondo de Cooperaci\u00f3n Municipal","link":"https:\/\/candas365.es\/noticias\/carreno-recibira-118-12710-euros-del-fondo-de-cooperacion-municipal\/"}],"_links":{"self":[{"href":"https:\/\/candas365.es\/noticias\/wp-json\/wp\/v2\/posts\/92722","targetHints":{"allow":["GET"]}}],"collection":[{"href":"https:\/\/candas365.es\/noticias\/wp-json\/wp\/v2\/posts"}],"about":[{"href":"https:\/\/candas365.es\/noticias\/wp-json\/wp\/v2\/types\/post"}],"author":[{"embeddable":true,"href":"https:\/\/candas365.es\/noticias\/wp-json\/wp\/v2\/users\/1"}],"replies":[{"embeddable":true,"href":"https:\/\/candas365.es\/noticias\/wp-json\/wp\/v2\/comments?post=92722"}],"version-history":[{"count":0,"href":"https:\/\/candas365.es\/noticias\/wp-json\/wp\/v2\/posts\/92722\/revisions"}],"wp:featuredmedia":[{"embeddable":true,"href":"https:\/\/candas365.es\/noticias\/wp-json\/wp\/v2\/media\/92723"}],"wp:attachment":[{"href":"https:\/\/candas365.es\/noticias\/wp-json\/wp\/v2\/media?parent=92722"}],"wp:term":[{"taxonomy":"category","embeddable":true,"href":"https:\/\/candas365.es\/noticias\/wp-json\/wp\/v2\/categories?post=92722"},{"taxonomy":"post_tag","embeddable":true,"href":"https:\/\/candas365.es\/noticias\/wp-json\/wp\/v2\/tags?post=92722"}],"curies":[{"name":"wp","href":"https:\/\/api.w.org\/{rel}","templated":true}]}}