{"id":92497,"date":"2018-03-27T11:53:24","date_gmt":"2018-03-27T11:53:24","guid":{"rendered":"http:\/\/candas365.es\/noticias\/?p=92497"},"modified":"2018-03-27T11:53:24","modified_gmt":"2018-03-27T11:53:24","slug":"prehistotalleres-esta-semana-santa-en-teverga","status":"publish","type":"post","link":"https:\/\/candas365.es\/noticias\/prehistotalleres-esta-semana-santa-en-teverga\/","title":{"rendered":"Prehistotalleres esta Semana Santa en Teverga"},"content":{"rendered":"<p><img fetchpriority=\"high\" decoding=\"async\" class=\"alignleft size-medium wp-image-92498\" src=\"https:\/\/candas365.es\/noticias\/wp-content\/uploads\/2018\/03\/Parque-de-la-Prehistoria-de-Teverga-360x180.jpg\" alt=\"\" width=\"360\" height=\"180\" srcset=\"https:\/\/candas365.es\/noticias\/wp-content\/uploads\/2018\/03\/Parque-de-la-Prehistoria-de-Teverga-360x180.jpg 360w, https:\/\/candas365.es\/noticias\/wp-content\/uploads\/2018\/03\/Parque-de-la-Prehistoria-de-Teverga-696x347.jpg 696w, https:\/\/candas365.es\/noticias\/wp-content\/uploads\/2018\/03\/Parque-de-la-Prehistoria-de-Teverga-1068x533.jpg 1068w, https:\/\/candas365.es\/noticias\/wp-content\/uploads\/2018\/03\/Parque-de-la-Prehistoria-de-Teverga-841x420.jpg 841w, https:\/\/candas365.es\/noticias\/wp-content\/uploads\/2018\/03\/Parque-de-la-Prehistoria-de-Teverga-768x383.jpg 768w, https:\/\/candas365.es\/noticias\/wp-content\/uploads\/2018\/03\/Parque-de-la-Prehistoria-de-Teverga-655x327.jpg 655w, https:\/\/candas365.es\/noticias\/wp-content\/uploads\/2018\/03\/Parque-de-la-Prehistoria-de-Teverga.jpg 1280w\" sizes=\"(max-width: 360px) 100vw, 360px\" \/>Prehistotalleres para conocer c\u00f3mo pescaban y recolectaban nuestros antepasados y como hac\u00edan fuego en el Paleol\u00edtico son las propuestas del Parque de la Prehistoria de Teverga para el p\u00fablico familiar durante esta Semana Santa, del 29 de marzo al 8 de abril.<\/p>\n<p>En \u201cSupervivencia en la Prehistoria \u00bfmen\u00fa para hoy?\u201d los participantes realizar\u00e1n un breve recorrido para aprovisionarse de frutos de la temporada para elaborar suculentos men\u00fas. Se familiarizar\u00e1n con los \u00fatiles que empleaban en el Paleol\u00edtico para pescar, para luego pasar a simular el proceso de pesca y de preparaci\u00f3n de alimentos con hierbas arom\u00e1ticas. \u201cSupervivencia en la Prehistoria\u201d se celebrar\u00e1 del 29 de marzo al 1 de abril, a las 11:30 y 17:45 horas, y del 2 al 8 de abril, a las 17:45 h.<\/p>\n<p>Tambi\u00e9n se realizar\u00e1 una demostraci\u00f3n participativa para obtener fuego al estilo prehist\u00f3rico. En \u201c\u00a1Fuego, fuego! La magia del Paleol\u00edtico\u201d el p\u00fablico pondr\u00e1 a prueba su ma\u00f1a para producir este elemento que hizo habitables los asentamientos, pues permite cocinar los alimentos, da calor para combatir los fr\u00edos d\u00edas paleol\u00edticos y sirve como elemento cohesionador del grupo alrededor del cual se desarrollaba la vida social. El taller \u201c\u00a1Fuego, fuego!\u201d se realizar\u00e1 del 29 de marzo al 1 de abril, a las 12:45 y 16:30 horas, y del 2 al 8 de abril, a las 12:45 h.<\/p>\n<p>Durante las vacaciones de Semana Santa tambi\u00e9n se podr\u00e1 visitar la Cueva de Cuevas a las 12:30, 13:45 y 18:00 horas y recorrer de forma libre la Galer\u00eda para conocer el arte paleol\u00edtico, los motivos que representaba y las t\u00e9cnicas que utilizaban nuestros antepasados. Tambi\u00e9n se pueden observar animales de origen prehist\u00f3rico en una zona habilitada del Parque: el bisonte de origen europeo, los caballos Przewalski, los neo-uros o Uros de Heck, y los nuevos animales que se acaban de incorporar al cercado, los gamos y los ciervos.<\/p>\n<p>El Parque permanecer\u00e1 abierto todos los d\u00edas del 29 de marzo al 8 de abril, de 10:30 a 14:30 y de 16:00 a 19:00 horas. Se puede adquirir online la entrada para el Parque y para los talleres a trav\u00e9s de la web www.parquedelaprehistoria.es.<\/p>\n","protected":false},"excerpt":{"rendered":"<p>Prehistotalleres para conocer c\u00f3mo pescaban y recolectaban nuestros antepasados y como hac\u00edan fuego en el Paleol\u00edtico son las propuestas del Parque de la Prehistoria de Teverga para el p\u00fablico familiar durante esta Semana Santa, del 29 de marzo al 8 de abril. En \u201cSupervivencia en la Prehistoria \u00bfmen\u00fa para hoy?\u201d los participantes realizar\u00e1n un breve<\/p>\n","protected":false},"author":1,"featured_media":92498,"comment_status":"closed","ping_status":"closed","sticky":false,"template":"","format":"standard","meta":{"footnotes":""},"categories":[1],"tags":[],"class_list":{"0":"post-92497","1":"post","2":"type-post","3":"status-publish","4":"format-standard","5":"has-post-thumbnail","7":"category-agenda"},"aioseo_notices":[],"aioseo_head":"\n\t\t<!-- All in One SEO Pro 4.9.6.2 - aioseo.com -->\n\t<meta name=\"description\" content=\"Prehistotalleres para conocer c\u00f3mo pescaban y recolectaban nuestros antepasados y como hac\u00edan fuego en el Paleol\u00edtico son las propuestas del Parque de la Prehistoria de Teverga para el p\u00fablico familiar durante esta Semana Santa, del 29 de marzo al 8 de abril. En \u201cSupervivencia en la Prehistoria \u00bfmen\u00fa para hoy?\u201d los participantes realizar\u00e1n un breve\" \/>\n\t<meta name=\"robots\" content=\"max-image-preview:large\" \/>\n\t<meta name=\"author\" content=\"Cand\u00e1s 365\"\/>\n\t<meta name=\"google-site-verification\" content=\"UA-32230408-1\" \/>\n\t<meta name=\"msvalidate.01\" content=\"354F3CDFB2DA171B47FBE9ABF1F88D5\" \/>\n\t<meta name=\"keywords\" content=\"agenda\" \/>\n\t<link rel=\"canonical\" href=\"https:\/\/candas365.es\/noticias\/prehistotalleres-esta-semana-santa-en-teverga\/\" \/>\n\t<meta name=\"generator\" content=\"All in One SEO Pro (AIOSEO) 4.9.6.2\" \/>\n\t\t<meta property=\"og:locale\" content=\"es_ES\" \/>\n\t\t<meta property=\"og:site_name\" content=\"Cand\u00e1s 365\" \/>\n\t\t<meta property=\"og:type\" content=\"article\" \/>\n\t\t<meta property=\"og:title\" content=\"Prehistotalleres esta Semana Santa en Teverga | Cand\u00e1s 365\" \/>\n\t\t<meta property=\"og:description\" content=\"Prehistotalleres para conocer c\u00f3mo pescaban y recolectaban nuestros antepasados y como hac\u00edan fuego en el Paleol\u00edtico son las propuestas del Parque de la Prehistoria de Teverga para el p\u00fablico familiar durante esta Semana Santa, del 29 de marzo al 8 de abril. En \u201cSupervivencia en la Prehistoria \u00bfmen\u00fa para hoy?\u201d los participantes realizar\u00e1n un breve\" \/>\n\t\t<meta property=\"og:url\" content=\"https:\/\/candas365.es\/noticias\/prehistotalleres-esta-semana-santa-en-teverga\/\" \/>\n\t\t<meta property=\"og:image\" content=\"https:\/\/candas365.es\/noticias\/wp-content\/uploads\/2018\/03\/Parque-de-la-Prehistoria-de-Teverga.jpg\" \/>\n\t\t<meta property=\"og:image:secure_url\" content=\"https:\/\/candas365.es\/noticias\/wp-content\/uploads\/2018\/03\/Parque-de-la-Prehistoria-de-Teverga.jpg\" \/>\n\t\t<meta property=\"og:image:width\" content=\"1280\" \/>\n\t\t<meta property=\"og:image:height\" content=\"639\" \/>\n\t\t<meta property=\"article:published_time\" content=\"2018-03-27T11:53:24+00:00\" \/>\n\t\t<meta property=\"article:modified_time\" content=\"2018-03-27T11:53:24+00:00\" \/>\n\t\t<meta property=\"article:publisher\" content=\"https:\/\/www.facebook.com\/Nachofdezber\" \/>\n\t\t<meta property=\"article:author\" content=\"https:\/\/www.facebook.com\/carrenoactualidad\" \/>\n\t\t<meta name=\"twitter:card\" content=\"summary_large_image\" \/>\n\t\t<meta name=\"twitter:site\" content=\"@NabercoDigital\" \/>\n\t\t<meta name=\"twitter:title\" content=\"Prehistotalleres esta Semana Santa en Teverga | Cand\u00e1s 365\" \/>\n\t\t<meta name=\"twitter:description\" content=\"Prehistotalleres para conocer c\u00f3mo pescaban y recolectaban nuestros antepasados y como hac\u00edan fuego en el Paleol\u00edtico son las propuestas del Parque de la Prehistoria de Teverga para el p\u00fablico familiar durante esta Semana Santa, del 29 de marzo al 8 de abril. En \u201cSupervivencia en la Prehistoria \u00bfmen\u00fa para hoy?\u201d los participantes realizar\u00e1n un breve\" \/>\n\t\t<meta name=\"twitter:creator\" content=\"@nbasturias\" \/>\n\t\t<meta name=\"twitter:image\" content=\"https:\/\/candas365.es\/noticias\/wp-content\/uploads\/2018\/03\/Parque-de-la-Prehistoria-de-Teverga.jpg\" \/>\n\t\t<meta name=\"twitter:label1\" content=\"Escrito por\" \/>\n\t\t<meta name=\"twitter:data1\" content=\"Cand\u00e1s 365\" \/>\n\t\t<meta name=\"twitter:label2\" content=\"Tiempo de lectura estimado\" \/>\n\t\t<meta name=\"twitter:data2\" content=\"2 minutos\" \/>\n\t\t<script type=\"application\/ld+json\" class=\"aioseo-schema\">\n\t\t\t{\"@context\":\"https:\\\/\\\/schema.org\",\"@graph\":[{\"@type\":\"BreadcrumbList\",\"@id\":\"https:\\\/\\\/candas365.es\\\/noticias\\\/prehistotalleres-esta-semana-santa-en-teverga\\\/#breadcrumblist\",\"itemListElement\":[{\"@type\":\"ListItem\",\"@id\":\"https:\\\/\\\/candas365.es\\\/noticias#listItem\",\"position\":1,\"name\":\"Home\",\"item\":\"https:\\\/\\\/candas365.es\\\/noticias\",\"nextItem\":{\"@type\":\"ListItem\",\"@id\":\"https:\\\/\\\/candas365.es\\\/noticias\\\/category\\\/agenda\\\/#listItem\",\"name\":\"Agenda\"}},{\"@type\":\"ListItem\",\"@id\":\"https:\\\/\\\/candas365.es\\\/noticias\\\/category\\\/agenda\\\/#listItem\",\"position\":2,\"name\":\"Agenda\",\"item\":\"https:\\\/\\\/candas365.es\\\/noticias\\\/category\\\/agenda\\\/\",\"nextItem\":{\"@type\":\"ListItem\",\"@id\":\"https:\\\/\\\/candas365.es\\\/noticias\\\/prehistotalleres-esta-semana-santa-en-teverga\\\/#listItem\",\"name\":\"Prehistotalleres esta Semana Santa en Teverga\"},\"previousItem\":{\"@type\":\"ListItem\",\"@id\":\"https:\\\/\\\/candas365.es\\\/noticias#listItem\",\"name\":\"Home\"}},{\"@type\":\"ListItem\",\"@id\":\"https:\\\/\\\/candas365.es\\\/noticias\\\/prehistotalleres-esta-semana-santa-en-teverga\\\/#listItem\",\"position\":3,\"name\":\"Prehistotalleres esta Semana Santa en Teverga\",\"previousItem\":{\"@type\":\"ListItem\",\"@id\":\"https:\\\/\\\/candas365.es\\\/noticias\\\/category\\\/agenda\\\/#listItem\",\"name\":\"Agenda\"}}]},{\"@type\":\"NewsArticle\",\"@id\":\"https:\\\/\\\/candas365.es\\\/noticias\\\/prehistotalleres-esta-semana-santa-en-teverga\\\/#newsarticle\",\"name\":\"Prehistotalleres esta Semana Santa en Teverga | Cand\\u00e1s 365\",\"headline\":\"Prehistotalleres esta Semana Santa en Teverga\",\"author\":{\"@id\":\"https:\\\/\\\/candas365.es\\\/noticias\\\/author\\\/admin\\\/#author\"},\"publisher\":{\"@id\":\"https:\\\/\\\/candas365.es\\\/noticias\\\/#organization\"},\"image\":{\"@type\":\"ImageObject\",\"url\":\"https:\\\/\\\/candas365.es\\\/noticias\\\/wp-content\\\/uploads\\\/2018\\\/03\\\/Parque-de-la-Prehistoria-de-Teverga.jpg\",\"width\":1280,\"height\":639},\"datePublished\":\"2018-03-27T11:53:24+02:00\",\"dateModified\":\"2018-03-27T11:53:24+02:00\",\"inLanguage\":\"es-ES\",\"mainEntityOfPage\":{\"@id\":\"https:\\\/\\\/candas365.es\\\/noticias\\\/prehistotalleres-esta-semana-santa-en-teverga\\\/#webpage\"},\"isPartOf\":{\"@id\":\"https:\\\/\\\/candas365.es\\\/noticias\\\/prehistotalleres-esta-semana-santa-en-teverga\\\/#webpage\"},\"articleSection\":\"Agenda\",\"dateline\":\"Publicado el marzo 27, 2018.\"},{\"@type\":\"Organization\",\"@id\":\"https:\\\/\\\/candas365.es\\\/noticias\\\/#organization\",\"name\":\"Cand\\u00e1s 365\",\"description\":\"Cand\\u00e1s 365 es un diario digital independiente, fundado en 2012, con base en Asturias. Informamos con rigor sobre actualidad, sociedad, cultura y ocio, con una mirada local y global.\",\"url\":\"https:\\\/\\\/candas365.es\\\/noticias\\\/\",\"email\":\"info@candas365.es\",\"telephone\":\"+34652131393\",\"foundingDate\":\"2012-06-10\",\"logo\":{\"@type\":\"ImageObject\",\"url\":\"https:\\\/\\\/candas365.es\\\/noticias\\\/wp-content\\\/uploads\\\/2024\\\/09\\\/Candas-365-Redes.jpg\",\"@id\":\"https:\\\/\\\/candas365.es\\\/noticias\\\/prehistotalleres-esta-semana-santa-en-teverga\\\/#organizationLogo\",\"width\":1152,\"height\":864,\"caption\":\"Cand\\u00e1s 365 Redes\"},\"image\":{\"@id\":\"https:\\\/\\\/candas365.es\\\/noticias\\\/prehistotalleres-esta-semana-santa-en-teverga\\\/#organizationLogo\"},\"sameAs\":[\"https:\\\/\\\/www.facebook.com\\\/Nachofdezber\",\"https:\\\/\\\/x.com\\\/NabercoDigital\",\"https:\\\/\\\/www.instagram.com\\\/nachofdezber\\\/\",\"https:\\\/\\\/www.youtube.com\\\/channel\\\/UCZP-2wLEB9Rv6erhFmqVnvg\"],\"address\":{\"@id\":\"https:\\\/\\\/candas365.es\\\/noticias\\\/#postaladdress\",\"@type\":\"PostalAddress\",\"streetAddress\":\"san antonio 4, san antonio 4\",\"postalCode\":\"33430\",\"addressLocality\":\"Cand\\u00e1s\",\"addressRegion\":\"Asturias\",\"addressCountry\":\"ES\"}},{\"@type\":\"Person\",\"@id\":\"https:\\\/\\\/candas365.es\\\/noticias\\\/author\\\/admin\\\/#author\",\"url\":\"https:\\\/\\\/candas365.es\\\/noticias\\\/author\\\/admin\\\/\",\"name\":\"Cand\\u00e1s 365\",\"image\":{\"@type\":\"ImageObject\",\"@id\":\"https:\\\/\\\/candas365.es\\\/noticias\\\/prehistotalleres-esta-semana-santa-en-teverga\\\/#authorImage\",\"url\":\"https:\\\/\\\/secure.gravatar.com\\\/avatar\\\/496a8e03d0c493ede1718b7934145dbdf8d89be1036b0eec9544e1094c9de390?s=96&d=mm&r=g\",\"width\":96,\"height\":96,\"caption\":\"Cand\\u00e1s 365\"},\"sameAs\":[\"https:\\\/\\\/www.facebook.com\\\/carrenoactualidad\",\"https:\\\/\\\/twitter.com\\\/nbasturias\",\"https:\\\/\\\/www.instagram.com\\\/nachofdezber\\\/\",\"https:\\\/\\\/www.youtube.com\\\/channel\\\/UCZP-2wLEB9Rv6erhFmqVnvg\"]},{\"@type\":\"WebPage\",\"@id\":\"https:\\\/\\\/candas365.es\\\/noticias\\\/prehistotalleres-esta-semana-santa-en-teverga\\\/#webpage\",\"url\":\"https:\\\/\\\/candas365.es\\\/noticias\\\/prehistotalleres-esta-semana-santa-en-teverga\\\/\",\"name\":\"Prehistotalleres esta Semana Santa en Teverga | Cand\\u00e1s 365\",\"description\":\"Prehistotalleres para conocer c\\u00f3mo pescaban y recolectaban nuestros antepasados y como hac\\u00edan fuego en el Paleol\\u00edtico son las propuestas del Parque de la Prehistoria de Teverga para el p\\u00fablico familiar durante esta Semana Santa, del 29 de marzo al 8 de abril. En \\u201cSupervivencia en la Prehistoria \\u00bfmen\\u00fa para hoy?\\u201d los participantes realizar\\u00e1n un breve\",\"inLanguage\":\"es-ES\",\"isPartOf\":{\"@id\":\"https:\\\/\\\/candas365.es\\\/noticias\\\/#website\"},\"breadcrumb\":{\"@id\":\"https:\\\/\\\/candas365.es\\\/noticias\\\/prehistotalleres-esta-semana-santa-en-teverga\\\/#breadcrumblist\"},\"author\":{\"@id\":\"https:\\\/\\\/candas365.es\\\/noticias\\\/author\\\/admin\\\/#author\"},\"creator\":{\"@id\":\"https:\\\/\\\/candas365.es\\\/noticias\\\/author\\\/admin\\\/#author\"},\"image\":{\"@type\":\"ImageObject\",\"url\":\"https:\\\/\\\/candas365.es\\\/noticias\\\/wp-content\\\/uploads\\\/2018\\\/03\\\/Parque-de-la-Prehistoria-de-Teverga.jpg\",\"@id\":\"https:\\\/\\\/candas365.es\\\/noticias\\\/prehistotalleres-esta-semana-santa-en-teverga\\\/#mainImage\",\"width\":1280,\"height\":639},\"primaryImageOfPage\":{\"@id\":\"https:\\\/\\\/candas365.es\\\/noticias\\\/prehistotalleres-esta-semana-santa-en-teverga\\\/#mainImage\"},\"datePublished\":\"2018-03-27T11:53:24+02:00\",\"dateModified\":\"2018-03-27T11:53:24+02:00\"},{\"@type\":\"WebSite\",\"@id\":\"https:\\\/\\\/candas365.es\\\/noticias\\\/#website\",\"url\":\"https:\\\/\\\/candas365.es\\\/noticias\\\/\",\"name\":\"Cand\\u00e1s 365\",\"alternateName\":\"Cand\\u00e1s 365 Noticias\",\"description\":\"Actualidad desde Carre\\u00f1o para el mundo\",\"inLanguage\":\"es-ES\",\"publisher\":{\"@id\":\"https:\\\/\\\/candas365.es\\\/noticias\\\/#organization\"}}]}\n\t\t<\/script>\n\t\t<!-- All in One SEO Pro -->\r\n\t\t<title>Prehistotalleres esta Semana Santa en Teverga | Cand\u00e1s 365<\/title>\n\n","aioseo_head_json":{"title":"Prehistotalleres esta Semana Santa en Teverga | Cand\u00e1s 365","description":"Prehistotalleres para conocer c\u00f3mo pescaban y recolectaban nuestros antepasados y como hac\u00edan fuego en el Paleol\u00edtico son las propuestas del Parque de la Prehistoria de Teverga para el p\u00fablico familiar durante esta Semana Santa, del 29 de marzo al 8 de abril. En \u201cSupervivencia en la Prehistoria \u00bfmen\u00fa para hoy?\u201d los participantes realizar\u00e1n un breve","canonical_url":"https:\/\/candas365.es\/noticias\/prehistotalleres-esta-semana-santa-en-teverga\/","robots":"max-image-preview:large","keywords":"agenda","webmasterTools":{"google-site-verification":"UA-32230408-1","msvalidate.01":"354F3CDFB2DA171B47FBE9ABF1F88D5","miscellaneous":""},"schema":{"@context":"https:\/\/schema.org","@graph":[{"@type":"BreadcrumbList","@id":"https:\/\/candas365.es\/noticias\/prehistotalleres-esta-semana-santa-en-teverga\/#breadcrumblist","itemListElement":[{"@type":"ListItem","@id":"https:\/\/candas365.es\/noticias#listItem","position":1,"name":"Home","item":"https:\/\/candas365.es\/noticias","nextItem":{"@type":"ListItem","@id":"https:\/\/candas365.es\/noticias\/category\/agenda\/#listItem","name":"Agenda"}},{"@type":"ListItem","@id":"https:\/\/candas365.es\/noticias\/category\/agenda\/#listItem","position":2,"name":"Agenda","item":"https:\/\/candas365.es\/noticias\/category\/agenda\/","nextItem":{"@type":"ListItem","@id":"https:\/\/candas365.es\/noticias\/prehistotalleres-esta-semana-santa-en-teverga\/#listItem","name":"Prehistotalleres esta Semana Santa en Teverga"},"previousItem":{"@type":"ListItem","@id":"https:\/\/candas365.es\/noticias#listItem","name":"Home"}},{"@type":"ListItem","@id":"https:\/\/candas365.es\/noticias\/prehistotalleres-esta-semana-santa-en-teverga\/#listItem","position":3,"name":"Prehistotalleres esta Semana Santa en Teverga","previousItem":{"@type":"ListItem","@id":"https:\/\/candas365.es\/noticias\/category\/agenda\/#listItem","name":"Agenda"}}]},{"@type":"NewsArticle","@id":"https:\/\/candas365.es\/noticias\/prehistotalleres-esta-semana-santa-en-teverga\/#newsarticle","name":"Prehistotalleres esta Semana Santa en Teverga | Cand\u00e1s 365","headline":"Prehistotalleres esta Semana Santa en Teverga","author":{"@id":"https:\/\/candas365.es\/noticias\/author\/admin\/#author"},"publisher":{"@id":"https:\/\/candas365.es\/noticias\/#organization"},"image":{"@type":"ImageObject","url":"https:\/\/candas365.es\/noticias\/wp-content\/uploads\/2018\/03\/Parque-de-la-Prehistoria-de-Teverga.jpg","width":1280,"height":639},"datePublished":"2018-03-27T11:53:24+02:00","dateModified":"2018-03-27T11:53:24+02:00","inLanguage":"es-ES","mainEntityOfPage":{"@id":"https:\/\/candas365.es\/noticias\/prehistotalleres-esta-semana-santa-en-teverga\/#webpage"},"isPartOf":{"@id":"https:\/\/candas365.es\/noticias\/prehistotalleres-esta-semana-santa-en-teverga\/#webpage"},"articleSection":"Agenda","dateline":"Publicado el marzo 27, 2018."},{"@type":"Organization","@id":"https:\/\/candas365.es\/noticias\/#organization","name":"Cand\u00e1s 365","description":"Cand\u00e1s 365 es un diario digital independiente, fundado en 2012, con base en Asturias. Informamos con rigor sobre actualidad, sociedad, cultura y ocio, con una mirada local y global.","url":"https:\/\/candas365.es\/noticias\/","email":"info@candas365.es","telephone":"+34652131393","foundingDate":"2012-06-10","logo":{"@type":"ImageObject","url":"https:\/\/candas365.es\/noticias\/wp-content\/uploads\/2024\/09\/Candas-365-Redes.jpg","@id":"https:\/\/candas365.es\/noticias\/prehistotalleres-esta-semana-santa-en-teverga\/#organizationLogo","width":1152,"height":864,"caption":"Cand\u00e1s 365 Redes"},"image":{"@id":"https:\/\/candas365.es\/noticias\/prehistotalleres-esta-semana-santa-en-teverga\/#organizationLogo"},"sameAs":["https:\/\/www.facebook.com\/Nachofdezber","https:\/\/x.com\/NabercoDigital","https:\/\/www.instagram.com\/nachofdezber\/","https:\/\/www.youtube.com\/channel\/UCZP-2wLEB9Rv6erhFmqVnvg"],"address":{"@id":"https:\/\/candas365.es\/noticias\/#postaladdress","@type":"PostalAddress","streetAddress":"san antonio 4, san antonio 4","postalCode":"33430","addressLocality":"Cand\u00e1s","addressRegion":"Asturias","addressCountry":"ES"}},{"@type":"Person","@id":"https:\/\/candas365.es\/noticias\/author\/admin\/#author","url":"https:\/\/candas365.es\/noticias\/author\/admin\/","name":"Cand\u00e1s 365","image":{"@type":"ImageObject","@id":"https:\/\/candas365.es\/noticias\/prehistotalleres-esta-semana-santa-en-teverga\/#authorImage","url":"https:\/\/secure.gravatar.com\/avatar\/496a8e03d0c493ede1718b7934145dbdf8d89be1036b0eec9544e1094c9de390?s=96&d=mm&r=g","width":96,"height":96,"caption":"Cand\u00e1s 365"},"sameAs":["https:\/\/www.facebook.com\/carrenoactualidad","https:\/\/twitter.com\/nbasturias","https:\/\/www.instagram.com\/nachofdezber\/","https:\/\/www.youtube.com\/channel\/UCZP-2wLEB9Rv6erhFmqVnvg"]},{"@type":"WebPage","@id":"https:\/\/candas365.es\/noticias\/prehistotalleres-esta-semana-santa-en-teverga\/#webpage","url":"https:\/\/candas365.es\/noticias\/prehistotalleres-esta-semana-santa-en-teverga\/","name":"Prehistotalleres esta Semana Santa en Teverga | Cand\u00e1s 365","description":"Prehistotalleres para conocer c\u00f3mo pescaban y recolectaban nuestros antepasados y como hac\u00edan fuego en el Paleol\u00edtico son las propuestas del Parque de la Prehistoria de Teverga para el p\u00fablico familiar durante esta Semana Santa, del 29 de marzo al 8 de abril. En \u201cSupervivencia en la Prehistoria \u00bfmen\u00fa para hoy?\u201d los participantes realizar\u00e1n un breve","inLanguage":"es-ES","isPartOf":{"@id":"https:\/\/candas365.es\/noticias\/#website"},"breadcrumb":{"@id":"https:\/\/candas365.es\/noticias\/prehistotalleres-esta-semana-santa-en-teverga\/#breadcrumblist"},"author":{"@id":"https:\/\/candas365.es\/noticias\/author\/admin\/#author"},"creator":{"@id":"https:\/\/candas365.es\/noticias\/author\/admin\/#author"},"image":{"@type":"ImageObject","url":"https:\/\/candas365.es\/noticias\/wp-content\/uploads\/2018\/03\/Parque-de-la-Prehistoria-de-Teverga.jpg","@id":"https:\/\/candas365.es\/noticias\/prehistotalleres-esta-semana-santa-en-teverga\/#mainImage","width":1280,"height":639},"primaryImageOfPage":{"@id":"https:\/\/candas365.es\/noticias\/prehistotalleres-esta-semana-santa-en-teverga\/#mainImage"},"datePublished":"2018-03-27T11:53:24+02:00","dateModified":"2018-03-27T11:53:24+02:00"},{"@type":"WebSite","@id":"https:\/\/candas365.es\/noticias\/#website","url":"https:\/\/candas365.es\/noticias\/","name":"Cand\u00e1s 365","alternateName":"Cand\u00e1s 365 Noticias","description":"Actualidad desde Carre\u00f1o para el mundo","inLanguage":"es-ES","publisher":{"@id":"https:\/\/candas365.es\/noticias\/#organization"}}]},"og:locale":"es_ES","og:site_name":"Cand\u00e1s 365","og:type":"article","og:title":"Prehistotalleres esta Semana Santa en Teverga | Cand\u00e1s 365","og:description":"Prehistotalleres para conocer c\u00f3mo pescaban y recolectaban nuestros antepasados y como hac\u00edan fuego en el Paleol\u00edtico son las propuestas del Parque de la Prehistoria de Teverga para el p\u00fablico familiar durante esta Semana Santa, del 29 de marzo al 8 de abril. En \u201cSupervivencia en la Prehistoria \u00bfmen\u00fa para hoy?\u201d los participantes realizar\u00e1n un breve","og:url":"https:\/\/candas365.es\/noticias\/prehistotalleres-esta-semana-santa-en-teverga\/","og:image":"https:\/\/candas365.es\/noticias\/wp-content\/uploads\/2018\/03\/Parque-de-la-Prehistoria-de-Teverga.jpg","og:image:secure_url":"https:\/\/candas365.es\/noticias\/wp-content\/uploads\/2018\/03\/Parque-de-la-Prehistoria-de-Teverga.jpg","og:image:width":1280,"og:image:height":639,"article:published_time":"2018-03-27T11:53:24+00:00","article:modified_time":"2018-03-27T11:53:24+00:00","article:publisher":"https:\/\/www.facebook.com\/Nachofdezber","article:author":"https:\/\/www.facebook.com\/carrenoactualidad","twitter:card":"summary_large_image","twitter:site":"@NabercoDigital","twitter:title":"Prehistotalleres esta Semana Santa en Teverga | Cand\u00e1s 365","twitter:description":"Prehistotalleres para conocer c\u00f3mo pescaban y recolectaban nuestros antepasados y como hac\u00edan fuego en el Paleol\u00edtico son las propuestas del Parque de la Prehistoria de Teverga para el p\u00fablico familiar durante esta Semana Santa, del 29 de marzo al 8 de abril. En \u201cSupervivencia en la Prehistoria \u00bfmen\u00fa para hoy?\u201d los participantes realizar\u00e1n un breve","twitter:creator":"@nbasturias","twitter:image":"https:\/\/candas365.es\/noticias\/wp-content\/uploads\/2018\/03\/Parque-de-la-Prehistoria-de-Teverga.jpg","twitter:label1":"Escrito por","twitter:data1":"Cand\u00e1s 365","twitter:label2":"Tiempo de lectura estimado","twitter:data2":"2 minutos"},"aioseo_meta_data":{"post_id":"92497","title":null,"description":null,"keywords":null,"keyphrases":null,"primary_term":null,"canonical_url":null,"og_title":null,"og_description":null,"og_object_type":"default","og_image_type":"default","og_image_url":null,"og_image_width":null,"og_image_height":null,"og_image_custom_url":null,"og_image_custom_fields":null,"og_video":null,"og_custom_url":null,"og_article_section":null,"og_article_tags":null,"twitter_use_og":false,"twitter_card":"default","twitter_image_type":"default","twitter_image_url":null,"twitter_image_custom_url":null,"twitter_image_custom_fields":null,"twitter_title":null,"twitter_description":null,"schema":{"blockGraphs":[],"customGraphs":[],"default":{"data":{"Article":[],"Course":[],"Dataset":[],"FAQPage":[],"Movie":[],"Person":[],"Product":[],"ProductReview":[],"Car":[],"Recipe":[],"Service":[],"SoftwareApplication":[],"WebPage":[]},"graphName":"","isEnabled":true},"graphs":[],"defaultGraph":"","defaultPostTypeGraph":""},"schema_type":null,"schema_type_options":null,"pillar_content":false,"robots_default":true,"robots_noindex":false,"robots_noarchive":false,"robots_nosnippet":false,"robots_nofollow":false,"robots_noimageindex":false,"robots_noodp":false,"robots_notranslate":false,"robots_max_snippet":null,"robots_max_videopreview":null,"robots_max_imagepreview":"large","priority":null,"frequency":null,"location":null,"local_seo":null,"seo_analyzer_scan_date":"2025-08-26 16:17:59","breadcrumb_settings":null,"limit_modified_date":false,"reviewed_by":null,"open_ai":null,"ai":null,"created":"2020-12-21 11:54:25","updated":"2025-08-26 16:17:59"},"aioseo_breadcrumb":"<div class=\"aioseo-breadcrumbs\"><span class=\"aioseo-breadcrumb\">\n\t<a href=\"https:\/\/candas365.es\/noticias\" title=\"Home\">Home<\/a>\n<\/span><span class=\"aioseo-breadcrumb-separator\">&ndash;<\/span><span class=\"aioseo-breadcrumb\">\n\t<a href=\"https:\/\/candas365.es\/noticias\/category\/agenda\/\" title=\"Agenda\">Agenda<\/a>\n<\/span><span class=\"aioseo-breadcrumb-separator\">&ndash;<\/span><span class=\"aioseo-breadcrumb\">\n\tPrehistotalleres esta Semana Santa en Teverga\n<\/span><\/div>","aioseo_breadcrumb_json":[{"label":"Home","link":"https:\/\/candas365.es\/noticias"},{"label":"Agenda","link":"https:\/\/candas365.es\/noticias\/category\/agenda\/"},{"label":"Prehistotalleres esta Semana Santa en Teverga","link":"https:\/\/candas365.es\/noticias\/prehistotalleres-esta-semana-santa-en-teverga\/"}],"_links":{"self":[{"href":"https:\/\/candas365.es\/noticias\/wp-json\/wp\/v2\/posts\/92497","targetHints":{"allow":["GET"]}}],"collection":[{"href":"https:\/\/candas365.es\/noticias\/wp-json\/wp\/v2\/posts"}],"about":[{"href":"https:\/\/candas365.es\/noticias\/wp-json\/wp\/v2\/types\/post"}],"author":[{"embeddable":true,"href":"https:\/\/candas365.es\/noticias\/wp-json\/wp\/v2\/users\/1"}],"replies":[{"embeddable":true,"href":"https:\/\/candas365.es\/noticias\/wp-json\/wp\/v2\/comments?post=92497"}],"version-history":[{"count":0,"href":"https:\/\/candas365.es\/noticias\/wp-json\/wp\/v2\/posts\/92497\/revisions"}],"wp:featuredmedia":[{"embeddable":true,"href":"https:\/\/candas365.es\/noticias\/wp-json\/wp\/v2\/media\/92498"}],"wp:attachment":[{"href":"https:\/\/candas365.es\/noticias\/wp-json\/wp\/v2\/media?parent=92497"}],"wp:term":[{"taxonomy":"category","embeddable":true,"href":"https:\/\/candas365.es\/noticias\/wp-json\/wp\/v2\/categories?post=92497"},{"taxonomy":"post_tag","embeddable":true,"href":"https:\/\/candas365.es\/noticias\/wp-json\/wp\/v2\/tags?post=92497"}],"curies":[{"name":"wp","href":"https:\/\/api.w.org\/{rel}","templated":true}]}}