{"id":92489,"date":"2018-03-26T23:08:51","date_gmt":"2018-03-26T23:08:51","guid":{"rendered":"http:\/\/candas365.es\/noticias\/?p=92489"},"modified":"2018-03-26T23:08:51","modified_gmt":"2018-03-26T23:08:51","slug":"domingo-de-magia-en-laboral-ciudad-de-la-cultura","status":"publish","type":"post","link":"https:\/\/candas365.es\/noticias\/domingo-de-magia-en-laboral-ciudad-de-la-cultura\/","title":{"rendered":"Domingo de magia en Laboral Ciudad de la Cultura"},"content":{"rendered":"<p><img fetchpriority=\"high\" decoding=\"async\" class=\"alignleft size-medium wp-image-92490\" src=\"https:\/\/candas365.es\/noticias\/wp-content\/uploads\/2018\/03\/El-gran-braulio-360x203.jpg\" alt=\"\" width=\"360\" height=\"203\" srcset=\"https:\/\/candas365.es\/noticias\/wp-content\/uploads\/2018\/03\/El-gran-braulio-360x203.jpg 360w, https:\/\/candas365.es\/noticias\/wp-content\/uploads\/2018\/03\/El-gran-braulio-696x392.jpg 696w, https:\/\/candas365.es\/noticias\/wp-content\/uploads\/2018\/03\/El-gran-braulio-1068x602.jpg 1068w, https:\/\/candas365.es\/noticias\/wp-content\/uploads\/2018\/03\/El-gran-braulio-746x420.jpg 746w, https:\/\/candas365.es\/noticias\/wp-content\/uploads\/2018\/03\/El-gran-braulio-768x433.jpg 768w, https:\/\/candas365.es\/noticias\/wp-content\/uploads\/2018\/03\/El-gran-braulio-655x369.jpg 655w, https:\/\/candas365.es\/noticias\/wp-content\/uploads\/2018\/03\/El-gran-braulio-499x280.jpg 499w, https:\/\/candas365.es\/noticias\/wp-content\/uploads\/2018\/03\/El-gran-braulio.jpg 1136w\" sizes=\"(max-width: 360px) 100vw, 360px\" \/>Peque\u00f1os y mayores ser\u00e1n aprendices de magos en Piccola Laboral el domingo 1 de abril, a partir de las 16:30 horas, en Laboral Ciudad de la Cultura. Habr\u00e1 talleres de magia de magia de cerca, divertida o globoflexia, una sobremesa m\u00e1gica en el Caf\u00e9 de la Laboral y una gran gala en el Teatro en la que participar\u00e1n El Gran Braulio, Ra\u00fal Alegr\u00eda, el Se\u00f1or P\u00e9rez y Xuan.<\/p>\n<p>Los talleres para el p\u00fablico infantil de 6 a 12 a\u00f1os comenzar\u00e1n a las 16:30 horas. Los m\u00e1s peque\u00f1os de la casa pueden hacer sorprendentes figuras con globoflexia con el Se\u00f1or P\u00e9rez o aprender a hacer magia de cerca con Xuan y los trucos m\u00e1s divertido con Ra\u00fal Alegr\u00eda, estas dos \u00faltimas actividades con las plazas ya agotadas. Mientras tanto, los mayores pueden disfrutar de una sobremesa m\u00e1gica y gratuita en el Caf\u00e9 de la Laboral a las 16:45 horas.<\/p>\n<p>A continuaci\u00f3n, a las 18:30 horas, comenzar\u00e1 la Gala de magia en el Teatro de la Laboral, con El Gran Braulio como anfitri\u00f3n y maestro de ceremonias en este espect\u00e1culo para p\u00fablico familiar. En el show participar\u00e1n Ra\u00fal Alegr\u00eda, uno de los ilusionistas m\u00e1s internacionales del momento, que en 2017 ha llevado a algunos de los mejores circos, teatros y variet\u00e9s de m\u00e1s de 11 pa\u00edses su fusi\u00f3n de las grandes ilusiones con escapismos arriesgados y mezcla la teatralidad de un personaje astronauta con la tecnolog\u00eda l\u00e1ser; el Se\u00f1or P\u00e9rez, que ha preparado un n\u00famero lleno de poes\u00eda y sensibilidad para sorprender al p\u00fablico con las posibilidades de una pompa de jab\u00f3n y con su actuaci\u00f3n de ventriloquia; y Xuan, especialista en manipulaci\u00f3n, considerada una de las ramas m\u00e1s dif\u00edciles de la magia.<\/p>\n<p>Las entradas tanto para el taller de globoflexia como para la gala est\u00e1n disponibles a un precio general de 6 euros y reducido de 5 euros para socios del Club Cultura Asturias y Pasaporte Cultural hasta este s\u00e1bado para cada una de las actividades. Las localidades se pueden adquirir en la Recepci\u00f3n de la Laboral, en el Centro Niemeyer en Avil\u00e9s, en la Oficina de Informaci\u00f3n Tur\u00edstica de Asturias en Oviedo, en la web entradas.liberbank.es, en el tel\u00e9fono 902 106 601 y en la red de cajeros Liberbank.<\/p>\n","protected":false},"excerpt":{"rendered":"<p>Peque\u00f1os y mayores ser\u00e1n aprendices de magos en Piccola Laboral el domingo 1 de abril, a partir de las 16:30 horas, en Laboral Ciudad de la Cultura. Habr\u00e1 talleres de magia de magia de cerca, divertida o globoflexia, una sobremesa m\u00e1gica en el Caf\u00e9 de la Laboral y una gran gala en el Teatro en<\/p>\n","protected":false},"author":1,"featured_media":92490,"comment_status":"closed","ping_status":"closed","sticky":false,"template":"","format":"standard","meta":{"footnotes":""},"categories":[1],"tags":[],"class_list":{"0":"post-92489","1":"post","2":"type-post","3":"status-publish","4":"format-standard","5":"has-post-thumbnail","7":"category-agenda"},"aioseo_notices":[],"aioseo_head":"\n\t\t<!-- All in One SEO Pro 4.9.6.2 - aioseo.com -->\n\t<meta name=\"description\" content=\"Peque\u00f1os y mayores ser\u00e1n aprendices de magos en Piccola Laboral el domingo 1 de abril, a partir de las 16:30 horas, en Laboral Ciudad de la Cultura. Habr\u00e1 talleres de magia de magia de cerca, divertida o globoflexia, una sobremesa m\u00e1gica en el Caf\u00e9 de la Laboral y una gran gala en el Teatro en\" \/>\n\t<meta name=\"robots\" content=\"max-image-preview:large\" \/>\n\t<meta name=\"author\" content=\"Cand\u00e1s 365\"\/>\n\t<meta name=\"google-site-verification\" content=\"UA-32230408-1\" \/>\n\t<meta name=\"msvalidate.01\" content=\"354F3CDFB2DA171B47FBE9ABF1F88D5\" \/>\n\t<meta name=\"keywords\" content=\"agenda\" \/>\n\t<link rel=\"canonical\" href=\"https:\/\/candas365.es\/noticias\/domingo-de-magia-en-laboral-ciudad-de-la-cultura\/\" \/>\n\t<meta name=\"generator\" content=\"All in One SEO Pro (AIOSEO) 4.9.6.2\" \/>\n\t\t<meta property=\"og:locale\" content=\"es_ES\" \/>\n\t\t<meta property=\"og:site_name\" content=\"Cand\u00e1s 365\" \/>\n\t\t<meta property=\"og:type\" content=\"article\" \/>\n\t\t<meta property=\"og:title\" content=\"Domingo de magia en Laboral Ciudad de la Cultura | Cand\u00e1s 365\" \/>\n\t\t<meta property=\"og:description\" content=\"Peque\u00f1os y mayores ser\u00e1n aprendices de magos en Piccola Laboral el domingo 1 de abril, a partir de las 16:30 horas, en Laboral Ciudad de la Cultura. Habr\u00e1 talleres de magia de magia de cerca, divertida o globoflexia, una sobremesa m\u00e1gica en el Caf\u00e9 de la Laboral y una gran gala en el Teatro en\" \/>\n\t\t<meta property=\"og:url\" content=\"https:\/\/candas365.es\/noticias\/domingo-de-magia-en-laboral-ciudad-de-la-cultura\/\" \/>\n\t\t<meta property=\"og:image\" content=\"https:\/\/candas365.es\/noticias\/wp-content\/uploads\/2018\/03\/El-gran-braulio.jpg\" \/>\n\t\t<meta property=\"og:image:secure_url\" content=\"https:\/\/candas365.es\/noticias\/wp-content\/uploads\/2018\/03\/El-gran-braulio.jpg\" \/>\n\t\t<meta property=\"og:image:width\" content=\"1136\" \/>\n\t\t<meta property=\"og:image:height\" content=\"640\" \/>\n\t\t<meta property=\"article:published_time\" content=\"2018-03-26T23:08:51+00:00\" \/>\n\t\t<meta property=\"article:modified_time\" content=\"2018-03-26T23:08:51+00:00\" \/>\n\t\t<meta property=\"article:publisher\" content=\"https:\/\/www.facebook.com\/Nachofdezber\" \/>\n\t\t<meta property=\"article:author\" content=\"https:\/\/www.facebook.com\/carrenoactualidad\" \/>\n\t\t<meta name=\"twitter:card\" content=\"summary_large_image\" \/>\n\t\t<meta name=\"twitter:site\" content=\"@NabercoDigital\" \/>\n\t\t<meta name=\"twitter:title\" content=\"Domingo de magia en Laboral Ciudad de la Cultura | Cand\u00e1s 365\" \/>\n\t\t<meta name=\"twitter:description\" content=\"Peque\u00f1os y mayores ser\u00e1n aprendices de magos en Piccola Laboral el domingo 1 de abril, a partir de las 16:30 horas, en Laboral Ciudad de la Cultura. Habr\u00e1 talleres de magia de magia de cerca, divertida o globoflexia, una sobremesa m\u00e1gica en el Caf\u00e9 de la Laboral y una gran gala en el Teatro en\" \/>\n\t\t<meta name=\"twitter:creator\" content=\"@nbasturias\" \/>\n\t\t<meta name=\"twitter:image\" content=\"https:\/\/candas365.es\/noticias\/wp-content\/uploads\/2018\/03\/El-gran-braulio.jpg\" \/>\n\t\t<meta name=\"twitter:label1\" content=\"Escrito por\" \/>\n\t\t<meta name=\"twitter:data1\" content=\"Cand\u00e1s 365\" \/>\n\t\t<meta name=\"twitter:label2\" content=\"Tiempo de lectura estimado\" \/>\n\t\t<meta name=\"twitter:data2\" content=\"2 minutos\" \/>\n\t\t<script type=\"application\/ld+json\" class=\"aioseo-schema\">\n\t\t\t{\"@context\":\"https:\\\/\\\/schema.org\",\"@graph\":[{\"@type\":\"BreadcrumbList\",\"@id\":\"https:\\\/\\\/candas365.es\\\/noticias\\\/domingo-de-magia-en-laboral-ciudad-de-la-cultura\\\/#breadcrumblist\",\"itemListElement\":[{\"@type\":\"ListItem\",\"@id\":\"https:\\\/\\\/candas365.es\\\/noticias#listItem\",\"position\":1,\"name\":\"Home\",\"item\":\"https:\\\/\\\/candas365.es\\\/noticias\",\"nextItem\":{\"@type\":\"ListItem\",\"@id\":\"https:\\\/\\\/candas365.es\\\/noticias\\\/category\\\/agenda\\\/#listItem\",\"name\":\"Agenda\"}},{\"@type\":\"ListItem\",\"@id\":\"https:\\\/\\\/candas365.es\\\/noticias\\\/category\\\/agenda\\\/#listItem\",\"position\":2,\"name\":\"Agenda\",\"item\":\"https:\\\/\\\/candas365.es\\\/noticias\\\/category\\\/agenda\\\/\",\"nextItem\":{\"@type\":\"ListItem\",\"@id\":\"https:\\\/\\\/candas365.es\\\/noticias\\\/domingo-de-magia-en-laboral-ciudad-de-la-cultura\\\/#listItem\",\"name\":\"Domingo de magia en Laboral Ciudad de la Cultura\"},\"previousItem\":{\"@type\":\"ListItem\",\"@id\":\"https:\\\/\\\/candas365.es\\\/noticias#listItem\",\"name\":\"Home\"}},{\"@type\":\"ListItem\",\"@id\":\"https:\\\/\\\/candas365.es\\\/noticias\\\/domingo-de-magia-en-laboral-ciudad-de-la-cultura\\\/#listItem\",\"position\":3,\"name\":\"Domingo de magia en Laboral Ciudad de la Cultura\",\"previousItem\":{\"@type\":\"ListItem\",\"@id\":\"https:\\\/\\\/candas365.es\\\/noticias\\\/category\\\/agenda\\\/#listItem\",\"name\":\"Agenda\"}}]},{\"@type\":\"NewsArticle\",\"@id\":\"https:\\\/\\\/candas365.es\\\/noticias\\\/domingo-de-magia-en-laboral-ciudad-de-la-cultura\\\/#newsarticle\",\"name\":\"Domingo de magia en Laboral Ciudad de la Cultura | Cand\\u00e1s 365\",\"headline\":\"Domingo de magia en Laboral Ciudad de la Cultura\",\"author\":{\"@id\":\"https:\\\/\\\/candas365.es\\\/noticias\\\/author\\\/admin\\\/#author\"},\"publisher\":{\"@id\":\"https:\\\/\\\/candas365.es\\\/noticias\\\/#organization\"},\"image\":{\"@type\":\"ImageObject\",\"url\":\"https:\\\/\\\/candas365.es\\\/noticias\\\/wp-content\\\/uploads\\\/2018\\\/03\\\/El-gran-braulio.jpg\",\"width\":1136,\"height\":640},\"datePublished\":\"2018-03-26T23:08:51+02:00\",\"dateModified\":\"2018-03-26T23:08:51+02:00\",\"inLanguage\":\"es-ES\",\"mainEntityOfPage\":{\"@id\":\"https:\\\/\\\/candas365.es\\\/noticias\\\/domingo-de-magia-en-laboral-ciudad-de-la-cultura\\\/#webpage\"},\"isPartOf\":{\"@id\":\"https:\\\/\\\/candas365.es\\\/noticias\\\/domingo-de-magia-en-laboral-ciudad-de-la-cultura\\\/#webpage\"},\"articleSection\":\"Agenda\",\"dateline\":\"Publicado el marzo 26, 2018.\"},{\"@type\":\"Organization\",\"@id\":\"https:\\\/\\\/candas365.es\\\/noticias\\\/#organization\",\"name\":\"Cand\\u00e1s 365\",\"description\":\"Cand\\u00e1s 365 es un diario digital independiente, fundado en 2012, con base en Asturias. Informamos con rigor sobre actualidad, sociedad, cultura y ocio, con una mirada local y global.\",\"url\":\"https:\\\/\\\/candas365.es\\\/noticias\\\/\",\"email\":\"info@candas365.es\",\"telephone\":\"+34652131393\",\"foundingDate\":\"2012-06-10\",\"logo\":{\"@type\":\"ImageObject\",\"url\":\"https:\\\/\\\/candas365.es\\\/noticias\\\/wp-content\\\/uploads\\\/2024\\\/09\\\/Candas-365-Redes.jpg\",\"@id\":\"https:\\\/\\\/candas365.es\\\/noticias\\\/domingo-de-magia-en-laboral-ciudad-de-la-cultura\\\/#organizationLogo\",\"width\":1152,\"height\":864,\"caption\":\"Cand\\u00e1s 365 Redes\"},\"image\":{\"@id\":\"https:\\\/\\\/candas365.es\\\/noticias\\\/domingo-de-magia-en-laboral-ciudad-de-la-cultura\\\/#organizationLogo\"},\"sameAs\":[\"https:\\\/\\\/www.facebook.com\\\/Nachofdezber\",\"https:\\\/\\\/x.com\\\/NabercoDigital\",\"https:\\\/\\\/www.instagram.com\\\/nachofdezber\\\/\",\"https:\\\/\\\/www.youtube.com\\\/channel\\\/UCZP-2wLEB9Rv6erhFmqVnvg\"],\"address\":{\"@id\":\"https:\\\/\\\/candas365.es\\\/noticias\\\/#postaladdress\",\"@type\":\"PostalAddress\",\"streetAddress\":\"san antonio 4, san antonio 4\",\"postalCode\":\"33430\",\"addressLocality\":\"Cand\\u00e1s\",\"addressRegion\":\"Asturias\",\"addressCountry\":\"ES\"}},{\"@type\":\"Person\",\"@id\":\"https:\\\/\\\/candas365.es\\\/noticias\\\/author\\\/admin\\\/#author\",\"url\":\"https:\\\/\\\/candas365.es\\\/noticias\\\/author\\\/admin\\\/\",\"name\":\"Cand\\u00e1s 365\",\"image\":{\"@type\":\"ImageObject\",\"@id\":\"https:\\\/\\\/candas365.es\\\/noticias\\\/domingo-de-magia-en-laboral-ciudad-de-la-cultura\\\/#authorImage\",\"url\":\"https:\\\/\\\/secure.gravatar.com\\\/avatar\\\/496a8e03d0c493ede1718b7934145dbdf8d89be1036b0eec9544e1094c9de390?s=96&d=mm&r=g\",\"width\":96,\"height\":96,\"caption\":\"Cand\\u00e1s 365\"},\"sameAs\":[\"https:\\\/\\\/www.facebook.com\\\/carrenoactualidad\",\"https:\\\/\\\/twitter.com\\\/nbasturias\",\"https:\\\/\\\/www.instagram.com\\\/nachofdezber\\\/\",\"https:\\\/\\\/www.youtube.com\\\/channel\\\/UCZP-2wLEB9Rv6erhFmqVnvg\"]},{\"@type\":\"WebPage\",\"@id\":\"https:\\\/\\\/candas365.es\\\/noticias\\\/domingo-de-magia-en-laboral-ciudad-de-la-cultura\\\/#webpage\",\"url\":\"https:\\\/\\\/candas365.es\\\/noticias\\\/domingo-de-magia-en-laboral-ciudad-de-la-cultura\\\/\",\"name\":\"Domingo de magia en Laboral Ciudad de la Cultura | Cand\\u00e1s 365\",\"description\":\"Peque\\u00f1os y mayores ser\\u00e1n aprendices de magos en Piccola Laboral el domingo 1 de abril, a partir de las 16:30 horas, en Laboral Ciudad de la Cultura. Habr\\u00e1 talleres de magia de magia de cerca, divertida o globoflexia, una sobremesa m\\u00e1gica en el Caf\\u00e9 de la Laboral y una gran gala en el Teatro en\",\"inLanguage\":\"es-ES\",\"isPartOf\":{\"@id\":\"https:\\\/\\\/candas365.es\\\/noticias\\\/#website\"},\"breadcrumb\":{\"@id\":\"https:\\\/\\\/candas365.es\\\/noticias\\\/domingo-de-magia-en-laboral-ciudad-de-la-cultura\\\/#breadcrumblist\"},\"author\":{\"@id\":\"https:\\\/\\\/candas365.es\\\/noticias\\\/author\\\/admin\\\/#author\"},\"creator\":{\"@id\":\"https:\\\/\\\/candas365.es\\\/noticias\\\/author\\\/admin\\\/#author\"},\"image\":{\"@type\":\"ImageObject\",\"url\":\"https:\\\/\\\/candas365.es\\\/noticias\\\/wp-content\\\/uploads\\\/2018\\\/03\\\/El-gran-braulio.jpg\",\"@id\":\"https:\\\/\\\/candas365.es\\\/noticias\\\/domingo-de-magia-en-laboral-ciudad-de-la-cultura\\\/#mainImage\",\"width\":1136,\"height\":640},\"primaryImageOfPage\":{\"@id\":\"https:\\\/\\\/candas365.es\\\/noticias\\\/domingo-de-magia-en-laboral-ciudad-de-la-cultura\\\/#mainImage\"},\"datePublished\":\"2018-03-26T23:08:51+02:00\",\"dateModified\":\"2018-03-26T23:08:51+02:00\"},{\"@type\":\"WebSite\",\"@id\":\"https:\\\/\\\/candas365.es\\\/noticias\\\/#website\",\"url\":\"https:\\\/\\\/candas365.es\\\/noticias\\\/\",\"name\":\"Cand\\u00e1s 365\",\"alternateName\":\"Cand\\u00e1s 365 Noticias\",\"description\":\"Actualidad desde Carre\\u00f1o para el mundo\",\"inLanguage\":\"es-ES\",\"publisher\":{\"@id\":\"https:\\\/\\\/candas365.es\\\/noticias\\\/#organization\"}}]}\n\t\t<\/script>\n\t\t<!-- All in One SEO Pro -->\r\n\t\t<title>Domingo de magia en Laboral Ciudad de la Cultura | Cand\u00e1s 365<\/title>\n\n","aioseo_head_json":{"title":"Domingo de magia en Laboral Ciudad de la Cultura | Cand\u00e1s 365","description":"Peque\u00f1os y mayores ser\u00e1n aprendices de magos en Piccola Laboral el domingo 1 de abril, a partir de las 16:30 horas, en Laboral Ciudad de la Cultura. Habr\u00e1 talleres de magia de magia de cerca, divertida o globoflexia, una sobremesa m\u00e1gica en el Caf\u00e9 de la Laboral y una gran gala en el Teatro en","canonical_url":"https:\/\/candas365.es\/noticias\/domingo-de-magia-en-laboral-ciudad-de-la-cultura\/","robots":"max-image-preview:large","keywords":"agenda","webmasterTools":{"google-site-verification":"UA-32230408-1","msvalidate.01":"354F3CDFB2DA171B47FBE9ABF1F88D5","miscellaneous":""},"schema":{"@context":"https:\/\/schema.org","@graph":[{"@type":"BreadcrumbList","@id":"https:\/\/candas365.es\/noticias\/domingo-de-magia-en-laboral-ciudad-de-la-cultura\/#breadcrumblist","itemListElement":[{"@type":"ListItem","@id":"https:\/\/candas365.es\/noticias#listItem","position":1,"name":"Home","item":"https:\/\/candas365.es\/noticias","nextItem":{"@type":"ListItem","@id":"https:\/\/candas365.es\/noticias\/category\/agenda\/#listItem","name":"Agenda"}},{"@type":"ListItem","@id":"https:\/\/candas365.es\/noticias\/category\/agenda\/#listItem","position":2,"name":"Agenda","item":"https:\/\/candas365.es\/noticias\/category\/agenda\/","nextItem":{"@type":"ListItem","@id":"https:\/\/candas365.es\/noticias\/domingo-de-magia-en-laboral-ciudad-de-la-cultura\/#listItem","name":"Domingo de magia en Laboral Ciudad de la Cultura"},"previousItem":{"@type":"ListItem","@id":"https:\/\/candas365.es\/noticias#listItem","name":"Home"}},{"@type":"ListItem","@id":"https:\/\/candas365.es\/noticias\/domingo-de-magia-en-laboral-ciudad-de-la-cultura\/#listItem","position":3,"name":"Domingo de magia en Laboral Ciudad de la Cultura","previousItem":{"@type":"ListItem","@id":"https:\/\/candas365.es\/noticias\/category\/agenda\/#listItem","name":"Agenda"}}]},{"@type":"NewsArticle","@id":"https:\/\/candas365.es\/noticias\/domingo-de-magia-en-laboral-ciudad-de-la-cultura\/#newsarticle","name":"Domingo de magia en Laboral Ciudad de la Cultura | Cand\u00e1s 365","headline":"Domingo de magia en Laboral Ciudad de la Cultura","author":{"@id":"https:\/\/candas365.es\/noticias\/author\/admin\/#author"},"publisher":{"@id":"https:\/\/candas365.es\/noticias\/#organization"},"image":{"@type":"ImageObject","url":"https:\/\/candas365.es\/noticias\/wp-content\/uploads\/2018\/03\/El-gran-braulio.jpg","width":1136,"height":640},"datePublished":"2018-03-26T23:08:51+02:00","dateModified":"2018-03-26T23:08:51+02:00","inLanguage":"es-ES","mainEntityOfPage":{"@id":"https:\/\/candas365.es\/noticias\/domingo-de-magia-en-laboral-ciudad-de-la-cultura\/#webpage"},"isPartOf":{"@id":"https:\/\/candas365.es\/noticias\/domingo-de-magia-en-laboral-ciudad-de-la-cultura\/#webpage"},"articleSection":"Agenda","dateline":"Publicado el marzo 26, 2018."},{"@type":"Organization","@id":"https:\/\/candas365.es\/noticias\/#organization","name":"Cand\u00e1s 365","description":"Cand\u00e1s 365 es un diario digital independiente, fundado en 2012, con base en Asturias. Informamos con rigor sobre actualidad, sociedad, cultura y ocio, con una mirada local y global.","url":"https:\/\/candas365.es\/noticias\/","email":"info@candas365.es","telephone":"+34652131393","foundingDate":"2012-06-10","logo":{"@type":"ImageObject","url":"https:\/\/candas365.es\/noticias\/wp-content\/uploads\/2024\/09\/Candas-365-Redes.jpg","@id":"https:\/\/candas365.es\/noticias\/domingo-de-magia-en-laboral-ciudad-de-la-cultura\/#organizationLogo","width":1152,"height":864,"caption":"Cand\u00e1s 365 Redes"},"image":{"@id":"https:\/\/candas365.es\/noticias\/domingo-de-magia-en-laboral-ciudad-de-la-cultura\/#organizationLogo"},"sameAs":["https:\/\/www.facebook.com\/Nachofdezber","https:\/\/x.com\/NabercoDigital","https:\/\/www.instagram.com\/nachofdezber\/","https:\/\/www.youtube.com\/channel\/UCZP-2wLEB9Rv6erhFmqVnvg"],"address":{"@id":"https:\/\/candas365.es\/noticias\/#postaladdress","@type":"PostalAddress","streetAddress":"san antonio 4, san antonio 4","postalCode":"33430","addressLocality":"Cand\u00e1s","addressRegion":"Asturias","addressCountry":"ES"}},{"@type":"Person","@id":"https:\/\/candas365.es\/noticias\/author\/admin\/#author","url":"https:\/\/candas365.es\/noticias\/author\/admin\/","name":"Cand\u00e1s 365","image":{"@type":"ImageObject","@id":"https:\/\/candas365.es\/noticias\/domingo-de-magia-en-laboral-ciudad-de-la-cultura\/#authorImage","url":"https:\/\/secure.gravatar.com\/avatar\/496a8e03d0c493ede1718b7934145dbdf8d89be1036b0eec9544e1094c9de390?s=96&d=mm&r=g","width":96,"height":96,"caption":"Cand\u00e1s 365"},"sameAs":["https:\/\/www.facebook.com\/carrenoactualidad","https:\/\/twitter.com\/nbasturias","https:\/\/www.instagram.com\/nachofdezber\/","https:\/\/www.youtube.com\/channel\/UCZP-2wLEB9Rv6erhFmqVnvg"]},{"@type":"WebPage","@id":"https:\/\/candas365.es\/noticias\/domingo-de-magia-en-laboral-ciudad-de-la-cultura\/#webpage","url":"https:\/\/candas365.es\/noticias\/domingo-de-magia-en-laboral-ciudad-de-la-cultura\/","name":"Domingo de magia en Laboral Ciudad de la Cultura | Cand\u00e1s 365","description":"Peque\u00f1os y mayores ser\u00e1n aprendices de magos en Piccola Laboral el domingo 1 de abril, a partir de las 16:30 horas, en Laboral Ciudad de la Cultura. Habr\u00e1 talleres de magia de magia de cerca, divertida o globoflexia, una sobremesa m\u00e1gica en el Caf\u00e9 de la Laboral y una gran gala en el Teatro en","inLanguage":"es-ES","isPartOf":{"@id":"https:\/\/candas365.es\/noticias\/#website"},"breadcrumb":{"@id":"https:\/\/candas365.es\/noticias\/domingo-de-magia-en-laboral-ciudad-de-la-cultura\/#breadcrumblist"},"author":{"@id":"https:\/\/candas365.es\/noticias\/author\/admin\/#author"},"creator":{"@id":"https:\/\/candas365.es\/noticias\/author\/admin\/#author"},"image":{"@type":"ImageObject","url":"https:\/\/candas365.es\/noticias\/wp-content\/uploads\/2018\/03\/El-gran-braulio.jpg","@id":"https:\/\/candas365.es\/noticias\/domingo-de-magia-en-laboral-ciudad-de-la-cultura\/#mainImage","width":1136,"height":640},"primaryImageOfPage":{"@id":"https:\/\/candas365.es\/noticias\/domingo-de-magia-en-laboral-ciudad-de-la-cultura\/#mainImage"},"datePublished":"2018-03-26T23:08:51+02:00","dateModified":"2018-03-26T23:08:51+02:00"},{"@type":"WebSite","@id":"https:\/\/candas365.es\/noticias\/#website","url":"https:\/\/candas365.es\/noticias\/","name":"Cand\u00e1s 365","alternateName":"Cand\u00e1s 365 Noticias","description":"Actualidad desde Carre\u00f1o para el mundo","inLanguage":"es-ES","publisher":{"@id":"https:\/\/candas365.es\/noticias\/#organization"}}]},"og:locale":"es_ES","og:site_name":"Cand\u00e1s 365","og:type":"article","og:title":"Domingo de magia en Laboral Ciudad de la Cultura | Cand\u00e1s 365","og:description":"Peque\u00f1os y mayores ser\u00e1n aprendices de magos en Piccola Laboral el domingo 1 de abril, a partir de las 16:30 horas, en Laboral Ciudad de la Cultura. Habr\u00e1 talleres de magia de magia de cerca, divertida o globoflexia, una sobremesa m\u00e1gica en el Caf\u00e9 de la Laboral y una gran gala en el Teatro en","og:url":"https:\/\/candas365.es\/noticias\/domingo-de-magia-en-laboral-ciudad-de-la-cultura\/","og:image":"https:\/\/candas365.es\/noticias\/wp-content\/uploads\/2018\/03\/El-gran-braulio.jpg","og:image:secure_url":"https:\/\/candas365.es\/noticias\/wp-content\/uploads\/2018\/03\/El-gran-braulio.jpg","og:image:width":1136,"og:image:height":640,"article:published_time":"2018-03-26T23:08:51+00:00","article:modified_time":"2018-03-26T23:08:51+00:00","article:publisher":"https:\/\/www.facebook.com\/Nachofdezber","article:author":"https:\/\/www.facebook.com\/carrenoactualidad","twitter:card":"summary_large_image","twitter:site":"@NabercoDigital","twitter:title":"Domingo de magia en Laboral Ciudad de la Cultura | Cand\u00e1s 365","twitter:description":"Peque\u00f1os y mayores ser\u00e1n aprendices de magos en Piccola Laboral el domingo 1 de abril, a partir de las 16:30 horas, en Laboral Ciudad de la Cultura. Habr\u00e1 talleres de magia de magia de cerca, divertida o globoflexia, una sobremesa m\u00e1gica en el Caf\u00e9 de la Laboral y una gran gala en el Teatro en","twitter:creator":"@nbasturias","twitter:image":"https:\/\/candas365.es\/noticias\/wp-content\/uploads\/2018\/03\/El-gran-braulio.jpg","twitter:label1":"Escrito por","twitter:data1":"Cand\u00e1s 365","twitter:label2":"Tiempo de lectura estimado","twitter:data2":"2 minutos"},"aioseo_meta_data":{"post_id":"92489","title":null,"description":null,"keywords":null,"keyphrases":null,"primary_term":null,"canonical_url":null,"og_title":null,"og_description":null,"og_object_type":"default","og_image_type":"default","og_image_url":null,"og_image_width":null,"og_image_height":null,"og_image_custom_url":null,"og_image_custom_fields":null,"og_video":null,"og_custom_url":null,"og_article_section":null,"og_article_tags":null,"twitter_use_og":false,"twitter_card":"default","twitter_image_type":"default","twitter_image_url":null,"twitter_image_custom_url":null,"twitter_image_custom_fields":null,"twitter_title":null,"twitter_description":null,"schema":{"blockGraphs":[],"customGraphs":[],"default":{"data":{"Article":[],"Course":[],"Dataset":[],"FAQPage":[],"Movie":[],"Person":[],"Product":[],"ProductReview":[],"Car":[],"Recipe":[],"Service":[],"SoftwareApplication":[],"WebPage":[]},"graphName":"","isEnabled":true},"graphs":[]},"schema_type":null,"schema_type_options":null,"pillar_content":false,"robots_default":true,"robots_noindex":false,"robots_noarchive":false,"robots_nosnippet":false,"robots_nofollow":false,"robots_noimageindex":false,"robots_noodp":false,"robots_notranslate":false,"robots_max_snippet":null,"robots_max_videopreview":null,"robots_max_imagepreview":"large","priority":null,"frequency":null,"location":null,"local_seo":null,"seo_analyzer_scan_date":"2025-08-26 16:17:57","breadcrumb_settings":null,"limit_modified_date":false,"reviewed_by":null,"open_ai":null,"ai":null,"created":"2020-12-21 11:54:25","updated":"2025-08-26 16:17:57"},"aioseo_breadcrumb":"<div class=\"aioseo-breadcrumbs\"><span class=\"aioseo-breadcrumb\">\n\t<a href=\"https:\/\/candas365.es\/noticias\" title=\"Home\">Home<\/a>\n<\/span><span class=\"aioseo-breadcrumb-separator\">&ndash;<\/span><span class=\"aioseo-breadcrumb\">\n\t<a href=\"https:\/\/candas365.es\/noticias\/category\/agenda\/\" title=\"Agenda\">Agenda<\/a>\n<\/span><span class=\"aioseo-breadcrumb-separator\">&ndash;<\/span><span class=\"aioseo-breadcrumb\">\n\tDomingo de magia en Laboral Ciudad de la Cultura\n<\/span><\/div>","aioseo_breadcrumb_json":[{"label":"Home","link":"https:\/\/candas365.es\/noticias"},{"label":"Agenda","link":"https:\/\/candas365.es\/noticias\/category\/agenda\/"},{"label":"Domingo de magia en Laboral Ciudad de la Cultura","link":"https:\/\/candas365.es\/noticias\/domingo-de-magia-en-laboral-ciudad-de-la-cultura\/"}],"_links":{"self":[{"href":"https:\/\/candas365.es\/noticias\/wp-json\/wp\/v2\/posts\/92489","targetHints":{"allow":["GET"]}}],"collection":[{"href":"https:\/\/candas365.es\/noticias\/wp-json\/wp\/v2\/posts"}],"about":[{"href":"https:\/\/candas365.es\/noticias\/wp-json\/wp\/v2\/types\/post"}],"author":[{"embeddable":true,"href":"https:\/\/candas365.es\/noticias\/wp-json\/wp\/v2\/users\/1"}],"replies":[{"embeddable":true,"href":"https:\/\/candas365.es\/noticias\/wp-json\/wp\/v2\/comments?post=92489"}],"version-history":[{"count":0,"href":"https:\/\/candas365.es\/noticias\/wp-json\/wp\/v2\/posts\/92489\/revisions"}],"wp:featuredmedia":[{"embeddable":true,"href":"https:\/\/candas365.es\/noticias\/wp-json\/wp\/v2\/media\/92490"}],"wp:attachment":[{"href":"https:\/\/candas365.es\/noticias\/wp-json\/wp\/v2\/media?parent=92489"}],"wp:term":[{"taxonomy":"category","embeddable":true,"href":"https:\/\/candas365.es\/noticias\/wp-json\/wp\/v2\/categories?post=92489"},{"taxonomy":"post_tag","embeddable":true,"href":"https:\/\/candas365.es\/noticias\/wp-json\/wp\/v2\/tags?post=92489"}],"curies":[{"name":"wp","href":"https:\/\/api.w.org\/{rel}","templated":true}]}}