{"id":92352,"date":"2018-03-24T21:01:06","date_gmt":"2018-03-24T21:01:06","guid":{"rendered":"http:\/\/candas365.es\/noticias\/?p=92352"},"modified":"2018-03-24T21:17:21","modified_gmt":"2018-03-24T21:17:21","slug":"temporal-de-nieve-y-viento-en-asturias","status":"publish","type":"post","link":"https:\/\/candas365.es\/noticias\/temporal-de-nieve-y-viento-en-asturias\/","title":{"rendered":"Temporal de nieve y viento en Asturias"},"content":{"rendered":"<p><img fetchpriority=\"high\" decoding=\"async\" class=\"alignleft size-medium wp-image-89325\" src=\"https:\/\/candas365.es\/noticias\/wp-content\/uploads\/2018\/02\/25012016_Quitanieves-360x239.jpg\" alt=\"\" width=\"360\" height=\"239\" srcset=\"https:\/\/candas365.es\/noticias\/wp-content\/uploads\/2018\/02\/25012016_Quitanieves-360x239.jpg 360w, https:\/\/candas365.es\/noticias\/wp-content\/uploads\/2018\/02\/25012016_Quitanieves.jpg 496w\" sizes=\"(max-width: 360px) 100vw, 360px\" \/>La Agencia Estatal de Meteorolog\u00eda (AEMET) ha emitido para el s\u00e1bado d\u00eda 24 de marzo de 2018 un bolet\u00edn de aviso por nevadas de nivel Naranja en las Comunidades de Asturias, Cantabria, Castilla y Le\u00f3n y Galicia; y para el domingo d\u00eda 25 de marzo de 2018 un bolet\u00edn de aviso por nevadas de nivel Naranja en las Comunidades de Asturias, Cantabria y Castilla y Le\u00f3n.<\/p>\n<p>Para hacer frente a estos fen\u00f3menos, el Ministerio de Fomento cuenta con 579 equipos quitanieves y una capacidad de almacenamiento de 123.774 toneladas de fundentes.<\/p>\n","protected":false},"excerpt":{"rendered":"<p>La Agencia Estatal de Meteorolog\u00eda (AEMET) ha emitido para el s\u00e1bado d\u00eda 24 de marzo de 2018 un bolet\u00edn de aviso por nevadas de nivel Naranja en las Comunidades de Asturias, Cantabria, Castilla y Le\u00f3n y Galicia; y para el domingo d\u00eda 25 de marzo de 2018 un bolet\u00edn de aviso por nevadas de nivel<\/p>\n","protected":false},"author":1,"featured_media":6669,"comment_status":"closed","ping_status":"closed","sticky":false,"template":"","format":"standard","meta":{"footnotes":""},"categories":[1],"tags":[],"class_list":{"0":"post-92352","1":"post","2":"type-post","3":"status-publish","4":"format-standard","5":"has-post-thumbnail","7":"category-agenda"},"aioseo_notices":[],"aioseo_head":"\n\t\t<!-- All in One SEO Pro 4.9.6.2 - aioseo.com -->\n\t<meta name=\"description\" content=\"La Agencia Estatal de Meteorolog\u00eda (AEMET) ha emitido para el s\u00e1bado d\u00eda 24 de marzo de 2018 un bolet\u00edn de aviso por nevadas de nivel Naranja en las Comunidades de Asturias, Cantabria, Castilla y Le\u00f3n y Galicia; y para el domingo d\u00eda 25 de marzo de 2018 un bolet\u00edn de aviso por nevadas de nivel\" \/>\n\t<meta name=\"robots\" content=\"max-image-preview:large\" \/>\n\t<meta name=\"author\" content=\"Cand\u00e1s 365\"\/>\n\t<meta name=\"google-site-verification\" content=\"UA-32230408-1\" \/>\n\t<meta name=\"msvalidate.01\" content=\"354F3CDFB2DA171B47FBE9ABF1F88D5\" \/>\n\t<meta name=\"keywords\" content=\"agenda\" \/>\n\t<link rel=\"canonical\" href=\"https:\/\/candas365.es\/noticias\/temporal-de-nieve-y-viento-en-asturias\/\" \/>\n\t<meta name=\"generator\" content=\"All in One SEO Pro (AIOSEO) 4.9.6.2\" \/>\n\t\t<meta property=\"og:locale\" content=\"es_ES\" \/>\n\t\t<meta property=\"og:site_name\" content=\"Cand\u00e1s 365\" \/>\n\t\t<meta property=\"og:type\" content=\"article\" \/>\n\t\t<meta property=\"og:title\" content=\"Temporal de nieve y viento en Asturias | Cand\u00e1s 365\" \/>\n\t\t<meta property=\"og:description\" content=\"La Agencia Estatal de Meteorolog\u00eda (AEMET) ha emitido para el s\u00e1bado d\u00eda 24 de marzo de 2018 un bolet\u00edn de aviso por nevadas de nivel Naranja en las Comunidades de Asturias, Cantabria, Castilla y Le\u00f3n y Galicia; y para el domingo d\u00eda 25 de marzo de 2018 un bolet\u00edn de aviso por nevadas de nivel\" \/>\n\t\t<meta property=\"og:url\" content=\"https:\/\/candas365.es\/noticias\/temporal-de-nieve-y-viento-en-asturias\/\" \/>\n\t\t<meta property=\"og:image\" content=\"https:\/\/candas365.es\/noticias\/wp-content\/uploads\/2015\/02\/nieve1.jpg\" \/>\n\t\t<meta property=\"og:image:secure_url\" content=\"https:\/\/candas365.es\/noticias\/wp-content\/uploads\/2015\/02\/nieve1.jpg\" \/>\n\t\t<meta property=\"og:image:width\" content=\"700\" \/>\n\t\t<meta property=\"og:image:height\" content=\"820\" \/>\n\t\t<meta property=\"article:published_time\" content=\"2018-03-24T21:01:06+00:00\" \/>\n\t\t<meta property=\"article:modified_time\" content=\"2018-03-24T21:17:21+00:00\" \/>\n\t\t<meta property=\"article:publisher\" content=\"https:\/\/www.facebook.com\/Nachofdezber\" \/>\n\t\t<meta property=\"article:author\" content=\"https:\/\/www.facebook.com\/carrenoactualidad\" \/>\n\t\t<meta name=\"twitter:card\" content=\"summary_large_image\" \/>\n\t\t<meta name=\"twitter:site\" content=\"@NabercoDigital\" \/>\n\t\t<meta name=\"twitter:title\" content=\"Temporal de nieve y viento en Asturias | Cand\u00e1s 365\" \/>\n\t\t<meta name=\"twitter:description\" content=\"La Agencia Estatal de Meteorolog\u00eda (AEMET) ha emitido para el s\u00e1bado d\u00eda 24 de marzo de 2018 un bolet\u00edn de aviso por nevadas de nivel Naranja en las Comunidades de Asturias, Cantabria, Castilla y Le\u00f3n y Galicia; y para el domingo d\u00eda 25 de marzo de 2018 un bolet\u00edn de aviso por nevadas de nivel\" \/>\n\t\t<meta name=\"twitter:creator\" content=\"@nbasturias\" \/>\n\t\t<meta name=\"twitter:image\" content=\"https:\/\/candas365.es\/noticias\/wp-content\/uploads\/2015\/02\/nieve1.jpg\" \/>\n\t\t<meta name=\"twitter:label1\" content=\"Escrito por\" \/>\n\t\t<meta name=\"twitter:data1\" content=\"Cand\u00e1s 365\" \/>\n\t\t<script type=\"application\/ld+json\" class=\"aioseo-schema\">\n\t\t\t{\"@context\":\"https:\\\/\\\/schema.org\",\"@graph\":[{\"@type\":\"BreadcrumbList\",\"@id\":\"https:\\\/\\\/candas365.es\\\/noticias\\\/temporal-de-nieve-y-viento-en-asturias\\\/#breadcrumblist\",\"itemListElement\":[{\"@type\":\"ListItem\",\"@id\":\"https:\\\/\\\/candas365.es\\\/noticias#listItem\",\"position\":1,\"name\":\"Home\",\"item\":\"https:\\\/\\\/candas365.es\\\/noticias\",\"nextItem\":{\"@type\":\"ListItem\",\"@id\":\"https:\\\/\\\/candas365.es\\\/noticias\\\/category\\\/agenda\\\/#listItem\",\"name\":\"Agenda\"}},{\"@type\":\"ListItem\",\"@id\":\"https:\\\/\\\/candas365.es\\\/noticias\\\/category\\\/agenda\\\/#listItem\",\"position\":2,\"name\":\"Agenda\",\"item\":\"https:\\\/\\\/candas365.es\\\/noticias\\\/category\\\/agenda\\\/\",\"nextItem\":{\"@type\":\"ListItem\",\"@id\":\"https:\\\/\\\/candas365.es\\\/noticias\\\/temporal-de-nieve-y-viento-en-asturias\\\/#listItem\",\"name\":\"Temporal de nieve y viento en Asturias\"},\"previousItem\":{\"@type\":\"ListItem\",\"@id\":\"https:\\\/\\\/candas365.es\\\/noticias#listItem\",\"name\":\"Home\"}},{\"@type\":\"ListItem\",\"@id\":\"https:\\\/\\\/candas365.es\\\/noticias\\\/temporal-de-nieve-y-viento-en-asturias\\\/#listItem\",\"position\":3,\"name\":\"Temporal de nieve y viento en Asturias\",\"previousItem\":{\"@type\":\"ListItem\",\"@id\":\"https:\\\/\\\/candas365.es\\\/noticias\\\/category\\\/agenda\\\/#listItem\",\"name\":\"Agenda\"}}]},{\"@type\":\"NewsArticle\",\"@id\":\"https:\\\/\\\/candas365.es\\\/noticias\\\/temporal-de-nieve-y-viento-en-asturias\\\/#newsarticle\",\"name\":\"Temporal de nieve y viento en Asturias | Cand\\u00e1s 365\",\"headline\":\"Temporal de nieve y viento en Asturias\",\"author\":{\"@id\":\"https:\\\/\\\/candas365.es\\\/noticias\\\/author\\\/admin\\\/#author\"},\"publisher\":{\"@id\":\"https:\\\/\\\/candas365.es\\\/noticias\\\/#organization\"},\"image\":{\"@type\":\"ImageObject\",\"url\":\"https:\\\/\\\/candas365.es\\\/noticias\\\/wp-content\\\/uploads\\\/2015\\\/02\\\/nieve1.jpg\",\"width\":700,\"height\":820},\"datePublished\":\"2018-03-24T21:01:06+01:00\",\"dateModified\":\"2018-03-24T21:17:21+01:00\",\"inLanguage\":\"es-ES\",\"mainEntityOfPage\":{\"@id\":\"https:\\\/\\\/candas365.es\\\/noticias\\\/temporal-de-nieve-y-viento-en-asturias\\\/#webpage\"},\"isPartOf\":{\"@id\":\"https:\\\/\\\/candas365.es\\\/noticias\\\/temporal-de-nieve-y-viento-en-asturias\\\/#webpage\"},\"articleSection\":\"Agenda\",\"dateline\":\"Publicado el marzo 24, 2018.\"},{\"@type\":\"Organization\",\"@id\":\"https:\\\/\\\/candas365.es\\\/noticias\\\/#organization\",\"name\":\"Cand\\u00e1s 365\",\"description\":\"Cand\\u00e1s 365 es un diario digital independiente, fundado en 2012, con base en Asturias. Informamos con rigor sobre actualidad, sociedad, cultura y ocio, con una mirada local y global.\",\"url\":\"https:\\\/\\\/candas365.es\\\/noticias\\\/\",\"email\":\"info@candas365.es\",\"telephone\":\"+34652131393\",\"foundingDate\":\"2012-06-10\",\"logo\":{\"@type\":\"ImageObject\",\"url\":\"https:\\\/\\\/candas365.es\\\/noticias\\\/wp-content\\\/uploads\\\/2024\\\/09\\\/Candas-365-Redes.jpg\",\"@id\":\"https:\\\/\\\/candas365.es\\\/noticias\\\/temporal-de-nieve-y-viento-en-asturias\\\/#organizationLogo\",\"width\":1152,\"height\":864,\"caption\":\"Cand\\u00e1s 365 Redes\"},\"image\":{\"@id\":\"https:\\\/\\\/candas365.es\\\/noticias\\\/temporal-de-nieve-y-viento-en-asturias\\\/#organizationLogo\"},\"sameAs\":[\"https:\\\/\\\/www.facebook.com\\\/Nachofdezber\",\"https:\\\/\\\/x.com\\\/NabercoDigital\",\"https:\\\/\\\/www.instagram.com\\\/nachofdezber\\\/\",\"https:\\\/\\\/www.youtube.com\\\/channel\\\/UCZP-2wLEB9Rv6erhFmqVnvg\"],\"address\":{\"@id\":\"https:\\\/\\\/candas365.es\\\/noticias\\\/#postaladdress\",\"@type\":\"PostalAddress\",\"streetAddress\":\"san antonio 4, san antonio 4\",\"postalCode\":\"33430\",\"addressLocality\":\"Cand\\u00e1s\",\"addressRegion\":\"Asturias\",\"addressCountry\":\"ES\"}},{\"@type\":\"Person\",\"@id\":\"https:\\\/\\\/candas365.es\\\/noticias\\\/author\\\/admin\\\/#author\",\"url\":\"https:\\\/\\\/candas365.es\\\/noticias\\\/author\\\/admin\\\/\",\"name\":\"Cand\\u00e1s 365\",\"image\":{\"@type\":\"ImageObject\",\"@id\":\"https:\\\/\\\/candas365.es\\\/noticias\\\/temporal-de-nieve-y-viento-en-asturias\\\/#authorImage\",\"url\":\"https:\\\/\\\/secure.gravatar.com\\\/avatar\\\/496a8e03d0c493ede1718b7934145dbdf8d89be1036b0eec9544e1094c9de390?s=96&d=mm&r=g\",\"width\":96,\"height\":96,\"caption\":\"Cand\\u00e1s 365\"},\"sameAs\":[\"https:\\\/\\\/www.facebook.com\\\/carrenoactualidad\",\"https:\\\/\\\/twitter.com\\\/nbasturias\",\"https:\\\/\\\/www.instagram.com\\\/nachofdezber\\\/\",\"https:\\\/\\\/www.youtube.com\\\/channel\\\/UCZP-2wLEB9Rv6erhFmqVnvg\"]},{\"@type\":\"WebPage\",\"@id\":\"https:\\\/\\\/candas365.es\\\/noticias\\\/temporal-de-nieve-y-viento-en-asturias\\\/#webpage\",\"url\":\"https:\\\/\\\/candas365.es\\\/noticias\\\/temporal-de-nieve-y-viento-en-asturias\\\/\",\"name\":\"Temporal de nieve y viento en Asturias | Cand\\u00e1s 365\",\"description\":\"La Agencia Estatal de Meteorolog\\u00eda (AEMET) ha emitido para el s\\u00e1bado d\\u00eda 24 de marzo de 2018 un bolet\\u00edn de aviso por nevadas de nivel Naranja en las Comunidades de Asturias, Cantabria, Castilla y Le\\u00f3n y Galicia; y para el domingo d\\u00eda 25 de marzo de 2018 un bolet\\u00edn de aviso por nevadas de nivel\",\"inLanguage\":\"es-ES\",\"isPartOf\":{\"@id\":\"https:\\\/\\\/candas365.es\\\/noticias\\\/#website\"},\"breadcrumb\":{\"@id\":\"https:\\\/\\\/candas365.es\\\/noticias\\\/temporal-de-nieve-y-viento-en-asturias\\\/#breadcrumblist\"},\"author\":{\"@id\":\"https:\\\/\\\/candas365.es\\\/noticias\\\/author\\\/admin\\\/#author\"},\"creator\":{\"@id\":\"https:\\\/\\\/candas365.es\\\/noticias\\\/author\\\/admin\\\/#author\"},\"image\":{\"@type\":\"ImageObject\",\"url\":\"https:\\\/\\\/candas365.es\\\/noticias\\\/wp-content\\\/uploads\\\/2015\\\/02\\\/nieve1.jpg\",\"@id\":\"https:\\\/\\\/candas365.es\\\/noticias\\\/temporal-de-nieve-y-viento-en-asturias\\\/#mainImage\",\"width\":700,\"height\":820},\"primaryImageOfPage\":{\"@id\":\"https:\\\/\\\/candas365.es\\\/noticias\\\/temporal-de-nieve-y-viento-en-asturias\\\/#mainImage\"},\"datePublished\":\"2018-03-24T21:01:06+01:00\",\"dateModified\":\"2018-03-24T21:17:21+01:00\"},{\"@type\":\"WebSite\",\"@id\":\"https:\\\/\\\/candas365.es\\\/noticias\\\/#website\",\"url\":\"https:\\\/\\\/candas365.es\\\/noticias\\\/\",\"name\":\"Cand\\u00e1s 365\",\"alternateName\":\"Cand\\u00e1s 365 Noticias\",\"description\":\"Actualidad desde Carre\\u00f1o para el mundo\",\"inLanguage\":\"es-ES\",\"publisher\":{\"@id\":\"https:\\\/\\\/candas365.es\\\/noticias\\\/#organization\"}}]}\n\t\t<\/script>\n\t\t<!-- All in One SEO Pro -->\r\n\t\t<title>Temporal de nieve y viento en Asturias | Cand\u00e1s 365<\/title>\n\n","aioseo_head_json":{"title":"Temporal de nieve y viento en Asturias | Cand\u00e1s 365","description":"La Agencia Estatal de Meteorolog\u00eda (AEMET) ha emitido para el s\u00e1bado d\u00eda 24 de marzo de 2018 un bolet\u00edn de aviso por nevadas de nivel Naranja en las Comunidades de Asturias, Cantabria, Castilla y Le\u00f3n y Galicia; y para el domingo d\u00eda 25 de marzo de 2018 un bolet\u00edn de aviso por nevadas de nivel","canonical_url":"https:\/\/candas365.es\/noticias\/temporal-de-nieve-y-viento-en-asturias\/","robots":"max-image-preview:large","keywords":"agenda","webmasterTools":{"google-site-verification":"UA-32230408-1","msvalidate.01":"354F3CDFB2DA171B47FBE9ABF1F88D5","miscellaneous":""},"schema":{"@context":"https:\/\/schema.org","@graph":[{"@type":"BreadcrumbList","@id":"https:\/\/candas365.es\/noticias\/temporal-de-nieve-y-viento-en-asturias\/#breadcrumblist","itemListElement":[{"@type":"ListItem","@id":"https:\/\/candas365.es\/noticias#listItem","position":1,"name":"Home","item":"https:\/\/candas365.es\/noticias","nextItem":{"@type":"ListItem","@id":"https:\/\/candas365.es\/noticias\/category\/agenda\/#listItem","name":"Agenda"}},{"@type":"ListItem","@id":"https:\/\/candas365.es\/noticias\/category\/agenda\/#listItem","position":2,"name":"Agenda","item":"https:\/\/candas365.es\/noticias\/category\/agenda\/","nextItem":{"@type":"ListItem","@id":"https:\/\/candas365.es\/noticias\/temporal-de-nieve-y-viento-en-asturias\/#listItem","name":"Temporal de nieve y viento en Asturias"},"previousItem":{"@type":"ListItem","@id":"https:\/\/candas365.es\/noticias#listItem","name":"Home"}},{"@type":"ListItem","@id":"https:\/\/candas365.es\/noticias\/temporal-de-nieve-y-viento-en-asturias\/#listItem","position":3,"name":"Temporal de nieve y viento en Asturias","previousItem":{"@type":"ListItem","@id":"https:\/\/candas365.es\/noticias\/category\/agenda\/#listItem","name":"Agenda"}}]},{"@type":"NewsArticle","@id":"https:\/\/candas365.es\/noticias\/temporal-de-nieve-y-viento-en-asturias\/#newsarticle","name":"Temporal de nieve y viento en Asturias | Cand\u00e1s 365","headline":"Temporal de nieve y viento en Asturias","author":{"@id":"https:\/\/candas365.es\/noticias\/author\/admin\/#author"},"publisher":{"@id":"https:\/\/candas365.es\/noticias\/#organization"},"image":{"@type":"ImageObject","url":"https:\/\/candas365.es\/noticias\/wp-content\/uploads\/2015\/02\/nieve1.jpg","width":700,"height":820},"datePublished":"2018-03-24T21:01:06+01:00","dateModified":"2018-03-24T21:17:21+01:00","inLanguage":"es-ES","mainEntityOfPage":{"@id":"https:\/\/candas365.es\/noticias\/temporal-de-nieve-y-viento-en-asturias\/#webpage"},"isPartOf":{"@id":"https:\/\/candas365.es\/noticias\/temporal-de-nieve-y-viento-en-asturias\/#webpage"},"articleSection":"Agenda","dateline":"Publicado el marzo 24, 2018."},{"@type":"Organization","@id":"https:\/\/candas365.es\/noticias\/#organization","name":"Cand\u00e1s 365","description":"Cand\u00e1s 365 es un diario digital independiente, fundado en 2012, con base en Asturias. Informamos con rigor sobre actualidad, sociedad, cultura y ocio, con una mirada local y global.","url":"https:\/\/candas365.es\/noticias\/","email":"info@candas365.es","telephone":"+34652131393","foundingDate":"2012-06-10","logo":{"@type":"ImageObject","url":"https:\/\/candas365.es\/noticias\/wp-content\/uploads\/2024\/09\/Candas-365-Redes.jpg","@id":"https:\/\/candas365.es\/noticias\/temporal-de-nieve-y-viento-en-asturias\/#organizationLogo","width":1152,"height":864,"caption":"Cand\u00e1s 365 Redes"},"image":{"@id":"https:\/\/candas365.es\/noticias\/temporal-de-nieve-y-viento-en-asturias\/#organizationLogo"},"sameAs":["https:\/\/www.facebook.com\/Nachofdezber","https:\/\/x.com\/NabercoDigital","https:\/\/www.instagram.com\/nachofdezber\/","https:\/\/www.youtube.com\/channel\/UCZP-2wLEB9Rv6erhFmqVnvg"],"address":{"@id":"https:\/\/candas365.es\/noticias\/#postaladdress","@type":"PostalAddress","streetAddress":"san antonio 4, san antonio 4","postalCode":"33430","addressLocality":"Cand\u00e1s","addressRegion":"Asturias","addressCountry":"ES"}},{"@type":"Person","@id":"https:\/\/candas365.es\/noticias\/author\/admin\/#author","url":"https:\/\/candas365.es\/noticias\/author\/admin\/","name":"Cand\u00e1s 365","image":{"@type":"ImageObject","@id":"https:\/\/candas365.es\/noticias\/temporal-de-nieve-y-viento-en-asturias\/#authorImage","url":"https:\/\/secure.gravatar.com\/avatar\/496a8e03d0c493ede1718b7934145dbdf8d89be1036b0eec9544e1094c9de390?s=96&d=mm&r=g","width":96,"height":96,"caption":"Cand\u00e1s 365"},"sameAs":["https:\/\/www.facebook.com\/carrenoactualidad","https:\/\/twitter.com\/nbasturias","https:\/\/www.instagram.com\/nachofdezber\/","https:\/\/www.youtube.com\/channel\/UCZP-2wLEB9Rv6erhFmqVnvg"]},{"@type":"WebPage","@id":"https:\/\/candas365.es\/noticias\/temporal-de-nieve-y-viento-en-asturias\/#webpage","url":"https:\/\/candas365.es\/noticias\/temporal-de-nieve-y-viento-en-asturias\/","name":"Temporal de nieve y viento en Asturias | Cand\u00e1s 365","description":"La Agencia Estatal de Meteorolog\u00eda (AEMET) ha emitido para el s\u00e1bado d\u00eda 24 de marzo de 2018 un bolet\u00edn de aviso por nevadas de nivel Naranja en las Comunidades de Asturias, Cantabria, Castilla y Le\u00f3n y Galicia; y para el domingo d\u00eda 25 de marzo de 2018 un bolet\u00edn de aviso por nevadas de nivel","inLanguage":"es-ES","isPartOf":{"@id":"https:\/\/candas365.es\/noticias\/#website"},"breadcrumb":{"@id":"https:\/\/candas365.es\/noticias\/temporal-de-nieve-y-viento-en-asturias\/#breadcrumblist"},"author":{"@id":"https:\/\/candas365.es\/noticias\/author\/admin\/#author"},"creator":{"@id":"https:\/\/candas365.es\/noticias\/author\/admin\/#author"},"image":{"@type":"ImageObject","url":"https:\/\/candas365.es\/noticias\/wp-content\/uploads\/2015\/02\/nieve1.jpg","@id":"https:\/\/candas365.es\/noticias\/temporal-de-nieve-y-viento-en-asturias\/#mainImage","width":700,"height":820},"primaryImageOfPage":{"@id":"https:\/\/candas365.es\/noticias\/temporal-de-nieve-y-viento-en-asturias\/#mainImage"},"datePublished":"2018-03-24T21:01:06+01:00","dateModified":"2018-03-24T21:17:21+01:00"},{"@type":"WebSite","@id":"https:\/\/candas365.es\/noticias\/#website","url":"https:\/\/candas365.es\/noticias\/","name":"Cand\u00e1s 365","alternateName":"Cand\u00e1s 365 Noticias","description":"Actualidad desde Carre\u00f1o para el mundo","inLanguage":"es-ES","publisher":{"@id":"https:\/\/candas365.es\/noticias\/#organization"}}]},"og:locale":"es_ES","og:site_name":"Cand\u00e1s 365","og:type":"article","og:title":"Temporal de nieve y viento en Asturias | Cand\u00e1s 365","og:description":"La Agencia Estatal de Meteorolog\u00eda (AEMET) ha emitido para el s\u00e1bado d\u00eda 24 de marzo de 2018 un bolet\u00edn de aviso por nevadas de nivel Naranja en las Comunidades de Asturias, Cantabria, Castilla y Le\u00f3n y Galicia; y para el domingo d\u00eda 25 de marzo de 2018 un bolet\u00edn de aviso por nevadas de nivel","og:url":"https:\/\/candas365.es\/noticias\/temporal-de-nieve-y-viento-en-asturias\/","og:image":"https:\/\/candas365.es\/noticias\/wp-content\/uploads\/2015\/02\/nieve1.jpg","og:image:secure_url":"https:\/\/candas365.es\/noticias\/wp-content\/uploads\/2015\/02\/nieve1.jpg","og:image:width":700,"og:image:height":820,"article:published_time":"2018-03-24T21:01:06+00:00","article:modified_time":"2018-03-24T21:17:21+00:00","article:publisher":"https:\/\/www.facebook.com\/Nachofdezber","article:author":"https:\/\/www.facebook.com\/carrenoactualidad","twitter:card":"summary_large_image","twitter:site":"@NabercoDigital","twitter:title":"Temporal de nieve y viento en Asturias | Cand\u00e1s 365","twitter:description":"La Agencia Estatal de Meteorolog\u00eda (AEMET) ha emitido para el s\u00e1bado d\u00eda 24 de marzo de 2018 un bolet\u00edn de aviso por nevadas de nivel Naranja en las Comunidades de Asturias, Cantabria, Castilla y Le\u00f3n y Galicia; y para el domingo d\u00eda 25 de marzo de 2018 un bolet\u00edn de aviso por nevadas de nivel","twitter:creator":"@nbasturias","twitter:image":"https:\/\/candas365.es\/noticias\/wp-content\/uploads\/2015\/02\/nieve1.jpg","twitter:label1":"Escrito por","twitter:data1":"Cand\u00e1s 365"},"aioseo_meta_data":{"post_id":"92352","title":null,"description":null,"keywords":null,"keyphrases":null,"primary_term":null,"canonical_url":null,"og_title":null,"og_description":null,"og_object_type":"default","og_image_type":"default","og_image_url":null,"og_image_width":null,"og_image_height":null,"og_image_custom_url":null,"og_image_custom_fields":null,"og_video":null,"og_custom_url":null,"og_article_section":null,"og_article_tags":null,"twitter_use_og":false,"twitter_card":"default","twitter_image_type":"default","twitter_image_url":null,"twitter_image_custom_url":null,"twitter_image_custom_fields":null,"twitter_title":null,"twitter_description":null,"schema":{"blockGraphs":[],"customGraphs":[],"default":{"data":{"Article":[],"Course":[],"Dataset":[],"FAQPage":[],"Movie":[],"Person":[],"Product":[],"ProductReview":[],"Car":[],"Recipe":[],"Service":[],"SoftwareApplication":[],"WebPage":[]},"graphName":"","isEnabled":true},"graphs":[]},"schema_type":null,"schema_type_options":null,"pillar_content":false,"robots_default":true,"robots_noindex":false,"robots_noarchive":false,"robots_nosnippet":false,"robots_nofollow":false,"robots_noimageindex":false,"robots_noodp":false,"robots_notranslate":false,"robots_max_snippet":null,"robots_max_videopreview":null,"robots_max_imagepreview":"large","priority":null,"frequency":null,"location":null,"local_seo":null,"seo_analyzer_scan_date":"2025-08-26 16:05:15","breadcrumb_settings":null,"limit_modified_date":false,"reviewed_by":null,"open_ai":null,"ai":null,"created":"2020-12-21 11:54:31","updated":"2025-08-26 16:05:15"},"aioseo_breadcrumb":"<div class=\"aioseo-breadcrumbs\"><span class=\"aioseo-breadcrumb\">\n\t<a href=\"https:\/\/candas365.es\/noticias\" title=\"Home\">Home<\/a>\n<\/span><span class=\"aioseo-breadcrumb-separator\">&ndash;<\/span><span class=\"aioseo-breadcrumb\">\n\t<a href=\"https:\/\/candas365.es\/noticias\/category\/agenda\/\" title=\"Agenda\">Agenda<\/a>\n<\/span><span class=\"aioseo-breadcrumb-separator\">&ndash;<\/span><span class=\"aioseo-breadcrumb\">\n\tTemporal de nieve y viento en Asturias\n<\/span><\/div>","aioseo_breadcrumb_json":[{"label":"Home","link":"https:\/\/candas365.es\/noticias"},{"label":"Agenda","link":"https:\/\/candas365.es\/noticias\/category\/agenda\/"},{"label":"Temporal de nieve y viento en Asturias","link":"https:\/\/candas365.es\/noticias\/temporal-de-nieve-y-viento-en-asturias\/"}],"_links":{"self":[{"href":"https:\/\/candas365.es\/noticias\/wp-json\/wp\/v2\/posts\/92352","targetHints":{"allow":["GET"]}}],"collection":[{"href":"https:\/\/candas365.es\/noticias\/wp-json\/wp\/v2\/posts"}],"about":[{"href":"https:\/\/candas365.es\/noticias\/wp-json\/wp\/v2\/types\/post"}],"author":[{"embeddable":true,"href":"https:\/\/candas365.es\/noticias\/wp-json\/wp\/v2\/users\/1"}],"replies":[{"embeddable":true,"href":"https:\/\/candas365.es\/noticias\/wp-json\/wp\/v2\/comments?post=92352"}],"version-history":[{"count":0,"href":"https:\/\/candas365.es\/noticias\/wp-json\/wp\/v2\/posts\/92352\/revisions"}],"wp:featuredmedia":[{"embeddable":true,"href":"https:\/\/candas365.es\/noticias\/wp-json\/wp\/v2\/media\/6669"}],"wp:attachment":[{"href":"https:\/\/candas365.es\/noticias\/wp-json\/wp\/v2\/media?parent=92352"}],"wp:term":[{"taxonomy":"category","embeddable":true,"href":"https:\/\/candas365.es\/noticias\/wp-json\/wp\/v2\/categories?post=92352"},{"taxonomy":"post_tag","embeddable":true,"href":"https:\/\/candas365.es\/noticias\/wp-json\/wp\/v2\/tags?post=92352"}],"curies":[{"name":"wp","href":"https:\/\/api.w.org\/{rel}","templated":true}]}}