{"id":92254,"date":"2018-03-23T20:35:59","date_gmt":"2018-03-23T20:35:59","guid":{"rendered":"http:\/\/candas365.es\/noticias\/?p=92254"},"modified":"2018-03-23T20:35:59","modified_gmt":"2018-03-23T20:35:59","slug":"escolares-del-poeta-anton-de-candas-participan-en-una-recogida-de-residuos-en-palmera","status":"publish","type":"post","link":"https:\/\/candas365.es\/noticias\/escolares-del-poeta-anton-de-candas-participan-en-una-recogida-de-residuos-en-palmera\/","title":{"rendered":"Escolares del Poeta Ant\u00f3n de Cand\u00e1s participan en una recogida de residuos en Palmera"},"content":{"rendered":"<p>Con motivo de la celebraci\u00f3n del d\u00eda mundial del agua, el alumnado del Colegio P\u00fablico Ant\u00f3n de Marirreguera visibiliz\u00f3 su compromiso ambiental limpiando voluntariamente el arenal de Palmera en Cand\u00e1s.<\/p>\n<p><img fetchpriority=\"high\" decoding=\"async\" class=\"size-large wp-image-92255 aligncenter\" src=\"https:\/\/candas365.es\/noticias\/wp-content\/uploads\/2018\/03\/e2d36390a11c-640x480.jpg\" alt=\"\" width=\"640\" height=\"480\" srcset=\"https:\/\/candas365.es\/noticias\/wp-content\/uploads\/2018\/03\/e2d36390a11c-640x480.jpg 640w, https:\/\/candas365.es\/noticias\/wp-content\/uploads\/2018\/03\/e2d36390a11c-80x60.jpg 80w, https:\/\/candas365.es\/noticias\/wp-content\/uploads\/2018\/03\/e2d36390a11c-265x198.jpg 265w, https:\/\/candas365.es\/noticias\/wp-content\/uploads\/2018\/03\/e2d36390a11c-696x522.jpg 696w, https:\/\/candas365.es\/noticias\/wp-content\/uploads\/2018\/03\/e2d36390a11c-1068x801.jpg 1068w, https:\/\/candas365.es\/noticias\/wp-content\/uploads\/2018\/03\/e2d36390a11c-560x420.jpg 560w, https:\/\/candas365.es\/noticias\/wp-content\/uploads\/2018\/03\/e2d36390a11c-360x270.jpg 360w, https:\/\/candas365.es\/noticias\/wp-content\/uploads\/2018\/03\/e2d36390a11c-768x576.jpg 768w, https:\/\/candas365.es\/noticias\/wp-content\/uploads\/2018\/03\/e2d36390a11c-90x67.jpg 90w, https:\/\/candas365.es\/noticias\/wp-content\/uploads\/2018\/03\/e2d36390a11c.jpg 1280w\" sizes=\"(max-width: 640px) 100vw, 640px\" \/><\/p>\n<p>La actividad la impuls\u00f3 por Maris\u00e9 Gonz\u00e1lez Vicente, maestra del centro escolar con el objetivo de concienciar a la poblaci\u00f3n escolar y familias sobre la importancia de mantener las playas limpias. Este tipo de limpiezas, dentro de la campa\u00f1a Iniciativas Oce\u00e1nicas, las organiza anualmente Surfrider. Aqu\u00ed en Carre\u00f1o se desarroll\u00f3 a instancias de la docente y en colaboraci\u00f3n con el Ayuntamiento de Carre\u00f1o. El consistorio colabora en esta iniciativa poniendo a disposici\u00f3n del colegio los materiales: guantes, bolsas, contenedores para realizar los trabajos de la forma m\u00e1s higi\u00e9nica posible.<\/p>\n<p>La jornada dio comienzo a las 11 horas y se alarg\u00f3 hasta las 12:30 horas. El alumnado del citado centro y docentes, as\u00ed como algunos padres y madres y el edil de Obras, Seguridad Ciudadana y Playas del Ayuntamiento de Carre\u00f1o, On\u00e9simo Velasco recogieron residuos dom\u00e9sticos de nuestros arenales: palos y materiales de pl\u00e1stico mayoritariamente.<\/p>\n<p>\u201cCon los palos que se recogieron los nenos y las nenas quisieron hacer una forma de una ballena, y ya que estos no son contaminantes los dejamos en la playa provisionalmente con esta forma. Una forma de recuperar los desechos para darle forma de cet\u00e1ceo en recuerdo del antiguo puerto ballenero de esta localidad. Los pl\u00e1sticos recolectados los depositamos en los contenedores que habilitamos desde el Ayuntamiento para la actividad en el entorno de la playa. Durante, la recogida Maris\u00e9 Gonz\u00e1lez les fue explicando a los escolares minuciosamente cada residuo recogido. Estas acciones con las generaciones del futuro promueven sensibilizar conciencias, acostumbrarles a realizar acciones ecol\u00f3gicas, que hagan pr\u00e1cticas sostenibles cuando van a la playa, as\u00ed se contribuye a la conservaci\u00f3n y protecci\u00f3n de nuestras playas \u201d \u2013 explic\u00f3 el edil de playas On\u00e9simo Velasco.<\/p>\n<p>\u201cAdem\u00e1s los ni\u00f1os y las ni\u00f1as aprovecharon para realizar una encuesta por las calles de Cand\u00e1s, donde preguntaban a la gente si hab\u00edan participado alguna vez en una recogida de residuos, si frecuentaban la playa, si reciclaban en sus casas, o si por ejemplo, les gustaba que los perros usaran la playa para su esparcimiento. Esperamos que una vez procesen la informaci\u00f3n recabada en esta consulta al vecindario nos hagan llegar sus conclusiones \u201d \u2013 concluy\u00f3 el edil.<\/p>\n","protected":false},"excerpt":{"rendered":"<p>Con motivo de la celebraci\u00f3n del d\u00eda mundial del agua, el alumnado del Colegio P\u00fablico Ant\u00f3n de Marirreguera visibiliz\u00f3 su compromiso ambiental limpiando voluntariamente el arenal de Palmera en Cand\u00e1s. La actividad la impuls\u00f3 por Maris\u00e9 Gonz\u00e1lez Vicente, maestra del centro escolar con el objetivo de concienciar a la poblaci\u00f3n escolar y familias sobre la<\/p>\n","protected":false},"author":1,"featured_media":92255,"comment_status":"closed","ping_status":"closed","sticky":false,"template":"","format":"standard","meta":{"footnotes":""},"categories":[2],"tags":[],"class_list":{"0":"post-92254","1":"post","2":"type-post","3":"status-publish","4":"format-standard","5":"has-post-thumbnail","7":"category-noticias-carreno"},"aioseo_notices":[],"aioseo_head":"\n\t\t<!-- All in One SEO Pro 4.9.6.2 - aioseo.com -->\n\t<meta name=\"description\" content=\"Con motivo de la celebraci\u00f3n del d\u00eda mundial del agua, el alumnado del Colegio P\u00fablico Ant\u00f3n de Marirreguera visibiliz\u00f3 su compromiso ambiental limpiando voluntariamente el arenal de Palmera en Cand\u00e1s. La actividad la impuls\u00f3 por Maris\u00e9 Gonz\u00e1lez Vicente, maestra del centro escolar con el objetivo de concienciar a la poblaci\u00f3n escolar y familias sobre la\" \/>\n\t<meta name=\"robots\" content=\"max-image-preview:large\" \/>\n\t<meta name=\"author\" content=\"Cand\u00e1s 365\"\/>\n\t<meta name=\"google-site-verification\" content=\"UA-32230408-1\" \/>\n\t<meta name=\"msvalidate.01\" content=\"354F3CDFB2DA171B47FBE9ABF1F88D5\" \/>\n\t<meta name=\"keywords\" content=\"noticias carre\u00f1o\" \/>\n\t<link rel=\"canonical\" href=\"https:\/\/candas365.es\/noticias\/escolares-del-poeta-anton-de-candas-participan-en-una-recogida-de-residuos-en-palmera\/\" \/>\n\t<meta name=\"generator\" content=\"All in One SEO Pro (AIOSEO) 4.9.6.2\" \/>\n\t\t<meta property=\"og:locale\" content=\"es_ES\" \/>\n\t\t<meta property=\"og:site_name\" content=\"Cand\u00e1s 365\" \/>\n\t\t<meta property=\"og:type\" content=\"article\" \/>\n\t\t<meta property=\"og:title\" content=\"Escolares del Poeta Ant\u00f3n de Cand\u00e1s participan en una recogida de residuos en Palmera | Cand\u00e1s 365\" \/>\n\t\t<meta property=\"og:description\" content=\"Con motivo de la celebraci\u00f3n del d\u00eda mundial del agua, el alumnado del Colegio P\u00fablico Ant\u00f3n de Marirreguera visibiliz\u00f3 su compromiso ambiental limpiando voluntariamente el arenal de Palmera en Cand\u00e1s. La actividad la impuls\u00f3 por Maris\u00e9 Gonz\u00e1lez Vicente, maestra del centro escolar con el objetivo de concienciar a la poblaci\u00f3n escolar y familias sobre la\" \/>\n\t\t<meta property=\"og:url\" content=\"https:\/\/candas365.es\/noticias\/escolares-del-poeta-anton-de-candas-participan-en-una-recogida-de-residuos-en-palmera\/\" \/>\n\t\t<meta property=\"og:image\" content=\"https:\/\/candas365.es\/noticias\/wp-content\/uploads\/2018\/03\/e2d36390a11c.jpg\" \/>\n\t\t<meta property=\"og:image:secure_url\" content=\"https:\/\/candas365.es\/noticias\/wp-content\/uploads\/2018\/03\/e2d36390a11c.jpg\" \/>\n\t\t<meta property=\"og:image:width\" content=\"1280\" \/>\n\t\t<meta property=\"og:image:height\" content=\"960\" \/>\n\t\t<meta property=\"article:published_time\" content=\"2018-03-23T20:35:59+00:00\" \/>\n\t\t<meta property=\"article:modified_time\" content=\"2018-03-23T20:35:59+00:00\" \/>\n\t\t<meta property=\"article:publisher\" content=\"https:\/\/www.facebook.com\/Nachofdezber\" \/>\n\t\t<meta property=\"article:author\" content=\"https:\/\/www.facebook.com\/carrenoactualidad\" \/>\n\t\t<meta name=\"twitter:card\" content=\"summary_large_image\" \/>\n\t\t<meta name=\"twitter:site\" content=\"@NabercoDigital\" \/>\n\t\t<meta name=\"twitter:title\" content=\"Escolares del Poeta Ant\u00f3n de Cand\u00e1s participan en una recogida de residuos en Palmera | Cand\u00e1s 365\" \/>\n\t\t<meta name=\"twitter:description\" content=\"Con motivo de la celebraci\u00f3n del d\u00eda mundial del agua, el alumnado del Colegio P\u00fablico Ant\u00f3n de Marirreguera visibiliz\u00f3 su compromiso ambiental limpiando voluntariamente el arenal de Palmera en Cand\u00e1s. La actividad la impuls\u00f3 por Maris\u00e9 Gonz\u00e1lez Vicente, maestra del centro escolar con el objetivo de concienciar a la poblaci\u00f3n escolar y familias sobre la\" \/>\n\t\t<meta name=\"twitter:creator\" content=\"@nbasturias\" \/>\n\t\t<meta name=\"twitter:image\" content=\"https:\/\/candas365.es\/noticias\/wp-content\/uploads\/2018\/03\/e2d36390a11c.jpg\" \/>\n\t\t<meta name=\"twitter:label1\" content=\"Escrito por\" \/>\n\t\t<meta name=\"twitter:data1\" content=\"Cand\u00e1s 365\" \/>\n\t\t<meta name=\"twitter:label2\" content=\"Tiempo de lectura estimado\" \/>\n\t\t<meta name=\"twitter:data2\" content=\"2 minutos\" \/>\n\t\t<script type=\"application\/ld+json\" class=\"aioseo-schema\">\n\t\t\t{\"@context\":\"https:\\\/\\\/schema.org\",\"@graph\":[{\"@type\":\"BreadcrumbList\",\"@id\":\"https:\\\/\\\/candas365.es\\\/noticias\\\/escolares-del-poeta-anton-de-candas-participan-en-una-recogida-de-residuos-en-palmera\\\/#breadcrumblist\",\"itemListElement\":[{\"@type\":\"ListItem\",\"@id\":\"https:\\\/\\\/candas365.es\\\/noticias#listItem\",\"position\":1,\"name\":\"Home\",\"item\":\"https:\\\/\\\/candas365.es\\\/noticias\",\"nextItem\":{\"@type\":\"ListItem\",\"@id\":\"https:\\\/\\\/candas365.es\\\/noticias\\\/category\\\/noticias-carreno\\\/#listItem\",\"name\":\"Noticias Carre\\u00f1o\"}},{\"@type\":\"ListItem\",\"@id\":\"https:\\\/\\\/candas365.es\\\/noticias\\\/category\\\/noticias-carreno\\\/#listItem\",\"position\":2,\"name\":\"Noticias Carre\\u00f1o\",\"item\":\"https:\\\/\\\/candas365.es\\\/noticias\\\/category\\\/noticias-carreno\\\/\",\"nextItem\":{\"@type\":\"ListItem\",\"@id\":\"https:\\\/\\\/candas365.es\\\/noticias\\\/escolares-del-poeta-anton-de-candas-participan-en-una-recogida-de-residuos-en-palmera\\\/#listItem\",\"name\":\"Escolares del Poeta Ant\\u00f3n de Cand\\u00e1s participan en una recogida de residuos en Palmera\"},\"previousItem\":{\"@type\":\"ListItem\",\"@id\":\"https:\\\/\\\/candas365.es\\\/noticias#listItem\",\"name\":\"Home\"}},{\"@type\":\"ListItem\",\"@id\":\"https:\\\/\\\/candas365.es\\\/noticias\\\/escolares-del-poeta-anton-de-candas-participan-en-una-recogida-de-residuos-en-palmera\\\/#listItem\",\"position\":3,\"name\":\"Escolares del Poeta Ant\\u00f3n de Cand\\u00e1s participan en una recogida de residuos en Palmera\",\"previousItem\":{\"@type\":\"ListItem\",\"@id\":\"https:\\\/\\\/candas365.es\\\/noticias\\\/category\\\/noticias-carreno\\\/#listItem\",\"name\":\"Noticias Carre\\u00f1o\"}}]},{\"@type\":\"NewsArticle\",\"@id\":\"https:\\\/\\\/candas365.es\\\/noticias\\\/escolares-del-poeta-anton-de-candas-participan-en-una-recogida-de-residuos-en-palmera\\\/#newsarticle\",\"name\":\"Escolares del Poeta Ant\\u00f3n de Cand\\u00e1s participan en una recogida de residuos en Palmera | Cand\\u00e1s 365\",\"headline\":\"Escolares del Poeta Ant\\u00f3n de Cand\\u00e1s participan en una recogida de residuos en Palmera\",\"author\":{\"@id\":\"https:\\\/\\\/candas365.es\\\/noticias\\\/author\\\/admin\\\/#author\"},\"publisher\":{\"@id\":\"https:\\\/\\\/candas365.es\\\/noticias\\\/#organization\"},\"image\":{\"@type\":\"ImageObject\",\"url\":\"https:\\\/\\\/candas365.es\\\/noticias\\\/wp-content\\\/uploads\\\/2018\\\/03\\\/e2d36390a11c.jpg\",\"width\":1280,\"height\":960},\"datePublished\":\"2018-03-23T20:35:59+01:00\",\"dateModified\":\"2018-03-23T20:35:59+01:00\",\"inLanguage\":\"es-ES\",\"mainEntityOfPage\":{\"@id\":\"https:\\\/\\\/candas365.es\\\/noticias\\\/escolares-del-poeta-anton-de-candas-participan-en-una-recogida-de-residuos-en-palmera\\\/#webpage\"},\"isPartOf\":{\"@id\":\"https:\\\/\\\/candas365.es\\\/noticias\\\/escolares-del-poeta-anton-de-candas-participan-en-una-recogida-de-residuos-en-palmera\\\/#webpage\"},\"articleSection\":\"Noticias Carre\\u00f1o\",\"dateline\":\"Publicado el marzo 23, 2018.\"},{\"@type\":\"Organization\",\"@id\":\"https:\\\/\\\/candas365.es\\\/noticias\\\/#organization\",\"name\":\"Cand\\u00e1s 365\",\"description\":\"Cand\\u00e1s 365 es un diario digital independiente, fundado en 2012, con base en Asturias. Informamos con rigor sobre actualidad, sociedad, cultura y ocio, con una mirada local y global.\",\"url\":\"https:\\\/\\\/candas365.es\\\/noticias\\\/\",\"email\":\"info@candas365.es\",\"telephone\":\"+34652131393\",\"foundingDate\":\"2012-06-10\",\"logo\":{\"@type\":\"ImageObject\",\"url\":\"https:\\\/\\\/candas365.es\\\/noticias\\\/wp-content\\\/uploads\\\/2024\\\/09\\\/Candas-365-Redes.jpg\",\"@id\":\"https:\\\/\\\/candas365.es\\\/noticias\\\/escolares-del-poeta-anton-de-candas-participan-en-una-recogida-de-residuos-en-palmera\\\/#organizationLogo\",\"width\":1152,\"height\":864,\"caption\":\"Cand\\u00e1s 365 Redes\"},\"image\":{\"@id\":\"https:\\\/\\\/candas365.es\\\/noticias\\\/escolares-del-poeta-anton-de-candas-participan-en-una-recogida-de-residuos-en-palmera\\\/#organizationLogo\"},\"sameAs\":[\"https:\\\/\\\/www.facebook.com\\\/Nachofdezber\",\"https:\\\/\\\/x.com\\\/NabercoDigital\",\"https:\\\/\\\/www.instagram.com\\\/nachofdezber\\\/\",\"https:\\\/\\\/www.youtube.com\\\/channel\\\/UCZP-2wLEB9Rv6erhFmqVnvg\"],\"address\":{\"@id\":\"https:\\\/\\\/candas365.es\\\/noticias\\\/#postaladdress\",\"@type\":\"PostalAddress\",\"streetAddress\":\"san antonio 4, san antonio 4\",\"postalCode\":\"33430\",\"addressLocality\":\"Cand\\u00e1s\",\"addressRegion\":\"Asturias\",\"addressCountry\":\"ES\"}},{\"@type\":\"Person\",\"@id\":\"https:\\\/\\\/candas365.es\\\/noticias\\\/author\\\/admin\\\/#author\",\"url\":\"https:\\\/\\\/candas365.es\\\/noticias\\\/author\\\/admin\\\/\",\"name\":\"Cand\\u00e1s 365\",\"image\":{\"@type\":\"ImageObject\",\"@id\":\"https:\\\/\\\/candas365.es\\\/noticias\\\/escolares-del-poeta-anton-de-candas-participan-en-una-recogida-de-residuos-en-palmera\\\/#authorImage\",\"url\":\"https:\\\/\\\/secure.gravatar.com\\\/avatar\\\/496a8e03d0c493ede1718b7934145dbdf8d89be1036b0eec9544e1094c9de390?s=96&d=mm&r=g\",\"width\":96,\"height\":96,\"caption\":\"Cand\\u00e1s 365\"},\"sameAs\":[\"https:\\\/\\\/www.facebook.com\\\/carrenoactualidad\",\"https:\\\/\\\/twitter.com\\\/nbasturias\",\"https:\\\/\\\/www.instagram.com\\\/nachofdezber\\\/\",\"https:\\\/\\\/www.youtube.com\\\/channel\\\/UCZP-2wLEB9Rv6erhFmqVnvg\"]},{\"@type\":\"WebPage\",\"@id\":\"https:\\\/\\\/candas365.es\\\/noticias\\\/escolares-del-poeta-anton-de-candas-participan-en-una-recogida-de-residuos-en-palmera\\\/#webpage\",\"url\":\"https:\\\/\\\/candas365.es\\\/noticias\\\/escolares-del-poeta-anton-de-candas-participan-en-una-recogida-de-residuos-en-palmera\\\/\",\"name\":\"Escolares del Poeta Ant\\u00f3n de Cand\\u00e1s participan en una recogida de residuos en Palmera | Cand\\u00e1s 365\",\"description\":\"Con motivo de la celebraci\\u00f3n del d\\u00eda mundial del agua, el alumnado del Colegio P\\u00fablico Ant\\u00f3n de Marirreguera visibiliz\\u00f3 su compromiso ambiental limpiando voluntariamente el arenal de Palmera en Cand\\u00e1s. La actividad la impuls\\u00f3 por Maris\\u00e9 Gonz\\u00e1lez Vicente, maestra del centro escolar con el objetivo de concienciar a la poblaci\\u00f3n escolar y familias sobre la\",\"inLanguage\":\"es-ES\",\"isPartOf\":{\"@id\":\"https:\\\/\\\/candas365.es\\\/noticias\\\/#website\"},\"breadcrumb\":{\"@id\":\"https:\\\/\\\/candas365.es\\\/noticias\\\/escolares-del-poeta-anton-de-candas-participan-en-una-recogida-de-residuos-en-palmera\\\/#breadcrumblist\"},\"author\":{\"@id\":\"https:\\\/\\\/candas365.es\\\/noticias\\\/author\\\/admin\\\/#author\"},\"creator\":{\"@id\":\"https:\\\/\\\/candas365.es\\\/noticias\\\/author\\\/admin\\\/#author\"},\"image\":{\"@type\":\"ImageObject\",\"url\":\"https:\\\/\\\/candas365.es\\\/noticias\\\/wp-content\\\/uploads\\\/2018\\\/03\\\/e2d36390a11c.jpg\",\"@id\":\"https:\\\/\\\/candas365.es\\\/noticias\\\/escolares-del-poeta-anton-de-candas-participan-en-una-recogida-de-residuos-en-palmera\\\/#mainImage\",\"width\":1280,\"height\":960},\"primaryImageOfPage\":{\"@id\":\"https:\\\/\\\/candas365.es\\\/noticias\\\/escolares-del-poeta-anton-de-candas-participan-en-una-recogida-de-residuos-en-palmera\\\/#mainImage\"},\"datePublished\":\"2018-03-23T20:35:59+01:00\",\"dateModified\":\"2018-03-23T20:35:59+01:00\"},{\"@type\":\"WebSite\",\"@id\":\"https:\\\/\\\/candas365.es\\\/noticias\\\/#website\",\"url\":\"https:\\\/\\\/candas365.es\\\/noticias\\\/\",\"name\":\"Cand\\u00e1s 365\",\"alternateName\":\"Cand\\u00e1s 365 Noticias\",\"description\":\"Actualidad desde Carre\\u00f1o para el mundo\",\"inLanguage\":\"es-ES\",\"publisher\":{\"@id\":\"https:\\\/\\\/candas365.es\\\/noticias\\\/#organization\"}}]}\n\t\t<\/script>\n\t\t<!-- All in One SEO Pro -->\r\n\t\t<title>Escolares del Poeta Ant\u00f3n de Cand\u00e1s participan en una recogida de residuos en Palmera | Cand\u00e1s 365<\/title>\n\n","aioseo_head_json":{"title":"Escolares del Poeta Ant\u00f3n de Cand\u00e1s participan en una recogida de residuos en Palmera | Cand\u00e1s 365","description":"Con motivo de la celebraci\u00f3n del d\u00eda mundial del agua, el alumnado del Colegio P\u00fablico Ant\u00f3n de Marirreguera visibiliz\u00f3 su compromiso ambiental limpiando voluntariamente el arenal de Palmera en Cand\u00e1s. La actividad la impuls\u00f3 por Maris\u00e9 Gonz\u00e1lez Vicente, maestra del centro escolar con el objetivo de concienciar a la poblaci\u00f3n escolar y familias sobre la","canonical_url":"https:\/\/candas365.es\/noticias\/escolares-del-poeta-anton-de-candas-participan-en-una-recogida-de-residuos-en-palmera\/","robots":"max-image-preview:large","keywords":"noticias carre\u00f1o","webmasterTools":{"google-site-verification":"UA-32230408-1","msvalidate.01":"354F3CDFB2DA171B47FBE9ABF1F88D5","miscellaneous":""},"schema":{"@context":"https:\/\/schema.org","@graph":[{"@type":"BreadcrumbList","@id":"https:\/\/candas365.es\/noticias\/escolares-del-poeta-anton-de-candas-participan-en-una-recogida-de-residuos-en-palmera\/#breadcrumblist","itemListElement":[{"@type":"ListItem","@id":"https:\/\/candas365.es\/noticias#listItem","position":1,"name":"Home","item":"https:\/\/candas365.es\/noticias","nextItem":{"@type":"ListItem","@id":"https:\/\/candas365.es\/noticias\/category\/noticias-carreno\/#listItem","name":"Noticias Carre\u00f1o"}},{"@type":"ListItem","@id":"https:\/\/candas365.es\/noticias\/category\/noticias-carreno\/#listItem","position":2,"name":"Noticias Carre\u00f1o","item":"https:\/\/candas365.es\/noticias\/category\/noticias-carreno\/","nextItem":{"@type":"ListItem","@id":"https:\/\/candas365.es\/noticias\/escolares-del-poeta-anton-de-candas-participan-en-una-recogida-de-residuos-en-palmera\/#listItem","name":"Escolares del Poeta Ant\u00f3n de Cand\u00e1s participan en una recogida de residuos en Palmera"},"previousItem":{"@type":"ListItem","@id":"https:\/\/candas365.es\/noticias#listItem","name":"Home"}},{"@type":"ListItem","@id":"https:\/\/candas365.es\/noticias\/escolares-del-poeta-anton-de-candas-participan-en-una-recogida-de-residuos-en-palmera\/#listItem","position":3,"name":"Escolares del Poeta Ant\u00f3n de Cand\u00e1s participan en una recogida de residuos en Palmera","previousItem":{"@type":"ListItem","@id":"https:\/\/candas365.es\/noticias\/category\/noticias-carreno\/#listItem","name":"Noticias Carre\u00f1o"}}]},{"@type":"NewsArticle","@id":"https:\/\/candas365.es\/noticias\/escolares-del-poeta-anton-de-candas-participan-en-una-recogida-de-residuos-en-palmera\/#newsarticle","name":"Escolares del Poeta Ant\u00f3n de Cand\u00e1s participan en una recogida de residuos en Palmera | Cand\u00e1s 365","headline":"Escolares del Poeta Ant\u00f3n de Cand\u00e1s participan en una recogida de residuos en Palmera","author":{"@id":"https:\/\/candas365.es\/noticias\/author\/admin\/#author"},"publisher":{"@id":"https:\/\/candas365.es\/noticias\/#organization"},"image":{"@type":"ImageObject","url":"https:\/\/candas365.es\/noticias\/wp-content\/uploads\/2018\/03\/e2d36390a11c.jpg","width":1280,"height":960},"datePublished":"2018-03-23T20:35:59+01:00","dateModified":"2018-03-23T20:35:59+01:00","inLanguage":"es-ES","mainEntityOfPage":{"@id":"https:\/\/candas365.es\/noticias\/escolares-del-poeta-anton-de-candas-participan-en-una-recogida-de-residuos-en-palmera\/#webpage"},"isPartOf":{"@id":"https:\/\/candas365.es\/noticias\/escolares-del-poeta-anton-de-candas-participan-en-una-recogida-de-residuos-en-palmera\/#webpage"},"articleSection":"Noticias Carre\u00f1o","dateline":"Publicado el marzo 23, 2018."},{"@type":"Organization","@id":"https:\/\/candas365.es\/noticias\/#organization","name":"Cand\u00e1s 365","description":"Cand\u00e1s 365 es un diario digital independiente, fundado en 2012, con base en Asturias. Informamos con rigor sobre actualidad, sociedad, cultura y ocio, con una mirada local y global.","url":"https:\/\/candas365.es\/noticias\/","email":"info@candas365.es","telephone":"+34652131393","foundingDate":"2012-06-10","logo":{"@type":"ImageObject","url":"https:\/\/candas365.es\/noticias\/wp-content\/uploads\/2024\/09\/Candas-365-Redes.jpg","@id":"https:\/\/candas365.es\/noticias\/escolares-del-poeta-anton-de-candas-participan-en-una-recogida-de-residuos-en-palmera\/#organizationLogo","width":1152,"height":864,"caption":"Cand\u00e1s 365 Redes"},"image":{"@id":"https:\/\/candas365.es\/noticias\/escolares-del-poeta-anton-de-candas-participan-en-una-recogida-de-residuos-en-palmera\/#organizationLogo"},"sameAs":["https:\/\/www.facebook.com\/Nachofdezber","https:\/\/x.com\/NabercoDigital","https:\/\/www.instagram.com\/nachofdezber\/","https:\/\/www.youtube.com\/channel\/UCZP-2wLEB9Rv6erhFmqVnvg"],"address":{"@id":"https:\/\/candas365.es\/noticias\/#postaladdress","@type":"PostalAddress","streetAddress":"san antonio 4, san antonio 4","postalCode":"33430","addressLocality":"Cand\u00e1s","addressRegion":"Asturias","addressCountry":"ES"}},{"@type":"Person","@id":"https:\/\/candas365.es\/noticias\/author\/admin\/#author","url":"https:\/\/candas365.es\/noticias\/author\/admin\/","name":"Cand\u00e1s 365","image":{"@type":"ImageObject","@id":"https:\/\/candas365.es\/noticias\/escolares-del-poeta-anton-de-candas-participan-en-una-recogida-de-residuos-en-palmera\/#authorImage","url":"https:\/\/secure.gravatar.com\/avatar\/496a8e03d0c493ede1718b7934145dbdf8d89be1036b0eec9544e1094c9de390?s=96&d=mm&r=g","width":96,"height":96,"caption":"Cand\u00e1s 365"},"sameAs":["https:\/\/www.facebook.com\/carrenoactualidad","https:\/\/twitter.com\/nbasturias","https:\/\/www.instagram.com\/nachofdezber\/","https:\/\/www.youtube.com\/channel\/UCZP-2wLEB9Rv6erhFmqVnvg"]},{"@type":"WebPage","@id":"https:\/\/candas365.es\/noticias\/escolares-del-poeta-anton-de-candas-participan-en-una-recogida-de-residuos-en-palmera\/#webpage","url":"https:\/\/candas365.es\/noticias\/escolares-del-poeta-anton-de-candas-participan-en-una-recogida-de-residuos-en-palmera\/","name":"Escolares del Poeta Ant\u00f3n de Cand\u00e1s participan en una recogida de residuos en Palmera | Cand\u00e1s 365","description":"Con motivo de la celebraci\u00f3n del d\u00eda mundial del agua, el alumnado del Colegio P\u00fablico Ant\u00f3n de Marirreguera visibiliz\u00f3 su compromiso ambiental limpiando voluntariamente el arenal de Palmera en Cand\u00e1s. La actividad la impuls\u00f3 por Maris\u00e9 Gonz\u00e1lez Vicente, maestra del centro escolar con el objetivo de concienciar a la poblaci\u00f3n escolar y familias sobre la","inLanguage":"es-ES","isPartOf":{"@id":"https:\/\/candas365.es\/noticias\/#website"},"breadcrumb":{"@id":"https:\/\/candas365.es\/noticias\/escolares-del-poeta-anton-de-candas-participan-en-una-recogida-de-residuos-en-palmera\/#breadcrumblist"},"author":{"@id":"https:\/\/candas365.es\/noticias\/author\/admin\/#author"},"creator":{"@id":"https:\/\/candas365.es\/noticias\/author\/admin\/#author"},"image":{"@type":"ImageObject","url":"https:\/\/candas365.es\/noticias\/wp-content\/uploads\/2018\/03\/e2d36390a11c.jpg","@id":"https:\/\/candas365.es\/noticias\/escolares-del-poeta-anton-de-candas-participan-en-una-recogida-de-residuos-en-palmera\/#mainImage","width":1280,"height":960},"primaryImageOfPage":{"@id":"https:\/\/candas365.es\/noticias\/escolares-del-poeta-anton-de-candas-participan-en-una-recogida-de-residuos-en-palmera\/#mainImage"},"datePublished":"2018-03-23T20:35:59+01:00","dateModified":"2018-03-23T20:35:59+01:00"},{"@type":"WebSite","@id":"https:\/\/candas365.es\/noticias\/#website","url":"https:\/\/candas365.es\/noticias\/","name":"Cand\u00e1s 365","alternateName":"Cand\u00e1s 365 Noticias","description":"Actualidad desde Carre\u00f1o para el mundo","inLanguage":"es-ES","publisher":{"@id":"https:\/\/candas365.es\/noticias\/#organization"}}]},"og:locale":"es_ES","og:site_name":"Cand\u00e1s 365","og:type":"article","og:title":"Escolares del Poeta Ant\u00f3n de Cand\u00e1s participan en una recogida de residuos en Palmera | Cand\u00e1s 365","og:description":"Con motivo de la celebraci\u00f3n del d\u00eda mundial del agua, el alumnado del Colegio P\u00fablico Ant\u00f3n de Marirreguera visibiliz\u00f3 su compromiso ambiental limpiando voluntariamente el arenal de Palmera en Cand\u00e1s. La actividad la impuls\u00f3 por Maris\u00e9 Gonz\u00e1lez Vicente, maestra del centro escolar con el objetivo de concienciar a la poblaci\u00f3n escolar y familias sobre la","og:url":"https:\/\/candas365.es\/noticias\/escolares-del-poeta-anton-de-candas-participan-en-una-recogida-de-residuos-en-palmera\/","og:image":"https:\/\/candas365.es\/noticias\/wp-content\/uploads\/2018\/03\/e2d36390a11c.jpg","og:image:secure_url":"https:\/\/candas365.es\/noticias\/wp-content\/uploads\/2018\/03\/e2d36390a11c.jpg","og:image:width":1280,"og:image:height":960,"article:published_time":"2018-03-23T20:35:59+00:00","article:modified_time":"2018-03-23T20:35:59+00:00","article:publisher":"https:\/\/www.facebook.com\/Nachofdezber","article:author":"https:\/\/www.facebook.com\/carrenoactualidad","twitter:card":"summary_large_image","twitter:site":"@NabercoDigital","twitter:title":"Escolares del Poeta Ant\u00f3n de Cand\u00e1s participan en una recogida de residuos en Palmera | Cand\u00e1s 365","twitter:description":"Con motivo de la celebraci\u00f3n del d\u00eda mundial del agua, el alumnado del Colegio P\u00fablico Ant\u00f3n de Marirreguera visibiliz\u00f3 su compromiso ambiental limpiando voluntariamente el arenal de Palmera en Cand\u00e1s. La actividad la impuls\u00f3 por Maris\u00e9 Gonz\u00e1lez Vicente, maestra del centro escolar con el objetivo de concienciar a la poblaci\u00f3n escolar y familias sobre la","twitter:creator":"@nbasturias","twitter:image":"https:\/\/candas365.es\/noticias\/wp-content\/uploads\/2018\/03\/e2d36390a11c.jpg","twitter:label1":"Escrito por","twitter:data1":"Cand\u00e1s 365","twitter:label2":"Tiempo de lectura estimado","twitter:data2":"2 minutos"},"aioseo_meta_data":{"post_id":"92254","title":null,"description":null,"keywords":null,"keyphrases":null,"primary_term":null,"canonical_url":null,"og_title":null,"og_description":null,"og_object_type":"default","og_image_type":"default","og_image_url":null,"og_image_width":null,"og_image_height":null,"og_image_custom_url":null,"og_image_custom_fields":null,"og_video":null,"og_custom_url":null,"og_article_section":null,"og_article_tags":null,"twitter_use_og":false,"twitter_card":"default","twitter_image_type":"default","twitter_image_url":null,"twitter_image_custom_url":null,"twitter_image_custom_fields":null,"twitter_title":null,"twitter_description":null,"schema":{"blockGraphs":[],"customGraphs":[],"default":{"data":{"Article":[],"Course":[],"Dataset":[],"FAQPage":[],"Movie":[],"Person":[],"Product":[],"ProductReview":[],"Car":[],"Recipe":[],"Service":[],"SoftwareApplication":[],"WebPage":[]},"graphName":"","isEnabled":true},"graphs":[]},"schema_type":null,"schema_type_options":null,"pillar_content":false,"robots_default":true,"robots_noindex":false,"robots_noarchive":false,"robots_nosnippet":false,"robots_nofollow":false,"robots_noimageindex":false,"robots_noodp":false,"robots_notranslate":false,"robots_max_snippet":null,"robots_max_videopreview":null,"robots_max_imagepreview":"large","priority":null,"frequency":null,"location":null,"local_seo":null,"seo_analyzer_scan_date":"2025-08-26 15:57:37","breadcrumb_settings":null,"limit_modified_date":false,"reviewed_by":null,"open_ai":null,"ai":null,"created":"2020-12-21 11:54:31","updated":"2025-08-26 15:57:37"},"aioseo_breadcrumb":"<div class=\"aioseo-breadcrumbs\"><span class=\"aioseo-breadcrumb\">\n\t<a href=\"https:\/\/candas365.es\/noticias\" title=\"Home\">Home<\/a>\n<\/span><span class=\"aioseo-breadcrumb-separator\">&ndash;<\/span><span class=\"aioseo-breadcrumb\">\n\t<a href=\"https:\/\/candas365.es\/noticias\/category\/noticias-carreno\/\" title=\"Noticias Carre\u00f1o\">Noticias Carre\u00f1o<\/a>\n<\/span><span class=\"aioseo-breadcrumb-separator\">&ndash;<\/span><span class=\"aioseo-breadcrumb\">\n\tEscolares del Poeta Ant\u00f3n de Cand\u00e1s participan en una recogida de residuos en Palmera\n<\/span><\/div>","aioseo_breadcrumb_json":[{"label":"Home","link":"https:\/\/candas365.es\/noticias"},{"label":"Noticias Carre\u00f1o","link":"https:\/\/candas365.es\/noticias\/category\/noticias-carreno\/"},{"label":"Escolares del Poeta Ant\u00f3n de Cand\u00e1s participan en una recogida de residuos en Palmera","link":"https:\/\/candas365.es\/noticias\/escolares-del-poeta-anton-de-candas-participan-en-una-recogida-de-residuos-en-palmera\/"}],"_links":{"self":[{"href":"https:\/\/candas365.es\/noticias\/wp-json\/wp\/v2\/posts\/92254","targetHints":{"allow":["GET"]}}],"collection":[{"href":"https:\/\/candas365.es\/noticias\/wp-json\/wp\/v2\/posts"}],"about":[{"href":"https:\/\/candas365.es\/noticias\/wp-json\/wp\/v2\/types\/post"}],"author":[{"embeddable":true,"href":"https:\/\/candas365.es\/noticias\/wp-json\/wp\/v2\/users\/1"}],"replies":[{"embeddable":true,"href":"https:\/\/candas365.es\/noticias\/wp-json\/wp\/v2\/comments?post=92254"}],"version-history":[{"count":0,"href":"https:\/\/candas365.es\/noticias\/wp-json\/wp\/v2\/posts\/92254\/revisions"}],"wp:featuredmedia":[{"embeddable":true,"href":"https:\/\/candas365.es\/noticias\/wp-json\/wp\/v2\/media\/92255"}],"wp:attachment":[{"href":"https:\/\/candas365.es\/noticias\/wp-json\/wp\/v2\/media?parent=92254"}],"wp:term":[{"taxonomy":"category","embeddable":true,"href":"https:\/\/candas365.es\/noticias\/wp-json\/wp\/v2\/categories?post=92254"},{"taxonomy":"post_tag","embeddable":true,"href":"https:\/\/candas365.es\/noticias\/wp-json\/wp\/v2\/tags?post=92254"}],"curies":[{"name":"wp","href":"https:\/\/api.w.org\/{rel}","templated":true}]}}