{"id":91708,"date":"2018-03-18T21:50:45","date_gmt":"2018-03-18T21:50:45","guid":{"rendered":"http:\/\/candas365.es\/noticias\/?p=91708"},"modified":"2018-03-18T21:58:15","modified_gmt":"2018-03-18T21:58:15","slug":"abierto-el-plazo-para-optar-a-las-becas-de-la-banda-de-musica-de-candas","status":"publish","type":"post","link":"https:\/\/candas365.es\/noticias\/abierto-el-plazo-para-optar-a-las-becas-de-la-banda-de-musica-de-candas\/","title":{"rendered":"Abierto el plazo para optar a las becas para la Banda de M\u00fasica de Cand\u00e1s"},"content":{"rendered":"<p><img fetchpriority=\"high\" decoding=\"async\" class=\"alignleft size-medium wp-image-6453\" src=\"https:\/\/candas365.es\/noticias\/wp-content\/uploads\/2015\/01\/ayuntamiento-360x270.jpg\" alt=\"\" width=\"360\" height=\"270\" srcset=\"https:\/\/candas365.es\/noticias\/wp-content\/uploads\/2015\/01\/ayuntamiento-360x270.jpg 360w, https:\/\/candas365.es\/noticias\/wp-content\/uploads\/2015\/01\/ayuntamiento-640x480.jpg 640w, https:\/\/candas365.es\/noticias\/wp-content\/uploads\/2015\/01\/ayuntamiento-768x576.jpg 768w, https:\/\/candas365.es\/noticias\/wp-content\/uploads\/2015\/01\/ayuntamiento-150x113.jpg 150w, https:\/\/candas365.es\/noticias\/wp-content\/uploads\/2015\/01\/ayuntamiento-450x338.jpg 450w, https:\/\/candas365.es\/noticias\/wp-content\/uploads\/2015\/01\/ayuntamiento-80x60.jpg 80w, https:\/\/candas365.es\/noticias\/wp-content\/uploads\/2015\/01\/ayuntamiento-265x198.jpg 265w, https:\/\/candas365.es\/noticias\/wp-content\/uploads\/2015\/01\/ayuntamiento-696x522.jpg 696w, https:\/\/candas365.es\/noticias\/wp-content\/uploads\/2015\/01\/ayuntamiento-560x420.jpg 560w, https:\/\/candas365.es\/noticias\/wp-content\/uploads\/2015\/01\/ayuntamiento-90x67.jpg 90w, https:\/\/candas365.es\/noticias\/wp-content\/uploads\/2015\/01\/ayuntamiento.jpg 800w\" sizes=\"(max-width: 360px) 100vw, 360px\" \/>El Ayuntamiento de Carre\u00f1o abre el plazo de presentaci\u00f3n de solicitudes para reforzar con 5 becas a la Banda de M\u00fasica de Cand\u00e1s para el curso 2017-2018.<\/p>\n<p>El objeto de la convocatoria es la provisi\u00f3n de cinco instrumentos de viento, como refuerzo a la Banda local. Se seleccionar\u00e1n tres para clarinete, una para tromb\u00f3n y otra para trompa que compartir\u00e1n cinco actuaciones con la Banda de M\u00fasica.<\/p>\n<p>Los instrumentos de viento son una de las familias de instrumentos musicales que producen el sonido por la vibraci\u00f3n del viento y de la masa de aire en su interior, sin necesidad de cuerdas o membranas porque solo requiere del uso del viento.<\/p>\n<p>Podr\u00e1n presentarse a estas becas musicales los estudiantes que est\u00e9n cursando el Grado Profesional o Grado superior de M\u00fasica, o que lo hayan superado. Teniendo preferencia las personas que tengan el Grado Superior<\/p>\n<p>Una vez publicadas las bases en el Bolet\u00edn Oficial del Principado de Asturias (BOPA), la documentaci\u00f3n deber\u00e1 presentarse debidamente cumplimentada en el registro del General del Ayuntamiento de Carre\u00f1o, sito en la c\/Santaolaya 1-3 de Cand\u00e1s. En el siguiente horario:<\/p>\n<p>&#8211; Lunes, mi\u00e9rcoles y viernes de 9:00 h a 14:00 h<br \/>\n&#8211; Martes y jueves de 9:00 h a 18:30 h.<\/p>\n<p>El plazo de presentaci\u00f3n de la documentaci\u00f3n ser\u00e1 de 20 d\u00edas contados desde el d\u00eda siguiente al de la publicaci\u00f3n, concluyendo el pr\u00f3ximo 17 de abril. Las personas que deseen concurrir a estas becas deber\u00e1n presentar, entre otros:<\/p>\n<p>&#8211; solicitud<br \/>\n&#8211; curriculum<br \/>\n&#8211; certificado acreditativo de los estudios del Centro donde los ha cursado<br \/>\n&#8211; m\u00e9ritos a valorar.<\/p>\n<p>La prueba de selecci\u00f3n entre las personas admitidas para optar a las becas constar\u00e1 de la presentaci\u00f3n de una obra libre, as\u00ed como de la lectura a primera vista de repertorio para Banda. El instrumento con el que se realice la prueba ser\u00e1 el mismo con el que se tocar\u00e1 en la Banda de M\u00fasica de Cand\u00e1s. Y la misma tendr\u00e1 lugar en la Escuela Municipal de M\u00fasica \u201cMiguel Barrosa\u201d de Carre\u00f1o (c\/Bernardo Alfageme, 4 Cand\u00e1s-Carre\u00f1o).<\/p>\n<p>\u201cSomos conscientes de la importancia de la formaci\u00f3n pr\u00e1ctica de jo\u0301venes profesionales como pilar fundamental para el desarrollo de su carrera profesional en la m\u00fasica. Con estas becas damos la oportunidad a que estudiantes pongan en pr\u00e1ctica los a\u00f1os de estudio en las Escuelas de M\u00fasica Municipales, en el Conservatorio. Que j\u00f3venes promesas de la m\u00fasica tengan su primera experiencia con en el p\u00fablico en nuestra legendaria Banda. Adem\u00e1s de seguir apoyando y fomentando la cultura y la educaci\u00f3n a trav\u00e9s del arte de la m\u00fasica la educaci\u00f3n \u201c se\u00f1al\u00f3 Cecilia Tasc\u00f3n- Concejala de Cultura-<\/p>\n","protected":false},"excerpt":{"rendered":"<p>El Ayuntamiento de Carre\u00f1o abre el plazo de presentaci\u00f3n de solicitudes para reforzar con 5 becas a la Banda de M\u00fasica de Cand\u00e1s para el curso 2017-2018. El objeto de la convocatoria es la provisi\u00f3n de cinco instrumentos de viento, como refuerzo a la Banda local. Se seleccionar\u00e1n tres para clarinete, una para tromb\u00f3n y<\/p>\n","protected":false},"author":1,"featured_media":6453,"comment_status":"closed","ping_status":"closed","sticky":false,"template":"","format":"standard","meta":{"footnotes":""},"categories":[2],"tags":[],"class_list":{"0":"post-91708","1":"post","2":"type-post","3":"status-publish","4":"format-standard","5":"has-post-thumbnail","7":"category-noticias-carreno"},"aioseo_notices":[],"aioseo_head":"\n\t\t<!-- All in One SEO Pro 4.9.6.2 - aioseo.com -->\n\t<meta name=\"description\" content=\"El Ayuntamiento de Carre\u00f1o abre el plazo de presentaci\u00f3n de solicitudes para reforzar con 5 becas a la Banda de M\u00fasica de Cand\u00e1s para el curso 2017-2018. El objeto de la convocatoria es la provisi\u00f3n de cinco instrumentos de viento, como refuerzo a la Banda local. Se seleccionar\u00e1n tres para clarinete, una para tromb\u00f3n y\" \/>\n\t<meta name=\"robots\" content=\"max-image-preview:large\" \/>\n\t<meta name=\"author\" content=\"Cand\u00e1s 365\"\/>\n\t<meta name=\"google-site-verification\" content=\"UA-32230408-1\" \/>\n\t<meta name=\"msvalidate.01\" content=\"354F3CDFB2DA171B47FBE9ABF1F88D5\" \/>\n\t<meta name=\"keywords\" content=\"noticias carre\u00f1o\" \/>\n\t<link rel=\"canonical\" href=\"https:\/\/candas365.es\/noticias\/abierto-el-plazo-para-optar-a-las-becas-de-la-banda-de-musica-de-candas\/\" \/>\n\t<meta name=\"generator\" content=\"All in One SEO Pro (AIOSEO) 4.9.6.2\" \/>\n\t\t<meta property=\"og:locale\" content=\"es_ES\" \/>\n\t\t<meta property=\"og:site_name\" content=\"Cand\u00e1s 365\" \/>\n\t\t<meta property=\"og:type\" content=\"article\" \/>\n\t\t<meta property=\"og:title\" content=\"Abierto el plazo para optar a las becas para la Banda de M\u00fasica de Cand\u00e1s | Cand\u00e1s 365\" \/>\n\t\t<meta property=\"og:description\" content=\"El Ayuntamiento de Carre\u00f1o abre el plazo de presentaci\u00f3n de solicitudes para reforzar con 5 becas a la Banda de M\u00fasica de Cand\u00e1s para el curso 2017-2018. El objeto de la convocatoria es la provisi\u00f3n de cinco instrumentos de viento, como refuerzo a la Banda local. Se seleccionar\u00e1n tres para clarinete, una para tromb\u00f3n y\" \/>\n\t\t<meta property=\"og:url\" content=\"https:\/\/candas365.es\/noticias\/abierto-el-plazo-para-optar-a-las-becas-de-la-banda-de-musica-de-candas\/\" \/>\n\t\t<meta property=\"og:image\" content=\"https:\/\/candas365.es\/noticias\/wp-content\/uploads\/2015\/01\/ayuntamiento.jpg\" \/>\n\t\t<meta property=\"og:image:secure_url\" content=\"https:\/\/candas365.es\/noticias\/wp-content\/uploads\/2015\/01\/ayuntamiento.jpg\" \/>\n\t\t<meta property=\"og:image:width\" content=\"800\" \/>\n\t\t<meta property=\"og:image:height\" content=\"600\" \/>\n\t\t<meta property=\"article:published_time\" content=\"2018-03-18T21:50:45+00:00\" \/>\n\t\t<meta property=\"article:modified_time\" content=\"2018-03-18T21:58:15+00:00\" \/>\n\t\t<meta property=\"article:publisher\" content=\"https:\/\/www.facebook.com\/Nachofdezber\" \/>\n\t\t<meta property=\"article:author\" content=\"https:\/\/www.facebook.com\/carrenoactualidad\" \/>\n\t\t<meta name=\"twitter:card\" content=\"summary_large_image\" \/>\n\t\t<meta name=\"twitter:site\" content=\"@NabercoDigital\" \/>\n\t\t<meta name=\"twitter:title\" content=\"Abierto el plazo para optar a las becas para la Banda de M\u00fasica de Cand\u00e1s | Cand\u00e1s 365\" \/>\n\t\t<meta name=\"twitter:description\" content=\"El Ayuntamiento de Carre\u00f1o abre el plazo de presentaci\u00f3n de solicitudes para reforzar con 5 becas a la Banda de M\u00fasica de Cand\u00e1s para el curso 2017-2018. El objeto de la convocatoria es la provisi\u00f3n de cinco instrumentos de viento, como refuerzo a la Banda local. Se seleccionar\u00e1n tres para clarinete, una para tromb\u00f3n y\" \/>\n\t\t<meta name=\"twitter:creator\" content=\"@nbasturias\" \/>\n\t\t<meta name=\"twitter:image\" content=\"https:\/\/candas365.es\/noticias\/wp-content\/uploads\/2015\/01\/ayuntamiento.jpg\" \/>\n\t\t<meta name=\"twitter:label1\" content=\"Escrito por\" \/>\n\t\t<meta name=\"twitter:data1\" content=\"Cand\u00e1s 365\" \/>\n\t\t<meta name=\"twitter:label2\" content=\"Tiempo de lectura estimado\" \/>\n\t\t<meta name=\"twitter:data2\" content=\"2 minutos\" \/>\n\t\t<script type=\"application\/ld+json\" class=\"aioseo-schema\">\n\t\t\t{\"@context\":\"https:\\\/\\\/schema.org\",\"@graph\":[{\"@type\":\"BreadcrumbList\",\"@id\":\"https:\\\/\\\/candas365.es\\\/noticias\\\/abierto-el-plazo-para-optar-a-las-becas-de-la-banda-de-musica-de-candas\\\/#breadcrumblist\",\"itemListElement\":[{\"@type\":\"ListItem\",\"@id\":\"https:\\\/\\\/candas365.es\\\/noticias#listItem\",\"position\":1,\"name\":\"Home\",\"item\":\"https:\\\/\\\/candas365.es\\\/noticias\",\"nextItem\":{\"@type\":\"ListItem\",\"@id\":\"https:\\\/\\\/candas365.es\\\/noticias\\\/category\\\/noticias-carreno\\\/#listItem\",\"name\":\"Noticias Carre\\u00f1o\"}},{\"@type\":\"ListItem\",\"@id\":\"https:\\\/\\\/candas365.es\\\/noticias\\\/category\\\/noticias-carreno\\\/#listItem\",\"position\":2,\"name\":\"Noticias Carre\\u00f1o\",\"item\":\"https:\\\/\\\/candas365.es\\\/noticias\\\/category\\\/noticias-carreno\\\/\",\"nextItem\":{\"@type\":\"ListItem\",\"@id\":\"https:\\\/\\\/candas365.es\\\/noticias\\\/abierto-el-plazo-para-optar-a-las-becas-de-la-banda-de-musica-de-candas\\\/#listItem\",\"name\":\"Abierto el plazo para optar a las becas para la Banda de M\\u00fasica de Cand\\u00e1s\"},\"previousItem\":{\"@type\":\"ListItem\",\"@id\":\"https:\\\/\\\/candas365.es\\\/noticias#listItem\",\"name\":\"Home\"}},{\"@type\":\"ListItem\",\"@id\":\"https:\\\/\\\/candas365.es\\\/noticias\\\/abierto-el-plazo-para-optar-a-las-becas-de-la-banda-de-musica-de-candas\\\/#listItem\",\"position\":3,\"name\":\"Abierto el plazo para optar a las becas para la Banda de M\\u00fasica de Cand\\u00e1s\",\"previousItem\":{\"@type\":\"ListItem\",\"@id\":\"https:\\\/\\\/candas365.es\\\/noticias\\\/category\\\/noticias-carreno\\\/#listItem\",\"name\":\"Noticias Carre\\u00f1o\"}}]},{\"@type\":\"NewsArticle\",\"@id\":\"https:\\\/\\\/candas365.es\\\/noticias\\\/abierto-el-plazo-para-optar-a-las-becas-de-la-banda-de-musica-de-candas\\\/#newsarticle\",\"name\":\"Abierto el plazo para optar a las becas para la Banda de M\\u00fasica de Cand\\u00e1s | Cand\\u00e1s 365\",\"headline\":\"Abierto el plazo para optar a las becas para la Banda de M\\u00fasica de Cand\\u00e1s\",\"author\":{\"@id\":\"https:\\\/\\\/candas365.es\\\/noticias\\\/author\\\/admin\\\/#author\"},\"publisher\":{\"@id\":\"https:\\\/\\\/candas365.es\\\/noticias\\\/#organization\"},\"image\":{\"@type\":\"ImageObject\",\"url\":\"https:\\\/\\\/candas365.es\\\/noticias\\\/wp-content\\\/uploads\\\/2015\\\/01\\\/ayuntamiento.jpg\",\"width\":800,\"height\":600,\"caption\":\"Carre\\u00f1o\"},\"datePublished\":\"2018-03-18T21:50:45+01:00\",\"dateModified\":\"2018-03-18T21:58:15+01:00\",\"inLanguage\":\"es-ES\",\"mainEntityOfPage\":{\"@id\":\"https:\\\/\\\/candas365.es\\\/noticias\\\/abierto-el-plazo-para-optar-a-las-becas-de-la-banda-de-musica-de-candas\\\/#webpage\"},\"isPartOf\":{\"@id\":\"https:\\\/\\\/candas365.es\\\/noticias\\\/abierto-el-plazo-para-optar-a-las-becas-de-la-banda-de-musica-de-candas\\\/#webpage\"},\"articleSection\":\"Noticias Carre\\u00f1o\",\"dateline\":\"Publicado el marzo 18, 2018.\"},{\"@type\":\"Organization\",\"@id\":\"https:\\\/\\\/candas365.es\\\/noticias\\\/#organization\",\"name\":\"Cand\\u00e1s 365\",\"description\":\"Cand\\u00e1s 365 es un diario digital independiente, fundado en 2012, con base en Asturias. Informamos con rigor sobre actualidad, sociedad, cultura y ocio, con una mirada local y global.\",\"url\":\"https:\\\/\\\/candas365.es\\\/noticias\\\/\",\"email\":\"info@candas365.es\",\"telephone\":\"+34652131393\",\"foundingDate\":\"2012-06-10\",\"logo\":{\"@type\":\"ImageObject\",\"url\":\"https:\\\/\\\/candas365.es\\\/noticias\\\/wp-content\\\/uploads\\\/2024\\\/09\\\/Candas-365-Redes.jpg\",\"@id\":\"https:\\\/\\\/candas365.es\\\/noticias\\\/abierto-el-plazo-para-optar-a-las-becas-de-la-banda-de-musica-de-candas\\\/#organizationLogo\",\"width\":1152,\"height\":864,\"caption\":\"Cand\\u00e1s 365 Redes\"},\"image\":{\"@id\":\"https:\\\/\\\/candas365.es\\\/noticias\\\/abierto-el-plazo-para-optar-a-las-becas-de-la-banda-de-musica-de-candas\\\/#organizationLogo\"},\"sameAs\":[\"https:\\\/\\\/www.facebook.com\\\/Nachofdezber\",\"https:\\\/\\\/x.com\\\/NabercoDigital\",\"https:\\\/\\\/www.instagram.com\\\/nachofdezber\\\/\",\"https:\\\/\\\/www.youtube.com\\\/channel\\\/UCZP-2wLEB9Rv6erhFmqVnvg\"],\"address\":{\"@id\":\"https:\\\/\\\/candas365.es\\\/noticias\\\/#postaladdress\",\"@type\":\"PostalAddress\",\"streetAddress\":\"san antonio 4, san antonio 4\",\"postalCode\":\"33430\",\"addressLocality\":\"Cand\\u00e1s\",\"addressRegion\":\"Asturias\",\"addressCountry\":\"ES\"}},{\"@type\":\"Person\",\"@id\":\"https:\\\/\\\/candas365.es\\\/noticias\\\/author\\\/admin\\\/#author\",\"url\":\"https:\\\/\\\/candas365.es\\\/noticias\\\/author\\\/admin\\\/\",\"name\":\"Cand\\u00e1s 365\",\"image\":{\"@type\":\"ImageObject\",\"@id\":\"https:\\\/\\\/candas365.es\\\/noticias\\\/abierto-el-plazo-para-optar-a-las-becas-de-la-banda-de-musica-de-candas\\\/#authorImage\",\"url\":\"https:\\\/\\\/secure.gravatar.com\\\/avatar\\\/496a8e03d0c493ede1718b7934145dbdf8d89be1036b0eec9544e1094c9de390?s=96&d=mm&r=g\",\"width\":96,\"height\":96,\"caption\":\"Cand\\u00e1s 365\"},\"sameAs\":[\"https:\\\/\\\/www.facebook.com\\\/carrenoactualidad\",\"https:\\\/\\\/twitter.com\\\/nbasturias\",\"https:\\\/\\\/www.instagram.com\\\/nachofdezber\\\/\",\"https:\\\/\\\/www.youtube.com\\\/channel\\\/UCZP-2wLEB9Rv6erhFmqVnvg\"]},{\"@type\":\"WebPage\",\"@id\":\"https:\\\/\\\/candas365.es\\\/noticias\\\/abierto-el-plazo-para-optar-a-las-becas-de-la-banda-de-musica-de-candas\\\/#webpage\",\"url\":\"https:\\\/\\\/candas365.es\\\/noticias\\\/abierto-el-plazo-para-optar-a-las-becas-de-la-banda-de-musica-de-candas\\\/\",\"name\":\"Abierto el plazo para optar a las becas para la Banda de M\\u00fasica de Cand\\u00e1s | Cand\\u00e1s 365\",\"description\":\"El Ayuntamiento de Carre\\u00f1o abre el plazo de presentaci\\u00f3n de solicitudes para reforzar con 5 becas a la Banda de M\\u00fasica de Cand\\u00e1s para el curso 2017-2018. El objeto de la convocatoria es la provisi\\u00f3n de cinco instrumentos de viento, como refuerzo a la Banda local. Se seleccionar\\u00e1n tres para clarinete, una para tromb\\u00f3n y\",\"inLanguage\":\"es-ES\",\"isPartOf\":{\"@id\":\"https:\\\/\\\/candas365.es\\\/noticias\\\/#website\"},\"breadcrumb\":{\"@id\":\"https:\\\/\\\/candas365.es\\\/noticias\\\/abierto-el-plazo-para-optar-a-las-becas-de-la-banda-de-musica-de-candas\\\/#breadcrumblist\"},\"author\":{\"@id\":\"https:\\\/\\\/candas365.es\\\/noticias\\\/author\\\/admin\\\/#author\"},\"creator\":{\"@id\":\"https:\\\/\\\/candas365.es\\\/noticias\\\/author\\\/admin\\\/#author\"},\"image\":{\"@type\":\"ImageObject\",\"url\":\"https:\\\/\\\/candas365.es\\\/noticias\\\/wp-content\\\/uploads\\\/2015\\\/01\\\/ayuntamiento.jpg\",\"@id\":\"https:\\\/\\\/candas365.es\\\/noticias\\\/abierto-el-plazo-para-optar-a-las-becas-de-la-banda-de-musica-de-candas\\\/#mainImage\",\"width\":800,\"height\":600,\"caption\":\"Carre\\u00f1o\"},\"primaryImageOfPage\":{\"@id\":\"https:\\\/\\\/candas365.es\\\/noticias\\\/abierto-el-plazo-para-optar-a-las-becas-de-la-banda-de-musica-de-candas\\\/#mainImage\"},\"datePublished\":\"2018-03-18T21:50:45+01:00\",\"dateModified\":\"2018-03-18T21:58:15+01:00\"},{\"@type\":\"WebSite\",\"@id\":\"https:\\\/\\\/candas365.es\\\/noticias\\\/#website\",\"url\":\"https:\\\/\\\/candas365.es\\\/noticias\\\/\",\"name\":\"Cand\\u00e1s 365\",\"alternateName\":\"Cand\\u00e1s 365 Noticias\",\"description\":\"Actualidad desde Carre\\u00f1o para el mundo\",\"inLanguage\":\"es-ES\",\"publisher\":{\"@id\":\"https:\\\/\\\/candas365.es\\\/noticias\\\/#organization\"}}]}\n\t\t<\/script>\n\t\t<!-- All in One SEO Pro -->\r\n\t\t<title>Abierto el plazo para optar a las becas para la Banda de M\u00fasica de Cand\u00e1s | Cand\u00e1s 365<\/title>\n\n","aioseo_head_json":{"title":"Abierto el plazo para optar a las becas para la Banda de M\u00fasica de Cand\u00e1s | Cand\u00e1s 365","description":"El Ayuntamiento de Carre\u00f1o abre el plazo de presentaci\u00f3n de solicitudes para reforzar con 5 becas a la Banda de M\u00fasica de Cand\u00e1s para el curso 2017-2018. El objeto de la convocatoria es la provisi\u00f3n de cinco instrumentos de viento, como refuerzo a la Banda local. Se seleccionar\u00e1n tres para clarinete, una para tromb\u00f3n y","canonical_url":"https:\/\/candas365.es\/noticias\/abierto-el-plazo-para-optar-a-las-becas-de-la-banda-de-musica-de-candas\/","robots":"max-image-preview:large","keywords":"noticias carre\u00f1o","webmasterTools":{"google-site-verification":"UA-32230408-1","msvalidate.01":"354F3CDFB2DA171B47FBE9ABF1F88D5","miscellaneous":""},"schema":{"@context":"https:\/\/schema.org","@graph":[{"@type":"BreadcrumbList","@id":"https:\/\/candas365.es\/noticias\/abierto-el-plazo-para-optar-a-las-becas-de-la-banda-de-musica-de-candas\/#breadcrumblist","itemListElement":[{"@type":"ListItem","@id":"https:\/\/candas365.es\/noticias#listItem","position":1,"name":"Home","item":"https:\/\/candas365.es\/noticias","nextItem":{"@type":"ListItem","@id":"https:\/\/candas365.es\/noticias\/category\/noticias-carreno\/#listItem","name":"Noticias Carre\u00f1o"}},{"@type":"ListItem","@id":"https:\/\/candas365.es\/noticias\/category\/noticias-carreno\/#listItem","position":2,"name":"Noticias Carre\u00f1o","item":"https:\/\/candas365.es\/noticias\/category\/noticias-carreno\/","nextItem":{"@type":"ListItem","@id":"https:\/\/candas365.es\/noticias\/abierto-el-plazo-para-optar-a-las-becas-de-la-banda-de-musica-de-candas\/#listItem","name":"Abierto el plazo para optar a las becas para la Banda de M\u00fasica de Cand\u00e1s"},"previousItem":{"@type":"ListItem","@id":"https:\/\/candas365.es\/noticias#listItem","name":"Home"}},{"@type":"ListItem","@id":"https:\/\/candas365.es\/noticias\/abierto-el-plazo-para-optar-a-las-becas-de-la-banda-de-musica-de-candas\/#listItem","position":3,"name":"Abierto el plazo para optar a las becas para la Banda de M\u00fasica de Cand\u00e1s","previousItem":{"@type":"ListItem","@id":"https:\/\/candas365.es\/noticias\/category\/noticias-carreno\/#listItem","name":"Noticias Carre\u00f1o"}}]},{"@type":"NewsArticle","@id":"https:\/\/candas365.es\/noticias\/abierto-el-plazo-para-optar-a-las-becas-de-la-banda-de-musica-de-candas\/#newsarticle","name":"Abierto el plazo para optar a las becas para la Banda de M\u00fasica de Cand\u00e1s | Cand\u00e1s 365","headline":"Abierto el plazo para optar a las becas para la Banda de M\u00fasica de Cand\u00e1s","author":{"@id":"https:\/\/candas365.es\/noticias\/author\/admin\/#author"},"publisher":{"@id":"https:\/\/candas365.es\/noticias\/#organization"},"image":{"@type":"ImageObject","url":"https:\/\/candas365.es\/noticias\/wp-content\/uploads\/2015\/01\/ayuntamiento.jpg","width":800,"height":600,"caption":"Carre\u00f1o"},"datePublished":"2018-03-18T21:50:45+01:00","dateModified":"2018-03-18T21:58:15+01:00","inLanguage":"es-ES","mainEntityOfPage":{"@id":"https:\/\/candas365.es\/noticias\/abierto-el-plazo-para-optar-a-las-becas-de-la-banda-de-musica-de-candas\/#webpage"},"isPartOf":{"@id":"https:\/\/candas365.es\/noticias\/abierto-el-plazo-para-optar-a-las-becas-de-la-banda-de-musica-de-candas\/#webpage"},"articleSection":"Noticias Carre\u00f1o","dateline":"Publicado el marzo 18, 2018."},{"@type":"Organization","@id":"https:\/\/candas365.es\/noticias\/#organization","name":"Cand\u00e1s 365","description":"Cand\u00e1s 365 es un diario digital independiente, fundado en 2012, con base en Asturias. Informamos con rigor sobre actualidad, sociedad, cultura y ocio, con una mirada local y global.","url":"https:\/\/candas365.es\/noticias\/","email":"info@candas365.es","telephone":"+34652131393","foundingDate":"2012-06-10","logo":{"@type":"ImageObject","url":"https:\/\/candas365.es\/noticias\/wp-content\/uploads\/2024\/09\/Candas-365-Redes.jpg","@id":"https:\/\/candas365.es\/noticias\/abierto-el-plazo-para-optar-a-las-becas-de-la-banda-de-musica-de-candas\/#organizationLogo","width":1152,"height":864,"caption":"Cand\u00e1s 365 Redes"},"image":{"@id":"https:\/\/candas365.es\/noticias\/abierto-el-plazo-para-optar-a-las-becas-de-la-banda-de-musica-de-candas\/#organizationLogo"},"sameAs":["https:\/\/www.facebook.com\/Nachofdezber","https:\/\/x.com\/NabercoDigital","https:\/\/www.instagram.com\/nachofdezber\/","https:\/\/www.youtube.com\/channel\/UCZP-2wLEB9Rv6erhFmqVnvg"],"address":{"@id":"https:\/\/candas365.es\/noticias\/#postaladdress","@type":"PostalAddress","streetAddress":"san antonio 4, san antonio 4","postalCode":"33430","addressLocality":"Cand\u00e1s","addressRegion":"Asturias","addressCountry":"ES"}},{"@type":"Person","@id":"https:\/\/candas365.es\/noticias\/author\/admin\/#author","url":"https:\/\/candas365.es\/noticias\/author\/admin\/","name":"Cand\u00e1s 365","image":{"@type":"ImageObject","@id":"https:\/\/candas365.es\/noticias\/abierto-el-plazo-para-optar-a-las-becas-de-la-banda-de-musica-de-candas\/#authorImage","url":"https:\/\/secure.gravatar.com\/avatar\/496a8e03d0c493ede1718b7934145dbdf8d89be1036b0eec9544e1094c9de390?s=96&d=mm&r=g","width":96,"height":96,"caption":"Cand\u00e1s 365"},"sameAs":["https:\/\/www.facebook.com\/carrenoactualidad","https:\/\/twitter.com\/nbasturias","https:\/\/www.instagram.com\/nachofdezber\/","https:\/\/www.youtube.com\/channel\/UCZP-2wLEB9Rv6erhFmqVnvg"]},{"@type":"WebPage","@id":"https:\/\/candas365.es\/noticias\/abierto-el-plazo-para-optar-a-las-becas-de-la-banda-de-musica-de-candas\/#webpage","url":"https:\/\/candas365.es\/noticias\/abierto-el-plazo-para-optar-a-las-becas-de-la-banda-de-musica-de-candas\/","name":"Abierto el plazo para optar a las becas para la Banda de M\u00fasica de Cand\u00e1s | Cand\u00e1s 365","description":"El Ayuntamiento de Carre\u00f1o abre el plazo de presentaci\u00f3n de solicitudes para reforzar con 5 becas a la Banda de M\u00fasica de Cand\u00e1s para el curso 2017-2018. El objeto de la convocatoria es la provisi\u00f3n de cinco instrumentos de viento, como refuerzo a la Banda local. Se seleccionar\u00e1n tres para clarinete, una para tromb\u00f3n y","inLanguage":"es-ES","isPartOf":{"@id":"https:\/\/candas365.es\/noticias\/#website"},"breadcrumb":{"@id":"https:\/\/candas365.es\/noticias\/abierto-el-plazo-para-optar-a-las-becas-de-la-banda-de-musica-de-candas\/#breadcrumblist"},"author":{"@id":"https:\/\/candas365.es\/noticias\/author\/admin\/#author"},"creator":{"@id":"https:\/\/candas365.es\/noticias\/author\/admin\/#author"},"image":{"@type":"ImageObject","url":"https:\/\/candas365.es\/noticias\/wp-content\/uploads\/2015\/01\/ayuntamiento.jpg","@id":"https:\/\/candas365.es\/noticias\/abierto-el-plazo-para-optar-a-las-becas-de-la-banda-de-musica-de-candas\/#mainImage","width":800,"height":600,"caption":"Carre\u00f1o"},"primaryImageOfPage":{"@id":"https:\/\/candas365.es\/noticias\/abierto-el-plazo-para-optar-a-las-becas-de-la-banda-de-musica-de-candas\/#mainImage"},"datePublished":"2018-03-18T21:50:45+01:00","dateModified":"2018-03-18T21:58:15+01:00"},{"@type":"WebSite","@id":"https:\/\/candas365.es\/noticias\/#website","url":"https:\/\/candas365.es\/noticias\/","name":"Cand\u00e1s 365","alternateName":"Cand\u00e1s 365 Noticias","description":"Actualidad desde Carre\u00f1o para el mundo","inLanguage":"es-ES","publisher":{"@id":"https:\/\/candas365.es\/noticias\/#organization"}}]},"og:locale":"es_ES","og:site_name":"Cand\u00e1s 365","og:type":"article","og:title":"Abierto el plazo para optar a las becas para la Banda de M\u00fasica de Cand\u00e1s | Cand\u00e1s 365","og:description":"El Ayuntamiento de Carre\u00f1o abre el plazo de presentaci\u00f3n de solicitudes para reforzar con 5 becas a la Banda de M\u00fasica de Cand\u00e1s para el curso 2017-2018. El objeto de la convocatoria es la provisi\u00f3n de cinco instrumentos de viento, como refuerzo a la Banda local. Se seleccionar\u00e1n tres para clarinete, una para tromb\u00f3n y","og:url":"https:\/\/candas365.es\/noticias\/abierto-el-plazo-para-optar-a-las-becas-de-la-banda-de-musica-de-candas\/","og:image":"https:\/\/candas365.es\/noticias\/wp-content\/uploads\/2015\/01\/ayuntamiento.jpg","og:image:secure_url":"https:\/\/candas365.es\/noticias\/wp-content\/uploads\/2015\/01\/ayuntamiento.jpg","og:image:width":800,"og:image:height":600,"article:published_time":"2018-03-18T21:50:45+00:00","article:modified_time":"2018-03-18T21:58:15+00:00","article:publisher":"https:\/\/www.facebook.com\/Nachofdezber","article:author":"https:\/\/www.facebook.com\/carrenoactualidad","twitter:card":"summary_large_image","twitter:site":"@NabercoDigital","twitter:title":"Abierto el plazo para optar a las becas para la Banda de M\u00fasica de Cand\u00e1s | Cand\u00e1s 365","twitter:description":"El Ayuntamiento de Carre\u00f1o abre el plazo de presentaci\u00f3n de solicitudes para reforzar con 5 becas a la Banda de M\u00fasica de Cand\u00e1s para el curso 2017-2018. El objeto de la convocatoria es la provisi\u00f3n de cinco instrumentos de viento, como refuerzo a la Banda local. Se seleccionar\u00e1n tres para clarinete, una para tromb\u00f3n y","twitter:creator":"@nbasturias","twitter:image":"https:\/\/candas365.es\/noticias\/wp-content\/uploads\/2015\/01\/ayuntamiento.jpg","twitter:label1":"Escrito por","twitter:data1":"Cand\u00e1s 365","twitter:label2":"Tiempo de lectura estimado","twitter:data2":"2 minutos"},"aioseo_meta_data":{"post_id":"91708","title":null,"description":null,"keywords":null,"keyphrases":null,"primary_term":null,"canonical_url":null,"og_title":null,"og_description":null,"og_object_type":"default","og_image_type":"default","og_image_url":null,"og_image_width":null,"og_image_height":null,"og_image_custom_url":null,"og_image_custom_fields":null,"og_video":null,"og_custom_url":null,"og_article_section":null,"og_article_tags":null,"twitter_use_og":false,"twitter_card":"default","twitter_image_type":"default","twitter_image_url":null,"twitter_image_custom_url":null,"twitter_image_custom_fields":null,"twitter_title":null,"twitter_description":null,"schema":{"blockGraphs":[],"customGraphs":[],"default":{"data":{"Article":[],"Course":[],"Dataset":[],"FAQPage":[],"Movie":[],"Person":[],"Product":[],"ProductReview":[],"Car":[],"Recipe":[],"Service":[],"SoftwareApplication":[],"WebPage":[]},"graphName":"","isEnabled":true},"graphs":[],"defaultGraph":"","defaultPostTypeGraph":""},"schema_type":null,"schema_type_options":null,"pillar_content":false,"robots_default":true,"robots_noindex":false,"robots_noarchive":false,"robots_nosnippet":false,"robots_nofollow":false,"robots_noimageindex":false,"robots_noodp":false,"robots_notranslate":false,"robots_max_snippet":null,"robots_max_videopreview":null,"robots_max_imagepreview":"large","priority":null,"frequency":null,"location":null,"local_seo":null,"seo_analyzer_scan_date":"2025-08-26 15:17:56","breadcrumb_settings":null,"limit_modified_date":false,"reviewed_by":null,"open_ai":null,"ai":null,"created":"2020-12-21 11:54:53","updated":"2025-08-26 15:17:56"},"aioseo_breadcrumb":"<div class=\"aioseo-breadcrumbs\"><span class=\"aioseo-breadcrumb\">\n\t<a href=\"https:\/\/candas365.es\/noticias\" title=\"Home\">Home<\/a>\n<\/span><span class=\"aioseo-breadcrumb-separator\">&ndash;<\/span><span class=\"aioseo-breadcrumb\">\n\t<a href=\"https:\/\/candas365.es\/noticias\/category\/noticias-carreno\/\" title=\"Noticias Carre\u00f1o\">Noticias Carre\u00f1o<\/a>\n<\/span><span class=\"aioseo-breadcrumb-separator\">&ndash;<\/span><span class=\"aioseo-breadcrumb\">\n\tAbierto el plazo para optar a las becas para la Banda de M\u00fasica de Cand\u00e1s\n<\/span><\/div>","aioseo_breadcrumb_json":[{"label":"Home","link":"https:\/\/candas365.es\/noticias"},{"label":"Noticias Carre\u00f1o","link":"https:\/\/candas365.es\/noticias\/category\/noticias-carreno\/"},{"label":"Abierto el plazo para optar a las becas para la Banda de M\u00fasica de Cand\u00e1s","link":"https:\/\/candas365.es\/noticias\/abierto-el-plazo-para-optar-a-las-becas-de-la-banda-de-musica-de-candas\/"}],"_links":{"self":[{"href":"https:\/\/candas365.es\/noticias\/wp-json\/wp\/v2\/posts\/91708","targetHints":{"allow":["GET"]}}],"collection":[{"href":"https:\/\/candas365.es\/noticias\/wp-json\/wp\/v2\/posts"}],"about":[{"href":"https:\/\/candas365.es\/noticias\/wp-json\/wp\/v2\/types\/post"}],"author":[{"embeddable":true,"href":"https:\/\/candas365.es\/noticias\/wp-json\/wp\/v2\/users\/1"}],"replies":[{"embeddable":true,"href":"https:\/\/candas365.es\/noticias\/wp-json\/wp\/v2\/comments?post=91708"}],"version-history":[{"count":0,"href":"https:\/\/candas365.es\/noticias\/wp-json\/wp\/v2\/posts\/91708\/revisions"}],"wp:featuredmedia":[{"embeddable":true,"href":"https:\/\/candas365.es\/noticias\/wp-json\/wp\/v2\/media\/6453"}],"wp:attachment":[{"href":"https:\/\/candas365.es\/noticias\/wp-json\/wp\/v2\/media?parent=91708"}],"wp:term":[{"taxonomy":"category","embeddable":true,"href":"https:\/\/candas365.es\/noticias\/wp-json\/wp\/v2\/categories?post=91708"},{"taxonomy":"post_tag","embeddable":true,"href":"https:\/\/candas365.es\/noticias\/wp-json\/wp\/v2\/tags?post=91708"}],"curies":[{"name":"wp","href":"https:\/\/api.w.org\/{rel}","templated":true}]}}