{"id":90779,"date":"2018-02-28T14:31:36","date_gmt":"2018-02-28T14:31:36","guid":{"rendered":"http:\/\/candas365.es\/noticias\/?p=90779"},"modified":"2018-02-28T14:31:36","modified_gmt":"2018-02-28T14:31:36","slug":"los-voluntarios-de-cruz-roja-se-reunen-el-sabado-en-candas","status":"publish","type":"post","link":"https:\/\/candas365.es\/noticias\/los-voluntarios-de-cruz-roja-se-reunen-el-sabado-en-candas\/","title":{"rendered":"Los voluntarios de Cruz Roja se re\u00fanen el s\u00e1bado en Cand\u00e1s"},"content":{"rendered":"<p><img fetchpriority=\"high\" decoding=\"async\" class=\"alignleft size-medium wp-image-2364\" src=\"https:\/\/candas365.es\/noticias\/wp-content\/uploads\/2014\/10\/Polivalente-360x270.jpg\" alt=\"\" width=\"360\" height=\"270\" srcset=\"https:\/\/candas365.es\/noticias\/wp-content\/uploads\/2014\/10\/Polivalente-360x270.jpg 360w, https:\/\/candas365.es\/noticias\/wp-content\/uploads\/2014\/10\/Polivalente-640x480.jpg 640w, https:\/\/candas365.es\/noticias\/wp-content\/uploads\/2014\/10\/Polivalente-768x576.jpg 768w, https:\/\/candas365.es\/noticias\/wp-content\/uploads\/2014\/10\/Polivalente-150x113.jpg 150w, https:\/\/candas365.es\/noticias\/wp-content\/uploads\/2014\/10\/Polivalente-450x338.jpg 450w, https:\/\/candas365.es\/noticias\/wp-content\/uploads\/2014\/10\/Polivalente-80x60.jpg 80w, https:\/\/candas365.es\/noticias\/wp-content\/uploads\/2014\/10\/Polivalente-265x198.jpg 265w, https:\/\/candas365.es\/noticias\/wp-content\/uploads\/2014\/10\/Polivalente-696x522.jpg 696w, https:\/\/candas365.es\/noticias\/wp-content\/uploads\/2014\/10\/Polivalente-560x420.jpg 560w, https:\/\/candas365.es\/noticias\/wp-content\/uploads\/2014\/10\/Polivalente-90x67.jpg 90w, https:\/\/candas365.es\/noticias\/wp-content\/uploads\/2014\/10\/Polivalente.jpg 1024w\" sizes=\"(max-width: 360px) 100vw, 360px\" \/>La Asamblea local de Cruz Roja en Carre\u00f1o, que preside Covadonga Gonz\u00e1lez, impulsa en el municipio este encuentro auton\u00f3mico que tendr\u00e1 lugar, este s\u00e1bado, d\u00eda 3 de Marzo en horario de 11 a 19 horas en el Centro Polivalente \u201cLa Baraga\u00f1a\u201d. El Encuentro regional lleva por t\u00edtulo \u201cVida Asociativa de Cruz Roja Juventud\u201d .<\/p>\n<p>El programa previsto consiste en un encuentro entre todos los grupos locales de j\u00f3venes que hacen voluntariado en las diferentes asambleas de Cruz Roja en Asturias. Se reunir\u00e1n en Carre\u00f1o, con el objetivo de mejorar las relaciones entre el voluntariado, formarse, compartir experiencias y pasar un d\u00eda de convivencia.<\/p>\n<p>\u201cSe pretende que sea un d\u00eda enriquecedor y sirve de motivaci\u00f3n para quienes hacemos voluntariado\u201d \u2013 se\u00f1al\u00f3 Marina Gonz\u00e1lez, joven de Cand\u00e1s que es voluntaria de la Asamblea local de Carre\u00f1o.<\/p>\n<p>\u201cEn el acto nos conoceremos voluntarios y voluntarias de toda Asturias e intercambiar\u00e1n ideas. Entre las actividades que desarrollaremos, destacan talleres sobre Violencia de G\u00e9nero, Drogodependencias y Primeros Auxilios. Tambi\u00e9n est\u00e1 previsto para descansar hacer algunas din\u00e1micas, juegos y actividades l\u00fadicas\u201d \u2013 se\u00f1al\u00f3 Marina Glez.<\/p>\n<p>\u201cSe estima una participaci\u00f3n de 40 j\u00f3venes (Secci\u00f3n Juvenil de Cruz Roja) que vienen de todas partes de Asturias. Cruz Roja juventud est\u00e1 \u00fanicamente formado por voluntarios de menos de 30 a\u00f1os cuya acci\u00f3n se dirige generalmente a ese mismo colectivo\u201d \u2013 afirm\u00f3 la presidenta de la Asamblea Local de Carre\u00f1o.<\/p>\n<p>En el acto de bienvenida e inauguraci\u00f3n habr\u00e1 representaci\u00f3n de responsables de Cruz Roja Asturias, as\u00ed como de la Concejala de Juventud, Paula Cuervo y la Alcaldesa de Carre\u00f1o, Amelia Fern\u00e1ndez.<\/p>\n<p>\u201cEl Ayuntamiento de Carre\u00f1o participar\u00e1 en dicho Encuentro, mostrando as\u00ed el apoyo que brindamos, a la labor que hace Cruz Roja y para resaltar tambi\u00e9n el trabajo hacen desde Juventud y la acci\u00f3n formativa que lleva a cabo con sus j\u00f3venes t\u00e9cnicos\/as y voluntariado. Es de destacar lo que invierten en la formaci\u00f3n de nuestra juventud y este encuentro es buena muestra de ello, ya que su principal objetivo es continuar con la labor formativa tras su trabajo diario durante todo el a\u00f1o. Compartir y unificar criterios y esfuerzos, trabajando en equipo son acciones, a nuestro entender, muy positivas para la poblaci\u00f3n joven. Encuentros y acciones como \u00e9sta son importantes y se enmarcan claramente en la transmisi\u00f3n de los valores humanitarios y principios fundamentales del Movimiento Internacional de la Cruz Roja y de la Media Luna Roja con quien colaboramos estrechamente\u201d\u2013 concluy\u00f3 la Alcaldesa, Amelia Fern\u00e1ndez.<\/p>\n","protected":false},"excerpt":{"rendered":"<p>La Asamblea local de Cruz Roja en Carre\u00f1o, que preside Covadonga Gonz\u00e1lez, impulsa en el municipio este encuentro auton\u00f3mico que tendr\u00e1 lugar, este s\u00e1bado, d\u00eda 3 de Marzo en horario de 11 a 19 horas en el Centro Polivalente \u201cLa Baraga\u00f1a\u201d. El Encuentro regional lleva por t\u00edtulo \u201cVida Asociativa de Cruz Roja Juventud\u201d . El<\/p>\n","protected":false},"author":1,"featured_media":2364,"comment_status":"closed","ping_status":"closed","sticky":false,"template":"","format":"standard","meta":{"footnotes":""},"categories":[2],"tags":[],"class_list":{"0":"post-90779","1":"post","2":"type-post","3":"status-publish","4":"format-standard","5":"has-post-thumbnail","7":"category-noticias-carreno"},"aioseo_notices":[],"aioseo_head":"\n\t\t<!-- All in One SEO Pro 4.9.6.2 - aioseo.com -->\n\t<meta name=\"description\" content=\"La Asamblea local de Cruz Roja en Carre\u00f1o, que preside Covadonga Gonz\u00e1lez, impulsa en el municipio este encuentro auton\u00f3mico que tendr\u00e1 lugar, este s\u00e1bado, d\u00eda 3 de Marzo en horario de 11 a 19 horas en el Centro Polivalente \u201cLa Baraga\u00f1a\u201d. El Encuentro regional lleva por t\u00edtulo \u201cVida Asociativa de Cruz Roja Juventud\u201d . El\" \/>\n\t<meta name=\"robots\" content=\"max-image-preview:large\" \/>\n\t<meta name=\"author\" content=\"Cand\u00e1s 365\"\/>\n\t<meta name=\"google-site-verification\" content=\"UA-32230408-1\" \/>\n\t<meta name=\"msvalidate.01\" content=\"354F3CDFB2DA171B47FBE9ABF1F88D5\" \/>\n\t<meta name=\"keywords\" content=\"noticias carre\u00f1o\" \/>\n\t<link rel=\"canonical\" href=\"https:\/\/candas365.es\/noticias\/los-voluntarios-de-cruz-roja-se-reunen-el-sabado-en-candas\/\" \/>\n\t<meta name=\"generator\" content=\"All in One SEO Pro (AIOSEO) 4.9.6.2\" \/>\n\t\t<meta property=\"og:locale\" content=\"es_ES\" \/>\n\t\t<meta property=\"og:site_name\" content=\"Cand\u00e1s 365\" \/>\n\t\t<meta property=\"og:type\" content=\"article\" \/>\n\t\t<meta property=\"og:title\" content=\"Los voluntarios de Cruz Roja se re\u00fanen el s\u00e1bado en Cand\u00e1s | Cand\u00e1s 365\" \/>\n\t\t<meta property=\"og:description\" content=\"La Asamblea local de Cruz Roja en Carre\u00f1o, que preside Covadonga Gonz\u00e1lez, impulsa en el municipio este encuentro auton\u00f3mico que tendr\u00e1 lugar, este s\u00e1bado, d\u00eda 3 de Marzo en horario de 11 a 19 horas en el Centro Polivalente \u201cLa Baraga\u00f1a\u201d. El Encuentro regional lleva por t\u00edtulo \u201cVida Asociativa de Cruz Roja Juventud\u201d . El\" \/>\n\t\t<meta property=\"og:url\" content=\"https:\/\/candas365.es\/noticias\/los-voluntarios-de-cruz-roja-se-reunen-el-sabado-en-candas\/\" \/>\n\t\t<meta property=\"og:image\" content=\"https:\/\/candas365.es\/noticias\/wp-content\/uploads\/2014\/10\/Polivalente.jpg\" \/>\n\t\t<meta property=\"og:image:secure_url\" content=\"https:\/\/candas365.es\/noticias\/wp-content\/uploads\/2014\/10\/Polivalente.jpg\" \/>\n\t\t<meta property=\"og:image:width\" content=\"1024\" \/>\n\t\t<meta property=\"og:image:height\" content=\"768\" \/>\n\t\t<meta property=\"article:published_time\" content=\"2018-02-28T14:31:36+00:00\" \/>\n\t\t<meta property=\"article:modified_time\" content=\"2018-02-28T14:31:36+00:00\" \/>\n\t\t<meta property=\"article:publisher\" content=\"https:\/\/www.facebook.com\/Nachofdezber\" \/>\n\t\t<meta property=\"article:author\" content=\"https:\/\/www.facebook.com\/carrenoactualidad\" \/>\n\t\t<meta name=\"twitter:card\" content=\"summary_large_image\" \/>\n\t\t<meta name=\"twitter:site\" content=\"@NabercoDigital\" \/>\n\t\t<meta name=\"twitter:title\" content=\"Los voluntarios de Cruz Roja se re\u00fanen el s\u00e1bado en Cand\u00e1s | Cand\u00e1s 365\" \/>\n\t\t<meta name=\"twitter:description\" content=\"La Asamblea local de Cruz Roja en Carre\u00f1o, que preside Covadonga Gonz\u00e1lez, impulsa en el municipio este encuentro auton\u00f3mico que tendr\u00e1 lugar, este s\u00e1bado, d\u00eda 3 de Marzo en horario de 11 a 19 horas en el Centro Polivalente \u201cLa Baraga\u00f1a\u201d. El Encuentro regional lleva por t\u00edtulo \u201cVida Asociativa de Cruz Roja Juventud\u201d . El\" \/>\n\t\t<meta name=\"twitter:creator\" content=\"@nbasturias\" \/>\n\t\t<meta name=\"twitter:image\" content=\"https:\/\/candas365.es\/noticias\/wp-content\/uploads\/2014\/10\/Polivalente.jpg\" \/>\n\t\t<meta name=\"twitter:label1\" content=\"Escrito por\" \/>\n\t\t<meta name=\"twitter:data1\" content=\"Cand\u00e1s 365\" \/>\n\t\t<meta name=\"twitter:label2\" content=\"Tiempo de lectura estimado\" \/>\n\t\t<meta name=\"twitter:data2\" content=\"2 minutos\" \/>\n\t\t<script type=\"application\/ld+json\" class=\"aioseo-schema\">\n\t\t\t{\"@context\":\"https:\\\/\\\/schema.org\",\"@graph\":[{\"@type\":\"BreadcrumbList\",\"@id\":\"https:\\\/\\\/candas365.es\\\/noticias\\\/los-voluntarios-de-cruz-roja-se-reunen-el-sabado-en-candas\\\/#breadcrumblist\",\"itemListElement\":[{\"@type\":\"ListItem\",\"@id\":\"https:\\\/\\\/candas365.es\\\/noticias#listItem\",\"position\":1,\"name\":\"Home\",\"item\":\"https:\\\/\\\/candas365.es\\\/noticias\",\"nextItem\":{\"@type\":\"ListItem\",\"@id\":\"https:\\\/\\\/candas365.es\\\/noticias\\\/category\\\/noticias-carreno\\\/#listItem\",\"name\":\"Noticias Carre\\u00f1o\"}},{\"@type\":\"ListItem\",\"@id\":\"https:\\\/\\\/candas365.es\\\/noticias\\\/category\\\/noticias-carreno\\\/#listItem\",\"position\":2,\"name\":\"Noticias Carre\\u00f1o\",\"item\":\"https:\\\/\\\/candas365.es\\\/noticias\\\/category\\\/noticias-carreno\\\/\",\"nextItem\":{\"@type\":\"ListItem\",\"@id\":\"https:\\\/\\\/candas365.es\\\/noticias\\\/los-voluntarios-de-cruz-roja-se-reunen-el-sabado-en-candas\\\/#listItem\",\"name\":\"Los voluntarios de Cruz Roja se re\\u00fanen el s\\u00e1bado en Cand\\u00e1s\"},\"previousItem\":{\"@type\":\"ListItem\",\"@id\":\"https:\\\/\\\/candas365.es\\\/noticias#listItem\",\"name\":\"Home\"}},{\"@type\":\"ListItem\",\"@id\":\"https:\\\/\\\/candas365.es\\\/noticias\\\/los-voluntarios-de-cruz-roja-se-reunen-el-sabado-en-candas\\\/#listItem\",\"position\":3,\"name\":\"Los voluntarios de Cruz Roja se re\\u00fanen el s\\u00e1bado en Cand\\u00e1s\",\"previousItem\":{\"@type\":\"ListItem\",\"@id\":\"https:\\\/\\\/candas365.es\\\/noticias\\\/category\\\/noticias-carreno\\\/#listItem\",\"name\":\"Noticias Carre\\u00f1o\"}}]},{\"@type\":\"NewsArticle\",\"@id\":\"https:\\\/\\\/candas365.es\\\/noticias\\\/los-voluntarios-de-cruz-roja-se-reunen-el-sabado-en-candas\\\/#newsarticle\",\"name\":\"Los voluntarios de Cruz Roja se re\\u00fanen el s\\u00e1bado en Cand\\u00e1s | Cand\\u00e1s 365\",\"headline\":\"Los voluntarios de Cruz Roja se re\\u00fanen el s\\u00e1bado en Cand\\u00e1s\",\"author\":{\"@id\":\"https:\\\/\\\/candas365.es\\\/noticias\\\/author\\\/admin\\\/#author\"},\"publisher\":{\"@id\":\"https:\\\/\\\/candas365.es\\\/noticias\\\/#organization\"},\"image\":{\"@type\":\"ImageObject\",\"url\":\"https:\\\/\\\/candas365.es\\\/noticias\\\/wp-content\\\/uploads\\\/2014\\\/10\\\/Polivalente.jpg\",\"width\":1024,\"height\":768},\"datePublished\":\"2018-02-28T14:31:36+01:00\",\"dateModified\":\"2018-02-28T14:31:36+01:00\",\"inLanguage\":\"es-ES\",\"mainEntityOfPage\":{\"@id\":\"https:\\\/\\\/candas365.es\\\/noticias\\\/los-voluntarios-de-cruz-roja-se-reunen-el-sabado-en-candas\\\/#webpage\"},\"isPartOf\":{\"@id\":\"https:\\\/\\\/candas365.es\\\/noticias\\\/los-voluntarios-de-cruz-roja-se-reunen-el-sabado-en-candas\\\/#webpage\"},\"articleSection\":\"Noticias Carre\\u00f1o\",\"dateline\":\"Publicado el febrero 28, 2018.\"},{\"@type\":\"Organization\",\"@id\":\"https:\\\/\\\/candas365.es\\\/noticias\\\/#organization\",\"name\":\"Cand\\u00e1s 365\",\"description\":\"Cand\\u00e1s 365 es un diario digital independiente, fundado en 2012, con base en Asturias. Informamos con rigor sobre actualidad, sociedad, cultura y ocio, con una mirada local y global.\",\"url\":\"https:\\\/\\\/candas365.es\\\/noticias\\\/\",\"email\":\"info@candas365.es\",\"telephone\":\"+34652131393\",\"foundingDate\":\"2012-06-10\",\"logo\":{\"@type\":\"ImageObject\",\"url\":\"https:\\\/\\\/candas365.es\\\/noticias\\\/wp-content\\\/uploads\\\/2024\\\/09\\\/Candas-365-Redes.jpg\",\"@id\":\"https:\\\/\\\/candas365.es\\\/noticias\\\/los-voluntarios-de-cruz-roja-se-reunen-el-sabado-en-candas\\\/#organizationLogo\",\"width\":1152,\"height\":864,\"caption\":\"Cand\\u00e1s 365 Redes\"},\"image\":{\"@id\":\"https:\\\/\\\/candas365.es\\\/noticias\\\/los-voluntarios-de-cruz-roja-se-reunen-el-sabado-en-candas\\\/#organizationLogo\"},\"sameAs\":[\"https:\\\/\\\/www.facebook.com\\\/Nachofdezber\",\"https:\\\/\\\/x.com\\\/NabercoDigital\",\"https:\\\/\\\/www.instagram.com\\\/nachofdezber\\\/\",\"https:\\\/\\\/www.youtube.com\\\/channel\\\/UCZP-2wLEB9Rv6erhFmqVnvg\"],\"address\":{\"@id\":\"https:\\\/\\\/candas365.es\\\/noticias\\\/#postaladdress\",\"@type\":\"PostalAddress\",\"streetAddress\":\"san antonio 4, san antonio 4\",\"postalCode\":\"33430\",\"addressLocality\":\"Cand\\u00e1s\",\"addressRegion\":\"Asturias\",\"addressCountry\":\"ES\"}},{\"@type\":\"Person\",\"@id\":\"https:\\\/\\\/candas365.es\\\/noticias\\\/author\\\/admin\\\/#author\",\"url\":\"https:\\\/\\\/candas365.es\\\/noticias\\\/author\\\/admin\\\/\",\"name\":\"Cand\\u00e1s 365\",\"image\":{\"@type\":\"ImageObject\",\"@id\":\"https:\\\/\\\/candas365.es\\\/noticias\\\/los-voluntarios-de-cruz-roja-se-reunen-el-sabado-en-candas\\\/#authorImage\",\"url\":\"https:\\\/\\\/secure.gravatar.com\\\/avatar\\\/496a8e03d0c493ede1718b7934145dbdf8d89be1036b0eec9544e1094c9de390?s=96&d=mm&r=g\",\"width\":96,\"height\":96,\"caption\":\"Cand\\u00e1s 365\"},\"sameAs\":[\"https:\\\/\\\/www.facebook.com\\\/carrenoactualidad\",\"https:\\\/\\\/twitter.com\\\/nbasturias\",\"https:\\\/\\\/www.instagram.com\\\/nachofdezber\\\/\",\"https:\\\/\\\/www.youtube.com\\\/channel\\\/UCZP-2wLEB9Rv6erhFmqVnvg\"]},{\"@type\":\"WebPage\",\"@id\":\"https:\\\/\\\/candas365.es\\\/noticias\\\/los-voluntarios-de-cruz-roja-se-reunen-el-sabado-en-candas\\\/#webpage\",\"url\":\"https:\\\/\\\/candas365.es\\\/noticias\\\/los-voluntarios-de-cruz-roja-se-reunen-el-sabado-en-candas\\\/\",\"name\":\"Los voluntarios de Cruz Roja se re\\u00fanen el s\\u00e1bado en Cand\\u00e1s | Cand\\u00e1s 365\",\"description\":\"La Asamblea local de Cruz Roja en Carre\\u00f1o, que preside Covadonga Gonz\\u00e1lez, impulsa en el municipio este encuentro auton\\u00f3mico que tendr\\u00e1 lugar, este s\\u00e1bado, d\\u00eda 3 de Marzo en horario de 11 a 19 horas en el Centro Polivalente \\u201cLa Baraga\\u00f1a\\u201d. El Encuentro regional lleva por t\\u00edtulo \\u201cVida Asociativa de Cruz Roja Juventud\\u201d . El\",\"inLanguage\":\"es-ES\",\"isPartOf\":{\"@id\":\"https:\\\/\\\/candas365.es\\\/noticias\\\/#website\"},\"breadcrumb\":{\"@id\":\"https:\\\/\\\/candas365.es\\\/noticias\\\/los-voluntarios-de-cruz-roja-se-reunen-el-sabado-en-candas\\\/#breadcrumblist\"},\"author\":{\"@id\":\"https:\\\/\\\/candas365.es\\\/noticias\\\/author\\\/admin\\\/#author\"},\"creator\":{\"@id\":\"https:\\\/\\\/candas365.es\\\/noticias\\\/author\\\/admin\\\/#author\"},\"image\":{\"@type\":\"ImageObject\",\"url\":\"https:\\\/\\\/candas365.es\\\/noticias\\\/wp-content\\\/uploads\\\/2014\\\/10\\\/Polivalente.jpg\",\"@id\":\"https:\\\/\\\/candas365.es\\\/noticias\\\/los-voluntarios-de-cruz-roja-se-reunen-el-sabado-en-candas\\\/#mainImage\",\"width\":1024,\"height\":768},\"primaryImageOfPage\":{\"@id\":\"https:\\\/\\\/candas365.es\\\/noticias\\\/los-voluntarios-de-cruz-roja-se-reunen-el-sabado-en-candas\\\/#mainImage\"},\"datePublished\":\"2018-02-28T14:31:36+01:00\",\"dateModified\":\"2018-02-28T14:31:36+01:00\"},{\"@type\":\"WebSite\",\"@id\":\"https:\\\/\\\/candas365.es\\\/noticias\\\/#website\",\"url\":\"https:\\\/\\\/candas365.es\\\/noticias\\\/\",\"name\":\"Cand\\u00e1s 365\",\"alternateName\":\"Cand\\u00e1s 365 Noticias\",\"description\":\"Actualidad desde Carre\\u00f1o para el mundo\",\"inLanguage\":\"es-ES\",\"publisher\":{\"@id\":\"https:\\\/\\\/candas365.es\\\/noticias\\\/#organization\"}}]}\n\t\t<\/script>\n\t\t<!-- All in One SEO Pro -->\r\n\t\t<title>Los voluntarios de Cruz Roja se re\u00fanen el s\u00e1bado en Cand\u00e1s | Cand\u00e1s 365<\/title>\n\n","aioseo_head_json":{"title":"Los voluntarios de Cruz Roja se re\u00fanen el s\u00e1bado en Cand\u00e1s | Cand\u00e1s 365","description":"La Asamblea local de Cruz Roja en Carre\u00f1o, que preside Covadonga Gonz\u00e1lez, impulsa en el municipio este encuentro auton\u00f3mico que tendr\u00e1 lugar, este s\u00e1bado, d\u00eda 3 de Marzo en horario de 11 a 19 horas en el Centro Polivalente \u201cLa Baraga\u00f1a\u201d. El Encuentro regional lleva por t\u00edtulo \u201cVida Asociativa de Cruz Roja Juventud\u201d . El","canonical_url":"https:\/\/candas365.es\/noticias\/los-voluntarios-de-cruz-roja-se-reunen-el-sabado-en-candas\/","robots":"max-image-preview:large","keywords":"noticias carre\u00f1o","webmasterTools":{"google-site-verification":"UA-32230408-1","msvalidate.01":"354F3CDFB2DA171B47FBE9ABF1F88D5","miscellaneous":""},"schema":{"@context":"https:\/\/schema.org","@graph":[{"@type":"BreadcrumbList","@id":"https:\/\/candas365.es\/noticias\/los-voluntarios-de-cruz-roja-se-reunen-el-sabado-en-candas\/#breadcrumblist","itemListElement":[{"@type":"ListItem","@id":"https:\/\/candas365.es\/noticias#listItem","position":1,"name":"Home","item":"https:\/\/candas365.es\/noticias","nextItem":{"@type":"ListItem","@id":"https:\/\/candas365.es\/noticias\/category\/noticias-carreno\/#listItem","name":"Noticias Carre\u00f1o"}},{"@type":"ListItem","@id":"https:\/\/candas365.es\/noticias\/category\/noticias-carreno\/#listItem","position":2,"name":"Noticias Carre\u00f1o","item":"https:\/\/candas365.es\/noticias\/category\/noticias-carreno\/","nextItem":{"@type":"ListItem","@id":"https:\/\/candas365.es\/noticias\/los-voluntarios-de-cruz-roja-se-reunen-el-sabado-en-candas\/#listItem","name":"Los voluntarios de Cruz Roja se re\u00fanen el s\u00e1bado en Cand\u00e1s"},"previousItem":{"@type":"ListItem","@id":"https:\/\/candas365.es\/noticias#listItem","name":"Home"}},{"@type":"ListItem","@id":"https:\/\/candas365.es\/noticias\/los-voluntarios-de-cruz-roja-se-reunen-el-sabado-en-candas\/#listItem","position":3,"name":"Los voluntarios de Cruz Roja se re\u00fanen el s\u00e1bado en Cand\u00e1s","previousItem":{"@type":"ListItem","@id":"https:\/\/candas365.es\/noticias\/category\/noticias-carreno\/#listItem","name":"Noticias Carre\u00f1o"}}]},{"@type":"NewsArticle","@id":"https:\/\/candas365.es\/noticias\/los-voluntarios-de-cruz-roja-se-reunen-el-sabado-en-candas\/#newsarticle","name":"Los voluntarios de Cruz Roja se re\u00fanen el s\u00e1bado en Cand\u00e1s | Cand\u00e1s 365","headline":"Los voluntarios de Cruz Roja se re\u00fanen el s\u00e1bado en Cand\u00e1s","author":{"@id":"https:\/\/candas365.es\/noticias\/author\/admin\/#author"},"publisher":{"@id":"https:\/\/candas365.es\/noticias\/#organization"},"image":{"@type":"ImageObject","url":"https:\/\/candas365.es\/noticias\/wp-content\/uploads\/2014\/10\/Polivalente.jpg","width":1024,"height":768},"datePublished":"2018-02-28T14:31:36+01:00","dateModified":"2018-02-28T14:31:36+01:00","inLanguage":"es-ES","mainEntityOfPage":{"@id":"https:\/\/candas365.es\/noticias\/los-voluntarios-de-cruz-roja-se-reunen-el-sabado-en-candas\/#webpage"},"isPartOf":{"@id":"https:\/\/candas365.es\/noticias\/los-voluntarios-de-cruz-roja-se-reunen-el-sabado-en-candas\/#webpage"},"articleSection":"Noticias Carre\u00f1o","dateline":"Publicado el febrero 28, 2018."},{"@type":"Organization","@id":"https:\/\/candas365.es\/noticias\/#organization","name":"Cand\u00e1s 365","description":"Cand\u00e1s 365 es un diario digital independiente, fundado en 2012, con base en Asturias. Informamos con rigor sobre actualidad, sociedad, cultura y ocio, con una mirada local y global.","url":"https:\/\/candas365.es\/noticias\/","email":"info@candas365.es","telephone":"+34652131393","foundingDate":"2012-06-10","logo":{"@type":"ImageObject","url":"https:\/\/candas365.es\/noticias\/wp-content\/uploads\/2024\/09\/Candas-365-Redes.jpg","@id":"https:\/\/candas365.es\/noticias\/los-voluntarios-de-cruz-roja-se-reunen-el-sabado-en-candas\/#organizationLogo","width":1152,"height":864,"caption":"Cand\u00e1s 365 Redes"},"image":{"@id":"https:\/\/candas365.es\/noticias\/los-voluntarios-de-cruz-roja-se-reunen-el-sabado-en-candas\/#organizationLogo"},"sameAs":["https:\/\/www.facebook.com\/Nachofdezber","https:\/\/x.com\/NabercoDigital","https:\/\/www.instagram.com\/nachofdezber\/","https:\/\/www.youtube.com\/channel\/UCZP-2wLEB9Rv6erhFmqVnvg"],"address":{"@id":"https:\/\/candas365.es\/noticias\/#postaladdress","@type":"PostalAddress","streetAddress":"san antonio 4, san antonio 4","postalCode":"33430","addressLocality":"Cand\u00e1s","addressRegion":"Asturias","addressCountry":"ES"}},{"@type":"Person","@id":"https:\/\/candas365.es\/noticias\/author\/admin\/#author","url":"https:\/\/candas365.es\/noticias\/author\/admin\/","name":"Cand\u00e1s 365","image":{"@type":"ImageObject","@id":"https:\/\/candas365.es\/noticias\/los-voluntarios-de-cruz-roja-se-reunen-el-sabado-en-candas\/#authorImage","url":"https:\/\/secure.gravatar.com\/avatar\/496a8e03d0c493ede1718b7934145dbdf8d89be1036b0eec9544e1094c9de390?s=96&d=mm&r=g","width":96,"height":96,"caption":"Cand\u00e1s 365"},"sameAs":["https:\/\/www.facebook.com\/carrenoactualidad","https:\/\/twitter.com\/nbasturias","https:\/\/www.instagram.com\/nachofdezber\/","https:\/\/www.youtube.com\/channel\/UCZP-2wLEB9Rv6erhFmqVnvg"]},{"@type":"WebPage","@id":"https:\/\/candas365.es\/noticias\/los-voluntarios-de-cruz-roja-se-reunen-el-sabado-en-candas\/#webpage","url":"https:\/\/candas365.es\/noticias\/los-voluntarios-de-cruz-roja-se-reunen-el-sabado-en-candas\/","name":"Los voluntarios de Cruz Roja se re\u00fanen el s\u00e1bado en Cand\u00e1s | Cand\u00e1s 365","description":"La Asamblea local de Cruz Roja en Carre\u00f1o, que preside Covadonga Gonz\u00e1lez, impulsa en el municipio este encuentro auton\u00f3mico que tendr\u00e1 lugar, este s\u00e1bado, d\u00eda 3 de Marzo en horario de 11 a 19 horas en el Centro Polivalente \u201cLa Baraga\u00f1a\u201d. El Encuentro regional lleva por t\u00edtulo \u201cVida Asociativa de Cruz Roja Juventud\u201d . El","inLanguage":"es-ES","isPartOf":{"@id":"https:\/\/candas365.es\/noticias\/#website"},"breadcrumb":{"@id":"https:\/\/candas365.es\/noticias\/los-voluntarios-de-cruz-roja-se-reunen-el-sabado-en-candas\/#breadcrumblist"},"author":{"@id":"https:\/\/candas365.es\/noticias\/author\/admin\/#author"},"creator":{"@id":"https:\/\/candas365.es\/noticias\/author\/admin\/#author"},"image":{"@type":"ImageObject","url":"https:\/\/candas365.es\/noticias\/wp-content\/uploads\/2014\/10\/Polivalente.jpg","@id":"https:\/\/candas365.es\/noticias\/los-voluntarios-de-cruz-roja-se-reunen-el-sabado-en-candas\/#mainImage","width":1024,"height":768},"primaryImageOfPage":{"@id":"https:\/\/candas365.es\/noticias\/los-voluntarios-de-cruz-roja-se-reunen-el-sabado-en-candas\/#mainImage"},"datePublished":"2018-02-28T14:31:36+01:00","dateModified":"2018-02-28T14:31:36+01:00"},{"@type":"WebSite","@id":"https:\/\/candas365.es\/noticias\/#website","url":"https:\/\/candas365.es\/noticias\/","name":"Cand\u00e1s 365","alternateName":"Cand\u00e1s 365 Noticias","description":"Actualidad desde Carre\u00f1o para el mundo","inLanguage":"es-ES","publisher":{"@id":"https:\/\/candas365.es\/noticias\/#organization"}}]},"og:locale":"es_ES","og:site_name":"Cand\u00e1s 365","og:type":"article","og:title":"Los voluntarios de Cruz Roja se re\u00fanen el s\u00e1bado en Cand\u00e1s | Cand\u00e1s 365","og:description":"La Asamblea local de Cruz Roja en Carre\u00f1o, que preside Covadonga Gonz\u00e1lez, impulsa en el municipio este encuentro auton\u00f3mico que tendr\u00e1 lugar, este s\u00e1bado, d\u00eda 3 de Marzo en horario de 11 a 19 horas en el Centro Polivalente \u201cLa Baraga\u00f1a\u201d. El Encuentro regional lleva por t\u00edtulo \u201cVida Asociativa de Cruz Roja Juventud\u201d . El","og:url":"https:\/\/candas365.es\/noticias\/los-voluntarios-de-cruz-roja-se-reunen-el-sabado-en-candas\/","og:image":"https:\/\/candas365.es\/noticias\/wp-content\/uploads\/2014\/10\/Polivalente.jpg","og:image:secure_url":"https:\/\/candas365.es\/noticias\/wp-content\/uploads\/2014\/10\/Polivalente.jpg","og:image:width":1024,"og:image:height":768,"article:published_time":"2018-02-28T14:31:36+00:00","article:modified_time":"2018-02-28T14:31:36+00:00","article:publisher":"https:\/\/www.facebook.com\/Nachofdezber","article:author":"https:\/\/www.facebook.com\/carrenoactualidad","twitter:card":"summary_large_image","twitter:site":"@NabercoDigital","twitter:title":"Los voluntarios de Cruz Roja se re\u00fanen el s\u00e1bado en Cand\u00e1s | Cand\u00e1s 365","twitter:description":"La Asamblea local de Cruz Roja en Carre\u00f1o, que preside Covadonga Gonz\u00e1lez, impulsa en el municipio este encuentro auton\u00f3mico que tendr\u00e1 lugar, este s\u00e1bado, d\u00eda 3 de Marzo en horario de 11 a 19 horas en el Centro Polivalente \u201cLa Baraga\u00f1a\u201d. El Encuentro regional lleva por t\u00edtulo \u201cVida Asociativa de Cruz Roja Juventud\u201d . El","twitter:creator":"@nbasturias","twitter:image":"https:\/\/candas365.es\/noticias\/wp-content\/uploads\/2014\/10\/Polivalente.jpg","twitter:label1":"Escrito por","twitter:data1":"Cand\u00e1s 365","twitter:label2":"Tiempo de lectura estimado","twitter:data2":"2 minutos"},"aioseo_meta_data":{"post_id":"90779","title":null,"description":null,"keywords":null,"keyphrases":null,"primary_term":null,"canonical_url":null,"og_title":null,"og_description":null,"og_object_type":"default","og_image_type":"default","og_image_url":null,"og_image_width":null,"og_image_height":null,"og_image_custom_url":null,"og_image_custom_fields":null,"og_video":null,"og_custom_url":null,"og_article_section":null,"og_article_tags":null,"twitter_use_og":false,"twitter_card":"default","twitter_image_type":"default","twitter_image_url":null,"twitter_image_custom_url":null,"twitter_image_custom_fields":null,"twitter_title":null,"twitter_description":null,"schema":{"blockGraphs":[],"customGraphs":[],"default":{"data":{"Article":[],"Course":[],"Dataset":[],"FAQPage":[],"Movie":[],"Person":[],"Product":[],"ProductReview":[],"Car":[],"Recipe":[],"Service":[],"SoftwareApplication":[],"WebPage":[]},"graphName":"","isEnabled":true},"graphs":[],"defaultGraph":"","defaultPostTypeGraph":""},"schema_type":null,"schema_type_options":null,"pillar_content":false,"robots_default":true,"robots_noindex":false,"robots_noarchive":false,"robots_nosnippet":false,"robots_nofollow":false,"robots_noimageindex":false,"robots_noodp":false,"robots_notranslate":false,"robots_max_snippet":null,"robots_max_videopreview":null,"robots_max_imagepreview":"large","priority":null,"frequency":null,"location":null,"local_seo":null,"seo_analyzer_scan_date":"2025-08-26 14:02:17","breadcrumb_settings":null,"limit_modified_date":false,"reviewed_by":null,"open_ai":null,"ai":null,"created":"2020-12-21 11:55:31","updated":"2025-08-26 14:02:17"},"aioseo_breadcrumb":"<div class=\"aioseo-breadcrumbs\"><span class=\"aioseo-breadcrumb\">\n\t<a href=\"https:\/\/candas365.es\/noticias\" title=\"Home\">Home<\/a>\n<\/span><span class=\"aioseo-breadcrumb-separator\">&ndash;<\/span><span class=\"aioseo-breadcrumb\">\n\t<a href=\"https:\/\/candas365.es\/noticias\/category\/noticias-carreno\/\" title=\"Noticias Carre\u00f1o\">Noticias Carre\u00f1o<\/a>\n<\/span><span class=\"aioseo-breadcrumb-separator\">&ndash;<\/span><span class=\"aioseo-breadcrumb\">\n\tLos voluntarios de Cruz Roja se re\u00fanen el s\u00e1bado en Cand\u00e1s\n<\/span><\/div>","aioseo_breadcrumb_json":[{"label":"Home","link":"https:\/\/candas365.es\/noticias"},{"label":"Noticias Carre\u00f1o","link":"https:\/\/candas365.es\/noticias\/category\/noticias-carreno\/"},{"label":"Los voluntarios de Cruz Roja se re\u00fanen el s\u00e1bado en Cand\u00e1s","link":"https:\/\/candas365.es\/noticias\/los-voluntarios-de-cruz-roja-se-reunen-el-sabado-en-candas\/"}],"_links":{"self":[{"href":"https:\/\/candas365.es\/noticias\/wp-json\/wp\/v2\/posts\/90779","targetHints":{"allow":["GET"]}}],"collection":[{"href":"https:\/\/candas365.es\/noticias\/wp-json\/wp\/v2\/posts"}],"about":[{"href":"https:\/\/candas365.es\/noticias\/wp-json\/wp\/v2\/types\/post"}],"author":[{"embeddable":true,"href":"https:\/\/candas365.es\/noticias\/wp-json\/wp\/v2\/users\/1"}],"replies":[{"embeddable":true,"href":"https:\/\/candas365.es\/noticias\/wp-json\/wp\/v2\/comments?post=90779"}],"version-history":[{"count":0,"href":"https:\/\/candas365.es\/noticias\/wp-json\/wp\/v2\/posts\/90779\/revisions"}],"wp:featuredmedia":[{"embeddable":true,"href":"https:\/\/candas365.es\/noticias\/wp-json\/wp\/v2\/media\/2364"}],"wp:attachment":[{"href":"https:\/\/candas365.es\/noticias\/wp-json\/wp\/v2\/media?parent=90779"}],"wp:term":[{"taxonomy":"category","embeddable":true,"href":"https:\/\/candas365.es\/noticias\/wp-json\/wp\/v2\/categories?post=90779"},{"taxonomy":"post_tag","embeddable":true,"href":"https:\/\/candas365.es\/noticias\/wp-json\/wp\/v2\/tags?post=90779"}],"curies":[{"name":"wp","href":"https:\/\/api.w.org\/{rel}","templated":true}]}}