{"id":90728,"date":"2018-02-26T20:23:36","date_gmt":"2018-02-26T20:23:36","guid":{"rendered":"http:\/\/candas365.es\/noticias\/?p=90728"},"modified":"2018-02-26T20:23:36","modified_gmt":"2018-02-26T20:23:36","slug":"el-tiempo-lunes-26-de-febrero-2018","status":"publish","type":"post","link":"https:\/\/candas365.es\/noticias\/el-tiempo-lunes-26-de-febrero-2018\/","title":{"rendered":"El tiempo, lunes 26 de febrero 2018"},"content":{"rendered":"<p><img fetchpriority=\"high\" decoding=\"async\" class=\"alignleft size-medium wp-image-10387\" src=\"https:\/\/candas365.es\/noticias\/wp-content\/uploads\/2015\/04\/lluvia-360x198.jpg\" alt=\"\" width=\"360\" height=\"198\" srcset=\"https:\/\/candas365.es\/noticias\/wp-content\/uploads\/2015\/04\/lluvia-360x198.jpg 360w, https:\/\/candas365.es\/noticias\/wp-content\/uploads\/2015\/04\/lluvia-650x357.jpg 650w, https:\/\/candas365.es\/noticias\/wp-content\/uploads\/2015\/04\/lluvia-150x82.jpg 150w, https:\/\/candas365.es\/noticias\/wp-content\/uploads\/2015\/04\/lluvia-450x247.jpg 450w, https:\/\/candas365.es\/noticias\/wp-content\/uploads\/2015\/04\/lluvia.jpg 655w\" sizes=\"(max-width: 360px) 100vw, 360px\" \/>En Canarias se esperan chubascos ocasionalmente tormentosos a primeras horas, m\u00e1s intensos al norte del archipi\u00e9lago que tender\u00e1n a remitir por la ma\u00f1ana. En el cuadrante suroeste de la Pen\u00ednsula se espera aumento de la nubosidad, con precipitaciones por la tarde que se ir\u00e1n extendiendo desde Andaluc\u00eda Occidental hacia Extremadura y zonas de la Meseta Sur. En Catalu\u00f1a, cielos nubosos por la tarde con precipitaciones que pueden ser en forma de nieve en \u00e1reas de monta\u00f1a y amplias zonas del interior. En el norte de Baleares no se descartan precipitaciones d\u00e9biles y ocasionales al final del d\u00eda. Predominio de cielos poco nubosos en el resto del pa\u00eds, con intervalos de nubes bajas en el \u00e1rea Cant\u00e1brica.<\/p>\n<p>Cota de nieve en la Pen\u00ednsula: En el extremo nordeste, en torno a 500\/700 m bajando hasta los 200\/400 m. En el resto del tercio oriental, bajando desde los 800\/1000 m hasta 600\/800 m. En el tercio suroeste y Canarias, por encima de 1800 m.<\/p>\n<p>Las temperaturas diurnas descender\u00e1n en el tercio norte de la Pen\u00ednsula y Baleares, siendo el descenso notable en el noreste. Ascender\u00e1n en el resto del pa\u00eds. Heladas en gran parte del interior peninsular, fuertes en Pirineos.<\/p>\n<p>Vientos del suroeste y oeste en Canarias, fuerte al principio. De componente este en el Cant\u00e1brico y Galicia, donde habr\u00e1 intervalos fuertes con rachas muy fuertes. Predominio de vientos del suroeste flojos en la mitad sur peninsular y del nordeste flojos en la mitad norte y Baleares.<\/p>\n","protected":false},"excerpt":{"rendered":"<p>En Canarias se esperan chubascos ocasionalmente tormentosos a primeras horas, m\u00e1s intensos al norte del archipi\u00e9lago que tender\u00e1n a remitir por la ma\u00f1ana. En el cuadrante suroeste de la Pen\u00ednsula se espera aumento de la nubosidad, con precipitaciones por la tarde que se ir\u00e1n extendiendo desde Andaluc\u00eda Occidental hacia Extremadura y zonas de la Meseta<\/p>\n","protected":false},"author":1,"featured_media":40734,"comment_status":"closed","ping_status":"closed","sticky":false,"template":"","format":"standard","meta":{"footnotes":""},"categories":[1],"tags":[],"class_list":{"0":"post-90728","1":"post","2":"type-post","3":"status-publish","4":"format-standard","5":"has-post-thumbnail","7":"category-agenda"},"aioseo_notices":[],"aioseo_head":"\n\t\t<!-- All in One SEO Pro 4.9.6.2 - aioseo.com -->\n\t<meta name=\"description\" content=\"En Canarias se esperan chubascos ocasionalmente tormentosos a primeras horas, m\u00e1s intensos al norte del archipi\u00e9lago que tender\u00e1n a remitir por la ma\u00f1ana. En el cuadrante suroeste de la Pen\u00ednsula se espera aumento de la nubosidad, con precipitaciones por la tarde que se ir\u00e1n extendiendo desde Andaluc\u00eda Occidental hacia Extremadura y zonas de la Meseta\" \/>\n\t<meta name=\"robots\" content=\"max-image-preview:large\" \/>\n\t<meta name=\"author\" content=\"Cand\u00e1s 365\"\/>\n\t<meta name=\"google-site-verification\" content=\"UA-32230408-1\" \/>\n\t<meta name=\"msvalidate.01\" content=\"354F3CDFB2DA171B47FBE9ABF1F88D5\" \/>\n\t<meta name=\"keywords\" content=\"agenda\" \/>\n\t<link rel=\"canonical\" href=\"https:\/\/candas365.es\/noticias\/el-tiempo-lunes-26-de-febrero-2018\/\" \/>\n\t<meta name=\"generator\" content=\"All in One SEO Pro (AIOSEO) 4.9.6.2\" \/>\n\t\t<meta property=\"og:locale\" content=\"es_ES\" \/>\n\t\t<meta property=\"og:site_name\" content=\"Cand\u00e1s 365\" \/>\n\t\t<meta property=\"og:type\" content=\"article\" \/>\n\t\t<meta property=\"og:title\" content=\"El tiempo, lunes 26 de febrero 2018 | Cand\u00e1s 365\" \/>\n\t\t<meta property=\"og:description\" content=\"En Canarias se esperan chubascos ocasionalmente tormentosos a primeras horas, m\u00e1s intensos al norte del archipi\u00e9lago que tender\u00e1n a remitir por la ma\u00f1ana. En el cuadrante suroeste de la Pen\u00ednsula se espera aumento de la nubosidad, con precipitaciones por la tarde que se ir\u00e1n extendiendo desde Andaluc\u00eda Occidental hacia Extremadura y zonas de la Meseta\" \/>\n\t\t<meta property=\"og:url\" content=\"https:\/\/candas365.es\/noticias\/el-tiempo-lunes-26-de-febrero-2018\/\" \/>\n\t\t<meta property=\"og:image\" content=\"https:\/\/candas365.es\/noticias\/wp-content\/uploads\/2017\/01\/candas-puerto.jpg\" \/>\n\t\t<meta property=\"og:image:secure_url\" content=\"https:\/\/candas365.es\/noticias\/wp-content\/uploads\/2017\/01\/candas-puerto.jpg\" \/>\n\t\t<meta property=\"og:image:width\" content=\"920\" \/>\n\t\t<meta property=\"og:image:height\" content=\"536\" \/>\n\t\t<meta property=\"article:published_time\" content=\"2018-02-26T20:23:36+00:00\" \/>\n\t\t<meta property=\"article:modified_time\" content=\"2018-02-26T20:23:36+00:00\" \/>\n\t\t<meta property=\"article:publisher\" content=\"https:\/\/www.facebook.com\/Nachofdezber\" \/>\n\t\t<meta property=\"article:author\" content=\"https:\/\/www.facebook.com\/carrenoactualidad\" \/>\n\t\t<meta name=\"twitter:card\" content=\"summary_large_image\" \/>\n\t\t<meta name=\"twitter:site\" content=\"@NabercoDigital\" \/>\n\t\t<meta name=\"twitter:title\" content=\"El tiempo, lunes 26 de febrero 2018 | Cand\u00e1s 365\" \/>\n\t\t<meta name=\"twitter:description\" content=\"En Canarias se esperan chubascos ocasionalmente tormentosos a primeras horas, m\u00e1s intensos al norte del archipi\u00e9lago que tender\u00e1n a remitir por la ma\u00f1ana. En el cuadrante suroeste de la Pen\u00ednsula se espera aumento de la nubosidad, con precipitaciones por la tarde que se ir\u00e1n extendiendo desde Andaluc\u00eda Occidental hacia Extremadura y zonas de la Meseta\" \/>\n\t\t<meta name=\"twitter:creator\" content=\"@nbasturias\" \/>\n\t\t<meta name=\"twitter:image\" content=\"https:\/\/candas365.es\/noticias\/wp-content\/uploads\/2017\/01\/candas-puerto.jpg\" \/>\n\t\t<meta name=\"twitter:label1\" content=\"Escrito por\" \/>\n\t\t<meta name=\"twitter:data1\" content=\"Cand\u00e1s 365\" \/>\n\t\t<meta name=\"twitter:label2\" content=\"Tiempo de lectura estimado\" \/>\n\t\t<meta name=\"twitter:data2\" content=\"1 minuto\" \/>\n\t\t<script type=\"application\/ld+json\" class=\"aioseo-schema\">\n\t\t\t{\"@context\":\"https:\\\/\\\/schema.org\",\"@graph\":[{\"@type\":\"BreadcrumbList\",\"@id\":\"https:\\\/\\\/candas365.es\\\/noticias\\\/el-tiempo-lunes-26-de-febrero-2018\\\/#breadcrumblist\",\"itemListElement\":[{\"@type\":\"ListItem\",\"@id\":\"https:\\\/\\\/candas365.es\\\/noticias#listItem\",\"position\":1,\"name\":\"Home\",\"item\":\"https:\\\/\\\/candas365.es\\\/noticias\",\"nextItem\":{\"@type\":\"ListItem\",\"@id\":\"https:\\\/\\\/candas365.es\\\/noticias\\\/category\\\/agenda\\\/#listItem\",\"name\":\"Agenda\"}},{\"@type\":\"ListItem\",\"@id\":\"https:\\\/\\\/candas365.es\\\/noticias\\\/category\\\/agenda\\\/#listItem\",\"position\":2,\"name\":\"Agenda\",\"item\":\"https:\\\/\\\/candas365.es\\\/noticias\\\/category\\\/agenda\\\/\",\"nextItem\":{\"@type\":\"ListItem\",\"@id\":\"https:\\\/\\\/candas365.es\\\/noticias\\\/el-tiempo-lunes-26-de-febrero-2018\\\/#listItem\",\"name\":\"El tiempo, lunes 26 de febrero 2018\"},\"previousItem\":{\"@type\":\"ListItem\",\"@id\":\"https:\\\/\\\/candas365.es\\\/noticias#listItem\",\"name\":\"Home\"}},{\"@type\":\"ListItem\",\"@id\":\"https:\\\/\\\/candas365.es\\\/noticias\\\/el-tiempo-lunes-26-de-febrero-2018\\\/#listItem\",\"position\":3,\"name\":\"El tiempo, lunes 26 de febrero 2018\",\"previousItem\":{\"@type\":\"ListItem\",\"@id\":\"https:\\\/\\\/candas365.es\\\/noticias\\\/category\\\/agenda\\\/#listItem\",\"name\":\"Agenda\"}}]},{\"@type\":\"NewsArticle\",\"@id\":\"https:\\\/\\\/candas365.es\\\/noticias\\\/el-tiempo-lunes-26-de-febrero-2018\\\/#newsarticle\",\"name\":\"El tiempo, lunes 26 de febrero 2018 | Cand\\u00e1s 365\",\"headline\":\"El tiempo, lunes 26 de febrero 2018\",\"author\":{\"@id\":\"https:\\\/\\\/candas365.es\\\/noticias\\\/author\\\/admin\\\/#author\"},\"publisher\":{\"@id\":\"https:\\\/\\\/candas365.es\\\/noticias\\\/#organization\"},\"image\":{\"@type\":\"ImageObject\",\"url\":\"https:\\\/\\\/candas365.es\\\/noticias\\\/wp-content\\\/uploads\\\/2017\\\/01\\\/candas-puerto.jpg\",\"width\":920,\"height\":536,\"caption\":\"Cand\\u00e1s\"},\"datePublished\":\"2018-02-26T20:23:36+01:00\",\"dateModified\":\"2018-02-26T20:23:36+01:00\",\"inLanguage\":\"es-ES\",\"mainEntityOfPage\":{\"@id\":\"https:\\\/\\\/candas365.es\\\/noticias\\\/el-tiempo-lunes-26-de-febrero-2018\\\/#webpage\"},\"isPartOf\":{\"@id\":\"https:\\\/\\\/candas365.es\\\/noticias\\\/el-tiempo-lunes-26-de-febrero-2018\\\/#webpage\"},\"articleSection\":\"Agenda\",\"dateline\":\"Publicado el febrero 26, 2018.\"},{\"@type\":\"Organization\",\"@id\":\"https:\\\/\\\/candas365.es\\\/noticias\\\/#organization\",\"name\":\"Cand\\u00e1s 365\",\"description\":\"Cand\\u00e1s 365 es un diario digital independiente, fundado en 2012, con base en Asturias. Informamos con rigor sobre actualidad, sociedad, cultura y ocio, con una mirada local y global.\",\"url\":\"https:\\\/\\\/candas365.es\\\/noticias\\\/\",\"email\":\"info@candas365.es\",\"telephone\":\"+34652131393\",\"foundingDate\":\"2012-06-10\",\"logo\":{\"@type\":\"ImageObject\",\"url\":\"https:\\\/\\\/candas365.es\\\/noticias\\\/wp-content\\\/uploads\\\/2024\\\/09\\\/Candas-365-Redes.jpg\",\"@id\":\"https:\\\/\\\/candas365.es\\\/noticias\\\/el-tiempo-lunes-26-de-febrero-2018\\\/#organizationLogo\",\"width\":1152,\"height\":864,\"caption\":\"Cand\\u00e1s 365 Redes\"},\"image\":{\"@id\":\"https:\\\/\\\/candas365.es\\\/noticias\\\/el-tiempo-lunes-26-de-febrero-2018\\\/#organizationLogo\"},\"sameAs\":[\"https:\\\/\\\/www.facebook.com\\\/Nachofdezber\",\"https:\\\/\\\/x.com\\\/NabercoDigital\",\"https:\\\/\\\/www.instagram.com\\\/nachofdezber\\\/\",\"https:\\\/\\\/www.youtube.com\\\/channel\\\/UCZP-2wLEB9Rv6erhFmqVnvg\"],\"address\":{\"@id\":\"https:\\\/\\\/candas365.es\\\/noticias\\\/#postaladdress\",\"@type\":\"PostalAddress\",\"streetAddress\":\"san antonio 4, san antonio 4\",\"postalCode\":\"33430\",\"addressLocality\":\"Cand\\u00e1s\",\"addressRegion\":\"Asturias\",\"addressCountry\":\"ES\"}},{\"@type\":\"Person\",\"@id\":\"https:\\\/\\\/candas365.es\\\/noticias\\\/author\\\/admin\\\/#author\",\"url\":\"https:\\\/\\\/candas365.es\\\/noticias\\\/author\\\/admin\\\/\",\"name\":\"Cand\\u00e1s 365\",\"image\":{\"@type\":\"ImageObject\",\"@id\":\"https:\\\/\\\/candas365.es\\\/noticias\\\/el-tiempo-lunes-26-de-febrero-2018\\\/#authorImage\",\"url\":\"https:\\\/\\\/secure.gravatar.com\\\/avatar\\\/496a8e03d0c493ede1718b7934145dbdf8d89be1036b0eec9544e1094c9de390?s=96&d=mm&r=g\",\"width\":96,\"height\":96,\"caption\":\"Cand\\u00e1s 365\"},\"sameAs\":[\"https:\\\/\\\/www.facebook.com\\\/carrenoactualidad\",\"https:\\\/\\\/twitter.com\\\/nbasturias\",\"https:\\\/\\\/www.instagram.com\\\/nachofdezber\\\/\",\"https:\\\/\\\/www.youtube.com\\\/channel\\\/UCZP-2wLEB9Rv6erhFmqVnvg\"]},{\"@type\":\"WebPage\",\"@id\":\"https:\\\/\\\/candas365.es\\\/noticias\\\/el-tiempo-lunes-26-de-febrero-2018\\\/#webpage\",\"url\":\"https:\\\/\\\/candas365.es\\\/noticias\\\/el-tiempo-lunes-26-de-febrero-2018\\\/\",\"name\":\"El tiempo, lunes 26 de febrero 2018 | Cand\\u00e1s 365\",\"description\":\"En Canarias se esperan chubascos ocasionalmente tormentosos a primeras horas, m\\u00e1s intensos al norte del archipi\\u00e9lago que tender\\u00e1n a remitir por la ma\\u00f1ana. En el cuadrante suroeste de la Pen\\u00ednsula se espera aumento de la nubosidad, con precipitaciones por la tarde que se ir\\u00e1n extendiendo desde Andaluc\\u00eda Occidental hacia Extremadura y zonas de la Meseta\",\"inLanguage\":\"es-ES\",\"isPartOf\":{\"@id\":\"https:\\\/\\\/candas365.es\\\/noticias\\\/#website\"},\"breadcrumb\":{\"@id\":\"https:\\\/\\\/candas365.es\\\/noticias\\\/el-tiempo-lunes-26-de-febrero-2018\\\/#breadcrumblist\"},\"author\":{\"@id\":\"https:\\\/\\\/candas365.es\\\/noticias\\\/author\\\/admin\\\/#author\"},\"creator\":{\"@id\":\"https:\\\/\\\/candas365.es\\\/noticias\\\/author\\\/admin\\\/#author\"},\"image\":{\"@type\":\"ImageObject\",\"url\":\"https:\\\/\\\/candas365.es\\\/noticias\\\/wp-content\\\/uploads\\\/2017\\\/01\\\/candas-puerto.jpg\",\"@id\":\"https:\\\/\\\/candas365.es\\\/noticias\\\/el-tiempo-lunes-26-de-febrero-2018\\\/#mainImage\",\"width\":920,\"height\":536,\"caption\":\"Cand\\u00e1s\"},\"primaryImageOfPage\":{\"@id\":\"https:\\\/\\\/candas365.es\\\/noticias\\\/el-tiempo-lunes-26-de-febrero-2018\\\/#mainImage\"},\"datePublished\":\"2018-02-26T20:23:36+01:00\",\"dateModified\":\"2018-02-26T20:23:36+01:00\"},{\"@type\":\"WebSite\",\"@id\":\"https:\\\/\\\/candas365.es\\\/noticias\\\/#website\",\"url\":\"https:\\\/\\\/candas365.es\\\/noticias\\\/\",\"name\":\"Cand\\u00e1s 365\",\"alternateName\":\"Cand\\u00e1s 365 Noticias\",\"description\":\"Actualidad desde Carre\\u00f1o para el mundo\",\"inLanguage\":\"es-ES\",\"publisher\":{\"@id\":\"https:\\\/\\\/candas365.es\\\/noticias\\\/#organization\"}}]}\n\t\t<\/script>\n\t\t<!-- All in One SEO Pro -->\r\n\t\t<title>El tiempo, lunes 26 de febrero 2018 | Cand\u00e1s 365<\/title>\n\n","aioseo_head_json":{"title":"El tiempo, lunes 26 de febrero 2018 | Cand\u00e1s 365","description":"En Canarias se esperan chubascos ocasionalmente tormentosos a primeras horas, m\u00e1s intensos al norte del archipi\u00e9lago que tender\u00e1n a remitir por la ma\u00f1ana. En el cuadrante suroeste de la Pen\u00ednsula se espera aumento de la nubosidad, con precipitaciones por la tarde que se ir\u00e1n extendiendo desde Andaluc\u00eda Occidental hacia Extremadura y zonas de la Meseta","canonical_url":"https:\/\/candas365.es\/noticias\/el-tiempo-lunes-26-de-febrero-2018\/","robots":"max-image-preview:large","keywords":"agenda","webmasterTools":{"google-site-verification":"UA-32230408-1","msvalidate.01":"354F3CDFB2DA171B47FBE9ABF1F88D5","miscellaneous":""},"schema":{"@context":"https:\/\/schema.org","@graph":[{"@type":"BreadcrumbList","@id":"https:\/\/candas365.es\/noticias\/el-tiempo-lunes-26-de-febrero-2018\/#breadcrumblist","itemListElement":[{"@type":"ListItem","@id":"https:\/\/candas365.es\/noticias#listItem","position":1,"name":"Home","item":"https:\/\/candas365.es\/noticias","nextItem":{"@type":"ListItem","@id":"https:\/\/candas365.es\/noticias\/category\/agenda\/#listItem","name":"Agenda"}},{"@type":"ListItem","@id":"https:\/\/candas365.es\/noticias\/category\/agenda\/#listItem","position":2,"name":"Agenda","item":"https:\/\/candas365.es\/noticias\/category\/agenda\/","nextItem":{"@type":"ListItem","@id":"https:\/\/candas365.es\/noticias\/el-tiempo-lunes-26-de-febrero-2018\/#listItem","name":"El tiempo, lunes 26 de febrero 2018"},"previousItem":{"@type":"ListItem","@id":"https:\/\/candas365.es\/noticias#listItem","name":"Home"}},{"@type":"ListItem","@id":"https:\/\/candas365.es\/noticias\/el-tiempo-lunes-26-de-febrero-2018\/#listItem","position":3,"name":"El tiempo, lunes 26 de febrero 2018","previousItem":{"@type":"ListItem","@id":"https:\/\/candas365.es\/noticias\/category\/agenda\/#listItem","name":"Agenda"}}]},{"@type":"NewsArticle","@id":"https:\/\/candas365.es\/noticias\/el-tiempo-lunes-26-de-febrero-2018\/#newsarticle","name":"El tiempo, lunes 26 de febrero 2018 | Cand\u00e1s 365","headline":"El tiempo, lunes 26 de febrero 2018","author":{"@id":"https:\/\/candas365.es\/noticias\/author\/admin\/#author"},"publisher":{"@id":"https:\/\/candas365.es\/noticias\/#organization"},"image":{"@type":"ImageObject","url":"https:\/\/candas365.es\/noticias\/wp-content\/uploads\/2017\/01\/candas-puerto.jpg","width":920,"height":536,"caption":"Cand\u00e1s"},"datePublished":"2018-02-26T20:23:36+01:00","dateModified":"2018-02-26T20:23:36+01:00","inLanguage":"es-ES","mainEntityOfPage":{"@id":"https:\/\/candas365.es\/noticias\/el-tiempo-lunes-26-de-febrero-2018\/#webpage"},"isPartOf":{"@id":"https:\/\/candas365.es\/noticias\/el-tiempo-lunes-26-de-febrero-2018\/#webpage"},"articleSection":"Agenda","dateline":"Publicado el febrero 26, 2018."},{"@type":"Organization","@id":"https:\/\/candas365.es\/noticias\/#organization","name":"Cand\u00e1s 365","description":"Cand\u00e1s 365 es un diario digital independiente, fundado en 2012, con base en Asturias. Informamos con rigor sobre actualidad, sociedad, cultura y ocio, con una mirada local y global.","url":"https:\/\/candas365.es\/noticias\/","email":"info@candas365.es","telephone":"+34652131393","foundingDate":"2012-06-10","logo":{"@type":"ImageObject","url":"https:\/\/candas365.es\/noticias\/wp-content\/uploads\/2024\/09\/Candas-365-Redes.jpg","@id":"https:\/\/candas365.es\/noticias\/el-tiempo-lunes-26-de-febrero-2018\/#organizationLogo","width":1152,"height":864,"caption":"Cand\u00e1s 365 Redes"},"image":{"@id":"https:\/\/candas365.es\/noticias\/el-tiempo-lunes-26-de-febrero-2018\/#organizationLogo"},"sameAs":["https:\/\/www.facebook.com\/Nachofdezber","https:\/\/x.com\/NabercoDigital","https:\/\/www.instagram.com\/nachofdezber\/","https:\/\/www.youtube.com\/channel\/UCZP-2wLEB9Rv6erhFmqVnvg"],"address":{"@id":"https:\/\/candas365.es\/noticias\/#postaladdress","@type":"PostalAddress","streetAddress":"san antonio 4, san antonio 4","postalCode":"33430","addressLocality":"Cand\u00e1s","addressRegion":"Asturias","addressCountry":"ES"}},{"@type":"Person","@id":"https:\/\/candas365.es\/noticias\/author\/admin\/#author","url":"https:\/\/candas365.es\/noticias\/author\/admin\/","name":"Cand\u00e1s 365","image":{"@type":"ImageObject","@id":"https:\/\/candas365.es\/noticias\/el-tiempo-lunes-26-de-febrero-2018\/#authorImage","url":"https:\/\/secure.gravatar.com\/avatar\/496a8e03d0c493ede1718b7934145dbdf8d89be1036b0eec9544e1094c9de390?s=96&d=mm&r=g","width":96,"height":96,"caption":"Cand\u00e1s 365"},"sameAs":["https:\/\/www.facebook.com\/carrenoactualidad","https:\/\/twitter.com\/nbasturias","https:\/\/www.instagram.com\/nachofdezber\/","https:\/\/www.youtube.com\/channel\/UCZP-2wLEB9Rv6erhFmqVnvg"]},{"@type":"WebPage","@id":"https:\/\/candas365.es\/noticias\/el-tiempo-lunes-26-de-febrero-2018\/#webpage","url":"https:\/\/candas365.es\/noticias\/el-tiempo-lunes-26-de-febrero-2018\/","name":"El tiempo, lunes 26 de febrero 2018 | Cand\u00e1s 365","description":"En Canarias se esperan chubascos ocasionalmente tormentosos a primeras horas, m\u00e1s intensos al norte del archipi\u00e9lago que tender\u00e1n a remitir por la ma\u00f1ana. En el cuadrante suroeste de la Pen\u00ednsula se espera aumento de la nubosidad, con precipitaciones por la tarde que se ir\u00e1n extendiendo desde Andaluc\u00eda Occidental hacia Extremadura y zonas de la Meseta","inLanguage":"es-ES","isPartOf":{"@id":"https:\/\/candas365.es\/noticias\/#website"},"breadcrumb":{"@id":"https:\/\/candas365.es\/noticias\/el-tiempo-lunes-26-de-febrero-2018\/#breadcrumblist"},"author":{"@id":"https:\/\/candas365.es\/noticias\/author\/admin\/#author"},"creator":{"@id":"https:\/\/candas365.es\/noticias\/author\/admin\/#author"},"image":{"@type":"ImageObject","url":"https:\/\/candas365.es\/noticias\/wp-content\/uploads\/2017\/01\/candas-puerto.jpg","@id":"https:\/\/candas365.es\/noticias\/el-tiempo-lunes-26-de-febrero-2018\/#mainImage","width":920,"height":536,"caption":"Cand\u00e1s"},"primaryImageOfPage":{"@id":"https:\/\/candas365.es\/noticias\/el-tiempo-lunes-26-de-febrero-2018\/#mainImage"},"datePublished":"2018-02-26T20:23:36+01:00","dateModified":"2018-02-26T20:23:36+01:00"},{"@type":"WebSite","@id":"https:\/\/candas365.es\/noticias\/#website","url":"https:\/\/candas365.es\/noticias\/","name":"Cand\u00e1s 365","alternateName":"Cand\u00e1s 365 Noticias","description":"Actualidad desde Carre\u00f1o para el mundo","inLanguage":"es-ES","publisher":{"@id":"https:\/\/candas365.es\/noticias\/#organization"}}]},"og:locale":"es_ES","og:site_name":"Cand\u00e1s 365","og:type":"article","og:title":"El tiempo, lunes 26 de febrero 2018 | Cand\u00e1s 365","og:description":"En Canarias se esperan chubascos ocasionalmente tormentosos a primeras horas, m\u00e1s intensos al norte del archipi\u00e9lago que tender\u00e1n a remitir por la ma\u00f1ana. En el cuadrante suroeste de la Pen\u00ednsula se espera aumento de la nubosidad, con precipitaciones por la tarde que se ir\u00e1n extendiendo desde Andaluc\u00eda Occidental hacia Extremadura y zonas de la Meseta","og:url":"https:\/\/candas365.es\/noticias\/el-tiempo-lunes-26-de-febrero-2018\/","og:image":"https:\/\/candas365.es\/noticias\/wp-content\/uploads\/2017\/01\/candas-puerto.jpg","og:image:secure_url":"https:\/\/candas365.es\/noticias\/wp-content\/uploads\/2017\/01\/candas-puerto.jpg","og:image:width":920,"og:image:height":536,"article:published_time":"2018-02-26T20:23:36+00:00","article:modified_time":"2018-02-26T20:23:36+00:00","article:publisher":"https:\/\/www.facebook.com\/Nachofdezber","article:author":"https:\/\/www.facebook.com\/carrenoactualidad","twitter:card":"summary_large_image","twitter:site":"@NabercoDigital","twitter:title":"El tiempo, lunes 26 de febrero 2018 | Cand\u00e1s 365","twitter:description":"En Canarias se esperan chubascos ocasionalmente tormentosos a primeras horas, m\u00e1s intensos al norte del archipi\u00e9lago que tender\u00e1n a remitir por la ma\u00f1ana. En el cuadrante suroeste de la Pen\u00ednsula se espera aumento de la nubosidad, con precipitaciones por la tarde que se ir\u00e1n extendiendo desde Andaluc\u00eda Occidental hacia Extremadura y zonas de la Meseta","twitter:creator":"@nbasturias","twitter:image":"https:\/\/candas365.es\/noticias\/wp-content\/uploads\/2017\/01\/candas-puerto.jpg","twitter:label1":"Escrito por","twitter:data1":"Cand\u00e1s 365","twitter:label2":"Tiempo de lectura estimado","twitter:data2":"1 minuto"},"aioseo_meta_data":{"post_id":"90728","title":null,"description":null,"keywords":null,"keyphrases":null,"primary_term":null,"canonical_url":null,"og_title":null,"og_description":null,"og_object_type":"default","og_image_type":"default","og_image_url":null,"og_image_width":null,"og_image_height":null,"og_image_custom_url":null,"og_image_custom_fields":null,"og_video":null,"og_custom_url":null,"og_article_section":null,"og_article_tags":null,"twitter_use_og":false,"twitter_card":"default","twitter_image_type":"default","twitter_image_url":null,"twitter_image_custom_url":null,"twitter_image_custom_fields":null,"twitter_title":null,"twitter_description":null,"schema":{"blockGraphs":[],"customGraphs":[],"default":{"data":{"Article":[],"Course":[],"Dataset":[],"FAQPage":[],"Movie":[],"Person":[],"Product":[],"ProductReview":[],"Car":[],"Recipe":[],"Service":[],"SoftwareApplication":[],"WebPage":[]},"graphName":"","isEnabled":true},"graphs":[]},"schema_type":null,"schema_type_options":null,"pillar_content":false,"robots_default":true,"robots_noindex":false,"robots_noarchive":false,"robots_nosnippet":false,"robots_nofollow":false,"robots_noimageindex":false,"robots_noodp":false,"robots_notranslate":false,"robots_max_snippet":null,"robots_max_videopreview":null,"robots_max_imagepreview":"large","priority":null,"frequency":null,"location":null,"local_seo":null,"seo_analyzer_scan_date":"2025-08-26 13:56:50","breadcrumb_settings":null,"limit_modified_date":false,"reviewed_by":null,"open_ai":null,"ai":null,"created":"2020-12-21 11:55:31","updated":"2025-08-26 13:56:50"},"aioseo_breadcrumb":"<div class=\"aioseo-breadcrumbs\"><span class=\"aioseo-breadcrumb\">\n\t<a href=\"https:\/\/candas365.es\/noticias\" title=\"Home\">Home<\/a>\n<\/span><span class=\"aioseo-breadcrumb-separator\">&ndash;<\/span><span class=\"aioseo-breadcrumb\">\n\t<a href=\"https:\/\/candas365.es\/noticias\/category\/agenda\/\" title=\"Agenda\">Agenda<\/a>\n<\/span><span class=\"aioseo-breadcrumb-separator\">&ndash;<\/span><span class=\"aioseo-breadcrumb\">\n\tEl tiempo, lunes 26 de febrero 2018\n<\/span><\/div>","aioseo_breadcrumb_json":[{"label":"Home","link":"https:\/\/candas365.es\/noticias"},{"label":"Agenda","link":"https:\/\/candas365.es\/noticias\/category\/agenda\/"},{"label":"El tiempo, lunes 26 de febrero 2018","link":"https:\/\/candas365.es\/noticias\/el-tiempo-lunes-26-de-febrero-2018\/"}],"_links":{"self":[{"href":"https:\/\/candas365.es\/noticias\/wp-json\/wp\/v2\/posts\/90728","targetHints":{"allow":["GET"]}}],"collection":[{"href":"https:\/\/candas365.es\/noticias\/wp-json\/wp\/v2\/posts"}],"about":[{"href":"https:\/\/candas365.es\/noticias\/wp-json\/wp\/v2\/types\/post"}],"author":[{"embeddable":true,"href":"https:\/\/candas365.es\/noticias\/wp-json\/wp\/v2\/users\/1"}],"replies":[{"embeddable":true,"href":"https:\/\/candas365.es\/noticias\/wp-json\/wp\/v2\/comments?post=90728"}],"version-history":[{"count":0,"href":"https:\/\/candas365.es\/noticias\/wp-json\/wp\/v2\/posts\/90728\/revisions"}],"wp:featuredmedia":[{"embeddable":true,"href":"https:\/\/candas365.es\/noticias\/wp-json\/wp\/v2\/media\/40734"}],"wp:attachment":[{"href":"https:\/\/candas365.es\/noticias\/wp-json\/wp\/v2\/media?parent=90728"}],"wp:term":[{"taxonomy":"category","embeddable":true,"href":"https:\/\/candas365.es\/noticias\/wp-json\/wp\/v2\/categories?post=90728"},{"taxonomy":"post_tag","embeddable":true,"href":"https:\/\/candas365.es\/noticias\/wp-json\/wp\/v2\/tags?post=90728"}],"curies":[{"name":"wp","href":"https:\/\/api.w.org\/{rel}","templated":true}]}}