{"id":90675,"date":"2018-02-26T13:54:33","date_gmt":"2018-02-26T13:54:33","guid":{"rendered":"http:\/\/candas365.es\/noticias\/?p=90675"},"modified":"2018-02-26T13:54:33","modified_gmt":"2018-02-26T13:54:33","slug":"nueva-campana-de-compostaje-en-el-concejo-de-carreno","status":"publish","type":"post","link":"https:\/\/candas365.es\/noticias\/nueva-campana-de-compostaje-en-el-concejo-de-carreno\/","title":{"rendered":"Nueva campa\u00f1a de compostaje en el Concejo de Carre\u00f1o"},"content":{"rendered":"<p><img fetchpriority=\"high\" decoding=\"async\" class=\"alignleft size-medium wp-image-6453\" src=\"https:\/\/candas365.es\/noticias\/wp-content\/uploads\/2015\/01\/ayuntamiento-360x270.jpg\" alt=\"\" width=\"360\" height=\"270\" srcset=\"https:\/\/candas365.es\/noticias\/wp-content\/uploads\/2015\/01\/ayuntamiento-360x270.jpg 360w, https:\/\/candas365.es\/noticias\/wp-content\/uploads\/2015\/01\/ayuntamiento-640x480.jpg 640w, https:\/\/candas365.es\/noticias\/wp-content\/uploads\/2015\/01\/ayuntamiento-768x576.jpg 768w, https:\/\/candas365.es\/noticias\/wp-content\/uploads\/2015\/01\/ayuntamiento-150x113.jpg 150w, https:\/\/candas365.es\/noticias\/wp-content\/uploads\/2015\/01\/ayuntamiento-450x338.jpg 450w, https:\/\/candas365.es\/noticias\/wp-content\/uploads\/2015\/01\/ayuntamiento-80x60.jpg 80w, https:\/\/candas365.es\/noticias\/wp-content\/uploads\/2015\/01\/ayuntamiento-265x198.jpg 265w, https:\/\/candas365.es\/noticias\/wp-content\/uploads\/2015\/01\/ayuntamiento-696x522.jpg 696w, https:\/\/candas365.es\/noticias\/wp-content\/uploads\/2015\/01\/ayuntamiento-560x420.jpg 560w, https:\/\/candas365.es\/noticias\/wp-content\/uploads\/2015\/01\/ayuntamiento-90x67.jpg 90w, https:\/\/candas365.es\/noticias\/wp-content\/uploads\/2015\/01\/ayuntamiento.jpg 800w\" sizes=\"(max-width: 360px) 100vw, 360px\" \/>El pr\u00f3ximo mi\u00e9rcoles d\u00eda 28 finaliza el periodo de inscripci\u00f3n para la campa\u00f1a de compostaje, que, por noveno a\u00f1o consecutivo, el Ayuntamiento de Carre\u00f1o y COGERSA pone a disposici\u00f3n de la ciudadan\u00eda.<\/p>\n<p>Esta iniciativa cosiste en la elaboraci\u00f3n de abono natural en los domicilios particulares a partir de residuos org\u00e1nicos generados en el hogar y en la cual tambi\u00e9n pueden participar peque\u00f1os hoteles, casas rurales, etc. que desarrollen su actividad en el concejo, as\u00ed como comunidades vecinales, centros escolares y otros colectivos que quieran hacer compostaje comunitario con los requisitos de estar censado\/a, tener la residencia habitual en Carre\u00f1o y disponer de huerta o jard\u00edn de al menos 50 m2 cerca de ella y no haber participado en anteriores ediciones.<\/p>\n<p>Cada participante recibir\u00e1 una compostadora, un manual de compostaje, jornadas formativas y apoyo telef\u00f3nico para el seguimiento del proceso durante toda la campa\u00f1a.<\/p>\n<p>\u201cA d\u00eda de la fecha hemos recibido 15 solicitudes, de cuatro parroquias diferentes, como son 7 de Cand\u00e1s, 4 de Albandi, 2 en Perlora, 1 en Piedeloro y 1 de Tam\u00f3n.\u201d, afirm\u00f3 Gabriel Rodr\u00edguez, concejal de medioambiente.<\/p>\n<p>\u201dA falta de dos d\u00edas para el cierre de la inscripci\u00f3n, estamos en los n\u00fameros de a\u00f1os anteriores, lo que da muestras de la importancia que esta campa\u00f1a tiene para el vecindario y su compromiso con el reciclaje\u201d,apostill\u00f3 el edil.<\/p>\n","protected":false},"excerpt":{"rendered":"<p>El pr\u00f3ximo mi\u00e9rcoles d\u00eda 28 finaliza el periodo de inscripci\u00f3n para la campa\u00f1a de compostaje, que, por noveno a\u00f1o consecutivo, el Ayuntamiento de Carre\u00f1o y COGERSA pone a disposici\u00f3n de la ciudadan\u00eda. Esta iniciativa cosiste en la elaboraci\u00f3n de abono natural en los domicilios particulares a partir de residuos org\u00e1nicos generados en el hogar y<\/p>\n","protected":false},"author":1,"featured_media":6453,"comment_status":"closed","ping_status":"closed","sticky":false,"template":"","format":"standard","meta":{"footnotes":""},"categories":[2],"tags":[],"class_list":{"0":"post-90675","1":"post","2":"type-post","3":"status-publish","4":"format-standard","5":"has-post-thumbnail","7":"category-noticias-carreno"},"aioseo_notices":[],"aioseo_head":"\n\t\t<!-- All in One SEO Pro 4.9.6.2 - aioseo.com -->\n\t<meta name=\"description\" content=\"El pr\u00f3ximo mi\u00e9rcoles d\u00eda 28 finaliza el periodo de inscripci\u00f3n para la campa\u00f1a de compostaje, que, por noveno a\u00f1o consecutivo, el Ayuntamiento de Carre\u00f1o y COGERSA pone a disposici\u00f3n de la ciudadan\u00eda. Esta iniciativa cosiste en la elaboraci\u00f3n de abono natural en los domicilios particulares a partir de residuos org\u00e1nicos generados en el hogar y\" \/>\n\t<meta name=\"robots\" content=\"max-image-preview:large\" \/>\n\t<meta name=\"author\" content=\"Cand\u00e1s 365\"\/>\n\t<meta name=\"google-site-verification\" content=\"UA-32230408-1\" \/>\n\t<meta name=\"msvalidate.01\" content=\"354F3CDFB2DA171B47FBE9ABF1F88D5\" \/>\n\t<meta name=\"keywords\" content=\"noticias carre\u00f1o\" \/>\n\t<link rel=\"canonical\" href=\"https:\/\/candas365.es\/noticias\/nueva-campana-de-compostaje-en-el-concejo-de-carreno\/\" \/>\n\t<meta name=\"generator\" content=\"All in One SEO Pro (AIOSEO) 4.9.6.2\" \/>\n\t\t<meta property=\"og:locale\" content=\"es_ES\" \/>\n\t\t<meta property=\"og:site_name\" content=\"Cand\u00e1s 365\" \/>\n\t\t<meta property=\"og:type\" content=\"article\" \/>\n\t\t<meta property=\"og:title\" content=\"Nueva campa\u00f1a de compostaje en el Concejo de Carre\u00f1o | Cand\u00e1s 365\" \/>\n\t\t<meta property=\"og:description\" content=\"El pr\u00f3ximo mi\u00e9rcoles d\u00eda 28 finaliza el periodo de inscripci\u00f3n para la campa\u00f1a de compostaje, que, por noveno a\u00f1o consecutivo, el Ayuntamiento de Carre\u00f1o y COGERSA pone a disposici\u00f3n de la ciudadan\u00eda. Esta iniciativa cosiste en la elaboraci\u00f3n de abono natural en los domicilios particulares a partir de residuos org\u00e1nicos generados en el hogar y\" \/>\n\t\t<meta property=\"og:url\" content=\"https:\/\/candas365.es\/noticias\/nueva-campana-de-compostaje-en-el-concejo-de-carreno\/\" \/>\n\t\t<meta property=\"og:image\" content=\"https:\/\/candas365.es\/noticias\/wp-content\/uploads\/2015\/01\/ayuntamiento.jpg\" \/>\n\t\t<meta property=\"og:image:secure_url\" content=\"https:\/\/candas365.es\/noticias\/wp-content\/uploads\/2015\/01\/ayuntamiento.jpg\" \/>\n\t\t<meta property=\"og:image:width\" content=\"800\" \/>\n\t\t<meta property=\"og:image:height\" content=\"600\" \/>\n\t\t<meta property=\"article:published_time\" content=\"2018-02-26T13:54:33+00:00\" \/>\n\t\t<meta property=\"article:modified_time\" content=\"2018-02-26T13:54:33+00:00\" \/>\n\t\t<meta property=\"article:publisher\" content=\"https:\/\/www.facebook.com\/Nachofdezber\" \/>\n\t\t<meta property=\"article:author\" content=\"https:\/\/www.facebook.com\/carrenoactualidad\" \/>\n\t\t<meta name=\"twitter:card\" content=\"summary_large_image\" \/>\n\t\t<meta name=\"twitter:site\" content=\"@NabercoDigital\" \/>\n\t\t<meta name=\"twitter:title\" content=\"Nueva campa\u00f1a de compostaje en el Concejo de Carre\u00f1o | Cand\u00e1s 365\" \/>\n\t\t<meta name=\"twitter:description\" content=\"El pr\u00f3ximo mi\u00e9rcoles d\u00eda 28 finaliza el periodo de inscripci\u00f3n para la campa\u00f1a de compostaje, que, por noveno a\u00f1o consecutivo, el Ayuntamiento de Carre\u00f1o y COGERSA pone a disposici\u00f3n de la ciudadan\u00eda. Esta iniciativa cosiste en la elaboraci\u00f3n de abono natural en los domicilios particulares a partir de residuos org\u00e1nicos generados en el hogar y\" \/>\n\t\t<meta name=\"twitter:creator\" content=\"@nbasturias\" \/>\n\t\t<meta name=\"twitter:image\" content=\"https:\/\/candas365.es\/noticias\/wp-content\/uploads\/2015\/01\/ayuntamiento.jpg\" \/>\n\t\t<meta name=\"twitter:label1\" content=\"Escrito por\" \/>\n\t\t<meta name=\"twitter:data1\" content=\"Cand\u00e1s 365\" \/>\n\t\t<meta name=\"twitter:label2\" content=\"Tiempo de lectura estimado\" \/>\n\t\t<meta name=\"twitter:data2\" content=\"1 minuto\" \/>\n\t\t<script type=\"application\/ld+json\" class=\"aioseo-schema\">\n\t\t\t{\"@context\":\"https:\\\/\\\/schema.org\",\"@graph\":[{\"@type\":\"BreadcrumbList\",\"@id\":\"https:\\\/\\\/candas365.es\\\/noticias\\\/nueva-campana-de-compostaje-en-el-concejo-de-carreno\\\/#breadcrumblist\",\"itemListElement\":[{\"@type\":\"ListItem\",\"@id\":\"https:\\\/\\\/candas365.es\\\/noticias#listItem\",\"position\":1,\"name\":\"Home\",\"item\":\"https:\\\/\\\/candas365.es\\\/noticias\",\"nextItem\":{\"@type\":\"ListItem\",\"@id\":\"https:\\\/\\\/candas365.es\\\/noticias\\\/category\\\/noticias-carreno\\\/#listItem\",\"name\":\"Noticias Carre\\u00f1o\"}},{\"@type\":\"ListItem\",\"@id\":\"https:\\\/\\\/candas365.es\\\/noticias\\\/category\\\/noticias-carreno\\\/#listItem\",\"position\":2,\"name\":\"Noticias Carre\\u00f1o\",\"item\":\"https:\\\/\\\/candas365.es\\\/noticias\\\/category\\\/noticias-carreno\\\/\",\"nextItem\":{\"@type\":\"ListItem\",\"@id\":\"https:\\\/\\\/candas365.es\\\/noticias\\\/nueva-campana-de-compostaje-en-el-concejo-de-carreno\\\/#listItem\",\"name\":\"Nueva campa\\u00f1a de compostaje en el Concejo de Carre\\u00f1o\"},\"previousItem\":{\"@type\":\"ListItem\",\"@id\":\"https:\\\/\\\/candas365.es\\\/noticias#listItem\",\"name\":\"Home\"}},{\"@type\":\"ListItem\",\"@id\":\"https:\\\/\\\/candas365.es\\\/noticias\\\/nueva-campana-de-compostaje-en-el-concejo-de-carreno\\\/#listItem\",\"position\":3,\"name\":\"Nueva campa\\u00f1a de compostaje en el Concejo de Carre\\u00f1o\",\"previousItem\":{\"@type\":\"ListItem\",\"@id\":\"https:\\\/\\\/candas365.es\\\/noticias\\\/category\\\/noticias-carreno\\\/#listItem\",\"name\":\"Noticias Carre\\u00f1o\"}}]},{\"@type\":\"NewsArticle\",\"@id\":\"https:\\\/\\\/candas365.es\\\/noticias\\\/nueva-campana-de-compostaje-en-el-concejo-de-carreno\\\/#newsarticle\",\"name\":\"Nueva campa\\u00f1a de compostaje en el Concejo de Carre\\u00f1o | Cand\\u00e1s 365\",\"headline\":\"Nueva campa\\u00f1a de compostaje en el Concejo de Carre\\u00f1o\",\"author\":{\"@id\":\"https:\\\/\\\/candas365.es\\\/noticias\\\/author\\\/admin\\\/#author\"},\"publisher\":{\"@id\":\"https:\\\/\\\/candas365.es\\\/noticias\\\/#organization\"},\"image\":{\"@type\":\"ImageObject\",\"url\":\"https:\\\/\\\/candas365.es\\\/noticias\\\/wp-content\\\/uploads\\\/2015\\\/01\\\/ayuntamiento.jpg\",\"width\":800,\"height\":600,\"caption\":\"Carre\\u00f1o\"},\"datePublished\":\"2018-02-26T13:54:33+01:00\",\"dateModified\":\"2018-02-26T13:54:33+01:00\",\"inLanguage\":\"es-ES\",\"mainEntityOfPage\":{\"@id\":\"https:\\\/\\\/candas365.es\\\/noticias\\\/nueva-campana-de-compostaje-en-el-concejo-de-carreno\\\/#webpage\"},\"isPartOf\":{\"@id\":\"https:\\\/\\\/candas365.es\\\/noticias\\\/nueva-campana-de-compostaje-en-el-concejo-de-carreno\\\/#webpage\"},\"articleSection\":\"Noticias Carre\\u00f1o\",\"dateline\":\"Publicado el febrero 26, 2018.\"},{\"@type\":\"Organization\",\"@id\":\"https:\\\/\\\/candas365.es\\\/noticias\\\/#organization\",\"name\":\"Cand\\u00e1s 365\",\"description\":\"Cand\\u00e1s 365 es un diario digital independiente, fundado en 2012, con base en Asturias. Informamos con rigor sobre actualidad, sociedad, cultura y ocio, con una mirada local y global.\",\"url\":\"https:\\\/\\\/candas365.es\\\/noticias\\\/\",\"email\":\"info@candas365.es\",\"telephone\":\"+34652131393\",\"foundingDate\":\"2012-06-10\",\"logo\":{\"@type\":\"ImageObject\",\"url\":\"https:\\\/\\\/candas365.es\\\/noticias\\\/wp-content\\\/uploads\\\/2024\\\/09\\\/Candas-365-Redes.jpg\",\"@id\":\"https:\\\/\\\/candas365.es\\\/noticias\\\/nueva-campana-de-compostaje-en-el-concejo-de-carreno\\\/#organizationLogo\",\"width\":1152,\"height\":864,\"caption\":\"Cand\\u00e1s 365 Redes\"},\"image\":{\"@id\":\"https:\\\/\\\/candas365.es\\\/noticias\\\/nueva-campana-de-compostaje-en-el-concejo-de-carreno\\\/#organizationLogo\"},\"sameAs\":[\"https:\\\/\\\/www.facebook.com\\\/Nachofdezber\",\"https:\\\/\\\/x.com\\\/NabercoDigital\",\"https:\\\/\\\/www.instagram.com\\\/nachofdezber\\\/\",\"https:\\\/\\\/www.youtube.com\\\/channel\\\/UCZP-2wLEB9Rv6erhFmqVnvg\"],\"address\":{\"@id\":\"https:\\\/\\\/candas365.es\\\/noticias\\\/#postaladdress\",\"@type\":\"PostalAddress\",\"streetAddress\":\"san antonio 4, san antonio 4\",\"postalCode\":\"33430\",\"addressLocality\":\"Cand\\u00e1s\",\"addressRegion\":\"Asturias\",\"addressCountry\":\"ES\"}},{\"@type\":\"Person\",\"@id\":\"https:\\\/\\\/candas365.es\\\/noticias\\\/author\\\/admin\\\/#author\",\"url\":\"https:\\\/\\\/candas365.es\\\/noticias\\\/author\\\/admin\\\/\",\"name\":\"Cand\\u00e1s 365\",\"image\":{\"@type\":\"ImageObject\",\"@id\":\"https:\\\/\\\/candas365.es\\\/noticias\\\/nueva-campana-de-compostaje-en-el-concejo-de-carreno\\\/#authorImage\",\"url\":\"https:\\\/\\\/secure.gravatar.com\\\/avatar\\\/496a8e03d0c493ede1718b7934145dbdf8d89be1036b0eec9544e1094c9de390?s=96&d=mm&r=g\",\"width\":96,\"height\":96,\"caption\":\"Cand\\u00e1s 365\"},\"sameAs\":[\"https:\\\/\\\/www.facebook.com\\\/carrenoactualidad\",\"https:\\\/\\\/twitter.com\\\/nbasturias\",\"https:\\\/\\\/www.instagram.com\\\/nachofdezber\\\/\",\"https:\\\/\\\/www.youtube.com\\\/channel\\\/UCZP-2wLEB9Rv6erhFmqVnvg\"]},{\"@type\":\"WebPage\",\"@id\":\"https:\\\/\\\/candas365.es\\\/noticias\\\/nueva-campana-de-compostaje-en-el-concejo-de-carreno\\\/#webpage\",\"url\":\"https:\\\/\\\/candas365.es\\\/noticias\\\/nueva-campana-de-compostaje-en-el-concejo-de-carreno\\\/\",\"name\":\"Nueva campa\\u00f1a de compostaje en el Concejo de Carre\\u00f1o | Cand\\u00e1s 365\",\"description\":\"El pr\\u00f3ximo mi\\u00e9rcoles d\\u00eda 28 finaliza el periodo de inscripci\\u00f3n para la campa\\u00f1a de compostaje, que, por noveno a\\u00f1o consecutivo, el Ayuntamiento de Carre\\u00f1o y COGERSA pone a disposici\\u00f3n de la ciudadan\\u00eda. Esta iniciativa cosiste en la elaboraci\\u00f3n de abono natural en los domicilios particulares a partir de residuos org\\u00e1nicos generados en el hogar y\",\"inLanguage\":\"es-ES\",\"isPartOf\":{\"@id\":\"https:\\\/\\\/candas365.es\\\/noticias\\\/#website\"},\"breadcrumb\":{\"@id\":\"https:\\\/\\\/candas365.es\\\/noticias\\\/nueva-campana-de-compostaje-en-el-concejo-de-carreno\\\/#breadcrumblist\"},\"author\":{\"@id\":\"https:\\\/\\\/candas365.es\\\/noticias\\\/author\\\/admin\\\/#author\"},\"creator\":{\"@id\":\"https:\\\/\\\/candas365.es\\\/noticias\\\/author\\\/admin\\\/#author\"},\"image\":{\"@type\":\"ImageObject\",\"url\":\"https:\\\/\\\/candas365.es\\\/noticias\\\/wp-content\\\/uploads\\\/2015\\\/01\\\/ayuntamiento.jpg\",\"@id\":\"https:\\\/\\\/candas365.es\\\/noticias\\\/nueva-campana-de-compostaje-en-el-concejo-de-carreno\\\/#mainImage\",\"width\":800,\"height\":600,\"caption\":\"Carre\\u00f1o\"},\"primaryImageOfPage\":{\"@id\":\"https:\\\/\\\/candas365.es\\\/noticias\\\/nueva-campana-de-compostaje-en-el-concejo-de-carreno\\\/#mainImage\"},\"datePublished\":\"2018-02-26T13:54:33+01:00\",\"dateModified\":\"2018-02-26T13:54:33+01:00\"},{\"@type\":\"WebSite\",\"@id\":\"https:\\\/\\\/candas365.es\\\/noticias\\\/#website\",\"url\":\"https:\\\/\\\/candas365.es\\\/noticias\\\/\",\"name\":\"Cand\\u00e1s 365\",\"alternateName\":\"Cand\\u00e1s 365 Noticias\",\"description\":\"Actualidad desde Carre\\u00f1o para el mundo\",\"inLanguage\":\"es-ES\",\"publisher\":{\"@id\":\"https:\\\/\\\/candas365.es\\\/noticias\\\/#organization\"}}]}\n\t\t<\/script>\n\t\t<!-- All in One SEO Pro -->\r\n\t\t<title>Nueva campa\u00f1a de compostaje en el Concejo de Carre\u00f1o | Cand\u00e1s 365<\/title>\n\n","aioseo_head_json":{"title":"Nueva campa\u00f1a de compostaje en el Concejo de Carre\u00f1o | Cand\u00e1s 365","description":"El pr\u00f3ximo mi\u00e9rcoles d\u00eda 28 finaliza el periodo de inscripci\u00f3n para la campa\u00f1a de compostaje, que, por noveno a\u00f1o consecutivo, el Ayuntamiento de Carre\u00f1o y COGERSA pone a disposici\u00f3n de la ciudadan\u00eda. Esta iniciativa cosiste en la elaboraci\u00f3n de abono natural en los domicilios particulares a partir de residuos org\u00e1nicos generados en el hogar y","canonical_url":"https:\/\/candas365.es\/noticias\/nueva-campana-de-compostaje-en-el-concejo-de-carreno\/","robots":"max-image-preview:large","keywords":"noticias carre\u00f1o","webmasterTools":{"google-site-verification":"UA-32230408-1","msvalidate.01":"354F3CDFB2DA171B47FBE9ABF1F88D5","miscellaneous":""},"schema":{"@context":"https:\/\/schema.org","@graph":[{"@type":"BreadcrumbList","@id":"https:\/\/candas365.es\/noticias\/nueva-campana-de-compostaje-en-el-concejo-de-carreno\/#breadcrumblist","itemListElement":[{"@type":"ListItem","@id":"https:\/\/candas365.es\/noticias#listItem","position":1,"name":"Home","item":"https:\/\/candas365.es\/noticias","nextItem":{"@type":"ListItem","@id":"https:\/\/candas365.es\/noticias\/category\/noticias-carreno\/#listItem","name":"Noticias Carre\u00f1o"}},{"@type":"ListItem","@id":"https:\/\/candas365.es\/noticias\/category\/noticias-carreno\/#listItem","position":2,"name":"Noticias Carre\u00f1o","item":"https:\/\/candas365.es\/noticias\/category\/noticias-carreno\/","nextItem":{"@type":"ListItem","@id":"https:\/\/candas365.es\/noticias\/nueva-campana-de-compostaje-en-el-concejo-de-carreno\/#listItem","name":"Nueva campa\u00f1a de compostaje en el Concejo de Carre\u00f1o"},"previousItem":{"@type":"ListItem","@id":"https:\/\/candas365.es\/noticias#listItem","name":"Home"}},{"@type":"ListItem","@id":"https:\/\/candas365.es\/noticias\/nueva-campana-de-compostaje-en-el-concejo-de-carreno\/#listItem","position":3,"name":"Nueva campa\u00f1a de compostaje en el Concejo de Carre\u00f1o","previousItem":{"@type":"ListItem","@id":"https:\/\/candas365.es\/noticias\/category\/noticias-carreno\/#listItem","name":"Noticias Carre\u00f1o"}}]},{"@type":"NewsArticle","@id":"https:\/\/candas365.es\/noticias\/nueva-campana-de-compostaje-en-el-concejo-de-carreno\/#newsarticle","name":"Nueva campa\u00f1a de compostaje en el Concejo de Carre\u00f1o | Cand\u00e1s 365","headline":"Nueva campa\u00f1a de compostaje en el Concejo de Carre\u00f1o","author":{"@id":"https:\/\/candas365.es\/noticias\/author\/admin\/#author"},"publisher":{"@id":"https:\/\/candas365.es\/noticias\/#organization"},"image":{"@type":"ImageObject","url":"https:\/\/candas365.es\/noticias\/wp-content\/uploads\/2015\/01\/ayuntamiento.jpg","width":800,"height":600,"caption":"Carre\u00f1o"},"datePublished":"2018-02-26T13:54:33+01:00","dateModified":"2018-02-26T13:54:33+01:00","inLanguage":"es-ES","mainEntityOfPage":{"@id":"https:\/\/candas365.es\/noticias\/nueva-campana-de-compostaje-en-el-concejo-de-carreno\/#webpage"},"isPartOf":{"@id":"https:\/\/candas365.es\/noticias\/nueva-campana-de-compostaje-en-el-concejo-de-carreno\/#webpage"},"articleSection":"Noticias Carre\u00f1o","dateline":"Publicado el febrero 26, 2018."},{"@type":"Organization","@id":"https:\/\/candas365.es\/noticias\/#organization","name":"Cand\u00e1s 365","description":"Cand\u00e1s 365 es un diario digital independiente, fundado en 2012, con base en Asturias. Informamos con rigor sobre actualidad, sociedad, cultura y ocio, con una mirada local y global.","url":"https:\/\/candas365.es\/noticias\/","email":"info@candas365.es","telephone":"+34652131393","foundingDate":"2012-06-10","logo":{"@type":"ImageObject","url":"https:\/\/candas365.es\/noticias\/wp-content\/uploads\/2024\/09\/Candas-365-Redes.jpg","@id":"https:\/\/candas365.es\/noticias\/nueva-campana-de-compostaje-en-el-concejo-de-carreno\/#organizationLogo","width":1152,"height":864,"caption":"Cand\u00e1s 365 Redes"},"image":{"@id":"https:\/\/candas365.es\/noticias\/nueva-campana-de-compostaje-en-el-concejo-de-carreno\/#organizationLogo"},"sameAs":["https:\/\/www.facebook.com\/Nachofdezber","https:\/\/x.com\/NabercoDigital","https:\/\/www.instagram.com\/nachofdezber\/","https:\/\/www.youtube.com\/channel\/UCZP-2wLEB9Rv6erhFmqVnvg"],"address":{"@id":"https:\/\/candas365.es\/noticias\/#postaladdress","@type":"PostalAddress","streetAddress":"san antonio 4, san antonio 4","postalCode":"33430","addressLocality":"Cand\u00e1s","addressRegion":"Asturias","addressCountry":"ES"}},{"@type":"Person","@id":"https:\/\/candas365.es\/noticias\/author\/admin\/#author","url":"https:\/\/candas365.es\/noticias\/author\/admin\/","name":"Cand\u00e1s 365","image":{"@type":"ImageObject","@id":"https:\/\/candas365.es\/noticias\/nueva-campana-de-compostaje-en-el-concejo-de-carreno\/#authorImage","url":"https:\/\/secure.gravatar.com\/avatar\/496a8e03d0c493ede1718b7934145dbdf8d89be1036b0eec9544e1094c9de390?s=96&d=mm&r=g","width":96,"height":96,"caption":"Cand\u00e1s 365"},"sameAs":["https:\/\/www.facebook.com\/carrenoactualidad","https:\/\/twitter.com\/nbasturias","https:\/\/www.instagram.com\/nachofdezber\/","https:\/\/www.youtube.com\/channel\/UCZP-2wLEB9Rv6erhFmqVnvg"]},{"@type":"WebPage","@id":"https:\/\/candas365.es\/noticias\/nueva-campana-de-compostaje-en-el-concejo-de-carreno\/#webpage","url":"https:\/\/candas365.es\/noticias\/nueva-campana-de-compostaje-en-el-concejo-de-carreno\/","name":"Nueva campa\u00f1a de compostaje en el Concejo de Carre\u00f1o | Cand\u00e1s 365","description":"El pr\u00f3ximo mi\u00e9rcoles d\u00eda 28 finaliza el periodo de inscripci\u00f3n para la campa\u00f1a de compostaje, que, por noveno a\u00f1o consecutivo, el Ayuntamiento de Carre\u00f1o y COGERSA pone a disposici\u00f3n de la ciudadan\u00eda. Esta iniciativa cosiste en la elaboraci\u00f3n de abono natural en los domicilios particulares a partir de residuos org\u00e1nicos generados en el hogar y","inLanguage":"es-ES","isPartOf":{"@id":"https:\/\/candas365.es\/noticias\/#website"},"breadcrumb":{"@id":"https:\/\/candas365.es\/noticias\/nueva-campana-de-compostaje-en-el-concejo-de-carreno\/#breadcrumblist"},"author":{"@id":"https:\/\/candas365.es\/noticias\/author\/admin\/#author"},"creator":{"@id":"https:\/\/candas365.es\/noticias\/author\/admin\/#author"},"image":{"@type":"ImageObject","url":"https:\/\/candas365.es\/noticias\/wp-content\/uploads\/2015\/01\/ayuntamiento.jpg","@id":"https:\/\/candas365.es\/noticias\/nueva-campana-de-compostaje-en-el-concejo-de-carreno\/#mainImage","width":800,"height":600,"caption":"Carre\u00f1o"},"primaryImageOfPage":{"@id":"https:\/\/candas365.es\/noticias\/nueva-campana-de-compostaje-en-el-concejo-de-carreno\/#mainImage"},"datePublished":"2018-02-26T13:54:33+01:00","dateModified":"2018-02-26T13:54:33+01:00"},{"@type":"WebSite","@id":"https:\/\/candas365.es\/noticias\/#website","url":"https:\/\/candas365.es\/noticias\/","name":"Cand\u00e1s 365","alternateName":"Cand\u00e1s 365 Noticias","description":"Actualidad desde Carre\u00f1o para el mundo","inLanguage":"es-ES","publisher":{"@id":"https:\/\/candas365.es\/noticias\/#organization"}}]},"og:locale":"es_ES","og:site_name":"Cand\u00e1s 365","og:type":"article","og:title":"Nueva campa\u00f1a de compostaje en el Concejo de Carre\u00f1o | Cand\u00e1s 365","og:description":"El pr\u00f3ximo mi\u00e9rcoles d\u00eda 28 finaliza el periodo de inscripci\u00f3n para la campa\u00f1a de compostaje, que, por noveno a\u00f1o consecutivo, el Ayuntamiento de Carre\u00f1o y COGERSA pone a disposici\u00f3n de la ciudadan\u00eda. Esta iniciativa cosiste en la elaboraci\u00f3n de abono natural en los domicilios particulares a partir de residuos org\u00e1nicos generados en el hogar y","og:url":"https:\/\/candas365.es\/noticias\/nueva-campana-de-compostaje-en-el-concejo-de-carreno\/","og:image":"https:\/\/candas365.es\/noticias\/wp-content\/uploads\/2015\/01\/ayuntamiento.jpg","og:image:secure_url":"https:\/\/candas365.es\/noticias\/wp-content\/uploads\/2015\/01\/ayuntamiento.jpg","og:image:width":800,"og:image:height":600,"article:published_time":"2018-02-26T13:54:33+00:00","article:modified_time":"2018-02-26T13:54:33+00:00","article:publisher":"https:\/\/www.facebook.com\/Nachofdezber","article:author":"https:\/\/www.facebook.com\/carrenoactualidad","twitter:card":"summary_large_image","twitter:site":"@NabercoDigital","twitter:title":"Nueva campa\u00f1a de compostaje en el Concejo de Carre\u00f1o | Cand\u00e1s 365","twitter:description":"El pr\u00f3ximo mi\u00e9rcoles d\u00eda 28 finaliza el periodo de inscripci\u00f3n para la campa\u00f1a de compostaje, que, por noveno a\u00f1o consecutivo, el Ayuntamiento de Carre\u00f1o y COGERSA pone a disposici\u00f3n de la ciudadan\u00eda. Esta iniciativa cosiste en la elaboraci\u00f3n de abono natural en los domicilios particulares a partir de residuos org\u00e1nicos generados en el hogar y","twitter:creator":"@nbasturias","twitter:image":"https:\/\/candas365.es\/noticias\/wp-content\/uploads\/2015\/01\/ayuntamiento.jpg","twitter:label1":"Escrito por","twitter:data1":"Cand\u00e1s 365","twitter:label2":"Tiempo de lectura estimado","twitter:data2":"1 minuto"},"aioseo_meta_data":{"post_id":"90675","title":null,"description":null,"keywords":null,"keyphrases":null,"primary_term":null,"canonical_url":null,"og_title":null,"og_description":null,"og_object_type":"default","og_image_type":"default","og_image_url":null,"og_image_width":null,"og_image_height":null,"og_image_custom_url":null,"og_image_custom_fields":null,"og_video":null,"og_custom_url":null,"og_article_section":null,"og_article_tags":null,"twitter_use_og":false,"twitter_card":"default","twitter_image_type":"default","twitter_image_url":null,"twitter_image_custom_url":null,"twitter_image_custom_fields":null,"twitter_title":null,"twitter_description":null,"schema":{"blockGraphs":[],"customGraphs":[],"default":{"data":{"Article":[],"Course":[],"Dataset":[],"FAQPage":[],"Movie":[],"Person":[],"Product":[],"ProductReview":[],"Car":[],"Recipe":[],"Service":[],"SoftwareApplication":[],"WebPage":[]},"graphName":"","isEnabled":true},"graphs":[],"defaultGraph":"","defaultPostTypeGraph":""},"schema_type":null,"schema_type_options":null,"pillar_content":false,"robots_default":true,"robots_noindex":false,"robots_noarchive":false,"robots_nosnippet":false,"robots_nofollow":false,"robots_noimageindex":false,"robots_noodp":false,"robots_notranslate":false,"robots_max_snippet":null,"robots_max_videopreview":null,"robots_max_imagepreview":"large","priority":null,"frequency":null,"location":null,"local_seo":null,"seo_analyzer_scan_date":"2025-08-26 13:52:13","breadcrumb_settings":null,"limit_modified_date":false,"reviewed_by":null,"open_ai":null,"ai":null,"created":"2020-12-21 11:55:31","updated":"2025-08-26 13:52:13"},"aioseo_breadcrumb":"<div class=\"aioseo-breadcrumbs\"><span class=\"aioseo-breadcrumb\">\n\t<a href=\"https:\/\/candas365.es\/noticias\" title=\"Home\">Home<\/a>\n<\/span><span class=\"aioseo-breadcrumb-separator\">&ndash;<\/span><span class=\"aioseo-breadcrumb\">\n\t<a href=\"https:\/\/candas365.es\/noticias\/category\/noticias-carreno\/\" title=\"Noticias Carre\u00f1o\">Noticias Carre\u00f1o<\/a>\n<\/span><span class=\"aioseo-breadcrumb-separator\">&ndash;<\/span><span class=\"aioseo-breadcrumb\">\n\tNueva campa\u00f1a de compostaje en el Concejo de Carre\u00f1o\n<\/span><\/div>","aioseo_breadcrumb_json":[{"label":"Home","link":"https:\/\/candas365.es\/noticias"},{"label":"Noticias Carre\u00f1o","link":"https:\/\/candas365.es\/noticias\/category\/noticias-carreno\/"},{"label":"Nueva campa\u00f1a de compostaje en el Concejo de Carre\u00f1o","link":"https:\/\/candas365.es\/noticias\/nueva-campana-de-compostaje-en-el-concejo-de-carreno\/"}],"_links":{"self":[{"href":"https:\/\/candas365.es\/noticias\/wp-json\/wp\/v2\/posts\/90675","targetHints":{"allow":["GET"]}}],"collection":[{"href":"https:\/\/candas365.es\/noticias\/wp-json\/wp\/v2\/posts"}],"about":[{"href":"https:\/\/candas365.es\/noticias\/wp-json\/wp\/v2\/types\/post"}],"author":[{"embeddable":true,"href":"https:\/\/candas365.es\/noticias\/wp-json\/wp\/v2\/users\/1"}],"replies":[{"embeddable":true,"href":"https:\/\/candas365.es\/noticias\/wp-json\/wp\/v2\/comments?post=90675"}],"version-history":[{"count":0,"href":"https:\/\/candas365.es\/noticias\/wp-json\/wp\/v2\/posts\/90675\/revisions"}],"wp:featuredmedia":[{"embeddable":true,"href":"https:\/\/candas365.es\/noticias\/wp-json\/wp\/v2\/media\/6453"}],"wp:attachment":[{"href":"https:\/\/candas365.es\/noticias\/wp-json\/wp\/v2\/media?parent=90675"}],"wp:term":[{"taxonomy":"category","embeddable":true,"href":"https:\/\/candas365.es\/noticias\/wp-json\/wp\/v2\/categories?post=90675"},{"taxonomy":"post_tag","embeddable":true,"href":"https:\/\/candas365.es\/noticias\/wp-json\/wp\/v2\/tags?post=90675"}],"curies":[{"name":"wp","href":"https:\/\/api.w.org\/{rel}","templated":true}]}}