{"id":90672,"date":"2018-02-26T13:47:16","date_gmt":"2018-02-26T13:47:16","guid":{"rendered":"http:\/\/candas365.es\/noticias\/?p=90672"},"modified":"2018-02-26T13:47:16","modified_gmt":"2018-02-26T13:47:16","slug":"most-beautiful-island-de-ana-asensio-en-laboral-cinemateca","status":"publish","type":"post","link":"https:\/\/candas365.es\/noticias\/most-beautiful-island-de-ana-asensio-en-laboral-cinemateca\/","title":{"rendered":"\u00abMost beautiful island\u00bb de Ana Asensio, en Laboral Cinemateca"},"content":{"rendered":"<p><img fetchpriority=\"high\" decoding=\"async\" class=\"alignleft size-medium wp-image-90673\" src=\"https:\/\/candas365.es\/noticias\/wp-content\/uploads\/2018\/02\/Most-Beautiful-Island-360x202.jpg\" alt=\"\" width=\"360\" height=\"202\" srcset=\"https:\/\/candas365.es\/noticias\/wp-content\/uploads\/2018\/02\/Most-Beautiful-Island-360x202.jpg 360w, https:\/\/candas365.es\/noticias\/wp-content\/uploads\/2018\/02\/Most-Beautiful-Island-696x391.jpg 696w, https:\/\/candas365.es\/noticias\/wp-content\/uploads\/2018\/02\/Most-Beautiful-Island-747x420.jpg 747w, https:\/\/candas365.es\/noticias\/wp-content\/uploads\/2018\/02\/Most-Beautiful-Island-768x432.jpg 768w, https:\/\/candas365.es\/noticias\/wp-content\/uploads\/2018\/02\/Most-Beautiful-Island-655x368.jpg 655w, https:\/\/candas365.es\/noticias\/wp-content\/uploads\/2018\/02\/Most-Beautiful-Island-499x280.jpg 499w, https:\/\/candas365.es\/noticias\/wp-content\/uploads\/2018\/02\/Most-Beautiful-Island.jpg 900w\" sizes=\"(max-width: 360px) 100vw, 360px\" \/>Laboral Cinemateca abre este viernes la cartelera del fin de semana con el estreno en Asturias del thriller psicol\u00f3gico Most beautiful island, el debut en el largometraje de la cineasta madrile\u00f1a Ana Asensio. Asensio parte de una experiencia personal para llevar a la gran pantalla la historia de Luciana, una inmigrante que intenta ganarse la vida en Nueva York mientras huye de su pasado en Espa\u00f1a y que se ve envuelta en una intriga llena de morbo y misterio.<\/p>\n<p>Luciana malvive a base de trabajos precarios que no le llegan ni para pagar el alquiler. Esta situaci\u00f3n asfixiante la llevar\u00e1 a aceptar un trabajo de una noche, bien remunerado y aparentemente sencillo. Claro que la oferta le har\u00e1 descubrir el lado m\u00e1s cruel del sue\u00f1o americano.<\/p>\n<p>Most beautiful island consigui\u00f3 alzarse con el Gran Premio del Jurado en el prestigioso festival indie South by Southwest y participa, como finalista a la mejor pel\u00edcula, en el apartado John Cassavetes de los Independent Spirit Awards. Tras su paso por Sitges y el Nocturna de Madrid, Most beautiful island llega este viernes, a las 20:00 horas, al Paraninfo de la Laboral.<\/p>\n<p>El joven director ruso Kantemir Balagov se alz\u00f3 con el Premio FIPRESCI en el Festival de Cannes con su \u00f3pera prima Tesnota (Demasiado cerca), un filme que denuncia el asfixiante peso de la tradici\u00f3n sobre los j\u00f3venes, y en especial las mujeres, en el C\u00e1ucaso Norte que Laboral Cinemateca proyecta este s\u00e1bado, a las 20:00 horas.<\/p>\n<p>Ambientada a finales de los 90 en la rep\u00fablica Kabardia-Balkaria, pr\u00f3xima a una Chechenia en guerra, la protagonista es una joven jud\u00eda de 24 a\u00f1os que se rebela contra todo lo que se espera de ella. En este contexto opresivo para Illana, ocurre un dram\u00e1tico suceso, el secuestro de su hermano peque\u00f1o y su novia, que afectar\u00e1 al propio futuro de Illana.<\/p>\n<p>El p\u00fablico m\u00e1s joven podr\u00e1 disfrutar nuevamente este domingo, a las 17:30 horas, de una pel\u00edcula de animaci\u00f3n, la francesa La panda de la selva, en la que Maurice, un ping\u00fcino criado como tigre, se propone mantener el orden en la selva, como antes hizo su madre, junto a sus amigos. Frescura, simp\u00e1ticos gags, una animaci\u00f3n colorista y efectiva y personajes entra\u00f1ables en esta pel\u00edcula, dirigida por David Alaux, que se emite en su versi\u00f3n doblada al castellano.<\/p>\n<p>Las entradas est\u00e1n ya a la venta, a un precio general de 4\u20ac y reducido de 3\u20ac, en la Recepci\u00f3n de Laboral Ciudad de la Cultura en Gij\u00f3n, en la Recepci\u00f3n del Centro Niemeyer en Avil\u00e9s, en el Centro de Informaci\u00f3n Tur\u00edstica del Principado en Oviedo, en entradas.liberbank.es, en el tel\u00e9fono 902 106 601 y en la red de cajeros Liberbank.<\/p>\n","protected":false},"excerpt":{"rendered":"<p>Laboral Cinemateca abre este viernes la cartelera del fin de semana con el estreno en Asturias del thriller psicol\u00f3gico Most beautiful island, el debut en el largometraje de la cineasta madrile\u00f1a Ana Asensio. Asensio parte de una experiencia personal para llevar a la gran pantalla la historia de Luciana, una inmigrante que intenta ganarse la<\/p>\n","protected":false},"author":1,"featured_media":90673,"comment_status":"closed","ping_status":"closed","sticky":false,"template":"","format":"standard","meta":{"footnotes":""},"categories":[1],"tags":[],"class_list":{"0":"post-90672","1":"post","2":"type-post","3":"status-publish","4":"format-standard","5":"has-post-thumbnail","7":"category-agenda"},"aioseo_notices":[],"aioseo_head":"\n\t\t<!-- All in One SEO Pro 4.9.6.2 - aioseo.com -->\n\t<meta name=\"description\" content=\"Laboral Cinemateca abre este viernes la cartelera del fin de semana con el estreno en Asturias del thriller psicol\u00f3gico Most beautiful island, el debut en el largometraje de la cineasta madrile\u00f1a Ana Asensio. Asensio parte de una experiencia personal para llevar a la gran pantalla la historia de Luciana, una inmigrante que intenta ganarse la\" \/>\n\t<meta name=\"robots\" content=\"max-image-preview:large\" \/>\n\t<meta name=\"author\" content=\"Cand\u00e1s 365\"\/>\n\t<meta name=\"google-site-verification\" content=\"UA-32230408-1\" \/>\n\t<meta name=\"msvalidate.01\" content=\"354F3CDFB2DA171B47FBE9ABF1F88D5\" \/>\n\t<meta name=\"keywords\" content=\"agenda\" \/>\n\t<link rel=\"canonical\" href=\"https:\/\/candas365.es\/noticias\/most-beautiful-island-de-ana-asensio-en-laboral-cinemateca\/\" \/>\n\t<meta name=\"generator\" content=\"All in One SEO Pro (AIOSEO) 4.9.6.2\" \/>\n\t\t<meta property=\"og:locale\" content=\"es_ES\" \/>\n\t\t<meta property=\"og:site_name\" content=\"Cand\u00e1s 365\" \/>\n\t\t<meta property=\"og:type\" content=\"article\" \/>\n\t\t<meta property=\"og:title\" content=\"\u00abMost beautiful island\u00bb de Ana Asensio, en Laboral Cinemateca | Cand\u00e1s 365\" \/>\n\t\t<meta property=\"og:description\" content=\"Laboral Cinemateca abre este viernes la cartelera del fin de semana con el estreno en Asturias del thriller psicol\u00f3gico Most beautiful island, el debut en el largometraje de la cineasta madrile\u00f1a Ana Asensio. Asensio parte de una experiencia personal para llevar a la gran pantalla la historia de Luciana, una inmigrante que intenta ganarse la\" \/>\n\t\t<meta property=\"og:url\" content=\"https:\/\/candas365.es\/noticias\/most-beautiful-island-de-ana-asensio-en-laboral-cinemateca\/\" \/>\n\t\t<meta property=\"og:image\" content=\"https:\/\/candas365.es\/noticias\/wp-content\/uploads\/2018\/02\/Most-Beautiful-Island.jpg\" \/>\n\t\t<meta property=\"og:image:secure_url\" content=\"https:\/\/candas365.es\/noticias\/wp-content\/uploads\/2018\/02\/Most-Beautiful-Island.jpg\" \/>\n\t\t<meta property=\"og:image:width\" content=\"900\" \/>\n\t\t<meta property=\"og:image:height\" content=\"506\" \/>\n\t\t<meta property=\"article:published_time\" content=\"2018-02-26T13:47:16+00:00\" \/>\n\t\t<meta property=\"article:modified_time\" content=\"2018-02-26T13:47:16+00:00\" \/>\n\t\t<meta property=\"article:publisher\" content=\"https:\/\/www.facebook.com\/Nachofdezber\" \/>\n\t\t<meta property=\"article:author\" content=\"https:\/\/www.facebook.com\/carrenoactualidad\" \/>\n\t\t<meta name=\"twitter:card\" content=\"summary_large_image\" \/>\n\t\t<meta name=\"twitter:site\" content=\"@NabercoDigital\" \/>\n\t\t<meta name=\"twitter:title\" content=\"\u00abMost beautiful island\u00bb de Ana Asensio, en Laboral Cinemateca | Cand\u00e1s 365\" \/>\n\t\t<meta name=\"twitter:description\" content=\"Laboral Cinemateca abre este viernes la cartelera del fin de semana con el estreno en Asturias del thriller psicol\u00f3gico Most beautiful island, el debut en el largometraje de la cineasta madrile\u00f1a Ana Asensio. Asensio parte de una experiencia personal para llevar a la gran pantalla la historia de Luciana, una inmigrante que intenta ganarse la\" \/>\n\t\t<meta name=\"twitter:creator\" content=\"@nbasturias\" \/>\n\t\t<meta name=\"twitter:image\" content=\"https:\/\/candas365.es\/noticias\/wp-content\/uploads\/2018\/02\/Most-Beautiful-Island.jpg\" \/>\n\t\t<meta name=\"twitter:label1\" content=\"Escrito por\" \/>\n\t\t<meta name=\"twitter:data1\" content=\"Cand\u00e1s 365\" \/>\n\t\t<meta name=\"twitter:label2\" content=\"Tiempo de lectura estimado\" \/>\n\t\t<meta name=\"twitter:data2\" content=\"2 minutos\" \/>\n\t\t<script type=\"application\/ld+json\" class=\"aioseo-schema\">\n\t\t\t{\"@context\":\"https:\\\/\\\/schema.org\",\"@graph\":[{\"@type\":\"BreadcrumbList\",\"@id\":\"https:\\\/\\\/candas365.es\\\/noticias\\\/most-beautiful-island-de-ana-asensio-en-laboral-cinemateca\\\/#breadcrumblist\",\"itemListElement\":[{\"@type\":\"ListItem\",\"@id\":\"https:\\\/\\\/candas365.es\\\/noticias#listItem\",\"position\":1,\"name\":\"Home\",\"item\":\"https:\\\/\\\/candas365.es\\\/noticias\",\"nextItem\":{\"@type\":\"ListItem\",\"@id\":\"https:\\\/\\\/candas365.es\\\/noticias\\\/category\\\/agenda\\\/#listItem\",\"name\":\"Agenda\"}},{\"@type\":\"ListItem\",\"@id\":\"https:\\\/\\\/candas365.es\\\/noticias\\\/category\\\/agenda\\\/#listItem\",\"position\":2,\"name\":\"Agenda\",\"item\":\"https:\\\/\\\/candas365.es\\\/noticias\\\/category\\\/agenda\\\/\",\"nextItem\":{\"@type\":\"ListItem\",\"@id\":\"https:\\\/\\\/candas365.es\\\/noticias\\\/most-beautiful-island-de-ana-asensio-en-laboral-cinemateca\\\/#listItem\",\"name\":\"\\u00abMost beautiful island\\u00bb de Ana Asensio, en Laboral Cinemateca\"},\"previousItem\":{\"@type\":\"ListItem\",\"@id\":\"https:\\\/\\\/candas365.es\\\/noticias#listItem\",\"name\":\"Home\"}},{\"@type\":\"ListItem\",\"@id\":\"https:\\\/\\\/candas365.es\\\/noticias\\\/most-beautiful-island-de-ana-asensio-en-laboral-cinemateca\\\/#listItem\",\"position\":3,\"name\":\"\\u00abMost beautiful island\\u00bb de Ana Asensio, en Laboral Cinemateca\",\"previousItem\":{\"@type\":\"ListItem\",\"@id\":\"https:\\\/\\\/candas365.es\\\/noticias\\\/category\\\/agenda\\\/#listItem\",\"name\":\"Agenda\"}}]},{\"@type\":\"NewsArticle\",\"@id\":\"https:\\\/\\\/candas365.es\\\/noticias\\\/most-beautiful-island-de-ana-asensio-en-laboral-cinemateca\\\/#newsarticle\",\"name\":\"\\u00abMost beautiful island\\u00bb de Ana Asensio, en Laboral Cinemateca | Cand\\u00e1s 365\",\"headline\":\"\\u00abMost beautiful island\\u00bb de Ana Asensio, en Laboral Cinemateca\",\"author\":{\"@id\":\"https:\\\/\\\/candas365.es\\\/noticias\\\/author\\\/admin\\\/#author\"},\"publisher\":{\"@id\":\"https:\\\/\\\/candas365.es\\\/noticias\\\/#organization\"},\"image\":{\"@type\":\"ImageObject\",\"url\":\"https:\\\/\\\/candas365.es\\\/noticias\\\/wp-content\\\/uploads\\\/2018\\\/02\\\/Most-Beautiful-Island.jpg\",\"width\":900,\"height\":506},\"datePublished\":\"2018-02-26T13:47:16+01:00\",\"dateModified\":\"2018-02-26T13:47:16+01:00\",\"inLanguage\":\"es-ES\",\"mainEntityOfPage\":{\"@id\":\"https:\\\/\\\/candas365.es\\\/noticias\\\/most-beautiful-island-de-ana-asensio-en-laboral-cinemateca\\\/#webpage\"},\"isPartOf\":{\"@id\":\"https:\\\/\\\/candas365.es\\\/noticias\\\/most-beautiful-island-de-ana-asensio-en-laboral-cinemateca\\\/#webpage\"},\"articleSection\":\"Agenda\",\"dateline\":\"Publicado el febrero 26, 2018.\"},{\"@type\":\"Organization\",\"@id\":\"https:\\\/\\\/candas365.es\\\/noticias\\\/#organization\",\"name\":\"Cand\\u00e1s 365\",\"description\":\"Cand\\u00e1s 365 es un diario digital independiente, fundado en 2012, con base en Asturias. Informamos con rigor sobre actualidad, sociedad, cultura y ocio, con una mirada local y global.\",\"url\":\"https:\\\/\\\/candas365.es\\\/noticias\\\/\",\"email\":\"info@candas365.es\",\"telephone\":\"+34652131393\",\"foundingDate\":\"2012-06-10\",\"logo\":{\"@type\":\"ImageObject\",\"url\":\"https:\\\/\\\/candas365.es\\\/noticias\\\/wp-content\\\/uploads\\\/2024\\\/09\\\/Candas-365-Redes.jpg\",\"@id\":\"https:\\\/\\\/candas365.es\\\/noticias\\\/most-beautiful-island-de-ana-asensio-en-laboral-cinemateca\\\/#organizationLogo\",\"width\":1152,\"height\":864,\"caption\":\"Cand\\u00e1s 365 Redes\"},\"image\":{\"@id\":\"https:\\\/\\\/candas365.es\\\/noticias\\\/most-beautiful-island-de-ana-asensio-en-laboral-cinemateca\\\/#organizationLogo\"},\"sameAs\":[\"https:\\\/\\\/www.facebook.com\\\/Nachofdezber\",\"https:\\\/\\\/x.com\\\/NabercoDigital\",\"https:\\\/\\\/www.instagram.com\\\/nachofdezber\\\/\",\"https:\\\/\\\/www.youtube.com\\\/channel\\\/UCZP-2wLEB9Rv6erhFmqVnvg\"],\"address\":{\"@id\":\"https:\\\/\\\/candas365.es\\\/noticias\\\/#postaladdress\",\"@type\":\"PostalAddress\",\"streetAddress\":\"san antonio 4, san antonio 4\",\"postalCode\":\"33430\",\"addressLocality\":\"Cand\\u00e1s\",\"addressRegion\":\"Asturias\",\"addressCountry\":\"ES\"}},{\"@type\":\"Person\",\"@id\":\"https:\\\/\\\/candas365.es\\\/noticias\\\/author\\\/admin\\\/#author\",\"url\":\"https:\\\/\\\/candas365.es\\\/noticias\\\/author\\\/admin\\\/\",\"name\":\"Cand\\u00e1s 365\",\"image\":{\"@type\":\"ImageObject\",\"@id\":\"https:\\\/\\\/candas365.es\\\/noticias\\\/most-beautiful-island-de-ana-asensio-en-laboral-cinemateca\\\/#authorImage\",\"url\":\"https:\\\/\\\/secure.gravatar.com\\\/avatar\\\/496a8e03d0c493ede1718b7934145dbdf8d89be1036b0eec9544e1094c9de390?s=96&d=mm&r=g\",\"width\":96,\"height\":96,\"caption\":\"Cand\\u00e1s 365\"},\"sameAs\":[\"https:\\\/\\\/www.facebook.com\\\/carrenoactualidad\",\"https:\\\/\\\/twitter.com\\\/nbasturias\",\"https:\\\/\\\/www.instagram.com\\\/nachofdezber\\\/\",\"https:\\\/\\\/www.youtube.com\\\/channel\\\/UCZP-2wLEB9Rv6erhFmqVnvg\"]},{\"@type\":\"WebPage\",\"@id\":\"https:\\\/\\\/candas365.es\\\/noticias\\\/most-beautiful-island-de-ana-asensio-en-laboral-cinemateca\\\/#webpage\",\"url\":\"https:\\\/\\\/candas365.es\\\/noticias\\\/most-beautiful-island-de-ana-asensio-en-laboral-cinemateca\\\/\",\"name\":\"\\u00abMost beautiful island\\u00bb de Ana Asensio, en Laboral Cinemateca | Cand\\u00e1s 365\",\"description\":\"Laboral Cinemateca abre este viernes la cartelera del fin de semana con el estreno en Asturias del thriller psicol\\u00f3gico Most beautiful island, el debut en el largometraje de la cineasta madrile\\u00f1a Ana Asensio. Asensio parte de una experiencia personal para llevar a la gran pantalla la historia de Luciana, una inmigrante que intenta ganarse la\",\"inLanguage\":\"es-ES\",\"isPartOf\":{\"@id\":\"https:\\\/\\\/candas365.es\\\/noticias\\\/#website\"},\"breadcrumb\":{\"@id\":\"https:\\\/\\\/candas365.es\\\/noticias\\\/most-beautiful-island-de-ana-asensio-en-laboral-cinemateca\\\/#breadcrumblist\"},\"author\":{\"@id\":\"https:\\\/\\\/candas365.es\\\/noticias\\\/author\\\/admin\\\/#author\"},\"creator\":{\"@id\":\"https:\\\/\\\/candas365.es\\\/noticias\\\/author\\\/admin\\\/#author\"},\"image\":{\"@type\":\"ImageObject\",\"url\":\"https:\\\/\\\/candas365.es\\\/noticias\\\/wp-content\\\/uploads\\\/2018\\\/02\\\/Most-Beautiful-Island.jpg\",\"@id\":\"https:\\\/\\\/candas365.es\\\/noticias\\\/most-beautiful-island-de-ana-asensio-en-laboral-cinemateca\\\/#mainImage\",\"width\":900,\"height\":506},\"primaryImageOfPage\":{\"@id\":\"https:\\\/\\\/candas365.es\\\/noticias\\\/most-beautiful-island-de-ana-asensio-en-laboral-cinemateca\\\/#mainImage\"},\"datePublished\":\"2018-02-26T13:47:16+01:00\",\"dateModified\":\"2018-02-26T13:47:16+01:00\"},{\"@type\":\"WebSite\",\"@id\":\"https:\\\/\\\/candas365.es\\\/noticias\\\/#website\",\"url\":\"https:\\\/\\\/candas365.es\\\/noticias\\\/\",\"name\":\"Cand\\u00e1s 365\",\"alternateName\":\"Cand\\u00e1s 365 Noticias\",\"description\":\"Actualidad desde Carre\\u00f1o para el mundo\",\"inLanguage\":\"es-ES\",\"publisher\":{\"@id\":\"https:\\\/\\\/candas365.es\\\/noticias\\\/#organization\"}}]}\n\t\t<\/script>\n\t\t<!-- All in One SEO Pro -->\r\n\t\t<title>\u00abMost beautiful island\u00bb de Ana Asensio, en Laboral Cinemateca | Cand\u00e1s 365<\/title>\n\n","aioseo_head_json":{"title":"\u00abMost beautiful island\u00bb de Ana Asensio, en Laboral Cinemateca | Cand\u00e1s 365","description":"Laboral Cinemateca abre este viernes la cartelera del fin de semana con el estreno en Asturias del thriller psicol\u00f3gico Most beautiful island, el debut en el largometraje de la cineasta madrile\u00f1a Ana Asensio. Asensio parte de una experiencia personal para llevar a la gran pantalla la historia de Luciana, una inmigrante que intenta ganarse la","canonical_url":"https:\/\/candas365.es\/noticias\/most-beautiful-island-de-ana-asensio-en-laboral-cinemateca\/","robots":"max-image-preview:large","keywords":"agenda","webmasterTools":{"google-site-verification":"UA-32230408-1","msvalidate.01":"354F3CDFB2DA171B47FBE9ABF1F88D5","miscellaneous":""},"schema":{"@context":"https:\/\/schema.org","@graph":[{"@type":"BreadcrumbList","@id":"https:\/\/candas365.es\/noticias\/most-beautiful-island-de-ana-asensio-en-laboral-cinemateca\/#breadcrumblist","itemListElement":[{"@type":"ListItem","@id":"https:\/\/candas365.es\/noticias#listItem","position":1,"name":"Home","item":"https:\/\/candas365.es\/noticias","nextItem":{"@type":"ListItem","@id":"https:\/\/candas365.es\/noticias\/category\/agenda\/#listItem","name":"Agenda"}},{"@type":"ListItem","@id":"https:\/\/candas365.es\/noticias\/category\/agenda\/#listItem","position":2,"name":"Agenda","item":"https:\/\/candas365.es\/noticias\/category\/agenda\/","nextItem":{"@type":"ListItem","@id":"https:\/\/candas365.es\/noticias\/most-beautiful-island-de-ana-asensio-en-laboral-cinemateca\/#listItem","name":"\u00abMost beautiful island\u00bb de Ana Asensio, en Laboral Cinemateca"},"previousItem":{"@type":"ListItem","@id":"https:\/\/candas365.es\/noticias#listItem","name":"Home"}},{"@type":"ListItem","@id":"https:\/\/candas365.es\/noticias\/most-beautiful-island-de-ana-asensio-en-laboral-cinemateca\/#listItem","position":3,"name":"\u00abMost beautiful island\u00bb de Ana Asensio, en Laboral Cinemateca","previousItem":{"@type":"ListItem","@id":"https:\/\/candas365.es\/noticias\/category\/agenda\/#listItem","name":"Agenda"}}]},{"@type":"NewsArticle","@id":"https:\/\/candas365.es\/noticias\/most-beautiful-island-de-ana-asensio-en-laboral-cinemateca\/#newsarticle","name":"\u00abMost beautiful island\u00bb de Ana Asensio, en Laboral Cinemateca | Cand\u00e1s 365","headline":"\u00abMost beautiful island\u00bb de Ana Asensio, en Laboral Cinemateca","author":{"@id":"https:\/\/candas365.es\/noticias\/author\/admin\/#author"},"publisher":{"@id":"https:\/\/candas365.es\/noticias\/#organization"},"image":{"@type":"ImageObject","url":"https:\/\/candas365.es\/noticias\/wp-content\/uploads\/2018\/02\/Most-Beautiful-Island.jpg","width":900,"height":506},"datePublished":"2018-02-26T13:47:16+01:00","dateModified":"2018-02-26T13:47:16+01:00","inLanguage":"es-ES","mainEntityOfPage":{"@id":"https:\/\/candas365.es\/noticias\/most-beautiful-island-de-ana-asensio-en-laboral-cinemateca\/#webpage"},"isPartOf":{"@id":"https:\/\/candas365.es\/noticias\/most-beautiful-island-de-ana-asensio-en-laboral-cinemateca\/#webpage"},"articleSection":"Agenda","dateline":"Publicado el febrero 26, 2018."},{"@type":"Organization","@id":"https:\/\/candas365.es\/noticias\/#organization","name":"Cand\u00e1s 365","description":"Cand\u00e1s 365 es un diario digital independiente, fundado en 2012, con base en Asturias. Informamos con rigor sobre actualidad, sociedad, cultura y ocio, con una mirada local y global.","url":"https:\/\/candas365.es\/noticias\/","email":"info@candas365.es","telephone":"+34652131393","foundingDate":"2012-06-10","logo":{"@type":"ImageObject","url":"https:\/\/candas365.es\/noticias\/wp-content\/uploads\/2024\/09\/Candas-365-Redes.jpg","@id":"https:\/\/candas365.es\/noticias\/most-beautiful-island-de-ana-asensio-en-laboral-cinemateca\/#organizationLogo","width":1152,"height":864,"caption":"Cand\u00e1s 365 Redes"},"image":{"@id":"https:\/\/candas365.es\/noticias\/most-beautiful-island-de-ana-asensio-en-laboral-cinemateca\/#organizationLogo"},"sameAs":["https:\/\/www.facebook.com\/Nachofdezber","https:\/\/x.com\/NabercoDigital","https:\/\/www.instagram.com\/nachofdezber\/","https:\/\/www.youtube.com\/channel\/UCZP-2wLEB9Rv6erhFmqVnvg"],"address":{"@id":"https:\/\/candas365.es\/noticias\/#postaladdress","@type":"PostalAddress","streetAddress":"san antonio 4, san antonio 4","postalCode":"33430","addressLocality":"Cand\u00e1s","addressRegion":"Asturias","addressCountry":"ES"}},{"@type":"Person","@id":"https:\/\/candas365.es\/noticias\/author\/admin\/#author","url":"https:\/\/candas365.es\/noticias\/author\/admin\/","name":"Cand\u00e1s 365","image":{"@type":"ImageObject","@id":"https:\/\/candas365.es\/noticias\/most-beautiful-island-de-ana-asensio-en-laboral-cinemateca\/#authorImage","url":"https:\/\/secure.gravatar.com\/avatar\/496a8e03d0c493ede1718b7934145dbdf8d89be1036b0eec9544e1094c9de390?s=96&d=mm&r=g","width":96,"height":96,"caption":"Cand\u00e1s 365"},"sameAs":["https:\/\/www.facebook.com\/carrenoactualidad","https:\/\/twitter.com\/nbasturias","https:\/\/www.instagram.com\/nachofdezber\/","https:\/\/www.youtube.com\/channel\/UCZP-2wLEB9Rv6erhFmqVnvg"]},{"@type":"WebPage","@id":"https:\/\/candas365.es\/noticias\/most-beautiful-island-de-ana-asensio-en-laboral-cinemateca\/#webpage","url":"https:\/\/candas365.es\/noticias\/most-beautiful-island-de-ana-asensio-en-laboral-cinemateca\/","name":"\u00abMost beautiful island\u00bb de Ana Asensio, en Laboral Cinemateca | Cand\u00e1s 365","description":"Laboral Cinemateca abre este viernes la cartelera del fin de semana con el estreno en Asturias del thriller psicol\u00f3gico Most beautiful island, el debut en el largometraje de la cineasta madrile\u00f1a Ana Asensio. Asensio parte de una experiencia personal para llevar a la gran pantalla la historia de Luciana, una inmigrante que intenta ganarse la","inLanguage":"es-ES","isPartOf":{"@id":"https:\/\/candas365.es\/noticias\/#website"},"breadcrumb":{"@id":"https:\/\/candas365.es\/noticias\/most-beautiful-island-de-ana-asensio-en-laboral-cinemateca\/#breadcrumblist"},"author":{"@id":"https:\/\/candas365.es\/noticias\/author\/admin\/#author"},"creator":{"@id":"https:\/\/candas365.es\/noticias\/author\/admin\/#author"},"image":{"@type":"ImageObject","url":"https:\/\/candas365.es\/noticias\/wp-content\/uploads\/2018\/02\/Most-Beautiful-Island.jpg","@id":"https:\/\/candas365.es\/noticias\/most-beautiful-island-de-ana-asensio-en-laboral-cinemateca\/#mainImage","width":900,"height":506},"primaryImageOfPage":{"@id":"https:\/\/candas365.es\/noticias\/most-beautiful-island-de-ana-asensio-en-laboral-cinemateca\/#mainImage"},"datePublished":"2018-02-26T13:47:16+01:00","dateModified":"2018-02-26T13:47:16+01:00"},{"@type":"WebSite","@id":"https:\/\/candas365.es\/noticias\/#website","url":"https:\/\/candas365.es\/noticias\/","name":"Cand\u00e1s 365","alternateName":"Cand\u00e1s 365 Noticias","description":"Actualidad desde Carre\u00f1o para el mundo","inLanguage":"es-ES","publisher":{"@id":"https:\/\/candas365.es\/noticias\/#organization"}}]},"og:locale":"es_ES","og:site_name":"Cand\u00e1s 365","og:type":"article","og:title":"\u00abMost beautiful island\u00bb de Ana Asensio, en Laboral Cinemateca | Cand\u00e1s 365","og:description":"Laboral Cinemateca abre este viernes la cartelera del fin de semana con el estreno en Asturias del thriller psicol\u00f3gico Most beautiful island, el debut en el largometraje de la cineasta madrile\u00f1a Ana Asensio. Asensio parte de una experiencia personal para llevar a la gran pantalla la historia de Luciana, una inmigrante que intenta ganarse la","og:url":"https:\/\/candas365.es\/noticias\/most-beautiful-island-de-ana-asensio-en-laboral-cinemateca\/","og:image":"https:\/\/candas365.es\/noticias\/wp-content\/uploads\/2018\/02\/Most-Beautiful-Island.jpg","og:image:secure_url":"https:\/\/candas365.es\/noticias\/wp-content\/uploads\/2018\/02\/Most-Beautiful-Island.jpg","og:image:width":900,"og:image:height":506,"article:published_time":"2018-02-26T13:47:16+00:00","article:modified_time":"2018-02-26T13:47:16+00:00","article:publisher":"https:\/\/www.facebook.com\/Nachofdezber","article:author":"https:\/\/www.facebook.com\/carrenoactualidad","twitter:card":"summary_large_image","twitter:site":"@NabercoDigital","twitter:title":"\u00abMost beautiful island\u00bb de Ana Asensio, en Laboral Cinemateca | Cand\u00e1s 365","twitter:description":"Laboral Cinemateca abre este viernes la cartelera del fin de semana con el estreno en Asturias del thriller psicol\u00f3gico Most beautiful island, el debut en el largometraje de la cineasta madrile\u00f1a Ana Asensio. Asensio parte de una experiencia personal para llevar a la gran pantalla la historia de Luciana, una inmigrante que intenta ganarse la","twitter:creator":"@nbasturias","twitter:image":"https:\/\/candas365.es\/noticias\/wp-content\/uploads\/2018\/02\/Most-Beautiful-Island.jpg","twitter:label1":"Escrito por","twitter:data1":"Cand\u00e1s 365","twitter:label2":"Tiempo de lectura estimado","twitter:data2":"2 minutos"},"aioseo_meta_data":{"post_id":"90672","title":null,"description":null,"keywords":null,"keyphrases":null,"primary_term":null,"canonical_url":null,"og_title":null,"og_description":null,"og_object_type":"default","og_image_type":"default","og_image_url":null,"og_image_width":null,"og_image_height":null,"og_image_custom_url":null,"og_image_custom_fields":null,"og_video":null,"og_custom_url":null,"og_article_section":null,"og_article_tags":null,"twitter_use_og":false,"twitter_card":"default","twitter_image_type":"default","twitter_image_url":null,"twitter_image_custom_url":null,"twitter_image_custom_fields":null,"twitter_title":null,"twitter_description":null,"schema":{"blockGraphs":[],"customGraphs":[],"default":{"data":{"Article":[],"Course":[],"Dataset":[],"FAQPage":[],"Movie":[],"Person":[],"Product":[],"ProductReview":[],"Car":[],"Recipe":[],"Service":[],"SoftwareApplication":[],"WebPage":[]},"graphName":"","isEnabled":true},"graphs":[],"defaultGraph":"","defaultPostTypeGraph":""},"schema_type":null,"schema_type_options":null,"pillar_content":false,"robots_default":true,"robots_noindex":false,"robots_noarchive":false,"robots_nosnippet":false,"robots_nofollow":false,"robots_noimageindex":false,"robots_noodp":false,"robots_notranslate":false,"robots_max_snippet":null,"robots_max_videopreview":null,"robots_max_imagepreview":"large","priority":null,"frequency":null,"location":null,"local_seo":null,"seo_analyzer_scan_date":"2025-08-26 13:52:12","breadcrumb_settings":null,"limit_modified_date":false,"reviewed_by":null,"open_ai":null,"ai":null,"created":"2020-12-21 11:55:31","updated":"2025-08-26 13:52:12"},"aioseo_breadcrumb":"<div class=\"aioseo-breadcrumbs\"><span class=\"aioseo-breadcrumb\">\n\t<a href=\"https:\/\/candas365.es\/noticias\" title=\"Home\">Home<\/a>\n<\/span><span class=\"aioseo-breadcrumb-separator\">&ndash;<\/span><span class=\"aioseo-breadcrumb\">\n\t<a href=\"https:\/\/candas365.es\/noticias\/category\/agenda\/\" title=\"Agenda\">Agenda<\/a>\n<\/span><span class=\"aioseo-breadcrumb-separator\">&ndash;<\/span><span class=\"aioseo-breadcrumb\">\n\t\u00abMost beautiful island\u00bb de Ana Asensio, en Laboral Cinemateca\n<\/span><\/div>","aioseo_breadcrumb_json":[{"label":"Home","link":"https:\/\/candas365.es\/noticias"},{"label":"Agenda","link":"https:\/\/candas365.es\/noticias\/category\/agenda\/"},{"label":"\u00abMost beautiful island\u00bb de Ana Asensio, en Laboral Cinemateca","link":"https:\/\/candas365.es\/noticias\/most-beautiful-island-de-ana-asensio-en-laboral-cinemateca\/"}],"_links":{"self":[{"href":"https:\/\/candas365.es\/noticias\/wp-json\/wp\/v2\/posts\/90672","targetHints":{"allow":["GET"]}}],"collection":[{"href":"https:\/\/candas365.es\/noticias\/wp-json\/wp\/v2\/posts"}],"about":[{"href":"https:\/\/candas365.es\/noticias\/wp-json\/wp\/v2\/types\/post"}],"author":[{"embeddable":true,"href":"https:\/\/candas365.es\/noticias\/wp-json\/wp\/v2\/users\/1"}],"replies":[{"embeddable":true,"href":"https:\/\/candas365.es\/noticias\/wp-json\/wp\/v2\/comments?post=90672"}],"version-history":[{"count":0,"href":"https:\/\/candas365.es\/noticias\/wp-json\/wp\/v2\/posts\/90672\/revisions"}],"wp:featuredmedia":[{"embeddable":true,"href":"https:\/\/candas365.es\/noticias\/wp-json\/wp\/v2\/media\/90673"}],"wp:attachment":[{"href":"https:\/\/candas365.es\/noticias\/wp-json\/wp\/v2\/media?parent=90672"}],"wp:term":[{"taxonomy":"category","embeddable":true,"href":"https:\/\/candas365.es\/noticias\/wp-json\/wp\/v2\/categories?post=90672"},{"taxonomy":"post_tag","embeddable":true,"href":"https:\/\/candas365.es\/noticias\/wp-json\/wp\/v2\/tags?post=90672"}],"curies":[{"name":"wp","href":"https:\/\/api.w.org\/{rel}","templated":true}]}}