{"id":90380,"date":"2018-02-20T17:42:52","date_gmt":"2018-02-20T17:42:52","guid":{"rendered":"http:\/\/candas365.es\/noticias\/?p=90380"},"modified":"2018-02-20T17:42:52","modified_gmt":"2018-02-20T17:42:52","slug":"sonidos-de-la-prehistoria-en-la-cuevona-de-ardines","status":"publish","type":"post","link":"https:\/\/candas365.es\/noticias\/sonidos-de-la-prehistoria-en-la-cuevona-de-ardines\/","title":{"rendered":"Sonidos de la Prehistoria en la Cuevona de Ardines"},"content":{"rendered":"<p><img fetchpriority=\"high\" decoding=\"async\" class=\"alignleft size-medium wp-image-90381\" src=\"https:\/\/candas365.es\/noticias\/wp-content\/uploads\/2018\/02\/CuevonaArdines-360x239.jpg\" alt=\"\" width=\"360\" height=\"239\" srcset=\"https:\/\/candas365.es\/noticias\/wp-content\/uploads\/2018\/02\/CuevonaArdines-360x239.jpg 360w, https:\/\/candas365.es\/noticias\/wp-content\/uploads\/2018\/02\/CuevonaArdines-696x463.jpg 696w, https:\/\/candas365.es\/noticias\/wp-content\/uploads\/2018\/02\/CuevonaArdines-1068x710.jpg 1068w, https:\/\/candas365.es\/noticias\/wp-content\/uploads\/2018\/02\/CuevonaArdines-632x420.jpg 632w, https:\/\/candas365.es\/noticias\/wp-content\/uploads\/2018\/02\/CuevonaArdines-768x511.jpg 768w, https:\/\/candas365.es\/noticias\/wp-content\/uploads\/2018\/02\/CuevonaArdines-655x435.jpg 655w, https:\/\/candas365.es\/noticias\/wp-content\/uploads\/2018\/02\/CuevonaArdines.jpg 1280w\" sizes=\"(max-width: 360px) 100vw, 360px\" \/>El Centro de Arte Rupestre de Tito Bustillo organiza este s\u00e1bado 24 de febrero, a las 11:45 horas, una visita-taller sobre Arqueoac\u00fastica en la Cuevona de Ardines.<\/p>\n<p>En este escenario \u00fanico se mostrar\u00e1 cu\u00e1les son los instrumentos musicales m\u00e1s antiguos y se har\u00e1 un repaso de aquellos productores de sonido que permit\u00eda a nuestros antepasados comunicarse musicalmente y de un lugar a otro.<\/p>\n<p>La geolog\u00eda de las cuevas las convierte en grandes cajas de resonancia que se activan con nuestras voces y con instrumentos musicales y hay estudios que evidencian que en la Prehistoria se eleg\u00eda la ubicaci\u00f3n de las pinturas en funci\u00f3n de la buena ac\u00fastica de la cueva.<\/p>\n<p>La actividad, dirigida a todos los p\u00fablicos y recomendada a p\u00fablico familiar, tiene un precio general de 8,30 euros y reducido de 5,66 euros para socios del Club Cultura Asturias y Pasaporte Cultural.<\/p>\n<p>Las entradas para la visita-taller, con plazas limitadas, se pueden adquirir en la Recepci\u00f3n del Centro y a trav\u00e9s de <strong>www.centrotitobustillo.com<\/strong>.<\/p>\n<p>Se recuerda que para acceder a la Cuevona es preciso subir 300 escalones.<\/p>\n","protected":false},"excerpt":{"rendered":"<p>El Centro de Arte Rupestre de Tito Bustillo organiza este s\u00e1bado 24 de febrero, a las 11:45 horas, una visita-taller sobre Arqueoac\u00fastica en la Cuevona de Ardines. En este escenario \u00fanico se mostrar\u00e1 cu\u00e1les son los instrumentos musicales m\u00e1s antiguos y se har\u00e1 un repaso de aquellos productores de sonido que permit\u00eda a nuestros antepasados<\/p>\n","protected":false},"author":1,"featured_media":90381,"comment_status":"closed","ping_status":"closed","sticky":false,"template":"","format":"standard","meta":{"footnotes":""},"categories":[1],"tags":[],"class_list":{"0":"post-90380","1":"post","2":"type-post","3":"status-publish","4":"format-standard","5":"has-post-thumbnail","7":"category-agenda"},"aioseo_notices":[],"aioseo_head":"\n\t\t<!-- All in One SEO Pro 4.9.6.2 - aioseo.com -->\n\t<meta name=\"description\" content=\"El Centro de Arte Rupestre de Tito Bustillo organiza este s\u00e1bado 24 de febrero, a las 11:45 horas, una visita-taller sobre Arqueoac\u00fastica en la Cuevona de Ardines. En este escenario \u00fanico se mostrar\u00e1 cu\u00e1les son los instrumentos musicales m\u00e1s antiguos y se har\u00e1 un repaso de aquellos productores de sonido que permit\u00eda a nuestros antepasados\" \/>\n\t<meta name=\"robots\" content=\"max-image-preview:large\" \/>\n\t<meta name=\"author\" content=\"Cand\u00e1s 365\"\/>\n\t<meta name=\"google-site-verification\" content=\"UA-32230408-1\" \/>\n\t<meta name=\"msvalidate.01\" content=\"354F3CDFB2DA171B47FBE9ABF1F88D5\" \/>\n\t<meta name=\"keywords\" content=\"agenda\" \/>\n\t<link rel=\"canonical\" href=\"https:\/\/candas365.es\/noticias\/sonidos-de-la-prehistoria-en-la-cuevona-de-ardines\/\" \/>\n\t<meta name=\"generator\" content=\"All in One SEO Pro (AIOSEO) 4.9.6.2\" \/>\n\t\t<meta property=\"og:locale\" content=\"es_ES\" \/>\n\t\t<meta property=\"og:site_name\" content=\"Cand\u00e1s 365\" \/>\n\t\t<meta property=\"og:type\" content=\"article\" \/>\n\t\t<meta property=\"og:title\" content=\"Sonidos de la Prehistoria en la Cuevona de Ardines | Cand\u00e1s 365\" \/>\n\t\t<meta property=\"og:description\" content=\"El Centro de Arte Rupestre de Tito Bustillo organiza este s\u00e1bado 24 de febrero, a las 11:45 horas, una visita-taller sobre Arqueoac\u00fastica en la Cuevona de Ardines. En este escenario \u00fanico se mostrar\u00e1 cu\u00e1les son los instrumentos musicales m\u00e1s antiguos y se har\u00e1 un repaso de aquellos productores de sonido que permit\u00eda a nuestros antepasados\" \/>\n\t\t<meta property=\"og:url\" content=\"https:\/\/candas365.es\/noticias\/sonidos-de-la-prehistoria-en-la-cuevona-de-ardines\/\" \/>\n\t\t<meta property=\"og:image\" content=\"https:\/\/candas365.es\/noticias\/wp-content\/uploads\/2018\/02\/CuevonaArdines.jpg\" \/>\n\t\t<meta property=\"og:image:secure_url\" content=\"https:\/\/candas365.es\/noticias\/wp-content\/uploads\/2018\/02\/CuevonaArdines.jpg\" \/>\n\t\t<meta property=\"og:image:width\" content=\"1280\" \/>\n\t\t<meta property=\"og:image:height\" content=\"851\" \/>\n\t\t<meta property=\"article:published_time\" content=\"2018-02-20T17:42:52+00:00\" \/>\n\t\t<meta property=\"article:modified_time\" content=\"2018-02-20T17:42:52+00:00\" \/>\n\t\t<meta property=\"article:publisher\" content=\"https:\/\/www.facebook.com\/Nachofdezber\" \/>\n\t\t<meta property=\"article:author\" content=\"https:\/\/www.facebook.com\/carrenoactualidad\" \/>\n\t\t<meta name=\"twitter:card\" content=\"summary_large_image\" \/>\n\t\t<meta name=\"twitter:site\" content=\"@NabercoDigital\" \/>\n\t\t<meta name=\"twitter:title\" content=\"Sonidos de la Prehistoria en la Cuevona de Ardines | Cand\u00e1s 365\" \/>\n\t\t<meta name=\"twitter:description\" content=\"El Centro de Arte Rupestre de Tito Bustillo organiza este s\u00e1bado 24 de febrero, a las 11:45 horas, una visita-taller sobre Arqueoac\u00fastica en la Cuevona de Ardines. En este escenario \u00fanico se mostrar\u00e1 cu\u00e1les son los instrumentos musicales m\u00e1s antiguos y se har\u00e1 un repaso de aquellos productores de sonido que permit\u00eda a nuestros antepasados\" \/>\n\t\t<meta name=\"twitter:creator\" content=\"@nbasturias\" \/>\n\t\t<meta name=\"twitter:image\" content=\"https:\/\/candas365.es\/noticias\/wp-content\/uploads\/2018\/02\/CuevonaArdines.jpg\" \/>\n\t\t<meta name=\"twitter:label1\" content=\"Escrito por\" \/>\n\t\t<meta name=\"twitter:data1\" content=\"Cand\u00e1s 365\" \/>\n\t\t<meta name=\"twitter:label2\" content=\"Tiempo de lectura estimado\" \/>\n\t\t<meta name=\"twitter:data2\" content=\"1 minuto\" \/>\n\t\t<script type=\"application\/ld+json\" class=\"aioseo-schema\">\n\t\t\t{\"@context\":\"https:\\\/\\\/schema.org\",\"@graph\":[{\"@type\":\"BreadcrumbList\",\"@id\":\"https:\\\/\\\/candas365.es\\\/noticias\\\/sonidos-de-la-prehistoria-en-la-cuevona-de-ardines\\\/#breadcrumblist\",\"itemListElement\":[{\"@type\":\"ListItem\",\"@id\":\"https:\\\/\\\/candas365.es\\\/noticias#listItem\",\"position\":1,\"name\":\"Home\",\"item\":\"https:\\\/\\\/candas365.es\\\/noticias\",\"nextItem\":{\"@type\":\"ListItem\",\"@id\":\"https:\\\/\\\/candas365.es\\\/noticias\\\/category\\\/agenda\\\/#listItem\",\"name\":\"Agenda\"}},{\"@type\":\"ListItem\",\"@id\":\"https:\\\/\\\/candas365.es\\\/noticias\\\/category\\\/agenda\\\/#listItem\",\"position\":2,\"name\":\"Agenda\",\"item\":\"https:\\\/\\\/candas365.es\\\/noticias\\\/category\\\/agenda\\\/\",\"nextItem\":{\"@type\":\"ListItem\",\"@id\":\"https:\\\/\\\/candas365.es\\\/noticias\\\/sonidos-de-la-prehistoria-en-la-cuevona-de-ardines\\\/#listItem\",\"name\":\"Sonidos de la Prehistoria en la Cuevona de Ardines\"},\"previousItem\":{\"@type\":\"ListItem\",\"@id\":\"https:\\\/\\\/candas365.es\\\/noticias#listItem\",\"name\":\"Home\"}},{\"@type\":\"ListItem\",\"@id\":\"https:\\\/\\\/candas365.es\\\/noticias\\\/sonidos-de-la-prehistoria-en-la-cuevona-de-ardines\\\/#listItem\",\"position\":3,\"name\":\"Sonidos de la Prehistoria en la Cuevona de Ardines\",\"previousItem\":{\"@type\":\"ListItem\",\"@id\":\"https:\\\/\\\/candas365.es\\\/noticias\\\/category\\\/agenda\\\/#listItem\",\"name\":\"Agenda\"}}]},{\"@type\":\"NewsArticle\",\"@id\":\"https:\\\/\\\/candas365.es\\\/noticias\\\/sonidos-de-la-prehistoria-en-la-cuevona-de-ardines\\\/#newsarticle\",\"name\":\"Sonidos de la Prehistoria en la Cuevona de Ardines | Cand\\u00e1s 365\",\"headline\":\"Sonidos de la Prehistoria en la Cuevona de Ardines\",\"author\":{\"@id\":\"https:\\\/\\\/candas365.es\\\/noticias\\\/author\\\/admin\\\/#author\"},\"publisher\":{\"@id\":\"https:\\\/\\\/candas365.es\\\/noticias\\\/#organization\"},\"image\":{\"@type\":\"ImageObject\",\"url\":\"https:\\\/\\\/candas365.es\\\/noticias\\\/wp-content\\\/uploads\\\/2018\\\/02\\\/CuevonaArdines.jpg\",\"width\":1280,\"height\":851},\"datePublished\":\"2018-02-20T17:42:52+01:00\",\"dateModified\":\"2018-02-20T17:42:52+01:00\",\"inLanguage\":\"es-ES\",\"mainEntityOfPage\":{\"@id\":\"https:\\\/\\\/candas365.es\\\/noticias\\\/sonidos-de-la-prehistoria-en-la-cuevona-de-ardines\\\/#webpage\"},\"isPartOf\":{\"@id\":\"https:\\\/\\\/candas365.es\\\/noticias\\\/sonidos-de-la-prehistoria-en-la-cuevona-de-ardines\\\/#webpage\"},\"articleSection\":\"Agenda\",\"dateline\":\"Publicado el febrero 20, 2018.\"},{\"@type\":\"Organization\",\"@id\":\"https:\\\/\\\/candas365.es\\\/noticias\\\/#organization\",\"name\":\"Cand\\u00e1s 365\",\"description\":\"Cand\\u00e1s 365 es un diario digital independiente, fundado en 2012, con base en Asturias. Informamos con rigor sobre actualidad, sociedad, cultura y ocio, con una mirada local y global.\",\"url\":\"https:\\\/\\\/candas365.es\\\/noticias\\\/\",\"email\":\"info@candas365.es\",\"telephone\":\"+34652131393\",\"foundingDate\":\"2012-06-10\",\"logo\":{\"@type\":\"ImageObject\",\"url\":\"https:\\\/\\\/candas365.es\\\/noticias\\\/wp-content\\\/uploads\\\/2024\\\/09\\\/Candas-365-Redes.jpg\",\"@id\":\"https:\\\/\\\/candas365.es\\\/noticias\\\/sonidos-de-la-prehistoria-en-la-cuevona-de-ardines\\\/#organizationLogo\",\"width\":1152,\"height\":864,\"caption\":\"Cand\\u00e1s 365 Redes\"},\"image\":{\"@id\":\"https:\\\/\\\/candas365.es\\\/noticias\\\/sonidos-de-la-prehistoria-en-la-cuevona-de-ardines\\\/#organizationLogo\"},\"sameAs\":[\"https:\\\/\\\/www.facebook.com\\\/Nachofdezber\",\"https:\\\/\\\/x.com\\\/NabercoDigital\",\"https:\\\/\\\/www.instagram.com\\\/nachofdezber\\\/\",\"https:\\\/\\\/www.youtube.com\\\/channel\\\/UCZP-2wLEB9Rv6erhFmqVnvg\"],\"address\":{\"@id\":\"https:\\\/\\\/candas365.es\\\/noticias\\\/#postaladdress\",\"@type\":\"PostalAddress\",\"streetAddress\":\"san antonio 4, san antonio 4\",\"postalCode\":\"33430\",\"addressLocality\":\"Cand\\u00e1s\",\"addressRegion\":\"Asturias\",\"addressCountry\":\"ES\"}},{\"@type\":\"Person\",\"@id\":\"https:\\\/\\\/candas365.es\\\/noticias\\\/author\\\/admin\\\/#author\",\"url\":\"https:\\\/\\\/candas365.es\\\/noticias\\\/author\\\/admin\\\/\",\"name\":\"Cand\\u00e1s 365\",\"image\":{\"@type\":\"ImageObject\",\"@id\":\"https:\\\/\\\/candas365.es\\\/noticias\\\/sonidos-de-la-prehistoria-en-la-cuevona-de-ardines\\\/#authorImage\",\"url\":\"https:\\\/\\\/secure.gravatar.com\\\/avatar\\\/496a8e03d0c493ede1718b7934145dbdf8d89be1036b0eec9544e1094c9de390?s=96&d=mm&r=g\",\"width\":96,\"height\":96,\"caption\":\"Cand\\u00e1s 365\"},\"sameAs\":[\"https:\\\/\\\/www.facebook.com\\\/carrenoactualidad\",\"https:\\\/\\\/twitter.com\\\/nbasturias\",\"https:\\\/\\\/www.instagram.com\\\/nachofdezber\\\/\",\"https:\\\/\\\/www.youtube.com\\\/channel\\\/UCZP-2wLEB9Rv6erhFmqVnvg\"]},{\"@type\":\"WebPage\",\"@id\":\"https:\\\/\\\/candas365.es\\\/noticias\\\/sonidos-de-la-prehistoria-en-la-cuevona-de-ardines\\\/#webpage\",\"url\":\"https:\\\/\\\/candas365.es\\\/noticias\\\/sonidos-de-la-prehistoria-en-la-cuevona-de-ardines\\\/\",\"name\":\"Sonidos de la Prehistoria en la Cuevona de Ardines | Cand\\u00e1s 365\",\"description\":\"El Centro de Arte Rupestre de Tito Bustillo organiza este s\\u00e1bado 24 de febrero, a las 11:45 horas, una visita-taller sobre Arqueoac\\u00fastica en la Cuevona de Ardines. En este escenario \\u00fanico se mostrar\\u00e1 cu\\u00e1les son los instrumentos musicales m\\u00e1s antiguos y se har\\u00e1 un repaso de aquellos productores de sonido que permit\\u00eda a nuestros antepasados\",\"inLanguage\":\"es-ES\",\"isPartOf\":{\"@id\":\"https:\\\/\\\/candas365.es\\\/noticias\\\/#website\"},\"breadcrumb\":{\"@id\":\"https:\\\/\\\/candas365.es\\\/noticias\\\/sonidos-de-la-prehistoria-en-la-cuevona-de-ardines\\\/#breadcrumblist\"},\"author\":{\"@id\":\"https:\\\/\\\/candas365.es\\\/noticias\\\/author\\\/admin\\\/#author\"},\"creator\":{\"@id\":\"https:\\\/\\\/candas365.es\\\/noticias\\\/author\\\/admin\\\/#author\"},\"image\":{\"@type\":\"ImageObject\",\"url\":\"https:\\\/\\\/candas365.es\\\/noticias\\\/wp-content\\\/uploads\\\/2018\\\/02\\\/CuevonaArdines.jpg\",\"@id\":\"https:\\\/\\\/candas365.es\\\/noticias\\\/sonidos-de-la-prehistoria-en-la-cuevona-de-ardines\\\/#mainImage\",\"width\":1280,\"height\":851},\"primaryImageOfPage\":{\"@id\":\"https:\\\/\\\/candas365.es\\\/noticias\\\/sonidos-de-la-prehistoria-en-la-cuevona-de-ardines\\\/#mainImage\"},\"datePublished\":\"2018-02-20T17:42:52+01:00\",\"dateModified\":\"2018-02-20T17:42:52+01:00\"},{\"@type\":\"WebSite\",\"@id\":\"https:\\\/\\\/candas365.es\\\/noticias\\\/#website\",\"url\":\"https:\\\/\\\/candas365.es\\\/noticias\\\/\",\"name\":\"Cand\\u00e1s 365\",\"alternateName\":\"Cand\\u00e1s 365 Noticias\",\"description\":\"Actualidad desde Carre\\u00f1o para el mundo\",\"inLanguage\":\"es-ES\",\"publisher\":{\"@id\":\"https:\\\/\\\/candas365.es\\\/noticias\\\/#organization\"}}]}\n\t\t<\/script>\n\t\t<!-- All in One SEO Pro -->\r\n\t\t<title>Sonidos de la Prehistoria en la Cuevona de Ardines | Cand\u00e1s 365<\/title>\n\n","aioseo_head_json":{"title":"Sonidos de la Prehistoria en la Cuevona de Ardines | Cand\u00e1s 365","description":"El Centro de Arte Rupestre de Tito Bustillo organiza este s\u00e1bado 24 de febrero, a las 11:45 horas, una visita-taller sobre Arqueoac\u00fastica en la Cuevona de Ardines. En este escenario \u00fanico se mostrar\u00e1 cu\u00e1les son los instrumentos musicales m\u00e1s antiguos y se har\u00e1 un repaso de aquellos productores de sonido que permit\u00eda a nuestros antepasados","canonical_url":"https:\/\/candas365.es\/noticias\/sonidos-de-la-prehistoria-en-la-cuevona-de-ardines\/","robots":"max-image-preview:large","keywords":"agenda","webmasterTools":{"google-site-verification":"UA-32230408-1","msvalidate.01":"354F3CDFB2DA171B47FBE9ABF1F88D5","miscellaneous":""},"schema":{"@context":"https:\/\/schema.org","@graph":[{"@type":"BreadcrumbList","@id":"https:\/\/candas365.es\/noticias\/sonidos-de-la-prehistoria-en-la-cuevona-de-ardines\/#breadcrumblist","itemListElement":[{"@type":"ListItem","@id":"https:\/\/candas365.es\/noticias#listItem","position":1,"name":"Home","item":"https:\/\/candas365.es\/noticias","nextItem":{"@type":"ListItem","@id":"https:\/\/candas365.es\/noticias\/category\/agenda\/#listItem","name":"Agenda"}},{"@type":"ListItem","@id":"https:\/\/candas365.es\/noticias\/category\/agenda\/#listItem","position":2,"name":"Agenda","item":"https:\/\/candas365.es\/noticias\/category\/agenda\/","nextItem":{"@type":"ListItem","@id":"https:\/\/candas365.es\/noticias\/sonidos-de-la-prehistoria-en-la-cuevona-de-ardines\/#listItem","name":"Sonidos de la Prehistoria en la Cuevona de Ardines"},"previousItem":{"@type":"ListItem","@id":"https:\/\/candas365.es\/noticias#listItem","name":"Home"}},{"@type":"ListItem","@id":"https:\/\/candas365.es\/noticias\/sonidos-de-la-prehistoria-en-la-cuevona-de-ardines\/#listItem","position":3,"name":"Sonidos de la Prehistoria en la Cuevona de Ardines","previousItem":{"@type":"ListItem","@id":"https:\/\/candas365.es\/noticias\/category\/agenda\/#listItem","name":"Agenda"}}]},{"@type":"NewsArticle","@id":"https:\/\/candas365.es\/noticias\/sonidos-de-la-prehistoria-en-la-cuevona-de-ardines\/#newsarticle","name":"Sonidos de la Prehistoria en la Cuevona de Ardines | Cand\u00e1s 365","headline":"Sonidos de la Prehistoria en la Cuevona de Ardines","author":{"@id":"https:\/\/candas365.es\/noticias\/author\/admin\/#author"},"publisher":{"@id":"https:\/\/candas365.es\/noticias\/#organization"},"image":{"@type":"ImageObject","url":"https:\/\/candas365.es\/noticias\/wp-content\/uploads\/2018\/02\/CuevonaArdines.jpg","width":1280,"height":851},"datePublished":"2018-02-20T17:42:52+01:00","dateModified":"2018-02-20T17:42:52+01:00","inLanguage":"es-ES","mainEntityOfPage":{"@id":"https:\/\/candas365.es\/noticias\/sonidos-de-la-prehistoria-en-la-cuevona-de-ardines\/#webpage"},"isPartOf":{"@id":"https:\/\/candas365.es\/noticias\/sonidos-de-la-prehistoria-en-la-cuevona-de-ardines\/#webpage"},"articleSection":"Agenda","dateline":"Publicado el febrero 20, 2018."},{"@type":"Organization","@id":"https:\/\/candas365.es\/noticias\/#organization","name":"Cand\u00e1s 365","description":"Cand\u00e1s 365 es un diario digital independiente, fundado en 2012, con base en Asturias. Informamos con rigor sobre actualidad, sociedad, cultura y ocio, con una mirada local y global.","url":"https:\/\/candas365.es\/noticias\/","email":"info@candas365.es","telephone":"+34652131393","foundingDate":"2012-06-10","logo":{"@type":"ImageObject","url":"https:\/\/candas365.es\/noticias\/wp-content\/uploads\/2024\/09\/Candas-365-Redes.jpg","@id":"https:\/\/candas365.es\/noticias\/sonidos-de-la-prehistoria-en-la-cuevona-de-ardines\/#organizationLogo","width":1152,"height":864,"caption":"Cand\u00e1s 365 Redes"},"image":{"@id":"https:\/\/candas365.es\/noticias\/sonidos-de-la-prehistoria-en-la-cuevona-de-ardines\/#organizationLogo"},"sameAs":["https:\/\/www.facebook.com\/Nachofdezber","https:\/\/x.com\/NabercoDigital","https:\/\/www.instagram.com\/nachofdezber\/","https:\/\/www.youtube.com\/channel\/UCZP-2wLEB9Rv6erhFmqVnvg"],"address":{"@id":"https:\/\/candas365.es\/noticias\/#postaladdress","@type":"PostalAddress","streetAddress":"san antonio 4, san antonio 4","postalCode":"33430","addressLocality":"Cand\u00e1s","addressRegion":"Asturias","addressCountry":"ES"}},{"@type":"Person","@id":"https:\/\/candas365.es\/noticias\/author\/admin\/#author","url":"https:\/\/candas365.es\/noticias\/author\/admin\/","name":"Cand\u00e1s 365","image":{"@type":"ImageObject","@id":"https:\/\/candas365.es\/noticias\/sonidos-de-la-prehistoria-en-la-cuevona-de-ardines\/#authorImage","url":"https:\/\/secure.gravatar.com\/avatar\/496a8e03d0c493ede1718b7934145dbdf8d89be1036b0eec9544e1094c9de390?s=96&d=mm&r=g","width":96,"height":96,"caption":"Cand\u00e1s 365"},"sameAs":["https:\/\/www.facebook.com\/carrenoactualidad","https:\/\/twitter.com\/nbasturias","https:\/\/www.instagram.com\/nachofdezber\/","https:\/\/www.youtube.com\/channel\/UCZP-2wLEB9Rv6erhFmqVnvg"]},{"@type":"WebPage","@id":"https:\/\/candas365.es\/noticias\/sonidos-de-la-prehistoria-en-la-cuevona-de-ardines\/#webpage","url":"https:\/\/candas365.es\/noticias\/sonidos-de-la-prehistoria-en-la-cuevona-de-ardines\/","name":"Sonidos de la Prehistoria en la Cuevona de Ardines | Cand\u00e1s 365","description":"El Centro de Arte Rupestre de Tito Bustillo organiza este s\u00e1bado 24 de febrero, a las 11:45 horas, una visita-taller sobre Arqueoac\u00fastica en la Cuevona de Ardines. En este escenario \u00fanico se mostrar\u00e1 cu\u00e1les son los instrumentos musicales m\u00e1s antiguos y se har\u00e1 un repaso de aquellos productores de sonido que permit\u00eda a nuestros antepasados","inLanguage":"es-ES","isPartOf":{"@id":"https:\/\/candas365.es\/noticias\/#website"},"breadcrumb":{"@id":"https:\/\/candas365.es\/noticias\/sonidos-de-la-prehistoria-en-la-cuevona-de-ardines\/#breadcrumblist"},"author":{"@id":"https:\/\/candas365.es\/noticias\/author\/admin\/#author"},"creator":{"@id":"https:\/\/candas365.es\/noticias\/author\/admin\/#author"},"image":{"@type":"ImageObject","url":"https:\/\/candas365.es\/noticias\/wp-content\/uploads\/2018\/02\/CuevonaArdines.jpg","@id":"https:\/\/candas365.es\/noticias\/sonidos-de-la-prehistoria-en-la-cuevona-de-ardines\/#mainImage","width":1280,"height":851},"primaryImageOfPage":{"@id":"https:\/\/candas365.es\/noticias\/sonidos-de-la-prehistoria-en-la-cuevona-de-ardines\/#mainImage"},"datePublished":"2018-02-20T17:42:52+01:00","dateModified":"2018-02-20T17:42:52+01:00"},{"@type":"WebSite","@id":"https:\/\/candas365.es\/noticias\/#website","url":"https:\/\/candas365.es\/noticias\/","name":"Cand\u00e1s 365","alternateName":"Cand\u00e1s 365 Noticias","description":"Actualidad desde Carre\u00f1o para el mundo","inLanguage":"es-ES","publisher":{"@id":"https:\/\/candas365.es\/noticias\/#organization"}}]},"og:locale":"es_ES","og:site_name":"Cand\u00e1s 365","og:type":"article","og:title":"Sonidos de la Prehistoria en la Cuevona de Ardines | Cand\u00e1s 365","og:description":"El Centro de Arte Rupestre de Tito Bustillo organiza este s\u00e1bado 24 de febrero, a las 11:45 horas, una visita-taller sobre Arqueoac\u00fastica en la Cuevona de Ardines. En este escenario \u00fanico se mostrar\u00e1 cu\u00e1les son los instrumentos musicales m\u00e1s antiguos y se har\u00e1 un repaso de aquellos productores de sonido que permit\u00eda a nuestros antepasados","og:url":"https:\/\/candas365.es\/noticias\/sonidos-de-la-prehistoria-en-la-cuevona-de-ardines\/","og:image":"https:\/\/candas365.es\/noticias\/wp-content\/uploads\/2018\/02\/CuevonaArdines.jpg","og:image:secure_url":"https:\/\/candas365.es\/noticias\/wp-content\/uploads\/2018\/02\/CuevonaArdines.jpg","og:image:width":1280,"og:image:height":851,"article:published_time":"2018-02-20T17:42:52+00:00","article:modified_time":"2018-02-20T17:42:52+00:00","article:publisher":"https:\/\/www.facebook.com\/Nachofdezber","article:author":"https:\/\/www.facebook.com\/carrenoactualidad","twitter:card":"summary_large_image","twitter:site":"@NabercoDigital","twitter:title":"Sonidos de la Prehistoria en la Cuevona de Ardines | Cand\u00e1s 365","twitter:description":"El Centro de Arte Rupestre de Tito Bustillo organiza este s\u00e1bado 24 de febrero, a las 11:45 horas, una visita-taller sobre Arqueoac\u00fastica en la Cuevona de Ardines. En este escenario \u00fanico se mostrar\u00e1 cu\u00e1les son los instrumentos musicales m\u00e1s antiguos y se har\u00e1 un repaso de aquellos productores de sonido que permit\u00eda a nuestros antepasados","twitter:creator":"@nbasturias","twitter:image":"https:\/\/candas365.es\/noticias\/wp-content\/uploads\/2018\/02\/CuevonaArdines.jpg","twitter:label1":"Escrito por","twitter:data1":"Cand\u00e1s 365","twitter:label2":"Tiempo de lectura estimado","twitter:data2":"1 minuto"},"aioseo_meta_data":{"post_id":"90380","title":null,"description":null,"keywords":null,"keyphrases":null,"primary_term":null,"canonical_url":null,"og_title":null,"og_description":null,"og_object_type":"default","og_image_type":"default","og_image_url":null,"og_image_width":null,"og_image_height":null,"og_image_custom_url":null,"og_image_custom_fields":null,"og_video":null,"og_custom_url":null,"og_article_section":null,"og_article_tags":null,"twitter_use_og":false,"twitter_card":"default","twitter_image_type":"default","twitter_image_url":null,"twitter_image_custom_url":null,"twitter_image_custom_fields":null,"twitter_title":null,"twitter_description":null,"schema":{"blockGraphs":[],"customGraphs":[],"default":{"data":{"Article":[],"Course":[],"Dataset":[],"FAQPage":[],"Movie":[],"Person":[],"Product":[],"ProductReview":[],"Car":[],"Recipe":[],"Service":[],"SoftwareApplication":[],"WebPage":[]},"graphName":"","isEnabled":true},"graphs":[]},"schema_type":null,"schema_type_options":null,"pillar_content":false,"robots_default":true,"robots_noindex":false,"robots_noarchive":false,"robots_nosnippet":false,"robots_nofollow":false,"robots_noimageindex":false,"robots_noodp":false,"robots_notranslate":false,"robots_max_snippet":null,"robots_max_videopreview":null,"robots_max_imagepreview":"large","priority":null,"frequency":null,"location":null,"local_seo":null,"seo_analyzer_scan_date":"2025-08-26 13:26:18","breadcrumb_settings":null,"limit_modified_date":false,"reviewed_by":null,"open_ai":null,"ai":null,"created":"2020-12-21 11:55:46","updated":"2025-08-26 13:26:18"},"aioseo_breadcrumb":"<div class=\"aioseo-breadcrumbs\"><span class=\"aioseo-breadcrumb\">\n\t<a href=\"https:\/\/candas365.es\/noticias\" title=\"Home\">Home<\/a>\n<\/span><span class=\"aioseo-breadcrumb-separator\">&ndash;<\/span><span class=\"aioseo-breadcrumb\">\n\t<a href=\"https:\/\/candas365.es\/noticias\/category\/agenda\/\" title=\"Agenda\">Agenda<\/a>\n<\/span><span class=\"aioseo-breadcrumb-separator\">&ndash;<\/span><span class=\"aioseo-breadcrumb\">\n\tSonidos de la Prehistoria en la Cuevona de Ardines\n<\/span><\/div>","aioseo_breadcrumb_json":[{"label":"Home","link":"https:\/\/candas365.es\/noticias"},{"label":"Agenda","link":"https:\/\/candas365.es\/noticias\/category\/agenda\/"},{"label":"Sonidos de la Prehistoria en la Cuevona de Ardines","link":"https:\/\/candas365.es\/noticias\/sonidos-de-la-prehistoria-en-la-cuevona-de-ardines\/"}],"_links":{"self":[{"href":"https:\/\/candas365.es\/noticias\/wp-json\/wp\/v2\/posts\/90380","targetHints":{"allow":["GET"]}}],"collection":[{"href":"https:\/\/candas365.es\/noticias\/wp-json\/wp\/v2\/posts"}],"about":[{"href":"https:\/\/candas365.es\/noticias\/wp-json\/wp\/v2\/types\/post"}],"author":[{"embeddable":true,"href":"https:\/\/candas365.es\/noticias\/wp-json\/wp\/v2\/users\/1"}],"replies":[{"embeddable":true,"href":"https:\/\/candas365.es\/noticias\/wp-json\/wp\/v2\/comments?post=90380"}],"version-history":[{"count":0,"href":"https:\/\/candas365.es\/noticias\/wp-json\/wp\/v2\/posts\/90380\/revisions"}],"wp:featuredmedia":[{"embeddable":true,"href":"https:\/\/candas365.es\/noticias\/wp-json\/wp\/v2\/media\/90381"}],"wp:attachment":[{"href":"https:\/\/candas365.es\/noticias\/wp-json\/wp\/v2\/media?parent=90380"}],"wp:term":[{"taxonomy":"category","embeddable":true,"href":"https:\/\/candas365.es\/noticias\/wp-json\/wp\/v2\/categories?post=90380"},{"taxonomy":"post_tag","embeddable":true,"href":"https:\/\/candas365.es\/noticias\/wp-json\/wp\/v2\/tags?post=90380"}],"curies":[{"name":"wp","href":"https:\/\/api.w.org\/{rel}","templated":true}]}}