{"id":90209,"date":"2018-02-19T13:54:55","date_gmt":"2018-02-19T13:54:55","guid":{"rendered":"http:\/\/candas365.es\/noticias\/?p=90209"},"modified":"2018-02-19T13:54:55","modified_gmt":"2018-02-19T13:54:55","slug":"el-principado-celebra-el-dia-de-la-llingua-materna","status":"publish","type":"post","link":"https:\/\/candas365.es\/noticias\/el-principado-celebra-el-dia-de-la-llingua-materna\/","title":{"rendered":"El Principado celebra el D\u00eda de la Llingua Materna"},"content":{"rendered":"<p><img fetchpriority=\"high\" decoding=\"async\" class=\"alignleft size-medium wp-image-270\" src=\"https:\/\/candas365.es\/noticias\/wp-content\/uploads\/2014\/09\/agenda-360x238.jpg\" alt=\"\" width=\"360\" height=\"238\" srcset=\"https:\/\/candas365.es\/noticias\/wp-content\/uploads\/2014\/09\/agenda-360x238.jpg 360w, https:\/\/candas365.es\/noticias\/wp-content\/uploads\/2014\/09\/agenda-150x99.jpg 150w, https:\/\/candas365.es\/noticias\/wp-content\/uploads\/2014\/09\/agenda-450x298.jpg 450w, https:\/\/candas365.es\/noticias\/wp-content\/uploads\/2014\/09\/agenda-84x55.jpg 84w, https:\/\/candas365.es\/noticias\/wp-content\/uploads\/2014\/09\/agenda.jpg 500w\" sizes=\"(max-width: 360px) 100vw, 360px\" \/>La Consejer\u00eda de Educaci\u00f3n y Cultura celebrar\u00e1 el <strong>D\u00eda Internacional de la Lengua Materna<\/strong>, que la Unesco conmemora cada 21 de febrero, con la representaci\u00f3n teatral del Ll\u00e1zaro de Tormes y conciertos de Luis N\u00fa\u00f1ez y Los Folganzanes y Joaqu\u00edn Pix\u00e1n.<\/p>\n<p>Este a\u00f1o, de acuerdo con los objetivos establecidos en la Agenda de Desarrollo Sostenible para 2030, el Principado ha escogido el lema Preservar la diversidad ling\u00fc\u00edstica y promover el pluriling\u00fcismo para apoyar los Objetivos de Desarrollo Sostenible, con el prop\u00f3sito de destacar que las lenguas locales transmiten culturas, valores y conocimientos tradicionales que desempe\u00f1an un importante papel en la promoci\u00f3n de un futuro sostenible.<\/p>\n<p>Las actividades programadas comenzar\u00e1n ma\u00f1ana, martes, a las 11:00 horas, en la Casa de Cultura Marta Portal, en Nava. All\u00ed, en colaboraci\u00f3n con el Ayuntamiento, se escenificar\u00e1 la obra Ll\u00e1zaro de Tormes, de Carlos Alba, ganadora del primer Premio Nel Amaro de Teatro Profesional en lengua asturiana y gallego-asturiano. La representaci\u00f3n est\u00e1 dirigida a los estudiantes de Primaria de los centros p\u00fablicos del concejo.<\/p>\n<p>A la misma hora del mi\u00e9rcoles, y en colaboraci\u00f3n con el Ayuntamiento de San Mart\u00edn del Rey Aurelio, se celebrar\u00e1 un acto en el teatro municipal de El Entrego para el alumnado de los centros de Secundaria del municipio, que culminar\u00e1 con un concierto de Luis N\u00fa\u00f1ez y Los Folganzanes, ganadores del Premiu al Meyor Cantar de 2017.<\/p>\n<p>Ese mismo d\u00eda, a las 20:30 horas, las actividades se cerrar\u00e1n en la Casa de Cultura de Avil\u00e9s con un concierto de Joaqu\u00edn Pix\u00e1n, abierto al p\u00fablico y organizado con el consistorio. El artista estar\u00e1 acompa\u00f1ado al piano por Mario Bernardo e interpretar\u00e1 una selecci\u00f3n de piezas de Un cancioneru asturianu pal sieglu XXI.<\/p>\n<p>Tambi\u00e9n se ha publicado un manifiesto en asturiano y gallego-asturiano en Educastur, en defensa de las ventajas de una educaci\u00f3n pluriling\u00fce para que pueda ser le\u00eddo a la hora del recreo del mi\u00e9rcoles 21 de febrero.<\/p>\n","protected":false},"excerpt":{"rendered":"<p>La Consejer\u00eda de Educaci\u00f3n y Cultura celebrar\u00e1 el D\u00eda Internacional de la Lengua Materna, que la Unesco conmemora cada 21 de febrero, con la representaci\u00f3n teatral del Ll\u00e1zaro de Tormes y conciertos de Luis N\u00fa\u00f1ez y Los Folganzanes y Joaqu\u00edn Pix\u00e1n. Este a\u00f1o, de acuerdo con los objetivos establecidos en la Agenda de Desarrollo Sostenible<\/p>\n","protected":false},"author":1,"featured_media":270,"comment_status":"closed","ping_status":"closed","sticky":false,"template":"","format":"standard","meta":{"footnotes":""},"categories":[1],"tags":[],"class_list":{"0":"post-90209","1":"post","2":"type-post","3":"status-publish","4":"format-standard","5":"has-post-thumbnail","7":"category-agenda"},"aioseo_notices":[],"aioseo_head":"\n\t\t<!-- All in One SEO Pro 4.9.6.2 - aioseo.com -->\n\t<meta name=\"description\" content=\"La Consejer\u00eda de Educaci\u00f3n y Cultura celebrar\u00e1 el D\u00eda Internacional de la Lengua Materna, que la Unesco conmemora cada 21 de febrero, con la representaci\u00f3n teatral del Ll\u00e1zaro de Tormes y conciertos de Luis N\u00fa\u00f1ez y Los Folganzanes y Joaqu\u00edn Pix\u00e1n. Este a\u00f1o, de acuerdo con los objetivos establecidos en la Agenda de Desarrollo Sostenible\" \/>\n\t<meta name=\"robots\" content=\"max-image-preview:large\" \/>\n\t<meta name=\"author\" content=\"Cand\u00e1s 365\"\/>\n\t<meta name=\"google-site-verification\" content=\"UA-32230408-1\" \/>\n\t<meta name=\"msvalidate.01\" content=\"354F3CDFB2DA171B47FBE9ABF1F88D5\" \/>\n\t<meta name=\"keywords\" content=\"agenda\" \/>\n\t<link rel=\"canonical\" href=\"https:\/\/candas365.es\/noticias\/el-principado-celebra-el-dia-de-la-llingua-materna\/\" \/>\n\t<meta name=\"generator\" content=\"All in One SEO Pro (AIOSEO) 4.9.6.2\" \/>\n\t\t<meta property=\"og:locale\" content=\"es_ES\" \/>\n\t\t<meta property=\"og:site_name\" content=\"Cand\u00e1s 365\" \/>\n\t\t<meta property=\"og:type\" content=\"article\" \/>\n\t\t<meta property=\"og:title\" content=\"El Principado celebra el D\u00eda de la Llingua Materna | Cand\u00e1s 365\" \/>\n\t\t<meta property=\"og:description\" content=\"La Consejer\u00eda de Educaci\u00f3n y Cultura celebrar\u00e1 el D\u00eda Internacional de la Lengua Materna, que la Unesco conmemora cada 21 de febrero, con la representaci\u00f3n teatral del Ll\u00e1zaro de Tormes y conciertos de Luis N\u00fa\u00f1ez y Los Folganzanes y Joaqu\u00edn Pix\u00e1n. Este a\u00f1o, de acuerdo con los objetivos establecidos en la Agenda de Desarrollo Sostenible\" \/>\n\t\t<meta property=\"og:url\" content=\"https:\/\/candas365.es\/noticias\/el-principado-celebra-el-dia-de-la-llingua-materna\/\" \/>\n\t\t<meta property=\"og:image\" content=\"https:\/\/candas365.es\/noticias\/wp-content\/uploads\/2014\/09\/agenda.jpg\" \/>\n\t\t<meta property=\"og:image:secure_url\" content=\"https:\/\/candas365.es\/noticias\/wp-content\/uploads\/2014\/09\/agenda.jpg\" \/>\n\t\t<meta property=\"og:image:width\" content=\"500\" \/>\n\t\t<meta property=\"og:image:height\" content=\"331\" \/>\n\t\t<meta property=\"article:published_time\" content=\"2018-02-19T13:54:55+00:00\" \/>\n\t\t<meta property=\"article:modified_time\" content=\"2018-02-19T13:54:55+00:00\" \/>\n\t\t<meta property=\"article:publisher\" content=\"https:\/\/www.facebook.com\/Nachofdezber\" \/>\n\t\t<meta property=\"article:author\" content=\"https:\/\/www.facebook.com\/carrenoactualidad\" \/>\n\t\t<meta name=\"twitter:card\" content=\"summary_large_image\" \/>\n\t\t<meta name=\"twitter:site\" content=\"@NabercoDigital\" \/>\n\t\t<meta name=\"twitter:title\" content=\"El Principado celebra el D\u00eda de la Llingua Materna | Cand\u00e1s 365\" \/>\n\t\t<meta name=\"twitter:description\" content=\"La Consejer\u00eda de Educaci\u00f3n y Cultura celebrar\u00e1 el D\u00eda Internacional de la Lengua Materna, que la Unesco conmemora cada 21 de febrero, con la representaci\u00f3n teatral del Ll\u00e1zaro de Tormes y conciertos de Luis N\u00fa\u00f1ez y Los Folganzanes y Joaqu\u00edn Pix\u00e1n. Este a\u00f1o, de acuerdo con los objetivos establecidos en la Agenda de Desarrollo Sostenible\" \/>\n\t\t<meta name=\"twitter:creator\" content=\"@nbasturias\" \/>\n\t\t<meta name=\"twitter:image\" content=\"https:\/\/candas365.es\/noticias\/wp-content\/uploads\/2014\/09\/agenda.jpg\" \/>\n\t\t<meta name=\"twitter:label1\" content=\"Escrito por\" \/>\n\t\t<meta name=\"twitter:data1\" content=\"Cand\u00e1s 365\" \/>\n\t\t<meta name=\"twitter:label2\" content=\"Tiempo de lectura estimado\" \/>\n\t\t<meta name=\"twitter:data2\" content=\"2 minutos\" \/>\n\t\t<script type=\"application\/ld+json\" class=\"aioseo-schema\">\n\t\t\t{\"@context\":\"https:\\\/\\\/schema.org\",\"@graph\":[{\"@type\":\"BreadcrumbList\",\"@id\":\"https:\\\/\\\/candas365.es\\\/noticias\\\/el-principado-celebra-el-dia-de-la-llingua-materna\\\/#breadcrumblist\",\"itemListElement\":[{\"@type\":\"ListItem\",\"@id\":\"https:\\\/\\\/candas365.es\\\/noticias#listItem\",\"position\":1,\"name\":\"Home\",\"item\":\"https:\\\/\\\/candas365.es\\\/noticias\",\"nextItem\":{\"@type\":\"ListItem\",\"@id\":\"https:\\\/\\\/candas365.es\\\/noticias\\\/category\\\/agenda\\\/#listItem\",\"name\":\"Agenda\"}},{\"@type\":\"ListItem\",\"@id\":\"https:\\\/\\\/candas365.es\\\/noticias\\\/category\\\/agenda\\\/#listItem\",\"position\":2,\"name\":\"Agenda\",\"item\":\"https:\\\/\\\/candas365.es\\\/noticias\\\/category\\\/agenda\\\/\",\"nextItem\":{\"@type\":\"ListItem\",\"@id\":\"https:\\\/\\\/candas365.es\\\/noticias\\\/el-principado-celebra-el-dia-de-la-llingua-materna\\\/#listItem\",\"name\":\"El Principado celebra el D\\u00eda de la Llingua Materna\"},\"previousItem\":{\"@type\":\"ListItem\",\"@id\":\"https:\\\/\\\/candas365.es\\\/noticias#listItem\",\"name\":\"Home\"}},{\"@type\":\"ListItem\",\"@id\":\"https:\\\/\\\/candas365.es\\\/noticias\\\/el-principado-celebra-el-dia-de-la-llingua-materna\\\/#listItem\",\"position\":3,\"name\":\"El Principado celebra el D\\u00eda de la Llingua Materna\",\"previousItem\":{\"@type\":\"ListItem\",\"@id\":\"https:\\\/\\\/candas365.es\\\/noticias\\\/category\\\/agenda\\\/#listItem\",\"name\":\"Agenda\"}}]},{\"@type\":\"NewsArticle\",\"@id\":\"https:\\\/\\\/candas365.es\\\/noticias\\\/el-principado-celebra-el-dia-de-la-llingua-materna\\\/#newsarticle\",\"name\":\"El Principado celebra el D\\u00eda de la Llingua Materna | Cand\\u00e1s 365\",\"headline\":\"El Principado celebra el D\\u00eda de la Llingua Materna\",\"author\":{\"@id\":\"https:\\\/\\\/candas365.es\\\/noticias\\\/author\\\/admin\\\/#author\"},\"publisher\":{\"@id\":\"https:\\\/\\\/candas365.es\\\/noticias\\\/#organization\"},\"image\":{\"@type\":\"ImageObject\",\"url\":\"https:\\\/\\\/candas365.es\\\/noticias\\\/wp-content\\\/uploads\\\/2014\\\/09\\\/agenda.jpg\",\"width\":500,\"height\":331},\"datePublished\":\"2018-02-19T13:54:55+01:00\",\"dateModified\":\"2018-02-19T13:54:55+01:00\",\"inLanguage\":\"es-ES\",\"mainEntityOfPage\":{\"@id\":\"https:\\\/\\\/candas365.es\\\/noticias\\\/el-principado-celebra-el-dia-de-la-llingua-materna\\\/#webpage\"},\"isPartOf\":{\"@id\":\"https:\\\/\\\/candas365.es\\\/noticias\\\/el-principado-celebra-el-dia-de-la-llingua-materna\\\/#webpage\"},\"articleSection\":\"Agenda\",\"dateline\":\"Publicado el febrero 19, 2018.\"},{\"@type\":\"Organization\",\"@id\":\"https:\\\/\\\/candas365.es\\\/noticias\\\/#organization\",\"name\":\"Cand\\u00e1s 365\",\"description\":\"Cand\\u00e1s 365 es un diario digital independiente, fundado en 2012, con base en Asturias. Informamos con rigor sobre actualidad, sociedad, cultura y ocio, con una mirada local y global.\",\"url\":\"https:\\\/\\\/candas365.es\\\/noticias\\\/\",\"email\":\"info@candas365.es\",\"telephone\":\"+34652131393\",\"foundingDate\":\"2012-06-10\",\"logo\":{\"@type\":\"ImageObject\",\"url\":\"https:\\\/\\\/candas365.es\\\/noticias\\\/wp-content\\\/uploads\\\/2024\\\/09\\\/Candas-365-Redes.jpg\",\"@id\":\"https:\\\/\\\/candas365.es\\\/noticias\\\/el-principado-celebra-el-dia-de-la-llingua-materna\\\/#organizationLogo\",\"width\":1152,\"height\":864,\"caption\":\"Cand\\u00e1s 365 Redes\"},\"image\":{\"@id\":\"https:\\\/\\\/candas365.es\\\/noticias\\\/el-principado-celebra-el-dia-de-la-llingua-materna\\\/#organizationLogo\"},\"sameAs\":[\"https:\\\/\\\/www.facebook.com\\\/Nachofdezber\",\"https:\\\/\\\/x.com\\\/NabercoDigital\",\"https:\\\/\\\/www.instagram.com\\\/nachofdezber\\\/\",\"https:\\\/\\\/www.youtube.com\\\/channel\\\/UCZP-2wLEB9Rv6erhFmqVnvg\"],\"address\":{\"@id\":\"https:\\\/\\\/candas365.es\\\/noticias\\\/#postaladdress\",\"@type\":\"PostalAddress\",\"streetAddress\":\"san antonio 4, san antonio 4\",\"postalCode\":\"33430\",\"addressLocality\":\"Cand\\u00e1s\",\"addressRegion\":\"Asturias\",\"addressCountry\":\"ES\"}},{\"@type\":\"Person\",\"@id\":\"https:\\\/\\\/candas365.es\\\/noticias\\\/author\\\/admin\\\/#author\",\"url\":\"https:\\\/\\\/candas365.es\\\/noticias\\\/author\\\/admin\\\/\",\"name\":\"Cand\\u00e1s 365\",\"image\":{\"@type\":\"ImageObject\",\"@id\":\"https:\\\/\\\/candas365.es\\\/noticias\\\/el-principado-celebra-el-dia-de-la-llingua-materna\\\/#authorImage\",\"url\":\"https:\\\/\\\/secure.gravatar.com\\\/avatar\\\/496a8e03d0c493ede1718b7934145dbdf8d89be1036b0eec9544e1094c9de390?s=96&d=mm&r=g\",\"width\":96,\"height\":96,\"caption\":\"Cand\\u00e1s 365\"},\"sameAs\":[\"https:\\\/\\\/www.facebook.com\\\/carrenoactualidad\",\"https:\\\/\\\/twitter.com\\\/nbasturias\",\"https:\\\/\\\/www.instagram.com\\\/nachofdezber\\\/\",\"https:\\\/\\\/www.youtube.com\\\/channel\\\/UCZP-2wLEB9Rv6erhFmqVnvg\"]},{\"@type\":\"WebPage\",\"@id\":\"https:\\\/\\\/candas365.es\\\/noticias\\\/el-principado-celebra-el-dia-de-la-llingua-materna\\\/#webpage\",\"url\":\"https:\\\/\\\/candas365.es\\\/noticias\\\/el-principado-celebra-el-dia-de-la-llingua-materna\\\/\",\"name\":\"El Principado celebra el D\\u00eda de la Llingua Materna | Cand\\u00e1s 365\",\"description\":\"La Consejer\\u00eda de Educaci\\u00f3n y Cultura celebrar\\u00e1 el D\\u00eda Internacional de la Lengua Materna, que la Unesco conmemora cada 21 de febrero, con la representaci\\u00f3n teatral del Ll\\u00e1zaro de Tormes y conciertos de Luis N\\u00fa\\u00f1ez y Los Folganzanes y Joaqu\\u00edn Pix\\u00e1n. Este a\\u00f1o, de acuerdo con los objetivos establecidos en la Agenda de Desarrollo Sostenible\",\"inLanguage\":\"es-ES\",\"isPartOf\":{\"@id\":\"https:\\\/\\\/candas365.es\\\/noticias\\\/#website\"},\"breadcrumb\":{\"@id\":\"https:\\\/\\\/candas365.es\\\/noticias\\\/el-principado-celebra-el-dia-de-la-llingua-materna\\\/#breadcrumblist\"},\"author\":{\"@id\":\"https:\\\/\\\/candas365.es\\\/noticias\\\/author\\\/admin\\\/#author\"},\"creator\":{\"@id\":\"https:\\\/\\\/candas365.es\\\/noticias\\\/author\\\/admin\\\/#author\"},\"image\":{\"@type\":\"ImageObject\",\"url\":\"https:\\\/\\\/candas365.es\\\/noticias\\\/wp-content\\\/uploads\\\/2014\\\/09\\\/agenda.jpg\",\"@id\":\"https:\\\/\\\/candas365.es\\\/noticias\\\/el-principado-celebra-el-dia-de-la-llingua-materna\\\/#mainImage\",\"width\":500,\"height\":331},\"primaryImageOfPage\":{\"@id\":\"https:\\\/\\\/candas365.es\\\/noticias\\\/el-principado-celebra-el-dia-de-la-llingua-materna\\\/#mainImage\"},\"datePublished\":\"2018-02-19T13:54:55+01:00\",\"dateModified\":\"2018-02-19T13:54:55+01:00\"},{\"@type\":\"WebSite\",\"@id\":\"https:\\\/\\\/candas365.es\\\/noticias\\\/#website\",\"url\":\"https:\\\/\\\/candas365.es\\\/noticias\\\/\",\"name\":\"Cand\\u00e1s 365\",\"alternateName\":\"Cand\\u00e1s 365 Noticias\",\"description\":\"Actualidad desde Carre\\u00f1o para el mundo\",\"inLanguage\":\"es-ES\",\"publisher\":{\"@id\":\"https:\\\/\\\/candas365.es\\\/noticias\\\/#organization\"}}]}\n\t\t<\/script>\n\t\t<!-- All in One SEO Pro -->\r\n\t\t<title>El Principado celebra el D\u00eda de la Llingua Materna | Cand\u00e1s 365<\/title>\n\n","aioseo_head_json":{"title":"El Principado celebra el D\u00eda de la Llingua Materna | Cand\u00e1s 365","description":"La Consejer\u00eda de Educaci\u00f3n y Cultura celebrar\u00e1 el D\u00eda Internacional de la Lengua Materna, que la Unesco conmemora cada 21 de febrero, con la representaci\u00f3n teatral del Ll\u00e1zaro de Tormes y conciertos de Luis N\u00fa\u00f1ez y Los Folganzanes y Joaqu\u00edn Pix\u00e1n. Este a\u00f1o, de acuerdo con los objetivos establecidos en la Agenda de Desarrollo Sostenible","canonical_url":"https:\/\/candas365.es\/noticias\/el-principado-celebra-el-dia-de-la-llingua-materna\/","robots":"max-image-preview:large","keywords":"agenda","webmasterTools":{"google-site-verification":"UA-32230408-1","msvalidate.01":"354F3CDFB2DA171B47FBE9ABF1F88D5","miscellaneous":""},"schema":{"@context":"https:\/\/schema.org","@graph":[{"@type":"BreadcrumbList","@id":"https:\/\/candas365.es\/noticias\/el-principado-celebra-el-dia-de-la-llingua-materna\/#breadcrumblist","itemListElement":[{"@type":"ListItem","@id":"https:\/\/candas365.es\/noticias#listItem","position":1,"name":"Home","item":"https:\/\/candas365.es\/noticias","nextItem":{"@type":"ListItem","@id":"https:\/\/candas365.es\/noticias\/category\/agenda\/#listItem","name":"Agenda"}},{"@type":"ListItem","@id":"https:\/\/candas365.es\/noticias\/category\/agenda\/#listItem","position":2,"name":"Agenda","item":"https:\/\/candas365.es\/noticias\/category\/agenda\/","nextItem":{"@type":"ListItem","@id":"https:\/\/candas365.es\/noticias\/el-principado-celebra-el-dia-de-la-llingua-materna\/#listItem","name":"El Principado celebra el D\u00eda de la Llingua Materna"},"previousItem":{"@type":"ListItem","@id":"https:\/\/candas365.es\/noticias#listItem","name":"Home"}},{"@type":"ListItem","@id":"https:\/\/candas365.es\/noticias\/el-principado-celebra-el-dia-de-la-llingua-materna\/#listItem","position":3,"name":"El Principado celebra el D\u00eda de la Llingua Materna","previousItem":{"@type":"ListItem","@id":"https:\/\/candas365.es\/noticias\/category\/agenda\/#listItem","name":"Agenda"}}]},{"@type":"NewsArticle","@id":"https:\/\/candas365.es\/noticias\/el-principado-celebra-el-dia-de-la-llingua-materna\/#newsarticle","name":"El Principado celebra el D\u00eda de la Llingua Materna | Cand\u00e1s 365","headline":"El Principado celebra el D\u00eda de la Llingua Materna","author":{"@id":"https:\/\/candas365.es\/noticias\/author\/admin\/#author"},"publisher":{"@id":"https:\/\/candas365.es\/noticias\/#organization"},"image":{"@type":"ImageObject","url":"https:\/\/candas365.es\/noticias\/wp-content\/uploads\/2014\/09\/agenda.jpg","width":500,"height":331},"datePublished":"2018-02-19T13:54:55+01:00","dateModified":"2018-02-19T13:54:55+01:00","inLanguage":"es-ES","mainEntityOfPage":{"@id":"https:\/\/candas365.es\/noticias\/el-principado-celebra-el-dia-de-la-llingua-materna\/#webpage"},"isPartOf":{"@id":"https:\/\/candas365.es\/noticias\/el-principado-celebra-el-dia-de-la-llingua-materna\/#webpage"},"articleSection":"Agenda","dateline":"Publicado el febrero 19, 2018."},{"@type":"Organization","@id":"https:\/\/candas365.es\/noticias\/#organization","name":"Cand\u00e1s 365","description":"Cand\u00e1s 365 es un diario digital independiente, fundado en 2012, con base en Asturias. Informamos con rigor sobre actualidad, sociedad, cultura y ocio, con una mirada local y global.","url":"https:\/\/candas365.es\/noticias\/","email":"info@candas365.es","telephone":"+34652131393","foundingDate":"2012-06-10","logo":{"@type":"ImageObject","url":"https:\/\/candas365.es\/noticias\/wp-content\/uploads\/2024\/09\/Candas-365-Redes.jpg","@id":"https:\/\/candas365.es\/noticias\/el-principado-celebra-el-dia-de-la-llingua-materna\/#organizationLogo","width":1152,"height":864,"caption":"Cand\u00e1s 365 Redes"},"image":{"@id":"https:\/\/candas365.es\/noticias\/el-principado-celebra-el-dia-de-la-llingua-materna\/#organizationLogo"},"sameAs":["https:\/\/www.facebook.com\/Nachofdezber","https:\/\/x.com\/NabercoDigital","https:\/\/www.instagram.com\/nachofdezber\/","https:\/\/www.youtube.com\/channel\/UCZP-2wLEB9Rv6erhFmqVnvg"],"address":{"@id":"https:\/\/candas365.es\/noticias\/#postaladdress","@type":"PostalAddress","streetAddress":"san antonio 4, san antonio 4","postalCode":"33430","addressLocality":"Cand\u00e1s","addressRegion":"Asturias","addressCountry":"ES"}},{"@type":"Person","@id":"https:\/\/candas365.es\/noticias\/author\/admin\/#author","url":"https:\/\/candas365.es\/noticias\/author\/admin\/","name":"Cand\u00e1s 365","image":{"@type":"ImageObject","@id":"https:\/\/candas365.es\/noticias\/el-principado-celebra-el-dia-de-la-llingua-materna\/#authorImage","url":"https:\/\/secure.gravatar.com\/avatar\/496a8e03d0c493ede1718b7934145dbdf8d89be1036b0eec9544e1094c9de390?s=96&d=mm&r=g","width":96,"height":96,"caption":"Cand\u00e1s 365"},"sameAs":["https:\/\/www.facebook.com\/carrenoactualidad","https:\/\/twitter.com\/nbasturias","https:\/\/www.instagram.com\/nachofdezber\/","https:\/\/www.youtube.com\/channel\/UCZP-2wLEB9Rv6erhFmqVnvg"]},{"@type":"WebPage","@id":"https:\/\/candas365.es\/noticias\/el-principado-celebra-el-dia-de-la-llingua-materna\/#webpage","url":"https:\/\/candas365.es\/noticias\/el-principado-celebra-el-dia-de-la-llingua-materna\/","name":"El Principado celebra el D\u00eda de la Llingua Materna | Cand\u00e1s 365","description":"La Consejer\u00eda de Educaci\u00f3n y Cultura celebrar\u00e1 el D\u00eda Internacional de la Lengua Materna, que la Unesco conmemora cada 21 de febrero, con la representaci\u00f3n teatral del Ll\u00e1zaro de Tormes y conciertos de Luis N\u00fa\u00f1ez y Los Folganzanes y Joaqu\u00edn Pix\u00e1n. Este a\u00f1o, de acuerdo con los objetivos establecidos en la Agenda de Desarrollo Sostenible","inLanguage":"es-ES","isPartOf":{"@id":"https:\/\/candas365.es\/noticias\/#website"},"breadcrumb":{"@id":"https:\/\/candas365.es\/noticias\/el-principado-celebra-el-dia-de-la-llingua-materna\/#breadcrumblist"},"author":{"@id":"https:\/\/candas365.es\/noticias\/author\/admin\/#author"},"creator":{"@id":"https:\/\/candas365.es\/noticias\/author\/admin\/#author"},"image":{"@type":"ImageObject","url":"https:\/\/candas365.es\/noticias\/wp-content\/uploads\/2014\/09\/agenda.jpg","@id":"https:\/\/candas365.es\/noticias\/el-principado-celebra-el-dia-de-la-llingua-materna\/#mainImage","width":500,"height":331},"primaryImageOfPage":{"@id":"https:\/\/candas365.es\/noticias\/el-principado-celebra-el-dia-de-la-llingua-materna\/#mainImage"},"datePublished":"2018-02-19T13:54:55+01:00","dateModified":"2018-02-19T13:54:55+01:00"},{"@type":"WebSite","@id":"https:\/\/candas365.es\/noticias\/#website","url":"https:\/\/candas365.es\/noticias\/","name":"Cand\u00e1s 365","alternateName":"Cand\u00e1s 365 Noticias","description":"Actualidad desde Carre\u00f1o para el mundo","inLanguage":"es-ES","publisher":{"@id":"https:\/\/candas365.es\/noticias\/#organization"}}]},"og:locale":"es_ES","og:site_name":"Cand\u00e1s 365","og:type":"article","og:title":"El Principado celebra el D\u00eda de la Llingua Materna | Cand\u00e1s 365","og:description":"La Consejer\u00eda de Educaci\u00f3n y Cultura celebrar\u00e1 el D\u00eda Internacional de la Lengua Materna, que la Unesco conmemora cada 21 de febrero, con la representaci\u00f3n teatral del Ll\u00e1zaro de Tormes y conciertos de Luis N\u00fa\u00f1ez y Los Folganzanes y Joaqu\u00edn Pix\u00e1n. Este a\u00f1o, de acuerdo con los objetivos establecidos en la Agenda de Desarrollo Sostenible","og:url":"https:\/\/candas365.es\/noticias\/el-principado-celebra-el-dia-de-la-llingua-materna\/","og:image":"https:\/\/candas365.es\/noticias\/wp-content\/uploads\/2014\/09\/agenda.jpg","og:image:secure_url":"https:\/\/candas365.es\/noticias\/wp-content\/uploads\/2014\/09\/agenda.jpg","og:image:width":500,"og:image:height":331,"article:published_time":"2018-02-19T13:54:55+00:00","article:modified_time":"2018-02-19T13:54:55+00:00","article:publisher":"https:\/\/www.facebook.com\/Nachofdezber","article:author":"https:\/\/www.facebook.com\/carrenoactualidad","twitter:card":"summary_large_image","twitter:site":"@NabercoDigital","twitter:title":"El Principado celebra el D\u00eda de la Llingua Materna | Cand\u00e1s 365","twitter:description":"La Consejer\u00eda de Educaci\u00f3n y Cultura celebrar\u00e1 el D\u00eda Internacional de la Lengua Materna, que la Unesco conmemora cada 21 de febrero, con la representaci\u00f3n teatral del Ll\u00e1zaro de Tormes y conciertos de Luis N\u00fa\u00f1ez y Los Folganzanes y Joaqu\u00edn Pix\u00e1n. Este a\u00f1o, de acuerdo con los objetivos establecidos en la Agenda de Desarrollo Sostenible","twitter:creator":"@nbasturias","twitter:image":"https:\/\/candas365.es\/noticias\/wp-content\/uploads\/2014\/09\/agenda.jpg","twitter:label1":"Escrito por","twitter:data1":"Cand\u00e1s 365","twitter:label2":"Tiempo de lectura estimado","twitter:data2":"2 minutos"},"aioseo_meta_data":{"post_id":"90209","title":null,"description":null,"keywords":null,"keyphrases":null,"primary_term":null,"canonical_url":null,"og_title":null,"og_description":null,"og_object_type":"default","og_image_type":"default","og_image_url":null,"og_image_width":null,"og_image_height":null,"og_image_custom_url":null,"og_image_custom_fields":null,"og_video":null,"og_custom_url":null,"og_article_section":null,"og_article_tags":null,"twitter_use_og":false,"twitter_card":"default","twitter_image_type":"default","twitter_image_url":null,"twitter_image_custom_url":null,"twitter_image_custom_fields":null,"twitter_title":null,"twitter_description":null,"schema":{"blockGraphs":[],"customGraphs":[],"default":{"data":{"Article":[],"Course":[],"Dataset":[],"FAQPage":[],"Movie":[],"Person":[],"Product":[],"ProductReview":[],"Car":[],"Recipe":[],"Service":[],"SoftwareApplication":[],"WebPage":[]},"graphName":"","isEnabled":true},"graphs":[],"defaultGraph":"","defaultPostTypeGraph":""},"schema_type":null,"schema_type_options":null,"pillar_content":false,"robots_default":true,"robots_noindex":false,"robots_noarchive":false,"robots_nosnippet":false,"robots_nofollow":false,"robots_noimageindex":false,"robots_noodp":false,"robots_notranslate":false,"robots_max_snippet":null,"robots_max_videopreview":null,"robots_max_imagepreview":"large","priority":null,"frequency":null,"location":null,"local_seo":null,"seo_analyzer_scan_date":"2025-08-26 13:12:09","breadcrumb_settings":null,"limit_modified_date":false,"reviewed_by":null,"open_ai":null,"ai":null,"created":"2020-12-21 11:55:53","updated":"2025-08-26 13:12:09"},"aioseo_breadcrumb":"<div class=\"aioseo-breadcrumbs\"><span class=\"aioseo-breadcrumb\">\n\t<a href=\"https:\/\/candas365.es\/noticias\" title=\"Home\">Home<\/a>\n<\/span><span class=\"aioseo-breadcrumb-separator\">&ndash;<\/span><span class=\"aioseo-breadcrumb\">\n\t<a href=\"https:\/\/candas365.es\/noticias\/category\/agenda\/\" title=\"Agenda\">Agenda<\/a>\n<\/span><span class=\"aioseo-breadcrumb-separator\">&ndash;<\/span><span class=\"aioseo-breadcrumb\">\n\tEl Principado celebra el D\u00eda de la Llingua Materna\n<\/span><\/div>","aioseo_breadcrumb_json":[{"label":"Home","link":"https:\/\/candas365.es\/noticias"},{"label":"Agenda","link":"https:\/\/candas365.es\/noticias\/category\/agenda\/"},{"label":"El Principado celebra el D\u00eda de la Llingua Materna","link":"https:\/\/candas365.es\/noticias\/el-principado-celebra-el-dia-de-la-llingua-materna\/"}],"_links":{"self":[{"href":"https:\/\/candas365.es\/noticias\/wp-json\/wp\/v2\/posts\/90209","targetHints":{"allow":["GET"]}}],"collection":[{"href":"https:\/\/candas365.es\/noticias\/wp-json\/wp\/v2\/posts"}],"about":[{"href":"https:\/\/candas365.es\/noticias\/wp-json\/wp\/v2\/types\/post"}],"author":[{"embeddable":true,"href":"https:\/\/candas365.es\/noticias\/wp-json\/wp\/v2\/users\/1"}],"replies":[{"embeddable":true,"href":"https:\/\/candas365.es\/noticias\/wp-json\/wp\/v2\/comments?post=90209"}],"version-history":[{"count":0,"href":"https:\/\/candas365.es\/noticias\/wp-json\/wp\/v2\/posts\/90209\/revisions"}],"wp:featuredmedia":[{"embeddable":true,"href":"https:\/\/candas365.es\/noticias\/wp-json\/wp\/v2\/media\/270"}],"wp:attachment":[{"href":"https:\/\/candas365.es\/noticias\/wp-json\/wp\/v2\/media?parent=90209"}],"wp:term":[{"taxonomy":"category","embeddable":true,"href":"https:\/\/candas365.es\/noticias\/wp-json\/wp\/v2\/categories?post=90209"},{"taxonomy":"post_tag","embeddable":true,"href":"https:\/\/candas365.es\/noticias\/wp-json\/wp\/v2\/tags?post=90209"}],"curies":[{"name":"wp","href":"https:\/\/api.w.org\/{rel}","templated":true}]}}