{"id":89734,"date":"2018-02-13T13:05:53","date_gmt":"2018-02-13T13:05:53","guid":{"rendered":"http:\/\/candas365.es\/noticias\/?p=89734"},"modified":"2018-02-13T13:05:53","modified_gmt":"2018-02-13T13:05:53","slug":"el-flamenco-mas-vanguardista-en-el-teatro-de-la-laboral","status":"publish","type":"post","link":"https:\/\/candas365.es\/noticias\/el-flamenco-mas-vanguardista-en-el-teatro-de-la-laboral\/","title":{"rendered":"El flamenco m\u00e1s vanguardista en el Teatro de la Laboral"},"content":{"rendered":"<p><img fetchpriority=\"high\" decoding=\"async\" class=\"alignleft size-medium wp-image-80268\" src=\"https:\/\/candas365.es\/noticias\/wp-content\/uploads\/2017\/09\/Laboral-360x239.jpg\" alt=\"\" width=\"360\" height=\"239\" srcset=\"https:\/\/candas365.es\/noticias\/wp-content\/uploads\/2017\/09\/Laboral-360x239.jpg 360w, https:\/\/candas365.es\/noticias\/wp-content\/uploads\/2017\/09\/Laboral-768x511.jpg 768w, https:\/\/candas365.es\/noticias\/wp-content\/uploads\/2017\/09\/Laboral-655x435.jpg 655w, https:\/\/candas365.es\/noticias\/wp-content\/uploads\/2017\/09\/Laboral-696x463.jpg 696w, https:\/\/candas365.es\/noticias\/wp-content\/uploads\/2017\/09\/Laboral-1068x710.jpg 1068w, https:\/\/candas365.es\/noticias\/wp-content\/uploads\/2017\/09\/Laboral-632x420.jpg 632w, https:\/\/candas365.es\/noticias\/wp-content\/uploads\/2017\/09\/Laboral-84x55.jpg 84w, https:\/\/candas365.es\/noticias\/wp-content\/uploads\/2017\/09\/Laboral.jpg 1280w\" sizes=\"(max-width: 360px) 100vw, 360px\" \/>El Teatro de la Laboral acoge este s\u00e1bado 17 de febrero, a las 20:30 horas, el concierto de Rosal\u00eda y Ra\u00fcl Refree.<\/p>\n<p>El d\u00fao presenta en Gij\u00f3n Los \u00c1ngeles, su disco debut, solamente voz y guitarra en doce temas con letras sobre la muerte con fuerte inspiraci\u00f3n flamenca, a caballo entre la tradici\u00f3n y lo contempor\u00e1neo. Con su disco debut han recibido una nominaci\u00f3n a los Latin Grammys y el reconocimiento como Mejor Disco de A\u00f1o en la tercera edici\u00f3n del Premio Ruido, otorgado por Periodistas Asociados Musicales (PAM).<\/p>\n<p>Pese a su juventud, Rosal\u00eda ya lleva una d\u00e9cada en los escenarios y est\u00e1 considerada como una de las voces m\u00e1s prometedoras y personales del flamenco actual. Con una voz que emociona en todos los registros, ha trabajado con la Fura dels Baus, Chicuelo o Roc\u00edo M\u00e1rquez, entre otros.<\/p>\n<p>Ra\u00fcl Refree es una de las referencias actuales de la producci\u00f3n y la guitarra y su nombre figura en algunos de los discos m\u00e1s importantes de los \u00faltimos a\u00f1os. Roc\u00edo M\u00e1rquez, Silvia P\u00e9rez Cruz, Kiko Veneno, La Mala Rodr\u00edguez o Christina Rosenvinge son algunos de los artistas junto a los que ha trabajado y, adem\u00e1s, se ha encargado de producir el \u00faltimo trabajo de Lee Ranaldo, uno de los fundadores de la banda Sonic Youth. Como guitarrista, su amor por el flamenco le ha llevado a incorporar recursos propios de este estilo a su particular manera de tocar, en la que flamenco y experimentaci\u00f3n de dan la mano.<\/p>\n<p>Las entradas, a un precio de 18 euros, est\u00e1n disponibles en la Recepci\u00f3n de la Laboral, en el Centro Niemeyer en Avil\u00e9s, en la Oficina de Informaci\u00f3n Tur\u00edstica de Asturias (CITPA) en Oviedo, en la web entradas.liberbank.es, en el tel\u00e9fono 902 106 601 y en la red de cajeros Liberbank.<\/p>\n<p>&nbsp;<\/p>\n","protected":false},"excerpt":{"rendered":"<p>El Teatro de la Laboral acoge este s\u00e1bado 17 de febrero, a las 20:30 horas, el concierto de Rosal\u00eda y Ra\u00fcl Refree. El d\u00fao presenta en Gij\u00f3n Los \u00c1ngeles, su disco debut, solamente voz y guitarra en doce temas con letras sobre la muerte con fuerte inspiraci\u00f3n flamenca, a caballo entre la tradici\u00f3n y lo<\/p>\n","protected":false},"author":1,"featured_media":80268,"comment_status":"closed","ping_status":"closed","sticky":false,"template":"","format":"standard","meta":{"footnotes":""},"categories":[1],"tags":[],"class_list":{"0":"post-89734","1":"post","2":"type-post","3":"status-publish","4":"format-standard","5":"has-post-thumbnail","7":"category-agenda"},"aioseo_notices":[],"aioseo_head":"\n\t\t<!-- All in One SEO Pro 4.9.6.2 - aioseo.com -->\n\t<meta name=\"description\" content=\"El Teatro de la Laboral acoge este s\u00e1bado 17 de febrero, a las 20:30 horas, el concierto de Rosal\u00eda y Ra\u00fcl Refree. El d\u00fao presenta en Gij\u00f3n Los \u00c1ngeles, su disco debut, solamente voz y guitarra en doce temas con letras sobre la muerte con fuerte inspiraci\u00f3n flamenca, a caballo entre la tradici\u00f3n y lo\" \/>\n\t<meta name=\"robots\" content=\"max-image-preview:large\" \/>\n\t<meta name=\"author\" content=\"Cand\u00e1s 365\"\/>\n\t<meta name=\"google-site-verification\" content=\"UA-32230408-1\" \/>\n\t<meta name=\"msvalidate.01\" content=\"354F3CDFB2DA171B47FBE9ABF1F88D5\" \/>\n\t<meta name=\"keywords\" content=\"agenda\" \/>\n\t<link rel=\"canonical\" href=\"https:\/\/candas365.es\/noticias\/el-flamenco-mas-vanguardista-en-el-teatro-de-la-laboral\/\" \/>\n\t<meta name=\"generator\" content=\"All in One SEO Pro (AIOSEO) 4.9.6.2\" \/>\n\t\t<meta property=\"og:locale\" content=\"es_ES\" \/>\n\t\t<meta property=\"og:site_name\" content=\"Cand\u00e1s 365\" \/>\n\t\t<meta property=\"og:type\" content=\"article\" \/>\n\t\t<meta property=\"og:title\" content=\"El flamenco m\u00e1s vanguardista en el Teatro de la Laboral | Cand\u00e1s 365\" \/>\n\t\t<meta property=\"og:description\" content=\"El Teatro de la Laboral acoge este s\u00e1bado 17 de febrero, a las 20:30 horas, el concierto de Rosal\u00eda y Ra\u00fcl Refree. El d\u00fao presenta en Gij\u00f3n Los \u00c1ngeles, su disco debut, solamente voz y guitarra en doce temas con letras sobre la muerte con fuerte inspiraci\u00f3n flamenca, a caballo entre la tradici\u00f3n y lo\" \/>\n\t\t<meta property=\"og:url\" content=\"https:\/\/candas365.es\/noticias\/el-flamenco-mas-vanguardista-en-el-teatro-de-la-laboral\/\" \/>\n\t\t<meta property=\"og:image\" content=\"https:\/\/candas365.es\/noticias\/wp-content\/uploads\/2017\/09\/Laboral.jpg\" \/>\n\t\t<meta property=\"og:image:secure_url\" content=\"https:\/\/candas365.es\/noticias\/wp-content\/uploads\/2017\/09\/Laboral.jpg\" \/>\n\t\t<meta property=\"og:image:width\" content=\"1280\" \/>\n\t\t<meta property=\"og:image:height\" content=\"851\" \/>\n\t\t<meta property=\"article:published_time\" content=\"2018-02-13T13:05:53+00:00\" \/>\n\t\t<meta property=\"article:modified_time\" content=\"2018-02-13T13:05:53+00:00\" \/>\n\t\t<meta property=\"article:publisher\" content=\"https:\/\/www.facebook.com\/Nachofdezber\" \/>\n\t\t<meta property=\"article:author\" content=\"https:\/\/www.facebook.com\/carrenoactualidad\" \/>\n\t\t<meta name=\"twitter:card\" content=\"summary_large_image\" \/>\n\t\t<meta name=\"twitter:site\" content=\"@NabercoDigital\" \/>\n\t\t<meta name=\"twitter:title\" content=\"El flamenco m\u00e1s vanguardista en el Teatro de la Laboral | Cand\u00e1s 365\" \/>\n\t\t<meta name=\"twitter:description\" content=\"El Teatro de la Laboral acoge este s\u00e1bado 17 de febrero, a las 20:30 horas, el concierto de Rosal\u00eda y Ra\u00fcl Refree. El d\u00fao presenta en Gij\u00f3n Los \u00c1ngeles, su disco debut, solamente voz y guitarra en doce temas con letras sobre la muerte con fuerte inspiraci\u00f3n flamenca, a caballo entre la tradici\u00f3n y lo\" \/>\n\t\t<meta name=\"twitter:creator\" content=\"@nbasturias\" \/>\n\t\t<meta name=\"twitter:image\" content=\"https:\/\/candas365.es\/noticias\/wp-content\/uploads\/2017\/09\/Laboral.jpg\" \/>\n\t\t<meta name=\"twitter:label1\" content=\"Escrito por\" \/>\n\t\t<meta name=\"twitter:data1\" content=\"Cand\u00e1s 365\" \/>\n\t\t<meta name=\"twitter:label2\" content=\"Tiempo de lectura estimado\" \/>\n\t\t<meta name=\"twitter:data2\" content=\"2 minutos\" \/>\n\t\t<script type=\"application\/ld+json\" class=\"aioseo-schema\">\n\t\t\t{\"@context\":\"https:\\\/\\\/schema.org\",\"@graph\":[{\"@type\":\"BreadcrumbList\",\"@id\":\"https:\\\/\\\/candas365.es\\\/noticias\\\/el-flamenco-mas-vanguardista-en-el-teatro-de-la-laboral\\\/#breadcrumblist\",\"itemListElement\":[{\"@type\":\"ListItem\",\"@id\":\"https:\\\/\\\/candas365.es\\\/noticias#listItem\",\"position\":1,\"name\":\"Home\",\"item\":\"https:\\\/\\\/candas365.es\\\/noticias\",\"nextItem\":{\"@type\":\"ListItem\",\"@id\":\"https:\\\/\\\/candas365.es\\\/noticias\\\/category\\\/agenda\\\/#listItem\",\"name\":\"Agenda\"}},{\"@type\":\"ListItem\",\"@id\":\"https:\\\/\\\/candas365.es\\\/noticias\\\/category\\\/agenda\\\/#listItem\",\"position\":2,\"name\":\"Agenda\",\"item\":\"https:\\\/\\\/candas365.es\\\/noticias\\\/category\\\/agenda\\\/\",\"nextItem\":{\"@type\":\"ListItem\",\"@id\":\"https:\\\/\\\/candas365.es\\\/noticias\\\/el-flamenco-mas-vanguardista-en-el-teatro-de-la-laboral\\\/#listItem\",\"name\":\"El flamenco m\\u00e1s vanguardista en el Teatro de la Laboral\"},\"previousItem\":{\"@type\":\"ListItem\",\"@id\":\"https:\\\/\\\/candas365.es\\\/noticias#listItem\",\"name\":\"Home\"}},{\"@type\":\"ListItem\",\"@id\":\"https:\\\/\\\/candas365.es\\\/noticias\\\/el-flamenco-mas-vanguardista-en-el-teatro-de-la-laboral\\\/#listItem\",\"position\":3,\"name\":\"El flamenco m\\u00e1s vanguardista en el Teatro de la Laboral\",\"previousItem\":{\"@type\":\"ListItem\",\"@id\":\"https:\\\/\\\/candas365.es\\\/noticias\\\/category\\\/agenda\\\/#listItem\",\"name\":\"Agenda\"}}]},{\"@type\":\"NewsArticle\",\"@id\":\"https:\\\/\\\/candas365.es\\\/noticias\\\/el-flamenco-mas-vanguardista-en-el-teatro-de-la-laboral\\\/#newsarticle\",\"name\":\"El flamenco m\\u00e1s vanguardista en el Teatro de la Laboral | Cand\\u00e1s 365\",\"headline\":\"El flamenco m\\u00e1s vanguardista en el Teatro de la Laboral\",\"author\":{\"@id\":\"https:\\\/\\\/candas365.es\\\/noticias\\\/author\\\/admin\\\/#author\"},\"publisher\":{\"@id\":\"https:\\\/\\\/candas365.es\\\/noticias\\\/#organization\"},\"image\":{\"@type\":\"ImageObject\",\"url\":\"https:\\\/\\\/candas365.es\\\/noticias\\\/wp-content\\\/uploads\\\/2017\\\/09\\\/Laboral.jpg\",\"width\":1280,\"height\":851},\"datePublished\":\"2018-02-13T13:05:53+01:00\",\"dateModified\":\"2018-02-13T13:05:53+01:00\",\"inLanguage\":\"es-ES\",\"mainEntityOfPage\":{\"@id\":\"https:\\\/\\\/candas365.es\\\/noticias\\\/el-flamenco-mas-vanguardista-en-el-teatro-de-la-laboral\\\/#webpage\"},\"isPartOf\":{\"@id\":\"https:\\\/\\\/candas365.es\\\/noticias\\\/el-flamenco-mas-vanguardista-en-el-teatro-de-la-laboral\\\/#webpage\"},\"articleSection\":\"Agenda\",\"dateline\":\"Publicado el febrero 13, 2018.\"},{\"@type\":\"Organization\",\"@id\":\"https:\\\/\\\/candas365.es\\\/noticias\\\/#organization\",\"name\":\"Cand\\u00e1s 365\",\"description\":\"Cand\\u00e1s 365 es un diario digital independiente, fundado en 2012, con base en Asturias. Informamos con rigor sobre actualidad, sociedad, cultura y ocio, con una mirada local y global.\",\"url\":\"https:\\\/\\\/candas365.es\\\/noticias\\\/\",\"email\":\"info@candas365.es\",\"telephone\":\"+34652131393\",\"foundingDate\":\"2012-06-10\",\"logo\":{\"@type\":\"ImageObject\",\"url\":\"https:\\\/\\\/candas365.es\\\/noticias\\\/wp-content\\\/uploads\\\/2024\\\/09\\\/Candas-365-Redes.jpg\",\"@id\":\"https:\\\/\\\/candas365.es\\\/noticias\\\/el-flamenco-mas-vanguardista-en-el-teatro-de-la-laboral\\\/#organizationLogo\",\"width\":1152,\"height\":864,\"caption\":\"Cand\\u00e1s 365 Redes\"},\"image\":{\"@id\":\"https:\\\/\\\/candas365.es\\\/noticias\\\/el-flamenco-mas-vanguardista-en-el-teatro-de-la-laboral\\\/#organizationLogo\"},\"sameAs\":[\"https:\\\/\\\/www.facebook.com\\\/Nachofdezber\",\"https:\\\/\\\/x.com\\\/NabercoDigital\",\"https:\\\/\\\/www.instagram.com\\\/nachofdezber\\\/\",\"https:\\\/\\\/www.youtube.com\\\/channel\\\/UCZP-2wLEB9Rv6erhFmqVnvg\"],\"address\":{\"@id\":\"https:\\\/\\\/candas365.es\\\/noticias\\\/#postaladdress\",\"@type\":\"PostalAddress\",\"streetAddress\":\"san antonio 4, san antonio 4\",\"postalCode\":\"33430\",\"addressLocality\":\"Cand\\u00e1s\",\"addressRegion\":\"Asturias\",\"addressCountry\":\"ES\"}},{\"@type\":\"Person\",\"@id\":\"https:\\\/\\\/candas365.es\\\/noticias\\\/author\\\/admin\\\/#author\",\"url\":\"https:\\\/\\\/candas365.es\\\/noticias\\\/author\\\/admin\\\/\",\"name\":\"Cand\\u00e1s 365\",\"image\":{\"@type\":\"ImageObject\",\"@id\":\"https:\\\/\\\/candas365.es\\\/noticias\\\/el-flamenco-mas-vanguardista-en-el-teatro-de-la-laboral\\\/#authorImage\",\"url\":\"https:\\\/\\\/secure.gravatar.com\\\/avatar\\\/496a8e03d0c493ede1718b7934145dbdf8d89be1036b0eec9544e1094c9de390?s=96&d=mm&r=g\",\"width\":96,\"height\":96,\"caption\":\"Cand\\u00e1s 365\"},\"sameAs\":[\"https:\\\/\\\/www.facebook.com\\\/carrenoactualidad\",\"https:\\\/\\\/twitter.com\\\/nbasturias\",\"https:\\\/\\\/www.instagram.com\\\/nachofdezber\\\/\",\"https:\\\/\\\/www.youtube.com\\\/channel\\\/UCZP-2wLEB9Rv6erhFmqVnvg\"]},{\"@type\":\"WebPage\",\"@id\":\"https:\\\/\\\/candas365.es\\\/noticias\\\/el-flamenco-mas-vanguardista-en-el-teatro-de-la-laboral\\\/#webpage\",\"url\":\"https:\\\/\\\/candas365.es\\\/noticias\\\/el-flamenco-mas-vanguardista-en-el-teatro-de-la-laboral\\\/\",\"name\":\"El flamenco m\\u00e1s vanguardista en el Teatro de la Laboral | Cand\\u00e1s 365\",\"description\":\"El Teatro de la Laboral acoge este s\\u00e1bado 17 de febrero, a las 20:30 horas, el concierto de Rosal\\u00eda y Ra\\u00fcl Refree. El d\\u00fao presenta en Gij\\u00f3n Los \\u00c1ngeles, su disco debut, solamente voz y guitarra en doce temas con letras sobre la muerte con fuerte inspiraci\\u00f3n flamenca, a caballo entre la tradici\\u00f3n y lo\",\"inLanguage\":\"es-ES\",\"isPartOf\":{\"@id\":\"https:\\\/\\\/candas365.es\\\/noticias\\\/#website\"},\"breadcrumb\":{\"@id\":\"https:\\\/\\\/candas365.es\\\/noticias\\\/el-flamenco-mas-vanguardista-en-el-teatro-de-la-laboral\\\/#breadcrumblist\"},\"author\":{\"@id\":\"https:\\\/\\\/candas365.es\\\/noticias\\\/author\\\/admin\\\/#author\"},\"creator\":{\"@id\":\"https:\\\/\\\/candas365.es\\\/noticias\\\/author\\\/admin\\\/#author\"},\"image\":{\"@type\":\"ImageObject\",\"url\":\"https:\\\/\\\/candas365.es\\\/noticias\\\/wp-content\\\/uploads\\\/2017\\\/09\\\/Laboral.jpg\",\"@id\":\"https:\\\/\\\/candas365.es\\\/noticias\\\/el-flamenco-mas-vanguardista-en-el-teatro-de-la-laboral\\\/#mainImage\",\"width\":1280,\"height\":851},\"primaryImageOfPage\":{\"@id\":\"https:\\\/\\\/candas365.es\\\/noticias\\\/el-flamenco-mas-vanguardista-en-el-teatro-de-la-laboral\\\/#mainImage\"},\"datePublished\":\"2018-02-13T13:05:53+01:00\",\"dateModified\":\"2018-02-13T13:05:53+01:00\"},{\"@type\":\"WebSite\",\"@id\":\"https:\\\/\\\/candas365.es\\\/noticias\\\/#website\",\"url\":\"https:\\\/\\\/candas365.es\\\/noticias\\\/\",\"name\":\"Cand\\u00e1s 365\",\"alternateName\":\"Cand\\u00e1s 365 Noticias\",\"description\":\"Actualidad desde Carre\\u00f1o para el mundo\",\"inLanguage\":\"es-ES\",\"publisher\":{\"@id\":\"https:\\\/\\\/candas365.es\\\/noticias\\\/#organization\"}}]}\n\t\t<\/script>\n\t\t<!-- All in One SEO Pro -->\r\n\t\t<title>El flamenco m\u00e1s vanguardista en el Teatro de la Laboral | Cand\u00e1s 365<\/title>\n\n","aioseo_head_json":{"title":"El flamenco m\u00e1s vanguardista en el Teatro de la Laboral | Cand\u00e1s 365","description":"El Teatro de la Laboral acoge este s\u00e1bado 17 de febrero, a las 20:30 horas, el concierto de Rosal\u00eda y Ra\u00fcl Refree. El d\u00fao presenta en Gij\u00f3n Los \u00c1ngeles, su disco debut, solamente voz y guitarra en doce temas con letras sobre la muerte con fuerte inspiraci\u00f3n flamenca, a caballo entre la tradici\u00f3n y lo","canonical_url":"https:\/\/candas365.es\/noticias\/el-flamenco-mas-vanguardista-en-el-teatro-de-la-laboral\/","robots":"max-image-preview:large","keywords":"agenda","webmasterTools":{"google-site-verification":"UA-32230408-1","msvalidate.01":"354F3CDFB2DA171B47FBE9ABF1F88D5","miscellaneous":""},"schema":{"@context":"https:\/\/schema.org","@graph":[{"@type":"BreadcrumbList","@id":"https:\/\/candas365.es\/noticias\/el-flamenco-mas-vanguardista-en-el-teatro-de-la-laboral\/#breadcrumblist","itemListElement":[{"@type":"ListItem","@id":"https:\/\/candas365.es\/noticias#listItem","position":1,"name":"Home","item":"https:\/\/candas365.es\/noticias","nextItem":{"@type":"ListItem","@id":"https:\/\/candas365.es\/noticias\/category\/agenda\/#listItem","name":"Agenda"}},{"@type":"ListItem","@id":"https:\/\/candas365.es\/noticias\/category\/agenda\/#listItem","position":2,"name":"Agenda","item":"https:\/\/candas365.es\/noticias\/category\/agenda\/","nextItem":{"@type":"ListItem","@id":"https:\/\/candas365.es\/noticias\/el-flamenco-mas-vanguardista-en-el-teatro-de-la-laboral\/#listItem","name":"El flamenco m\u00e1s vanguardista en el Teatro de la Laboral"},"previousItem":{"@type":"ListItem","@id":"https:\/\/candas365.es\/noticias#listItem","name":"Home"}},{"@type":"ListItem","@id":"https:\/\/candas365.es\/noticias\/el-flamenco-mas-vanguardista-en-el-teatro-de-la-laboral\/#listItem","position":3,"name":"El flamenco m\u00e1s vanguardista en el Teatro de la Laboral","previousItem":{"@type":"ListItem","@id":"https:\/\/candas365.es\/noticias\/category\/agenda\/#listItem","name":"Agenda"}}]},{"@type":"NewsArticle","@id":"https:\/\/candas365.es\/noticias\/el-flamenco-mas-vanguardista-en-el-teatro-de-la-laboral\/#newsarticle","name":"El flamenco m\u00e1s vanguardista en el Teatro de la Laboral | Cand\u00e1s 365","headline":"El flamenco m\u00e1s vanguardista en el Teatro de la Laboral","author":{"@id":"https:\/\/candas365.es\/noticias\/author\/admin\/#author"},"publisher":{"@id":"https:\/\/candas365.es\/noticias\/#organization"},"image":{"@type":"ImageObject","url":"https:\/\/candas365.es\/noticias\/wp-content\/uploads\/2017\/09\/Laboral.jpg","width":1280,"height":851},"datePublished":"2018-02-13T13:05:53+01:00","dateModified":"2018-02-13T13:05:53+01:00","inLanguage":"es-ES","mainEntityOfPage":{"@id":"https:\/\/candas365.es\/noticias\/el-flamenco-mas-vanguardista-en-el-teatro-de-la-laboral\/#webpage"},"isPartOf":{"@id":"https:\/\/candas365.es\/noticias\/el-flamenco-mas-vanguardista-en-el-teatro-de-la-laboral\/#webpage"},"articleSection":"Agenda","dateline":"Publicado el febrero 13, 2018."},{"@type":"Organization","@id":"https:\/\/candas365.es\/noticias\/#organization","name":"Cand\u00e1s 365","description":"Cand\u00e1s 365 es un diario digital independiente, fundado en 2012, con base en Asturias. Informamos con rigor sobre actualidad, sociedad, cultura y ocio, con una mirada local y global.","url":"https:\/\/candas365.es\/noticias\/","email":"info@candas365.es","telephone":"+34652131393","foundingDate":"2012-06-10","logo":{"@type":"ImageObject","url":"https:\/\/candas365.es\/noticias\/wp-content\/uploads\/2024\/09\/Candas-365-Redes.jpg","@id":"https:\/\/candas365.es\/noticias\/el-flamenco-mas-vanguardista-en-el-teatro-de-la-laboral\/#organizationLogo","width":1152,"height":864,"caption":"Cand\u00e1s 365 Redes"},"image":{"@id":"https:\/\/candas365.es\/noticias\/el-flamenco-mas-vanguardista-en-el-teatro-de-la-laboral\/#organizationLogo"},"sameAs":["https:\/\/www.facebook.com\/Nachofdezber","https:\/\/x.com\/NabercoDigital","https:\/\/www.instagram.com\/nachofdezber\/","https:\/\/www.youtube.com\/channel\/UCZP-2wLEB9Rv6erhFmqVnvg"],"address":{"@id":"https:\/\/candas365.es\/noticias\/#postaladdress","@type":"PostalAddress","streetAddress":"san antonio 4, san antonio 4","postalCode":"33430","addressLocality":"Cand\u00e1s","addressRegion":"Asturias","addressCountry":"ES"}},{"@type":"Person","@id":"https:\/\/candas365.es\/noticias\/author\/admin\/#author","url":"https:\/\/candas365.es\/noticias\/author\/admin\/","name":"Cand\u00e1s 365","image":{"@type":"ImageObject","@id":"https:\/\/candas365.es\/noticias\/el-flamenco-mas-vanguardista-en-el-teatro-de-la-laboral\/#authorImage","url":"https:\/\/secure.gravatar.com\/avatar\/496a8e03d0c493ede1718b7934145dbdf8d89be1036b0eec9544e1094c9de390?s=96&d=mm&r=g","width":96,"height":96,"caption":"Cand\u00e1s 365"},"sameAs":["https:\/\/www.facebook.com\/carrenoactualidad","https:\/\/twitter.com\/nbasturias","https:\/\/www.instagram.com\/nachofdezber\/","https:\/\/www.youtube.com\/channel\/UCZP-2wLEB9Rv6erhFmqVnvg"]},{"@type":"WebPage","@id":"https:\/\/candas365.es\/noticias\/el-flamenco-mas-vanguardista-en-el-teatro-de-la-laboral\/#webpage","url":"https:\/\/candas365.es\/noticias\/el-flamenco-mas-vanguardista-en-el-teatro-de-la-laboral\/","name":"El flamenco m\u00e1s vanguardista en el Teatro de la Laboral | Cand\u00e1s 365","description":"El Teatro de la Laboral acoge este s\u00e1bado 17 de febrero, a las 20:30 horas, el concierto de Rosal\u00eda y Ra\u00fcl Refree. El d\u00fao presenta en Gij\u00f3n Los \u00c1ngeles, su disco debut, solamente voz y guitarra en doce temas con letras sobre la muerte con fuerte inspiraci\u00f3n flamenca, a caballo entre la tradici\u00f3n y lo","inLanguage":"es-ES","isPartOf":{"@id":"https:\/\/candas365.es\/noticias\/#website"},"breadcrumb":{"@id":"https:\/\/candas365.es\/noticias\/el-flamenco-mas-vanguardista-en-el-teatro-de-la-laboral\/#breadcrumblist"},"author":{"@id":"https:\/\/candas365.es\/noticias\/author\/admin\/#author"},"creator":{"@id":"https:\/\/candas365.es\/noticias\/author\/admin\/#author"},"image":{"@type":"ImageObject","url":"https:\/\/candas365.es\/noticias\/wp-content\/uploads\/2017\/09\/Laboral.jpg","@id":"https:\/\/candas365.es\/noticias\/el-flamenco-mas-vanguardista-en-el-teatro-de-la-laboral\/#mainImage","width":1280,"height":851},"primaryImageOfPage":{"@id":"https:\/\/candas365.es\/noticias\/el-flamenco-mas-vanguardista-en-el-teatro-de-la-laboral\/#mainImage"},"datePublished":"2018-02-13T13:05:53+01:00","dateModified":"2018-02-13T13:05:53+01:00"},{"@type":"WebSite","@id":"https:\/\/candas365.es\/noticias\/#website","url":"https:\/\/candas365.es\/noticias\/","name":"Cand\u00e1s 365","alternateName":"Cand\u00e1s 365 Noticias","description":"Actualidad desde Carre\u00f1o para el mundo","inLanguage":"es-ES","publisher":{"@id":"https:\/\/candas365.es\/noticias\/#organization"}}]},"og:locale":"es_ES","og:site_name":"Cand\u00e1s 365","og:type":"article","og:title":"El flamenco m\u00e1s vanguardista en el Teatro de la Laboral | Cand\u00e1s 365","og:description":"El Teatro de la Laboral acoge este s\u00e1bado 17 de febrero, a las 20:30 horas, el concierto de Rosal\u00eda y Ra\u00fcl Refree. El d\u00fao presenta en Gij\u00f3n Los \u00c1ngeles, su disco debut, solamente voz y guitarra en doce temas con letras sobre la muerte con fuerte inspiraci\u00f3n flamenca, a caballo entre la tradici\u00f3n y lo","og:url":"https:\/\/candas365.es\/noticias\/el-flamenco-mas-vanguardista-en-el-teatro-de-la-laboral\/","og:image":"https:\/\/candas365.es\/noticias\/wp-content\/uploads\/2017\/09\/Laboral.jpg","og:image:secure_url":"https:\/\/candas365.es\/noticias\/wp-content\/uploads\/2017\/09\/Laboral.jpg","og:image:width":1280,"og:image:height":851,"article:published_time":"2018-02-13T13:05:53+00:00","article:modified_time":"2018-02-13T13:05:53+00:00","article:publisher":"https:\/\/www.facebook.com\/Nachofdezber","article:author":"https:\/\/www.facebook.com\/carrenoactualidad","twitter:card":"summary_large_image","twitter:site":"@NabercoDigital","twitter:title":"El flamenco m\u00e1s vanguardista en el Teatro de la Laboral | Cand\u00e1s 365","twitter:description":"El Teatro de la Laboral acoge este s\u00e1bado 17 de febrero, a las 20:30 horas, el concierto de Rosal\u00eda y Ra\u00fcl Refree. El d\u00fao presenta en Gij\u00f3n Los \u00c1ngeles, su disco debut, solamente voz y guitarra en doce temas con letras sobre la muerte con fuerte inspiraci\u00f3n flamenca, a caballo entre la tradici\u00f3n y lo","twitter:creator":"@nbasturias","twitter:image":"https:\/\/candas365.es\/noticias\/wp-content\/uploads\/2017\/09\/Laboral.jpg","twitter:label1":"Escrito por","twitter:data1":"Cand\u00e1s 365","twitter:label2":"Tiempo de lectura estimado","twitter:data2":"2 minutos"},"aioseo_meta_data":{"post_id":"89734","title":null,"description":null,"keywords":null,"keyphrases":null,"primary_term":null,"canonical_url":null,"og_title":null,"og_description":null,"og_object_type":"default","og_image_type":"default","og_image_url":null,"og_image_width":null,"og_image_height":null,"og_image_custom_url":null,"og_image_custom_fields":null,"og_video":null,"og_custom_url":null,"og_article_section":null,"og_article_tags":null,"twitter_use_og":false,"twitter_card":"default","twitter_image_type":"default","twitter_image_url":null,"twitter_image_custom_url":null,"twitter_image_custom_fields":null,"twitter_title":null,"twitter_description":null,"schema":{"blockGraphs":[],"customGraphs":[],"default":{"data":{"Article":[],"Course":[],"Dataset":[],"FAQPage":[],"Movie":[],"Person":[],"Product":[],"ProductReview":[],"Car":[],"Recipe":[],"Service":[],"SoftwareApplication":[],"WebPage":[]},"graphName":"","isEnabled":true},"graphs":[],"defaultGraph":"","defaultPostTypeGraph":""},"schema_type":null,"schema_type_options":null,"pillar_content":false,"robots_default":true,"robots_noindex":false,"robots_noarchive":false,"robots_nosnippet":false,"robots_nofollow":false,"robots_noimageindex":false,"robots_noodp":false,"robots_notranslate":false,"robots_max_snippet":null,"robots_max_videopreview":null,"robots_max_imagepreview":"large","priority":null,"frequency":null,"location":null,"local_seo":null,"seo_analyzer_scan_date":"2025-08-26 12:31:14","breadcrumb_settings":null,"limit_modified_date":false,"reviewed_by":null,"open_ai":null,"ai":null,"created":"2020-12-21 11:56:57","updated":"2025-08-26 12:31:14"},"aioseo_breadcrumb":"<div class=\"aioseo-breadcrumbs\"><span class=\"aioseo-breadcrumb\">\n\t<a href=\"https:\/\/candas365.es\/noticias\" title=\"Home\">Home<\/a>\n<\/span><span class=\"aioseo-breadcrumb-separator\">&ndash;<\/span><span class=\"aioseo-breadcrumb\">\n\t<a href=\"https:\/\/candas365.es\/noticias\/category\/agenda\/\" title=\"Agenda\">Agenda<\/a>\n<\/span><span class=\"aioseo-breadcrumb-separator\">&ndash;<\/span><span class=\"aioseo-breadcrumb\">\n\tEl flamenco m\u00e1s vanguardista en el Teatro de la Laboral\n<\/span><\/div>","aioseo_breadcrumb_json":[{"label":"Home","link":"https:\/\/candas365.es\/noticias"},{"label":"Agenda","link":"https:\/\/candas365.es\/noticias\/category\/agenda\/"},{"label":"El flamenco m\u00e1s vanguardista en el Teatro de la Laboral","link":"https:\/\/candas365.es\/noticias\/el-flamenco-mas-vanguardista-en-el-teatro-de-la-laboral\/"}],"_links":{"self":[{"href":"https:\/\/candas365.es\/noticias\/wp-json\/wp\/v2\/posts\/89734","targetHints":{"allow":["GET"]}}],"collection":[{"href":"https:\/\/candas365.es\/noticias\/wp-json\/wp\/v2\/posts"}],"about":[{"href":"https:\/\/candas365.es\/noticias\/wp-json\/wp\/v2\/types\/post"}],"author":[{"embeddable":true,"href":"https:\/\/candas365.es\/noticias\/wp-json\/wp\/v2\/users\/1"}],"replies":[{"embeddable":true,"href":"https:\/\/candas365.es\/noticias\/wp-json\/wp\/v2\/comments?post=89734"}],"version-history":[{"count":0,"href":"https:\/\/candas365.es\/noticias\/wp-json\/wp\/v2\/posts\/89734\/revisions"}],"wp:featuredmedia":[{"embeddable":true,"href":"https:\/\/candas365.es\/noticias\/wp-json\/wp\/v2\/media\/80268"}],"wp:attachment":[{"href":"https:\/\/candas365.es\/noticias\/wp-json\/wp\/v2\/media?parent=89734"}],"wp:term":[{"taxonomy":"category","embeddable":true,"href":"https:\/\/candas365.es\/noticias\/wp-json\/wp\/v2\/categories?post=89734"},{"taxonomy":"post_tag","embeddable":true,"href":"https:\/\/candas365.es\/noticias\/wp-json\/wp\/v2\/tags?post=89734"}],"curies":[{"name":"wp","href":"https:\/\/api.w.org\/{rel}","templated":true}]}}