{"id":89532,"date":"2018-02-10T15:49:12","date_gmt":"2018-02-10T15:49:12","guid":{"rendered":"http:\/\/candas365.es\/noticias\/?p=89532"},"modified":"2018-02-10T15:49:12","modified_gmt":"2018-02-10T15:49:12","slug":"dos-grandes-aludes-obligan-a-cerrar-la-ruta-del-cares","status":"publish","type":"post","link":"https:\/\/candas365.es\/noticias\/dos-grandes-aludes-obligan-a-cerrar-la-ruta-del-cares\/","title":{"rendered":"Dos grandes aludes obligan a cerrar la ruta del Cares"},"content":{"rendered":"<p><img fetchpriority=\"high\" decoding=\"async\" class=\"alignleft size-large wp-image-89533\" src=\"https:\/\/candas365.es\/noticias\/wp-content\/uploads\/2018\/02\/Alud-en-ruta-Cares-270x480.jpg\" alt=\"\" width=\"270\" height=\"480\" srcset=\"https:\/\/candas365.es\/noticias\/wp-content\/uploads\/2018\/02\/Alud-en-ruta-Cares-270x480.jpg 270w, https:\/\/candas365.es\/noticias\/wp-content\/uploads\/2018\/02\/Alud-en-ruta-Cares-236x420.jpg 236w, https:\/\/candas365.es\/noticias\/wp-content\/uploads\/2018\/02\/Alud-en-ruta-Cares-169x300.jpg 169w, https:\/\/candas365.es\/noticias\/wp-content\/uploads\/2018\/02\/Alud-en-ruta-Cares.jpg 576w\" sizes=\"(max-width: 270px) 100vw, 270px\" \/>El Parque Nacional de los Picos de Europa ha cerrado esta ma\u00f1ana la ruta del Cares, tanto la vertiente asturiana como la leonesa, por dos aludes de grandes dimensiones registrados en los parajes de Cuarmada y La Raya, en Cabrales, y por el grave peligro de que se produzcan nuevas avalanchas.<\/p>\n<p>La decisi\u00f3n se ha comunicado a los servicios de emergencias del Principado y de Castilla y Le\u00f3n, as\u00ed como a los ayuntamientos de Cabrales y Valde\u00f3n.<\/p>\n<p>Tambi\u00e9n se ha balizado la zona para impedir el paso.<\/p>\n<p>Por otra parte, las autoridades del parque advierten del peligro que, hasta que se movilicen las masas de nieve, supone el paso por la canal del Texu, el acceso peatonal a Bulnes desde Poncebos.<\/p>\n<p>&nbsp;<\/p>\n<p>&nbsp;<\/p>\n","protected":false},"excerpt":{"rendered":"<p>El Parque Nacional de los Picos de Europa ha cerrado esta ma\u00f1ana la ruta del Cares, tanto la vertiente asturiana como la leonesa, por dos aludes de grandes dimensiones registrados en los parajes de Cuarmada y La Raya, en Cabrales, y por el grave peligro de que se produzcan nuevas avalanchas. La decisi\u00f3n se ha<\/p>\n","protected":false},"author":1,"featured_media":89533,"comment_status":"closed","ping_status":"closed","sticky":false,"template":"","format":"standard","meta":{"footnotes":""},"categories":[7,316],"tags":[],"class_list":{"0":"post-89532","1":"post","2":"type-post","3":"status-publish","4":"format-standard","5":"has-post-thumbnail","7":"category-asturias","8":"category-destacadas"},"aioseo_notices":[],"aioseo_head":"\n\t\t<!-- All in One SEO Pro 4.9.6.2 - aioseo.com -->\n\t<meta name=\"description\" content=\"El Parque Nacional de los Picos de Europa ha cerrado esta ma\u00f1ana la ruta del Cares, tanto la vertiente asturiana como la leonesa, por dos aludes de grandes dimensiones registrados en los parajes de Cuarmada y La Raya, en Cabrales, y por el grave peligro de que se produzcan nuevas avalanchas. La decisi\u00f3n se ha\" \/>\n\t<meta name=\"robots\" content=\"max-image-preview:large\" \/>\n\t<meta name=\"author\" content=\"Cand\u00e1s 365\"\/>\n\t<meta name=\"google-site-verification\" content=\"UA-32230408-1\" \/>\n\t<meta name=\"msvalidate.01\" content=\"354F3CDFB2DA171B47FBE9ABF1F88D5\" \/>\n\t<meta name=\"keywords\" content=\"asturias,destacadas\" \/>\n\t<link rel=\"canonical\" href=\"https:\/\/candas365.es\/noticias\/dos-grandes-aludes-obligan-a-cerrar-la-ruta-del-cares\/\" \/>\n\t<meta name=\"generator\" content=\"All in One SEO Pro (AIOSEO) 4.9.6.2\" \/>\n\t\t<meta property=\"og:locale\" content=\"es_ES\" \/>\n\t\t<meta property=\"og:site_name\" content=\"Cand\u00e1s 365\" \/>\n\t\t<meta property=\"og:type\" content=\"article\" \/>\n\t\t<meta property=\"og:title\" content=\"Dos grandes aludes obligan a cerrar la ruta del Cares | Cand\u00e1s 365\" \/>\n\t\t<meta property=\"og:description\" content=\"El Parque Nacional de los Picos de Europa ha cerrado esta ma\u00f1ana la ruta del Cares, tanto la vertiente asturiana como la leonesa, por dos aludes de grandes dimensiones registrados en los parajes de Cuarmada y La Raya, en Cabrales, y por el grave peligro de que se produzcan nuevas avalanchas. La decisi\u00f3n se ha\" \/>\n\t\t<meta property=\"og:url\" content=\"https:\/\/candas365.es\/noticias\/dos-grandes-aludes-obligan-a-cerrar-la-ruta-del-cares\/\" \/>\n\t\t<meta property=\"og:image\" content=\"https:\/\/candas365.es\/noticias\/wp-content\/uploads\/2018\/02\/Alud-en-ruta-Cares.jpg\" \/>\n\t\t<meta property=\"og:image:secure_url\" content=\"https:\/\/candas365.es\/noticias\/wp-content\/uploads\/2018\/02\/Alud-en-ruta-Cares.jpg\" \/>\n\t\t<meta property=\"og:image:width\" content=\"576\" \/>\n\t\t<meta property=\"og:image:height\" content=\"1024\" \/>\n\t\t<meta property=\"article:published_time\" content=\"2018-02-10T15:49:12+00:00\" \/>\n\t\t<meta property=\"article:modified_time\" content=\"2018-02-10T15:49:12+00:00\" \/>\n\t\t<meta property=\"article:publisher\" content=\"https:\/\/www.facebook.com\/Nachofdezber\" \/>\n\t\t<meta property=\"article:author\" content=\"https:\/\/www.facebook.com\/carrenoactualidad\" \/>\n\t\t<meta name=\"twitter:card\" content=\"summary_large_image\" \/>\n\t\t<meta name=\"twitter:site\" content=\"@NabercoDigital\" \/>\n\t\t<meta name=\"twitter:title\" content=\"Dos grandes aludes obligan a cerrar la ruta del Cares | Cand\u00e1s 365\" \/>\n\t\t<meta name=\"twitter:description\" content=\"El Parque Nacional de los Picos de Europa ha cerrado esta ma\u00f1ana la ruta del Cares, tanto la vertiente asturiana como la leonesa, por dos aludes de grandes dimensiones registrados en los parajes de Cuarmada y La Raya, en Cabrales, y por el grave peligro de que se produzcan nuevas avalanchas. La decisi\u00f3n se ha\" \/>\n\t\t<meta name=\"twitter:creator\" content=\"@nbasturias\" \/>\n\t\t<meta name=\"twitter:image\" content=\"https:\/\/candas365.es\/noticias\/wp-content\/uploads\/2018\/02\/Alud-en-ruta-Cares.jpg\" \/>\n\t\t<meta name=\"twitter:label1\" content=\"Escrito por\" \/>\n\t\t<meta name=\"twitter:data1\" content=\"Cand\u00e1s 365\" \/>\n\t\t<meta name=\"twitter:label2\" content=\"Tiempo de lectura estimado\" \/>\n\t\t<meta name=\"twitter:data2\" content=\"1 minuto\" \/>\n\t\t<script type=\"application\/ld+json\" class=\"aioseo-schema\">\n\t\t\t{\"@context\":\"https:\\\/\\\/schema.org\",\"@graph\":[{\"@type\":\"BreadcrumbList\",\"@id\":\"https:\\\/\\\/candas365.es\\\/noticias\\\/dos-grandes-aludes-obligan-a-cerrar-la-ruta-del-cares\\\/#breadcrumblist\",\"itemListElement\":[{\"@type\":\"ListItem\",\"@id\":\"https:\\\/\\\/candas365.es\\\/noticias#listItem\",\"position\":1,\"name\":\"Home\",\"item\":\"https:\\\/\\\/candas365.es\\\/noticias\",\"nextItem\":{\"@type\":\"ListItem\",\"@id\":\"https:\\\/\\\/candas365.es\\\/noticias\\\/category\\\/asturias\\\/#listItem\",\"name\":\"Asturias\"}},{\"@type\":\"ListItem\",\"@id\":\"https:\\\/\\\/candas365.es\\\/noticias\\\/category\\\/asturias\\\/#listItem\",\"position\":2,\"name\":\"Asturias\",\"item\":\"https:\\\/\\\/candas365.es\\\/noticias\\\/category\\\/asturias\\\/\",\"nextItem\":{\"@type\":\"ListItem\",\"@id\":\"https:\\\/\\\/candas365.es\\\/noticias\\\/dos-grandes-aludes-obligan-a-cerrar-la-ruta-del-cares\\\/#listItem\",\"name\":\"Dos grandes aludes obligan a cerrar la ruta del Cares\"},\"previousItem\":{\"@type\":\"ListItem\",\"@id\":\"https:\\\/\\\/candas365.es\\\/noticias#listItem\",\"name\":\"Home\"}},{\"@type\":\"ListItem\",\"@id\":\"https:\\\/\\\/candas365.es\\\/noticias\\\/dos-grandes-aludes-obligan-a-cerrar-la-ruta-del-cares\\\/#listItem\",\"position\":3,\"name\":\"Dos grandes aludes obligan a cerrar la ruta del Cares\",\"previousItem\":{\"@type\":\"ListItem\",\"@id\":\"https:\\\/\\\/candas365.es\\\/noticias\\\/category\\\/asturias\\\/#listItem\",\"name\":\"Asturias\"}}]},{\"@type\":\"NewsArticle\",\"@id\":\"https:\\\/\\\/candas365.es\\\/noticias\\\/dos-grandes-aludes-obligan-a-cerrar-la-ruta-del-cares\\\/#newsarticle\",\"name\":\"Dos grandes aludes obligan a cerrar la ruta del Cares | Cand\\u00e1s 365\",\"headline\":\"Dos grandes aludes obligan a cerrar la ruta del Cares\",\"author\":{\"@id\":\"https:\\\/\\\/candas365.es\\\/noticias\\\/author\\\/admin\\\/#author\"},\"publisher\":{\"@id\":\"https:\\\/\\\/candas365.es\\\/noticias\\\/#organization\"},\"image\":{\"@type\":\"ImageObject\",\"url\":\"https:\\\/\\\/candas365.es\\\/noticias\\\/wp-content\\\/uploads\\\/2018\\\/02\\\/Alud-en-ruta-Cares.jpg\",\"width\":576,\"height\":1024},\"datePublished\":\"2018-02-10T15:49:12+01:00\",\"dateModified\":\"2018-02-10T15:49:12+01:00\",\"inLanguage\":\"es-ES\",\"mainEntityOfPage\":{\"@id\":\"https:\\\/\\\/candas365.es\\\/noticias\\\/dos-grandes-aludes-obligan-a-cerrar-la-ruta-del-cares\\\/#webpage\"},\"isPartOf\":{\"@id\":\"https:\\\/\\\/candas365.es\\\/noticias\\\/dos-grandes-aludes-obligan-a-cerrar-la-ruta-del-cares\\\/#webpage\"},\"articleSection\":\"Asturias, Destacadas\",\"dateline\":\"Publicado el febrero 10, 2018.\"},{\"@type\":\"Organization\",\"@id\":\"https:\\\/\\\/candas365.es\\\/noticias\\\/#organization\",\"name\":\"Cand\\u00e1s 365\",\"description\":\"Cand\\u00e1s 365 es un diario digital independiente, fundado en 2012, con base en Asturias. Informamos con rigor sobre actualidad, sociedad, cultura y ocio, con una mirada local y global.\",\"url\":\"https:\\\/\\\/candas365.es\\\/noticias\\\/\",\"email\":\"info@candas365.es\",\"telephone\":\"+34652131393\",\"foundingDate\":\"2012-06-10\",\"logo\":{\"@type\":\"ImageObject\",\"url\":\"https:\\\/\\\/candas365.es\\\/noticias\\\/wp-content\\\/uploads\\\/2024\\\/09\\\/Candas-365-Redes.jpg\",\"@id\":\"https:\\\/\\\/candas365.es\\\/noticias\\\/dos-grandes-aludes-obligan-a-cerrar-la-ruta-del-cares\\\/#organizationLogo\",\"width\":1152,\"height\":864,\"caption\":\"Cand\\u00e1s 365 Redes\"},\"image\":{\"@id\":\"https:\\\/\\\/candas365.es\\\/noticias\\\/dos-grandes-aludes-obligan-a-cerrar-la-ruta-del-cares\\\/#organizationLogo\"},\"sameAs\":[\"https:\\\/\\\/www.facebook.com\\\/Nachofdezber\",\"https:\\\/\\\/x.com\\\/NabercoDigital\",\"https:\\\/\\\/www.instagram.com\\\/nachofdezber\\\/\",\"https:\\\/\\\/www.youtube.com\\\/channel\\\/UCZP-2wLEB9Rv6erhFmqVnvg\"],\"address\":{\"@id\":\"https:\\\/\\\/candas365.es\\\/noticias\\\/#postaladdress\",\"@type\":\"PostalAddress\",\"streetAddress\":\"san antonio 4, san antonio 4\",\"postalCode\":\"33430\",\"addressLocality\":\"Cand\\u00e1s\",\"addressRegion\":\"Asturias\",\"addressCountry\":\"ES\"}},{\"@type\":\"Person\",\"@id\":\"https:\\\/\\\/candas365.es\\\/noticias\\\/author\\\/admin\\\/#author\",\"url\":\"https:\\\/\\\/candas365.es\\\/noticias\\\/author\\\/admin\\\/\",\"name\":\"Cand\\u00e1s 365\",\"image\":{\"@type\":\"ImageObject\",\"@id\":\"https:\\\/\\\/candas365.es\\\/noticias\\\/dos-grandes-aludes-obligan-a-cerrar-la-ruta-del-cares\\\/#authorImage\",\"url\":\"https:\\\/\\\/secure.gravatar.com\\\/avatar\\\/496a8e03d0c493ede1718b7934145dbdf8d89be1036b0eec9544e1094c9de390?s=96&d=mm&r=g\",\"width\":96,\"height\":96,\"caption\":\"Cand\\u00e1s 365\"},\"sameAs\":[\"https:\\\/\\\/www.facebook.com\\\/carrenoactualidad\",\"https:\\\/\\\/twitter.com\\\/nbasturias\",\"https:\\\/\\\/www.instagram.com\\\/nachofdezber\\\/\",\"https:\\\/\\\/www.youtube.com\\\/channel\\\/UCZP-2wLEB9Rv6erhFmqVnvg\"]},{\"@type\":\"WebPage\",\"@id\":\"https:\\\/\\\/candas365.es\\\/noticias\\\/dos-grandes-aludes-obligan-a-cerrar-la-ruta-del-cares\\\/#webpage\",\"url\":\"https:\\\/\\\/candas365.es\\\/noticias\\\/dos-grandes-aludes-obligan-a-cerrar-la-ruta-del-cares\\\/\",\"name\":\"Dos grandes aludes obligan a cerrar la ruta del Cares | Cand\\u00e1s 365\",\"description\":\"El Parque Nacional de los Picos de Europa ha cerrado esta ma\\u00f1ana la ruta del Cares, tanto la vertiente asturiana como la leonesa, por dos aludes de grandes dimensiones registrados en los parajes de Cuarmada y La Raya, en Cabrales, y por el grave peligro de que se produzcan nuevas avalanchas. La decisi\\u00f3n se ha\",\"inLanguage\":\"es-ES\",\"isPartOf\":{\"@id\":\"https:\\\/\\\/candas365.es\\\/noticias\\\/#website\"},\"breadcrumb\":{\"@id\":\"https:\\\/\\\/candas365.es\\\/noticias\\\/dos-grandes-aludes-obligan-a-cerrar-la-ruta-del-cares\\\/#breadcrumblist\"},\"author\":{\"@id\":\"https:\\\/\\\/candas365.es\\\/noticias\\\/author\\\/admin\\\/#author\"},\"creator\":{\"@id\":\"https:\\\/\\\/candas365.es\\\/noticias\\\/author\\\/admin\\\/#author\"},\"image\":{\"@type\":\"ImageObject\",\"url\":\"https:\\\/\\\/candas365.es\\\/noticias\\\/wp-content\\\/uploads\\\/2018\\\/02\\\/Alud-en-ruta-Cares.jpg\",\"@id\":\"https:\\\/\\\/candas365.es\\\/noticias\\\/dos-grandes-aludes-obligan-a-cerrar-la-ruta-del-cares\\\/#mainImage\",\"width\":576,\"height\":1024},\"primaryImageOfPage\":{\"@id\":\"https:\\\/\\\/candas365.es\\\/noticias\\\/dos-grandes-aludes-obligan-a-cerrar-la-ruta-del-cares\\\/#mainImage\"},\"datePublished\":\"2018-02-10T15:49:12+01:00\",\"dateModified\":\"2018-02-10T15:49:12+01:00\"},{\"@type\":\"WebSite\",\"@id\":\"https:\\\/\\\/candas365.es\\\/noticias\\\/#website\",\"url\":\"https:\\\/\\\/candas365.es\\\/noticias\\\/\",\"name\":\"Cand\\u00e1s 365\",\"alternateName\":\"Cand\\u00e1s 365 Noticias\",\"description\":\"Actualidad desde Carre\\u00f1o para el mundo\",\"inLanguage\":\"es-ES\",\"publisher\":{\"@id\":\"https:\\\/\\\/candas365.es\\\/noticias\\\/#organization\"}}]}\n\t\t<\/script>\n\t\t<!-- All in One SEO Pro -->\r\n\t\t<title>Dos grandes aludes obligan a cerrar la ruta del Cares | Cand\u00e1s 365<\/title>\n\n","aioseo_head_json":{"title":"Dos grandes aludes obligan a cerrar la ruta del Cares | Cand\u00e1s 365","description":"El Parque Nacional de los Picos de Europa ha cerrado esta ma\u00f1ana la ruta del Cares, tanto la vertiente asturiana como la leonesa, por dos aludes de grandes dimensiones registrados en los parajes de Cuarmada y La Raya, en Cabrales, y por el grave peligro de que se produzcan nuevas avalanchas. La decisi\u00f3n se ha","canonical_url":"https:\/\/candas365.es\/noticias\/dos-grandes-aludes-obligan-a-cerrar-la-ruta-del-cares\/","robots":"max-image-preview:large","keywords":"asturias,destacadas","webmasterTools":{"google-site-verification":"UA-32230408-1","msvalidate.01":"354F3CDFB2DA171B47FBE9ABF1F88D5","miscellaneous":""},"schema":{"@context":"https:\/\/schema.org","@graph":[{"@type":"BreadcrumbList","@id":"https:\/\/candas365.es\/noticias\/dos-grandes-aludes-obligan-a-cerrar-la-ruta-del-cares\/#breadcrumblist","itemListElement":[{"@type":"ListItem","@id":"https:\/\/candas365.es\/noticias#listItem","position":1,"name":"Home","item":"https:\/\/candas365.es\/noticias","nextItem":{"@type":"ListItem","@id":"https:\/\/candas365.es\/noticias\/category\/asturias\/#listItem","name":"Asturias"}},{"@type":"ListItem","@id":"https:\/\/candas365.es\/noticias\/category\/asturias\/#listItem","position":2,"name":"Asturias","item":"https:\/\/candas365.es\/noticias\/category\/asturias\/","nextItem":{"@type":"ListItem","@id":"https:\/\/candas365.es\/noticias\/dos-grandes-aludes-obligan-a-cerrar-la-ruta-del-cares\/#listItem","name":"Dos grandes aludes obligan a cerrar la ruta del Cares"},"previousItem":{"@type":"ListItem","@id":"https:\/\/candas365.es\/noticias#listItem","name":"Home"}},{"@type":"ListItem","@id":"https:\/\/candas365.es\/noticias\/dos-grandes-aludes-obligan-a-cerrar-la-ruta-del-cares\/#listItem","position":3,"name":"Dos grandes aludes obligan a cerrar la ruta del Cares","previousItem":{"@type":"ListItem","@id":"https:\/\/candas365.es\/noticias\/category\/asturias\/#listItem","name":"Asturias"}}]},{"@type":"NewsArticle","@id":"https:\/\/candas365.es\/noticias\/dos-grandes-aludes-obligan-a-cerrar-la-ruta-del-cares\/#newsarticle","name":"Dos grandes aludes obligan a cerrar la ruta del Cares | Cand\u00e1s 365","headline":"Dos grandes aludes obligan a cerrar la ruta del Cares","author":{"@id":"https:\/\/candas365.es\/noticias\/author\/admin\/#author"},"publisher":{"@id":"https:\/\/candas365.es\/noticias\/#organization"},"image":{"@type":"ImageObject","url":"https:\/\/candas365.es\/noticias\/wp-content\/uploads\/2018\/02\/Alud-en-ruta-Cares.jpg","width":576,"height":1024},"datePublished":"2018-02-10T15:49:12+01:00","dateModified":"2018-02-10T15:49:12+01:00","inLanguage":"es-ES","mainEntityOfPage":{"@id":"https:\/\/candas365.es\/noticias\/dos-grandes-aludes-obligan-a-cerrar-la-ruta-del-cares\/#webpage"},"isPartOf":{"@id":"https:\/\/candas365.es\/noticias\/dos-grandes-aludes-obligan-a-cerrar-la-ruta-del-cares\/#webpage"},"articleSection":"Asturias, Destacadas","dateline":"Publicado el febrero 10, 2018."},{"@type":"Organization","@id":"https:\/\/candas365.es\/noticias\/#organization","name":"Cand\u00e1s 365","description":"Cand\u00e1s 365 es un diario digital independiente, fundado en 2012, con base en Asturias. Informamos con rigor sobre actualidad, sociedad, cultura y ocio, con una mirada local y global.","url":"https:\/\/candas365.es\/noticias\/","email":"info@candas365.es","telephone":"+34652131393","foundingDate":"2012-06-10","logo":{"@type":"ImageObject","url":"https:\/\/candas365.es\/noticias\/wp-content\/uploads\/2024\/09\/Candas-365-Redes.jpg","@id":"https:\/\/candas365.es\/noticias\/dos-grandes-aludes-obligan-a-cerrar-la-ruta-del-cares\/#organizationLogo","width":1152,"height":864,"caption":"Cand\u00e1s 365 Redes"},"image":{"@id":"https:\/\/candas365.es\/noticias\/dos-grandes-aludes-obligan-a-cerrar-la-ruta-del-cares\/#organizationLogo"},"sameAs":["https:\/\/www.facebook.com\/Nachofdezber","https:\/\/x.com\/NabercoDigital","https:\/\/www.instagram.com\/nachofdezber\/","https:\/\/www.youtube.com\/channel\/UCZP-2wLEB9Rv6erhFmqVnvg"],"address":{"@id":"https:\/\/candas365.es\/noticias\/#postaladdress","@type":"PostalAddress","streetAddress":"san antonio 4, san antonio 4","postalCode":"33430","addressLocality":"Cand\u00e1s","addressRegion":"Asturias","addressCountry":"ES"}},{"@type":"Person","@id":"https:\/\/candas365.es\/noticias\/author\/admin\/#author","url":"https:\/\/candas365.es\/noticias\/author\/admin\/","name":"Cand\u00e1s 365","image":{"@type":"ImageObject","@id":"https:\/\/candas365.es\/noticias\/dos-grandes-aludes-obligan-a-cerrar-la-ruta-del-cares\/#authorImage","url":"https:\/\/secure.gravatar.com\/avatar\/496a8e03d0c493ede1718b7934145dbdf8d89be1036b0eec9544e1094c9de390?s=96&d=mm&r=g","width":96,"height":96,"caption":"Cand\u00e1s 365"},"sameAs":["https:\/\/www.facebook.com\/carrenoactualidad","https:\/\/twitter.com\/nbasturias","https:\/\/www.instagram.com\/nachofdezber\/","https:\/\/www.youtube.com\/channel\/UCZP-2wLEB9Rv6erhFmqVnvg"]},{"@type":"WebPage","@id":"https:\/\/candas365.es\/noticias\/dos-grandes-aludes-obligan-a-cerrar-la-ruta-del-cares\/#webpage","url":"https:\/\/candas365.es\/noticias\/dos-grandes-aludes-obligan-a-cerrar-la-ruta-del-cares\/","name":"Dos grandes aludes obligan a cerrar la ruta del Cares | Cand\u00e1s 365","description":"El Parque Nacional de los Picos de Europa ha cerrado esta ma\u00f1ana la ruta del Cares, tanto la vertiente asturiana como la leonesa, por dos aludes de grandes dimensiones registrados en los parajes de Cuarmada y La Raya, en Cabrales, y por el grave peligro de que se produzcan nuevas avalanchas. La decisi\u00f3n se ha","inLanguage":"es-ES","isPartOf":{"@id":"https:\/\/candas365.es\/noticias\/#website"},"breadcrumb":{"@id":"https:\/\/candas365.es\/noticias\/dos-grandes-aludes-obligan-a-cerrar-la-ruta-del-cares\/#breadcrumblist"},"author":{"@id":"https:\/\/candas365.es\/noticias\/author\/admin\/#author"},"creator":{"@id":"https:\/\/candas365.es\/noticias\/author\/admin\/#author"},"image":{"@type":"ImageObject","url":"https:\/\/candas365.es\/noticias\/wp-content\/uploads\/2018\/02\/Alud-en-ruta-Cares.jpg","@id":"https:\/\/candas365.es\/noticias\/dos-grandes-aludes-obligan-a-cerrar-la-ruta-del-cares\/#mainImage","width":576,"height":1024},"primaryImageOfPage":{"@id":"https:\/\/candas365.es\/noticias\/dos-grandes-aludes-obligan-a-cerrar-la-ruta-del-cares\/#mainImage"},"datePublished":"2018-02-10T15:49:12+01:00","dateModified":"2018-02-10T15:49:12+01:00"},{"@type":"WebSite","@id":"https:\/\/candas365.es\/noticias\/#website","url":"https:\/\/candas365.es\/noticias\/","name":"Cand\u00e1s 365","alternateName":"Cand\u00e1s 365 Noticias","description":"Actualidad desde Carre\u00f1o para el mundo","inLanguage":"es-ES","publisher":{"@id":"https:\/\/candas365.es\/noticias\/#organization"}}]},"og:locale":"es_ES","og:site_name":"Cand\u00e1s 365","og:type":"article","og:title":"Dos grandes aludes obligan a cerrar la ruta del Cares | Cand\u00e1s 365","og:description":"El Parque Nacional de los Picos de Europa ha cerrado esta ma\u00f1ana la ruta del Cares, tanto la vertiente asturiana como la leonesa, por dos aludes de grandes dimensiones registrados en los parajes de Cuarmada y La Raya, en Cabrales, y por el grave peligro de que se produzcan nuevas avalanchas. La decisi\u00f3n se ha","og:url":"https:\/\/candas365.es\/noticias\/dos-grandes-aludes-obligan-a-cerrar-la-ruta-del-cares\/","og:image":"https:\/\/candas365.es\/noticias\/wp-content\/uploads\/2018\/02\/Alud-en-ruta-Cares.jpg","og:image:secure_url":"https:\/\/candas365.es\/noticias\/wp-content\/uploads\/2018\/02\/Alud-en-ruta-Cares.jpg","og:image:width":576,"og:image:height":1024,"article:published_time":"2018-02-10T15:49:12+00:00","article:modified_time":"2018-02-10T15:49:12+00:00","article:publisher":"https:\/\/www.facebook.com\/Nachofdezber","article:author":"https:\/\/www.facebook.com\/carrenoactualidad","twitter:card":"summary_large_image","twitter:site":"@NabercoDigital","twitter:title":"Dos grandes aludes obligan a cerrar la ruta del Cares | Cand\u00e1s 365","twitter:description":"El Parque Nacional de los Picos de Europa ha cerrado esta ma\u00f1ana la ruta del Cares, tanto la vertiente asturiana como la leonesa, por dos aludes de grandes dimensiones registrados en los parajes de Cuarmada y La Raya, en Cabrales, y por el grave peligro de que se produzcan nuevas avalanchas. La decisi\u00f3n se ha","twitter:creator":"@nbasturias","twitter:image":"https:\/\/candas365.es\/noticias\/wp-content\/uploads\/2018\/02\/Alud-en-ruta-Cares.jpg","twitter:label1":"Escrito por","twitter:data1":"Cand\u00e1s 365","twitter:label2":"Tiempo de lectura estimado","twitter:data2":"1 minuto"},"aioseo_meta_data":{"post_id":"89532","title":null,"description":null,"keywords":null,"keyphrases":null,"primary_term":null,"canonical_url":null,"og_title":null,"og_description":null,"og_object_type":"default","og_image_type":"default","og_image_url":null,"og_image_width":null,"og_image_height":null,"og_image_custom_url":null,"og_image_custom_fields":null,"og_video":null,"og_custom_url":null,"og_article_section":null,"og_article_tags":null,"twitter_use_og":false,"twitter_card":"default","twitter_image_type":"default","twitter_image_url":null,"twitter_image_custom_url":null,"twitter_image_custom_fields":null,"twitter_title":null,"twitter_description":null,"schema":{"blockGraphs":[],"customGraphs":[],"default":{"data":{"Article":[],"Course":[],"Dataset":[],"FAQPage":[],"Movie":[],"Person":[],"Product":[],"ProductReview":[],"Car":[],"Recipe":[],"Service":[],"SoftwareApplication":[],"WebPage":[]},"graphName":"","isEnabled":true},"graphs":[],"defaultGraph":"","defaultPostTypeGraph":""},"schema_type":null,"schema_type_options":null,"pillar_content":false,"robots_default":true,"robots_noindex":false,"robots_noarchive":false,"robots_nosnippet":false,"robots_nofollow":false,"robots_noimageindex":false,"robots_noodp":false,"robots_notranslate":false,"robots_max_snippet":null,"robots_max_videopreview":null,"robots_max_imagepreview":"large","priority":null,"frequency":null,"location":null,"local_seo":null,"seo_analyzer_scan_date":"2025-08-26 12:13:53","breadcrumb_settings":null,"limit_modified_date":false,"reviewed_by":null,"open_ai":null,"ai":null,"created":"2020-12-21 11:57:59","updated":"2025-08-26 12:13:53"},"aioseo_breadcrumb":"<div class=\"aioseo-breadcrumbs\"><span class=\"aioseo-breadcrumb\">\n\t<a href=\"https:\/\/candas365.es\/noticias\" title=\"Home\">Home<\/a>\n<\/span><span class=\"aioseo-breadcrumb-separator\">&ndash;<\/span><span class=\"aioseo-breadcrumb\">\n\t<a href=\"https:\/\/candas365.es\/noticias\/category\/asturias\/\" title=\"Asturias\">Asturias<\/a>\n<\/span><span class=\"aioseo-breadcrumb-separator\">&ndash;<\/span><span class=\"aioseo-breadcrumb\">\n\tDos grandes aludes obligan a cerrar la ruta del Cares\n<\/span><\/div>","aioseo_breadcrumb_json":[{"label":"Home","link":"https:\/\/candas365.es\/noticias"},{"label":"Asturias","link":"https:\/\/candas365.es\/noticias\/category\/asturias\/"},{"label":"Dos grandes aludes obligan a cerrar la ruta del Cares","link":"https:\/\/candas365.es\/noticias\/dos-grandes-aludes-obligan-a-cerrar-la-ruta-del-cares\/"}],"_links":{"self":[{"href":"https:\/\/candas365.es\/noticias\/wp-json\/wp\/v2\/posts\/89532","targetHints":{"allow":["GET"]}}],"collection":[{"href":"https:\/\/candas365.es\/noticias\/wp-json\/wp\/v2\/posts"}],"about":[{"href":"https:\/\/candas365.es\/noticias\/wp-json\/wp\/v2\/types\/post"}],"author":[{"embeddable":true,"href":"https:\/\/candas365.es\/noticias\/wp-json\/wp\/v2\/users\/1"}],"replies":[{"embeddable":true,"href":"https:\/\/candas365.es\/noticias\/wp-json\/wp\/v2\/comments?post=89532"}],"version-history":[{"count":0,"href":"https:\/\/candas365.es\/noticias\/wp-json\/wp\/v2\/posts\/89532\/revisions"}],"wp:featuredmedia":[{"embeddable":true,"href":"https:\/\/candas365.es\/noticias\/wp-json\/wp\/v2\/media\/89533"}],"wp:attachment":[{"href":"https:\/\/candas365.es\/noticias\/wp-json\/wp\/v2\/media?parent=89532"}],"wp:term":[{"taxonomy":"category","embeddable":true,"href":"https:\/\/candas365.es\/noticias\/wp-json\/wp\/v2\/categories?post=89532"},{"taxonomy":"post_tag","embeddable":true,"href":"https:\/\/candas365.es\/noticias\/wp-json\/wp\/v2\/tags?post=89532"}],"curies":[{"name":"wp","href":"https:\/\/api.w.org\/{rel}","templated":true}]}}