{"id":89499,"date":"2018-02-10T10:30:26","date_gmt":"2018-02-10T10:30:26","guid":{"rendered":"http:\/\/candas365.es\/noticias\/?p=89499"},"modified":"2018-02-10T10:30:26","modified_gmt":"2018-02-10T10:30:26","slug":"rtve-ha-comenzado-el-rodaje-de-la-otra-mirada","status":"publish","type":"post","link":"https:\/\/candas365.es\/noticias\/rtve-ha-comenzado-el-rodaje-de-la-otra-mirada\/","title":{"rendered":"RTVE ha comenzado el rodaje de &#8216;La otra mirada&#8217;"},"content":{"rendered":"<p><img fetchpriority=\"high\" decoding=\"async\" class=\"alignleft size-medium wp-image-89500\" src=\"https:\/\/candas365.es\/noticias\/wp-content\/uploads\/2018\/02\/1517572215821-360x277.jpg\" alt=\"\" width=\"360\" height=\"277\" srcset=\"https:\/\/candas365.es\/noticias\/wp-content\/uploads\/2018\/02\/1517572215821-360x277.jpg 360w, https:\/\/candas365.es\/noticias\/wp-content\/uploads\/2018\/02\/1517572215821-696x536.jpg 696w, https:\/\/candas365.es\/noticias\/wp-content\/uploads\/2018\/02\/1517572215821-545x420.jpg 545w, https:\/\/candas365.es\/noticias\/wp-content\/uploads\/2018\/02\/1517572215821-768x591.jpg 768w, https:\/\/candas365.es\/noticias\/wp-content\/uploads\/2018\/02\/1517572215821-623x480.jpg 623w, https:\/\/candas365.es\/noticias\/wp-content\/uploads\/2018\/02\/1517572215821.jpg 800w\" sizes=\"(max-width: 360px) 100vw, 360px\" \/>RTVE ha comenzado el rodaje de &#8216;La otra mirada&#8217;, nueva serie producida en colaboraci\u00f3n con Boomerang TV. La grabaci\u00f3n se extender\u00e1 a lo largo de los pr\u00f3ximos meses en Madrid y Sevilla. La ficci\u00f3n, que se emitir\u00e1 en prime time, est\u00e1 ambientada en una academia para se\u00f1oritas en la Sevilla de los a\u00f1os 20 y contar\u00e1 con exteriores e interiores naturales, que recrear\u00e1n la ciudad durante esta \u00e9poca.<\/p>\n<p>El reparto, encabezado por Macarena Garc\u00eda, Patricia Lopez Arnaiz, Ana Wagener y Cecilia Freire, incluye tambi\u00e9n a Bego\u00f1a Vargas, Luc\u00eda D\u00edez, Elena Gallardo, Abril Montilla, Carla Campra y Paula de la Nieta, j\u00f3venes int\u00e9rpretes que dan vida a las alumnas de la academia. Completan el elenco Gloria Mu\u00f1oz, Jordi Coll, Paco Mora, Carlos Olalla, Juan Luis Gonz\u00e1lez Fern\u00e1ndez, Jos\u00e9 Pastor, Jos\u00e9 Luis Barquero, Alvaro Mel, Filipe Duarte, Celia Freijeiro y Pepa Gracia, entre otros.<\/p>\n<p>&#8216;La otra mirada&#8217; est\u00e1 dirigida por Luis Santamar\u00eda, Fernando Gonz\u00e1lez Molina, Miguel del Arco y Pablo Guerrero. La idea original es de Josep Cister y Jaime Vaca, quien tambi\u00e9n es coordinador de guion. Completan el equipo de guionistas Mar\u00eda L\u00f3pez Casta\u00f1o, Alba Lucio Calder\u00f3n y Mario Parra Ortiz. Fernando Vel\u00e1zquez est\u00e1 a cargo de la banda sonora.<\/p>\n<p>Ambientada en una academia para se\u00f1oritas en la Sevilla de los a\u00f1os 20, mostrar\u00e1 un centro de ense\u00f1anza aferrado a una forma inquebrantable de hacer las cosas y a las tradiciones propias de la ciudad y de los tiempos. Todo este universo y sus pilares se tambalean con la llegada de una nueva profesora, con una forma muy distinta de ver las cosas, y que viene con un objetivo secreto relacionado directamente con la academia. &#8216;La otra mirada&#8217; ser\u00e1, sobre todo, el viaje de un grupo de mujeres (j\u00f3venes y adultas) en busca de su propia voz.<\/p>\n","protected":false},"excerpt":{"rendered":"<p>RTVE ha comenzado el rodaje de &#8216;La otra mirada&#8217;, nueva serie producida en colaboraci\u00f3n con Boomerang TV. La grabaci\u00f3n se extender\u00e1 a lo largo de los pr\u00f3ximos meses en Madrid y Sevilla. La ficci\u00f3n, que se emitir\u00e1 en prime time, est\u00e1 ambientada en una academia para se\u00f1oritas en la Sevilla de los a\u00f1os 20 y<\/p>\n","protected":false},"author":1,"featured_media":89500,"comment_status":"closed","ping_status":"closed","sticky":false,"template":"","format":"standard","meta":{"footnotes":""},"categories":[1],"tags":[],"class_list":{"0":"post-89499","1":"post","2":"type-post","3":"status-publish","4":"format-standard","5":"has-post-thumbnail","7":"category-agenda"},"aioseo_notices":[],"aioseo_head":"\n\t\t<!-- All in One SEO Pro 4.9.6.2 - aioseo.com -->\n\t<meta name=\"description\" content=\"RTVE ha comenzado el rodaje de &#039;La otra mirada&#039;, nueva serie producida en colaboraci\u00f3n con Boomerang TV. La grabaci\u00f3n se extender\u00e1 a lo largo de los pr\u00f3ximos meses en Madrid y Sevilla. La ficci\u00f3n, que se emitir\u00e1 en prime time, est\u00e1 ambientada en una academia para se\u00f1oritas en la Sevilla de los a\u00f1os 20 y\" \/>\n\t<meta name=\"robots\" content=\"max-image-preview:large\" \/>\n\t<meta name=\"author\" content=\"Cand\u00e1s 365\"\/>\n\t<meta name=\"google-site-verification\" content=\"UA-32230408-1\" \/>\n\t<meta name=\"msvalidate.01\" content=\"354F3CDFB2DA171B47FBE9ABF1F88D5\" \/>\n\t<meta name=\"keywords\" content=\"agenda\" \/>\n\t<link rel=\"canonical\" href=\"https:\/\/candas365.es\/noticias\/rtve-ha-comenzado-el-rodaje-de-la-otra-mirada\/\" \/>\n\t<meta name=\"generator\" content=\"All in One SEO Pro (AIOSEO) 4.9.6.2\" \/>\n\t\t<meta property=\"og:locale\" content=\"es_ES\" \/>\n\t\t<meta property=\"og:site_name\" content=\"Cand\u00e1s 365\" \/>\n\t\t<meta property=\"og:type\" content=\"article\" \/>\n\t\t<meta property=\"og:title\" content=\"RTVE ha comenzado el rodaje de \u2018La otra mirada\u2019 | Cand\u00e1s 365\" \/>\n\t\t<meta property=\"og:description\" content=\"RTVE ha comenzado el rodaje de &#039;La otra mirada&#039;, nueva serie producida en colaboraci\u00f3n con Boomerang TV. La grabaci\u00f3n se extender\u00e1 a lo largo de los pr\u00f3ximos meses en Madrid y Sevilla. La ficci\u00f3n, que se emitir\u00e1 en prime time, est\u00e1 ambientada en una academia para se\u00f1oritas en la Sevilla de los a\u00f1os 20 y\" \/>\n\t\t<meta property=\"og:url\" content=\"https:\/\/candas365.es\/noticias\/rtve-ha-comenzado-el-rodaje-de-la-otra-mirada\/\" \/>\n\t\t<meta property=\"og:image\" content=\"https:\/\/candas365.es\/noticias\/wp-content\/uploads\/2018\/02\/1517572215821.jpg\" \/>\n\t\t<meta property=\"og:image:secure_url\" content=\"https:\/\/candas365.es\/noticias\/wp-content\/uploads\/2018\/02\/1517572215821.jpg\" \/>\n\t\t<meta property=\"og:image:width\" content=\"800\" \/>\n\t\t<meta property=\"og:image:height\" content=\"616\" \/>\n\t\t<meta property=\"article:published_time\" content=\"2018-02-10T10:30:26+00:00\" \/>\n\t\t<meta property=\"article:modified_time\" content=\"2018-02-10T10:30:26+00:00\" \/>\n\t\t<meta property=\"article:publisher\" content=\"https:\/\/www.facebook.com\/Nachofdezber\" \/>\n\t\t<meta property=\"article:author\" content=\"https:\/\/www.facebook.com\/carrenoactualidad\" \/>\n\t\t<meta name=\"twitter:card\" content=\"summary_large_image\" \/>\n\t\t<meta name=\"twitter:site\" content=\"@NabercoDigital\" \/>\n\t\t<meta name=\"twitter:title\" content=\"RTVE ha comenzado el rodaje de \u2018La otra mirada\u2019 | Cand\u00e1s 365\" \/>\n\t\t<meta name=\"twitter:description\" content=\"RTVE ha comenzado el rodaje de &#039;La otra mirada&#039;, nueva serie producida en colaboraci\u00f3n con Boomerang TV. La grabaci\u00f3n se extender\u00e1 a lo largo de los pr\u00f3ximos meses en Madrid y Sevilla. La ficci\u00f3n, que se emitir\u00e1 en prime time, est\u00e1 ambientada en una academia para se\u00f1oritas en la Sevilla de los a\u00f1os 20 y\" \/>\n\t\t<meta name=\"twitter:creator\" content=\"@nbasturias\" \/>\n\t\t<meta name=\"twitter:image\" content=\"https:\/\/candas365.es\/noticias\/wp-content\/uploads\/2018\/02\/1517572215821.jpg\" \/>\n\t\t<meta name=\"twitter:label1\" content=\"Escrito por\" \/>\n\t\t<meta name=\"twitter:data1\" content=\"Cand\u00e1s 365\" \/>\n\t\t<meta name=\"twitter:label2\" content=\"Tiempo de lectura estimado\" \/>\n\t\t<meta name=\"twitter:data2\" content=\"2 minutos\" \/>\n\t\t<script type=\"application\/ld+json\" class=\"aioseo-schema\">\n\t\t\t{\"@context\":\"https:\\\/\\\/schema.org\",\"@graph\":[{\"@type\":\"BreadcrumbList\",\"@id\":\"https:\\\/\\\/candas365.es\\\/noticias\\\/rtve-ha-comenzado-el-rodaje-de-la-otra-mirada\\\/#breadcrumblist\",\"itemListElement\":[{\"@type\":\"ListItem\",\"@id\":\"https:\\\/\\\/candas365.es\\\/noticias#listItem\",\"position\":1,\"name\":\"Home\",\"item\":\"https:\\\/\\\/candas365.es\\\/noticias\",\"nextItem\":{\"@type\":\"ListItem\",\"@id\":\"https:\\\/\\\/candas365.es\\\/noticias\\\/category\\\/agenda\\\/#listItem\",\"name\":\"Agenda\"}},{\"@type\":\"ListItem\",\"@id\":\"https:\\\/\\\/candas365.es\\\/noticias\\\/category\\\/agenda\\\/#listItem\",\"position\":2,\"name\":\"Agenda\",\"item\":\"https:\\\/\\\/candas365.es\\\/noticias\\\/category\\\/agenda\\\/\",\"nextItem\":{\"@type\":\"ListItem\",\"@id\":\"https:\\\/\\\/candas365.es\\\/noticias\\\/rtve-ha-comenzado-el-rodaje-de-la-otra-mirada\\\/#listItem\",\"name\":\"RTVE ha comenzado el rodaje de &#8216;La otra mirada&#8217;\"},\"previousItem\":{\"@type\":\"ListItem\",\"@id\":\"https:\\\/\\\/candas365.es\\\/noticias#listItem\",\"name\":\"Home\"}},{\"@type\":\"ListItem\",\"@id\":\"https:\\\/\\\/candas365.es\\\/noticias\\\/rtve-ha-comenzado-el-rodaje-de-la-otra-mirada\\\/#listItem\",\"position\":3,\"name\":\"RTVE ha comenzado el rodaje de &#8216;La otra mirada&#8217;\",\"previousItem\":{\"@type\":\"ListItem\",\"@id\":\"https:\\\/\\\/candas365.es\\\/noticias\\\/category\\\/agenda\\\/#listItem\",\"name\":\"Agenda\"}}]},{\"@type\":\"NewsArticle\",\"@id\":\"https:\\\/\\\/candas365.es\\\/noticias\\\/rtve-ha-comenzado-el-rodaje-de-la-otra-mirada\\\/#newsarticle\",\"name\":\"RTVE ha comenzado el rodaje de \\u2018La otra mirada\\u2019 | Cand\\u00e1s 365\",\"headline\":\"RTVE ha comenzado el rodaje de &#8216;La otra mirada&#8217;\",\"author\":{\"@id\":\"https:\\\/\\\/candas365.es\\\/noticias\\\/author\\\/admin\\\/#author\"},\"publisher\":{\"@id\":\"https:\\\/\\\/candas365.es\\\/noticias\\\/#organization\"},\"image\":{\"@type\":\"ImageObject\",\"url\":\"https:\\\/\\\/candas365.es\\\/noticias\\\/wp-content\\\/uploads\\\/2018\\\/02\\\/1517572215821.jpg\",\"width\":800,\"height\":616},\"datePublished\":\"2018-02-10T10:30:26+01:00\",\"dateModified\":\"2018-02-10T10:30:26+01:00\",\"inLanguage\":\"es-ES\",\"mainEntityOfPage\":{\"@id\":\"https:\\\/\\\/candas365.es\\\/noticias\\\/rtve-ha-comenzado-el-rodaje-de-la-otra-mirada\\\/#webpage\"},\"isPartOf\":{\"@id\":\"https:\\\/\\\/candas365.es\\\/noticias\\\/rtve-ha-comenzado-el-rodaje-de-la-otra-mirada\\\/#webpage\"},\"articleSection\":\"Agenda\",\"dateline\":\"Publicado el febrero 10, 2018.\"},{\"@type\":\"Organization\",\"@id\":\"https:\\\/\\\/candas365.es\\\/noticias\\\/#organization\",\"name\":\"Cand\\u00e1s 365\",\"description\":\"Cand\\u00e1s 365 es un diario digital independiente, fundado en 2012, con base en Asturias. Informamos con rigor sobre actualidad, sociedad, cultura y ocio, con una mirada local y global.\",\"url\":\"https:\\\/\\\/candas365.es\\\/noticias\\\/\",\"email\":\"info@candas365.es\",\"telephone\":\"+34652131393\",\"foundingDate\":\"2012-06-10\",\"logo\":{\"@type\":\"ImageObject\",\"url\":\"https:\\\/\\\/candas365.es\\\/noticias\\\/wp-content\\\/uploads\\\/2024\\\/09\\\/Candas-365-Redes.jpg\",\"@id\":\"https:\\\/\\\/candas365.es\\\/noticias\\\/rtve-ha-comenzado-el-rodaje-de-la-otra-mirada\\\/#organizationLogo\",\"width\":1152,\"height\":864,\"caption\":\"Cand\\u00e1s 365 Redes\"},\"image\":{\"@id\":\"https:\\\/\\\/candas365.es\\\/noticias\\\/rtve-ha-comenzado-el-rodaje-de-la-otra-mirada\\\/#organizationLogo\"},\"sameAs\":[\"https:\\\/\\\/www.facebook.com\\\/Nachofdezber\",\"https:\\\/\\\/x.com\\\/NabercoDigital\",\"https:\\\/\\\/www.instagram.com\\\/nachofdezber\\\/\",\"https:\\\/\\\/www.youtube.com\\\/channel\\\/UCZP-2wLEB9Rv6erhFmqVnvg\"],\"address\":{\"@id\":\"https:\\\/\\\/candas365.es\\\/noticias\\\/#postaladdress\",\"@type\":\"PostalAddress\",\"streetAddress\":\"san antonio 4, san antonio 4\",\"postalCode\":\"33430\",\"addressLocality\":\"Cand\\u00e1s\",\"addressRegion\":\"Asturias\",\"addressCountry\":\"ES\"}},{\"@type\":\"Person\",\"@id\":\"https:\\\/\\\/candas365.es\\\/noticias\\\/author\\\/admin\\\/#author\",\"url\":\"https:\\\/\\\/candas365.es\\\/noticias\\\/author\\\/admin\\\/\",\"name\":\"Cand\\u00e1s 365\",\"image\":{\"@type\":\"ImageObject\",\"@id\":\"https:\\\/\\\/candas365.es\\\/noticias\\\/rtve-ha-comenzado-el-rodaje-de-la-otra-mirada\\\/#authorImage\",\"url\":\"https:\\\/\\\/secure.gravatar.com\\\/avatar\\\/496a8e03d0c493ede1718b7934145dbdf8d89be1036b0eec9544e1094c9de390?s=96&d=mm&r=g\",\"width\":96,\"height\":96,\"caption\":\"Cand\\u00e1s 365\"},\"sameAs\":[\"https:\\\/\\\/www.facebook.com\\\/carrenoactualidad\",\"https:\\\/\\\/twitter.com\\\/nbasturias\",\"https:\\\/\\\/www.instagram.com\\\/nachofdezber\\\/\",\"https:\\\/\\\/www.youtube.com\\\/channel\\\/UCZP-2wLEB9Rv6erhFmqVnvg\"]},{\"@type\":\"WebPage\",\"@id\":\"https:\\\/\\\/candas365.es\\\/noticias\\\/rtve-ha-comenzado-el-rodaje-de-la-otra-mirada\\\/#webpage\",\"url\":\"https:\\\/\\\/candas365.es\\\/noticias\\\/rtve-ha-comenzado-el-rodaje-de-la-otra-mirada\\\/\",\"name\":\"RTVE ha comenzado el rodaje de \\u2018La otra mirada\\u2019 | Cand\\u00e1s 365\",\"description\":\"RTVE ha comenzado el rodaje de 'La otra mirada', nueva serie producida en colaboraci\\u00f3n con Boomerang TV. La grabaci\\u00f3n se extender\\u00e1 a lo largo de los pr\\u00f3ximos meses en Madrid y Sevilla. La ficci\\u00f3n, que se emitir\\u00e1 en prime time, est\\u00e1 ambientada en una academia para se\\u00f1oritas en la Sevilla de los a\\u00f1os 20 y\",\"inLanguage\":\"es-ES\",\"isPartOf\":{\"@id\":\"https:\\\/\\\/candas365.es\\\/noticias\\\/#website\"},\"breadcrumb\":{\"@id\":\"https:\\\/\\\/candas365.es\\\/noticias\\\/rtve-ha-comenzado-el-rodaje-de-la-otra-mirada\\\/#breadcrumblist\"},\"author\":{\"@id\":\"https:\\\/\\\/candas365.es\\\/noticias\\\/author\\\/admin\\\/#author\"},\"creator\":{\"@id\":\"https:\\\/\\\/candas365.es\\\/noticias\\\/author\\\/admin\\\/#author\"},\"image\":{\"@type\":\"ImageObject\",\"url\":\"https:\\\/\\\/candas365.es\\\/noticias\\\/wp-content\\\/uploads\\\/2018\\\/02\\\/1517572215821.jpg\",\"@id\":\"https:\\\/\\\/candas365.es\\\/noticias\\\/rtve-ha-comenzado-el-rodaje-de-la-otra-mirada\\\/#mainImage\",\"width\":800,\"height\":616},\"primaryImageOfPage\":{\"@id\":\"https:\\\/\\\/candas365.es\\\/noticias\\\/rtve-ha-comenzado-el-rodaje-de-la-otra-mirada\\\/#mainImage\"},\"datePublished\":\"2018-02-10T10:30:26+01:00\",\"dateModified\":\"2018-02-10T10:30:26+01:00\"},{\"@type\":\"WebSite\",\"@id\":\"https:\\\/\\\/candas365.es\\\/noticias\\\/#website\",\"url\":\"https:\\\/\\\/candas365.es\\\/noticias\\\/\",\"name\":\"Cand\\u00e1s 365\",\"alternateName\":\"Cand\\u00e1s 365 Noticias\",\"description\":\"Actualidad desde Carre\\u00f1o para el mundo\",\"inLanguage\":\"es-ES\",\"publisher\":{\"@id\":\"https:\\\/\\\/candas365.es\\\/noticias\\\/#organization\"}}]}\n\t\t<\/script>\n\t\t<!-- All in One SEO Pro -->\r\n\t\t<title>RTVE ha comenzado el rodaje de \u2018La otra mirada\u2019 | Cand\u00e1s 365<\/title>\n\n","aioseo_head_json":{"title":"RTVE ha comenzado el rodaje de \u2018La otra mirada\u2019 | Cand\u00e1s 365","description":"RTVE ha comenzado el rodaje de 'La otra mirada', nueva serie producida en colaboraci\u00f3n con Boomerang TV. La grabaci\u00f3n se extender\u00e1 a lo largo de los pr\u00f3ximos meses en Madrid y Sevilla. La ficci\u00f3n, que se emitir\u00e1 en prime time, est\u00e1 ambientada en una academia para se\u00f1oritas en la Sevilla de los a\u00f1os 20 y","canonical_url":"https:\/\/candas365.es\/noticias\/rtve-ha-comenzado-el-rodaje-de-la-otra-mirada\/","robots":"max-image-preview:large","keywords":"agenda","webmasterTools":{"google-site-verification":"UA-32230408-1","msvalidate.01":"354F3CDFB2DA171B47FBE9ABF1F88D5","miscellaneous":""},"schema":{"@context":"https:\/\/schema.org","@graph":[{"@type":"BreadcrumbList","@id":"https:\/\/candas365.es\/noticias\/rtve-ha-comenzado-el-rodaje-de-la-otra-mirada\/#breadcrumblist","itemListElement":[{"@type":"ListItem","@id":"https:\/\/candas365.es\/noticias#listItem","position":1,"name":"Home","item":"https:\/\/candas365.es\/noticias","nextItem":{"@type":"ListItem","@id":"https:\/\/candas365.es\/noticias\/category\/agenda\/#listItem","name":"Agenda"}},{"@type":"ListItem","@id":"https:\/\/candas365.es\/noticias\/category\/agenda\/#listItem","position":2,"name":"Agenda","item":"https:\/\/candas365.es\/noticias\/category\/agenda\/","nextItem":{"@type":"ListItem","@id":"https:\/\/candas365.es\/noticias\/rtve-ha-comenzado-el-rodaje-de-la-otra-mirada\/#listItem","name":"RTVE ha comenzado el rodaje de &#8216;La otra mirada&#8217;"},"previousItem":{"@type":"ListItem","@id":"https:\/\/candas365.es\/noticias#listItem","name":"Home"}},{"@type":"ListItem","@id":"https:\/\/candas365.es\/noticias\/rtve-ha-comenzado-el-rodaje-de-la-otra-mirada\/#listItem","position":3,"name":"RTVE ha comenzado el rodaje de &#8216;La otra mirada&#8217;","previousItem":{"@type":"ListItem","@id":"https:\/\/candas365.es\/noticias\/category\/agenda\/#listItem","name":"Agenda"}}]},{"@type":"NewsArticle","@id":"https:\/\/candas365.es\/noticias\/rtve-ha-comenzado-el-rodaje-de-la-otra-mirada\/#newsarticle","name":"RTVE ha comenzado el rodaje de \u2018La otra mirada\u2019 | Cand\u00e1s 365","headline":"RTVE ha comenzado el rodaje de &#8216;La otra mirada&#8217;","author":{"@id":"https:\/\/candas365.es\/noticias\/author\/admin\/#author"},"publisher":{"@id":"https:\/\/candas365.es\/noticias\/#organization"},"image":{"@type":"ImageObject","url":"https:\/\/candas365.es\/noticias\/wp-content\/uploads\/2018\/02\/1517572215821.jpg","width":800,"height":616},"datePublished":"2018-02-10T10:30:26+01:00","dateModified":"2018-02-10T10:30:26+01:00","inLanguage":"es-ES","mainEntityOfPage":{"@id":"https:\/\/candas365.es\/noticias\/rtve-ha-comenzado-el-rodaje-de-la-otra-mirada\/#webpage"},"isPartOf":{"@id":"https:\/\/candas365.es\/noticias\/rtve-ha-comenzado-el-rodaje-de-la-otra-mirada\/#webpage"},"articleSection":"Agenda","dateline":"Publicado el febrero 10, 2018."},{"@type":"Organization","@id":"https:\/\/candas365.es\/noticias\/#organization","name":"Cand\u00e1s 365","description":"Cand\u00e1s 365 es un diario digital independiente, fundado en 2012, con base en Asturias. Informamos con rigor sobre actualidad, sociedad, cultura y ocio, con una mirada local y global.","url":"https:\/\/candas365.es\/noticias\/","email":"info@candas365.es","telephone":"+34652131393","foundingDate":"2012-06-10","logo":{"@type":"ImageObject","url":"https:\/\/candas365.es\/noticias\/wp-content\/uploads\/2024\/09\/Candas-365-Redes.jpg","@id":"https:\/\/candas365.es\/noticias\/rtve-ha-comenzado-el-rodaje-de-la-otra-mirada\/#organizationLogo","width":1152,"height":864,"caption":"Cand\u00e1s 365 Redes"},"image":{"@id":"https:\/\/candas365.es\/noticias\/rtve-ha-comenzado-el-rodaje-de-la-otra-mirada\/#organizationLogo"},"sameAs":["https:\/\/www.facebook.com\/Nachofdezber","https:\/\/x.com\/NabercoDigital","https:\/\/www.instagram.com\/nachofdezber\/","https:\/\/www.youtube.com\/channel\/UCZP-2wLEB9Rv6erhFmqVnvg"],"address":{"@id":"https:\/\/candas365.es\/noticias\/#postaladdress","@type":"PostalAddress","streetAddress":"san antonio 4, san antonio 4","postalCode":"33430","addressLocality":"Cand\u00e1s","addressRegion":"Asturias","addressCountry":"ES"}},{"@type":"Person","@id":"https:\/\/candas365.es\/noticias\/author\/admin\/#author","url":"https:\/\/candas365.es\/noticias\/author\/admin\/","name":"Cand\u00e1s 365","image":{"@type":"ImageObject","@id":"https:\/\/candas365.es\/noticias\/rtve-ha-comenzado-el-rodaje-de-la-otra-mirada\/#authorImage","url":"https:\/\/secure.gravatar.com\/avatar\/496a8e03d0c493ede1718b7934145dbdf8d89be1036b0eec9544e1094c9de390?s=96&d=mm&r=g","width":96,"height":96,"caption":"Cand\u00e1s 365"},"sameAs":["https:\/\/www.facebook.com\/carrenoactualidad","https:\/\/twitter.com\/nbasturias","https:\/\/www.instagram.com\/nachofdezber\/","https:\/\/www.youtube.com\/channel\/UCZP-2wLEB9Rv6erhFmqVnvg"]},{"@type":"WebPage","@id":"https:\/\/candas365.es\/noticias\/rtve-ha-comenzado-el-rodaje-de-la-otra-mirada\/#webpage","url":"https:\/\/candas365.es\/noticias\/rtve-ha-comenzado-el-rodaje-de-la-otra-mirada\/","name":"RTVE ha comenzado el rodaje de \u2018La otra mirada\u2019 | Cand\u00e1s 365","description":"RTVE ha comenzado el rodaje de 'La otra mirada', nueva serie producida en colaboraci\u00f3n con Boomerang TV. La grabaci\u00f3n se extender\u00e1 a lo largo de los pr\u00f3ximos meses en Madrid y Sevilla. La ficci\u00f3n, que se emitir\u00e1 en prime time, est\u00e1 ambientada en una academia para se\u00f1oritas en la Sevilla de los a\u00f1os 20 y","inLanguage":"es-ES","isPartOf":{"@id":"https:\/\/candas365.es\/noticias\/#website"},"breadcrumb":{"@id":"https:\/\/candas365.es\/noticias\/rtve-ha-comenzado-el-rodaje-de-la-otra-mirada\/#breadcrumblist"},"author":{"@id":"https:\/\/candas365.es\/noticias\/author\/admin\/#author"},"creator":{"@id":"https:\/\/candas365.es\/noticias\/author\/admin\/#author"},"image":{"@type":"ImageObject","url":"https:\/\/candas365.es\/noticias\/wp-content\/uploads\/2018\/02\/1517572215821.jpg","@id":"https:\/\/candas365.es\/noticias\/rtve-ha-comenzado-el-rodaje-de-la-otra-mirada\/#mainImage","width":800,"height":616},"primaryImageOfPage":{"@id":"https:\/\/candas365.es\/noticias\/rtve-ha-comenzado-el-rodaje-de-la-otra-mirada\/#mainImage"},"datePublished":"2018-02-10T10:30:26+01:00","dateModified":"2018-02-10T10:30:26+01:00"},{"@type":"WebSite","@id":"https:\/\/candas365.es\/noticias\/#website","url":"https:\/\/candas365.es\/noticias\/","name":"Cand\u00e1s 365","alternateName":"Cand\u00e1s 365 Noticias","description":"Actualidad desde Carre\u00f1o para el mundo","inLanguage":"es-ES","publisher":{"@id":"https:\/\/candas365.es\/noticias\/#organization"}}]},"og:locale":"es_ES","og:site_name":"Cand\u00e1s 365","og:type":"article","og:title":"RTVE ha comenzado el rodaje de \u2018La otra mirada\u2019 | Cand\u00e1s 365","og:description":"RTVE ha comenzado el rodaje de 'La otra mirada', nueva serie producida en colaboraci\u00f3n con Boomerang TV. La grabaci\u00f3n se extender\u00e1 a lo largo de los pr\u00f3ximos meses en Madrid y Sevilla. La ficci\u00f3n, que se emitir\u00e1 en prime time, est\u00e1 ambientada en una academia para se\u00f1oritas en la Sevilla de los a\u00f1os 20 y","og:url":"https:\/\/candas365.es\/noticias\/rtve-ha-comenzado-el-rodaje-de-la-otra-mirada\/","og:image":"https:\/\/candas365.es\/noticias\/wp-content\/uploads\/2018\/02\/1517572215821.jpg","og:image:secure_url":"https:\/\/candas365.es\/noticias\/wp-content\/uploads\/2018\/02\/1517572215821.jpg","og:image:width":800,"og:image:height":616,"article:published_time":"2018-02-10T10:30:26+00:00","article:modified_time":"2018-02-10T10:30:26+00:00","article:publisher":"https:\/\/www.facebook.com\/Nachofdezber","article:author":"https:\/\/www.facebook.com\/carrenoactualidad","twitter:card":"summary_large_image","twitter:site":"@NabercoDigital","twitter:title":"RTVE ha comenzado el rodaje de \u2018La otra mirada\u2019 | Cand\u00e1s 365","twitter:description":"RTVE ha comenzado el rodaje de 'La otra mirada', nueva serie producida en colaboraci\u00f3n con Boomerang TV. La grabaci\u00f3n se extender\u00e1 a lo largo de los pr\u00f3ximos meses en Madrid y Sevilla. La ficci\u00f3n, que se emitir\u00e1 en prime time, est\u00e1 ambientada en una academia para se\u00f1oritas en la Sevilla de los a\u00f1os 20 y","twitter:creator":"@nbasturias","twitter:image":"https:\/\/candas365.es\/noticias\/wp-content\/uploads\/2018\/02\/1517572215821.jpg","twitter:label1":"Escrito por","twitter:data1":"Cand\u00e1s 365","twitter:label2":"Tiempo de lectura estimado","twitter:data2":"2 minutos"},"aioseo_meta_data":{"post_id":"89499","title":null,"description":null,"keywords":null,"keyphrases":null,"primary_term":null,"canonical_url":null,"og_title":null,"og_description":null,"og_object_type":"default","og_image_type":"default","og_image_url":null,"og_image_width":null,"og_image_height":null,"og_image_custom_url":null,"og_image_custom_fields":null,"og_video":null,"og_custom_url":null,"og_article_section":null,"og_article_tags":null,"twitter_use_og":false,"twitter_card":"default","twitter_image_type":"default","twitter_image_url":null,"twitter_image_custom_url":null,"twitter_image_custom_fields":null,"twitter_title":null,"twitter_description":null,"schema":{"blockGraphs":[],"customGraphs":[],"default":{"data":{"Article":[],"Course":[],"Dataset":[],"FAQPage":[],"Movie":[],"Person":[],"Product":[],"ProductReview":[],"Car":[],"Recipe":[],"Service":[],"SoftwareApplication":[],"WebPage":[]},"graphName":"","isEnabled":true},"graphs":[],"defaultGraph":"","defaultPostTypeGraph":""},"schema_type":null,"schema_type_options":null,"pillar_content":false,"robots_default":true,"robots_noindex":false,"robots_noarchive":false,"robots_nosnippet":false,"robots_nofollow":false,"robots_noimageindex":false,"robots_noodp":false,"robots_notranslate":false,"robots_max_snippet":null,"robots_max_videopreview":null,"robots_max_imagepreview":"large","priority":null,"frequency":null,"location":null,"local_seo":null,"seo_analyzer_scan_date":"2025-08-26 12:11:10","breadcrumb_settings":null,"limit_modified_date":false,"reviewed_by":null,"open_ai":null,"ai":null,"created":"2020-12-21 11:59:00","updated":"2025-08-26 12:11:10"},"aioseo_breadcrumb":"<div class=\"aioseo-breadcrumbs\"><span class=\"aioseo-breadcrumb\">\n\t<a href=\"https:\/\/candas365.es\/noticias\" title=\"Home\">Home<\/a>\n<\/span><span class=\"aioseo-breadcrumb-separator\">&ndash;<\/span><span class=\"aioseo-breadcrumb\">\n\t<a href=\"https:\/\/candas365.es\/noticias\/category\/agenda\/\" title=\"Agenda\">Agenda<\/a>\n<\/span><span class=\"aioseo-breadcrumb-separator\">&ndash;<\/span><span class=\"aioseo-breadcrumb\">\n\tRTVE ha comenzado el rodaje de \u2018La otra mirada\u2019\n<\/span><\/div>","aioseo_breadcrumb_json":[{"label":"Home","link":"https:\/\/candas365.es\/noticias"},{"label":"Agenda","link":"https:\/\/candas365.es\/noticias\/category\/agenda\/"},{"label":"RTVE ha comenzado el rodaje de &#8216;La otra mirada&#8217;","link":"https:\/\/candas365.es\/noticias\/rtve-ha-comenzado-el-rodaje-de-la-otra-mirada\/"}],"_links":{"self":[{"href":"https:\/\/candas365.es\/noticias\/wp-json\/wp\/v2\/posts\/89499","targetHints":{"allow":["GET"]}}],"collection":[{"href":"https:\/\/candas365.es\/noticias\/wp-json\/wp\/v2\/posts"}],"about":[{"href":"https:\/\/candas365.es\/noticias\/wp-json\/wp\/v2\/types\/post"}],"author":[{"embeddable":true,"href":"https:\/\/candas365.es\/noticias\/wp-json\/wp\/v2\/users\/1"}],"replies":[{"embeddable":true,"href":"https:\/\/candas365.es\/noticias\/wp-json\/wp\/v2\/comments?post=89499"}],"version-history":[{"count":0,"href":"https:\/\/candas365.es\/noticias\/wp-json\/wp\/v2\/posts\/89499\/revisions"}],"wp:featuredmedia":[{"embeddable":true,"href":"https:\/\/candas365.es\/noticias\/wp-json\/wp\/v2\/media\/89500"}],"wp:attachment":[{"href":"https:\/\/candas365.es\/noticias\/wp-json\/wp\/v2\/media?parent=89499"}],"wp:term":[{"taxonomy":"category","embeddable":true,"href":"https:\/\/candas365.es\/noticias\/wp-json\/wp\/v2\/categories?post=89499"},{"taxonomy":"post_tag","embeddable":true,"href":"https:\/\/candas365.es\/noticias\/wp-json\/wp\/v2\/tags?post=89499"}],"curies":[{"name":"wp","href":"https:\/\/api.w.org\/{rel}","templated":true}]}}