{"id":89496,"date":"2018-02-10T10:12:56","date_gmt":"2018-02-10T10:12:56","guid":{"rendered":"http:\/\/candas365.es\/noticias\/?p=89496"},"modified":"2018-02-10T10:13:17","modified_gmt":"2018-02-10T10:13:17","slug":"que-animal-pone-rumbo-al-parque-natural-de-arribes-del-duero","status":"publish","type":"post","link":"https:\/\/candas365.es\/noticias\/que-animal-pone-rumbo-al-parque-natural-de-arribes-del-duero\/","title":{"rendered":"\u201c\u00a1Qu\u00e9 animal!\u201d pone rumbo al Parque Natural de Arribes del Duero"},"content":{"rendered":"<p><img fetchpriority=\"high\" decoding=\"async\" class=\"alignleft size-medium wp-image-89497\" src=\"https:\/\/candas365.es\/noticias\/wp-content\/uploads\/2018\/02\/tele1021801-360x270.jpg\" alt=\"\" width=\"360\" height=\"270\" srcset=\"https:\/\/candas365.es\/noticias\/wp-content\/uploads\/2018\/02\/tele1021801-360x270.jpg 360w, https:\/\/candas365.es\/noticias\/wp-content\/uploads\/2018\/02\/tele1021801-80x60.jpg 80w, https:\/\/candas365.es\/noticias\/wp-content\/uploads\/2018\/02\/tele1021801-265x198.jpg 265w, https:\/\/candas365.es\/noticias\/wp-content\/uploads\/2018\/02\/tele1021801-696x522.jpg 696w, https:\/\/candas365.es\/noticias\/wp-content\/uploads\/2018\/02\/tele1021801-1068x801.jpg 1068w, https:\/\/candas365.es\/noticias\/wp-content\/uploads\/2018\/02\/tele1021801-560x420.jpg 560w, https:\/\/candas365.es\/noticias\/wp-content\/uploads\/2018\/02\/tele1021801-768x576.jpg 768w, https:\/\/candas365.es\/noticias\/wp-content\/uploads\/2018\/02\/tele1021801-640x480.jpg 640w, https:\/\/candas365.es\/noticias\/wp-content\/uploads\/2018\/02\/tele1021801-90x67.jpg 90w, https:\/\/candas365.es\/noticias\/wp-content\/uploads\/2018\/02\/tele1021801.jpg 1180w\" sizes=\"(max-width: 360px) 100vw, 360px\" \/>\u2018\u00a1Qu\u00e9 animal!\u2019, la serie documental de divulgaci\u00f3n cient\u00edfica de La 2, dirigida por Judith Fern\u00e1ndez y presentada por la bi\u00f3loga Evelyn Segura, sigue su recorrido por los diferentes h\u00e1bitats de la geograf\u00eda espa\u00f1ola. Esta semana, explora el Parque Natural de Arribes del Duero, situado entre las provincias de Zamora y Salamanca, y en el que se han catalogado 200 especies de aves.<\/p>\n<p>Los Arribes del Duero es un espacio protegido, para\u00edso de las aves. Recibe el nombre de \u2018Los arribes\u2019 o \u2018Las arribes\u2019 porque con esa denominaci\u00f3n se conocen los profundos y escarpados ca\u00f1ones de la zona, que pueden llegar hasta los 400 metros de desnivel.<\/p>\n<p>En esta nueva entrega, Evelyn Segura explicar\u00e1 por qu\u00e9 el macho de mantis religiosa se deja comer por su pareja; qu\u00e9 ave cubre sus huevos con bacterias para protegerlos; o el animal que esconde el secreto de la regeneraci\u00f3n de tejidos humanos.<\/p>\n<p>En la secci\u00f3n \u2018El experimento\u2019 los espectadores podr\u00e1n comprobar c\u00f3mo un ave es capaz de ver a un pez desde el aire, cuando va volando.<\/p>\n<p>La invitada de esta semana es la bailarina Sol Pic\u00f3, Premio Nacional de Danza en 2016 y que cuenta con numerosos Premios Max en su haber, tras m\u00e1s de 20 a\u00f1os sobre el escenario con su compa\u00f1\u00eda de baile. Desvelar\u00e1 c\u00f3mo en algunas de sus coreograf\u00edas, los insectos le han servido de fuente de inspiraci\u00f3n.<\/p>\n","protected":false},"excerpt":{"rendered":"<p>\u2018\u00a1Qu\u00e9 animal!\u2019, la serie documental de divulgaci\u00f3n cient\u00edfica de La 2, dirigida por Judith Fern\u00e1ndez y presentada por la bi\u00f3loga Evelyn Segura, sigue su recorrido por los diferentes h\u00e1bitats de la geograf\u00eda espa\u00f1ola. Esta semana, explora el Parque Natural de Arribes del Duero, situado entre las provincias de Zamora y Salamanca, y en el que<\/p>\n","protected":false},"author":1,"featured_media":89497,"comment_status":"closed","ping_status":"closed","sticky":false,"template":"","format":"standard","meta":{"footnotes":""},"categories":[1],"tags":[],"class_list":{"0":"post-89496","1":"post","2":"type-post","3":"status-publish","4":"format-standard","5":"has-post-thumbnail","7":"category-agenda"},"aioseo_notices":[],"aioseo_head":"\n\t\t<!-- All in One SEO Pro 4.9.6.2 - aioseo.com -->\n\t<meta name=\"description\" content=\"\u2018\u00a1Qu\u00e9 animal!\u2019, la serie documental de divulgaci\u00f3n cient\u00edfica de La 2, dirigida por Judith Fern\u00e1ndez y presentada por la bi\u00f3loga Evelyn Segura, sigue su recorrido por los diferentes h\u00e1bitats de la geograf\u00eda espa\u00f1ola. Esta semana, explora el Parque Natural de Arribes del Duero, situado entre las provincias de Zamora y Salamanca, y en el que\" \/>\n\t<meta name=\"robots\" content=\"max-image-preview:large\" \/>\n\t<meta name=\"author\" content=\"Cand\u00e1s 365\"\/>\n\t<meta name=\"google-site-verification\" content=\"UA-32230408-1\" \/>\n\t<meta name=\"msvalidate.01\" content=\"354F3CDFB2DA171B47FBE9ABF1F88D5\" \/>\n\t<meta name=\"keywords\" content=\"agenda\" \/>\n\t<link rel=\"canonical\" href=\"https:\/\/candas365.es\/noticias\/que-animal-pone-rumbo-al-parque-natural-de-arribes-del-duero\/\" \/>\n\t<meta name=\"generator\" content=\"All in One SEO Pro (AIOSEO) 4.9.6.2\" \/>\n\t\t<meta property=\"og:locale\" content=\"es_ES\" \/>\n\t\t<meta property=\"og:site_name\" content=\"Cand\u00e1s 365\" \/>\n\t\t<meta property=\"og:type\" content=\"article\" \/>\n\t\t<meta property=\"og:title\" content=\"\u201c\u00a1Qu\u00e9 animal!\u201d pone rumbo al Parque Natural de Arribes del Duero | Cand\u00e1s 365\" \/>\n\t\t<meta property=\"og:description\" content=\"\u2018\u00a1Qu\u00e9 animal!\u2019, la serie documental de divulgaci\u00f3n cient\u00edfica de La 2, dirigida por Judith Fern\u00e1ndez y presentada por la bi\u00f3loga Evelyn Segura, sigue su recorrido por los diferentes h\u00e1bitats de la geograf\u00eda espa\u00f1ola. Esta semana, explora el Parque Natural de Arribes del Duero, situado entre las provincias de Zamora y Salamanca, y en el que\" \/>\n\t\t<meta property=\"og:url\" content=\"https:\/\/candas365.es\/noticias\/que-animal-pone-rumbo-al-parque-natural-de-arribes-del-duero\/\" \/>\n\t\t<meta property=\"og:image\" content=\"https:\/\/candas365.es\/noticias\/wp-content\/uploads\/2018\/02\/tele1021801.jpg\" \/>\n\t\t<meta property=\"og:image:secure_url\" content=\"https:\/\/candas365.es\/noticias\/wp-content\/uploads\/2018\/02\/tele1021801.jpg\" \/>\n\t\t<meta property=\"og:image:width\" content=\"1180\" \/>\n\t\t<meta property=\"og:image:height\" content=\"885\" \/>\n\t\t<meta property=\"article:published_time\" content=\"2018-02-10T10:12:56+00:00\" \/>\n\t\t<meta property=\"article:modified_time\" content=\"2018-02-10T10:13:17+00:00\" \/>\n\t\t<meta property=\"article:publisher\" content=\"https:\/\/www.facebook.com\/Nachofdezber\" \/>\n\t\t<meta property=\"article:author\" content=\"https:\/\/www.facebook.com\/carrenoactualidad\" \/>\n\t\t<meta name=\"twitter:card\" content=\"summary_large_image\" \/>\n\t\t<meta name=\"twitter:site\" content=\"@NabercoDigital\" \/>\n\t\t<meta name=\"twitter:title\" content=\"\u201c\u00a1Qu\u00e9 animal!\u201d pone rumbo al Parque Natural de Arribes del Duero | Cand\u00e1s 365\" \/>\n\t\t<meta name=\"twitter:description\" content=\"\u2018\u00a1Qu\u00e9 animal!\u2019, la serie documental de divulgaci\u00f3n cient\u00edfica de La 2, dirigida por Judith Fern\u00e1ndez y presentada por la bi\u00f3loga Evelyn Segura, sigue su recorrido por los diferentes h\u00e1bitats de la geograf\u00eda espa\u00f1ola. Esta semana, explora el Parque Natural de Arribes del Duero, situado entre las provincias de Zamora y Salamanca, y en el que\" \/>\n\t\t<meta name=\"twitter:creator\" content=\"@nbasturias\" \/>\n\t\t<meta name=\"twitter:image\" content=\"https:\/\/candas365.es\/noticias\/wp-content\/uploads\/2018\/02\/tele1021801.jpg\" \/>\n\t\t<meta name=\"twitter:label1\" content=\"Escrito por\" \/>\n\t\t<meta name=\"twitter:data1\" content=\"Cand\u00e1s 365\" \/>\n\t\t<meta name=\"twitter:label2\" content=\"Tiempo de lectura estimado\" \/>\n\t\t<meta name=\"twitter:data2\" content=\"1 minuto\" \/>\n\t\t<script type=\"application\/ld+json\" class=\"aioseo-schema\">\n\t\t\t{\"@context\":\"https:\\\/\\\/schema.org\",\"@graph\":[{\"@type\":\"BreadcrumbList\",\"@id\":\"https:\\\/\\\/candas365.es\\\/noticias\\\/que-animal-pone-rumbo-al-parque-natural-de-arribes-del-duero\\\/#breadcrumblist\",\"itemListElement\":[{\"@type\":\"ListItem\",\"@id\":\"https:\\\/\\\/candas365.es\\\/noticias#listItem\",\"position\":1,\"name\":\"Home\",\"item\":\"https:\\\/\\\/candas365.es\\\/noticias\",\"nextItem\":{\"@type\":\"ListItem\",\"@id\":\"https:\\\/\\\/candas365.es\\\/noticias\\\/category\\\/agenda\\\/#listItem\",\"name\":\"Agenda\"}},{\"@type\":\"ListItem\",\"@id\":\"https:\\\/\\\/candas365.es\\\/noticias\\\/category\\\/agenda\\\/#listItem\",\"position\":2,\"name\":\"Agenda\",\"item\":\"https:\\\/\\\/candas365.es\\\/noticias\\\/category\\\/agenda\\\/\",\"nextItem\":{\"@type\":\"ListItem\",\"@id\":\"https:\\\/\\\/candas365.es\\\/noticias\\\/que-animal-pone-rumbo-al-parque-natural-de-arribes-del-duero\\\/#listItem\",\"name\":\"\\u201c\\u00a1Qu\\u00e9 animal!\\u201d pone rumbo al Parque Natural de Arribes del Duero\"},\"previousItem\":{\"@type\":\"ListItem\",\"@id\":\"https:\\\/\\\/candas365.es\\\/noticias#listItem\",\"name\":\"Home\"}},{\"@type\":\"ListItem\",\"@id\":\"https:\\\/\\\/candas365.es\\\/noticias\\\/que-animal-pone-rumbo-al-parque-natural-de-arribes-del-duero\\\/#listItem\",\"position\":3,\"name\":\"\\u201c\\u00a1Qu\\u00e9 animal!\\u201d pone rumbo al Parque Natural de Arribes del Duero\",\"previousItem\":{\"@type\":\"ListItem\",\"@id\":\"https:\\\/\\\/candas365.es\\\/noticias\\\/category\\\/agenda\\\/#listItem\",\"name\":\"Agenda\"}}]},{\"@type\":\"NewsArticle\",\"@id\":\"https:\\\/\\\/candas365.es\\\/noticias\\\/que-animal-pone-rumbo-al-parque-natural-de-arribes-del-duero\\\/#newsarticle\",\"name\":\"\\u201c\\u00a1Qu\\u00e9 animal!\\u201d pone rumbo al Parque Natural de Arribes del Duero | Cand\\u00e1s 365\",\"headline\":\"\\u201c\\u00a1Qu\\u00e9 animal!\\u201d pone rumbo al Parque Natural de Arribes del Duero\",\"author\":{\"@id\":\"https:\\\/\\\/candas365.es\\\/noticias\\\/author\\\/admin\\\/#author\"},\"publisher\":{\"@id\":\"https:\\\/\\\/candas365.es\\\/noticias\\\/#organization\"},\"image\":{\"@type\":\"ImageObject\",\"url\":\"https:\\\/\\\/candas365.es\\\/noticias\\\/wp-content\\\/uploads\\\/2018\\\/02\\\/tele1021801.jpg\",\"width\":1180,\"height\":885},\"datePublished\":\"2018-02-10T10:12:56+01:00\",\"dateModified\":\"2018-02-10T10:13:17+01:00\",\"inLanguage\":\"es-ES\",\"mainEntityOfPage\":{\"@id\":\"https:\\\/\\\/candas365.es\\\/noticias\\\/que-animal-pone-rumbo-al-parque-natural-de-arribes-del-duero\\\/#webpage\"},\"isPartOf\":{\"@id\":\"https:\\\/\\\/candas365.es\\\/noticias\\\/que-animal-pone-rumbo-al-parque-natural-de-arribes-del-duero\\\/#webpage\"},\"articleSection\":\"Agenda\",\"dateline\":\"Publicado el febrero 10, 2018.\"},{\"@type\":\"Organization\",\"@id\":\"https:\\\/\\\/candas365.es\\\/noticias\\\/#organization\",\"name\":\"Cand\\u00e1s 365\",\"description\":\"Cand\\u00e1s 365 es un diario digital independiente, fundado en 2012, con base en Asturias. Informamos con rigor sobre actualidad, sociedad, cultura y ocio, con una mirada local y global.\",\"url\":\"https:\\\/\\\/candas365.es\\\/noticias\\\/\",\"email\":\"info@candas365.es\",\"telephone\":\"+34652131393\",\"foundingDate\":\"2012-06-10\",\"logo\":{\"@type\":\"ImageObject\",\"url\":\"https:\\\/\\\/candas365.es\\\/noticias\\\/wp-content\\\/uploads\\\/2024\\\/09\\\/Candas-365-Redes.jpg\",\"@id\":\"https:\\\/\\\/candas365.es\\\/noticias\\\/que-animal-pone-rumbo-al-parque-natural-de-arribes-del-duero\\\/#organizationLogo\",\"width\":1152,\"height\":864,\"caption\":\"Cand\\u00e1s 365 Redes\"},\"image\":{\"@id\":\"https:\\\/\\\/candas365.es\\\/noticias\\\/que-animal-pone-rumbo-al-parque-natural-de-arribes-del-duero\\\/#organizationLogo\"},\"sameAs\":[\"https:\\\/\\\/www.facebook.com\\\/Nachofdezber\",\"https:\\\/\\\/x.com\\\/NabercoDigital\",\"https:\\\/\\\/www.instagram.com\\\/nachofdezber\\\/\",\"https:\\\/\\\/www.youtube.com\\\/channel\\\/UCZP-2wLEB9Rv6erhFmqVnvg\"],\"address\":{\"@id\":\"https:\\\/\\\/candas365.es\\\/noticias\\\/#postaladdress\",\"@type\":\"PostalAddress\",\"streetAddress\":\"san antonio 4, san antonio 4\",\"postalCode\":\"33430\",\"addressLocality\":\"Cand\\u00e1s\",\"addressRegion\":\"Asturias\",\"addressCountry\":\"ES\"}},{\"@type\":\"Person\",\"@id\":\"https:\\\/\\\/candas365.es\\\/noticias\\\/author\\\/admin\\\/#author\",\"url\":\"https:\\\/\\\/candas365.es\\\/noticias\\\/author\\\/admin\\\/\",\"name\":\"Cand\\u00e1s 365\",\"image\":{\"@type\":\"ImageObject\",\"@id\":\"https:\\\/\\\/candas365.es\\\/noticias\\\/que-animal-pone-rumbo-al-parque-natural-de-arribes-del-duero\\\/#authorImage\",\"url\":\"https:\\\/\\\/secure.gravatar.com\\\/avatar\\\/496a8e03d0c493ede1718b7934145dbdf8d89be1036b0eec9544e1094c9de390?s=96&d=mm&r=g\",\"width\":96,\"height\":96,\"caption\":\"Cand\\u00e1s 365\"},\"sameAs\":[\"https:\\\/\\\/www.facebook.com\\\/carrenoactualidad\",\"https:\\\/\\\/twitter.com\\\/nbasturias\",\"https:\\\/\\\/www.instagram.com\\\/nachofdezber\\\/\",\"https:\\\/\\\/www.youtube.com\\\/channel\\\/UCZP-2wLEB9Rv6erhFmqVnvg\"]},{\"@type\":\"WebPage\",\"@id\":\"https:\\\/\\\/candas365.es\\\/noticias\\\/que-animal-pone-rumbo-al-parque-natural-de-arribes-del-duero\\\/#webpage\",\"url\":\"https:\\\/\\\/candas365.es\\\/noticias\\\/que-animal-pone-rumbo-al-parque-natural-de-arribes-del-duero\\\/\",\"name\":\"\\u201c\\u00a1Qu\\u00e9 animal!\\u201d pone rumbo al Parque Natural de Arribes del Duero | Cand\\u00e1s 365\",\"description\":\"\\u2018\\u00a1Qu\\u00e9 animal!\\u2019, la serie documental de divulgaci\\u00f3n cient\\u00edfica de La 2, dirigida por Judith Fern\\u00e1ndez y presentada por la bi\\u00f3loga Evelyn Segura, sigue su recorrido por los diferentes h\\u00e1bitats de la geograf\\u00eda espa\\u00f1ola. Esta semana, explora el Parque Natural de Arribes del Duero, situado entre las provincias de Zamora y Salamanca, y en el que\",\"inLanguage\":\"es-ES\",\"isPartOf\":{\"@id\":\"https:\\\/\\\/candas365.es\\\/noticias\\\/#website\"},\"breadcrumb\":{\"@id\":\"https:\\\/\\\/candas365.es\\\/noticias\\\/que-animal-pone-rumbo-al-parque-natural-de-arribes-del-duero\\\/#breadcrumblist\"},\"author\":{\"@id\":\"https:\\\/\\\/candas365.es\\\/noticias\\\/author\\\/admin\\\/#author\"},\"creator\":{\"@id\":\"https:\\\/\\\/candas365.es\\\/noticias\\\/author\\\/admin\\\/#author\"},\"image\":{\"@type\":\"ImageObject\",\"url\":\"https:\\\/\\\/candas365.es\\\/noticias\\\/wp-content\\\/uploads\\\/2018\\\/02\\\/tele1021801.jpg\",\"@id\":\"https:\\\/\\\/candas365.es\\\/noticias\\\/que-animal-pone-rumbo-al-parque-natural-de-arribes-del-duero\\\/#mainImage\",\"width\":1180,\"height\":885},\"primaryImageOfPage\":{\"@id\":\"https:\\\/\\\/candas365.es\\\/noticias\\\/que-animal-pone-rumbo-al-parque-natural-de-arribes-del-duero\\\/#mainImage\"},\"datePublished\":\"2018-02-10T10:12:56+01:00\",\"dateModified\":\"2018-02-10T10:13:17+01:00\"},{\"@type\":\"WebSite\",\"@id\":\"https:\\\/\\\/candas365.es\\\/noticias\\\/#website\",\"url\":\"https:\\\/\\\/candas365.es\\\/noticias\\\/\",\"name\":\"Cand\\u00e1s 365\",\"alternateName\":\"Cand\\u00e1s 365 Noticias\",\"description\":\"Actualidad desde Carre\\u00f1o para el mundo\",\"inLanguage\":\"es-ES\",\"publisher\":{\"@id\":\"https:\\\/\\\/candas365.es\\\/noticias\\\/#organization\"}}]}\n\t\t<\/script>\n\t\t<!-- All in One SEO Pro -->\r\n\t\t<title>\u201c\u00a1Qu\u00e9 animal!\u201d pone rumbo al Parque Natural de Arribes del Duero | Cand\u00e1s 365<\/title>\n\n","aioseo_head_json":{"title":"\u201c\u00a1Qu\u00e9 animal!\u201d pone rumbo al Parque Natural de Arribes del Duero | Cand\u00e1s 365","description":"\u2018\u00a1Qu\u00e9 animal!\u2019, la serie documental de divulgaci\u00f3n cient\u00edfica de La 2, dirigida por Judith Fern\u00e1ndez y presentada por la bi\u00f3loga Evelyn Segura, sigue su recorrido por los diferentes h\u00e1bitats de la geograf\u00eda espa\u00f1ola. Esta semana, explora el Parque Natural de Arribes del Duero, situado entre las provincias de Zamora y Salamanca, y en el que","canonical_url":"https:\/\/candas365.es\/noticias\/que-animal-pone-rumbo-al-parque-natural-de-arribes-del-duero\/","robots":"max-image-preview:large","keywords":"agenda","webmasterTools":{"google-site-verification":"UA-32230408-1","msvalidate.01":"354F3CDFB2DA171B47FBE9ABF1F88D5","miscellaneous":""},"schema":{"@context":"https:\/\/schema.org","@graph":[{"@type":"BreadcrumbList","@id":"https:\/\/candas365.es\/noticias\/que-animal-pone-rumbo-al-parque-natural-de-arribes-del-duero\/#breadcrumblist","itemListElement":[{"@type":"ListItem","@id":"https:\/\/candas365.es\/noticias#listItem","position":1,"name":"Home","item":"https:\/\/candas365.es\/noticias","nextItem":{"@type":"ListItem","@id":"https:\/\/candas365.es\/noticias\/category\/agenda\/#listItem","name":"Agenda"}},{"@type":"ListItem","@id":"https:\/\/candas365.es\/noticias\/category\/agenda\/#listItem","position":2,"name":"Agenda","item":"https:\/\/candas365.es\/noticias\/category\/agenda\/","nextItem":{"@type":"ListItem","@id":"https:\/\/candas365.es\/noticias\/que-animal-pone-rumbo-al-parque-natural-de-arribes-del-duero\/#listItem","name":"\u201c\u00a1Qu\u00e9 animal!\u201d pone rumbo al Parque Natural de Arribes del Duero"},"previousItem":{"@type":"ListItem","@id":"https:\/\/candas365.es\/noticias#listItem","name":"Home"}},{"@type":"ListItem","@id":"https:\/\/candas365.es\/noticias\/que-animal-pone-rumbo-al-parque-natural-de-arribes-del-duero\/#listItem","position":3,"name":"\u201c\u00a1Qu\u00e9 animal!\u201d pone rumbo al Parque Natural de Arribes del Duero","previousItem":{"@type":"ListItem","@id":"https:\/\/candas365.es\/noticias\/category\/agenda\/#listItem","name":"Agenda"}}]},{"@type":"NewsArticle","@id":"https:\/\/candas365.es\/noticias\/que-animal-pone-rumbo-al-parque-natural-de-arribes-del-duero\/#newsarticle","name":"\u201c\u00a1Qu\u00e9 animal!\u201d pone rumbo al Parque Natural de Arribes del Duero | Cand\u00e1s 365","headline":"\u201c\u00a1Qu\u00e9 animal!\u201d pone rumbo al Parque Natural de Arribes del Duero","author":{"@id":"https:\/\/candas365.es\/noticias\/author\/admin\/#author"},"publisher":{"@id":"https:\/\/candas365.es\/noticias\/#organization"},"image":{"@type":"ImageObject","url":"https:\/\/candas365.es\/noticias\/wp-content\/uploads\/2018\/02\/tele1021801.jpg","width":1180,"height":885},"datePublished":"2018-02-10T10:12:56+01:00","dateModified":"2018-02-10T10:13:17+01:00","inLanguage":"es-ES","mainEntityOfPage":{"@id":"https:\/\/candas365.es\/noticias\/que-animal-pone-rumbo-al-parque-natural-de-arribes-del-duero\/#webpage"},"isPartOf":{"@id":"https:\/\/candas365.es\/noticias\/que-animal-pone-rumbo-al-parque-natural-de-arribes-del-duero\/#webpage"},"articleSection":"Agenda","dateline":"Publicado el febrero 10, 2018."},{"@type":"Organization","@id":"https:\/\/candas365.es\/noticias\/#organization","name":"Cand\u00e1s 365","description":"Cand\u00e1s 365 es un diario digital independiente, fundado en 2012, con base en Asturias. Informamos con rigor sobre actualidad, sociedad, cultura y ocio, con una mirada local y global.","url":"https:\/\/candas365.es\/noticias\/","email":"info@candas365.es","telephone":"+34652131393","foundingDate":"2012-06-10","logo":{"@type":"ImageObject","url":"https:\/\/candas365.es\/noticias\/wp-content\/uploads\/2024\/09\/Candas-365-Redes.jpg","@id":"https:\/\/candas365.es\/noticias\/que-animal-pone-rumbo-al-parque-natural-de-arribes-del-duero\/#organizationLogo","width":1152,"height":864,"caption":"Cand\u00e1s 365 Redes"},"image":{"@id":"https:\/\/candas365.es\/noticias\/que-animal-pone-rumbo-al-parque-natural-de-arribes-del-duero\/#organizationLogo"},"sameAs":["https:\/\/www.facebook.com\/Nachofdezber","https:\/\/x.com\/NabercoDigital","https:\/\/www.instagram.com\/nachofdezber\/","https:\/\/www.youtube.com\/channel\/UCZP-2wLEB9Rv6erhFmqVnvg"],"address":{"@id":"https:\/\/candas365.es\/noticias\/#postaladdress","@type":"PostalAddress","streetAddress":"san antonio 4, san antonio 4","postalCode":"33430","addressLocality":"Cand\u00e1s","addressRegion":"Asturias","addressCountry":"ES"}},{"@type":"Person","@id":"https:\/\/candas365.es\/noticias\/author\/admin\/#author","url":"https:\/\/candas365.es\/noticias\/author\/admin\/","name":"Cand\u00e1s 365","image":{"@type":"ImageObject","@id":"https:\/\/candas365.es\/noticias\/que-animal-pone-rumbo-al-parque-natural-de-arribes-del-duero\/#authorImage","url":"https:\/\/secure.gravatar.com\/avatar\/496a8e03d0c493ede1718b7934145dbdf8d89be1036b0eec9544e1094c9de390?s=96&d=mm&r=g","width":96,"height":96,"caption":"Cand\u00e1s 365"},"sameAs":["https:\/\/www.facebook.com\/carrenoactualidad","https:\/\/twitter.com\/nbasturias","https:\/\/www.instagram.com\/nachofdezber\/","https:\/\/www.youtube.com\/channel\/UCZP-2wLEB9Rv6erhFmqVnvg"]},{"@type":"WebPage","@id":"https:\/\/candas365.es\/noticias\/que-animal-pone-rumbo-al-parque-natural-de-arribes-del-duero\/#webpage","url":"https:\/\/candas365.es\/noticias\/que-animal-pone-rumbo-al-parque-natural-de-arribes-del-duero\/","name":"\u201c\u00a1Qu\u00e9 animal!\u201d pone rumbo al Parque Natural de Arribes del Duero | Cand\u00e1s 365","description":"\u2018\u00a1Qu\u00e9 animal!\u2019, la serie documental de divulgaci\u00f3n cient\u00edfica de La 2, dirigida por Judith Fern\u00e1ndez y presentada por la bi\u00f3loga Evelyn Segura, sigue su recorrido por los diferentes h\u00e1bitats de la geograf\u00eda espa\u00f1ola. Esta semana, explora el Parque Natural de Arribes del Duero, situado entre las provincias de Zamora y Salamanca, y en el que","inLanguage":"es-ES","isPartOf":{"@id":"https:\/\/candas365.es\/noticias\/#website"},"breadcrumb":{"@id":"https:\/\/candas365.es\/noticias\/que-animal-pone-rumbo-al-parque-natural-de-arribes-del-duero\/#breadcrumblist"},"author":{"@id":"https:\/\/candas365.es\/noticias\/author\/admin\/#author"},"creator":{"@id":"https:\/\/candas365.es\/noticias\/author\/admin\/#author"},"image":{"@type":"ImageObject","url":"https:\/\/candas365.es\/noticias\/wp-content\/uploads\/2018\/02\/tele1021801.jpg","@id":"https:\/\/candas365.es\/noticias\/que-animal-pone-rumbo-al-parque-natural-de-arribes-del-duero\/#mainImage","width":1180,"height":885},"primaryImageOfPage":{"@id":"https:\/\/candas365.es\/noticias\/que-animal-pone-rumbo-al-parque-natural-de-arribes-del-duero\/#mainImage"},"datePublished":"2018-02-10T10:12:56+01:00","dateModified":"2018-02-10T10:13:17+01:00"},{"@type":"WebSite","@id":"https:\/\/candas365.es\/noticias\/#website","url":"https:\/\/candas365.es\/noticias\/","name":"Cand\u00e1s 365","alternateName":"Cand\u00e1s 365 Noticias","description":"Actualidad desde Carre\u00f1o para el mundo","inLanguage":"es-ES","publisher":{"@id":"https:\/\/candas365.es\/noticias\/#organization"}}]},"og:locale":"es_ES","og:site_name":"Cand\u00e1s 365","og:type":"article","og:title":"\u201c\u00a1Qu\u00e9 animal!\u201d pone rumbo al Parque Natural de Arribes del Duero | Cand\u00e1s 365","og:description":"\u2018\u00a1Qu\u00e9 animal!\u2019, la serie documental de divulgaci\u00f3n cient\u00edfica de La 2, dirigida por Judith Fern\u00e1ndez y presentada por la bi\u00f3loga Evelyn Segura, sigue su recorrido por los diferentes h\u00e1bitats de la geograf\u00eda espa\u00f1ola. Esta semana, explora el Parque Natural de Arribes del Duero, situado entre las provincias de Zamora y Salamanca, y en el que","og:url":"https:\/\/candas365.es\/noticias\/que-animal-pone-rumbo-al-parque-natural-de-arribes-del-duero\/","og:image":"https:\/\/candas365.es\/noticias\/wp-content\/uploads\/2018\/02\/tele1021801.jpg","og:image:secure_url":"https:\/\/candas365.es\/noticias\/wp-content\/uploads\/2018\/02\/tele1021801.jpg","og:image:width":1180,"og:image:height":885,"article:published_time":"2018-02-10T10:12:56+00:00","article:modified_time":"2018-02-10T10:13:17+00:00","article:publisher":"https:\/\/www.facebook.com\/Nachofdezber","article:author":"https:\/\/www.facebook.com\/carrenoactualidad","twitter:card":"summary_large_image","twitter:site":"@NabercoDigital","twitter:title":"\u201c\u00a1Qu\u00e9 animal!\u201d pone rumbo al Parque Natural de Arribes del Duero | Cand\u00e1s 365","twitter:description":"\u2018\u00a1Qu\u00e9 animal!\u2019, la serie documental de divulgaci\u00f3n cient\u00edfica de La 2, dirigida por Judith Fern\u00e1ndez y presentada por la bi\u00f3loga Evelyn Segura, sigue su recorrido por los diferentes h\u00e1bitats de la geograf\u00eda espa\u00f1ola. Esta semana, explora el Parque Natural de Arribes del Duero, situado entre las provincias de Zamora y Salamanca, y en el que","twitter:creator":"@nbasturias","twitter:image":"https:\/\/candas365.es\/noticias\/wp-content\/uploads\/2018\/02\/tele1021801.jpg","twitter:label1":"Escrito por","twitter:data1":"Cand\u00e1s 365","twitter:label2":"Tiempo de lectura estimado","twitter:data2":"1 minuto"},"aioseo_meta_data":{"post_id":"89496","title":null,"description":null,"keywords":null,"keyphrases":null,"primary_term":null,"canonical_url":null,"og_title":null,"og_description":null,"og_object_type":"default","og_image_type":"default","og_image_url":null,"og_image_width":null,"og_image_height":null,"og_image_custom_url":null,"og_image_custom_fields":null,"og_video":null,"og_custom_url":null,"og_article_section":null,"og_article_tags":null,"twitter_use_og":false,"twitter_card":"default","twitter_image_type":"default","twitter_image_url":null,"twitter_image_custom_url":null,"twitter_image_custom_fields":null,"twitter_title":null,"twitter_description":null,"schema":{"blockGraphs":[],"customGraphs":[],"default":{"data":{"Article":[],"Course":[],"Dataset":[],"FAQPage":[],"Movie":[],"Person":[],"Product":[],"ProductReview":[],"Car":[],"Recipe":[],"Service":[],"SoftwareApplication":[],"WebPage":[]},"graphName":"","isEnabled":true},"graphs":[]},"schema_type":null,"schema_type_options":null,"pillar_content":false,"robots_default":true,"robots_noindex":false,"robots_noarchive":false,"robots_nosnippet":false,"robots_nofollow":false,"robots_noimageindex":false,"robots_noodp":false,"robots_notranslate":false,"robots_max_snippet":null,"robots_max_videopreview":null,"robots_max_imagepreview":"large","priority":null,"frequency":null,"location":null,"local_seo":null,"seo_analyzer_scan_date":"2025-08-26 12:11:09","breadcrumb_settings":null,"limit_modified_date":false,"reviewed_by":null,"open_ai":null,"ai":null,"created":"2020-12-21 11:59:00","updated":"2025-08-26 12:11:09"},"aioseo_breadcrumb":"<div class=\"aioseo-breadcrumbs\"><span class=\"aioseo-breadcrumb\">\n\t<a href=\"https:\/\/candas365.es\/noticias\" title=\"Home\">Home<\/a>\n<\/span><span class=\"aioseo-breadcrumb-separator\">&ndash;<\/span><span class=\"aioseo-breadcrumb\">\n\t<a href=\"https:\/\/candas365.es\/noticias\/category\/agenda\/\" title=\"Agenda\">Agenda<\/a>\n<\/span><span class=\"aioseo-breadcrumb-separator\">&ndash;<\/span><span class=\"aioseo-breadcrumb\">\n\t\u201c\u00a1Qu\u00e9 animal!\u201d pone rumbo al Parque Natural de Arribes del Duero\n<\/span><\/div>","aioseo_breadcrumb_json":[{"label":"Home","link":"https:\/\/candas365.es\/noticias"},{"label":"Agenda","link":"https:\/\/candas365.es\/noticias\/category\/agenda\/"},{"label":"\u201c\u00a1Qu\u00e9 animal!\u201d pone rumbo al Parque Natural de Arribes del Duero","link":"https:\/\/candas365.es\/noticias\/que-animal-pone-rumbo-al-parque-natural-de-arribes-del-duero\/"}],"_links":{"self":[{"href":"https:\/\/candas365.es\/noticias\/wp-json\/wp\/v2\/posts\/89496","targetHints":{"allow":["GET"]}}],"collection":[{"href":"https:\/\/candas365.es\/noticias\/wp-json\/wp\/v2\/posts"}],"about":[{"href":"https:\/\/candas365.es\/noticias\/wp-json\/wp\/v2\/types\/post"}],"author":[{"embeddable":true,"href":"https:\/\/candas365.es\/noticias\/wp-json\/wp\/v2\/users\/1"}],"replies":[{"embeddable":true,"href":"https:\/\/candas365.es\/noticias\/wp-json\/wp\/v2\/comments?post=89496"}],"version-history":[{"count":0,"href":"https:\/\/candas365.es\/noticias\/wp-json\/wp\/v2\/posts\/89496\/revisions"}],"wp:featuredmedia":[{"embeddable":true,"href":"https:\/\/candas365.es\/noticias\/wp-json\/wp\/v2\/media\/89497"}],"wp:attachment":[{"href":"https:\/\/candas365.es\/noticias\/wp-json\/wp\/v2\/media?parent=89496"}],"wp:term":[{"taxonomy":"category","embeddable":true,"href":"https:\/\/candas365.es\/noticias\/wp-json\/wp\/v2\/categories?post=89496"},{"taxonomy":"post_tag","embeddable":true,"href":"https:\/\/candas365.es\/noticias\/wp-json\/wp\/v2\/tags?post=89496"}],"curies":[{"name":"wp","href":"https:\/\/api.w.org\/{rel}","templated":true}]}}