{"id":89103,"date":"2018-02-02T19:41:03","date_gmt":"2018-02-02T19:41:03","guid":{"rendered":"http:\/\/candas365.es\/noticias\/?p=89103"},"modified":"2018-02-02T19:41:03","modified_gmt":"2018-02-02T19:41:03","slug":"el-principado-activa-medidas-por-las-nevadas-en-asturias","status":"publish","type":"post","link":"https:\/\/candas365.es\/noticias\/el-principado-activa-medidas-por-las-nevadas-en-asturias\/","title":{"rendered":"El Principado activa medidas por las nevadas en Asturias"},"content":{"rendered":"<p><img fetchpriority=\"high\" decoding=\"async\" class=\"alignleft size-medium wp-image-5754\" src=\"https:\/\/candas365.es\/noticias\/wp-content\/uploads\/2014\/12\/nieve-360x238.jpg\" alt=\"\" width=\"360\" height=\"238\" srcset=\"https:\/\/candas365.es\/noticias\/wp-content\/uploads\/2014\/12\/nieve.jpg 360w, https:\/\/candas365.es\/noticias\/wp-content\/uploads\/2014\/12\/nieve-150x99.jpg 150w, https:\/\/candas365.es\/noticias\/wp-content\/uploads\/2014\/12\/nieve-84x55.jpg 84w\" sizes=\"(max-width: 360px) 100vw, 360px\" \/>La Consejer\u00eda de Infraestructuras, Ordenaci\u00f3n del Territorio y Medio Ambiente mantiene activo el Plan de Vialidad Invernal 2017-2018, un operativo integrado por 200 profesionales y cerca de 40 quitanieves que trabaja para garantizar una circulaci\u00f3n m\u00e1s segura en las carreteras de titularidad auton\u00f3mica en esta situaci\u00f3n de temporal, as\u00ed como para prevenir riesgos ante la existencia de hielo en la calzada.<\/p>\n<p>El operativo, dependiente de la Direcci\u00f3n General de Infraestructuras y Transportes, cuenta con siete m\u00e1quinas quitanieves din\u00e1micas (turbofresa); dos implementos con fresa sobre palas cargadoras, y 30 camiones con cu\u00f1a quitanieves. Asimismo, existen tres acopios de sal en los parques de Laviana, Cabrales, y Cangas del Narcea, y otros nueve en silos ubicados en Laviana, Aguasmestas (Somiedo), Las Ventas (Teverga), Tineo, Vegadeo, Cecos (Dega\u00f1a), Caba\u00f1aquinta (Aller), Arriondas (Parres)y Grandas de Salime, adem\u00e1s de una planta de salmuera en el parque de maquinaria de Oviedo. En cada campa\u00f1a se consumen de promedio unas 2.000 toneladas de sal.<\/p>\n<p>Al frente de estos medios materiales se encuentra una plantilla de 200 profesionales entre celadores, conductores y operarios pertenecientes a las brigadas de conservaci\u00f3n de carreteras. A efectos funcionales y de organizaci\u00f3n, la comunidad se ha dividido en nueve \u00e1reas coincidentes con las establecidas para la conservaci\u00f3n de carreteras. El celador de cada zona supervisa las labores de los equipos de vialidad invernal en sus respectivas \u00e1reas y todos se coordinan, a su vez, a trav\u00e9s del \u00e1rea de maquinaria de Oviedo.<\/p>\n<p>Tanto las quitanieves din\u00e1micas como los camiones de empuje est\u00e1n permanentemente comunicados con el parque de maquinaria de Oviedo y con el 112, lo que permite, por un lado, lograr la m\u00e1xima coordinaci\u00f3n de los medios disponibles y, por otro, disponer de un conocimiento m\u00e1s preciso de la red y de las posibles modificaciones en el estado de la misma, todo ello con el fin de ofrecer una respuesta inmediata ante cualquier eventualidad. La distribuci\u00f3n de los equipos y medios se realiza en funci\u00f3n de la previsi\u00f3n de nieve, as\u00ed como de la altitud y caracter\u00edsticas de las v\u00edas.<\/p>\n","protected":false},"excerpt":{"rendered":"<p>La Consejer\u00eda de Infraestructuras, Ordenaci\u00f3n del Territorio y Medio Ambiente mantiene activo el Plan de Vialidad Invernal 2017-2018, un operativo integrado por 200 profesionales y cerca de 40 quitanieves que trabaja para garantizar una circulaci\u00f3n m\u00e1s segura en las carreteras de titularidad auton\u00f3mica en esta situaci\u00f3n de temporal, as\u00ed como para prevenir riesgos ante la<\/p>\n","protected":false},"author":1,"featured_media":6669,"comment_status":"closed","ping_status":"closed","sticky":false,"template":"","format":"standard","meta":{"footnotes":""},"categories":[7,316],"tags":[],"class_list":{"0":"post-89103","1":"post","2":"type-post","3":"status-publish","4":"format-standard","5":"has-post-thumbnail","7":"category-asturias","8":"category-destacadas"},"aioseo_notices":[],"aioseo_head":"\n\t\t<!-- All in One SEO Pro 4.9.6.2 - aioseo.com -->\n\t<meta name=\"description\" content=\"La Consejer\u00eda de Infraestructuras, Ordenaci\u00f3n del Territorio y Medio Ambiente mantiene activo el Plan de Vialidad Invernal 2017-2018, un operativo integrado por 200 profesionales y cerca de 40 quitanieves que trabaja para garantizar una circulaci\u00f3n m\u00e1s segura en las carreteras de titularidad auton\u00f3mica en esta situaci\u00f3n de temporal, as\u00ed como para prevenir riesgos ante la\" \/>\n\t<meta name=\"robots\" content=\"max-image-preview:large\" \/>\n\t<meta name=\"author\" content=\"Cand\u00e1s 365\"\/>\n\t<meta name=\"google-site-verification\" content=\"UA-32230408-1\" \/>\n\t<meta name=\"msvalidate.01\" content=\"354F3CDFB2DA171B47FBE9ABF1F88D5\" \/>\n\t<meta name=\"keywords\" content=\"asturias,destacadas\" \/>\n\t<link rel=\"canonical\" href=\"https:\/\/candas365.es\/noticias\/el-principado-activa-medidas-por-las-nevadas-en-asturias\/\" \/>\n\t<meta name=\"generator\" content=\"All in One SEO Pro (AIOSEO) 4.9.6.2\" \/>\n\t\t<meta property=\"og:locale\" content=\"es_ES\" \/>\n\t\t<meta property=\"og:site_name\" content=\"Cand\u00e1s 365\" \/>\n\t\t<meta property=\"og:type\" content=\"article\" \/>\n\t\t<meta property=\"og:title\" content=\"El Principado activa medidas por las nevadas en Asturias | Cand\u00e1s 365\" \/>\n\t\t<meta property=\"og:description\" content=\"La Consejer\u00eda de Infraestructuras, Ordenaci\u00f3n del Territorio y Medio Ambiente mantiene activo el Plan de Vialidad Invernal 2017-2018, un operativo integrado por 200 profesionales y cerca de 40 quitanieves que trabaja para garantizar una circulaci\u00f3n m\u00e1s segura en las carreteras de titularidad auton\u00f3mica en esta situaci\u00f3n de temporal, as\u00ed como para prevenir riesgos ante la\" \/>\n\t\t<meta property=\"og:url\" content=\"https:\/\/candas365.es\/noticias\/el-principado-activa-medidas-por-las-nevadas-en-asturias\/\" \/>\n\t\t<meta property=\"og:image\" content=\"https:\/\/candas365.es\/noticias\/wp-content\/uploads\/2015\/02\/nieve1.jpg\" \/>\n\t\t<meta property=\"og:image:secure_url\" content=\"https:\/\/candas365.es\/noticias\/wp-content\/uploads\/2015\/02\/nieve1.jpg\" \/>\n\t\t<meta property=\"og:image:width\" content=\"700\" \/>\n\t\t<meta property=\"og:image:height\" content=\"820\" \/>\n\t\t<meta property=\"article:published_time\" content=\"2018-02-02T19:41:03+00:00\" \/>\n\t\t<meta property=\"article:modified_time\" content=\"2018-02-02T19:41:03+00:00\" \/>\n\t\t<meta property=\"article:publisher\" content=\"https:\/\/www.facebook.com\/Nachofdezber\" \/>\n\t\t<meta property=\"article:author\" content=\"https:\/\/www.facebook.com\/carrenoactualidad\" \/>\n\t\t<meta name=\"twitter:card\" content=\"summary_large_image\" \/>\n\t\t<meta name=\"twitter:site\" content=\"@NabercoDigital\" \/>\n\t\t<meta name=\"twitter:title\" content=\"El Principado activa medidas por las nevadas en Asturias | Cand\u00e1s 365\" \/>\n\t\t<meta name=\"twitter:description\" content=\"La Consejer\u00eda de Infraestructuras, Ordenaci\u00f3n del Territorio y Medio Ambiente mantiene activo el Plan de Vialidad Invernal 2017-2018, un operativo integrado por 200 profesionales y cerca de 40 quitanieves que trabaja para garantizar una circulaci\u00f3n m\u00e1s segura en las carreteras de titularidad auton\u00f3mica en esta situaci\u00f3n de temporal, as\u00ed como para prevenir riesgos ante la\" \/>\n\t\t<meta name=\"twitter:creator\" content=\"@nbasturias\" \/>\n\t\t<meta name=\"twitter:image\" content=\"https:\/\/candas365.es\/noticias\/wp-content\/uploads\/2015\/02\/nieve1.jpg\" \/>\n\t\t<meta name=\"twitter:label1\" content=\"Escrito por\" \/>\n\t\t<meta name=\"twitter:data1\" content=\"Cand\u00e1s 365\" \/>\n\t\t<meta name=\"twitter:label2\" content=\"Tiempo de lectura estimado\" \/>\n\t\t<meta name=\"twitter:data2\" content=\"2 minutos\" \/>\n\t\t<script type=\"application\/ld+json\" class=\"aioseo-schema\">\n\t\t\t{\"@context\":\"https:\\\/\\\/schema.org\",\"@graph\":[{\"@type\":\"BreadcrumbList\",\"@id\":\"https:\\\/\\\/candas365.es\\\/noticias\\\/el-principado-activa-medidas-por-las-nevadas-en-asturias\\\/#breadcrumblist\",\"itemListElement\":[{\"@type\":\"ListItem\",\"@id\":\"https:\\\/\\\/candas365.es\\\/noticias#listItem\",\"position\":1,\"name\":\"Home\",\"item\":\"https:\\\/\\\/candas365.es\\\/noticias\",\"nextItem\":{\"@type\":\"ListItem\",\"@id\":\"https:\\\/\\\/candas365.es\\\/noticias\\\/category\\\/asturias\\\/#listItem\",\"name\":\"Asturias\"}},{\"@type\":\"ListItem\",\"@id\":\"https:\\\/\\\/candas365.es\\\/noticias\\\/category\\\/asturias\\\/#listItem\",\"position\":2,\"name\":\"Asturias\",\"item\":\"https:\\\/\\\/candas365.es\\\/noticias\\\/category\\\/asturias\\\/\",\"nextItem\":{\"@type\":\"ListItem\",\"@id\":\"https:\\\/\\\/candas365.es\\\/noticias\\\/el-principado-activa-medidas-por-las-nevadas-en-asturias\\\/#listItem\",\"name\":\"El Principado activa medidas por las nevadas en Asturias\"},\"previousItem\":{\"@type\":\"ListItem\",\"@id\":\"https:\\\/\\\/candas365.es\\\/noticias#listItem\",\"name\":\"Home\"}},{\"@type\":\"ListItem\",\"@id\":\"https:\\\/\\\/candas365.es\\\/noticias\\\/el-principado-activa-medidas-por-las-nevadas-en-asturias\\\/#listItem\",\"position\":3,\"name\":\"El Principado activa medidas por las nevadas en Asturias\",\"previousItem\":{\"@type\":\"ListItem\",\"@id\":\"https:\\\/\\\/candas365.es\\\/noticias\\\/category\\\/asturias\\\/#listItem\",\"name\":\"Asturias\"}}]},{\"@type\":\"NewsArticle\",\"@id\":\"https:\\\/\\\/candas365.es\\\/noticias\\\/el-principado-activa-medidas-por-las-nevadas-en-asturias\\\/#newsarticle\",\"name\":\"El Principado activa medidas por las nevadas en Asturias | Cand\\u00e1s 365\",\"headline\":\"El Principado activa medidas por las nevadas en Asturias\",\"author\":{\"@id\":\"https:\\\/\\\/candas365.es\\\/noticias\\\/author\\\/admin\\\/#author\"},\"publisher\":{\"@id\":\"https:\\\/\\\/candas365.es\\\/noticias\\\/#organization\"},\"image\":{\"@type\":\"ImageObject\",\"url\":\"https:\\\/\\\/candas365.es\\\/noticias\\\/wp-content\\\/uploads\\\/2015\\\/02\\\/nieve1.jpg\",\"width\":700,\"height\":820},\"datePublished\":\"2018-02-02T19:41:03+01:00\",\"dateModified\":\"2018-02-02T19:41:03+01:00\",\"inLanguage\":\"es-ES\",\"mainEntityOfPage\":{\"@id\":\"https:\\\/\\\/candas365.es\\\/noticias\\\/el-principado-activa-medidas-por-las-nevadas-en-asturias\\\/#webpage\"},\"isPartOf\":{\"@id\":\"https:\\\/\\\/candas365.es\\\/noticias\\\/el-principado-activa-medidas-por-las-nevadas-en-asturias\\\/#webpage\"},\"articleSection\":\"Asturias, Destacadas\",\"dateline\":\"Publicado el febrero 2, 2018.\"},{\"@type\":\"Organization\",\"@id\":\"https:\\\/\\\/candas365.es\\\/noticias\\\/#organization\",\"name\":\"Cand\\u00e1s 365\",\"description\":\"Cand\\u00e1s 365 es un diario digital independiente, fundado en 2012, con base en Asturias. Informamos con rigor sobre actualidad, sociedad, cultura y ocio, con una mirada local y global.\",\"url\":\"https:\\\/\\\/candas365.es\\\/noticias\\\/\",\"email\":\"info@candas365.es\",\"telephone\":\"+34652131393\",\"foundingDate\":\"2012-06-10\",\"logo\":{\"@type\":\"ImageObject\",\"url\":\"https:\\\/\\\/candas365.es\\\/noticias\\\/wp-content\\\/uploads\\\/2024\\\/09\\\/Candas-365-Redes.jpg\",\"@id\":\"https:\\\/\\\/candas365.es\\\/noticias\\\/el-principado-activa-medidas-por-las-nevadas-en-asturias\\\/#organizationLogo\",\"width\":1152,\"height\":864,\"caption\":\"Cand\\u00e1s 365 Redes\"},\"image\":{\"@id\":\"https:\\\/\\\/candas365.es\\\/noticias\\\/el-principado-activa-medidas-por-las-nevadas-en-asturias\\\/#organizationLogo\"},\"sameAs\":[\"https:\\\/\\\/www.facebook.com\\\/Nachofdezber\",\"https:\\\/\\\/x.com\\\/NabercoDigital\",\"https:\\\/\\\/www.instagram.com\\\/nachofdezber\\\/\",\"https:\\\/\\\/www.youtube.com\\\/channel\\\/UCZP-2wLEB9Rv6erhFmqVnvg\"],\"address\":{\"@id\":\"https:\\\/\\\/candas365.es\\\/noticias\\\/#postaladdress\",\"@type\":\"PostalAddress\",\"streetAddress\":\"san antonio 4, san antonio 4\",\"postalCode\":\"33430\",\"addressLocality\":\"Cand\\u00e1s\",\"addressRegion\":\"Asturias\",\"addressCountry\":\"ES\"}},{\"@type\":\"Person\",\"@id\":\"https:\\\/\\\/candas365.es\\\/noticias\\\/author\\\/admin\\\/#author\",\"url\":\"https:\\\/\\\/candas365.es\\\/noticias\\\/author\\\/admin\\\/\",\"name\":\"Cand\\u00e1s 365\",\"image\":{\"@type\":\"ImageObject\",\"@id\":\"https:\\\/\\\/candas365.es\\\/noticias\\\/el-principado-activa-medidas-por-las-nevadas-en-asturias\\\/#authorImage\",\"url\":\"https:\\\/\\\/secure.gravatar.com\\\/avatar\\\/496a8e03d0c493ede1718b7934145dbdf8d89be1036b0eec9544e1094c9de390?s=96&d=mm&r=g\",\"width\":96,\"height\":96,\"caption\":\"Cand\\u00e1s 365\"},\"sameAs\":[\"https:\\\/\\\/www.facebook.com\\\/carrenoactualidad\",\"https:\\\/\\\/twitter.com\\\/nbasturias\",\"https:\\\/\\\/www.instagram.com\\\/nachofdezber\\\/\",\"https:\\\/\\\/www.youtube.com\\\/channel\\\/UCZP-2wLEB9Rv6erhFmqVnvg\"]},{\"@type\":\"WebPage\",\"@id\":\"https:\\\/\\\/candas365.es\\\/noticias\\\/el-principado-activa-medidas-por-las-nevadas-en-asturias\\\/#webpage\",\"url\":\"https:\\\/\\\/candas365.es\\\/noticias\\\/el-principado-activa-medidas-por-las-nevadas-en-asturias\\\/\",\"name\":\"El Principado activa medidas por las nevadas en Asturias | Cand\\u00e1s 365\",\"description\":\"La Consejer\\u00eda de Infraestructuras, Ordenaci\\u00f3n del Territorio y Medio Ambiente mantiene activo el Plan de Vialidad Invernal 2017-2018, un operativo integrado por 200 profesionales y cerca de 40 quitanieves que trabaja para garantizar una circulaci\\u00f3n m\\u00e1s segura en las carreteras de titularidad auton\\u00f3mica en esta situaci\\u00f3n de temporal, as\\u00ed como para prevenir riesgos ante la\",\"inLanguage\":\"es-ES\",\"isPartOf\":{\"@id\":\"https:\\\/\\\/candas365.es\\\/noticias\\\/#website\"},\"breadcrumb\":{\"@id\":\"https:\\\/\\\/candas365.es\\\/noticias\\\/el-principado-activa-medidas-por-las-nevadas-en-asturias\\\/#breadcrumblist\"},\"author\":{\"@id\":\"https:\\\/\\\/candas365.es\\\/noticias\\\/author\\\/admin\\\/#author\"},\"creator\":{\"@id\":\"https:\\\/\\\/candas365.es\\\/noticias\\\/author\\\/admin\\\/#author\"},\"image\":{\"@type\":\"ImageObject\",\"url\":\"https:\\\/\\\/candas365.es\\\/noticias\\\/wp-content\\\/uploads\\\/2015\\\/02\\\/nieve1.jpg\",\"@id\":\"https:\\\/\\\/candas365.es\\\/noticias\\\/el-principado-activa-medidas-por-las-nevadas-en-asturias\\\/#mainImage\",\"width\":700,\"height\":820},\"primaryImageOfPage\":{\"@id\":\"https:\\\/\\\/candas365.es\\\/noticias\\\/el-principado-activa-medidas-por-las-nevadas-en-asturias\\\/#mainImage\"},\"datePublished\":\"2018-02-02T19:41:03+01:00\",\"dateModified\":\"2018-02-02T19:41:03+01:00\"},{\"@type\":\"WebSite\",\"@id\":\"https:\\\/\\\/candas365.es\\\/noticias\\\/#website\",\"url\":\"https:\\\/\\\/candas365.es\\\/noticias\\\/\",\"name\":\"Cand\\u00e1s 365\",\"alternateName\":\"Cand\\u00e1s 365 Noticias\",\"description\":\"Actualidad desde Carre\\u00f1o para el mundo\",\"inLanguage\":\"es-ES\",\"publisher\":{\"@id\":\"https:\\\/\\\/candas365.es\\\/noticias\\\/#organization\"}}]}\n\t\t<\/script>\n\t\t<!-- All in One SEO Pro -->\r\n\t\t<title>El Principado activa medidas por las nevadas en Asturias | Cand\u00e1s 365<\/title>\n\n","aioseo_head_json":{"title":"El Principado activa medidas por las nevadas en Asturias | Cand\u00e1s 365","description":"La Consejer\u00eda de Infraestructuras, Ordenaci\u00f3n del Territorio y Medio Ambiente mantiene activo el Plan de Vialidad Invernal 2017-2018, un operativo integrado por 200 profesionales y cerca de 40 quitanieves que trabaja para garantizar una circulaci\u00f3n m\u00e1s segura en las carreteras de titularidad auton\u00f3mica en esta situaci\u00f3n de temporal, as\u00ed como para prevenir riesgos ante la","canonical_url":"https:\/\/candas365.es\/noticias\/el-principado-activa-medidas-por-las-nevadas-en-asturias\/","robots":"max-image-preview:large","keywords":"asturias,destacadas","webmasterTools":{"google-site-verification":"UA-32230408-1","msvalidate.01":"354F3CDFB2DA171B47FBE9ABF1F88D5","miscellaneous":""},"schema":{"@context":"https:\/\/schema.org","@graph":[{"@type":"BreadcrumbList","@id":"https:\/\/candas365.es\/noticias\/el-principado-activa-medidas-por-las-nevadas-en-asturias\/#breadcrumblist","itemListElement":[{"@type":"ListItem","@id":"https:\/\/candas365.es\/noticias#listItem","position":1,"name":"Home","item":"https:\/\/candas365.es\/noticias","nextItem":{"@type":"ListItem","@id":"https:\/\/candas365.es\/noticias\/category\/asturias\/#listItem","name":"Asturias"}},{"@type":"ListItem","@id":"https:\/\/candas365.es\/noticias\/category\/asturias\/#listItem","position":2,"name":"Asturias","item":"https:\/\/candas365.es\/noticias\/category\/asturias\/","nextItem":{"@type":"ListItem","@id":"https:\/\/candas365.es\/noticias\/el-principado-activa-medidas-por-las-nevadas-en-asturias\/#listItem","name":"El Principado activa medidas por las nevadas en Asturias"},"previousItem":{"@type":"ListItem","@id":"https:\/\/candas365.es\/noticias#listItem","name":"Home"}},{"@type":"ListItem","@id":"https:\/\/candas365.es\/noticias\/el-principado-activa-medidas-por-las-nevadas-en-asturias\/#listItem","position":3,"name":"El Principado activa medidas por las nevadas en Asturias","previousItem":{"@type":"ListItem","@id":"https:\/\/candas365.es\/noticias\/category\/asturias\/#listItem","name":"Asturias"}}]},{"@type":"NewsArticle","@id":"https:\/\/candas365.es\/noticias\/el-principado-activa-medidas-por-las-nevadas-en-asturias\/#newsarticle","name":"El Principado activa medidas por las nevadas en Asturias | Cand\u00e1s 365","headline":"El Principado activa medidas por las nevadas en Asturias","author":{"@id":"https:\/\/candas365.es\/noticias\/author\/admin\/#author"},"publisher":{"@id":"https:\/\/candas365.es\/noticias\/#organization"},"image":{"@type":"ImageObject","url":"https:\/\/candas365.es\/noticias\/wp-content\/uploads\/2015\/02\/nieve1.jpg","width":700,"height":820},"datePublished":"2018-02-02T19:41:03+01:00","dateModified":"2018-02-02T19:41:03+01:00","inLanguage":"es-ES","mainEntityOfPage":{"@id":"https:\/\/candas365.es\/noticias\/el-principado-activa-medidas-por-las-nevadas-en-asturias\/#webpage"},"isPartOf":{"@id":"https:\/\/candas365.es\/noticias\/el-principado-activa-medidas-por-las-nevadas-en-asturias\/#webpage"},"articleSection":"Asturias, Destacadas","dateline":"Publicado el febrero 2, 2018."},{"@type":"Organization","@id":"https:\/\/candas365.es\/noticias\/#organization","name":"Cand\u00e1s 365","description":"Cand\u00e1s 365 es un diario digital independiente, fundado en 2012, con base en Asturias. Informamos con rigor sobre actualidad, sociedad, cultura y ocio, con una mirada local y global.","url":"https:\/\/candas365.es\/noticias\/","email":"info@candas365.es","telephone":"+34652131393","foundingDate":"2012-06-10","logo":{"@type":"ImageObject","url":"https:\/\/candas365.es\/noticias\/wp-content\/uploads\/2024\/09\/Candas-365-Redes.jpg","@id":"https:\/\/candas365.es\/noticias\/el-principado-activa-medidas-por-las-nevadas-en-asturias\/#organizationLogo","width":1152,"height":864,"caption":"Cand\u00e1s 365 Redes"},"image":{"@id":"https:\/\/candas365.es\/noticias\/el-principado-activa-medidas-por-las-nevadas-en-asturias\/#organizationLogo"},"sameAs":["https:\/\/www.facebook.com\/Nachofdezber","https:\/\/x.com\/NabercoDigital","https:\/\/www.instagram.com\/nachofdezber\/","https:\/\/www.youtube.com\/channel\/UCZP-2wLEB9Rv6erhFmqVnvg"],"address":{"@id":"https:\/\/candas365.es\/noticias\/#postaladdress","@type":"PostalAddress","streetAddress":"san antonio 4, san antonio 4","postalCode":"33430","addressLocality":"Cand\u00e1s","addressRegion":"Asturias","addressCountry":"ES"}},{"@type":"Person","@id":"https:\/\/candas365.es\/noticias\/author\/admin\/#author","url":"https:\/\/candas365.es\/noticias\/author\/admin\/","name":"Cand\u00e1s 365","image":{"@type":"ImageObject","@id":"https:\/\/candas365.es\/noticias\/el-principado-activa-medidas-por-las-nevadas-en-asturias\/#authorImage","url":"https:\/\/secure.gravatar.com\/avatar\/496a8e03d0c493ede1718b7934145dbdf8d89be1036b0eec9544e1094c9de390?s=96&d=mm&r=g","width":96,"height":96,"caption":"Cand\u00e1s 365"},"sameAs":["https:\/\/www.facebook.com\/carrenoactualidad","https:\/\/twitter.com\/nbasturias","https:\/\/www.instagram.com\/nachofdezber\/","https:\/\/www.youtube.com\/channel\/UCZP-2wLEB9Rv6erhFmqVnvg"]},{"@type":"WebPage","@id":"https:\/\/candas365.es\/noticias\/el-principado-activa-medidas-por-las-nevadas-en-asturias\/#webpage","url":"https:\/\/candas365.es\/noticias\/el-principado-activa-medidas-por-las-nevadas-en-asturias\/","name":"El Principado activa medidas por las nevadas en Asturias | Cand\u00e1s 365","description":"La Consejer\u00eda de Infraestructuras, Ordenaci\u00f3n del Territorio y Medio Ambiente mantiene activo el Plan de Vialidad Invernal 2017-2018, un operativo integrado por 200 profesionales y cerca de 40 quitanieves que trabaja para garantizar una circulaci\u00f3n m\u00e1s segura en las carreteras de titularidad auton\u00f3mica en esta situaci\u00f3n de temporal, as\u00ed como para prevenir riesgos ante la","inLanguage":"es-ES","isPartOf":{"@id":"https:\/\/candas365.es\/noticias\/#website"},"breadcrumb":{"@id":"https:\/\/candas365.es\/noticias\/el-principado-activa-medidas-por-las-nevadas-en-asturias\/#breadcrumblist"},"author":{"@id":"https:\/\/candas365.es\/noticias\/author\/admin\/#author"},"creator":{"@id":"https:\/\/candas365.es\/noticias\/author\/admin\/#author"},"image":{"@type":"ImageObject","url":"https:\/\/candas365.es\/noticias\/wp-content\/uploads\/2015\/02\/nieve1.jpg","@id":"https:\/\/candas365.es\/noticias\/el-principado-activa-medidas-por-las-nevadas-en-asturias\/#mainImage","width":700,"height":820},"primaryImageOfPage":{"@id":"https:\/\/candas365.es\/noticias\/el-principado-activa-medidas-por-las-nevadas-en-asturias\/#mainImage"},"datePublished":"2018-02-02T19:41:03+01:00","dateModified":"2018-02-02T19:41:03+01:00"},{"@type":"WebSite","@id":"https:\/\/candas365.es\/noticias\/#website","url":"https:\/\/candas365.es\/noticias\/","name":"Cand\u00e1s 365","alternateName":"Cand\u00e1s 365 Noticias","description":"Actualidad desde Carre\u00f1o para el mundo","inLanguage":"es-ES","publisher":{"@id":"https:\/\/candas365.es\/noticias\/#organization"}}]},"og:locale":"es_ES","og:site_name":"Cand\u00e1s 365","og:type":"article","og:title":"El Principado activa medidas por las nevadas en Asturias | Cand\u00e1s 365","og:description":"La Consejer\u00eda de Infraestructuras, Ordenaci\u00f3n del Territorio y Medio Ambiente mantiene activo el Plan de Vialidad Invernal 2017-2018, un operativo integrado por 200 profesionales y cerca de 40 quitanieves que trabaja para garantizar una circulaci\u00f3n m\u00e1s segura en las carreteras de titularidad auton\u00f3mica en esta situaci\u00f3n de temporal, as\u00ed como para prevenir riesgos ante la","og:url":"https:\/\/candas365.es\/noticias\/el-principado-activa-medidas-por-las-nevadas-en-asturias\/","og:image":"https:\/\/candas365.es\/noticias\/wp-content\/uploads\/2015\/02\/nieve1.jpg","og:image:secure_url":"https:\/\/candas365.es\/noticias\/wp-content\/uploads\/2015\/02\/nieve1.jpg","og:image:width":700,"og:image:height":820,"article:published_time":"2018-02-02T19:41:03+00:00","article:modified_time":"2018-02-02T19:41:03+00:00","article:publisher":"https:\/\/www.facebook.com\/Nachofdezber","article:author":"https:\/\/www.facebook.com\/carrenoactualidad","twitter:card":"summary_large_image","twitter:site":"@NabercoDigital","twitter:title":"El Principado activa medidas por las nevadas en Asturias | Cand\u00e1s 365","twitter:description":"La Consejer\u00eda de Infraestructuras, Ordenaci\u00f3n del Territorio y Medio Ambiente mantiene activo el Plan de Vialidad Invernal 2017-2018, un operativo integrado por 200 profesionales y cerca de 40 quitanieves que trabaja para garantizar una circulaci\u00f3n m\u00e1s segura en las carreteras de titularidad auton\u00f3mica en esta situaci\u00f3n de temporal, as\u00ed como para prevenir riesgos ante la","twitter:creator":"@nbasturias","twitter:image":"https:\/\/candas365.es\/noticias\/wp-content\/uploads\/2015\/02\/nieve1.jpg","twitter:label1":"Escrito por","twitter:data1":"Cand\u00e1s 365","twitter:label2":"Tiempo de lectura estimado","twitter:data2":"2 minutos"},"aioseo_meta_data":{"post_id":"89103","title":null,"description":null,"keywords":null,"keyphrases":null,"primary_term":null,"canonical_url":null,"og_title":null,"og_description":null,"og_object_type":"default","og_image_type":"default","og_image_url":null,"og_image_width":null,"og_image_height":null,"og_image_custom_url":null,"og_image_custom_fields":null,"og_video":null,"og_custom_url":null,"og_article_section":null,"og_article_tags":null,"twitter_use_og":false,"twitter_card":"default","twitter_image_type":"default","twitter_image_url":null,"twitter_image_custom_url":null,"twitter_image_custom_fields":null,"twitter_title":null,"twitter_description":null,"schema":{"blockGraphs":[],"customGraphs":[],"default":{"data":{"Article":[],"Course":[],"Dataset":[],"FAQPage":[],"Movie":[],"Person":[],"Product":[],"ProductReview":[],"Car":[],"Recipe":[],"Service":[],"SoftwareApplication":[],"WebPage":[]},"graphName":"","isEnabled":true},"graphs":[],"defaultGraph":"","defaultPostTypeGraph":""},"schema_type":null,"schema_type_options":null,"pillar_content":false,"robots_default":true,"robots_noindex":false,"robots_noarchive":false,"robots_nosnippet":false,"robots_nofollow":false,"robots_noimageindex":false,"robots_noodp":false,"robots_notranslate":false,"robots_max_snippet":null,"robots_max_videopreview":null,"robots_max_imagepreview":"large","priority":null,"frequency":null,"location":null,"local_seo":null,"seo_analyzer_scan_date":"2025-08-26 11:39:11","breadcrumb_settings":null,"limit_modified_date":false,"reviewed_by":null,"open_ai":null,"ai":null,"created":"2020-12-21 12:00:57","updated":"2025-08-26 11:39:11"},"aioseo_breadcrumb":"<div class=\"aioseo-breadcrumbs\"><span class=\"aioseo-breadcrumb\">\n\t<a href=\"https:\/\/candas365.es\/noticias\" title=\"Home\">Home<\/a>\n<\/span><span class=\"aioseo-breadcrumb-separator\">&ndash;<\/span><span class=\"aioseo-breadcrumb\">\n\t<a href=\"https:\/\/candas365.es\/noticias\/category\/asturias\/\" title=\"Asturias\">Asturias<\/a>\n<\/span><span class=\"aioseo-breadcrumb-separator\">&ndash;<\/span><span class=\"aioseo-breadcrumb\">\n\tEl Principado activa medidas por las nevadas en Asturias\n<\/span><\/div>","aioseo_breadcrumb_json":[{"label":"Home","link":"https:\/\/candas365.es\/noticias"},{"label":"Asturias","link":"https:\/\/candas365.es\/noticias\/category\/asturias\/"},{"label":"El Principado activa medidas por las nevadas en Asturias","link":"https:\/\/candas365.es\/noticias\/el-principado-activa-medidas-por-las-nevadas-en-asturias\/"}],"_links":{"self":[{"href":"https:\/\/candas365.es\/noticias\/wp-json\/wp\/v2\/posts\/89103","targetHints":{"allow":["GET"]}}],"collection":[{"href":"https:\/\/candas365.es\/noticias\/wp-json\/wp\/v2\/posts"}],"about":[{"href":"https:\/\/candas365.es\/noticias\/wp-json\/wp\/v2\/types\/post"}],"author":[{"embeddable":true,"href":"https:\/\/candas365.es\/noticias\/wp-json\/wp\/v2\/users\/1"}],"replies":[{"embeddable":true,"href":"https:\/\/candas365.es\/noticias\/wp-json\/wp\/v2\/comments?post=89103"}],"version-history":[{"count":0,"href":"https:\/\/candas365.es\/noticias\/wp-json\/wp\/v2\/posts\/89103\/revisions"}],"wp:featuredmedia":[{"embeddable":true,"href":"https:\/\/candas365.es\/noticias\/wp-json\/wp\/v2\/media\/6669"}],"wp:attachment":[{"href":"https:\/\/candas365.es\/noticias\/wp-json\/wp\/v2\/media?parent=89103"}],"wp:term":[{"taxonomy":"category","embeddable":true,"href":"https:\/\/candas365.es\/noticias\/wp-json\/wp\/v2\/categories?post=89103"},{"taxonomy":"post_tag","embeddable":true,"href":"https:\/\/candas365.es\/noticias\/wp-json\/wp\/v2\/tags?post=89103"}],"curies":[{"name":"wp","href":"https:\/\/api.w.org\/{rel}","templated":true}]}}