{"id":89033,"date":"2018-02-01T08:24:12","date_gmt":"2018-02-01T08:24:12","guid":{"rendered":"http:\/\/candas365.es\/noticias\/?p=89033"},"modified":"2018-02-01T08:24:12","modified_gmt":"2018-02-01T08:24:12","slug":"exposicion-la-barrera-oceanica-en-el-museo-anton","status":"publish","type":"post","link":"https:\/\/candas365.es\/noticias\/exposicion-la-barrera-oceanica-en-el-museo-anton\/","title":{"rendered":"Exposici\u00f3n \u00abLa Barrera Oce\u00e1nica\u00bb, en el Museo Ant\u00f3n"},"content":{"rendered":"<p><img fetchpriority=\"high\" decoding=\"async\" class=\"alignleft size-medium wp-image-11794\" src=\"https:\/\/candas365.es\/noticias\/wp-content\/uploads\/2015\/06\/museo-322x300.jpg\" alt=\"\" width=\"322\" height=\"300\" srcset=\"https:\/\/candas365.es\/noticias\/wp-content\/uploads\/2015\/06\/museo-322x300.jpg 322w, https:\/\/candas365.es\/noticias\/wp-content\/uploads\/2015\/06\/museo-516x480.jpg 516w, https:\/\/candas365.es\/noticias\/wp-content\/uploads\/2015\/06\/museo-768x715.jpg 768w, https:\/\/candas365.es\/noticias\/wp-content\/uploads\/2015\/06\/museo-1536x1430.jpg 1536w, https:\/\/candas365.es\/noticias\/wp-content\/uploads\/2015\/06\/museo-150x140.jpg 150w, https:\/\/candas365.es\/noticias\/wp-content\/uploads\/2015\/06\/museo-450x419.jpg 450w, https:\/\/candas365.es\/noticias\/wp-content\/uploads\/2015\/06\/museo-1200x1117.jpg 1200w, https:\/\/candas365.es\/noticias\/wp-content\/uploads\/2015\/06\/museo-696x648.jpg 696w, https:\/\/candas365.es\/noticias\/wp-content\/uploads\/2015\/06\/museo-1068x994.jpg 1068w, https:\/\/candas365.es\/noticias\/wp-content\/uploads\/2015\/06\/museo-451x420.jpg 451w, https:\/\/candas365.es\/noticias\/wp-content\/uploads\/2015\/06\/museo.jpg 1904w\" sizes=\"(max-width: 322px) 100vw, 322px\" \/>La exposici\u00f3n \u00abLa Barrera Oce\u00e1nica\u00bb, de Jos\u00e9 Ferrero y Pablo Maojo, que se inaugura este viernes, d\u00eda 2, adjunto una imagen de la exposici\u00f3n:<\/p>\n<p>El pr\u00f3ximo viernes, 2 de febrero a las 19:00 h., tendr\u00e1 lugar en el Centro de Escultura de Cand\u00e1s, Museo Ant\u00f3n la inauguraci\u00f3n de la exposici\u00f3n \u201cLa Barrera Oce\u00e1nica\u201d.<\/p>\n<p>Esta exposici\u00f3n est\u00e1 constituida por medio centenar de fotograf\u00edas producidas por Jos\u00e9 Ferrero durante y despu\u00e9s de la instalaci\u00f3n de \u201cLa Barrera Oce\u00e1nica\u201d, una instalaci\u00f3n land art que Pablo Maojo desarroll\u00f3 en la Playa de Rodiles en el a\u00f1o 1988, por medio de cien traviesas de ferrocarril<\/p>\n<p>Con esta actuaci\u00f3n, Maojo pretend\u00eda sensibilizar a la poblaci\u00f3n sobre la p\u00e9rdida de arena sufrida en dicha playa a consecuencia del deterioro de un dique en la desembocadura de la r\u00eda.<\/p>\n<p>La exposici\u00f3n de esta serie fotogr\u00e1fica se complementa con esculturas realizadas posteriormente por el mismo Pablo Maojo empleando algunas de las traviesas de las que se sirvi\u00f3 en su momento para elaborar \u00abLa Barrera Oce\u00e1nica\u00bb<\/p>\n<p>La exposici\u00f3n, podr\u00e1 ser visitada en el Centro de Escultura de Cand\u00e1s, Museo Ant\u00f3n hasta el 11 de marzo. El horario de visitas es de martes viernes de 17:30 a 19:30h., s\u00e1bados, domingos y festivos de 12:00 a 14:00 h. y de 17:30 a 19:30 h. La entrada es gratuita.<\/p>\n","protected":false},"excerpt":{"rendered":"<p>La exposici\u00f3n \u00abLa Barrera Oce\u00e1nica\u00bb, de Jos\u00e9 Ferrero y Pablo Maojo, que se inaugura este viernes, d\u00eda 2, adjunto una imagen de la exposici\u00f3n: El pr\u00f3ximo viernes, 2 de febrero a las 19:00 h., tendr\u00e1 lugar en el Centro de Escultura de Cand\u00e1s, Museo Ant\u00f3n la inauguraci\u00f3n de la exposici\u00f3n \u201cLa Barrera Oce\u00e1nica\u201d. Esta exposici\u00f3n<\/p>\n","protected":false},"author":1,"featured_media":11794,"comment_status":"closed","ping_status":"closed","sticky":false,"template":"","format":"standard","meta":{"footnotes":""},"categories":[1,2],"tags":[],"class_list":{"0":"post-89033","1":"post","2":"type-post","3":"status-publish","4":"format-standard","5":"has-post-thumbnail","7":"category-agenda","8":"category-noticias-carreno"},"aioseo_notices":[],"aioseo_head":"\n\t\t<!-- All in One SEO Pro 4.9.6.2 - aioseo.com -->\n\t<meta name=\"description\" content=\"La exposici\u00f3n &quot;La Barrera Oce\u00e1nica&quot;, de Jos\u00e9 Ferrero y Pablo Maojo, que se inaugura este viernes, d\u00eda 2, adjunto una imagen de la exposici\u00f3n: El pr\u00f3ximo viernes, 2 de febrero a las 19:00 h., tendr\u00e1 lugar en el Centro de Escultura de Cand\u00e1s, Museo Ant\u00f3n la inauguraci\u00f3n de la exposici\u00f3n \u201cLa Barrera Oce\u00e1nica\u201d. Esta exposici\u00f3n\" \/>\n\t<meta name=\"robots\" content=\"max-image-preview:large\" \/>\n\t<meta name=\"author\" content=\"Cand\u00e1s 365\"\/>\n\t<meta name=\"google-site-verification\" content=\"UA-32230408-1\" \/>\n\t<meta name=\"msvalidate.01\" content=\"354F3CDFB2DA171B47FBE9ABF1F88D5\" \/>\n\t<meta name=\"keywords\" content=\"agenda,noticias carre\u00f1o\" \/>\n\t<link rel=\"canonical\" href=\"https:\/\/candas365.es\/noticias\/exposicion-la-barrera-oceanica-en-el-museo-anton\/\" \/>\n\t<meta name=\"generator\" content=\"All in One SEO Pro (AIOSEO) 4.9.6.2\" \/>\n\t\t<meta property=\"og:locale\" content=\"es_ES\" \/>\n\t\t<meta property=\"og:site_name\" content=\"Cand\u00e1s 365\" \/>\n\t\t<meta property=\"og:type\" content=\"article\" \/>\n\t\t<meta property=\"og:title\" content=\"Exposici\u00f3n \u00abLa Barrera Oce\u00e1nica\u00bb, en el Museo Ant\u00f3n | Cand\u00e1s 365\" \/>\n\t\t<meta property=\"og:description\" content=\"La exposici\u00f3n &quot;La Barrera Oce\u00e1nica&quot;, de Jos\u00e9 Ferrero y Pablo Maojo, que se inaugura este viernes, d\u00eda 2, adjunto una imagen de la exposici\u00f3n: El pr\u00f3ximo viernes, 2 de febrero a las 19:00 h., tendr\u00e1 lugar en el Centro de Escultura de Cand\u00e1s, Museo Ant\u00f3n la inauguraci\u00f3n de la exposici\u00f3n \u201cLa Barrera Oce\u00e1nica\u201d. Esta exposici\u00f3n\" \/>\n\t\t<meta property=\"og:url\" content=\"https:\/\/candas365.es\/noticias\/exposicion-la-barrera-oceanica-en-el-museo-anton\/\" \/>\n\t\t<meta property=\"og:image\" content=\"https:\/\/candas365.es\/noticias\/wp-content\/uploads\/2015\/06\/museo.jpg\" \/>\n\t\t<meta property=\"og:image:secure_url\" content=\"https:\/\/candas365.es\/noticias\/wp-content\/uploads\/2015\/06\/museo.jpg\" \/>\n\t\t<meta property=\"og:image:width\" content=\"1904\" \/>\n\t\t<meta property=\"og:image:height\" content=\"1772\" \/>\n\t\t<meta property=\"article:published_time\" content=\"2018-02-01T08:24:12+00:00\" \/>\n\t\t<meta property=\"article:modified_time\" content=\"2018-02-01T08:24:12+00:00\" \/>\n\t\t<meta property=\"article:publisher\" content=\"https:\/\/www.facebook.com\/Nachofdezber\" \/>\n\t\t<meta property=\"article:author\" content=\"https:\/\/www.facebook.com\/carrenoactualidad\" \/>\n\t\t<meta name=\"twitter:card\" content=\"summary_large_image\" \/>\n\t\t<meta name=\"twitter:site\" content=\"@NabercoDigital\" \/>\n\t\t<meta name=\"twitter:title\" content=\"Exposici\u00f3n \u00abLa Barrera Oce\u00e1nica\u00bb, en el Museo Ant\u00f3n | Cand\u00e1s 365\" \/>\n\t\t<meta name=\"twitter:description\" content=\"La exposici\u00f3n &quot;La Barrera Oce\u00e1nica&quot;, de Jos\u00e9 Ferrero y Pablo Maojo, que se inaugura este viernes, d\u00eda 2, adjunto una imagen de la exposici\u00f3n: El pr\u00f3ximo viernes, 2 de febrero a las 19:00 h., tendr\u00e1 lugar en el Centro de Escultura de Cand\u00e1s, Museo Ant\u00f3n la inauguraci\u00f3n de la exposici\u00f3n \u201cLa Barrera Oce\u00e1nica\u201d. Esta exposici\u00f3n\" \/>\n\t\t<meta name=\"twitter:creator\" content=\"@nbasturias\" \/>\n\t\t<meta name=\"twitter:image\" content=\"https:\/\/candas365.es\/noticias\/wp-content\/uploads\/2015\/06\/museo.jpg\" \/>\n\t\t<meta name=\"twitter:label1\" content=\"Escrito por\" \/>\n\t\t<meta name=\"twitter:data1\" content=\"Cand\u00e1s 365\" \/>\n\t\t<meta name=\"twitter:label2\" content=\"Tiempo de lectura estimado\" \/>\n\t\t<meta name=\"twitter:data2\" content=\"1 minuto\" \/>\n\t\t<script type=\"application\/ld+json\" class=\"aioseo-schema\">\n\t\t\t{\"@context\":\"https:\\\/\\\/schema.org\",\"@graph\":[{\"@type\":\"BreadcrumbList\",\"@id\":\"https:\\\/\\\/candas365.es\\\/noticias\\\/exposicion-la-barrera-oceanica-en-el-museo-anton\\\/#breadcrumblist\",\"itemListElement\":[{\"@type\":\"ListItem\",\"@id\":\"https:\\\/\\\/candas365.es\\\/noticias#listItem\",\"position\":1,\"name\":\"Home\",\"item\":\"https:\\\/\\\/candas365.es\\\/noticias\",\"nextItem\":{\"@type\":\"ListItem\",\"@id\":\"https:\\\/\\\/candas365.es\\\/noticias\\\/category\\\/agenda\\\/#listItem\",\"name\":\"Agenda\"}},{\"@type\":\"ListItem\",\"@id\":\"https:\\\/\\\/candas365.es\\\/noticias\\\/category\\\/agenda\\\/#listItem\",\"position\":2,\"name\":\"Agenda\",\"item\":\"https:\\\/\\\/candas365.es\\\/noticias\\\/category\\\/agenda\\\/\",\"nextItem\":{\"@type\":\"ListItem\",\"@id\":\"https:\\\/\\\/candas365.es\\\/noticias\\\/exposicion-la-barrera-oceanica-en-el-museo-anton\\\/#listItem\",\"name\":\"Exposici\\u00f3n \\u00abLa Barrera Oce\\u00e1nica\\u00bb, en el Museo Ant\\u00f3n\"},\"previousItem\":{\"@type\":\"ListItem\",\"@id\":\"https:\\\/\\\/candas365.es\\\/noticias#listItem\",\"name\":\"Home\"}},{\"@type\":\"ListItem\",\"@id\":\"https:\\\/\\\/candas365.es\\\/noticias\\\/exposicion-la-barrera-oceanica-en-el-museo-anton\\\/#listItem\",\"position\":3,\"name\":\"Exposici\\u00f3n \\u00abLa Barrera Oce\\u00e1nica\\u00bb, en el Museo Ant\\u00f3n\",\"previousItem\":{\"@type\":\"ListItem\",\"@id\":\"https:\\\/\\\/candas365.es\\\/noticias\\\/category\\\/agenda\\\/#listItem\",\"name\":\"Agenda\"}}]},{\"@type\":\"NewsArticle\",\"@id\":\"https:\\\/\\\/candas365.es\\\/noticias\\\/exposicion-la-barrera-oceanica-en-el-museo-anton\\\/#newsarticle\",\"name\":\"Exposici\\u00f3n \\u00abLa Barrera Oce\\u00e1nica\\u00bb, en el Museo Ant\\u00f3n | Cand\\u00e1s 365\",\"headline\":\"Exposici\\u00f3n \\u00abLa Barrera Oce\\u00e1nica\\u00bb, en el Museo Ant\\u00f3n\",\"author\":{\"@id\":\"https:\\\/\\\/candas365.es\\\/noticias\\\/author\\\/admin\\\/#author\"},\"publisher\":{\"@id\":\"https:\\\/\\\/candas365.es\\\/noticias\\\/#organization\"},\"image\":{\"@type\":\"ImageObject\",\"url\":\"https:\\\/\\\/candas365.es\\\/noticias\\\/wp-content\\\/uploads\\\/2015\\\/06\\\/museo.jpg\",\"width\":1904,\"height\":1772},\"datePublished\":\"2018-02-01T08:24:12+01:00\",\"dateModified\":\"2018-02-01T08:24:12+01:00\",\"inLanguage\":\"es-ES\",\"mainEntityOfPage\":{\"@id\":\"https:\\\/\\\/candas365.es\\\/noticias\\\/exposicion-la-barrera-oceanica-en-el-museo-anton\\\/#webpage\"},\"isPartOf\":{\"@id\":\"https:\\\/\\\/candas365.es\\\/noticias\\\/exposicion-la-barrera-oceanica-en-el-museo-anton\\\/#webpage\"},\"articleSection\":\"Agenda, Noticias Carre\\u00f1o\",\"dateline\":\"Publicado el febrero 1, 2018.\"},{\"@type\":\"Organization\",\"@id\":\"https:\\\/\\\/candas365.es\\\/noticias\\\/#organization\",\"name\":\"Cand\\u00e1s 365\",\"description\":\"Cand\\u00e1s 365 es un diario digital independiente, fundado en 2012, con base en Asturias. Informamos con rigor sobre actualidad, sociedad, cultura y ocio, con una mirada local y global.\",\"url\":\"https:\\\/\\\/candas365.es\\\/noticias\\\/\",\"email\":\"info@candas365.es\",\"telephone\":\"+34652131393\",\"foundingDate\":\"2012-06-10\",\"logo\":{\"@type\":\"ImageObject\",\"url\":\"https:\\\/\\\/candas365.es\\\/noticias\\\/wp-content\\\/uploads\\\/2024\\\/09\\\/Candas-365-Redes.jpg\",\"@id\":\"https:\\\/\\\/candas365.es\\\/noticias\\\/exposicion-la-barrera-oceanica-en-el-museo-anton\\\/#organizationLogo\",\"width\":1152,\"height\":864,\"caption\":\"Cand\\u00e1s 365 Redes\"},\"image\":{\"@id\":\"https:\\\/\\\/candas365.es\\\/noticias\\\/exposicion-la-barrera-oceanica-en-el-museo-anton\\\/#organizationLogo\"},\"sameAs\":[\"https:\\\/\\\/www.facebook.com\\\/Nachofdezber\",\"https:\\\/\\\/x.com\\\/NabercoDigital\",\"https:\\\/\\\/www.instagram.com\\\/nachofdezber\\\/\",\"https:\\\/\\\/www.youtube.com\\\/channel\\\/UCZP-2wLEB9Rv6erhFmqVnvg\"],\"address\":{\"@id\":\"https:\\\/\\\/candas365.es\\\/noticias\\\/#postaladdress\",\"@type\":\"PostalAddress\",\"streetAddress\":\"san antonio 4, san antonio 4\",\"postalCode\":\"33430\",\"addressLocality\":\"Cand\\u00e1s\",\"addressRegion\":\"Asturias\",\"addressCountry\":\"ES\"}},{\"@type\":\"Person\",\"@id\":\"https:\\\/\\\/candas365.es\\\/noticias\\\/author\\\/admin\\\/#author\",\"url\":\"https:\\\/\\\/candas365.es\\\/noticias\\\/author\\\/admin\\\/\",\"name\":\"Cand\\u00e1s 365\",\"image\":{\"@type\":\"ImageObject\",\"@id\":\"https:\\\/\\\/candas365.es\\\/noticias\\\/exposicion-la-barrera-oceanica-en-el-museo-anton\\\/#authorImage\",\"url\":\"https:\\\/\\\/secure.gravatar.com\\\/avatar\\\/496a8e03d0c493ede1718b7934145dbdf8d89be1036b0eec9544e1094c9de390?s=96&d=mm&r=g\",\"width\":96,\"height\":96,\"caption\":\"Cand\\u00e1s 365\"},\"sameAs\":[\"https:\\\/\\\/www.facebook.com\\\/carrenoactualidad\",\"https:\\\/\\\/twitter.com\\\/nbasturias\",\"https:\\\/\\\/www.instagram.com\\\/nachofdezber\\\/\",\"https:\\\/\\\/www.youtube.com\\\/channel\\\/UCZP-2wLEB9Rv6erhFmqVnvg\"]},{\"@type\":\"WebPage\",\"@id\":\"https:\\\/\\\/candas365.es\\\/noticias\\\/exposicion-la-barrera-oceanica-en-el-museo-anton\\\/#webpage\",\"url\":\"https:\\\/\\\/candas365.es\\\/noticias\\\/exposicion-la-barrera-oceanica-en-el-museo-anton\\\/\",\"name\":\"Exposici\\u00f3n \\u00abLa Barrera Oce\\u00e1nica\\u00bb, en el Museo Ant\\u00f3n | Cand\\u00e1s 365\",\"description\":\"La exposici\\u00f3n \\\"La Barrera Oce\\u00e1nica\\\", de Jos\\u00e9 Ferrero y Pablo Maojo, que se inaugura este viernes, d\\u00eda 2, adjunto una imagen de la exposici\\u00f3n: El pr\\u00f3ximo viernes, 2 de febrero a las 19:00 h., tendr\\u00e1 lugar en el Centro de Escultura de Cand\\u00e1s, Museo Ant\\u00f3n la inauguraci\\u00f3n de la exposici\\u00f3n \\u201cLa Barrera Oce\\u00e1nica\\u201d. Esta exposici\\u00f3n\",\"inLanguage\":\"es-ES\",\"isPartOf\":{\"@id\":\"https:\\\/\\\/candas365.es\\\/noticias\\\/#website\"},\"breadcrumb\":{\"@id\":\"https:\\\/\\\/candas365.es\\\/noticias\\\/exposicion-la-barrera-oceanica-en-el-museo-anton\\\/#breadcrumblist\"},\"author\":{\"@id\":\"https:\\\/\\\/candas365.es\\\/noticias\\\/author\\\/admin\\\/#author\"},\"creator\":{\"@id\":\"https:\\\/\\\/candas365.es\\\/noticias\\\/author\\\/admin\\\/#author\"},\"image\":{\"@type\":\"ImageObject\",\"url\":\"https:\\\/\\\/candas365.es\\\/noticias\\\/wp-content\\\/uploads\\\/2015\\\/06\\\/museo.jpg\",\"@id\":\"https:\\\/\\\/candas365.es\\\/noticias\\\/exposicion-la-barrera-oceanica-en-el-museo-anton\\\/#mainImage\",\"width\":1904,\"height\":1772},\"primaryImageOfPage\":{\"@id\":\"https:\\\/\\\/candas365.es\\\/noticias\\\/exposicion-la-barrera-oceanica-en-el-museo-anton\\\/#mainImage\"},\"datePublished\":\"2018-02-01T08:24:12+01:00\",\"dateModified\":\"2018-02-01T08:24:12+01:00\"},{\"@type\":\"WebSite\",\"@id\":\"https:\\\/\\\/candas365.es\\\/noticias\\\/#website\",\"url\":\"https:\\\/\\\/candas365.es\\\/noticias\\\/\",\"name\":\"Cand\\u00e1s 365\",\"alternateName\":\"Cand\\u00e1s 365 Noticias\",\"description\":\"Actualidad desde Carre\\u00f1o para el mundo\",\"inLanguage\":\"es-ES\",\"publisher\":{\"@id\":\"https:\\\/\\\/candas365.es\\\/noticias\\\/#organization\"}}]}\n\t\t<\/script>\n\t\t<!-- All in One SEO Pro -->\r\n\t\t<title>Exposici\u00f3n \u00abLa Barrera Oce\u00e1nica\u00bb, en el Museo Ant\u00f3n | Cand\u00e1s 365<\/title>\n\n","aioseo_head_json":{"title":"Exposici\u00f3n \u00abLa Barrera Oce\u00e1nica\u00bb, en el Museo Ant\u00f3n | Cand\u00e1s 365","description":"La exposici\u00f3n \"La Barrera Oce\u00e1nica\", de Jos\u00e9 Ferrero y Pablo Maojo, que se inaugura este viernes, d\u00eda 2, adjunto una imagen de la exposici\u00f3n: El pr\u00f3ximo viernes, 2 de febrero a las 19:00 h., tendr\u00e1 lugar en el Centro de Escultura de Cand\u00e1s, Museo Ant\u00f3n la inauguraci\u00f3n de la exposici\u00f3n \u201cLa Barrera Oce\u00e1nica\u201d. Esta exposici\u00f3n","canonical_url":"https:\/\/candas365.es\/noticias\/exposicion-la-barrera-oceanica-en-el-museo-anton\/","robots":"max-image-preview:large","keywords":"agenda,noticias carre\u00f1o","webmasterTools":{"google-site-verification":"UA-32230408-1","msvalidate.01":"354F3CDFB2DA171B47FBE9ABF1F88D5","miscellaneous":""},"schema":{"@context":"https:\/\/schema.org","@graph":[{"@type":"BreadcrumbList","@id":"https:\/\/candas365.es\/noticias\/exposicion-la-barrera-oceanica-en-el-museo-anton\/#breadcrumblist","itemListElement":[{"@type":"ListItem","@id":"https:\/\/candas365.es\/noticias#listItem","position":1,"name":"Home","item":"https:\/\/candas365.es\/noticias","nextItem":{"@type":"ListItem","@id":"https:\/\/candas365.es\/noticias\/category\/agenda\/#listItem","name":"Agenda"}},{"@type":"ListItem","@id":"https:\/\/candas365.es\/noticias\/category\/agenda\/#listItem","position":2,"name":"Agenda","item":"https:\/\/candas365.es\/noticias\/category\/agenda\/","nextItem":{"@type":"ListItem","@id":"https:\/\/candas365.es\/noticias\/exposicion-la-barrera-oceanica-en-el-museo-anton\/#listItem","name":"Exposici\u00f3n \u00abLa Barrera Oce\u00e1nica\u00bb, en el Museo Ant\u00f3n"},"previousItem":{"@type":"ListItem","@id":"https:\/\/candas365.es\/noticias#listItem","name":"Home"}},{"@type":"ListItem","@id":"https:\/\/candas365.es\/noticias\/exposicion-la-barrera-oceanica-en-el-museo-anton\/#listItem","position":3,"name":"Exposici\u00f3n \u00abLa Barrera Oce\u00e1nica\u00bb, en el Museo Ant\u00f3n","previousItem":{"@type":"ListItem","@id":"https:\/\/candas365.es\/noticias\/category\/agenda\/#listItem","name":"Agenda"}}]},{"@type":"NewsArticle","@id":"https:\/\/candas365.es\/noticias\/exposicion-la-barrera-oceanica-en-el-museo-anton\/#newsarticle","name":"Exposici\u00f3n \u00abLa Barrera Oce\u00e1nica\u00bb, en el Museo Ant\u00f3n | Cand\u00e1s 365","headline":"Exposici\u00f3n \u00abLa Barrera Oce\u00e1nica\u00bb, en el Museo Ant\u00f3n","author":{"@id":"https:\/\/candas365.es\/noticias\/author\/admin\/#author"},"publisher":{"@id":"https:\/\/candas365.es\/noticias\/#organization"},"image":{"@type":"ImageObject","url":"https:\/\/candas365.es\/noticias\/wp-content\/uploads\/2015\/06\/museo.jpg","width":1904,"height":1772},"datePublished":"2018-02-01T08:24:12+01:00","dateModified":"2018-02-01T08:24:12+01:00","inLanguage":"es-ES","mainEntityOfPage":{"@id":"https:\/\/candas365.es\/noticias\/exposicion-la-barrera-oceanica-en-el-museo-anton\/#webpage"},"isPartOf":{"@id":"https:\/\/candas365.es\/noticias\/exposicion-la-barrera-oceanica-en-el-museo-anton\/#webpage"},"articleSection":"Agenda, Noticias Carre\u00f1o","dateline":"Publicado el febrero 1, 2018."},{"@type":"Organization","@id":"https:\/\/candas365.es\/noticias\/#organization","name":"Cand\u00e1s 365","description":"Cand\u00e1s 365 es un diario digital independiente, fundado en 2012, con base en Asturias. Informamos con rigor sobre actualidad, sociedad, cultura y ocio, con una mirada local y global.","url":"https:\/\/candas365.es\/noticias\/","email":"info@candas365.es","telephone":"+34652131393","foundingDate":"2012-06-10","logo":{"@type":"ImageObject","url":"https:\/\/candas365.es\/noticias\/wp-content\/uploads\/2024\/09\/Candas-365-Redes.jpg","@id":"https:\/\/candas365.es\/noticias\/exposicion-la-barrera-oceanica-en-el-museo-anton\/#organizationLogo","width":1152,"height":864,"caption":"Cand\u00e1s 365 Redes"},"image":{"@id":"https:\/\/candas365.es\/noticias\/exposicion-la-barrera-oceanica-en-el-museo-anton\/#organizationLogo"},"sameAs":["https:\/\/www.facebook.com\/Nachofdezber","https:\/\/x.com\/NabercoDigital","https:\/\/www.instagram.com\/nachofdezber\/","https:\/\/www.youtube.com\/channel\/UCZP-2wLEB9Rv6erhFmqVnvg"],"address":{"@id":"https:\/\/candas365.es\/noticias\/#postaladdress","@type":"PostalAddress","streetAddress":"san antonio 4, san antonio 4","postalCode":"33430","addressLocality":"Cand\u00e1s","addressRegion":"Asturias","addressCountry":"ES"}},{"@type":"Person","@id":"https:\/\/candas365.es\/noticias\/author\/admin\/#author","url":"https:\/\/candas365.es\/noticias\/author\/admin\/","name":"Cand\u00e1s 365","image":{"@type":"ImageObject","@id":"https:\/\/candas365.es\/noticias\/exposicion-la-barrera-oceanica-en-el-museo-anton\/#authorImage","url":"https:\/\/secure.gravatar.com\/avatar\/496a8e03d0c493ede1718b7934145dbdf8d89be1036b0eec9544e1094c9de390?s=96&d=mm&r=g","width":96,"height":96,"caption":"Cand\u00e1s 365"},"sameAs":["https:\/\/www.facebook.com\/carrenoactualidad","https:\/\/twitter.com\/nbasturias","https:\/\/www.instagram.com\/nachofdezber\/","https:\/\/www.youtube.com\/channel\/UCZP-2wLEB9Rv6erhFmqVnvg"]},{"@type":"WebPage","@id":"https:\/\/candas365.es\/noticias\/exposicion-la-barrera-oceanica-en-el-museo-anton\/#webpage","url":"https:\/\/candas365.es\/noticias\/exposicion-la-barrera-oceanica-en-el-museo-anton\/","name":"Exposici\u00f3n \u00abLa Barrera Oce\u00e1nica\u00bb, en el Museo Ant\u00f3n | Cand\u00e1s 365","description":"La exposici\u00f3n \"La Barrera Oce\u00e1nica\", de Jos\u00e9 Ferrero y Pablo Maojo, que se inaugura este viernes, d\u00eda 2, adjunto una imagen de la exposici\u00f3n: El pr\u00f3ximo viernes, 2 de febrero a las 19:00 h., tendr\u00e1 lugar en el Centro de Escultura de Cand\u00e1s, Museo Ant\u00f3n la inauguraci\u00f3n de la exposici\u00f3n \u201cLa Barrera Oce\u00e1nica\u201d. Esta exposici\u00f3n","inLanguage":"es-ES","isPartOf":{"@id":"https:\/\/candas365.es\/noticias\/#website"},"breadcrumb":{"@id":"https:\/\/candas365.es\/noticias\/exposicion-la-barrera-oceanica-en-el-museo-anton\/#breadcrumblist"},"author":{"@id":"https:\/\/candas365.es\/noticias\/author\/admin\/#author"},"creator":{"@id":"https:\/\/candas365.es\/noticias\/author\/admin\/#author"},"image":{"@type":"ImageObject","url":"https:\/\/candas365.es\/noticias\/wp-content\/uploads\/2015\/06\/museo.jpg","@id":"https:\/\/candas365.es\/noticias\/exposicion-la-barrera-oceanica-en-el-museo-anton\/#mainImage","width":1904,"height":1772},"primaryImageOfPage":{"@id":"https:\/\/candas365.es\/noticias\/exposicion-la-barrera-oceanica-en-el-museo-anton\/#mainImage"},"datePublished":"2018-02-01T08:24:12+01:00","dateModified":"2018-02-01T08:24:12+01:00"},{"@type":"WebSite","@id":"https:\/\/candas365.es\/noticias\/#website","url":"https:\/\/candas365.es\/noticias\/","name":"Cand\u00e1s 365","alternateName":"Cand\u00e1s 365 Noticias","description":"Actualidad desde Carre\u00f1o para el mundo","inLanguage":"es-ES","publisher":{"@id":"https:\/\/candas365.es\/noticias\/#organization"}}]},"og:locale":"es_ES","og:site_name":"Cand\u00e1s 365","og:type":"article","og:title":"Exposici\u00f3n \u00abLa Barrera Oce\u00e1nica\u00bb, en el Museo Ant\u00f3n | Cand\u00e1s 365","og:description":"La exposici\u00f3n &quot;La Barrera Oce\u00e1nica&quot;, de Jos\u00e9 Ferrero y Pablo Maojo, que se inaugura este viernes, d\u00eda 2, adjunto una imagen de la exposici\u00f3n: El pr\u00f3ximo viernes, 2 de febrero a las 19:00 h., tendr\u00e1 lugar en el Centro de Escultura de Cand\u00e1s, Museo Ant\u00f3n la inauguraci\u00f3n de la exposici\u00f3n \u201cLa Barrera Oce\u00e1nica\u201d. Esta exposici\u00f3n","og:url":"https:\/\/candas365.es\/noticias\/exposicion-la-barrera-oceanica-en-el-museo-anton\/","og:image":"https:\/\/candas365.es\/noticias\/wp-content\/uploads\/2015\/06\/museo.jpg","og:image:secure_url":"https:\/\/candas365.es\/noticias\/wp-content\/uploads\/2015\/06\/museo.jpg","og:image:width":1904,"og:image:height":1772,"article:published_time":"2018-02-01T08:24:12+00:00","article:modified_time":"2018-02-01T08:24:12+00:00","article:publisher":"https:\/\/www.facebook.com\/Nachofdezber","article:author":"https:\/\/www.facebook.com\/carrenoactualidad","twitter:card":"summary_large_image","twitter:site":"@NabercoDigital","twitter:title":"Exposici\u00f3n \u00abLa Barrera Oce\u00e1nica\u00bb, en el Museo Ant\u00f3n | Cand\u00e1s 365","twitter:description":"La exposici\u00f3n &quot;La Barrera Oce\u00e1nica&quot;, de Jos\u00e9 Ferrero y Pablo Maojo, que se inaugura este viernes, d\u00eda 2, adjunto una imagen de la exposici\u00f3n: El pr\u00f3ximo viernes, 2 de febrero a las 19:00 h., tendr\u00e1 lugar en el Centro de Escultura de Cand\u00e1s, Museo Ant\u00f3n la inauguraci\u00f3n de la exposici\u00f3n \u201cLa Barrera Oce\u00e1nica\u201d. Esta exposici\u00f3n","twitter:creator":"@nbasturias","twitter:image":"https:\/\/candas365.es\/noticias\/wp-content\/uploads\/2015\/06\/museo.jpg","twitter:label1":"Escrito por","twitter:data1":"Cand\u00e1s 365","twitter:label2":"Tiempo de lectura estimado","twitter:data2":"1 minuto"},"aioseo_meta_data":{"post_id":"89033","title":null,"description":null,"keywords":null,"keyphrases":null,"primary_term":null,"canonical_url":null,"og_title":null,"og_description":null,"og_object_type":"default","og_image_type":"default","og_image_url":null,"og_image_width":null,"og_image_height":null,"og_image_custom_url":null,"og_image_custom_fields":null,"og_video":null,"og_custom_url":null,"og_article_section":null,"og_article_tags":null,"twitter_use_og":false,"twitter_card":"default","twitter_image_type":"default","twitter_image_url":null,"twitter_image_custom_url":null,"twitter_image_custom_fields":null,"twitter_title":null,"twitter_description":null,"schema":{"blockGraphs":[],"customGraphs":[],"default":{"data":{"Article":[],"Course":[],"Dataset":[],"FAQPage":[],"Movie":[],"Person":[],"Product":[],"ProductReview":[],"Car":[],"Recipe":[],"Service":[],"SoftwareApplication":[],"WebPage":[]},"graphName":"","isEnabled":true},"graphs":[]},"schema_type":null,"schema_type_options":null,"pillar_content":false,"robots_default":true,"robots_noindex":false,"robots_noarchive":false,"robots_nosnippet":false,"robots_nofollow":false,"robots_noimageindex":false,"robots_noodp":false,"robots_notranslate":false,"robots_max_snippet":null,"robots_max_videopreview":null,"robots_max_imagepreview":"large","priority":null,"frequency":null,"location":null,"local_seo":null,"seo_analyzer_scan_date":"2025-08-26 11:33:13","breadcrumb_settings":null,"limit_modified_date":false,"reviewed_by":null,"open_ai":null,"ai":null,"created":"2020-12-21 12:00:57","updated":"2025-08-26 11:33:13"},"aioseo_breadcrumb":"<div class=\"aioseo-breadcrumbs\"><span class=\"aioseo-breadcrumb\">\n\t<a href=\"https:\/\/candas365.es\/noticias\" title=\"Home\">Home<\/a>\n<\/span><span class=\"aioseo-breadcrumb-separator\">&ndash;<\/span><span class=\"aioseo-breadcrumb\">\n\t<a href=\"https:\/\/candas365.es\/noticias\/category\/agenda\/\" title=\"Agenda\">Agenda<\/a>\n<\/span><span class=\"aioseo-breadcrumb-separator\">&ndash;<\/span><span class=\"aioseo-breadcrumb\">\n\tExposici\u00f3n \u00abLa Barrera Oce\u00e1nica\u00bb, en el Museo Ant\u00f3n\n<\/span><\/div>","aioseo_breadcrumb_json":[{"label":"Home","link":"https:\/\/candas365.es\/noticias"},{"label":"Agenda","link":"https:\/\/candas365.es\/noticias\/category\/agenda\/"},{"label":"Exposici\u00f3n \u00abLa Barrera Oce\u00e1nica\u00bb, en el Museo Ant\u00f3n","link":"https:\/\/candas365.es\/noticias\/exposicion-la-barrera-oceanica-en-el-museo-anton\/"}],"_links":{"self":[{"href":"https:\/\/candas365.es\/noticias\/wp-json\/wp\/v2\/posts\/89033","targetHints":{"allow":["GET"]}}],"collection":[{"href":"https:\/\/candas365.es\/noticias\/wp-json\/wp\/v2\/posts"}],"about":[{"href":"https:\/\/candas365.es\/noticias\/wp-json\/wp\/v2\/types\/post"}],"author":[{"embeddable":true,"href":"https:\/\/candas365.es\/noticias\/wp-json\/wp\/v2\/users\/1"}],"replies":[{"embeddable":true,"href":"https:\/\/candas365.es\/noticias\/wp-json\/wp\/v2\/comments?post=89033"}],"version-history":[{"count":0,"href":"https:\/\/candas365.es\/noticias\/wp-json\/wp\/v2\/posts\/89033\/revisions"}],"wp:featuredmedia":[{"embeddable":true,"href":"https:\/\/candas365.es\/noticias\/wp-json\/wp\/v2\/media\/11794"}],"wp:attachment":[{"href":"https:\/\/candas365.es\/noticias\/wp-json\/wp\/v2\/media?parent=89033"}],"wp:term":[{"taxonomy":"category","embeddable":true,"href":"https:\/\/candas365.es\/noticias\/wp-json\/wp\/v2\/categories?post=89033"},{"taxonomy":"post_tag","embeddable":true,"href":"https:\/\/candas365.es\/noticias\/wp-json\/wp\/v2\/tags?post=89033"}],"curies":[{"name":"wp","href":"https:\/\/api.w.org\/{rel}","templated":true}]}}