{"id":88737,"date":"2018-01-25T07:52:45","date_gmt":"2018-01-25T07:52:45","guid":{"rendered":"http:\/\/candas365.es\/noticias\/?p=88737"},"modified":"2018-01-25T07:52:45","modified_gmt":"2018-01-25T07:52:45","slug":"jupiters-moon-abre-el-viernes-la-cartelera-de-laboral-cinemateca","status":"publish","type":"post","link":"https:\/\/candas365.es\/noticias\/jupiters-moon-abre-el-viernes-la-cartelera-de-laboral-cinemateca\/","title":{"rendered":"Jupiter\u00b4s Moon, abre el viernes la cartelera de Laboral Cinemateca"},"content":{"rendered":"<p><img fetchpriority=\"high\" decoding=\"async\" class=\"alignleft size-medium wp-image-80268\" src=\"https:\/\/candas365.es\/noticias\/wp-content\/uploads\/2017\/09\/Laboral-360x239.jpg\" alt=\"\" width=\"360\" height=\"239\" srcset=\"https:\/\/candas365.es\/noticias\/wp-content\/uploads\/2017\/09\/Laboral-360x239.jpg 360w, https:\/\/candas365.es\/noticias\/wp-content\/uploads\/2017\/09\/Laboral-768x511.jpg 768w, https:\/\/candas365.es\/noticias\/wp-content\/uploads\/2017\/09\/Laboral-655x435.jpg 655w, https:\/\/candas365.es\/noticias\/wp-content\/uploads\/2017\/09\/Laboral-696x463.jpg 696w, https:\/\/candas365.es\/noticias\/wp-content\/uploads\/2017\/09\/Laboral-1068x710.jpg 1068w, https:\/\/candas365.es\/noticias\/wp-content\/uploads\/2017\/09\/Laboral-632x420.jpg 632w, https:\/\/candas365.es\/noticias\/wp-content\/uploads\/2017\/09\/Laboral-84x55.jpg 84w, https:\/\/candas365.es\/noticias\/wp-content\/uploads\/2017\/09\/Laboral.jpg 1280w\" sizes=\"(max-width: 360px) 100vw, 360px\" \/>Laboral Cinemateca abre este viernes la cartelera de este trimestre con la proyecci\u00f3n de la pel\u00edcula h\u00fangara Jupiter\u00b4s moon de Korn\u00e9l Mundrucz\u00f3, una f\u00e1bula fant\u00e1stica sobre la crisis de los refugiados en Europa que se alz\u00f3 con el premio a Mejor Pel\u00edcula en el pasado Festival de Cine Fant\u00e1stico de Sitges, donde tambi\u00e9n consigui\u00f3 el galard\u00f3n a los mejores efectos visuales. Jupiter\u00b4s moon se proyectar\u00e1 en el Paraninfo de la Laboral el viernes 26 de enero y el domingo 4 de febrero. La \u00f3pera prima Tesnota (Demasiado cerca) de Kantemir Balagov, un tratado sobre la crudeza de los lazos familiares y la independencia de la mujer que le vali\u00f3 al joven director ruso el Premio FIPRESCI en el Festival de Cannes, llega este domingo a Laboral Cinemateca. Podr\u00e1 verse tambi\u00e9n el s\u00e1bado 3 de marzo.<\/p>\n<p>Ser\u00e1n protagonistas en Laboral Cinemateca cuatro directoras que est\u00e1n escribiendo de muy diferente manera algunas de las l\u00edneas m\u00e1s brillantes del cine contempor\u00e1neo: las argentinas Lucrecia Martel (Zama) y Anah\u00ed Berneri (Alanis); Teresa Villaverde, figura fundamental del cine portugu\u00e9s m\u00e1s reciente, de quien se ver\u00e1 su \u00faltimo trabajo, Colo, y la espa\u00f1ola Ana Asensio, que se ha abierto un hueco en el cine independiente americano con su sorprendente debut Most beautiful island.<\/p>\n<p>Coproducida por El Deseo (productora de los hermanos Almod\u00f3var y Esther Garc\u00eda), Zama nos trae a una imponente Lucrecia Martel adaptando la legendaria novela hom\u00f3nima de Antonio Di Benedetto, que deslumbr\u00f3 en Venecia y es firme candidata al premio Goya a la Mejor Pel\u00edcula Iberoamericana. Protagonizada por Daniel Gim\u00e9nez Cacho y Lola Due\u00f1as, es un intenso viaje a la Espa\u00f1a colonial del siglo XVII. Don Diego de Zama es enviado a la ciudad de Asunci\u00f3n en Paraguay para cubrir un puesto al servicio de la corona espa\u00f1ola. Dejando atr\u00e1s a su familia, Don Diego comienza una vida de paranoia y locura esperando un mejor destino. Cuando todo parece perdido, Zama decide sumarse a un grupo de soldados en busca y captura de un peligroso bandido. La pel\u00edcula de Martel se proyectar\u00e1 el viernes 2 y el domingo 11 de febrero.<\/p>\n<p>Anah\u00ed Berneri consigui\u00f3 con su sexto largometraje Alanis ser la pel\u00edcula m\u00e1s premiada en la pasada edici\u00f3n del Festival de San Sebasti\u00e1n (Concha de Plata a la Mejor Direcci\u00f3n, Mejor Actriz y Premio de la Cooperaci\u00f3n Espa\u00f1ola). Berneri pone sobre la mesa la doble moral institucional sobre la prostituci\u00f3n y el intento de ocultar el drama de la precariedad laboral. Alanis se proyectar\u00e1 en el Paraninfo de la Laboral el s\u00e1bado 10 de febrero y el domingo 25 de marzo.<\/p>\n<p>La ganadora del prestigioso festival indie South by Southwest fue por primera vez una espa\u00f1ola, Ana Asensio, quien escribe, dirige y protagoniza Most beautiful island. Tras participar en Sitges y optar estos d\u00edas al premio John Cassavetes de los Independent Spirit Awards, llega a Laboral Cinemateca, el viernes 2 y el s\u00e1bado 17 de marzo, este thriller psicol\u00f3gico que sigue los pasos de Luciana, una inmigrante que intenta ganarse la vida en Nueva York mientras huye de su pasado en Espa\u00f1a y que se ve envuelta en una intriga llena de morbo y misterio.<\/p>\n<p>Y si hablamos de cine portugu\u00e9s, uno de los referentes junto a Pedro Costa o Miguel Gomes es sin duda Teresa Villaverde. Colo (10 y 16 de marzo) particip\u00f3 en la Secci\u00f3n Oficial de la Berlinale, donde consigui\u00f3 el aplauso de cr\u00edtica y p\u00fablico con este austero, melanc\u00f3lico y reconocible retrato de una joven que, en tiempos de crisis, se debate entre la huida y el afecto y sost\u00e9n de la familia.<\/p>\n<p>El a\u00f1o 2011, Eighty Letters, las vicisitudes de una madre y su hijo adolescente intentando cruzar el tel\u00f3n de acero para reunirse con el cabeza de familia en Inglaterra, conmovi\u00f3 a los espectadores de los festivales de Berl\u00edn y Gij\u00f3n. Seis a\u00f1os despu\u00e9s, su director, el checo V\u00e1clav Kadrnka, consigui\u00f3 un enorme \u00e9xito internacional ganando con Little Crusader el Globo de Cristal, primer premio del m\u00e1s importante festival de Europa del Este, Karlovy Vary. Ambientada en el siglo XIII y con ecos del mejor Bresson, Little Crusader, que podr\u00e1 verse el viernes 9 y s\u00e1bado 17 de febrero, cuenta la emocionante historia de un padre en busca de su hijo de diez a\u00f1os, quien ha abandonado el hogar para unirse a la Cruzada de los ni\u00f1os.<\/p>\n<p>Adem\u00e1s, la cartelera de Laboral Cinemateca incluye otros dos t\u00edtulos de referencia de los \u00faltimos meses: La vida y nada m\u00e1s y Loveless (Sin amor).<\/p>\n<p>La vida y nada m\u00e1s de Antonio M\u00e9ndez Esparza recibi\u00f3 en San Sebasti\u00e1n el Premio Signis y el de la cr\u00edtica internacional (FIPRESCI) y esta misma semana ha sido distinguido con el Premio Especial Feroz, como reivindicaci\u00f3n de una pel\u00edcula que hubiera merecido mejor suerte en su carrera comercial. En La vida y nada m\u00e1s, que podr\u00e1 verse el s\u00e1bado 24 de febrero y el domingo 11 de marzo, Esparza retrata la fuerza y la valent\u00eda de una madre que lucha por salir adelante y su joven hijo, de raza afroamericana.<\/p>\n<p>Loveless (Sin amor) de Andrey Zvyagintsev acaba de ser nominada al Oscar a mejor pel\u00edcula extranjera, tras conseguir el Premio Especial de Jurado en Cannes y el premio a la m\u00fasica y a la fotograf\u00eda en los Premios del Cine Europeo. Como es habitual en el director de Leviathan, sin sentimentalismo alguno, aborda la cadena de acontecimientos tras la desaparici\u00f3n de un ni\u00f1o de 12 a\u00f1os, justo en el momento en que sus padres se est\u00e1n divorciando. Loveless se proyectar\u00e1 el domingo 25 de febrero y el viernes 9 de marzo.<\/p>\n<p><strong>Encuentro con Adri\u00e1n Silvestre<\/strong><\/p>\n<p>Los objetos amorosos, \u00f3pera prima de Adri\u00e1n Silvestre, ha participado ya en m\u00e1s de 30 festivales y ha logrado premios como el FIPRESCI en el Festival de Cine Europeo de Sevilla o el de mejor actriz en Queer Lisboa International. Su \u00faltimo galard\u00f3n ha sido el reciente Rizoma de Cine de distribuci\u00f3n.<\/p>\n<p>Rodada \u00edntegramente en Roma (que se erige como un personaje m\u00e1s de la pel\u00edcula), Los objetos amorosos presenta una historia de amor inesperado, en que surge entre Luz, madre e inmigrante colombiana, y Fran, arrebatadora e inclasificable superviviente. Tras la proyecci\u00f3n de la pel\u00edcula, el viernes 23 de marzo, Silvestre mantendr\u00e1 un encuentro con los asistentes.<\/p>\n<p><strong>Juve contra Fant\u00f4mas con Amiina en la Laboral<\/strong><\/p>\n<p>El jueves 15 de febrero, el Paraninfo de la Laboral acoger\u00e1 el concierto-proyecci\u00f3n en el que la formaci\u00f3n islandesa Amiina interpretar\u00e1 en directo la banda sonora compuesta expresamente para la pel\u00edcula Juve contra Fant\u00f4mas de Louis Feuillade. El resultado es una suntuosa mezcla de lo antiguo y lo nuevo, la sofisticaci\u00f3n y la inocencia, donde los sonidos instrumentales de Islandia acompa\u00f1an a la silueta enigm\u00e1tica encapuchada. El film pertenece a la serie Fant\u00f4mas, creada por Feuillade entre 1913 y 1914 a partir de la novela de Marcel Allain y Pierre Souvestre.<\/p>\n<p>La banda sonora de Fant\u00f4mas se estren\u00f3 en Par\u00eds en 2013 en el prestigioso Th\u00e9\u00e2tre du Ch\u00e2telet, donde Amiina, junto con los m\u00fasicos James Blackshaw, Tim Hecker, Loney Dear y Yann Tiersen, participaron en este evento especial de Halloween, comisariado por Tiersen y organizado para celebrar el centenario de Fant\u00f4mas. La serie, dividida en cinco partes, se emiti\u00f3 durante seis horas y cada m\u00fasico o banda interpret\u00f3 su banda sonora en vivo compuesta expresamente para la serie.<\/p>\n<p>Amiina surge a finales de los 90, cuando un grupo de alumnas de la Reykjavik College of Music deciden darle una vuelta de tuerca a su formaci\u00f3n musical cl\u00e1sica. Tras un par de a\u00f1os de experimentaci\u00f3n y b\u00fasqueda, encuentran su sonido y entran a formar parte de los tambi\u00e9n islandeses Sigur R\u00f3s, encarg\u00e1ndose de su secci\u00f3n de cuerda durante m\u00e1s de una d\u00e9cada. Amiina colabora adem\u00e1s con Spiritualized, Efterklang o Damien Rice. El uso inteligente e imaginativo de diferentes instrumentos y sus variadas e interminables texturas caracterizan el sonido de Amiina, que utilizan en sus actuaciones multitud de instrumentos como el viol\u00edn, violonchelo, bater\u00eda, percusi\u00f3n, metal\u00f3fono, arpa de mesa, ukelele o la electr\u00f3nica.<\/p>\n<p><strong>Programas especiales y cine de animaci\u00f3n<\/strong><\/p>\n<p>Laboral Cinemateca dedica este trimestre uno de sus Programas Especiales al director Jean-Pierre Melville, que se desarrolla con motivo del centenario del nacimiento del cineasta franc\u00e9s y en colaboraci\u00f3n con el Institut Fran\u00e7ais y la Fundaci\u00f3n Jean-Pierre Melville.<\/p>\n<p>El Paraninfo de la Laboral acoger\u00e1, entre enero y febrero, cuatro de las obras maestras dirigidas por Melville, una oportunidad \u00fanica para disfrutar de las pel\u00edculas restauradas de un cineasta excepcional, precursor de la nouvelle vague y considerado un claro exponente del cine polar (cine negro) franc\u00e9s. El programa lo conforman las pel\u00edculas El confidente (s\u00e1bado 27 de enero), Bob el jugador (s\u00e1bado 3 de febrero), El c\u00edrculo rojo (viernes 16 de febrero) y El ej\u00e9rcito de las sombras (viernes 23 de febrero).<\/p>\n<p>En cuanto al mundo del cortometraje, m\u00e1s de un centenar de premios en festivales nacionales e internacionales acumulan los dos programas de El mapa del corto espa\u00f1ol que podr\u00e1n verse el domingo 18 y el s\u00e1bado 24 de marzo en el Paraninfo de la Laboral. Jos\u00e9 Antonio Hurtado, programador de la Filmoteca de Valencia, ha buscado con esta selecci\u00f3n reflejar la variedad de temas, g\u00e9neros y pr\u00e1cticas f\u00edlmicas en nuestro pa\u00eds. Un exquisito y equilibrado programa que re\u00fane lo m\u00e1s granado en ficci\u00f3n, animaci\u00f3n y documental de la \u00faltima temporada.<\/p>\n<p>El p\u00fablico m\u00e1s joven podr\u00e1 disfrutar nuevamente este trimestre de una programaci\u00f3n Infantil y juvenil de calidad que incluye el largometraje noruego de animaci\u00f3n stop motion El bosque de Haquivaqui, una tierna f\u00e1bula infantil con grandes valores acerca de la convivencia que se podr\u00e1 ver el domingo 18 de febrero. Llena de simp\u00e1ticos gags, una animaci\u00f3n colorista y entra\u00f1ables personajes, el 4 de marzo llega a la pantalla de Laboral Cinemateca la pel\u00edcula francesa La panda de la selva, en la que Maurice, un ping\u00fcino criado como tigre, se propone mantener el orden en la selva, como antes hizo su madre, junto a sus amigos. El 25 de marzo vuelve Peque\u00f1os de cine con una selecci\u00f3n de obras de animaci\u00f3n originales, estimulantes y rebosantes de ideas y encanto, muchas de ellas con una exitosa trayectoria en festivales nacionales e internacionales.<\/p>\n<p>Las entradas para todas las pel\u00edculas est\u00e1n ya a la venta, a un precio general de 4\u20ac y reducido de 3\u20ac, en la Recepci\u00f3n de Laboral Ciudad de la Cultura en Gij\u00f3n, en la Recepci\u00f3n del Centro Niemeyer en Avil\u00e9s, en el Centro de Informaci\u00f3n Tur\u00edstica del Principado en Oviedo, en <span style=\"color: #ff0000;\"><strong>entradas.liberbank.es<\/strong><\/span>, en el tel\u00e9fono 902 106 601 y en la red de cajeros Liberbank. Las localidades para el concierto-proyecci\u00f3n de Fant\u00f4mas con Amiina pueden adquirirse a un precio general de 15\u20ac y reducido de 12\u20ac y la entrada para las sesiones de El mapa del corto espa\u00f1ol son gratuitas previa retirada de invitaci\u00f3n.<\/p>\n","protected":false},"excerpt":{"rendered":"<p>Laboral Cinemateca abre este viernes la cartelera de este trimestre con la proyecci\u00f3n de la pel\u00edcula h\u00fangara Jupiter\u00b4s moon de Korn\u00e9l Mundrucz\u00f3, una f\u00e1bula fant\u00e1stica sobre la crisis de los refugiados en Europa que se alz\u00f3 con el premio a Mejor Pel\u00edcula en el pasado Festival de Cine Fant\u00e1stico de Sitges, donde tambi\u00e9n consigui\u00f3 el<\/p>\n","protected":false},"author":1,"featured_media":80268,"comment_status":"closed","ping_status":"closed","sticky":false,"template":"","format":"standard","meta":{"footnotes":""},"categories":[1],"tags":[],"class_list":{"0":"post-88737","1":"post","2":"type-post","3":"status-publish","4":"format-standard","5":"has-post-thumbnail","7":"category-agenda"},"aioseo_notices":[],"aioseo_head":"\n\t\t<!-- All in One SEO Pro 4.9.6.2 - aioseo.com -->\n\t<meta name=\"description\" content=\"Laboral Cinemateca abre este viernes la cartelera de este trimestre con la proyecci\u00f3n de la pel\u00edcula h\u00fangara Jupiter\u00b4s moon de Korn\u00e9l Mundrucz\u00f3, una f\u00e1bula fant\u00e1stica sobre la crisis de los refugiados en Europa que se alz\u00f3 con el premio a Mejor Pel\u00edcula en el pasado Festival de Cine Fant\u00e1stico de Sitges, donde tambi\u00e9n consigui\u00f3 el\" \/>\n\t<meta name=\"robots\" content=\"max-image-preview:large\" \/>\n\t<meta name=\"author\" content=\"Cand\u00e1s 365\"\/>\n\t<meta name=\"google-site-verification\" content=\"UA-32230408-1\" \/>\n\t<meta name=\"msvalidate.01\" content=\"354F3CDFB2DA171B47FBE9ABF1F88D5\" \/>\n\t<meta name=\"keywords\" content=\"agenda\" \/>\n\t<link rel=\"canonical\" href=\"https:\/\/candas365.es\/noticias\/jupiters-moon-abre-el-viernes-la-cartelera-de-laboral-cinemateca\/\" \/>\n\t<meta name=\"generator\" content=\"All in One SEO Pro (AIOSEO) 4.9.6.2\" \/>\n\t\t<meta property=\"og:locale\" content=\"es_ES\" \/>\n\t\t<meta property=\"og:site_name\" content=\"Cand\u00e1s 365\" \/>\n\t\t<meta property=\"og:type\" content=\"article\" \/>\n\t\t<meta property=\"og:title\" content=\"Jupiter\u00b4s Moon, abre el viernes la cartelera de Laboral Cinemateca | Cand\u00e1s 365\" \/>\n\t\t<meta property=\"og:description\" content=\"Laboral Cinemateca abre este viernes la cartelera de este trimestre con la proyecci\u00f3n de la pel\u00edcula h\u00fangara Jupiter\u00b4s moon de Korn\u00e9l Mundrucz\u00f3, una f\u00e1bula fant\u00e1stica sobre la crisis de los refugiados en Europa que se alz\u00f3 con el premio a Mejor Pel\u00edcula en el pasado Festival de Cine Fant\u00e1stico de Sitges, donde tambi\u00e9n consigui\u00f3 el\" \/>\n\t\t<meta property=\"og:url\" content=\"https:\/\/candas365.es\/noticias\/jupiters-moon-abre-el-viernes-la-cartelera-de-laboral-cinemateca\/\" \/>\n\t\t<meta property=\"og:image\" content=\"https:\/\/candas365.es\/noticias\/wp-content\/uploads\/2017\/09\/Laboral.jpg\" \/>\n\t\t<meta property=\"og:image:secure_url\" content=\"https:\/\/candas365.es\/noticias\/wp-content\/uploads\/2017\/09\/Laboral.jpg\" \/>\n\t\t<meta property=\"og:image:width\" content=\"1280\" \/>\n\t\t<meta property=\"og:image:height\" content=\"851\" \/>\n\t\t<meta property=\"article:published_time\" content=\"2018-01-25T07:52:45+00:00\" \/>\n\t\t<meta property=\"article:modified_time\" content=\"2018-01-25T07:52:45+00:00\" \/>\n\t\t<meta property=\"article:publisher\" content=\"https:\/\/www.facebook.com\/Nachofdezber\" \/>\n\t\t<meta property=\"article:author\" content=\"https:\/\/www.facebook.com\/carrenoactualidad\" \/>\n\t\t<meta name=\"twitter:card\" content=\"summary_large_image\" \/>\n\t\t<meta name=\"twitter:site\" content=\"@NabercoDigital\" \/>\n\t\t<meta name=\"twitter:title\" content=\"Jupiter\u00b4s Moon, abre el viernes la cartelera de Laboral Cinemateca | Cand\u00e1s 365\" \/>\n\t\t<meta name=\"twitter:description\" content=\"Laboral Cinemateca abre este viernes la cartelera de este trimestre con la proyecci\u00f3n de la pel\u00edcula h\u00fangara Jupiter\u00b4s moon de Korn\u00e9l Mundrucz\u00f3, una f\u00e1bula fant\u00e1stica sobre la crisis de los refugiados en Europa que se alz\u00f3 con el premio a Mejor Pel\u00edcula en el pasado Festival de Cine Fant\u00e1stico de Sitges, donde tambi\u00e9n consigui\u00f3 el\" \/>\n\t\t<meta name=\"twitter:creator\" content=\"@nbasturias\" \/>\n\t\t<meta name=\"twitter:image\" content=\"https:\/\/candas365.es\/noticias\/wp-content\/uploads\/2017\/09\/Laboral.jpg\" \/>\n\t\t<meta name=\"twitter:label1\" content=\"Escrito por\" \/>\n\t\t<meta name=\"twitter:data1\" content=\"Cand\u00e1s 365\" \/>\n\t\t<meta name=\"twitter:label2\" content=\"Tiempo de lectura estimado\" \/>\n\t\t<meta name=\"twitter:data2\" content=\"10 minutos\" \/>\n\t\t<script type=\"application\/ld+json\" class=\"aioseo-schema\">\n\t\t\t{\"@context\":\"https:\\\/\\\/schema.org\",\"@graph\":[{\"@type\":\"BreadcrumbList\",\"@id\":\"https:\\\/\\\/candas365.es\\\/noticias\\\/jupiters-moon-abre-el-viernes-la-cartelera-de-laboral-cinemateca\\\/#breadcrumblist\",\"itemListElement\":[{\"@type\":\"ListItem\",\"@id\":\"https:\\\/\\\/candas365.es\\\/noticias#listItem\",\"position\":1,\"name\":\"Home\",\"item\":\"https:\\\/\\\/candas365.es\\\/noticias\",\"nextItem\":{\"@type\":\"ListItem\",\"@id\":\"https:\\\/\\\/candas365.es\\\/noticias\\\/category\\\/agenda\\\/#listItem\",\"name\":\"Agenda\"}},{\"@type\":\"ListItem\",\"@id\":\"https:\\\/\\\/candas365.es\\\/noticias\\\/category\\\/agenda\\\/#listItem\",\"position\":2,\"name\":\"Agenda\",\"item\":\"https:\\\/\\\/candas365.es\\\/noticias\\\/category\\\/agenda\\\/\",\"nextItem\":{\"@type\":\"ListItem\",\"@id\":\"https:\\\/\\\/candas365.es\\\/noticias\\\/jupiters-moon-abre-el-viernes-la-cartelera-de-laboral-cinemateca\\\/#listItem\",\"name\":\"Jupiter\\u00b4s Moon, abre el viernes la cartelera de Laboral Cinemateca\"},\"previousItem\":{\"@type\":\"ListItem\",\"@id\":\"https:\\\/\\\/candas365.es\\\/noticias#listItem\",\"name\":\"Home\"}},{\"@type\":\"ListItem\",\"@id\":\"https:\\\/\\\/candas365.es\\\/noticias\\\/jupiters-moon-abre-el-viernes-la-cartelera-de-laboral-cinemateca\\\/#listItem\",\"position\":3,\"name\":\"Jupiter\\u00b4s Moon, abre el viernes la cartelera de Laboral Cinemateca\",\"previousItem\":{\"@type\":\"ListItem\",\"@id\":\"https:\\\/\\\/candas365.es\\\/noticias\\\/category\\\/agenda\\\/#listItem\",\"name\":\"Agenda\"}}]},{\"@type\":\"NewsArticle\",\"@id\":\"https:\\\/\\\/candas365.es\\\/noticias\\\/jupiters-moon-abre-el-viernes-la-cartelera-de-laboral-cinemateca\\\/#newsarticle\",\"name\":\"Jupiter\\u00b4s Moon, abre el viernes la cartelera de Laboral Cinemateca | Cand\\u00e1s 365\",\"headline\":\"Jupiter\\u00b4s Moon, abre el viernes la cartelera de Laboral Cinemateca\",\"author\":{\"@id\":\"https:\\\/\\\/candas365.es\\\/noticias\\\/author\\\/admin\\\/#author\"},\"publisher\":{\"@id\":\"https:\\\/\\\/candas365.es\\\/noticias\\\/#organization\"},\"image\":{\"@type\":\"ImageObject\",\"url\":\"https:\\\/\\\/candas365.es\\\/noticias\\\/wp-content\\\/uploads\\\/2017\\\/09\\\/Laboral.jpg\",\"width\":1280,\"height\":851},\"datePublished\":\"2018-01-25T07:52:45+01:00\",\"dateModified\":\"2018-01-25T07:52:45+01:00\",\"inLanguage\":\"es-ES\",\"mainEntityOfPage\":{\"@id\":\"https:\\\/\\\/candas365.es\\\/noticias\\\/jupiters-moon-abre-el-viernes-la-cartelera-de-laboral-cinemateca\\\/#webpage\"},\"isPartOf\":{\"@id\":\"https:\\\/\\\/candas365.es\\\/noticias\\\/jupiters-moon-abre-el-viernes-la-cartelera-de-laboral-cinemateca\\\/#webpage\"},\"articleSection\":\"Agenda\",\"dateline\":\"Publicado el enero 25, 2018.\"},{\"@type\":\"Organization\",\"@id\":\"https:\\\/\\\/candas365.es\\\/noticias\\\/#organization\",\"name\":\"Cand\\u00e1s 365\",\"description\":\"Cand\\u00e1s 365 es un diario digital independiente, fundado en 2012, con base en Asturias. Informamos con rigor sobre actualidad, sociedad, cultura y ocio, con una mirada local y global.\",\"url\":\"https:\\\/\\\/candas365.es\\\/noticias\\\/\",\"email\":\"info@candas365.es\",\"telephone\":\"+34652131393\",\"foundingDate\":\"2012-06-10\",\"logo\":{\"@type\":\"ImageObject\",\"url\":\"https:\\\/\\\/candas365.es\\\/noticias\\\/wp-content\\\/uploads\\\/2024\\\/09\\\/Candas-365-Redes.jpg\",\"@id\":\"https:\\\/\\\/candas365.es\\\/noticias\\\/jupiters-moon-abre-el-viernes-la-cartelera-de-laboral-cinemateca\\\/#organizationLogo\",\"width\":1152,\"height\":864,\"caption\":\"Cand\\u00e1s 365 Redes\"},\"image\":{\"@id\":\"https:\\\/\\\/candas365.es\\\/noticias\\\/jupiters-moon-abre-el-viernes-la-cartelera-de-laboral-cinemateca\\\/#organizationLogo\"},\"sameAs\":[\"https:\\\/\\\/www.facebook.com\\\/Nachofdezber\",\"https:\\\/\\\/x.com\\\/NabercoDigital\",\"https:\\\/\\\/www.instagram.com\\\/nachofdezber\\\/\",\"https:\\\/\\\/www.youtube.com\\\/channel\\\/UCZP-2wLEB9Rv6erhFmqVnvg\"],\"address\":{\"@id\":\"https:\\\/\\\/candas365.es\\\/noticias\\\/#postaladdress\",\"@type\":\"PostalAddress\",\"streetAddress\":\"san antonio 4, san antonio 4\",\"postalCode\":\"33430\",\"addressLocality\":\"Cand\\u00e1s\",\"addressRegion\":\"Asturias\",\"addressCountry\":\"ES\"}},{\"@type\":\"Person\",\"@id\":\"https:\\\/\\\/candas365.es\\\/noticias\\\/author\\\/admin\\\/#author\",\"url\":\"https:\\\/\\\/candas365.es\\\/noticias\\\/author\\\/admin\\\/\",\"name\":\"Cand\\u00e1s 365\",\"image\":{\"@type\":\"ImageObject\",\"@id\":\"https:\\\/\\\/candas365.es\\\/noticias\\\/jupiters-moon-abre-el-viernes-la-cartelera-de-laboral-cinemateca\\\/#authorImage\",\"url\":\"https:\\\/\\\/secure.gravatar.com\\\/avatar\\\/496a8e03d0c493ede1718b7934145dbdf8d89be1036b0eec9544e1094c9de390?s=96&d=mm&r=g\",\"width\":96,\"height\":96,\"caption\":\"Cand\\u00e1s 365\"},\"sameAs\":[\"https:\\\/\\\/www.facebook.com\\\/carrenoactualidad\",\"https:\\\/\\\/twitter.com\\\/nbasturias\",\"https:\\\/\\\/www.instagram.com\\\/nachofdezber\\\/\",\"https:\\\/\\\/www.youtube.com\\\/channel\\\/UCZP-2wLEB9Rv6erhFmqVnvg\"]},{\"@type\":\"WebPage\",\"@id\":\"https:\\\/\\\/candas365.es\\\/noticias\\\/jupiters-moon-abre-el-viernes-la-cartelera-de-laboral-cinemateca\\\/#webpage\",\"url\":\"https:\\\/\\\/candas365.es\\\/noticias\\\/jupiters-moon-abre-el-viernes-la-cartelera-de-laboral-cinemateca\\\/\",\"name\":\"Jupiter\\u00b4s Moon, abre el viernes la cartelera de Laboral Cinemateca | Cand\\u00e1s 365\",\"description\":\"Laboral Cinemateca abre este viernes la cartelera de este trimestre con la proyecci\\u00f3n de la pel\\u00edcula h\\u00fangara Jupiter\\u00b4s moon de Korn\\u00e9l Mundrucz\\u00f3, una f\\u00e1bula fant\\u00e1stica sobre la crisis de los refugiados en Europa que se alz\\u00f3 con el premio a Mejor Pel\\u00edcula en el pasado Festival de Cine Fant\\u00e1stico de Sitges, donde tambi\\u00e9n consigui\\u00f3 el\",\"inLanguage\":\"es-ES\",\"isPartOf\":{\"@id\":\"https:\\\/\\\/candas365.es\\\/noticias\\\/#website\"},\"breadcrumb\":{\"@id\":\"https:\\\/\\\/candas365.es\\\/noticias\\\/jupiters-moon-abre-el-viernes-la-cartelera-de-laboral-cinemateca\\\/#breadcrumblist\"},\"author\":{\"@id\":\"https:\\\/\\\/candas365.es\\\/noticias\\\/author\\\/admin\\\/#author\"},\"creator\":{\"@id\":\"https:\\\/\\\/candas365.es\\\/noticias\\\/author\\\/admin\\\/#author\"},\"image\":{\"@type\":\"ImageObject\",\"url\":\"https:\\\/\\\/candas365.es\\\/noticias\\\/wp-content\\\/uploads\\\/2017\\\/09\\\/Laboral.jpg\",\"@id\":\"https:\\\/\\\/candas365.es\\\/noticias\\\/jupiters-moon-abre-el-viernes-la-cartelera-de-laboral-cinemateca\\\/#mainImage\",\"width\":1280,\"height\":851},\"primaryImageOfPage\":{\"@id\":\"https:\\\/\\\/candas365.es\\\/noticias\\\/jupiters-moon-abre-el-viernes-la-cartelera-de-laboral-cinemateca\\\/#mainImage\"},\"datePublished\":\"2018-01-25T07:52:45+01:00\",\"dateModified\":\"2018-01-25T07:52:45+01:00\"},{\"@type\":\"WebSite\",\"@id\":\"https:\\\/\\\/candas365.es\\\/noticias\\\/#website\",\"url\":\"https:\\\/\\\/candas365.es\\\/noticias\\\/\",\"name\":\"Cand\\u00e1s 365\",\"alternateName\":\"Cand\\u00e1s 365 Noticias\",\"description\":\"Actualidad desde Carre\\u00f1o para el mundo\",\"inLanguage\":\"es-ES\",\"publisher\":{\"@id\":\"https:\\\/\\\/candas365.es\\\/noticias\\\/#organization\"}}]}\n\t\t<\/script>\n\t\t<!-- All in One SEO Pro -->\r\n\t\t<title>Jupiter\u00b4s Moon, abre el viernes la cartelera de Laboral Cinemateca | Cand\u00e1s 365<\/title>\n\n","aioseo_head_json":{"title":"Jupiter\u00b4s Moon, abre el viernes la cartelera de Laboral Cinemateca | Cand\u00e1s 365","description":"Laboral Cinemateca abre este viernes la cartelera de este trimestre con la proyecci\u00f3n de la pel\u00edcula h\u00fangara Jupiter\u00b4s moon de Korn\u00e9l Mundrucz\u00f3, una f\u00e1bula fant\u00e1stica sobre la crisis de los refugiados en Europa que se alz\u00f3 con el premio a Mejor Pel\u00edcula en el pasado Festival de Cine Fant\u00e1stico de Sitges, donde tambi\u00e9n consigui\u00f3 el","canonical_url":"https:\/\/candas365.es\/noticias\/jupiters-moon-abre-el-viernes-la-cartelera-de-laboral-cinemateca\/","robots":"max-image-preview:large","keywords":"agenda","webmasterTools":{"google-site-verification":"UA-32230408-1","msvalidate.01":"354F3CDFB2DA171B47FBE9ABF1F88D5","miscellaneous":""},"schema":{"@context":"https:\/\/schema.org","@graph":[{"@type":"BreadcrumbList","@id":"https:\/\/candas365.es\/noticias\/jupiters-moon-abre-el-viernes-la-cartelera-de-laboral-cinemateca\/#breadcrumblist","itemListElement":[{"@type":"ListItem","@id":"https:\/\/candas365.es\/noticias#listItem","position":1,"name":"Home","item":"https:\/\/candas365.es\/noticias","nextItem":{"@type":"ListItem","@id":"https:\/\/candas365.es\/noticias\/category\/agenda\/#listItem","name":"Agenda"}},{"@type":"ListItem","@id":"https:\/\/candas365.es\/noticias\/category\/agenda\/#listItem","position":2,"name":"Agenda","item":"https:\/\/candas365.es\/noticias\/category\/agenda\/","nextItem":{"@type":"ListItem","@id":"https:\/\/candas365.es\/noticias\/jupiters-moon-abre-el-viernes-la-cartelera-de-laboral-cinemateca\/#listItem","name":"Jupiter\u00b4s Moon, abre el viernes la cartelera de Laboral Cinemateca"},"previousItem":{"@type":"ListItem","@id":"https:\/\/candas365.es\/noticias#listItem","name":"Home"}},{"@type":"ListItem","@id":"https:\/\/candas365.es\/noticias\/jupiters-moon-abre-el-viernes-la-cartelera-de-laboral-cinemateca\/#listItem","position":3,"name":"Jupiter\u00b4s Moon, abre el viernes la cartelera de Laboral Cinemateca","previousItem":{"@type":"ListItem","@id":"https:\/\/candas365.es\/noticias\/category\/agenda\/#listItem","name":"Agenda"}}]},{"@type":"NewsArticle","@id":"https:\/\/candas365.es\/noticias\/jupiters-moon-abre-el-viernes-la-cartelera-de-laboral-cinemateca\/#newsarticle","name":"Jupiter\u00b4s Moon, abre el viernes la cartelera de Laboral Cinemateca | Cand\u00e1s 365","headline":"Jupiter\u00b4s Moon, abre el viernes la cartelera de Laboral Cinemateca","author":{"@id":"https:\/\/candas365.es\/noticias\/author\/admin\/#author"},"publisher":{"@id":"https:\/\/candas365.es\/noticias\/#organization"},"image":{"@type":"ImageObject","url":"https:\/\/candas365.es\/noticias\/wp-content\/uploads\/2017\/09\/Laboral.jpg","width":1280,"height":851},"datePublished":"2018-01-25T07:52:45+01:00","dateModified":"2018-01-25T07:52:45+01:00","inLanguage":"es-ES","mainEntityOfPage":{"@id":"https:\/\/candas365.es\/noticias\/jupiters-moon-abre-el-viernes-la-cartelera-de-laboral-cinemateca\/#webpage"},"isPartOf":{"@id":"https:\/\/candas365.es\/noticias\/jupiters-moon-abre-el-viernes-la-cartelera-de-laboral-cinemateca\/#webpage"},"articleSection":"Agenda","dateline":"Publicado el enero 25, 2018."},{"@type":"Organization","@id":"https:\/\/candas365.es\/noticias\/#organization","name":"Cand\u00e1s 365","description":"Cand\u00e1s 365 es un diario digital independiente, fundado en 2012, con base en Asturias. Informamos con rigor sobre actualidad, sociedad, cultura y ocio, con una mirada local y global.","url":"https:\/\/candas365.es\/noticias\/","email":"info@candas365.es","telephone":"+34652131393","foundingDate":"2012-06-10","logo":{"@type":"ImageObject","url":"https:\/\/candas365.es\/noticias\/wp-content\/uploads\/2024\/09\/Candas-365-Redes.jpg","@id":"https:\/\/candas365.es\/noticias\/jupiters-moon-abre-el-viernes-la-cartelera-de-laboral-cinemateca\/#organizationLogo","width":1152,"height":864,"caption":"Cand\u00e1s 365 Redes"},"image":{"@id":"https:\/\/candas365.es\/noticias\/jupiters-moon-abre-el-viernes-la-cartelera-de-laboral-cinemateca\/#organizationLogo"},"sameAs":["https:\/\/www.facebook.com\/Nachofdezber","https:\/\/x.com\/NabercoDigital","https:\/\/www.instagram.com\/nachofdezber\/","https:\/\/www.youtube.com\/channel\/UCZP-2wLEB9Rv6erhFmqVnvg"],"address":{"@id":"https:\/\/candas365.es\/noticias\/#postaladdress","@type":"PostalAddress","streetAddress":"san antonio 4, san antonio 4","postalCode":"33430","addressLocality":"Cand\u00e1s","addressRegion":"Asturias","addressCountry":"ES"}},{"@type":"Person","@id":"https:\/\/candas365.es\/noticias\/author\/admin\/#author","url":"https:\/\/candas365.es\/noticias\/author\/admin\/","name":"Cand\u00e1s 365","image":{"@type":"ImageObject","@id":"https:\/\/candas365.es\/noticias\/jupiters-moon-abre-el-viernes-la-cartelera-de-laboral-cinemateca\/#authorImage","url":"https:\/\/secure.gravatar.com\/avatar\/496a8e03d0c493ede1718b7934145dbdf8d89be1036b0eec9544e1094c9de390?s=96&d=mm&r=g","width":96,"height":96,"caption":"Cand\u00e1s 365"},"sameAs":["https:\/\/www.facebook.com\/carrenoactualidad","https:\/\/twitter.com\/nbasturias","https:\/\/www.instagram.com\/nachofdezber\/","https:\/\/www.youtube.com\/channel\/UCZP-2wLEB9Rv6erhFmqVnvg"]},{"@type":"WebPage","@id":"https:\/\/candas365.es\/noticias\/jupiters-moon-abre-el-viernes-la-cartelera-de-laboral-cinemateca\/#webpage","url":"https:\/\/candas365.es\/noticias\/jupiters-moon-abre-el-viernes-la-cartelera-de-laboral-cinemateca\/","name":"Jupiter\u00b4s Moon, abre el viernes la cartelera de Laboral Cinemateca | Cand\u00e1s 365","description":"Laboral Cinemateca abre este viernes la cartelera de este trimestre con la proyecci\u00f3n de la pel\u00edcula h\u00fangara Jupiter\u00b4s moon de Korn\u00e9l Mundrucz\u00f3, una f\u00e1bula fant\u00e1stica sobre la crisis de los refugiados en Europa que se alz\u00f3 con el premio a Mejor Pel\u00edcula en el pasado Festival de Cine Fant\u00e1stico de Sitges, donde tambi\u00e9n consigui\u00f3 el","inLanguage":"es-ES","isPartOf":{"@id":"https:\/\/candas365.es\/noticias\/#website"},"breadcrumb":{"@id":"https:\/\/candas365.es\/noticias\/jupiters-moon-abre-el-viernes-la-cartelera-de-laboral-cinemateca\/#breadcrumblist"},"author":{"@id":"https:\/\/candas365.es\/noticias\/author\/admin\/#author"},"creator":{"@id":"https:\/\/candas365.es\/noticias\/author\/admin\/#author"},"image":{"@type":"ImageObject","url":"https:\/\/candas365.es\/noticias\/wp-content\/uploads\/2017\/09\/Laboral.jpg","@id":"https:\/\/candas365.es\/noticias\/jupiters-moon-abre-el-viernes-la-cartelera-de-laboral-cinemateca\/#mainImage","width":1280,"height":851},"primaryImageOfPage":{"@id":"https:\/\/candas365.es\/noticias\/jupiters-moon-abre-el-viernes-la-cartelera-de-laboral-cinemateca\/#mainImage"},"datePublished":"2018-01-25T07:52:45+01:00","dateModified":"2018-01-25T07:52:45+01:00"},{"@type":"WebSite","@id":"https:\/\/candas365.es\/noticias\/#website","url":"https:\/\/candas365.es\/noticias\/","name":"Cand\u00e1s 365","alternateName":"Cand\u00e1s 365 Noticias","description":"Actualidad desde Carre\u00f1o para el mundo","inLanguage":"es-ES","publisher":{"@id":"https:\/\/candas365.es\/noticias\/#organization"}}]},"og:locale":"es_ES","og:site_name":"Cand\u00e1s 365","og:type":"article","og:title":"Jupiter\u00b4s Moon, abre el viernes la cartelera de Laboral Cinemateca | Cand\u00e1s 365","og:description":"Laboral Cinemateca abre este viernes la cartelera de este trimestre con la proyecci\u00f3n de la pel\u00edcula h\u00fangara Jupiter\u00b4s moon de Korn\u00e9l Mundrucz\u00f3, una f\u00e1bula fant\u00e1stica sobre la crisis de los refugiados en Europa que se alz\u00f3 con el premio a Mejor Pel\u00edcula en el pasado Festival de Cine Fant\u00e1stico de Sitges, donde tambi\u00e9n consigui\u00f3 el","og:url":"https:\/\/candas365.es\/noticias\/jupiters-moon-abre-el-viernes-la-cartelera-de-laboral-cinemateca\/","og:image":"https:\/\/candas365.es\/noticias\/wp-content\/uploads\/2017\/09\/Laboral.jpg","og:image:secure_url":"https:\/\/candas365.es\/noticias\/wp-content\/uploads\/2017\/09\/Laboral.jpg","og:image:width":1280,"og:image:height":851,"article:published_time":"2018-01-25T07:52:45+00:00","article:modified_time":"2018-01-25T07:52:45+00:00","article:publisher":"https:\/\/www.facebook.com\/Nachofdezber","article:author":"https:\/\/www.facebook.com\/carrenoactualidad","twitter:card":"summary_large_image","twitter:site":"@NabercoDigital","twitter:title":"Jupiter\u00b4s Moon, abre el viernes la cartelera de Laboral Cinemateca | Cand\u00e1s 365","twitter:description":"Laboral Cinemateca abre este viernes la cartelera de este trimestre con la proyecci\u00f3n de la pel\u00edcula h\u00fangara Jupiter\u00b4s moon de Korn\u00e9l Mundrucz\u00f3, una f\u00e1bula fant\u00e1stica sobre la crisis de los refugiados en Europa que se alz\u00f3 con el premio a Mejor Pel\u00edcula en el pasado Festival de Cine Fant\u00e1stico de Sitges, donde tambi\u00e9n consigui\u00f3 el","twitter:creator":"@nbasturias","twitter:image":"https:\/\/candas365.es\/noticias\/wp-content\/uploads\/2017\/09\/Laboral.jpg","twitter:label1":"Escrito por","twitter:data1":"Cand\u00e1s 365","twitter:label2":"Tiempo de lectura estimado","twitter:data2":"10 minutos"},"aioseo_meta_data":{"post_id":"88737","title":null,"description":null,"keywords":null,"keyphrases":null,"primary_term":null,"canonical_url":null,"og_title":null,"og_description":null,"og_object_type":"default","og_image_type":"default","og_image_url":null,"og_image_width":null,"og_image_height":null,"og_image_custom_url":null,"og_image_custom_fields":null,"og_video":null,"og_custom_url":null,"og_article_section":null,"og_article_tags":null,"twitter_use_og":false,"twitter_card":"default","twitter_image_type":"default","twitter_image_url":null,"twitter_image_custom_url":null,"twitter_image_custom_fields":null,"twitter_title":null,"twitter_description":null,"schema":{"blockGraphs":[],"customGraphs":[],"default":{"data":{"Article":[],"Course":[],"Dataset":[],"FAQPage":[],"Movie":[],"Person":[],"Product":[],"ProductReview":[],"Car":[],"Recipe":[],"Service":[],"SoftwareApplication":[],"WebPage":[]},"graphName":"","isEnabled":true},"graphs":[]},"schema_type":null,"schema_type_options":null,"pillar_content":false,"robots_default":true,"robots_noindex":false,"robots_noarchive":false,"robots_nosnippet":false,"robots_nofollow":false,"robots_noimageindex":false,"robots_noodp":false,"robots_notranslate":false,"robots_max_snippet":null,"robots_max_videopreview":null,"robots_max_imagepreview":"large","priority":null,"frequency":null,"location":null,"local_seo":null,"seo_analyzer_scan_date":"2025-08-26 11:09:16","breadcrumb_settings":null,"limit_modified_date":false,"reviewed_by":null,"open_ai":null,"ai":null,"created":"2020-12-21 12:02:55","updated":"2025-08-26 11:09:16"},"aioseo_breadcrumb":"<div class=\"aioseo-breadcrumbs\"><span class=\"aioseo-breadcrumb\">\n\t<a href=\"https:\/\/candas365.es\/noticias\" title=\"Home\">Home<\/a>\n<\/span><span class=\"aioseo-breadcrumb-separator\">&ndash;<\/span><span class=\"aioseo-breadcrumb\">\n\t<a href=\"https:\/\/candas365.es\/noticias\/category\/agenda\/\" title=\"Agenda\">Agenda<\/a>\n<\/span><span class=\"aioseo-breadcrumb-separator\">&ndash;<\/span><span class=\"aioseo-breadcrumb\">\n\tJupiter\u00b4s Moon, abre el viernes la cartelera de Laboral Cinemateca\n<\/span><\/div>","aioseo_breadcrumb_json":[{"label":"Home","link":"https:\/\/candas365.es\/noticias"},{"label":"Agenda","link":"https:\/\/candas365.es\/noticias\/category\/agenda\/"},{"label":"Jupiter\u00b4s Moon, abre el viernes la cartelera de Laboral Cinemateca","link":"https:\/\/candas365.es\/noticias\/jupiters-moon-abre-el-viernes-la-cartelera-de-laboral-cinemateca\/"}],"_links":{"self":[{"href":"https:\/\/candas365.es\/noticias\/wp-json\/wp\/v2\/posts\/88737","targetHints":{"allow":["GET"]}}],"collection":[{"href":"https:\/\/candas365.es\/noticias\/wp-json\/wp\/v2\/posts"}],"about":[{"href":"https:\/\/candas365.es\/noticias\/wp-json\/wp\/v2\/types\/post"}],"author":[{"embeddable":true,"href":"https:\/\/candas365.es\/noticias\/wp-json\/wp\/v2\/users\/1"}],"replies":[{"embeddable":true,"href":"https:\/\/candas365.es\/noticias\/wp-json\/wp\/v2\/comments?post=88737"}],"version-history":[{"count":0,"href":"https:\/\/candas365.es\/noticias\/wp-json\/wp\/v2\/posts\/88737\/revisions"}],"wp:featuredmedia":[{"embeddable":true,"href":"https:\/\/candas365.es\/noticias\/wp-json\/wp\/v2\/media\/80268"}],"wp:attachment":[{"href":"https:\/\/candas365.es\/noticias\/wp-json\/wp\/v2\/media?parent=88737"}],"wp:term":[{"taxonomy":"category","embeddable":true,"href":"https:\/\/candas365.es\/noticias\/wp-json\/wp\/v2\/categories?post=88737"},{"taxonomy":"post_tag","embeddable":true,"href":"https:\/\/candas365.es\/noticias\/wp-json\/wp\/v2\/tags?post=88737"}],"curies":[{"name":"wp","href":"https:\/\/api.w.org\/{rel}","templated":true}]}}